{"id":11409,"date":"2025-02-21T07:00:00","date_gmt":"2025-02-21T07:00:00","guid":{"rendered":"https:\/\/maismagazine.pt\/?p=11409"},"modified":"2025-02-19T15:52:40","modified_gmt":"2025-02-19T15:52:40","slug":"tomar-tem-um-convento-que-e-da-humanidade-e-trabalha-para-que-os-tabuleiros-tambem-o-sejamos","status":"publish","type":"post","link":"https:\/\/maismagazine.pt\/index.php\/2025\/02\/21\/tomar-tem-um-convento-que-e-da-humanidade-e-trabalha-para-que-os-tabuleiros-tambem-o-sejamos\/","title":{"rendered":"Tomar tem um Convento que \u00e9 da Humanidade e trabalha para que os Tabuleiros tamb\u00e9m o sejamos"},"content":{"rendered":"\n<p><strong>O Convento de Cristo, com a sua associa\u00e7\u00e3o \u00e0 m\u00edstica templ\u00e1ria e \u00e0 gesta dos Descobrimentos, e a Festa dos Tabuleiros, na sua singularidade, s\u00e3o os dois \u00edcones de <a href=\"http:\/\/www.cm-tomar.pt\">Tomar<\/a> no mundo inteiro. O primeiro est\u00e1 classificado pela UNESCO como patrim\u00f3nio da Humanidade desde 1983. A segunda j\u00e1 faz parte do invent\u00e1rio do patrim\u00f3nio imaterial nacional, passo inaugural no processo de candidatura \u00e0 UNESCO em que o Munic\u00edpio est\u00e1 a trabalhar. <\/strong><\/p>\n\n\n\n<p><\/p>\n\n\n\n<p>Tomar insere-se na Rede do Patrim\u00f3nio Mundial da UNESCO com o conjunto patrimonial \u00fanico constitu\u00eddo pelo Convento de Cristo e pelo Castelo dos Templ\u00e1rios, a que se liga o vasto espa\u00e7o verde da Mata Nacional dos Sete Montes. A estes se junta um importante patrim\u00f3nio constru\u00eddo, classificado ou em vias de classifica\u00e7\u00e3o, em todo o territ\u00f3rio concelhio; um Centro Hist\u00f3rico referenciado, quer nacional quer internacionalmente, a que se tem somado a aposta clara numa pol\u00edtica p\u00fablica de incentivo \u00e0 regenera\u00e7\u00e3o urbana; e uma oferta cultural qualificada, com monumentos, museus, exposi\u00e7\u00f5es e cole\u00e7\u00f5es de refer\u00eancia, em alguns casos associados a personalidades da sociedade e da cultura com dimens\u00e3o nacional mas \u201cumbilicalmente\u201d ligadas ao concelho (entre outros, Fernando Lopes&#8211;Gra\u00e7a, Jos\u00e9 Augusto-Fran\u00e7a ou Maria de Lurdes Mello e Castro). Refira-se ainda a realiza\u00e7\u00e3o acontecimentos diversificados com forte componente cultural, desportiva, de lazer, religiosa e tamb\u00e9m de valoriza\u00e7\u00e3o da gastronomia, vinhos e outros produtos do concelho e da regi\u00e3o, muitos destes eventos com reconhecimento nacional e internacional, como a Festa dos Tabuleiros, a Festa Templ\u00e1ria, o Festival Bons Sons, o Congresso da Sopa ou o Bibliotecando em Tomar, organizados com um consider\u00e1vel empenho de um significativo conjunto de pessoas e coletividades. <\/p>\n\n\n\n<p><\/p>\n\n\n\n<p><strong>O nascimento templ\u00e1rio de Tomar <\/strong><\/p>\n\n\n\n<p>Tomar nasceu na sequ\u00eancia da doa\u00e7\u00e3o do Castelo de Ceras e seu termo aos Templ\u00e1rios, por D. Afonso Henriques em 1159. O territ\u00f3rio era atravessado a sul pelo rio ent\u00e3o chamado Tomar, com um f\u00e9rtil vale limitado a poente por uma cadeia de colinas de relevo acentuado. Foi numa dessas colinas, sobranceira ao rio, que D. Gualdim Pais fundou, em 1160, o castelo e vila de Tomar. <\/p>\n\n\n\n<p>O Castelo Templ\u00e1rio\/Convento de Cristo foi sede da Ordem do Templo at\u00e9 1314 e da Ordem de Cristo a partir de 1357. Este conjunto foi classificado pela UNESCO como Patrim\u00f3nio Mundial em 1983. A sua \u00e1rea \u00e9 de 54 mil m2, sendo 40 mil de \u00e1rea constru\u00edda coberta, o que equivale a uma cidade m\u00e9dia do per\u00edodo medieval. Objetivamente, \u00e9 a maior \u00e1rea monumental de Portugal e uma das maiores do mundo. S\u00e3o tr\u00eas os centros de interesse a considerar para perceber o s\u00edtio: o art\u00edstico, consagrado em cada metro linear ou quadrado que se percorra e de que o Portal Principal, a Charola, a Janela da Cap\u00edtulo e o Claustro de D. Jo\u00e3o III s\u00e3o picos de excel\u00eancia; o funcional, que decorre das fun\u00e7\u00f5es que teve alojando monges-guerreiros e frades em clausura, e a que n\u00e3o falta a mata para encontrar a Natureza; e o do duplo significado da consolida\u00e7\u00e3o de um Pa\u00eds, primeiro, e a sua expans\u00e3o pelo Mundo ao servi\u00e7o de Cristo, depois.  <\/p>\n\n\n<div class=\"wp-block-image\">\n<figure class=\"aligncenter size-full is-resized\"><img loading=\"lazy\" decoding=\"async\" width=\"336\" height=\"504\" src=\"https:\/\/maismagazine.pt\/wp-content\/uploads\/2025\/02\/Castelo.png\" alt=\"\" class=\"wp-image-11410\" style=\"width:205px;height:auto\" srcset=\"https:\/\/maismagazine.pt\/wp-content\/uploads\/2025\/02\/Castelo.png 336w, https:\/\/maismagazine.pt\/wp-content\/uploads\/2025\/02\/Castelo-200x300.png 200w\" sizes=\"auto, (max-width: 336px) 100vw, 336px\" \/><figcaption class=\"wp-element-caption\">Castelo de Tomar<\/figcaption><\/figure><\/div>\n\n\n<p><\/p>\n\n\n\n<p><\/p>\n\n\n\n<p><strong>Comp\u00eandio de Hist\u00f3ria da Arte e de Portugal<\/strong><\/p>\n\n\n\n<p>O Castelo disp\u00f5e de tr\u00eas recintos mura-lhados, sobressaindo os locais da Charola e da Torre de Menagem. A grande inova\u00e7\u00e3o surge com os portentosos \u201calambores\u201d que guarnecem e refor\u00e7am a defesa da muralha. Entre a alc\u00e1\u00e7ova e a charola, no espa\u00e7o onde foram, no S\u00e9c. XV, os Pa\u00e7os do Infante, h\u00e1 vest\u00edgios da ocupa\u00e7\u00e3o mu\u00e7ulmana. O in\u00edcio da constru\u00e7\u00e3o do Convento deve-se ao Infante D. Henrique, que aqui levantou o seu Pa\u00e7o e os claustros da Lavagem e do Cemit\u00e9rio. A estes se juntariam, no s\u00e9culo seguinte, outros sete. S\u00e3o rar\u00edssimos, em todo o Mundo, edif\u00edcios com tantos claustros, pelo que o Convento tamb\u00e9m neste caso, assume particular significado. A Arquitetura em Portugal est\u00e1 aqui impressionantemente documentada, asseverando que os edif\u00edcios evoluem com quem os habita: a igreja\/rotunda templ\u00e1ria do Castelo \u00e9 Rom\u00e2nica; o G\u00f3tico mostra-se nos claustros do tempo do Infante D. Henrique; no in\u00edcio do S\u00e9c. XVI, o Manuelino mostra a sua exuber\u00e2ncia na \u201cJanela do Cap\u00edtulo\u201d; a amplia\u00e7\u00e3o do Convento, de D. Jo\u00e3o III at\u00e9 ao S\u00e9c. XVIII, emoldura o Renascimento; o Maneirismo e o Barroco marcaram os claustros da Hospedaria e no Principal e em muitos ornamentos. D. Jo\u00e3o V, no S\u00e9c. XVIII, interveio no p\u00falpito, altar, coro e sacristia-mor. Com a aquisi\u00e7\u00e3o do complexo, em meados do S\u00e9c. XIX, pelo Conde de Tomar, Costa Cabral, \u00e9 criado em 1843, o primeiro posto de guarda do Convento, passando, desde ent\u00e3o, oficialmente, a existir uma fun\u00e7\u00e3o cultural p\u00fablica dependente do Minist\u00e9rio das Finan\u00e7as. S\u00f3 em 1986 esse servi\u00e7o passa para a al\u00e7ada dos respons\u00e1veis governamentais pela Cultura. <\/p>\n\n\n\n<p>A Festa dos Tabuleiros \u00e9 um dos pilares da tradi\u00e7\u00e3o e da alma tomarense. Nenhum outro acontecimento \u00e9 capaz de mobilizar toda a comunidade, quer esteja pr\u00f3xima ou em qualquer outro ponto do mundo. E, por isso, a Festa \u00e9 fundamental para congregar vontades e para fazer crescer nos tomarenses o sentimento de perten\u00e7a. E nada \u00e9 mais importante para um territ\u00f3rio do que esse sentimento de perten\u00e7a que leva os habitantes a terem orgulho na sua terra e a esfor\u00e7arem-se por darem dela a melhor das imagens, levando assim a que eles pr\u00f3prios sejam agentes do desenvolvimento. <\/p>\n\n\n\n<p>A Festa realiza-se na cidade de quatro em quatro anos, pelo in\u00edcio do m\u00eas de julho, mas come\u00e7a muito mais cedo: ano e meio antes com a decis\u00e3o do povo tomada nos Pa\u00e7os do Concelho a par da escolha do mordomo; depois com muitos meses de intenso labor organizativo e de cria\u00e7\u00e3o, em in\u00fameras casas pelo concelho fora, das flores de papel, dos tabuleiros, dos trajes; finalmente, na rua, a partir do domingo de P\u00e1scoa, com as sa\u00eddas das coroas.  <\/p>\n\n\n\n<p>\u00danica no mundo, a principal caracter\u00edstica da Festa s\u00e3o os tabuleiros, estruturas com o tamanho aproximado das suas portadoras, nas quais se destacam as flores de papel e os p\u00e3es verdadeiros, que representam as d\u00e1divas da natureza e a partilha com os mais necessitados, encimados pela coroa do Esp\u00edrito Santo. Com centenas de pares a desfilarem pelas ruas e o contraste entre o branco das vestes e o colorido dos tabuleiros, o cortejo, no dia 9, \u00e9 um espet\u00e1culo deslumbrante. <\/p>\n\n\n\n<p><\/p>\n\n\n<div class=\"wp-block-image\">\n<figure class=\"aligncenter size-full is-resized\"><img loading=\"lazy\" decoding=\"async\" width=\"886\" height=\"585\" src=\"https:\/\/maismagazine.pt\/wp-content\/uploads\/2025\/02\/tabuleiros_1.jpg\" alt=\"\" class=\"wp-image-11413\" style=\"width:479px;height:auto\" srcset=\"https:\/\/maismagazine.pt\/wp-content\/uploads\/2025\/02\/tabuleiros_1.jpg 886w, https:\/\/maismagazine.pt\/wp-content\/uploads\/2025\/02\/tabuleiros_1-300x198.jpg 300w, https:\/\/maismagazine.pt\/wp-content\/uploads\/2025\/02\/tabuleiros_1-768x507.jpg 768w, https:\/\/maismagazine.pt\/wp-content\/uploads\/2025\/02\/tabuleiros_1-150x100.jpg 150w\" sizes=\"auto, (max-width: 886px) 100vw, 886px\" \/><figcaption class=\"wp-element-caption\">Festa dos Tabuleiros \u00a9Nuno Garcia Lopes \/ Munic\u00edpio de Tomar<\/figcaption><\/figure><\/div>\n\n\n<p><\/p>\n\n\n\n<p>Desde 2023, a Festa dos Tabuleiros est\u00e1 oficialmente inscrita na lista do Patrim\u00f3nio Cultural Imaterial Nacional. Foi o primeiro passo para a ambi\u00e7\u00e3o maior, e que tem vindo a ser trabalhada pelo Munic\u00edpio de Tomar nos \u00faltimos anos, de a candidatar a Patrim\u00f3nio Imaterial da Humanidade, igualmente sob a \u00e9gide da UNESCO. O trabalho efetuado tem permitido a apresenta\u00e7\u00e3o p\u00fablica de livros, document\u00e1rios e exposi\u00e7\u00f5es, bem como a\u00e7\u00f5es concretas de salvaguarda, por exemplo, das artes populares ligadas \u00e0 Festa, como a cestaria e a latoaria, que est\u00e3o na base e no topo do tabuleiro.  <\/p>\n\n\n<div class=\"wp-block-image\">\n<figure class=\"aligncenter size-full is-resized\"><img loading=\"lazy\" decoding=\"async\" width=\"517\" height=\"272\" src=\"https:\/\/maismagazine.pt\/wp-content\/uploads\/2025\/02\/ncefCG.jpg\" alt=\"\" class=\"wp-image-11415\" style=\"width:437px;height:auto\" srcset=\"https:\/\/maismagazine.pt\/wp-content\/uploads\/2025\/02\/ncefCG.jpg 517w, https:\/\/maismagazine.pt\/wp-content\/uploads\/2025\/02\/ncefCG-300x158.jpg 300w\" sizes=\"auto, (max-width: 517px) 100vw, 517px\" \/><\/figure><\/div>","protected":false},"excerpt":{"rendered":"<p>O Convento de Cristo, com a sua associa\u00e7\u00e3o \u00e0 m\u00edstica templ\u00e1ria e \u00e0 gesta dos Descobrimentos, e a Festa dos Tabuleiros, na sua singularidade, s\u00e3o os dois \u00edcones de Tomar no mundo inteiro. O primeiro est\u00e1 classificado pela UNESCO como patrim\u00f3nio da Humanidade desde 1983. A segunda j\u00e1 faz parte&hellip;<\/p>\n","protected":false},"author":17,"featured_media":11417,"comment_status":"closed","ping_status":"open","sticky":false,"template":"","format":"standard","meta":{"advgb_blocks_editor_width":"","advgb_blocks_columns_visual_guide":"","_monsterinsights_skip_tracking":false,"_monsterinsights_sitenote_active":false,"_monsterinsights_sitenote_note":"","_monsterinsights_sitenote_category":0,"footnotes":""},"categories":[9],"tags":[1259],"class_list":["post-11409","post","type-post","status-publish","format-standard","has-post-thumbnail","hentry","category-cultura","tag-tomar"],"yoast_head":"<!-- This site is optimized with the Yoast SEO plugin v24.4 - https:\/\/yoast.com\/wordpress\/plugins\/seo\/ -->\n<title>Tomar tem um Convento que \u00e9 da Humanidade e trabalha para que os Tabuleiros tamb\u00e9m o sejamos - Mais Magazine<\/title>\n<meta name=\"description\" content=\"O Convento de Cristo, com a sua associa\u00e7\u00e3o \u00e0 m\u00edstica templ\u00e1ria e \u00e0 gesta dos Descobrimentos, e a Festa dos Tabuleiros, na sua singularidade, s\u00e3o os dois \u00edcones de Tomar no mundo inteiro. O primeiro est\u00e1 classificado pela UNESCO como patrim\u00f3nio da Humanidade desde 1983. A segunda j\u00e1 faz parte do invent\u00e1rio do patrim\u00f3nio imaterial nacional, passo inaugural no processo de candidatura \u00e0 UNESCO em que o Munic\u00edpio est\u00e1 a trabalhar.\" \/>\n<meta name=\"robots\" content=\"index, follow, max-snippet:-1, max-image-preview:large, max-video-preview:-1\" \/>\n<link rel=\"canonical\" href=\"https:\/\/maismagazine.pt\/index.php\/2025\/02\/21\/tomar-tem-um-convento-que-e-da-humanidade-e-trabalha-para-que-os-tabuleiros-tambem-o-sejamos\/\" \/>\n<meta property=\"og:locale\" content=\"pt_PT\" \/>\n<meta property=\"og:type\" content=\"article\" \/>\n<meta property=\"og:title\" content=\"Tomar tem um Convento que \u00e9 da Humanidade e trabalha para que os Tabuleiros tamb\u00e9m o sejamos - Mais Magazine\" \/>\n<meta property=\"og:description\" content=\"O Convento de Cristo, com a sua associa\u00e7\u00e3o \u00e0 m\u00edstica templ\u00e1ria e \u00e0 gesta dos Descobrimentos, e a Festa dos Tabuleiros, na sua singularidade, s\u00e3o os dois \u00edcones de Tomar no mundo inteiro. O primeiro est\u00e1 classificado pela UNESCO como patrim\u00f3nio da Humanidade desde 1983. A segunda j\u00e1 faz parte do invent\u00e1rio do patrim\u00f3nio imaterial nacional, passo inaugural no processo de candidatura \u00e0 UNESCO em que o Munic\u00edpio est\u00e1 a trabalhar.\" \/>\n<meta property=\"og:url\" content=\"https:\/\/maismagazine.pt\/index.php\/2025\/02\/21\/tomar-tem-um-convento-que-e-da-humanidade-e-trabalha-para-que-os-tabuleiros-tambem-o-sejamos\/\" \/>\n<meta property=\"og:site_name\" content=\"Mais Magazine\" \/>\n<meta property=\"article:published_time\" content=\"2025-02-21T07:00:00+00:00\" \/>\n<meta property=\"og:image\" content=\"https:\/\/maismagazine.pt\/wp-content\/uploads\/2025\/02\/Convento.jpg\" \/>\n\t<meta property=\"og:image:width\" content=\"932\" \/>\n\t<meta property=\"og:image:height\" content=\"621\" \/>\n\t<meta property=\"og:image:type\" content=\"image\/jpeg\" \/>\n<meta name=\"author\" content=\"Tiago Costa\" \/>\n<meta name=\"twitter:card\" content=\"summary_large_image\" \/>\n<meta name=\"twitter:label1\" content=\"Escrito por\" \/>\n\t<meta name=\"twitter:data1\" content=\"\" \/>\n\t<meta name=\"twitter:label2\" content=\"Tempo estimado de leitura\" \/>\n\t<meta name=\"twitter:data2\" content=\"8 minutos\" \/>\n<script type=\"application\/ld+json\" class=\"yoast-schema-graph\">{\"@context\":\"https:\/\/schema.org\",\"@graph\":[{\"@type\":\"Article\",\"@id\":\"https:\/\/maismagazine.pt\/index.php\/2025\/02\/21\/tomar-tem-um-convento-que-e-da-humanidade-e-trabalha-para-que-os-tabuleiros-tambem-o-sejamos\/#article\",\"isPartOf\":{\"@id\":\"https:\/\/maismagazine.pt\/index.php\/2025\/02\/21\/tomar-tem-um-convento-que-e-da-humanidade-e-trabalha-para-que-os-tabuleiros-tambem-o-sejamos\/\"},\"author\":{\"name\":\"Tiago Costa\",\"@id\":\"https:\/\/maismagazine.pt\/#\/schema\/person\/c6c5bfccc886434cbd11c74e035f9646\"},\"headline\":\"Tomar tem um Convento que \u00e9 da Humanidade e trabalha para que os Tabuleiros tamb\u00e9m o sejamos\",\"datePublished\":\"2025-02-21T07:00:00+00:00\",\"mainEntityOfPage\":{\"@id\":\"https:\/\/maismagazine.pt\/index.php\/2025\/02\/21\/tomar-tem-um-convento-que-e-da-humanidade-e-trabalha-para-que-os-tabuleiros-tambem-o-sejamos\/\"},\"wordCount\":1268,\"publisher\":{\"@id\":\"https:\/\/maismagazine.pt\/#organization\"},\"image\":{\"@id\":\"https:\/\/maismagazine.pt\/index.php\/2025\/02\/21\/tomar-tem-um-convento-que-e-da-humanidade-e-trabalha-para-que-os-tabuleiros-tambem-o-sejamos\/#primaryimage\"},\"thumbnailUrl\":\"https:\/\/maismagazine.pt\/wp-content\/uploads\/2025\/02\/Convento.jpg\",\"keywords\":[\"Tomar\"],\"articleSection\":[\"Cultura\"],\"inLanguage\":\"pt-PT\"},{\"@type\":\"WebPage\",\"@id\":\"https:\/\/maismagazine.pt\/index.php\/2025\/02\/21\/tomar-tem-um-convento-que-e-da-humanidade-e-trabalha-para-que-os-tabuleiros-tambem-o-sejamos\/\",\"url\":\"https:\/\/maismagazine.pt\/index.php\/2025\/02\/21\/tomar-tem-um-convento-que-e-da-humanidade-e-trabalha-para-que-os-tabuleiros-tambem-o-sejamos\/\",\"name\":\"Tomar tem um Convento que \u00e9 da Humanidade e trabalha para que os Tabuleiros tamb\u00e9m o sejamos - Mais Magazine\",\"isPartOf\":{\"@id\":\"https:\/\/maismagazine.pt\/#website\"},\"primaryImageOfPage\":{\"@id\":\"https:\/\/maismagazine.pt\/index.php\/2025\/02\/21\/tomar-tem-um-convento-que-e-da-humanidade-e-trabalha-para-que-os-tabuleiros-tambem-o-sejamos\/#primaryimage\"},\"image\":{\"@id\":\"https:\/\/maismagazine.pt\/index.php\/2025\/02\/21\/tomar-tem-um-convento-que-e-da-humanidade-e-trabalha-para-que-os-tabuleiros-tambem-o-sejamos\/#primaryimage\"},\"thumbnailUrl\":\"https:\/\/maismagazine.pt\/wp-content\/uploads\/2025\/02\/Convento.jpg\",\"datePublished\":\"2025-02-21T07:00:00+00:00\",\"description\":\"O Convento de Cristo, com a sua associa\u00e7\u00e3o \u00e0 m\u00edstica templ\u00e1ria e \u00e0 gesta dos Descobrimentos, e a Festa dos Tabuleiros, na sua singularidade, s\u00e3o os dois \u00edcones de Tomar no mundo inteiro. O primeiro est\u00e1 classificado pela UNESCO como patrim\u00f3nio da Humanidade desde 1983. A segunda j\u00e1 faz parte do invent\u00e1rio do patrim\u00f3nio imaterial nacional, passo inaugural no processo de candidatura \u00e0 UNESCO em que o Munic\u00edpio est\u00e1 a trabalhar.\",\"breadcrumb\":{\"@id\":\"https:\/\/maismagazine.pt\/index.php\/2025\/02\/21\/tomar-tem-um-convento-que-e-da-humanidade-e-trabalha-para-que-os-tabuleiros-tambem-o-sejamos\/#breadcrumb\"},\"inLanguage\":\"pt-PT\",\"potentialAction\":[{\"@type\":\"ReadAction\",\"target\":[\"https:\/\/maismagazine.pt\/index.php\/2025\/02\/21\/tomar-tem-um-convento-que-e-da-humanidade-e-trabalha-para-que-os-tabuleiros-tambem-o-sejamos\/\"]}]},{\"@type\":\"ImageObject\",\"inLanguage\":\"pt-PT\",\"@id\":\"https:\/\/maismagazine.pt\/index.php\/2025\/02\/21\/tomar-tem-um-convento-que-e-da-humanidade-e-trabalha-para-que-os-tabuleiros-tambem-o-sejamos\/#primaryimage\",\"url\":\"https:\/\/maismagazine.pt\/wp-content\/uploads\/2025\/02\/Convento.jpg\",\"contentUrl\":\"https:\/\/maismagazine.pt\/wp-content\/uploads\/2025\/02\/Convento.jpg\",\"width\":932,\"height\":621},{\"@type\":\"BreadcrumbList\",\"@id\":\"https:\/\/maismagazine.pt\/index.php\/2025\/02\/21\/tomar-tem-um-convento-que-e-da-humanidade-e-trabalha-para-que-os-tabuleiros-tambem-o-sejamos\/#breadcrumb\",\"itemListElement\":[{\"@type\":\"ListItem\",\"position\":1,\"name\":\"Home\",\"item\":\"https:\/\/maismagazine.pt\/\"},{\"@type\":\"ListItem\",\"position\":2,\"name\":\"Tomar tem um Convento que \u00e9 da Humanidade e trabalha para que os Tabuleiros tamb\u00e9m o sejamos\"}]},{\"@type\":\"WebSite\",\"@id\":\"https:\/\/maismagazine.pt\/#website\",\"url\":\"https:\/\/maismagazine.pt\/\",\"name\":\"Mais Magazine\",\"description\":\"\",\"publisher\":{\"@id\":\"https:\/\/maismagazine.pt\/#organization\"},\"potentialAction\":[{\"@type\":\"SearchAction\",\"target\":{\"@type\":\"EntryPoint\",\"urlTemplate\":\"https:\/\/maismagazine.pt\/?s={search_term_string}\"},\"query-input\":{\"@type\":\"PropertyValueSpecification\",\"valueRequired\":true,\"valueName\":\"search_term_string\"}}],\"inLanguage\":\"pt-PT\"},{\"@type\":\"Organization\",\"@id\":\"https:\/\/maismagazine.pt\/#organization\",\"name\":\"Mais Magazine\",\"url\":\"https:\/\/maismagazine.pt\/\",\"logo\":{\"@type\":\"ImageObject\",\"inLanguage\":\"pt-PT\",\"@id\":\"https:\/\/maismagazine.pt\/#\/schema\/logo\/image\/\",\"url\":\"https:\/\/maismagazine.pt\/wp-content\/uploads\/2020\/04\/cropped-cropped-mais-magazine-site-logo-2.png\",\"contentUrl\":\"https:\/\/maismagazine.pt\/wp-content\/uploads\/2020\/04\/cropped-cropped-mais-magazine-site-logo-2.png\",\"width\":581,\"height\":90,\"caption\":\"Mais Magazine\"},\"image\":{\"@id\":\"https:\/\/maismagazine.pt\/#\/schema\/logo\/image\/\"}},{\"@type\":\"Person\",\"@id\":\"https:\/\/maismagazine.pt\/#\/schema\/person\/c6c5bfccc886434cbd11c74e035f9646\",\"name\":\"Tiago Costa\",\"image\":{\"@type\":\"ImageObject\",\"inLanguage\":\"pt-PT\",\"@id\":\"https:\/\/maismagazine.pt\/#\/schema\/person\/image\/\",\"url\":\"https:\/\/secure.gravatar.com\/avatar\/c599b2bce16c9870429198cbad5ee022?s=96&d=mm&r=g\",\"contentUrl\":\"https:\/\/secure.gravatar.com\/avatar\/c599b2bce16c9870429198cbad5ee022?s=96&d=mm&r=g\",\"caption\":\"Tiago Costa\"},\"url\":\"https:\/\/maismagazine.pt\/index.php\/author\/tiago\/\"}]}<\/script>\n<!-- \/ Yoast SEO plugin. -->","yoast_head_json":{"title":"Tomar tem um Convento que \u00e9 da Humanidade e trabalha para que os Tabuleiros tamb\u00e9m o sejamos - Mais Magazine","description":"O Convento de Cristo, com a sua associa\u00e7\u00e3o \u00e0 m\u00edstica templ\u00e1ria e \u00e0 gesta dos Descobrimentos, e a Festa dos Tabuleiros, na sua singularidade, s\u00e3o os dois \u00edcones de Tomar no mundo inteiro. O primeiro est\u00e1 classificado pela UNESCO como patrim\u00f3nio da Humanidade desde 1983. A segunda j\u00e1 faz parte do invent\u00e1rio do patrim\u00f3nio imaterial nacional, passo inaugural no processo de candidatura \u00e0 UNESCO em que o Munic\u00edpio est\u00e1 a trabalhar.","robots":{"index":"index","follow":"follow","max-snippet":"max-snippet:-1","max-image-preview":"max-image-preview:large","max-video-preview":"max-video-preview:-1"},"canonical":"https:\/\/maismagazine.pt\/index.php\/2025\/02\/21\/tomar-tem-um-convento-que-e-da-humanidade-e-trabalha-para-que-os-tabuleiros-tambem-o-sejamos\/","og_locale":"pt_PT","og_type":"article","og_title":"Tomar tem um Convento que \u00e9 da Humanidade e trabalha para que os Tabuleiros tamb\u00e9m o sejamos - Mais Magazine","og_description":"O Convento de Cristo, com a sua associa\u00e7\u00e3o \u00e0 m\u00edstica templ\u00e1ria e \u00e0 gesta dos Descobrimentos, e a Festa dos Tabuleiros, na sua singularidade, s\u00e3o os dois \u00edcones de Tomar no mundo inteiro. O primeiro est\u00e1 classificado pela UNESCO como patrim\u00f3nio da Humanidade desde 1983. A segunda j\u00e1 faz parte do invent\u00e1rio do patrim\u00f3nio imaterial nacional, passo inaugural no processo de candidatura \u00e0 UNESCO em que o Munic\u00edpio est\u00e1 a trabalhar.","og_url":"https:\/\/maismagazine.pt\/index.php\/2025\/02\/21\/tomar-tem-um-convento-que-e-da-humanidade-e-trabalha-para-que-os-tabuleiros-tambem-o-sejamos\/","og_site_name":"Mais Magazine","article_published_time":"2025-02-21T07:00:00+00:00","og_image":[{"width":932,"height":621,"url":"https:\/\/maismagazine.pt\/wp-content\/uploads\/2025\/02\/Convento.jpg","type":"image\/jpeg"}],"author":"Tiago Costa","twitter_card":"summary_large_image","twitter_misc":{"Escrito por":false,"Tempo estimado de leitura":"8 minutos"},"schema":{"@context":"https:\/\/schema.org","@graph":[{"@type":"Article","@id":"https:\/\/maismagazine.pt\/index.php\/2025\/02\/21\/tomar-tem-um-convento-que-e-da-humanidade-e-trabalha-para-que-os-tabuleiros-tambem-o-sejamos\/#article","isPartOf":{"@id":"https:\/\/maismagazine.pt\/index.php\/2025\/02\/21\/tomar-tem-um-convento-que-e-da-humanidade-e-trabalha-para-que-os-tabuleiros-tambem-o-sejamos\/"},"author":{"name":"Tiago Costa","@id":"https:\/\/maismagazine.pt\/#\/schema\/person\/c6c5bfccc886434cbd11c74e035f9646"},"headline":"Tomar tem um Convento que \u00e9 da Humanidade e trabalha para que os Tabuleiros tamb\u00e9m o sejamos","datePublished":"2025-02-21T07:00:00+00:00","mainEntityOfPage":{"@id":"https:\/\/maismagazine.pt\/index.php\/2025\/02\/21\/tomar-tem-um-convento-que-e-da-humanidade-e-trabalha-para-que-os-tabuleiros-tambem-o-sejamos\/"},"wordCount":1268,"publisher":{"@id":"https:\/\/maismagazine.pt\/#organization"},"image":{"@id":"https:\/\/maismagazine.pt\/index.php\/2025\/02\/21\/tomar-tem-um-convento-que-e-da-humanidade-e-trabalha-para-que-os-tabuleiros-tambem-o-sejamos\/#primaryimage"},"thumbnailUrl":"https:\/\/maismagazine.pt\/wp-content\/uploads\/2025\/02\/Convento.jpg","keywords":["Tomar"],"articleSection":["Cultura"],"inLanguage":"pt-PT"},{"@type":"WebPage","@id":"https:\/\/maismagazine.pt\/index.php\/2025\/02\/21\/tomar-tem-um-convento-que-e-da-humanidade-e-trabalha-para-que-os-tabuleiros-tambem-o-sejamos\/","url":"https:\/\/maismagazine.pt\/index.php\/2025\/02\/21\/tomar-tem-um-convento-que-e-da-humanidade-e-trabalha-para-que-os-tabuleiros-tambem-o-sejamos\/","name":"Tomar tem um Convento que \u00e9 da Humanidade e trabalha para que os Tabuleiros tamb\u00e9m o sejamos - Mais Magazine","isPartOf":{"@id":"https:\/\/maismagazine.pt\/#website"},"primaryImageOfPage":{"@id":"https:\/\/maismagazine.pt\/index.php\/2025\/02\/21\/tomar-tem-um-convento-que-e-da-humanidade-e-trabalha-para-que-os-tabuleiros-tambem-o-sejamos\/#primaryimage"},"image":{"@id":"https:\/\/maismagazine.pt\/index.php\/2025\/02\/21\/tomar-tem-um-convento-que-e-da-humanidade-e-trabalha-para-que-os-tabuleiros-tambem-o-sejamos\/#primaryimage"},"thumbnailUrl":"https:\/\/maismagazine.pt\/wp-content\/uploads\/2025\/02\/Convento.jpg","datePublished":"2025-02-21T07:00:00+00:00","description":"O Convento de Cristo, com a sua associa\u00e7\u00e3o \u00e0 m\u00edstica templ\u00e1ria e \u00e0 gesta dos Descobrimentos, e a Festa dos Tabuleiros, na sua singularidade, s\u00e3o os dois \u00edcones de Tomar no mundo inteiro. O primeiro est\u00e1 classificado pela UNESCO como patrim\u00f3nio da Humanidade desde 1983. A segunda j\u00e1 faz parte do invent\u00e1rio do patrim\u00f3nio imaterial nacional, passo inaugural no processo de candidatura \u00e0 UNESCO em que o Munic\u00edpio est\u00e1 a trabalhar.","breadcrumb":{"@id":"https:\/\/maismagazine.pt\/index.php\/2025\/02\/21\/tomar-tem-um-convento-que-e-da-humanidade-e-trabalha-para-que-os-tabuleiros-tambem-o-sejamos\/#breadcrumb"},"inLanguage":"pt-PT","potentialAction":[{"@type":"ReadAction","target":["https:\/\/maismagazine.pt\/index.php\/2025\/02\/21\/tomar-tem-um-convento-que-e-da-humanidade-e-trabalha-para-que-os-tabuleiros-tambem-o-sejamos\/"]}]},{"@type":"ImageObject","inLanguage":"pt-PT","@id":"https:\/\/maismagazine.pt\/index.php\/2025\/02\/21\/tomar-tem-um-convento-que-e-da-humanidade-e-trabalha-para-que-os-tabuleiros-tambem-o-sejamos\/#primaryimage","url":"https:\/\/maismagazine.pt\/wp-content\/uploads\/2025\/02\/Convento.jpg","contentUrl":"https:\/\/maismagazine.pt\/wp-content\/uploads\/2025\/02\/Convento.jpg","width":932,"height":621},{"@type":"BreadcrumbList","@id":"https:\/\/maismagazine.pt\/index.php\/2025\/02\/21\/tomar-tem-um-convento-que-e-da-humanidade-e-trabalha-para-que-os-tabuleiros-tambem-o-sejamos\/#breadcrumb","itemListElement":[{"@type":"ListItem","position":1,"name":"Home","item":"https:\/\/maismagazine.pt\/"},{"@type":"ListItem","position":2,"name":"Tomar tem um Convento que \u00e9 da Humanidade e trabalha para que os Tabuleiros tamb\u00e9m o sejamos"}]},{"@type":"WebSite","@id":"https:\/\/maismagazine.pt\/#website","url":"https:\/\/maismagazine.pt\/","name":"Mais Magazine","description":"","publisher":{"@id":"https:\/\/maismagazine.pt\/#organization"},"potentialAction":[{"@type":"SearchAction","target":{"@type":"EntryPoint","urlTemplate":"https:\/\/maismagazine.pt\/?s={search_term_string}"},"query-input":{"@type":"PropertyValueSpecification","valueRequired":true,"valueName":"search_term_string"}}],"inLanguage":"pt-PT"},{"@type":"Organization","@id":"https:\/\/maismagazine.pt\/#organization","name":"Mais Magazine","url":"https:\/\/maismagazine.pt\/","logo":{"@type":"ImageObject","inLanguage":"pt-PT","@id":"https:\/\/maismagazine.pt\/#\/schema\/logo\/image\/","url":"https:\/\/maismagazine.pt\/wp-content\/uploads\/2020\/04\/cropped-cropped-mais-magazine-site-logo-2.png","contentUrl":"https:\/\/maismagazine.pt\/wp-content\/uploads\/2020\/04\/cropped-cropped-mais-magazine-site-logo-2.png","width":581,"height":90,"caption":"Mais Magazine"},"image":{"@id":"https:\/\/maismagazine.pt\/#\/schema\/logo\/image\/"}},{"@type":"Person","@id":"https:\/\/maismagazine.pt\/#\/schema\/person\/c6c5bfccc886434cbd11c74e035f9646","name":"Tiago Costa","image":{"@type":"ImageObject","inLanguage":"pt-PT","@id":"https:\/\/maismagazine.pt\/#\/schema\/person\/image\/","url":"https:\/\/secure.gravatar.com\/avatar\/c599b2bce16c9870429198cbad5ee022?s=96&d=mm&r=g","contentUrl":"https:\/\/secure.gravatar.com\/avatar\/c599b2bce16c9870429198cbad5ee022?s=96&d=mm&r=g","caption":"Tiago Costa"},"url":"https:\/\/maismagazine.pt\/index.php\/author\/tiago\/"}]}},"author_meta":{"display_name":false,"author_link":"https:\/\/maismagazine.pt\/index.php\/author\/tiago\/"},"featured_img":"https:\/\/maismagazine.pt\/wp-content\/uploads\/2025\/02\/Convento-300x200.jpg","coauthors":[],"tax_additional":{"categories":{"linked":["<a href=\"https:\/\/maismagazine.pt\/index.php\/category\/cultura\/\" class=\"advgb-post-tax-term\">Cultura<\/a>"],"unlinked":["<span class=\"advgb-post-tax-term\">Cultura<\/span>"]},"tags":{"linked":["<a href=\"https:\/\/maismagazine.pt\/index.php\/category\/cultura\/\" class=\"advgb-post-tax-term\">Tomar<\/a>"],"unlinked":["<span class=\"advgb-post-tax-term\">Tomar<\/span>"]}},"comment_count":"0","relative_dates":{"created":"Posted 1 ano ago","modified":"Updated 1 ano ago"},"absolute_dates":{"created":"Posted on 21 de Fevereiro, 2025","modified":"Updated on 19 de Fevereiro, 2025"},"absolute_dates_time":{"created":"Posted on 21 de Fevereiro, 2025 7:00","modified":"Updated on 19 de Fevereiro, 2025 15:52"},"featured_img_caption":"","series_order":"","_links":{"self":[{"href":"https:\/\/maismagazine.pt\/index.php\/wp-json\/wp\/v2\/posts\/11409","targetHints":{"allow":["GET"]}}],"collection":[{"href":"https:\/\/maismagazine.pt\/index.php\/wp-json\/wp\/v2\/posts"}],"about":[{"href":"https:\/\/maismagazine.pt\/index.php\/wp-json\/wp\/v2\/types\/post"}],"author":[{"embeddable":true,"href":"https:\/\/maismagazine.pt\/index.php\/wp-json\/wp\/v2\/users\/17"}],"replies":[{"embeddable":true,"href":"https:\/\/maismagazine.pt\/index.php\/wp-json\/wp\/v2\/comments?post=11409"}],"version-history":[{"count":1,"href":"https:\/\/maismagazine.pt\/index.php\/wp-json\/wp\/v2\/posts\/11409\/revisions"}],"predecessor-version":[{"id":11419,"href":"https:\/\/maismagazine.pt\/index.php\/wp-json\/wp\/v2\/posts\/11409\/revisions\/11419"}],"wp:featuredmedia":[{"embeddable":true,"href":"https:\/\/maismagazine.pt\/index.php\/wp-json\/wp\/v2\/media\/11417"}],"wp:attachment":[{"href":"https:\/\/maismagazine.pt\/index.php\/wp-json\/wp\/v2\/media?parent=11409"}],"wp:term":[{"taxonomy":"category","embeddable":true,"href":"https:\/\/maismagazine.pt\/index.php\/wp-json\/wp\/v2\/categories?post=11409"},{"taxonomy":"post_tag","embeddable":true,"href":"https:\/\/maismagazine.pt\/index.php\/wp-json\/wp\/v2\/tags?post=11409"}],"curies":[{"name":"wp","href":"https:\/\/api.w.org\/{rel}","templated":true}]}}