{"id":11398,"date":"2025-02-21T07:00:00","date_gmt":"2025-02-21T07:00:00","guid":{"rendered":"https:\/\/maismagazine.pt\/?p=11398"},"modified":"2025-02-19T15:53:14","modified_gmt":"2025-02-19T15:53:14","slug":"castelo-branco-cidade-criativa-da-unesco-na-categoria-artesanato-e-artes-populares-com-o-bordado-de-castelo-branco","status":"publish","type":"post","link":"https:\/\/maismagazine.pt\/index.php\/2025\/02\/21\/castelo-branco-cidade-criativa-da-unesco-na-categoria-artesanato-e-artes-populares-com-o-bordado-de-castelo-branco\/","title":{"rendered":"Castelo Branco: Cidade Criativa da UNESCO, na categoria Artesanato e Artes Populares, com o Bordado de Castelo Branco"},"content":{"rendered":"\n<p><strong>A estrat\u00e9gia cultural de <a href=\"http:\/\/www.cm-castelobranco.pt\">Castelo Branco<\/a>, Cidade Criativa da UNESCO na categoria Artesanato e Artes Populares, baseia-se em pilares como a promo\u00e7\u00e3o das ind\u00fastrias criativas, a qualidade da oferta cultural e a valoriza\u00e7\u00e3o das artes tradicionais e contempor\u00e2neas.<\/strong><\/p>\n\n\n\n<p><\/p>\n\n\n\n<p>O Bordado de Castelo Branco, considerado como um dos elementos do patrim\u00f3nio do concelho com maior import\u00e2ncia e maior peso cultural ancorou a candidatura de Castelo Branco \u00e0 rede de Cidades Criativas da UNESCO.<\/p>\n\n\n\n<p><\/p>\n\n\n\n<p>Esta arte, aut\u00eantico s\u00edmbolo identit\u00e1rio da capital da Beira Baixa, re\u00fane caracter\u00edsticas que a tornam \u00fanica e distinta entre os v\u00e1rios bordados, como a utiliza\u00e7\u00e3o de mat\u00e9rias-primas nobres: a seda e o linho artesanal.<\/p>\n\n\n\n<p><\/p>\n\n\n\n<p>Atualmente, o Bordado de Castelo Branco \u00e9 reconhecido internacionalmente e a sua presen\u00e7a no Museu Victoria &amp; Albert Museum, em Londres, assim como na Catedral de Manchester, atestam a excel\u00eancia desta arte.<\/p>\n\n\n\n<p><\/p>\n\n\n\n<p>Os seus desenhos apresentam uma simbologia pr\u00f3pria: a \u00e1rvore da vida, os p\u00e1ssaros, os cravos, as rosas, os l\u00edrios, as rom\u00e3s ou os cora\u00e7\u00f5es. Os motivos que caracterizam o Bordado de Castelo Branco refletem-se noutras \u00e1reas, como os desenhos na cal\u00e7ada portuguesa ou os s\u00edmbolos que ornamentam as fachadas de pr\u00e9dios na cidade.<\/p>\n\n\n\n<p><\/p>\n\n\n\n<p>A C\u00e2mara Municipal de Castelo Branco tem feito um caminho estrat\u00e9gico no sentido da criatividade e da inova\u00e7\u00e3o. Em termos de equipamentos relacionados com as artes, o Munic\u00edpio oferece uma rede significativa, destacando-se 4 infraestruturas pela sua promo\u00e7\u00e3o das ind\u00fastrias culturais criativas:<\/p>\n\n\n\n<p><\/p>\n\n\n\n<p>O Centro de Interpreta\u00e7\u00e3o do Bordado visa contribuir para a revaloriza\u00e7\u00e3o, recupera\u00e7\u00e3o, inova\u00e7\u00e3o e relan\u00e7amento da arte de bordar. Al\u00e9m do espa\u00e7o museol\u00f3gico e da loja, acolhe tamb\u00e9m uma oficina de Bordado de Castelo Branco que re\u00fane algumas das mais aptas bordadoras.<\/p>\n\n\n\n<p><\/p>\n\n\n\n<p>A F\u00e1brica da Criatividade nasceu com o objetivo de implementar um laborat\u00f3rio de criatividade, dando resposta \u00e0s especificidades de \u00e1reas art\u00edsticas e performativas. Tem uma utiliza\u00e7\u00e3o polivalente de abertura \u00e0 comunidade, atrav\u00e9s da ced\u00eancia de espa\u00e7os e oficinas, realiza\u00e7\u00e3o de eventos ou exposi\u00e7\u00f5es.<\/p>\n\n\n\n<p><\/p>\n\n\n\n<p>O Museu da Seda, tutelado pela APPACDM de Castelo Branco, d\u00e1 a conhecer a hist\u00f3ria da produ\u00e7\u00e3o da seda em Portugal, o ciclo de vida do bicho da seda e as aplica\u00e7\u00f5es convencionais e de tecnologia de ponta &#8211; da Biologia e da Medicina &#8211; que se podem fazer a partir da utiliza\u00e7\u00e3o deste produto. Disp\u00f5e da maior produ\u00e7\u00e3o nacional seric\u00edcola: produz anualmente 15kgs de seda de qualidade extra e 15kgs de seda selvagem.<\/p>\n\n\n\n<p><\/p>\n\n\n\n<p>O Museu Francisco Tavares Proen\u00e7a J\u00fanior contempla a investiga\u00e7\u00e3o, recolha, documenta\u00e7\u00e3o, conserva\u00e7\u00e3o, interpreta\u00e7\u00e3o, exposi\u00e7\u00e3o e divulga\u00e7\u00e3o do patrim\u00f3nio cultural que integra o seu acervo, com especial relevo para as cole\u00e7\u00f5es de arqueologia e de t\u00eaxteis. <\/p>\n\n\n\n<p><\/p>\n\n\n\n<p>As ind\u00fastrias culturais e criativas t\u00eam sido alavancadas, nos \u00faltimos 4 anos, com uma s\u00e9rie de iniciativas de impacto profundo e duradouro, que procuram preservar e dinamizar o patrim\u00f3nio imaterial.<\/p>\n\n\n\n<p><\/p>\n\n\n\n<p>Entre as a\u00e7\u00f5es implementadas no \u00e2mbito da Candidatura de Castelo Branco \u00e0 Rede de Cidades Criativas da UNESCO, encontra-se a realiza\u00e7\u00e3o de exposi\u00e7\u00f5es, simp\u00f3sios, jornadas, concursos, lan\u00e7amento de livros e cursos, destacando-se:<\/p>\n\n\n\n<p>\u2022Lan\u00e7amento da Rota Tur\u00edstica do Bordado: d\u00e1 a conhecer todas as fases de produ\u00e7\u00e3o dos materiais e da execu\u00e7\u00e3o do Bordado.<\/p>\n\n\n\n<p>\u2022Concurso \u201cO Bordado de Castelo Branco na Moda\u201d: realizado anualmente, promove a aplica\u00e7\u00e3o criativa do Bordado de Castelo Branco em vestu\u00e1rio e cal\u00e7ado por estudantes do Ensino Superior e diplomados em Design Moda. <\/p>\n\n\n\n<p>\u2022Produ\u00e7\u00e3o de vestido de gala pelo designer Dino Alves: usado por Val\u00e9ria Carvalho no Festival da Can\u00e7\u00e3o, edi\u00e7\u00e3o 2021. A pe\u00e7a encontra-se exposta no Centro de Interpreta\u00e7\u00e3o do Bordado.<\/p>\n\n\n\n<p>\u2022Produ\u00e7\u00e3o do Caderno de Especifica\u00e7\u00f5es do Bordado de Castelo Branco<\/p>\n\n\n\n<p>\u2022Simp\u00f3sio \u201cA Rede de Cidades Criativas da UNESCO\u201d: foi um marco importante no arranque da candidatura, tendo-se assinado a Carta de Princ\u00edpios<\/p>\n\n\n\n<p>\u2022Candidatura do Munic\u00edpio de Castelo Branco \u00e0 Inscri\u00e7\u00e3o no Invent\u00e1rio do Patrim\u00f3nio Cultural Imaterial do Patrim\u00f3nio Cultural, I.P.: aguarda decis\u00e3o<\/p>\n\n\n\n<p>\u2022Lan\u00e7amento do livro infantil e jogo pedag\u00f3gico \u201c\u00c0 Descoberta do Bordado de Castelo Branco\u201d<\/p>\n\n\n\n<p>\u2022Exposi\u00e7\u00e3o Fotogr\u00e1fica \u201cDo Bicho-da-Seda ao Bordado de Castelo Branco\u201d<\/p>\n\n\n\n<p>\u2022Cria\u00e7\u00e3o da pe\u00e7a de arte \u201c\u00c1rvore da Vida\u201d da autoria de Diana Meneses Cunha: representa\u00e7\u00e3o do Bordado de Castelo Branco, do Burel da Covilh\u00e3 e da Tape-\u00e7aria de Portalegre<\/p>\n\n\n\n<p>\u2022Exposi\u00e7\u00e3o da A. Certifica \u201cProdutos Tradicionais Certificados\u201d: o Bordado de Castelo Branco e a Viola Beiroa marcaram presen\u00e7a nesta exposi\u00e7\u00e3o no Pal\u00e1cio de S\u00e3o Bento<\/p>\n\n\n\n<p>\u2022Jornadas \u201cOs Bordados Tradicionais &#8211; Criatividade &amp; Inova\u00e7\u00e3o\u201d<\/p>\n\n\n\n<p>\u2022I Encontro Internacional de Cidades Criativas e Desenvolvimento Sustent\u00e1vel<\/p>\n\n\n\n<p>\u2022Lan\u00e7amento do livro \u201cCidades Criativas e Desenvolvimento Sustent\u00e1vel\u201d<\/p>\n\n\n\n<p>\u2022Lan\u00e7amento do v\u00eddeo promocional \u201cO Bordado de Castelo Branco\u201d<\/p>\n\n\n\n<p>\u2022Cria\u00e7\u00e3o de Curso de Forma\u00e7\u00e3o Profissional, na \u00e1rea do Bordado de Castelo Branco, em parceria com o IEFP, com est\u00e1gio no Centro de Interpreta\u00e7\u00e3o<\/p>\n\n\n\n<p>\u2022Curso de P\u00f3s-Gradua\u00e7\u00e3o em Ind\u00fastrias Criativas e Inova\u00e7\u00e3o e Microcredencia\u00e7\u00e3o em Conserva\u00e7\u00e3o e Restauro T\u00eaxtil, parceria entre o Munic\u00edpio de Castelo Branco e o IPCB<\/p>\n\n\n\n<p>\u2022Laborat\u00f3rios de Interven\u00e7\u00e3o Territorial: conjunto de palestras e workshops<\/p>\n\n\n\n<p>\u2022Implementa\u00e7\u00e3o da Estrutura de Governan\u00e7a \u201cCastelo Branco, Cidade Criativa da UNESCO\u201d<\/p>\n\n\n\n<p>\u2022Presen\u00e7a da colcha bordada a ponto de Castelo Branco na Biennale des Metiers<\/p>\n\n\n\n<p>\u2022D\u2019Art \u201cLe Gest et le Territoire\u201d, em novembro 2023, no Luxemburgo<\/p>\n\n\n\n<p>\u2022Oficinas Rotativas em Artes e Of\u00edcios Tradicionais<\/p>\n\n\n\n<p>\u2022Prepara\u00e7\u00e3o do processo de inscri\u00e7\u00e3o da Viola Beiroa e dos Cascor\u00e9is de S\u00e3o Sebasti\u00e3o ao Invent\u00e1rio Nacional do Patrim\u00f3nio Cultural Imaterial<\/p>\n\n\n\n<p><\/p>\n\n\n\n<p>Apesar do Bordado de Castelo Branco constituir um dos principais elementos identit\u00e1rios da regi\u00e3o, existe um conjunto muito significativo de outras artes e of\u00edcios que potenciam a cidade e o Munic\u00edpio de Castelo Branco, tais como: a olaria, a cantaria e a constru\u00e7\u00e3o da viola beiroa.<\/p>\n\n\n\n<p><\/p>\n\n\n\n<p><strong>Viola Beiroa<\/strong><\/p>\n\n\n\n<p>A Associa\u00e7\u00e3o Recreativa e Cultural Viola Beiroa, criada em 2013, tem desempenhado um papel fundamental na recupera\u00e7\u00e3o, revitaliza\u00e7\u00e3o e divulga\u00e7\u00e3o deste instrumento tradicional.<\/p>\n\n\n<div class=\"wp-block-image\">\n<figure class=\"alignright size-large is-resized\"><img loading=\"lazy\" decoding=\"async\" width=\"768\" height=\"1024\" src=\"https:\/\/maismagazine.pt\/wp-content\/uploads\/2025\/02\/ViolaBeiroa-1-768x1024.jpg\" alt=\"\" class=\"wp-image-11414\" style=\"width:269px;height:auto\" srcset=\"https:\/\/maismagazine.pt\/wp-content\/uploads\/2025\/02\/ViolaBeiroa-1-768x1024.jpg 768w, https:\/\/maismagazine.pt\/wp-content\/uploads\/2025\/02\/ViolaBeiroa-1-225x300.jpg 225w, https:\/\/maismagazine.pt\/wp-content\/uploads\/2025\/02\/ViolaBeiroa-1-1152x1536.jpg 1152w, https:\/\/maismagazine.pt\/wp-content\/uploads\/2025\/02\/ViolaBeiroa-1.jpg 1200w\" sizes=\"auto, (max-width: 768px) 100vw, 768px\" \/><\/figure><\/div>\n\n\n<p>A sua sede, cedida pela C\u00e2mara Municipal, situa-se no Centro Hist\u00f3rico da cidade e funciona como sala de ensaios da Orquestra Viola Beiroa, composta por 15 elementos, e \u00e9 tamb\u00e9m uma Escola, onde os alunos apren-dem a tocar o instrumento e, posteriormente, integram a Orquestra.<\/p>\n\n\n\n<p><\/p>\n\n\n\n<p>As solicita\u00e7\u00f5es para concertos chegam de todo o pa\u00eds, permitindo n\u00e3o s\u00f3 divulgar a Viola Beiroa, mas tamb\u00e9m o repert\u00f3rio da m\u00fasica da Beira Baixa.<\/p>\n\n\n\n<p><\/p>\n\n\n\n<p>Foi elaborado um M\u00e9todo de Ensino espec\u00edfico para este instrumento, concebido pelo Professor Doutor Miguel Carvalhinho e, no \u00e2mbito da divulga\u00e7\u00e3o musical, foi gravado o \u00e1lbum \u201cViola Beiroa\u201d e a Associa\u00e7\u00e3o marcou presen\u00e7a num Encontro de Violas de Arame, realizado na cidade.<\/p>\n\n\n\n<p><\/p>\n\n\n\n<p>O Munic\u00edpio de Castelo Branco est\u00e1 a preparar o processo de inscri\u00e7\u00e3o da Viola Beiroa ao Invent\u00e1rio Nacional do Patrim\u00f3nio Cultural Imaterial. A inscri\u00e7\u00e3o \u00e9 plena de sentido e oportunidade, j\u00e1 que se trata de uma tradi\u00e7\u00e3o viva, express\u00e3o social e cultural de car\u00e1ter tradicional praticada contemporaneamente, com o envolvimento da comunidade. <\/p>\n\n\n\n<p><\/p>\n\n\n\n<p><strong>Cascor\u00e9is de S\u00e3o Sebasti\u00e3o<\/strong><\/p>\n\n\n\n<p>Todos os anos, a freguesia da Lardosa mant\u00e9m viva uma tradi\u00e7\u00e3o secular, ofere-cendo cascor\u00e9is a S\u00e3o Sebasti\u00e3o. A origem deste costume remonta a uma praga de gafanhotos que amea\u00e7ou a agricultura local. Segundo a cren\u00e7a popular, os insetos acabaram por morrer \u00e0 porta da capela, um milagre atribu\u00eddo ao m\u00e1rtir S\u00e3o Sebasti\u00e3o. Em sinal de gratid\u00e3o, a comunidade passou a cumprir anualmente a oferta de cascor\u00e9is \u00e0 popula\u00e7\u00e3o.<\/p>\n\n\n\n<p><\/p>\n\n\n\n<p>A confe\u00e7\u00e3o dos cascor\u00e9is, um bolo frito semelhante \u00e0s filh\u00f3s, fica a cargo das mulheres da freguesia. Estes s\u00e3o empilhados em cestos decorados com flores, que podem ultrapassar os 20kgs, e transportados em tabuleiros \u00e0 cabe\u00e7a das mulheres, no trajeto entre a Casa do Povo e a Capela de S\u00e3o Sebasti\u00e3o. Os tabuleiros s\u00e3o colocados no interior da capela e, ap\u00f3s a b\u00ean\u00e7\u00e3o no final da Eucaristia, os cascor\u00e9is s\u00e3o distribu\u00eddos a todos os presentes. <\/p>\n\n\n<div class=\"wp-block-image\">\n<figure class=\"aligncenter size-large is-resized\"><img loading=\"lazy\" decoding=\"async\" width=\"1024\" height=\"683\" src=\"https:\/\/maismagazine.pt\/wp-content\/uploads\/2025\/02\/Cascoreis-3-1024x683.jpg\" alt=\"\" class=\"wp-image-11416\" style=\"width:465px;height:auto\" srcset=\"https:\/\/maismagazine.pt\/wp-content\/uploads\/2025\/02\/Cascoreis-3-1024x683.jpg 1024w, https:\/\/maismagazine.pt\/wp-content\/uploads\/2025\/02\/Cascoreis-3-300x200.jpg 300w, https:\/\/maismagazine.pt\/wp-content\/uploads\/2025\/02\/Cascoreis-3-768x512.jpg 768w, https:\/\/maismagazine.pt\/wp-content\/uploads\/2025\/02\/Cascoreis-3-150x100.jpg 150w, https:\/\/maismagazine.pt\/wp-content\/uploads\/2025\/02\/Cascoreis-3.jpg 1032w\" sizes=\"auto, (max-width: 1024px) 100vw, 1024px\" \/><\/figure><\/div>\n\n\n<p>A organiza\u00e7\u00e3o da festividade cabe a 6 festeiros, respons\u00e1veis por tarefas como a recolha de donativos, a prepara\u00e7\u00e3o dos cascor\u00e9is e o cortejo at\u00e9 \u00e0 capela. <\/p>\n\n\n\n<p><\/p>\n\n\n\n<p>A inscri\u00e7\u00e3o no Invent\u00e1rio Nacional do Patrim\u00f3nio Cultural Imaterial permite a ado\u00e7\u00e3o de medidas de prote\u00e7\u00e3o e promo\u00e7\u00e3o, assegurando que este legado cultural perdure no tempo.<\/p>\n\n\n\n<p><\/p>\n\n\n\n<p><strong>Dan\u00e7as Tradicionais da Lousa<\/strong><\/p>\n\n\n\n<p>A origem das Dan\u00e7as Tradicionais da Lousa est\u00e1 associada a uma lenda do s\u00e9culo XVII, que relata a interven\u00e7\u00e3o milagrosa da Nossa Senhora dos Altos C\u00e9us na prote\u00e7\u00e3o das colheitas locais contra uma praga de gafanhotos.<\/p>\n\n\n\n<p><\/p>\n\n\n\n<p>Estas dan\u00e7as s\u00e3o transmitidas de gera\u00e7\u00e3o em gera\u00e7\u00e3o e fortalecem a identidade cultural da aldeia da Lousa. Simbolizam n\u00e3o apenas a devo\u00e7\u00e3o religiosa, mas tamb\u00e9m a identidade e a coes\u00e3o da comunidade local. Valorizam os saberes e of\u00edcios tradicionais, como a confe\u00e7\u00e3o dos trajes e a execu\u00e7\u00e3o dos instrumentos t\u00edpicos. <\/p>\n\n\n<div class=\"wp-block-image\">\n<figure class=\"alignleft size-full is-resized\"><img loading=\"lazy\" decoding=\"async\" width=\"840\" height=\"560\" src=\"https:\/\/maismagazine.pt\/wp-content\/uploads\/2025\/02\/dancas-3.jpg\" alt=\"\" class=\"wp-image-11418\" style=\"width:474px;height:auto\" srcset=\"https:\/\/maismagazine.pt\/wp-content\/uploads\/2025\/02\/dancas-3.jpg 840w, https:\/\/maismagazine.pt\/wp-content\/uploads\/2025\/02\/dancas-3-300x200.jpg 300w, https:\/\/maismagazine.pt\/wp-content\/uploads\/2025\/02\/dancas-3-768x512.jpg 768w, https:\/\/maismagazine.pt\/wp-content\/uploads\/2025\/02\/dancas-3-150x100.jpg 150w\" sizes=\"auto, (max-width: 840px) 100vw, 840px\" \/><\/figure><\/div>\n\n\n<p>As Dan\u00e7as Tradicionais da Lousa realizam-se no 3\u00ba fim-de-semana de maio, durante as festividades em honra de Nossa Senhora dos Altos C\u00e9us, padroeira local, e incluem 3 coreografias distintas: a Dan\u00e7a das Virgens, a Dan\u00e7a dos Homens e a Dan\u00e7a das Tesouras. <\/p>\n\n\n\n<p><\/p>\n\n\n\n<p>Na Dan\u00e7a das Virgens, participam 8 jovens do sexo feminino, vestidas de branco, com coroas na cabe\u00e7a e len\u00e7os nas m\u00e3os. Acompanhadas por um tocador de guitarra portuguesa, recitam quadras em louvor \u00e0 padroeira no adro da igreja. Um \u201cGuardi\u00e3o\u201d empunha uma espada, zelando pela integridade das donzelas e pelo ouro que elas ostentam. <\/p>\n\n\n\n<p><\/p>\n\n\n\n<p>A Dan\u00e7a dos Homens \u00e9 composta por 6 homens trajados de branco, com faixas azuis \u00e0 cintura e capelas enfeitadas na cabe\u00e7a, acompanhada por instrumentos como a viola beiroa e a genebres, um instrumento \u00fanico composto por pauzinhos de diferentes tamanhos que produzem sons caracter\u00edsticos. Tr\u00eas jovens, conhecidas como \u201cmadamas\u201d, vestidas de branco, juntam-se aos dan\u00e7arinos, tocando trinchos. <\/p>\n\n\n\n<p><\/p>\n\n\n\n<p>A Dan\u00e7a das Tesouras \u00e9 realizada na segunda-feira seguinte \u00e0s festividades principais e representa a tosquia das ovelhas. Um grupo de homens, vestidos de cotim e len\u00e7os brancos na cabe\u00e7a, simula a tosquia de rapazes que representam carneiros, utilizando tenazes que imitam tesouras de tosquia. <\/p>\n\n\n\n<p><\/p>\n\n\n\n<p>Em 2014, as Dan\u00e7as Tradicionais da Lousa foram inscritas no Invent\u00e1rio Nacional do Patrim\u00f3nio Cultural Imaterial, legitimando a sua import\u00e2ncia e contribuindo para a sua preserva\u00e7\u00e3o. Torna-se essencial promover o envolvimento das novas gera\u00e7\u00f5es nesta tradi\u00e7\u00e3o, incentivando a sua aprendizagem e apelando a uma participa\u00e7\u00e3o mais ativa nas festividades.<\/p>\n\n\n\n<p><\/p>\n\n\n<div class=\"wp-block-image\">\n<figure class=\"aligncenter size-full\"><img loading=\"lazy\" decoding=\"async\" width=\"500\" height=\"234\" src=\"https:\/\/maismagazine.pt\/wp-content\/uploads\/2025\/02\/logo-horizontal.png\" alt=\"\" class=\"wp-image-11420\" srcset=\"https:\/\/maismagazine.pt\/wp-content\/uploads\/2025\/02\/logo-horizontal.png 500w, https:\/\/maismagazine.pt\/wp-content\/uploads\/2025\/02\/logo-horizontal-300x140.png 300w\" sizes=\"auto, (max-width: 500px) 100vw, 500px\" \/><\/figure><\/div>\n\n\n<p><\/p>\n\n\n\n<p><\/p>\n","protected":false},"excerpt":{"rendered":"<p>A estrat\u00e9gia cultural de Castelo Branco, Cidade Criativa da UNESCO na categoria Artesanato e Artes Populares, baseia-se em pilares como a promo\u00e7\u00e3o das ind\u00fastrias criativas, a qualidade da oferta cultural e a valoriza\u00e7\u00e3o das artes tradicionais e contempor\u00e2neas. O Bordado de Castelo Branco, considerado como um dos elementos do patrim\u00f3nio&hellip;<\/p>\n","protected":false},"author":18,"featured_media":11412,"comment_status":"closed","ping_status":"open","sticky":false,"template":"","format":"standard","meta":{"advgb_blocks_editor_width":"","advgb_blocks_columns_visual_guide":"","_monsterinsights_skip_tracking":false,"_monsterinsights_sitenote_active":false,"_monsterinsights_sitenote_note":"","_monsterinsights_sitenote_category":0,"footnotes":""},"categories":[50],"tags":[2273,2272,1570],"class_list":["post-11398","post","type-post","status-publish","format-standard","has-post-thumbnail","hentry","category-destaques","tag-bordado","tag-castelo-branco","tag-patrimonio-cultural-imaterial"],"yoast_head":"<!-- This site is optimized with the Yoast SEO plugin v24.4 - https:\/\/yoast.com\/wordpress\/plugins\/seo\/ -->\n<title>Castelo Branco: Cidade Criativa da UNESCO, na categoria Artesanato e Artes Populares, com o Bordado de Castelo Branco - Mais Magazine<\/title>\n<meta name=\"robots\" content=\"index, follow, max-snippet:-1, max-image-preview:large, max-video-preview:-1\" \/>\n<link rel=\"canonical\" href=\"https:\/\/maismagazine.pt\/index.php\/2025\/02\/21\/castelo-branco-cidade-criativa-da-unesco-na-categoria-artesanato-e-artes-populares-com-o-bordado-de-castelo-branco\/\" \/>\n<meta property=\"og:locale\" content=\"pt_PT\" \/>\n<meta property=\"og:type\" content=\"article\" \/>\n<meta property=\"og:title\" content=\"Castelo Branco: Cidade Criativa da UNESCO, na categoria Artesanato e Artes Populares, com o Bordado de Castelo Branco - Mais Magazine\" \/>\n<meta property=\"og:description\" content=\"A estrat\u00e9gia cultural de Castelo Branco, Cidade Criativa da UNESCO na categoria Artesanato e Artes Populares, baseia-se em pilares como a promo\u00e7\u00e3o das ind\u00fastrias criativas, a qualidade da oferta cultural e a valoriza\u00e7\u00e3o das artes tradicionais e contempor\u00e2neas. O Bordado de Castelo Branco, considerado como um dos elementos do patrim\u00f3nio&hellip;\" \/>\n<meta property=\"og:url\" content=\"https:\/\/maismagazine.pt\/index.php\/2025\/02\/21\/castelo-branco-cidade-criativa-da-unesco-na-categoria-artesanato-e-artes-populares-com-o-bordado-de-castelo-branco\/\" \/>\n<meta property=\"og:site_name\" content=\"Mais Magazine\" \/>\n<meta property=\"article:published_time\" content=\"2025-02-21T07:00:00+00:00\" \/>\n<meta property=\"og:image\" content=\"https:\/\/maismagazine.pt\/wp-content\/uploads\/2025\/02\/bordado-6.jpg\" \/>\n\t<meta property=\"og:image:width\" content=\"1500\" \/>\n\t<meta property=\"og:image:height\" content=\"1000\" \/>\n\t<meta property=\"og:image:type\" content=\"image\/jpeg\" \/>\n<meta name=\"author\" content=\"Tatiana Martins\" \/>\n<meta name=\"twitter:card\" content=\"summary_large_image\" \/>\n<meta name=\"twitter:label1\" content=\"Escrito por\" \/>\n\t<meta name=\"twitter:data1\" content=\"\" \/>\n\t<meta name=\"twitter:label2\" content=\"Tempo estimado de leitura\" \/>\n\t<meta name=\"twitter:data2\" content=\"10 minutos\" \/>\n<script type=\"application\/ld+json\" class=\"yoast-schema-graph\">{\"@context\":\"https:\/\/schema.org\",\"@graph\":[{\"@type\":\"Article\",\"@id\":\"https:\/\/maismagazine.pt\/index.php\/2025\/02\/21\/castelo-branco-cidade-criativa-da-unesco-na-categoria-artesanato-e-artes-populares-com-o-bordado-de-castelo-branco\/#article\",\"isPartOf\":{\"@id\":\"https:\/\/maismagazine.pt\/index.php\/2025\/02\/21\/castelo-branco-cidade-criativa-da-unesco-na-categoria-artesanato-e-artes-populares-com-o-bordado-de-castelo-branco\/\"},\"author\":{\"name\":\"Tatiana Martins\",\"@id\":\"https:\/\/maismagazine.pt\/#\/schema\/person\/7426e2caeb8df32a1b56aa48dae778c9\"},\"headline\":\"Castelo Branco: Cidade Criativa da UNESCO, na categoria Artesanato e Artes Populares, com o Bordado de Castelo Branco\",\"datePublished\":\"2025-02-21T07:00:00+00:00\",\"mainEntityOfPage\":{\"@id\":\"https:\/\/maismagazine.pt\/index.php\/2025\/02\/21\/castelo-branco-cidade-criativa-da-unesco-na-categoria-artesanato-e-artes-populares-com-o-bordado-de-castelo-branco\/\"},\"wordCount\":1880,\"publisher\":{\"@id\":\"https:\/\/maismagazine.pt\/#organization\"},\"image\":{\"@id\":\"https:\/\/maismagazine.pt\/index.php\/2025\/02\/21\/castelo-branco-cidade-criativa-da-unesco-na-categoria-artesanato-e-artes-populares-com-o-bordado-de-castelo-branco\/#primaryimage\"},\"thumbnailUrl\":\"https:\/\/maismagazine.pt\/wp-content\/uploads\/2025\/02\/bordado-6.jpg\",\"keywords\":[\"Bordado\",\"Castelo Branco\",\"Patrim\u00f3nio Cultural Imaterial\"],\"articleSection\":[\"Destaques\"],\"inLanguage\":\"pt-PT\"},{\"@type\":\"WebPage\",\"@id\":\"https:\/\/maismagazine.pt\/index.php\/2025\/02\/21\/castelo-branco-cidade-criativa-da-unesco-na-categoria-artesanato-e-artes-populares-com-o-bordado-de-castelo-branco\/\",\"url\":\"https:\/\/maismagazine.pt\/index.php\/2025\/02\/21\/castelo-branco-cidade-criativa-da-unesco-na-categoria-artesanato-e-artes-populares-com-o-bordado-de-castelo-branco\/\",\"name\":\"Castelo Branco: Cidade Criativa da UNESCO, na categoria Artesanato e Artes Populares, com o Bordado de Castelo Branco - Mais Magazine\",\"isPartOf\":{\"@id\":\"https:\/\/maismagazine.pt\/#website\"},\"primaryImageOfPage\":{\"@id\":\"https:\/\/maismagazine.pt\/index.php\/2025\/02\/21\/castelo-branco-cidade-criativa-da-unesco-na-categoria-artesanato-e-artes-populares-com-o-bordado-de-castelo-branco\/#primaryimage\"},\"image\":{\"@id\":\"https:\/\/maismagazine.pt\/index.php\/2025\/02\/21\/castelo-branco-cidade-criativa-da-unesco-na-categoria-artesanato-e-artes-populares-com-o-bordado-de-castelo-branco\/#primaryimage\"},\"thumbnailUrl\":\"https:\/\/maismagazine.pt\/wp-content\/uploads\/2025\/02\/bordado-6.jpg\",\"datePublished\":\"2025-02-21T07:00:00+00:00\",\"breadcrumb\":{\"@id\":\"https:\/\/maismagazine.pt\/index.php\/2025\/02\/21\/castelo-branco-cidade-criativa-da-unesco-na-categoria-artesanato-e-artes-populares-com-o-bordado-de-castelo-branco\/#breadcrumb\"},\"inLanguage\":\"pt-PT\",\"potentialAction\":[{\"@type\":\"ReadAction\",\"target\":[\"https:\/\/maismagazine.pt\/index.php\/2025\/02\/21\/castelo-branco-cidade-criativa-da-unesco-na-categoria-artesanato-e-artes-populares-com-o-bordado-de-castelo-branco\/\"]}]},{\"@type\":\"ImageObject\",\"inLanguage\":\"pt-PT\",\"@id\":\"https:\/\/maismagazine.pt\/index.php\/2025\/02\/21\/castelo-branco-cidade-criativa-da-unesco-na-categoria-artesanato-e-artes-populares-com-o-bordado-de-castelo-branco\/#primaryimage\",\"url\":\"https:\/\/maismagazine.pt\/wp-content\/uploads\/2025\/02\/bordado-6.jpg\",\"contentUrl\":\"https:\/\/maismagazine.pt\/wp-content\/uploads\/2025\/02\/bordado-6.jpg\",\"width\":1500,\"height\":1000},{\"@type\":\"BreadcrumbList\",\"@id\":\"https:\/\/maismagazine.pt\/index.php\/2025\/02\/21\/castelo-branco-cidade-criativa-da-unesco-na-categoria-artesanato-e-artes-populares-com-o-bordado-de-castelo-branco\/#breadcrumb\",\"itemListElement\":[{\"@type\":\"ListItem\",\"position\":1,\"name\":\"Home\",\"item\":\"https:\/\/maismagazine.pt\/\"},{\"@type\":\"ListItem\",\"position\":2,\"name\":\"Castelo Branco: Cidade Criativa da UNESCO, na categoria Artesanato e Artes Populares, com o Bordado de Castelo Branco\"}]},{\"@type\":\"WebSite\",\"@id\":\"https:\/\/maismagazine.pt\/#website\",\"url\":\"https:\/\/maismagazine.pt\/\",\"name\":\"Mais Magazine\",\"description\":\"\",\"publisher\":{\"@id\":\"https:\/\/maismagazine.pt\/#organization\"},\"potentialAction\":[{\"@type\":\"SearchAction\",\"target\":{\"@type\":\"EntryPoint\",\"urlTemplate\":\"https:\/\/maismagazine.pt\/?s={search_term_string}\"},\"query-input\":{\"@type\":\"PropertyValueSpecification\",\"valueRequired\":true,\"valueName\":\"search_term_string\"}}],\"inLanguage\":\"pt-PT\"},{\"@type\":\"Organization\",\"@id\":\"https:\/\/maismagazine.pt\/#organization\",\"name\":\"Mais Magazine\",\"url\":\"https:\/\/maismagazine.pt\/\",\"logo\":{\"@type\":\"ImageObject\",\"inLanguage\":\"pt-PT\",\"@id\":\"https:\/\/maismagazine.pt\/#\/schema\/logo\/image\/\",\"url\":\"https:\/\/maismagazine.pt\/wp-content\/uploads\/2020\/04\/cropped-cropped-mais-magazine-site-logo-2.png\",\"contentUrl\":\"https:\/\/maismagazine.pt\/wp-content\/uploads\/2020\/04\/cropped-cropped-mais-magazine-site-logo-2.png\",\"width\":581,\"height\":90,\"caption\":\"Mais Magazine\"},\"image\":{\"@id\":\"https:\/\/maismagazine.pt\/#\/schema\/logo\/image\/\"}},{\"@type\":\"Person\",\"@id\":\"https:\/\/maismagazine.pt\/#\/schema\/person\/7426e2caeb8df32a1b56aa48dae778c9\",\"name\":\"Tatiana Martins\",\"image\":{\"@type\":\"ImageObject\",\"inLanguage\":\"pt-PT\",\"@id\":\"https:\/\/maismagazine.pt\/#\/schema\/person\/image\/\",\"url\":\"https:\/\/secure.gravatar.com\/avatar\/4b24a57f5d0425f2eb20981c4b53244e?s=96&d=mm&r=g\",\"contentUrl\":\"https:\/\/secure.gravatar.com\/avatar\/4b24a57f5d0425f2eb20981c4b53244e?s=96&d=mm&r=g\",\"caption\":\"Tatiana Martins\"},\"url\":\"https:\/\/maismagazine.pt\/index.php\/author\/tatiana\/\"}]}<\/script>\n<!-- \/ Yoast SEO plugin. -->","yoast_head_json":{"title":"Castelo Branco: Cidade Criativa da UNESCO, na categoria Artesanato e Artes Populares, com o Bordado de Castelo Branco - Mais Magazine","robots":{"index":"index","follow":"follow","max-snippet":"max-snippet:-1","max-image-preview":"max-image-preview:large","max-video-preview":"max-video-preview:-1"},"canonical":"https:\/\/maismagazine.pt\/index.php\/2025\/02\/21\/castelo-branco-cidade-criativa-da-unesco-na-categoria-artesanato-e-artes-populares-com-o-bordado-de-castelo-branco\/","og_locale":"pt_PT","og_type":"article","og_title":"Castelo Branco: Cidade Criativa da UNESCO, na categoria Artesanato e Artes Populares, com o Bordado de Castelo Branco - Mais Magazine","og_description":"A estrat\u00e9gia cultural de Castelo Branco, Cidade Criativa da UNESCO na categoria Artesanato e Artes Populares, baseia-se em pilares como a promo\u00e7\u00e3o das ind\u00fastrias criativas, a qualidade da oferta cultural e a valoriza\u00e7\u00e3o das artes tradicionais e contempor\u00e2neas. O Bordado de Castelo Branco, considerado como um dos elementos do patrim\u00f3nio&hellip;","og_url":"https:\/\/maismagazine.pt\/index.php\/2025\/02\/21\/castelo-branco-cidade-criativa-da-unesco-na-categoria-artesanato-e-artes-populares-com-o-bordado-de-castelo-branco\/","og_site_name":"Mais Magazine","article_published_time":"2025-02-21T07:00:00+00:00","og_image":[{"width":1500,"height":1000,"url":"https:\/\/maismagazine.pt\/wp-content\/uploads\/2025\/02\/bordado-6.jpg","type":"image\/jpeg"}],"author":"Tatiana Martins","twitter_card":"summary_large_image","twitter_misc":{"Escrito por":false,"Tempo estimado de leitura":"10 minutos"},"schema":{"@context":"https:\/\/schema.org","@graph":[{"@type":"Article","@id":"https:\/\/maismagazine.pt\/index.php\/2025\/02\/21\/castelo-branco-cidade-criativa-da-unesco-na-categoria-artesanato-e-artes-populares-com-o-bordado-de-castelo-branco\/#article","isPartOf":{"@id":"https:\/\/maismagazine.pt\/index.php\/2025\/02\/21\/castelo-branco-cidade-criativa-da-unesco-na-categoria-artesanato-e-artes-populares-com-o-bordado-de-castelo-branco\/"},"author":{"name":"Tatiana Martins","@id":"https:\/\/maismagazine.pt\/#\/schema\/person\/7426e2caeb8df32a1b56aa48dae778c9"},"headline":"Castelo Branco: Cidade Criativa da UNESCO, na categoria Artesanato e Artes Populares, com o Bordado de Castelo Branco","datePublished":"2025-02-21T07:00:00+00:00","mainEntityOfPage":{"@id":"https:\/\/maismagazine.pt\/index.php\/2025\/02\/21\/castelo-branco-cidade-criativa-da-unesco-na-categoria-artesanato-e-artes-populares-com-o-bordado-de-castelo-branco\/"},"wordCount":1880,"publisher":{"@id":"https:\/\/maismagazine.pt\/#organization"},"image":{"@id":"https:\/\/maismagazine.pt\/index.php\/2025\/02\/21\/castelo-branco-cidade-criativa-da-unesco-na-categoria-artesanato-e-artes-populares-com-o-bordado-de-castelo-branco\/#primaryimage"},"thumbnailUrl":"https:\/\/maismagazine.pt\/wp-content\/uploads\/2025\/02\/bordado-6.jpg","keywords":["Bordado","Castelo Branco","Patrim\u00f3nio Cultural Imaterial"],"articleSection":["Destaques"],"inLanguage":"pt-PT"},{"@type":"WebPage","@id":"https:\/\/maismagazine.pt\/index.php\/2025\/02\/21\/castelo-branco-cidade-criativa-da-unesco-na-categoria-artesanato-e-artes-populares-com-o-bordado-de-castelo-branco\/","url":"https:\/\/maismagazine.pt\/index.php\/2025\/02\/21\/castelo-branco-cidade-criativa-da-unesco-na-categoria-artesanato-e-artes-populares-com-o-bordado-de-castelo-branco\/","name":"Castelo Branco: Cidade Criativa da UNESCO, na categoria Artesanato e Artes Populares, com o Bordado de Castelo Branco - Mais Magazine","isPartOf":{"@id":"https:\/\/maismagazine.pt\/#website"},"primaryImageOfPage":{"@id":"https:\/\/maismagazine.pt\/index.php\/2025\/02\/21\/castelo-branco-cidade-criativa-da-unesco-na-categoria-artesanato-e-artes-populares-com-o-bordado-de-castelo-branco\/#primaryimage"},"image":{"@id":"https:\/\/maismagazine.pt\/index.php\/2025\/02\/21\/castelo-branco-cidade-criativa-da-unesco-na-categoria-artesanato-e-artes-populares-com-o-bordado-de-castelo-branco\/#primaryimage"},"thumbnailUrl":"https:\/\/maismagazine.pt\/wp-content\/uploads\/2025\/02\/bordado-6.jpg","datePublished":"2025-02-21T07:00:00+00:00","breadcrumb":{"@id":"https:\/\/maismagazine.pt\/index.php\/2025\/02\/21\/castelo-branco-cidade-criativa-da-unesco-na-categoria-artesanato-e-artes-populares-com-o-bordado-de-castelo-branco\/#breadcrumb"},"inLanguage":"pt-PT","potentialAction":[{"@type":"ReadAction","target":["https:\/\/maismagazine.pt\/index.php\/2025\/02\/21\/castelo-branco-cidade-criativa-da-unesco-na-categoria-artesanato-e-artes-populares-com-o-bordado-de-castelo-branco\/"]}]},{"@type":"ImageObject","inLanguage":"pt-PT","@id":"https:\/\/maismagazine.pt\/index.php\/2025\/02\/21\/castelo-branco-cidade-criativa-da-unesco-na-categoria-artesanato-e-artes-populares-com-o-bordado-de-castelo-branco\/#primaryimage","url":"https:\/\/maismagazine.pt\/wp-content\/uploads\/2025\/02\/bordado-6.jpg","contentUrl":"https:\/\/maismagazine.pt\/wp-content\/uploads\/2025\/02\/bordado-6.jpg","width":1500,"height":1000},{"@type":"BreadcrumbList","@id":"https:\/\/maismagazine.pt\/index.php\/2025\/02\/21\/castelo-branco-cidade-criativa-da-unesco-na-categoria-artesanato-e-artes-populares-com-o-bordado-de-castelo-branco\/#breadcrumb","itemListElement":[{"@type":"ListItem","position":1,"name":"Home","item":"https:\/\/maismagazine.pt\/"},{"@type":"ListItem","position":2,"name":"Castelo Branco: Cidade Criativa da UNESCO, na categoria Artesanato e Artes Populares, com o Bordado de Castelo Branco"}]},{"@type":"WebSite","@id":"https:\/\/maismagazine.pt\/#website","url":"https:\/\/maismagazine.pt\/","name":"Mais Magazine","description":"","publisher":{"@id":"https:\/\/maismagazine.pt\/#organization"},"potentialAction":[{"@type":"SearchAction","target":{"@type":"EntryPoint","urlTemplate":"https:\/\/maismagazine.pt\/?s={search_term_string}"},"query-input":{"@type":"PropertyValueSpecification","valueRequired":true,"valueName":"search_term_string"}}],"inLanguage":"pt-PT"},{"@type":"Organization","@id":"https:\/\/maismagazine.pt\/#organization","name":"Mais Magazine","url":"https:\/\/maismagazine.pt\/","logo":{"@type":"ImageObject","inLanguage":"pt-PT","@id":"https:\/\/maismagazine.pt\/#\/schema\/logo\/image\/","url":"https:\/\/maismagazine.pt\/wp-content\/uploads\/2020\/04\/cropped-cropped-mais-magazine-site-logo-2.png","contentUrl":"https:\/\/maismagazine.pt\/wp-content\/uploads\/2020\/04\/cropped-cropped-mais-magazine-site-logo-2.png","width":581,"height":90,"caption":"Mais Magazine"},"image":{"@id":"https:\/\/maismagazine.pt\/#\/schema\/logo\/image\/"}},{"@type":"Person","@id":"https:\/\/maismagazine.pt\/#\/schema\/person\/7426e2caeb8df32a1b56aa48dae778c9","name":"Tatiana Martins","image":{"@type":"ImageObject","inLanguage":"pt-PT","@id":"https:\/\/maismagazine.pt\/#\/schema\/person\/image\/","url":"https:\/\/secure.gravatar.com\/avatar\/4b24a57f5d0425f2eb20981c4b53244e?s=96&d=mm&r=g","contentUrl":"https:\/\/secure.gravatar.com\/avatar\/4b24a57f5d0425f2eb20981c4b53244e?s=96&d=mm&r=g","caption":"Tatiana Martins"},"url":"https:\/\/maismagazine.pt\/index.php\/author\/tatiana\/"}]}},"author_meta":{"display_name":false,"author_link":"https:\/\/maismagazine.pt\/index.php\/author\/tatiana\/"},"featured_img":"https:\/\/maismagazine.pt\/wp-content\/uploads\/2025\/02\/bordado-6-300x200.jpg","coauthors":[],"tax_additional":{"categories":{"linked":["<a href=\"https:\/\/maismagazine.pt\/index.php\/category\/destaques\/\" class=\"advgb-post-tax-term\">Destaques<\/a>"],"unlinked":["<span class=\"advgb-post-tax-term\">Destaques<\/span>"]},"tags":{"linked":["<a href=\"https:\/\/maismagazine.pt\/index.php\/category\/destaques\/\" class=\"advgb-post-tax-term\">Bordado<\/a>","<a href=\"https:\/\/maismagazine.pt\/index.php\/category\/destaques\/\" class=\"advgb-post-tax-term\">Castelo Branco<\/a>","<a href=\"https:\/\/maismagazine.pt\/index.php\/category\/destaques\/\" class=\"advgb-post-tax-term\">Patrim\u00f3nio Cultural Imaterial<\/a>"],"unlinked":["<span class=\"advgb-post-tax-term\">Bordado<\/span>","<span class=\"advgb-post-tax-term\">Castelo Branco<\/span>","<span class=\"advgb-post-tax-term\">Patrim\u00f3nio Cultural Imaterial<\/span>"]}},"comment_count":"0","relative_dates":{"created":"Posted 1 ano ago","modified":"Updated 1 ano ago"},"absolute_dates":{"created":"Posted on 21 de Fevereiro, 2025","modified":"Updated on 19 de Fevereiro, 2025"},"absolute_dates_time":{"created":"Posted on 21 de Fevereiro, 2025 7:00","modified":"Updated on 19 de Fevereiro, 2025 15:53"},"featured_img_caption":"","series_order":"","_links":{"self":[{"href":"https:\/\/maismagazine.pt\/index.php\/wp-json\/wp\/v2\/posts\/11398","targetHints":{"allow":["GET"]}}],"collection":[{"href":"https:\/\/maismagazine.pt\/index.php\/wp-json\/wp\/v2\/posts"}],"about":[{"href":"https:\/\/maismagazine.pt\/index.php\/wp-json\/wp\/v2\/types\/post"}],"author":[{"embeddable":true,"href":"https:\/\/maismagazine.pt\/index.php\/wp-json\/wp\/v2\/users\/18"}],"replies":[{"embeddable":true,"href":"https:\/\/maismagazine.pt\/index.php\/wp-json\/wp\/v2\/comments?post=11398"}],"version-history":[{"count":1,"href":"https:\/\/maismagazine.pt\/index.php\/wp-json\/wp\/v2\/posts\/11398\/revisions"}],"predecessor-version":[{"id":11421,"href":"https:\/\/maismagazine.pt\/index.php\/wp-json\/wp\/v2\/posts\/11398\/revisions\/11421"}],"wp:featuredmedia":[{"embeddable":true,"href":"https:\/\/maismagazine.pt\/index.php\/wp-json\/wp\/v2\/media\/11412"}],"wp:attachment":[{"href":"https:\/\/maismagazine.pt\/index.php\/wp-json\/wp\/v2\/media?parent=11398"}],"wp:term":[{"taxonomy":"category","embeddable":true,"href":"https:\/\/maismagazine.pt\/index.php\/wp-json\/wp\/v2\/categories?post=11398"},{"taxonomy":"post_tag","embeddable":true,"href":"https:\/\/maismagazine.pt\/index.php\/wp-json\/wp\/v2\/tags?post=11398"}],"curies":[{"name":"wp","href":"https:\/\/api.w.org\/{rel}","templated":true}]}}