{"id":11379,"date":"2025-02-21T07:00:00","date_gmt":"2025-02-21T07:00:00","guid":{"rendered":"https:\/\/maismagazine.pt\/?p=11379"},"modified":"2025-02-19T15:27:34","modified_gmt":"2025-02-19T15:27:34","slug":"filigrana-de-gondomar-patrimonio-cultural-e-imaterial","status":"publish","type":"post","link":"https:\/\/maismagazine.pt\/index.php\/2025\/02\/21\/filigrana-de-gondomar-patrimonio-cultural-e-imaterial\/","title":{"rendered":"Filigrana de Gondomar Patrim\u00f3nio Cultural e Imaterial"},"content":{"rendered":"\n<p><strong>\u201cOuro portugu\u00eas e de Gondomar! Bem-dita terra que tudo produz e cria! A Ourivesaria portuguesa nasceu em Gondomar&#8230;\u201d<\/strong><\/p>\n\n\n\n<p><strong>Camilo de Oliveira<\/strong><\/p>\n\n\n\n<p><\/p>\n\n\n\n<p>Conhecida como a \u201cCapital da Ourivesaria\u201d, \u00e9 na t\u00e9cnica da filigrana e no seu rendilhado que se funde a identidade de Gondomar. A arte da filigrana, com ra\u00edzes que remontam \u00e0 civiliza\u00e7\u00e3o castreja e ao per\u00edodo romano, floresceu no munic\u00edpio a partir do s\u00e9culo XVIII, tornando-se um s\u00edmbolo do saber e da tradi\u00e7\u00e3o local. <\/p>\n\n\n\n<p><\/p>\n\n\n\n<p>Em 1940, o cora\u00e7\u00e3o filigranado foi incorporado no bras\u00e3o do concelho, representando n\u00e3o s\u00f3 a maestria artesanal, mas tamb\u00e9m o impacto econ\u00f3mico e sociocultural desta arte, que atravessa gera\u00e7\u00f5es de artes\u00e3os.<\/p>\n\n\n\n<p><\/p>\n\n\n\n<p>Em 2023, a \u201cFiligrana de Gondomar\u201d foi inclu\u00edda no Invent\u00e1rio Nacional do Patrim\u00f3nio Cultural Ima-terial. Atualmente, Gondomar e P\u00f3voa de Lanhoso, dois n\u00facleos de produ\u00e7\u00e3o por excel\u00eancia desta t\u00e9cnica artesanal, est\u00e3o a trabalhar em conjunto para que a \u201cFiligrana de Portugal\u201d seja classificada como Patrim\u00f3nio Cultural Imaterial da Humanidade pela UNESCO.<\/p>\n\n\n\n<p><\/p>\n\n\n\n<p>Aceite o convite para uma experi\u00eancia \u00fanica na Rota da Filigrana, iniciando sua visita no Museu Municipal da Filigrana de Gondomar. Descubra como o ouro se transforma em arte, explore as oficinas e conhe\u00e7a os mestres artes\u00e3os que mant\u00eam viva esta arte milenar.<\/p>\n\n\n\n<p><\/p>\n\n\n\n<p><a href=\"http:\/\/www.visitgondomar.cm-gondomar.pt\">www.visitgondomar.cm-gondomar.pt<\/a><\/p>\n\n\n\n<p><\/p>\n\n\n<div class=\"wp-block-image\">\n<figure class=\"aligncenter size-large is-resized\"><img loading=\"lazy\" decoding=\"async\" width=\"1024\" height=\"683\" src=\"https:\/\/maismagazine.pt\/wp-content\/uploads\/2025\/02\/identidade_grafica-1024x683.png\" alt=\"\" class=\"wp-image-11393\" style=\"width:387px;height:auto\" srcset=\"https:\/\/maismagazine.pt\/wp-content\/uploads\/2025\/02\/identidade_grafica-1024x683.png 1024w, https:\/\/maismagazine.pt\/wp-content\/uploads\/2025\/02\/identidade_grafica-300x200.png 300w, https:\/\/maismagazine.pt\/wp-content\/uploads\/2025\/02\/identidade_grafica-768x512.png 768w, https:\/\/maismagazine.pt\/wp-content\/uploads\/2025\/02\/identidade_grafica-150x100.png 150w, https:\/\/maismagazine.pt\/wp-content\/uploads\/2025\/02\/identidade_grafica.png 1100w\" sizes=\"auto, (max-width: 1024px) 100vw, 1024px\" \/><\/figure><\/div>\n\n<div class=\"wp-block-image\">\n<figure class=\"aligncenter size-full is-resized\"><img loading=\"lazy\" decoding=\"async\" width=\"667\" height=\"442\" src=\"https:\/\/maismagazine.pt\/wp-content\/uploads\/2025\/02\/Captura-de-ecra-2025-02-19-152450.png\" alt=\"\" class=\"wp-image-11394\" style=\"width:389px;height:auto\" srcset=\"https:\/\/maismagazine.pt\/wp-content\/uploads\/2025\/02\/Captura-de-ecra-2025-02-19-152450.png 667w, https:\/\/maismagazine.pt\/wp-content\/uploads\/2025\/02\/Captura-de-ecra-2025-02-19-152450-300x199.png 300w, https:\/\/maismagazine.pt\/wp-content\/uploads\/2025\/02\/Captura-de-ecra-2025-02-19-152450-150x100.png 150w\" sizes=\"auto, (max-width: 667px) 100vw, 667px\" \/><\/figure><\/div>\n\n\n<p><\/p>\n","protected":false},"excerpt":{"rendered":"<p>\u201cOuro portugu\u00eas e de Gondomar! Bem-dita terra que tudo produz e cria! A Ourivesaria portuguesa nasceu em Gondomar&#8230;\u201d Camilo de Oliveira Conhecida como a \u201cCapital da Ourivesaria\u201d, \u00e9 na t\u00e9cnica da filigrana e no seu rendilhado que se funde a identidade de Gondomar. A arte da filigrana, com ra\u00edzes que&hellip;<\/p>\n","protected":false},"author":18,"featured_media":11388,"comment_status":"closed","ping_status":"open","sticky":false,"template":"","format":"standard","meta":{"advgb_blocks_editor_width":"","advgb_blocks_columns_visual_guide":"","_monsterinsights_skip_tracking":false,"_monsterinsights_sitenote_active":false,"_monsterinsights_sitenote_note":"","_monsterinsights_sitenote_category":0,"footnotes":""},"categories":[9],"tags":[2270,891],"class_list":["post-11379","post","type-post","status-publish","format-standard","has-post-thumbnail","hentry","category-cultura","tag-filigrana","tag-gondomar"],"yoast_head":"<!-- This site is optimized with the Yoast SEO plugin v24.4 - https:\/\/yoast.com\/wordpress\/plugins\/seo\/ -->\n<title>Filigrana de Gondomar Patrim\u00f3nio Cultural e Imaterial - Mais Magazine<\/title>\n<meta name=\"robots\" content=\"index, follow, max-snippet:-1, max-image-preview:large, max-video-preview:-1\" \/>\n<link rel=\"canonical\" href=\"https:\/\/maismagazine.pt\/index.php\/2025\/02\/21\/filigrana-de-gondomar-patrimonio-cultural-e-imaterial\/\" \/>\n<meta property=\"og:locale\" content=\"pt_PT\" \/>\n<meta property=\"og:type\" content=\"article\" \/>\n<meta property=\"og:title\" content=\"Filigrana de Gondomar Patrim\u00f3nio Cultural e Imaterial - Mais Magazine\" \/>\n<meta property=\"og:description\" content=\"\u201cOuro portugu\u00eas e de Gondomar! Bem-dita terra que tudo produz e cria! A Ourivesaria portuguesa nasceu em Gondomar&#8230;\u201d Camilo de Oliveira Conhecida como a \u201cCapital da Ourivesaria\u201d, \u00e9 na t\u00e9cnica da filigrana e no seu rendilhado que se funde a identidade de Gondomar. A arte da filigrana, com ra\u00edzes que&hellip;\" \/>\n<meta property=\"og:url\" content=\"https:\/\/maismagazine.pt\/index.php\/2025\/02\/21\/filigrana-de-gondomar-patrimonio-cultural-e-imaterial\/\" \/>\n<meta property=\"og:site_name\" content=\"Mais Magazine\" \/>\n<meta property=\"article:published_time\" content=\"2025-02-21T07:00:00+00:00\" \/>\n<meta property=\"og:image\" content=\"https:\/\/maismagazine.pt\/wp-content\/uploads\/2025\/02\/Filigrana_DSC_1697.jpg\" \/>\n\t<meta property=\"og:image:width\" content=\"1032\" \/>\n\t<meta property=\"og:image:height\" content=\"688\" \/>\n\t<meta property=\"og:image:type\" content=\"image\/jpeg\" \/>\n<meta name=\"author\" content=\"Tatiana Martins\" \/>\n<meta name=\"twitter:card\" content=\"summary_large_image\" \/>\n<meta name=\"twitter:label1\" content=\"Escrito por\" \/>\n\t<meta name=\"twitter:data1\" content=\"\" \/>\n\t<meta name=\"twitter:label2\" content=\"Tempo estimado de leitura\" \/>\n\t<meta name=\"twitter:data2\" content=\"2 minutos\" \/>\n<script type=\"application\/ld+json\" class=\"yoast-schema-graph\">{\"@context\":\"https:\/\/schema.org\",\"@graph\":[{\"@type\":\"Article\",\"@id\":\"https:\/\/maismagazine.pt\/index.php\/2025\/02\/21\/filigrana-de-gondomar-patrimonio-cultural-e-imaterial\/#article\",\"isPartOf\":{\"@id\":\"https:\/\/maismagazine.pt\/index.php\/2025\/02\/21\/filigrana-de-gondomar-patrimonio-cultural-e-imaterial\/\"},\"author\":{\"name\":\"Tatiana Martins\",\"@id\":\"https:\/\/maismagazine.pt\/#\/schema\/person\/7426e2caeb8df32a1b56aa48dae778c9\"},\"headline\":\"Filigrana de Gondomar Patrim\u00f3nio Cultural e Imaterial\",\"datePublished\":\"2025-02-21T07:00:00+00:00\",\"mainEntityOfPage\":{\"@id\":\"https:\/\/maismagazine.pt\/index.php\/2025\/02\/21\/filigrana-de-gondomar-patrimonio-cultural-e-imaterial\/\"},\"wordCount\":238,\"publisher\":{\"@id\":\"https:\/\/maismagazine.pt\/#organization\"},\"image\":{\"@id\":\"https:\/\/maismagazine.pt\/index.php\/2025\/02\/21\/filigrana-de-gondomar-patrimonio-cultural-e-imaterial\/#primaryimage\"},\"thumbnailUrl\":\"https:\/\/maismagazine.pt\/wp-content\/uploads\/2025\/02\/Filigrana_DSC_1697.jpg\",\"keywords\":[\"Filigrana\",\"Gondomar\"],\"articleSection\":[\"Cultura\"],\"inLanguage\":\"pt-PT\"},{\"@type\":\"WebPage\",\"@id\":\"https:\/\/maismagazine.pt\/index.php\/2025\/02\/21\/filigrana-de-gondomar-patrimonio-cultural-e-imaterial\/\",\"url\":\"https:\/\/maismagazine.pt\/index.php\/2025\/02\/21\/filigrana-de-gondomar-patrimonio-cultural-e-imaterial\/\",\"name\":\"Filigrana de Gondomar Patrim\u00f3nio Cultural e Imaterial - Mais Magazine\",\"isPartOf\":{\"@id\":\"https:\/\/maismagazine.pt\/#website\"},\"primaryImageOfPage\":{\"@id\":\"https:\/\/maismagazine.pt\/index.php\/2025\/02\/21\/filigrana-de-gondomar-patrimonio-cultural-e-imaterial\/#primaryimage\"},\"image\":{\"@id\":\"https:\/\/maismagazine.pt\/index.php\/2025\/02\/21\/filigrana-de-gondomar-patrimonio-cultural-e-imaterial\/#primaryimage\"},\"thumbnailUrl\":\"https:\/\/maismagazine.pt\/wp-content\/uploads\/2025\/02\/Filigrana_DSC_1697.jpg\",\"datePublished\":\"2025-02-21T07:00:00+00:00\",\"breadcrumb\":{\"@id\":\"https:\/\/maismagazine.pt\/index.php\/2025\/02\/21\/filigrana-de-gondomar-patrimonio-cultural-e-imaterial\/#breadcrumb\"},\"inLanguage\":\"pt-PT\",\"potentialAction\":[{\"@type\":\"ReadAction\",\"target\":[\"https:\/\/maismagazine.pt\/index.php\/2025\/02\/21\/filigrana-de-gondomar-patrimonio-cultural-e-imaterial\/\"]}]},{\"@type\":\"ImageObject\",\"inLanguage\":\"pt-PT\",\"@id\":\"https:\/\/maismagazine.pt\/index.php\/2025\/02\/21\/filigrana-de-gondomar-patrimonio-cultural-e-imaterial\/#primaryimage\",\"url\":\"https:\/\/maismagazine.pt\/wp-content\/uploads\/2025\/02\/Filigrana_DSC_1697.jpg\",\"contentUrl\":\"https:\/\/maismagazine.pt\/wp-content\/uploads\/2025\/02\/Filigrana_DSC_1697.jpg\",\"width\":1032,\"height\":688},{\"@type\":\"BreadcrumbList\",\"@id\":\"https:\/\/maismagazine.pt\/index.php\/2025\/02\/21\/filigrana-de-gondomar-patrimonio-cultural-e-imaterial\/#breadcrumb\",\"itemListElement\":[{\"@type\":\"ListItem\",\"position\":1,\"name\":\"Home\",\"item\":\"https:\/\/maismagazine.pt\/\"},{\"@type\":\"ListItem\",\"position\":2,\"name\":\"Filigrana de Gondomar Patrim\u00f3nio Cultural e Imaterial\"}]},{\"@type\":\"WebSite\",\"@id\":\"https:\/\/maismagazine.pt\/#website\",\"url\":\"https:\/\/maismagazine.pt\/\",\"name\":\"Mais Magazine\",\"description\":\"\",\"publisher\":{\"@id\":\"https:\/\/maismagazine.pt\/#organization\"},\"potentialAction\":[{\"@type\":\"SearchAction\",\"target\":{\"@type\":\"EntryPoint\",\"urlTemplate\":\"https:\/\/maismagazine.pt\/?s={search_term_string}\"},\"query-input\":{\"@type\":\"PropertyValueSpecification\",\"valueRequired\":true,\"valueName\":\"search_term_string\"}}],\"inLanguage\":\"pt-PT\"},{\"@type\":\"Organization\",\"@id\":\"https:\/\/maismagazine.pt\/#organization\",\"name\":\"Mais Magazine\",\"url\":\"https:\/\/maismagazine.pt\/\",\"logo\":{\"@type\":\"ImageObject\",\"inLanguage\":\"pt-PT\",\"@id\":\"https:\/\/maismagazine.pt\/#\/schema\/logo\/image\/\",\"url\":\"https:\/\/maismagazine.pt\/wp-content\/uploads\/2020\/04\/cropped-cropped-mais-magazine-site-logo-2.png\",\"contentUrl\":\"https:\/\/maismagazine.pt\/wp-content\/uploads\/2020\/04\/cropped-cropped-mais-magazine-site-logo-2.png\",\"width\":581,\"height\":90,\"caption\":\"Mais Magazine\"},\"image\":{\"@id\":\"https:\/\/maismagazine.pt\/#\/schema\/logo\/image\/\"}},{\"@type\":\"Person\",\"@id\":\"https:\/\/maismagazine.pt\/#\/schema\/person\/7426e2caeb8df32a1b56aa48dae778c9\",\"name\":\"Tatiana Martins\",\"image\":{\"@type\":\"ImageObject\",\"inLanguage\":\"pt-PT\",\"@id\":\"https:\/\/maismagazine.pt\/#\/schema\/person\/image\/\",\"url\":\"https:\/\/secure.gravatar.com\/avatar\/4b24a57f5d0425f2eb20981c4b53244e?s=96&d=mm&r=g\",\"contentUrl\":\"https:\/\/secure.gravatar.com\/avatar\/4b24a57f5d0425f2eb20981c4b53244e?s=96&d=mm&r=g\",\"caption\":\"Tatiana Martins\"},\"url\":\"https:\/\/maismagazine.pt\/index.php\/author\/tatiana\/\"}]}<\/script>\n<!-- \/ Yoast SEO plugin. -->","yoast_head_json":{"title":"Filigrana de Gondomar Patrim\u00f3nio Cultural e Imaterial - Mais Magazine","robots":{"index":"index","follow":"follow","max-snippet":"max-snippet:-1","max-image-preview":"max-image-preview:large","max-video-preview":"max-video-preview:-1"},"canonical":"https:\/\/maismagazine.pt\/index.php\/2025\/02\/21\/filigrana-de-gondomar-patrimonio-cultural-e-imaterial\/","og_locale":"pt_PT","og_type":"article","og_title":"Filigrana de Gondomar Patrim\u00f3nio Cultural e Imaterial - Mais Magazine","og_description":"\u201cOuro portugu\u00eas e de Gondomar! Bem-dita terra que tudo produz e cria! A Ourivesaria portuguesa nasceu em Gondomar&#8230;\u201d Camilo de Oliveira Conhecida como a \u201cCapital da Ourivesaria\u201d, \u00e9 na t\u00e9cnica da filigrana e no seu rendilhado que se funde a identidade de Gondomar. A arte da filigrana, com ra\u00edzes que&hellip;","og_url":"https:\/\/maismagazine.pt\/index.php\/2025\/02\/21\/filigrana-de-gondomar-patrimonio-cultural-e-imaterial\/","og_site_name":"Mais Magazine","article_published_time":"2025-02-21T07:00:00+00:00","og_image":[{"width":1032,"height":688,"url":"https:\/\/maismagazine.pt\/wp-content\/uploads\/2025\/02\/Filigrana_DSC_1697.jpg","type":"image\/jpeg"}],"author":"Tatiana Martins","twitter_card":"summary_large_image","twitter_misc":{"Escrito por":false,"Tempo estimado de leitura":"2 minutos"},"schema":{"@context":"https:\/\/schema.org","@graph":[{"@type":"Article","@id":"https:\/\/maismagazine.pt\/index.php\/2025\/02\/21\/filigrana-de-gondomar-patrimonio-cultural-e-imaterial\/#article","isPartOf":{"@id":"https:\/\/maismagazine.pt\/index.php\/2025\/02\/21\/filigrana-de-gondomar-patrimonio-cultural-e-imaterial\/"},"author":{"name":"Tatiana Martins","@id":"https:\/\/maismagazine.pt\/#\/schema\/person\/7426e2caeb8df32a1b56aa48dae778c9"},"headline":"Filigrana de Gondomar Patrim\u00f3nio Cultural e Imaterial","datePublished":"2025-02-21T07:00:00+00:00","mainEntityOfPage":{"@id":"https:\/\/maismagazine.pt\/index.php\/2025\/02\/21\/filigrana-de-gondomar-patrimonio-cultural-e-imaterial\/"},"wordCount":238,"publisher":{"@id":"https:\/\/maismagazine.pt\/#organization"},"image":{"@id":"https:\/\/maismagazine.pt\/index.php\/2025\/02\/21\/filigrana-de-gondomar-patrimonio-cultural-e-imaterial\/#primaryimage"},"thumbnailUrl":"https:\/\/maismagazine.pt\/wp-content\/uploads\/2025\/02\/Filigrana_DSC_1697.jpg","keywords":["Filigrana","Gondomar"],"articleSection":["Cultura"],"inLanguage":"pt-PT"},{"@type":"WebPage","@id":"https:\/\/maismagazine.pt\/index.php\/2025\/02\/21\/filigrana-de-gondomar-patrimonio-cultural-e-imaterial\/","url":"https:\/\/maismagazine.pt\/index.php\/2025\/02\/21\/filigrana-de-gondomar-patrimonio-cultural-e-imaterial\/","name":"Filigrana de Gondomar Patrim\u00f3nio Cultural e Imaterial - Mais Magazine","isPartOf":{"@id":"https:\/\/maismagazine.pt\/#website"},"primaryImageOfPage":{"@id":"https:\/\/maismagazine.pt\/index.php\/2025\/02\/21\/filigrana-de-gondomar-patrimonio-cultural-e-imaterial\/#primaryimage"},"image":{"@id":"https:\/\/maismagazine.pt\/index.php\/2025\/02\/21\/filigrana-de-gondomar-patrimonio-cultural-e-imaterial\/#primaryimage"},"thumbnailUrl":"https:\/\/maismagazine.pt\/wp-content\/uploads\/2025\/02\/Filigrana_DSC_1697.jpg","datePublished":"2025-02-21T07:00:00+00:00","breadcrumb":{"@id":"https:\/\/maismagazine.pt\/index.php\/2025\/02\/21\/filigrana-de-gondomar-patrimonio-cultural-e-imaterial\/#breadcrumb"},"inLanguage":"pt-PT","potentialAction":[{"@type":"ReadAction","target":["https:\/\/maismagazine.pt\/index.php\/2025\/02\/21\/filigrana-de-gondomar-patrimonio-cultural-e-imaterial\/"]}]},{"@type":"ImageObject","inLanguage":"pt-PT","@id":"https:\/\/maismagazine.pt\/index.php\/2025\/02\/21\/filigrana-de-gondomar-patrimonio-cultural-e-imaterial\/#primaryimage","url":"https:\/\/maismagazine.pt\/wp-content\/uploads\/2025\/02\/Filigrana_DSC_1697.jpg","contentUrl":"https:\/\/maismagazine.pt\/wp-content\/uploads\/2025\/02\/Filigrana_DSC_1697.jpg","width":1032,"height":688},{"@type":"BreadcrumbList","@id":"https:\/\/maismagazine.pt\/index.php\/2025\/02\/21\/filigrana-de-gondomar-patrimonio-cultural-e-imaterial\/#breadcrumb","itemListElement":[{"@type":"ListItem","position":1,"name":"Home","item":"https:\/\/maismagazine.pt\/"},{"@type":"ListItem","position":2,"name":"Filigrana de Gondomar Patrim\u00f3nio Cultural e Imaterial"}]},{"@type":"WebSite","@id":"https:\/\/maismagazine.pt\/#website","url":"https:\/\/maismagazine.pt\/","name":"Mais Magazine","description":"","publisher":{"@id":"https:\/\/maismagazine.pt\/#organization"},"potentialAction":[{"@type":"SearchAction","target":{"@type":"EntryPoint","urlTemplate":"https:\/\/maismagazine.pt\/?s={search_term_string}"},"query-input":{"@type":"PropertyValueSpecification","valueRequired":true,"valueName":"search_term_string"}}],"inLanguage":"pt-PT"},{"@type":"Organization","@id":"https:\/\/maismagazine.pt\/#organization","name":"Mais Magazine","url":"https:\/\/maismagazine.pt\/","logo":{"@type":"ImageObject","inLanguage":"pt-PT","@id":"https:\/\/maismagazine.pt\/#\/schema\/logo\/image\/","url":"https:\/\/maismagazine.pt\/wp-content\/uploads\/2020\/04\/cropped-cropped-mais-magazine-site-logo-2.png","contentUrl":"https:\/\/maismagazine.pt\/wp-content\/uploads\/2020\/04\/cropped-cropped-mais-magazine-site-logo-2.png","width":581,"height":90,"caption":"Mais Magazine"},"image":{"@id":"https:\/\/maismagazine.pt\/#\/schema\/logo\/image\/"}},{"@type":"Person","@id":"https:\/\/maismagazine.pt\/#\/schema\/person\/7426e2caeb8df32a1b56aa48dae778c9","name":"Tatiana Martins","image":{"@type":"ImageObject","inLanguage":"pt-PT","@id":"https:\/\/maismagazine.pt\/#\/schema\/person\/image\/","url":"https:\/\/secure.gravatar.com\/avatar\/4b24a57f5d0425f2eb20981c4b53244e?s=96&d=mm&r=g","contentUrl":"https:\/\/secure.gravatar.com\/avatar\/4b24a57f5d0425f2eb20981c4b53244e?s=96&d=mm&r=g","caption":"Tatiana Martins"},"url":"https:\/\/maismagazine.pt\/index.php\/author\/tatiana\/"}]}},"author_meta":{"display_name":false,"author_link":"https:\/\/maismagazine.pt\/index.php\/author\/tatiana\/"},"featured_img":"https:\/\/maismagazine.pt\/wp-content\/uploads\/2025\/02\/Filigrana_DSC_1697-300x200.jpg","coauthors":[],"tax_additional":{"categories":{"linked":["<a href=\"https:\/\/maismagazine.pt\/index.php\/category\/cultura\/\" class=\"advgb-post-tax-term\">Cultura<\/a>"],"unlinked":["<span class=\"advgb-post-tax-term\">Cultura<\/span>"]},"tags":{"linked":["<a href=\"https:\/\/maismagazine.pt\/index.php\/category\/cultura\/\" class=\"advgb-post-tax-term\">Filigrana<\/a>","<a href=\"https:\/\/maismagazine.pt\/index.php\/category\/cultura\/\" class=\"advgb-post-tax-term\">Gondomar<\/a>"],"unlinked":["<span class=\"advgb-post-tax-term\">Filigrana<\/span>","<span class=\"advgb-post-tax-term\">Gondomar<\/span>"]}},"comment_count":"0","relative_dates":{"created":"Posted 1 ano ago","modified":"Updated 1 ano ago"},"absolute_dates":{"created":"Posted on 21 de Fevereiro, 2025","modified":"Updated on 19 de Fevereiro, 2025"},"absolute_dates_time":{"created":"Posted on 21 de Fevereiro, 2025 7:00","modified":"Updated on 19 de Fevereiro, 2025 15:27"},"featured_img_caption":"","series_order":"","_links":{"self":[{"href":"https:\/\/maismagazine.pt\/index.php\/wp-json\/wp\/v2\/posts\/11379","targetHints":{"allow":["GET"]}}],"collection":[{"href":"https:\/\/maismagazine.pt\/index.php\/wp-json\/wp\/v2\/posts"}],"about":[{"href":"https:\/\/maismagazine.pt\/index.php\/wp-json\/wp\/v2\/types\/post"}],"author":[{"embeddable":true,"href":"https:\/\/maismagazine.pt\/index.php\/wp-json\/wp\/v2\/users\/18"}],"replies":[{"embeddable":true,"href":"https:\/\/maismagazine.pt\/index.php\/wp-json\/wp\/v2\/comments?post=11379"}],"version-history":[{"count":1,"href":"https:\/\/maismagazine.pt\/index.php\/wp-json\/wp\/v2\/posts\/11379\/revisions"}],"predecessor-version":[{"id":11396,"href":"https:\/\/maismagazine.pt\/index.php\/wp-json\/wp\/v2\/posts\/11379\/revisions\/11396"}],"wp:featuredmedia":[{"embeddable":true,"href":"https:\/\/maismagazine.pt\/index.php\/wp-json\/wp\/v2\/media\/11388"}],"wp:attachment":[{"href":"https:\/\/maismagazine.pt\/index.php\/wp-json\/wp\/v2\/media?parent=11379"}],"wp:term":[{"taxonomy":"category","embeddable":true,"href":"https:\/\/maismagazine.pt\/index.php\/wp-json\/wp\/v2\/categories?post=11379"},{"taxonomy":"post_tag","embeddable":true,"href":"https:\/\/maismagazine.pt\/index.php\/wp-json\/wp\/v2\/tags?post=11379"}],"curies":[{"name":"wp","href":"https:\/\/api.w.org\/{rel}","templated":true}]}}