{"id":11377,"date":"2025-02-21T07:00:00","date_gmt":"2025-02-21T07:00:00","guid":{"rendered":"https:\/\/maismagazine.pt\/?p=11377"},"modified":"2025-02-19T15:22:09","modified_gmt":"2025-02-19T15:22:09","slug":"sampedro-um-legado-centenario-entretecido-em-qualidade-e-inovacao","status":"publish","type":"post","link":"https:\/\/maismagazine.pt\/index.php\/2025\/02\/21\/sampedro-um-legado-centenario-entretecido-em-qualidade-e-inovacao\/","title":{"rendered":"Sampedro: Um legado centen\u00e1rio entretecido em qualidade e inova\u00e7\u00e3o"},"content":{"rendered":"\n<p><strong>Da cidade ber\u00e7o para o mundo, \u00e9 o caminho trilhado pela <a href=\"https:\/\/sampedro.pt\/\">Sampedro<\/a> no decorrer dos seus mais de 100 anos de atividade. Fundada em 1921, \u00e9 a mais antiga empresa de t\u00eaxteis-lar em Portugal, sendo atualmente l\u00edder internacional e uma das poucas empresas verticais no pa\u00eds, abrangendo todas as fases do processo produtivo, desde o fio at\u00e9 ao produto final. <\/strong><\/p>\n\n\n\n<p>Com origem na cidade de Guimar\u00e3es, numa \u00e9poca em que o setor dos t\u00eaxteis come\u00e7ava a ganhar f\u00f4lego naquela regi\u00e3o, a Sampedro \u00e9 uma empresa familiar que surgiu de um sonho audacioso que levou os tr\u00eas fundadores &#8211; os irm\u00e3os Eduardo e \u00c1lvaro Machado e o comerciante Lu\u00eds Eug\u00e9nio Braga &#8211; a arriscar e investir no mundo da ind\u00fastria t\u00eaxtil. A tradi\u00e7\u00e3o que marcou o in\u00edcio da empresa, focada na produ\u00e7\u00e3o de tecidos de linho para len\u00e7\u00f3is e atoalhados, continua profundamente enraizada na sua cultura. Com o passar dos anos, a Sampedro diversificou a sua oferta, integrando produtos em algod\u00e3o, poli\u00e9ster\/algod\u00e3o e felpos. Foi pioneira em Portugal ao introduzir pano de len\u00e7ol com padr\u00f5es de xadrez, riscas e estampados, que rapidamente conquistaram o mercado. Este sucesso, aliado ao lan\u00e7amento de outras linhas inovadoras, garantiu \u00e0 marca um reconhecimento que perdura at\u00e9 hoje.  <\/p>\n\n\n\n<p>Atualmente, a marca 100% portuguesa \u00e9 representada por um membro da fam\u00edlia, Sim\u00e3o Gomes, presidente do Conselho de Administra\u00e7\u00e3o. Para al\u00e9m da qualidade dos seus tecidos e das linhas inovadoras dos mesmos, a Sampedro destaca-se precisamente pela sua longevidade, tal como afirma o CEO da empresa vimaranense. \u201cUm orgulho desmedido pelo que constru\u00edmos. S\u00e3o 100 anos de hist\u00f3rias e de est\u00f3rias de muitas gentes, marcados por obst\u00e1culos e desafios que nos prepararam para o que somos hoje. Somos uma empresa reconhecida nacional e internacionalmente pela qualidade dos seus produtos, pela seriedade, transpar\u00eancia e credibilidade na condu\u00e7\u00e3o do neg\u00f3cio. E, o mais importante de tudo, somos uma empresa que cria e valoriza o emprego\u201d.   <\/p>\n\n\n\n<p>Hoje, reconhecida a n\u00edvel nacional e internacional pela qualidade dos seus produtos e pela seriedade, transpar\u00eancia e credibilidade na condu\u00e7\u00e3o dos neg\u00f3cios, a Sampedro tem uma presen\u00e7a muito forte no mercado externo. Neste momento, a empresa exporta grande parte da sua produ\u00e7\u00e3o para 33 pa\u00edses, sendo que mais de 90% t\u00eam como destino o Reino Unido, EUA, Su\u00ed\u00e7a, Espanha, It\u00e1lia, Su\u00e9cia e Holanda. Sim\u00e3o Gomes acrescenta ainda que s\u00e3o \u201cuma empresa que gera neg\u00f3cio e riqueza para o pa\u00eds, que privilegia o pequeno cliente e a venda personalizada em detrimento da venda em massa\u201d. <\/p>\n\n\n\n<figure class=\"wp-block-gallery has-nested-images columns-default is-cropped wp-block-gallery-1 is-layout-flex wp-block-gallery-is-layout-flex\">\n<figure class=\"wp-block-image size-large\"><img loading=\"lazy\" decoding=\"async\" width=\"767\" height=\"1024\" data-id=\"11381\" src=\"https:\/\/maismagazine.pt\/wp-content\/uploads\/2025\/02\/22-35D-CO23-10GD--767x1024.jpg\" alt=\"\" class=\"wp-image-11381\" srcset=\"https:\/\/maismagazine.pt\/wp-content\/uploads\/2025\/02\/22-35D-CO23-10GD--767x1024.jpg 767w, https:\/\/maismagazine.pt\/wp-content\/uploads\/2025\/02\/22-35D-CO23-10GD--225x300.jpg 225w, https:\/\/maismagazine.pt\/wp-content\/uploads\/2025\/02\/22-35D-CO23-10GD--768x1025.jpg 768w, https:\/\/maismagazine.pt\/wp-content\/uploads\/2025\/02\/22-35D-CO23-10GD--1151x1536.jpg 1151w, https:\/\/maismagazine.pt\/wp-content\/uploads\/2025\/02\/22-35D-CO23-10GD--1535x2048.jpg 1535w, https:\/\/maismagazine.pt\/wp-content\/uploads\/2025\/02\/22-35D-CO23-10GD--scaled.jpg 1918w\" sizes=\"auto, (max-width: 767px) 100vw, 767px\" \/><\/figure>\n\n\n\n<figure class=\"wp-block-image size-large\"><img loading=\"lazy\" decoding=\"async\" width=\"819\" height=\"1024\" data-id=\"11380\" src=\"https:\/\/maismagazine.pt\/wp-content\/uploads\/2025\/02\/LMTFCA7030-23-29-LMTFCA7030-23-30-819x1024.jpg\" alt=\"\" class=\"wp-image-11380\" srcset=\"https:\/\/maismagazine.pt\/wp-content\/uploads\/2025\/02\/LMTFCA7030-23-29-LMTFCA7030-23-30-819x1024.jpg 819w, https:\/\/maismagazine.pt\/wp-content\/uploads\/2025\/02\/LMTFCA7030-23-29-LMTFCA7030-23-30-240x300.jpg 240w, https:\/\/maismagazine.pt\/wp-content\/uploads\/2025\/02\/LMTFCA7030-23-29-LMTFCA7030-23-30-768x960.jpg 768w, https:\/\/maismagazine.pt\/wp-content\/uploads\/2025\/02\/LMTFCA7030-23-29-LMTFCA7030-23-30-1229x1536.jpg 1229w, https:\/\/maismagazine.pt\/wp-content\/uploads\/2025\/02\/LMTFCA7030-23-29-LMTFCA7030-23-30-1638x2048.jpg 1638w, https:\/\/maismagazine.pt\/wp-content\/uploads\/2025\/02\/LMTFCA7030-23-29-LMTFCA7030-23-30-scaled.jpg 2048w\" sizes=\"auto, (max-width: 819px) 100vw, 819px\" \/><\/figure>\n<\/figure>\n\n\n\n<p>A Sampedro desenvolve as suas cole\u00e7\u00f5es com base nas tend\u00eancias de cada esta\u00e7\u00e3o e num conhecimento aprofundado do estilo dos seus clientes mais relevantes. Desde sempre, reconheceu o papel fundamental do design como fator estrat\u00e9gico e competitivo. Paralelamente, mant\u00e9m um compromisso firme com a qualidade, investindo continuamente em processos produtivos modernos e em controlos rigorosos, assegurando que cada produto corresponda aos mais elevados padr\u00f5es de exig\u00eancia. Neste sentido, as v\u00e1rias premia\u00e7\u00f5es que a empresa tem arrecadado ao longo das d\u00e9cadas \u00e9 o testemunho vivo da qualidade do trabalho desenvolvido, destacando-se o estatuto de PME L\u00edder (desde 2008), a certifica\u00e7\u00e3o do Sistema de Gest\u00e3o da Qualidade segundo as normas ISSO 9001:2015, a certifica\u00e7\u00e3o GOTS (Global Organic Textile), bem como o facto de serem membros de organiza\u00e7\u00f5es internacionais de responsabilidade social\/ambiental como a SMETA (Sedex Members Ethical Trade) e a BCI (Better Cotton Initiative). <\/p>\n\n\n\n<p>Sempre atenta \u00e0s preocupa\u00e7\u00f5es ambientais, a Sampedro encerra em 2025 um investimento que permitiu \u00e0 empresa reduzir a pegada carb\u00f3nica em 60%, atrav\u00e9s da aquisi\u00e7\u00e3o de uma caldeira de biomassa e de sistemas de recupera\u00e7\u00e3o de energia t\u00e9rmica na tinturaria e nos acabamentos. At\u00e9 ao final de 2025 prev\u00ea-se tamb\u00e9m o aumento do parque solar, de forma a cobrir 25% das necessidades el\u00e9tricas atuais. A Sampedro tem vindo a implementar uma s\u00e9rie de medidas, tais como a obten\u00e7\u00e3o da certifica\u00e7\u00e3o internacional Oeko-tex Standard 100, um sistema de certifica\u00e7\u00e3o para mat\u00e9rias-primas e produtos do setor t\u00eaxtil, cujo objetivo \u00e9 alcan\u00e7ar produtos isentos de subst\u00e2ncias nocivas para a sa\u00fade humana. A empresa tem ainda apostado em fibras eco-friendly nas suas cole\u00e7\u00f5es, introduzindo mat\u00e9rias-primas sustent\u00e1veis como c\u00e2nhamo, estopa, lyocell e bambu. Para al\u00e9m disso, aumentou a produ\u00e7\u00e3o de linho em mais de 47%, sendo esta a fibra mais ecol\u00f3gica de todas. No \u00e2mbito do processo produtivo e comercial, a Sampedro aposta na finaliza\u00e7\u00e3o da \u00faltima fase de investimento no parque produtivo, na constru\u00e7\u00e3o de um armaz\u00e9m log\u00edstico, na renova\u00e7\u00e3o de algumas infraestruturas, na digitaliza\u00e7\u00e3o do ch\u00e3o de f\u00e1brica e, paralelamente, na procura de mercados para os produtos de valor acrescentado e na dinamiza\u00e7\u00e3o de um estudo com vista \u00e0 venda direta ao p\u00fablico com marca pr\u00f3pria a criar.   <\/p>\n\n\n\n<p>Com cento e quatro anos de hist\u00f3ria, o balan\u00e7o \u00e9 extremamente positivo. Ao longo de quatro gera\u00e7\u00f5es, a empresa de Guimar\u00e3es soube manter-se forte e bem organizada. O futuro permanece como uma p\u00e1gina por escrever, onde a Sampedro ambiciona continuar a tra\u00e7ar uma trajet\u00f3ria de sucesso, preparada para enfrentar mais um s\u00e9culo na lideran\u00e7a da ind\u00fastria t\u00eaxtil. Como concluiu o seu CEO, \u201cuma grande fam\u00edlia a trabalhar arduamente para mais 100 anos de sucesso!&#8221;  <\/p>\n\n\n<div class=\"wp-block-image\">\n<figure class=\"aligncenter size-large is-resized\"><img loading=\"lazy\" decoding=\"async\" width=\"1024\" height=\"389\" src=\"https:\/\/maismagazine.pt\/wp-content\/uploads\/2025\/02\/Sampedro_LogoAzul-1024x389.jpg\" alt=\"\" class=\"wp-image-11382\" style=\"width:405px;height:auto\" srcset=\"https:\/\/maismagazine.pt\/wp-content\/uploads\/2025\/02\/Sampedro_LogoAzul-1024x389.jpg 1024w, https:\/\/maismagazine.pt\/wp-content\/uploads\/2025\/02\/Sampedro_LogoAzul-300x114.jpg 300w, https:\/\/maismagazine.pt\/wp-content\/uploads\/2025\/02\/Sampedro_LogoAzul-768x292.jpg 768w, https:\/\/maismagazine.pt\/wp-content\/uploads\/2025\/02\/Sampedro_LogoAzul.jpg 1525w\" sizes=\"auto, (max-width: 1024px) 100vw, 1024px\" \/><\/figure><\/div>","protected":false},"excerpt":{"rendered":"<p>Da cidade ber\u00e7o para o mundo, \u00e9 o caminho trilhado pela Sampedro no decorrer dos seus mais de 100 anos de atividade. Fundada em 1921, \u00e9 a mais antiga empresa de t\u00eaxteis-lar em Portugal, sendo atualmente l\u00edder internacional e uma das poucas empresas verticais no pa\u00eds, abrangendo todas as fases&hellip;<\/p>\n","protected":false},"author":17,"featured_media":11384,"comment_status":"closed","ping_status":"open","sticky":false,"template":"","format":"standard","meta":{"advgb_blocks_editor_width":"","advgb_blocks_columns_visual_guide":"","_monsterinsights_skip_tracking":false,"_monsterinsights_sitenote_active":false,"_monsterinsights_sitenote_note":"","_monsterinsights_sitenote_category":0,"footnotes":""},"categories":[6],"tags":[1725],"class_list":["post-11377","post","type-post","status-publish","format-standard","has-post-thumbnail","hentry","category-empreendedorismo","tag-sampedro"],"yoast_head":"<!-- This site is optimized with the Yoast SEO plugin v24.4 - https:\/\/yoast.com\/wordpress\/plugins\/seo\/ -->\n<title>Sampedro: Um legado centen\u00e1rio entretecido em qualidade e inova\u00e7\u00e3o - Mais Magazine<\/title>\n<meta name=\"description\" content=\"Da cidade ber\u00e7o para o mundo, \u00e9 o caminho trilhado pela Sampedro no decorrer dos seus mais de 100 anos de atividade. Fundada em 1921, \u00e9 a mais antiga empresa de t\u00eaxteis-lar em Portugal, sendo atualmente l\u00edder internacional e uma das poucas empresas verticais no pa\u00eds, abrangendo todas as fases do processo produtivo, desde o fio at\u00e9 ao produto final.\" \/>\n<meta name=\"robots\" content=\"index, follow, max-snippet:-1, max-image-preview:large, max-video-preview:-1\" \/>\n<link rel=\"canonical\" href=\"https:\/\/maismagazine.pt\/index.php\/2025\/02\/21\/sampedro-um-legado-centenario-entretecido-em-qualidade-e-inovacao\/\" \/>\n<meta property=\"og:locale\" content=\"pt_PT\" \/>\n<meta property=\"og:type\" content=\"article\" \/>\n<meta property=\"og:title\" content=\"Sampedro: Um legado centen\u00e1rio entretecido em qualidade e inova\u00e7\u00e3o - Mais Magazine\" \/>\n<meta property=\"og:description\" content=\"Da cidade ber\u00e7o para o mundo, \u00e9 o caminho trilhado pela Sampedro no decorrer dos seus mais de 100 anos de atividade. Fundada em 1921, \u00e9 a mais antiga empresa de t\u00eaxteis-lar em Portugal, sendo atualmente l\u00edder internacional e uma das poucas empresas verticais no pa\u00eds, abrangendo todas as fases do processo produtivo, desde o fio at\u00e9 ao produto final.\" \/>\n<meta property=\"og:url\" content=\"https:\/\/maismagazine.pt\/index.php\/2025\/02\/21\/sampedro-um-legado-centenario-entretecido-em-qualidade-e-inovacao\/\" \/>\n<meta property=\"og:site_name\" content=\"Mais Magazine\" \/>\n<meta property=\"article:published_time\" content=\"2025-02-21T07:00:00+00:00\" \/>\n<meta property=\"og:image\" content=\"https:\/\/maismagazine.pt\/wp-content\/uploads\/2025\/02\/AF_banner_pt_texto_completo-1.png\" \/>\n\t<meta property=\"og:image:width\" content=\"1200\" \/>\n\t<meta property=\"og:image:height\" content=\"450\" \/>\n\t<meta property=\"og:image:type\" content=\"image\/png\" \/>\n<meta name=\"author\" content=\"Tiago Costa\" \/>\n<meta name=\"twitter:card\" content=\"summary_large_image\" \/>\n<meta name=\"twitter:label1\" content=\"Escrito por\" \/>\n\t<meta name=\"twitter:data1\" content=\"\" \/>\n\t<meta name=\"twitter:label2\" content=\"Tempo estimado de leitura\" \/>\n\t<meta name=\"twitter:data2\" content=\"6 minutos\" \/>\n<script type=\"application\/ld+json\" class=\"yoast-schema-graph\">{\"@context\":\"https:\/\/schema.org\",\"@graph\":[{\"@type\":\"Article\",\"@id\":\"https:\/\/maismagazine.pt\/index.php\/2025\/02\/21\/sampedro-um-legado-centenario-entretecido-em-qualidade-e-inovacao\/#article\",\"isPartOf\":{\"@id\":\"https:\/\/maismagazine.pt\/index.php\/2025\/02\/21\/sampedro-um-legado-centenario-entretecido-em-qualidade-e-inovacao\/\"},\"author\":{\"name\":\"Tiago Costa\",\"@id\":\"https:\/\/maismagazine.pt\/#\/schema\/person\/c6c5bfccc886434cbd11c74e035f9646\"},\"headline\":\"Sampedro: Um legado centen\u00e1rio entretecido em qualidade e inova\u00e7\u00e3o\",\"datePublished\":\"2025-02-21T07:00:00+00:00\",\"mainEntityOfPage\":{\"@id\":\"https:\/\/maismagazine.pt\/index.php\/2025\/02\/21\/sampedro-um-legado-centenario-entretecido-em-qualidade-e-inovacao\/\"},\"wordCount\":943,\"publisher\":{\"@id\":\"https:\/\/maismagazine.pt\/#organization\"},\"image\":{\"@id\":\"https:\/\/maismagazine.pt\/index.php\/2025\/02\/21\/sampedro-um-legado-centenario-entretecido-em-qualidade-e-inovacao\/#primaryimage\"},\"thumbnailUrl\":\"https:\/\/maismagazine.pt\/wp-content\/uploads\/2025\/02\/AF_banner_pt_texto_completo-1.png\",\"keywords\":[\"Sampedro\"],\"articleSection\":[\"Empreendedorismo\"],\"inLanguage\":\"pt-PT\"},{\"@type\":\"WebPage\",\"@id\":\"https:\/\/maismagazine.pt\/index.php\/2025\/02\/21\/sampedro-um-legado-centenario-entretecido-em-qualidade-e-inovacao\/\",\"url\":\"https:\/\/maismagazine.pt\/index.php\/2025\/02\/21\/sampedro-um-legado-centenario-entretecido-em-qualidade-e-inovacao\/\",\"name\":\"Sampedro: Um legado centen\u00e1rio entretecido em qualidade e inova\u00e7\u00e3o - Mais Magazine\",\"isPartOf\":{\"@id\":\"https:\/\/maismagazine.pt\/#website\"},\"primaryImageOfPage\":{\"@id\":\"https:\/\/maismagazine.pt\/index.php\/2025\/02\/21\/sampedro-um-legado-centenario-entretecido-em-qualidade-e-inovacao\/#primaryimage\"},\"image\":{\"@id\":\"https:\/\/maismagazine.pt\/index.php\/2025\/02\/21\/sampedro-um-legado-centenario-entretecido-em-qualidade-e-inovacao\/#primaryimage\"},\"thumbnailUrl\":\"https:\/\/maismagazine.pt\/wp-content\/uploads\/2025\/02\/AF_banner_pt_texto_completo-1.png\",\"datePublished\":\"2025-02-21T07:00:00+00:00\",\"description\":\"Da cidade ber\u00e7o para o mundo, \u00e9 o caminho trilhado pela Sampedro no decorrer dos seus mais de 100 anos de atividade. Fundada em 1921, \u00e9 a mais antiga empresa de t\u00eaxteis-lar em Portugal, sendo atualmente l\u00edder internacional e uma das poucas empresas verticais no pa\u00eds, abrangendo todas as fases do processo produtivo, desde o fio at\u00e9 ao produto final.\",\"breadcrumb\":{\"@id\":\"https:\/\/maismagazine.pt\/index.php\/2025\/02\/21\/sampedro-um-legado-centenario-entretecido-em-qualidade-e-inovacao\/#breadcrumb\"},\"inLanguage\":\"pt-PT\",\"potentialAction\":[{\"@type\":\"ReadAction\",\"target\":[\"https:\/\/maismagazine.pt\/index.php\/2025\/02\/21\/sampedro-um-legado-centenario-entretecido-em-qualidade-e-inovacao\/\"]}]},{\"@type\":\"ImageObject\",\"inLanguage\":\"pt-PT\",\"@id\":\"https:\/\/maismagazine.pt\/index.php\/2025\/02\/21\/sampedro-um-legado-centenario-entretecido-em-qualidade-e-inovacao\/#primaryimage\",\"url\":\"https:\/\/maismagazine.pt\/wp-content\/uploads\/2025\/02\/AF_banner_pt_texto_completo-1.png\",\"contentUrl\":\"https:\/\/maismagazine.pt\/wp-content\/uploads\/2025\/02\/AF_banner_pt_texto_completo-1.png\",\"width\":1200,\"height\":450},{\"@type\":\"BreadcrumbList\",\"@id\":\"https:\/\/maismagazine.pt\/index.php\/2025\/02\/21\/sampedro-um-legado-centenario-entretecido-em-qualidade-e-inovacao\/#breadcrumb\",\"itemListElement\":[{\"@type\":\"ListItem\",\"position\":1,\"name\":\"Home\",\"item\":\"https:\/\/maismagazine.pt\/\"},{\"@type\":\"ListItem\",\"position\":2,\"name\":\"Sampedro: Um legado centen\u00e1rio entretecido em qualidade e inova\u00e7\u00e3o\"}]},{\"@type\":\"WebSite\",\"@id\":\"https:\/\/maismagazine.pt\/#website\",\"url\":\"https:\/\/maismagazine.pt\/\",\"name\":\"Mais Magazine\",\"description\":\"\",\"publisher\":{\"@id\":\"https:\/\/maismagazine.pt\/#organization\"},\"potentialAction\":[{\"@type\":\"SearchAction\",\"target\":{\"@type\":\"EntryPoint\",\"urlTemplate\":\"https:\/\/maismagazine.pt\/?s={search_term_string}\"},\"query-input\":{\"@type\":\"PropertyValueSpecification\",\"valueRequired\":true,\"valueName\":\"search_term_string\"}}],\"inLanguage\":\"pt-PT\"},{\"@type\":\"Organization\",\"@id\":\"https:\/\/maismagazine.pt\/#organization\",\"name\":\"Mais Magazine\",\"url\":\"https:\/\/maismagazine.pt\/\",\"logo\":{\"@type\":\"ImageObject\",\"inLanguage\":\"pt-PT\",\"@id\":\"https:\/\/maismagazine.pt\/#\/schema\/logo\/image\/\",\"url\":\"https:\/\/maismagazine.pt\/wp-content\/uploads\/2020\/04\/cropped-cropped-mais-magazine-site-logo-2.png\",\"contentUrl\":\"https:\/\/maismagazine.pt\/wp-content\/uploads\/2020\/04\/cropped-cropped-mais-magazine-site-logo-2.png\",\"width\":581,\"height\":90,\"caption\":\"Mais Magazine\"},\"image\":{\"@id\":\"https:\/\/maismagazine.pt\/#\/schema\/logo\/image\/\"}},{\"@type\":\"Person\",\"@id\":\"https:\/\/maismagazine.pt\/#\/schema\/person\/c6c5bfccc886434cbd11c74e035f9646\",\"name\":\"Tiago Costa\",\"image\":{\"@type\":\"ImageObject\",\"inLanguage\":\"pt-PT\",\"@id\":\"https:\/\/maismagazine.pt\/#\/schema\/person\/image\/\",\"url\":\"https:\/\/secure.gravatar.com\/avatar\/c599b2bce16c9870429198cbad5ee022?s=96&d=mm&r=g\",\"contentUrl\":\"https:\/\/secure.gravatar.com\/avatar\/c599b2bce16c9870429198cbad5ee022?s=96&d=mm&r=g\",\"caption\":\"Tiago Costa\"},\"url\":\"https:\/\/maismagazine.pt\/index.php\/author\/tiago\/\"}]}<\/script>\n<!-- \/ Yoast SEO plugin. -->","yoast_head_json":{"title":"Sampedro: Um legado centen\u00e1rio entretecido em qualidade e inova\u00e7\u00e3o - Mais Magazine","description":"Da cidade ber\u00e7o para o mundo, \u00e9 o caminho trilhado pela Sampedro no decorrer dos seus mais de 100 anos de atividade. Fundada em 1921, \u00e9 a mais antiga empresa de t\u00eaxteis-lar em Portugal, sendo atualmente l\u00edder internacional e uma das poucas empresas verticais no pa\u00eds, abrangendo todas as fases do processo produtivo, desde o fio at\u00e9 ao produto final.","robots":{"index":"index","follow":"follow","max-snippet":"max-snippet:-1","max-image-preview":"max-image-preview:large","max-video-preview":"max-video-preview:-1"},"canonical":"https:\/\/maismagazine.pt\/index.php\/2025\/02\/21\/sampedro-um-legado-centenario-entretecido-em-qualidade-e-inovacao\/","og_locale":"pt_PT","og_type":"article","og_title":"Sampedro: Um legado centen\u00e1rio entretecido em qualidade e inova\u00e7\u00e3o - Mais Magazine","og_description":"Da cidade ber\u00e7o para o mundo, \u00e9 o caminho trilhado pela Sampedro no decorrer dos seus mais de 100 anos de atividade. Fundada em 1921, \u00e9 a mais antiga empresa de t\u00eaxteis-lar em Portugal, sendo atualmente l\u00edder internacional e uma das poucas empresas verticais no pa\u00eds, abrangendo todas as fases do processo produtivo, desde o fio at\u00e9 ao produto final.","og_url":"https:\/\/maismagazine.pt\/index.php\/2025\/02\/21\/sampedro-um-legado-centenario-entretecido-em-qualidade-e-inovacao\/","og_site_name":"Mais Magazine","article_published_time":"2025-02-21T07:00:00+00:00","og_image":[{"width":1200,"height":450,"url":"https:\/\/maismagazine.pt\/wp-content\/uploads\/2025\/02\/AF_banner_pt_texto_completo-1.png","type":"image\/png"}],"author":"Tiago Costa","twitter_card":"summary_large_image","twitter_misc":{"Escrito por":false,"Tempo estimado de leitura":"6 minutos"},"schema":{"@context":"https:\/\/schema.org","@graph":[{"@type":"Article","@id":"https:\/\/maismagazine.pt\/index.php\/2025\/02\/21\/sampedro-um-legado-centenario-entretecido-em-qualidade-e-inovacao\/#article","isPartOf":{"@id":"https:\/\/maismagazine.pt\/index.php\/2025\/02\/21\/sampedro-um-legado-centenario-entretecido-em-qualidade-e-inovacao\/"},"author":{"name":"Tiago Costa","@id":"https:\/\/maismagazine.pt\/#\/schema\/person\/c6c5bfccc886434cbd11c74e035f9646"},"headline":"Sampedro: Um legado centen\u00e1rio entretecido em qualidade e inova\u00e7\u00e3o","datePublished":"2025-02-21T07:00:00+00:00","mainEntityOfPage":{"@id":"https:\/\/maismagazine.pt\/index.php\/2025\/02\/21\/sampedro-um-legado-centenario-entretecido-em-qualidade-e-inovacao\/"},"wordCount":943,"publisher":{"@id":"https:\/\/maismagazine.pt\/#organization"},"image":{"@id":"https:\/\/maismagazine.pt\/index.php\/2025\/02\/21\/sampedro-um-legado-centenario-entretecido-em-qualidade-e-inovacao\/#primaryimage"},"thumbnailUrl":"https:\/\/maismagazine.pt\/wp-content\/uploads\/2025\/02\/AF_banner_pt_texto_completo-1.png","keywords":["Sampedro"],"articleSection":["Empreendedorismo"],"inLanguage":"pt-PT"},{"@type":"WebPage","@id":"https:\/\/maismagazine.pt\/index.php\/2025\/02\/21\/sampedro-um-legado-centenario-entretecido-em-qualidade-e-inovacao\/","url":"https:\/\/maismagazine.pt\/index.php\/2025\/02\/21\/sampedro-um-legado-centenario-entretecido-em-qualidade-e-inovacao\/","name":"Sampedro: Um legado centen\u00e1rio entretecido em qualidade e inova\u00e7\u00e3o - Mais Magazine","isPartOf":{"@id":"https:\/\/maismagazine.pt\/#website"},"primaryImageOfPage":{"@id":"https:\/\/maismagazine.pt\/index.php\/2025\/02\/21\/sampedro-um-legado-centenario-entretecido-em-qualidade-e-inovacao\/#primaryimage"},"image":{"@id":"https:\/\/maismagazine.pt\/index.php\/2025\/02\/21\/sampedro-um-legado-centenario-entretecido-em-qualidade-e-inovacao\/#primaryimage"},"thumbnailUrl":"https:\/\/maismagazine.pt\/wp-content\/uploads\/2025\/02\/AF_banner_pt_texto_completo-1.png","datePublished":"2025-02-21T07:00:00+00:00","description":"Da cidade ber\u00e7o para o mundo, \u00e9 o caminho trilhado pela Sampedro no decorrer dos seus mais de 100 anos de atividade. Fundada em 1921, \u00e9 a mais antiga empresa de t\u00eaxteis-lar em Portugal, sendo atualmente l\u00edder internacional e uma das poucas empresas verticais no pa\u00eds, abrangendo todas as fases do processo produtivo, desde o fio at\u00e9 ao produto final.","breadcrumb":{"@id":"https:\/\/maismagazine.pt\/index.php\/2025\/02\/21\/sampedro-um-legado-centenario-entretecido-em-qualidade-e-inovacao\/#breadcrumb"},"inLanguage":"pt-PT","potentialAction":[{"@type":"ReadAction","target":["https:\/\/maismagazine.pt\/index.php\/2025\/02\/21\/sampedro-um-legado-centenario-entretecido-em-qualidade-e-inovacao\/"]}]},{"@type":"ImageObject","inLanguage":"pt-PT","@id":"https:\/\/maismagazine.pt\/index.php\/2025\/02\/21\/sampedro-um-legado-centenario-entretecido-em-qualidade-e-inovacao\/#primaryimage","url":"https:\/\/maismagazine.pt\/wp-content\/uploads\/2025\/02\/AF_banner_pt_texto_completo-1.png","contentUrl":"https:\/\/maismagazine.pt\/wp-content\/uploads\/2025\/02\/AF_banner_pt_texto_completo-1.png","width":1200,"height":450},{"@type":"BreadcrumbList","@id":"https:\/\/maismagazine.pt\/index.php\/2025\/02\/21\/sampedro-um-legado-centenario-entretecido-em-qualidade-e-inovacao\/#breadcrumb","itemListElement":[{"@type":"ListItem","position":1,"name":"Home","item":"https:\/\/maismagazine.pt\/"},{"@type":"ListItem","position":2,"name":"Sampedro: Um legado centen\u00e1rio entretecido em qualidade e inova\u00e7\u00e3o"}]},{"@type":"WebSite","@id":"https:\/\/maismagazine.pt\/#website","url":"https:\/\/maismagazine.pt\/","name":"Mais Magazine","description":"","publisher":{"@id":"https:\/\/maismagazine.pt\/#organization"},"potentialAction":[{"@type":"SearchAction","target":{"@type":"EntryPoint","urlTemplate":"https:\/\/maismagazine.pt\/?s={search_term_string}"},"query-input":{"@type":"PropertyValueSpecification","valueRequired":true,"valueName":"search_term_string"}}],"inLanguage":"pt-PT"},{"@type":"Organization","@id":"https:\/\/maismagazine.pt\/#organization","name":"Mais Magazine","url":"https:\/\/maismagazine.pt\/","logo":{"@type":"ImageObject","inLanguage":"pt-PT","@id":"https:\/\/maismagazine.pt\/#\/schema\/logo\/image\/","url":"https:\/\/maismagazine.pt\/wp-content\/uploads\/2020\/04\/cropped-cropped-mais-magazine-site-logo-2.png","contentUrl":"https:\/\/maismagazine.pt\/wp-content\/uploads\/2020\/04\/cropped-cropped-mais-magazine-site-logo-2.png","width":581,"height":90,"caption":"Mais Magazine"},"image":{"@id":"https:\/\/maismagazine.pt\/#\/schema\/logo\/image\/"}},{"@type":"Person","@id":"https:\/\/maismagazine.pt\/#\/schema\/person\/c6c5bfccc886434cbd11c74e035f9646","name":"Tiago Costa","image":{"@type":"ImageObject","inLanguage":"pt-PT","@id":"https:\/\/maismagazine.pt\/#\/schema\/person\/image\/","url":"https:\/\/secure.gravatar.com\/avatar\/c599b2bce16c9870429198cbad5ee022?s=96&d=mm&r=g","contentUrl":"https:\/\/secure.gravatar.com\/avatar\/c599b2bce16c9870429198cbad5ee022?s=96&d=mm&r=g","caption":"Tiago Costa"},"url":"https:\/\/maismagazine.pt\/index.php\/author\/tiago\/"}]}},"author_meta":{"display_name":false,"author_link":"https:\/\/maismagazine.pt\/index.php\/author\/tiago\/"},"featured_img":"https:\/\/maismagazine.pt\/wp-content\/uploads\/2025\/02\/AF_banner_pt_texto_completo-1-300x113.png","coauthors":[],"tax_additional":{"categories":{"linked":["<a href=\"https:\/\/maismagazine.pt\/index.php\/category\/empreendedorismo\/\" class=\"advgb-post-tax-term\">Empreendedorismo<\/a>"],"unlinked":["<span class=\"advgb-post-tax-term\">Empreendedorismo<\/span>"]},"tags":{"linked":["<a href=\"https:\/\/maismagazine.pt\/index.php\/category\/empreendedorismo\/\" class=\"advgb-post-tax-term\">Sampedro<\/a>"],"unlinked":["<span class=\"advgb-post-tax-term\">Sampedro<\/span>"]}},"comment_count":"0","relative_dates":{"created":"Posted 1 ano ago","modified":"Updated 1 ano ago"},"absolute_dates":{"created":"Posted on 21 de Fevereiro, 2025","modified":"Updated on 19 de Fevereiro, 2025"},"absolute_dates_time":{"created":"Posted on 21 de Fevereiro, 2025 7:00","modified":"Updated on 19 de Fevereiro, 2025 15:22"},"featured_img_caption":"","series_order":"","_links":{"self":[{"href":"https:\/\/maismagazine.pt\/index.php\/wp-json\/wp\/v2\/posts\/11377","targetHints":{"allow":["GET"]}}],"collection":[{"href":"https:\/\/maismagazine.pt\/index.php\/wp-json\/wp\/v2\/posts"}],"about":[{"href":"https:\/\/maismagazine.pt\/index.php\/wp-json\/wp\/v2\/types\/post"}],"author":[{"embeddable":true,"href":"https:\/\/maismagazine.pt\/index.php\/wp-json\/wp\/v2\/users\/17"}],"replies":[{"embeddable":true,"href":"https:\/\/maismagazine.pt\/index.php\/wp-json\/wp\/v2\/comments?post=11377"}],"version-history":[{"count":2,"href":"https:\/\/maismagazine.pt\/index.php\/wp-json\/wp\/v2\/posts\/11377\/revisions"}],"predecessor-version":[{"id":11386,"href":"https:\/\/maismagazine.pt\/index.php\/wp-json\/wp\/v2\/posts\/11377\/revisions\/11386"}],"wp:featuredmedia":[{"embeddable":true,"href":"https:\/\/maismagazine.pt\/index.php\/wp-json\/wp\/v2\/media\/11384"}],"wp:attachment":[{"href":"https:\/\/maismagazine.pt\/index.php\/wp-json\/wp\/v2\/media?parent=11377"}],"wp:term":[{"taxonomy":"category","embeddable":true,"href":"https:\/\/maismagazine.pt\/index.php\/wp-json\/wp\/v2\/categories?post=11377"},{"taxonomy":"post_tag","embeddable":true,"href":"https:\/\/maismagazine.pt\/index.php\/wp-json\/wp\/v2\/tags?post=11377"}],"curies":[{"name":"wp","href":"https:\/\/api.w.org\/{rel}","templated":true}]}}