{"id":11368,"date":"2025-02-21T07:00:00","date_gmt":"2025-02-21T07:00:00","guid":{"rendered":"https:\/\/maismagazine.pt\/?p=11368"},"modified":"2025-02-21T11:55:15","modified_gmt":"2025-02-21T11:55:15","slug":"mais-e-melhor-saude-oral-os-portugueses-merecem","status":"publish","type":"post","link":"https:\/\/maismagazine.pt\/index.php\/2025\/02\/21\/mais-e-melhor-saude-oral-os-portugueses-merecem\/","title":{"rendered":"Mais e melhor sa\u00fade oral. Os portugueses merecem!"},"content":{"rendered":"\n<p>Prote\u00e7\u00e3o da sa\u00fade. Este direito fundamental e inalien\u00e1vel, consagrado na Constitui\u00e7\u00e3o, \u00e9 assegurado na sua g\u00e9nese pelo Servi\u00e7o Nacional de Sa\u00fade (SNS), \u201ca travemestra do Estado Social e da democracia em Portugal\u201d, como descreveu Ant\u00f3nio Arnaut. Por\u00e9m, no que concerne \u00e0 sa\u00fade oral, a premissa de um servi\u00e7o de sa\u00fade universal est\u00e1 longe de ser realidade. Quatro d\u00e9cadas depois, a sociedade \u2013 governos inclu\u00eddos \u2013 continua a ter dificuldade em ver a sa\u00fade oral como determinante para a sa\u00fade do nosso corpo, percecionando o seu impacto na sa\u00fade sist\u00e9mica, relegando para um plano marginal uma especialidade m\u00e9dica que desempenha uma fun\u00e7\u00e3o t\u00e3o importante como as demais para o total de anos de vida saud\u00e1vel. Prova disso s\u00e3o as conclus\u00f5es do Bar\u00f3metro da Sa\u00fade Oral da Ordem dos M\u00e9dicos Dentistas (OMD). Cerca de um milh\u00e3o de pessoas nunca v\u00e3o ou v\u00e3o menos de uma vez por ano ao m\u00e9dico dentista. Destas, 300 mil indicam n\u00e3o ter capacidade para recorrerem a tratamentos no setor privado, onde se enra\u00edza quase 98% da atividade da medicina dent\u00e1ria. <\/p>\n\n\n\n<p>Se os \u00edndices de sa\u00fade oral envergonham o nosso pa\u00eds, e sendo o setor privado inacess\u00edvel a um n\u00famero preocupante de cidad\u00e3os, \u00e9 tamb\u00e9m gra\u00e7as \u00e0 iniciativa privada que o panorama n\u00e3o ganha contornos ainda mais alarmantes. Os avan\u00e7os registados devem-se a estes profissionais que, de forma diligente e resiliente, assumiram o papel do qual o Estado se escusou e criaram uma rede de cuidados de medicina dent\u00e1ria espalhada pelo pa\u00eds. \u00c9 essa rede que tem desempenhado a fun\u00e7\u00e3o de promover a literacia para a sa\u00fade oral e de mudar o paradigma \u2013 prevenir para evitar o tratamento, tratar para devolver sorrisos. Retomando os dados do Bar\u00f3metro, veja-se a percentagem de pessoas que acedem \u00e0s consultas de medicina dent\u00e1ria via SNS ou ao cheque-dentista: 2,5%. Os restantes 97,5% fazem-no de modo particular ou atrav\u00e9s de seguro. S\u00e3o n\u00fameros que expressam a falta de investimento p\u00fablico no acesso \u00e0 sa\u00fade oral dos portugueses, inibindo-os a um direito constitucional. <\/p>\n\n\n\n<p>O Governo aponta a b\u00fassola para o Programa Priorit\u00e1rio de Sa\u00fade Oral \u2013 estava previsto para 2024 \u2013, em que \u00e9 expect\u00e1vel um plano de a\u00e7\u00e3o assente na complementaridade entre setores p\u00fablico, privado e social, englobando neste des\u00edgnio os minist\u00e9rios da Sa\u00fade, da Seguran\u00e7a Social, Educa\u00e7\u00e3o e da Juventude. O estudo feito pela OMD junto da popula\u00e7\u00e3o mostra, sem surpresa, que a grande maioria dos inquiridos (96,3%) acredita que o Governo deveria comparticipar os tratamentos dent\u00e1rios, tal como faz com os medicamentos. <\/p>\n\n\n\n<p>Conv\u00e9m recordar que, al\u00e9m das consequ\u00eancias para a sa\u00fade geral, a aus\u00eancia de cuidados de sa\u00fade oral tem um impacto tremendo, em diferentes dimens\u00f5es, nas desigualdades sociais, no absentismo e na autoestima. Recorrer \u00e0 rede instalada de cl\u00ednicas e consult\u00f3rios privados, potenciar as parcerias p\u00fablico-privadas para criar condi\u00e7\u00f5es de acesso a estes cuidados e envolver os v\u00e1rios minist\u00e9rios na defini\u00e7\u00e3o de programas para a sa\u00fade oral, \u00e9, na vis\u00e3o da OMD e que consta da estrat\u00e9gia recentemente criada pela OMS, o caminho a fazer com urg\u00eancia. S\u00f3 assim poderemos almejar mais e melhor sa\u00fade oral para os portugueses, que se traduzir\u00e1 em mais e melhor sa\u00fade geral, e em mais qualidade de vida. <\/p>\n\n\n\n<p><\/p>\n\n\n\n<p class=\"has-text-align-right\"><em>Miguel Pav\u00e3o, Baston\u00e1rio da Ordem dos M\u00e9dicos Dentistas<\/em><\/p>\n\n\n<div class=\"wp-block-image\">\n<figure class=\"aligncenter size-full is-resized\"><img loading=\"lazy\" decoding=\"async\" width=\"978\" height=\"978\" src=\"https:\/\/maismagazine.pt\/wp-content\/uploads\/2025\/02\/347557613_1384729552095251_843611979297881883_n.png\" alt=\"\" class=\"wp-image-11372\" style=\"width:187px;height:auto\" srcset=\"https:\/\/maismagazine.pt\/wp-content\/uploads\/2025\/02\/347557613_1384729552095251_843611979297881883_n.png 978w, https:\/\/maismagazine.pt\/wp-content\/uploads\/2025\/02\/347557613_1384729552095251_843611979297881883_n-300x300.png 300w, https:\/\/maismagazine.pt\/wp-content\/uploads\/2025\/02\/347557613_1384729552095251_843611979297881883_n-150x150.png 150w, https:\/\/maismagazine.pt\/wp-content\/uploads\/2025\/02\/347557613_1384729552095251_843611979297881883_n-768x768.png 768w\" sizes=\"auto, (max-width: 978px) 100vw, 978px\" \/><\/figure><\/div>","protected":false},"excerpt":{"rendered":"<p>Prote\u00e7\u00e3o da sa\u00fade. Este direito fundamental e inalien\u00e1vel, consagrado na Constitui\u00e7\u00e3o, \u00e9 assegurado na sua g\u00e9nese pelo Servi\u00e7o Nacional de Sa\u00fade (SNS), \u201ca travemestra do Estado Social e da democracia em Portugal\u201d, como descreveu Ant\u00f3nio Arnaut. Por\u00e9m, no que concerne \u00e0 sa\u00fade oral, a premissa de um servi\u00e7o de sa\u00fade&hellip;<\/p>\n","protected":false},"author":17,"featured_media":11371,"comment_status":"closed","ping_status":"open","sticky":false,"template":"","format":"standard","meta":{"advgb_blocks_editor_width":"","advgb_blocks_columns_visual_guide":"","_monsterinsights_skip_tracking":false,"_monsterinsights_sitenote_active":false,"_monsterinsights_sitenote_note":"","_monsterinsights_sitenote_category":0,"footnotes":""},"categories":[52,51,313],"tags":[2269,2267,2268],"class_list":["post-11368","post","type-post","status-publish","format-standard","has-post-thumbnail","hentry","category-destaque","category-opiniao","category-saude","tag-bastonario-dentistas","tag-dentistas","tag-saude-oral"],"yoast_head":"<!-- This site is optimized with the Yoast SEO plugin v24.4 - https:\/\/yoast.com\/wordpress\/plugins\/seo\/ -->\n<title>Mais e melhor sa\u00fade oral. Os portugueses merecem! - Mais Magazine<\/title>\n<meta name=\"description\" content=\"Prote\u00e7\u00e3o da sa\u00fade. Este direito fundamental e ina-lien\u00e1vel, consagrado na Constitui\u00e7\u00e3o, \u00e9 assegurado na sua g\u00e9nese pelo Servi\u00e7o Nacional de Sa\u00fade (SNS), \u201ca trave-mestra do Estado Social e da democracia em Portugal\u201d, como descreveu Ant\u00f3nio Arnaut. Por\u00e9m, no que concerne \u00e0 sa\u00fade oral, a premissa de um servi\u00e7o de sa\u00fade universal est\u00e1 longe de ser rea-lidade. Quatro d\u00e9cadas depois, a sociedade \u2013 governos inclu\u00eddos \u2013 continua a ter dificuldade em ver a sa\u00fade oral como determinante para a sa\u00fade do nosso corpo, percecionando o seu impacto na sa\u00fade sist\u00e9mica, relegando para um plano marginal uma especialidade m\u00e9dica que desempenha uma fun\u00e7\u00e3o t\u00e3o importante como as demais para o total de anos de vida saud\u00e1vel. Prova disso s\u00e3o as conclus\u00f5es do Bar\u00f3metro da Sa\u00fade Oral da Ordem dos M\u00e9dicos Dentistas (OMD). Cerca de um milh\u00e3o de pessoas nunca v\u00e3o ou v\u00e3o menos de uma vez por ano ao m\u00e9dico dentista. Destas, 300 mil indicam n\u00e3o ter capacidade para recorrerem a tratamentos no setor privado, onde se enra\u00edza quase 98% da atividade da medicina dent\u00e1ria.\" \/>\n<meta name=\"robots\" content=\"index, follow, max-snippet:-1, max-image-preview:large, max-video-preview:-1\" \/>\n<link rel=\"canonical\" href=\"https:\/\/maismagazine.pt\/index.php\/2025\/02\/21\/mais-e-melhor-saude-oral-os-portugueses-merecem\/\" \/>\n<meta property=\"og:locale\" content=\"pt_PT\" \/>\n<meta property=\"og:type\" content=\"article\" \/>\n<meta property=\"og:title\" content=\"Mais e melhor sa\u00fade oral. Os portugueses merecem! - Mais Magazine\" \/>\n<meta property=\"og:description\" content=\"Prote\u00e7\u00e3o da sa\u00fade. Este direito fundamental e ina-lien\u00e1vel, consagrado na Constitui\u00e7\u00e3o, \u00e9 assegurado na sua g\u00e9nese pelo Servi\u00e7o Nacional de Sa\u00fade (SNS), \u201ca trave-mestra do Estado Social e da democracia em Portugal\u201d, como descreveu Ant\u00f3nio Arnaut. Por\u00e9m, no que concerne \u00e0 sa\u00fade oral, a premissa de um servi\u00e7o de sa\u00fade universal est\u00e1 longe de ser rea-lidade. Quatro d\u00e9cadas depois, a sociedade \u2013 governos inclu\u00eddos \u2013 continua a ter dificuldade em ver a sa\u00fade oral como determinante para a sa\u00fade do nosso corpo, percecionando o seu impacto na sa\u00fade sist\u00e9mica, relegando para um plano marginal uma especialidade m\u00e9dica que desempenha uma fun\u00e7\u00e3o t\u00e3o importante como as demais para o total de anos de vida saud\u00e1vel. Prova disso s\u00e3o as conclus\u00f5es do Bar\u00f3metro da Sa\u00fade Oral da Ordem dos M\u00e9dicos Dentistas (OMD). Cerca de um milh\u00e3o de pessoas nunca v\u00e3o ou v\u00e3o menos de uma vez por ano ao m\u00e9dico dentista. Destas, 300 mil indicam n\u00e3o ter capacidade para recorrerem a tratamentos no setor privado, onde se enra\u00edza quase 98% da atividade da medicina dent\u00e1ria.\" \/>\n<meta property=\"og:url\" content=\"https:\/\/maismagazine.pt\/index.php\/2025\/02\/21\/mais-e-melhor-saude-oral-os-portugueses-merecem\/\" \/>\n<meta property=\"og:site_name\" content=\"Mais Magazine\" \/>\n<meta property=\"article:published_time\" content=\"2025-02-21T07:00:00+00:00\" \/>\n<meta property=\"article:modified_time\" content=\"2025-02-21T11:55:15+00:00\" \/>\n<meta property=\"og:image\" content=\"https:\/\/maismagazine.pt\/wp-content\/uploads\/2025\/02\/s-1.jpg\" \/>\n\t<meta property=\"og:image:width\" content=\"480\" \/>\n\t<meta property=\"og:image:height\" content=\"480\" \/>\n\t<meta property=\"og:image:type\" content=\"image\/jpeg\" \/>\n<meta name=\"author\" content=\"Tiago Costa\" \/>\n<meta name=\"twitter:card\" content=\"summary_large_image\" \/>\n<meta name=\"twitter:label1\" content=\"Escrito por\" \/>\n\t<meta name=\"twitter:data1\" content=\"\" \/>\n\t<meta name=\"twitter:label2\" content=\"Tempo estimado de leitura\" \/>\n\t<meta name=\"twitter:data2\" content=\"4 minutos\" \/>\n<script type=\"application\/ld+json\" class=\"yoast-schema-graph\">{\"@context\":\"https:\/\/schema.org\",\"@graph\":[{\"@type\":\"Article\",\"@id\":\"https:\/\/maismagazine.pt\/index.php\/2025\/02\/21\/mais-e-melhor-saude-oral-os-portugueses-merecem\/#article\",\"isPartOf\":{\"@id\":\"https:\/\/maismagazine.pt\/index.php\/2025\/02\/21\/mais-e-melhor-saude-oral-os-portugueses-merecem\/\"},\"author\":{\"name\":\"Tiago Costa\",\"@id\":\"https:\/\/maismagazine.pt\/#\/schema\/person\/c6c5bfccc886434cbd11c74e035f9646\"},\"headline\":\"Mais e melhor sa\u00fade oral. Os portugueses merecem!\",\"datePublished\":\"2025-02-21T07:00:00+00:00\",\"dateModified\":\"2025-02-21T11:55:15+00:00\",\"mainEntityOfPage\":{\"@id\":\"https:\/\/maismagazine.pt\/index.php\/2025\/02\/21\/mais-e-melhor-saude-oral-os-portugueses-merecem\/\"},\"wordCount\":612,\"publisher\":{\"@id\":\"https:\/\/maismagazine.pt\/#organization\"},\"image\":{\"@id\":\"https:\/\/maismagazine.pt\/index.php\/2025\/02\/21\/mais-e-melhor-saude-oral-os-portugueses-merecem\/#primaryimage\"},\"thumbnailUrl\":\"https:\/\/maismagazine.pt\/wp-content\/uploads\/2025\/02\/s-1.jpg\",\"keywords\":[\"Baston\u00e1rio Dentistas\",\"Dentistas\",\"Sa\u00fade Oral\"],\"articleSection\":[\"Destaque lateral\",\"Opini\u00e3o\",\"Sa\u00fade\"],\"inLanguage\":\"pt-PT\"},{\"@type\":\"WebPage\",\"@id\":\"https:\/\/maismagazine.pt\/index.php\/2025\/02\/21\/mais-e-melhor-saude-oral-os-portugueses-merecem\/\",\"url\":\"https:\/\/maismagazine.pt\/index.php\/2025\/02\/21\/mais-e-melhor-saude-oral-os-portugueses-merecem\/\",\"name\":\"Mais e melhor sa\u00fade oral. Os portugueses merecem! - Mais Magazine\",\"isPartOf\":{\"@id\":\"https:\/\/maismagazine.pt\/#website\"},\"primaryImageOfPage\":{\"@id\":\"https:\/\/maismagazine.pt\/index.php\/2025\/02\/21\/mais-e-melhor-saude-oral-os-portugueses-merecem\/#primaryimage\"},\"image\":{\"@id\":\"https:\/\/maismagazine.pt\/index.php\/2025\/02\/21\/mais-e-melhor-saude-oral-os-portugueses-merecem\/#primaryimage\"},\"thumbnailUrl\":\"https:\/\/maismagazine.pt\/wp-content\/uploads\/2025\/02\/s-1.jpg\",\"datePublished\":\"2025-02-21T07:00:00+00:00\",\"dateModified\":\"2025-02-21T11:55:15+00:00\",\"description\":\"Prote\u00e7\u00e3o da sa\u00fade. Este direito fundamental e ina-lien\u00e1vel, consagrado na Constitui\u00e7\u00e3o, \u00e9 assegurado na sua g\u00e9nese pelo Servi\u00e7o Nacional de Sa\u00fade (SNS), \u201ca trave-mestra do Estado Social e da democracia em Portugal\u201d, como descreveu Ant\u00f3nio Arnaut. Por\u00e9m, no que concerne \u00e0 sa\u00fade oral, a premissa de um servi\u00e7o de sa\u00fade universal est\u00e1 longe de ser rea-lidade. Quatro d\u00e9cadas depois, a sociedade \u2013 governos inclu\u00eddos \u2013 continua a ter dificuldade em ver a sa\u00fade oral como determinante para a sa\u00fade do nosso corpo, percecionando o seu impacto na sa\u00fade sist\u00e9mica, relegando para um plano marginal uma especialidade m\u00e9dica que desempenha uma fun\u00e7\u00e3o t\u00e3o importante como as demais para o total de anos de vida saud\u00e1vel. Prova disso s\u00e3o as conclus\u00f5es do Bar\u00f3metro da Sa\u00fade Oral da Ordem dos M\u00e9dicos Dentistas (OMD). Cerca de um milh\u00e3o de pessoas nunca v\u00e3o ou v\u00e3o menos de uma vez por ano ao m\u00e9dico dentista. Destas, 300 mil indicam n\u00e3o ter capacidade para recorrerem a tratamentos no setor privado, onde se enra\u00edza quase 98% da atividade da medicina dent\u00e1ria.\",\"breadcrumb\":{\"@id\":\"https:\/\/maismagazine.pt\/index.php\/2025\/02\/21\/mais-e-melhor-saude-oral-os-portugueses-merecem\/#breadcrumb\"},\"inLanguage\":\"pt-PT\",\"potentialAction\":[{\"@type\":\"ReadAction\",\"target\":[\"https:\/\/maismagazine.pt\/index.php\/2025\/02\/21\/mais-e-melhor-saude-oral-os-portugueses-merecem\/\"]}]},{\"@type\":\"ImageObject\",\"inLanguage\":\"pt-PT\",\"@id\":\"https:\/\/maismagazine.pt\/index.php\/2025\/02\/21\/mais-e-melhor-saude-oral-os-portugueses-merecem\/#primaryimage\",\"url\":\"https:\/\/maismagazine.pt\/wp-content\/uploads\/2025\/02\/s-1.jpg\",\"contentUrl\":\"https:\/\/maismagazine.pt\/wp-content\/uploads\/2025\/02\/s-1.jpg\",\"width\":480,\"height\":480},{\"@type\":\"BreadcrumbList\",\"@id\":\"https:\/\/maismagazine.pt\/index.php\/2025\/02\/21\/mais-e-melhor-saude-oral-os-portugueses-merecem\/#breadcrumb\",\"itemListElement\":[{\"@type\":\"ListItem\",\"position\":1,\"name\":\"Home\",\"item\":\"https:\/\/maismagazine.pt\/\"},{\"@type\":\"ListItem\",\"position\":2,\"name\":\"Mais e melhor sa\u00fade oral. Os portugueses merecem!\"}]},{\"@type\":\"WebSite\",\"@id\":\"https:\/\/maismagazine.pt\/#website\",\"url\":\"https:\/\/maismagazine.pt\/\",\"name\":\"Mais Magazine\",\"description\":\"\",\"publisher\":{\"@id\":\"https:\/\/maismagazine.pt\/#organization\"},\"potentialAction\":[{\"@type\":\"SearchAction\",\"target\":{\"@type\":\"EntryPoint\",\"urlTemplate\":\"https:\/\/maismagazine.pt\/?s={search_term_string}\"},\"query-input\":{\"@type\":\"PropertyValueSpecification\",\"valueRequired\":true,\"valueName\":\"search_term_string\"}}],\"inLanguage\":\"pt-PT\"},{\"@type\":\"Organization\",\"@id\":\"https:\/\/maismagazine.pt\/#organization\",\"name\":\"Mais Magazine\",\"url\":\"https:\/\/maismagazine.pt\/\",\"logo\":{\"@type\":\"ImageObject\",\"inLanguage\":\"pt-PT\",\"@id\":\"https:\/\/maismagazine.pt\/#\/schema\/logo\/image\/\",\"url\":\"https:\/\/maismagazine.pt\/wp-content\/uploads\/2020\/04\/cropped-cropped-mais-magazine-site-logo-2.png\",\"contentUrl\":\"https:\/\/maismagazine.pt\/wp-content\/uploads\/2020\/04\/cropped-cropped-mais-magazine-site-logo-2.png\",\"width\":581,\"height\":90,\"caption\":\"Mais Magazine\"},\"image\":{\"@id\":\"https:\/\/maismagazine.pt\/#\/schema\/logo\/image\/\"}},{\"@type\":\"Person\",\"@id\":\"https:\/\/maismagazine.pt\/#\/schema\/person\/c6c5bfccc886434cbd11c74e035f9646\",\"name\":\"Tiago Costa\",\"image\":{\"@type\":\"ImageObject\",\"inLanguage\":\"pt-PT\",\"@id\":\"https:\/\/maismagazine.pt\/#\/schema\/person\/image\/\",\"url\":\"https:\/\/secure.gravatar.com\/avatar\/c599b2bce16c9870429198cbad5ee022?s=96&d=mm&r=g\",\"contentUrl\":\"https:\/\/secure.gravatar.com\/avatar\/c599b2bce16c9870429198cbad5ee022?s=96&d=mm&r=g\",\"caption\":\"Tiago Costa\"},\"url\":\"https:\/\/maismagazine.pt\/index.php\/author\/tiago\/\"}]}<\/script>\n<!-- \/ Yoast SEO plugin. -->","yoast_head_json":{"title":"Mais e melhor sa\u00fade oral. Os portugueses merecem! - Mais Magazine","description":"Prote\u00e7\u00e3o da sa\u00fade. Este direito fundamental e ina-lien\u00e1vel, consagrado na Constitui\u00e7\u00e3o, \u00e9 assegurado na sua g\u00e9nese pelo Servi\u00e7o Nacional de Sa\u00fade (SNS), \u201ca trave-mestra do Estado Social e da democracia em Portugal\u201d, como descreveu Ant\u00f3nio Arnaut. Por\u00e9m, no que concerne \u00e0 sa\u00fade oral, a premissa de um servi\u00e7o de sa\u00fade universal est\u00e1 longe de ser rea-lidade. Quatro d\u00e9cadas depois, a sociedade \u2013 governos inclu\u00eddos \u2013 continua a ter dificuldade em ver a sa\u00fade oral como determinante para a sa\u00fade do nosso corpo, percecionando o seu impacto na sa\u00fade sist\u00e9mica, relegando para um plano marginal uma especialidade m\u00e9dica que desempenha uma fun\u00e7\u00e3o t\u00e3o importante como as demais para o total de anos de vida saud\u00e1vel. Prova disso s\u00e3o as conclus\u00f5es do Bar\u00f3metro da Sa\u00fade Oral da Ordem dos M\u00e9dicos Dentistas (OMD). Cerca de um milh\u00e3o de pessoas nunca v\u00e3o ou v\u00e3o menos de uma vez por ano ao m\u00e9dico dentista. Destas, 300 mil indicam n\u00e3o ter capacidade para recorrerem a tratamentos no setor privado, onde se enra\u00edza quase 98% da atividade da medicina dent\u00e1ria.","robots":{"index":"index","follow":"follow","max-snippet":"max-snippet:-1","max-image-preview":"max-image-preview:large","max-video-preview":"max-video-preview:-1"},"canonical":"https:\/\/maismagazine.pt\/index.php\/2025\/02\/21\/mais-e-melhor-saude-oral-os-portugueses-merecem\/","og_locale":"pt_PT","og_type":"article","og_title":"Mais e melhor sa\u00fade oral. Os portugueses merecem! - Mais Magazine","og_description":"Prote\u00e7\u00e3o da sa\u00fade. Este direito fundamental e ina-lien\u00e1vel, consagrado na Constitui\u00e7\u00e3o, \u00e9 assegurado na sua g\u00e9nese pelo Servi\u00e7o Nacional de Sa\u00fade (SNS), \u201ca trave-mestra do Estado Social e da democracia em Portugal\u201d, como descreveu Ant\u00f3nio Arnaut. Por\u00e9m, no que concerne \u00e0 sa\u00fade oral, a premissa de um servi\u00e7o de sa\u00fade universal est\u00e1 longe de ser rea-lidade. Quatro d\u00e9cadas depois, a sociedade \u2013 governos inclu\u00eddos \u2013 continua a ter dificuldade em ver a sa\u00fade oral como determinante para a sa\u00fade do nosso corpo, percecionando o seu impacto na sa\u00fade sist\u00e9mica, relegando para um plano marginal uma especialidade m\u00e9dica que desempenha uma fun\u00e7\u00e3o t\u00e3o importante como as demais para o total de anos de vida saud\u00e1vel. Prova disso s\u00e3o as conclus\u00f5es do Bar\u00f3metro da Sa\u00fade Oral da Ordem dos M\u00e9dicos Dentistas (OMD). Cerca de um milh\u00e3o de pessoas nunca v\u00e3o ou v\u00e3o menos de uma vez por ano ao m\u00e9dico dentista. Destas, 300 mil indicam n\u00e3o ter capacidade para recorrerem a tratamentos no setor privado, onde se enra\u00edza quase 98% da atividade da medicina dent\u00e1ria.","og_url":"https:\/\/maismagazine.pt\/index.php\/2025\/02\/21\/mais-e-melhor-saude-oral-os-portugueses-merecem\/","og_site_name":"Mais Magazine","article_published_time":"2025-02-21T07:00:00+00:00","article_modified_time":"2025-02-21T11:55:15+00:00","og_image":[{"width":480,"height":480,"url":"https:\/\/maismagazine.pt\/wp-content\/uploads\/2025\/02\/s-1.jpg","type":"image\/jpeg"}],"author":"Tiago Costa","twitter_card":"summary_large_image","twitter_misc":{"Escrito por":false,"Tempo estimado de leitura":"4 minutos"},"schema":{"@context":"https:\/\/schema.org","@graph":[{"@type":"Article","@id":"https:\/\/maismagazine.pt\/index.php\/2025\/02\/21\/mais-e-melhor-saude-oral-os-portugueses-merecem\/#article","isPartOf":{"@id":"https:\/\/maismagazine.pt\/index.php\/2025\/02\/21\/mais-e-melhor-saude-oral-os-portugueses-merecem\/"},"author":{"name":"Tiago Costa","@id":"https:\/\/maismagazine.pt\/#\/schema\/person\/c6c5bfccc886434cbd11c74e035f9646"},"headline":"Mais e melhor sa\u00fade oral. Os portugueses merecem!","datePublished":"2025-02-21T07:00:00+00:00","dateModified":"2025-02-21T11:55:15+00:00","mainEntityOfPage":{"@id":"https:\/\/maismagazine.pt\/index.php\/2025\/02\/21\/mais-e-melhor-saude-oral-os-portugueses-merecem\/"},"wordCount":612,"publisher":{"@id":"https:\/\/maismagazine.pt\/#organization"},"image":{"@id":"https:\/\/maismagazine.pt\/index.php\/2025\/02\/21\/mais-e-melhor-saude-oral-os-portugueses-merecem\/#primaryimage"},"thumbnailUrl":"https:\/\/maismagazine.pt\/wp-content\/uploads\/2025\/02\/s-1.jpg","keywords":["Baston\u00e1rio Dentistas","Dentistas","Sa\u00fade Oral"],"articleSection":["Destaque lateral","Opini\u00e3o","Sa\u00fade"],"inLanguage":"pt-PT"},{"@type":"WebPage","@id":"https:\/\/maismagazine.pt\/index.php\/2025\/02\/21\/mais-e-melhor-saude-oral-os-portugueses-merecem\/","url":"https:\/\/maismagazine.pt\/index.php\/2025\/02\/21\/mais-e-melhor-saude-oral-os-portugueses-merecem\/","name":"Mais e melhor sa\u00fade oral. Os portugueses merecem! - Mais Magazine","isPartOf":{"@id":"https:\/\/maismagazine.pt\/#website"},"primaryImageOfPage":{"@id":"https:\/\/maismagazine.pt\/index.php\/2025\/02\/21\/mais-e-melhor-saude-oral-os-portugueses-merecem\/#primaryimage"},"image":{"@id":"https:\/\/maismagazine.pt\/index.php\/2025\/02\/21\/mais-e-melhor-saude-oral-os-portugueses-merecem\/#primaryimage"},"thumbnailUrl":"https:\/\/maismagazine.pt\/wp-content\/uploads\/2025\/02\/s-1.jpg","datePublished":"2025-02-21T07:00:00+00:00","dateModified":"2025-02-21T11:55:15+00:00","description":"Prote\u00e7\u00e3o da sa\u00fade. Este direito fundamental e ina-lien\u00e1vel, consagrado na Constitui\u00e7\u00e3o, \u00e9 assegurado na sua g\u00e9nese pelo Servi\u00e7o Nacional de Sa\u00fade (SNS), \u201ca trave-mestra do Estado Social e da democracia em Portugal\u201d, como descreveu Ant\u00f3nio Arnaut. Por\u00e9m, no que concerne \u00e0 sa\u00fade oral, a premissa de um servi\u00e7o de sa\u00fade universal est\u00e1 longe de ser rea-lidade. Quatro d\u00e9cadas depois, a sociedade \u2013 governos inclu\u00eddos \u2013 continua a ter dificuldade em ver a sa\u00fade oral como determinante para a sa\u00fade do nosso corpo, percecionando o seu impacto na sa\u00fade sist\u00e9mica, relegando para um plano marginal uma especialidade m\u00e9dica que desempenha uma fun\u00e7\u00e3o t\u00e3o importante como as demais para o total de anos de vida saud\u00e1vel. Prova disso s\u00e3o as conclus\u00f5es do Bar\u00f3metro da Sa\u00fade Oral da Ordem dos M\u00e9dicos Dentistas (OMD). Cerca de um milh\u00e3o de pessoas nunca v\u00e3o ou v\u00e3o menos de uma vez por ano ao m\u00e9dico dentista. Destas, 300 mil indicam n\u00e3o ter capacidade para recorrerem a tratamentos no setor privado, onde se enra\u00edza quase 98% da atividade da medicina dent\u00e1ria.","breadcrumb":{"@id":"https:\/\/maismagazine.pt\/index.php\/2025\/02\/21\/mais-e-melhor-saude-oral-os-portugueses-merecem\/#breadcrumb"},"inLanguage":"pt-PT","potentialAction":[{"@type":"ReadAction","target":["https:\/\/maismagazine.pt\/index.php\/2025\/02\/21\/mais-e-melhor-saude-oral-os-portugueses-merecem\/"]}]},{"@type":"ImageObject","inLanguage":"pt-PT","@id":"https:\/\/maismagazine.pt\/index.php\/2025\/02\/21\/mais-e-melhor-saude-oral-os-portugueses-merecem\/#primaryimage","url":"https:\/\/maismagazine.pt\/wp-content\/uploads\/2025\/02\/s-1.jpg","contentUrl":"https:\/\/maismagazine.pt\/wp-content\/uploads\/2025\/02\/s-1.jpg","width":480,"height":480},{"@type":"BreadcrumbList","@id":"https:\/\/maismagazine.pt\/index.php\/2025\/02\/21\/mais-e-melhor-saude-oral-os-portugueses-merecem\/#breadcrumb","itemListElement":[{"@type":"ListItem","position":1,"name":"Home","item":"https:\/\/maismagazine.pt\/"},{"@type":"ListItem","position":2,"name":"Mais e melhor sa\u00fade oral. Os portugueses merecem!"}]},{"@type":"WebSite","@id":"https:\/\/maismagazine.pt\/#website","url":"https:\/\/maismagazine.pt\/","name":"Mais Magazine","description":"","publisher":{"@id":"https:\/\/maismagazine.pt\/#organization"},"potentialAction":[{"@type":"SearchAction","target":{"@type":"EntryPoint","urlTemplate":"https:\/\/maismagazine.pt\/?s={search_term_string}"},"query-input":{"@type":"PropertyValueSpecification","valueRequired":true,"valueName":"search_term_string"}}],"inLanguage":"pt-PT"},{"@type":"Organization","@id":"https:\/\/maismagazine.pt\/#organization","name":"Mais Magazine","url":"https:\/\/maismagazine.pt\/","logo":{"@type":"ImageObject","inLanguage":"pt-PT","@id":"https:\/\/maismagazine.pt\/#\/schema\/logo\/image\/","url":"https:\/\/maismagazine.pt\/wp-content\/uploads\/2020\/04\/cropped-cropped-mais-magazine-site-logo-2.png","contentUrl":"https:\/\/maismagazine.pt\/wp-content\/uploads\/2020\/04\/cropped-cropped-mais-magazine-site-logo-2.png","width":581,"height":90,"caption":"Mais Magazine"},"image":{"@id":"https:\/\/maismagazine.pt\/#\/schema\/logo\/image\/"}},{"@type":"Person","@id":"https:\/\/maismagazine.pt\/#\/schema\/person\/c6c5bfccc886434cbd11c74e035f9646","name":"Tiago Costa","image":{"@type":"ImageObject","inLanguage":"pt-PT","@id":"https:\/\/maismagazine.pt\/#\/schema\/person\/image\/","url":"https:\/\/secure.gravatar.com\/avatar\/c599b2bce16c9870429198cbad5ee022?s=96&d=mm&r=g","contentUrl":"https:\/\/secure.gravatar.com\/avatar\/c599b2bce16c9870429198cbad5ee022?s=96&d=mm&r=g","caption":"Tiago Costa"},"url":"https:\/\/maismagazine.pt\/index.php\/author\/tiago\/"}]}},"author_meta":{"display_name":false,"author_link":"https:\/\/maismagazine.pt\/index.php\/author\/tiago\/"},"featured_img":"https:\/\/maismagazine.pt\/wp-content\/uploads\/2025\/02\/s-1-300x300.jpg","coauthors":[],"tax_additional":{"categories":{"linked":["<a href=\"https:\/\/maismagazine.pt\/index.php\/category\/destaque\/\" class=\"advgb-post-tax-term\">Destaque lateral<\/a>","<a href=\"https:\/\/maismagazine.pt\/index.php\/category\/noticias\/opiniao\/\" class=\"advgb-post-tax-term\">Opini\u00e3o<\/a>","<a href=\"https:\/\/maismagazine.pt\/index.php\/category\/mundo-empresarial\/saude\/\" class=\"advgb-post-tax-term\">Sa\u00fade<\/a>"],"unlinked":["<span class=\"advgb-post-tax-term\">Destaque lateral<\/span>","<span class=\"advgb-post-tax-term\">Opini\u00e3o<\/span>","<span class=\"advgb-post-tax-term\">Sa\u00fade<\/span>"]},"tags":{"linked":["<a href=\"https:\/\/maismagazine.pt\/index.php\/category\/mundo-empresarial\/saude\/\" class=\"advgb-post-tax-term\">Baston\u00e1rio Dentistas<\/a>","<a href=\"https:\/\/maismagazine.pt\/index.php\/category\/mundo-empresarial\/saude\/\" class=\"advgb-post-tax-term\">Dentistas<\/a>","<a href=\"https:\/\/maismagazine.pt\/index.php\/category\/mundo-empresarial\/saude\/\" class=\"advgb-post-tax-term\">Sa\u00fade Oral<\/a>"],"unlinked":["<span class=\"advgb-post-tax-term\">Baston\u00e1rio Dentistas<\/span>","<span class=\"advgb-post-tax-term\">Dentistas<\/span>","<span class=\"advgb-post-tax-term\">Sa\u00fade Oral<\/span>"]}},"comment_count":"0","relative_dates":{"created":"Posted 1 ano ago","modified":"Updated 1 ano ago"},"absolute_dates":{"created":"Posted on 21 de Fevereiro, 2025","modified":"Updated on 21 de Fevereiro, 2025"},"absolute_dates_time":{"created":"Posted on 21 de Fevereiro, 2025 7:00","modified":"Updated on 21 de Fevereiro, 2025 11:55"},"featured_img_caption":"","series_order":"","_links":{"self":[{"href":"https:\/\/maismagazine.pt\/index.php\/wp-json\/wp\/v2\/posts\/11368","targetHints":{"allow":["GET"]}}],"collection":[{"href":"https:\/\/maismagazine.pt\/index.php\/wp-json\/wp\/v2\/posts"}],"about":[{"href":"https:\/\/maismagazine.pt\/index.php\/wp-json\/wp\/v2\/types\/post"}],"author":[{"embeddable":true,"href":"https:\/\/maismagazine.pt\/index.php\/wp-json\/wp\/v2\/users\/17"}],"replies":[{"embeddable":true,"href":"https:\/\/maismagazine.pt\/index.php\/wp-json\/wp\/v2\/comments?post=11368"}],"version-history":[{"count":3,"href":"https:\/\/maismagazine.pt\/index.php\/wp-json\/wp\/v2\/posts\/11368\/revisions"}],"predecessor-version":[{"id":11455,"href":"https:\/\/maismagazine.pt\/index.php\/wp-json\/wp\/v2\/posts\/11368\/revisions\/11455"}],"wp:featuredmedia":[{"embeddable":true,"href":"https:\/\/maismagazine.pt\/index.php\/wp-json\/wp\/v2\/media\/11371"}],"wp:attachment":[{"href":"https:\/\/maismagazine.pt\/index.php\/wp-json\/wp\/v2\/media?parent=11368"}],"wp:term":[{"taxonomy":"category","embeddable":true,"href":"https:\/\/maismagazine.pt\/index.php\/wp-json\/wp\/v2\/categories?post=11368"},{"taxonomy":"post_tag","embeddable":true,"href":"https:\/\/maismagazine.pt\/index.php\/wp-json\/wp\/v2\/tags?post=11368"}],"curies":[{"name":"wp","href":"https:\/\/api.w.org\/{rel}","templated":true}]}}