{"id":11195,"date":"2025-02-21T07:00:00","date_gmt":"2025-02-21T07:00:00","guid":{"rendered":"https:\/\/maismagazine.pt\/?p=11195"},"modified":"2025-02-18T14:56:16","modified_gmt":"2025-02-18T14:56:16","slug":"utad-o-teu-territorio-do-saber","status":"publish","type":"post","link":"https:\/\/maismagazine.pt\/index.php\/2025\/02\/21\/utad-o-teu-territorio-do-saber\/","title":{"rendered":"UTAD: O teu territ\u00f3rio do saber"},"content":{"rendered":"\n<p><strong>Oferta formativa<\/strong><\/p>\n\n\n\n<p><\/p>\n\n\n\n<p>Licenciaturas e mestrados integrado:<\/p>\n\n\n\n<ul class=\"wp-block-list\">\n<li>Agronomia<\/li>\n\n\n\n<li>Anima\u00e7\u00e3o Sociocultural<\/li>\n\n\n\n<li>Bioengenharia<\/li>\n\n\n\n<li>Biologia e Geologia<\/li>\n\n\n\n<li>Bioqu\u00edmica<\/li>\n\n\n\n<li>Cidades Sustent\u00e1veis e Inteligentes<\/li>\n\n\n\n<li>Ci\u00eancia Animal<\/li>\n\n\n\n<li>Ci\u00eancias Biom\u00e9dicas<\/li>\n\n\n\n<li>Ci\u00eancias da Comunica\u00e7\u00e3o<\/li>\n\n\n\n<li>Ci\u00eancias da Nutri\u00e7\u00e3o<\/li>\n\n\n\n<li>Ci\u00eancias do Ambiente<\/li>\n\n\n\n<li>Ci\u00eancias do Desporto<\/li>\n\n\n\n<li>Ci\u00eancias e Tecnologias Florestais (Em parceria com a Faculdade de Ci\u00eancias da U. Porto)<\/li>\n\n\n\n<li>Comunica\u00e7\u00e3o e Multim\u00e9dia<\/li>\n\n\n\n<li>Cultura e Transforma\u00e7\u00e3o Digital<\/li>\n\n\n\n<li>Design Sustent\u00e1vel<\/li>\n\n\n\n<li>Economia<\/li>\n\n\n\n<li>Educa\u00e7\u00e3o B\u00e1sica<\/li>\n\n\n\n<li>Enfermagem<\/li>\n\n\n\n<li>Engenharia Biom\u00e9dica<\/li>\n\n\n\n<li>Engenharia Civil<\/li>\n\n\n\n<li>Engenharia e Gest\u00e3o Industrial<\/li>\n\n\n\n<li>Engenharia Eletrot\u00e9cnica e de Computadores<\/li>\n\n\n\n<li>Engenharia F\u00edsica<\/li>\n\n\n\n<li>Engenharia Inform\u00e1tica<\/li>\n\n\n\n<li>Engenharia Mec\u00e2nica<\/li>\n\n\n\n<li>Enologia<\/li>\n\n\n\n<li>Gen\u00e9tica e Biotecnologia<\/li>\n\n\n\n<li>Gest\u00e3o<\/li>\n\n\n\n<li>L\u00ednguas e Rela\u00e7\u00f5es Empresariais<\/li>\n\n\n\n<li>L\u00ednguas, Literaturas e Culturas<\/li>\n\n\n\n<li>Matem\u00e1tica Aplicada e Ci\u00eancia de Dados<\/li>\n\n\n\n<li>Medicina Veterin\u00e1ria (Mestrado Integrado)<\/li>\n\n\n\n<li>Psicologia<\/li>\n\n\n\n<li>Servi\u00e7o Social<\/li>\n\n\n\n<li>Teatro e Artes Performativas<\/li>\n\n\n\n<li>Turismo<\/li>\n<\/ul>\n\n\n\n<p><\/p>\n\n\n\n<p>CTesPs:<\/p>\n\n\n\n<ul class=\"wp-block-list\">\n<li>Gerontologia<\/li>\n\n\n\n<li>Secretariado Cl\u00ednico<\/li>\n\n\n\n<li>Termalismo e Bem-Estar<\/li>\n<\/ul>\n\n\n\n<p><a href=\"https:\/\/www.utad.pt\">https:\/\/www.utad.pt<\/a><\/p>\n","protected":false},"excerpt":{"rendered":"<p>Oferta formativa Licenciaturas e mestrados integrado: CTesPs: https:\/\/www.utad.pt<\/p>\n","protected":false},"author":18,"featured_media":11209,"comment_status":"closed","ping_status":"open","sticky":false,"template":"","format":"standard","meta":{"advgb_blocks_editor_width":"","advgb_blocks_columns_visual_guide":"","_monsterinsights_skip_tracking":false,"_monsterinsights_sitenote_active":false,"_monsterinsights_sitenote_note":"","_monsterinsights_sitenote_category":0,"footnotes":""},"categories":[149],"tags":[525,521,756],"class_list":["post-11195","post","type-post","status-publish","format-standard","has-post-thumbnail","hentry","category-educacao","tag-educacao","tag-ensino","tag-utad"],"yoast_head":"<!-- This site is optimized with the Yoast SEO plugin v24.4 - https:\/\/yoast.com\/wordpress\/plugins\/seo\/ -->\n<title>UTAD: O teu territ\u00f3rio do saber - Mais Magazine<\/title>\n<meta name=\"robots\" content=\"index, follow, max-snippet:-1, max-image-preview:large, max-video-preview:-1\" \/>\n<link rel=\"canonical\" href=\"http:\/\/maismagazine.pt\/index.php\/2025\/02\/21\/utad-o-teu-territorio-do-saber\/\" \/>\n<meta property=\"og:locale\" content=\"pt_PT\" \/>\n<meta property=\"og:type\" content=\"article\" \/>\n<meta property=\"og:title\" content=\"UTAD: O teu territ\u00f3rio do saber - Mais Magazine\" \/>\n<meta property=\"og:description\" content=\"Oferta formativa Licenciaturas e mestrados integrado: CTesPs: https:\/\/www.utad.pt\" \/>\n<meta property=\"og:url\" content=\"http:\/\/maismagazine.pt\/index.php\/2025\/02\/21\/utad-o-teu-territorio-do-saber\/\" \/>\n<meta property=\"og:site_name\" content=\"Mais Magazine\" \/>\n<meta property=\"article:published_time\" content=\"2025-02-21T07:00:00+00:00\" \/>\n<meta property=\"og:image\" content=\"http:\/\/maismagazine.pt\/wp-content\/uploads\/2025\/02\/logo_utad_completo_azul.png\" \/>\n\t<meta property=\"og:image:width\" content=\"800\" \/>\n\t<meta property=\"og:image:height\" content=\"134\" \/>\n\t<meta property=\"og:image:type\" content=\"image\/png\" \/>\n<meta name=\"author\" content=\"Tatiana Martins\" \/>\n<meta name=\"twitter:card\" content=\"summary_large_image\" \/>\n<meta name=\"twitter:label1\" content=\"Escrito por\" \/>\n\t<meta name=\"twitter:data1\" content=\"\" \/>\n\t<meta name=\"twitter:label2\" content=\"Tempo estimado de leitura\" \/>\n\t<meta name=\"twitter:data2\" content=\"1 minuto\" \/>\n<script type=\"application\/ld+json\" class=\"yoast-schema-graph\">{\"@context\":\"https:\/\/schema.org\",\"@graph\":[{\"@type\":\"Article\",\"@id\":\"http:\/\/maismagazine.pt\/index.php\/2025\/02\/21\/utad-o-teu-territorio-do-saber\/#article\",\"isPartOf\":{\"@id\":\"http:\/\/maismagazine.pt\/index.php\/2025\/02\/21\/utad-o-teu-territorio-do-saber\/\"},\"author\":{\"name\":\"Tatiana Martins\",\"@id\":\"https:\/\/maismagazine.pt\/#\/schema\/person\/7426e2caeb8df32a1b56aa48dae778c9\"},\"headline\":\"UTAD: O teu territ\u00f3rio do saber\",\"datePublished\":\"2025-02-21T07:00:00+00:00\",\"mainEntityOfPage\":{\"@id\":\"http:\/\/maismagazine.pt\/index.php\/2025\/02\/21\/utad-o-teu-territorio-do-saber\/\"},\"wordCount\":165,\"publisher\":{\"@id\":\"https:\/\/maismagazine.pt\/#organization\"},\"image\":{\"@id\":\"http:\/\/maismagazine.pt\/index.php\/2025\/02\/21\/utad-o-teu-territorio-do-saber\/#primaryimage\"},\"thumbnailUrl\":\"https:\/\/maismagazine.pt\/wp-content\/uploads\/2025\/02\/logo_utad_completo_azul.png\",\"keywords\":[\"Educa\u00e7\u00e3o\",\"Ensino\",\"UTAD\"],\"articleSection\":[\"Educa\u00e7\u00e3o\"],\"inLanguage\":\"pt-PT\"},{\"@type\":\"WebPage\",\"@id\":\"http:\/\/maismagazine.pt\/index.php\/2025\/02\/21\/utad-o-teu-territorio-do-saber\/\",\"url\":\"http:\/\/maismagazine.pt\/index.php\/2025\/02\/21\/utad-o-teu-territorio-do-saber\/\",\"name\":\"UTAD: O teu territ\u00f3rio do saber - Mais Magazine\",\"isPartOf\":{\"@id\":\"https:\/\/maismagazine.pt\/#website\"},\"primaryImageOfPage\":{\"@id\":\"http:\/\/maismagazine.pt\/index.php\/2025\/02\/21\/utad-o-teu-territorio-do-saber\/#primaryimage\"},\"image\":{\"@id\":\"http:\/\/maismagazine.pt\/index.php\/2025\/02\/21\/utad-o-teu-territorio-do-saber\/#primaryimage\"},\"thumbnailUrl\":\"https:\/\/maismagazine.pt\/wp-content\/uploads\/2025\/02\/logo_utad_completo_azul.png\",\"datePublished\":\"2025-02-21T07:00:00+00:00\",\"breadcrumb\":{\"@id\":\"http:\/\/maismagazine.pt\/index.php\/2025\/02\/21\/utad-o-teu-territorio-do-saber\/#breadcrumb\"},\"inLanguage\":\"pt-PT\",\"potentialAction\":[{\"@type\":\"ReadAction\",\"target\":[\"http:\/\/maismagazine.pt\/index.php\/2025\/02\/21\/utad-o-teu-territorio-do-saber\/\"]}]},{\"@type\":\"ImageObject\",\"inLanguage\":\"pt-PT\",\"@id\":\"http:\/\/maismagazine.pt\/index.php\/2025\/02\/21\/utad-o-teu-territorio-do-saber\/#primaryimage\",\"url\":\"https:\/\/maismagazine.pt\/wp-content\/uploads\/2025\/02\/logo_utad_completo_azul.png\",\"contentUrl\":\"https:\/\/maismagazine.pt\/wp-content\/uploads\/2025\/02\/logo_utad_completo_azul.png\",\"width\":800,\"height\":134},{\"@type\":\"BreadcrumbList\",\"@id\":\"http:\/\/maismagazine.pt\/index.php\/2025\/02\/21\/utad-o-teu-territorio-do-saber\/#breadcrumb\",\"itemListElement\":[{\"@type\":\"ListItem\",\"position\":1,\"name\":\"Home\",\"item\":\"https:\/\/maismagazine.pt\/\"},{\"@type\":\"ListItem\",\"position\":2,\"name\":\"UTAD: O teu territ\u00f3rio do saber\"}]},{\"@type\":\"WebSite\",\"@id\":\"https:\/\/maismagazine.pt\/#website\",\"url\":\"https:\/\/maismagazine.pt\/\",\"name\":\"Mais Magazine\",\"description\":\"\",\"publisher\":{\"@id\":\"https:\/\/maismagazine.pt\/#organization\"},\"potentialAction\":[{\"@type\":\"SearchAction\",\"target\":{\"@type\":\"EntryPoint\",\"urlTemplate\":\"https:\/\/maismagazine.pt\/?s={search_term_string}\"},\"query-input\":{\"@type\":\"PropertyValueSpecification\",\"valueRequired\":true,\"valueName\":\"search_term_string\"}}],\"inLanguage\":\"pt-PT\"},{\"@type\":\"Organization\",\"@id\":\"https:\/\/maismagazine.pt\/#organization\",\"name\":\"Mais Magazine\",\"url\":\"https:\/\/maismagazine.pt\/\",\"logo\":{\"@type\":\"ImageObject\",\"inLanguage\":\"pt-PT\",\"@id\":\"https:\/\/maismagazine.pt\/#\/schema\/logo\/image\/\",\"url\":\"https:\/\/maismagazine.pt\/wp-content\/uploads\/2020\/04\/cropped-cropped-mais-magazine-site-logo-2.png\",\"contentUrl\":\"https:\/\/maismagazine.pt\/wp-content\/uploads\/2020\/04\/cropped-cropped-mais-magazine-site-logo-2.png\",\"width\":581,\"height\":90,\"caption\":\"Mais Magazine\"},\"image\":{\"@id\":\"https:\/\/maismagazine.pt\/#\/schema\/logo\/image\/\"}},{\"@type\":\"Person\",\"@id\":\"https:\/\/maismagazine.pt\/#\/schema\/person\/7426e2caeb8df32a1b56aa48dae778c9\",\"name\":\"Tatiana Martins\",\"image\":{\"@type\":\"ImageObject\",\"inLanguage\":\"pt-PT\",\"@id\":\"https:\/\/maismagazine.pt\/#\/schema\/person\/image\/\",\"url\":\"https:\/\/secure.gravatar.com\/avatar\/4b24a57f5d0425f2eb20981c4b53244e?s=96&d=mm&r=g\",\"contentUrl\":\"https:\/\/secure.gravatar.com\/avatar\/4b24a57f5d0425f2eb20981c4b53244e?s=96&d=mm&r=g\",\"caption\":\"Tatiana Martins\"},\"url\":\"https:\/\/maismagazine.pt\/index.php\/author\/tatiana\/\"}]}<\/script>\n<!-- \/ Yoast SEO plugin. -->","yoast_head_json":{"title":"UTAD: O teu territ\u00f3rio do saber - Mais Magazine","robots":{"index":"index","follow":"follow","max-snippet":"max-snippet:-1","max-image-preview":"max-image-preview:large","max-video-preview":"max-video-preview:-1"},"canonical":"http:\/\/maismagazine.pt\/index.php\/2025\/02\/21\/utad-o-teu-territorio-do-saber\/","og_locale":"pt_PT","og_type":"article","og_title":"UTAD: O teu territ\u00f3rio do saber - Mais Magazine","og_description":"Oferta formativa Licenciaturas e mestrados integrado: CTesPs: https:\/\/www.utad.pt","og_url":"http:\/\/maismagazine.pt\/index.php\/2025\/02\/21\/utad-o-teu-territorio-do-saber\/","og_site_name":"Mais Magazine","article_published_time":"2025-02-21T07:00:00+00:00","og_image":[{"width":800,"height":134,"url":"http:\/\/maismagazine.pt\/wp-content\/uploads\/2025\/02\/logo_utad_completo_azul.png","type":"image\/png"}],"author":"Tatiana Martins","twitter_card":"summary_large_image","twitter_misc":{"Escrito por":false,"Tempo estimado de leitura":"1 minuto"},"schema":{"@context":"https:\/\/schema.org","@graph":[{"@type":"Article","@id":"http:\/\/maismagazine.pt\/index.php\/2025\/02\/21\/utad-o-teu-territorio-do-saber\/#article","isPartOf":{"@id":"http:\/\/maismagazine.pt\/index.php\/2025\/02\/21\/utad-o-teu-territorio-do-saber\/"},"author":{"name":"Tatiana Martins","@id":"https:\/\/maismagazine.pt\/#\/schema\/person\/7426e2caeb8df32a1b56aa48dae778c9"},"headline":"UTAD: O teu territ\u00f3rio do saber","datePublished":"2025-02-21T07:00:00+00:00","mainEntityOfPage":{"@id":"http:\/\/maismagazine.pt\/index.php\/2025\/02\/21\/utad-o-teu-territorio-do-saber\/"},"wordCount":165,"publisher":{"@id":"https:\/\/maismagazine.pt\/#organization"},"image":{"@id":"http:\/\/maismagazine.pt\/index.php\/2025\/02\/21\/utad-o-teu-territorio-do-saber\/#primaryimage"},"thumbnailUrl":"https:\/\/maismagazine.pt\/wp-content\/uploads\/2025\/02\/logo_utad_completo_azul.png","keywords":["Educa\u00e7\u00e3o","Ensino","UTAD"],"articleSection":["Educa\u00e7\u00e3o"],"inLanguage":"pt-PT"},{"@type":"WebPage","@id":"http:\/\/maismagazine.pt\/index.php\/2025\/02\/21\/utad-o-teu-territorio-do-saber\/","url":"http:\/\/maismagazine.pt\/index.php\/2025\/02\/21\/utad-o-teu-territorio-do-saber\/","name":"UTAD: O teu territ\u00f3rio do saber - Mais Magazine","isPartOf":{"@id":"https:\/\/maismagazine.pt\/#website"},"primaryImageOfPage":{"@id":"http:\/\/maismagazine.pt\/index.php\/2025\/02\/21\/utad-o-teu-territorio-do-saber\/#primaryimage"},"image":{"@id":"http:\/\/maismagazine.pt\/index.php\/2025\/02\/21\/utad-o-teu-territorio-do-saber\/#primaryimage"},"thumbnailUrl":"https:\/\/maismagazine.pt\/wp-content\/uploads\/2025\/02\/logo_utad_completo_azul.png","datePublished":"2025-02-21T07:00:00+00:00","breadcrumb":{"@id":"http:\/\/maismagazine.pt\/index.php\/2025\/02\/21\/utad-o-teu-territorio-do-saber\/#breadcrumb"},"inLanguage":"pt-PT","potentialAction":[{"@type":"ReadAction","target":["http:\/\/maismagazine.pt\/index.php\/2025\/02\/21\/utad-o-teu-territorio-do-saber\/"]}]},{"@type":"ImageObject","inLanguage":"pt-PT","@id":"http:\/\/maismagazine.pt\/index.php\/2025\/02\/21\/utad-o-teu-territorio-do-saber\/#primaryimage","url":"https:\/\/maismagazine.pt\/wp-content\/uploads\/2025\/02\/logo_utad_completo_azul.png","contentUrl":"https:\/\/maismagazine.pt\/wp-content\/uploads\/2025\/02\/logo_utad_completo_azul.png","width":800,"height":134},{"@type":"BreadcrumbList","@id":"http:\/\/maismagazine.pt\/index.php\/2025\/02\/21\/utad-o-teu-territorio-do-saber\/#breadcrumb","itemListElement":[{"@type":"ListItem","position":1,"name":"Home","item":"https:\/\/maismagazine.pt\/"},{"@type":"ListItem","position":2,"name":"UTAD: O teu territ\u00f3rio do saber"}]},{"@type":"WebSite","@id":"https:\/\/maismagazine.pt\/#website","url":"https:\/\/maismagazine.pt\/","name":"Mais Magazine","description":"","publisher":{"@id":"https:\/\/maismagazine.pt\/#organization"},"potentialAction":[{"@type":"SearchAction","target":{"@type":"EntryPoint","urlTemplate":"https:\/\/maismagazine.pt\/?s={search_term_string}"},"query-input":{"@type":"PropertyValueSpecification","valueRequired":true,"valueName":"search_term_string"}}],"inLanguage":"pt-PT"},{"@type":"Organization","@id":"https:\/\/maismagazine.pt\/#organization","name":"Mais Magazine","url":"https:\/\/maismagazine.pt\/","logo":{"@type":"ImageObject","inLanguage":"pt-PT","@id":"https:\/\/maismagazine.pt\/#\/schema\/logo\/image\/","url":"https:\/\/maismagazine.pt\/wp-content\/uploads\/2020\/04\/cropped-cropped-mais-magazine-site-logo-2.png","contentUrl":"https:\/\/maismagazine.pt\/wp-content\/uploads\/2020\/04\/cropped-cropped-mais-magazine-site-logo-2.png","width":581,"height":90,"caption":"Mais Magazine"},"image":{"@id":"https:\/\/maismagazine.pt\/#\/schema\/logo\/image\/"}},{"@type":"Person","@id":"https:\/\/maismagazine.pt\/#\/schema\/person\/7426e2caeb8df32a1b56aa48dae778c9","name":"Tatiana Martins","image":{"@type":"ImageObject","inLanguage":"pt-PT","@id":"https:\/\/maismagazine.pt\/#\/schema\/person\/image\/","url":"https:\/\/secure.gravatar.com\/avatar\/4b24a57f5d0425f2eb20981c4b53244e?s=96&d=mm&r=g","contentUrl":"https:\/\/secure.gravatar.com\/avatar\/4b24a57f5d0425f2eb20981c4b53244e?s=96&d=mm&r=g","caption":"Tatiana Martins"},"url":"https:\/\/maismagazine.pt\/index.php\/author\/tatiana\/"}]}},"author_meta":{"display_name":false,"author_link":"https:\/\/maismagazine.pt\/index.php\/author\/tatiana\/"},"featured_img":"https:\/\/maismagazine.pt\/wp-content\/uploads\/2025\/02\/logo_utad_completo_azul-300x50.png","coauthors":[],"tax_additional":{"categories":{"linked":["<a href=\"https:\/\/maismagazine.pt\/index.php\/category\/educacao\/\" class=\"advgb-post-tax-term\">Educa\u00e7\u00e3o<\/a>"],"unlinked":["<span class=\"advgb-post-tax-term\">Educa\u00e7\u00e3o<\/span>"]},"tags":{"linked":["<a href=\"https:\/\/maismagazine.pt\/index.php\/category\/educacao\/\" class=\"advgb-post-tax-term\">Educa\u00e7\u00e3o<\/a>","<a href=\"https:\/\/maismagazine.pt\/index.php\/category\/educacao\/\" class=\"advgb-post-tax-term\">Ensino<\/a>","<a href=\"https:\/\/maismagazine.pt\/index.php\/category\/educacao\/\" class=\"advgb-post-tax-term\">UTAD<\/a>"],"unlinked":["<span class=\"advgb-post-tax-term\">Educa\u00e7\u00e3o<\/span>","<span class=\"advgb-post-tax-term\">Ensino<\/span>","<span class=\"advgb-post-tax-term\">UTAD<\/span>"]}},"comment_count":"0","relative_dates":{"created":"Posted 1 ano ago","modified":"Updated 1 ano ago"},"absolute_dates":{"created":"Posted on 21 de Fevereiro, 2025","modified":"Updated on 18 de Fevereiro, 2025"},"absolute_dates_time":{"created":"Posted on 21 de Fevereiro, 2025 7:00","modified":"Updated on 18 de Fevereiro, 2025 14:56"},"featured_img_caption":"","series_order":"","_links":{"self":[{"href":"https:\/\/maismagazine.pt\/index.php\/wp-json\/wp\/v2\/posts\/11195","targetHints":{"allow":["GET"]}}],"collection":[{"href":"https:\/\/maismagazine.pt\/index.php\/wp-json\/wp\/v2\/posts"}],"about":[{"href":"https:\/\/maismagazine.pt\/index.php\/wp-json\/wp\/v2\/types\/post"}],"author":[{"embeddable":true,"href":"https:\/\/maismagazine.pt\/index.php\/wp-json\/wp\/v2\/users\/18"}],"replies":[{"embeddable":true,"href":"https:\/\/maismagazine.pt\/index.php\/wp-json\/wp\/v2\/comments?post=11195"}],"version-history":[{"count":1,"href":"https:\/\/maismagazine.pt\/index.php\/wp-json\/wp\/v2\/posts\/11195\/revisions"}],"predecessor-version":[{"id":11210,"href":"https:\/\/maismagazine.pt\/index.php\/wp-json\/wp\/v2\/posts\/11195\/revisions\/11210"}],"wp:featuredmedia":[{"embeddable":true,"href":"https:\/\/maismagazine.pt\/index.php\/wp-json\/wp\/v2\/media\/11209"}],"wp:attachment":[{"href":"https:\/\/maismagazine.pt\/index.php\/wp-json\/wp\/v2\/media?parent=11195"}],"wp:term":[{"taxonomy":"category","embeddable":true,"href":"https:\/\/maismagazine.pt\/index.php\/wp-json\/wp\/v2\/categories?post=11195"},{"taxonomy":"post_tag","embeddable":true,"href":"https:\/\/maismagazine.pt\/index.php\/wp-json\/wp\/v2\/tags?post=11195"}],"curies":[{"name":"wp","href":"https:\/\/api.w.org\/{rel}","templated":true}]}}