{"id":11183,"date":"2025-02-21T07:00:00","date_gmt":"2025-02-21T07:00:00","guid":{"rendered":"https:\/\/maismagazine.pt\/?p=11183"},"modified":"2025-03-03T10:17:47","modified_gmt":"2025-03-03T10:17:47","slug":"queen-elizabeths-school-educacao-bilingue-de-excelencia-honra-tradicao-luso-britanica","status":"publish","type":"post","link":"https:\/\/maismagazine.pt\/index.php\/2025\/02\/21\/queen-elizabeths-school-educacao-bilingue-de-excelencia-honra-tradicao-luso-britanica\/","title":{"rendered":"Queen Elizabeth\u2019s School: Educa\u00e7\u00e3o Bilingue de Excel\u00eancia honra Tradi\u00e7\u00e3o Luso-Brit\u00e2nica"},"content":{"rendered":"\n<p><strong>A <a href=\"https:\/\/qes.pt\/\">Queen Elizabeth\u2019s School<\/a> \u00e9 uma escola com 89 anos de exist\u00eancia, que ministra o ensino bilingue da l\u00edngua portuguesa e inglesa, desde a Creche at\u00e9 ao 1.\u00ba Ciclo do Ensino B\u00e1sico. A sua a\u00e7\u00e3o educativa centra-se nos princ\u00edpios de uma forma\u00e7\u00e3o humanista, hol\u00edstica e inclusiva, adaptada \u00e0 realidade de cada crian\u00e7a, visando o seu desenvolvimento integral, realiza\u00e7\u00e3o pessoal e aproveitamento escolar num ambiente acolhedor, seguro e dinamizador de aprendizagens. <\/strong><\/p>\n\n\n\n<p><\/p>\n\n\n\n<p>A fundadora Margaret Denise Eillen Lester, O.B.E., s\u00fabdita brit\u00e2nica, criou no dia 3 de novembro de 1935 a Queen Elizabeth\u2019s School (Q.E.S.) como uma Escola bilingue para crian\u00e7as portuguesas, nativas da l\u00edngua inglesa ou de outras nacionalidades residentes em Portugal. Os ideais que Denise Lester preconizou prendem-se com a promo\u00e7\u00e3o de uma educa\u00e7\u00e3o bilingue desde tenra idade, de forma a que os alunos estudem estas duas l\u00ednguas, assim como, sejam introduzidos \u00e0 cultura e Hist\u00f3ria de Portugal e do Reino Unido, de uma forma natural em ambiente escolar. <\/p>\n\n\n\n<p>Faz parte da cultura de escola da Queen Elizabeth\u2019s School a preserva\u00e7\u00e3o dos la\u00e7os hist\u00f3ricos e culturais entre estes dois pa\u00edses, constituindo esta escola um elo na alian\u00e7a diplom\u00e1tica mais antiga do mundo com 650 anos de exist\u00eancia. A Fundadora da Q.E.S. pretendia que as celebra\u00e7\u00f5es culturais do Reino Unido n\u00e3o se perdessem, nomeadamente a celebra\u00e7\u00e3o do Halloween (comemora\u00e7\u00e3o anual angl\u00f3fona que tem origem nas tradi\u00e7\u00f5es celtas), Guy Fawkes, Remembrance Day e participa\u00e7\u00e3o dos alunos finalistas no Remembrance Sunday Service na Igreja Anglicana de St George\u2019s (\u00e0 Estrela), os Christmas Carols Concerts na quadra natal\u00edcia, a apresenta\u00e7\u00e3o do Nativity Play escrito pela Fundadora, a alus\u00e3o ao dia de St.George\u2019s, o Sports Day e a realiza\u00e7\u00e3o da viagem de finalistas do 4.\u00ba ano ao Reino Unido.<\/p>\n\n\n\n<p><\/p>\n\n\n\n<p>Desde o ano letivo de 2013\/2014, que esta escola segue um modelo integrado de ensino bilingue, em todas as val\u00eancias, recorrendo a uma metodologia aplicada em alguns pa\u00edses da Uni\u00e3o Europeia no dom\u00ednio da Aprendizagem Integrada de L\u00ednguas e Conte\u00fados, denominada Content Language Integrated Learning. Al\u00e9m das orienta\u00e7\u00f5es pedag\u00f3gicas recomendadas para a val\u00eancia da Creche, segue tamb\u00e9m as orienta\u00e7\u00f5es curriculares do Jardim de Inf\u00e2ncia e do curr\u00edculo oficial do 1.\u00ba Ciclo do Ensino B\u00e1sico Portugu\u00eas, sendo lecionadas as disciplinas da Cambridge Primary Programme: Cambridge Primary English as a Second Language, Mathematics, Science e Digital Literacy. A dimens\u00e3o internacional da Queen Elizabeth\u2019s School \u00e9 patente enquanto Cambridge International School e Cambridge Primary School da Cambridge Assessement International Education.  <\/p>\n\n\n\n<p>Na Educa\u00e7\u00e3o Pr\u00e9-Escolar e Creche \u00e9 adotado um modelo de imers\u00e3o parcial no ensino do Ingl\u00eas, sendo as express\u00f5es dram\u00e1tica e musical usadas como instrumentos de excel\u00eancia na aprendizagem precoce do ingl\u00eas como segunda l\u00edngua. Al\u00e9m dos Clubes de Ingl\u00eas e do Clube de F\u00e9rias em julho (programa praia\/campo), a institui\u00e7\u00e3o proporciona aos alunos como atividades extras, aulas de piano e canto, neste caso em particular, quando tal \u00e9 solicitado pelos encarregados de educa\u00e7\u00e3o, e v\u00e1rias modalidades desportivas, designadamente: t\u00e9nis, futebol, karat\u00e9, nata\u00e7\u00e3o, patinagem e ballet (m\u00e9todo da Royal Academy Of Dance).  <\/p>\n\n\n\n<p>Os alunos que frequentam as aulas de piano podem realizar um exame de M\u00fasica, adequado \u00e0s suas faixas et\u00e1rias, que vai do n\u00edvel preparat\u00f3rio at\u00e9 ao n\u00edvel 2 da Associated Board of the Royal Schools of Music, l\u00edder mundial na \u00e1rea de avalia\u00e7\u00f5es e exames de M\u00fasica de quatro dos mais prestigiados conservat\u00f3rios do Reino Unido: Royal Academy of Music e Royal College of Music, ambos em Londres; Royal Nor-thern College of Music, em Manchester e Royal Scottish Academy of Music and Drama, em Glasgow.  <\/p>\n\n\n\n<p>A Escola \u00e9 ainda Centro de Exames da Cambridge English, preparando os alunos para a realiza\u00e7\u00e3o dos Young Learners En-glish Tests (Pre A1 Starters, A1 Movers e A2 Flyers), B1 Preliminary for Schools, B2 First for Schools, C1 Advanced e C2 Proficiency; do Trinity College London \u2013 Trinity Stars Young Performers in English Award. Os n\u00edveis acima do Flyers destinam-se aos antigos alunos que frequentam os Clubes de Ingl\u00eas, em hor\u00e1rio extralectivo. Nesta institui\u00e7\u00e3o \u00e9 dada especial relev\u00e2ncia tanto \u00e0 educa\u00e7\u00e3o para os valores, como ao exerc\u00edcio de uma cidadania ativa, que prepare as crian\u00e7as para a riqueza da diversidade cultural e religiosa. Al\u00e9m disso, fomenta-se a promo\u00e7\u00e3o da dignidade da pessoa humana e dos seus direitos, em especial os das crian\u00e7as, o apelo \u00e0 solidariedade social, \u00e0 paz, e ao voluntariado na constru\u00e7\u00e3o de um mundo melhor e mais fraterno. Assim, a conviv\u00eancia das crian\u00e7as com outras culturas e religi\u00f5es \u00e9 fundamental porque se alargam horizontes e novas experi\u00eancias que as ajudam a compreender melhor o que se passa no mundo decorrente da globaliza\u00e7\u00e3o da economia e do aumento da imigra\u00e7\u00e3o.  <\/p>\n\n\n\n<figure class=\"wp-block-gallery has-nested-images columns-default is-cropped wp-block-gallery-1 is-layout-flex wp-block-gallery-is-layout-flex\">\n<figure class=\"wp-block-image size-large\"><img loading=\"lazy\" decoding=\"async\" width=\"768\" height=\"512\" data-id=\"11187\" src=\"https:\/\/maismagazine.pt\/wp-content\/uploads\/2025\/02\/068.171124.jpg\" alt=\"\" class=\"wp-image-11187\" srcset=\"https:\/\/maismagazine.pt\/wp-content\/uploads\/2025\/02\/068.171124.jpg 768w, https:\/\/maismagazine.pt\/wp-content\/uploads\/2025\/02\/068.171124-300x200.jpg 300w, https:\/\/maismagazine.pt\/wp-content\/uploads\/2025\/02\/068.171124-150x100.jpg 150w\" sizes=\"auto, (max-width: 768px) 100vw, 768px\" \/><\/figure>\n\n\n\n<figure class=\"wp-block-image size-large\"><img loading=\"lazy\" decoding=\"async\" width=\"720\" height=\"480\" data-id=\"11186\" src=\"https:\/\/maismagazine.pt\/wp-content\/uploads\/2025\/02\/134.171124.jpg\" alt=\"\" class=\"wp-image-11186\" srcset=\"https:\/\/maismagazine.pt\/wp-content\/uploads\/2025\/02\/134.171124.jpg 720w, https:\/\/maismagazine.pt\/wp-content\/uploads\/2025\/02\/134.171124-300x200.jpg 300w, https:\/\/maismagazine.pt\/wp-content\/uploads\/2025\/02\/134.171124-150x100.jpg 150w\" sizes=\"auto, (max-width: 720px) 100vw, 720px\" \/><\/figure>\n<\/figure>\n\n\n\n<p><\/p>\n\n\n\n<p>Certamente, a Educa\u00e7\u00e3o Moral Religiosa e Cat\u00f3lica \u00e9 intr\u00ednseca \u00e0 forma\u00e7\u00e3o de car\u00e1cter que acompanha o crescimento das crian\u00e7as. Os alunos s\u00e3o preparados para receber os sacramentos da inicia\u00e7\u00e3o crist\u00e3 pelo Prior da Par\u00f3quia de S. Jo\u00e3o de Brito, Reverendo Padre Jo\u00e3o Valente. Apesar de a Queen Elizabeth\u2019s School se identificar como uma escola cat\u00f3lica, reconhece e valoriza outras confiss\u00f5es religiosas como fonte de crescimento interior e di\u00e1logo ecum\u00e9nico. Esta Escola valoriza a educa\u00e7\u00e3o visual e tecnol\u00f3gica enquanto forma de express\u00e3o da liberdade de pensamento e criatividade dos alunos na era digital. A Q.E.S. tem vindo a participar em parcerias no \u00e2mbito de programas de interc\u00e2mbio educativo e cultural, a n\u00edvel internacional e nacional, tendo coordenado duas parcerias multilaterais entre escolas europeias no programa setorial COMENIUS. Os seus 89 anos ao servi\u00e7o da educa\u00e7\u00e3o t\u00eam sido reconhecidos nos bons resultados escolares alcan\u00e7ados pelos alunos quer a n\u00edvel do Curr\u00edculo Nacional Portugu\u00eas, quer a n\u00edvel dos resultados obtidos em Exames Internacionais, o que \u00e9 motivo de regozijo para toda a comunidade educativa. <\/p>\n\n\n\n<div class=\"wp-block-group\"><div class=\"wp-block-group__inner-container is-layout-constrained wp-block-group-is-layout-constrained\">\n<figure class=\"wp-block-gallery has-nested-images columns-default is-cropped wp-block-gallery-2 is-layout-flex wp-block-gallery-is-layout-flex\">\n<figure class=\"wp-block-image size-large\"><img loading=\"lazy\" decoding=\"async\" width=\"720\" height=\"480\" src=\"https:\/\/maismagazine.pt\/wp-content\/uploads\/2025\/02\/001.171124.jpg\" alt=\"\" class=\"wp-image-11190\" srcset=\"https:\/\/maismagazine.pt\/wp-content\/uploads\/2025\/02\/001.171124.jpg 720w, https:\/\/maismagazine.pt\/wp-content\/uploads\/2025\/02\/001.171124-300x200.jpg 300w, https:\/\/maismagazine.pt\/wp-content\/uploads\/2025\/02\/001.171124-150x100.jpg 150w\" sizes=\"auto, (max-width: 720px) 100vw, 720px\" \/><\/figure>\n\n\n\n<figure class=\"wp-block-image size-large\"><img loading=\"lazy\" decoding=\"async\" width=\"720\" height=\"480\" src=\"https:\/\/maismagazine.pt\/wp-content\/uploads\/2025\/02\/051.171124.jpg\" alt=\"\" class=\"wp-image-11189\" srcset=\"https:\/\/maismagazine.pt\/wp-content\/uploads\/2025\/02\/051.171124.jpg 720w, https:\/\/maismagazine.pt\/wp-content\/uploads\/2025\/02\/051.171124-300x200.jpg 300w, https:\/\/maismagazine.pt\/wp-content\/uploads\/2025\/02\/051.171124-150x100.jpg 150w\" sizes=\"auto, (max-width: 720px) 100vw, 720px\" \/><\/figure>\n\n\n\n<figure class=\"wp-block-image size-large\"><img loading=\"lazy\" decoding=\"async\" width=\"720\" height=\"480\" src=\"https:\/\/maismagazine.pt\/wp-content\/uploads\/2025\/02\/027.171124.jpg\" alt=\"\" class=\"wp-image-11191\" srcset=\"https:\/\/maismagazine.pt\/wp-content\/uploads\/2025\/02\/027.171124.jpg 720w, https:\/\/maismagazine.pt\/wp-content\/uploads\/2025\/02\/027.171124-300x200.jpg 300w, https:\/\/maismagazine.pt\/wp-content\/uploads\/2025\/02\/027.171124-150x100.jpg 150w\" sizes=\"auto, (max-width: 720px) 100vw, 720px\" \/><\/figure>\n<\/figure>\n\n\n\n<p>Este mural coletivo foi apresentado e inaugurado pela Vereadora da Cultura da C\u00e2mara Municipal de Portalegre, Sra. Engenheira Laura Gal\u00e3o, pelo coordenador do projeto, Sr. Dr. Ricardo Branco, e pela professora de artes pl\u00e1sticas, Sra. Dra. Ana Nunes, a 31 de agosto de 2024, no Museu da Tape\u00e7aria, em Portalegre, por ocasi\u00e3o da 3.\u00aa edi\u00e7\u00e3o da bienal de cultura \u201cIII Encontros de Cultura do Alto Alentejo 20|30\u201d. Este evento, foi organizado a convite da C\u00e2mara Municipal de Portalegre e inserido no programa oficial das comemora\u00e7\u00f5es dos 50 anos do 25 de Abril de 1974 e contou com o Alto Patroc\u00ednio de Sua Excel\u00eancia o Presidente da Rep\u00fablica. O projeto ser\u00e1 candidato \u00e0 competi\u00e7\u00e3o \u201cYoung European Heritage Makers\u201d em 2025, uma a\u00e7\u00e3o pan-europeia conjunta do Conselho da Europa e da Comiss\u00e3o Europeia que, desde 2018, est\u00e1 inserida no programa das Jornadas Europeias do Patrim\u00f3nio | European Heritage Days, este ano subordinado ao tema: \u201cRotas, Redes e Conex\u00f5es\u201d.O mural \u00e9 composto por 260 azulejos tradicionais portugueses, cedidos pela Aleluia Cer\u00e2mica em Aveiro, cujas formas foram transpostas do desenho para o azulejo e pintadas \u00e0 m\u00e3o por 36 alunos do 3\u00ba ano do 1\u00ba ciclo do Ensino B\u00e1sico da Queen Elizabeth\u2019s School em Lisboa no ano letivo de 2023\/24, em parceria com o Servi\u00e7o Educativo do Museu Nacional do Azulejo, onde este painel se encontra em exposi\u00e7\u00e3o.<\/p>\n\n\n\n<p>Este painel coletivo de azulejos visa sensibilizar as gera\u00e7\u00f5es mais novas para a import\u00e2ncia da preserva\u00e7\u00e3o do patrim\u00f3nio cultural, explorando a criatividade art\u00edstica como uma forma de Liberdade de Express\u00e3o e como um Direito fundamental de import\u00e2ncia primordial num Estado de Direito Democr\u00e1tico. O Direito \u00e0 Liberdade de Express\u00e3o est\u00e1 consagrado na Constitui\u00e7\u00e3o da Rep\u00fablica Portuguesa, na Conven\u00e7\u00e3o dos Direitos Humanos, na Conven\u00e7\u00e3o dos Direitos das Crian\u00e7as e na Carta dos Direitos Fundamentais da Uni\u00e3o Europeia. Este trabalho foi realizado por crian\u00e7as portuguesas e tamb\u00e9m de outras nacionalidades, expressando por isso a riqueza da diversidade cultural, como um meio para descobrir Rotas, Redes e Conex\u00f5es, que est\u00e3o na origem da hist\u00f3ria e identidade cultural comum de uma Europa que se pretende unida na prote\u00e7\u00e3o de um patrim\u00f3nio material e imaterial da humanidade que promova a paz, o respeito pela dignidade humana, a liberdade de pensamento e de express\u00e3o, a democracia e a cidadania ativa. Ao longo da Hist\u00f3ria de Portugal, somos contemplados com pain\u00e9is deslumbrantes de azulejos com v\u00e1rios padr\u00f5es decorativos, que fazem alus\u00e3o a costumes, motivos hist\u00f3ricos, religiosos e paisagens do nosso pa\u00eds, datando da heran\u00e7a recebida dos tempos dos mouros. Durante s\u00e9culos, os azulejos foram utilizados como meio de express\u00e3o de tradi\u00e7\u00f5es e do modo de vida portugu\u00eas, atrav\u00e9s da apresenta\u00e7\u00e3o de diversos padr\u00f5es decorativos consoante a \u00e9poca figurada. At\u00e9 hoje o azulejo portugu\u00eas continua a impressionar com a sua beleza intemporal e fus\u00e3o de influ\u00eancias diversas. <\/p>\n<\/div><\/div>\n\n\n<div class=\"wp-block-image\">\n<figure class=\"aligncenter size-large\"><img loading=\"lazy\" decoding=\"async\" width=\"1024\" height=\"420\" src=\"https:\/\/maismagazine.pt\/wp-content\/uploads\/2025\/02\/image-1024x420.png\" alt=\"\" class=\"wp-image-11194\" srcset=\"https:\/\/maismagazine.pt\/wp-content\/uploads\/2025\/02\/image-1024x420.png 1024w, https:\/\/maismagazine.pt\/wp-content\/uploads\/2025\/02\/image-300x123.png 300w, https:\/\/maismagazine.pt\/wp-content\/uploads\/2025\/02\/image-768x315.png 768w, https:\/\/maismagazine.pt\/wp-content\/uploads\/2025\/02\/image.png 1297w\" sizes=\"auto, (max-width: 1024px) 100vw, 1024px\" \/><\/figure><\/div>\n\n\n<figure class=\"wp-block-embed is-type-video is-provider-youtube wp-block-embed-youtube wp-embed-aspect-16-9 wp-has-aspect-ratio\"><div class=\"wp-block-embed__wrapper\">\n<iframe loading=\"lazy\" title=\"QES\/Arquivo Digital Comenda - Young European Heritage Makers 2024\/25\" width=\"640\" height=\"360\" src=\"https:\/\/www.youtube.com\/embed\/RUaxqL27IwI?feature=oembed\" frameborder=\"0\" allow=\"accelerometer; autoplay; clipboard-write; encrypted-media; gyroscope; picture-in-picture; web-share\" referrerpolicy=\"strict-origin-when-cross-origin\" allowfullscreen><\/iframe>\n<\/div><\/figure>\n\n\n\n<p><\/p>\n\n\n\n<p><a href=\"https:\/\/www.facebook.com\/watch\/?v=1617031108923462&amp;rdid=wpeKp1MwlWcgWhkj\">https:\/\/www.facebook.com\/watch\/?v=1617031108923462&amp;rdid=wpeKp1MwlWcgWhkj<\/a><\/p>\n","protected":false},"excerpt":{"rendered":"<p>A Queen Elizabeth\u2019s School \u00e9 uma escola com 89 anos de exist\u00eancia, que ministra o ensino bilingue da l\u00edngua portuguesa e inglesa, desde a Creche at\u00e9 ao 1.\u00ba Ciclo do Ensino B\u00e1sico. A sua a\u00e7\u00e3o educativa centra-se nos princ\u00edpios de uma forma\u00e7\u00e3o humanista, hol\u00edstica e inclusiva, adaptada \u00e0 realidade de&hellip;<\/p>\n","protected":false},"author":17,"featured_media":11196,"comment_status":"closed","ping_status":"open","sticky":false,"template":"","format":"standard","meta":{"advgb_blocks_editor_width":"","advgb_blocks_columns_visual_guide":"","_monsterinsights_skip_tracking":false,"_monsterinsights_sitenote_active":false,"_monsterinsights_sitenote_note":"","_monsterinsights_sitenote_category":0,"footnotes":""},"categories":[50,149],"tags":[2252],"class_list":["post-11183","post","type-post","status-publish","format-standard","has-post-thumbnail","hentry","category-destaques","category-educacao","tag-qes"],"yoast_head":"<!-- This site is optimized with the Yoast SEO plugin v24.4 - https:\/\/yoast.com\/wordpress\/plugins\/seo\/ -->\n<title>Queen Elizabeth\u2019s School: Educa\u00e7\u00e3o Bilingue de Excel\u00eancia honra Tradi\u00e7\u00e3o Luso-Brit\u00e2nica - Mais Magazine<\/title>\n<meta name=\"description\" content=\"A Queen Elizabeth\u2019s School \u00e9 uma escola com 89 anos de exist\u00eancia, que ministra o ensino bilingue da l\u00edngua portuguesa e inglesa, desde a Creche at\u00e9 ao 1.\u00ba Ciclo do Ensino B\u00e1sico. A sua a\u00e7\u00e3o educativa centra-se nos princ\u00edpios de uma forma\u00e7\u00e3o humanista, hol\u00edstica e inclusiva, adaptada \u00e0 realidade de cada crian\u00e7a, visando o seu desenvolvimento integral, realiza\u00e7\u00e3o pessoal e aproveitamento escolar num ambiente acolhedor, seguro e dinamizador de aprendizagens.\" \/>\n<meta name=\"robots\" content=\"index, follow, max-snippet:-1, max-image-preview:large, max-video-preview:-1\" \/>\n<link rel=\"canonical\" href=\"http:\/\/maismagazine.pt\/index.php\/2025\/02\/21\/queen-elizabeths-school-educacao-bilingue-de-excelencia-honra-tradicao-luso-britanica\/\" \/>\n<meta property=\"og:locale\" content=\"pt_PT\" \/>\n<meta property=\"og:type\" content=\"article\" \/>\n<meta property=\"og:title\" content=\"Queen Elizabeth\u2019s School: Educa\u00e7\u00e3o Bilingue de Excel\u00eancia honra Tradi\u00e7\u00e3o Luso-Brit\u00e2nica - Mais Magazine\" \/>\n<meta property=\"og:description\" content=\"A Queen Elizabeth\u2019s School \u00e9 uma escola com 89 anos de exist\u00eancia, que ministra o ensino bilingue da l\u00edngua portuguesa e inglesa, desde a Creche at\u00e9 ao 1.\u00ba Ciclo do Ensino B\u00e1sico. A sua a\u00e7\u00e3o educativa centra-se nos princ\u00edpios de uma forma\u00e7\u00e3o humanista, hol\u00edstica e inclusiva, adaptada \u00e0 realidade de cada crian\u00e7a, visando o seu desenvolvimento integral, realiza\u00e7\u00e3o pessoal e aproveitamento escolar num ambiente acolhedor, seguro e dinamizador de aprendizagens.\" \/>\n<meta property=\"og:url\" content=\"http:\/\/maismagazine.pt\/index.php\/2025\/02\/21\/queen-elizabeths-school-educacao-bilingue-de-excelencia-honra-tradicao-luso-britanica\/\" \/>\n<meta property=\"og:site_name\" content=\"Mais Magazine\" \/>\n<meta property=\"article:published_time\" content=\"2025-02-21T07:00:00+00:00\" \/>\n<meta property=\"article:modified_time\" content=\"2025-03-03T10:17:47+00:00\" \/>\n<meta property=\"og:image\" content=\"http:\/\/maismagazine.pt\/wp-content\/uploads\/2025\/02\/image-1.png\" \/>\n\t<meta property=\"og:image:width\" content=\"282\" \/>\n\t<meta property=\"og:image:height\" content=\"280\" \/>\n\t<meta property=\"og:image:type\" content=\"image\/png\" \/>\n<meta name=\"author\" content=\"Tiago Costa\" \/>\n<meta name=\"twitter:card\" content=\"summary_large_image\" \/>\n<meta name=\"twitter:label1\" content=\"Escrito por\" \/>\n\t<meta name=\"twitter:data1\" content=\"\" \/>\n\t<meta name=\"twitter:label2\" content=\"Tempo estimado de leitura\" \/>\n\t<meta name=\"twitter:data2\" content=\"10 minutos\" \/>\n<script type=\"application\/ld+json\" class=\"yoast-schema-graph\">{\"@context\":\"https:\/\/schema.org\",\"@graph\":[{\"@type\":\"Article\",\"@id\":\"http:\/\/maismagazine.pt\/index.php\/2025\/02\/21\/queen-elizabeths-school-educacao-bilingue-de-excelencia-honra-tradicao-luso-britanica\/#article\",\"isPartOf\":{\"@id\":\"http:\/\/maismagazine.pt\/index.php\/2025\/02\/21\/queen-elizabeths-school-educacao-bilingue-de-excelencia-honra-tradicao-luso-britanica\/\"},\"author\":{\"name\":\"Tiago Costa\",\"@id\":\"https:\/\/maismagazine.pt\/#\/schema\/person\/c6c5bfccc886434cbd11c74e035f9646\"},\"headline\":\"Queen Elizabeth\u2019s School: Educa\u00e7\u00e3o Bilingue de Excel\u00eancia honra Tradi\u00e7\u00e3o Luso-Brit\u00e2nica\",\"datePublished\":\"2025-02-21T07:00:00+00:00\",\"dateModified\":\"2025-03-03T10:17:47+00:00\",\"mainEntityOfPage\":{\"@id\":\"http:\/\/maismagazine.pt\/index.php\/2025\/02\/21\/queen-elizabeths-school-educacao-bilingue-de-excelencia-honra-tradicao-luso-britanica\/\"},\"wordCount\":1592,\"publisher\":{\"@id\":\"https:\/\/maismagazine.pt\/#organization\"},\"image\":{\"@id\":\"http:\/\/maismagazine.pt\/index.php\/2025\/02\/21\/queen-elizabeths-school-educacao-bilingue-de-excelencia-honra-tradicao-luso-britanica\/#primaryimage\"},\"thumbnailUrl\":\"https:\/\/maismagazine.pt\/wp-content\/uploads\/2025\/02\/image-1.png\",\"keywords\":[\"QES\"],\"articleSection\":[\"Destaques\",\"Educa\u00e7\u00e3o\"],\"inLanguage\":\"pt-PT\"},{\"@type\":\"WebPage\",\"@id\":\"http:\/\/maismagazine.pt\/index.php\/2025\/02\/21\/queen-elizabeths-school-educacao-bilingue-de-excelencia-honra-tradicao-luso-britanica\/\",\"url\":\"http:\/\/maismagazine.pt\/index.php\/2025\/02\/21\/queen-elizabeths-school-educacao-bilingue-de-excelencia-honra-tradicao-luso-britanica\/\",\"name\":\"Queen Elizabeth\u2019s School: Educa\u00e7\u00e3o Bilingue de Excel\u00eancia honra Tradi\u00e7\u00e3o Luso-Brit\u00e2nica - Mais Magazine\",\"isPartOf\":{\"@id\":\"https:\/\/maismagazine.pt\/#website\"},\"primaryImageOfPage\":{\"@id\":\"http:\/\/maismagazine.pt\/index.php\/2025\/02\/21\/queen-elizabeths-school-educacao-bilingue-de-excelencia-honra-tradicao-luso-britanica\/#primaryimage\"},\"image\":{\"@id\":\"http:\/\/maismagazine.pt\/index.php\/2025\/02\/21\/queen-elizabeths-school-educacao-bilingue-de-excelencia-honra-tradicao-luso-britanica\/#primaryimage\"},\"thumbnailUrl\":\"https:\/\/maismagazine.pt\/wp-content\/uploads\/2025\/02\/image-1.png\",\"datePublished\":\"2025-02-21T07:00:00+00:00\",\"dateModified\":\"2025-03-03T10:17:47+00:00\",\"description\":\"A Queen Elizabeth\u2019s School \u00e9 uma escola com 89 anos de exist\u00eancia, que ministra o ensino bilingue da l\u00edngua portuguesa e inglesa, desde a Creche at\u00e9 ao 1.\u00ba Ciclo do Ensino B\u00e1sico. A sua a\u00e7\u00e3o educativa centra-se nos princ\u00edpios de uma forma\u00e7\u00e3o humanista, hol\u00edstica e inclusiva, adaptada \u00e0 realidade de cada crian\u00e7a, visando o seu desenvolvimento integral, realiza\u00e7\u00e3o pessoal e aproveitamento escolar num ambiente acolhedor, seguro e dinamizador de aprendizagens.\",\"breadcrumb\":{\"@id\":\"http:\/\/maismagazine.pt\/index.php\/2025\/02\/21\/queen-elizabeths-school-educacao-bilingue-de-excelencia-honra-tradicao-luso-britanica\/#breadcrumb\"},\"inLanguage\":\"pt-PT\",\"potentialAction\":[{\"@type\":\"ReadAction\",\"target\":[\"http:\/\/maismagazine.pt\/index.php\/2025\/02\/21\/queen-elizabeths-school-educacao-bilingue-de-excelencia-honra-tradicao-luso-britanica\/\"]}]},{\"@type\":\"ImageObject\",\"inLanguage\":\"pt-PT\",\"@id\":\"http:\/\/maismagazine.pt\/index.php\/2025\/02\/21\/queen-elizabeths-school-educacao-bilingue-de-excelencia-honra-tradicao-luso-britanica\/#primaryimage\",\"url\":\"https:\/\/maismagazine.pt\/wp-content\/uploads\/2025\/02\/image-1.png\",\"contentUrl\":\"https:\/\/maismagazine.pt\/wp-content\/uploads\/2025\/02\/image-1.png\",\"width\":282,\"height\":280},{\"@type\":\"BreadcrumbList\",\"@id\":\"http:\/\/maismagazine.pt\/index.php\/2025\/02\/21\/queen-elizabeths-school-educacao-bilingue-de-excelencia-honra-tradicao-luso-britanica\/#breadcrumb\",\"itemListElement\":[{\"@type\":\"ListItem\",\"position\":1,\"name\":\"Home\",\"item\":\"https:\/\/maismagazine.pt\/\"},{\"@type\":\"ListItem\",\"position\":2,\"name\":\"Queen Elizabeth\u2019s School: Educa\u00e7\u00e3o Bilingue de Excel\u00eancia honra Tradi\u00e7\u00e3o Luso-Brit\u00e2nica\"}]},{\"@type\":\"WebSite\",\"@id\":\"https:\/\/maismagazine.pt\/#website\",\"url\":\"https:\/\/maismagazine.pt\/\",\"name\":\"Mais Magazine\",\"description\":\"\",\"publisher\":{\"@id\":\"https:\/\/maismagazine.pt\/#organization\"},\"potentialAction\":[{\"@type\":\"SearchAction\",\"target\":{\"@type\":\"EntryPoint\",\"urlTemplate\":\"https:\/\/maismagazine.pt\/?s={search_term_string}\"},\"query-input\":{\"@type\":\"PropertyValueSpecification\",\"valueRequired\":true,\"valueName\":\"search_term_string\"}}],\"inLanguage\":\"pt-PT\"},{\"@type\":\"Organization\",\"@id\":\"https:\/\/maismagazine.pt\/#organization\",\"name\":\"Mais Magazine\",\"url\":\"https:\/\/maismagazine.pt\/\",\"logo\":{\"@type\":\"ImageObject\",\"inLanguage\":\"pt-PT\",\"@id\":\"https:\/\/maismagazine.pt\/#\/schema\/logo\/image\/\",\"url\":\"https:\/\/maismagazine.pt\/wp-content\/uploads\/2020\/04\/cropped-cropped-mais-magazine-site-logo-2.png\",\"contentUrl\":\"https:\/\/maismagazine.pt\/wp-content\/uploads\/2020\/04\/cropped-cropped-mais-magazine-site-logo-2.png\",\"width\":581,\"height\":90,\"caption\":\"Mais Magazine\"},\"image\":{\"@id\":\"https:\/\/maismagazine.pt\/#\/schema\/logo\/image\/\"}},{\"@type\":\"Person\",\"@id\":\"https:\/\/maismagazine.pt\/#\/schema\/person\/c6c5bfccc886434cbd11c74e035f9646\",\"name\":\"Tiago Costa\",\"image\":{\"@type\":\"ImageObject\",\"inLanguage\":\"pt-PT\",\"@id\":\"https:\/\/maismagazine.pt\/#\/schema\/person\/image\/\",\"url\":\"https:\/\/secure.gravatar.com\/avatar\/c599b2bce16c9870429198cbad5ee022?s=96&d=mm&r=g\",\"contentUrl\":\"https:\/\/secure.gravatar.com\/avatar\/c599b2bce16c9870429198cbad5ee022?s=96&d=mm&r=g\",\"caption\":\"Tiago Costa\"},\"url\":\"https:\/\/maismagazine.pt\/index.php\/author\/tiago\/\"}]}<\/script>\n<!-- \/ Yoast SEO plugin. -->","yoast_head_json":{"title":"Queen Elizabeth\u2019s School: Educa\u00e7\u00e3o Bilingue de Excel\u00eancia honra Tradi\u00e7\u00e3o Luso-Brit\u00e2nica - Mais Magazine","description":"A Queen Elizabeth\u2019s School \u00e9 uma escola com 89 anos de exist\u00eancia, que ministra o ensino bilingue da l\u00edngua portuguesa e inglesa, desde a Creche at\u00e9 ao 1.\u00ba Ciclo do Ensino B\u00e1sico. A sua a\u00e7\u00e3o educativa centra-se nos princ\u00edpios de uma forma\u00e7\u00e3o humanista, hol\u00edstica e inclusiva, adaptada \u00e0 realidade de cada crian\u00e7a, visando o seu desenvolvimento integral, realiza\u00e7\u00e3o pessoal e aproveitamento escolar num ambiente acolhedor, seguro e dinamizador de aprendizagens.","robots":{"index":"index","follow":"follow","max-snippet":"max-snippet:-1","max-image-preview":"max-image-preview:large","max-video-preview":"max-video-preview:-1"},"canonical":"http:\/\/maismagazine.pt\/index.php\/2025\/02\/21\/queen-elizabeths-school-educacao-bilingue-de-excelencia-honra-tradicao-luso-britanica\/","og_locale":"pt_PT","og_type":"article","og_title":"Queen Elizabeth\u2019s School: Educa\u00e7\u00e3o Bilingue de Excel\u00eancia honra Tradi\u00e7\u00e3o Luso-Brit\u00e2nica - Mais Magazine","og_description":"A Queen Elizabeth\u2019s School \u00e9 uma escola com 89 anos de exist\u00eancia, que ministra o ensino bilingue da l\u00edngua portuguesa e inglesa, desde a Creche at\u00e9 ao 1.\u00ba Ciclo do Ensino B\u00e1sico. A sua a\u00e7\u00e3o educativa centra-se nos princ\u00edpios de uma forma\u00e7\u00e3o humanista, hol\u00edstica e inclusiva, adaptada \u00e0 realidade de cada crian\u00e7a, visando o seu desenvolvimento integral, realiza\u00e7\u00e3o pessoal e aproveitamento escolar num ambiente acolhedor, seguro e dinamizador de aprendizagens.","og_url":"http:\/\/maismagazine.pt\/index.php\/2025\/02\/21\/queen-elizabeths-school-educacao-bilingue-de-excelencia-honra-tradicao-luso-britanica\/","og_site_name":"Mais Magazine","article_published_time":"2025-02-21T07:00:00+00:00","article_modified_time":"2025-03-03T10:17:47+00:00","og_image":[{"width":282,"height":280,"url":"http:\/\/maismagazine.pt\/wp-content\/uploads\/2025\/02\/image-1.png","type":"image\/png"}],"author":"Tiago Costa","twitter_card":"summary_large_image","twitter_misc":{"Escrito por":false,"Tempo estimado de leitura":"10 minutos"},"schema":{"@context":"https:\/\/schema.org","@graph":[{"@type":"Article","@id":"http:\/\/maismagazine.pt\/index.php\/2025\/02\/21\/queen-elizabeths-school-educacao-bilingue-de-excelencia-honra-tradicao-luso-britanica\/#article","isPartOf":{"@id":"http:\/\/maismagazine.pt\/index.php\/2025\/02\/21\/queen-elizabeths-school-educacao-bilingue-de-excelencia-honra-tradicao-luso-britanica\/"},"author":{"name":"Tiago Costa","@id":"https:\/\/maismagazine.pt\/#\/schema\/person\/c6c5bfccc886434cbd11c74e035f9646"},"headline":"Queen Elizabeth\u2019s School: Educa\u00e7\u00e3o Bilingue de Excel\u00eancia honra Tradi\u00e7\u00e3o Luso-Brit\u00e2nica","datePublished":"2025-02-21T07:00:00+00:00","dateModified":"2025-03-03T10:17:47+00:00","mainEntityOfPage":{"@id":"http:\/\/maismagazine.pt\/index.php\/2025\/02\/21\/queen-elizabeths-school-educacao-bilingue-de-excelencia-honra-tradicao-luso-britanica\/"},"wordCount":1592,"publisher":{"@id":"https:\/\/maismagazine.pt\/#organization"},"image":{"@id":"http:\/\/maismagazine.pt\/index.php\/2025\/02\/21\/queen-elizabeths-school-educacao-bilingue-de-excelencia-honra-tradicao-luso-britanica\/#primaryimage"},"thumbnailUrl":"https:\/\/maismagazine.pt\/wp-content\/uploads\/2025\/02\/image-1.png","keywords":["QES"],"articleSection":["Destaques","Educa\u00e7\u00e3o"],"inLanguage":"pt-PT"},{"@type":"WebPage","@id":"http:\/\/maismagazine.pt\/index.php\/2025\/02\/21\/queen-elizabeths-school-educacao-bilingue-de-excelencia-honra-tradicao-luso-britanica\/","url":"http:\/\/maismagazine.pt\/index.php\/2025\/02\/21\/queen-elizabeths-school-educacao-bilingue-de-excelencia-honra-tradicao-luso-britanica\/","name":"Queen Elizabeth\u2019s School: Educa\u00e7\u00e3o Bilingue de Excel\u00eancia honra Tradi\u00e7\u00e3o Luso-Brit\u00e2nica - Mais Magazine","isPartOf":{"@id":"https:\/\/maismagazine.pt\/#website"},"primaryImageOfPage":{"@id":"http:\/\/maismagazine.pt\/index.php\/2025\/02\/21\/queen-elizabeths-school-educacao-bilingue-de-excelencia-honra-tradicao-luso-britanica\/#primaryimage"},"image":{"@id":"http:\/\/maismagazine.pt\/index.php\/2025\/02\/21\/queen-elizabeths-school-educacao-bilingue-de-excelencia-honra-tradicao-luso-britanica\/#primaryimage"},"thumbnailUrl":"https:\/\/maismagazine.pt\/wp-content\/uploads\/2025\/02\/image-1.png","datePublished":"2025-02-21T07:00:00+00:00","dateModified":"2025-03-03T10:17:47+00:00","description":"A Queen Elizabeth\u2019s School \u00e9 uma escola com 89 anos de exist\u00eancia, que ministra o ensino bilingue da l\u00edngua portuguesa e inglesa, desde a Creche at\u00e9 ao 1.\u00ba Ciclo do Ensino B\u00e1sico. A sua a\u00e7\u00e3o educativa centra-se nos princ\u00edpios de uma forma\u00e7\u00e3o humanista, hol\u00edstica e inclusiva, adaptada \u00e0 realidade de cada crian\u00e7a, visando o seu desenvolvimento integral, realiza\u00e7\u00e3o pessoal e aproveitamento escolar num ambiente acolhedor, seguro e dinamizador de aprendizagens.","breadcrumb":{"@id":"http:\/\/maismagazine.pt\/index.php\/2025\/02\/21\/queen-elizabeths-school-educacao-bilingue-de-excelencia-honra-tradicao-luso-britanica\/#breadcrumb"},"inLanguage":"pt-PT","potentialAction":[{"@type":"ReadAction","target":["http:\/\/maismagazine.pt\/index.php\/2025\/02\/21\/queen-elizabeths-school-educacao-bilingue-de-excelencia-honra-tradicao-luso-britanica\/"]}]},{"@type":"ImageObject","inLanguage":"pt-PT","@id":"http:\/\/maismagazine.pt\/index.php\/2025\/02\/21\/queen-elizabeths-school-educacao-bilingue-de-excelencia-honra-tradicao-luso-britanica\/#primaryimage","url":"https:\/\/maismagazine.pt\/wp-content\/uploads\/2025\/02\/image-1.png","contentUrl":"https:\/\/maismagazine.pt\/wp-content\/uploads\/2025\/02\/image-1.png","width":282,"height":280},{"@type":"BreadcrumbList","@id":"http:\/\/maismagazine.pt\/index.php\/2025\/02\/21\/queen-elizabeths-school-educacao-bilingue-de-excelencia-honra-tradicao-luso-britanica\/#breadcrumb","itemListElement":[{"@type":"ListItem","position":1,"name":"Home","item":"https:\/\/maismagazine.pt\/"},{"@type":"ListItem","position":2,"name":"Queen Elizabeth\u2019s School: Educa\u00e7\u00e3o Bilingue de Excel\u00eancia honra Tradi\u00e7\u00e3o Luso-Brit\u00e2nica"}]},{"@type":"WebSite","@id":"https:\/\/maismagazine.pt\/#website","url":"https:\/\/maismagazine.pt\/","name":"Mais Magazine","description":"","publisher":{"@id":"https:\/\/maismagazine.pt\/#organization"},"potentialAction":[{"@type":"SearchAction","target":{"@type":"EntryPoint","urlTemplate":"https:\/\/maismagazine.pt\/?s={search_term_string}"},"query-input":{"@type":"PropertyValueSpecification","valueRequired":true,"valueName":"search_term_string"}}],"inLanguage":"pt-PT"},{"@type":"Organization","@id":"https:\/\/maismagazine.pt\/#organization","name":"Mais Magazine","url":"https:\/\/maismagazine.pt\/","logo":{"@type":"ImageObject","inLanguage":"pt-PT","@id":"https:\/\/maismagazine.pt\/#\/schema\/logo\/image\/","url":"https:\/\/maismagazine.pt\/wp-content\/uploads\/2020\/04\/cropped-cropped-mais-magazine-site-logo-2.png","contentUrl":"https:\/\/maismagazine.pt\/wp-content\/uploads\/2020\/04\/cropped-cropped-mais-magazine-site-logo-2.png","width":581,"height":90,"caption":"Mais Magazine"},"image":{"@id":"https:\/\/maismagazine.pt\/#\/schema\/logo\/image\/"}},{"@type":"Person","@id":"https:\/\/maismagazine.pt\/#\/schema\/person\/c6c5bfccc886434cbd11c74e035f9646","name":"Tiago Costa","image":{"@type":"ImageObject","inLanguage":"pt-PT","@id":"https:\/\/maismagazine.pt\/#\/schema\/person\/image\/","url":"https:\/\/secure.gravatar.com\/avatar\/c599b2bce16c9870429198cbad5ee022?s=96&d=mm&r=g","contentUrl":"https:\/\/secure.gravatar.com\/avatar\/c599b2bce16c9870429198cbad5ee022?s=96&d=mm&r=g","caption":"Tiago Costa"},"url":"https:\/\/maismagazine.pt\/index.php\/author\/tiago\/"}]}},"author_meta":{"display_name":false,"author_link":"https:\/\/maismagazine.pt\/index.php\/author\/tiago\/"},"featured_img":"https:\/\/maismagazine.pt\/wp-content\/uploads\/2025\/02\/image-1.png","coauthors":[],"tax_additional":{"categories":{"linked":["<a href=\"https:\/\/maismagazine.pt\/index.php\/category\/destaques\/\" class=\"advgb-post-tax-term\">Destaques<\/a>","<a href=\"https:\/\/maismagazine.pt\/index.php\/category\/educacao\/\" class=\"advgb-post-tax-term\">Educa\u00e7\u00e3o<\/a>"],"unlinked":["<span class=\"advgb-post-tax-term\">Destaques<\/span>","<span class=\"advgb-post-tax-term\">Educa\u00e7\u00e3o<\/span>"]},"tags":{"linked":["<a href=\"https:\/\/maismagazine.pt\/index.php\/category\/educacao\/\" class=\"advgb-post-tax-term\">QES<\/a>"],"unlinked":["<span class=\"advgb-post-tax-term\">QES<\/span>"]}},"comment_count":"0","relative_dates":{"created":"Posted 1 ano ago","modified":"Updated 1 ano ago"},"absolute_dates":{"created":"Posted on 21 de Fevereiro, 2025","modified":"Updated on 3 de Mar\u00e7o, 2025"},"absolute_dates_time":{"created":"Posted on 21 de Fevereiro, 2025 7:00","modified":"Updated on 3 de Mar\u00e7o, 2025 10:17"},"featured_img_caption":"","series_order":"","_links":{"self":[{"href":"https:\/\/maismagazine.pt\/index.php\/wp-json\/wp\/v2\/posts\/11183","targetHints":{"allow":["GET"]}}],"collection":[{"href":"https:\/\/maismagazine.pt\/index.php\/wp-json\/wp\/v2\/posts"}],"about":[{"href":"https:\/\/maismagazine.pt\/index.php\/wp-json\/wp\/v2\/types\/post"}],"author":[{"embeddable":true,"href":"https:\/\/maismagazine.pt\/index.php\/wp-json\/wp\/v2\/users\/17"}],"replies":[{"embeddable":true,"href":"https:\/\/maismagazine.pt\/index.php\/wp-json\/wp\/v2\/comments?post=11183"}],"version-history":[{"count":2,"href":"https:\/\/maismagazine.pt\/index.php\/wp-json\/wp\/v2\/posts\/11183\/revisions"}],"predecessor-version":[{"id":11463,"href":"https:\/\/maismagazine.pt\/index.php\/wp-json\/wp\/v2\/posts\/11183\/revisions\/11463"}],"wp:featuredmedia":[{"embeddable":true,"href":"https:\/\/maismagazine.pt\/index.php\/wp-json\/wp\/v2\/media\/11196"}],"wp:attachment":[{"href":"https:\/\/maismagazine.pt\/index.php\/wp-json\/wp\/v2\/media?parent=11183"}],"wp:term":[{"taxonomy":"category","embeddable":true,"href":"https:\/\/maismagazine.pt\/index.php\/wp-json\/wp\/v2\/categories?post=11183"},{"taxonomy":"post_tag","embeddable":true,"href":"https:\/\/maismagazine.pt\/index.php\/wp-json\/wp\/v2\/tags?post=11183"}],"curies":[{"name":"wp","href":"https:\/\/api.w.org\/{rel}","templated":true}]}}