{"id":11179,"date":"2025-02-07T12:02:21","date_gmt":"2025-02-07T12:02:21","guid":{"rendered":"https:\/\/maismagazine.pt\/?p=11179"},"modified":"2025-02-07T12:02:27","modified_gmt":"2025-02-07T12:02:27","slug":"ipbeja-abre-portas-a-mais-de-900-visitantes-nos-seus-dias-abertos25","status":"publish","type":"post","link":"https:\/\/maismagazine.pt\/index.php\/2025\/02\/07\/ipbeja-abre-portas-a-mais-de-900-visitantes-nos-seus-dias-abertos25\/","title":{"rendered":"IPBeja abre portas a mais de 900 visitantes nos seus DIAS ABERTOS\u201925"},"content":{"rendered":"\n<p>No \u00e2mbito da Estrat\u00e9gia de Comunica\u00e7\u00e3o para o ano letivo 2025\/26, o IPBeja promove nos dias 18, 19 e 20 de fevereiro o \u201c<strong>DIA ABERTO \u201825<\/strong>\u201d, com a presen\u00e7a estudantes do Ensino Secund\u00e1rio e Profissional, acompanhados de professores, com origem em escolas do Ensino Secund\u00e1rio com cursos cient\u00edfico-human\u00edsticos e profissionais ou escolas do Ensino Profissional, dos distritos de Beja, \u00c9vora, Faro e Set\u00fabal.<\/p>\n\n\n\n<p>Num trabalho de articula\u00e7\u00e3o entre o IPBeja, os Servi\u00e7os de Psicologia de Orienta\u00e7\u00e3o (SPO), professores e Dire\u00e7\u00f5es das Escolas do Ensino Secund\u00e1rio e as coordena\u00e7\u00f5es dos cursos do Instituto, foi poss\u00edvel organizar atividades associadas ao perfil formativo de cada CTESP ou Licenciatura de forma a contribuir para a orienta\u00e7\u00e3o escolar dos estudantes que est\u00e3o a frequentar cursos cient\u00edfico-human\u00edsticos ou profissionais.<\/p>\n\n\n\n<p>Durante os tr\u00eas dias, os estudantes acompanhados dos professores, ter\u00e3o oportunidade de vivenciar o campus do IPBeja e o centro Experimental da ESA, desenvolvendo atividades experimentais nos diferentes laborat\u00f3rios, nos est\u00fadios e outros espa\u00e7os dedicados ao ensino ou assistindo e sess\u00f5es de esclarecimento nos audit\u00f3rios, nomeadamente sobre os apoios sociais, oportunidades de mobilidade Erasmus e outros apoios que o Instituto oferece como a biblioteca ou o refeit\u00f3rio, onde ir\u00e3o almo\u00e7ar.<\/p>\n\n\n\n<p>O Instituto congratula-se pelo n\u00famero de estudantes e professores que ir\u00e3o participar no \u201cDIA ABERTO\u201925\u201d e pela amplitude geogr\u00e1fica e n\u00famero de Escolas representadas, a saber:<\/p>\n\n\n\n<p>&#8211; Escola Profissional ALSUD \u2013 <strong>M\u00e9rtola<\/strong><\/p>\n\n\n\n<p>&#8211; Escola Profissional Fialho de Almeida \u2013 <strong>Vidigueira<\/strong><\/p>\n\n\n\n<p>&#8211; Escola Profissional de Odemira \u2013 <strong>Odemira<\/strong><\/p>\n\n\n\n<p>&#8211; Escola Profissional Bento de Jesus Cara\u00e7a \u2013 <strong>Beja<\/strong><\/p>\n\n\n\n<p>&#8211; Escola Secund\u00e1ria Diogo de Gouveia \u2013 <strong>Beja<\/strong><\/p>\n\n\n\n<p>&#8211; Agrupamento de Escolas de Redondo \u2013 <strong>Redondo<\/strong><\/p>\n\n\n\n<p>&#8211; Escola B\u00e1sica e Secund\u00e1ria de M\u00e9rtola \u2013 <strong>M\u00e9rtola<\/strong><\/p>\n\n\n\n<p>&#8211; Agrupamento de Escolas de Serpa &#8211; <strong>Serpa<\/strong><\/p>\n\n\n\n<p>&#8211; Escola Profissional de Alvito \u2013 <strong>Alvito<\/strong><\/p>\n\n\n\n<p>&#8211; Agrupamento de Escolas de Moura &#8211; <strong>Moura<\/strong><\/p>\n\n\n\n<p>&#8211; Escola Profissional de Moura &#8211; <strong>Moura<\/strong><\/p>\n\n\n\n<p>&#8211; Escola Tecnol\u00f3gica do Litoral Alentejano \u2013 <strong>Sines<\/strong><\/p>\n\n\n\n<p>&#8211; Taipa \u2013 Organiza\u00e7\u00e3o Cooperativa p\/ Desenvolvimento Integrado Conselho Odemira &#8211; <strong>Odemira<\/strong><\/p>\n\n\n\n<p>&#8211; Agrupamento de Escolas de Almod\u00f4var \u2013 <strong>Almod\u00f4var<\/strong><\/p>\n\n\n\n<p>&#8211; Agrupamento de Escolas de Castro Verde \u2013 <strong>Castro Verde<\/strong><\/p>\n\n\n\n<p>&#8211; Escola Secund\u00e1ria Andr\u00e9 de Gouveia &#8211; <strong>\u00c9vora<\/strong><\/p>\n\n\n\n<p>&#8211; Escola D. Manuel I \u2013 <strong>Beja<\/strong><\/p>\n\n\n\n<p>&#8211; Agrupamento de Escolas Jos\u00e9 Belchior Viegas \u2013 <strong>S. Br\u00e1s Alportel &#8211; Faro<\/strong><\/p>\n\n\n\n<p>O IPBeja agrade\u00e7o o esfor\u00e7o de todos os envolvidos e o grande empenho da comunidade acad\u00e9mica na organiza\u00e7\u00e3o das atividades que ir\u00e3o ajudar os jovens estudantes a fazer as suas op\u00e7\u00f5es de acesso ao ensino superior, e nelas considerar o IPBeja.<\/p>\n\n\n\n<p>Estes ser\u00e3o dias em que o IPBeja se transforma num universo de descobertas, partilha de conhecimento e saber!<\/p>\n","protected":false},"excerpt":{"rendered":"<p>No \u00e2mbito da Estrat\u00e9gia de Comunica\u00e7\u00e3o para o ano letivo 2025\/26, o IPBeja promove nos dias 18, 19 e 20 de fevereiro o \u201cDIA ABERTO \u201825\u201d, com a presen\u00e7a estudantes do Ensino Secund\u00e1rio e Profissional, acompanhados de professores, com origem em escolas do Ensino Secund\u00e1rio com cursos cient\u00edfico-human\u00edsticos e profissionais&hellip;<\/p>\n","protected":false},"author":17,"featured_media":11180,"comment_status":"closed","ping_status":"open","sticky":false,"template":"","format":"standard","meta":{"advgb_blocks_editor_width":"","advgb_blocks_columns_visual_guide":"","_monsterinsights_skip_tracking":false,"_monsterinsights_sitenote_active":false,"_monsterinsights_sitenote_note":"","_monsterinsights_sitenote_category":0,"footnotes":""},"categories":[7],"tags":[1511],"class_list":["post-11179","post","type-post","status-publish","format-standard","has-post-thumbnail","hentry","category-noticias","tag-ip-beja"],"yoast_head":"<!-- This site is optimized with the Yoast SEO plugin v24.4 - https:\/\/yoast.com\/wordpress\/plugins\/seo\/ -->\n<title>IPBeja abre portas a mais de 900 visitantes nos seus DIAS ABERTOS\u201925 - Mais Magazine<\/title>\n<meta name=\"description\" content=\"No \u00e2mbito da Estrat\u00e9gia de Comunica\u00e7\u00e3o para o ano letivo 2025\/26, o IPBeja promove nos dias 18, 19 e 20 de fevereiro o \u201cDIA ABERTO \u201825\u201d, com a presen\u00e7a estudantes do Ensino Secund\u00e1rio e Profissional, acompanhados de professores, com origem em escolas do Ensino Secund\u00e1rio com cursos cient\u00edfico-human\u00edsticos e profissionais ou escolas do Ensino Profissional, dos distritos de Beja, \u00c9vora, Faro e Set\u00fabal.\" \/>\n<meta name=\"robots\" content=\"index, follow, max-snippet:-1, max-image-preview:large, max-video-preview:-1\" \/>\n<link rel=\"canonical\" href=\"https:\/\/maismagazine.pt\/index.php\/2025\/02\/07\/ipbeja-abre-portas-a-mais-de-900-visitantes-nos-seus-dias-abertos25\/\" \/>\n<meta property=\"og:locale\" content=\"pt_PT\" \/>\n<meta property=\"og:type\" content=\"article\" \/>\n<meta property=\"og:title\" content=\"IPBeja abre portas a mais de 900 visitantes nos seus DIAS ABERTOS\u201925 - Mais Magazine\" \/>\n<meta property=\"og:description\" content=\"No \u00e2mbito da Estrat\u00e9gia de Comunica\u00e7\u00e3o para o ano letivo 2025\/26, o IPBeja promove nos dias 18, 19 e 20 de fevereiro o \u201cDIA ABERTO \u201825\u201d, com a presen\u00e7a estudantes do Ensino Secund\u00e1rio e Profissional, acompanhados de professores, com origem em escolas do Ensino Secund\u00e1rio com cursos cient\u00edfico-human\u00edsticos e profissionais ou escolas do Ensino Profissional, dos distritos de Beja, \u00c9vora, Faro e Set\u00fabal.\" \/>\n<meta property=\"og:url\" content=\"https:\/\/maismagazine.pt\/index.php\/2025\/02\/07\/ipbeja-abre-portas-a-mais-de-900-visitantes-nos-seus-dias-abertos25\/\" \/>\n<meta property=\"og:site_name\" content=\"Mais Magazine\" \/>\n<meta property=\"article:published_time\" content=\"2025-02-07T12:02:21+00:00\" \/>\n<meta property=\"article:modified_time\" content=\"2025-02-07T12:02:27+00:00\" \/>\n<meta property=\"og:image\" content=\"https:\/\/maismagazine.pt\/wp-content\/uploads\/2025\/02\/c.png\" \/>\n\t<meta property=\"og:image:width\" content=\"439\" \/>\n\t<meta property=\"og:image:height\" content=\"439\" \/>\n\t<meta property=\"og:image:type\" content=\"image\/png\" \/>\n<meta name=\"author\" content=\"Tiago Costa\" \/>\n<meta name=\"twitter:card\" content=\"summary_large_image\" \/>\n<meta name=\"twitter:label1\" content=\"Escrito por\" \/>\n\t<meta name=\"twitter:data1\" content=\"\" \/>\n\t<meta name=\"twitter:label2\" content=\"Tempo estimado de leitura\" \/>\n\t<meta name=\"twitter:data2\" content=\"3 minutos\" \/>\n<script type=\"application\/ld+json\" class=\"yoast-schema-graph\">{\"@context\":\"https:\/\/schema.org\",\"@graph\":[{\"@type\":\"Article\",\"@id\":\"https:\/\/maismagazine.pt\/index.php\/2025\/02\/07\/ipbeja-abre-portas-a-mais-de-900-visitantes-nos-seus-dias-abertos25\/#article\",\"isPartOf\":{\"@id\":\"https:\/\/maismagazine.pt\/index.php\/2025\/02\/07\/ipbeja-abre-portas-a-mais-de-900-visitantes-nos-seus-dias-abertos25\/\"},\"author\":{\"name\":\"Tiago Costa\",\"@id\":\"https:\/\/maismagazine.pt\/#\/schema\/person\/c6c5bfccc886434cbd11c74e035f9646\"},\"headline\":\"IPBeja abre portas a mais de 900 visitantes nos seus DIAS ABERTOS\u201925\",\"datePublished\":\"2025-02-07T12:02:21+00:00\",\"dateModified\":\"2025-02-07T12:02:27+00:00\",\"mainEntityOfPage\":{\"@id\":\"https:\/\/maismagazine.pt\/index.php\/2025\/02\/07\/ipbeja-abre-portas-a-mais-de-900-visitantes-nos-seus-dias-abertos25\/\"},\"wordCount\":474,\"publisher\":{\"@id\":\"https:\/\/maismagazine.pt\/#organization\"},\"image\":{\"@id\":\"https:\/\/maismagazine.pt\/index.php\/2025\/02\/07\/ipbeja-abre-portas-a-mais-de-900-visitantes-nos-seus-dias-abertos25\/#primaryimage\"},\"thumbnailUrl\":\"https:\/\/maismagazine.pt\/wp-content\/uploads\/2025\/02\/c.png\",\"keywords\":[\"IP Beja\"],\"articleSection\":[\"Not\u00edcias\"],\"inLanguage\":\"pt-PT\"},{\"@type\":\"WebPage\",\"@id\":\"https:\/\/maismagazine.pt\/index.php\/2025\/02\/07\/ipbeja-abre-portas-a-mais-de-900-visitantes-nos-seus-dias-abertos25\/\",\"url\":\"https:\/\/maismagazine.pt\/index.php\/2025\/02\/07\/ipbeja-abre-portas-a-mais-de-900-visitantes-nos-seus-dias-abertos25\/\",\"name\":\"IPBeja abre portas a mais de 900 visitantes nos seus DIAS ABERTOS\u201925 - Mais Magazine\",\"isPartOf\":{\"@id\":\"https:\/\/maismagazine.pt\/#website\"},\"primaryImageOfPage\":{\"@id\":\"https:\/\/maismagazine.pt\/index.php\/2025\/02\/07\/ipbeja-abre-portas-a-mais-de-900-visitantes-nos-seus-dias-abertos25\/#primaryimage\"},\"image\":{\"@id\":\"https:\/\/maismagazine.pt\/index.php\/2025\/02\/07\/ipbeja-abre-portas-a-mais-de-900-visitantes-nos-seus-dias-abertos25\/#primaryimage\"},\"thumbnailUrl\":\"https:\/\/maismagazine.pt\/wp-content\/uploads\/2025\/02\/c.png\",\"datePublished\":\"2025-02-07T12:02:21+00:00\",\"dateModified\":\"2025-02-07T12:02:27+00:00\",\"description\":\"No \u00e2mbito da Estrat\u00e9gia de Comunica\u00e7\u00e3o para o ano letivo 2025\/26, o IPBeja promove nos dias 18, 19 e 20 de fevereiro o \u201cDIA ABERTO \u201825\u201d, com a presen\u00e7a estudantes do Ensino Secund\u00e1rio e Profissional, acompanhados de professores, com origem em escolas do Ensino Secund\u00e1rio com cursos cient\u00edfico-human\u00edsticos e profissionais ou escolas do Ensino Profissional, dos distritos de Beja, \u00c9vora, Faro e Set\u00fabal.\",\"breadcrumb\":{\"@id\":\"https:\/\/maismagazine.pt\/index.php\/2025\/02\/07\/ipbeja-abre-portas-a-mais-de-900-visitantes-nos-seus-dias-abertos25\/#breadcrumb\"},\"inLanguage\":\"pt-PT\",\"potentialAction\":[{\"@type\":\"ReadAction\",\"target\":[\"https:\/\/maismagazine.pt\/index.php\/2025\/02\/07\/ipbeja-abre-portas-a-mais-de-900-visitantes-nos-seus-dias-abertos25\/\"]}]},{\"@type\":\"ImageObject\",\"inLanguage\":\"pt-PT\",\"@id\":\"https:\/\/maismagazine.pt\/index.php\/2025\/02\/07\/ipbeja-abre-portas-a-mais-de-900-visitantes-nos-seus-dias-abertos25\/#primaryimage\",\"url\":\"https:\/\/maismagazine.pt\/wp-content\/uploads\/2025\/02\/c.png\",\"contentUrl\":\"https:\/\/maismagazine.pt\/wp-content\/uploads\/2025\/02\/c.png\",\"width\":439,\"height\":439},{\"@type\":\"BreadcrumbList\",\"@id\":\"https:\/\/maismagazine.pt\/index.php\/2025\/02\/07\/ipbeja-abre-portas-a-mais-de-900-visitantes-nos-seus-dias-abertos25\/#breadcrumb\",\"itemListElement\":[{\"@type\":\"ListItem\",\"position\":1,\"name\":\"Home\",\"item\":\"https:\/\/maismagazine.pt\/\"},{\"@type\":\"ListItem\",\"position\":2,\"name\":\"IPBeja abre portas a mais de 900 visitantes nos seus DIAS ABERTOS\u201925\"}]},{\"@type\":\"WebSite\",\"@id\":\"https:\/\/maismagazine.pt\/#website\",\"url\":\"https:\/\/maismagazine.pt\/\",\"name\":\"Mais Magazine\",\"description\":\"\",\"publisher\":{\"@id\":\"https:\/\/maismagazine.pt\/#organization\"},\"potentialAction\":[{\"@type\":\"SearchAction\",\"target\":{\"@type\":\"EntryPoint\",\"urlTemplate\":\"https:\/\/maismagazine.pt\/?s={search_term_string}\"},\"query-input\":{\"@type\":\"PropertyValueSpecification\",\"valueRequired\":true,\"valueName\":\"search_term_string\"}}],\"inLanguage\":\"pt-PT\"},{\"@type\":\"Organization\",\"@id\":\"https:\/\/maismagazine.pt\/#organization\",\"name\":\"Mais Magazine\",\"url\":\"https:\/\/maismagazine.pt\/\",\"logo\":{\"@type\":\"ImageObject\",\"inLanguage\":\"pt-PT\",\"@id\":\"https:\/\/maismagazine.pt\/#\/schema\/logo\/image\/\",\"url\":\"https:\/\/maismagazine.pt\/wp-content\/uploads\/2020\/04\/cropped-cropped-mais-magazine-site-logo-2.png\",\"contentUrl\":\"https:\/\/maismagazine.pt\/wp-content\/uploads\/2020\/04\/cropped-cropped-mais-magazine-site-logo-2.png\",\"width\":581,\"height\":90,\"caption\":\"Mais Magazine\"},\"image\":{\"@id\":\"https:\/\/maismagazine.pt\/#\/schema\/logo\/image\/\"}},{\"@type\":\"Person\",\"@id\":\"https:\/\/maismagazine.pt\/#\/schema\/person\/c6c5bfccc886434cbd11c74e035f9646\",\"name\":\"Tiago Costa\",\"image\":{\"@type\":\"ImageObject\",\"inLanguage\":\"pt-PT\",\"@id\":\"https:\/\/maismagazine.pt\/#\/schema\/person\/image\/\",\"url\":\"https:\/\/secure.gravatar.com\/avatar\/c599b2bce16c9870429198cbad5ee022?s=96&d=mm&r=g\",\"contentUrl\":\"https:\/\/secure.gravatar.com\/avatar\/c599b2bce16c9870429198cbad5ee022?s=96&d=mm&r=g\",\"caption\":\"Tiago Costa\"},\"url\":\"https:\/\/maismagazine.pt\/index.php\/author\/tiago\/\"}]}<\/script>\n<!-- \/ Yoast SEO plugin. -->","yoast_head_json":{"title":"IPBeja abre portas a mais de 900 visitantes nos seus DIAS ABERTOS\u201925 - Mais Magazine","description":"No \u00e2mbito da Estrat\u00e9gia de Comunica\u00e7\u00e3o para o ano letivo 2025\/26, o IPBeja promove nos dias 18, 19 e 20 de fevereiro o \u201cDIA ABERTO \u201825\u201d, com a presen\u00e7a estudantes do Ensino Secund\u00e1rio e Profissional, acompanhados de professores, com origem em escolas do Ensino Secund\u00e1rio com cursos cient\u00edfico-human\u00edsticos e profissionais ou escolas do Ensino Profissional, dos distritos de Beja, \u00c9vora, Faro e Set\u00fabal.","robots":{"index":"index","follow":"follow","max-snippet":"max-snippet:-1","max-image-preview":"max-image-preview:large","max-video-preview":"max-video-preview:-1"},"canonical":"https:\/\/maismagazine.pt\/index.php\/2025\/02\/07\/ipbeja-abre-portas-a-mais-de-900-visitantes-nos-seus-dias-abertos25\/","og_locale":"pt_PT","og_type":"article","og_title":"IPBeja abre portas a mais de 900 visitantes nos seus DIAS ABERTOS\u201925 - Mais Magazine","og_description":"No \u00e2mbito da Estrat\u00e9gia de Comunica\u00e7\u00e3o para o ano letivo 2025\/26, o IPBeja promove nos dias 18, 19 e 20 de fevereiro o \u201cDIA ABERTO \u201825\u201d, com a presen\u00e7a estudantes do Ensino Secund\u00e1rio e Profissional, acompanhados de professores, com origem em escolas do Ensino Secund\u00e1rio com cursos cient\u00edfico-human\u00edsticos e profissionais ou escolas do Ensino Profissional, dos distritos de Beja, \u00c9vora, Faro e Set\u00fabal.","og_url":"https:\/\/maismagazine.pt\/index.php\/2025\/02\/07\/ipbeja-abre-portas-a-mais-de-900-visitantes-nos-seus-dias-abertos25\/","og_site_name":"Mais Magazine","article_published_time":"2025-02-07T12:02:21+00:00","article_modified_time":"2025-02-07T12:02:27+00:00","og_image":[{"width":439,"height":439,"url":"https:\/\/maismagazine.pt\/wp-content\/uploads\/2025\/02\/c.png","type":"image\/png"}],"author":"Tiago Costa","twitter_card":"summary_large_image","twitter_misc":{"Escrito por":false,"Tempo estimado de leitura":"3 minutos"},"schema":{"@context":"https:\/\/schema.org","@graph":[{"@type":"Article","@id":"https:\/\/maismagazine.pt\/index.php\/2025\/02\/07\/ipbeja-abre-portas-a-mais-de-900-visitantes-nos-seus-dias-abertos25\/#article","isPartOf":{"@id":"https:\/\/maismagazine.pt\/index.php\/2025\/02\/07\/ipbeja-abre-portas-a-mais-de-900-visitantes-nos-seus-dias-abertos25\/"},"author":{"name":"Tiago Costa","@id":"https:\/\/maismagazine.pt\/#\/schema\/person\/c6c5bfccc886434cbd11c74e035f9646"},"headline":"IPBeja abre portas a mais de 900 visitantes nos seus DIAS ABERTOS\u201925","datePublished":"2025-02-07T12:02:21+00:00","dateModified":"2025-02-07T12:02:27+00:00","mainEntityOfPage":{"@id":"https:\/\/maismagazine.pt\/index.php\/2025\/02\/07\/ipbeja-abre-portas-a-mais-de-900-visitantes-nos-seus-dias-abertos25\/"},"wordCount":474,"publisher":{"@id":"https:\/\/maismagazine.pt\/#organization"},"image":{"@id":"https:\/\/maismagazine.pt\/index.php\/2025\/02\/07\/ipbeja-abre-portas-a-mais-de-900-visitantes-nos-seus-dias-abertos25\/#primaryimage"},"thumbnailUrl":"https:\/\/maismagazine.pt\/wp-content\/uploads\/2025\/02\/c.png","keywords":["IP Beja"],"articleSection":["Not\u00edcias"],"inLanguage":"pt-PT"},{"@type":"WebPage","@id":"https:\/\/maismagazine.pt\/index.php\/2025\/02\/07\/ipbeja-abre-portas-a-mais-de-900-visitantes-nos-seus-dias-abertos25\/","url":"https:\/\/maismagazine.pt\/index.php\/2025\/02\/07\/ipbeja-abre-portas-a-mais-de-900-visitantes-nos-seus-dias-abertos25\/","name":"IPBeja abre portas a mais de 900 visitantes nos seus DIAS ABERTOS\u201925 - Mais Magazine","isPartOf":{"@id":"https:\/\/maismagazine.pt\/#website"},"primaryImageOfPage":{"@id":"https:\/\/maismagazine.pt\/index.php\/2025\/02\/07\/ipbeja-abre-portas-a-mais-de-900-visitantes-nos-seus-dias-abertos25\/#primaryimage"},"image":{"@id":"https:\/\/maismagazine.pt\/index.php\/2025\/02\/07\/ipbeja-abre-portas-a-mais-de-900-visitantes-nos-seus-dias-abertos25\/#primaryimage"},"thumbnailUrl":"https:\/\/maismagazine.pt\/wp-content\/uploads\/2025\/02\/c.png","datePublished":"2025-02-07T12:02:21+00:00","dateModified":"2025-02-07T12:02:27+00:00","description":"No \u00e2mbito da Estrat\u00e9gia de Comunica\u00e7\u00e3o para o ano letivo 2025\/26, o IPBeja promove nos dias 18, 19 e 20 de fevereiro o \u201cDIA ABERTO \u201825\u201d, com a presen\u00e7a estudantes do Ensino Secund\u00e1rio e Profissional, acompanhados de professores, com origem em escolas do Ensino Secund\u00e1rio com cursos cient\u00edfico-human\u00edsticos e profissionais ou escolas do Ensino Profissional, dos distritos de Beja, \u00c9vora, Faro e Set\u00fabal.","breadcrumb":{"@id":"https:\/\/maismagazine.pt\/index.php\/2025\/02\/07\/ipbeja-abre-portas-a-mais-de-900-visitantes-nos-seus-dias-abertos25\/#breadcrumb"},"inLanguage":"pt-PT","potentialAction":[{"@type":"ReadAction","target":["https:\/\/maismagazine.pt\/index.php\/2025\/02\/07\/ipbeja-abre-portas-a-mais-de-900-visitantes-nos-seus-dias-abertos25\/"]}]},{"@type":"ImageObject","inLanguage":"pt-PT","@id":"https:\/\/maismagazine.pt\/index.php\/2025\/02\/07\/ipbeja-abre-portas-a-mais-de-900-visitantes-nos-seus-dias-abertos25\/#primaryimage","url":"https:\/\/maismagazine.pt\/wp-content\/uploads\/2025\/02\/c.png","contentUrl":"https:\/\/maismagazine.pt\/wp-content\/uploads\/2025\/02\/c.png","width":439,"height":439},{"@type":"BreadcrumbList","@id":"https:\/\/maismagazine.pt\/index.php\/2025\/02\/07\/ipbeja-abre-portas-a-mais-de-900-visitantes-nos-seus-dias-abertos25\/#breadcrumb","itemListElement":[{"@type":"ListItem","position":1,"name":"Home","item":"https:\/\/maismagazine.pt\/"},{"@type":"ListItem","position":2,"name":"IPBeja abre portas a mais de 900 visitantes nos seus DIAS ABERTOS\u201925"}]},{"@type":"WebSite","@id":"https:\/\/maismagazine.pt\/#website","url":"https:\/\/maismagazine.pt\/","name":"Mais Magazine","description":"","publisher":{"@id":"https:\/\/maismagazine.pt\/#organization"},"potentialAction":[{"@type":"SearchAction","target":{"@type":"EntryPoint","urlTemplate":"https:\/\/maismagazine.pt\/?s={search_term_string}"},"query-input":{"@type":"PropertyValueSpecification","valueRequired":true,"valueName":"search_term_string"}}],"inLanguage":"pt-PT"},{"@type":"Organization","@id":"https:\/\/maismagazine.pt\/#organization","name":"Mais Magazine","url":"https:\/\/maismagazine.pt\/","logo":{"@type":"ImageObject","inLanguage":"pt-PT","@id":"https:\/\/maismagazine.pt\/#\/schema\/logo\/image\/","url":"https:\/\/maismagazine.pt\/wp-content\/uploads\/2020\/04\/cropped-cropped-mais-magazine-site-logo-2.png","contentUrl":"https:\/\/maismagazine.pt\/wp-content\/uploads\/2020\/04\/cropped-cropped-mais-magazine-site-logo-2.png","width":581,"height":90,"caption":"Mais Magazine"},"image":{"@id":"https:\/\/maismagazine.pt\/#\/schema\/logo\/image\/"}},{"@type":"Person","@id":"https:\/\/maismagazine.pt\/#\/schema\/person\/c6c5bfccc886434cbd11c74e035f9646","name":"Tiago Costa","image":{"@type":"ImageObject","inLanguage":"pt-PT","@id":"https:\/\/maismagazine.pt\/#\/schema\/person\/image\/","url":"https:\/\/secure.gravatar.com\/avatar\/c599b2bce16c9870429198cbad5ee022?s=96&d=mm&r=g","contentUrl":"https:\/\/secure.gravatar.com\/avatar\/c599b2bce16c9870429198cbad5ee022?s=96&d=mm&r=g","caption":"Tiago Costa"},"url":"https:\/\/maismagazine.pt\/index.php\/author\/tiago\/"}]}},"author_meta":{"display_name":false,"author_link":"https:\/\/maismagazine.pt\/index.php\/author\/tiago\/"},"featured_img":"https:\/\/maismagazine.pt\/wp-content\/uploads\/2025\/02\/c-300x300.png","coauthors":[],"tax_additional":{"categories":{"linked":["<a href=\"https:\/\/maismagazine.pt\/index.php\/category\/noticias\/\" class=\"advgb-post-tax-term\">Not\u00edcias<\/a>"],"unlinked":["<span class=\"advgb-post-tax-term\">Not\u00edcias<\/span>"]},"tags":{"linked":["<a href=\"https:\/\/maismagazine.pt\/index.php\/category\/noticias\/\" class=\"advgb-post-tax-term\">IP Beja<\/a>"],"unlinked":["<span class=\"advgb-post-tax-term\">IP Beja<\/span>"]}},"comment_count":"0","relative_dates":{"created":"Posted 1 ano ago","modified":"Updated 1 ano ago"},"absolute_dates":{"created":"Posted on 7 de Fevereiro, 2025","modified":"Updated on 7 de Fevereiro, 2025"},"absolute_dates_time":{"created":"Posted on 7 de Fevereiro, 2025 12:02","modified":"Updated on 7 de Fevereiro, 2025 12:02"},"featured_img_caption":"","series_order":"","_links":{"self":[{"href":"https:\/\/maismagazine.pt\/index.php\/wp-json\/wp\/v2\/posts\/11179","targetHints":{"allow":["GET"]}}],"collection":[{"href":"https:\/\/maismagazine.pt\/index.php\/wp-json\/wp\/v2\/posts"}],"about":[{"href":"https:\/\/maismagazine.pt\/index.php\/wp-json\/wp\/v2\/types\/post"}],"author":[{"embeddable":true,"href":"https:\/\/maismagazine.pt\/index.php\/wp-json\/wp\/v2\/users\/17"}],"replies":[{"embeddable":true,"href":"https:\/\/maismagazine.pt\/index.php\/wp-json\/wp\/v2\/comments?post=11179"}],"version-history":[{"count":1,"href":"https:\/\/maismagazine.pt\/index.php\/wp-json\/wp\/v2\/posts\/11179\/revisions"}],"predecessor-version":[{"id":11181,"href":"https:\/\/maismagazine.pt\/index.php\/wp-json\/wp\/v2\/posts\/11179\/revisions\/11181"}],"wp:featuredmedia":[{"embeddable":true,"href":"https:\/\/maismagazine.pt\/index.php\/wp-json\/wp\/v2\/media\/11180"}],"wp:attachment":[{"href":"https:\/\/maismagazine.pt\/index.php\/wp-json\/wp\/v2\/media?parent=11179"}],"wp:term":[{"taxonomy":"category","embeddable":true,"href":"https:\/\/maismagazine.pt\/index.php\/wp-json\/wp\/v2\/categories?post=11179"},{"taxonomy":"post_tag","embeddable":true,"href":"https:\/\/maismagazine.pt\/index.php\/wp-json\/wp\/v2\/tags?post=11179"}],"curies":[{"name":"wp","href":"https:\/\/api.w.org\/{rel}","templated":true}]}}