{"id":10945,"date":"2024-11-29T12:31:28","date_gmt":"2024-11-29T12:31:28","guid":{"rendered":"https:\/\/maismagazine.pt\/?p=10945"},"modified":"2024-11-29T12:31:32","modified_gmt":"2024-11-29T12:31:32","slug":"museu-botanico-do-ipbeja-apresenta-exposicao-presepios-botanicos","status":"publish","type":"post","link":"https:\/\/maismagazine.pt\/index.php\/2024\/11\/29\/museu-botanico-do-ipbeja-apresenta-exposicao-presepios-botanicos\/","title":{"rendered":"Museu Bot\u00e2nico do IPBeja apresenta Exposi\u00e7\u00e3o \u201cPres\u00e9pios Bot\u00e2nicos\u201d"},"content":{"rendered":"\n<p><strong>O Museu Bot\u00e2nico do <a href=\"http:\/\/www.ipbeja.pt\">Instituto Polit\u00e9cnico de Beja<\/a>, apresenta de 25 de novembro a 6 de janeiro de 2025, aberta \u00e0 comunidade, no \u00e1trio da Escola Superior Agr\u00e1ria, a Exposi\u00e7\u00e3o PRES\u00c9PIOS BOT\u00c2NICOS.<\/strong><\/p>\n\n\n\n<p>O Pres\u00e9pio remete-nos para o Nascimento de Cristo, em Bel\u00e9m, e para Epifania, quando Jesus foi apresentado aos Pastores e aos Reis Magos, de acordo o que est\u00e1 escrito nos Evangelhos. Segundo a tradi\u00e7\u00e3o cat\u00f3lica, o primeiro pres\u00e9pio ter\u00e1 sido montado por S\u00e3o Francisco de Assis, no ano de 1223, quando, em vez de festejar a noite de Natal na igreja, f\u00ea-lo numa floresta nos arredores da cidade de Greccio (L\u00e1cio, It\u00e1lia), onde recriou uma representa\u00e7\u00e3o do nascimento de Jesus. Durante a Baixa Idade M\u00e9dia e Renascimento, a tradi\u00e7\u00e3o de incluir o pres\u00e9pio nos festejos do Natal disseminou-se por igrejas e mosteiros europeus, come\u00e7ando, tamb\u00e9m, a ser montado em casa de nobres e monarcas.<\/p>\n\n\n\n<p>\u00c0 medida que esta tradi\u00e7\u00e3o era adotada, mais figuras foram adicionadas, algumas aludindo a artes e of\u00edcios regionais. Em Portugal, a tradi\u00e7\u00e3o tamb\u00e9m se fixou e s\u00e3o famosos os pres\u00e9pios criados durante o s\u00e9culo XVIII, como o que se mant\u00e9m na Bas\u00edlica da Estrela e os que se conservam no Museu Nacional de Arte Antiga, em Lisboa.<\/p>\n\n\n\n<p>A Cole\u00e7\u00e3o de Pres\u00e9pios inclui pres\u00e9pios constru\u00eddos com mat\u00e9rias-primas de origem vegetal e cumpre um dos objetivos do Museu Bot\u00e2nico: conservar e estudar exemplos de diferentes usos culturais de plantas, em Portugal e no Mundo. A sele\u00e7\u00e3o que aqui se apresenta inclui pres\u00e9pios constru\u00eddos com bordo, nogueira, cerejeira, abeto, c\u00f4co, caba\u00e7a, corti\u00e7a, rom\u00e3, casuarina, milho, junco, carvalho, oliveira, cacau e avel\u00e3. Esta exposi\u00e7\u00e3o inclui, tamb\u00e9m, incenso, ouro e mirra oferecidos pelos Reis Magos, de acordo com o Evangelho de Mateus. O incenso \u00e9 uma goma-\u00f3leo-resina extra\u00edda do tronco de \u00e1rvores do g\u00e9nero <em>Boswellia <\/em>e a mirra \u00e9 uma secre\u00e7\u00e3o semelhante obtida de \u00e1rvores do g\u00e9nero <em>Commiphora<\/em>. Desde que Or\u00edgenes de Alexandria (s\u00e9culo III d.C.) prop\u00f4s, na obra <em>Contra Celso<\/em>, o significado destas ofertas, que a mesma foi aceite pela Igreja. Assim, o incenso alude \u00e0 natureza divina de Cristo, o ouro \u00e0 sua natureza r\u00e9gia e a mirra \u00e0 condi\u00e7\u00e3o humana, j\u00e1 que a mirra era um s\u00edmbolo de sofrimento.<\/p>\n","protected":false},"excerpt":{"rendered":"<p>O Museu Bot\u00e2nico do Instituto Polit\u00e9cnico de Beja, apresenta de 25 de novembro a 6 de janeiro de 2025, aberta \u00e0 comunidade, no \u00e1trio da Escola Superior Agr\u00e1ria, a Exposi\u00e7\u00e3o PRES\u00c9PIOS BOT\u00c2NICOS. O Pres\u00e9pio remete-nos para o Nascimento de Cristo, em Bel\u00e9m, e para Epifania, quando Jesus foi apresentado aos&hellip;<\/p>\n","protected":false},"author":17,"featured_media":10948,"comment_status":"closed","ping_status":"open","sticky":false,"template":"","format":"standard","meta":{"advgb_blocks_editor_width":"","advgb_blocks_columns_visual_guide":"","_monsterinsights_skip_tracking":false,"_monsterinsights_sitenote_active":false,"_monsterinsights_sitenote_note":"","_monsterinsights_sitenote_category":0,"footnotes":""},"categories":[7],"tags":[1511],"class_list":["post-10945","post","type-post","status-publish","format-standard","has-post-thumbnail","hentry","category-noticias","tag-ip-beja"],"yoast_head":"<!-- This site is optimized with the Yoast SEO plugin v24.4 - https:\/\/yoast.com\/wordpress\/plugins\/seo\/ -->\n<title>Museu Bot\u00e2nico do IPBeja apresenta Exposi\u00e7\u00e3o \u201cPres\u00e9pios Bot\u00e2nicos\u201d - Mais Magazine<\/title>\n<meta name=\"description\" content=\"O Museu Bot\u00e2nico do Instituto Polit\u00e9cnico de Beja, apresenta de 25 de novembro a 6 de janeiro de 2025, aberta \u00e0 comunidade, no \u00e1trio da Escola Superior Agr\u00e1ria, a Exposi\u00e7\u00e3o PRES\u00c9PIOS BOT\u00c2NICOS.\" \/>\n<meta name=\"robots\" content=\"index, follow, max-snippet:-1, max-image-preview:large, max-video-preview:-1\" \/>\n<link rel=\"canonical\" href=\"http:\/\/maismagazine.pt\/index.php\/2024\/11\/29\/museu-botanico-do-ipbeja-apresenta-exposicao-presepios-botanicos\/\" \/>\n<meta property=\"og:locale\" content=\"pt_PT\" \/>\n<meta property=\"og:type\" content=\"article\" \/>\n<meta property=\"og:title\" content=\"Museu Bot\u00e2nico do IPBeja apresenta Exposi\u00e7\u00e3o \u201cPres\u00e9pios Bot\u00e2nicos\u201d - Mais Magazine\" \/>\n<meta property=\"og:description\" content=\"O Museu Bot\u00e2nico do Instituto Polit\u00e9cnico de Beja, apresenta de 25 de novembro a 6 de janeiro de 2025, aberta \u00e0 comunidade, no \u00e1trio da Escola Superior Agr\u00e1ria, a Exposi\u00e7\u00e3o PRES\u00c9PIOS BOT\u00c2NICOS.\" \/>\n<meta property=\"og:url\" content=\"http:\/\/maismagazine.pt\/index.php\/2024\/11\/29\/museu-botanico-do-ipbeja-apresenta-exposicao-presepios-botanicos\/\" \/>\n<meta property=\"og:site_name\" content=\"Mais Magazine\" \/>\n<meta property=\"article:published_time\" content=\"2024-11-29T12:31:28+00:00\" \/>\n<meta property=\"article:modified_time\" content=\"2024-11-29T12:31:32+00:00\" \/>\n<meta property=\"og:image\" content=\"http:\/\/maismagazine.pt\/wp-content\/uploads\/2024\/11\/f-1.jpg\" \/>\n\t<meta property=\"og:image:width\" content=\"480\" \/>\n\t<meta property=\"og:image:height\" content=\"360\" \/>\n\t<meta property=\"og:image:type\" content=\"image\/jpeg\" \/>\n<meta name=\"author\" content=\"Tiago Costa\" \/>\n<meta name=\"twitter:card\" content=\"summary_large_image\" \/>\n<meta name=\"twitter:label1\" content=\"Escrito por\" \/>\n\t<meta name=\"twitter:data1\" content=\"\" \/>\n\t<meta name=\"twitter:label2\" content=\"Tempo estimado de leitura\" \/>\n\t<meta name=\"twitter:data2\" content=\"3 minutos\" \/>\n<script type=\"application\/ld+json\" class=\"yoast-schema-graph\">{\"@context\":\"https:\/\/schema.org\",\"@graph\":[{\"@type\":\"Article\",\"@id\":\"http:\/\/maismagazine.pt\/index.php\/2024\/11\/29\/museu-botanico-do-ipbeja-apresenta-exposicao-presepios-botanicos\/#article\",\"isPartOf\":{\"@id\":\"http:\/\/maismagazine.pt\/index.php\/2024\/11\/29\/museu-botanico-do-ipbeja-apresenta-exposicao-presepios-botanicos\/\"},\"author\":{\"name\":\"Tiago Costa\",\"@id\":\"https:\/\/maismagazine.pt\/#\/schema\/person\/c6c5bfccc886434cbd11c74e035f9646\"},\"headline\":\"Museu Bot\u00e2nico do IPBeja apresenta Exposi\u00e7\u00e3o \u201cPres\u00e9pios Bot\u00e2nicos\u201d\",\"datePublished\":\"2024-11-29T12:31:28+00:00\",\"dateModified\":\"2024-11-29T12:31:32+00:00\",\"mainEntityOfPage\":{\"@id\":\"http:\/\/maismagazine.pt\/index.php\/2024\/11\/29\/museu-botanico-do-ipbeja-apresenta-exposicao-presepios-botanicos\/\"},\"wordCount\":420,\"publisher\":{\"@id\":\"https:\/\/maismagazine.pt\/#organization\"},\"image\":{\"@id\":\"http:\/\/maismagazine.pt\/index.php\/2024\/11\/29\/museu-botanico-do-ipbeja-apresenta-exposicao-presepios-botanicos\/#primaryimage\"},\"thumbnailUrl\":\"https:\/\/maismagazine.pt\/wp-content\/uploads\/2024\/11\/f-1.jpg\",\"keywords\":[\"IP Beja\"],\"articleSection\":[\"Not\u00edcias\"],\"inLanguage\":\"pt-PT\"},{\"@type\":\"WebPage\",\"@id\":\"http:\/\/maismagazine.pt\/index.php\/2024\/11\/29\/museu-botanico-do-ipbeja-apresenta-exposicao-presepios-botanicos\/\",\"url\":\"http:\/\/maismagazine.pt\/index.php\/2024\/11\/29\/museu-botanico-do-ipbeja-apresenta-exposicao-presepios-botanicos\/\",\"name\":\"Museu Bot\u00e2nico do IPBeja apresenta Exposi\u00e7\u00e3o \u201cPres\u00e9pios Bot\u00e2nicos\u201d - Mais Magazine\",\"isPartOf\":{\"@id\":\"https:\/\/maismagazine.pt\/#website\"},\"primaryImageOfPage\":{\"@id\":\"http:\/\/maismagazine.pt\/index.php\/2024\/11\/29\/museu-botanico-do-ipbeja-apresenta-exposicao-presepios-botanicos\/#primaryimage\"},\"image\":{\"@id\":\"http:\/\/maismagazine.pt\/index.php\/2024\/11\/29\/museu-botanico-do-ipbeja-apresenta-exposicao-presepios-botanicos\/#primaryimage\"},\"thumbnailUrl\":\"https:\/\/maismagazine.pt\/wp-content\/uploads\/2024\/11\/f-1.jpg\",\"datePublished\":\"2024-11-29T12:31:28+00:00\",\"dateModified\":\"2024-11-29T12:31:32+00:00\",\"description\":\"O Museu Bot\u00e2nico do Instituto Polit\u00e9cnico de Beja, apresenta de 25 de novembro a 6 de janeiro de 2025, aberta \u00e0 comunidade, no \u00e1trio da Escola Superior Agr\u00e1ria, a Exposi\u00e7\u00e3o PRES\u00c9PIOS BOT\u00c2NICOS.\",\"breadcrumb\":{\"@id\":\"http:\/\/maismagazine.pt\/index.php\/2024\/11\/29\/museu-botanico-do-ipbeja-apresenta-exposicao-presepios-botanicos\/#breadcrumb\"},\"inLanguage\":\"pt-PT\",\"potentialAction\":[{\"@type\":\"ReadAction\",\"target\":[\"http:\/\/maismagazine.pt\/index.php\/2024\/11\/29\/museu-botanico-do-ipbeja-apresenta-exposicao-presepios-botanicos\/\"]}]},{\"@type\":\"ImageObject\",\"inLanguage\":\"pt-PT\",\"@id\":\"http:\/\/maismagazine.pt\/index.php\/2024\/11\/29\/museu-botanico-do-ipbeja-apresenta-exposicao-presepios-botanicos\/#primaryimage\",\"url\":\"https:\/\/maismagazine.pt\/wp-content\/uploads\/2024\/11\/f-1.jpg\",\"contentUrl\":\"https:\/\/maismagazine.pt\/wp-content\/uploads\/2024\/11\/f-1.jpg\",\"width\":480,\"height\":360},{\"@type\":\"BreadcrumbList\",\"@id\":\"http:\/\/maismagazine.pt\/index.php\/2024\/11\/29\/museu-botanico-do-ipbeja-apresenta-exposicao-presepios-botanicos\/#breadcrumb\",\"itemListElement\":[{\"@type\":\"ListItem\",\"position\":1,\"name\":\"Home\",\"item\":\"https:\/\/maismagazine.pt\/\"},{\"@type\":\"ListItem\",\"position\":2,\"name\":\"Museu Bot\u00e2nico do IPBeja apresenta Exposi\u00e7\u00e3o \u201cPres\u00e9pios Bot\u00e2nicos\u201d\"}]},{\"@type\":\"WebSite\",\"@id\":\"https:\/\/maismagazine.pt\/#website\",\"url\":\"https:\/\/maismagazine.pt\/\",\"name\":\"Mais Magazine\",\"description\":\"\",\"publisher\":{\"@id\":\"https:\/\/maismagazine.pt\/#organization\"},\"potentialAction\":[{\"@type\":\"SearchAction\",\"target\":{\"@type\":\"EntryPoint\",\"urlTemplate\":\"https:\/\/maismagazine.pt\/?s={search_term_string}\"},\"query-input\":{\"@type\":\"PropertyValueSpecification\",\"valueRequired\":true,\"valueName\":\"search_term_string\"}}],\"inLanguage\":\"pt-PT\"},{\"@type\":\"Organization\",\"@id\":\"https:\/\/maismagazine.pt\/#organization\",\"name\":\"Mais Magazine\",\"url\":\"https:\/\/maismagazine.pt\/\",\"logo\":{\"@type\":\"ImageObject\",\"inLanguage\":\"pt-PT\",\"@id\":\"https:\/\/maismagazine.pt\/#\/schema\/logo\/image\/\",\"url\":\"https:\/\/maismagazine.pt\/wp-content\/uploads\/2020\/04\/cropped-cropped-mais-magazine-site-logo-2.png\",\"contentUrl\":\"https:\/\/maismagazine.pt\/wp-content\/uploads\/2020\/04\/cropped-cropped-mais-magazine-site-logo-2.png\",\"width\":581,\"height\":90,\"caption\":\"Mais Magazine\"},\"image\":{\"@id\":\"https:\/\/maismagazine.pt\/#\/schema\/logo\/image\/\"}},{\"@type\":\"Person\",\"@id\":\"https:\/\/maismagazine.pt\/#\/schema\/person\/c6c5bfccc886434cbd11c74e035f9646\",\"name\":\"Tiago Costa\",\"image\":{\"@type\":\"ImageObject\",\"inLanguage\":\"pt-PT\",\"@id\":\"https:\/\/maismagazine.pt\/#\/schema\/person\/image\/\",\"url\":\"https:\/\/secure.gravatar.com\/avatar\/c599b2bce16c9870429198cbad5ee022?s=96&d=mm&r=g\",\"contentUrl\":\"https:\/\/secure.gravatar.com\/avatar\/c599b2bce16c9870429198cbad5ee022?s=96&d=mm&r=g\",\"caption\":\"Tiago Costa\"},\"url\":\"https:\/\/maismagazine.pt\/index.php\/author\/tiago\/\"}]}<\/script>\n<!-- \/ Yoast SEO plugin. -->","yoast_head_json":{"title":"Museu Bot\u00e2nico do IPBeja apresenta Exposi\u00e7\u00e3o \u201cPres\u00e9pios Bot\u00e2nicos\u201d - Mais Magazine","description":"O Museu Bot\u00e2nico do Instituto Polit\u00e9cnico de Beja, apresenta de 25 de novembro a 6 de janeiro de 2025, aberta \u00e0 comunidade, no \u00e1trio da Escola Superior Agr\u00e1ria, a Exposi\u00e7\u00e3o PRES\u00c9PIOS BOT\u00c2NICOS.","robots":{"index":"index","follow":"follow","max-snippet":"max-snippet:-1","max-image-preview":"max-image-preview:large","max-video-preview":"max-video-preview:-1"},"canonical":"http:\/\/maismagazine.pt\/index.php\/2024\/11\/29\/museu-botanico-do-ipbeja-apresenta-exposicao-presepios-botanicos\/","og_locale":"pt_PT","og_type":"article","og_title":"Museu Bot\u00e2nico do IPBeja apresenta Exposi\u00e7\u00e3o \u201cPres\u00e9pios Bot\u00e2nicos\u201d - Mais Magazine","og_description":"O Museu Bot\u00e2nico do Instituto Polit\u00e9cnico de Beja, apresenta de 25 de novembro a 6 de janeiro de 2025, aberta \u00e0 comunidade, no \u00e1trio da Escola Superior Agr\u00e1ria, a Exposi\u00e7\u00e3o PRES\u00c9PIOS BOT\u00c2NICOS.","og_url":"http:\/\/maismagazine.pt\/index.php\/2024\/11\/29\/museu-botanico-do-ipbeja-apresenta-exposicao-presepios-botanicos\/","og_site_name":"Mais Magazine","article_published_time":"2024-11-29T12:31:28+00:00","article_modified_time":"2024-11-29T12:31:32+00:00","og_image":[{"width":480,"height":360,"url":"http:\/\/maismagazine.pt\/wp-content\/uploads\/2024\/11\/f-1.jpg","type":"image\/jpeg"}],"author":"Tiago Costa","twitter_card":"summary_large_image","twitter_misc":{"Escrito por":false,"Tempo estimado de leitura":"3 minutos"},"schema":{"@context":"https:\/\/schema.org","@graph":[{"@type":"Article","@id":"http:\/\/maismagazine.pt\/index.php\/2024\/11\/29\/museu-botanico-do-ipbeja-apresenta-exposicao-presepios-botanicos\/#article","isPartOf":{"@id":"http:\/\/maismagazine.pt\/index.php\/2024\/11\/29\/museu-botanico-do-ipbeja-apresenta-exposicao-presepios-botanicos\/"},"author":{"name":"Tiago Costa","@id":"https:\/\/maismagazine.pt\/#\/schema\/person\/c6c5bfccc886434cbd11c74e035f9646"},"headline":"Museu Bot\u00e2nico do IPBeja apresenta Exposi\u00e7\u00e3o \u201cPres\u00e9pios Bot\u00e2nicos\u201d","datePublished":"2024-11-29T12:31:28+00:00","dateModified":"2024-11-29T12:31:32+00:00","mainEntityOfPage":{"@id":"http:\/\/maismagazine.pt\/index.php\/2024\/11\/29\/museu-botanico-do-ipbeja-apresenta-exposicao-presepios-botanicos\/"},"wordCount":420,"publisher":{"@id":"https:\/\/maismagazine.pt\/#organization"},"image":{"@id":"http:\/\/maismagazine.pt\/index.php\/2024\/11\/29\/museu-botanico-do-ipbeja-apresenta-exposicao-presepios-botanicos\/#primaryimage"},"thumbnailUrl":"https:\/\/maismagazine.pt\/wp-content\/uploads\/2024\/11\/f-1.jpg","keywords":["IP Beja"],"articleSection":["Not\u00edcias"],"inLanguage":"pt-PT"},{"@type":"WebPage","@id":"http:\/\/maismagazine.pt\/index.php\/2024\/11\/29\/museu-botanico-do-ipbeja-apresenta-exposicao-presepios-botanicos\/","url":"http:\/\/maismagazine.pt\/index.php\/2024\/11\/29\/museu-botanico-do-ipbeja-apresenta-exposicao-presepios-botanicos\/","name":"Museu Bot\u00e2nico do IPBeja apresenta Exposi\u00e7\u00e3o \u201cPres\u00e9pios Bot\u00e2nicos\u201d - Mais Magazine","isPartOf":{"@id":"https:\/\/maismagazine.pt\/#website"},"primaryImageOfPage":{"@id":"http:\/\/maismagazine.pt\/index.php\/2024\/11\/29\/museu-botanico-do-ipbeja-apresenta-exposicao-presepios-botanicos\/#primaryimage"},"image":{"@id":"http:\/\/maismagazine.pt\/index.php\/2024\/11\/29\/museu-botanico-do-ipbeja-apresenta-exposicao-presepios-botanicos\/#primaryimage"},"thumbnailUrl":"https:\/\/maismagazine.pt\/wp-content\/uploads\/2024\/11\/f-1.jpg","datePublished":"2024-11-29T12:31:28+00:00","dateModified":"2024-11-29T12:31:32+00:00","description":"O Museu Bot\u00e2nico do Instituto Polit\u00e9cnico de Beja, apresenta de 25 de novembro a 6 de janeiro de 2025, aberta \u00e0 comunidade, no \u00e1trio da Escola Superior Agr\u00e1ria, a Exposi\u00e7\u00e3o PRES\u00c9PIOS BOT\u00c2NICOS.","breadcrumb":{"@id":"http:\/\/maismagazine.pt\/index.php\/2024\/11\/29\/museu-botanico-do-ipbeja-apresenta-exposicao-presepios-botanicos\/#breadcrumb"},"inLanguage":"pt-PT","potentialAction":[{"@type":"ReadAction","target":["http:\/\/maismagazine.pt\/index.php\/2024\/11\/29\/museu-botanico-do-ipbeja-apresenta-exposicao-presepios-botanicos\/"]}]},{"@type":"ImageObject","inLanguage":"pt-PT","@id":"http:\/\/maismagazine.pt\/index.php\/2024\/11\/29\/museu-botanico-do-ipbeja-apresenta-exposicao-presepios-botanicos\/#primaryimage","url":"https:\/\/maismagazine.pt\/wp-content\/uploads\/2024\/11\/f-1.jpg","contentUrl":"https:\/\/maismagazine.pt\/wp-content\/uploads\/2024\/11\/f-1.jpg","width":480,"height":360},{"@type":"BreadcrumbList","@id":"http:\/\/maismagazine.pt\/index.php\/2024\/11\/29\/museu-botanico-do-ipbeja-apresenta-exposicao-presepios-botanicos\/#breadcrumb","itemListElement":[{"@type":"ListItem","position":1,"name":"Home","item":"https:\/\/maismagazine.pt\/"},{"@type":"ListItem","position":2,"name":"Museu Bot\u00e2nico do IPBeja apresenta Exposi\u00e7\u00e3o \u201cPres\u00e9pios Bot\u00e2nicos\u201d"}]},{"@type":"WebSite","@id":"https:\/\/maismagazine.pt\/#website","url":"https:\/\/maismagazine.pt\/","name":"Mais Magazine","description":"","publisher":{"@id":"https:\/\/maismagazine.pt\/#organization"},"potentialAction":[{"@type":"SearchAction","target":{"@type":"EntryPoint","urlTemplate":"https:\/\/maismagazine.pt\/?s={search_term_string}"},"query-input":{"@type":"PropertyValueSpecification","valueRequired":true,"valueName":"search_term_string"}}],"inLanguage":"pt-PT"},{"@type":"Organization","@id":"https:\/\/maismagazine.pt\/#organization","name":"Mais Magazine","url":"https:\/\/maismagazine.pt\/","logo":{"@type":"ImageObject","inLanguage":"pt-PT","@id":"https:\/\/maismagazine.pt\/#\/schema\/logo\/image\/","url":"https:\/\/maismagazine.pt\/wp-content\/uploads\/2020\/04\/cropped-cropped-mais-magazine-site-logo-2.png","contentUrl":"https:\/\/maismagazine.pt\/wp-content\/uploads\/2020\/04\/cropped-cropped-mais-magazine-site-logo-2.png","width":581,"height":90,"caption":"Mais Magazine"},"image":{"@id":"https:\/\/maismagazine.pt\/#\/schema\/logo\/image\/"}},{"@type":"Person","@id":"https:\/\/maismagazine.pt\/#\/schema\/person\/c6c5bfccc886434cbd11c74e035f9646","name":"Tiago Costa","image":{"@type":"ImageObject","inLanguage":"pt-PT","@id":"https:\/\/maismagazine.pt\/#\/schema\/person\/image\/","url":"https:\/\/secure.gravatar.com\/avatar\/c599b2bce16c9870429198cbad5ee022?s=96&d=mm&r=g","contentUrl":"https:\/\/secure.gravatar.com\/avatar\/c599b2bce16c9870429198cbad5ee022?s=96&d=mm&r=g","caption":"Tiago Costa"},"url":"https:\/\/maismagazine.pt\/index.php\/author\/tiago\/"}]}},"author_meta":{"display_name":false,"author_link":"https:\/\/maismagazine.pt\/index.php\/author\/tiago\/"},"featured_img":"https:\/\/maismagazine.pt\/wp-content\/uploads\/2024\/11\/f-1-300x225.jpg","coauthors":[],"tax_additional":{"categories":{"linked":["<a href=\"https:\/\/maismagazine.pt\/index.php\/category\/noticias\/\" class=\"advgb-post-tax-term\">Not\u00edcias<\/a>"],"unlinked":["<span class=\"advgb-post-tax-term\">Not\u00edcias<\/span>"]},"tags":{"linked":["<a href=\"https:\/\/maismagazine.pt\/index.php\/category\/noticias\/\" class=\"advgb-post-tax-term\">IP Beja<\/a>"],"unlinked":["<span class=\"advgb-post-tax-term\">IP Beja<\/span>"]}},"comment_count":"0","relative_dates":{"created":"Posted 1 ano ago","modified":"Updated 1 ano ago"},"absolute_dates":{"created":"Posted on 29 de Novembro, 2024","modified":"Updated on 29 de Novembro, 2024"},"absolute_dates_time":{"created":"Posted on 29 de Novembro, 2024 12:31","modified":"Updated on 29 de Novembro, 2024 12:31"},"featured_img_caption":"","series_order":"","_links":{"self":[{"href":"https:\/\/maismagazine.pt\/index.php\/wp-json\/wp\/v2\/posts\/10945","targetHints":{"allow":["GET"]}}],"collection":[{"href":"https:\/\/maismagazine.pt\/index.php\/wp-json\/wp\/v2\/posts"}],"about":[{"href":"https:\/\/maismagazine.pt\/index.php\/wp-json\/wp\/v2\/types\/post"}],"author":[{"embeddable":true,"href":"https:\/\/maismagazine.pt\/index.php\/wp-json\/wp\/v2\/users\/17"}],"replies":[{"embeddable":true,"href":"https:\/\/maismagazine.pt\/index.php\/wp-json\/wp\/v2\/comments?post=10945"}],"version-history":[{"count":1,"href":"https:\/\/maismagazine.pt\/index.php\/wp-json\/wp\/v2\/posts\/10945\/revisions"}],"predecessor-version":[{"id":10947,"href":"https:\/\/maismagazine.pt\/index.php\/wp-json\/wp\/v2\/posts\/10945\/revisions\/10947"}],"wp:featuredmedia":[{"embeddable":true,"href":"https:\/\/maismagazine.pt\/index.php\/wp-json\/wp\/v2\/media\/10948"}],"wp:attachment":[{"href":"https:\/\/maismagazine.pt\/index.php\/wp-json\/wp\/v2\/media?parent=10945"}],"wp:term":[{"taxonomy":"category","embeddable":true,"href":"https:\/\/maismagazine.pt\/index.php\/wp-json\/wp\/v2\/categories?post=10945"},{"taxonomy":"post_tag","embeddable":true,"href":"https:\/\/maismagazine.pt\/index.php\/wp-json\/wp\/v2\/tags?post=10945"}],"curies":[{"name":"wp","href":"https:\/\/api.w.org\/{rel}","templated":true}]}}