{"id":10800,"date":"2024-11-22T07:00:00","date_gmt":"2024-11-22T07:00:00","guid":{"rendered":"https:\/\/maismagazine.pt\/?p=10800"},"modified":"2024-11-18T15:12:20","modified_gmt":"2024-11-18T15:12:20","slug":"conforto-arte-e-sustentabilidade-no-coracao-de-guimaraes","status":"publish","type":"post","link":"https:\/\/maismagazine.pt\/index.php\/2024\/11\/22\/conforto-arte-e-sustentabilidade-no-coracao-de-guimaraes\/","title":{"rendered":"Conforto, Arte e Sustentabilidade no Cora\u00e7\u00e3o de Guimar\u00e3es"},"content":{"rendered":"\n<p><strong>Fundado em 1998 e localizado no cora\u00e7\u00e3o do Centro Hist\u00f3rico de Guimar\u00e3es, o <a href=\"http:\/\/www.hotelmestredeavis.pt\">Hotel Mestre de Avis<\/a> marca a diferen\u00e7a pelo seu conceito pouco usual no setor da hotelaria, juntando os servi\u00e7os de alojamento \u00e0 arte e ao compromisso com a sustentabilidade ambiental. Em conversa com a Mais Magazine, Rosa Roeder, fundadora do hotel, explica como surgiu a oportunidade de criar este projeto e apresenta as in\u00fameras medidas ecol\u00f3gicas adotadas que levaram a que este espa\u00e7o fosse o primeiro hotel da regi\u00e3o do distrito de Braga galardoado pela Green Key.<\/strong><\/p>\n\n\n<div class=\"wp-block-image\">\n<figure class=\"aligncenter size-large is-resized\"><img loading=\"lazy\" decoding=\"async\" width=\"1024\" height=\"576\" src=\"https:\/\/maismagazine.pt\/wp-content\/uploads\/2024\/11\/Rosa-Roeder-Proprietaria-do-Hotel-Mestre-de-Avis-na-entrega-da-certificacao-Green-Key-1024x576.jpg\" alt=\"\" class=\"wp-image-10802\" style=\"aspect-ratio:1.7777777777777777;width:530px;height:auto\" srcset=\"https:\/\/maismagazine.pt\/wp-content\/uploads\/2024\/11\/Rosa-Roeder-Proprietaria-do-Hotel-Mestre-de-Avis-na-entrega-da-certificacao-Green-Key-1024x576.jpg 1024w, https:\/\/maismagazine.pt\/wp-content\/uploads\/2024\/11\/Rosa-Roeder-Proprietaria-do-Hotel-Mestre-de-Avis-na-entrega-da-certificacao-Green-Key-300x169.jpg 300w, https:\/\/maismagazine.pt\/wp-content\/uploads\/2024\/11\/Rosa-Roeder-Proprietaria-do-Hotel-Mestre-de-Avis-na-entrega-da-certificacao-Green-Key-768x432.jpg 768w, https:\/\/maismagazine.pt\/wp-content\/uploads\/2024\/11\/Rosa-Roeder-Proprietaria-do-Hotel-Mestre-de-Avis-na-entrega-da-certificacao-Green-Key.jpg 1060w\" sizes=\"auto, (max-width: 1024px) 100vw, 1024px\" \/><figcaption class=\"wp-element-caption\">Rosa Roeder, Propriet\u00e1ria do Hotel Mestre de Avis, na entrega da certifica\u00e7\u00e3o Green Key<\/figcaption><\/figure><\/div>\n\n\n<p>A oportunidade de abrir portas ao Hotel Mestre de Avis surgiu atrav\u00e9s de uma nobre miss\u00e3o de salvar os edif\u00edcios que se encontravam num avan\u00e7ado estado de degrada\u00e7\u00e3o na cidade de Guimar\u00e3es e que corriam o risco de desaparecerem. Rosa Roeder, residente na Alemanha, foi a grande respons\u00e1vel por este projeto, e ainda que a sua carreira profissional esteja ligada \u00e0 psicoterapia familiar, o desejo de recuperar os edif\u00edcios hist\u00f3ricos de Guimar\u00e3es surgiu como uma miss\u00e3o. \u201c\u00c0 \u00e9poca era mais usual criar espa\u00e7os totalmente novos do que recuperar edif\u00edcios antigos que preservam o melhor da arquitetura portuguesa. A hotelaria surgiu como uma forma de salvar os edif\u00edcios que se encontravam num estado avan\u00e7ado de degrada\u00e7\u00e3o e que representavam uma parte importante da hist\u00f3ria de Guimar\u00e3es e da nossa arquitetura.\u201d, explica Rosa. Desta forma, o Hotel Mestre de Avis surge das ru\u00ednas de uma antiga casa vimaranense, tendo sido mantida a fachada original enquanto o interior foi completamente reconstru\u00eddo, mas sem descurar a identidade da casa original.<\/p>\n\n\n<div class=\"wp-block-image\">\n<figure class=\"alignright size-large is-resized\"><img loading=\"lazy\" decoding=\"async\" width=\"1024\" height=\"683\" src=\"http:\/\/maismagazine.pt\/wp-content\/uploads\/2024\/11\/IMG_4396-1024x683.jpg\" alt=\"\" class=\"wp-image-10803\" style=\"aspect-ratio:1.499267935578331;width:423px;height:auto\" srcset=\"https:\/\/maismagazine.pt\/wp-content\/uploads\/2024\/11\/IMG_4396-1024x683.jpg 1024w, https:\/\/maismagazine.pt\/wp-content\/uploads\/2024\/11\/IMG_4396-300x200.jpg 300w, https:\/\/maismagazine.pt\/wp-content\/uploads\/2024\/11\/IMG_4396-768x512.jpg 768w, https:\/\/maismagazine.pt\/wp-content\/uploads\/2024\/11\/IMG_4396-1536x1024.jpg 1536w, https:\/\/maismagazine.pt\/wp-content\/uploads\/2024\/11\/IMG_4396-2048x1365.jpg 2048w, https:\/\/maismagazine.pt\/wp-content\/uploads\/2024\/11\/IMG_4396-150x100.jpg 150w\" sizes=\"auto, (max-width: 1024px) 100vw, 1024px\" \/><\/figure><\/div>\n\n\n<p>\u00c0 primeira vista, hotelaria e arte contempor\u00e2nea s\u00e3o duas \u00e1reas que muito pouco podem ter em comum, mas foi sob o olhar atento de Rosa que foi criado um conceito de hotelaria totalmente diferenciado. Amante de arte desde muito jovem, a gerente deste espa\u00e7o revela que queria que o seu hotel tivesse algo extra que lhe desse \u201cum grande prazer\u201d. \u201cDesde a minha juventude que adoro arte. At\u00e9 posso confidenciar que usei o meu primeiro sal\u00e1rio para comprar uma obra de arte. Como temos tantos e bons artistas em Portugal, mas com pouco reconhecimento tanto no pa\u00eds como no estrangeiro, pensei que fazer do hotel uma esp\u00e9cie de galeria de arte seria uma \u00f3tima oportunidade para dar a conhecer estes artistas e as suas obras. Neste hotel, as pessoas n\u00e3o t\u00eam de ir ao encontro da arte, \u00e9 a arte que vai ao encontro das pessoas\u201d. Para al\u00e9m de serem expostos os trabalhos de artistas portugueses, Rosa promove ainda um \u201cinterc\u00e2mbio com artistas internacionais\u201d, sendo que pelo Hotel Mestre de Avis j\u00e1 passaram \u201cobras de artistas alem\u00e3es, espanh\u00f3is e sul africanos\u201d. De real\u00e7ar que Rosa \u00e9 ainda respons\u00e1vel pela organiza\u00e7\u00e3o de exposi\u00e7\u00f5es na Alemanha para artistas nacionais. A acompanhar todas estas belas obras de arte est\u00e3o quartos individuais, duplos e familiares, com particular aten\u00e7\u00e3o para os quartos deluxe \u2013 de maior dimens\u00e3o e com vista privilegiada para a cidade. <\/p>\n\n\n\n<p><\/p>\n\n\n\n<p>Aliado a este conceito completamente disruptor no ramo da hotelaria, o Hotel Mestre de Avis destaca-se ainda pela sua centralidade, bem no cora\u00e7\u00e3o do Centro Hist\u00f3rico de Guimar\u00e3es, pelo que \u201cpode ficar a conhecer todos os pontos de interesse tur\u00edsticos da cidade a p\u00e9\u201d, e tamb\u00e9m pelo ambiente familiar criado em torno da equipa deste espa\u00e7o, o que para Rosa Roeder \u00e9 uma grande mais-valia. \u201cNos dias de hoje, \u00e9 complicado aguentar os recursos humanos por muito tempo na mesma empresa, mas temos o privil\u00e9gio de ter pessoas a trabalhar no hotel j\u00e1 h\u00e1 cerca de 15 anos, criando um ambiente familiar entre toda a nossa equipa\u201d. <\/p>\n\n\n<div class=\"wp-block-image\">\n<figure class=\"alignleft size-large is-resized\"><img loading=\"lazy\" decoding=\"async\" width=\"1024\" height=\"924\" src=\"https:\/\/maismagazine.pt\/wp-content\/uploads\/2024\/11\/la-foto-1-1024x924.jpg\" alt=\"\" class=\"wp-image-10804\" style=\"aspect-ratio:1.1082251082251082;width:344px;height:auto\" srcset=\"https:\/\/maismagazine.pt\/wp-content\/uploads\/2024\/11\/la-foto-1-1024x924.jpg 1024w, https:\/\/maismagazine.pt\/wp-content\/uploads\/2024\/11\/la-foto-1-300x271.jpg 300w, https:\/\/maismagazine.pt\/wp-content\/uploads\/2024\/11\/la-foto-1-768x693.jpg 768w, https:\/\/maismagazine.pt\/wp-content\/uploads\/2024\/11\/la-foto-1.jpg 1403w\" sizes=\"auto, (max-width: 1024px) 100vw, 1024px\" \/><\/figure><\/div>\n\n\n<p>Desde a g\u00e9nese do Hotel Mestre de Avis que a sustentabilidade \u00e9 uma das suas principais bandeiras.<\/p>\n\n\n\n<p><\/p>\n\n\n\n<p>A preocupa\u00e7\u00e3o de dinamizar um hotel sustent\u00e1vel e amigo do ambiente \u00e9 algo que est\u00e1 presente no pensamento de Rosa Roeder desde o in\u00edcio desta jornada. Consciencializada para as preocupa\u00e7\u00f5es ambientais cada vez mais em voga na esfera p\u00fablica, a fundadora deste hotel tem implementado uma extensa lista de medidas que visam diminuir a pegada ecol\u00f3gica e tornar \u201co espa\u00e7o o mais sustent\u00e1vel poss\u00edvel\u201d. Para Rosa, a principal medida neste sentido \u00e9 encontrar solu\u00e7\u00f5es de poupan\u00e7a de energia e de cria\u00e7\u00e3o de energia limpa, ainda que encontre alguns entraves burocr\u00e1ticos para o conseguir de forma mais eficiente. \u201cA medida mais relevante \u00e9 poupar energia e uma das formas mais simples de o fazer \u00e9 instalar pain\u00e9is fotovoltaicos. No entanto, o munic\u00edpio n\u00e3o o permite por estarmos dentro do Centro Hist\u00f3rico de Guimar\u00e3es. H\u00e1 mais de dez anos que tent\u00e1mos implementar esta medida e continuaremos a tentar. Para j\u00e1, temos uma bomba de calor que \u00e9 respons\u00e1vel pela cria\u00e7\u00e3o de energia limpa para o hotel\u201d, explica Rosa. <\/p>\n\n\n\n<p><\/p>\n\n\n\n<p>A propriet\u00e1ria do Hotel Mestre de Avis real\u00e7a ainda que foram os pioneiros na separa\u00e7\u00e3o e recolha de lixo. Ainda que agora seja uma pr\u00e1tica empregue em todo o munic\u00edpio, \u00e0 \u00e9poca, esta n\u00e3o era ainda uma tend\u00eancia em Guimar\u00e3es, pelo que Rosa decidiu contratar uma empresa apenas dedicada a esta tarefa e disponibilizou-a a todos os neg\u00f3cios vizinhos. <\/p>\n\n\n<div class=\"wp-block-image\">\n<figure class=\"aligncenter size-full is-resized\"><img loading=\"lazy\" decoding=\"async\" width=\"912\" height=\"603\" src=\"https:\/\/maismagazine.pt\/wp-content\/uploads\/2024\/11\/DE226347.jpg\" alt=\"\" class=\"wp-image-10806\" style=\"aspect-ratio:1.5124378109452736;width:387px;height:auto\" srcset=\"https:\/\/maismagazine.pt\/wp-content\/uploads\/2024\/11\/DE226347.jpg 912w, https:\/\/maismagazine.pt\/wp-content\/uploads\/2024\/11\/DE226347-300x198.jpg 300w, https:\/\/maismagazine.pt\/wp-content\/uploads\/2024\/11\/DE226347-768x508.jpg 768w, https:\/\/maismagazine.pt\/wp-content\/uploads\/2024\/11\/DE226347-150x100.jpg 150w\" sizes=\"auto, (max-width: 912px) 100vw, 912px\" \/><\/figure><\/div>\n\n\n<p>Estas s\u00e3o apenas algumas das marcas da responsabilidade que o Hotel Mestre de Avis tem para com o planeta e pelas gera\u00e7\u00f5es futuras, tal como assume Rosa. \u201cTemos uma lista imensa de medidas ecol\u00f3gicas que visam proteger o ambiente. Por exemplo, fornecemos aos nossos h\u00f3spedes uma garrafa de \u00e1gua da torneira filtrada e higienizada. Desta forma, evitamos as garrafas de pl\u00e1stico, que n\u00e3o s\u00f3 s\u00e3o muito prejudiciais para o ambiente devido ao problema dos micropl\u00e1sticos, como tamb\u00e9m o s\u00e3o para os consumidores. Se poss\u00edvel, evitamos tamb\u00e9m as de vidro, evitando assim o transporte poluente dessas garrafas\u201d. Para al\u00e9m disso, este hotel vimaranense prioriza os produtos end\u00f3genos, nomeadamente no seu servi\u00e7o de pequeno-almo\u00e7o onde, por exemplo, \u201ctodos os produtos de pasteleira v\u00eam diretamente de uma loja vizinha\u201d. <\/p>\n\n\n<div class=\"wp-block-image\">\n<figure class=\"aligncenter size-large is-resized\"><img loading=\"lazy\" decoding=\"async\" width=\"1024\" height=\"576\" src=\"https:\/\/maismagazine.pt\/wp-content\/uploads\/2024\/11\/hotel-mestre-de-avis-galleryimg_4843-1024x576.jpg\" alt=\"\" class=\"wp-image-10805\" style=\"aspect-ratio:1.7777777777777777;width:409px;height:auto\" srcset=\"https:\/\/maismagazine.pt\/wp-content\/uploads\/2024\/11\/hotel-mestre-de-avis-galleryimg_4843-1024x576.jpg 1024w, https:\/\/maismagazine.pt\/wp-content\/uploads\/2024\/11\/hotel-mestre-de-avis-galleryimg_4843-300x169.jpg 300w, https:\/\/maismagazine.pt\/wp-content\/uploads\/2024\/11\/hotel-mestre-de-avis-galleryimg_4843-768x432.jpg 768w, https:\/\/maismagazine.pt\/wp-content\/uploads\/2024\/11\/hotel-mestre-de-avis-galleryimg_4843.jpg 1280w\" sizes=\"auto, (max-width: 1024px) 100vw, 1024px\" \/><\/figure><\/div>\n\n\n<p>O j\u00e1 vasto legado de defesa do ambiente e o papel preponderante no desempenho na prote\u00e7\u00e3o do planeta foram fatores que n\u00e3o passaram despercebidos \u00e0s associa\u00e7\u00f5es ecol\u00f3gicas, merecendo a atribui\u00e7\u00e3o da certifica\u00e7\u00e3o \u201cGreen Key\u201d, tornando-se o primeiro hotel da regi\u00e3o do distrito de Braga com esta premia\u00e7\u00e3o. Naturalmente, um destaque que em muito orgulha toda a equipa do hotel e atesta o trabalha merit\u00f3rio que tem sido desenvolvido neste \u00e2mbito. Neste mesmo sentido, o Hotel Mestre de Avis tamb\u00e9m se aliou ao Pacto Clim\u00e1tico de Guimar\u00e3es, uma vez que \u201cmesmo tratando-se de uma microempresa, o hotel pretende contribuir de todas as formas poss\u00edveis para a defesa do planeta\u201d. <\/p>\n\n\n<div class=\"wp-block-image\">\n<figure class=\"aligncenter size-full is-resized\"><img loading=\"lazy\" decoding=\"async\" width=\"265\" height=\"368\" src=\"https:\/\/maismagazine.pt\/wp-content\/uploads\/2024\/11\/logo-1.jpg\" alt=\"\" class=\"wp-image-10807\" style=\"aspect-ratio:0.720108695652174;width:213px;height:auto\" srcset=\"https:\/\/maismagazine.pt\/wp-content\/uploads\/2024\/11\/logo-1.jpg 265w, https:\/\/maismagazine.pt\/wp-content\/uploads\/2024\/11\/logo-1-216x300.jpg 216w\" sizes=\"auto, (max-width: 265px) 100vw, 265px\" \/><\/figure><\/div>\n\n\n<p><\/p>\n\n\n\n<p><\/p>\n\n\n\n<p><canvas width=\"1245\" height=\"1755\"><\/canvas><\/p>\n","protected":false},"excerpt":{"rendered":"<p>Fundado em 1998 e localizado no cora\u00e7\u00e3o do Centro Hist\u00f3rico de Guimar\u00e3es, o Hotel Mestre de Avis marca a diferen\u00e7a pelo seu conceito pouco usual no setor da hotelaria, juntando os servi\u00e7os de alojamento \u00e0 arte e ao compromisso com a sustentabilidade ambiental. Em conversa com a Mais Magazine, Rosa&hellip;<\/p>\n","protected":false},"author":18,"featured_media":10801,"comment_status":"closed","ping_status":"open","sticky":false,"template":"","format":"standard","meta":{"advgb_blocks_editor_width":"","advgb_blocks_columns_visual_guide":"","_monsterinsights_skip_tracking":false,"_monsterinsights_sitenote_active":false,"_monsterinsights_sitenote_note":"","_monsterinsights_sitenote_category":0,"footnotes":""},"categories":[53],"tags":[1136,2184,84],"class_list":["post-10800","post","type-post","status-publish","format-standard","has-post-thumbnail","hentry","category-turismo-restaurantes","tag-guimaraes","tag-hotel-mestre-de-avis","tag-sustentabilidade"],"yoast_head":"<!-- This site is optimized with the Yoast SEO plugin v24.4 - https:\/\/yoast.com\/wordpress\/plugins\/seo\/ -->\n<title>Conforto, Arte e Sustentabilidade no Cora\u00e7\u00e3o de Guimar\u00e3es - Mais Magazine<\/title>\n<meta name=\"robots\" content=\"index, follow, max-snippet:-1, max-image-preview:large, max-video-preview:-1\" \/>\n<link rel=\"canonical\" href=\"https:\/\/maismagazine.pt\/index.php\/2024\/11\/22\/conforto-arte-e-sustentabilidade-no-coracao-de-guimaraes\/\" \/>\n<meta property=\"og:locale\" content=\"pt_PT\" \/>\n<meta property=\"og:type\" content=\"article\" \/>\n<meta property=\"og:title\" content=\"Conforto, Arte e Sustentabilidade no Cora\u00e7\u00e3o de Guimar\u00e3es - Mais Magazine\" \/>\n<meta property=\"og:description\" content=\"Fundado em 1998 e localizado no cora\u00e7\u00e3o do Centro Hist\u00f3rico de Guimar\u00e3es, o Hotel Mestre de Avis marca a diferen\u00e7a pelo seu conceito pouco usual no setor da hotelaria, juntando os servi\u00e7os de alojamento \u00e0 arte e ao compromisso com a sustentabilidade ambiental. Em conversa com a Mais Magazine, Rosa&hellip;\" \/>\n<meta property=\"og:url\" content=\"https:\/\/maismagazine.pt\/index.php\/2024\/11\/22\/conforto-arte-e-sustentabilidade-no-coracao-de-guimaraes\/\" \/>\n<meta property=\"og:site_name\" content=\"Mais Magazine\" \/>\n<meta property=\"article:published_time\" content=\"2024-11-22T07:00:00+00:00\" \/>\n<meta property=\"og:image\" content=\"https:\/\/maismagazine.pt\/wp-content\/uploads\/2024\/11\/DE226327.jpg\" \/>\n\t<meta property=\"og:image:width\" content=\"1449\" \/>\n\t<meta property=\"og:image:height\" content=\"907\" \/>\n\t<meta property=\"og:image:type\" content=\"image\/jpeg\" \/>\n<meta name=\"author\" content=\"Tatiana Martins\" \/>\n<meta name=\"twitter:card\" content=\"summary_large_image\" \/>\n<meta name=\"twitter:label1\" content=\"Escrito por\" \/>\n\t<meta name=\"twitter:data1\" content=\"\" \/>\n\t<meta name=\"twitter:label2\" content=\"Tempo estimado de leitura\" \/>\n\t<meta name=\"twitter:data2\" content=\"8 minutos\" \/>\n<script type=\"application\/ld+json\" class=\"yoast-schema-graph\">{\"@context\":\"https:\/\/schema.org\",\"@graph\":[{\"@type\":\"Article\",\"@id\":\"https:\/\/maismagazine.pt\/index.php\/2024\/11\/22\/conforto-arte-e-sustentabilidade-no-coracao-de-guimaraes\/#article\",\"isPartOf\":{\"@id\":\"https:\/\/maismagazine.pt\/index.php\/2024\/11\/22\/conforto-arte-e-sustentabilidade-no-coracao-de-guimaraes\/\"},\"author\":{\"name\":\"Tatiana Martins\",\"@id\":\"https:\/\/maismagazine.pt\/#\/schema\/person\/7426e2caeb8df32a1b56aa48dae778c9\"},\"headline\":\"Conforto, Arte e Sustentabilidade no Cora\u00e7\u00e3o de Guimar\u00e3es\",\"datePublished\":\"2024-11-22T07:00:00+00:00\",\"mainEntityOfPage\":{\"@id\":\"https:\/\/maismagazine.pt\/index.php\/2024\/11\/22\/conforto-arte-e-sustentabilidade-no-coracao-de-guimaraes\/\"},\"wordCount\":1192,\"publisher\":{\"@id\":\"https:\/\/maismagazine.pt\/#organization\"},\"image\":{\"@id\":\"https:\/\/maismagazine.pt\/index.php\/2024\/11\/22\/conforto-arte-e-sustentabilidade-no-coracao-de-guimaraes\/#primaryimage\"},\"thumbnailUrl\":\"https:\/\/maismagazine.pt\/wp-content\/uploads\/2024\/11\/DE226327.jpg\",\"keywords\":[\"Guimar\u00e3es\",\"Hotel Mestre de Avis\",\"Sustentabilidade\"],\"articleSection\":[\"Turismo | Vinhos | Gastronomia\"],\"inLanguage\":\"pt-PT\"},{\"@type\":\"WebPage\",\"@id\":\"https:\/\/maismagazine.pt\/index.php\/2024\/11\/22\/conforto-arte-e-sustentabilidade-no-coracao-de-guimaraes\/\",\"url\":\"https:\/\/maismagazine.pt\/index.php\/2024\/11\/22\/conforto-arte-e-sustentabilidade-no-coracao-de-guimaraes\/\",\"name\":\"Conforto, Arte e Sustentabilidade no Cora\u00e7\u00e3o de Guimar\u00e3es - Mais Magazine\",\"isPartOf\":{\"@id\":\"https:\/\/maismagazine.pt\/#website\"},\"primaryImageOfPage\":{\"@id\":\"https:\/\/maismagazine.pt\/index.php\/2024\/11\/22\/conforto-arte-e-sustentabilidade-no-coracao-de-guimaraes\/#primaryimage\"},\"image\":{\"@id\":\"https:\/\/maismagazine.pt\/index.php\/2024\/11\/22\/conforto-arte-e-sustentabilidade-no-coracao-de-guimaraes\/#primaryimage\"},\"thumbnailUrl\":\"https:\/\/maismagazine.pt\/wp-content\/uploads\/2024\/11\/DE226327.jpg\",\"datePublished\":\"2024-11-22T07:00:00+00:00\",\"breadcrumb\":{\"@id\":\"https:\/\/maismagazine.pt\/index.php\/2024\/11\/22\/conforto-arte-e-sustentabilidade-no-coracao-de-guimaraes\/#breadcrumb\"},\"inLanguage\":\"pt-PT\",\"potentialAction\":[{\"@type\":\"ReadAction\",\"target\":[\"https:\/\/maismagazine.pt\/index.php\/2024\/11\/22\/conforto-arte-e-sustentabilidade-no-coracao-de-guimaraes\/\"]}]},{\"@type\":\"ImageObject\",\"inLanguage\":\"pt-PT\",\"@id\":\"https:\/\/maismagazine.pt\/index.php\/2024\/11\/22\/conforto-arte-e-sustentabilidade-no-coracao-de-guimaraes\/#primaryimage\",\"url\":\"https:\/\/maismagazine.pt\/wp-content\/uploads\/2024\/11\/DE226327.jpg\",\"contentUrl\":\"https:\/\/maismagazine.pt\/wp-content\/uploads\/2024\/11\/DE226327.jpg\",\"width\":1449,\"height\":907},{\"@type\":\"BreadcrumbList\",\"@id\":\"https:\/\/maismagazine.pt\/index.php\/2024\/11\/22\/conforto-arte-e-sustentabilidade-no-coracao-de-guimaraes\/#breadcrumb\",\"itemListElement\":[{\"@type\":\"ListItem\",\"position\":1,\"name\":\"Home\",\"item\":\"https:\/\/maismagazine.pt\/\"},{\"@type\":\"ListItem\",\"position\":2,\"name\":\"Conforto, Arte e Sustentabilidade no Cora\u00e7\u00e3o de Guimar\u00e3es\"}]},{\"@type\":\"WebSite\",\"@id\":\"https:\/\/maismagazine.pt\/#website\",\"url\":\"https:\/\/maismagazine.pt\/\",\"name\":\"Mais Magazine\",\"description\":\"\",\"publisher\":{\"@id\":\"https:\/\/maismagazine.pt\/#organization\"},\"potentialAction\":[{\"@type\":\"SearchAction\",\"target\":{\"@type\":\"EntryPoint\",\"urlTemplate\":\"https:\/\/maismagazine.pt\/?s={search_term_string}\"},\"query-input\":{\"@type\":\"PropertyValueSpecification\",\"valueRequired\":true,\"valueName\":\"search_term_string\"}}],\"inLanguage\":\"pt-PT\"},{\"@type\":\"Organization\",\"@id\":\"https:\/\/maismagazine.pt\/#organization\",\"name\":\"Mais Magazine\",\"url\":\"https:\/\/maismagazine.pt\/\",\"logo\":{\"@type\":\"ImageObject\",\"inLanguage\":\"pt-PT\",\"@id\":\"https:\/\/maismagazine.pt\/#\/schema\/logo\/image\/\",\"url\":\"https:\/\/maismagazine.pt\/wp-content\/uploads\/2020\/04\/cropped-cropped-mais-magazine-site-logo-2.png\",\"contentUrl\":\"https:\/\/maismagazine.pt\/wp-content\/uploads\/2020\/04\/cropped-cropped-mais-magazine-site-logo-2.png\",\"width\":581,\"height\":90,\"caption\":\"Mais Magazine\"},\"image\":{\"@id\":\"https:\/\/maismagazine.pt\/#\/schema\/logo\/image\/\"}},{\"@type\":\"Person\",\"@id\":\"https:\/\/maismagazine.pt\/#\/schema\/person\/7426e2caeb8df32a1b56aa48dae778c9\",\"name\":\"Tatiana Martins\",\"image\":{\"@type\":\"ImageObject\",\"inLanguage\":\"pt-PT\",\"@id\":\"https:\/\/maismagazine.pt\/#\/schema\/person\/image\/\",\"url\":\"https:\/\/secure.gravatar.com\/avatar\/4b24a57f5d0425f2eb20981c4b53244e?s=96&d=mm&r=g\",\"contentUrl\":\"https:\/\/secure.gravatar.com\/avatar\/4b24a57f5d0425f2eb20981c4b53244e?s=96&d=mm&r=g\",\"caption\":\"Tatiana Martins\"},\"url\":\"https:\/\/maismagazine.pt\/index.php\/author\/tatiana\/\"}]}<\/script>\n<!-- \/ Yoast SEO plugin. -->","yoast_head_json":{"title":"Conforto, Arte e Sustentabilidade no Cora\u00e7\u00e3o de Guimar\u00e3es - Mais Magazine","robots":{"index":"index","follow":"follow","max-snippet":"max-snippet:-1","max-image-preview":"max-image-preview:large","max-video-preview":"max-video-preview:-1"},"canonical":"https:\/\/maismagazine.pt\/index.php\/2024\/11\/22\/conforto-arte-e-sustentabilidade-no-coracao-de-guimaraes\/","og_locale":"pt_PT","og_type":"article","og_title":"Conforto, Arte e Sustentabilidade no Cora\u00e7\u00e3o de Guimar\u00e3es - Mais Magazine","og_description":"Fundado em 1998 e localizado no cora\u00e7\u00e3o do Centro Hist\u00f3rico de Guimar\u00e3es, o Hotel Mestre de Avis marca a diferen\u00e7a pelo seu conceito pouco usual no setor da hotelaria, juntando os servi\u00e7os de alojamento \u00e0 arte e ao compromisso com a sustentabilidade ambiental. Em conversa com a Mais Magazine, Rosa&hellip;","og_url":"https:\/\/maismagazine.pt\/index.php\/2024\/11\/22\/conforto-arte-e-sustentabilidade-no-coracao-de-guimaraes\/","og_site_name":"Mais Magazine","article_published_time":"2024-11-22T07:00:00+00:00","og_image":[{"width":1449,"height":907,"url":"https:\/\/maismagazine.pt\/wp-content\/uploads\/2024\/11\/DE226327.jpg","type":"image\/jpeg"}],"author":"Tatiana Martins","twitter_card":"summary_large_image","twitter_misc":{"Escrito por":false,"Tempo estimado de leitura":"8 minutos"},"schema":{"@context":"https:\/\/schema.org","@graph":[{"@type":"Article","@id":"https:\/\/maismagazine.pt\/index.php\/2024\/11\/22\/conforto-arte-e-sustentabilidade-no-coracao-de-guimaraes\/#article","isPartOf":{"@id":"https:\/\/maismagazine.pt\/index.php\/2024\/11\/22\/conforto-arte-e-sustentabilidade-no-coracao-de-guimaraes\/"},"author":{"name":"Tatiana Martins","@id":"https:\/\/maismagazine.pt\/#\/schema\/person\/7426e2caeb8df32a1b56aa48dae778c9"},"headline":"Conforto, Arte e Sustentabilidade no Cora\u00e7\u00e3o de Guimar\u00e3es","datePublished":"2024-11-22T07:00:00+00:00","mainEntityOfPage":{"@id":"https:\/\/maismagazine.pt\/index.php\/2024\/11\/22\/conforto-arte-e-sustentabilidade-no-coracao-de-guimaraes\/"},"wordCount":1192,"publisher":{"@id":"https:\/\/maismagazine.pt\/#organization"},"image":{"@id":"https:\/\/maismagazine.pt\/index.php\/2024\/11\/22\/conforto-arte-e-sustentabilidade-no-coracao-de-guimaraes\/#primaryimage"},"thumbnailUrl":"https:\/\/maismagazine.pt\/wp-content\/uploads\/2024\/11\/DE226327.jpg","keywords":["Guimar\u00e3es","Hotel Mestre de Avis","Sustentabilidade"],"articleSection":["Turismo | Vinhos | Gastronomia"],"inLanguage":"pt-PT"},{"@type":"WebPage","@id":"https:\/\/maismagazine.pt\/index.php\/2024\/11\/22\/conforto-arte-e-sustentabilidade-no-coracao-de-guimaraes\/","url":"https:\/\/maismagazine.pt\/index.php\/2024\/11\/22\/conforto-arte-e-sustentabilidade-no-coracao-de-guimaraes\/","name":"Conforto, Arte e Sustentabilidade no Cora\u00e7\u00e3o de Guimar\u00e3es - Mais Magazine","isPartOf":{"@id":"https:\/\/maismagazine.pt\/#website"},"primaryImageOfPage":{"@id":"https:\/\/maismagazine.pt\/index.php\/2024\/11\/22\/conforto-arte-e-sustentabilidade-no-coracao-de-guimaraes\/#primaryimage"},"image":{"@id":"https:\/\/maismagazine.pt\/index.php\/2024\/11\/22\/conforto-arte-e-sustentabilidade-no-coracao-de-guimaraes\/#primaryimage"},"thumbnailUrl":"https:\/\/maismagazine.pt\/wp-content\/uploads\/2024\/11\/DE226327.jpg","datePublished":"2024-11-22T07:00:00+00:00","breadcrumb":{"@id":"https:\/\/maismagazine.pt\/index.php\/2024\/11\/22\/conforto-arte-e-sustentabilidade-no-coracao-de-guimaraes\/#breadcrumb"},"inLanguage":"pt-PT","potentialAction":[{"@type":"ReadAction","target":["https:\/\/maismagazine.pt\/index.php\/2024\/11\/22\/conforto-arte-e-sustentabilidade-no-coracao-de-guimaraes\/"]}]},{"@type":"ImageObject","inLanguage":"pt-PT","@id":"https:\/\/maismagazine.pt\/index.php\/2024\/11\/22\/conforto-arte-e-sustentabilidade-no-coracao-de-guimaraes\/#primaryimage","url":"https:\/\/maismagazine.pt\/wp-content\/uploads\/2024\/11\/DE226327.jpg","contentUrl":"https:\/\/maismagazine.pt\/wp-content\/uploads\/2024\/11\/DE226327.jpg","width":1449,"height":907},{"@type":"BreadcrumbList","@id":"https:\/\/maismagazine.pt\/index.php\/2024\/11\/22\/conforto-arte-e-sustentabilidade-no-coracao-de-guimaraes\/#breadcrumb","itemListElement":[{"@type":"ListItem","position":1,"name":"Home","item":"https:\/\/maismagazine.pt\/"},{"@type":"ListItem","position":2,"name":"Conforto, Arte e Sustentabilidade no Cora\u00e7\u00e3o de Guimar\u00e3es"}]},{"@type":"WebSite","@id":"https:\/\/maismagazine.pt\/#website","url":"https:\/\/maismagazine.pt\/","name":"Mais Magazine","description":"","publisher":{"@id":"https:\/\/maismagazine.pt\/#organization"},"potentialAction":[{"@type":"SearchAction","target":{"@type":"EntryPoint","urlTemplate":"https:\/\/maismagazine.pt\/?s={search_term_string}"},"query-input":{"@type":"PropertyValueSpecification","valueRequired":true,"valueName":"search_term_string"}}],"inLanguage":"pt-PT"},{"@type":"Organization","@id":"https:\/\/maismagazine.pt\/#organization","name":"Mais Magazine","url":"https:\/\/maismagazine.pt\/","logo":{"@type":"ImageObject","inLanguage":"pt-PT","@id":"https:\/\/maismagazine.pt\/#\/schema\/logo\/image\/","url":"https:\/\/maismagazine.pt\/wp-content\/uploads\/2020\/04\/cropped-cropped-mais-magazine-site-logo-2.png","contentUrl":"https:\/\/maismagazine.pt\/wp-content\/uploads\/2020\/04\/cropped-cropped-mais-magazine-site-logo-2.png","width":581,"height":90,"caption":"Mais Magazine"},"image":{"@id":"https:\/\/maismagazine.pt\/#\/schema\/logo\/image\/"}},{"@type":"Person","@id":"https:\/\/maismagazine.pt\/#\/schema\/person\/7426e2caeb8df32a1b56aa48dae778c9","name":"Tatiana Martins","image":{"@type":"ImageObject","inLanguage":"pt-PT","@id":"https:\/\/maismagazine.pt\/#\/schema\/person\/image\/","url":"https:\/\/secure.gravatar.com\/avatar\/4b24a57f5d0425f2eb20981c4b53244e?s=96&d=mm&r=g","contentUrl":"https:\/\/secure.gravatar.com\/avatar\/4b24a57f5d0425f2eb20981c4b53244e?s=96&d=mm&r=g","caption":"Tatiana Martins"},"url":"https:\/\/maismagazine.pt\/index.php\/author\/tatiana\/"}]}},"author_meta":{"display_name":false,"author_link":"https:\/\/maismagazine.pt\/index.php\/author\/tatiana\/"},"featured_img":"https:\/\/maismagazine.pt\/wp-content\/uploads\/2024\/11\/DE226327-300x188.jpg","coauthors":[],"tax_additional":{"categories":{"linked":["<a href=\"https:\/\/maismagazine.pt\/index.php\/category\/turismo-restaurantes\/\" class=\"advgb-post-tax-term\">Turismo | Vinhos | Gastronomia<\/a>"],"unlinked":["<span class=\"advgb-post-tax-term\">Turismo | Vinhos | Gastronomia<\/span>"]},"tags":{"linked":["<a href=\"https:\/\/maismagazine.pt\/index.php\/category\/turismo-restaurantes\/\" class=\"advgb-post-tax-term\">Guimar\u00e3es<\/a>","<a href=\"https:\/\/maismagazine.pt\/index.php\/category\/turismo-restaurantes\/\" class=\"advgb-post-tax-term\">Hotel Mestre de Avis<\/a>","<a href=\"https:\/\/maismagazine.pt\/index.php\/category\/turismo-restaurantes\/\" class=\"advgb-post-tax-term\">Sustentabilidade<\/a>"],"unlinked":["<span class=\"advgb-post-tax-term\">Guimar\u00e3es<\/span>","<span class=\"advgb-post-tax-term\">Hotel Mestre de Avis<\/span>","<span class=\"advgb-post-tax-term\">Sustentabilidade<\/span>"]}},"comment_count":"0","relative_dates":{"created":"Posted 1 ano ago","modified":"Updated 1 ano ago"},"absolute_dates":{"created":"Posted on 22 de Novembro, 2024","modified":"Updated on 18 de Novembro, 2024"},"absolute_dates_time":{"created":"Posted on 22 de Novembro, 2024 7:00","modified":"Updated on 18 de Novembro, 2024 15:12"},"featured_img_caption":"","series_order":"","_links":{"self":[{"href":"https:\/\/maismagazine.pt\/index.php\/wp-json\/wp\/v2\/posts\/10800","targetHints":{"allow":["GET"]}}],"collection":[{"href":"https:\/\/maismagazine.pt\/index.php\/wp-json\/wp\/v2\/posts"}],"about":[{"href":"https:\/\/maismagazine.pt\/index.php\/wp-json\/wp\/v2\/types\/post"}],"author":[{"embeddable":true,"href":"https:\/\/maismagazine.pt\/index.php\/wp-json\/wp\/v2\/users\/18"}],"replies":[{"embeddable":true,"href":"https:\/\/maismagazine.pt\/index.php\/wp-json\/wp\/v2\/comments?post=10800"}],"version-history":[{"count":1,"href":"https:\/\/maismagazine.pt\/index.php\/wp-json\/wp\/v2\/posts\/10800\/revisions"}],"predecessor-version":[{"id":10808,"href":"https:\/\/maismagazine.pt\/index.php\/wp-json\/wp\/v2\/posts\/10800\/revisions\/10808"}],"wp:featuredmedia":[{"embeddable":true,"href":"https:\/\/maismagazine.pt\/index.php\/wp-json\/wp\/v2\/media\/10801"}],"wp:attachment":[{"href":"https:\/\/maismagazine.pt\/index.php\/wp-json\/wp\/v2\/media?parent=10800"}],"wp:term":[{"taxonomy":"category","embeddable":true,"href":"https:\/\/maismagazine.pt\/index.php\/wp-json\/wp\/v2\/categories?post=10800"},{"taxonomy":"post_tag","embeddable":true,"href":"https:\/\/maismagazine.pt\/index.php\/wp-json\/wp\/v2\/tags?post=10800"}],"curies":[{"name":"wp","href":"https:\/\/api.w.org\/{rel}","templated":true}]}}