{"id":10749,"date":"2025-10-24T07:00:00","date_gmt":"2025-10-24T06:00:00","guid":{"rendered":"https:\/\/maismagazine.pt\/?p=10749"},"modified":"2025-10-21T14:18:06","modified_gmt":"2025-10-21T13:18:06","slug":"a-ferrovia-em-movimento","status":"publish","type":"post","link":"https:\/\/maismagazine.pt\/index.php\/2025\/10\/24\/a-ferrovia-em-movimento\/","title":{"rendered":"A ferrovia em movimento"},"content":{"rendered":"\n<p>Portugal enfrenta desafios de moderniza\u00e7\u00e3o a todos os n\u00edveis. Desde logo, n\u00e3o pode perder a oportunidade de se assentar como um pa\u00eds na vanguarda do conhecimento, aproveitando o novo paradigma da Transi\u00e7\u00e3o 5.0, baseada no digital e \u201cverde\u201d, com a particularidade de estes processos de desenvolvimento terem como epicentro as pessoas, n\u00e3o como habituais destinat\u00e1rios, mas como transformadores.<\/p>\n\n\n\n<p><\/p>\n\n\n\n<p>O desenvolvimento do conhecimento obriga a mobilidade e o todo conjugado imp\u00f5e investimentos em solu\u00e7\u00f5es materiais e n\u00e3o materiais, sendo certo que o virtual n\u00e3o se assegura sem investimento material. Ou seja, a base dos investimentos \u00e9 sempre em infraestruturas. Dos muitos investimentos que s\u00e3o necess\u00e1rios para se ter o pretendido desenvolvimento, praticamente todos eles s\u00e3o interconectividades. Seja de comunica\u00e7\u00e3o, energia, mobilidade ou transportes, o mundo \u00e9 \u201cmovimento\u201d, sem paragem e a uma maior velocidade para que a referida interconectividade seja cada vez mais uma ferramenta ou um vetor e n\u00e3o uma centralidade dentro daquilo que s\u00e3o as inter-rela\u00e7\u00f5es correspondentes.<\/p>\n\n\n\n<p><\/p>\n\n\n\n<p>Das muitas interconectividades, dentro da mobilidade de pessoas e bens e no setor dos transportes, o meio de refer\u00eancia que aponta aos objetivos clim\u00e1ticos, energ\u00e9ticos e digitais de 2050, baseado em baixas emiss\u00f5es de carbono \u00e9 o transporte ferrovi\u00e1rio.<\/p>\n\n\n\n<p><\/p>\n\n\n\n<p>Para Portugal, o setor ferrovi\u00e1rio tem uma oportunidade de ouro com o j\u00e1 anunciado Plano Ferrovi\u00e1rio Nacional, e cujo desafio \u00e9 herc\u00faleo para os des\u00edgnios de Portugal e porque n\u00e3o para a engenharia portuguesa e para a fileira da constru\u00e7\u00e3o e energ\u00e9tica nacional. <\/p>\n\n\n\n<p><\/p>\n\n\n\n<p>Como Baston\u00e1rio dos engenheiros portugueses, sou dos que acredita na verdadeira capacidade portuguesa para o cumprimento dos objetivos que Portugal se prop\u00f5e fazer, mesmo com os pelo menos 20 anos de atraso que leva relativamente ao resto da Europa na Alta Velocidade Ferrovi\u00e1ria, assegurando assim com o tecido industrial portugu\u00eas e com a lideran\u00e7a nacional dos processos, publica ou privada, mesmo na gest\u00e3o dos novos desafios, a manuten\u00e7\u00e3o em Portugal da riqueza produzida, seja em rendimento, produtividade, PIB e impostos.<\/p>\n\n\n\n<p><\/p>\n\n\n\n<p>Oxal\u00e1, n\u00f3s portugueses, saibamos ser bons para n\u00f3s mesmos!<\/p>\n\n\n\n<p><\/p>\n\n\n\n<p><em>Fernando de Almeida Santos, Baston\u00e1rio da Ordem dos Engenheiros<\/em><\/p>\n","protected":false},"excerpt":{"rendered":"<p>Portugal enfrenta desafios de moderniza\u00e7\u00e3o a todos os n\u00edveis. Desde logo, n\u00e3o pode perder a oportunidade de se assentar como um pa\u00eds na vanguarda do conhecimento, aproveitando o novo paradigma da Transi\u00e7\u00e3o 5.0, baseada no digital e \u201cverde\u201d, com a particularidade de estes processos de desenvolvimento terem como epicentro as&hellip;<\/p>\n","protected":false},"author":18,"featured_media":10750,"comment_status":"closed","ping_status":"open","sticky":false,"template":"","format":"standard","meta":{"advgb_blocks_editor_width":"","advgb_blocks_columns_visual_guide":"","_monsterinsights_skip_tracking":false,"_monsterinsights_sitenote_active":false,"_monsterinsights_sitenote_note":"","_monsterinsights_sitenote_category":0,"footnotes":""},"categories":[52,51],"tags":[1227,2178],"class_list":["post-10749","post","type-post","status-publish","format-standard","has-post-thumbnail","hentry","category-destaque","category-opiniao","tag-ferrovia","tag-ordem-dos-engenheiros"],"yoast_head":"<!-- This site is optimized with the Yoast SEO plugin v24.4 - https:\/\/yoast.com\/wordpress\/plugins\/seo\/ -->\n<title>A ferrovia em movimento - Mais Magazine<\/title>\n<meta name=\"robots\" content=\"index, follow, max-snippet:-1, max-image-preview:large, max-video-preview:-1\" \/>\n<link rel=\"canonical\" href=\"http:\/\/maismagazine.pt\/index.php\/2025\/10\/24\/a-ferrovia-em-movimento\/\" \/>\n<meta property=\"og:locale\" content=\"pt_PT\" \/>\n<meta property=\"og:type\" content=\"article\" \/>\n<meta property=\"og:title\" content=\"A ferrovia em movimento - Mais Magazine\" \/>\n<meta property=\"og:description\" content=\"Portugal enfrenta desafios de moderniza\u00e7\u00e3o a todos os n\u00edveis. Desde logo, n\u00e3o pode perder a oportunidade de se assentar como um pa\u00eds na vanguarda do conhecimento, aproveitando o novo paradigma da Transi\u00e7\u00e3o 5.0, baseada no digital e \u201cverde\u201d, com a particularidade de estes processos de desenvolvimento terem como epicentro as&hellip;\" \/>\n<meta property=\"og:url\" content=\"http:\/\/maismagazine.pt\/index.php\/2025\/10\/24\/a-ferrovia-em-movimento\/\" \/>\n<meta property=\"og:site_name\" content=\"Mais Magazine\" \/>\n<meta property=\"article:published_time\" content=\"2025-10-24T06:00:00+00:00\" \/>\n<meta property=\"og:image\" content=\"http:\/\/maismagazine.pt\/wp-content\/uploads\/2024\/11\/Fernando-de-Almeida-Santos-Bastonario-da-Ordem-dos-Engenheiros.jpg.jpg\" \/>\n\t<meta property=\"og:image:width\" content=\"1667\" \/>\n\t<meta property=\"og:image:height\" content=\"2500\" \/>\n\t<meta property=\"og:image:type\" content=\"image\/jpeg\" \/>\n<meta name=\"author\" content=\"Tatiana Martins\" \/>\n<meta name=\"twitter:card\" content=\"summary_large_image\" \/>\n<meta name=\"twitter:label1\" content=\"Escrito por\" \/>\n\t<meta name=\"twitter:data1\" content=\"\" \/>\n\t<meta name=\"twitter:label2\" content=\"Tempo estimado de leitura\" \/>\n\t<meta name=\"twitter:data2\" content=\"3 minutos\" \/>\n<script type=\"application\/ld+json\" class=\"yoast-schema-graph\">{\"@context\":\"https:\/\/schema.org\",\"@graph\":[{\"@type\":\"Article\",\"@id\":\"http:\/\/maismagazine.pt\/index.php\/2025\/10\/24\/a-ferrovia-em-movimento\/#article\",\"isPartOf\":{\"@id\":\"http:\/\/maismagazine.pt\/index.php\/2025\/10\/24\/a-ferrovia-em-movimento\/\"},\"author\":{\"name\":\"Tatiana Martins\",\"@id\":\"https:\/\/maismagazine.pt\/#\/schema\/person\/7426e2caeb8df32a1b56aa48dae778c9\"},\"headline\":\"A ferrovia em movimento\",\"datePublished\":\"2025-10-24T06:00:00+00:00\",\"mainEntityOfPage\":{\"@id\":\"http:\/\/maismagazine.pt\/index.php\/2025\/10\/24\/a-ferrovia-em-movimento\/\"},\"wordCount\":375,\"publisher\":{\"@id\":\"https:\/\/maismagazine.pt\/#organization\"},\"image\":{\"@id\":\"http:\/\/maismagazine.pt\/index.php\/2025\/10\/24\/a-ferrovia-em-movimento\/#primaryimage\"},\"thumbnailUrl\":\"https:\/\/maismagazine.pt\/wp-content\/uploads\/2024\/11\/Fernando-de-Almeida-Santos-Bastonario-da-Ordem-dos-Engenheiros.jpg.jpg\",\"keywords\":[\"ferrovia\",\"Ordem dos Engenheiros\"],\"articleSection\":[\"Destaque lateral\",\"Opini\u00e3o\"],\"inLanguage\":\"pt-PT\"},{\"@type\":\"WebPage\",\"@id\":\"http:\/\/maismagazine.pt\/index.php\/2025\/10\/24\/a-ferrovia-em-movimento\/\",\"url\":\"http:\/\/maismagazine.pt\/index.php\/2025\/10\/24\/a-ferrovia-em-movimento\/\",\"name\":\"A ferrovia em movimento - Mais Magazine\",\"isPartOf\":{\"@id\":\"https:\/\/maismagazine.pt\/#website\"},\"primaryImageOfPage\":{\"@id\":\"http:\/\/maismagazine.pt\/index.php\/2025\/10\/24\/a-ferrovia-em-movimento\/#primaryimage\"},\"image\":{\"@id\":\"http:\/\/maismagazine.pt\/index.php\/2025\/10\/24\/a-ferrovia-em-movimento\/#primaryimage\"},\"thumbnailUrl\":\"https:\/\/maismagazine.pt\/wp-content\/uploads\/2024\/11\/Fernando-de-Almeida-Santos-Bastonario-da-Ordem-dos-Engenheiros.jpg.jpg\",\"datePublished\":\"2025-10-24T06:00:00+00:00\",\"breadcrumb\":{\"@id\":\"http:\/\/maismagazine.pt\/index.php\/2025\/10\/24\/a-ferrovia-em-movimento\/#breadcrumb\"},\"inLanguage\":\"pt-PT\",\"potentialAction\":[{\"@type\":\"ReadAction\",\"target\":[\"http:\/\/maismagazine.pt\/index.php\/2025\/10\/24\/a-ferrovia-em-movimento\/\"]}]},{\"@type\":\"ImageObject\",\"inLanguage\":\"pt-PT\",\"@id\":\"http:\/\/maismagazine.pt\/index.php\/2025\/10\/24\/a-ferrovia-em-movimento\/#primaryimage\",\"url\":\"https:\/\/maismagazine.pt\/wp-content\/uploads\/2024\/11\/Fernando-de-Almeida-Santos-Bastonario-da-Ordem-dos-Engenheiros.jpg.jpg\",\"contentUrl\":\"https:\/\/maismagazine.pt\/wp-content\/uploads\/2024\/11\/Fernando-de-Almeida-Santos-Bastonario-da-Ordem-dos-Engenheiros.jpg.jpg\",\"width\":1667,\"height\":2500},{\"@type\":\"BreadcrumbList\",\"@id\":\"http:\/\/maismagazine.pt\/index.php\/2025\/10\/24\/a-ferrovia-em-movimento\/#breadcrumb\",\"itemListElement\":[{\"@type\":\"ListItem\",\"position\":1,\"name\":\"Home\",\"item\":\"https:\/\/maismagazine.pt\/\"},{\"@type\":\"ListItem\",\"position\":2,\"name\":\"A ferrovia em movimento\"}]},{\"@type\":\"WebSite\",\"@id\":\"https:\/\/maismagazine.pt\/#website\",\"url\":\"https:\/\/maismagazine.pt\/\",\"name\":\"Mais Magazine\",\"description\":\"\",\"publisher\":{\"@id\":\"https:\/\/maismagazine.pt\/#organization\"},\"potentialAction\":[{\"@type\":\"SearchAction\",\"target\":{\"@type\":\"EntryPoint\",\"urlTemplate\":\"https:\/\/maismagazine.pt\/?s={search_term_string}\"},\"query-input\":{\"@type\":\"PropertyValueSpecification\",\"valueRequired\":true,\"valueName\":\"search_term_string\"}}],\"inLanguage\":\"pt-PT\"},{\"@type\":\"Organization\",\"@id\":\"https:\/\/maismagazine.pt\/#organization\",\"name\":\"Mais Magazine\",\"url\":\"https:\/\/maismagazine.pt\/\",\"logo\":{\"@type\":\"ImageObject\",\"inLanguage\":\"pt-PT\",\"@id\":\"https:\/\/maismagazine.pt\/#\/schema\/logo\/image\/\",\"url\":\"https:\/\/maismagazine.pt\/wp-content\/uploads\/2020\/04\/cropped-cropped-mais-magazine-site-logo-2.png\",\"contentUrl\":\"https:\/\/maismagazine.pt\/wp-content\/uploads\/2020\/04\/cropped-cropped-mais-magazine-site-logo-2.png\",\"width\":581,\"height\":90,\"caption\":\"Mais Magazine\"},\"image\":{\"@id\":\"https:\/\/maismagazine.pt\/#\/schema\/logo\/image\/\"}},{\"@type\":\"Person\",\"@id\":\"https:\/\/maismagazine.pt\/#\/schema\/person\/7426e2caeb8df32a1b56aa48dae778c9\",\"name\":\"Tatiana Martins\",\"image\":{\"@type\":\"ImageObject\",\"inLanguage\":\"pt-PT\",\"@id\":\"https:\/\/maismagazine.pt\/#\/schema\/person\/image\/\",\"url\":\"https:\/\/secure.gravatar.com\/avatar\/4b24a57f5d0425f2eb20981c4b53244e?s=96&d=mm&r=g\",\"contentUrl\":\"https:\/\/secure.gravatar.com\/avatar\/4b24a57f5d0425f2eb20981c4b53244e?s=96&d=mm&r=g\",\"caption\":\"Tatiana Martins\"},\"url\":\"https:\/\/maismagazine.pt\/index.php\/author\/tatiana\/\"}]}<\/script>\n<!-- \/ Yoast SEO plugin. -->","yoast_head_json":{"title":"A ferrovia em movimento - Mais Magazine","robots":{"index":"index","follow":"follow","max-snippet":"max-snippet:-1","max-image-preview":"max-image-preview:large","max-video-preview":"max-video-preview:-1"},"canonical":"http:\/\/maismagazine.pt\/index.php\/2025\/10\/24\/a-ferrovia-em-movimento\/","og_locale":"pt_PT","og_type":"article","og_title":"A ferrovia em movimento - Mais Magazine","og_description":"Portugal enfrenta desafios de moderniza\u00e7\u00e3o a todos os n\u00edveis. Desde logo, n\u00e3o pode perder a oportunidade de se assentar como um pa\u00eds na vanguarda do conhecimento, aproveitando o novo paradigma da Transi\u00e7\u00e3o 5.0, baseada no digital e \u201cverde\u201d, com a particularidade de estes processos de desenvolvimento terem como epicentro as&hellip;","og_url":"http:\/\/maismagazine.pt\/index.php\/2025\/10\/24\/a-ferrovia-em-movimento\/","og_site_name":"Mais Magazine","article_published_time":"2025-10-24T06:00:00+00:00","og_image":[{"width":1667,"height":2500,"url":"http:\/\/maismagazine.pt\/wp-content\/uploads\/2024\/11\/Fernando-de-Almeida-Santos-Bastonario-da-Ordem-dos-Engenheiros.jpg.jpg","type":"image\/jpeg"}],"author":"Tatiana Martins","twitter_card":"summary_large_image","twitter_misc":{"Escrito por":false,"Tempo estimado de leitura":"3 minutos"},"schema":{"@context":"https:\/\/schema.org","@graph":[{"@type":"Article","@id":"http:\/\/maismagazine.pt\/index.php\/2025\/10\/24\/a-ferrovia-em-movimento\/#article","isPartOf":{"@id":"http:\/\/maismagazine.pt\/index.php\/2025\/10\/24\/a-ferrovia-em-movimento\/"},"author":{"name":"Tatiana Martins","@id":"https:\/\/maismagazine.pt\/#\/schema\/person\/7426e2caeb8df32a1b56aa48dae778c9"},"headline":"A ferrovia em movimento","datePublished":"2025-10-24T06:00:00+00:00","mainEntityOfPage":{"@id":"http:\/\/maismagazine.pt\/index.php\/2025\/10\/24\/a-ferrovia-em-movimento\/"},"wordCount":375,"publisher":{"@id":"https:\/\/maismagazine.pt\/#organization"},"image":{"@id":"http:\/\/maismagazine.pt\/index.php\/2025\/10\/24\/a-ferrovia-em-movimento\/#primaryimage"},"thumbnailUrl":"https:\/\/maismagazine.pt\/wp-content\/uploads\/2024\/11\/Fernando-de-Almeida-Santos-Bastonario-da-Ordem-dos-Engenheiros.jpg.jpg","keywords":["ferrovia","Ordem dos Engenheiros"],"articleSection":["Destaque lateral","Opini\u00e3o"],"inLanguage":"pt-PT"},{"@type":"WebPage","@id":"http:\/\/maismagazine.pt\/index.php\/2025\/10\/24\/a-ferrovia-em-movimento\/","url":"http:\/\/maismagazine.pt\/index.php\/2025\/10\/24\/a-ferrovia-em-movimento\/","name":"A ferrovia em movimento - Mais Magazine","isPartOf":{"@id":"https:\/\/maismagazine.pt\/#website"},"primaryImageOfPage":{"@id":"http:\/\/maismagazine.pt\/index.php\/2025\/10\/24\/a-ferrovia-em-movimento\/#primaryimage"},"image":{"@id":"http:\/\/maismagazine.pt\/index.php\/2025\/10\/24\/a-ferrovia-em-movimento\/#primaryimage"},"thumbnailUrl":"https:\/\/maismagazine.pt\/wp-content\/uploads\/2024\/11\/Fernando-de-Almeida-Santos-Bastonario-da-Ordem-dos-Engenheiros.jpg.jpg","datePublished":"2025-10-24T06:00:00+00:00","breadcrumb":{"@id":"http:\/\/maismagazine.pt\/index.php\/2025\/10\/24\/a-ferrovia-em-movimento\/#breadcrumb"},"inLanguage":"pt-PT","potentialAction":[{"@type":"ReadAction","target":["http:\/\/maismagazine.pt\/index.php\/2025\/10\/24\/a-ferrovia-em-movimento\/"]}]},{"@type":"ImageObject","inLanguage":"pt-PT","@id":"http:\/\/maismagazine.pt\/index.php\/2025\/10\/24\/a-ferrovia-em-movimento\/#primaryimage","url":"https:\/\/maismagazine.pt\/wp-content\/uploads\/2024\/11\/Fernando-de-Almeida-Santos-Bastonario-da-Ordem-dos-Engenheiros.jpg.jpg","contentUrl":"https:\/\/maismagazine.pt\/wp-content\/uploads\/2024\/11\/Fernando-de-Almeida-Santos-Bastonario-da-Ordem-dos-Engenheiros.jpg.jpg","width":1667,"height":2500},{"@type":"BreadcrumbList","@id":"http:\/\/maismagazine.pt\/index.php\/2025\/10\/24\/a-ferrovia-em-movimento\/#breadcrumb","itemListElement":[{"@type":"ListItem","position":1,"name":"Home","item":"https:\/\/maismagazine.pt\/"},{"@type":"ListItem","position":2,"name":"A ferrovia em movimento"}]},{"@type":"WebSite","@id":"https:\/\/maismagazine.pt\/#website","url":"https:\/\/maismagazine.pt\/","name":"Mais Magazine","description":"","publisher":{"@id":"https:\/\/maismagazine.pt\/#organization"},"potentialAction":[{"@type":"SearchAction","target":{"@type":"EntryPoint","urlTemplate":"https:\/\/maismagazine.pt\/?s={search_term_string}"},"query-input":{"@type":"PropertyValueSpecification","valueRequired":true,"valueName":"search_term_string"}}],"inLanguage":"pt-PT"},{"@type":"Organization","@id":"https:\/\/maismagazine.pt\/#organization","name":"Mais Magazine","url":"https:\/\/maismagazine.pt\/","logo":{"@type":"ImageObject","inLanguage":"pt-PT","@id":"https:\/\/maismagazine.pt\/#\/schema\/logo\/image\/","url":"https:\/\/maismagazine.pt\/wp-content\/uploads\/2020\/04\/cropped-cropped-mais-magazine-site-logo-2.png","contentUrl":"https:\/\/maismagazine.pt\/wp-content\/uploads\/2020\/04\/cropped-cropped-mais-magazine-site-logo-2.png","width":581,"height":90,"caption":"Mais Magazine"},"image":{"@id":"https:\/\/maismagazine.pt\/#\/schema\/logo\/image\/"}},{"@type":"Person","@id":"https:\/\/maismagazine.pt\/#\/schema\/person\/7426e2caeb8df32a1b56aa48dae778c9","name":"Tatiana Martins","image":{"@type":"ImageObject","inLanguage":"pt-PT","@id":"https:\/\/maismagazine.pt\/#\/schema\/person\/image\/","url":"https:\/\/secure.gravatar.com\/avatar\/4b24a57f5d0425f2eb20981c4b53244e?s=96&d=mm&r=g","contentUrl":"https:\/\/secure.gravatar.com\/avatar\/4b24a57f5d0425f2eb20981c4b53244e?s=96&d=mm&r=g","caption":"Tatiana Martins"},"url":"https:\/\/maismagazine.pt\/index.php\/author\/tatiana\/"}]}},"author_meta":{"display_name":false,"author_link":"https:\/\/maismagazine.pt\/index.php\/author\/tatiana\/"},"featured_img":"https:\/\/maismagazine.pt\/wp-content\/uploads\/2024\/11\/Fernando-de-Almeida-Santos-Bastonario-da-Ordem-dos-Engenheiros.jpg-200x300.jpg","coauthors":[],"tax_additional":{"categories":{"linked":["<a href=\"https:\/\/maismagazine.pt\/index.php\/category\/destaque\/\" class=\"advgb-post-tax-term\">Destaque lateral<\/a>","<a href=\"https:\/\/maismagazine.pt\/index.php\/category\/noticias\/opiniao\/\" class=\"advgb-post-tax-term\">Opini\u00e3o<\/a>"],"unlinked":["<span class=\"advgb-post-tax-term\">Destaque lateral<\/span>","<span class=\"advgb-post-tax-term\">Opini\u00e3o<\/span>"]},"tags":{"linked":["<a href=\"https:\/\/maismagazine.pt\/index.php\/category\/noticias\/opiniao\/\" class=\"advgb-post-tax-term\">ferrovia<\/a>","<a href=\"https:\/\/maismagazine.pt\/index.php\/category\/noticias\/opiniao\/\" class=\"advgb-post-tax-term\">Ordem dos Engenheiros<\/a>"],"unlinked":["<span class=\"advgb-post-tax-term\">ferrovia<\/span>","<span class=\"advgb-post-tax-term\">Ordem dos Engenheiros<\/span>"]}},"comment_count":"0","relative_dates":{"created":"Posted 6 meses ago","modified":"Updated 6 meses ago"},"absolute_dates":{"created":"Posted on 24 de Outubro, 2025","modified":"Updated on 21 de Outubro, 2025"},"absolute_dates_time":{"created":"Posted on 24 de Outubro, 2025 7:00","modified":"Updated on 21 de Outubro, 2025 14:18"},"featured_img_caption":"","series_order":"","_links":{"self":[{"href":"https:\/\/maismagazine.pt\/index.php\/wp-json\/wp\/v2\/posts\/10749","targetHints":{"allow":["GET"]}}],"collection":[{"href":"https:\/\/maismagazine.pt\/index.php\/wp-json\/wp\/v2\/posts"}],"about":[{"href":"https:\/\/maismagazine.pt\/index.php\/wp-json\/wp\/v2\/types\/post"}],"author":[{"embeddable":true,"href":"https:\/\/maismagazine.pt\/index.php\/wp-json\/wp\/v2\/users\/18"}],"replies":[{"embeddable":true,"href":"https:\/\/maismagazine.pt\/index.php\/wp-json\/wp\/v2\/comments?post=10749"}],"version-history":[{"count":1,"href":"https:\/\/maismagazine.pt\/index.php\/wp-json\/wp\/v2\/posts\/10749\/revisions"}],"predecessor-version":[{"id":10751,"href":"https:\/\/maismagazine.pt\/index.php\/wp-json\/wp\/v2\/posts\/10749\/revisions\/10751"}],"wp:featuredmedia":[{"embeddable":true,"href":"https:\/\/maismagazine.pt\/index.php\/wp-json\/wp\/v2\/media\/10750"}],"wp:attachment":[{"href":"https:\/\/maismagazine.pt\/index.php\/wp-json\/wp\/v2\/media?parent=10749"}],"wp:term":[{"taxonomy":"category","embeddable":true,"href":"https:\/\/maismagazine.pt\/index.php\/wp-json\/wp\/v2\/categories?post=10749"},{"taxonomy":"post_tag","embeddable":true,"href":"https:\/\/maismagazine.pt\/index.php\/wp-json\/wp\/v2\/tags?post=10749"}],"curies":[{"name":"wp","href":"https:\/\/api.w.org\/{rel}","templated":true}]}}