{"id":10720,"date":"2024-10-30T16:48:23","date_gmt":"2024-10-30T16:48:23","guid":{"rendered":"https:\/\/maismagazine.pt\/?p=10720"},"modified":"2024-10-30T16:48:27","modified_gmt":"2024-10-30T16:48:27","slug":"entre-o-passaro-na-mao-e-a-justica-adiada-a-luta-silenciosa-dos-enfermeiros-portugueses-pela-verdadeira-valorizacao","status":"publish","type":"post","link":"https:\/\/maismagazine.pt\/index.php\/2024\/10\/30\/entre-o-passaro-na-mao-e-a-justica-adiada-a-luta-silenciosa-dos-enfermeiros-portugueses-pela-verdadeira-valorizacao\/","title":{"rendered":"Entre o P\u00e1ssaro na M\u00e3o e a Justi\u00e7a Adiada: a luta silenciosa dos Enfermeiros Portugueses pela verdadeira valoriza\u00e7\u00e3o"},"content":{"rendered":"\n<p>A import\u00e2ncia da valoriza\u00e7\u00e3o da carreira de enfermagem em Portugal surge como uma quest\u00e3o central para a sustentabilidade do Servi\u00e7o Nacional de Sa\u00fade (SNS) e para o respeito pelos direitos dos profissionais que o comp\u00f5em. O recente \u00b4acordo hist\u00f3rico` firmado entre cinco sindicatos de enfermagem e o Minist\u00e9rio da Sa\u00fade exp\u00f4s, de forma dram\u00e1tica, as falhas e limita\u00e7\u00f5es persistentes na pol\u00edtica de valoriza\u00e7\u00e3o salarial e na progress\u00e3o na carreira dos Enfermeiros. Sob uma an\u00e1lise mais profunda, torna-se evidente que este acordo, em vez de inaugurar uma nova era de reconhecimento para os profissionais de sa\u00fade se revela antes como um paliativo, incapaz de responder aos desafios estruturais que afetam a profiss\u00e3o. Sou um dos que entende que a quest\u00e3o da carreira dos Enfermeiros portugueses n\u00e3o se circunscreve apenas ao plano remunerat\u00f3rio. Entrela\u00e7a-se tamb\u00e9m com a qualidade dos servi\u00e7os prestados, com a dignidade profissional e a justi\u00e7a social, constituindo-se como um tema de import\u00e2ncia ineg\u00e1vel para a sociedade portuguesa.<\/p>\n\n\n\n<p><\/p>\n\n\n\n<p>Historicamente, a profiss\u00e3o de enfermagem carrega um peso significativo nas engrenagens do sistema de sa\u00fade. Os Enfermeiros portugueses, enquanto principais agentes da presta\u00e7\u00e3o direta de cuidados, s\u00e3o a linha de frente em situa\u00e7\u00f5es de urg\u00eancia, desempenhando um papel crucial na preven\u00e7\u00e3o de doen\u00e7as e na promo\u00e7\u00e3o da sa\u00fade e assegurando o acompanhamento cont\u00ednuo dos utentes, desde o nascimento at\u00e9 ao final da vida. No entanto, este papel fulcral n\u00e3o tem sido acompanhado por uma correspond\u00eancia justa em termos de progress\u00e3o de carreira e de condi\u00e7\u00f5es salariais. Os sucessivos governos, ao ignorarem as reivindica\u00e7\u00f5es leg\u00edtimas desta classe, contribu\u00edram para a eros\u00e3o de um sistema que deveria ser exemplar na promo\u00e7\u00e3o da equidade e na valoriza\u00e7\u00e3o do m\u00e9rito. A problem\u00e1tica \u00e9 ainda ampliada quando se percebe que os sucessivos diplomas legislativos, em vez de corrigirem distor\u00e7\u00f5es, frequentemente as acentuam, criando um ambiente onde a desmotiva\u00e7\u00e3o e o <em>burnout <\/em>proliferam.<\/p>\n\n\n\n<p><\/p>\n\n\n\n<p>A quest\u00e3o do m\u00e9rito na carreira de enfermagem destaca-se como um ponto de tens\u00e3o fulcral. A capacidade de progress\u00e3o dos Enfermeiros tem sido bloqueada por uma s\u00e9rie de medidas transit\u00f3rias e de incoer\u00eancias legislativas que desrespeitam as avalia\u00e7\u00f5es de desempenho e os percursos profissionais mais qualificados. Enfermeiros com avalia\u00e7\u00f5es de \u00b4Relevante` ou \u00b4Excelente` encontram-se, paradoxalmente, em condi\u00e7\u00f5es similares aos que apresentam avalia\u00e7\u00f5es apenas \u00b4Adequadas`, o que anula a fun\u00e7\u00e3o meritocr\u00e1tica das progress\u00f5es e cria um sentimento de injusti\u00e7a sist\u00e9mica. Tamb\u00e9m a falta de uma valoriza\u00e7\u00e3o real das qualifica\u00e7\u00f5es e das compet\u00eancias destes profissionais compromete n\u00e3o apenas a sua realiza\u00e7\u00e3o pessoal como tamb\u00e9m a qualidade do servi\u00e7o prestado aos utentes. A premissa de que o reconhecimento profissional deve refletir o esfor\u00e7o, a experi\u00eancia e o m\u00e9rito de cada indiv\u00edduo \u00e9 fundamental para garantir um ambiente de trabalho onde a motiva\u00e7\u00e3o e a dedica\u00e7\u00e3o sejam mantidas &#8211; a arte de bem gerir a sa\u00fade!<\/p>\n\n\n\n<p><\/p>\n\n\n\n<p>Apesar da import\u00e2ncia deste tema, frequentemente se percebe uma aparente atitude de resigna\u00e7\u00e3o por parte de alguns Enfermeiros portugueses, que parecem preferir optar por um caminho mais f\u00e1cil, aceitando uma posi\u00e7\u00e3o secund\u00e1ria dentro do setor da sa\u00fade. Este fen\u00f3meno reflete-se no ad\u00e1gio \u201c<em>mais vale um p\u00e1ssaro na m\u00e3o do que dois a voar<\/em>\u201d, sugerindo uma prefer\u00eancia por garantias m\u00ednimas, mesmo que insatisfat\u00f3rias, em detrimento da luta por condi\u00e7\u00f5es mais justas e condizentes com o real valor da profiss\u00e3o. Esta postura de conformismo n\u00e3o s\u00f3 enfraquece o movimento coletivo de reivindica\u00e7\u00e3o como tamb\u00e9m perpetua uma cultura de aceita\u00e7\u00e3o das desigualdades que, em \u00faltima an\u00e1lise, prejudica toda a classe. Enquanto alguns Enfermeiros se contentam com melhorias pontuais e paliativas, a estrutura de fundo permanece inalterada, perpetuando-se as distor\u00e7\u00f5es que desvalorizam a enfermagem em compara\u00e7\u00e3o com outras carreiras da sa\u00fade.<\/p>\n\n\n\n<p><\/p>\n\n\n\n<p>A realidade atual denuncia ainda uma invers\u00e3o das prioridades no seio das pol\u00edticas p\u00fablicas para a sa\u00fade. Enquanto os Enfermeiros veem as suas progress\u00f5es bloqueadas e os seus sal\u00e1rios achatados, as reformas anunciadas frequentemente privilegiam o equil\u00edbrio or\u00e7amental em detrimento da valoriza\u00e7\u00e3o dos recursos humanos. Este desfasamento entre o discurso pol\u00edtico e a pr\u00e1tica efetiva \u00e9 um indicador de uma vis\u00e3o m\u00edope, onde os custos a curto prazo s\u00e3o tidos em maior conta do que os benef\u00edcios a longo prazo de um sistema de sa\u00fade justo e sustent\u00e1vel. \u00c9 importante notar que a remunera\u00e7\u00e3o justa dos Enfermeiros n\u00e3o deve ser vista apenas como uma quest\u00e3o econ\u00f3mica, mas antes como um pilar essencial para a coes\u00e3o social e para a dignidade do trabalho. Num momento em que o SNS enfrenta enormes desafios, incluindo a sobrecarga dos servi\u00e7os e a crescente exig\u00eancia de cuidados complexos considero urgente que se repense as pol\u00edticas de carreira e se reconhe\u00e7a que sem profissionais motivados, qualificados e justamente valorizados, o sistema n\u00e3o ser\u00e1 capaz de responder eficazmente \u00e0s necessidades da popula\u00e7\u00e3o.<\/p>\n\n\n\n<p><\/p>\n\n\n\n<p>A situa\u00e7\u00e3o torna-se ainda mais alarmante quando se observam as disparidades entre a carreira de enfermagem e outras carreiras da sa\u00fade. A falta de um distanciamento remunerat\u00f3rio proporcional entre diferentes categorias, a sobreposi\u00e7\u00e3o de \u00edndices salariais e a aus\u00eancia de salvaguardas para os profissionais mais qualificados denotam uma falta de respeito pela especificidade do trabalho dos enfermeiros. Esta aus\u00eancia de diferencia\u00e7\u00e3o n\u00e3o s\u00f3 desvaloriza as compet\u00eancias especializadas, como ignora a natureza intr\u00ednseca da profiss\u00e3o, onde a pr\u00e1tica direta, o contacto constante com o sofrimento e a responsabilidade pela vida dos outros exigem uma prepara\u00e7\u00e3o e dedica\u00e7\u00e3o superiores. A tentativa de nivelamento por baixo, disfar\u00e7ada de equidade, n\u00e3o promove justi\u00e7a. Antes pelo contr\u00e1rio, perpetua as desigualdades e desincentiva o esfor\u00e7o individual e o aperfei\u00e7oamento cont\u00ednuo.<\/p>\n\n\n\n<p><\/p>\n\n\n\n<p>Para al\u00e9m das quest\u00f5es legais e remunerat\u00f3rias, o problema da carreira de enfermagem toca num aspeto \u00e9tico que transcende o simples c\u00e1lculo econ\u00f3mico. O reconhecimento dos direitos dos Enfermeiros, a sua valoriza\u00e7\u00e3o enquanto profissionais essenciais ao funcionamento do SNS e a corre\u00e7\u00e3o das injusti\u00e7as acumuladas s\u00e3o imperativos para uma sociedade que se pretende justa e solid\u00e1ria. A dignidade profissional n\u00e3o \u00e9 um luxo, mas sim um direito e a falta de uma pol\u00edtica s\u00e9ria de valoriza\u00e7\u00e3o traduz-se numa afronta n\u00e3o apenas aos Enfermeiros, como a todos os que dependem dos cuidados prestados por estes profissionais. Uma sociedade que n\u00e3o reconhece adequadamente os seus profissionais de sa\u00fade, que os sujeita a condi\u00e7\u00f5es de trabalho desumanas e que ignora as suas reivindica\u00e7\u00f5es \u00e9 uma sociedade que trai os seus pr\u00f3prios princ\u00edpios de justi\u00e7a e bem-estar.<\/p>\n\n\n\n<p><\/p>\n\n\n\n<p>A an\u00e1lise do \u00b4acordo hist\u00f3rico` revela que o caminho para a valoriza\u00e7\u00e3o efetiva da carreira de enfermagem em Portugal ainda est\u00e1 por ser trilhado. As promessas de reformas e de corre\u00e7\u00e3o das injusti\u00e7as n\u00e3o se podem limitar a paliativos que suavizem o descontentamento. A verdadeira mudan\u00e7a exige uma revis\u00e3o estrutural das pol\u00edticas p\u00fablicas, onde o m\u00e9rito, a qualifica\u00e7\u00e3o e o servi\u00e7o prestado sejam realmente reconhecidos e valorizados. Apenas com uma abordagem integrada, que considere os Enfermeiros como pilares fundamentais do sistema de sa\u00fade, ser\u00e1 poss\u00edvel construir um SNS que responda \u00e0s necessidades dos cidad\u00e3os e que seja motivo de orgulho para todos os portugueses.<\/p>\n\n\n\n<p><\/p>\n\n\n\n<p>Por \u00faltimo, a luta pela valoriza\u00e7\u00e3o da carreira de enfermagem \u00e9 tamb\u00e9m uma luta pela qualidade dos cuidados de sa\u00fade em Portugal. Profissionais motivados, reconhecidos e bem remunerados n\u00e3o s\u00e3o apenas uma necessidade justa para os pr\u00f3prios Enfermeiros, mas tamb\u00e9m para todos os que, em algum momento das suas vidas, dependem do seu cuidado. O \u00b4acordo hist\u00f3rico` pode ter falhado em trazer a mudan\u00e7a que eu considero ser a necess\u00e1ria para a profiss\u00e3o de enfermagem em Portugal, mas o seu impacto n\u00e3o pode ser ignorado; ele acendeu uma chama de esperan\u00e7a e de reivindica\u00e7\u00e3o que n\u00e3o se apagar\u00e1 at\u00e9 que se fa\u00e7a justi\u00e7a. S\u00f3 assim ser\u00e1 poss\u00edvel transformar o discurso em realidade, garantindo que o SNS n\u00e3o apenas sobreviva, mas prospere, baseado nos princ\u00edpios de equidade, qualidade e respeito pelos seus profissionais.<\/p>\n\n\n\n<p><\/p>\n\n\n\n<p>S\u00e9rgio Serra<\/p>\n\n\n\n<p>Presidente da Mesa da Assembleia Geral da Associa\u00e7\u00e3o Sindical Portuguesa dos Enfermeiros<\/p>\n\n\n\n<p><\/p>\n\n\n<div class=\"wp-block-image\">\n<figure class=\"aligncenter size-full is-resized\"><img loading=\"lazy\" decoding=\"async\" width=\"583\" height=\"389\" src=\"http:\/\/maismagazine.pt\/wp-content\/uploads\/2024\/10\/ASPE_VECTOR_A3-1.png\" alt=\"\" class=\"wp-image-10524\" style=\"aspect-ratio:1.4987146529562982;width:355px;height:auto\" srcset=\"https:\/\/maismagazine.pt\/wp-content\/uploads\/2024\/10\/ASPE_VECTOR_A3-1.png 583w, https:\/\/maismagazine.pt\/wp-content\/uploads\/2024\/10\/ASPE_VECTOR_A3-1-300x200.png 300w, https:\/\/maismagazine.pt\/wp-content\/uploads\/2024\/10\/ASPE_VECTOR_A3-1-150x100.png 150w\" sizes=\"auto, (max-width: 583px) 100vw, 583px\" \/><\/figure><\/div>","protected":false},"excerpt":{"rendered":"<p>A import\u00e2ncia da valoriza\u00e7\u00e3o da carreira de enfermagem em Portugal surge como uma quest\u00e3o central para a sustentabilidade do Servi\u00e7o Nacional de Sa\u00fade (SNS) e para o respeito pelos direitos dos profissionais que o comp\u00f5em. O recente \u00b4acordo hist\u00f3rico` firmado entre cinco sindicatos de enfermagem e o Minist\u00e9rio da Sa\u00fade&hellip;<\/p>\n","protected":false},"author":18,"featured_media":10721,"comment_status":"closed","ping_status":"open","sticky":false,"template":"","format":"standard","meta":{"advgb_blocks_editor_width":"","advgb_blocks_columns_visual_guide":"","_monsterinsights_skip_tracking":false,"_monsterinsights_sitenote_active":false,"_monsterinsights_sitenote_note":"","_monsterinsights_sitenote_category":0,"footnotes":""},"categories":[313],"tags":[1700,867,318,457],"class_list":["post-10720","post","type-post","status-publish","format-standard","has-post-thumbnail","hentry","category-saude","tag-aspe","tag-enfermagem","tag-enfermeiros","tag-saude"],"yoast_head":"<!-- This site is optimized with the Yoast SEO plugin v24.4 - https:\/\/yoast.com\/wordpress\/plugins\/seo\/ -->\n<title>Entre o P\u00e1ssaro na M\u00e3o e a Justi\u00e7a Adiada: a luta silenciosa dos Enfermeiros Portugueses pela verdadeira valoriza\u00e7\u00e3o - Mais Magazine<\/title>\n<meta name=\"robots\" content=\"index, follow, max-snippet:-1, max-image-preview:large, max-video-preview:-1\" \/>\n<link rel=\"canonical\" href=\"https:\/\/maismagazine.pt\/index.php\/2024\/10\/30\/entre-o-passaro-na-mao-e-a-justica-adiada-a-luta-silenciosa-dos-enfermeiros-portugueses-pela-verdadeira-valorizacao\/\" \/>\n<meta property=\"og:locale\" content=\"pt_PT\" \/>\n<meta property=\"og:type\" content=\"article\" \/>\n<meta property=\"og:title\" content=\"Entre o P\u00e1ssaro na M\u00e3o e a Justi\u00e7a Adiada: a luta silenciosa dos Enfermeiros Portugueses pela verdadeira valoriza\u00e7\u00e3o - Mais Magazine\" \/>\n<meta property=\"og:description\" content=\"A import\u00e2ncia da valoriza\u00e7\u00e3o da carreira de enfermagem em Portugal surge como uma quest\u00e3o central para a sustentabilidade do Servi\u00e7o Nacional de Sa\u00fade (SNS) e para o respeito pelos direitos dos profissionais que o comp\u00f5em. O recente \u00b4acordo hist\u00f3rico` firmado entre cinco sindicatos de enfermagem e o Minist\u00e9rio da Sa\u00fade&hellip;\" \/>\n<meta property=\"og:url\" content=\"https:\/\/maismagazine.pt\/index.php\/2024\/10\/30\/entre-o-passaro-na-mao-e-a-justica-adiada-a-luta-silenciosa-dos-enfermeiros-portugueses-pela-verdadeira-valorizacao\/\" \/>\n<meta property=\"og:site_name\" content=\"Mais Magazine\" \/>\n<meta property=\"article:published_time\" content=\"2024-10-30T16:48:23+00:00\" \/>\n<meta property=\"article:modified_time\" content=\"2024-10-30T16:48:27+00:00\" \/>\n<meta property=\"og:image\" content=\"https:\/\/maismagazine.pt\/wp-content\/uploads\/2024\/10\/Imagem-WhatsApp-2024-10-30-as-12.37.05_fb1c7db8.jpg\" \/>\n\t<meta property=\"og:image:width\" content=\"1280\" \/>\n\t<meta property=\"og:image:height\" content=\"720\" \/>\n\t<meta property=\"og:image:type\" content=\"image\/jpeg\" \/>\n<meta name=\"author\" content=\"Tatiana Martins\" \/>\n<meta name=\"twitter:card\" content=\"summary_large_image\" \/>\n<meta name=\"twitter:label1\" content=\"Escrito por\" \/>\n\t<meta name=\"twitter:data1\" content=\"\" \/>\n\t<meta name=\"twitter:label2\" content=\"Tempo estimado de leitura\" \/>\n\t<meta name=\"twitter:data2\" content=\"8 minutos\" \/>\n<script type=\"application\/ld+json\" class=\"yoast-schema-graph\">{\"@context\":\"https:\/\/schema.org\",\"@graph\":[{\"@type\":\"Article\",\"@id\":\"https:\/\/maismagazine.pt\/index.php\/2024\/10\/30\/entre-o-passaro-na-mao-e-a-justica-adiada-a-luta-silenciosa-dos-enfermeiros-portugueses-pela-verdadeira-valorizacao\/#article\",\"isPartOf\":{\"@id\":\"https:\/\/maismagazine.pt\/index.php\/2024\/10\/30\/entre-o-passaro-na-mao-e-a-justica-adiada-a-luta-silenciosa-dos-enfermeiros-portugueses-pela-verdadeira-valorizacao\/\"},\"author\":{\"name\":\"Tatiana Martins\",\"@id\":\"https:\/\/maismagazine.pt\/#\/schema\/person\/7426e2caeb8df32a1b56aa48dae778c9\"},\"headline\":\"Entre o P\u00e1ssaro na M\u00e3o e a Justi\u00e7a Adiada: a luta silenciosa dos Enfermeiros Portugueses pela verdadeira valoriza\u00e7\u00e3o\",\"datePublished\":\"2024-10-30T16:48:23+00:00\",\"dateModified\":\"2024-10-30T16:48:27+00:00\",\"mainEntityOfPage\":{\"@id\":\"https:\/\/maismagazine.pt\/index.php\/2024\/10\/30\/entre-o-passaro-na-mao-e-a-justica-adiada-a-luta-silenciosa-dos-enfermeiros-portugueses-pela-verdadeira-valorizacao\/\"},\"wordCount\":1506,\"publisher\":{\"@id\":\"https:\/\/maismagazine.pt\/#organization\"},\"image\":{\"@id\":\"https:\/\/maismagazine.pt\/index.php\/2024\/10\/30\/entre-o-passaro-na-mao-e-a-justica-adiada-a-luta-silenciosa-dos-enfermeiros-portugueses-pela-verdadeira-valorizacao\/#primaryimage\"},\"thumbnailUrl\":\"https:\/\/maismagazine.pt\/wp-content\/uploads\/2024\/10\/Imagem-WhatsApp-2024-10-30-as-12.37.05_fb1c7db8.jpg\",\"keywords\":[\"ASPE\",\"enfermagem\",\"enfermeiros\",\"sa\u00fade\"],\"articleSection\":[\"Sa\u00fade\"],\"inLanguage\":\"pt-PT\"},{\"@type\":\"WebPage\",\"@id\":\"https:\/\/maismagazine.pt\/index.php\/2024\/10\/30\/entre-o-passaro-na-mao-e-a-justica-adiada-a-luta-silenciosa-dos-enfermeiros-portugueses-pela-verdadeira-valorizacao\/\",\"url\":\"https:\/\/maismagazine.pt\/index.php\/2024\/10\/30\/entre-o-passaro-na-mao-e-a-justica-adiada-a-luta-silenciosa-dos-enfermeiros-portugueses-pela-verdadeira-valorizacao\/\",\"name\":\"Entre o P\u00e1ssaro na M\u00e3o e a Justi\u00e7a Adiada: a luta silenciosa dos Enfermeiros Portugueses pela verdadeira valoriza\u00e7\u00e3o - Mais Magazine\",\"isPartOf\":{\"@id\":\"https:\/\/maismagazine.pt\/#website\"},\"primaryImageOfPage\":{\"@id\":\"https:\/\/maismagazine.pt\/index.php\/2024\/10\/30\/entre-o-passaro-na-mao-e-a-justica-adiada-a-luta-silenciosa-dos-enfermeiros-portugueses-pela-verdadeira-valorizacao\/#primaryimage\"},\"image\":{\"@id\":\"https:\/\/maismagazine.pt\/index.php\/2024\/10\/30\/entre-o-passaro-na-mao-e-a-justica-adiada-a-luta-silenciosa-dos-enfermeiros-portugueses-pela-verdadeira-valorizacao\/#primaryimage\"},\"thumbnailUrl\":\"https:\/\/maismagazine.pt\/wp-content\/uploads\/2024\/10\/Imagem-WhatsApp-2024-10-30-as-12.37.05_fb1c7db8.jpg\",\"datePublished\":\"2024-10-30T16:48:23+00:00\",\"dateModified\":\"2024-10-30T16:48:27+00:00\",\"breadcrumb\":{\"@id\":\"https:\/\/maismagazine.pt\/index.php\/2024\/10\/30\/entre-o-passaro-na-mao-e-a-justica-adiada-a-luta-silenciosa-dos-enfermeiros-portugueses-pela-verdadeira-valorizacao\/#breadcrumb\"},\"inLanguage\":\"pt-PT\",\"potentialAction\":[{\"@type\":\"ReadAction\",\"target\":[\"https:\/\/maismagazine.pt\/index.php\/2024\/10\/30\/entre-o-passaro-na-mao-e-a-justica-adiada-a-luta-silenciosa-dos-enfermeiros-portugueses-pela-verdadeira-valorizacao\/\"]}]},{\"@type\":\"ImageObject\",\"inLanguage\":\"pt-PT\",\"@id\":\"https:\/\/maismagazine.pt\/index.php\/2024\/10\/30\/entre-o-passaro-na-mao-e-a-justica-adiada-a-luta-silenciosa-dos-enfermeiros-portugueses-pela-verdadeira-valorizacao\/#primaryimage\",\"url\":\"https:\/\/maismagazine.pt\/wp-content\/uploads\/2024\/10\/Imagem-WhatsApp-2024-10-30-as-12.37.05_fb1c7db8.jpg\",\"contentUrl\":\"https:\/\/maismagazine.pt\/wp-content\/uploads\/2024\/10\/Imagem-WhatsApp-2024-10-30-as-12.37.05_fb1c7db8.jpg\",\"width\":1280,\"height\":720},{\"@type\":\"BreadcrumbList\",\"@id\":\"https:\/\/maismagazine.pt\/index.php\/2024\/10\/30\/entre-o-passaro-na-mao-e-a-justica-adiada-a-luta-silenciosa-dos-enfermeiros-portugueses-pela-verdadeira-valorizacao\/#breadcrumb\",\"itemListElement\":[{\"@type\":\"ListItem\",\"position\":1,\"name\":\"Home\",\"item\":\"https:\/\/maismagazine.pt\/\"},{\"@type\":\"ListItem\",\"position\":2,\"name\":\"Entre o P\u00e1ssaro na M\u00e3o e a Justi\u00e7a Adiada: a luta silenciosa dos Enfermeiros Portugueses pela verdadeira valoriza\u00e7\u00e3o\"}]},{\"@type\":\"WebSite\",\"@id\":\"https:\/\/maismagazine.pt\/#website\",\"url\":\"https:\/\/maismagazine.pt\/\",\"name\":\"Mais Magazine\",\"description\":\"\",\"publisher\":{\"@id\":\"https:\/\/maismagazine.pt\/#organization\"},\"potentialAction\":[{\"@type\":\"SearchAction\",\"target\":{\"@type\":\"EntryPoint\",\"urlTemplate\":\"https:\/\/maismagazine.pt\/?s={search_term_string}\"},\"query-input\":{\"@type\":\"PropertyValueSpecification\",\"valueRequired\":true,\"valueName\":\"search_term_string\"}}],\"inLanguage\":\"pt-PT\"},{\"@type\":\"Organization\",\"@id\":\"https:\/\/maismagazine.pt\/#organization\",\"name\":\"Mais Magazine\",\"url\":\"https:\/\/maismagazine.pt\/\",\"logo\":{\"@type\":\"ImageObject\",\"inLanguage\":\"pt-PT\",\"@id\":\"https:\/\/maismagazine.pt\/#\/schema\/logo\/image\/\",\"url\":\"https:\/\/maismagazine.pt\/wp-content\/uploads\/2020\/04\/cropped-cropped-mais-magazine-site-logo-2.png\",\"contentUrl\":\"https:\/\/maismagazine.pt\/wp-content\/uploads\/2020\/04\/cropped-cropped-mais-magazine-site-logo-2.png\",\"width\":581,\"height\":90,\"caption\":\"Mais Magazine\"},\"image\":{\"@id\":\"https:\/\/maismagazine.pt\/#\/schema\/logo\/image\/\"}},{\"@type\":\"Person\",\"@id\":\"https:\/\/maismagazine.pt\/#\/schema\/person\/7426e2caeb8df32a1b56aa48dae778c9\",\"name\":\"Tatiana Martins\",\"image\":{\"@type\":\"ImageObject\",\"inLanguage\":\"pt-PT\",\"@id\":\"https:\/\/maismagazine.pt\/#\/schema\/person\/image\/\",\"url\":\"https:\/\/secure.gravatar.com\/avatar\/4b24a57f5d0425f2eb20981c4b53244e?s=96&d=mm&r=g\",\"contentUrl\":\"https:\/\/secure.gravatar.com\/avatar\/4b24a57f5d0425f2eb20981c4b53244e?s=96&d=mm&r=g\",\"caption\":\"Tatiana Martins\"},\"url\":\"https:\/\/maismagazine.pt\/index.php\/author\/tatiana\/\"}]}<\/script>\n<!-- \/ Yoast SEO plugin. -->","yoast_head_json":{"title":"Entre o P\u00e1ssaro na M\u00e3o e a Justi\u00e7a Adiada: a luta silenciosa dos Enfermeiros Portugueses pela verdadeira valoriza\u00e7\u00e3o - Mais Magazine","robots":{"index":"index","follow":"follow","max-snippet":"max-snippet:-1","max-image-preview":"max-image-preview:large","max-video-preview":"max-video-preview:-1"},"canonical":"https:\/\/maismagazine.pt\/index.php\/2024\/10\/30\/entre-o-passaro-na-mao-e-a-justica-adiada-a-luta-silenciosa-dos-enfermeiros-portugueses-pela-verdadeira-valorizacao\/","og_locale":"pt_PT","og_type":"article","og_title":"Entre o P\u00e1ssaro na M\u00e3o e a Justi\u00e7a Adiada: a luta silenciosa dos Enfermeiros Portugueses pela verdadeira valoriza\u00e7\u00e3o - Mais Magazine","og_description":"A import\u00e2ncia da valoriza\u00e7\u00e3o da carreira de enfermagem em Portugal surge como uma quest\u00e3o central para a sustentabilidade do Servi\u00e7o Nacional de Sa\u00fade (SNS) e para o respeito pelos direitos dos profissionais que o comp\u00f5em. O recente \u00b4acordo hist\u00f3rico` firmado entre cinco sindicatos de enfermagem e o Minist\u00e9rio da Sa\u00fade&hellip;","og_url":"https:\/\/maismagazine.pt\/index.php\/2024\/10\/30\/entre-o-passaro-na-mao-e-a-justica-adiada-a-luta-silenciosa-dos-enfermeiros-portugueses-pela-verdadeira-valorizacao\/","og_site_name":"Mais Magazine","article_published_time":"2024-10-30T16:48:23+00:00","article_modified_time":"2024-10-30T16:48:27+00:00","og_image":[{"width":1280,"height":720,"url":"https:\/\/maismagazine.pt\/wp-content\/uploads\/2024\/10\/Imagem-WhatsApp-2024-10-30-as-12.37.05_fb1c7db8.jpg","type":"image\/jpeg"}],"author":"Tatiana Martins","twitter_card":"summary_large_image","twitter_misc":{"Escrito por":false,"Tempo estimado de leitura":"8 minutos"},"schema":{"@context":"https:\/\/schema.org","@graph":[{"@type":"Article","@id":"https:\/\/maismagazine.pt\/index.php\/2024\/10\/30\/entre-o-passaro-na-mao-e-a-justica-adiada-a-luta-silenciosa-dos-enfermeiros-portugueses-pela-verdadeira-valorizacao\/#article","isPartOf":{"@id":"https:\/\/maismagazine.pt\/index.php\/2024\/10\/30\/entre-o-passaro-na-mao-e-a-justica-adiada-a-luta-silenciosa-dos-enfermeiros-portugueses-pela-verdadeira-valorizacao\/"},"author":{"name":"Tatiana Martins","@id":"https:\/\/maismagazine.pt\/#\/schema\/person\/7426e2caeb8df32a1b56aa48dae778c9"},"headline":"Entre o P\u00e1ssaro na M\u00e3o e a Justi\u00e7a Adiada: a luta silenciosa dos Enfermeiros Portugueses pela verdadeira valoriza\u00e7\u00e3o","datePublished":"2024-10-30T16:48:23+00:00","dateModified":"2024-10-30T16:48:27+00:00","mainEntityOfPage":{"@id":"https:\/\/maismagazine.pt\/index.php\/2024\/10\/30\/entre-o-passaro-na-mao-e-a-justica-adiada-a-luta-silenciosa-dos-enfermeiros-portugueses-pela-verdadeira-valorizacao\/"},"wordCount":1506,"publisher":{"@id":"https:\/\/maismagazine.pt\/#organization"},"image":{"@id":"https:\/\/maismagazine.pt\/index.php\/2024\/10\/30\/entre-o-passaro-na-mao-e-a-justica-adiada-a-luta-silenciosa-dos-enfermeiros-portugueses-pela-verdadeira-valorizacao\/#primaryimage"},"thumbnailUrl":"https:\/\/maismagazine.pt\/wp-content\/uploads\/2024\/10\/Imagem-WhatsApp-2024-10-30-as-12.37.05_fb1c7db8.jpg","keywords":["ASPE","enfermagem","enfermeiros","sa\u00fade"],"articleSection":["Sa\u00fade"],"inLanguage":"pt-PT"},{"@type":"WebPage","@id":"https:\/\/maismagazine.pt\/index.php\/2024\/10\/30\/entre-o-passaro-na-mao-e-a-justica-adiada-a-luta-silenciosa-dos-enfermeiros-portugueses-pela-verdadeira-valorizacao\/","url":"https:\/\/maismagazine.pt\/index.php\/2024\/10\/30\/entre-o-passaro-na-mao-e-a-justica-adiada-a-luta-silenciosa-dos-enfermeiros-portugueses-pela-verdadeira-valorizacao\/","name":"Entre o P\u00e1ssaro na M\u00e3o e a Justi\u00e7a Adiada: a luta silenciosa dos Enfermeiros Portugueses pela verdadeira valoriza\u00e7\u00e3o - Mais Magazine","isPartOf":{"@id":"https:\/\/maismagazine.pt\/#website"},"primaryImageOfPage":{"@id":"https:\/\/maismagazine.pt\/index.php\/2024\/10\/30\/entre-o-passaro-na-mao-e-a-justica-adiada-a-luta-silenciosa-dos-enfermeiros-portugueses-pela-verdadeira-valorizacao\/#primaryimage"},"image":{"@id":"https:\/\/maismagazine.pt\/index.php\/2024\/10\/30\/entre-o-passaro-na-mao-e-a-justica-adiada-a-luta-silenciosa-dos-enfermeiros-portugueses-pela-verdadeira-valorizacao\/#primaryimage"},"thumbnailUrl":"https:\/\/maismagazine.pt\/wp-content\/uploads\/2024\/10\/Imagem-WhatsApp-2024-10-30-as-12.37.05_fb1c7db8.jpg","datePublished":"2024-10-30T16:48:23+00:00","dateModified":"2024-10-30T16:48:27+00:00","breadcrumb":{"@id":"https:\/\/maismagazine.pt\/index.php\/2024\/10\/30\/entre-o-passaro-na-mao-e-a-justica-adiada-a-luta-silenciosa-dos-enfermeiros-portugueses-pela-verdadeira-valorizacao\/#breadcrumb"},"inLanguage":"pt-PT","potentialAction":[{"@type":"ReadAction","target":["https:\/\/maismagazine.pt\/index.php\/2024\/10\/30\/entre-o-passaro-na-mao-e-a-justica-adiada-a-luta-silenciosa-dos-enfermeiros-portugueses-pela-verdadeira-valorizacao\/"]}]},{"@type":"ImageObject","inLanguage":"pt-PT","@id":"https:\/\/maismagazine.pt\/index.php\/2024\/10\/30\/entre-o-passaro-na-mao-e-a-justica-adiada-a-luta-silenciosa-dos-enfermeiros-portugueses-pela-verdadeira-valorizacao\/#primaryimage","url":"https:\/\/maismagazine.pt\/wp-content\/uploads\/2024\/10\/Imagem-WhatsApp-2024-10-30-as-12.37.05_fb1c7db8.jpg","contentUrl":"https:\/\/maismagazine.pt\/wp-content\/uploads\/2024\/10\/Imagem-WhatsApp-2024-10-30-as-12.37.05_fb1c7db8.jpg","width":1280,"height":720},{"@type":"BreadcrumbList","@id":"https:\/\/maismagazine.pt\/index.php\/2024\/10\/30\/entre-o-passaro-na-mao-e-a-justica-adiada-a-luta-silenciosa-dos-enfermeiros-portugueses-pela-verdadeira-valorizacao\/#breadcrumb","itemListElement":[{"@type":"ListItem","position":1,"name":"Home","item":"https:\/\/maismagazine.pt\/"},{"@type":"ListItem","position":2,"name":"Entre o P\u00e1ssaro na M\u00e3o e a Justi\u00e7a Adiada: a luta silenciosa dos Enfermeiros Portugueses pela verdadeira valoriza\u00e7\u00e3o"}]},{"@type":"WebSite","@id":"https:\/\/maismagazine.pt\/#website","url":"https:\/\/maismagazine.pt\/","name":"Mais Magazine","description":"","publisher":{"@id":"https:\/\/maismagazine.pt\/#organization"},"potentialAction":[{"@type":"SearchAction","target":{"@type":"EntryPoint","urlTemplate":"https:\/\/maismagazine.pt\/?s={search_term_string}"},"query-input":{"@type":"PropertyValueSpecification","valueRequired":true,"valueName":"search_term_string"}}],"inLanguage":"pt-PT"},{"@type":"Organization","@id":"https:\/\/maismagazine.pt\/#organization","name":"Mais Magazine","url":"https:\/\/maismagazine.pt\/","logo":{"@type":"ImageObject","inLanguage":"pt-PT","@id":"https:\/\/maismagazine.pt\/#\/schema\/logo\/image\/","url":"https:\/\/maismagazine.pt\/wp-content\/uploads\/2020\/04\/cropped-cropped-mais-magazine-site-logo-2.png","contentUrl":"https:\/\/maismagazine.pt\/wp-content\/uploads\/2020\/04\/cropped-cropped-mais-magazine-site-logo-2.png","width":581,"height":90,"caption":"Mais Magazine"},"image":{"@id":"https:\/\/maismagazine.pt\/#\/schema\/logo\/image\/"}},{"@type":"Person","@id":"https:\/\/maismagazine.pt\/#\/schema\/person\/7426e2caeb8df32a1b56aa48dae778c9","name":"Tatiana Martins","image":{"@type":"ImageObject","inLanguage":"pt-PT","@id":"https:\/\/maismagazine.pt\/#\/schema\/person\/image\/","url":"https:\/\/secure.gravatar.com\/avatar\/4b24a57f5d0425f2eb20981c4b53244e?s=96&d=mm&r=g","contentUrl":"https:\/\/secure.gravatar.com\/avatar\/4b24a57f5d0425f2eb20981c4b53244e?s=96&d=mm&r=g","caption":"Tatiana Martins"},"url":"https:\/\/maismagazine.pt\/index.php\/author\/tatiana\/"}]}},"author_meta":{"display_name":false,"author_link":"https:\/\/maismagazine.pt\/index.php\/author\/tatiana\/"},"featured_img":"https:\/\/maismagazine.pt\/wp-content\/uploads\/2024\/10\/Imagem-WhatsApp-2024-10-30-as-12.37.05_fb1c7db8-300x169.jpg","coauthors":[],"tax_additional":{"categories":{"linked":["<a href=\"https:\/\/maismagazine.pt\/index.php\/category\/mundo-empresarial\/saude\/\" class=\"advgb-post-tax-term\">Sa\u00fade<\/a>"],"unlinked":["<span class=\"advgb-post-tax-term\">Sa\u00fade<\/span>"]},"tags":{"linked":["<a href=\"https:\/\/maismagazine.pt\/index.php\/category\/mundo-empresarial\/saude\/\" class=\"advgb-post-tax-term\">ASPE<\/a>","<a href=\"https:\/\/maismagazine.pt\/index.php\/category\/mundo-empresarial\/saude\/\" class=\"advgb-post-tax-term\">enfermagem<\/a>","<a href=\"https:\/\/maismagazine.pt\/index.php\/category\/mundo-empresarial\/saude\/\" class=\"advgb-post-tax-term\">enfermeiros<\/a>","<a href=\"https:\/\/maismagazine.pt\/index.php\/category\/mundo-empresarial\/saude\/\" class=\"advgb-post-tax-term\">sa\u00fade<\/a>"],"unlinked":["<span class=\"advgb-post-tax-term\">ASPE<\/span>","<span class=\"advgb-post-tax-term\">enfermagem<\/span>","<span class=\"advgb-post-tax-term\">enfermeiros<\/span>","<span class=\"advgb-post-tax-term\">sa\u00fade<\/span>"]}},"comment_count":"0","relative_dates":{"created":"Posted 1 ano ago","modified":"Updated 1 ano ago"},"absolute_dates":{"created":"Posted on 30 de Outubro, 2024","modified":"Updated on 30 de Outubro, 2024"},"absolute_dates_time":{"created":"Posted on 30 de Outubro, 2024 16:48","modified":"Updated on 30 de Outubro, 2024 16:48"},"featured_img_caption":"","series_order":"","_links":{"self":[{"href":"https:\/\/maismagazine.pt\/index.php\/wp-json\/wp\/v2\/posts\/10720","targetHints":{"allow":["GET"]}}],"collection":[{"href":"https:\/\/maismagazine.pt\/index.php\/wp-json\/wp\/v2\/posts"}],"about":[{"href":"https:\/\/maismagazine.pt\/index.php\/wp-json\/wp\/v2\/types\/post"}],"author":[{"embeddable":true,"href":"https:\/\/maismagazine.pt\/index.php\/wp-json\/wp\/v2\/users\/18"}],"replies":[{"embeddable":true,"href":"https:\/\/maismagazine.pt\/index.php\/wp-json\/wp\/v2\/comments?post=10720"}],"version-history":[{"count":1,"href":"https:\/\/maismagazine.pt\/index.php\/wp-json\/wp\/v2\/posts\/10720\/revisions"}],"predecessor-version":[{"id":10722,"href":"https:\/\/maismagazine.pt\/index.php\/wp-json\/wp\/v2\/posts\/10720\/revisions\/10722"}],"wp:featuredmedia":[{"embeddable":true,"href":"https:\/\/maismagazine.pt\/index.php\/wp-json\/wp\/v2\/media\/10721"}],"wp:attachment":[{"href":"https:\/\/maismagazine.pt\/index.php\/wp-json\/wp\/v2\/media?parent=10720"}],"wp:term":[{"taxonomy":"category","embeddable":true,"href":"https:\/\/maismagazine.pt\/index.php\/wp-json\/wp\/v2\/categories?post=10720"},{"taxonomy":"post_tag","embeddable":true,"href":"https:\/\/maismagazine.pt\/index.php\/wp-json\/wp\/v2\/tags?post=10720"}],"curies":[{"name":"wp","href":"https:\/\/api.w.org\/{rel}","templated":true}]}}