{"id":10616,"date":"2024-10-25T07:00:00","date_gmt":"2024-10-25T06:00:00","guid":{"rendered":"https:\/\/maismagazine.pt\/?p=10616"},"modified":"2024-10-22T15:17:10","modified_gmt":"2024-10-22T14:17:10","slug":"vidigueira-vinhos-de-excelencia-e-cante-alentejano-no-coracao-do-alentejo","status":"publish","type":"post","link":"https:\/\/maismagazine.pt\/index.php\/2024\/10\/25\/vidigueira-vinhos-de-excelencia-e-cante-alentejano-no-coracao-do-alentejo\/","title":{"rendered":"Vidigueira: Vinhos de excel\u00eancia e Cante Alentejano no Cora\u00e7\u00e3o do Alentejo"},"content":{"rendered":"\n<p><strong><a href=\"http:\/\/cm-vidigueira.pt\">Vidigueira<\/a> \u00e9 uma vila que surpreende pela sua tranquilidade e pelas suas paisagens, combinando natureza, cultura e grandes vinhos. <\/strong> <\/p>\n\n\n\n<p><\/p>\n\n\n\n<p>Um dos locais mais recomendados para quem visita o munic\u00edpio \u00e9 o Parque Verde Urbano. Este espa\u00e7o, ideal para momentos de lazer em fam\u00edlia ou entre amigos, oferece zonas de sombra, \u00e1reas de piquenique e equipamentos para atividades ao ar livre, sendo um verdadeiro ref\u00fagio de calma no cora\u00e7\u00e3o da vila. Outro ponto de visita obrigat\u00f3ria \u00e9 o Centro Interpretativo do Vinho de Talha (CIVT), localizado em Vila de Frades, onde se pode conhecer o processo de produ\u00e7\u00e3o deste produto identit\u00e1rio do territ\u00f3rio, al\u00e9m de explorar exposi\u00e7\u00f5es interativas sobre o processo de produ\u00e7\u00e3o do vinho, desde a vinha at\u00e9 \u00e0 talha. As ru\u00ednas da Villa Romana de S\u00e3o Cucufate tamb\u00e9m n\u00e3o podem ser esquecidas, sendo um testemunho da hist\u00f3ria e riqueza arqueol\u00f3gica da Vidigueira que permitem uma leitura e compreens\u00e3o temporal da heran\u00e7a romana. No munic\u00edpio, a gastronomia de Vidigueira \u00e9 uma verdadeira celebra\u00e7\u00e3o dos sabores do Alentejo, com pratos que refletem a simplicidade e a riqueza dos produtos locais. Um dos pratos mais emblem\u00e1ticos \u00e9 o ensopado de borrego, confecionado com carne de qualidade, cogumelos silvestres e ervas arom\u00e1ticas. A a\u00e7orda alentejana, \u00e0 base de p\u00e3o, alho, azeite e coentros, \u00e9 outro cl\u00e1ssico da regi\u00e3o. N\u00e3o podemos esquecer as migas, que variam desde as migas de p\u00e3o \u00e0s de espargos, normalmente acompanhadas de carne de porco. Dever\u00e3o ainda destacar-se as sopas de espinafres que, em conjunto com o vinho de talha, representaram a Vidigueira em 2018 no concurso das 7 maravilhas \u00e0 mesa. <\/p>\n\n\n\n<p><\/p>\n\n\n\n<p>A vitivinicultura \u00e9 uma parte essencial da identidade de Vidigueira, e a produ\u00e7\u00e3o de vinhos aqui remonta a s\u00e9culos. Gra\u00e7as ao clima quente e ao solo f\u00e9rtil, a vila \u00e9 conhecida pelos seus vinhos de qualidade superior. As castas mais comuns incluem a Ant\u00e3o Vaz, casta aut\u00f3ctone e que encontra por c\u00e1 a sua express\u00e3o m\u00e1xima, que d\u00e1 origem a vinhos brancos frescos e arom\u00e1ticos, e a casta Aragonez, que proporciona vinhos tintos encorpados e elegantes. Vidigueira \u00e9 tamb\u00e9m famosa pela produ\u00e7\u00e3o de vinhos de talha, uma tradi\u00e7\u00e3o ancestral que utiliza grandes recipientes de barro para a fermenta\u00e7\u00e3o, conferindo caracter\u00edsticas \u00fanicas aos vinhos. Anualmente, os meses de novembro e dezembro s\u00e3o palco de diversos eventos onde se pode conhecer melhor esta tradi\u00e7\u00e3o e provar os vinhos novos. <\/p>\n\n\n\n<p><\/p>\n\n\n\n<p>O Cante Alentejano \u00e9 um patrim\u00f3nio que abra\u00e7a todo o Alentejo, e no munic\u00edpio da Vidigueira esta \u00e9 uma tradi\u00e7\u00e3o de grande relev\u00e2ncia. O Cante Alentejano \u00e9 uma tradi\u00e7\u00e3o profundamente enraizada na cultura dos vidigueirenses. Em Vidigueira, esta forma de canto tem uma hist\u00f3ria longa, passada de gera\u00e7\u00e3o em gera\u00e7\u00e3o, sendo um elemento central nas festividades e momentos de conv\u00edvio da comunidade. Durante o evento Vidigueira Vinho, realizado no fim de semana da P\u00e1scoa, os grupos corais locais partilham esta tradi\u00e7\u00e3o, mantendo-a viva. No entanto, \u00e9 em novembro que o Cante Alentejano ganha maior destaque, com a comemora\u00e7\u00e3o da sua inscri\u00e7\u00e3o como Patrim\u00f3nio Imaterial da Humanidade pela UNESCO. Neste m\u00eas, ocorre o evento Vidigueira Encante, onde os grupos corais de toda a regi\u00e3o do Alentejo s\u00e3o os protagonistas. Al\u00e9m disso, ao longo de novembro, h\u00e1 ensaios abertos, workshops de cante e tert\u00falias dedicadas a esta express\u00e3o cultural, que acontecem em todas as freguesias do concelho. <\/p>\n\n\n\n<p><\/p>\n\n\n<div class=\"wp-block-image\">\n<figure class=\"aligncenter size-full is-resized\"><img loading=\"lazy\" decoding=\"async\" width=\"825\" height=\"825\" src=\"https:\/\/maismagazine.pt\/wp-content\/uploads\/2024\/10\/348427508_276709461389625_79031671972883825_n.jpg\" alt=\"\" class=\"wp-image-10621\" style=\"aspect-ratio:1;width:253px;height:auto\" srcset=\"https:\/\/maismagazine.pt\/wp-content\/uploads\/2024\/10\/348427508_276709461389625_79031671972883825_n.jpg 825w, https:\/\/maismagazine.pt\/wp-content\/uploads\/2024\/10\/348427508_276709461389625_79031671972883825_n-300x300.jpg 300w, https:\/\/maismagazine.pt\/wp-content\/uploads\/2024\/10\/348427508_276709461389625_79031671972883825_n-150x150.jpg 150w, https:\/\/maismagazine.pt\/wp-content\/uploads\/2024\/10\/348427508_276709461389625_79031671972883825_n-768x768.jpg 768w\" sizes=\"auto, (max-width: 825px) 100vw, 825px\" \/><\/figure><\/div>\n\n\n<p><\/p>\n\n\n\n<p><\/p>\n","protected":false},"excerpt":{"rendered":"<p>Vidigueira \u00e9 uma vila que surpreende pela sua tranquilidade e pelas suas paisagens, combinando natureza, cultura e grandes vinhos. Um dos locais mais recomendados para quem visita o munic\u00edpio \u00e9 o Parque Verde Urbano. Este espa\u00e7o, ideal para momentos de lazer em fam\u00edlia ou entre amigos, oferece zonas de sombra,&hellip;<\/p>\n","protected":false},"author":17,"featured_media":10623,"comment_status":"closed","ping_status":"open","sticky":false,"template":"","format":"standard","meta":{"advgb_blocks_editor_width":"","advgb_blocks_columns_visual_guide":"","_monsterinsights_skip_tracking":false,"_monsterinsights_sitenote_active":false,"_monsterinsights_sitenote_note":"","_monsterinsights_sitenote_category":0,"footnotes":""},"categories":[9,53],"tags":[310,2156],"class_list":["post-10616","post","type-post","status-publish","format-standard","has-post-thumbnail","hentry","category-cultura","category-turismo-restaurantes","tag-alentejo","tag-cm-vidigueira"],"yoast_head":"<!-- This site is optimized with the Yoast SEO plugin v24.4 - https:\/\/yoast.com\/wordpress\/plugins\/seo\/ -->\n<title>Vidigueira: Vinhos de excel\u00eancia e Cante Alentejano no Cora\u00e7\u00e3o do Alentejo - Mais Magazine<\/title>\n<meta name=\"description\" content=\"Vidigueira \u00e9 uma vila que surpreende pela sua tranquilidade e pelas suas paisagens, combinando natureza, cultura e grandes vinhos.\" \/>\n<meta name=\"robots\" content=\"index, follow, max-snippet:-1, max-image-preview:large, max-video-preview:-1\" \/>\n<link rel=\"canonical\" href=\"https:\/\/maismagazine.pt\/index.php\/2024\/10\/25\/vidigueira-vinhos-de-excelencia-e-cante-alentejano-no-coracao-do-alentejo\/\" \/>\n<meta property=\"og:locale\" content=\"pt_PT\" \/>\n<meta property=\"og:type\" content=\"article\" \/>\n<meta property=\"og:title\" content=\"Vidigueira: Vinhos de excel\u00eancia e Cante Alentejano no Cora\u00e7\u00e3o do Alentejo - Mais Magazine\" \/>\n<meta property=\"og:description\" content=\"Vidigueira \u00e9 uma vila que surpreende pela sua tranquilidade e pelas suas paisagens, combinando natureza, cultura e grandes vinhos.\" \/>\n<meta property=\"og:url\" content=\"https:\/\/maismagazine.pt\/index.php\/2024\/10\/25\/vidigueira-vinhos-de-excelencia-e-cante-alentejano-no-coracao-do-alentejo\/\" \/>\n<meta property=\"og:site_name\" content=\"Mais Magazine\" \/>\n<meta property=\"article:published_time\" content=\"2024-10-25T06:00:00+00:00\" \/>\n<meta property=\"og:image\" content=\"https:\/\/maismagazine.pt\/wp-content\/uploads\/2024\/10\/1000026929-1.jpg\" \/>\n\t<meta property=\"og:image:width\" content=\"982\" \/>\n\t<meta property=\"og:image:height\" content=\"551\" \/>\n\t<meta property=\"og:image:type\" content=\"image\/jpeg\" \/>\n<meta name=\"author\" content=\"Tiago Costa\" \/>\n<meta name=\"twitter:card\" content=\"summary_large_image\" \/>\n<meta name=\"twitter:label1\" content=\"Escrito por\" \/>\n\t<meta name=\"twitter:data1\" content=\"\" \/>\n\t<meta name=\"twitter:label2\" content=\"Tempo estimado de leitura\" \/>\n\t<meta name=\"twitter:data2\" content=\"4 minutos\" \/>\n<script type=\"application\/ld+json\" class=\"yoast-schema-graph\">{\"@context\":\"https:\/\/schema.org\",\"@graph\":[{\"@type\":\"Article\",\"@id\":\"https:\/\/maismagazine.pt\/index.php\/2024\/10\/25\/vidigueira-vinhos-de-excelencia-e-cante-alentejano-no-coracao-do-alentejo\/#article\",\"isPartOf\":{\"@id\":\"https:\/\/maismagazine.pt\/index.php\/2024\/10\/25\/vidigueira-vinhos-de-excelencia-e-cante-alentejano-no-coracao-do-alentejo\/\"},\"author\":{\"name\":\"Tiago Costa\",\"@id\":\"https:\/\/maismagazine.pt\/#\/schema\/person\/c6c5bfccc886434cbd11c74e035f9646\"},\"headline\":\"Vidigueira: Vinhos de excel\u00eancia e Cante Alentejano no Cora\u00e7\u00e3o do Alentejo\",\"datePublished\":\"2024-10-25T06:00:00+00:00\",\"mainEntityOfPage\":{\"@id\":\"https:\/\/maismagazine.pt\/index.php\/2024\/10\/25\/vidigueira-vinhos-de-excelencia-e-cante-alentejano-no-coracao-do-alentejo\/\"},\"wordCount\":608,\"publisher\":{\"@id\":\"https:\/\/maismagazine.pt\/#organization\"},\"image\":{\"@id\":\"https:\/\/maismagazine.pt\/index.php\/2024\/10\/25\/vidigueira-vinhos-de-excelencia-e-cante-alentejano-no-coracao-do-alentejo\/#primaryimage\"},\"thumbnailUrl\":\"https:\/\/maismagazine.pt\/wp-content\/uploads\/2024\/10\/1000026929-1.jpg\",\"keywords\":[\"Alentejo\",\"CM Vidigueira\"],\"articleSection\":[\"Cultura\",\"Turismo | Vinhos | Gastronomia\"],\"inLanguage\":\"pt-PT\"},{\"@type\":\"WebPage\",\"@id\":\"https:\/\/maismagazine.pt\/index.php\/2024\/10\/25\/vidigueira-vinhos-de-excelencia-e-cante-alentejano-no-coracao-do-alentejo\/\",\"url\":\"https:\/\/maismagazine.pt\/index.php\/2024\/10\/25\/vidigueira-vinhos-de-excelencia-e-cante-alentejano-no-coracao-do-alentejo\/\",\"name\":\"Vidigueira: Vinhos de excel\u00eancia e Cante Alentejano no Cora\u00e7\u00e3o do Alentejo - Mais Magazine\",\"isPartOf\":{\"@id\":\"https:\/\/maismagazine.pt\/#website\"},\"primaryImageOfPage\":{\"@id\":\"https:\/\/maismagazine.pt\/index.php\/2024\/10\/25\/vidigueira-vinhos-de-excelencia-e-cante-alentejano-no-coracao-do-alentejo\/#primaryimage\"},\"image\":{\"@id\":\"https:\/\/maismagazine.pt\/index.php\/2024\/10\/25\/vidigueira-vinhos-de-excelencia-e-cante-alentejano-no-coracao-do-alentejo\/#primaryimage\"},\"thumbnailUrl\":\"https:\/\/maismagazine.pt\/wp-content\/uploads\/2024\/10\/1000026929-1.jpg\",\"datePublished\":\"2024-10-25T06:00:00+00:00\",\"description\":\"Vidigueira \u00e9 uma vila que surpreende pela sua tranquilidade e pelas suas paisagens, combinando natureza, cultura e grandes vinhos.\",\"breadcrumb\":{\"@id\":\"https:\/\/maismagazine.pt\/index.php\/2024\/10\/25\/vidigueira-vinhos-de-excelencia-e-cante-alentejano-no-coracao-do-alentejo\/#breadcrumb\"},\"inLanguage\":\"pt-PT\",\"potentialAction\":[{\"@type\":\"ReadAction\",\"target\":[\"https:\/\/maismagazine.pt\/index.php\/2024\/10\/25\/vidigueira-vinhos-de-excelencia-e-cante-alentejano-no-coracao-do-alentejo\/\"]}]},{\"@type\":\"ImageObject\",\"inLanguage\":\"pt-PT\",\"@id\":\"https:\/\/maismagazine.pt\/index.php\/2024\/10\/25\/vidigueira-vinhos-de-excelencia-e-cante-alentejano-no-coracao-do-alentejo\/#primaryimage\",\"url\":\"https:\/\/maismagazine.pt\/wp-content\/uploads\/2024\/10\/1000026929-1.jpg\",\"contentUrl\":\"https:\/\/maismagazine.pt\/wp-content\/uploads\/2024\/10\/1000026929-1.jpg\",\"width\":982,\"height\":551},{\"@type\":\"BreadcrumbList\",\"@id\":\"https:\/\/maismagazine.pt\/index.php\/2024\/10\/25\/vidigueira-vinhos-de-excelencia-e-cante-alentejano-no-coracao-do-alentejo\/#breadcrumb\",\"itemListElement\":[{\"@type\":\"ListItem\",\"position\":1,\"name\":\"Home\",\"item\":\"https:\/\/maismagazine.pt\/\"},{\"@type\":\"ListItem\",\"position\":2,\"name\":\"Vidigueira: Vinhos de excel\u00eancia e Cante Alentejano no Cora\u00e7\u00e3o do Alentejo\"}]},{\"@type\":\"WebSite\",\"@id\":\"https:\/\/maismagazine.pt\/#website\",\"url\":\"https:\/\/maismagazine.pt\/\",\"name\":\"Mais Magazine\",\"description\":\"\",\"publisher\":{\"@id\":\"https:\/\/maismagazine.pt\/#organization\"},\"potentialAction\":[{\"@type\":\"SearchAction\",\"target\":{\"@type\":\"EntryPoint\",\"urlTemplate\":\"https:\/\/maismagazine.pt\/?s={search_term_string}\"},\"query-input\":{\"@type\":\"PropertyValueSpecification\",\"valueRequired\":true,\"valueName\":\"search_term_string\"}}],\"inLanguage\":\"pt-PT\"},{\"@type\":\"Organization\",\"@id\":\"https:\/\/maismagazine.pt\/#organization\",\"name\":\"Mais Magazine\",\"url\":\"https:\/\/maismagazine.pt\/\",\"logo\":{\"@type\":\"ImageObject\",\"inLanguage\":\"pt-PT\",\"@id\":\"https:\/\/maismagazine.pt\/#\/schema\/logo\/image\/\",\"url\":\"https:\/\/maismagazine.pt\/wp-content\/uploads\/2020\/04\/cropped-cropped-mais-magazine-site-logo-2.png\",\"contentUrl\":\"https:\/\/maismagazine.pt\/wp-content\/uploads\/2020\/04\/cropped-cropped-mais-magazine-site-logo-2.png\",\"width\":581,\"height\":90,\"caption\":\"Mais Magazine\"},\"image\":{\"@id\":\"https:\/\/maismagazine.pt\/#\/schema\/logo\/image\/\"}},{\"@type\":\"Person\",\"@id\":\"https:\/\/maismagazine.pt\/#\/schema\/person\/c6c5bfccc886434cbd11c74e035f9646\",\"name\":\"Tiago Costa\",\"image\":{\"@type\":\"ImageObject\",\"inLanguage\":\"pt-PT\",\"@id\":\"https:\/\/maismagazine.pt\/#\/schema\/person\/image\/\",\"url\":\"https:\/\/secure.gravatar.com\/avatar\/c599b2bce16c9870429198cbad5ee022?s=96&d=mm&r=g\",\"contentUrl\":\"https:\/\/secure.gravatar.com\/avatar\/c599b2bce16c9870429198cbad5ee022?s=96&d=mm&r=g\",\"caption\":\"Tiago Costa\"},\"url\":\"https:\/\/maismagazine.pt\/index.php\/author\/tiago\/\"}]}<\/script>\n<!-- \/ Yoast SEO plugin. -->","yoast_head_json":{"title":"Vidigueira: Vinhos de excel\u00eancia e Cante Alentejano no Cora\u00e7\u00e3o do Alentejo - Mais Magazine","description":"Vidigueira \u00e9 uma vila que surpreende pela sua tranquilidade e pelas suas paisagens, combinando natureza, cultura e grandes vinhos.","robots":{"index":"index","follow":"follow","max-snippet":"max-snippet:-1","max-image-preview":"max-image-preview:large","max-video-preview":"max-video-preview:-1"},"canonical":"https:\/\/maismagazine.pt\/index.php\/2024\/10\/25\/vidigueira-vinhos-de-excelencia-e-cante-alentejano-no-coracao-do-alentejo\/","og_locale":"pt_PT","og_type":"article","og_title":"Vidigueira: Vinhos de excel\u00eancia e Cante Alentejano no Cora\u00e7\u00e3o do Alentejo - Mais Magazine","og_description":"Vidigueira \u00e9 uma vila que surpreende pela sua tranquilidade e pelas suas paisagens, combinando natureza, cultura e grandes vinhos.","og_url":"https:\/\/maismagazine.pt\/index.php\/2024\/10\/25\/vidigueira-vinhos-de-excelencia-e-cante-alentejano-no-coracao-do-alentejo\/","og_site_name":"Mais Magazine","article_published_time":"2024-10-25T06:00:00+00:00","og_image":[{"width":982,"height":551,"url":"https:\/\/maismagazine.pt\/wp-content\/uploads\/2024\/10\/1000026929-1.jpg","type":"image\/jpeg"}],"author":"Tiago Costa","twitter_card":"summary_large_image","twitter_misc":{"Escrito por":false,"Tempo estimado de leitura":"4 minutos"},"schema":{"@context":"https:\/\/schema.org","@graph":[{"@type":"Article","@id":"https:\/\/maismagazine.pt\/index.php\/2024\/10\/25\/vidigueira-vinhos-de-excelencia-e-cante-alentejano-no-coracao-do-alentejo\/#article","isPartOf":{"@id":"https:\/\/maismagazine.pt\/index.php\/2024\/10\/25\/vidigueira-vinhos-de-excelencia-e-cante-alentejano-no-coracao-do-alentejo\/"},"author":{"name":"Tiago Costa","@id":"https:\/\/maismagazine.pt\/#\/schema\/person\/c6c5bfccc886434cbd11c74e035f9646"},"headline":"Vidigueira: Vinhos de excel\u00eancia e Cante Alentejano no Cora\u00e7\u00e3o do Alentejo","datePublished":"2024-10-25T06:00:00+00:00","mainEntityOfPage":{"@id":"https:\/\/maismagazine.pt\/index.php\/2024\/10\/25\/vidigueira-vinhos-de-excelencia-e-cante-alentejano-no-coracao-do-alentejo\/"},"wordCount":608,"publisher":{"@id":"https:\/\/maismagazine.pt\/#organization"},"image":{"@id":"https:\/\/maismagazine.pt\/index.php\/2024\/10\/25\/vidigueira-vinhos-de-excelencia-e-cante-alentejano-no-coracao-do-alentejo\/#primaryimage"},"thumbnailUrl":"https:\/\/maismagazine.pt\/wp-content\/uploads\/2024\/10\/1000026929-1.jpg","keywords":["Alentejo","CM Vidigueira"],"articleSection":["Cultura","Turismo | Vinhos | Gastronomia"],"inLanguage":"pt-PT"},{"@type":"WebPage","@id":"https:\/\/maismagazine.pt\/index.php\/2024\/10\/25\/vidigueira-vinhos-de-excelencia-e-cante-alentejano-no-coracao-do-alentejo\/","url":"https:\/\/maismagazine.pt\/index.php\/2024\/10\/25\/vidigueira-vinhos-de-excelencia-e-cante-alentejano-no-coracao-do-alentejo\/","name":"Vidigueira: Vinhos de excel\u00eancia e Cante Alentejano no Cora\u00e7\u00e3o do Alentejo - Mais Magazine","isPartOf":{"@id":"https:\/\/maismagazine.pt\/#website"},"primaryImageOfPage":{"@id":"https:\/\/maismagazine.pt\/index.php\/2024\/10\/25\/vidigueira-vinhos-de-excelencia-e-cante-alentejano-no-coracao-do-alentejo\/#primaryimage"},"image":{"@id":"https:\/\/maismagazine.pt\/index.php\/2024\/10\/25\/vidigueira-vinhos-de-excelencia-e-cante-alentejano-no-coracao-do-alentejo\/#primaryimage"},"thumbnailUrl":"https:\/\/maismagazine.pt\/wp-content\/uploads\/2024\/10\/1000026929-1.jpg","datePublished":"2024-10-25T06:00:00+00:00","description":"Vidigueira \u00e9 uma vila que surpreende pela sua tranquilidade e pelas suas paisagens, combinando natureza, cultura e grandes vinhos.","breadcrumb":{"@id":"https:\/\/maismagazine.pt\/index.php\/2024\/10\/25\/vidigueira-vinhos-de-excelencia-e-cante-alentejano-no-coracao-do-alentejo\/#breadcrumb"},"inLanguage":"pt-PT","potentialAction":[{"@type":"ReadAction","target":["https:\/\/maismagazine.pt\/index.php\/2024\/10\/25\/vidigueira-vinhos-de-excelencia-e-cante-alentejano-no-coracao-do-alentejo\/"]}]},{"@type":"ImageObject","inLanguage":"pt-PT","@id":"https:\/\/maismagazine.pt\/index.php\/2024\/10\/25\/vidigueira-vinhos-de-excelencia-e-cante-alentejano-no-coracao-do-alentejo\/#primaryimage","url":"https:\/\/maismagazine.pt\/wp-content\/uploads\/2024\/10\/1000026929-1.jpg","contentUrl":"https:\/\/maismagazine.pt\/wp-content\/uploads\/2024\/10\/1000026929-1.jpg","width":982,"height":551},{"@type":"BreadcrumbList","@id":"https:\/\/maismagazine.pt\/index.php\/2024\/10\/25\/vidigueira-vinhos-de-excelencia-e-cante-alentejano-no-coracao-do-alentejo\/#breadcrumb","itemListElement":[{"@type":"ListItem","position":1,"name":"Home","item":"https:\/\/maismagazine.pt\/"},{"@type":"ListItem","position":2,"name":"Vidigueira: Vinhos de excel\u00eancia e Cante Alentejano no Cora\u00e7\u00e3o do Alentejo"}]},{"@type":"WebSite","@id":"https:\/\/maismagazine.pt\/#website","url":"https:\/\/maismagazine.pt\/","name":"Mais Magazine","description":"","publisher":{"@id":"https:\/\/maismagazine.pt\/#organization"},"potentialAction":[{"@type":"SearchAction","target":{"@type":"EntryPoint","urlTemplate":"https:\/\/maismagazine.pt\/?s={search_term_string}"},"query-input":{"@type":"PropertyValueSpecification","valueRequired":true,"valueName":"search_term_string"}}],"inLanguage":"pt-PT"},{"@type":"Organization","@id":"https:\/\/maismagazine.pt\/#organization","name":"Mais Magazine","url":"https:\/\/maismagazine.pt\/","logo":{"@type":"ImageObject","inLanguage":"pt-PT","@id":"https:\/\/maismagazine.pt\/#\/schema\/logo\/image\/","url":"https:\/\/maismagazine.pt\/wp-content\/uploads\/2020\/04\/cropped-cropped-mais-magazine-site-logo-2.png","contentUrl":"https:\/\/maismagazine.pt\/wp-content\/uploads\/2020\/04\/cropped-cropped-mais-magazine-site-logo-2.png","width":581,"height":90,"caption":"Mais Magazine"},"image":{"@id":"https:\/\/maismagazine.pt\/#\/schema\/logo\/image\/"}},{"@type":"Person","@id":"https:\/\/maismagazine.pt\/#\/schema\/person\/c6c5bfccc886434cbd11c74e035f9646","name":"Tiago Costa","image":{"@type":"ImageObject","inLanguage":"pt-PT","@id":"https:\/\/maismagazine.pt\/#\/schema\/person\/image\/","url":"https:\/\/secure.gravatar.com\/avatar\/c599b2bce16c9870429198cbad5ee022?s=96&d=mm&r=g","contentUrl":"https:\/\/secure.gravatar.com\/avatar\/c599b2bce16c9870429198cbad5ee022?s=96&d=mm&r=g","caption":"Tiago Costa"},"url":"https:\/\/maismagazine.pt\/index.php\/author\/tiago\/"}]}},"author_meta":{"display_name":false,"author_link":"https:\/\/maismagazine.pt\/index.php\/author\/tiago\/"},"featured_img":"https:\/\/maismagazine.pt\/wp-content\/uploads\/2024\/10\/1000026929-1-300x168.jpg","coauthors":[],"tax_additional":{"categories":{"linked":["<a href=\"https:\/\/maismagazine.pt\/index.php\/category\/cultura\/\" class=\"advgb-post-tax-term\">Cultura<\/a>","<a href=\"https:\/\/maismagazine.pt\/index.php\/category\/turismo-restaurantes\/\" class=\"advgb-post-tax-term\">Turismo | Vinhos | Gastronomia<\/a>"],"unlinked":["<span class=\"advgb-post-tax-term\">Cultura<\/span>","<span class=\"advgb-post-tax-term\">Turismo | Vinhos | Gastronomia<\/span>"]},"tags":{"linked":["<a href=\"https:\/\/maismagazine.pt\/index.php\/category\/turismo-restaurantes\/\" class=\"advgb-post-tax-term\">Alentejo<\/a>","<a href=\"https:\/\/maismagazine.pt\/index.php\/category\/turismo-restaurantes\/\" class=\"advgb-post-tax-term\">CM Vidigueira<\/a>"],"unlinked":["<span class=\"advgb-post-tax-term\">Alentejo<\/span>","<span class=\"advgb-post-tax-term\">CM Vidigueira<\/span>"]}},"comment_count":"0","relative_dates":{"created":"Posted 2 anos ago","modified":"Updated 2 anos ago"},"absolute_dates":{"created":"Posted on 25 de Outubro, 2024","modified":"Updated on 22 de Outubro, 2024"},"absolute_dates_time":{"created":"Posted on 25 de Outubro, 2024 7:00","modified":"Updated on 22 de Outubro, 2024 15:17"},"featured_img_caption":"","series_order":"","_links":{"self":[{"href":"https:\/\/maismagazine.pt\/index.php\/wp-json\/wp\/v2\/posts\/10616","targetHints":{"allow":["GET"]}}],"collection":[{"href":"https:\/\/maismagazine.pt\/index.php\/wp-json\/wp\/v2\/posts"}],"about":[{"href":"https:\/\/maismagazine.pt\/index.php\/wp-json\/wp\/v2\/types\/post"}],"author":[{"embeddable":true,"href":"https:\/\/maismagazine.pt\/index.php\/wp-json\/wp\/v2\/users\/17"}],"replies":[{"embeddable":true,"href":"https:\/\/maismagazine.pt\/index.php\/wp-json\/wp\/v2\/comments?post=10616"}],"version-history":[{"count":2,"href":"https:\/\/maismagazine.pt\/index.php\/wp-json\/wp\/v2\/posts\/10616\/revisions"}],"predecessor-version":[{"id":10624,"href":"https:\/\/maismagazine.pt\/index.php\/wp-json\/wp\/v2\/posts\/10616\/revisions\/10624"}],"wp:featuredmedia":[{"embeddable":true,"href":"https:\/\/maismagazine.pt\/index.php\/wp-json\/wp\/v2\/media\/10623"}],"wp:attachment":[{"href":"https:\/\/maismagazine.pt\/index.php\/wp-json\/wp\/v2\/media?parent=10616"}],"wp:term":[{"taxonomy":"category","embeddable":true,"href":"https:\/\/maismagazine.pt\/index.php\/wp-json\/wp\/v2\/categories?post=10616"},{"taxonomy":"post_tag","embeddable":true,"href":"https:\/\/maismagazine.pt\/index.php\/wp-json\/wp\/v2\/tags?post=10616"}],"curies":[{"name":"wp","href":"https:\/\/api.w.org\/{rel}","templated":true}]}}