{"id":10583,"date":"2024-10-25T07:00:00","date_gmt":"2024-10-25T06:00:00","guid":{"rendered":"https:\/\/maismagazine.pt\/?p=10583"},"modified":"2024-10-22T14:51:58","modified_gmt":"2024-10-22T13:51:58","slug":"uma-vida-dedicada-a-angola","status":"publish","type":"post","link":"https:\/\/maismagazine.pt\/index.php\/2024\/10\/25\/uma-vida-dedicada-a-angola\/","title":{"rendered":"Uma vida dedicada a Angola"},"content":{"rendered":"\n<p><strong>A viver h\u00e1 quase 40 anos em Angola, Coutinho Duarte \u00e9 uma personalidade reconhecida n\u00e3o apenas pela sua dedica\u00e7\u00e3o e contribui\u00e7\u00e3o no desenvolvimento da comunidade angolana, como tamb\u00e9m pelo papel de lideran\u00e7a nas rela\u00e7\u00f5es comerciais entre Angola e Portugal. Foi em solo africano que fundou a sua pr\u00f3pria empresa, a <a href=\"http:\/\/www.atlanticoservice.com\">Aero Atlantic Service (AAS)<\/a>, e n\u00e3o esconde o seu desejo de \u201ccontribuir para uma sociedade melhor do que aquela que encontrou&#8221;. <\/strong><\/p>\n\n\n\n<p><\/p>\n\n\n\n<p><\/p>\n\n\n\n<p>A jornada do engenheiro Coutinho de Duarte pauta-se por uma hist\u00f3ria de compromisso e empenho para com a comunidade onde se insere e pelo trabalho \u00e1rduo na \u00e1rea da gest\u00e3o de neg\u00f3cios. Bem conhecedor do mercado angolano e portugu\u00eas, o engenheiro fundou em terras angolanas a sua pr\u00f3pria empresa, a Aero Atlantic Service (AAS), uma entidade prestadora de servi\u00e7os capaz de facilitar o com\u00e9rcio e colabora\u00e7\u00e3o n\u00e3o apenas entre Angola e Portugal, como para o resto do mundo. \u201c\u00c9 uma empresa vocacionada para a presta\u00e7\u00e3o de servi\u00e7o, com relev\u00e2ncia para aquelas que pretendem colocar os seus produtos no mercado angolano ou que o fabriquem em Angola e pretendem comercializar para outras paragens fora do pa\u00eds\u201d. Deste modo, a Aero Atlantic Service fornece servi\u00e7os que v\u00e3o desde o aconselhamento e a obten\u00e7\u00e3o das diversas licen\u00e7as para a realiza\u00e7\u00e3o de importa\u00e7\u00f5es e exporta\u00e7\u00f5es, passando pelo desembara\u00e7o aduaneiro (a\u00e9reo ou mar\u00edtimo) e legaliza\u00e7\u00e3o dos produtos at\u00e9 \u00e0 entrega no destino final. Tendo em vista garantir que todos os processos est\u00e3o revestidos de qualidade e efic\u00e1cia, a empresa angolana realiza um acompanhamento de todos os procedimentos, o que confere aos empres\u00e1rios \u201cuma tranquilidade absoluta no desenvolvimento do processo de legaliza\u00e7\u00e3o e comercializa\u00e7\u00e3o da sua mercadoria\u201d. <\/p>\n\n\n\n<p><\/p>\n\n\n\n<p>Radicado em Angola h\u00e1 quase quatro d\u00e9cadas, Coutinho Duarte \u00e9 j\u00e1 um profundo conhecedor dos meandros do panorama empresarial e social de Angola. Ainda que o engenheiro reconhe\u00e7a um enorme potencial no pa\u00eds africano, admite que Angola ainda \u00e9 um pa\u00eds que se encontra \u00e0 procura de um rumo. \u201cA sociedade precisa, a meu ver, de optar por um modelo que venha ele pr\u00f3prio a readquirir a confian\u00e7a perdida entre o mundo empresarial. Creio que numa sociedade sem livre iniciativa privada, sem uma moeda e um c\u00e2mbio est\u00e1vel, o desenvolvimento e a cria\u00e7\u00e3o de riqueza ser\u00e3o mais dif\u00edceis de atingir\u201d. Neste sentido, Coutinho Duarte acredita que a solu\u00e7\u00e3o para a cria\u00e7\u00e3o de uma sociedade mais est\u00e1vel e desenvolvida passar\u00e1, primeiro, por captar mais m\u00e3o de obra qualificada e, depois, por estabilizar a \u00e1rea dos neg\u00f3cios atrav\u00e9s da implementa\u00e7\u00e3o de garantias de investimento para os investidores em solo angolano, visto que frequente o pa\u00eds \u00e9 alvo de oscila\u00e7\u00f5es que perturbam as firmas dos empres\u00e1rios. <\/p>\n\n\n\n<p><\/p>\n\n\n\n<p>Para o empres\u00e1rio estas s\u00e3o condi\u00e7\u00f5es imperativas para apoiar as empresas j\u00e1 fixadas em Angola e, simultaneamente, dar confian\u00e7a para que mais pessoas invistam em Angola e nas suas potencialidades. \u201c\u00c9 preciso pensar em pol\u00edticas que levem a que o ramo empresarial, nacional e internacional, tenha confian\u00e7a para fazer investimentos em Angola. \u00c9 perfeitamente normal que qualquer na\u00e7\u00e3o tenha as suas pr\u00f3prias dores de crescimento, mas todas essas inconveni\u00eancias devem ser alvo de reflex\u00e3o, de forma a que sejam tomadas atitudes consent\u00e2neas que venham ao encontro das necessidades do pa\u00eds e que provoquem um crescimento da sociedade como um todo&#8221;. <\/p>\n\n\n\n<p><\/p>\n\n\n\n<p>Com um olhar sobre o futuro, Coutinho Duarte ambiciona continuar com a sua nobre miss\u00e3o que o orienta desde que pisou em solo angolano: continuar a contribuir para o desenvolvimento da sociedade de Angola. \u201cPessoalmente, terei sempre o maior gosto e a maior dedica\u00e7\u00e3o em contribuir para que o pa\u00eds encontre o rumo pretendido, uma sociedade est\u00e1vel, com equil\u00edbrio social, e onde as pessoas e as Organiza\u00e7\u00f5es se sintam confort\u00e1veis. No fundo, ajudar a que Angola seja um lugar onde cada um se possa sentir \u00fatil e com oportunidades de contribuir para uma sociedade cada vez melhor\u201d. <\/p>\n\n\n\n<p><\/p>\n\n\n\n<p><\/p>\n\n\n<div class=\"wp-block-image\">\n<figure class=\"aligncenter size-large is-resized\"><img loading=\"lazy\" decoding=\"async\" width=\"1024\" height=\"997\" src=\"https:\/\/maismagazine.pt\/wp-content\/uploads\/2024\/10\/1000012586-1024x997.jpg\" alt=\"\" class=\"wp-image-10589\" style=\"aspect-ratio:1.0270812437311936;width:228px;height:auto\" srcset=\"https:\/\/maismagazine.pt\/wp-content\/uploads\/2024\/10\/1000012586-1024x997.jpg 1024w, https:\/\/maismagazine.pt\/wp-content\/uploads\/2024\/10\/1000012586-300x292.jpg 300w, https:\/\/maismagazine.pt\/wp-content\/uploads\/2024\/10\/1000012586-768x748.jpg 768w, https:\/\/maismagazine.pt\/wp-content\/uploads\/2024\/10\/1000012586-1536x1496.jpg 1536w, https:\/\/maismagazine.pt\/wp-content\/uploads\/2024\/10\/1000012586-2048x1995.jpg 2048w\" sizes=\"auto, (max-width: 1024px) 100vw, 1024px\" \/><\/figure><\/div>","protected":false},"excerpt":{"rendered":"<p>A viver h\u00e1 quase 40 anos em Angola, Coutinho Duarte \u00e9 uma personalidade reconhecida n\u00e3o apenas pela sua dedica\u00e7\u00e3o e contribui\u00e7\u00e3o no desenvolvimento da comunidade angolana, como tamb\u00e9m pelo papel de lideran\u00e7a nas rela\u00e7\u00f5es comerciais entre Angola e Portugal. Foi em solo africano que fundou a sua pr\u00f3pria empresa, a&hellip;<\/p>\n","protected":false},"author":17,"featured_media":10590,"comment_status":"closed","ping_status":"open","sticky":false,"template":"","format":"standard","meta":{"advgb_blocks_editor_width":"","advgb_blocks_columns_visual_guide":"","_monsterinsights_skip_tracking":false,"_monsterinsights_sitenote_active":false,"_monsterinsights_sitenote_note":"","_monsterinsights_sitenote_category":0,"footnotes":""},"categories":[6],"tags":[2152,2149],"class_list":["post-10583","post","type-post","status-publish","format-standard","has-post-thumbnail","hentry","category-empreendedorismo","tag-aero-atlantic-service","tag-angola"],"yoast_head":"<!-- This site is optimized with the Yoast SEO plugin v24.4 - https:\/\/yoast.com\/wordpress\/plugins\/seo\/ -->\n<title>Uma vida dedicada a Angola - Mais Magazine<\/title>\n<meta name=\"description\" content=\"A viver h\u00e1 quase 40 anos em Angola, Coutinho Duarte \u00e9 uma personalidade reconhecida n\u00e3o apenas pela sua dedica\u00e7\u00e3o e contribui\u00e7\u00e3o no desenvolvimento da comunidade angolana, como tamb\u00e9m pelo papel de lideran\u00e7a nas rela\u00e7\u00f5es comerciais entre Angola e Portugal. Foi em solo africano que fundou a sua pr\u00f3pria empresa, a Aero Atlantic Service (AAS), e n\u00e3o esconde o seu desejo de \u201ccontribuir para uma sociedade melhor do que aquela que encontrou&quot;.\" \/>\n<meta name=\"robots\" content=\"index, follow, max-snippet:-1, max-image-preview:large, max-video-preview:-1\" \/>\n<link rel=\"canonical\" href=\"https:\/\/maismagazine.pt\/index.php\/2024\/10\/25\/uma-vida-dedicada-a-angola\/\" \/>\n<meta property=\"og:locale\" content=\"pt_PT\" \/>\n<meta property=\"og:type\" content=\"article\" \/>\n<meta property=\"og:title\" content=\"Uma vida dedicada a Angola - Mais Magazine\" \/>\n<meta property=\"og:description\" content=\"A viver h\u00e1 quase 40 anos em Angola, Coutinho Duarte \u00e9 uma personalidade reconhecida n\u00e3o apenas pela sua dedica\u00e7\u00e3o e contribui\u00e7\u00e3o no desenvolvimento da comunidade angolana, como tamb\u00e9m pelo papel de lideran\u00e7a nas rela\u00e7\u00f5es comerciais entre Angola e Portugal. Foi em solo africano que fundou a sua pr\u00f3pria empresa, a Aero Atlantic Service (AAS), e n\u00e3o esconde o seu desejo de \u201ccontribuir para uma sociedade melhor do que aquela que encontrou&quot;.\" \/>\n<meta property=\"og:url\" content=\"https:\/\/maismagazine.pt\/index.php\/2024\/10\/25\/uma-vida-dedicada-a-angola\/\" \/>\n<meta property=\"og:site_name\" content=\"Mais Magazine\" \/>\n<meta property=\"article:published_time\" content=\"2024-10-25T06:00:00+00:00\" \/>\n<meta property=\"og:image\" content=\"https:\/\/maismagazine.pt\/wp-content\/uploads\/2024\/10\/Coutinho-Duarte-Fundador-da-Aero-Atlantic-Service.jpg\" \/>\n\t<meta property=\"og:image:width\" content=\"413\" \/>\n\t<meta property=\"og:image:height\" content=\"620\" \/>\n\t<meta property=\"og:image:type\" content=\"image\/jpeg\" \/>\n<meta name=\"author\" content=\"Tiago Costa\" \/>\n<meta name=\"twitter:card\" content=\"summary_large_image\" \/>\n<meta name=\"twitter:label1\" content=\"Escrito por\" \/>\n\t<meta name=\"twitter:data1\" content=\"\" \/>\n\t<meta name=\"twitter:label2\" content=\"Tempo estimado de leitura\" \/>\n\t<meta name=\"twitter:data2\" content=\"4 minutos\" \/>\n<script type=\"application\/ld+json\" class=\"yoast-schema-graph\">{\"@context\":\"https:\/\/schema.org\",\"@graph\":[{\"@type\":\"Article\",\"@id\":\"https:\/\/maismagazine.pt\/index.php\/2024\/10\/25\/uma-vida-dedicada-a-angola\/#article\",\"isPartOf\":{\"@id\":\"https:\/\/maismagazine.pt\/index.php\/2024\/10\/25\/uma-vida-dedicada-a-angola\/\"},\"author\":{\"name\":\"Tiago Costa\",\"@id\":\"https:\/\/maismagazine.pt\/#\/schema\/person\/c6c5bfccc886434cbd11c74e035f9646\"},\"headline\":\"Uma vida dedicada a Angola\",\"datePublished\":\"2024-10-25T06:00:00+00:00\",\"mainEntityOfPage\":{\"@id\":\"https:\/\/maismagazine.pt\/index.php\/2024\/10\/25\/uma-vida-dedicada-a-angola\/\"},\"wordCount\":704,\"publisher\":{\"@id\":\"https:\/\/maismagazine.pt\/#organization\"},\"image\":{\"@id\":\"https:\/\/maismagazine.pt\/index.php\/2024\/10\/25\/uma-vida-dedicada-a-angola\/#primaryimage\"},\"thumbnailUrl\":\"https:\/\/maismagazine.pt\/wp-content\/uploads\/2024\/10\/Coutinho-Duarte-Fundador-da-Aero-Atlantic-Service.jpg\",\"keywords\":[\"Aero Atl\u00e2ntic Service\",\"Angola\"],\"articleSection\":[\"Empreendedorismo\"],\"inLanguage\":\"pt-PT\"},{\"@type\":\"WebPage\",\"@id\":\"https:\/\/maismagazine.pt\/index.php\/2024\/10\/25\/uma-vida-dedicada-a-angola\/\",\"url\":\"https:\/\/maismagazine.pt\/index.php\/2024\/10\/25\/uma-vida-dedicada-a-angola\/\",\"name\":\"Uma vida dedicada a Angola - Mais Magazine\",\"isPartOf\":{\"@id\":\"https:\/\/maismagazine.pt\/#website\"},\"primaryImageOfPage\":{\"@id\":\"https:\/\/maismagazine.pt\/index.php\/2024\/10\/25\/uma-vida-dedicada-a-angola\/#primaryimage\"},\"image\":{\"@id\":\"https:\/\/maismagazine.pt\/index.php\/2024\/10\/25\/uma-vida-dedicada-a-angola\/#primaryimage\"},\"thumbnailUrl\":\"https:\/\/maismagazine.pt\/wp-content\/uploads\/2024\/10\/Coutinho-Duarte-Fundador-da-Aero-Atlantic-Service.jpg\",\"datePublished\":\"2024-10-25T06:00:00+00:00\",\"description\":\"A viver h\u00e1 quase 40 anos em Angola, Coutinho Duarte \u00e9 uma personalidade reconhecida n\u00e3o apenas pela sua dedica\u00e7\u00e3o e contribui\u00e7\u00e3o no desenvolvimento da comunidade angolana, como tamb\u00e9m pelo papel de lideran\u00e7a nas rela\u00e7\u00f5es comerciais entre Angola e Portugal. Foi em solo africano que fundou a sua pr\u00f3pria empresa, a Aero Atlantic Service (AAS), e n\u00e3o esconde o seu desejo de \u201ccontribuir para uma sociedade melhor do que aquela que encontrou\\\".\",\"breadcrumb\":{\"@id\":\"https:\/\/maismagazine.pt\/index.php\/2024\/10\/25\/uma-vida-dedicada-a-angola\/#breadcrumb\"},\"inLanguage\":\"pt-PT\",\"potentialAction\":[{\"@type\":\"ReadAction\",\"target\":[\"https:\/\/maismagazine.pt\/index.php\/2024\/10\/25\/uma-vida-dedicada-a-angola\/\"]}]},{\"@type\":\"ImageObject\",\"inLanguage\":\"pt-PT\",\"@id\":\"https:\/\/maismagazine.pt\/index.php\/2024\/10\/25\/uma-vida-dedicada-a-angola\/#primaryimage\",\"url\":\"https:\/\/maismagazine.pt\/wp-content\/uploads\/2024\/10\/Coutinho-Duarte-Fundador-da-Aero-Atlantic-Service.jpg\",\"contentUrl\":\"https:\/\/maismagazine.pt\/wp-content\/uploads\/2024\/10\/Coutinho-Duarte-Fundador-da-Aero-Atlantic-Service.jpg\",\"width\":413,\"height\":620},{\"@type\":\"BreadcrumbList\",\"@id\":\"https:\/\/maismagazine.pt\/index.php\/2024\/10\/25\/uma-vida-dedicada-a-angola\/#breadcrumb\",\"itemListElement\":[{\"@type\":\"ListItem\",\"position\":1,\"name\":\"Home\",\"item\":\"https:\/\/maismagazine.pt\/\"},{\"@type\":\"ListItem\",\"position\":2,\"name\":\"Uma vida dedicada a Angola\"}]},{\"@type\":\"WebSite\",\"@id\":\"https:\/\/maismagazine.pt\/#website\",\"url\":\"https:\/\/maismagazine.pt\/\",\"name\":\"Mais Magazine\",\"description\":\"\",\"publisher\":{\"@id\":\"https:\/\/maismagazine.pt\/#organization\"},\"potentialAction\":[{\"@type\":\"SearchAction\",\"target\":{\"@type\":\"EntryPoint\",\"urlTemplate\":\"https:\/\/maismagazine.pt\/?s={search_term_string}\"},\"query-input\":{\"@type\":\"PropertyValueSpecification\",\"valueRequired\":true,\"valueName\":\"search_term_string\"}}],\"inLanguage\":\"pt-PT\"},{\"@type\":\"Organization\",\"@id\":\"https:\/\/maismagazine.pt\/#organization\",\"name\":\"Mais Magazine\",\"url\":\"https:\/\/maismagazine.pt\/\",\"logo\":{\"@type\":\"ImageObject\",\"inLanguage\":\"pt-PT\",\"@id\":\"https:\/\/maismagazine.pt\/#\/schema\/logo\/image\/\",\"url\":\"https:\/\/maismagazine.pt\/wp-content\/uploads\/2020\/04\/cropped-cropped-mais-magazine-site-logo-2.png\",\"contentUrl\":\"https:\/\/maismagazine.pt\/wp-content\/uploads\/2020\/04\/cropped-cropped-mais-magazine-site-logo-2.png\",\"width\":581,\"height\":90,\"caption\":\"Mais Magazine\"},\"image\":{\"@id\":\"https:\/\/maismagazine.pt\/#\/schema\/logo\/image\/\"}},{\"@type\":\"Person\",\"@id\":\"https:\/\/maismagazine.pt\/#\/schema\/person\/c6c5bfccc886434cbd11c74e035f9646\",\"name\":\"Tiago Costa\",\"image\":{\"@type\":\"ImageObject\",\"inLanguage\":\"pt-PT\",\"@id\":\"https:\/\/maismagazine.pt\/#\/schema\/person\/image\/\",\"url\":\"https:\/\/secure.gravatar.com\/avatar\/c599b2bce16c9870429198cbad5ee022?s=96&d=mm&r=g\",\"contentUrl\":\"https:\/\/secure.gravatar.com\/avatar\/c599b2bce16c9870429198cbad5ee022?s=96&d=mm&r=g\",\"caption\":\"Tiago Costa\"},\"url\":\"https:\/\/maismagazine.pt\/index.php\/author\/tiago\/\"}]}<\/script>\n<!-- \/ Yoast SEO plugin. -->","yoast_head_json":{"title":"Uma vida dedicada a Angola - Mais Magazine","description":"A viver h\u00e1 quase 40 anos em Angola, Coutinho Duarte \u00e9 uma personalidade reconhecida n\u00e3o apenas pela sua dedica\u00e7\u00e3o e contribui\u00e7\u00e3o no desenvolvimento da comunidade angolana, como tamb\u00e9m pelo papel de lideran\u00e7a nas rela\u00e7\u00f5es comerciais entre Angola e Portugal. Foi em solo africano que fundou a sua pr\u00f3pria empresa, a Aero Atlantic Service (AAS), e n\u00e3o esconde o seu desejo de \u201ccontribuir para uma sociedade melhor do que aquela que encontrou\".","robots":{"index":"index","follow":"follow","max-snippet":"max-snippet:-1","max-image-preview":"max-image-preview:large","max-video-preview":"max-video-preview:-1"},"canonical":"https:\/\/maismagazine.pt\/index.php\/2024\/10\/25\/uma-vida-dedicada-a-angola\/","og_locale":"pt_PT","og_type":"article","og_title":"Uma vida dedicada a Angola - Mais Magazine","og_description":"A viver h\u00e1 quase 40 anos em Angola, Coutinho Duarte \u00e9 uma personalidade reconhecida n\u00e3o apenas pela sua dedica\u00e7\u00e3o e contribui\u00e7\u00e3o no desenvolvimento da comunidade angolana, como tamb\u00e9m pelo papel de lideran\u00e7a nas rela\u00e7\u00f5es comerciais entre Angola e Portugal. Foi em solo africano que fundou a sua pr\u00f3pria empresa, a Aero Atlantic Service (AAS), e n\u00e3o esconde o seu desejo de \u201ccontribuir para uma sociedade melhor do que aquela que encontrou\".","og_url":"https:\/\/maismagazine.pt\/index.php\/2024\/10\/25\/uma-vida-dedicada-a-angola\/","og_site_name":"Mais Magazine","article_published_time":"2024-10-25T06:00:00+00:00","og_image":[{"width":413,"height":620,"url":"https:\/\/maismagazine.pt\/wp-content\/uploads\/2024\/10\/Coutinho-Duarte-Fundador-da-Aero-Atlantic-Service.jpg","type":"image\/jpeg"}],"author":"Tiago Costa","twitter_card":"summary_large_image","twitter_misc":{"Escrito por":false,"Tempo estimado de leitura":"4 minutos"},"schema":{"@context":"https:\/\/schema.org","@graph":[{"@type":"Article","@id":"https:\/\/maismagazine.pt\/index.php\/2024\/10\/25\/uma-vida-dedicada-a-angola\/#article","isPartOf":{"@id":"https:\/\/maismagazine.pt\/index.php\/2024\/10\/25\/uma-vida-dedicada-a-angola\/"},"author":{"name":"Tiago Costa","@id":"https:\/\/maismagazine.pt\/#\/schema\/person\/c6c5bfccc886434cbd11c74e035f9646"},"headline":"Uma vida dedicada a Angola","datePublished":"2024-10-25T06:00:00+00:00","mainEntityOfPage":{"@id":"https:\/\/maismagazine.pt\/index.php\/2024\/10\/25\/uma-vida-dedicada-a-angola\/"},"wordCount":704,"publisher":{"@id":"https:\/\/maismagazine.pt\/#organization"},"image":{"@id":"https:\/\/maismagazine.pt\/index.php\/2024\/10\/25\/uma-vida-dedicada-a-angola\/#primaryimage"},"thumbnailUrl":"https:\/\/maismagazine.pt\/wp-content\/uploads\/2024\/10\/Coutinho-Duarte-Fundador-da-Aero-Atlantic-Service.jpg","keywords":["Aero Atl\u00e2ntic Service","Angola"],"articleSection":["Empreendedorismo"],"inLanguage":"pt-PT"},{"@type":"WebPage","@id":"https:\/\/maismagazine.pt\/index.php\/2024\/10\/25\/uma-vida-dedicada-a-angola\/","url":"https:\/\/maismagazine.pt\/index.php\/2024\/10\/25\/uma-vida-dedicada-a-angola\/","name":"Uma vida dedicada a Angola - Mais Magazine","isPartOf":{"@id":"https:\/\/maismagazine.pt\/#website"},"primaryImageOfPage":{"@id":"https:\/\/maismagazine.pt\/index.php\/2024\/10\/25\/uma-vida-dedicada-a-angola\/#primaryimage"},"image":{"@id":"https:\/\/maismagazine.pt\/index.php\/2024\/10\/25\/uma-vida-dedicada-a-angola\/#primaryimage"},"thumbnailUrl":"https:\/\/maismagazine.pt\/wp-content\/uploads\/2024\/10\/Coutinho-Duarte-Fundador-da-Aero-Atlantic-Service.jpg","datePublished":"2024-10-25T06:00:00+00:00","description":"A viver h\u00e1 quase 40 anos em Angola, Coutinho Duarte \u00e9 uma personalidade reconhecida n\u00e3o apenas pela sua dedica\u00e7\u00e3o e contribui\u00e7\u00e3o no desenvolvimento da comunidade angolana, como tamb\u00e9m pelo papel de lideran\u00e7a nas rela\u00e7\u00f5es comerciais entre Angola e Portugal. Foi em solo africano que fundou a sua pr\u00f3pria empresa, a Aero Atlantic Service (AAS), e n\u00e3o esconde o seu desejo de \u201ccontribuir para uma sociedade melhor do que aquela que encontrou\".","breadcrumb":{"@id":"https:\/\/maismagazine.pt\/index.php\/2024\/10\/25\/uma-vida-dedicada-a-angola\/#breadcrumb"},"inLanguage":"pt-PT","potentialAction":[{"@type":"ReadAction","target":["https:\/\/maismagazine.pt\/index.php\/2024\/10\/25\/uma-vida-dedicada-a-angola\/"]}]},{"@type":"ImageObject","inLanguage":"pt-PT","@id":"https:\/\/maismagazine.pt\/index.php\/2024\/10\/25\/uma-vida-dedicada-a-angola\/#primaryimage","url":"https:\/\/maismagazine.pt\/wp-content\/uploads\/2024\/10\/Coutinho-Duarte-Fundador-da-Aero-Atlantic-Service.jpg","contentUrl":"https:\/\/maismagazine.pt\/wp-content\/uploads\/2024\/10\/Coutinho-Duarte-Fundador-da-Aero-Atlantic-Service.jpg","width":413,"height":620},{"@type":"BreadcrumbList","@id":"https:\/\/maismagazine.pt\/index.php\/2024\/10\/25\/uma-vida-dedicada-a-angola\/#breadcrumb","itemListElement":[{"@type":"ListItem","position":1,"name":"Home","item":"https:\/\/maismagazine.pt\/"},{"@type":"ListItem","position":2,"name":"Uma vida dedicada a Angola"}]},{"@type":"WebSite","@id":"https:\/\/maismagazine.pt\/#website","url":"https:\/\/maismagazine.pt\/","name":"Mais Magazine","description":"","publisher":{"@id":"https:\/\/maismagazine.pt\/#organization"},"potentialAction":[{"@type":"SearchAction","target":{"@type":"EntryPoint","urlTemplate":"https:\/\/maismagazine.pt\/?s={search_term_string}"},"query-input":{"@type":"PropertyValueSpecification","valueRequired":true,"valueName":"search_term_string"}}],"inLanguage":"pt-PT"},{"@type":"Organization","@id":"https:\/\/maismagazine.pt\/#organization","name":"Mais Magazine","url":"https:\/\/maismagazine.pt\/","logo":{"@type":"ImageObject","inLanguage":"pt-PT","@id":"https:\/\/maismagazine.pt\/#\/schema\/logo\/image\/","url":"https:\/\/maismagazine.pt\/wp-content\/uploads\/2020\/04\/cropped-cropped-mais-magazine-site-logo-2.png","contentUrl":"https:\/\/maismagazine.pt\/wp-content\/uploads\/2020\/04\/cropped-cropped-mais-magazine-site-logo-2.png","width":581,"height":90,"caption":"Mais Magazine"},"image":{"@id":"https:\/\/maismagazine.pt\/#\/schema\/logo\/image\/"}},{"@type":"Person","@id":"https:\/\/maismagazine.pt\/#\/schema\/person\/c6c5bfccc886434cbd11c74e035f9646","name":"Tiago Costa","image":{"@type":"ImageObject","inLanguage":"pt-PT","@id":"https:\/\/maismagazine.pt\/#\/schema\/person\/image\/","url":"https:\/\/secure.gravatar.com\/avatar\/c599b2bce16c9870429198cbad5ee022?s=96&d=mm&r=g","contentUrl":"https:\/\/secure.gravatar.com\/avatar\/c599b2bce16c9870429198cbad5ee022?s=96&d=mm&r=g","caption":"Tiago Costa"},"url":"https:\/\/maismagazine.pt\/index.php\/author\/tiago\/"}]}},"author_meta":{"display_name":false,"author_link":"https:\/\/maismagazine.pt\/index.php\/author\/tiago\/"},"featured_img":"https:\/\/maismagazine.pt\/wp-content\/uploads\/2024\/10\/Coutinho-Duarte-Fundador-da-Aero-Atlantic-Service-200x300.jpg","coauthors":[],"tax_additional":{"categories":{"linked":["<a href=\"https:\/\/maismagazine.pt\/index.php\/category\/empreendedorismo\/\" class=\"advgb-post-tax-term\">Empreendedorismo<\/a>"],"unlinked":["<span class=\"advgb-post-tax-term\">Empreendedorismo<\/span>"]},"tags":{"linked":["<a href=\"https:\/\/maismagazine.pt\/index.php\/category\/empreendedorismo\/\" class=\"advgb-post-tax-term\">Aero Atl\u00e2ntic Service<\/a>","<a href=\"https:\/\/maismagazine.pt\/index.php\/category\/empreendedorismo\/\" class=\"advgb-post-tax-term\">Angola<\/a>"],"unlinked":["<span class=\"advgb-post-tax-term\">Aero Atl\u00e2ntic Service<\/span>","<span class=\"advgb-post-tax-term\">Angola<\/span>"]}},"comment_count":"0","relative_dates":{"created":"Posted 2 anos ago","modified":"Updated 2 anos ago"},"absolute_dates":{"created":"Posted on 25 de Outubro, 2024","modified":"Updated on 22 de Outubro, 2024"},"absolute_dates_time":{"created":"Posted on 25 de Outubro, 2024 7:00","modified":"Updated on 22 de Outubro, 2024 14:51"},"featured_img_caption":"","series_order":"","_links":{"self":[{"href":"https:\/\/maismagazine.pt\/index.php\/wp-json\/wp\/v2\/posts\/10583","targetHints":{"allow":["GET"]}}],"collection":[{"href":"https:\/\/maismagazine.pt\/index.php\/wp-json\/wp\/v2\/posts"}],"about":[{"href":"https:\/\/maismagazine.pt\/index.php\/wp-json\/wp\/v2\/types\/post"}],"author":[{"embeddable":true,"href":"https:\/\/maismagazine.pt\/index.php\/wp-json\/wp\/v2\/users\/17"}],"replies":[{"embeddable":true,"href":"https:\/\/maismagazine.pt\/index.php\/wp-json\/wp\/v2\/comments?post=10583"}],"version-history":[{"count":2,"href":"https:\/\/maismagazine.pt\/index.php\/wp-json\/wp\/v2\/posts\/10583\/revisions"}],"predecessor-version":[{"id":10591,"href":"https:\/\/maismagazine.pt\/index.php\/wp-json\/wp\/v2\/posts\/10583\/revisions\/10591"}],"wp:featuredmedia":[{"embeddable":true,"href":"https:\/\/maismagazine.pt\/index.php\/wp-json\/wp\/v2\/media\/10590"}],"wp:attachment":[{"href":"https:\/\/maismagazine.pt\/index.php\/wp-json\/wp\/v2\/media?parent=10583"}],"wp:term":[{"taxonomy":"category","embeddable":true,"href":"https:\/\/maismagazine.pt\/index.php\/wp-json\/wp\/v2\/categories?post=10583"},{"taxonomy":"post_tag","embeddable":true,"href":"https:\/\/maismagazine.pt\/index.php\/wp-json\/wp\/v2\/tags?post=10583"}],"curies":[{"name":"wp","href":"https:\/\/api.w.org\/{rel}","templated":true}]}}