{"id":10473,"date":"2024-10-03T13:03:48","date_gmt":"2024-10-03T12:03:48","guid":{"rendered":"https:\/\/maismagazine.pt\/?p=10473"},"modified":"2024-10-03T13:03:48","modified_gmt":"2024-10-03T12:03:48","slug":"winefest-condeixa-e-ja-este-sabado-vinhos-gastronomia-e-musica-por-boas-causas","status":"publish","type":"post","link":"https:\/\/maismagazine.pt\/index.php\/2024\/10\/03\/winefest-condeixa-e-ja-este-sabado-vinhos-gastronomia-e-musica-por-boas-causas\/","title":{"rendered":"WineFest Condeixa \u00e9\u00a0j\u00e1 este s\u00e1bado:\u00a0vinhos, gastronomia e m\u00fasica por boas causas\u00ad\u00ad\u00ad\u00ad\u00ad"},"content":{"rendered":"\n<p><strong>Est\u00e1 quase a chegar o Condeixa WineFest 2024, um evento que junta vinhos, gastronomia e m\u00fasica ao vivo no lind\u00edssimo jardim do Con\u00edmbriga Hotel do Pa\u00e7o, em Condeixa-a-Nova. No dia 5 de outubro, entre as 17h e as 22h, centenas de pessoas v\u00e3o reunir-se para desfrutar de 200 vinhos portugueses, del\u00edcias gastron\u00f3micas e um p\u00f4r-do-sol deslumbrante. Mais do que uma celebra\u00e7\u00e3o de sabores, o evento tem um prop\u00f3sito nobre: apoiar projetos sociais da Funda\u00e7\u00e3o ADFP.<\/strong><\/p>\n\n\n\n<p><\/p>\n\n\n\n<p>O WineFest Condeixa \u00e9 um evento de celebra\u00e7\u00e3o e partilha, em que todos os participantes s\u00e3o convidados a erguer o copo por uma causa maior. Organizado pela\u00a0Funda\u00e7\u00e3o ADFP, com o apoio do\u00a0Munic\u00edpio de Condeixa\u00a0e da\u00a0Revista Paix\u00e3o Pelo Vinho, o evento conta com a presen\u00e7a de produtores de renome e oferece a oportunidade \u00fanica de provar vinhos extraordin\u00e1rios, num ambiente descontra\u00eddo e inspirador, onde n\u00e3o vai faltar boa gastronomia, m\u00fasica ao vivo e anima\u00e7\u00e3o.<\/p>\n\n\n\n<p>Entre os\u00a0produtores confirmados, destacam-se nomes como Villela Seca (Tr\u00e1s-os-Montes), Quinta da Vineadouro (Douro), Caves Primavera (Bairrada) e Pingarelho Wines (Terras de Sic\u00f3), al\u00e9m de muitos outros. Tamb\u00e9m a Revista Paix\u00e3o Pelo Vinho trar\u00e1 vinhos in\u00e9ditos de v\u00e1rias regi\u00f5es do pa\u00eds.<\/p>\n\n\n\n<p><\/p>\n\n\n\n<p><strong>Provas comentadas e lan\u00e7amentos imperd\u00edveis<\/strong><\/p>\n\n\n\n<p>Para os entusiastas que querem aprender mais sobre o mundo dos vinhos, o evento contempla\u00a0provas comentadas gratuitas, com sess\u00f5es como: \u201cComo provar um vinho tinto\u201d (19h00); \u201cComo provar um vinho branco\u201d (19h45); \u201cOs principais defeitos do vinho\u201d (20h30). A programa\u00e7\u00e3o inclui tamb\u00e9m o lan\u00e7amento de novos vinhos pela Alinhavo Wines \u00e0s 18h00.<\/p>\n\n\n\n<p><\/p>\n\n\n\n<p><strong>Um lugar hist\u00f3rico que inspira<\/strong><\/p>\n\n\n\n<p>O Con\u00edmbriga Hotel do Pa\u00e7o, localizado em Condeixa-a-Nova, \u00e9 o cen\u00e1rio ideal para o evento. O hotel, um antigo pal\u00e1cio do s\u00e9culo XVI, oferece o ambiente perfeito para uma tarde inesquec\u00edvel, entre hist\u00f3ria, vinhos e gastronomia. Localizado perto das ru\u00ednas de Con\u00edmbriga e da cidade de Coimbra, o hotel \u00e9 um destino encantador no cora\u00e7\u00e3o de Portugal.<\/p>\n\n\n\n<p><\/p>\n\n\n\n<p><strong>Bilhetes com promo\u00e7\u00e3o para entradas duplas<\/strong><\/p>\n\n\n\n<p>Os bilhetes est\u00e3o \u00e0 venda na\u00a0<a href=\"https:\/\/ticketline.sapo.pt\/evento\/winefest-condeixa-24-87216\" target=\"_blank\" rel=\"noreferrer noopener\">Ticketline<\/a>, Fnac, Worten e na rece\u00e7\u00e3o do hotel. Cada bilhete custa\u00a015\u20ac por pessoa\u00a0ou\u00a025\u20ac por bilhete duplo, receita totalmente destinada a apoiar os projetos sociais da Funda\u00e7\u00e3o ADFP. O valor inclui a oferta do copo oficial para a prova de todos os vinhos dispon\u00edveis.<\/p>\n\n\n\n<p>Este s\u00e1bado, junte-se ao\u00a0WineFest Condeixa 2024\u00a0e participe nesta celebra\u00e7\u00e3o especial de vinhos, m\u00fasica e responsabilidade social. Traga os amigos e a fam\u00edlia para um final de tarde memor\u00e1vel, das\u00a017h \u00e0s 22h. As crian\u00e7as tamb\u00e9m s\u00e3o bem-vindas, j\u00e1 que contam com muito espa\u00e7o para correr e um parque para brincar.<\/p>\n\n\n\n<p><\/p>\n\n\n\n<p>Celebre a vida, desfrute de grandes vinhos e contribua para um mundo melhor.\u00a0WineFest Condeixa 2024: um evento para saborear e partilhar!<\/p>\n","protected":false},"excerpt":{"rendered":"<p>Est\u00e1 quase a chegar o Condeixa WineFest 2024, um evento que junta vinhos, gastronomia e m\u00fasica ao vivo no lind\u00edssimo jardim do Con\u00edmbriga Hotel do Pa\u00e7o, em Condeixa-a-Nova. No dia 5 de outubro, entre as 17h e as 22h, centenas de pessoas v\u00e3o reunir-se para desfrutar de 200 vinhos portugueses,&hellip;<\/p>\n","protected":false},"author":17,"featured_media":10474,"comment_status":"closed","ping_status":"open","sticky":false,"template":"","format":"standard","meta":{"advgb_blocks_editor_width":"","advgb_blocks_columns_visual_guide":"","_monsterinsights_skip_tracking":false,"_monsterinsights_sitenote_active":false,"_monsterinsights_sitenote_note":"","_monsterinsights_sitenote_category":0,"footnotes":""},"categories":[7],"tags":[2131],"class_list":["post-10473","post","type-post","status-publish","format-standard","has-post-thumbnail","hentry","category-noticias","tag-winefest-condeixa"],"yoast_head":"<!-- This site is optimized with the Yoast SEO plugin v24.4 - https:\/\/yoast.com\/wordpress\/plugins\/seo\/ -->\n<title>WineFest Condeixa \u00e9\u00a0j\u00e1 este s\u00e1bado:\u00a0vinhos, gastronomia e m\u00fasica por boas causas\u00ad\u00ad\u00ad\u00ad\u00ad - Mais Magazine<\/title>\n<meta name=\"description\" content=\"Est\u00e1 quase a chegar o Condeixa WineFest 2024, um evento que junta vinhos, gastronomia e m\u00fasica ao vivo no lind\u00edssimo jardim do Con\u00edmbriga Hotel do Pa\u00e7o, em Condeixa-a-Nova. No dia 5 de outubro, entre as 17h e as 22h, centenas de pessoas v\u00e3o reunir-se para desfrutar de 200 vinhos portugueses, del\u00edcias gastron\u00f3micas e um p\u00f4r-do-sol deslumbrante. Mais do que uma celebra\u00e7\u00e3o de sabores, o evento tem um prop\u00f3sito nobre: apoiar projetos sociais da Funda\u00e7\u00e3o ADFP.\" \/>\n<meta name=\"robots\" content=\"index, follow, max-snippet:-1, max-image-preview:large, max-video-preview:-1\" \/>\n<link rel=\"canonical\" href=\"http:\/\/maismagazine.pt\/index.php\/2024\/10\/03\/winefest-condeixa-e-ja-este-sabado-vinhos-gastronomia-e-musica-por-boas-causas\/\" \/>\n<meta property=\"og:locale\" content=\"pt_PT\" \/>\n<meta property=\"og:type\" content=\"article\" \/>\n<meta property=\"og:title\" content=\"WineFest Condeixa \u00e9\u00a0j\u00e1 este s\u00e1bado:\u00a0vinhos, gastronomia e m\u00fasica por boas causas\u00ad\u00ad\u00ad\u00ad\u00ad - Mais Magazine\" \/>\n<meta property=\"og:description\" content=\"Est\u00e1 quase a chegar o Condeixa WineFest 2024, um evento que junta vinhos, gastronomia e m\u00fasica ao vivo no lind\u00edssimo jardim do Con\u00edmbriga Hotel do Pa\u00e7o, em Condeixa-a-Nova. No dia 5 de outubro, entre as 17h e as 22h, centenas de pessoas v\u00e3o reunir-se para desfrutar de 200 vinhos portugueses, del\u00edcias gastron\u00f3micas e um p\u00f4r-do-sol deslumbrante. Mais do que uma celebra\u00e7\u00e3o de sabores, o evento tem um prop\u00f3sito nobre: apoiar projetos sociais da Funda\u00e7\u00e3o ADFP.\" \/>\n<meta property=\"og:url\" content=\"http:\/\/maismagazine.pt\/index.php\/2024\/10\/03\/winefest-condeixa-e-ja-este-sabado-vinhos-gastronomia-e-musica-por-boas-causas\/\" \/>\n<meta property=\"og:site_name\" content=\"Mais Magazine\" \/>\n<meta property=\"article:published_time\" content=\"2024-10-03T12:03:48+00:00\" \/>\n<meta property=\"og:image\" content=\"http:\/\/maismagazine.pt\/wp-content\/uploads\/2024\/10\/WINE-FEST-CONDEIXA-2024_CAPA.jpg\" \/>\n\t<meta property=\"og:image:width\" content=\"1574\" \/>\n\t<meta property=\"og:image:height\" content=\"1085\" \/>\n\t<meta property=\"og:image:type\" content=\"image\/jpeg\" \/>\n<meta name=\"author\" content=\"Tiago Costa\" \/>\n<meta name=\"twitter:card\" content=\"summary_large_image\" \/>\n<meta name=\"twitter:label1\" content=\"Escrito por\" \/>\n\t<meta name=\"twitter:data1\" content=\"\" \/>\n\t<meta name=\"twitter:label2\" content=\"Tempo estimado de leitura\" \/>\n\t<meta name=\"twitter:data2\" content=\"3 minutos\" \/>\n<script type=\"application\/ld+json\" class=\"yoast-schema-graph\">{\"@context\":\"https:\/\/schema.org\",\"@graph\":[{\"@type\":\"Article\",\"@id\":\"http:\/\/maismagazine.pt\/index.php\/2024\/10\/03\/winefest-condeixa-e-ja-este-sabado-vinhos-gastronomia-e-musica-por-boas-causas\/#article\",\"isPartOf\":{\"@id\":\"http:\/\/maismagazine.pt\/index.php\/2024\/10\/03\/winefest-condeixa-e-ja-este-sabado-vinhos-gastronomia-e-musica-por-boas-causas\/\"},\"author\":{\"name\":\"Tiago Costa\",\"@id\":\"https:\/\/maismagazine.pt\/#\/schema\/person\/c6c5bfccc886434cbd11c74e035f9646\"},\"headline\":\"WineFest Condeixa \u00e9\u00a0j\u00e1 este s\u00e1bado:\u00a0vinhos, gastronomia e m\u00fasica por boas causas\u00ad\u00ad\u00ad\u00ad\u00ad\",\"datePublished\":\"2024-10-03T12:03:48+00:00\",\"mainEntityOfPage\":{\"@id\":\"http:\/\/maismagazine.pt\/index.php\/2024\/10\/03\/winefest-condeixa-e-ja-este-sabado-vinhos-gastronomia-e-musica-por-boas-causas\/\"},\"wordCount\":509,\"publisher\":{\"@id\":\"https:\/\/maismagazine.pt\/#organization\"},\"image\":{\"@id\":\"http:\/\/maismagazine.pt\/index.php\/2024\/10\/03\/winefest-condeixa-e-ja-este-sabado-vinhos-gastronomia-e-musica-por-boas-causas\/#primaryimage\"},\"thumbnailUrl\":\"https:\/\/maismagazine.pt\/wp-content\/uploads\/2024\/10\/WINE-FEST-CONDEIXA-2024_CAPA.jpg\",\"keywords\":[\"WineFest Condeixa\"],\"articleSection\":[\"Not\u00edcias\"],\"inLanguage\":\"pt-PT\"},{\"@type\":\"WebPage\",\"@id\":\"http:\/\/maismagazine.pt\/index.php\/2024\/10\/03\/winefest-condeixa-e-ja-este-sabado-vinhos-gastronomia-e-musica-por-boas-causas\/\",\"url\":\"http:\/\/maismagazine.pt\/index.php\/2024\/10\/03\/winefest-condeixa-e-ja-este-sabado-vinhos-gastronomia-e-musica-por-boas-causas\/\",\"name\":\"WineFest Condeixa \u00e9\u00a0j\u00e1 este s\u00e1bado:\u00a0vinhos, gastronomia e m\u00fasica por boas causas\u00ad\u00ad\u00ad\u00ad\u00ad - Mais Magazine\",\"isPartOf\":{\"@id\":\"https:\/\/maismagazine.pt\/#website\"},\"primaryImageOfPage\":{\"@id\":\"http:\/\/maismagazine.pt\/index.php\/2024\/10\/03\/winefest-condeixa-e-ja-este-sabado-vinhos-gastronomia-e-musica-por-boas-causas\/#primaryimage\"},\"image\":{\"@id\":\"http:\/\/maismagazine.pt\/index.php\/2024\/10\/03\/winefest-condeixa-e-ja-este-sabado-vinhos-gastronomia-e-musica-por-boas-causas\/#primaryimage\"},\"thumbnailUrl\":\"https:\/\/maismagazine.pt\/wp-content\/uploads\/2024\/10\/WINE-FEST-CONDEIXA-2024_CAPA.jpg\",\"datePublished\":\"2024-10-03T12:03:48+00:00\",\"description\":\"Est\u00e1 quase a chegar o Condeixa WineFest 2024, um evento que junta vinhos, gastronomia e m\u00fasica ao vivo no lind\u00edssimo jardim do Con\u00edmbriga Hotel do Pa\u00e7o, em Condeixa-a-Nova. No dia 5 de outubro, entre as 17h e as 22h, centenas de pessoas v\u00e3o reunir-se para desfrutar de 200 vinhos portugueses, del\u00edcias gastron\u00f3micas e um p\u00f4r-do-sol deslumbrante. Mais do que uma celebra\u00e7\u00e3o de sabores, o evento tem um prop\u00f3sito nobre: apoiar projetos sociais da Funda\u00e7\u00e3o ADFP.\",\"breadcrumb\":{\"@id\":\"http:\/\/maismagazine.pt\/index.php\/2024\/10\/03\/winefest-condeixa-e-ja-este-sabado-vinhos-gastronomia-e-musica-por-boas-causas\/#breadcrumb\"},\"inLanguage\":\"pt-PT\",\"potentialAction\":[{\"@type\":\"ReadAction\",\"target\":[\"http:\/\/maismagazine.pt\/index.php\/2024\/10\/03\/winefest-condeixa-e-ja-este-sabado-vinhos-gastronomia-e-musica-por-boas-causas\/\"]}]},{\"@type\":\"ImageObject\",\"inLanguage\":\"pt-PT\",\"@id\":\"http:\/\/maismagazine.pt\/index.php\/2024\/10\/03\/winefest-condeixa-e-ja-este-sabado-vinhos-gastronomia-e-musica-por-boas-causas\/#primaryimage\",\"url\":\"https:\/\/maismagazine.pt\/wp-content\/uploads\/2024\/10\/WINE-FEST-CONDEIXA-2024_CAPA.jpg\",\"contentUrl\":\"https:\/\/maismagazine.pt\/wp-content\/uploads\/2024\/10\/WINE-FEST-CONDEIXA-2024_CAPA.jpg\",\"width\":1574,\"height\":1085},{\"@type\":\"BreadcrumbList\",\"@id\":\"http:\/\/maismagazine.pt\/index.php\/2024\/10\/03\/winefest-condeixa-e-ja-este-sabado-vinhos-gastronomia-e-musica-por-boas-causas\/#breadcrumb\",\"itemListElement\":[{\"@type\":\"ListItem\",\"position\":1,\"name\":\"Home\",\"item\":\"https:\/\/maismagazine.pt\/\"},{\"@type\":\"ListItem\",\"position\":2,\"name\":\"WineFest Condeixa \u00e9\u00a0j\u00e1 este s\u00e1bado:\u00a0vinhos, gastronomia e m\u00fasica por boas causas\u00ad\u00ad\u00ad\u00ad\u00ad\"}]},{\"@type\":\"WebSite\",\"@id\":\"https:\/\/maismagazine.pt\/#website\",\"url\":\"https:\/\/maismagazine.pt\/\",\"name\":\"Mais Magazine\",\"description\":\"\",\"publisher\":{\"@id\":\"https:\/\/maismagazine.pt\/#organization\"},\"potentialAction\":[{\"@type\":\"SearchAction\",\"target\":{\"@type\":\"EntryPoint\",\"urlTemplate\":\"https:\/\/maismagazine.pt\/?s={search_term_string}\"},\"query-input\":{\"@type\":\"PropertyValueSpecification\",\"valueRequired\":true,\"valueName\":\"search_term_string\"}}],\"inLanguage\":\"pt-PT\"},{\"@type\":\"Organization\",\"@id\":\"https:\/\/maismagazine.pt\/#organization\",\"name\":\"Mais Magazine\",\"url\":\"https:\/\/maismagazine.pt\/\",\"logo\":{\"@type\":\"ImageObject\",\"inLanguage\":\"pt-PT\",\"@id\":\"https:\/\/maismagazine.pt\/#\/schema\/logo\/image\/\",\"url\":\"https:\/\/maismagazine.pt\/wp-content\/uploads\/2020\/04\/cropped-cropped-mais-magazine-site-logo-2.png\",\"contentUrl\":\"https:\/\/maismagazine.pt\/wp-content\/uploads\/2020\/04\/cropped-cropped-mais-magazine-site-logo-2.png\",\"width\":581,\"height\":90,\"caption\":\"Mais Magazine\"},\"image\":{\"@id\":\"https:\/\/maismagazine.pt\/#\/schema\/logo\/image\/\"}},{\"@type\":\"Person\",\"@id\":\"https:\/\/maismagazine.pt\/#\/schema\/person\/c6c5bfccc886434cbd11c74e035f9646\",\"name\":\"Tiago Costa\",\"image\":{\"@type\":\"ImageObject\",\"inLanguage\":\"pt-PT\",\"@id\":\"https:\/\/maismagazine.pt\/#\/schema\/person\/image\/\",\"url\":\"https:\/\/secure.gravatar.com\/avatar\/c599b2bce16c9870429198cbad5ee022?s=96&d=mm&r=g\",\"contentUrl\":\"https:\/\/secure.gravatar.com\/avatar\/c599b2bce16c9870429198cbad5ee022?s=96&d=mm&r=g\",\"caption\":\"Tiago Costa\"},\"url\":\"https:\/\/maismagazine.pt\/index.php\/author\/tiago\/\"}]}<\/script>\n<!-- \/ Yoast SEO plugin. -->","yoast_head_json":{"title":"WineFest Condeixa \u00e9\u00a0j\u00e1 este s\u00e1bado:\u00a0vinhos, gastronomia e m\u00fasica por boas causas\u00ad\u00ad\u00ad\u00ad\u00ad - Mais Magazine","description":"Est\u00e1 quase a chegar o Condeixa WineFest 2024, um evento que junta vinhos, gastronomia e m\u00fasica ao vivo no lind\u00edssimo jardim do Con\u00edmbriga Hotel do Pa\u00e7o, em Condeixa-a-Nova. No dia 5 de outubro, entre as 17h e as 22h, centenas de pessoas v\u00e3o reunir-se para desfrutar de 200 vinhos portugueses, del\u00edcias gastron\u00f3micas e um p\u00f4r-do-sol deslumbrante. Mais do que uma celebra\u00e7\u00e3o de sabores, o evento tem um prop\u00f3sito nobre: apoiar projetos sociais da Funda\u00e7\u00e3o ADFP.","robots":{"index":"index","follow":"follow","max-snippet":"max-snippet:-1","max-image-preview":"max-image-preview:large","max-video-preview":"max-video-preview:-1"},"canonical":"http:\/\/maismagazine.pt\/index.php\/2024\/10\/03\/winefest-condeixa-e-ja-este-sabado-vinhos-gastronomia-e-musica-por-boas-causas\/","og_locale":"pt_PT","og_type":"article","og_title":"WineFest Condeixa \u00e9\u00a0j\u00e1 este s\u00e1bado:\u00a0vinhos, gastronomia e m\u00fasica por boas causas\u00ad\u00ad\u00ad\u00ad\u00ad - Mais Magazine","og_description":"Est\u00e1 quase a chegar o Condeixa WineFest 2024, um evento que junta vinhos, gastronomia e m\u00fasica ao vivo no lind\u00edssimo jardim do Con\u00edmbriga Hotel do Pa\u00e7o, em Condeixa-a-Nova. No dia 5 de outubro, entre as 17h e as 22h, centenas de pessoas v\u00e3o reunir-se para desfrutar de 200 vinhos portugueses, del\u00edcias gastron\u00f3micas e um p\u00f4r-do-sol deslumbrante. Mais do que uma celebra\u00e7\u00e3o de sabores, o evento tem um prop\u00f3sito nobre: apoiar projetos sociais da Funda\u00e7\u00e3o ADFP.","og_url":"http:\/\/maismagazine.pt\/index.php\/2024\/10\/03\/winefest-condeixa-e-ja-este-sabado-vinhos-gastronomia-e-musica-por-boas-causas\/","og_site_name":"Mais Magazine","article_published_time":"2024-10-03T12:03:48+00:00","og_image":[{"width":1574,"height":1085,"url":"http:\/\/maismagazine.pt\/wp-content\/uploads\/2024\/10\/WINE-FEST-CONDEIXA-2024_CAPA.jpg","type":"image\/jpeg"}],"author":"Tiago Costa","twitter_card":"summary_large_image","twitter_misc":{"Escrito por":false,"Tempo estimado de leitura":"3 minutos"},"schema":{"@context":"https:\/\/schema.org","@graph":[{"@type":"Article","@id":"http:\/\/maismagazine.pt\/index.php\/2024\/10\/03\/winefest-condeixa-e-ja-este-sabado-vinhos-gastronomia-e-musica-por-boas-causas\/#article","isPartOf":{"@id":"http:\/\/maismagazine.pt\/index.php\/2024\/10\/03\/winefest-condeixa-e-ja-este-sabado-vinhos-gastronomia-e-musica-por-boas-causas\/"},"author":{"name":"Tiago Costa","@id":"https:\/\/maismagazine.pt\/#\/schema\/person\/c6c5bfccc886434cbd11c74e035f9646"},"headline":"WineFest Condeixa \u00e9\u00a0j\u00e1 este s\u00e1bado:\u00a0vinhos, gastronomia e m\u00fasica por boas causas\u00ad\u00ad\u00ad\u00ad\u00ad","datePublished":"2024-10-03T12:03:48+00:00","mainEntityOfPage":{"@id":"http:\/\/maismagazine.pt\/index.php\/2024\/10\/03\/winefest-condeixa-e-ja-este-sabado-vinhos-gastronomia-e-musica-por-boas-causas\/"},"wordCount":509,"publisher":{"@id":"https:\/\/maismagazine.pt\/#organization"},"image":{"@id":"http:\/\/maismagazine.pt\/index.php\/2024\/10\/03\/winefest-condeixa-e-ja-este-sabado-vinhos-gastronomia-e-musica-por-boas-causas\/#primaryimage"},"thumbnailUrl":"https:\/\/maismagazine.pt\/wp-content\/uploads\/2024\/10\/WINE-FEST-CONDEIXA-2024_CAPA.jpg","keywords":["WineFest Condeixa"],"articleSection":["Not\u00edcias"],"inLanguage":"pt-PT"},{"@type":"WebPage","@id":"http:\/\/maismagazine.pt\/index.php\/2024\/10\/03\/winefest-condeixa-e-ja-este-sabado-vinhos-gastronomia-e-musica-por-boas-causas\/","url":"http:\/\/maismagazine.pt\/index.php\/2024\/10\/03\/winefest-condeixa-e-ja-este-sabado-vinhos-gastronomia-e-musica-por-boas-causas\/","name":"WineFest Condeixa \u00e9\u00a0j\u00e1 este s\u00e1bado:\u00a0vinhos, gastronomia e m\u00fasica por boas causas\u00ad\u00ad\u00ad\u00ad\u00ad - Mais Magazine","isPartOf":{"@id":"https:\/\/maismagazine.pt\/#website"},"primaryImageOfPage":{"@id":"http:\/\/maismagazine.pt\/index.php\/2024\/10\/03\/winefest-condeixa-e-ja-este-sabado-vinhos-gastronomia-e-musica-por-boas-causas\/#primaryimage"},"image":{"@id":"http:\/\/maismagazine.pt\/index.php\/2024\/10\/03\/winefest-condeixa-e-ja-este-sabado-vinhos-gastronomia-e-musica-por-boas-causas\/#primaryimage"},"thumbnailUrl":"https:\/\/maismagazine.pt\/wp-content\/uploads\/2024\/10\/WINE-FEST-CONDEIXA-2024_CAPA.jpg","datePublished":"2024-10-03T12:03:48+00:00","description":"Est\u00e1 quase a chegar o Condeixa WineFest 2024, um evento que junta vinhos, gastronomia e m\u00fasica ao vivo no lind\u00edssimo jardim do Con\u00edmbriga Hotel do Pa\u00e7o, em Condeixa-a-Nova. No dia 5 de outubro, entre as 17h e as 22h, centenas de pessoas v\u00e3o reunir-se para desfrutar de 200 vinhos portugueses, del\u00edcias gastron\u00f3micas e um p\u00f4r-do-sol deslumbrante. Mais do que uma celebra\u00e7\u00e3o de sabores, o evento tem um prop\u00f3sito nobre: apoiar projetos sociais da Funda\u00e7\u00e3o ADFP.","breadcrumb":{"@id":"http:\/\/maismagazine.pt\/index.php\/2024\/10\/03\/winefest-condeixa-e-ja-este-sabado-vinhos-gastronomia-e-musica-por-boas-causas\/#breadcrumb"},"inLanguage":"pt-PT","potentialAction":[{"@type":"ReadAction","target":["http:\/\/maismagazine.pt\/index.php\/2024\/10\/03\/winefest-condeixa-e-ja-este-sabado-vinhos-gastronomia-e-musica-por-boas-causas\/"]}]},{"@type":"ImageObject","inLanguage":"pt-PT","@id":"http:\/\/maismagazine.pt\/index.php\/2024\/10\/03\/winefest-condeixa-e-ja-este-sabado-vinhos-gastronomia-e-musica-por-boas-causas\/#primaryimage","url":"https:\/\/maismagazine.pt\/wp-content\/uploads\/2024\/10\/WINE-FEST-CONDEIXA-2024_CAPA.jpg","contentUrl":"https:\/\/maismagazine.pt\/wp-content\/uploads\/2024\/10\/WINE-FEST-CONDEIXA-2024_CAPA.jpg","width":1574,"height":1085},{"@type":"BreadcrumbList","@id":"http:\/\/maismagazine.pt\/index.php\/2024\/10\/03\/winefest-condeixa-e-ja-este-sabado-vinhos-gastronomia-e-musica-por-boas-causas\/#breadcrumb","itemListElement":[{"@type":"ListItem","position":1,"name":"Home","item":"https:\/\/maismagazine.pt\/"},{"@type":"ListItem","position":2,"name":"WineFest Condeixa \u00e9\u00a0j\u00e1 este s\u00e1bado:\u00a0vinhos, gastronomia e m\u00fasica por boas causas\u00ad\u00ad\u00ad\u00ad\u00ad"}]},{"@type":"WebSite","@id":"https:\/\/maismagazine.pt\/#website","url":"https:\/\/maismagazine.pt\/","name":"Mais Magazine","description":"","publisher":{"@id":"https:\/\/maismagazine.pt\/#organization"},"potentialAction":[{"@type":"SearchAction","target":{"@type":"EntryPoint","urlTemplate":"https:\/\/maismagazine.pt\/?s={search_term_string}"},"query-input":{"@type":"PropertyValueSpecification","valueRequired":true,"valueName":"search_term_string"}}],"inLanguage":"pt-PT"},{"@type":"Organization","@id":"https:\/\/maismagazine.pt\/#organization","name":"Mais Magazine","url":"https:\/\/maismagazine.pt\/","logo":{"@type":"ImageObject","inLanguage":"pt-PT","@id":"https:\/\/maismagazine.pt\/#\/schema\/logo\/image\/","url":"https:\/\/maismagazine.pt\/wp-content\/uploads\/2020\/04\/cropped-cropped-mais-magazine-site-logo-2.png","contentUrl":"https:\/\/maismagazine.pt\/wp-content\/uploads\/2020\/04\/cropped-cropped-mais-magazine-site-logo-2.png","width":581,"height":90,"caption":"Mais Magazine"},"image":{"@id":"https:\/\/maismagazine.pt\/#\/schema\/logo\/image\/"}},{"@type":"Person","@id":"https:\/\/maismagazine.pt\/#\/schema\/person\/c6c5bfccc886434cbd11c74e035f9646","name":"Tiago Costa","image":{"@type":"ImageObject","inLanguage":"pt-PT","@id":"https:\/\/maismagazine.pt\/#\/schema\/person\/image\/","url":"https:\/\/secure.gravatar.com\/avatar\/c599b2bce16c9870429198cbad5ee022?s=96&d=mm&r=g","contentUrl":"https:\/\/secure.gravatar.com\/avatar\/c599b2bce16c9870429198cbad5ee022?s=96&d=mm&r=g","caption":"Tiago Costa"},"url":"https:\/\/maismagazine.pt\/index.php\/author\/tiago\/"}]}},"author_meta":{"display_name":false,"author_link":"https:\/\/maismagazine.pt\/index.php\/author\/tiago\/"},"featured_img":"https:\/\/maismagazine.pt\/wp-content\/uploads\/2024\/10\/WINE-FEST-CONDEIXA-2024_CAPA-300x207.jpg","coauthors":[],"tax_additional":{"categories":{"linked":["<a href=\"https:\/\/maismagazine.pt\/index.php\/category\/noticias\/\" class=\"advgb-post-tax-term\">Not\u00edcias<\/a>"],"unlinked":["<span class=\"advgb-post-tax-term\">Not\u00edcias<\/span>"]},"tags":{"linked":["<a href=\"https:\/\/maismagazine.pt\/index.php\/category\/noticias\/\" class=\"advgb-post-tax-term\">WineFest Condeixa<\/a>"],"unlinked":["<span class=\"advgb-post-tax-term\">WineFest Condeixa<\/span>"]}},"comment_count":"0","relative_dates":{"created":"Posted 2 anos ago","modified":"Updated 2 anos ago"},"absolute_dates":{"created":"Posted on 3 de Outubro, 2024","modified":"Updated on 3 de Outubro, 2024"},"absolute_dates_time":{"created":"Posted on 3 de Outubro, 2024 13:03","modified":"Updated on 3 de Outubro, 2024 13:03"},"featured_img_caption":"","series_order":"","_links":{"self":[{"href":"https:\/\/maismagazine.pt\/index.php\/wp-json\/wp\/v2\/posts\/10473","targetHints":{"allow":["GET"]}}],"collection":[{"href":"https:\/\/maismagazine.pt\/index.php\/wp-json\/wp\/v2\/posts"}],"about":[{"href":"https:\/\/maismagazine.pt\/index.php\/wp-json\/wp\/v2\/types\/post"}],"author":[{"embeddable":true,"href":"https:\/\/maismagazine.pt\/index.php\/wp-json\/wp\/v2\/users\/17"}],"replies":[{"embeddable":true,"href":"https:\/\/maismagazine.pt\/index.php\/wp-json\/wp\/v2\/comments?post=10473"}],"version-history":[{"count":1,"href":"https:\/\/maismagazine.pt\/index.php\/wp-json\/wp\/v2\/posts\/10473\/revisions"}],"predecessor-version":[{"id":10475,"href":"https:\/\/maismagazine.pt\/index.php\/wp-json\/wp\/v2\/posts\/10473\/revisions\/10475"}],"wp:featuredmedia":[{"embeddable":true,"href":"https:\/\/maismagazine.pt\/index.php\/wp-json\/wp\/v2\/media\/10474"}],"wp:attachment":[{"href":"https:\/\/maismagazine.pt\/index.php\/wp-json\/wp\/v2\/media?parent=10473"}],"wp:term":[{"taxonomy":"category","embeddable":true,"href":"https:\/\/maismagazine.pt\/index.php\/wp-json\/wp\/v2\/categories?post=10473"},{"taxonomy":"post_tag","embeddable":true,"href":"https:\/\/maismagazine.pt\/index.php\/wp-json\/wp\/v2\/tags?post=10473"}],"curies":[{"name":"wp","href":"https:\/\/api.w.org\/{rel}","templated":true}]}}