{"id":10447,"date":"2024-09-20T07:00:00","date_gmt":"2024-09-20T06:00:00","guid":{"rendered":"https:\/\/maismagazine.pt\/?p=10447"},"modified":"2024-09-16T16:13:31","modified_gmt":"2024-09-16T15:13:31","slug":"acores-9-ilhas-a-experiencia-de-uma-vida-2","status":"publish","type":"post","link":"https:\/\/maismagazine.pt\/index.php\/2024\/09\/20\/acores-9-ilhas-a-experiencia-de-uma-vida-2\/","title":{"rendered":"\u201cA\u00e7ores: 9 ilhas, a experi\u00eancia de uma vida\u201d"},"content":{"rendered":"\n<p><strong>Este \u00e9 o statement que define o nosso posicionamento enquanto destino tur\u00edstico no novo PEMTA \u2013 Plano Estrat\u00e9gico e de Marketing para o Turismo dos A\u00e7ores 2023-2030, que acab\u00e1mos de concluir. A Regi\u00e3o \u00e9 reconhecida pela natureza deslumbrante e oportunidades para aventuras memor\u00e1veis, mas h\u00e1 muitos outros motivos para visitar as nossas ilhas. De facto, a evolu\u00e7\u00e3o recente do turismo nos A\u00e7ores tornou o arquip\u00e9lago num destino de excel\u00eancia para onde \u00e9 atrativo, prazeroso, seguro e estimulante viajar durante todo o ano. <\/strong><\/p>\n\n\n\n<p><\/p>\n\n\n\n<p>Os A\u00e7ores s\u00e3o 9 ilhas, 9 experi\u00eancias, 9 viagens dentro de um s\u00f3 destino. Todas elas s\u00e3o t\u00e3o diferentes nas suas manifesta\u00e7\u00f5es naturais, como nas suas gentes e tradi\u00e7\u00f5es. Quem j\u00e1 vivenciou a realidade destas ilhas sabe que em cada uma delas encontra sempre novas experi\u00eancias, emo\u00e7\u00f5es e sensa\u00e7\u00f5es, na cultura, na natureza, nas pessoas, no mar, na gastronomia, e sempre num ambiente acolhedor e tranquilo. Da ilha mais pequena \u2013 Corvo \u2013 \u00e0 ilha maior \u2013 S\u00e3o Miguel \u2013 ou da mais a nascente \u2013 Santa Maria \u2013 \u00e0 mais a poente \u2013 Flores \u2013 s\u00e3o in\u00fameros os segredos por desvendar e as surpresas a descobrir. Cada qual \u00e0 sua dimens\u00e3o e adaptada ao seu contexto, com fen\u00f3menos naturais sui generis e um legado hist\u00f3rico-cultural riqu\u00edssimo com mais de 500 anos de hist\u00f3ria, as nove ilhas dos A\u00e7ores, per si ou parcelarmente, oferecem uma experi\u00eancia de viagem invulgar, regeneradora e, certamente, inesquec\u00edvel. <\/p>\n\n\n\n<p><\/p>\n\n\n\n<p>O Turismo de Natureza, com cen\u00e1rios id\u00edlicos e prop\u00edcios \u00e0 aventura, tem sido o grande fator de valoriza\u00e7\u00e3o da experi\u00eancia e de estrutura\u00e7\u00e3o da oferta. Foi a partir da\u00ed que a proposta de valor assente na sustentabilidade ganhou impulso, levando a que os A\u00e7ores fossem a primeira regi\u00e3o arquipel\u00e1gica do mundo a ser certificada como \u00abDestino Sustent\u00e1vel\u00bb, de acordo com os crit\u00e9rios do Global Sustainable Tourism Council. Reconhecendo o potencial e o m\u00e9rito destas val\u00eancias, a redesenhada estrat\u00e9gica de desenvolvimento tur\u00edstico da Regi\u00e3o mant\u00e9m-nas como pilares fundamentais, aglutinando no Turismo de Natureza a experi\u00eancia de mar e de terra, mas tamb\u00e9m criando espa\u00e7o para produtos complementares, como o Turismo Cultural, a Gastronomia &amp; Vinhos e o Wellbeing. <\/p>\n\n\n\n<p><\/p>\n\n\n\n<p>\u00c9 na riqueza e na versatilidade destes produtos que se identifica nos A\u00e7ores o potencial para receber visitantes durante todo o ano, oferecendo experi\u00eancias diferenciadas, que flutuam com as esta\u00e7\u00f5es, mas que n\u00e3o perdem o seu n\u00edvel de excel\u00eancia. Nas 9 ilhas, o clima ameno \u00e9, hoje, uma das maiores vantagens competitivas, porque contribuiu diretamente para a natureza deslumbrante, mas tamb\u00e9m porque oferece condi\u00e7\u00f5es \u00fanicas ao longo do ano para experi\u00eancias memor\u00e1veis, como aventuras em mar e em terra, banhos quentes em noites chuvosas em piscinas naturais de \u00e1gua termal ou, simplesmente, os condimentos e os ingredientes necess\u00e1rios a experi\u00eancias gastron\u00f3micas deliciosas.<\/p>\n\n\n\n<p><\/p>\n\n\n\n<p>Os A\u00e7ores deram um salto e s\u00e3o hoje um destino de refer\u00eancia e de excel\u00eancia, em todas as ilhas, todo o ano. <\/p>\n\n\n\n<p><\/p>\n\n\n\n<p><em>Berta Cabral, Secret\u00e1ria Regional do Turismo, Mobilidade e Infraestruturas do Governo Regional dos A\u00e7ores<\/em><\/p>\n\n\n\n<p><\/p>\n\n\n\n<p><\/p>\n\n\n\n<p><canvas width=\"1245\" height=\"1755\"><\/canvas><\/p>\n","protected":false},"excerpt":{"rendered":"<p>Este \u00e9 o statement que define o nosso posicionamento enquanto destino tur\u00edstico no novo PEMTA \u2013 Plano Estrat\u00e9gico e de Marketing para o Turismo dos A\u00e7ores 2023-2030, que acab\u00e1mos de concluir. A Regi\u00e3o \u00e9 reconhecida pela natureza deslumbrante e oportunidades para aventuras memor\u00e1veis, mas h\u00e1 muitos outros motivos para visitar&hellip;<\/p>\n","protected":false},"author":18,"featured_media":10450,"comment_status":"closed","ping_status":"open","sticky":false,"template":"","format":"standard","meta":{"advgb_blocks_editor_width":"","advgb_blocks_columns_visual_guide":"","_monsterinsights_skip_tracking":false,"_monsterinsights_sitenote_active":false,"_monsterinsights_sitenote_note":"","_monsterinsights_sitenote_category":0,"footnotes":""},"categories":[52,51],"tags":[281,2129,2128],"class_list":["post-10447","post","type-post","status-publish","format-standard","has-post-thumbnail","hentry","category-destaque","category-opiniao","tag-acores","tag-mobilidade-e-infraestruturas-do-governo-regional-dos-acores","tag-secretaria-regional-do-turismo"],"yoast_head":"<!-- This site is optimized with the Yoast SEO plugin v24.4 - https:\/\/yoast.com\/wordpress\/plugins\/seo\/ -->\n<title>\u201cA\u00e7ores: 9 ilhas, a experi\u00eancia de uma vida\u201d - Mais Magazine<\/title>\n<meta name=\"robots\" content=\"index, follow, max-snippet:-1, max-image-preview:large, max-video-preview:-1\" \/>\n<link rel=\"canonical\" href=\"https:\/\/maismagazine.pt\/index.php\/2024\/09\/20\/acores-9-ilhas-a-experiencia-de-uma-vida-2\/\" \/>\n<meta property=\"og:locale\" content=\"pt_PT\" \/>\n<meta property=\"og:type\" content=\"article\" \/>\n<meta property=\"og:title\" content=\"\u201cA\u00e7ores: 9 ilhas, a experi\u00eancia de uma vida\u201d - Mais Magazine\" \/>\n<meta property=\"og:description\" content=\"Este \u00e9 o statement que define o nosso posicionamento enquanto destino tur\u00edstico no novo PEMTA \u2013 Plano Estrat\u00e9gico e de Marketing para o Turismo dos A\u00e7ores 2023-2030, que acab\u00e1mos de concluir. A Regi\u00e3o \u00e9 reconhecida pela natureza deslumbrante e oportunidades para aventuras memor\u00e1veis, mas h\u00e1 muitos outros motivos para visitar&hellip;\" \/>\n<meta property=\"og:url\" content=\"https:\/\/maismagazine.pt\/index.php\/2024\/09\/20\/acores-9-ilhas-a-experiencia-de-uma-vida-2\/\" \/>\n<meta property=\"og:site_name\" content=\"Mais Magazine\" \/>\n<meta property=\"article:published_time\" content=\"2024-09-20T06:00:00+00:00\" \/>\n<meta property=\"og:image\" content=\"https:\/\/maismagazine.pt\/wp-content\/uploads\/2024\/09\/22.2530.jpg\" \/>\n\t<meta property=\"og:image:width\" content=\"1920\" \/>\n\t<meta property=\"og:image:height\" content=\"1080\" \/>\n\t<meta property=\"og:image:type\" content=\"image\/jpeg\" \/>\n<meta name=\"author\" content=\"Tatiana Martins\" \/>\n<meta name=\"twitter:card\" content=\"summary_large_image\" \/>\n<meta name=\"twitter:label1\" content=\"Escrito por\" \/>\n\t<meta name=\"twitter:data1\" content=\"\" \/>\n\t<meta name=\"twitter:label2\" content=\"Tempo estimado de leitura\" \/>\n\t<meta name=\"twitter:data2\" content=\"3 minutos\" \/>\n<script type=\"application\/ld+json\" class=\"yoast-schema-graph\">{\"@context\":\"https:\/\/schema.org\",\"@graph\":[{\"@type\":\"Article\",\"@id\":\"https:\/\/maismagazine.pt\/index.php\/2024\/09\/20\/acores-9-ilhas-a-experiencia-de-uma-vida-2\/#article\",\"isPartOf\":{\"@id\":\"https:\/\/maismagazine.pt\/index.php\/2024\/09\/20\/acores-9-ilhas-a-experiencia-de-uma-vida-2\/\"},\"author\":{\"name\":\"Tatiana Martins\",\"@id\":\"https:\/\/maismagazine.pt\/#\/schema\/person\/7426e2caeb8df32a1b56aa48dae778c9\"},\"headline\":\"\u201cA\u00e7ores: 9 ilhas, a experi\u00eancia de uma vida\u201d\",\"datePublished\":\"2024-09-20T06:00:00+00:00\",\"mainEntityOfPage\":{\"@id\":\"https:\/\/maismagazine.pt\/index.php\/2024\/09\/20\/acores-9-ilhas-a-experiencia-de-uma-vida-2\/\"},\"wordCount\":546,\"publisher\":{\"@id\":\"https:\/\/maismagazine.pt\/#organization\"},\"image\":{\"@id\":\"https:\/\/maismagazine.pt\/index.php\/2024\/09\/20\/acores-9-ilhas-a-experiencia-de-uma-vida-2\/#primaryimage\"},\"thumbnailUrl\":\"https:\/\/maismagazine.pt\/wp-content\/uploads\/2024\/09\/22.2530.jpg\",\"keywords\":[\"a\u00e7ores\",\"Mobilidade e Infraestruturas do Governo Regional dos A\u00e7ores\",\"Secret\u00e1ria Regional do Turismo\"],\"articleSection\":[\"Destaque lateral\",\"Opini\u00e3o\"],\"inLanguage\":\"pt-PT\"},{\"@type\":\"WebPage\",\"@id\":\"https:\/\/maismagazine.pt\/index.php\/2024\/09\/20\/acores-9-ilhas-a-experiencia-de-uma-vida-2\/\",\"url\":\"https:\/\/maismagazine.pt\/index.php\/2024\/09\/20\/acores-9-ilhas-a-experiencia-de-uma-vida-2\/\",\"name\":\"\u201cA\u00e7ores: 9 ilhas, a experi\u00eancia de uma vida\u201d - Mais Magazine\",\"isPartOf\":{\"@id\":\"https:\/\/maismagazine.pt\/#website\"},\"primaryImageOfPage\":{\"@id\":\"https:\/\/maismagazine.pt\/index.php\/2024\/09\/20\/acores-9-ilhas-a-experiencia-de-uma-vida-2\/#primaryimage\"},\"image\":{\"@id\":\"https:\/\/maismagazine.pt\/index.php\/2024\/09\/20\/acores-9-ilhas-a-experiencia-de-uma-vida-2\/#primaryimage\"},\"thumbnailUrl\":\"https:\/\/maismagazine.pt\/wp-content\/uploads\/2024\/09\/22.2530.jpg\",\"datePublished\":\"2024-09-20T06:00:00+00:00\",\"breadcrumb\":{\"@id\":\"https:\/\/maismagazine.pt\/index.php\/2024\/09\/20\/acores-9-ilhas-a-experiencia-de-uma-vida-2\/#breadcrumb\"},\"inLanguage\":\"pt-PT\",\"potentialAction\":[{\"@type\":\"ReadAction\",\"target\":[\"https:\/\/maismagazine.pt\/index.php\/2024\/09\/20\/acores-9-ilhas-a-experiencia-de-uma-vida-2\/\"]}]},{\"@type\":\"ImageObject\",\"inLanguage\":\"pt-PT\",\"@id\":\"https:\/\/maismagazine.pt\/index.php\/2024\/09\/20\/acores-9-ilhas-a-experiencia-de-uma-vida-2\/#primaryimage\",\"url\":\"https:\/\/maismagazine.pt\/wp-content\/uploads\/2024\/09\/22.2530.jpg\",\"contentUrl\":\"https:\/\/maismagazine.pt\/wp-content\/uploads\/2024\/09\/22.2530.jpg\",\"width\":1920,\"height\":1080},{\"@type\":\"BreadcrumbList\",\"@id\":\"https:\/\/maismagazine.pt\/index.php\/2024\/09\/20\/acores-9-ilhas-a-experiencia-de-uma-vida-2\/#breadcrumb\",\"itemListElement\":[{\"@type\":\"ListItem\",\"position\":1,\"name\":\"Home\",\"item\":\"https:\/\/maismagazine.pt\/\"},{\"@type\":\"ListItem\",\"position\":2,\"name\":\"\u201cA\u00e7ores: 9 ilhas, a experi\u00eancia de uma vida\u201d\"}]},{\"@type\":\"WebSite\",\"@id\":\"https:\/\/maismagazine.pt\/#website\",\"url\":\"https:\/\/maismagazine.pt\/\",\"name\":\"Mais Magazine\",\"description\":\"\",\"publisher\":{\"@id\":\"https:\/\/maismagazine.pt\/#organization\"},\"potentialAction\":[{\"@type\":\"SearchAction\",\"target\":{\"@type\":\"EntryPoint\",\"urlTemplate\":\"https:\/\/maismagazine.pt\/?s={search_term_string}\"},\"query-input\":{\"@type\":\"PropertyValueSpecification\",\"valueRequired\":true,\"valueName\":\"search_term_string\"}}],\"inLanguage\":\"pt-PT\"},{\"@type\":\"Organization\",\"@id\":\"https:\/\/maismagazine.pt\/#organization\",\"name\":\"Mais Magazine\",\"url\":\"https:\/\/maismagazine.pt\/\",\"logo\":{\"@type\":\"ImageObject\",\"inLanguage\":\"pt-PT\",\"@id\":\"https:\/\/maismagazine.pt\/#\/schema\/logo\/image\/\",\"url\":\"https:\/\/maismagazine.pt\/wp-content\/uploads\/2020\/04\/cropped-cropped-mais-magazine-site-logo-2.png\",\"contentUrl\":\"https:\/\/maismagazine.pt\/wp-content\/uploads\/2020\/04\/cropped-cropped-mais-magazine-site-logo-2.png\",\"width\":581,\"height\":90,\"caption\":\"Mais Magazine\"},\"image\":{\"@id\":\"https:\/\/maismagazine.pt\/#\/schema\/logo\/image\/\"}},{\"@type\":\"Person\",\"@id\":\"https:\/\/maismagazine.pt\/#\/schema\/person\/7426e2caeb8df32a1b56aa48dae778c9\",\"name\":\"Tatiana Martins\",\"image\":{\"@type\":\"ImageObject\",\"inLanguage\":\"pt-PT\",\"@id\":\"https:\/\/maismagazine.pt\/#\/schema\/person\/image\/\",\"url\":\"https:\/\/secure.gravatar.com\/avatar\/4b24a57f5d0425f2eb20981c4b53244e?s=96&d=mm&r=g\",\"contentUrl\":\"https:\/\/secure.gravatar.com\/avatar\/4b24a57f5d0425f2eb20981c4b53244e?s=96&d=mm&r=g\",\"caption\":\"Tatiana Martins\"},\"url\":\"https:\/\/maismagazine.pt\/index.php\/author\/tatiana\/\"}]}<\/script>\n<!-- \/ Yoast SEO plugin. -->","yoast_head_json":{"title":"\u201cA\u00e7ores: 9 ilhas, a experi\u00eancia de uma vida\u201d - Mais Magazine","robots":{"index":"index","follow":"follow","max-snippet":"max-snippet:-1","max-image-preview":"max-image-preview:large","max-video-preview":"max-video-preview:-1"},"canonical":"https:\/\/maismagazine.pt\/index.php\/2024\/09\/20\/acores-9-ilhas-a-experiencia-de-uma-vida-2\/","og_locale":"pt_PT","og_type":"article","og_title":"\u201cA\u00e7ores: 9 ilhas, a experi\u00eancia de uma vida\u201d - Mais Magazine","og_description":"Este \u00e9 o statement que define o nosso posicionamento enquanto destino tur\u00edstico no novo PEMTA \u2013 Plano Estrat\u00e9gico e de Marketing para o Turismo dos A\u00e7ores 2023-2030, que acab\u00e1mos de concluir. A Regi\u00e3o \u00e9 reconhecida pela natureza deslumbrante e oportunidades para aventuras memor\u00e1veis, mas h\u00e1 muitos outros motivos para visitar&hellip;","og_url":"https:\/\/maismagazine.pt\/index.php\/2024\/09\/20\/acores-9-ilhas-a-experiencia-de-uma-vida-2\/","og_site_name":"Mais Magazine","article_published_time":"2024-09-20T06:00:00+00:00","og_image":[{"width":1920,"height":1080,"url":"https:\/\/maismagazine.pt\/wp-content\/uploads\/2024\/09\/22.2530.jpg","type":"image\/jpeg"}],"author":"Tatiana Martins","twitter_card":"summary_large_image","twitter_misc":{"Escrito por":false,"Tempo estimado de leitura":"3 minutos"},"schema":{"@context":"https:\/\/schema.org","@graph":[{"@type":"Article","@id":"https:\/\/maismagazine.pt\/index.php\/2024\/09\/20\/acores-9-ilhas-a-experiencia-de-uma-vida-2\/#article","isPartOf":{"@id":"https:\/\/maismagazine.pt\/index.php\/2024\/09\/20\/acores-9-ilhas-a-experiencia-de-uma-vida-2\/"},"author":{"name":"Tatiana Martins","@id":"https:\/\/maismagazine.pt\/#\/schema\/person\/7426e2caeb8df32a1b56aa48dae778c9"},"headline":"\u201cA\u00e7ores: 9 ilhas, a experi\u00eancia de uma vida\u201d","datePublished":"2024-09-20T06:00:00+00:00","mainEntityOfPage":{"@id":"https:\/\/maismagazine.pt\/index.php\/2024\/09\/20\/acores-9-ilhas-a-experiencia-de-uma-vida-2\/"},"wordCount":546,"publisher":{"@id":"https:\/\/maismagazine.pt\/#organization"},"image":{"@id":"https:\/\/maismagazine.pt\/index.php\/2024\/09\/20\/acores-9-ilhas-a-experiencia-de-uma-vida-2\/#primaryimage"},"thumbnailUrl":"https:\/\/maismagazine.pt\/wp-content\/uploads\/2024\/09\/22.2530.jpg","keywords":["a\u00e7ores","Mobilidade e Infraestruturas do Governo Regional dos A\u00e7ores","Secret\u00e1ria Regional do Turismo"],"articleSection":["Destaque lateral","Opini\u00e3o"],"inLanguage":"pt-PT"},{"@type":"WebPage","@id":"https:\/\/maismagazine.pt\/index.php\/2024\/09\/20\/acores-9-ilhas-a-experiencia-de-uma-vida-2\/","url":"https:\/\/maismagazine.pt\/index.php\/2024\/09\/20\/acores-9-ilhas-a-experiencia-de-uma-vida-2\/","name":"\u201cA\u00e7ores: 9 ilhas, a experi\u00eancia de uma vida\u201d - Mais Magazine","isPartOf":{"@id":"https:\/\/maismagazine.pt\/#website"},"primaryImageOfPage":{"@id":"https:\/\/maismagazine.pt\/index.php\/2024\/09\/20\/acores-9-ilhas-a-experiencia-de-uma-vida-2\/#primaryimage"},"image":{"@id":"https:\/\/maismagazine.pt\/index.php\/2024\/09\/20\/acores-9-ilhas-a-experiencia-de-uma-vida-2\/#primaryimage"},"thumbnailUrl":"https:\/\/maismagazine.pt\/wp-content\/uploads\/2024\/09\/22.2530.jpg","datePublished":"2024-09-20T06:00:00+00:00","breadcrumb":{"@id":"https:\/\/maismagazine.pt\/index.php\/2024\/09\/20\/acores-9-ilhas-a-experiencia-de-uma-vida-2\/#breadcrumb"},"inLanguage":"pt-PT","potentialAction":[{"@type":"ReadAction","target":["https:\/\/maismagazine.pt\/index.php\/2024\/09\/20\/acores-9-ilhas-a-experiencia-de-uma-vida-2\/"]}]},{"@type":"ImageObject","inLanguage":"pt-PT","@id":"https:\/\/maismagazine.pt\/index.php\/2024\/09\/20\/acores-9-ilhas-a-experiencia-de-uma-vida-2\/#primaryimage","url":"https:\/\/maismagazine.pt\/wp-content\/uploads\/2024\/09\/22.2530.jpg","contentUrl":"https:\/\/maismagazine.pt\/wp-content\/uploads\/2024\/09\/22.2530.jpg","width":1920,"height":1080},{"@type":"BreadcrumbList","@id":"https:\/\/maismagazine.pt\/index.php\/2024\/09\/20\/acores-9-ilhas-a-experiencia-de-uma-vida-2\/#breadcrumb","itemListElement":[{"@type":"ListItem","position":1,"name":"Home","item":"https:\/\/maismagazine.pt\/"},{"@type":"ListItem","position":2,"name":"\u201cA\u00e7ores: 9 ilhas, a experi\u00eancia de uma vida\u201d"}]},{"@type":"WebSite","@id":"https:\/\/maismagazine.pt\/#website","url":"https:\/\/maismagazine.pt\/","name":"Mais Magazine","description":"","publisher":{"@id":"https:\/\/maismagazine.pt\/#organization"},"potentialAction":[{"@type":"SearchAction","target":{"@type":"EntryPoint","urlTemplate":"https:\/\/maismagazine.pt\/?s={search_term_string}"},"query-input":{"@type":"PropertyValueSpecification","valueRequired":true,"valueName":"search_term_string"}}],"inLanguage":"pt-PT"},{"@type":"Organization","@id":"https:\/\/maismagazine.pt\/#organization","name":"Mais Magazine","url":"https:\/\/maismagazine.pt\/","logo":{"@type":"ImageObject","inLanguage":"pt-PT","@id":"https:\/\/maismagazine.pt\/#\/schema\/logo\/image\/","url":"https:\/\/maismagazine.pt\/wp-content\/uploads\/2020\/04\/cropped-cropped-mais-magazine-site-logo-2.png","contentUrl":"https:\/\/maismagazine.pt\/wp-content\/uploads\/2020\/04\/cropped-cropped-mais-magazine-site-logo-2.png","width":581,"height":90,"caption":"Mais Magazine"},"image":{"@id":"https:\/\/maismagazine.pt\/#\/schema\/logo\/image\/"}},{"@type":"Person","@id":"https:\/\/maismagazine.pt\/#\/schema\/person\/7426e2caeb8df32a1b56aa48dae778c9","name":"Tatiana Martins","image":{"@type":"ImageObject","inLanguage":"pt-PT","@id":"https:\/\/maismagazine.pt\/#\/schema\/person\/image\/","url":"https:\/\/secure.gravatar.com\/avatar\/4b24a57f5d0425f2eb20981c4b53244e?s=96&d=mm&r=g","contentUrl":"https:\/\/secure.gravatar.com\/avatar\/4b24a57f5d0425f2eb20981c4b53244e?s=96&d=mm&r=g","caption":"Tatiana Martins"},"url":"https:\/\/maismagazine.pt\/index.php\/author\/tatiana\/"}]}},"author_meta":{"display_name":false,"author_link":"https:\/\/maismagazine.pt\/index.php\/author\/tatiana\/"},"featured_img":"https:\/\/maismagazine.pt\/wp-content\/uploads\/2024\/09\/22.2530-300x169.jpg","coauthors":[],"tax_additional":{"categories":{"linked":["<a href=\"https:\/\/maismagazine.pt\/index.php\/category\/destaque\/\" class=\"advgb-post-tax-term\">Destaque lateral<\/a>","<a href=\"https:\/\/maismagazine.pt\/index.php\/category\/noticias\/opiniao\/\" class=\"advgb-post-tax-term\">Opini\u00e3o<\/a>"],"unlinked":["<span class=\"advgb-post-tax-term\">Destaque lateral<\/span>","<span class=\"advgb-post-tax-term\">Opini\u00e3o<\/span>"]},"tags":{"linked":["<a href=\"https:\/\/maismagazine.pt\/index.php\/category\/noticias\/opiniao\/\" class=\"advgb-post-tax-term\">a\u00e7ores<\/a>","<a href=\"https:\/\/maismagazine.pt\/index.php\/category\/noticias\/opiniao\/\" class=\"advgb-post-tax-term\">Mobilidade e Infraestruturas do Governo Regional dos A\u00e7ores<\/a>","<a href=\"https:\/\/maismagazine.pt\/index.php\/category\/noticias\/opiniao\/\" class=\"advgb-post-tax-term\">Secret\u00e1ria Regional do Turismo<\/a>"],"unlinked":["<span class=\"advgb-post-tax-term\">a\u00e7ores<\/span>","<span class=\"advgb-post-tax-term\">Mobilidade e Infraestruturas do Governo Regional dos A\u00e7ores<\/span>","<span class=\"advgb-post-tax-term\">Secret\u00e1ria Regional do Turismo<\/span>"]}},"comment_count":"0","relative_dates":{"created":"Posted 2 anos ago","modified":"Updated 2 anos ago"},"absolute_dates":{"created":"Posted on 20 de Setembro, 2024","modified":"Updated on 16 de Setembro, 2024"},"absolute_dates_time":{"created":"Posted on 20 de Setembro, 2024 7:00","modified":"Updated on 16 de Setembro, 2024 16:13"},"featured_img_caption":"","series_order":"","_links":{"self":[{"href":"https:\/\/maismagazine.pt\/index.php\/wp-json\/wp\/v2\/posts\/10447","targetHints":{"allow":["GET"]}}],"collection":[{"href":"https:\/\/maismagazine.pt\/index.php\/wp-json\/wp\/v2\/posts"}],"about":[{"href":"https:\/\/maismagazine.pt\/index.php\/wp-json\/wp\/v2\/types\/post"}],"author":[{"embeddable":true,"href":"https:\/\/maismagazine.pt\/index.php\/wp-json\/wp\/v2\/users\/18"}],"replies":[{"embeddable":true,"href":"https:\/\/maismagazine.pt\/index.php\/wp-json\/wp\/v2\/comments?post=10447"}],"version-history":[{"count":1,"href":"https:\/\/maismagazine.pt\/index.php\/wp-json\/wp\/v2\/posts\/10447\/revisions"}],"predecessor-version":[{"id":10452,"href":"https:\/\/maismagazine.pt\/index.php\/wp-json\/wp\/v2\/posts\/10447\/revisions\/10452"}],"wp:featuredmedia":[{"embeddable":true,"href":"https:\/\/maismagazine.pt\/index.php\/wp-json\/wp\/v2\/media\/10450"}],"wp:attachment":[{"href":"https:\/\/maismagazine.pt\/index.php\/wp-json\/wp\/v2\/media?parent=10447"}],"wp:term":[{"taxonomy":"category","embeddable":true,"href":"https:\/\/maismagazine.pt\/index.php\/wp-json\/wp\/v2\/categories?post=10447"},{"taxonomy":"post_tag","embeddable":true,"href":"https:\/\/maismagazine.pt\/index.php\/wp-json\/wp\/v2\/tags?post=10447"}],"curies":[{"name":"wp","href":"https:\/\/api.w.org\/{rel}","templated":true}]}}