{"id":10359,"date":"2024-09-20T07:00:00","date_gmt":"2024-09-20T06:00:00","guid":{"rendered":"https:\/\/maismagazine.pt\/?p=10359"},"modified":"2024-09-16T15:14:23","modified_gmt":"2024-09-16T14:14:23","slug":"cenfim-pioneiro-na-formacao-profissional","status":"publish","type":"post","link":"https:\/\/maismagazine.pt\/index.php\/2024\/09\/20\/cenfim-pioneiro-na-formacao-profissional\/","title":{"rendered":"CENFIM: Pioneiro na forma\u00e7\u00e3o profissional"},"content":{"rendered":"\n<p><strong>Desde 1985, o CENFIM tem liderado a forma\u00e7\u00e3o profissional na ind\u00fastria metal\u00fargica e metalomec\u00e2nica em Portugal. Fundado atrav\u00e9s de uma parceria entre o IEFP, AIMMAP e ANEME, este centro oferece programas inovadores e diversificados, garantindo uma elevada empregabilidade. Com 14 n\u00facleos de forma\u00e7\u00e3o em todo o pa\u00eds e uma crescente presen\u00e7a na CPLP, o CENFIM continua a promover a excel\u00eancia t\u00e9cnica e o desenvolvimento sustent\u00e1vel no setor. <\/strong><\/p>\n\n\n\n<p><\/p>\n\n\n\n<p>Fundado em janeiro de 1985, o CEN-FIM \u2013 Centro de Forma\u00e7\u00e3o Profissional da Ind\u00fastria Metal\u00fargica e Metalomec\u00e2nica tem desempenhado um papel crucial na capacita\u00e7\u00e3o de profissionais para o setor metal\u00fargico e metalomec\u00e2nico em Portugal. Este centro de forma\u00e7\u00e3o, fruto de uma colabora\u00e7\u00e3o estrat\u00e9gica entre o Instituto do Emprego e Forma\u00e7\u00e3o Profissional (IEFP), a Associa\u00e7\u00e3o dos Industriais Metal\u00fargicos, Metalomec\u00e2nicos e Afins de Portugal (AIMMAP), e a Associa\u00e7\u00e3o Nacional das Empresas Metal\u00fargicas e Eletromec\u00e2nicas (ANE-ME), tem como miss\u00e3o promover a\u00e7\u00f5es formativas de elevada qualidade e adaptadas \u00e0s necessidades do mercado. Com 14 N\u00facleos de Forma\u00e7\u00e3o estrategicamente distribu\u00eddos por todo o pa\u00eds, o CENFIM consegue atender \u00e0s demandas das principais regi\u00f5es industriais de Portugal. Localizados em Amarante, Arcos de Valdevez, Caldas da Rainha, Ermesinde, Gr\u00e2ndola, Lisboa, Marinha Grande, Oliveira de Azem\u00e9is, Peniche, Porto, Santar\u00e9m, Sines, Torres Vedras e Trofa, estes n\u00facleos permitem uma intera\u00e7\u00e3o pr\u00f3xima e cont\u00ednua com as ind\u00fastrias locais. Essa proximidade \u00e9 um dos fatores que garante uma taxa de empregabilidade dos formandos que supera os 95%, refletindo a efic\u00e1cia e a relev\u00e2ncia das sa\u00eddas profissionais oferecidas. <\/p>\n\n\n\n<p><\/p>\n\n\n\n<figure class=\"wp-block-gallery has-nested-images columns-default is-cropped wp-block-gallery-1 is-layout-flex wp-block-gallery-is-layout-flex\">\n<figure class=\"wp-block-image size-large\"><img loading=\"lazy\" decoding=\"async\" width=\"1024\" height=\"683\" data-id=\"10361\" src=\"https:\/\/maismagazine.pt\/wp-content\/uploads\/2024\/09\/1-Manuel-Grilo-1024x683.jpg\" alt=\"\" class=\"wp-image-10361\" srcset=\"https:\/\/maismagazine.pt\/wp-content\/uploads\/2024\/09\/1-Manuel-Grilo-1024x683.jpg 1024w, https:\/\/maismagazine.pt\/wp-content\/uploads\/2024\/09\/1-Manuel-Grilo-300x200.jpg 300w, https:\/\/maismagazine.pt\/wp-content\/uploads\/2024\/09\/1-Manuel-Grilo-768x512.jpg 768w, https:\/\/maismagazine.pt\/wp-content\/uploads\/2024\/09\/1-Manuel-Grilo-150x100.jpg 150w, https:\/\/maismagazine.pt\/wp-content\/uploads\/2024\/09\/1-Manuel-Grilo.jpg 1080w\" sizes=\"auto, (max-width: 1024px) 100vw, 1024px\" \/><figcaption class=\"wp-element-caption\">Manuel Grilo, Diretor do CENFIM<\/figcaption><\/figure>\n\n\n\n<figure class=\"wp-block-image size-large\"><img loading=\"lazy\" decoding=\"async\" width=\"1024\" height=\"634\" data-id=\"10360\" src=\"https:\/\/maismagazine.pt\/wp-content\/uploads\/2024\/09\/MOZ_Soldadura-1024x634.jpg\" alt=\"\" class=\"wp-image-10360\" srcset=\"https:\/\/maismagazine.pt\/wp-content\/uploads\/2024\/09\/MOZ_Soldadura-1024x634.jpg 1024w, https:\/\/maismagazine.pt\/wp-content\/uploads\/2024\/09\/MOZ_Soldadura-300x186.jpg 300w, https:\/\/maismagazine.pt\/wp-content\/uploads\/2024\/09\/MOZ_Soldadura-768x476.jpg 768w, https:\/\/maismagazine.pt\/wp-content\/uploads\/2024\/09\/MOZ_Soldadura.jpg 1080w\" sizes=\"auto, (max-width: 1024px) 100vw, 1024px\" \/><\/figure>\n<\/figure>\n\n\n\n<p><\/p>\n\n\n\n<p><strong>Variedade e relev\u00e2ncia dos programas formativos<\/strong><\/p>\n\n\n\n<p>Os programas formativos do CENFIM s\u00e3o amplos e diversificados, cobrindo \u00e1reas essenciais para o desenvolvimento industrial contempor\u00e2neo. As forma\u00e7\u00f5es incluem cursos de produ\u00e7\u00e3o industrial, com enfoque em soldadura, caldeiraria, tubagem e opera\u00e7\u00e3o de m\u00e1quinas. Para al\u00e9m disso, s\u00e3o oferecidos cursos em organiza\u00e7\u00e3o e m\u00e9todos, or\u00e7amenta\u00e7\u00e3o e gest\u00e3o de projetos, fundamentais para a efici\u00eancia das opera\u00e7\u00f5es industriais. A manuten\u00e7\u00e3o industrial, incluindo eletricidade, mec\u00e2nica e mecatr\u00f3nica, \u00e9 tamb\u00e9m uma \u00e1rea de grande foco. Outros cursos abordam temas cr\u00edticos como higiene e seguran\u00e7a no trabalho, sistemas de gest\u00e3o da qualidade e gest\u00e3o ambiental, al\u00e9m de comportamento organizacional e tecnologias de informa\u00e7\u00e3o. Estes programas s\u00e3o projetados para dotar os formandos das compet\u00eancias necess\u00e1rias para se destacarem no competitivo mercado de trabalho global.<\/p>\n\n\n\n<p><\/p>\n\n\n\n<p><strong>Compromisso com a inova\u00e7\u00e3o e excel\u00eancia<\/strong><\/p>\n\n\n\n<p>O que realmente distingue o CENFIM no panorama da forma\u00e7\u00e3o profissional \u00e9 o seu compromisso com a inova\u00e7\u00e3o pedag\u00f3gica e a excel\u00eancia t\u00e9cnica. O CEN-FIM adota uma abordagem hol\u00edstica, que combina o rigor t\u00e9cnico com uma forte componente \u00e9tica e social. A constante atualiza\u00e7\u00e3o dos m\u00e9todos formativos, alinhados com as melhores pr\u00e1ticas internacionais, garante que os cursos oferecidos estejam sempre na vanguarda da forma\u00e7\u00e3o profissional. A capacidade de resposta \u00e0s din\u00e2micas do mercado \u00e9 uma das chaves do sucesso do CENFIM, refletida na elevada taxa de empregabilidade dos seus formandos. As v\u00e1rias certifica\u00e7\u00f5es nacionais e internacionais que possui, em sistemas de gest\u00e3o da qualidade, ambiente, seguran\u00e7a e responsabilidade social, s\u00e3o um testemunho do seu compromisso cont\u00ednuo com a excel\u00eancia e a responsabilidade social corporativa.  <\/p>\n\n\n\n<p><\/p>\n\n\n\n<figure class=\"wp-block-gallery has-nested-images columns-default is-cropped wp-block-gallery-2 is-layout-flex wp-block-gallery-is-layout-flex\">\n<figure class=\"wp-block-image size-large\"><img loading=\"lazy\" decoding=\"async\" width=\"804\" height=\"520\" data-id=\"10364\" src=\"https:\/\/maismagazine.pt\/wp-content\/uploads\/2024\/09\/MOZ_equipa.jpg\" alt=\"\" class=\"wp-image-10364\" srcset=\"https:\/\/maismagazine.pt\/wp-content\/uploads\/2024\/09\/MOZ_equipa.jpg 804w, https:\/\/maismagazine.pt\/wp-content\/uploads\/2024\/09\/MOZ_equipa-300x194.jpg 300w, https:\/\/maismagazine.pt\/wp-content\/uploads\/2024\/09\/MOZ_equipa-768x497.jpg 768w\" sizes=\"auto, (max-width: 804px) 100vw, 804px\" \/><\/figure>\n\n\n\n<figure class=\"wp-block-image size-large\"><img loading=\"lazy\" decoding=\"async\" width=\"1024\" height=\"696\" data-id=\"10363\" src=\"https:\/\/maismagazine.pt\/wp-content\/uploads\/2024\/09\/MOZ_M-Grilo-1024x696.jpeg\" alt=\"\" class=\"wp-image-10363\" srcset=\"https:\/\/maismagazine.pt\/wp-content\/uploads\/2024\/09\/MOZ_M-Grilo-1024x696.jpeg 1024w, https:\/\/maismagazine.pt\/wp-content\/uploads\/2024\/09\/MOZ_M-Grilo-300x204.jpeg 300w, https:\/\/maismagazine.pt\/wp-content\/uploads\/2024\/09\/MOZ_M-Grilo-768x522.jpeg 768w, https:\/\/maismagazine.pt\/wp-content\/uploads\/2024\/09\/MOZ_M-Grilo.jpeg 1264w\" sizes=\"auto, (max-width: 1024px) 100vw, 1024px\" \/><\/figure>\n<\/figure>\n\n\n\n<p><\/p>\n\n\n\n<p><strong>Expans\u00e3o internacional e coopera\u00e7\u00e3o na CPLP<\/strong><\/p>\n\n\n\n<p>Desde 1992, o CENFIM tem expandido a sua atividade al\u00e9m-fronteiras, com uma atua\u00e7\u00e3o not\u00e1vel nos pa\u00edses da Comunidade de Pa\u00edses de L\u00edngua Portuguesa (CPLP). Em Angola, Mo\u00e7ambique e Cabo Verde, o CENFIM tem contribu\u00eddo significativamente para a forma\u00e7\u00e3o de profissionais qualificados e para o fortalecimento das institui\u00e7\u00f5es locais. Esta abordagem colaborativa visa adaptar os programas de forma\u00e7\u00e3o \u00e0s realidades espec\u00edficas de cada pa\u00eds, promovendo o desenvolvimento socioecon\u00f3mico sustent\u00e1vel. Em Mo\u00e7ambique, o CENFIM destaca-se pelo seu apoio ao Centro de Forma\u00e7\u00e3o Profissional da Metalomec\u00e2nica (CFPM) em Maputo. Este projeto tem sido um pilar no desenvolvimento do setor metalomec\u00e2nico mo\u00e7ambicano, formando profissionais qualificados. A parceria com o CFPM tem evolu\u00eddo, tanto em termos de n\u00famero de a\u00e7\u00f5es de forma\u00e7\u00e3o quanto em diversidade de compet\u00eancias, consolidando o centro como uma refer\u00eancia de excel\u00eancia. Outro projeto importante \u00e9 o +Emprego, em colabora\u00e7\u00e3o com o Instituto Cam\u00f5es, que visa melhorar as compet\u00eancias t\u00e9cnicas dos jovens em Cabo Delgado e aumentar as suas oportunidades de emprego. Atrav\u00e9s da instala\u00e7\u00e3o de equipamentos laboratoriais e da forma\u00e7\u00e3o de formadores em \u00e1reas como soldadura, eletricidade industrial, automa\u00e7\u00e3o e CNC, este projeto contribui para o fortalecimento do mercado de trabalho local.  <\/p>\n\n\n\n<p><\/p>\n\n\n\n<p><strong>Perspetivas futuras<\/strong><\/p>\n\n\n\n<p>Olhando para o futuro, o CENFIM est\u00e1 empenhado em expandir e fortalecer a sua presen\u00e7a internacional, mantendo&#8211;se na vanguarda da forma\u00e7\u00e3o profissional. Pretende ainda aprofundar as suas parcerias nos pa\u00edses da CPLP, promovendo projetos que facilitem o interc\u00e2mbio de conhecimento e a transfer\u00eancia de tecnologia. A inova\u00e7\u00e3o continua a ser um pilar central da estrat\u00e9gia do CENFIM, que planeia investir em tecnologias emergentes e pr\u00e1ticas sustent\u00e1veis, preparando os seus formandos para enfrentar os desafios de um mercado de trabalho em constante evolu\u00e7\u00e3o. A sua vis\u00e3o \u00e9 clara: formar profissionais altamente qualificados, capazes de liderar e inovar no setor industrial, tanto a n\u00edvel nacional como internacional. Com quase quatro d\u00e9cadas de experi\u00eancia, o CENFIM est\u00e1 otimista quanto ao futuro, mantendo um compromisso firme com a excel\u00eancia formativa e o desenvolvimento sustent\u00e1vel das ind\u00fastrias que serve. <\/p>\n\n\n\n<p><\/p>\n\n\n<div class=\"wp-block-image\">\n<figure class=\"aligncenter size-large is-resized\"><img loading=\"lazy\" decoding=\"async\" width=\"1024\" height=\"1024\" src=\"https:\/\/maismagazine.pt\/wp-content\/uploads\/2024\/09\/336649200_1555158908345843_5430265346996515317_n-1024x1024.jpg\" alt=\"\" class=\"wp-image-10369\" style=\"aspect-ratio:1;width:295px;height:auto\" srcset=\"https:\/\/maismagazine.pt\/wp-content\/uploads\/2024\/09\/336649200_1555158908345843_5430265346996515317_n-1024x1024.jpg 1024w, https:\/\/maismagazine.pt\/wp-content\/uploads\/2024\/09\/336649200_1555158908345843_5430265346996515317_n-300x300.jpg 300w, https:\/\/maismagazine.pt\/wp-content\/uploads\/2024\/09\/336649200_1555158908345843_5430265346996515317_n-150x150.jpg 150w, https:\/\/maismagazine.pt\/wp-content\/uploads\/2024\/09\/336649200_1555158908345843_5430265346996515317_n-768x768.jpg 768w, https:\/\/maismagazine.pt\/wp-content\/uploads\/2024\/09\/336649200_1555158908345843_5430265346996515317_n-1536x1536.jpg 1536w, https:\/\/maismagazine.pt\/wp-content\/uploads\/2024\/09\/336649200_1555158908345843_5430265346996515317_n.jpg 1736w\" sizes=\"auto, (max-width: 1024px) 100vw, 1024px\" \/><\/figure><\/div>","protected":false},"excerpt":{"rendered":"<p>Desde 1985, o CENFIM tem liderado a forma\u00e7\u00e3o profissional na ind\u00fastria metal\u00fargica e metalomec\u00e2nica em Portugal. Fundado atrav\u00e9s de uma parceria entre o IEFP, AIMMAP e ANEME, este centro oferece programas inovadores e diversificados, garantindo uma elevada empregabilidade. Com 14 n\u00facleos de forma\u00e7\u00e3o em todo o pa\u00eds e uma crescente&hellip;<\/p>\n","protected":false},"author":17,"featured_media":10370,"comment_status":"closed","ping_status":"open","sticky":false,"template":"","format":"standard","meta":{"advgb_blocks_editor_width":"","advgb_blocks_columns_visual_guide":"","_monsterinsights_skip_tracking":false,"_monsterinsights_sitenote_active":false,"_monsterinsights_sitenote_note":"","_monsterinsights_sitenote_category":0,"footnotes":""},"categories":[50,149,6],"tags":[2116],"class_list":["post-10359","post","type-post","status-publish","format-standard","has-post-thumbnail","hentry","category-destaques","category-educacao","category-empreendedorismo","tag-cenfim"],"yoast_head":"<!-- This site is optimized with the Yoast SEO plugin v24.4 - https:\/\/yoast.com\/wordpress\/plugins\/seo\/ -->\n<title>CENFIM: Pioneiro na forma\u00e7\u00e3o profissional - Mais Magazine<\/title>\n<meta name=\"description\" content=\"Desde 1985, o CENFIM tem liderado a forma\u00e7\u00e3o profissional na ind\u00fastria metal\u00fargica e metalomec\u00e2nica em Portugal. Fundado atrav\u00e9s de uma parceria entre o IEFP, AIMMAP e ANEME, este centro oferece programas inovadores e diversificados, garantindo uma elevada empregabilidade. Com 14 n\u00facleos de forma\u00e7\u00e3o em todo o pa\u00eds e uma crescente presen\u00e7a na CPLP, o CENFIM continua a promover a excel\u00eancia t\u00e9cnica e o desenvolvimento sustent\u00e1vel no setor.\" \/>\n<meta name=\"robots\" content=\"index, follow, max-snippet:-1, max-image-preview:large, max-video-preview:-1\" \/>\n<link rel=\"canonical\" href=\"https:\/\/maismagazine.pt\/index.php\/2024\/09\/20\/cenfim-pioneiro-na-formacao-profissional\/\" \/>\n<meta property=\"og:locale\" content=\"pt_PT\" \/>\n<meta property=\"og:type\" content=\"article\" \/>\n<meta property=\"og:title\" content=\"CENFIM: Pioneiro na forma\u00e7\u00e3o profissional - Mais Magazine\" \/>\n<meta property=\"og:description\" content=\"Desde 1985, o CENFIM tem liderado a forma\u00e7\u00e3o profissional na ind\u00fastria metal\u00fargica e metalomec\u00e2nica em Portugal. Fundado atrav\u00e9s de uma parceria entre o IEFP, AIMMAP e ANEME, este centro oferece programas inovadores e diversificados, garantindo uma elevada empregabilidade. Com 14 n\u00facleos de forma\u00e7\u00e3o em todo o pa\u00eds e uma crescente presen\u00e7a na CPLP, o CENFIM continua a promover a excel\u00eancia t\u00e9cnica e o desenvolvimento sustent\u00e1vel no setor.\" \/>\n<meta property=\"og:url\" content=\"https:\/\/maismagazine.pt\/index.php\/2024\/09\/20\/cenfim-pioneiro-na-formacao-profissional\/\" \/>\n<meta property=\"og:site_name\" content=\"Mais Magazine\" \/>\n<meta property=\"article:published_time\" content=\"2024-09-20T06:00:00+00:00\" \/>\n<meta property=\"og:image\" content=\"https:\/\/maismagazine.pt\/wp-content\/uploads\/2024\/09\/MOZ_paineis-solares.jpg\" \/>\n\t<meta property=\"og:image:width\" content=\"1080\" \/>\n\t<meta property=\"og:image:height\" content=\"578\" \/>\n\t<meta property=\"og:image:type\" content=\"image\/jpeg\" \/>\n<meta name=\"author\" content=\"Tiago Costa\" \/>\n<meta name=\"twitter:card\" content=\"summary_large_image\" \/>\n<meta name=\"twitter:label1\" content=\"Escrito por\" \/>\n\t<meta name=\"twitter:data1\" content=\"\" \/>\n\t<meta name=\"twitter:label2\" content=\"Tempo estimado de leitura\" \/>\n\t<meta name=\"twitter:data2\" content=\"6 minutos\" \/>\n<script type=\"application\/ld+json\" class=\"yoast-schema-graph\">{\"@context\":\"https:\/\/schema.org\",\"@graph\":[{\"@type\":\"Article\",\"@id\":\"https:\/\/maismagazine.pt\/index.php\/2024\/09\/20\/cenfim-pioneiro-na-formacao-profissional\/#article\",\"isPartOf\":{\"@id\":\"https:\/\/maismagazine.pt\/index.php\/2024\/09\/20\/cenfim-pioneiro-na-formacao-profissional\/\"},\"author\":{\"name\":\"Tiago Costa\",\"@id\":\"http:\/\/maismagazine.pt\/#\/schema\/person\/c6c5bfccc886434cbd11c74e035f9646\"},\"headline\":\"CENFIM: Pioneiro na forma\u00e7\u00e3o profissional\",\"datePublished\":\"2024-09-20T06:00:00+00:00\",\"mainEntityOfPage\":{\"@id\":\"https:\/\/maismagazine.pt\/index.php\/2024\/09\/20\/cenfim-pioneiro-na-formacao-profissional\/\"},\"wordCount\":979,\"publisher\":{\"@id\":\"http:\/\/maismagazine.pt\/#organization\"},\"image\":{\"@id\":\"https:\/\/maismagazine.pt\/index.php\/2024\/09\/20\/cenfim-pioneiro-na-formacao-profissional\/#primaryimage\"},\"thumbnailUrl\":\"https:\/\/maismagazine.pt\/wp-content\/uploads\/2024\/09\/MOZ_paineis-solares.jpg\",\"keywords\":[\"CENFIM\"],\"articleSection\":[\"Destaques\",\"Educa\u00e7\u00e3o\",\"Empreendedorismo\"],\"inLanguage\":\"pt-PT\"},{\"@type\":\"WebPage\",\"@id\":\"https:\/\/maismagazine.pt\/index.php\/2024\/09\/20\/cenfim-pioneiro-na-formacao-profissional\/\",\"url\":\"https:\/\/maismagazine.pt\/index.php\/2024\/09\/20\/cenfim-pioneiro-na-formacao-profissional\/\",\"name\":\"CENFIM: Pioneiro na forma\u00e7\u00e3o profissional - Mais Magazine\",\"isPartOf\":{\"@id\":\"http:\/\/maismagazine.pt\/#website\"},\"primaryImageOfPage\":{\"@id\":\"https:\/\/maismagazine.pt\/index.php\/2024\/09\/20\/cenfim-pioneiro-na-formacao-profissional\/#primaryimage\"},\"image\":{\"@id\":\"https:\/\/maismagazine.pt\/index.php\/2024\/09\/20\/cenfim-pioneiro-na-formacao-profissional\/#primaryimage\"},\"thumbnailUrl\":\"https:\/\/maismagazine.pt\/wp-content\/uploads\/2024\/09\/MOZ_paineis-solares.jpg\",\"datePublished\":\"2024-09-20T06:00:00+00:00\",\"description\":\"Desde 1985, o CENFIM tem liderado a forma\u00e7\u00e3o profissional na ind\u00fastria metal\u00fargica e metalomec\u00e2nica em Portugal. Fundado atrav\u00e9s de uma parceria entre o IEFP, AIMMAP e ANEME, este centro oferece programas inovadores e diversificados, garantindo uma elevada empregabilidade. Com 14 n\u00facleos de forma\u00e7\u00e3o em todo o pa\u00eds e uma crescente presen\u00e7a na CPLP, o CENFIM continua a promover a excel\u00eancia t\u00e9cnica e o desenvolvimento sustent\u00e1vel no setor.\",\"breadcrumb\":{\"@id\":\"https:\/\/maismagazine.pt\/index.php\/2024\/09\/20\/cenfim-pioneiro-na-formacao-profissional\/#breadcrumb\"},\"inLanguage\":\"pt-PT\",\"potentialAction\":[{\"@type\":\"ReadAction\",\"target\":[\"https:\/\/maismagazine.pt\/index.php\/2024\/09\/20\/cenfim-pioneiro-na-formacao-profissional\/\"]}]},{\"@type\":\"ImageObject\",\"inLanguage\":\"pt-PT\",\"@id\":\"https:\/\/maismagazine.pt\/index.php\/2024\/09\/20\/cenfim-pioneiro-na-formacao-profissional\/#primaryimage\",\"url\":\"https:\/\/maismagazine.pt\/wp-content\/uploads\/2024\/09\/MOZ_paineis-solares.jpg\",\"contentUrl\":\"https:\/\/maismagazine.pt\/wp-content\/uploads\/2024\/09\/MOZ_paineis-solares.jpg\",\"width\":1080,\"height\":578},{\"@type\":\"BreadcrumbList\",\"@id\":\"https:\/\/maismagazine.pt\/index.php\/2024\/09\/20\/cenfim-pioneiro-na-formacao-profissional\/#breadcrumb\",\"itemListElement\":[{\"@type\":\"ListItem\",\"position\":1,\"name\":\"Home\",\"item\":\"http:\/\/maismagazine.pt\/\"},{\"@type\":\"ListItem\",\"position\":2,\"name\":\"CENFIM: Pioneiro na forma\u00e7\u00e3o profissional\"}]},{\"@type\":\"WebSite\",\"@id\":\"http:\/\/maismagazine.pt\/#website\",\"url\":\"http:\/\/maismagazine.pt\/\",\"name\":\"Mais Magazine\",\"description\":\"\",\"publisher\":{\"@id\":\"http:\/\/maismagazine.pt\/#organization\"},\"potentialAction\":[{\"@type\":\"SearchAction\",\"target\":{\"@type\":\"EntryPoint\",\"urlTemplate\":\"http:\/\/maismagazine.pt\/?s={search_term_string}\"},\"query-input\":{\"@type\":\"PropertyValueSpecification\",\"valueRequired\":true,\"valueName\":\"search_term_string\"}}],\"inLanguage\":\"pt-PT\"},{\"@type\":\"Organization\",\"@id\":\"http:\/\/maismagazine.pt\/#organization\",\"name\":\"Mais Magazine\",\"url\":\"http:\/\/maismagazine.pt\/\",\"logo\":{\"@type\":\"ImageObject\",\"inLanguage\":\"pt-PT\",\"@id\":\"http:\/\/maismagazine.pt\/#\/schema\/logo\/image\/\",\"url\":\"https:\/\/maismagazine.pt\/wp-content\/uploads\/2020\/04\/cropped-cropped-mais-magazine-site-logo-2.png\",\"contentUrl\":\"https:\/\/maismagazine.pt\/wp-content\/uploads\/2020\/04\/cropped-cropped-mais-magazine-site-logo-2.png\",\"width\":581,\"height\":90,\"caption\":\"Mais Magazine\"},\"image\":{\"@id\":\"http:\/\/maismagazine.pt\/#\/schema\/logo\/image\/\"}},{\"@type\":\"Person\",\"@id\":\"http:\/\/maismagazine.pt\/#\/schema\/person\/c6c5bfccc886434cbd11c74e035f9646\",\"name\":\"Tiago Costa\",\"image\":{\"@type\":\"ImageObject\",\"inLanguage\":\"pt-PT\",\"@id\":\"http:\/\/maismagazine.pt\/#\/schema\/person\/image\/\",\"url\":\"https:\/\/secure.gravatar.com\/avatar\/c599b2bce16c9870429198cbad5ee022?s=96&d=mm&r=g\",\"contentUrl\":\"https:\/\/secure.gravatar.com\/avatar\/c599b2bce16c9870429198cbad5ee022?s=96&d=mm&r=g\",\"caption\":\"Tiago Costa\"},\"url\":\"https:\/\/maismagazine.pt\/index.php\/author\/tiago\/\"}]}<\/script>\n<!-- \/ Yoast SEO plugin. -->","yoast_head_json":{"title":"CENFIM: Pioneiro na forma\u00e7\u00e3o profissional - Mais Magazine","description":"Desde 1985, o CENFIM tem liderado a forma\u00e7\u00e3o profissional na ind\u00fastria metal\u00fargica e metalomec\u00e2nica em Portugal. Fundado atrav\u00e9s de uma parceria entre o IEFP, AIMMAP e ANEME, este centro oferece programas inovadores e diversificados, garantindo uma elevada empregabilidade. Com 14 n\u00facleos de forma\u00e7\u00e3o em todo o pa\u00eds e uma crescente presen\u00e7a na CPLP, o CENFIM continua a promover a excel\u00eancia t\u00e9cnica e o desenvolvimento sustent\u00e1vel no setor.","robots":{"index":"index","follow":"follow","max-snippet":"max-snippet:-1","max-image-preview":"max-image-preview:large","max-video-preview":"max-video-preview:-1"},"canonical":"https:\/\/maismagazine.pt\/index.php\/2024\/09\/20\/cenfim-pioneiro-na-formacao-profissional\/","og_locale":"pt_PT","og_type":"article","og_title":"CENFIM: Pioneiro na forma\u00e7\u00e3o profissional - Mais Magazine","og_description":"Desde 1985, o CENFIM tem liderado a forma\u00e7\u00e3o profissional na ind\u00fastria metal\u00fargica e metalomec\u00e2nica em Portugal. Fundado atrav\u00e9s de uma parceria entre o IEFP, AIMMAP e ANEME, este centro oferece programas inovadores e diversificados, garantindo uma elevada empregabilidade. Com 14 n\u00facleos de forma\u00e7\u00e3o em todo o pa\u00eds e uma crescente presen\u00e7a na CPLP, o CENFIM continua a promover a excel\u00eancia t\u00e9cnica e o desenvolvimento sustent\u00e1vel no setor.","og_url":"https:\/\/maismagazine.pt\/index.php\/2024\/09\/20\/cenfim-pioneiro-na-formacao-profissional\/","og_site_name":"Mais Magazine","article_published_time":"2024-09-20T06:00:00+00:00","og_image":[{"width":1080,"height":578,"url":"https:\/\/maismagazine.pt\/wp-content\/uploads\/2024\/09\/MOZ_paineis-solares.jpg","type":"image\/jpeg"}],"author":"Tiago Costa","twitter_card":"summary_large_image","twitter_misc":{"Escrito por":false,"Tempo estimado de leitura":"6 minutos"},"schema":{"@context":"https:\/\/schema.org","@graph":[{"@type":"Article","@id":"https:\/\/maismagazine.pt\/index.php\/2024\/09\/20\/cenfim-pioneiro-na-formacao-profissional\/#article","isPartOf":{"@id":"https:\/\/maismagazine.pt\/index.php\/2024\/09\/20\/cenfim-pioneiro-na-formacao-profissional\/"},"author":{"name":"Tiago Costa","@id":"http:\/\/maismagazine.pt\/#\/schema\/person\/c6c5bfccc886434cbd11c74e035f9646"},"headline":"CENFIM: Pioneiro na forma\u00e7\u00e3o profissional","datePublished":"2024-09-20T06:00:00+00:00","mainEntityOfPage":{"@id":"https:\/\/maismagazine.pt\/index.php\/2024\/09\/20\/cenfim-pioneiro-na-formacao-profissional\/"},"wordCount":979,"publisher":{"@id":"http:\/\/maismagazine.pt\/#organization"},"image":{"@id":"https:\/\/maismagazine.pt\/index.php\/2024\/09\/20\/cenfim-pioneiro-na-formacao-profissional\/#primaryimage"},"thumbnailUrl":"https:\/\/maismagazine.pt\/wp-content\/uploads\/2024\/09\/MOZ_paineis-solares.jpg","keywords":["CENFIM"],"articleSection":["Destaques","Educa\u00e7\u00e3o","Empreendedorismo"],"inLanguage":"pt-PT"},{"@type":"WebPage","@id":"https:\/\/maismagazine.pt\/index.php\/2024\/09\/20\/cenfim-pioneiro-na-formacao-profissional\/","url":"https:\/\/maismagazine.pt\/index.php\/2024\/09\/20\/cenfim-pioneiro-na-formacao-profissional\/","name":"CENFIM: Pioneiro na forma\u00e7\u00e3o profissional - Mais Magazine","isPartOf":{"@id":"http:\/\/maismagazine.pt\/#website"},"primaryImageOfPage":{"@id":"https:\/\/maismagazine.pt\/index.php\/2024\/09\/20\/cenfim-pioneiro-na-formacao-profissional\/#primaryimage"},"image":{"@id":"https:\/\/maismagazine.pt\/index.php\/2024\/09\/20\/cenfim-pioneiro-na-formacao-profissional\/#primaryimage"},"thumbnailUrl":"https:\/\/maismagazine.pt\/wp-content\/uploads\/2024\/09\/MOZ_paineis-solares.jpg","datePublished":"2024-09-20T06:00:00+00:00","description":"Desde 1985, o CENFIM tem liderado a forma\u00e7\u00e3o profissional na ind\u00fastria metal\u00fargica e metalomec\u00e2nica em Portugal. Fundado atrav\u00e9s de uma parceria entre o IEFP, AIMMAP e ANEME, este centro oferece programas inovadores e diversificados, garantindo uma elevada empregabilidade. Com 14 n\u00facleos de forma\u00e7\u00e3o em todo o pa\u00eds e uma crescente presen\u00e7a na CPLP, o CENFIM continua a promover a excel\u00eancia t\u00e9cnica e o desenvolvimento sustent\u00e1vel no setor.","breadcrumb":{"@id":"https:\/\/maismagazine.pt\/index.php\/2024\/09\/20\/cenfim-pioneiro-na-formacao-profissional\/#breadcrumb"},"inLanguage":"pt-PT","potentialAction":[{"@type":"ReadAction","target":["https:\/\/maismagazine.pt\/index.php\/2024\/09\/20\/cenfim-pioneiro-na-formacao-profissional\/"]}]},{"@type":"ImageObject","inLanguage":"pt-PT","@id":"https:\/\/maismagazine.pt\/index.php\/2024\/09\/20\/cenfim-pioneiro-na-formacao-profissional\/#primaryimage","url":"https:\/\/maismagazine.pt\/wp-content\/uploads\/2024\/09\/MOZ_paineis-solares.jpg","contentUrl":"https:\/\/maismagazine.pt\/wp-content\/uploads\/2024\/09\/MOZ_paineis-solares.jpg","width":1080,"height":578},{"@type":"BreadcrumbList","@id":"https:\/\/maismagazine.pt\/index.php\/2024\/09\/20\/cenfim-pioneiro-na-formacao-profissional\/#breadcrumb","itemListElement":[{"@type":"ListItem","position":1,"name":"Home","item":"http:\/\/maismagazine.pt\/"},{"@type":"ListItem","position":2,"name":"CENFIM: Pioneiro na forma\u00e7\u00e3o profissional"}]},{"@type":"WebSite","@id":"http:\/\/maismagazine.pt\/#website","url":"http:\/\/maismagazine.pt\/","name":"Mais Magazine","description":"","publisher":{"@id":"http:\/\/maismagazine.pt\/#organization"},"potentialAction":[{"@type":"SearchAction","target":{"@type":"EntryPoint","urlTemplate":"http:\/\/maismagazine.pt\/?s={search_term_string}"},"query-input":{"@type":"PropertyValueSpecification","valueRequired":true,"valueName":"search_term_string"}}],"inLanguage":"pt-PT"},{"@type":"Organization","@id":"http:\/\/maismagazine.pt\/#organization","name":"Mais Magazine","url":"http:\/\/maismagazine.pt\/","logo":{"@type":"ImageObject","inLanguage":"pt-PT","@id":"http:\/\/maismagazine.pt\/#\/schema\/logo\/image\/","url":"https:\/\/maismagazine.pt\/wp-content\/uploads\/2020\/04\/cropped-cropped-mais-magazine-site-logo-2.png","contentUrl":"https:\/\/maismagazine.pt\/wp-content\/uploads\/2020\/04\/cropped-cropped-mais-magazine-site-logo-2.png","width":581,"height":90,"caption":"Mais Magazine"},"image":{"@id":"http:\/\/maismagazine.pt\/#\/schema\/logo\/image\/"}},{"@type":"Person","@id":"http:\/\/maismagazine.pt\/#\/schema\/person\/c6c5bfccc886434cbd11c74e035f9646","name":"Tiago Costa","image":{"@type":"ImageObject","inLanguage":"pt-PT","@id":"http:\/\/maismagazine.pt\/#\/schema\/person\/image\/","url":"https:\/\/secure.gravatar.com\/avatar\/c599b2bce16c9870429198cbad5ee022?s=96&d=mm&r=g","contentUrl":"https:\/\/secure.gravatar.com\/avatar\/c599b2bce16c9870429198cbad5ee022?s=96&d=mm&r=g","caption":"Tiago Costa"},"url":"https:\/\/maismagazine.pt\/index.php\/author\/tiago\/"}]}},"author_meta":{"display_name":false,"author_link":"https:\/\/maismagazine.pt\/index.php\/author\/tiago\/"},"featured_img":"https:\/\/maismagazine.pt\/wp-content\/uploads\/2024\/09\/MOZ_paineis-solares-300x161.jpg","coauthors":[],"tax_additional":{"categories":{"linked":["<a href=\"https:\/\/maismagazine.pt\/index.php\/category\/destaques\/\" class=\"advgb-post-tax-term\">Destaques<\/a>","<a href=\"https:\/\/maismagazine.pt\/index.php\/category\/educacao\/\" class=\"advgb-post-tax-term\">Educa\u00e7\u00e3o<\/a>","<a href=\"https:\/\/maismagazine.pt\/index.php\/category\/empreendedorismo\/\" class=\"advgb-post-tax-term\">Empreendedorismo<\/a>"],"unlinked":["<span class=\"advgb-post-tax-term\">Destaques<\/span>","<span class=\"advgb-post-tax-term\">Educa\u00e7\u00e3o<\/span>","<span class=\"advgb-post-tax-term\">Empreendedorismo<\/span>"]},"tags":{"linked":["<a href=\"https:\/\/maismagazine.pt\/index.php\/category\/empreendedorismo\/\" class=\"advgb-post-tax-term\">CENFIM<\/a>"],"unlinked":["<span class=\"advgb-post-tax-term\">CENFIM<\/span>"]}},"comment_count":"0","relative_dates":{"created":"Posted 2 anos ago","modified":"Updated 2 anos ago"},"absolute_dates":{"created":"Posted on 20 de Setembro, 2024","modified":"Updated on 16 de Setembro, 2024"},"absolute_dates_time":{"created":"Posted on 20 de Setembro, 2024 7:00","modified":"Updated on 16 de Setembro, 2024 15:14"},"featured_img_caption":"","series_order":"","_links":{"self":[{"href":"https:\/\/maismagazine.pt\/index.php\/wp-json\/wp\/v2\/posts\/10359","targetHints":{"allow":["GET"]}}],"collection":[{"href":"https:\/\/maismagazine.pt\/index.php\/wp-json\/wp\/v2\/posts"}],"about":[{"href":"https:\/\/maismagazine.pt\/index.php\/wp-json\/wp\/v2\/types\/post"}],"author":[{"embeddable":true,"href":"https:\/\/maismagazine.pt\/index.php\/wp-json\/wp\/v2\/users\/17"}],"replies":[{"embeddable":true,"href":"https:\/\/maismagazine.pt\/index.php\/wp-json\/wp\/v2\/comments?post=10359"}],"version-history":[{"count":1,"href":"https:\/\/maismagazine.pt\/index.php\/wp-json\/wp\/v2\/posts\/10359\/revisions"}],"predecessor-version":[{"id":10371,"href":"https:\/\/maismagazine.pt\/index.php\/wp-json\/wp\/v2\/posts\/10359\/revisions\/10371"}],"wp:featuredmedia":[{"embeddable":true,"href":"https:\/\/maismagazine.pt\/index.php\/wp-json\/wp\/v2\/media\/10370"}],"wp:attachment":[{"href":"https:\/\/maismagazine.pt\/index.php\/wp-json\/wp\/v2\/media?parent=10359"}],"wp:term":[{"taxonomy":"category","embeddable":true,"href":"https:\/\/maismagazine.pt\/index.php\/wp-json\/wp\/v2\/categories?post=10359"},{"taxonomy":"post_tag","embeddable":true,"href":"https:\/\/maismagazine.pt\/index.php\/wp-json\/wp\/v2\/tags?post=10359"}],"curies":[{"name":"wp","href":"https:\/\/api.w.org\/{rel}","templated":true}]}}