{"id":10333,"date":"2024-09-10T10:03:26","date_gmt":"2024-09-10T09:03:26","guid":{"rendered":"https:\/\/maismagazine.pt\/?p=10333"},"modified":"2024-09-10T10:03:26","modified_gmt":"2024-09-10T09:03:26","slug":"rececao-aos-novos-estudantes-do-ipbeja-marca-inicio-do-ano-letivo","status":"publish","type":"post","link":"https:\/\/maismagazine.pt\/index.php\/2024\/09\/10\/rececao-aos-novos-estudantes-do-ipbeja-marca-inicio-do-ano-letivo\/","title":{"rendered":"Rece\u00e7\u00e3o aos Novos Estudantes do IPBeja marca in\u00edcio do Ano Letivo"},"content":{"rendered":"\n<p><strong>O Instituto Polit\u00e9cnico de Beja (IPBeja) promove, j\u00e1 a partir desta quinta-feira dia 12 de setembro, a 1\u00aa atividade de integra\u00e7\u00e3o aos novos estudantes, sob a organiza\u00e7\u00e3o dos alunos do IPBeja, um Peddy Paper, com in\u00edcio \u00e0s 14.00 horas, no Campus IPBeja, marcando assim o arranque do Ano Letivo 2024\/25.<\/strong><\/p>\n\n\n\n<p><\/p>\n\n\n\n<p>Na pr\u00f3xima segunda-feira, dia 16 de setembro, o programa segue, \u00e0s 10:30 horas, junto \u00e0 entrada principal de cada escola onde se realiza a rece\u00e7\u00e3o aos novos alunos pela respetiva dire\u00e7\u00e3o e coordena\u00e7\u00e3o de curso.<\/p>\n\n\n\n<p><\/p>\n\n\n\n<p>Com esta iniciativa, o IPBeja pretende dar a conhecer aos alunos que, agora, chegam \u00e0 institui\u00e7\u00e3o, a vertente institucional da organiza\u00e7\u00e3o, os seus \u00f3rg\u00e3os de gest\u00e3o, pedag\u00f3gicos e acad\u00e9micos, assim como, servi\u00e7os e apoios que a institui\u00e7\u00e3o disponibiliza aos estudantes. <\/p>\n\n\n\n<p><\/p>\n\n\n\n<p>Durante a tarde do dia 16, tendo como mote a integra\u00e7\u00e3o dos novos estudantes, est\u00e3o agendadas uma s\u00e9rie de momentos.<\/p>\n\n\n\n<p><\/p>\n\n\n\n<p>\u00c0s 15:00 horas, no hall dos Servi\u00e7os Comuns I, ser\u00e1 entregue aos alunos de licenciatura um kit de boas-vindas.<\/p>\n\n\n\n<p><\/p>\n\n\n\n<p>A partir das 15:30 horas, no audit\u00f3rio I, do mesmo edif\u00edcio, realiza-se a rece\u00e7\u00e3o de boas-vindas pela senhora Presidente do IPBeja, Prof. Doutora Maria de F\u00e1tima Carvalho e pelo Senhor Presidente da C\u00e2mara Municipal de Beja, Dr. Paulo Ars\u00e9nio. Segue-se, pelas 16:00 horas, uma apresenta\u00e7\u00e3o unificada dos servi\u00e7os e apoios prestados pelo IPBeja aos estudantes. \u00a0A iniciativa no audit\u00f3rio I, do edif\u00edcio dos Servi\u00e7os Comuns I, termina \u00e0s 16:30 horas seguida da atua\u00e7\u00e3o das Tunas Acad\u00e9micas do IPBeja.<\/p>\n\n\n\n<p><\/p>\n\n\n\n<p>A partir das 17.00 horas, ir\u00e1 realizar-se o Sunset\u00a0IPBeja, que promete marcar o primeiro contacto com a comunidade acad\u00e9mica. Esta iniciativa, al\u00e9m de acolher e dar as boas-vindas aos novos estudantes, pretende tamb\u00e9m contribuir para a sua plena integra\u00e7\u00e3o, n\u00e3o s\u00f3 na vida acad\u00e9mica, mas na cidade e na regi\u00e3o que os recebe.<\/p>\n\n\n\n<p><\/p>\n\n\n\n<p>Pretende-se juntar toda a comunidade (alunos, docentes e n\u00e3o docentes) num momento de conv\u00edvio.<\/p>\n\n\n\n<p><\/p>\n\n\n\n<p>Todas as atividades de acolhimento e boas vindas decorrem no \u00e2mbito do\u00a0projeto Impulso Mais Digital,\u00a0que tem como principal objetivo\u00a0a rece\u00e7\u00e3o e integra\u00e7\u00e3o dos novos estudantes, como uma medida do Programa de Promo\u00e7\u00e3o de Sucesso e Redu\u00e7\u00e3o de Abandono Escolar no Ensino Superior, considerando-se assim um instrumento de comunica\u00e7\u00e3o adaptado \u00e0s necessidades do p\u00fablico-alvo de IPBeja.<\/p>\n\n\n\n<p><\/p>\n\n\n\n<p>Do programa de integra\u00e7\u00e3o dos novos alunos, fazem parte diversas iniciativas, tais como, a <em>Welcome Session Erasmus Student<\/em>, no dia 17 de setembro, o Dia Solid\u00e1ria a 18 de setembro, a Prociss\u00e3o das Velas no dia 24 de setembro, o Desfile Acad\u00e9mico a 26 de setembro, um espet\u00e1culo de talentos do IPBeja dia 8 de outubro. O programa encerra dia 12 de novembro, com as comemora\u00e7\u00f5es do 45\u00ba anivers\u00e1rio do IPBeja.<\/p>\n\n\n\n<p><\/p>\n\n\n\n<p>Para mais informa\u00e7\u00f5es, consulte o <a href=\"https:\/\/www.ipbeja.pt\/servicos\/gicom\/Documents\/Rececao_Novos_Alunos_2024_Programa.pdf\">Programa de Rece\u00e7\u00e3o aos Novos Alunos<\/a>.<\/p>\n","protected":false},"excerpt":{"rendered":"<p>O Instituto Polit\u00e9cnico de Beja (IPBeja) promove, j\u00e1 a partir desta quinta-feira dia 12 de setembro, a 1\u00aa atividade de integra\u00e7\u00e3o aos novos estudantes, sob a organiza\u00e7\u00e3o dos alunos do IPBeja, um Peddy Paper, com in\u00edcio \u00e0s 14.00 horas, no Campus IPBeja, marcando assim o arranque do Ano Letivo 2024\/25.&hellip;<\/p>\n","protected":false},"author":17,"featured_media":6832,"comment_status":"closed","ping_status":"open","sticky":false,"template":"","format":"standard","meta":{"advgb_blocks_editor_width":"","advgb_blocks_columns_visual_guide":"","_monsterinsights_skip_tracking":false,"_monsterinsights_sitenote_active":false,"_monsterinsights_sitenote_note":"","_monsterinsights_sitenote_category":0,"footnotes":""},"categories":[7],"tags":[1511],"class_list":["post-10333","post","type-post","status-publish","format-standard","has-post-thumbnail","hentry","category-noticias","tag-ip-beja"],"yoast_head":"<!-- This site is optimized with the Yoast SEO plugin v24.4 - https:\/\/yoast.com\/wordpress\/plugins\/seo\/ -->\n<title>Rece\u00e7\u00e3o aos Novos Estudantes do IPBeja marca in\u00edcio do Ano Letivo - Mais Magazine<\/title>\n<meta name=\"description\" content=\"O Instituto Polit\u00e9cnico de Beja (IPBeja) promove, j\u00e1 a partir desta quinta-feira dia 12 de setembro, a 1\u00aa atividade de integra\u00e7\u00e3o aos novos estudantes, sob a organiza\u00e7\u00e3o dos alunos do IPBeja, um Peddy Paper, com in\u00edcio \u00e0s 14.00 horas, no Campus IPBeja, marcando assim o arranque do Ano Letivo 2024\/25.\" \/>\n<meta name=\"robots\" content=\"index, follow, max-snippet:-1, max-image-preview:large, max-video-preview:-1\" \/>\n<link rel=\"canonical\" href=\"https:\/\/maismagazine.pt\/index.php\/2024\/09\/10\/rececao-aos-novos-estudantes-do-ipbeja-marca-inicio-do-ano-letivo\/\" \/>\n<meta property=\"og:locale\" content=\"pt_PT\" \/>\n<meta property=\"og:type\" content=\"article\" \/>\n<meta property=\"og:title\" content=\"Rece\u00e7\u00e3o aos Novos Estudantes do IPBeja marca in\u00edcio do Ano Letivo - Mais Magazine\" \/>\n<meta property=\"og:description\" content=\"O Instituto Polit\u00e9cnico de Beja (IPBeja) promove, j\u00e1 a partir desta quinta-feira dia 12 de setembro, a 1\u00aa atividade de integra\u00e7\u00e3o aos novos estudantes, sob a organiza\u00e7\u00e3o dos alunos do IPBeja, um Peddy Paper, com in\u00edcio \u00e0s 14.00 horas, no Campus IPBeja, marcando assim o arranque do Ano Letivo 2024\/25.\" \/>\n<meta property=\"og:url\" content=\"https:\/\/maismagazine.pt\/index.php\/2024\/09\/10\/rececao-aos-novos-estudantes-do-ipbeja-marca-inicio-do-ano-letivo\/\" \/>\n<meta property=\"og:site_name\" content=\"Mais Magazine\" \/>\n<meta property=\"article:published_time\" content=\"2024-09-10T09:03:26+00:00\" \/>\n<meta property=\"og:image\" content=\"https:\/\/maismagazine.pt\/wp-content\/uploads\/2023\/05\/IPBeja_banner_esq.png\" \/>\n\t<meta property=\"og:image:width\" content=\"212\" \/>\n\t<meta property=\"og:image:height\" content=\"174\" \/>\n\t<meta property=\"og:image:type\" content=\"image\/png\" \/>\n<meta name=\"author\" content=\"Tiago Costa\" \/>\n<meta name=\"twitter:card\" content=\"summary_large_image\" \/>\n<meta name=\"twitter:label1\" content=\"Escrito por\" \/>\n\t<meta name=\"twitter:data1\" content=\"\" \/>\n\t<meta name=\"twitter:label2\" content=\"Tempo estimado de leitura\" \/>\n\t<meta name=\"twitter:data2\" content=\"3 minutos\" \/>\n<script type=\"application\/ld+json\" class=\"yoast-schema-graph\">{\"@context\":\"https:\/\/schema.org\",\"@graph\":[{\"@type\":\"Article\",\"@id\":\"https:\/\/maismagazine.pt\/index.php\/2024\/09\/10\/rececao-aos-novos-estudantes-do-ipbeja-marca-inicio-do-ano-letivo\/#article\",\"isPartOf\":{\"@id\":\"https:\/\/maismagazine.pt\/index.php\/2024\/09\/10\/rececao-aos-novos-estudantes-do-ipbeja-marca-inicio-do-ano-letivo\/\"},\"author\":{\"name\":\"Tiago Costa\",\"@id\":\"https:\/\/maismagazine.pt\/#\/schema\/person\/c6c5bfccc886434cbd11c74e035f9646\"},\"headline\":\"Rece\u00e7\u00e3o aos Novos Estudantes do IPBeja marca in\u00edcio do Ano Letivo\",\"datePublished\":\"2024-09-10T09:03:26+00:00\",\"mainEntityOfPage\":{\"@id\":\"https:\/\/maismagazine.pt\/index.php\/2024\/09\/10\/rececao-aos-novos-estudantes-do-ipbeja-marca-inicio-do-ano-letivo\/\"},\"wordCount\":499,\"publisher\":{\"@id\":\"https:\/\/maismagazine.pt\/#organization\"},\"image\":{\"@id\":\"https:\/\/maismagazine.pt\/index.php\/2024\/09\/10\/rececao-aos-novos-estudantes-do-ipbeja-marca-inicio-do-ano-letivo\/#primaryimage\"},\"thumbnailUrl\":\"https:\/\/maismagazine.pt\/wp-content\/uploads\/2023\/05\/IPBeja_banner_esq.png\",\"keywords\":[\"IP Beja\"],\"articleSection\":[\"Not\u00edcias\"],\"inLanguage\":\"pt-PT\"},{\"@type\":\"WebPage\",\"@id\":\"https:\/\/maismagazine.pt\/index.php\/2024\/09\/10\/rececao-aos-novos-estudantes-do-ipbeja-marca-inicio-do-ano-letivo\/\",\"url\":\"https:\/\/maismagazine.pt\/index.php\/2024\/09\/10\/rececao-aos-novos-estudantes-do-ipbeja-marca-inicio-do-ano-letivo\/\",\"name\":\"Rece\u00e7\u00e3o aos Novos Estudantes do IPBeja marca in\u00edcio do Ano Letivo - Mais Magazine\",\"isPartOf\":{\"@id\":\"https:\/\/maismagazine.pt\/#website\"},\"primaryImageOfPage\":{\"@id\":\"https:\/\/maismagazine.pt\/index.php\/2024\/09\/10\/rececao-aos-novos-estudantes-do-ipbeja-marca-inicio-do-ano-letivo\/#primaryimage\"},\"image\":{\"@id\":\"https:\/\/maismagazine.pt\/index.php\/2024\/09\/10\/rececao-aos-novos-estudantes-do-ipbeja-marca-inicio-do-ano-letivo\/#primaryimage\"},\"thumbnailUrl\":\"https:\/\/maismagazine.pt\/wp-content\/uploads\/2023\/05\/IPBeja_banner_esq.png\",\"datePublished\":\"2024-09-10T09:03:26+00:00\",\"description\":\"O Instituto Polit\u00e9cnico de Beja (IPBeja) promove, j\u00e1 a partir desta quinta-feira dia 12 de setembro, a 1\u00aa atividade de integra\u00e7\u00e3o aos novos estudantes, sob a organiza\u00e7\u00e3o dos alunos do IPBeja, um Peddy Paper, com in\u00edcio \u00e0s 14.00 horas, no Campus IPBeja, marcando assim o arranque do Ano Letivo 2024\/25.\",\"breadcrumb\":{\"@id\":\"https:\/\/maismagazine.pt\/index.php\/2024\/09\/10\/rececao-aos-novos-estudantes-do-ipbeja-marca-inicio-do-ano-letivo\/#breadcrumb\"},\"inLanguage\":\"pt-PT\",\"potentialAction\":[{\"@type\":\"ReadAction\",\"target\":[\"https:\/\/maismagazine.pt\/index.php\/2024\/09\/10\/rececao-aos-novos-estudantes-do-ipbeja-marca-inicio-do-ano-letivo\/\"]}]},{\"@type\":\"ImageObject\",\"inLanguage\":\"pt-PT\",\"@id\":\"https:\/\/maismagazine.pt\/index.php\/2024\/09\/10\/rececao-aos-novos-estudantes-do-ipbeja-marca-inicio-do-ano-letivo\/#primaryimage\",\"url\":\"https:\/\/maismagazine.pt\/wp-content\/uploads\/2023\/05\/IPBeja_banner_esq.png\",\"contentUrl\":\"https:\/\/maismagazine.pt\/wp-content\/uploads\/2023\/05\/IPBeja_banner_esq.png\",\"width\":212,\"height\":174},{\"@type\":\"BreadcrumbList\",\"@id\":\"https:\/\/maismagazine.pt\/index.php\/2024\/09\/10\/rececao-aos-novos-estudantes-do-ipbeja-marca-inicio-do-ano-letivo\/#breadcrumb\",\"itemListElement\":[{\"@type\":\"ListItem\",\"position\":1,\"name\":\"Home\",\"item\":\"https:\/\/maismagazine.pt\/\"},{\"@type\":\"ListItem\",\"position\":2,\"name\":\"Rece\u00e7\u00e3o aos Novos Estudantes do IPBeja marca in\u00edcio do Ano Letivo\"}]},{\"@type\":\"WebSite\",\"@id\":\"https:\/\/maismagazine.pt\/#website\",\"url\":\"https:\/\/maismagazine.pt\/\",\"name\":\"Mais Magazine\",\"description\":\"\",\"publisher\":{\"@id\":\"https:\/\/maismagazine.pt\/#organization\"},\"potentialAction\":[{\"@type\":\"SearchAction\",\"target\":{\"@type\":\"EntryPoint\",\"urlTemplate\":\"https:\/\/maismagazine.pt\/?s={search_term_string}\"},\"query-input\":{\"@type\":\"PropertyValueSpecification\",\"valueRequired\":true,\"valueName\":\"search_term_string\"}}],\"inLanguage\":\"pt-PT\"},{\"@type\":\"Organization\",\"@id\":\"https:\/\/maismagazine.pt\/#organization\",\"name\":\"Mais Magazine\",\"url\":\"https:\/\/maismagazine.pt\/\",\"logo\":{\"@type\":\"ImageObject\",\"inLanguage\":\"pt-PT\",\"@id\":\"https:\/\/maismagazine.pt\/#\/schema\/logo\/image\/\",\"url\":\"https:\/\/maismagazine.pt\/wp-content\/uploads\/2020\/04\/cropped-cropped-mais-magazine-site-logo-2.png\",\"contentUrl\":\"https:\/\/maismagazine.pt\/wp-content\/uploads\/2020\/04\/cropped-cropped-mais-magazine-site-logo-2.png\",\"width\":581,\"height\":90,\"caption\":\"Mais Magazine\"},\"image\":{\"@id\":\"https:\/\/maismagazine.pt\/#\/schema\/logo\/image\/\"}},{\"@type\":\"Person\",\"@id\":\"https:\/\/maismagazine.pt\/#\/schema\/person\/c6c5bfccc886434cbd11c74e035f9646\",\"name\":\"Tiago Costa\",\"image\":{\"@type\":\"ImageObject\",\"inLanguage\":\"pt-PT\",\"@id\":\"https:\/\/maismagazine.pt\/#\/schema\/person\/image\/\",\"url\":\"https:\/\/secure.gravatar.com\/avatar\/c599b2bce16c9870429198cbad5ee022?s=96&d=mm&r=g\",\"contentUrl\":\"https:\/\/secure.gravatar.com\/avatar\/c599b2bce16c9870429198cbad5ee022?s=96&d=mm&r=g\",\"caption\":\"Tiago Costa\"},\"url\":\"https:\/\/maismagazine.pt\/index.php\/author\/tiago\/\"}]}<\/script>\n<!-- \/ Yoast SEO plugin. -->","yoast_head_json":{"title":"Rece\u00e7\u00e3o aos Novos Estudantes do IPBeja marca in\u00edcio do Ano Letivo - Mais Magazine","description":"O Instituto Polit\u00e9cnico de Beja (IPBeja) promove, j\u00e1 a partir desta quinta-feira dia 12 de setembro, a 1\u00aa atividade de integra\u00e7\u00e3o aos novos estudantes, sob a organiza\u00e7\u00e3o dos alunos do IPBeja, um Peddy Paper, com in\u00edcio \u00e0s 14.00 horas, no Campus IPBeja, marcando assim o arranque do Ano Letivo 2024\/25.","robots":{"index":"index","follow":"follow","max-snippet":"max-snippet:-1","max-image-preview":"max-image-preview:large","max-video-preview":"max-video-preview:-1"},"canonical":"https:\/\/maismagazine.pt\/index.php\/2024\/09\/10\/rececao-aos-novos-estudantes-do-ipbeja-marca-inicio-do-ano-letivo\/","og_locale":"pt_PT","og_type":"article","og_title":"Rece\u00e7\u00e3o aos Novos Estudantes do IPBeja marca in\u00edcio do Ano Letivo - Mais Magazine","og_description":"O Instituto Polit\u00e9cnico de Beja (IPBeja) promove, j\u00e1 a partir desta quinta-feira dia 12 de setembro, a 1\u00aa atividade de integra\u00e7\u00e3o aos novos estudantes, sob a organiza\u00e7\u00e3o dos alunos do IPBeja, um Peddy Paper, com in\u00edcio \u00e0s 14.00 horas, no Campus IPBeja, marcando assim o arranque do Ano Letivo 2024\/25.","og_url":"https:\/\/maismagazine.pt\/index.php\/2024\/09\/10\/rececao-aos-novos-estudantes-do-ipbeja-marca-inicio-do-ano-letivo\/","og_site_name":"Mais Magazine","article_published_time":"2024-09-10T09:03:26+00:00","og_image":[{"width":212,"height":174,"url":"https:\/\/maismagazine.pt\/wp-content\/uploads\/2023\/05\/IPBeja_banner_esq.png","type":"image\/png"}],"author":"Tiago Costa","twitter_card":"summary_large_image","twitter_misc":{"Escrito por":false,"Tempo estimado de leitura":"3 minutos"},"schema":{"@context":"https:\/\/schema.org","@graph":[{"@type":"Article","@id":"https:\/\/maismagazine.pt\/index.php\/2024\/09\/10\/rececao-aos-novos-estudantes-do-ipbeja-marca-inicio-do-ano-letivo\/#article","isPartOf":{"@id":"https:\/\/maismagazine.pt\/index.php\/2024\/09\/10\/rececao-aos-novos-estudantes-do-ipbeja-marca-inicio-do-ano-letivo\/"},"author":{"name":"Tiago Costa","@id":"https:\/\/maismagazine.pt\/#\/schema\/person\/c6c5bfccc886434cbd11c74e035f9646"},"headline":"Rece\u00e7\u00e3o aos Novos Estudantes do IPBeja marca in\u00edcio do Ano Letivo","datePublished":"2024-09-10T09:03:26+00:00","mainEntityOfPage":{"@id":"https:\/\/maismagazine.pt\/index.php\/2024\/09\/10\/rececao-aos-novos-estudantes-do-ipbeja-marca-inicio-do-ano-letivo\/"},"wordCount":499,"publisher":{"@id":"https:\/\/maismagazine.pt\/#organization"},"image":{"@id":"https:\/\/maismagazine.pt\/index.php\/2024\/09\/10\/rececao-aos-novos-estudantes-do-ipbeja-marca-inicio-do-ano-letivo\/#primaryimage"},"thumbnailUrl":"https:\/\/maismagazine.pt\/wp-content\/uploads\/2023\/05\/IPBeja_banner_esq.png","keywords":["IP Beja"],"articleSection":["Not\u00edcias"],"inLanguage":"pt-PT"},{"@type":"WebPage","@id":"https:\/\/maismagazine.pt\/index.php\/2024\/09\/10\/rececao-aos-novos-estudantes-do-ipbeja-marca-inicio-do-ano-letivo\/","url":"https:\/\/maismagazine.pt\/index.php\/2024\/09\/10\/rececao-aos-novos-estudantes-do-ipbeja-marca-inicio-do-ano-letivo\/","name":"Rece\u00e7\u00e3o aos Novos Estudantes do IPBeja marca in\u00edcio do Ano Letivo - Mais Magazine","isPartOf":{"@id":"https:\/\/maismagazine.pt\/#website"},"primaryImageOfPage":{"@id":"https:\/\/maismagazine.pt\/index.php\/2024\/09\/10\/rececao-aos-novos-estudantes-do-ipbeja-marca-inicio-do-ano-letivo\/#primaryimage"},"image":{"@id":"https:\/\/maismagazine.pt\/index.php\/2024\/09\/10\/rececao-aos-novos-estudantes-do-ipbeja-marca-inicio-do-ano-letivo\/#primaryimage"},"thumbnailUrl":"https:\/\/maismagazine.pt\/wp-content\/uploads\/2023\/05\/IPBeja_banner_esq.png","datePublished":"2024-09-10T09:03:26+00:00","description":"O Instituto Polit\u00e9cnico de Beja (IPBeja) promove, j\u00e1 a partir desta quinta-feira dia 12 de setembro, a 1\u00aa atividade de integra\u00e7\u00e3o aos novos estudantes, sob a organiza\u00e7\u00e3o dos alunos do IPBeja, um Peddy Paper, com in\u00edcio \u00e0s 14.00 horas, no Campus IPBeja, marcando assim o arranque do Ano Letivo 2024\/25.","breadcrumb":{"@id":"https:\/\/maismagazine.pt\/index.php\/2024\/09\/10\/rececao-aos-novos-estudantes-do-ipbeja-marca-inicio-do-ano-letivo\/#breadcrumb"},"inLanguage":"pt-PT","potentialAction":[{"@type":"ReadAction","target":["https:\/\/maismagazine.pt\/index.php\/2024\/09\/10\/rececao-aos-novos-estudantes-do-ipbeja-marca-inicio-do-ano-letivo\/"]}]},{"@type":"ImageObject","inLanguage":"pt-PT","@id":"https:\/\/maismagazine.pt\/index.php\/2024\/09\/10\/rececao-aos-novos-estudantes-do-ipbeja-marca-inicio-do-ano-letivo\/#primaryimage","url":"https:\/\/maismagazine.pt\/wp-content\/uploads\/2023\/05\/IPBeja_banner_esq.png","contentUrl":"https:\/\/maismagazine.pt\/wp-content\/uploads\/2023\/05\/IPBeja_banner_esq.png","width":212,"height":174},{"@type":"BreadcrumbList","@id":"https:\/\/maismagazine.pt\/index.php\/2024\/09\/10\/rececao-aos-novos-estudantes-do-ipbeja-marca-inicio-do-ano-letivo\/#breadcrumb","itemListElement":[{"@type":"ListItem","position":1,"name":"Home","item":"https:\/\/maismagazine.pt\/"},{"@type":"ListItem","position":2,"name":"Rece\u00e7\u00e3o aos Novos Estudantes do IPBeja marca in\u00edcio do Ano Letivo"}]},{"@type":"WebSite","@id":"https:\/\/maismagazine.pt\/#website","url":"https:\/\/maismagazine.pt\/","name":"Mais Magazine","description":"","publisher":{"@id":"https:\/\/maismagazine.pt\/#organization"},"potentialAction":[{"@type":"SearchAction","target":{"@type":"EntryPoint","urlTemplate":"https:\/\/maismagazine.pt\/?s={search_term_string}"},"query-input":{"@type":"PropertyValueSpecification","valueRequired":true,"valueName":"search_term_string"}}],"inLanguage":"pt-PT"},{"@type":"Organization","@id":"https:\/\/maismagazine.pt\/#organization","name":"Mais Magazine","url":"https:\/\/maismagazine.pt\/","logo":{"@type":"ImageObject","inLanguage":"pt-PT","@id":"https:\/\/maismagazine.pt\/#\/schema\/logo\/image\/","url":"https:\/\/maismagazine.pt\/wp-content\/uploads\/2020\/04\/cropped-cropped-mais-magazine-site-logo-2.png","contentUrl":"https:\/\/maismagazine.pt\/wp-content\/uploads\/2020\/04\/cropped-cropped-mais-magazine-site-logo-2.png","width":581,"height":90,"caption":"Mais Magazine"},"image":{"@id":"https:\/\/maismagazine.pt\/#\/schema\/logo\/image\/"}},{"@type":"Person","@id":"https:\/\/maismagazine.pt\/#\/schema\/person\/c6c5bfccc886434cbd11c74e035f9646","name":"Tiago Costa","image":{"@type":"ImageObject","inLanguage":"pt-PT","@id":"https:\/\/maismagazine.pt\/#\/schema\/person\/image\/","url":"https:\/\/secure.gravatar.com\/avatar\/c599b2bce16c9870429198cbad5ee022?s=96&d=mm&r=g","contentUrl":"https:\/\/secure.gravatar.com\/avatar\/c599b2bce16c9870429198cbad5ee022?s=96&d=mm&r=g","caption":"Tiago Costa"},"url":"https:\/\/maismagazine.pt\/index.php\/author\/tiago\/"}]}},"author_meta":{"display_name":false,"author_link":"https:\/\/maismagazine.pt\/index.php\/author\/tiago\/"},"featured_img":"https:\/\/maismagazine.pt\/wp-content\/uploads\/2023\/05\/IPBeja_banner_esq.png","coauthors":[],"tax_additional":{"categories":{"linked":["<a href=\"https:\/\/maismagazine.pt\/index.php\/category\/noticias\/\" class=\"advgb-post-tax-term\">Not\u00edcias<\/a>"],"unlinked":["<span class=\"advgb-post-tax-term\">Not\u00edcias<\/span>"]},"tags":{"linked":["<a href=\"https:\/\/maismagazine.pt\/index.php\/category\/noticias\/\" class=\"advgb-post-tax-term\">IP Beja<\/a>"],"unlinked":["<span class=\"advgb-post-tax-term\">IP Beja<\/span>"]}},"comment_count":"0","relative_dates":{"created":"Posted 2 anos ago","modified":"Updated 2 anos ago"},"absolute_dates":{"created":"Posted on 10 de Setembro, 2024","modified":"Updated on 10 de Setembro, 2024"},"absolute_dates_time":{"created":"Posted on 10 de Setembro, 2024 10:03","modified":"Updated on 10 de Setembro, 2024 10:03"},"featured_img_caption":"","series_order":"","_links":{"self":[{"href":"https:\/\/maismagazine.pt\/index.php\/wp-json\/wp\/v2\/posts\/10333","targetHints":{"allow":["GET"]}}],"collection":[{"href":"https:\/\/maismagazine.pt\/index.php\/wp-json\/wp\/v2\/posts"}],"about":[{"href":"https:\/\/maismagazine.pt\/index.php\/wp-json\/wp\/v2\/types\/post"}],"author":[{"embeddable":true,"href":"https:\/\/maismagazine.pt\/index.php\/wp-json\/wp\/v2\/users\/17"}],"replies":[{"embeddable":true,"href":"https:\/\/maismagazine.pt\/index.php\/wp-json\/wp\/v2\/comments?post=10333"}],"version-history":[{"count":1,"href":"https:\/\/maismagazine.pt\/index.php\/wp-json\/wp\/v2\/posts\/10333\/revisions"}],"predecessor-version":[{"id":10334,"href":"https:\/\/maismagazine.pt\/index.php\/wp-json\/wp\/v2\/posts\/10333\/revisions\/10334"}],"wp:featuredmedia":[{"embeddable":true,"href":"https:\/\/maismagazine.pt\/index.php\/wp-json\/wp\/v2\/media\/6832"}],"wp:attachment":[{"href":"https:\/\/maismagazine.pt\/index.php\/wp-json\/wp\/v2\/media?parent=10333"}],"wp:term":[{"taxonomy":"category","embeddable":true,"href":"https:\/\/maismagazine.pt\/index.php\/wp-json\/wp\/v2\/categories?post=10333"},{"taxonomy":"post_tag","embeddable":true,"href":"https:\/\/maismagazine.pt\/index.php\/wp-json\/wp\/v2\/tags?post=10333"}],"curies":[{"name":"wp","href":"https:\/\/api.w.org\/{rel}","templated":true}]}}