{"id":10233,"date":"2024-07-26T07:00:00","date_gmt":"2024-07-26T06:00:00","guid":{"rendered":"https:\/\/maismagazine.pt\/?p=10233"},"modified":"2024-07-23T14:49:55","modified_gmt":"2024-07-23T13:49:55","slug":"catedra-unesco-biodiversidade-e-sustentabilidade-em-ilhas-atlanticas-universidade-dos-acores","status":"publish","type":"post","link":"https:\/\/maismagazine.pt\/index.php\/2024\/07\/26\/catedra-unesco-biodiversidade-e-sustentabilidade-em-ilhas-atlanticas-universidade-dos-acores\/","title":{"rendered":"C\u00e1tedra UNESCO Biodiversidade e Sustentabilidade em Ilhas Atl\u00e2nticas, Universidade dos A\u00e7ores"},"content":{"rendered":"\n<p><strong>A C\u00e1tedra UNESCO da Universidade dos A\u00e7ores organizou o Primeiro Encontro de Redes UNESCO dos A\u00e7ores, realizado nas cidades da Praia da Vit\u00f3ria e Angra do Hero\u00edsmo, nos dias 5 e 6 de setembro de 2023.<\/strong><\/p>\n\n\n\n<p><\/p>\n\n\n\n<p>No dia 28 de fevereiro de 2023, a Universidade dos A\u00e7ores foi palco de um evento marcante: a Apresenta\u00e7\u00e3o P\u00fablica da C\u00e1tedra UNESCO Biodiversidade e Sustentabilidade em Ilhas Atl\u00e2nticas. Este evento, realizado no Campus de Ponta Delgada, contou com a presen\u00e7a da Reitora Susana Mira Leal, do Secret\u00e1rio Regional do Ambiente e Altera\u00e7\u00f5es Clim\u00e1ticas, Alonso Miguel, e da Secret\u00e1ria Executiva da Comiss\u00e3o Nacional da UNESCO, Dr.\u00aa Rita Brito. A sess\u00e3o reuniu cerca de oitenta participantes, tanto presencialmente quanto por videoconfer\u00eancia, representando parceiros do projeto e diversas entidades regionais e internacionais.<\/p>\n\n\n\n<p><\/p>\n\n\n\n<p>A C\u00e1tedra UNESCO, a primeira atribu\u00edda \u00e0 Universidade dos A\u00e7ores, visa integrar investiga\u00e7\u00e3o cient\u00edfica e ensino, focando-se na preserva\u00e7\u00e3o da biodiversidade e nos objetivos de desenvolvimento sustent\u00e1vel, com especial aten\u00e7\u00e3o \u00e0s ilhas atl\u00e2nticas. Este projeto promover\u00e1 intera\u00e7\u00f5es entre os v\u00e1rios arquip\u00e9lagos, criando oportunidades de investiga\u00e7\u00e3o e aprendizagem em \u00e1reas como evolu\u00e7\u00e3o e conserva\u00e7\u00e3o, biodiversidade marinha, biogeografia, paleontologia, limnologia, modela\u00e7\u00e3o geoespacial, ordenamento do territ\u00f3rio e ecoturismo. A colabora\u00e7\u00e3o com a administra\u00e7\u00e3o p\u00fablica, empresas locais e organiza\u00e7\u00f5es n\u00e3o governamentais permitir\u00e1 uma difus\u00e3o mais eficaz dos resultados da investiga\u00e7\u00e3o.<\/p>\n\n\n\n<p><\/p>\n\n\n\n<p>As ilhas atl\u00e2nticas, como os A\u00e7ores, s\u00e3o verdadeiros laborat\u00f3rios naturais para o estudo da biodiversidade e dos processos evolutivos. Estas ilhas abrigam muitas esp\u00e9cies end\u00e9micas e comunidades biol\u00f3gicas primordiais, sendo consideradas hotspots de biodiversidade. No entanto, enfrentam desafios significativos devido \u00e0 a\u00e7\u00e3o humana, como a introdu\u00e7\u00e3o de esp\u00e9cies ex\u00f3ticas e a dissemina\u00e7\u00e3o de atividades humanas. A C\u00e1tedra UNESCO pretende abordar esses desafios, promovendo a sustentabilidade e a preserva\u00e7\u00e3o do patrim\u00f3nio natural das ilhas.<\/p>\n\n\n\n<p><\/p>\n\n\n\n<p>A investiga\u00e7\u00e3o cient\u00edfica nas ilhas atl\u00e2nticas tem crescido significativamente, abrangendo \u00e1reas como vulcanologia, oceanografia, climatologia, paleontologia e gest\u00e3o do territ\u00f3rio. No entanto, ainda h\u00e1 desafios a serem superados, como as amea\u00e7as das esp\u00e9cies invasoras e a necessidade de implementar sistemas de produ\u00e7\u00e3o sustent\u00e1veis. A C\u00e1tedra UNESCO ser\u00e1 um elemento crucial na promo\u00e7\u00e3o da coopera\u00e7\u00e3o cient\u00edfica e educacional entre as ilhas atl\u00e2nticas, contribuindo para o desenvolvimento sustent\u00e1vel e a preserva\u00e7\u00e3o da biodiversidade.<\/p>\n\n\n\n<p><\/p>\n\n\n\n<p>A C\u00e1tedra UNESCO representa um passo importante para a Universidade dos A\u00e7ores e para a preserva\u00e7\u00e3o da biodiversidade nas ilhas atl\u00e2nticas, promovendo a investiga\u00e7\u00e3o, a educa\u00e7\u00e3o e a coopera\u00e7\u00e3o internacional.<\/p>\n\n\n\n<p><\/p>\n\n\n\n<p>Os pr\u00f3ximos passos da C\u00e1tedra UNES-CO Biodiversidade e Sustentabilidade em Ilhas Atl\u00e2nticas envolvem uma s\u00e9rie de iniciativas e colabora\u00e7\u00f5es, lideradas pelo CIBIO-A\u00e7ores, o Centro de Investiga\u00e7\u00e3o em Biodiversidade e Recursos Gen\u00e9ticos, que integra o InBIO e o BIPOLIS, Laborat\u00f3rio Associado.<\/p>\n\n\n\n<p><\/p>\n\n\n\n<p>O Primeiro Encontro das Redes UNESCO dos A\u00e7ores, organizado pela C\u00e1tedra, e que se realizou nos dias 5 e 6 de setembro de 2023, na Praia da Vit\u00f3ria e em Angra do Hero\u00edsmo, teve como objetivo promover uma maior intera\u00e7\u00e3o entre as diferentes redes UNESCO existentes nos A\u00e7ores, de acordo com o que \u00e9 seguido a n\u00edvel nacional, e seguindo o objetivo geral da UNESCO, que \u00e9 o de fomentar uma rede de redes que possam apoiar o desenvolvimento sustent\u00e1vel, nomeadamente atrav\u00e9s da cria\u00e7\u00e3o e partilha de conhecimento. O encontro foi apoiado pelo Governo dos A\u00e7ores, atrav\u00e9s da Dire\u00e7\u00e3o Regional da Ci\u00eancia e Tecnologia.<\/p>\n\n\n\n<p><\/p>\n\n\n\n<p>Outras iniciativas inclu\u00edram a participa\u00e7\u00e3o da C\u00e1tedra na Organiza\u00e7\u00e3o do XI Congresso de Ornitologia da SPEA e II Jornadas Macaron\u00e9sicas de Ornitologia, que decorreu na Universidade dos A\u00e7ores, em Ponta Delgada, entre 22 e 26 de novembro de 2023. A c\u00e1tedra encontra-se igualmente a participar na organiza\u00e7\u00e3o do Geostats2024 &#8211; 12th International Geostatistics Congress, que se realizar\u00e1 no mesmo local entre 2 e 6 de setembro de 2024.<\/p>\n\n\n\n<p><\/p>\n\n\n\n<p>Em resumo, a C\u00e1tedra UNESCO continuar\u00e1 a ser um centro de excel\u00eancia na promo\u00e7\u00e3o da biodiversidade e sustentabilidade nas ilhas atl\u00e2nticas, com o objetivo de preservar o patrim\u00f3nio natural e melhorar a qualidade de vida das comunidades locais.<\/p>\n\n\n\n<p><\/p>\n\n\n<div class=\"wp-block-image\">\n<figure class=\"aligncenter size-large is-resized\"><img loading=\"lazy\" decoding=\"async\" width=\"1024\" height=\"1024\" src=\"https:\/\/maismagazine.pt\/wp-content\/uploads\/2024\/07\/294278835_475681757890822_2012855841042625704_n-1024x1024.png\" alt=\"\" class=\"wp-image-10237\" style=\"aspect-ratio:1;width:254px;height:auto\" srcset=\"https:\/\/maismagazine.pt\/wp-content\/uploads\/2024\/07\/294278835_475681757890822_2012855841042625704_n-1024x1024.png 1024w, https:\/\/maismagazine.pt\/wp-content\/uploads\/2024\/07\/294278835_475681757890822_2012855841042625704_n-300x300.png 300w, https:\/\/maismagazine.pt\/wp-content\/uploads\/2024\/07\/294278835_475681757890822_2012855841042625704_n-150x150.png 150w, https:\/\/maismagazine.pt\/wp-content\/uploads\/2024\/07\/294278835_475681757890822_2012855841042625704_n-768x768.png 768w, https:\/\/maismagazine.pt\/wp-content\/uploads\/2024\/07\/294278835_475681757890822_2012855841042625704_n.png 1480w\" sizes=\"auto, (max-width: 1024px) 100vw, 1024px\" \/><\/figure><\/div>\n\n\n<p><\/p>\n\n\n\n<p><\/p>\n","protected":false},"excerpt":{"rendered":"<p>A C\u00e1tedra UNESCO da Universidade dos A\u00e7ores organizou o Primeiro Encontro de Redes UNESCO dos A\u00e7ores, realizado nas cidades da Praia da Vit\u00f3ria e Angra do Hero\u00edsmo, nos dias 5 e 6 de setembro de 2023. No dia 28 de fevereiro de 2023, a Universidade dos A\u00e7ores foi palco de&hellip;<\/p>\n","protected":false},"author":18,"featured_media":10239,"comment_status":"closed","ping_status":"open","sticky":false,"template":"","format":"standard","meta":{"advgb_blocks_editor_width":"","advgb_blocks_columns_visual_guide":"","_monsterinsights_skip_tracking":false,"_monsterinsights_sitenote_active":false,"_monsterinsights_sitenote_note":"","_monsterinsights_sitenote_category":0,"footnotes":""},"categories":[149],"tags":[281,525,521,1249,1559],"class_list":["post-10233","post","type-post","status-publish","format-standard","has-post-thumbnail","hentry","category-educacao","tag-acores","tag-educacao","tag-ensino","tag-unesco","tag-universidade-dos-acores"],"yoast_head":"<!-- This site is optimized with the Yoast SEO plugin v24.4 - https:\/\/yoast.com\/wordpress\/plugins\/seo\/ -->\n<title>C\u00e1tedra UNESCO Biodiversidade e Sustentabilidade em Ilhas Atl\u00e2nticas, Universidade dos A\u00e7ores - Mais Magazine<\/title>\n<meta name=\"robots\" content=\"index, follow, max-snippet:-1, max-image-preview:large, max-video-preview:-1\" \/>\n<link rel=\"canonical\" href=\"https:\/\/maismagazine.pt\/index.php\/2024\/07\/26\/catedra-unesco-biodiversidade-e-sustentabilidade-em-ilhas-atlanticas-universidade-dos-acores\/\" \/>\n<meta property=\"og:locale\" content=\"pt_PT\" \/>\n<meta property=\"og:type\" content=\"article\" \/>\n<meta property=\"og:title\" content=\"C\u00e1tedra UNESCO Biodiversidade e Sustentabilidade em Ilhas Atl\u00e2nticas, Universidade dos A\u00e7ores - Mais Magazine\" \/>\n<meta property=\"og:description\" content=\"A C\u00e1tedra UNESCO da Universidade dos A\u00e7ores organizou o Primeiro Encontro de Redes UNESCO dos A\u00e7ores, realizado nas cidades da Praia da Vit\u00f3ria e Angra do Hero\u00edsmo, nos dias 5 e 6 de setembro de 2023. No dia 28 de fevereiro de 2023, a Universidade dos A\u00e7ores foi palco de&hellip;\" \/>\n<meta property=\"og:url\" content=\"https:\/\/maismagazine.pt\/index.php\/2024\/07\/26\/catedra-unesco-biodiversidade-e-sustentabilidade-em-ilhas-atlanticas-universidade-dos-acores\/\" \/>\n<meta property=\"og:site_name\" content=\"Mais Magazine\" \/>\n<meta property=\"article:published_time\" content=\"2024-07-26T06:00:00+00:00\" \/>\n<meta property=\"og:image\" content=\"https:\/\/maismagazine.pt\/wp-content\/uploads\/2024\/07\/IMG_20230906_124154-scaled.jpg\" \/>\n\t<meta property=\"og:image:width\" content=\"2560\" \/>\n\t<meta property=\"og:image:height\" content=\"1180\" \/>\n\t<meta property=\"og:image:type\" content=\"image\/jpeg\" \/>\n<meta name=\"author\" content=\"Tatiana Martins\" \/>\n<meta name=\"twitter:card\" content=\"summary_large_image\" \/>\n<meta name=\"twitter:label1\" content=\"Escrito por\" \/>\n\t<meta name=\"twitter:data1\" content=\"\" \/>\n\t<meta name=\"twitter:label2\" content=\"Tempo estimado de leitura\" \/>\n\t<meta name=\"twitter:data2\" content=\"4 minutos\" \/>\n<script type=\"application\/ld+json\" class=\"yoast-schema-graph\">{\"@context\":\"https:\/\/schema.org\",\"@graph\":[{\"@type\":\"Article\",\"@id\":\"https:\/\/maismagazine.pt\/index.php\/2024\/07\/26\/catedra-unesco-biodiversidade-e-sustentabilidade-em-ilhas-atlanticas-universidade-dos-acores\/#article\",\"isPartOf\":{\"@id\":\"https:\/\/maismagazine.pt\/index.php\/2024\/07\/26\/catedra-unesco-biodiversidade-e-sustentabilidade-em-ilhas-atlanticas-universidade-dos-acores\/\"},\"author\":{\"name\":\"Tatiana Martins\",\"@id\":\"http:\/\/maismagazine.pt\/#\/schema\/person\/7426e2caeb8df32a1b56aa48dae778c9\"},\"headline\":\"C\u00e1tedra UNESCO Biodiversidade e Sustentabilidade em Ilhas Atl\u00e2nticas, Universidade dos A\u00e7ores\",\"datePublished\":\"2024-07-26T06:00:00+00:00\",\"mainEntityOfPage\":{\"@id\":\"https:\/\/maismagazine.pt\/index.php\/2024\/07\/26\/catedra-unesco-biodiversidade-e-sustentabilidade-em-ilhas-atlanticas-universidade-dos-acores\/\"},\"wordCount\":748,\"publisher\":{\"@id\":\"http:\/\/maismagazine.pt\/#organization\"},\"image\":{\"@id\":\"https:\/\/maismagazine.pt\/index.php\/2024\/07\/26\/catedra-unesco-biodiversidade-e-sustentabilidade-em-ilhas-atlanticas-universidade-dos-acores\/#primaryimage\"},\"thumbnailUrl\":\"https:\/\/maismagazine.pt\/wp-content\/uploads\/2024\/07\/IMG_20230906_124154-scaled.jpg\",\"keywords\":[\"a\u00e7ores\",\"Educa\u00e7\u00e3o\",\"Ensino\",\"UNESCO\",\"Universidade dos A\u00e7ores\"],\"articleSection\":[\"Educa\u00e7\u00e3o\"],\"inLanguage\":\"pt-PT\"},{\"@type\":\"WebPage\",\"@id\":\"https:\/\/maismagazine.pt\/index.php\/2024\/07\/26\/catedra-unesco-biodiversidade-e-sustentabilidade-em-ilhas-atlanticas-universidade-dos-acores\/\",\"url\":\"https:\/\/maismagazine.pt\/index.php\/2024\/07\/26\/catedra-unesco-biodiversidade-e-sustentabilidade-em-ilhas-atlanticas-universidade-dos-acores\/\",\"name\":\"C\u00e1tedra UNESCO Biodiversidade e Sustentabilidade em Ilhas Atl\u00e2nticas, Universidade dos A\u00e7ores - Mais Magazine\",\"isPartOf\":{\"@id\":\"http:\/\/maismagazine.pt\/#website\"},\"primaryImageOfPage\":{\"@id\":\"https:\/\/maismagazine.pt\/index.php\/2024\/07\/26\/catedra-unesco-biodiversidade-e-sustentabilidade-em-ilhas-atlanticas-universidade-dos-acores\/#primaryimage\"},\"image\":{\"@id\":\"https:\/\/maismagazine.pt\/index.php\/2024\/07\/26\/catedra-unesco-biodiversidade-e-sustentabilidade-em-ilhas-atlanticas-universidade-dos-acores\/#primaryimage\"},\"thumbnailUrl\":\"https:\/\/maismagazine.pt\/wp-content\/uploads\/2024\/07\/IMG_20230906_124154-scaled.jpg\",\"datePublished\":\"2024-07-26T06:00:00+00:00\",\"breadcrumb\":{\"@id\":\"https:\/\/maismagazine.pt\/index.php\/2024\/07\/26\/catedra-unesco-biodiversidade-e-sustentabilidade-em-ilhas-atlanticas-universidade-dos-acores\/#breadcrumb\"},\"inLanguage\":\"pt-PT\",\"potentialAction\":[{\"@type\":\"ReadAction\",\"target\":[\"https:\/\/maismagazine.pt\/index.php\/2024\/07\/26\/catedra-unesco-biodiversidade-e-sustentabilidade-em-ilhas-atlanticas-universidade-dos-acores\/\"]}]},{\"@type\":\"ImageObject\",\"inLanguage\":\"pt-PT\",\"@id\":\"https:\/\/maismagazine.pt\/index.php\/2024\/07\/26\/catedra-unesco-biodiversidade-e-sustentabilidade-em-ilhas-atlanticas-universidade-dos-acores\/#primaryimage\",\"url\":\"https:\/\/maismagazine.pt\/wp-content\/uploads\/2024\/07\/IMG_20230906_124154-scaled.jpg\",\"contentUrl\":\"https:\/\/maismagazine.pt\/wp-content\/uploads\/2024\/07\/IMG_20230906_124154-scaled.jpg\",\"width\":2560,\"height\":1180},{\"@type\":\"BreadcrumbList\",\"@id\":\"https:\/\/maismagazine.pt\/index.php\/2024\/07\/26\/catedra-unesco-biodiversidade-e-sustentabilidade-em-ilhas-atlanticas-universidade-dos-acores\/#breadcrumb\",\"itemListElement\":[{\"@type\":\"ListItem\",\"position\":1,\"name\":\"Home\",\"item\":\"http:\/\/maismagazine.pt\/\"},{\"@type\":\"ListItem\",\"position\":2,\"name\":\"C\u00e1tedra UNESCO Biodiversidade e Sustentabilidade em Ilhas Atl\u00e2nticas, Universidade dos A\u00e7ores\"}]},{\"@type\":\"WebSite\",\"@id\":\"http:\/\/maismagazine.pt\/#website\",\"url\":\"http:\/\/maismagazine.pt\/\",\"name\":\"Mais Magazine\",\"description\":\"\",\"publisher\":{\"@id\":\"http:\/\/maismagazine.pt\/#organization\"},\"potentialAction\":[{\"@type\":\"SearchAction\",\"target\":{\"@type\":\"EntryPoint\",\"urlTemplate\":\"http:\/\/maismagazine.pt\/?s={search_term_string}\"},\"query-input\":{\"@type\":\"PropertyValueSpecification\",\"valueRequired\":true,\"valueName\":\"search_term_string\"}}],\"inLanguage\":\"pt-PT\"},{\"@type\":\"Organization\",\"@id\":\"http:\/\/maismagazine.pt\/#organization\",\"name\":\"Mais Magazine\",\"url\":\"http:\/\/maismagazine.pt\/\",\"logo\":{\"@type\":\"ImageObject\",\"inLanguage\":\"pt-PT\",\"@id\":\"http:\/\/maismagazine.pt\/#\/schema\/logo\/image\/\",\"url\":\"https:\/\/maismagazine.pt\/wp-content\/uploads\/2020\/04\/cropped-cropped-mais-magazine-site-logo-2.png\",\"contentUrl\":\"https:\/\/maismagazine.pt\/wp-content\/uploads\/2020\/04\/cropped-cropped-mais-magazine-site-logo-2.png\",\"width\":581,\"height\":90,\"caption\":\"Mais Magazine\"},\"image\":{\"@id\":\"http:\/\/maismagazine.pt\/#\/schema\/logo\/image\/\"}},{\"@type\":\"Person\",\"@id\":\"http:\/\/maismagazine.pt\/#\/schema\/person\/7426e2caeb8df32a1b56aa48dae778c9\",\"name\":\"Tatiana Martins\",\"image\":{\"@type\":\"ImageObject\",\"inLanguage\":\"pt-PT\",\"@id\":\"http:\/\/maismagazine.pt\/#\/schema\/person\/image\/\",\"url\":\"https:\/\/secure.gravatar.com\/avatar\/4b24a57f5d0425f2eb20981c4b53244e?s=96&d=mm&r=g\",\"contentUrl\":\"https:\/\/secure.gravatar.com\/avatar\/4b24a57f5d0425f2eb20981c4b53244e?s=96&d=mm&r=g\",\"caption\":\"Tatiana Martins\"},\"url\":\"https:\/\/maismagazine.pt\/index.php\/author\/tatiana\/\"}]}<\/script>\n<!-- \/ Yoast SEO plugin. -->","yoast_head_json":{"title":"C\u00e1tedra UNESCO Biodiversidade e Sustentabilidade em Ilhas Atl\u00e2nticas, Universidade dos A\u00e7ores - Mais Magazine","robots":{"index":"index","follow":"follow","max-snippet":"max-snippet:-1","max-image-preview":"max-image-preview:large","max-video-preview":"max-video-preview:-1"},"canonical":"https:\/\/maismagazine.pt\/index.php\/2024\/07\/26\/catedra-unesco-biodiversidade-e-sustentabilidade-em-ilhas-atlanticas-universidade-dos-acores\/","og_locale":"pt_PT","og_type":"article","og_title":"C\u00e1tedra UNESCO Biodiversidade e Sustentabilidade em Ilhas Atl\u00e2nticas, Universidade dos A\u00e7ores - Mais Magazine","og_description":"A C\u00e1tedra UNESCO da Universidade dos A\u00e7ores organizou o Primeiro Encontro de Redes UNESCO dos A\u00e7ores, realizado nas cidades da Praia da Vit\u00f3ria e Angra do Hero\u00edsmo, nos dias 5 e 6 de setembro de 2023. No dia 28 de fevereiro de 2023, a Universidade dos A\u00e7ores foi palco de&hellip;","og_url":"https:\/\/maismagazine.pt\/index.php\/2024\/07\/26\/catedra-unesco-biodiversidade-e-sustentabilidade-em-ilhas-atlanticas-universidade-dos-acores\/","og_site_name":"Mais Magazine","article_published_time":"2024-07-26T06:00:00+00:00","og_image":[{"width":2560,"height":1180,"url":"https:\/\/maismagazine.pt\/wp-content\/uploads\/2024\/07\/IMG_20230906_124154-scaled.jpg","type":"image\/jpeg"}],"author":"Tatiana Martins","twitter_card":"summary_large_image","twitter_misc":{"Escrito por":false,"Tempo estimado de leitura":"4 minutos"},"schema":{"@context":"https:\/\/schema.org","@graph":[{"@type":"Article","@id":"https:\/\/maismagazine.pt\/index.php\/2024\/07\/26\/catedra-unesco-biodiversidade-e-sustentabilidade-em-ilhas-atlanticas-universidade-dos-acores\/#article","isPartOf":{"@id":"https:\/\/maismagazine.pt\/index.php\/2024\/07\/26\/catedra-unesco-biodiversidade-e-sustentabilidade-em-ilhas-atlanticas-universidade-dos-acores\/"},"author":{"name":"Tatiana Martins","@id":"http:\/\/maismagazine.pt\/#\/schema\/person\/7426e2caeb8df32a1b56aa48dae778c9"},"headline":"C\u00e1tedra UNESCO Biodiversidade e Sustentabilidade em Ilhas Atl\u00e2nticas, Universidade dos A\u00e7ores","datePublished":"2024-07-26T06:00:00+00:00","mainEntityOfPage":{"@id":"https:\/\/maismagazine.pt\/index.php\/2024\/07\/26\/catedra-unesco-biodiversidade-e-sustentabilidade-em-ilhas-atlanticas-universidade-dos-acores\/"},"wordCount":748,"publisher":{"@id":"http:\/\/maismagazine.pt\/#organization"},"image":{"@id":"https:\/\/maismagazine.pt\/index.php\/2024\/07\/26\/catedra-unesco-biodiversidade-e-sustentabilidade-em-ilhas-atlanticas-universidade-dos-acores\/#primaryimage"},"thumbnailUrl":"https:\/\/maismagazine.pt\/wp-content\/uploads\/2024\/07\/IMG_20230906_124154-scaled.jpg","keywords":["a\u00e7ores","Educa\u00e7\u00e3o","Ensino","UNESCO","Universidade dos A\u00e7ores"],"articleSection":["Educa\u00e7\u00e3o"],"inLanguage":"pt-PT"},{"@type":"WebPage","@id":"https:\/\/maismagazine.pt\/index.php\/2024\/07\/26\/catedra-unesco-biodiversidade-e-sustentabilidade-em-ilhas-atlanticas-universidade-dos-acores\/","url":"https:\/\/maismagazine.pt\/index.php\/2024\/07\/26\/catedra-unesco-biodiversidade-e-sustentabilidade-em-ilhas-atlanticas-universidade-dos-acores\/","name":"C\u00e1tedra UNESCO Biodiversidade e Sustentabilidade em Ilhas Atl\u00e2nticas, Universidade dos A\u00e7ores - Mais Magazine","isPartOf":{"@id":"http:\/\/maismagazine.pt\/#website"},"primaryImageOfPage":{"@id":"https:\/\/maismagazine.pt\/index.php\/2024\/07\/26\/catedra-unesco-biodiversidade-e-sustentabilidade-em-ilhas-atlanticas-universidade-dos-acores\/#primaryimage"},"image":{"@id":"https:\/\/maismagazine.pt\/index.php\/2024\/07\/26\/catedra-unesco-biodiversidade-e-sustentabilidade-em-ilhas-atlanticas-universidade-dos-acores\/#primaryimage"},"thumbnailUrl":"https:\/\/maismagazine.pt\/wp-content\/uploads\/2024\/07\/IMG_20230906_124154-scaled.jpg","datePublished":"2024-07-26T06:00:00+00:00","breadcrumb":{"@id":"https:\/\/maismagazine.pt\/index.php\/2024\/07\/26\/catedra-unesco-biodiversidade-e-sustentabilidade-em-ilhas-atlanticas-universidade-dos-acores\/#breadcrumb"},"inLanguage":"pt-PT","potentialAction":[{"@type":"ReadAction","target":["https:\/\/maismagazine.pt\/index.php\/2024\/07\/26\/catedra-unesco-biodiversidade-e-sustentabilidade-em-ilhas-atlanticas-universidade-dos-acores\/"]}]},{"@type":"ImageObject","inLanguage":"pt-PT","@id":"https:\/\/maismagazine.pt\/index.php\/2024\/07\/26\/catedra-unesco-biodiversidade-e-sustentabilidade-em-ilhas-atlanticas-universidade-dos-acores\/#primaryimage","url":"https:\/\/maismagazine.pt\/wp-content\/uploads\/2024\/07\/IMG_20230906_124154-scaled.jpg","contentUrl":"https:\/\/maismagazine.pt\/wp-content\/uploads\/2024\/07\/IMG_20230906_124154-scaled.jpg","width":2560,"height":1180},{"@type":"BreadcrumbList","@id":"https:\/\/maismagazine.pt\/index.php\/2024\/07\/26\/catedra-unesco-biodiversidade-e-sustentabilidade-em-ilhas-atlanticas-universidade-dos-acores\/#breadcrumb","itemListElement":[{"@type":"ListItem","position":1,"name":"Home","item":"http:\/\/maismagazine.pt\/"},{"@type":"ListItem","position":2,"name":"C\u00e1tedra UNESCO Biodiversidade e Sustentabilidade em Ilhas Atl\u00e2nticas, Universidade dos A\u00e7ores"}]},{"@type":"WebSite","@id":"http:\/\/maismagazine.pt\/#website","url":"http:\/\/maismagazine.pt\/","name":"Mais Magazine","description":"","publisher":{"@id":"http:\/\/maismagazine.pt\/#organization"},"potentialAction":[{"@type":"SearchAction","target":{"@type":"EntryPoint","urlTemplate":"http:\/\/maismagazine.pt\/?s={search_term_string}"},"query-input":{"@type":"PropertyValueSpecification","valueRequired":true,"valueName":"search_term_string"}}],"inLanguage":"pt-PT"},{"@type":"Organization","@id":"http:\/\/maismagazine.pt\/#organization","name":"Mais Magazine","url":"http:\/\/maismagazine.pt\/","logo":{"@type":"ImageObject","inLanguage":"pt-PT","@id":"http:\/\/maismagazine.pt\/#\/schema\/logo\/image\/","url":"https:\/\/maismagazine.pt\/wp-content\/uploads\/2020\/04\/cropped-cropped-mais-magazine-site-logo-2.png","contentUrl":"https:\/\/maismagazine.pt\/wp-content\/uploads\/2020\/04\/cropped-cropped-mais-magazine-site-logo-2.png","width":581,"height":90,"caption":"Mais Magazine"},"image":{"@id":"http:\/\/maismagazine.pt\/#\/schema\/logo\/image\/"}},{"@type":"Person","@id":"http:\/\/maismagazine.pt\/#\/schema\/person\/7426e2caeb8df32a1b56aa48dae778c9","name":"Tatiana Martins","image":{"@type":"ImageObject","inLanguage":"pt-PT","@id":"http:\/\/maismagazine.pt\/#\/schema\/person\/image\/","url":"https:\/\/secure.gravatar.com\/avatar\/4b24a57f5d0425f2eb20981c4b53244e?s=96&d=mm&r=g","contentUrl":"https:\/\/secure.gravatar.com\/avatar\/4b24a57f5d0425f2eb20981c4b53244e?s=96&d=mm&r=g","caption":"Tatiana Martins"},"url":"https:\/\/maismagazine.pt\/index.php\/author\/tatiana\/"}]}},"author_meta":{"display_name":false,"author_link":"https:\/\/maismagazine.pt\/index.php\/author\/tatiana\/"},"featured_img":"https:\/\/maismagazine.pt\/wp-content\/uploads\/2024\/07\/IMG_20230906_124154-300x138.jpg","coauthors":[],"tax_additional":{"categories":{"linked":["<a href=\"https:\/\/maismagazine.pt\/index.php\/category\/educacao\/\" class=\"advgb-post-tax-term\">Educa\u00e7\u00e3o<\/a>"],"unlinked":["<span class=\"advgb-post-tax-term\">Educa\u00e7\u00e3o<\/span>"]},"tags":{"linked":["<a href=\"https:\/\/maismagazine.pt\/index.php\/category\/educacao\/\" class=\"advgb-post-tax-term\">a\u00e7ores<\/a>","<a href=\"https:\/\/maismagazine.pt\/index.php\/category\/educacao\/\" class=\"advgb-post-tax-term\">Educa\u00e7\u00e3o<\/a>","<a href=\"https:\/\/maismagazine.pt\/index.php\/category\/educacao\/\" class=\"advgb-post-tax-term\">Ensino<\/a>","<a href=\"https:\/\/maismagazine.pt\/index.php\/category\/educacao\/\" class=\"advgb-post-tax-term\">UNESCO<\/a>","<a href=\"https:\/\/maismagazine.pt\/index.php\/category\/educacao\/\" class=\"advgb-post-tax-term\">Universidade dos A\u00e7ores<\/a>"],"unlinked":["<span class=\"advgb-post-tax-term\">a\u00e7ores<\/span>","<span class=\"advgb-post-tax-term\">Educa\u00e7\u00e3o<\/span>","<span class=\"advgb-post-tax-term\">Ensino<\/span>","<span class=\"advgb-post-tax-term\">UNESCO<\/span>","<span class=\"advgb-post-tax-term\">Universidade dos A\u00e7ores<\/span>"]}},"comment_count":"0","relative_dates":{"created":"Posted 2 anos ago","modified":"Updated 2 anos ago"},"absolute_dates":{"created":"Posted on 26 de Julho, 2024","modified":"Updated on 23 de Julho, 2024"},"absolute_dates_time":{"created":"Posted on 26 de Julho, 2024 7:00","modified":"Updated on 23 de Julho, 2024 14:49"},"featured_img_caption":"","series_order":"","_links":{"self":[{"href":"https:\/\/maismagazine.pt\/index.php\/wp-json\/wp\/v2\/posts\/10233","targetHints":{"allow":["GET"]}}],"collection":[{"href":"https:\/\/maismagazine.pt\/index.php\/wp-json\/wp\/v2\/posts"}],"about":[{"href":"https:\/\/maismagazine.pt\/index.php\/wp-json\/wp\/v2\/types\/post"}],"author":[{"embeddable":true,"href":"https:\/\/maismagazine.pt\/index.php\/wp-json\/wp\/v2\/users\/18"}],"replies":[{"embeddable":true,"href":"https:\/\/maismagazine.pt\/index.php\/wp-json\/wp\/v2\/comments?post=10233"}],"version-history":[{"count":1,"href":"https:\/\/maismagazine.pt\/index.php\/wp-json\/wp\/v2\/posts\/10233\/revisions"}],"predecessor-version":[{"id":10241,"href":"https:\/\/maismagazine.pt\/index.php\/wp-json\/wp\/v2\/posts\/10233\/revisions\/10241"}],"wp:featuredmedia":[{"embeddable":true,"href":"https:\/\/maismagazine.pt\/index.php\/wp-json\/wp\/v2\/media\/10239"}],"wp:attachment":[{"href":"https:\/\/maismagazine.pt\/index.php\/wp-json\/wp\/v2\/media?parent=10233"}],"wp:term":[{"taxonomy":"category","embeddable":true,"href":"https:\/\/maismagazine.pt\/index.php\/wp-json\/wp\/v2\/categories?post=10233"},{"taxonomy":"post_tag","embeddable":true,"href":"https:\/\/maismagazine.pt\/index.php\/wp-json\/wp\/v2\/tags?post=10233"}],"curies":[{"name":"wp","href":"https:\/\/api.w.org\/{rel}","templated":true}]}}