{"id":9996,"date":"2024-06-28T07:00:00","date_gmt":"2024-06-28T06:00:00","guid":{"rendered":"https:\/\/maismagazine.pt\/?p=9996"},"modified":"2024-06-25T16:50:18","modified_gmt":"2024-06-25T15:50:18","slug":"qubit-a-ponte-entre-a-tecnologia-e-a-educacao-do-futuro","status":"publish","type":"post","link":"http:\/\/maismagazine.pt\/index.php\/2024\/06\/28\/qubit-a-ponte-entre-a-tecnologia-e-a-educacao-do-futuro\/","title":{"rendered":"qubIT: A ponte entre a tecnologia e a educa\u00e7\u00e3o do futuro"},"content":{"rendered":"\n<p><strong>Surgiu em 2009 e atualmente \u00e9 uma das l\u00edderes em software de Gest\u00e3o Acad\u00e9mica no Ensino Superior, \u00e1rea onde a empresa se especializou ao longo dos anos. Em conversa com Hugo Querido, Partner da <a href=\"http:\/\/www.qub-it.com\">qubIT<\/a>, abordou-se a evolu\u00e7\u00e3o e a implementa\u00e7\u00e3o do projeto FenixEdu, plataforma de maior sucesso da qubIT e uma das principais ferramentas de colabora\u00e7\u00e3o entre institui\u00e7\u00f5es, bem como o desafio das tecnologias na educa\u00e7\u00e3o e o futuro da empresa.<\/strong><\/p>\n\n\n<div class=\"wp-block-image\">\n<figure class=\"aligncenter size-large is-resized\"><img loading=\"lazy\" decoding=\"async\" width=\"1024\" height=\"526\" src=\"http:\/\/maismagazine.pt\/wp-content\/uploads\/2024\/06\/qubIT-hugo-1-1024x526.jpg\" alt=\"\" class=\"wp-image-10009\" style=\"aspect-ratio:1.946768060836502;width:639px;height:auto\" srcset=\"http:\/\/maismagazine.pt\/wp-content\/uploads\/2024\/06\/qubIT-hugo-1-1024x526.jpg 1024w, http:\/\/maismagazine.pt\/wp-content\/uploads\/2024\/06\/qubIT-hugo-1-300x154.jpg 300w, http:\/\/maismagazine.pt\/wp-content\/uploads\/2024\/06\/qubIT-hugo-1-768x395.jpg 768w, http:\/\/maismagazine.pt\/wp-content\/uploads\/2024\/06\/qubIT-hugo-1-1536x789.jpg 1536w, http:\/\/maismagazine.pt\/wp-content\/uploads\/2024\/06\/qubIT-hugo-1-2048x1053.jpg 2048w\" sizes=\"auto, (max-width: 1024px) 100vw, 1024px\" \/><figcaption class=\"wp-element-caption\">Hugo Querido, Partner da qubIT<\/figcaption><\/figure><\/div>\n\n\n<p><strong>Pode contar como surgiu a qubIT e que valores movem a vossa a\u00e7\u00e3o no mercado?<\/strong><\/p>\n\n\n\n<p>A g\u00e9nese at\u00e9 foi em 2004, quando os futuros s\u00f3cios se graduaram todos em Eng.\u00aa Inform\u00e1tica no Instituto Superior T\u00e9cnico (IST). Mas acab\u00e1mos por decidir trabalhar uns anos no mercado, mantendo-nos em contacto at\u00e9 formar a empresa. E o que vimos, o funcionamento geral no desenvolvimento de projetos e software, foi grande parte de passarmos tamb\u00e9m a querer ser algo diferente&#8230; uma empresa que n\u00e3o recorresse a t\u00e1ticas duvidosas e sub-rept\u00edcias para procurar ter sucesso (desde a gest\u00e3o das pessoas ao quebrar da confian\u00e7a e expectativas dos clientes). E isso acabou por se conseguir, pois de imediato ao arrancar a full-time, no final de 2009, fizemos diferente: n\u00e3o h\u00e1 for\u00e7a comercial, damos visibilidade sobre o estado real dos projetos e roadmaps, dizemos \u2018n\u00e3o\u2019 sem hesitar se tal fizer sentido; e tudo isso tem gerado sucesso, vemos em parte uma causa-efeito deste modo de operar, seja pelo feedback dos clientes como de quem trabalhou connosco e decidiu depois emigrar, vendo outras realidades.<\/p>\n\n\n\n<p><\/p>\n\n\n\n<p><strong>E quais as principais \u00e1reas de atua\u00e7\u00e3o, sendo uma empresa de nicho?<\/strong><\/p>\n\n\n\n<p>Ao in\u00edcio, ainda pre-qubIT, sempre desenvolvemos tecnologias pr\u00f3prias para nos facilitar o dia a dia como programadores (al\u00e9m de engenheiros); ferramentas para nos ajudar a ser mais eficientes e a prevenir cometer erros, fosse por mecanismos como gera\u00e7\u00e3o de c\u00f3digo ou recurso generalizado a (meta-)modelos, foi sempre o que fizesse sentido para cada tipo de tarefa. E ainda realiz\u00e1mos projetos em \u00e1reas diversas, mas ap\u00f3s ter in\u00edcio a especializa\u00e7\u00e3o na solu\u00e7\u00e3o FenixEdu, para Gest\u00e3o Acad\u00e9mica + Apoio ao Ensino, rapidamente decidimos refaz\u00ea-la para ser utilizada em qualquer institui\u00e7\u00e3o. Inicialmente a solu\u00e7\u00e3o foi feita no IST, para uso interno, mas para ser vi\u00e1vel e com efeito de escala, era necess\u00e1rio poder acomodar qualquer realidade. Assim, atuamos hoje apenas neste segmento, o Ensino Superior: desenvolvemos, numa filosofia de produto, a solu\u00e7\u00e3o Fenix e comercializamos, numa filosofia de subscri\u00e7\u00e3o, projetos de implementa\u00e7\u00e3o da mesma.<\/p>\n\n\n\n<p><\/p>\n\n\n\n<p><strong>O FenixEdu come\u00e7ou como um projeto de c\u00f3digo aberto. Mant\u00e9m essa filosofia de partilha e colabora\u00e7\u00e3o entre institui\u00e7\u00f5es?<\/strong><\/p>\n\n\n\n<p>O projeto FenixEdu original, no IST, era efetivamente open-source. Mas tal nunca se traduziu num n\u00edvel de colabora\u00e7\u00e3o que permitisse generalizar a solu\u00e7\u00e3o, sempre houve recursos escassos para todos esses objetivos desej\u00e1veis. Na qubIT, ao refazer a solu\u00e7\u00e3o, grande parte da mais-valia vem do nosso redesenho e tecnologia, pelo que nunca se aceitou o risco de haver zero contributos de fora ou, pior, a nossa vers\u00e3o da solu\u00e7\u00e3o ser utilizada por competidores. Mas reconhecendo a import\u00e2ncia da colabora\u00e7\u00e3o, implement\u00e1mos diversos mecanismos para partilhar dados (e modelos) entre inst\u00e2ncias; e mesmo no c\u00f3digo-fonte, sendo a solu\u00e7\u00e3o feita nas tecnologias qubIT, esta pode ser evolu\u00edda pelas institui\u00e7\u00f5es.<\/p>\n\n\n\n<p>A qubIT assegura, num modelo colaborativo de decis\u00e3o, a implementa\u00e7\u00e3o e evolu\u00e7\u00e3o das vertentes basilares do Fenix, gen\u00e9ricas a todos; e as institui\u00e7\u00f5es com equipas de desenvolvimento produzem m\u00f3dulos de especificidades internas. Entendemos que \u00e9 o melhor cen\u00e1rio poss\u00edvel. Uma base igual, com varia\u00e7\u00f5es onde faz sentido (n\u00e3o impedindo a evolu\u00e7\u00e3o transversal da base comum).<\/p>\n\n\n\n<p><\/p>\n\n\n\n<p><strong>Quais as principais inova\u00e7\u00f5es e benef\u00edcios que levam \u00e0 ado\u00e7\u00e3o da vossa solu\u00e7\u00e3o? Pois conseguiram, nos \u00faltimos anos, consolidar o Fenix em v\u00e1rias institui\u00e7\u00f5es&#8230;<\/strong><\/p>\n\n\n\n<p>Soa a clich\u00e9, mas \u00e9 atrav\u00e9s dos clientes, do impacto de ser t\u00e3o distinta a proposta Fenix face ao habitual. N\u00f3s queremos que as institui\u00e7\u00f5es possam tirar partido das tr\u00eas maiores vantagens da solu\u00e7\u00e3o: abrang\u00eancia, autonomia e inova\u00e7\u00e3o. Mas isto deve ocorrer \u00e0 velocidade dessas mesmas institui\u00e7\u00f5es, n\u00e3o a partir da nossa velocidade de projeto. As rela\u00e7\u00f5es s\u00e3o sempre de parceria para que, no m\u00e9dio-longo prazo, exista autonomia total na utiliza\u00e7\u00e3o das ferramentas que disponibilizamos; e daqui vem uma importante diferen\u00e7a, a institui\u00e7\u00e3o n\u00e3o tem a qubIT no caminho cr\u00edtico do seu neg\u00f3cio, pois pode model\u00e1-lo, configur\u00e1-lo, defini-lo como entender. Somos um parceiro tecnol\u00f3gico que, sendo tamb\u00e9m especialista no segmento, domina o neg\u00f3cio ao ponto de conseguir implementar ferramentas para que os clientes utilizem a solu\u00e7\u00e3o com livre arb\u00edtrio. Este modelo reparte as responsabilidades do modo mais eficaz, com cada entidade especializada naquilo que faz melhor; al\u00e9m de que n\u00e3o queremos (e podemos nem ter tal direito) definir a estrat\u00e9gia de cada institui\u00e7\u00e3o ou como esta deve operar internamente. <\/p>\n\n\n\n<p><\/p>\n\n\n\n<p><strong>E como olham para a transforma\u00e7\u00e3o tecnol\u00f3gica no ensino? Como dar\u00e3o resposta a esse desafio?<\/strong><\/p>\n\n\n\n<p>Fala do crescimento no ensino \u00e0 dist\u00e2ncia? Ou da adequa\u00e7\u00e3o individualizada dos percursos letivos dos alunos? Nesse aspeto, infelizmente, Portugal ainda est\u00e1 atrasado. Existem j\u00e1 iniciativas de MOOC, mas, em geral, vemos as institui\u00e7\u00f5es ainda focadas em desafios operacionais que j\u00e1 deveriam ter ultrapassado, de gest\u00e3o e integra\u00e7\u00e3o de informa\u00e7\u00e3o. Isto tem-nos permitido explorar algumas dire\u00e7\u00f5es futuras sem a press\u00e3o e urg\u00eancia da realidade, em especial v\u00e1rios mecanismos de Intelig\u00eancia Artificial que esperamos come\u00e7ar a disponibilizar em 2025.<\/p>\n\n\n\n<p><\/p>\n\n\n\n<p><strong>Para finalizar, que metas gostaria que a qubIT atingisse no futuro pr\u00f3ximo?<\/strong><\/p>\n\n\n\n<p>Atualmente estamos a consolidar o crescimento. \u00c9 um esfor\u00e7o consciente (al\u00e9m de ser necess\u00e1rio) equilibrar o aumento da base de clientes com a cria\u00e7\u00e3o de mais\/melhores redund\u00e2ncias internas. A nossa abrang\u00eancia de atua\u00e7\u00e3o, bem como a dimens\u00e3o das institui\u00e7\u00f5es que connosco trabalham, j\u00e1 exige uma estrutura madura e consolidada para conseguir atender a todas as frentes; al\u00e9m de n\u00e3o queremos diluir os valores pelos quais operamos, pelo que preferimos crescer de modo s\u00f3lido, mas lento vs. um modo mais imediato sem sustenta\u00e7\u00e3o. <\/p>\n\n\n\n<p>J\u00e1 na solu\u00e7\u00e3o Fenix, estamos nas \u00faltimas etapas do macro-ciclo de produto em implementa\u00e7\u00e3o: um conjunto de mecanismos que visa a colabora\u00e7\u00e3o e partilha de informa\u00e7\u00e3o\/conhecimento entre a qubIT, as institui\u00e7\u00f5es e, no limite, entre estas autonomamente. Queremos instanciar uma ideia de comunidade Fenix, uma soma das partes.<\/p>\n\n\n\n<p><\/p>\n\n\n<div class=\"wp-block-image\">\n<figure class=\"aligncenter size-large is-resized\"><img loading=\"lazy\" decoding=\"async\" width=\"1024\" height=\"169\" src=\"https:\/\/maismagazine.pt\/wp-content\/uploads\/2024\/06\/qubIT-footer-2-1024x169.png\" alt=\"\" class=\"wp-image-10011\" style=\"aspect-ratio:6.059171597633136;width:927px;height:auto\" srcset=\"http:\/\/maismagazine.pt\/wp-content\/uploads\/2024\/06\/qubIT-footer-2-1024x169.png 1024w, http:\/\/maismagazine.pt\/wp-content\/uploads\/2024\/06\/qubIT-footer-2-300x49.png 300w, http:\/\/maismagazine.pt\/wp-content\/uploads\/2024\/06\/qubIT-footer-2-768x127.png 768w, http:\/\/maismagazine.pt\/wp-content\/uploads\/2024\/06\/qubIT-footer-2-1536x253.png 1536w, http:\/\/maismagazine.pt\/wp-content\/uploads\/2024\/06\/qubIT-footer-2-2048x338.png 2048w\" sizes=\"auto, (max-width: 1024px) 100vw, 1024px\" \/><\/figure><\/div>","protected":false},"excerpt":{"rendered":"<p>Surgiu em 2009 e atualmente \u00e9 uma das l\u00edderes em software de Gest\u00e3o Acad\u00e9mica no Ensino Superior, \u00e1rea onde a empresa se especializou ao longo dos anos. Em conversa com Hugo Querido, Partner da qubIT, abordou-se a evolu\u00e7\u00e3o e a implementa\u00e7\u00e3o do projeto FenixEdu, plataforma de maior sucesso da qubIT&hellip;<\/p>\n","protected":false},"author":18,"featured_media":10012,"comment_status":"closed","ping_status":"open","sticky":false,"template":"","format":"standard","meta":{"advgb_blocks_editor_width":"","advgb_blocks_columns_visual_guide":"","_monsterinsights_skip_tracking":false,"_monsterinsights_sitenote_active":false,"_monsterinsights_sitenote_note":"","_monsterinsights_sitenote_category":0,"footnotes":""},"categories":[50],"tags":[616,2045,1455,113],"class_list":["post-9996","post","type-post","status-publish","format-standard","has-post-thumbnail","hentry","category-destaques","tag-ensino-superior","tag-fenixedu","tag-qubit","tag-tecnologia"],"yoast_head":"<!-- This site is optimized with the Yoast SEO plugin v24.4 - https:\/\/yoast.com\/wordpress\/plugins\/seo\/ -->\n<title>qubIT: A ponte entre a tecnologia e a educa\u00e7\u00e3o do futuro - Mais Magazine<\/title>\n<meta name=\"robots\" content=\"index, follow, max-snippet:-1, max-image-preview:large, max-video-preview:-1\" \/>\n<link rel=\"canonical\" href=\"http:\/\/maismagazine.pt\/index.php\/2024\/06\/28\/qubit-a-ponte-entre-a-tecnologia-e-a-educacao-do-futuro\/\" \/>\n<meta property=\"og:locale\" content=\"pt_PT\" \/>\n<meta property=\"og:type\" content=\"article\" \/>\n<meta property=\"og:title\" content=\"qubIT: A ponte entre a tecnologia e a educa\u00e7\u00e3o do futuro - Mais Magazine\" \/>\n<meta property=\"og:description\" content=\"Surgiu em 2009 e atualmente \u00e9 uma das l\u00edderes em software de Gest\u00e3o Acad\u00e9mica no Ensino Superior, \u00e1rea onde a empresa se especializou ao longo dos anos. Em conversa com Hugo Querido, Partner da qubIT, abordou-se a evolu\u00e7\u00e3o e a implementa\u00e7\u00e3o do projeto FenixEdu, plataforma de maior sucesso da qubIT&hellip;\" \/>\n<meta property=\"og:url\" content=\"http:\/\/maismagazine.pt\/index.php\/2024\/06\/28\/qubit-a-ponte-entre-a-tecnologia-e-a-educacao-do-futuro\/\" \/>\n<meta property=\"og:site_name\" content=\"Mais Magazine\" \/>\n<meta property=\"article:published_time\" content=\"2024-06-28T06:00:00+00:00\" \/>\n<meta property=\"og:image\" content=\"http:\/\/maismagazine.pt\/wp-content\/uploads\/2024\/06\/final-hns-scaled.jpg\" \/>\n\t<meta property=\"og:image:width\" content=\"1508\" \/>\n\t<meta property=\"og:image:height\" content=\"2560\" \/>\n\t<meta property=\"og:image:type\" content=\"image\/jpeg\" \/>\n<meta name=\"author\" content=\"Tatiana Martins\" \/>\n<meta name=\"twitter:card\" content=\"summary_large_image\" \/>\n<meta name=\"twitter:label1\" content=\"Escrito por\" \/>\n\t<meta name=\"twitter:data1\" content=\"\" \/>\n\t<meta name=\"twitter:label2\" content=\"Tempo estimado de leitura\" \/>\n\t<meta name=\"twitter:data2\" content=\"7 minutos\" \/>\n<script type=\"application\/ld+json\" class=\"yoast-schema-graph\">{\"@context\":\"https:\/\/schema.org\",\"@graph\":[{\"@type\":\"Article\",\"@id\":\"http:\/\/maismagazine.pt\/index.php\/2024\/06\/28\/qubit-a-ponte-entre-a-tecnologia-e-a-educacao-do-futuro\/#article\",\"isPartOf\":{\"@id\":\"http:\/\/maismagazine.pt\/index.php\/2024\/06\/28\/qubit-a-ponte-entre-a-tecnologia-e-a-educacao-do-futuro\/\"},\"author\":{\"name\":\"Tatiana Martins\",\"@id\":\"http:\/\/maismagazine.pt\/#\/schema\/person\/7426e2caeb8df32a1b56aa48dae778c9\"},\"headline\":\"qubIT: A ponte entre a tecnologia e a educa\u00e7\u00e3o do futuro\",\"datePublished\":\"2024-06-28T06:00:00+00:00\",\"mainEntityOfPage\":{\"@id\":\"http:\/\/maismagazine.pt\/index.php\/2024\/06\/28\/qubit-a-ponte-entre-a-tecnologia-e-a-educacao-do-futuro\/\"},\"wordCount\":1160,\"publisher\":{\"@id\":\"http:\/\/maismagazine.pt\/#organization\"},\"image\":{\"@id\":\"http:\/\/maismagazine.pt\/index.php\/2024\/06\/28\/qubit-a-ponte-entre-a-tecnologia-e-a-educacao-do-futuro\/#primaryimage\"},\"thumbnailUrl\":\"http:\/\/maismagazine.pt\/wp-content\/uploads\/2024\/06\/final-hns-scaled.jpg\",\"keywords\":[\"ensino superior\",\"FenixEdu\",\"qubIT\",\"tecnologia\"],\"articleSection\":[\"Destaques\"],\"inLanguage\":\"pt-PT\"},{\"@type\":\"WebPage\",\"@id\":\"http:\/\/maismagazine.pt\/index.php\/2024\/06\/28\/qubit-a-ponte-entre-a-tecnologia-e-a-educacao-do-futuro\/\",\"url\":\"http:\/\/maismagazine.pt\/index.php\/2024\/06\/28\/qubit-a-ponte-entre-a-tecnologia-e-a-educacao-do-futuro\/\",\"name\":\"qubIT: A ponte entre a tecnologia e a educa\u00e7\u00e3o do futuro - Mais Magazine\",\"isPartOf\":{\"@id\":\"http:\/\/maismagazine.pt\/#website\"},\"primaryImageOfPage\":{\"@id\":\"http:\/\/maismagazine.pt\/index.php\/2024\/06\/28\/qubit-a-ponte-entre-a-tecnologia-e-a-educacao-do-futuro\/#primaryimage\"},\"image\":{\"@id\":\"http:\/\/maismagazine.pt\/index.php\/2024\/06\/28\/qubit-a-ponte-entre-a-tecnologia-e-a-educacao-do-futuro\/#primaryimage\"},\"thumbnailUrl\":\"http:\/\/maismagazine.pt\/wp-content\/uploads\/2024\/06\/final-hns-scaled.jpg\",\"datePublished\":\"2024-06-28T06:00:00+00:00\",\"breadcrumb\":{\"@id\":\"http:\/\/maismagazine.pt\/index.php\/2024\/06\/28\/qubit-a-ponte-entre-a-tecnologia-e-a-educacao-do-futuro\/#breadcrumb\"},\"inLanguage\":\"pt-PT\",\"potentialAction\":[{\"@type\":\"ReadAction\",\"target\":[\"http:\/\/maismagazine.pt\/index.php\/2024\/06\/28\/qubit-a-ponte-entre-a-tecnologia-e-a-educacao-do-futuro\/\"]}]},{\"@type\":\"ImageObject\",\"inLanguage\":\"pt-PT\",\"@id\":\"http:\/\/maismagazine.pt\/index.php\/2024\/06\/28\/qubit-a-ponte-entre-a-tecnologia-e-a-educacao-do-futuro\/#primaryimage\",\"url\":\"http:\/\/maismagazine.pt\/wp-content\/uploads\/2024\/06\/final-hns-scaled.jpg\",\"contentUrl\":\"http:\/\/maismagazine.pt\/wp-content\/uploads\/2024\/06\/final-hns-scaled.jpg\",\"width\":1508,\"height\":2560},{\"@type\":\"BreadcrumbList\",\"@id\":\"http:\/\/maismagazine.pt\/index.php\/2024\/06\/28\/qubit-a-ponte-entre-a-tecnologia-e-a-educacao-do-futuro\/#breadcrumb\",\"itemListElement\":[{\"@type\":\"ListItem\",\"position\":1,\"name\":\"Home\",\"item\":\"http:\/\/maismagazine.pt\/\"},{\"@type\":\"ListItem\",\"position\":2,\"name\":\"qubIT: A ponte entre a tecnologia e a educa\u00e7\u00e3o do futuro\"}]},{\"@type\":\"WebSite\",\"@id\":\"http:\/\/maismagazine.pt\/#website\",\"url\":\"http:\/\/maismagazine.pt\/\",\"name\":\"Mais Magazine\",\"description\":\"\",\"publisher\":{\"@id\":\"http:\/\/maismagazine.pt\/#organization\"},\"potentialAction\":[{\"@type\":\"SearchAction\",\"target\":{\"@type\":\"EntryPoint\",\"urlTemplate\":\"http:\/\/maismagazine.pt\/?s={search_term_string}\"},\"query-input\":{\"@type\":\"PropertyValueSpecification\",\"valueRequired\":true,\"valueName\":\"search_term_string\"}}],\"inLanguage\":\"pt-PT\"},{\"@type\":\"Organization\",\"@id\":\"http:\/\/maismagazine.pt\/#organization\",\"name\":\"Mais Magazine\",\"url\":\"http:\/\/maismagazine.pt\/\",\"logo\":{\"@type\":\"ImageObject\",\"inLanguage\":\"pt-PT\",\"@id\":\"http:\/\/maismagazine.pt\/#\/schema\/logo\/image\/\",\"url\":\"http:\/\/maismagazine.pt\/wp-content\/uploads\/2020\/04\/cropped-cropped-mais-magazine-site-logo-2.png\",\"contentUrl\":\"http:\/\/maismagazine.pt\/wp-content\/uploads\/2020\/04\/cropped-cropped-mais-magazine-site-logo-2.png\",\"width\":581,\"height\":90,\"caption\":\"Mais Magazine\"},\"image\":{\"@id\":\"http:\/\/maismagazine.pt\/#\/schema\/logo\/image\/\"}},{\"@type\":\"Person\",\"@id\":\"http:\/\/maismagazine.pt\/#\/schema\/person\/7426e2caeb8df32a1b56aa48dae778c9\",\"name\":\"Tatiana Martins\",\"image\":{\"@type\":\"ImageObject\",\"inLanguage\":\"pt-PT\",\"@id\":\"http:\/\/maismagazine.pt\/#\/schema\/person\/image\/\",\"url\":\"https:\/\/secure.gravatar.com\/avatar\/4b24a57f5d0425f2eb20981c4b53244e?s=96&d=mm&r=g\",\"contentUrl\":\"https:\/\/secure.gravatar.com\/avatar\/4b24a57f5d0425f2eb20981c4b53244e?s=96&d=mm&r=g\",\"caption\":\"Tatiana Martins\"},\"url\":\"http:\/\/maismagazine.pt\/index.php\/author\/tatiana\/\"}]}<\/script>\n<!-- \/ Yoast SEO plugin. -->","yoast_head_json":{"title":"qubIT: A ponte entre a tecnologia e a educa\u00e7\u00e3o do futuro - Mais Magazine","robots":{"index":"index","follow":"follow","max-snippet":"max-snippet:-1","max-image-preview":"max-image-preview:large","max-video-preview":"max-video-preview:-1"},"canonical":"http:\/\/maismagazine.pt\/index.php\/2024\/06\/28\/qubit-a-ponte-entre-a-tecnologia-e-a-educacao-do-futuro\/","og_locale":"pt_PT","og_type":"article","og_title":"qubIT: A ponte entre a tecnologia e a educa\u00e7\u00e3o do futuro - Mais Magazine","og_description":"Surgiu em 2009 e atualmente \u00e9 uma das l\u00edderes em software de Gest\u00e3o Acad\u00e9mica no Ensino Superior, \u00e1rea onde a empresa se especializou ao longo dos anos. Em conversa com Hugo Querido, Partner da qubIT, abordou-se a evolu\u00e7\u00e3o e a implementa\u00e7\u00e3o do projeto FenixEdu, plataforma de maior sucesso da qubIT&hellip;","og_url":"http:\/\/maismagazine.pt\/index.php\/2024\/06\/28\/qubit-a-ponte-entre-a-tecnologia-e-a-educacao-do-futuro\/","og_site_name":"Mais Magazine","article_published_time":"2024-06-28T06:00:00+00:00","og_image":[{"width":1508,"height":2560,"url":"http:\/\/maismagazine.pt\/wp-content\/uploads\/2024\/06\/final-hns-scaled.jpg","type":"image\/jpeg"}],"author":"Tatiana Martins","twitter_card":"summary_large_image","twitter_misc":{"Escrito por":false,"Tempo estimado de leitura":"7 minutos"},"schema":{"@context":"https:\/\/schema.org","@graph":[{"@type":"Article","@id":"http:\/\/maismagazine.pt\/index.php\/2024\/06\/28\/qubit-a-ponte-entre-a-tecnologia-e-a-educacao-do-futuro\/#article","isPartOf":{"@id":"http:\/\/maismagazine.pt\/index.php\/2024\/06\/28\/qubit-a-ponte-entre-a-tecnologia-e-a-educacao-do-futuro\/"},"author":{"name":"Tatiana Martins","@id":"http:\/\/maismagazine.pt\/#\/schema\/person\/7426e2caeb8df32a1b56aa48dae778c9"},"headline":"qubIT: A ponte entre a tecnologia e a educa\u00e7\u00e3o do futuro","datePublished":"2024-06-28T06:00:00+00:00","mainEntityOfPage":{"@id":"http:\/\/maismagazine.pt\/index.php\/2024\/06\/28\/qubit-a-ponte-entre-a-tecnologia-e-a-educacao-do-futuro\/"},"wordCount":1160,"publisher":{"@id":"http:\/\/maismagazine.pt\/#organization"},"image":{"@id":"http:\/\/maismagazine.pt\/index.php\/2024\/06\/28\/qubit-a-ponte-entre-a-tecnologia-e-a-educacao-do-futuro\/#primaryimage"},"thumbnailUrl":"http:\/\/maismagazine.pt\/wp-content\/uploads\/2024\/06\/final-hns-scaled.jpg","keywords":["ensino superior","FenixEdu","qubIT","tecnologia"],"articleSection":["Destaques"],"inLanguage":"pt-PT"},{"@type":"WebPage","@id":"http:\/\/maismagazine.pt\/index.php\/2024\/06\/28\/qubit-a-ponte-entre-a-tecnologia-e-a-educacao-do-futuro\/","url":"http:\/\/maismagazine.pt\/index.php\/2024\/06\/28\/qubit-a-ponte-entre-a-tecnologia-e-a-educacao-do-futuro\/","name":"qubIT: A ponte entre a tecnologia e a educa\u00e7\u00e3o do futuro - Mais Magazine","isPartOf":{"@id":"http:\/\/maismagazine.pt\/#website"},"primaryImageOfPage":{"@id":"http:\/\/maismagazine.pt\/index.php\/2024\/06\/28\/qubit-a-ponte-entre-a-tecnologia-e-a-educacao-do-futuro\/#primaryimage"},"image":{"@id":"http:\/\/maismagazine.pt\/index.php\/2024\/06\/28\/qubit-a-ponte-entre-a-tecnologia-e-a-educacao-do-futuro\/#primaryimage"},"thumbnailUrl":"http:\/\/maismagazine.pt\/wp-content\/uploads\/2024\/06\/final-hns-scaled.jpg","datePublished":"2024-06-28T06:00:00+00:00","breadcrumb":{"@id":"http:\/\/maismagazine.pt\/index.php\/2024\/06\/28\/qubit-a-ponte-entre-a-tecnologia-e-a-educacao-do-futuro\/#breadcrumb"},"inLanguage":"pt-PT","potentialAction":[{"@type":"ReadAction","target":["http:\/\/maismagazine.pt\/index.php\/2024\/06\/28\/qubit-a-ponte-entre-a-tecnologia-e-a-educacao-do-futuro\/"]}]},{"@type":"ImageObject","inLanguage":"pt-PT","@id":"http:\/\/maismagazine.pt\/index.php\/2024\/06\/28\/qubit-a-ponte-entre-a-tecnologia-e-a-educacao-do-futuro\/#primaryimage","url":"http:\/\/maismagazine.pt\/wp-content\/uploads\/2024\/06\/final-hns-scaled.jpg","contentUrl":"http:\/\/maismagazine.pt\/wp-content\/uploads\/2024\/06\/final-hns-scaled.jpg","width":1508,"height":2560},{"@type":"BreadcrumbList","@id":"http:\/\/maismagazine.pt\/index.php\/2024\/06\/28\/qubit-a-ponte-entre-a-tecnologia-e-a-educacao-do-futuro\/#breadcrumb","itemListElement":[{"@type":"ListItem","position":1,"name":"Home","item":"http:\/\/maismagazine.pt\/"},{"@type":"ListItem","position":2,"name":"qubIT: A ponte entre a tecnologia e a educa\u00e7\u00e3o do futuro"}]},{"@type":"WebSite","@id":"http:\/\/maismagazine.pt\/#website","url":"http:\/\/maismagazine.pt\/","name":"Mais Magazine","description":"","publisher":{"@id":"http:\/\/maismagazine.pt\/#organization"},"potentialAction":[{"@type":"SearchAction","target":{"@type":"EntryPoint","urlTemplate":"http:\/\/maismagazine.pt\/?s={search_term_string}"},"query-input":{"@type":"PropertyValueSpecification","valueRequired":true,"valueName":"search_term_string"}}],"inLanguage":"pt-PT"},{"@type":"Organization","@id":"http:\/\/maismagazine.pt\/#organization","name":"Mais Magazine","url":"http:\/\/maismagazine.pt\/","logo":{"@type":"ImageObject","inLanguage":"pt-PT","@id":"http:\/\/maismagazine.pt\/#\/schema\/logo\/image\/","url":"http:\/\/maismagazine.pt\/wp-content\/uploads\/2020\/04\/cropped-cropped-mais-magazine-site-logo-2.png","contentUrl":"http:\/\/maismagazine.pt\/wp-content\/uploads\/2020\/04\/cropped-cropped-mais-magazine-site-logo-2.png","width":581,"height":90,"caption":"Mais Magazine"},"image":{"@id":"http:\/\/maismagazine.pt\/#\/schema\/logo\/image\/"}},{"@type":"Person","@id":"http:\/\/maismagazine.pt\/#\/schema\/person\/7426e2caeb8df32a1b56aa48dae778c9","name":"Tatiana Martins","image":{"@type":"ImageObject","inLanguage":"pt-PT","@id":"http:\/\/maismagazine.pt\/#\/schema\/person\/image\/","url":"https:\/\/secure.gravatar.com\/avatar\/4b24a57f5d0425f2eb20981c4b53244e?s=96&d=mm&r=g","contentUrl":"https:\/\/secure.gravatar.com\/avatar\/4b24a57f5d0425f2eb20981c4b53244e?s=96&d=mm&r=g","caption":"Tatiana Martins"},"url":"http:\/\/maismagazine.pt\/index.php\/author\/tatiana\/"}]}},"author_meta":{"display_name":false,"author_link":"http:\/\/maismagazine.pt\/index.php\/author\/tatiana\/"},"featured_img":"http:\/\/maismagazine.pt\/wp-content\/uploads\/2024\/06\/final-hns-177x300.jpg","coauthors":[],"tax_additional":{"categories":{"linked":["<a href=\"http:\/\/maismagazine.pt\/index.php\/category\/destaques\/\" class=\"advgb-post-tax-term\">Destaques<\/a>"],"unlinked":["<span class=\"advgb-post-tax-term\">Destaques<\/span>"]},"tags":{"linked":["<a href=\"http:\/\/maismagazine.pt\/index.php\/category\/destaques\/\" class=\"advgb-post-tax-term\">ensino superior<\/a>","<a href=\"http:\/\/maismagazine.pt\/index.php\/category\/destaques\/\" class=\"advgb-post-tax-term\">FenixEdu<\/a>","<a href=\"http:\/\/maismagazine.pt\/index.php\/category\/destaques\/\" class=\"advgb-post-tax-term\">qubIT<\/a>","<a href=\"http:\/\/maismagazine.pt\/index.php\/category\/destaques\/\" class=\"advgb-post-tax-term\">tecnologia<\/a>"],"unlinked":["<span class=\"advgb-post-tax-term\">ensino superior<\/span>","<span class=\"advgb-post-tax-term\">FenixEdu<\/span>","<span class=\"advgb-post-tax-term\">qubIT<\/span>","<span class=\"advgb-post-tax-term\">tecnologia<\/span>"]}},"comment_count":"0","relative_dates":{"created":"Posted 2 anos ago","modified":"Updated 2 anos ago"},"absolute_dates":{"created":"Posted on 28 de Junho, 2024","modified":"Updated on 25 de Junho, 2024"},"absolute_dates_time":{"created":"Posted on 28 de Junho, 2024 7:00","modified":"Updated on 25 de Junho, 2024 16:50"},"featured_img_caption":"","series_order":"","_links":{"self":[{"href":"http:\/\/maismagazine.pt\/index.php\/wp-json\/wp\/v2\/posts\/9996","targetHints":{"allow":["GET"]}}],"collection":[{"href":"http:\/\/maismagazine.pt\/index.php\/wp-json\/wp\/v2\/posts"}],"about":[{"href":"http:\/\/maismagazine.pt\/index.php\/wp-json\/wp\/v2\/types\/post"}],"author":[{"embeddable":true,"href":"http:\/\/maismagazine.pt\/index.php\/wp-json\/wp\/v2\/users\/18"}],"replies":[{"embeddable":true,"href":"http:\/\/maismagazine.pt\/index.php\/wp-json\/wp\/v2\/comments?post=9996"}],"version-history":[{"count":2,"href":"http:\/\/maismagazine.pt\/index.php\/wp-json\/wp\/v2\/posts\/9996\/revisions"}],"predecessor-version":[{"id":10013,"href":"http:\/\/maismagazine.pt\/index.php\/wp-json\/wp\/v2\/posts\/9996\/revisions\/10013"}],"wp:featuredmedia":[{"embeddable":true,"href":"http:\/\/maismagazine.pt\/index.php\/wp-json\/wp\/v2\/media\/10012"}],"wp:attachment":[{"href":"http:\/\/maismagazine.pt\/index.php\/wp-json\/wp\/v2\/media?parent=9996"}],"wp:term":[{"taxonomy":"category","embeddable":true,"href":"http:\/\/maismagazine.pt\/index.php\/wp-json\/wp\/v2\/categories?post=9996"},{"taxonomy":"post_tag","embeddable":true,"href":"http:\/\/maismagazine.pt\/index.php\/wp-json\/wp\/v2\/tags?post=9996"}],"curies":[{"name":"wp","href":"https:\/\/api.w.org\/{rel}","templated":true}]}}