{"id":9922,"date":"2024-06-28T07:00:00","date_gmt":"2024-06-28T06:00:00","guid":{"rendered":"https:\/\/maismagazine.pt\/?p=9922"},"modified":"2024-06-25T15:47:40","modified_gmt":"2024-06-25T14:47:40","slug":"cidade-criativa-em-ascensao","status":"publish","type":"post","link":"http:\/\/maismagazine.pt\/index.php\/2024\/06\/28\/cidade-criativa-em-ascensao\/","title":{"rendered":"Cidade criativa em ascens\u00e3o"},"content":{"rendered":"\n<p><strong>Jos\u00e9 Antunes, Chefe da Unidade de Cultura do <a href=\"http:\/\/www.mcr.pt\">Munic\u00edpio de Caldas da Rainha<\/a> e Ponto Focal de Caldas da Rainha, Cidade Criativa da UNESCO, destaca o impacto positivo deste reconhecimento na economia local e no turismo, bem como as iniciativas para promover e apoiar os artes\u00e3os da regi\u00e3o. <\/strong><\/p>\n\n\n\n<p><\/p>\n\n\n\n<p><strong>Caldas da Rainha \u00e9, desde 2019, Cidade Criativa da UNESCO. Que impacto \u00e9 que este reconhecimento teve na economia local e na atratividade tur\u00edstica da regi\u00e3o? <\/strong><\/p>\n\n\n\n<p>Embora n\u00e3o existam estudos espec\u00edficos sobre o impacto que esta trouxe \u00e0 economia local, podemos afirmar que depois da designa\u00e7\u00e3o de Caldas da Rainha como Cidade Criativa da UNESCO, o n\u00famero de ceramistas, de oleiros, de designers (e de outros autores em \u00e1reas da criatividade abarcadas pela designa\u00e7\u00e3o) aumentou de forma substancial, passando de cerca duas dezenas para mais de uma centena de autores nesta \u00e1rea, com atividade regular, mantendo-se uma din\u00e2mica de crescimento. Deduzimos que houve um impacto significativo pelo lado da produ\u00e7\u00e3o, repercutindo-se, certamente, no tecido empresarial (com\u00e9rcio, mat\u00e9rias-primas, distribui\u00e7\u00e3o, ind\u00fastria, restaura\u00e7\u00e3o, entre outras). <\/p>\n\n\n\n<p><\/p>\n\n\n\n<p><strong>Que a\u00e7\u00f5es t\u00eam desenvolvido no sentido de promover o artesanato e as artes populares das Caldas da Rainha, tanto a n\u00edvel nacional como internacional? <\/strong><\/p>\n\n\n\n<p>Durante a recente pandemia destacamos duas atividades: o Programa de Aquisi\u00e7\u00f5es, que foi essencialmente uma resposta ao impacto da Covid-19- e a Molda Concept Store- projeto concebido como uma loja de cer\u00e2mica online e f\u00edsica. Outro projeto importante foi a cria\u00e7\u00e3o de um Ecoponto de Cer\u00e2mica, dispositivo de recolha e tratamento dos desperd\u00edcios gerados nos ateliers e olarias dos criadores na \u00e1rea da cer\u00e2mica, que sublinha a preocupa\u00e7\u00e3o de todos os envolvidos com a sustentabilidade ambiental. Destaque ainda para o programa de reabilita\u00e7\u00e3o de infraestruturas de edif\u00edcios hist\u00f3ricos como a Casa Amarela, junto ao complexo dos museus, e o P\u00e1tio dos Burros, no centro hist\u00f3rico da cidade, edif\u00edcios que cumprem fun\u00e7\u00f5es expositivas, de apoio t\u00e9cnico e administrativo.<\/p>\n\n\n\n<p><\/p>\n\n\n\n<p><\/p>\n\n\n\n<figure class=\"wp-block-gallery has-nested-images columns-default is-cropped wp-block-gallery-1 is-layout-flex wp-block-gallery-is-layout-flex\">\n<figure class=\"wp-block-image size-large\"><img loading=\"lazy\" decoding=\"async\" width=\"1024\" height=\"681\" data-id=\"9925\" src=\"https:\/\/maismagazine.pt\/wp-content\/uploads\/2024\/06\/0_grafica_cmb_20200220_23448-1-1024x681.jpg\" alt=\"\" class=\"wp-image-9925\" srcset=\"http:\/\/maismagazine.pt\/wp-content\/uploads\/2024\/06\/0_grafica_cmb_20200220_23448-1-1024x681.jpg 1024w, http:\/\/maismagazine.pt\/wp-content\/uploads\/2024\/06\/0_grafica_cmb_20200220_23448-1-300x200.jpg 300w, http:\/\/maismagazine.pt\/wp-content\/uploads\/2024\/06\/0_grafica_cmb_20200220_23448-1-768x511.jpg 768w, http:\/\/maismagazine.pt\/wp-content\/uploads\/2024\/06\/0_grafica_cmb_20200220_23448-1-1536x1022.jpg 1536w, http:\/\/maismagazine.pt\/wp-content\/uploads\/2024\/06\/0_grafica_cmb_20200220_23448-1-2048x1363.jpg 2048w, http:\/\/maismagazine.pt\/wp-content\/uploads\/2024\/06\/0_grafica_cmb_20200220_23448-1-150x100.jpg 150w\" sizes=\"auto, (max-width: 1024px) 100vw, 1024px\" \/><\/figure>\n\n\n\n<figure class=\"wp-block-image size-large\"><img loading=\"lazy\" decoding=\"async\" width=\"790\" height=\"541\" data-id=\"9924\" src=\"https:\/\/maismagazine.pt\/wp-content\/uploads\/2024\/06\/Peca-1.jpg\" alt=\"\" class=\"wp-image-9924\" srcset=\"http:\/\/maismagazine.pt\/wp-content\/uploads\/2024\/06\/Peca-1.jpg 790w, http:\/\/maismagazine.pt\/wp-content\/uploads\/2024\/06\/Peca-1-300x205.jpg 300w, http:\/\/maismagazine.pt\/wp-content\/uploads\/2024\/06\/Peca-1-768x526.jpg 768w\" sizes=\"auto, (max-width: 790px) 100vw, 790px\" \/><figcaption class=\"wp-element-caption\">Planta Suspensa\u201d\/ Gr\u00e9s engobes e vidrado mate\/ V\u00edtor Reis<\/figcaption><\/figure>\n<\/figure>\n\n\n\n<p><\/p>\n\n\n\n<p><\/p>\n\n\n\n<p><strong>De que forma est\u00e3o a trabalhar para apoiar os artes\u00e3os e artistas locais e para garantir a preserva\u00e7\u00e3o e transmiss\u00e3o dos saberes tradicionais? <\/strong><\/p>\n\n\n\n<p>O munic\u00edpio ir\u00e1 investir na regenera\u00e7\u00e3o urbana, no centro da cidade, em dois projetos distintos: um projeto de reabilita\u00e7\u00e3o de um edif\u00edcio no Centro Hist\u00f3rico, para disponibilizar casas a jovens criadores a rendas controladas, e a cria\u00e7\u00e3o de um HubCriativo nas instala\u00e7\u00f5es de uma antiga f\u00e1brica de cer\u00e2mica. A estrat\u00e9gia passa tamb\u00e9m por estimular uma troca de saberes e de experi\u00eancias com criadores de outras cidades criativas da UNESCO, como as duas Resid\u00eancias Art\u00edsticas Internacionais anuais na \u00e1rea cer\u00e2mica organizadas pelo Munic\u00edpio das Caldas da Rainha e pela Escola Superior de Artes e Design das Caldas da Rainha, do Instituto Polit\u00e9cnico de Leiria, que est\u00e1, neste momento, em per\u00edodo de candidatura. Para al\u00e9m das oportunidades que a perten\u00e7a a uma organiza\u00e7\u00e3o que conta com 330 cidades, espalhadas pelos 5 continentes, potencia, destaque para a realiza\u00e7\u00e3o, em 2024, do Congresso anual da Academia Internacional da Cer\u00e2mica, que contar\u00e1 com um amplo programa de exposi\u00e7\u00f5es e de atividades culturais. <\/p>\n\n\n\n<p><\/p>\n\n\n\n<p><strong>Quais s\u00e3o os principais desafios que enfrentam atualmente na sua miss\u00e3o de promover e valorizar o artesanato e artes populares das Caldas da Rainha? <\/strong><\/p>\n\n\n\n<p>A cria\u00e7\u00e3o de condi\u00e7\u00f5es para a fixa\u00e7\u00e3o de ceramistas, oleiros e outros artes\u00e3os na cidade e no concelho \u00e9 um dos principais \u00f3bices ao crescimento deste sector H\u00e1 tamb\u00e9m quest\u00f5es associadas aos custos de produ\u00e7\u00e3o da obra cer\u00e2mica, designadamente a necessidade de encontrar solu\u00e7\u00f5es que permitam, sobretudo aos mais jovens, o acesso a fornos com pre\u00e7os acess\u00edveis na sua utiliza\u00e7\u00e3o. Ao n\u00edvel da sustentabilidade, \u00e9 fundamental encontrarmos formas inovadoras de produ\u00e7\u00e3o que tenham uma abordagem ecol\u00f3gica, respeitadora do meio ambiente. Por \u00faltimo, no \u00e2mbito do Turismo Criativo, sublinhe-se a cria\u00e7\u00e3o do Cons\u00f3rcio \u201cRede Cidades Criativas UNESCO do Centro de Portugal\u201d, liderado pela Covilh\u00e3, em parceria com Caldas da Rainha, Castelo Branco, Idanha-a-Nova, Leiria e \u00d3bidos e, ainda, o Turismo do Centro de Portugal. A rede pretende desenvolver a\u00e7\u00f5es de natureza imaterial para potenciar a inova\u00e7\u00e3o e a competitividade urbana dos munic\u00edpios que a constituem atrav\u00e9s da criatividade. <\/p>\n\n\n\n<p><\/p>\n\n\n<div class=\"wp-block-image\">\n<figure class=\"aligncenter size-full is-resized\"><img loading=\"lazy\" decoding=\"async\" width=\"361\" height=\"184\" src=\"https:\/\/maismagazine.pt\/wp-content\/uploads\/2024\/06\/image-2.png\" alt=\"\" class=\"wp-image-9927\" style=\"aspect-ratio:1.9619565217391304;width:373px;height:auto\" srcset=\"http:\/\/maismagazine.pt\/wp-content\/uploads\/2024\/06\/image-2.png 361w, http:\/\/maismagazine.pt\/wp-content\/uploads\/2024\/06\/image-2-300x153.png 300w\" sizes=\"auto, (max-width: 361px) 100vw, 361px\" \/><\/figure><\/div>","protected":false},"excerpt":{"rendered":"<p>Jos\u00e9 Antunes, Chefe da Unidade de Cultura do Munic\u00edpio de Caldas da Rainha e Ponto Focal de Caldas da Rainha, Cidade Criativa da UNESCO, destaca o impacto positivo deste reconhecimento na economia local e no turismo, bem como as iniciativas para promover e apoiar os artes\u00e3os da regi\u00e3o. Caldas da&hellip;<\/p>\n","protected":false},"author":17,"featured_media":9930,"comment_status":"closed","ping_status":"open","sticky":false,"template":"","format":"standard","meta":{"advgb_blocks_editor_width":"","advgb_blocks_columns_visual_guide":"","_monsterinsights_skip_tracking":false,"_monsterinsights_sitenote_active":false,"_monsterinsights_sitenote_note":"","_monsterinsights_sitenote_category":0,"footnotes":""},"categories":[53],"tags":[2034],"class_list":["post-9922","post","type-post","status-publish","format-standard","has-post-thumbnail","hentry","category-turismo-restaurantes","tag-cm-caldas-da-rainha"],"yoast_head":"<!-- This site is optimized with the Yoast SEO plugin v24.4 - https:\/\/yoast.com\/wordpress\/plugins\/seo\/ -->\n<title>Cidade criativa em ascens\u00e3o - Mais Magazine<\/title>\n<meta name=\"description\" content=\"Jos\u00e9 Antunes, Chefe da Unidade de Cultura do Munic\u00edpio de Caldas da Rainha e Ponto Focal de Caldas da Rainha, Cidade Criativa da UNESCO, destaca o impacto positivo deste reconhecimento na economia local e no turismo, bem como as iniciativas para promover e apoiar os artes\u00e3os da regi\u00e3o.\" \/>\n<meta name=\"robots\" content=\"index, follow, max-snippet:-1, max-image-preview:large, max-video-preview:-1\" \/>\n<link rel=\"canonical\" href=\"http:\/\/maismagazine.pt\/index.php\/2024\/06\/28\/cidade-criativa-em-ascensao\/\" \/>\n<meta property=\"og:locale\" content=\"pt_PT\" \/>\n<meta property=\"og:type\" content=\"article\" \/>\n<meta property=\"og:title\" content=\"Cidade criativa em ascens\u00e3o - Mais Magazine\" \/>\n<meta property=\"og:description\" content=\"Jos\u00e9 Antunes, Chefe da Unidade de Cultura do Munic\u00edpio de Caldas da Rainha e Ponto Focal de Caldas da Rainha, Cidade Criativa da UNESCO, destaca o impacto positivo deste reconhecimento na economia local e no turismo, bem como as iniciativas para promover e apoiar os artes\u00e3os da regi\u00e3o.\" \/>\n<meta property=\"og:url\" content=\"http:\/\/maismagazine.pt\/index.php\/2024\/06\/28\/cidade-criativa-em-ascensao\/\" \/>\n<meta property=\"og:site_name\" content=\"Mais Magazine\" \/>\n<meta property=\"article:published_time\" content=\"2024-06-28T06:00:00+00:00\" \/>\n<meta property=\"og:image\" content=\"http:\/\/maismagazine.pt\/wp-content\/uploads\/2024\/06\/Peca-3-1.jpg\" \/>\n\t<meta property=\"og:image:width\" content=\"428\" \/>\n\t<meta property=\"og:image:height\" content=\"643\" \/>\n\t<meta property=\"og:image:type\" content=\"image\/jpeg\" \/>\n<meta name=\"author\" content=\"Tiago Costa\" \/>\n<meta name=\"twitter:card\" content=\"summary_large_image\" \/>\n<meta name=\"twitter:label1\" content=\"Escrito por\" \/>\n\t<meta name=\"twitter:data1\" content=\"\" \/>\n\t<meta name=\"twitter:label2\" content=\"Tempo estimado de leitura\" \/>\n\t<meta name=\"twitter:data2\" content=\"5 minutos\" \/>\n<script type=\"application\/ld+json\" class=\"yoast-schema-graph\">{\"@context\":\"https:\/\/schema.org\",\"@graph\":[{\"@type\":\"Article\",\"@id\":\"http:\/\/maismagazine.pt\/index.php\/2024\/06\/28\/cidade-criativa-em-ascensao\/#article\",\"isPartOf\":{\"@id\":\"http:\/\/maismagazine.pt\/index.php\/2024\/06\/28\/cidade-criativa-em-ascensao\/\"},\"author\":{\"name\":\"Tiago Costa\",\"@id\":\"https:\/\/maismagazine.pt\/#\/schema\/person\/c6c5bfccc886434cbd11c74e035f9646\"},\"headline\":\"Cidade criativa em ascens\u00e3o\",\"datePublished\":\"2024-06-28T06:00:00+00:00\",\"mainEntityOfPage\":{\"@id\":\"http:\/\/maismagazine.pt\/index.php\/2024\/06\/28\/cidade-criativa-em-ascensao\/\"},\"wordCount\":757,\"publisher\":{\"@id\":\"https:\/\/maismagazine.pt\/#organization\"},\"image\":{\"@id\":\"http:\/\/maismagazine.pt\/index.php\/2024\/06\/28\/cidade-criativa-em-ascensao\/#primaryimage\"},\"thumbnailUrl\":\"http:\/\/maismagazine.pt\/wp-content\/uploads\/2024\/06\/Peca-3-1.jpg\",\"keywords\":[\"CM Caldas da Rainha\"],\"articleSection\":[\"Turismo | Vinhos | Gastronomia\"],\"inLanguage\":\"pt-PT\"},{\"@type\":\"WebPage\",\"@id\":\"http:\/\/maismagazine.pt\/index.php\/2024\/06\/28\/cidade-criativa-em-ascensao\/\",\"url\":\"http:\/\/maismagazine.pt\/index.php\/2024\/06\/28\/cidade-criativa-em-ascensao\/\",\"name\":\"Cidade criativa em ascens\u00e3o - Mais Magazine\",\"isPartOf\":{\"@id\":\"https:\/\/maismagazine.pt\/#website\"},\"primaryImageOfPage\":{\"@id\":\"http:\/\/maismagazine.pt\/index.php\/2024\/06\/28\/cidade-criativa-em-ascensao\/#primaryimage\"},\"image\":{\"@id\":\"http:\/\/maismagazine.pt\/index.php\/2024\/06\/28\/cidade-criativa-em-ascensao\/#primaryimage\"},\"thumbnailUrl\":\"http:\/\/maismagazine.pt\/wp-content\/uploads\/2024\/06\/Peca-3-1.jpg\",\"datePublished\":\"2024-06-28T06:00:00+00:00\",\"description\":\"Jos\u00e9 Antunes, Chefe da Unidade de Cultura do Munic\u00edpio de Caldas da Rainha e Ponto Focal de Caldas da Rainha, Cidade Criativa da UNESCO, destaca o impacto positivo deste reconhecimento na economia local e no turismo, bem como as iniciativas para promover e apoiar os artes\u00e3os da regi\u00e3o.\",\"breadcrumb\":{\"@id\":\"http:\/\/maismagazine.pt\/index.php\/2024\/06\/28\/cidade-criativa-em-ascensao\/#breadcrumb\"},\"inLanguage\":\"pt-PT\",\"potentialAction\":[{\"@type\":\"ReadAction\",\"target\":[\"http:\/\/maismagazine.pt\/index.php\/2024\/06\/28\/cidade-criativa-em-ascensao\/\"]}]},{\"@type\":\"ImageObject\",\"inLanguage\":\"pt-PT\",\"@id\":\"http:\/\/maismagazine.pt\/index.php\/2024\/06\/28\/cidade-criativa-em-ascensao\/#primaryimage\",\"url\":\"http:\/\/maismagazine.pt\/wp-content\/uploads\/2024\/06\/Peca-3-1.jpg\",\"contentUrl\":\"http:\/\/maismagazine.pt\/wp-content\/uploads\/2024\/06\/Peca-3-1.jpg\",\"width\":428,\"height\":643},{\"@type\":\"BreadcrumbList\",\"@id\":\"http:\/\/maismagazine.pt\/index.php\/2024\/06\/28\/cidade-criativa-em-ascensao\/#breadcrumb\",\"itemListElement\":[{\"@type\":\"ListItem\",\"position\":1,\"name\":\"Home\",\"item\":\"https:\/\/maismagazine.pt\/\"},{\"@type\":\"ListItem\",\"position\":2,\"name\":\"Cidade criativa em ascens\u00e3o\"}]},{\"@type\":\"WebSite\",\"@id\":\"https:\/\/maismagazine.pt\/#website\",\"url\":\"https:\/\/maismagazine.pt\/\",\"name\":\"Mais Magazine\",\"description\":\"\",\"publisher\":{\"@id\":\"https:\/\/maismagazine.pt\/#organization\"},\"potentialAction\":[{\"@type\":\"SearchAction\",\"target\":{\"@type\":\"EntryPoint\",\"urlTemplate\":\"https:\/\/maismagazine.pt\/?s={search_term_string}\"},\"query-input\":{\"@type\":\"PropertyValueSpecification\",\"valueRequired\":true,\"valueName\":\"search_term_string\"}}],\"inLanguage\":\"pt-PT\"},{\"@type\":\"Organization\",\"@id\":\"https:\/\/maismagazine.pt\/#organization\",\"name\":\"Mais Magazine\",\"url\":\"https:\/\/maismagazine.pt\/\",\"logo\":{\"@type\":\"ImageObject\",\"inLanguage\":\"pt-PT\",\"@id\":\"https:\/\/maismagazine.pt\/#\/schema\/logo\/image\/\",\"url\":\"http:\/\/maismagazine.pt\/wp-content\/uploads\/2020\/04\/cropped-cropped-mais-magazine-site-logo-2.png\",\"contentUrl\":\"http:\/\/maismagazine.pt\/wp-content\/uploads\/2020\/04\/cropped-cropped-mais-magazine-site-logo-2.png\",\"width\":581,\"height\":90,\"caption\":\"Mais Magazine\"},\"image\":{\"@id\":\"https:\/\/maismagazine.pt\/#\/schema\/logo\/image\/\"}},{\"@type\":\"Person\",\"@id\":\"https:\/\/maismagazine.pt\/#\/schema\/person\/c6c5bfccc886434cbd11c74e035f9646\",\"name\":\"Tiago Costa\",\"image\":{\"@type\":\"ImageObject\",\"inLanguage\":\"pt-PT\",\"@id\":\"https:\/\/maismagazine.pt\/#\/schema\/person\/image\/\",\"url\":\"https:\/\/secure.gravatar.com\/avatar\/c599b2bce16c9870429198cbad5ee022?s=96&d=mm&r=g\",\"contentUrl\":\"https:\/\/secure.gravatar.com\/avatar\/c599b2bce16c9870429198cbad5ee022?s=96&d=mm&r=g\",\"caption\":\"Tiago Costa\"},\"url\":\"http:\/\/maismagazine.pt\/index.php\/author\/tiago\/\"}]}<\/script>\n<!-- \/ Yoast SEO plugin. -->","yoast_head_json":{"title":"Cidade criativa em ascens\u00e3o - Mais Magazine","description":"Jos\u00e9 Antunes, Chefe da Unidade de Cultura do Munic\u00edpio de Caldas da Rainha e Ponto Focal de Caldas da Rainha, Cidade Criativa da UNESCO, destaca o impacto positivo deste reconhecimento na economia local e no turismo, bem como as iniciativas para promover e apoiar os artes\u00e3os da regi\u00e3o.","robots":{"index":"index","follow":"follow","max-snippet":"max-snippet:-1","max-image-preview":"max-image-preview:large","max-video-preview":"max-video-preview:-1"},"canonical":"http:\/\/maismagazine.pt\/index.php\/2024\/06\/28\/cidade-criativa-em-ascensao\/","og_locale":"pt_PT","og_type":"article","og_title":"Cidade criativa em ascens\u00e3o - Mais Magazine","og_description":"Jos\u00e9 Antunes, Chefe da Unidade de Cultura do Munic\u00edpio de Caldas da Rainha e Ponto Focal de Caldas da Rainha, Cidade Criativa da UNESCO, destaca o impacto positivo deste reconhecimento na economia local e no turismo, bem como as iniciativas para promover e apoiar os artes\u00e3os da regi\u00e3o.","og_url":"http:\/\/maismagazine.pt\/index.php\/2024\/06\/28\/cidade-criativa-em-ascensao\/","og_site_name":"Mais Magazine","article_published_time":"2024-06-28T06:00:00+00:00","og_image":[{"width":428,"height":643,"url":"http:\/\/maismagazine.pt\/wp-content\/uploads\/2024\/06\/Peca-3-1.jpg","type":"image\/jpeg"}],"author":"Tiago Costa","twitter_card":"summary_large_image","twitter_misc":{"Escrito por":false,"Tempo estimado de leitura":"5 minutos"},"schema":{"@context":"https:\/\/schema.org","@graph":[{"@type":"Article","@id":"http:\/\/maismagazine.pt\/index.php\/2024\/06\/28\/cidade-criativa-em-ascensao\/#article","isPartOf":{"@id":"http:\/\/maismagazine.pt\/index.php\/2024\/06\/28\/cidade-criativa-em-ascensao\/"},"author":{"name":"Tiago Costa","@id":"https:\/\/maismagazine.pt\/#\/schema\/person\/c6c5bfccc886434cbd11c74e035f9646"},"headline":"Cidade criativa em ascens\u00e3o","datePublished":"2024-06-28T06:00:00+00:00","mainEntityOfPage":{"@id":"http:\/\/maismagazine.pt\/index.php\/2024\/06\/28\/cidade-criativa-em-ascensao\/"},"wordCount":757,"publisher":{"@id":"https:\/\/maismagazine.pt\/#organization"},"image":{"@id":"http:\/\/maismagazine.pt\/index.php\/2024\/06\/28\/cidade-criativa-em-ascensao\/#primaryimage"},"thumbnailUrl":"http:\/\/maismagazine.pt\/wp-content\/uploads\/2024\/06\/Peca-3-1.jpg","keywords":["CM Caldas da Rainha"],"articleSection":["Turismo | Vinhos | Gastronomia"],"inLanguage":"pt-PT"},{"@type":"WebPage","@id":"http:\/\/maismagazine.pt\/index.php\/2024\/06\/28\/cidade-criativa-em-ascensao\/","url":"http:\/\/maismagazine.pt\/index.php\/2024\/06\/28\/cidade-criativa-em-ascensao\/","name":"Cidade criativa em ascens\u00e3o - Mais Magazine","isPartOf":{"@id":"https:\/\/maismagazine.pt\/#website"},"primaryImageOfPage":{"@id":"http:\/\/maismagazine.pt\/index.php\/2024\/06\/28\/cidade-criativa-em-ascensao\/#primaryimage"},"image":{"@id":"http:\/\/maismagazine.pt\/index.php\/2024\/06\/28\/cidade-criativa-em-ascensao\/#primaryimage"},"thumbnailUrl":"http:\/\/maismagazine.pt\/wp-content\/uploads\/2024\/06\/Peca-3-1.jpg","datePublished":"2024-06-28T06:00:00+00:00","description":"Jos\u00e9 Antunes, Chefe da Unidade de Cultura do Munic\u00edpio de Caldas da Rainha e Ponto Focal de Caldas da Rainha, Cidade Criativa da UNESCO, destaca o impacto positivo deste reconhecimento na economia local e no turismo, bem como as iniciativas para promover e apoiar os artes\u00e3os da regi\u00e3o.","breadcrumb":{"@id":"http:\/\/maismagazine.pt\/index.php\/2024\/06\/28\/cidade-criativa-em-ascensao\/#breadcrumb"},"inLanguage":"pt-PT","potentialAction":[{"@type":"ReadAction","target":["http:\/\/maismagazine.pt\/index.php\/2024\/06\/28\/cidade-criativa-em-ascensao\/"]}]},{"@type":"ImageObject","inLanguage":"pt-PT","@id":"http:\/\/maismagazine.pt\/index.php\/2024\/06\/28\/cidade-criativa-em-ascensao\/#primaryimage","url":"http:\/\/maismagazine.pt\/wp-content\/uploads\/2024\/06\/Peca-3-1.jpg","contentUrl":"http:\/\/maismagazine.pt\/wp-content\/uploads\/2024\/06\/Peca-3-1.jpg","width":428,"height":643},{"@type":"BreadcrumbList","@id":"http:\/\/maismagazine.pt\/index.php\/2024\/06\/28\/cidade-criativa-em-ascensao\/#breadcrumb","itemListElement":[{"@type":"ListItem","position":1,"name":"Home","item":"https:\/\/maismagazine.pt\/"},{"@type":"ListItem","position":2,"name":"Cidade criativa em ascens\u00e3o"}]},{"@type":"WebSite","@id":"https:\/\/maismagazine.pt\/#website","url":"https:\/\/maismagazine.pt\/","name":"Mais Magazine","description":"","publisher":{"@id":"https:\/\/maismagazine.pt\/#organization"},"potentialAction":[{"@type":"SearchAction","target":{"@type":"EntryPoint","urlTemplate":"https:\/\/maismagazine.pt\/?s={search_term_string}"},"query-input":{"@type":"PropertyValueSpecification","valueRequired":true,"valueName":"search_term_string"}}],"inLanguage":"pt-PT"},{"@type":"Organization","@id":"https:\/\/maismagazine.pt\/#organization","name":"Mais Magazine","url":"https:\/\/maismagazine.pt\/","logo":{"@type":"ImageObject","inLanguage":"pt-PT","@id":"https:\/\/maismagazine.pt\/#\/schema\/logo\/image\/","url":"http:\/\/maismagazine.pt\/wp-content\/uploads\/2020\/04\/cropped-cropped-mais-magazine-site-logo-2.png","contentUrl":"http:\/\/maismagazine.pt\/wp-content\/uploads\/2020\/04\/cropped-cropped-mais-magazine-site-logo-2.png","width":581,"height":90,"caption":"Mais Magazine"},"image":{"@id":"https:\/\/maismagazine.pt\/#\/schema\/logo\/image\/"}},{"@type":"Person","@id":"https:\/\/maismagazine.pt\/#\/schema\/person\/c6c5bfccc886434cbd11c74e035f9646","name":"Tiago Costa","image":{"@type":"ImageObject","inLanguage":"pt-PT","@id":"https:\/\/maismagazine.pt\/#\/schema\/person\/image\/","url":"https:\/\/secure.gravatar.com\/avatar\/c599b2bce16c9870429198cbad5ee022?s=96&d=mm&r=g","contentUrl":"https:\/\/secure.gravatar.com\/avatar\/c599b2bce16c9870429198cbad5ee022?s=96&d=mm&r=g","caption":"Tiago Costa"},"url":"http:\/\/maismagazine.pt\/index.php\/author\/tiago\/"}]}},"author_meta":{"display_name":false,"author_link":"http:\/\/maismagazine.pt\/index.php\/author\/tiago\/"},"featured_img":"http:\/\/maismagazine.pt\/wp-content\/uploads\/2024\/06\/Peca-3-1-200x300.jpg","coauthors":[],"tax_additional":{"categories":{"linked":["<a href=\"http:\/\/maismagazine.pt\/index.php\/category\/turismo-restaurantes\/\" class=\"advgb-post-tax-term\">Turismo | Vinhos | Gastronomia<\/a>"],"unlinked":["<span class=\"advgb-post-tax-term\">Turismo | Vinhos | Gastronomia<\/span>"]},"tags":{"linked":["<a href=\"http:\/\/maismagazine.pt\/index.php\/category\/turismo-restaurantes\/\" class=\"advgb-post-tax-term\">CM Caldas da Rainha<\/a>"],"unlinked":["<span class=\"advgb-post-tax-term\">CM Caldas da Rainha<\/span>"]}},"comment_count":"0","relative_dates":{"created":"Posted 2 anos ago","modified":"Updated 2 anos ago"},"absolute_dates":{"created":"Posted on 28 de Junho, 2024","modified":"Updated on 25 de Junho, 2024"},"absolute_dates_time":{"created":"Posted on 28 de Junho, 2024 7:00","modified":"Updated on 25 de Junho, 2024 15:47"},"featured_img_caption":"","series_order":"","_links":{"self":[{"href":"http:\/\/maismagazine.pt\/index.php\/wp-json\/wp\/v2\/posts\/9922","targetHints":{"allow":["GET"]}}],"collection":[{"href":"http:\/\/maismagazine.pt\/index.php\/wp-json\/wp\/v2\/posts"}],"about":[{"href":"http:\/\/maismagazine.pt\/index.php\/wp-json\/wp\/v2\/types\/post"}],"author":[{"embeddable":true,"href":"http:\/\/maismagazine.pt\/index.php\/wp-json\/wp\/v2\/users\/17"}],"replies":[{"embeddable":true,"href":"http:\/\/maismagazine.pt\/index.php\/wp-json\/wp\/v2\/comments?post=9922"}],"version-history":[{"count":2,"href":"http:\/\/maismagazine.pt\/index.php\/wp-json\/wp\/v2\/posts\/9922\/revisions"}],"predecessor-version":[{"id":9932,"href":"http:\/\/maismagazine.pt\/index.php\/wp-json\/wp\/v2\/posts\/9922\/revisions\/9932"}],"wp:featuredmedia":[{"embeddable":true,"href":"http:\/\/maismagazine.pt\/index.php\/wp-json\/wp\/v2\/media\/9930"}],"wp:attachment":[{"href":"http:\/\/maismagazine.pt\/index.php\/wp-json\/wp\/v2\/media?parent=9922"}],"wp:term":[{"taxonomy":"category","embeddable":true,"href":"http:\/\/maismagazine.pt\/index.php\/wp-json\/wp\/v2\/categories?post=9922"},{"taxonomy":"post_tag","embeddable":true,"href":"http:\/\/maismagazine.pt\/index.php\/wp-json\/wp\/v2\/tags?post=9922"}],"curies":[{"name":"wp","href":"https:\/\/api.w.org\/{rel}","templated":true}]}}