{"id":9905,"date":"2024-06-28T07:00:00","date_gmt":"2024-06-28T06:00:00","guid":{"rendered":"https:\/\/maismagazine.pt\/?p=9905"},"modified":"2024-06-25T15:40:15","modified_gmt":"2024-06-25T14:40:15","slug":"obidos-cidade-criativa-da-literatura-da-unesco","status":"publish","type":"post","link":"http:\/\/maismagazine.pt\/index.php\/2024\/06\/28\/obidos-cidade-criativa-da-literatura-da-unesco\/","title":{"rendered":"\u00d3bidos: Cidade Criativa da Literatura da UNESCO"},"content":{"rendered":"\n<p><strong>\u201c\u00d3bidos, Vila Liter\u00e1ria\u201d, um projeto criado em 2011 pelo Munic\u00edpio e a entidade privada Ler Devagar no intuito de envolver as pessoas e o patrim\u00f3nio num processo de desenvolvimento de um territ\u00f3rio criativo, onde a literatura \u00e9 o motor para o desenvolvimento urbano, econ\u00f3mico e social, tendo sido este o motivo e objetivo da candidatura, a <a href=\"http:\/\/www.cm-obidos.pt\">\u00d3bidos<\/a> Cidade Criativa da Literatura da UNESCO. <\/strong><\/p>\n\n\n\n<p><\/p>\n\n\n\n<p>Em 2012, foi aberta a maior livraria portuguesa dentro de uma igreja (igreja de S\u00e3o Tiago), espa\u00e7o que j\u00e1 n\u00e3o estava afeto ao culto, onde se chamou a aten\u00e7\u00e3o para as novas configura\u00e7\u00f5es entre espa\u00e7os e atividades e entre talentos locais e de fora. Velhos espa\u00e7os, abandonados, encontraram a partir desse momento uma nova fun\u00e7\u00e3o, o que resultou na abertura de 11 livrarias tem\u00e1ticas, incluindo um hotel liter\u00e1rio. A \u201c\u00d3bidos, Vila Liter\u00e1ria\u201d foi constru\u00edda no pressuposto de que haveria uma Rede de Livrarias dotadas de espa\u00e7os espec\u00edficos para organiza\u00e7\u00e3o de exposi\u00e7\u00f5es de artes, de concertos, de confer\u00eancias, de performances. Para al\u00e9m dos espa\u00e7os do livro, a \u201cVila Liter\u00e1ria\u201d disp\u00f5e de um conjunto de espa\u00e7os municipais: museus, galerias, biblioteca, resid\u00eancias art\u00edsticas e liter\u00e1rias que lhe permitem completar a oferta e satisfazer as solicita\u00e7\u00f5es de escritores, autores, artistas que procuram \u00d3bidos, como local de desenvolvimento de projetos ou como local da sua apresenta\u00e7\u00e3o, promovendo a leitura e o acesso \u00e0 literatura.   <\/p>\n\n\n\n<p>Em 2015, a UNESCO considerou \u00d3bidos como Cidade Criativa da Literatura, integrando assim a Rede de Cidades Cria-tivas. \u00d3bidos entrou na lista da UNES-CO ao lado de outras cidades liter\u00e1rias como Barcelona (Espanha), Edimburgo (Esc\u00f3cia), Melbourne (Austr\u00e1lia), Iowa City (Estados Unidos da Am\u00e9rica), Du-blin (Irlanda) Reiquejavique (Isl\u00e2ndia), Norwich (Inglaterra), Crac\u00f3via (Pol\u00f3nia), Heidelberg (Alemanha), Dunedin (Nova Zel\u00e2ndia), Granada (Espanha) e Praga (Rep\u00fablica Checa). Por outro lado, e com esta nomea\u00e7\u00e3o da UNESCO, o Munic\u00edpio apostou, de forma ainda mais assertiva, nesta estrat\u00e9gia, bem como no compromisso de olhar para os livros e para a literatura como uma das principais for\u00e7as de desenvolvimento econ\u00f3mico deste territ\u00f3rio. As atividades de \u00d3bidos Vila Liter\u00e1ria s\u00e3o cont\u00ednuas ao longo do ano, com manifesta\u00e7\u00f5es de maior relevo nos festivais e encontros liter\u00e1rios e art\u00edsticos, nomeadamente no FOLIO \u2013 Festival Liter\u00e1rio Internacional (nas suas diversas curadorias: Autores, Ilustra, Educa, Mais, BD, Folia, Bo\u00e9mia); e no Latitudes \u2013 Literatura e Viajantes.  <\/p>\n\n\n\n<p><\/p>\n\n\n<div class=\"wp-block-image\">\n<figure class=\"aligncenter size-large is-resized\"><img loading=\"lazy\" decoding=\"async\" width=\"682\" height=\"1024\" src=\"https:\/\/maismagazine.pt\/wp-content\/uploads\/2024\/06\/Filipe-Daniel-Presidente-da-Camara-Municipal-de-Obidos-682x1024.jpg\" alt=\"\" class=\"wp-image-9909\" style=\"aspect-ratio:0.666015625;width:242px;height:auto\" srcset=\"http:\/\/maismagazine.pt\/wp-content\/uploads\/2024\/06\/Filipe-Daniel-Presidente-da-Camara-Municipal-de-Obidos-682x1024.jpg 682w, http:\/\/maismagazine.pt\/wp-content\/uploads\/2024\/06\/Filipe-Daniel-Presidente-da-Camara-Municipal-de-Obidos-200x300.jpg 200w, http:\/\/maismagazine.pt\/wp-content\/uploads\/2024\/06\/Filipe-Daniel-Presidente-da-Camara-Municipal-de-Obidos-768x1153.jpg 768w, http:\/\/maismagazine.pt\/wp-content\/uploads\/2024\/06\/Filipe-Daniel-Presidente-da-Camara-Municipal-de-Obidos-1023x1536.jpg 1023w, http:\/\/maismagazine.pt\/wp-content\/uploads\/2024\/06\/Filipe-Daniel-Presidente-da-Camara-Municipal-de-Obidos.jpg 1364w\" sizes=\"auto, (max-width: 682px) 100vw, 682px\" \/><figcaption class=\"wp-element-caption\">Filipe Daniel, Presidente da C\u00e2mara Municipal de \u00d3bidos<\/figcaption><\/figure><\/div>\n\n\n<p><\/p>\n\n\n\n<p>A qualidade do projeto liter\u00e1rio e art\u00edstico tem o reconhecimento da comunidade local, regional, nacional e internacional, tanto do p\u00fablico, como dos seus parceiros nacionais e internacionais: Rede UNESCO das Cidades Criativas, IOB-International Organisation of Booktowns, Festivais Liter\u00e1rios Internacionais. O projeto trouxe uma posi\u00e7\u00e3o de destaque para \u00d3bidos, n\u00e3o s\u00f3 pela sua relev\u00e2ncia em termos culturais, mas tamb\u00e9m pela sua diferencia\u00e7\u00e3o tur\u00edstica, \u00fanica, no contexto das manifesta\u00e7\u00f5es art\u00edsticas e culturais que se realizam em Portugal. O plano de atividades, partindo do livro e da leitura, tem uma preocupa\u00e7\u00e3o global inclusiva e integradora abrangendo as diferentes \u00e1reas do saber, do conhecimento e das artes, em colabora\u00e7\u00e3o com as escolas, polit\u00e9cnicos e universidades, alunos, professores e investigadores. <\/p>\n\n\n\n<p><\/p>\n\n\n\n<figure class=\"wp-block-gallery has-nested-images columns-default is-cropped wp-block-gallery-1 is-layout-flex wp-block-gallery-is-layout-flex\">\n<figure class=\"wp-block-image size-large\"><img loading=\"lazy\" decoding=\"async\" width=\"1024\" height=\"683\" data-id=\"9913\" src=\"https:\/\/maismagazine.pt\/wp-content\/uploads\/2024\/06\/2023_10_15_FOLIO_MS_1449-1-1024x683.jpg\" alt=\"\" class=\"wp-image-9913\" srcset=\"http:\/\/maismagazine.pt\/wp-content\/uploads\/2024\/06\/2023_10_15_FOLIO_MS_1449-1-1024x683.jpg 1024w, http:\/\/maismagazine.pt\/wp-content\/uploads\/2024\/06\/2023_10_15_FOLIO_MS_1449-1-300x200.jpg 300w, http:\/\/maismagazine.pt\/wp-content\/uploads\/2024\/06\/2023_10_15_FOLIO_MS_1449-1-768x512.jpg 768w, http:\/\/maismagazine.pt\/wp-content\/uploads\/2024\/06\/2023_10_15_FOLIO_MS_1449-1-1536x1024.jpg 1536w, http:\/\/maismagazine.pt\/wp-content\/uploads\/2024\/06\/2023_10_15_FOLIO_MS_1449-1-2048x1366.jpg 2048w, http:\/\/maismagazine.pt\/wp-content\/uploads\/2024\/06\/2023_10_15_FOLIO_MS_1449-1-150x100.jpg 150w\" sizes=\"auto, (max-width: 1024px) 100vw, 1024px\" \/><\/figure>\n\n\n\n<figure class=\"wp-block-image size-large\"><img loading=\"lazy\" decoding=\"async\" width=\"1024\" height=\"681\" data-id=\"9916\" src=\"https:\/\/maismagazine.pt\/wp-content\/uploads\/2024\/06\/20231014_FOLIO_NC_0603-1-1024x681.jpg\" alt=\"\" class=\"wp-image-9916\" srcset=\"http:\/\/maismagazine.pt\/wp-content\/uploads\/2024\/06\/20231014_FOLIO_NC_0603-1-1024x681.jpg 1024w, http:\/\/maismagazine.pt\/wp-content\/uploads\/2024\/06\/20231014_FOLIO_NC_0603-1-300x200.jpg 300w, http:\/\/maismagazine.pt\/wp-content\/uploads\/2024\/06\/20231014_FOLIO_NC_0603-1-768x511.jpg 768w, http:\/\/maismagazine.pt\/wp-content\/uploads\/2024\/06\/20231014_FOLIO_NC_0603-1-1536x1022.jpg 1536w, http:\/\/maismagazine.pt\/wp-content\/uploads\/2024\/06\/20231014_FOLIO_NC_0603-1-2048x1362.jpg 2048w, http:\/\/maismagazine.pt\/wp-content\/uploads\/2024\/06\/20231014_FOLIO_NC_0603-1-150x100.jpg 150w\" sizes=\"auto, (max-width: 1024px) 100vw, 1024px\" \/><\/figure>\n\n\n\n<figure class=\"wp-block-image size-large\"><img loading=\"lazy\" decoding=\"async\" width=\"1024\" height=\"683\" data-id=\"9917\" src=\"https:\/\/maismagazine.pt\/wp-content\/uploads\/2024\/06\/20231014_FOLIO_VP_1732-1-1024x683.jpg\" alt=\"\" class=\"wp-image-9917\" srcset=\"http:\/\/maismagazine.pt\/wp-content\/uploads\/2024\/06\/20231014_FOLIO_VP_1732-1-1024x683.jpg 1024w, http:\/\/maismagazine.pt\/wp-content\/uploads\/2024\/06\/20231014_FOLIO_VP_1732-1-300x200.jpg 300w, http:\/\/maismagazine.pt\/wp-content\/uploads\/2024\/06\/20231014_FOLIO_VP_1732-1-768x512.jpg 768w, http:\/\/maismagazine.pt\/wp-content\/uploads\/2024\/06\/20231014_FOLIO_VP_1732-1-1536x1024.jpg 1536w, http:\/\/maismagazine.pt\/wp-content\/uploads\/2024\/06\/20231014_FOLIO_VP_1732-1-2048x1366.jpg 2048w, http:\/\/maismagazine.pt\/wp-content\/uploads\/2024\/06\/20231014_FOLIO_VP_1732-1-150x100.jpg 150w\" sizes=\"auto, (max-width: 1024px) 100vw, 1024px\" \/><\/figure>\n\n\n\n<figure class=\"wp-block-image size-large\"><img loading=\"lazy\" decoding=\"async\" width=\"832\" height=\"555\" data-id=\"9914\" src=\"https:\/\/maismagazine.pt\/wp-content\/uploads\/2024\/06\/Livraria-do-Mercado.jpg\" alt=\"\" class=\"wp-image-9914\" srcset=\"http:\/\/maismagazine.pt\/wp-content\/uploads\/2024\/06\/Livraria-do-Mercado.jpg 832w, http:\/\/maismagazine.pt\/wp-content\/uploads\/2024\/06\/Livraria-do-Mercado-300x200.jpg 300w, http:\/\/maismagazine.pt\/wp-content\/uploads\/2024\/06\/Livraria-do-Mercado-768x512.jpg 768w, http:\/\/maismagazine.pt\/wp-content\/uploads\/2024\/06\/Livraria-do-Mercado-150x100.jpg 150w\" sizes=\"auto, (max-width: 832px) 100vw, 832px\" \/><\/figure>\n\n\n\n<figure class=\"wp-block-image size-large\"><img loading=\"lazy\" decoding=\"async\" width=\"864\" height=\"576\" data-id=\"9915\" src=\"https:\/\/maismagazine.pt\/wp-content\/uploads\/2024\/06\/Obidos-City-of-Literature_CMO.jpg\" alt=\"\" class=\"wp-image-9915\" srcset=\"http:\/\/maismagazine.pt\/wp-content\/uploads\/2024\/06\/Obidos-City-of-Literature_CMO.jpg 864w, http:\/\/maismagazine.pt\/wp-content\/uploads\/2024\/06\/Obidos-City-of-Literature_CMO-300x200.jpg 300w, http:\/\/maismagazine.pt\/wp-content\/uploads\/2024\/06\/Obidos-City-of-Literature_CMO-768x512.jpg 768w, http:\/\/maismagazine.pt\/wp-content\/uploads\/2024\/06\/Obidos-City-of-Literature_CMO-150x100.jpg 150w\" sizes=\"auto, (max-width: 864px) 100vw, 864px\" \/><\/figure>\n<\/figure>\n\n\n\n<p><\/p>\n\n\n\n<p>\u00d3bidos \u00e9, no seu todo, uma Cidade Criativa da Literatura, na medida em que abrange a literatura em tudo o que faz, desde a reconstru\u00e7\u00e3o e reutiliza\u00e7\u00e3o de edif\u00edcios antigos at\u00e9 \u00e0 cria\u00e7\u00e3o de empregos, a pensar em produtos tur\u00edsticos alternativos. A designa\u00e7\u00e3o atrai turistas interessados na oferta cultural e liter\u00e1ria da cidade, o que aumenta a receita local e apoia os neg\u00f3cios relacionados ao turismo. Fomenta a atra\u00e7\u00e3o de visitantes, impulsiona o com\u00e9rcio local, desde hot\u00e9is e restaurantes at\u00e9 lojas de artesanato. A Vila mant\u00e9m as suas tradi\u00e7\u00f5es e patrim\u00f3nios culturais vivos, integrando-os em eventos liter\u00e1rios e culturais. \u00d3bidos implementa programas educativos que incentivam a leitura e a escrita, especialmente entre os jovens. Projetos liter\u00e1rios e culturais que promovem a inclus\u00e3o social, proporcionando o acesso \u00e0 cultura a TODOS. Como parte da rede de Cidades Criativas da UNES-CO, \u00d3bidos colabora com outras cidades criativas, promovendo interc\u00e2mbios culturais e liter\u00e1rios, atrav\u00e9s da disponibilidade das suas resid\u00eancias para escritores e artistas, criando um ambiente prop\u00edcio para a cria\u00e7\u00e3o liter\u00e1ria e art\u00edstica. De modo a abra\u00e7ar toda a comunidade, a partir da Biblioteca Municipal \u00e9 desenvolvido todo um tabalho de gest\u00e3o e literacia, com o polo da Biblioteca de \u00c0 &#8211; dos &#8211; Negros; a Rede de Bibliotecas Escolares do Agrupamento de Escolas Josefa de \u00d3bidos e com a Rede das Pequenas Bibliotecas Livres de \u00d3bidos: a Sancha &#8211; da Sancheira; a Bateira- do Vau; o Moinho &#8211; da Amoreira e a Alvita do Complexo Escolar do Alvito, um projeto internacional da UNESCO \u201cLittle Free Library\u201d, com um conceito simples de levar um livro e deixar outro, o que permite uma diversidade das leituras e acesso a um maior n\u00famero de obras liter\u00e1rias. A Vila tamb\u00e9m disponibiliza espa\u00e7os dedicados \u00e0 inova\u00e7\u00e3o e \u00e0 criatividade, contribuindo para o desenvolvimento sustent\u00e1vel, incentivando a novas formas de express\u00e3o liter\u00e1ria, fortalecendo a posi\u00e7\u00e3o de \u00d3bidos como um centro de excel\u00eancia liter\u00e1ria de reconhecimento nacional e internacional, um modelo de sucesso na promo\u00e7\u00e3o da criatividade e da inclus\u00e3o cultural.  <\/p>\n\n\n\n<p><\/p>\n\n\n<div class=\"wp-block-image\">\n<figure class=\"aligncenter size-large is-resized\"><img loading=\"lazy\" decoding=\"async\" width=\"1024\" height=\"1024\" src=\"https:\/\/maismagazine.pt\/wp-content\/uploads\/2024\/06\/420160171_768592635300587_8896843790297327267_n-1024x1024.jpg\" alt=\"\" class=\"wp-image-9918\" style=\"aspect-ratio:1;width:195px;height:auto\" srcset=\"http:\/\/maismagazine.pt\/wp-content\/uploads\/2024\/06\/420160171_768592635300587_8896843790297327267_n-1024x1024.jpg 1024w, http:\/\/maismagazine.pt\/wp-content\/uploads\/2024\/06\/420160171_768592635300587_8896843790297327267_n-300x300.jpg 300w, http:\/\/maismagazine.pt\/wp-content\/uploads\/2024\/06\/420160171_768592635300587_8896843790297327267_n-150x150.jpg 150w, http:\/\/maismagazine.pt\/wp-content\/uploads\/2024\/06\/420160171_768592635300587_8896843790297327267_n-768x768.jpg 768w, http:\/\/maismagazine.pt\/wp-content\/uploads\/2024\/06\/420160171_768592635300587_8896843790297327267_n.jpg 1080w\" sizes=\"auto, (max-width: 1024px) 100vw, 1024px\" \/><\/figure><\/div>","protected":false},"excerpt":{"rendered":"<p>\u201c\u00d3bidos, Vila Liter\u00e1ria\u201d, um projeto criado em 2011 pelo Munic\u00edpio e a entidade privada Ler Devagar no intuito de envolver as pessoas e o patrim\u00f3nio num processo de desenvolvimento de um territ\u00f3rio criativo, onde a literatura \u00e9 o motor para o desenvolvimento urbano, econ\u00f3mico e social, tendo sido este o&hellip;<\/p>\n","protected":false},"author":17,"featured_media":9919,"comment_status":"closed","ping_status":"open","sticky":false,"template":"","format":"standard","meta":{"advgb_blocks_editor_width":"","advgb_blocks_columns_visual_guide":"","_monsterinsights_skip_tracking":false,"_monsterinsights_sitenote_active":false,"_monsterinsights_sitenote_note":"","_monsterinsights_sitenote_category":0,"footnotes":""},"categories":[53],"tags":[2031],"class_list":["post-9905","post","type-post","status-publish","format-standard","has-post-thumbnail","hentry","category-turismo-restaurantes","tag-cm-obidos"],"yoast_head":"<!-- This site is optimized with the Yoast SEO plugin v24.4 - https:\/\/yoast.com\/wordpress\/plugins\/seo\/ -->\n<title>\u00d3bidos: Cidade Criativa da Literatura da UNESCO - Mais Magazine<\/title>\n<meta name=\"description\" content=\"\u201c\u00d3bidos, Vila Liter\u00e1ria\u201d, um projeto criado em 2011 pelo Munic\u00edpio e a entidade privada Ler Devagar no intuito de envolver as pessoas e o patrim\u00f3nio num processo de desenvolvimento de um territ\u00f3rio criativo, onde a literatura \u00e9 o motor para o desenvolvimento urbano, econ\u00f3mico e social, tendo sido este o motivo e objetivo da candidatura, a \u00d3bidos Cidade Criativa da Literatura da UNESCO.\" \/>\n<meta name=\"robots\" content=\"index, follow, max-snippet:-1, max-image-preview:large, max-video-preview:-1\" \/>\n<link rel=\"canonical\" href=\"https:\/\/maismagazine.pt\/index.php\/2024\/06\/28\/obidos-cidade-criativa-da-literatura-da-unesco\/\" \/>\n<meta property=\"og:locale\" content=\"pt_PT\" \/>\n<meta property=\"og:type\" content=\"article\" \/>\n<meta property=\"og:title\" content=\"\u00d3bidos: Cidade Criativa da Literatura da UNESCO - Mais Magazine\" \/>\n<meta property=\"og:description\" content=\"\u201c\u00d3bidos, Vila Liter\u00e1ria\u201d, um projeto criado em 2011 pelo Munic\u00edpio e a entidade privada Ler Devagar no intuito de envolver as pessoas e o patrim\u00f3nio num processo de desenvolvimento de um territ\u00f3rio criativo, onde a literatura \u00e9 o motor para o desenvolvimento urbano, econ\u00f3mico e social, tendo sido este o motivo e objetivo da candidatura, a \u00d3bidos Cidade Criativa da Literatura da UNESCO.\" \/>\n<meta property=\"og:url\" content=\"https:\/\/maismagazine.pt\/index.php\/2024\/06\/28\/obidos-cidade-criativa-da-literatura-da-unesco\/\" \/>\n<meta property=\"og:site_name\" content=\"Mais Magazine\" \/>\n<meta property=\"article:published_time\" content=\"2024-06-28T06:00:00+00:00\" \/>\n<meta property=\"og:image\" content=\"https:\/\/maismagazine.pt\/wp-content\/uploads\/2024\/06\/obidos_6844.jpg\" \/>\n\t<meta property=\"og:image:width\" content=\"921\" \/>\n\t<meta property=\"og:image:height\" content=\"614\" \/>\n\t<meta property=\"og:image:type\" content=\"image\/jpeg\" \/>\n<meta name=\"author\" content=\"Tiago Costa\" \/>\n<meta name=\"twitter:card\" content=\"summary_large_image\" \/>\n<meta name=\"twitter:label1\" content=\"Escrito por\" \/>\n\t<meta name=\"twitter:data1\" content=\"\" \/>\n\t<meta name=\"twitter:label2\" content=\"Tempo estimado de leitura\" \/>\n\t<meta name=\"twitter:data2\" content=\"7 minutos\" \/>\n<script type=\"application\/ld+json\" class=\"yoast-schema-graph\">{\"@context\":\"https:\/\/schema.org\",\"@graph\":[{\"@type\":\"Article\",\"@id\":\"https:\/\/maismagazine.pt\/index.php\/2024\/06\/28\/obidos-cidade-criativa-da-literatura-da-unesco\/#article\",\"isPartOf\":{\"@id\":\"https:\/\/maismagazine.pt\/index.php\/2024\/06\/28\/obidos-cidade-criativa-da-literatura-da-unesco\/\"},\"author\":{\"name\":\"Tiago Costa\",\"@id\":\"https:\/\/maismagazine.pt\/#\/schema\/person\/c6c5bfccc886434cbd11c74e035f9646\"},\"headline\":\"\u00d3bidos: Cidade Criativa da Literatura da UNESCO\",\"datePublished\":\"2024-06-28T06:00:00+00:00\",\"mainEntityOfPage\":{\"@id\":\"https:\/\/maismagazine.pt\/index.php\/2024\/06\/28\/obidos-cidade-criativa-da-literatura-da-unesco\/\"},\"wordCount\":933,\"publisher\":{\"@id\":\"https:\/\/maismagazine.pt\/#organization\"},\"image\":{\"@id\":\"https:\/\/maismagazine.pt\/index.php\/2024\/06\/28\/obidos-cidade-criativa-da-literatura-da-unesco\/#primaryimage\"},\"thumbnailUrl\":\"http:\/\/maismagazine.pt\/wp-content\/uploads\/2024\/06\/obidos_6844.jpg\",\"keywords\":[\"CM \u00d3bidos\"],\"articleSection\":[\"Turismo | Vinhos | Gastronomia\"],\"inLanguage\":\"pt-PT\"},{\"@type\":\"WebPage\",\"@id\":\"https:\/\/maismagazine.pt\/index.php\/2024\/06\/28\/obidos-cidade-criativa-da-literatura-da-unesco\/\",\"url\":\"https:\/\/maismagazine.pt\/index.php\/2024\/06\/28\/obidos-cidade-criativa-da-literatura-da-unesco\/\",\"name\":\"\u00d3bidos: Cidade Criativa da Literatura da UNESCO - Mais Magazine\",\"isPartOf\":{\"@id\":\"https:\/\/maismagazine.pt\/#website\"},\"primaryImageOfPage\":{\"@id\":\"https:\/\/maismagazine.pt\/index.php\/2024\/06\/28\/obidos-cidade-criativa-da-literatura-da-unesco\/#primaryimage\"},\"image\":{\"@id\":\"https:\/\/maismagazine.pt\/index.php\/2024\/06\/28\/obidos-cidade-criativa-da-literatura-da-unesco\/#primaryimage\"},\"thumbnailUrl\":\"http:\/\/maismagazine.pt\/wp-content\/uploads\/2024\/06\/obidos_6844.jpg\",\"datePublished\":\"2024-06-28T06:00:00+00:00\",\"description\":\"\u201c\u00d3bidos, Vila Liter\u00e1ria\u201d, um projeto criado em 2011 pelo Munic\u00edpio e a entidade privada Ler Devagar no intuito de envolver as pessoas e o patrim\u00f3nio num processo de desenvolvimento de um territ\u00f3rio criativo, onde a literatura \u00e9 o motor para o desenvolvimento urbano, econ\u00f3mico e social, tendo sido este o motivo e objetivo da candidatura, a \u00d3bidos Cidade Criativa da Literatura da UNESCO.\",\"breadcrumb\":{\"@id\":\"https:\/\/maismagazine.pt\/index.php\/2024\/06\/28\/obidos-cidade-criativa-da-literatura-da-unesco\/#breadcrumb\"},\"inLanguage\":\"pt-PT\",\"potentialAction\":[{\"@type\":\"ReadAction\",\"target\":[\"https:\/\/maismagazine.pt\/index.php\/2024\/06\/28\/obidos-cidade-criativa-da-literatura-da-unesco\/\"]}]},{\"@type\":\"ImageObject\",\"inLanguage\":\"pt-PT\",\"@id\":\"https:\/\/maismagazine.pt\/index.php\/2024\/06\/28\/obidos-cidade-criativa-da-literatura-da-unesco\/#primaryimage\",\"url\":\"http:\/\/maismagazine.pt\/wp-content\/uploads\/2024\/06\/obidos_6844.jpg\",\"contentUrl\":\"http:\/\/maismagazine.pt\/wp-content\/uploads\/2024\/06\/obidos_6844.jpg\",\"width\":921,\"height\":614,\"caption\":\"Vila de \u00d3bidos\"},{\"@type\":\"BreadcrumbList\",\"@id\":\"https:\/\/maismagazine.pt\/index.php\/2024\/06\/28\/obidos-cidade-criativa-da-literatura-da-unesco\/#breadcrumb\",\"itemListElement\":[{\"@type\":\"ListItem\",\"position\":1,\"name\":\"Home\",\"item\":\"https:\/\/maismagazine.pt\/\"},{\"@type\":\"ListItem\",\"position\":2,\"name\":\"\u00d3bidos: Cidade Criativa da Literatura da UNESCO\"}]},{\"@type\":\"WebSite\",\"@id\":\"https:\/\/maismagazine.pt\/#website\",\"url\":\"https:\/\/maismagazine.pt\/\",\"name\":\"Mais Magazine\",\"description\":\"\",\"publisher\":{\"@id\":\"https:\/\/maismagazine.pt\/#organization\"},\"potentialAction\":[{\"@type\":\"SearchAction\",\"target\":{\"@type\":\"EntryPoint\",\"urlTemplate\":\"https:\/\/maismagazine.pt\/?s={search_term_string}\"},\"query-input\":{\"@type\":\"PropertyValueSpecification\",\"valueRequired\":true,\"valueName\":\"search_term_string\"}}],\"inLanguage\":\"pt-PT\"},{\"@type\":\"Organization\",\"@id\":\"https:\/\/maismagazine.pt\/#organization\",\"name\":\"Mais Magazine\",\"url\":\"https:\/\/maismagazine.pt\/\",\"logo\":{\"@type\":\"ImageObject\",\"inLanguage\":\"pt-PT\",\"@id\":\"https:\/\/maismagazine.pt\/#\/schema\/logo\/image\/\",\"url\":\"http:\/\/maismagazine.pt\/wp-content\/uploads\/2020\/04\/cropped-cropped-mais-magazine-site-logo-2.png\",\"contentUrl\":\"http:\/\/maismagazine.pt\/wp-content\/uploads\/2020\/04\/cropped-cropped-mais-magazine-site-logo-2.png\",\"width\":581,\"height\":90,\"caption\":\"Mais Magazine\"},\"image\":{\"@id\":\"https:\/\/maismagazine.pt\/#\/schema\/logo\/image\/\"}},{\"@type\":\"Person\",\"@id\":\"https:\/\/maismagazine.pt\/#\/schema\/person\/c6c5bfccc886434cbd11c74e035f9646\",\"name\":\"Tiago Costa\",\"image\":{\"@type\":\"ImageObject\",\"inLanguage\":\"pt-PT\",\"@id\":\"https:\/\/maismagazine.pt\/#\/schema\/person\/image\/\",\"url\":\"https:\/\/secure.gravatar.com\/avatar\/c599b2bce16c9870429198cbad5ee022?s=96&d=mm&r=g\",\"contentUrl\":\"https:\/\/secure.gravatar.com\/avatar\/c599b2bce16c9870429198cbad5ee022?s=96&d=mm&r=g\",\"caption\":\"Tiago Costa\"},\"url\":\"http:\/\/maismagazine.pt\/index.php\/author\/tiago\/\"}]}<\/script>\n<!-- \/ Yoast SEO plugin. -->","yoast_head_json":{"title":"\u00d3bidos: Cidade Criativa da Literatura da UNESCO - Mais Magazine","description":"\u201c\u00d3bidos, Vila Liter\u00e1ria\u201d, um projeto criado em 2011 pelo Munic\u00edpio e a entidade privada Ler Devagar no intuito de envolver as pessoas e o patrim\u00f3nio num processo de desenvolvimento de um territ\u00f3rio criativo, onde a literatura \u00e9 o motor para o desenvolvimento urbano, econ\u00f3mico e social, tendo sido este o motivo e objetivo da candidatura, a \u00d3bidos Cidade Criativa da Literatura da UNESCO.","robots":{"index":"index","follow":"follow","max-snippet":"max-snippet:-1","max-image-preview":"max-image-preview:large","max-video-preview":"max-video-preview:-1"},"canonical":"https:\/\/maismagazine.pt\/index.php\/2024\/06\/28\/obidos-cidade-criativa-da-literatura-da-unesco\/","og_locale":"pt_PT","og_type":"article","og_title":"\u00d3bidos: Cidade Criativa da Literatura da UNESCO - Mais Magazine","og_description":"\u201c\u00d3bidos, Vila Liter\u00e1ria\u201d, um projeto criado em 2011 pelo Munic\u00edpio e a entidade privada Ler Devagar no intuito de envolver as pessoas e o patrim\u00f3nio num processo de desenvolvimento de um territ\u00f3rio criativo, onde a literatura \u00e9 o motor para o desenvolvimento urbano, econ\u00f3mico e social, tendo sido este o motivo e objetivo da candidatura, a \u00d3bidos Cidade Criativa da Literatura da UNESCO.","og_url":"https:\/\/maismagazine.pt\/index.php\/2024\/06\/28\/obidos-cidade-criativa-da-literatura-da-unesco\/","og_site_name":"Mais Magazine","article_published_time":"2024-06-28T06:00:00+00:00","og_image":[{"width":921,"height":614,"url":"https:\/\/maismagazine.pt\/wp-content\/uploads\/2024\/06\/obidos_6844.jpg","type":"image\/jpeg"}],"author":"Tiago Costa","twitter_card":"summary_large_image","twitter_misc":{"Escrito por":false,"Tempo estimado de leitura":"7 minutos"},"schema":{"@context":"https:\/\/schema.org","@graph":[{"@type":"Article","@id":"https:\/\/maismagazine.pt\/index.php\/2024\/06\/28\/obidos-cidade-criativa-da-literatura-da-unesco\/#article","isPartOf":{"@id":"https:\/\/maismagazine.pt\/index.php\/2024\/06\/28\/obidos-cidade-criativa-da-literatura-da-unesco\/"},"author":{"name":"Tiago Costa","@id":"https:\/\/maismagazine.pt\/#\/schema\/person\/c6c5bfccc886434cbd11c74e035f9646"},"headline":"\u00d3bidos: Cidade Criativa da Literatura da UNESCO","datePublished":"2024-06-28T06:00:00+00:00","mainEntityOfPage":{"@id":"https:\/\/maismagazine.pt\/index.php\/2024\/06\/28\/obidos-cidade-criativa-da-literatura-da-unesco\/"},"wordCount":933,"publisher":{"@id":"https:\/\/maismagazine.pt\/#organization"},"image":{"@id":"https:\/\/maismagazine.pt\/index.php\/2024\/06\/28\/obidos-cidade-criativa-da-literatura-da-unesco\/#primaryimage"},"thumbnailUrl":"http:\/\/maismagazine.pt\/wp-content\/uploads\/2024\/06\/obidos_6844.jpg","keywords":["CM \u00d3bidos"],"articleSection":["Turismo | Vinhos | Gastronomia"],"inLanguage":"pt-PT"},{"@type":"WebPage","@id":"https:\/\/maismagazine.pt\/index.php\/2024\/06\/28\/obidos-cidade-criativa-da-literatura-da-unesco\/","url":"https:\/\/maismagazine.pt\/index.php\/2024\/06\/28\/obidos-cidade-criativa-da-literatura-da-unesco\/","name":"\u00d3bidos: Cidade Criativa da Literatura da UNESCO - Mais Magazine","isPartOf":{"@id":"https:\/\/maismagazine.pt\/#website"},"primaryImageOfPage":{"@id":"https:\/\/maismagazine.pt\/index.php\/2024\/06\/28\/obidos-cidade-criativa-da-literatura-da-unesco\/#primaryimage"},"image":{"@id":"https:\/\/maismagazine.pt\/index.php\/2024\/06\/28\/obidos-cidade-criativa-da-literatura-da-unesco\/#primaryimage"},"thumbnailUrl":"http:\/\/maismagazine.pt\/wp-content\/uploads\/2024\/06\/obidos_6844.jpg","datePublished":"2024-06-28T06:00:00+00:00","description":"\u201c\u00d3bidos, Vila Liter\u00e1ria\u201d, um projeto criado em 2011 pelo Munic\u00edpio e a entidade privada Ler Devagar no intuito de envolver as pessoas e o patrim\u00f3nio num processo de desenvolvimento de um territ\u00f3rio criativo, onde a literatura \u00e9 o motor para o desenvolvimento urbano, econ\u00f3mico e social, tendo sido este o motivo e objetivo da candidatura, a \u00d3bidos Cidade Criativa da Literatura da UNESCO.","breadcrumb":{"@id":"https:\/\/maismagazine.pt\/index.php\/2024\/06\/28\/obidos-cidade-criativa-da-literatura-da-unesco\/#breadcrumb"},"inLanguage":"pt-PT","potentialAction":[{"@type":"ReadAction","target":["https:\/\/maismagazine.pt\/index.php\/2024\/06\/28\/obidos-cidade-criativa-da-literatura-da-unesco\/"]}]},{"@type":"ImageObject","inLanguage":"pt-PT","@id":"https:\/\/maismagazine.pt\/index.php\/2024\/06\/28\/obidos-cidade-criativa-da-literatura-da-unesco\/#primaryimage","url":"http:\/\/maismagazine.pt\/wp-content\/uploads\/2024\/06\/obidos_6844.jpg","contentUrl":"http:\/\/maismagazine.pt\/wp-content\/uploads\/2024\/06\/obidos_6844.jpg","width":921,"height":614,"caption":"Vila de \u00d3bidos"},{"@type":"BreadcrumbList","@id":"https:\/\/maismagazine.pt\/index.php\/2024\/06\/28\/obidos-cidade-criativa-da-literatura-da-unesco\/#breadcrumb","itemListElement":[{"@type":"ListItem","position":1,"name":"Home","item":"https:\/\/maismagazine.pt\/"},{"@type":"ListItem","position":2,"name":"\u00d3bidos: Cidade Criativa da Literatura da UNESCO"}]},{"@type":"WebSite","@id":"https:\/\/maismagazine.pt\/#website","url":"https:\/\/maismagazine.pt\/","name":"Mais Magazine","description":"","publisher":{"@id":"https:\/\/maismagazine.pt\/#organization"},"potentialAction":[{"@type":"SearchAction","target":{"@type":"EntryPoint","urlTemplate":"https:\/\/maismagazine.pt\/?s={search_term_string}"},"query-input":{"@type":"PropertyValueSpecification","valueRequired":true,"valueName":"search_term_string"}}],"inLanguage":"pt-PT"},{"@type":"Organization","@id":"https:\/\/maismagazine.pt\/#organization","name":"Mais Magazine","url":"https:\/\/maismagazine.pt\/","logo":{"@type":"ImageObject","inLanguage":"pt-PT","@id":"https:\/\/maismagazine.pt\/#\/schema\/logo\/image\/","url":"http:\/\/maismagazine.pt\/wp-content\/uploads\/2020\/04\/cropped-cropped-mais-magazine-site-logo-2.png","contentUrl":"http:\/\/maismagazine.pt\/wp-content\/uploads\/2020\/04\/cropped-cropped-mais-magazine-site-logo-2.png","width":581,"height":90,"caption":"Mais Magazine"},"image":{"@id":"https:\/\/maismagazine.pt\/#\/schema\/logo\/image\/"}},{"@type":"Person","@id":"https:\/\/maismagazine.pt\/#\/schema\/person\/c6c5bfccc886434cbd11c74e035f9646","name":"Tiago Costa","image":{"@type":"ImageObject","inLanguage":"pt-PT","@id":"https:\/\/maismagazine.pt\/#\/schema\/person\/image\/","url":"https:\/\/secure.gravatar.com\/avatar\/c599b2bce16c9870429198cbad5ee022?s=96&d=mm&r=g","contentUrl":"https:\/\/secure.gravatar.com\/avatar\/c599b2bce16c9870429198cbad5ee022?s=96&d=mm&r=g","caption":"Tiago Costa"},"url":"http:\/\/maismagazine.pt\/index.php\/author\/tiago\/"}]}},"author_meta":{"display_name":false,"author_link":"http:\/\/maismagazine.pt\/index.php\/author\/tiago\/"},"featured_img":"http:\/\/maismagazine.pt\/wp-content\/uploads\/2024\/06\/obidos_6844-300x200.jpg","coauthors":[],"tax_additional":{"categories":{"linked":["<a href=\"http:\/\/maismagazine.pt\/index.php\/category\/turismo-restaurantes\/\" class=\"advgb-post-tax-term\">Turismo | Vinhos | Gastronomia<\/a>"],"unlinked":["<span class=\"advgb-post-tax-term\">Turismo | Vinhos | Gastronomia<\/span>"]},"tags":{"linked":["<a href=\"http:\/\/maismagazine.pt\/index.php\/category\/turismo-restaurantes\/\" class=\"advgb-post-tax-term\">CM \u00d3bidos<\/a>"],"unlinked":["<span class=\"advgb-post-tax-term\">CM \u00d3bidos<\/span>"]}},"comment_count":"0","relative_dates":{"created":"Posted 2 anos ago","modified":"Updated 2 anos ago"},"absolute_dates":{"created":"Posted on 28 de Junho, 2024","modified":"Updated on 25 de Junho, 2024"},"absolute_dates_time":{"created":"Posted on 28 de Junho, 2024 7:00","modified":"Updated on 25 de Junho, 2024 15:40"},"featured_img_caption":"Vila de \u00d3bidos","series_order":"","_links":{"self":[{"href":"http:\/\/maismagazine.pt\/index.php\/wp-json\/wp\/v2\/posts\/9905","targetHints":{"allow":["GET"]}}],"collection":[{"href":"http:\/\/maismagazine.pt\/index.php\/wp-json\/wp\/v2\/posts"}],"about":[{"href":"http:\/\/maismagazine.pt\/index.php\/wp-json\/wp\/v2\/types\/post"}],"author":[{"embeddable":true,"href":"http:\/\/maismagazine.pt\/index.php\/wp-json\/wp\/v2\/users\/17"}],"replies":[{"embeddable":true,"href":"http:\/\/maismagazine.pt\/index.php\/wp-json\/wp\/v2\/comments?post=9905"}],"version-history":[{"count":2,"href":"http:\/\/maismagazine.pt\/index.php\/wp-json\/wp\/v2\/posts\/9905\/revisions"}],"predecessor-version":[{"id":9921,"href":"http:\/\/maismagazine.pt\/index.php\/wp-json\/wp\/v2\/posts\/9905\/revisions\/9921"}],"wp:featuredmedia":[{"embeddable":true,"href":"http:\/\/maismagazine.pt\/index.php\/wp-json\/wp\/v2\/media\/9919"}],"wp:attachment":[{"href":"http:\/\/maismagazine.pt\/index.php\/wp-json\/wp\/v2\/media?parent=9905"}],"wp:term":[{"taxonomy":"category","embeddable":true,"href":"http:\/\/maismagazine.pt\/index.php\/wp-json\/wp\/v2\/categories?post=9905"},{"taxonomy":"post_tag","embeddable":true,"href":"http:\/\/maismagazine.pt\/index.php\/wp-json\/wp\/v2\/tags?post=9905"}],"curies":[{"name":"wp","href":"https:\/\/api.w.org\/{rel}","templated":true}]}}