{"id":9896,"date":"2024-06-28T07:00:00","date_gmt":"2024-06-28T06:00:00","guid":{"rendered":"https:\/\/maismagazine.pt\/?p=9896"},"modified":"2024-06-25T15:29:54","modified_gmt":"2024-06-25T14:29:54","slug":"a-bairrada-consegue-ombrear-com-qualquer-regiao-vitivinicola-do-mundo","status":"publish","type":"post","link":"http:\/\/maismagazine.pt\/index.php\/2024\/06\/28\/a-bairrada-consegue-ombrear-com-qualquer-regiao-vitivinicola-do-mundo\/","title":{"rendered":"&#8220;A Bairrada consegue ombrear com qualquer regi\u00e3o vitivin\u00edcola do mundo&#8221;"},"content":{"rendered":"\n<p><strong>Em entrevista \u00e0 Mais Magazine, Jorge Sampaio, vice-presidente da <a href=\"https:\/\/www.cm-anadia.pt\/\">C\u00e2mara Municipal de Anadia<\/a>, sublinha as a\u00e7\u00f5es em curso para garantir a sustentabilidade e a valoriza\u00e7\u00e3o dos vinhos da regi\u00e3o. <\/strong><\/p>\n\n\n\n<p><\/p>\n\n\n\n<p>Para a C\u00e2mara Municipal de Anadia, o enoturismo \u00e9 um produto inserido no seu plano de atividades tur\u00edsticas, trabalhando sempre sob a al\u00e7ada da marca Bairrada. \u201cO nosso objetivo passa por promover n\u00e3o apenas Anadia enquanto destino de excel\u00eancia para a pr\u00e1tica do enoturismo, mas sim todo o territ\u00f3rio da Bairrada\u201d, come\u00e7a por explicar o vice-presidente, Jorge Sampaio. N\u00e3o obstante, o munic\u00edpio de Anadia \u00e9 aquele que conta com um maior n\u00famero de agentes econ\u00f3micos ligados ao setor vitivin\u00edcola e, por isso, a colabora\u00e7\u00e3o com a Rota da Bairrada e os restantes munic\u00edpios \u00e9 essencial para o desenvolvimento do setor. Garantir a sustentabilidade da produ\u00e7\u00e3o dos vinhos na regi\u00e3o \u00e9 uma das preocupa\u00e7\u00f5es deste executivo que, em articula\u00e7\u00e3o com a Comiss\u00e3o Vitivin\u00edcola e os produtores, tem promovido um conjunto de medidas. Entre elas est\u00e3o o acompanhamento na planta\u00e7\u00e3o de vinhas, a prote\u00e7\u00e3o da paisagem e o controlo intensivo da certifica\u00e7\u00e3o de vinhos enquanto IG (vinhos com indica\u00e7\u00e3o geogr\u00e1fica) ou DO (denomina\u00e7\u00e3o de origem), tendo a plena consci\u00eancia de que essa certifica\u00e7\u00e3o \u00e9 essencial para \u201ca defesa da regi\u00e3o, do territ\u00f3rio, da marca Bairrada e, acima de tudo, para os vinhos e produtores da regi\u00e3o\u201d.  <\/p>\n\n\n\n<p><\/p>\n\n\n\n<p>Al\u00e9m disso, na vertente da comercializa\u00e7\u00e3o e promo\u00e7\u00e3o, a C\u00e2mara de Anadia concede apoio no dom\u00ednio fiscal e promove a realiza\u00e7\u00e3o de v\u00e1rios concursos na regi\u00e3o, com o objetivo de valorizar os seus vinhos e produtores. Exemplo disso \u00e9 o \u201cPortugal Wine Trophy\u201d, um dos maiores concursos do mundo do setor do vinho. No que diz respeito aos desafios enfrentados atualmente por esta ind\u00fastria, destacam-se a conquista de novos mercados e a consolida\u00e7\u00e3o dos j\u00e1 conquistados. Assim, com o intuito de promover e apoiar os seus produtores, a C\u00e2mara Municipal apoia a realiza\u00e7\u00e3o de v\u00e1rios eventos como a \u201cFeira da Vinha e do Vinho\u201d, o \u201cMill\u00e8sime\u201d e ainda o \u201cAqui na Bairrada\u201d.Jorge Sampaio acredita que a ado\u00e7\u00e3o de tecnologias no setor n\u00e3o \u00e9 uma tend\u00eancia futura, mas sim a realidade atual. Ele destaca a evolu\u00e7\u00e3o t\u00e9cnica dos \u00faltimos anos e afirma que, atualmente, \u201ca Bairrada consegue ombrear com qualquer regi\u00e3o vitivin\u00edcola do mundo\u201d. Por isso, conclui: \u201cacredito que o futuro \u00e9 cada vez mais promissor&#8221;. <\/p>\n\n\n\n<p><\/p>\n\n\n<div class=\"wp-block-image\">\n<figure class=\"aligncenter size-full is-resized\"><img loading=\"lazy\" decoding=\"async\" width=\"1024\" height=\"1024\" src=\"https:\/\/maismagazine.pt\/wp-content\/uploads\/2024\/06\/logo_fb.png\" alt=\"\" class=\"wp-image-9900\" style=\"aspect-ratio:1;width:203px;height:auto\" srcset=\"http:\/\/maismagazine.pt\/wp-content\/uploads\/2024\/06\/logo_fb.png 1024w, http:\/\/maismagazine.pt\/wp-content\/uploads\/2024\/06\/logo_fb-300x300.png 300w, http:\/\/maismagazine.pt\/wp-content\/uploads\/2024\/06\/logo_fb-150x150.png 150w, http:\/\/maismagazine.pt\/wp-content\/uploads\/2024\/06\/logo_fb-768x768.png 768w\" sizes=\"auto, (max-width: 1024px) 100vw, 1024px\" \/><\/figure><\/div>","protected":false},"excerpt":{"rendered":"<p>Em entrevista \u00e0 Mais Magazine, Jorge Sampaio, vice-presidente da C\u00e2mara Municipal de Anadia, sublinha as a\u00e7\u00f5es em curso para garantir a sustentabilidade e a valoriza\u00e7\u00e3o dos vinhos da regi\u00e3o. Para a C\u00e2mara Municipal de Anadia, o enoturismo \u00e9 um produto inserido no seu plano de atividades tur\u00edsticas, trabalhando sempre sob&hellip;<\/p>\n","protected":false},"author":17,"featured_media":9903,"comment_status":"closed","ping_status":"open","sticky":false,"template":"","format":"standard","meta":{"advgb_blocks_editor_width":"","advgb_blocks_columns_visual_guide":"","_monsterinsights_skip_tracking":false,"_monsterinsights_sitenote_active":false,"_monsterinsights_sitenote_note":"","_monsterinsights_sitenote_category":0,"footnotes":""},"categories":[53],"tags":[2030],"class_list":["post-9896","post","type-post","status-publish","format-standard","has-post-thumbnail","hentry","category-turismo-restaurantes","tag-cm-anadia"],"yoast_head":"<!-- This site is optimized with the Yoast SEO plugin v24.4 - https:\/\/yoast.com\/wordpress\/plugins\/seo\/ -->\n<title>&quot;A Bairrada consegue ombrear com qualquer regi\u00e3o vitivin\u00edcola do mundo&quot; - Mais Magazine<\/title>\n<meta name=\"description\" content=\"Em entrevista \u00e0 Mais Magazine, Jorge Sampaio, vice-presidente da C\u00e2mara Municipal de Anadia, sublinha as a\u00e7\u00f5es em curso para garantir a sustentabilidade e a valoriza\u00e7\u00e3o dos vinhos da regi\u00e3o.\" \/>\n<meta name=\"robots\" content=\"index, follow, max-snippet:-1, max-image-preview:large, max-video-preview:-1\" \/>\n<link rel=\"canonical\" href=\"http:\/\/maismagazine.pt\/index.php\/2024\/06\/28\/a-bairrada-consegue-ombrear-com-qualquer-regiao-vitivinicola-do-mundo\/\" \/>\n<meta property=\"og:locale\" content=\"pt_PT\" \/>\n<meta property=\"og:type\" content=\"article\" \/>\n<meta property=\"og:title\" content=\"&quot;A Bairrada consegue ombrear com qualquer regi\u00e3o vitivin\u00edcola do mundo&quot; - Mais Magazine\" \/>\n<meta property=\"og:description\" content=\"Em entrevista \u00e0 Mais Magazine, Jorge Sampaio, vice-presidente da C\u00e2mara Municipal de Anadia, sublinha as a\u00e7\u00f5es em curso para garantir a sustentabilidade e a valoriza\u00e7\u00e3o dos vinhos da regi\u00e3o.\" \/>\n<meta property=\"og:url\" content=\"http:\/\/maismagazine.pt\/index.php\/2024\/06\/28\/a-bairrada-consegue-ombrear-com-qualquer-regiao-vitivinicola-do-mundo\/\" \/>\n<meta property=\"og:site_name\" content=\"Mais Magazine\" \/>\n<meta property=\"article:published_time\" content=\"2024-06-28T06:00:00+00:00\" \/>\n<meta property=\"og:image\" content=\"http:\/\/maismagazine.pt\/wp-content\/uploads\/2024\/06\/AND_PaisagemViticola_IIMG_6269.jpg\" \/>\n\t<meta property=\"og:image:width\" content=\"656\" \/>\n\t<meta property=\"og:image:height\" content=\"437\" \/>\n\t<meta property=\"og:image:type\" content=\"image\/jpeg\" \/>\n<meta name=\"author\" content=\"Tiago Costa\" \/>\n<meta name=\"twitter:card\" content=\"summary_large_image\" \/>\n<meta name=\"twitter:label1\" content=\"Escrito por\" \/>\n\t<meta name=\"twitter:data1\" content=\"\" \/>\n\t<meta name=\"twitter:label2\" content=\"Tempo estimado de leitura\" \/>\n\t<meta name=\"twitter:data2\" content=\"3 minutos\" \/>\n<script type=\"application\/ld+json\" class=\"yoast-schema-graph\">{\"@context\":\"https:\/\/schema.org\",\"@graph\":[{\"@type\":\"Article\",\"@id\":\"http:\/\/maismagazine.pt\/index.php\/2024\/06\/28\/a-bairrada-consegue-ombrear-com-qualquer-regiao-vitivinicola-do-mundo\/#article\",\"isPartOf\":{\"@id\":\"http:\/\/maismagazine.pt\/index.php\/2024\/06\/28\/a-bairrada-consegue-ombrear-com-qualquer-regiao-vitivinicola-do-mundo\/\"},\"author\":{\"name\":\"Tiago Costa\",\"@id\":\"http:\/\/maismagazine.pt\/#\/schema\/person\/c6c5bfccc886434cbd11c74e035f9646\"},\"headline\":\"&#8220;A Bairrada consegue ombrear com qualquer regi\u00e3o vitivin\u00edcola do mundo&#8221;\",\"datePublished\":\"2024-06-28T06:00:00+00:00\",\"mainEntityOfPage\":{\"@id\":\"http:\/\/maismagazine.pt\/index.php\/2024\/06\/28\/a-bairrada-consegue-ombrear-com-qualquer-regiao-vitivinicola-do-mundo\/\"},\"wordCount\":450,\"publisher\":{\"@id\":\"http:\/\/maismagazine.pt\/#organization\"},\"image\":{\"@id\":\"http:\/\/maismagazine.pt\/index.php\/2024\/06\/28\/a-bairrada-consegue-ombrear-com-qualquer-regiao-vitivinicola-do-mundo\/#primaryimage\"},\"thumbnailUrl\":\"http:\/\/maismagazine.pt\/wp-content\/uploads\/2024\/06\/AND_PaisagemViticola_IIMG_6269.jpg\",\"keywords\":[\"CM Anadia\"],\"articleSection\":[\"Turismo | Vinhos | Gastronomia\"],\"inLanguage\":\"pt-PT\"},{\"@type\":\"WebPage\",\"@id\":\"http:\/\/maismagazine.pt\/index.php\/2024\/06\/28\/a-bairrada-consegue-ombrear-com-qualquer-regiao-vitivinicola-do-mundo\/\",\"url\":\"http:\/\/maismagazine.pt\/index.php\/2024\/06\/28\/a-bairrada-consegue-ombrear-com-qualquer-regiao-vitivinicola-do-mundo\/\",\"name\":\"\\\"A Bairrada consegue ombrear com qualquer regi\u00e3o vitivin\u00edcola do mundo\\\" - Mais Magazine\",\"isPartOf\":{\"@id\":\"http:\/\/maismagazine.pt\/#website\"},\"primaryImageOfPage\":{\"@id\":\"http:\/\/maismagazine.pt\/index.php\/2024\/06\/28\/a-bairrada-consegue-ombrear-com-qualquer-regiao-vitivinicola-do-mundo\/#primaryimage\"},\"image\":{\"@id\":\"http:\/\/maismagazine.pt\/index.php\/2024\/06\/28\/a-bairrada-consegue-ombrear-com-qualquer-regiao-vitivinicola-do-mundo\/#primaryimage\"},\"thumbnailUrl\":\"http:\/\/maismagazine.pt\/wp-content\/uploads\/2024\/06\/AND_PaisagemViticola_IIMG_6269.jpg\",\"datePublished\":\"2024-06-28T06:00:00+00:00\",\"description\":\"Em entrevista \u00e0 Mais Magazine, Jorge Sampaio, vice-presidente da C\u00e2mara Municipal de Anadia, sublinha as a\u00e7\u00f5es em curso para garantir a sustentabilidade e a valoriza\u00e7\u00e3o dos vinhos da regi\u00e3o.\",\"breadcrumb\":{\"@id\":\"http:\/\/maismagazine.pt\/index.php\/2024\/06\/28\/a-bairrada-consegue-ombrear-com-qualquer-regiao-vitivinicola-do-mundo\/#breadcrumb\"},\"inLanguage\":\"pt-PT\",\"potentialAction\":[{\"@type\":\"ReadAction\",\"target\":[\"http:\/\/maismagazine.pt\/index.php\/2024\/06\/28\/a-bairrada-consegue-ombrear-com-qualquer-regiao-vitivinicola-do-mundo\/\"]}]},{\"@type\":\"ImageObject\",\"inLanguage\":\"pt-PT\",\"@id\":\"http:\/\/maismagazine.pt\/index.php\/2024\/06\/28\/a-bairrada-consegue-ombrear-com-qualquer-regiao-vitivinicola-do-mundo\/#primaryimage\",\"url\":\"http:\/\/maismagazine.pt\/wp-content\/uploads\/2024\/06\/AND_PaisagemViticola_IIMG_6269.jpg\",\"contentUrl\":\"http:\/\/maismagazine.pt\/wp-content\/uploads\/2024\/06\/AND_PaisagemViticola_IIMG_6269.jpg\",\"width\":656,\"height\":437},{\"@type\":\"BreadcrumbList\",\"@id\":\"http:\/\/maismagazine.pt\/index.php\/2024\/06\/28\/a-bairrada-consegue-ombrear-com-qualquer-regiao-vitivinicola-do-mundo\/#breadcrumb\",\"itemListElement\":[{\"@type\":\"ListItem\",\"position\":1,\"name\":\"Home\",\"item\":\"http:\/\/maismagazine.pt\/\"},{\"@type\":\"ListItem\",\"position\":2,\"name\":\"&#8220;A Bairrada consegue ombrear com qualquer regi\u00e3o vitivin\u00edcola do mundo&#8221;\"}]},{\"@type\":\"WebSite\",\"@id\":\"http:\/\/maismagazine.pt\/#website\",\"url\":\"http:\/\/maismagazine.pt\/\",\"name\":\"Mais Magazine\",\"description\":\"\",\"publisher\":{\"@id\":\"http:\/\/maismagazine.pt\/#organization\"},\"potentialAction\":[{\"@type\":\"SearchAction\",\"target\":{\"@type\":\"EntryPoint\",\"urlTemplate\":\"http:\/\/maismagazine.pt\/?s={search_term_string}\"},\"query-input\":{\"@type\":\"PropertyValueSpecification\",\"valueRequired\":true,\"valueName\":\"search_term_string\"}}],\"inLanguage\":\"pt-PT\"},{\"@type\":\"Organization\",\"@id\":\"http:\/\/maismagazine.pt\/#organization\",\"name\":\"Mais Magazine\",\"url\":\"http:\/\/maismagazine.pt\/\",\"logo\":{\"@type\":\"ImageObject\",\"inLanguage\":\"pt-PT\",\"@id\":\"http:\/\/maismagazine.pt\/#\/schema\/logo\/image\/\",\"url\":\"http:\/\/maismagazine.pt\/wp-content\/uploads\/2020\/04\/cropped-cropped-mais-magazine-site-logo-2.png\",\"contentUrl\":\"http:\/\/maismagazine.pt\/wp-content\/uploads\/2020\/04\/cropped-cropped-mais-magazine-site-logo-2.png\",\"width\":581,\"height\":90,\"caption\":\"Mais Magazine\"},\"image\":{\"@id\":\"http:\/\/maismagazine.pt\/#\/schema\/logo\/image\/\"}},{\"@type\":\"Person\",\"@id\":\"http:\/\/maismagazine.pt\/#\/schema\/person\/c6c5bfccc886434cbd11c74e035f9646\",\"name\":\"Tiago Costa\",\"image\":{\"@type\":\"ImageObject\",\"inLanguage\":\"pt-PT\",\"@id\":\"http:\/\/maismagazine.pt\/#\/schema\/person\/image\/\",\"url\":\"https:\/\/secure.gravatar.com\/avatar\/c599b2bce16c9870429198cbad5ee022?s=96&d=mm&r=g\",\"contentUrl\":\"https:\/\/secure.gravatar.com\/avatar\/c599b2bce16c9870429198cbad5ee022?s=96&d=mm&r=g\",\"caption\":\"Tiago Costa\"},\"url\":\"http:\/\/maismagazine.pt\/index.php\/author\/tiago\/\"}]}<\/script>\n<!-- \/ Yoast SEO plugin. -->","yoast_head_json":{"title":"\"A Bairrada consegue ombrear com qualquer regi\u00e3o vitivin\u00edcola do mundo\" - Mais Magazine","description":"Em entrevista \u00e0 Mais Magazine, Jorge Sampaio, vice-presidente da C\u00e2mara Municipal de Anadia, sublinha as a\u00e7\u00f5es em curso para garantir a sustentabilidade e a valoriza\u00e7\u00e3o dos vinhos da regi\u00e3o.","robots":{"index":"index","follow":"follow","max-snippet":"max-snippet:-1","max-image-preview":"max-image-preview:large","max-video-preview":"max-video-preview:-1"},"canonical":"http:\/\/maismagazine.pt\/index.php\/2024\/06\/28\/a-bairrada-consegue-ombrear-com-qualquer-regiao-vitivinicola-do-mundo\/","og_locale":"pt_PT","og_type":"article","og_title":"\"A Bairrada consegue ombrear com qualquer regi\u00e3o vitivin\u00edcola do mundo\" - Mais Magazine","og_description":"Em entrevista \u00e0 Mais Magazine, Jorge Sampaio, vice-presidente da C\u00e2mara Municipal de Anadia, sublinha as a\u00e7\u00f5es em curso para garantir a sustentabilidade e a valoriza\u00e7\u00e3o dos vinhos da regi\u00e3o.","og_url":"http:\/\/maismagazine.pt\/index.php\/2024\/06\/28\/a-bairrada-consegue-ombrear-com-qualquer-regiao-vitivinicola-do-mundo\/","og_site_name":"Mais Magazine","article_published_time":"2024-06-28T06:00:00+00:00","og_image":[{"width":656,"height":437,"url":"http:\/\/maismagazine.pt\/wp-content\/uploads\/2024\/06\/AND_PaisagemViticola_IIMG_6269.jpg","type":"image\/jpeg"}],"author":"Tiago Costa","twitter_card":"summary_large_image","twitter_misc":{"Escrito por":false,"Tempo estimado de leitura":"3 minutos"},"schema":{"@context":"https:\/\/schema.org","@graph":[{"@type":"Article","@id":"http:\/\/maismagazine.pt\/index.php\/2024\/06\/28\/a-bairrada-consegue-ombrear-com-qualquer-regiao-vitivinicola-do-mundo\/#article","isPartOf":{"@id":"http:\/\/maismagazine.pt\/index.php\/2024\/06\/28\/a-bairrada-consegue-ombrear-com-qualquer-regiao-vitivinicola-do-mundo\/"},"author":{"name":"Tiago Costa","@id":"http:\/\/maismagazine.pt\/#\/schema\/person\/c6c5bfccc886434cbd11c74e035f9646"},"headline":"&#8220;A Bairrada consegue ombrear com qualquer regi\u00e3o vitivin\u00edcola do mundo&#8221;","datePublished":"2024-06-28T06:00:00+00:00","mainEntityOfPage":{"@id":"http:\/\/maismagazine.pt\/index.php\/2024\/06\/28\/a-bairrada-consegue-ombrear-com-qualquer-regiao-vitivinicola-do-mundo\/"},"wordCount":450,"publisher":{"@id":"http:\/\/maismagazine.pt\/#organization"},"image":{"@id":"http:\/\/maismagazine.pt\/index.php\/2024\/06\/28\/a-bairrada-consegue-ombrear-com-qualquer-regiao-vitivinicola-do-mundo\/#primaryimage"},"thumbnailUrl":"http:\/\/maismagazine.pt\/wp-content\/uploads\/2024\/06\/AND_PaisagemViticola_IIMG_6269.jpg","keywords":["CM Anadia"],"articleSection":["Turismo | Vinhos | Gastronomia"],"inLanguage":"pt-PT"},{"@type":"WebPage","@id":"http:\/\/maismagazine.pt\/index.php\/2024\/06\/28\/a-bairrada-consegue-ombrear-com-qualquer-regiao-vitivinicola-do-mundo\/","url":"http:\/\/maismagazine.pt\/index.php\/2024\/06\/28\/a-bairrada-consegue-ombrear-com-qualquer-regiao-vitivinicola-do-mundo\/","name":"\"A Bairrada consegue ombrear com qualquer regi\u00e3o vitivin\u00edcola do mundo\" - Mais Magazine","isPartOf":{"@id":"http:\/\/maismagazine.pt\/#website"},"primaryImageOfPage":{"@id":"http:\/\/maismagazine.pt\/index.php\/2024\/06\/28\/a-bairrada-consegue-ombrear-com-qualquer-regiao-vitivinicola-do-mundo\/#primaryimage"},"image":{"@id":"http:\/\/maismagazine.pt\/index.php\/2024\/06\/28\/a-bairrada-consegue-ombrear-com-qualquer-regiao-vitivinicola-do-mundo\/#primaryimage"},"thumbnailUrl":"http:\/\/maismagazine.pt\/wp-content\/uploads\/2024\/06\/AND_PaisagemViticola_IIMG_6269.jpg","datePublished":"2024-06-28T06:00:00+00:00","description":"Em entrevista \u00e0 Mais Magazine, Jorge Sampaio, vice-presidente da C\u00e2mara Municipal de Anadia, sublinha as a\u00e7\u00f5es em curso para garantir a sustentabilidade e a valoriza\u00e7\u00e3o dos vinhos da regi\u00e3o.","breadcrumb":{"@id":"http:\/\/maismagazine.pt\/index.php\/2024\/06\/28\/a-bairrada-consegue-ombrear-com-qualquer-regiao-vitivinicola-do-mundo\/#breadcrumb"},"inLanguage":"pt-PT","potentialAction":[{"@type":"ReadAction","target":["http:\/\/maismagazine.pt\/index.php\/2024\/06\/28\/a-bairrada-consegue-ombrear-com-qualquer-regiao-vitivinicola-do-mundo\/"]}]},{"@type":"ImageObject","inLanguage":"pt-PT","@id":"http:\/\/maismagazine.pt\/index.php\/2024\/06\/28\/a-bairrada-consegue-ombrear-com-qualquer-regiao-vitivinicola-do-mundo\/#primaryimage","url":"http:\/\/maismagazine.pt\/wp-content\/uploads\/2024\/06\/AND_PaisagemViticola_IIMG_6269.jpg","contentUrl":"http:\/\/maismagazine.pt\/wp-content\/uploads\/2024\/06\/AND_PaisagemViticola_IIMG_6269.jpg","width":656,"height":437},{"@type":"BreadcrumbList","@id":"http:\/\/maismagazine.pt\/index.php\/2024\/06\/28\/a-bairrada-consegue-ombrear-com-qualquer-regiao-vitivinicola-do-mundo\/#breadcrumb","itemListElement":[{"@type":"ListItem","position":1,"name":"Home","item":"http:\/\/maismagazine.pt\/"},{"@type":"ListItem","position":2,"name":"&#8220;A Bairrada consegue ombrear com qualquer regi\u00e3o vitivin\u00edcola do mundo&#8221;"}]},{"@type":"WebSite","@id":"http:\/\/maismagazine.pt\/#website","url":"http:\/\/maismagazine.pt\/","name":"Mais Magazine","description":"","publisher":{"@id":"http:\/\/maismagazine.pt\/#organization"},"potentialAction":[{"@type":"SearchAction","target":{"@type":"EntryPoint","urlTemplate":"http:\/\/maismagazine.pt\/?s={search_term_string}"},"query-input":{"@type":"PropertyValueSpecification","valueRequired":true,"valueName":"search_term_string"}}],"inLanguage":"pt-PT"},{"@type":"Organization","@id":"http:\/\/maismagazine.pt\/#organization","name":"Mais Magazine","url":"http:\/\/maismagazine.pt\/","logo":{"@type":"ImageObject","inLanguage":"pt-PT","@id":"http:\/\/maismagazine.pt\/#\/schema\/logo\/image\/","url":"http:\/\/maismagazine.pt\/wp-content\/uploads\/2020\/04\/cropped-cropped-mais-magazine-site-logo-2.png","contentUrl":"http:\/\/maismagazine.pt\/wp-content\/uploads\/2020\/04\/cropped-cropped-mais-magazine-site-logo-2.png","width":581,"height":90,"caption":"Mais Magazine"},"image":{"@id":"http:\/\/maismagazine.pt\/#\/schema\/logo\/image\/"}},{"@type":"Person","@id":"http:\/\/maismagazine.pt\/#\/schema\/person\/c6c5bfccc886434cbd11c74e035f9646","name":"Tiago Costa","image":{"@type":"ImageObject","inLanguage":"pt-PT","@id":"http:\/\/maismagazine.pt\/#\/schema\/person\/image\/","url":"https:\/\/secure.gravatar.com\/avatar\/c599b2bce16c9870429198cbad5ee022?s=96&d=mm&r=g","contentUrl":"https:\/\/secure.gravatar.com\/avatar\/c599b2bce16c9870429198cbad5ee022?s=96&d=mm&r=g","caption":"Tiago Costa"},"url":"http:\/\/maismagazine.pt\/index.php\/author\/tiago\/"}]}},"author_meta":{"display_name":false,"author_link":"http:\/\/maismagazine.pt\/index.php\/author\/tiago\/"},"featured_img":"http:\/\/maismagazine.pt\/wp-content\/uploads\/2024\/06\/AND_PaisagemViticola_IIMG_6269-300x200.jpg","coauthors":[],"tax_additional":{"categories":{"linked":["<a href=\"http:\/\/maismagazine.pt\/index.php\/category\/turismo-restaurantes\/\" class=\"advgb-post-tax-term\">Turismo | Vinhos | Gastronomia<\/a>"],"unlinked":["<span class=\"advgb-post-tax-term\">Turismo | Vinhos | Gastronomia<\/span>"]},"tags":{"linked":["<a href=\"http:\/\/maismagazine.pt\/index.php\/category\/turismo-restaurantes\/\" class=\"advgb-post-tax-term\">CM Anadia<\/a>"],"unlinked":["<span class=\"advgb-post-tax-term\">CM Anadia<\/span>"]}},"comment_count":"0","relative_dates":{"created":"Posted 2 anos ago","modified":"Updated 2 anos ago"},"absolute_dates":{"created":"Posted on 28 de Junho, 2024","modified":"Updated on 25 de Junho, 2024"},"absolute_dates_time":{"created":"Posted on 28 de Junho, 2024 7:00","modified":"Updated on 25 de Junho, 2024 15:29"},"featured_img_caption":"","series_order":"","_links":{"self":[{"href":"http:\/\/maismagazine.pt\/index.php\/wp-json\/wp\/v2\/posts\/9896","targetHints":{"allow":["GET"]}}],"collection":[{"href":"http:\/\/maismagazine.pt\/index.php\/wp-json\/wp\/v2\/posts"}],"about":[{"href":"http:\/\/maismagazine.pt\/index.php\/wp-json\/wp\/v2\/types\/post"}],"author":[{"embeddable":true,"href":"http:\/\/maismagazine.pt\/index.php\/wp-json\/wp\/v2\/users\/17"}],"replies":[{"embeddable":true,"href":"http:\/\/maismagazine.pt\/index.php\/wp-json\/wp\/v2\/comments?post=9896"}],"version-history":[{"count":1,"href":"http:\/\/maismagazine.pt\/index.php\/wp-json\/wp\/v2\/posts\/9896\/revisions"}],"predecessor-version":[{"id":9904,"href":"http:\/\/maismagazine.pt\/index.php\/wp-json\/wp\/v2\/posts\/9896\/revisions\/9904"}],"wp:featuredmedia":[{"embeddable":true,"href":"http:\/\/maismagazine.pt\/index.php\/wp-json\/wp\/v2\/media\/9903"}],"wp:attachment":[{"href":"http:\/\/maismagazine.pt\/index.php\/wp-json\/wp\/v2\/media?parent=9896"}],"wp:term":[{"taxonomy":"category","embeddable":true,"href":"http:\/\/maismagazine.pt\/index.php\/wp-json\/wp\/v2\/categories?post=9896"},{"taxonomy":"post_tag","embeddable":true,"href":"http:\/\/maismagazine.pt\/index.php\/wp-json\/wp\/v2\/tags?post=9896"}],"curies":[{"name":"wp","href":"https:\/\/api.w.org\/{rel}","templated":true}]}}