{"id":9858,"date":"2024-06-28T07:00:00","date_gmt":"2024-06-28T06:00:00","guid":{"rendered":"https:\/\/maismagazine.pt\/?p=9858"},"modified":"2024-06-25T15:02:38","modified_gmt":"2024-06-25T14:02:38","slug":"beja-onde-e-largo-o-tempo-e-a-paisagem","status":"publish","type":"post","link":"http:\/\/maismagazine.pt\/index.php\/2024\/06\/28\/beja-onde-e-largo-o-tempo-e-a-paisagem\/","title":{"rendered":"Beja, onde \u00e9 largo o tempo e a paisagem"},"content":{"rendered":"\n<p><strong>Situada no cora\u00e7\u00e3o do Alentejo, <a href=\"http:\/\/www.cm-beja.pt\">Beja<\/a> encanta os viajantes com a sua hist\u00f3ria milenar, belas paisagens e rica gastronomia. Chegando pela EN-18, explore roteiros que revelam heran\u00e7as romanas, tradi\u00e7\u00f5es vin\u00edcolas e del\u00edcias regionais. Visite os miradouros e descubra a magia desta cidade, onde cada canto conta uma hist\u00f3ria \u00fanica. <\/strong><\/p>\n\n\n\n<p><\/p>\n\n\n\n<p>No centro da plan\u00edcie, no centro do Sul, todos os caminhos deste territ\u00f3rio desenham-se para chegar \u00e0 cidade outrora conhecida com o nome de \u201cPaz\u201d. A estrada EN-18 \u00e9 um desses caminhos. Ao entrar no concelho pelo seu lado norte, \u00e9 desta estrada que se vislumbra ao longe a silhueta de Beja, cidade antiga, que h\u00e1 quase tr\u00eas mil\u00e9nios estende o seu olhar sobre a peneplan\u00edcie do Baixo Alentejo. Com tamanha antiguidade, s\u00e3o muitos os lugares para o viajante da EN-18 conhecer. Dois roteiros, \u201cPelos Campos de Beja\u201d e \u201cPelas Ruas de Beja\u201d, oferecidos pela C\u00e2mara Municipal de Beja no seu Posto de Turismo, com morada no Castelo da cidade, constituem guias preciosos para esta descoberta dos seus tempos e lugares. Ambos contam a hist\u00f3ria da paisagem agr\u00e1ria e dos aglomerados populacionais. S\u00e3o Matias \u00e9 um desses lugares; aldeia \u00e0 beira da EN-18, e onde facilmente se ouve falar de vinho. Na verdade, outrora conhecidas como \u201cterras de p\u00e3o\u201d, as paisagens bel\u00edssimas de Beja foram e s\u00e3o cada vez mais, terras de vinho. Aumentam os produtores deste l\u00edquido de afetos, da amizade t\u00e3o prezada pelo povo Alentejano e retomam-se velhas tradi\u00e7\u00f5es, como o milenar vinho de talha. Em Beja s\u00e3o v\u00e1rios os lugares de prova a cujo roteiro podemos juntar pequenos passeios a lugares de fabrico de talhas, como Beringel (em estrada pr\u00f3xima que conflui com a EN-18), ou espa\u00e7os de antigas tabernas e adegas.  <\/p>\n\n\n\n<p><\/p>\n\n\n\n<p>Para passar o tempo \u00e9 preciso um lugar, de prefer\u00eancia onde muito se possa abarcar e Beja, j\u00e1 o dissemos, \u00e9 mais alta do que a plan\u00edcie em redor. Chegado \u00e0 cidade, o viajante da EN-18 poder\u00e1 apreci\u00e1-la visitando os miradouros da cidade, no Terreirinho das Pe\u00e7as, por exemplo, ou a partir do alto da Torre de Menagem, de onde \u00e9 poss\u00edvel contemplar a paisagem envolvente, com dezenas de quil\u00f3metros de extens\u00e3o, e ter um vislumbre de Espanha, com as faldas de Aracena a leste, ou da Serra de Portel a norte. A paisagem tem lonjura, mas voltemos \u00e0 medida do tempo. Por aqui habitaram primeiro comunidades da Idade do Ferro cujos vest\u00edgios podem ser apreciados no N\u00facleo Museol\u00f3gico do Sembrano. Por volta do ano s\u00e9culo I a.C. instalam-se em Beja outros forasteiros, homens de Roma que conquistaram todo o Mediterr\u00e2neo. \u00c9 no quadro de um vasto imp\u00e9rio que Beja ganhar\u00e1 ainda mais import\u00e2ncia. Vem a ser denominada de Pax Iulia, e o seu estatuto de col\u00f3nia romana garantia aos seus habitantes direitos semelhantes aos da cidade capital do imp\u00e9rio; \u00e9 a segunda cidade mais importante da prov\u00edncia da Lusit\u00e2nia e, por essa raz\u00e3o, a cidade mais importante a Sul do rio Tejo no que \u00e9 o atual territ\u00f3rio portugu\u00eas. Dos s\u00e9culos seguintes, at\u00e9 aos nossos dias, s\u00e3o v\u00e1rios os testemunhos que podem ser visitados neste p\u00e9riplo por Beja, mas aconselhamos um passeio pelas ruas do seu Centro Hist\u00f3rico. O peso e a beleza do tempo est\u00e3o nos pequenos pormenores arquitet\u00f3nicos, nas Arcadas Manuelinas da Pra\u00e7a da Rep\u00fablica, centro da cidade, na incomum, mas bela Igreja da Miseric\u00f3rdia. Tudo isto a vista pode abarcar no Centro Hist\u00f3rico de Beja. \u00c9 um tempo que pesa, por ser antigo, o que obrigar\u00e1 a um merecido descanso que privilegie outro tesouro desta regi\u00e3o: a sua gastronomia. Na cidade e nas aldeias em seu redor, \u00e9 poss\u00edvel encontrar v\u00e1rios restaurantes e caf\u00e9s onde a comida regional, da mais tradicional \u00e0 mais sofisticada, vai \u00e0 mesa. Del\u00edcias como a carne de porco alentejano, o cozido de gr\u00e3o ou as diferentes sopas de p\u00e3o, como o gaspacho ou a a\u00e7orda. E se para al\u00e9m de comer, o visitante quiser aprender a cozinhar para impressionar amigos e familiares, Beja tem ao dispor do visitante oficinas de gastronomia tradicional. Espreite o cat\u00e1logo Beja Experience e veja como sozinho ou em fam\u00edlia pode conhecer esta e outras tradi\u00e7\u00f5es da regi\u00e3o de forma criativa. Para al\u00e9m destes pratos, outro ex libris da cidade, del\u00edcias de suprema, dir\u00edamos divina, felicidade, \u00e9 a do\u00e7aria conventual de que Beja emanou para muitos outros locais do pa\u00eds. Tanta do\u00e7ura exige uma caminhada, a visitar, por exemplo, o com\u00e9rcio tradicional, com algumas lojas de artesanato onde pode levar consigo um mimo do Alentejo.  <\/p>\n\n\n\n<p><\/p>\n\n\n\n<figure class=\"wp-block-gallery has-nested-images columns-default is-cropped wp-block-gallery-1 is-layout-flex wp-block-gallery-is-layout-flex\">\n<figure class=\"wp-block-image size-large\"><img loading=\"lazy\" decoding=\"async\" width=\"1024\" height=\"576\" data-id=\"9862\" src=\"https:\/\/maismagazine.pt\/wp-content\/uploads\/2024\/06\/DSC06390-1024x576.jpg\" alt=\"\" class=\"wp-image-9862\" srcset=\"http:\/\/maismagazine.pt\/wp-content\/uploads\/2024\/06\/DSC06390-1024x576.jpg 1024w, http:\/\/maismagazine.pt\/wp-content\/uploads\/2024\/06\/DSC06390-300x169.jpg 300w, http:\/\/maismagazine.pt\/wp-content\/uploads\/2024\/06\/DSC06390-768x432.jpg 768w, http:\/\/maismagazine.pt\/wp-content\/uploads\/2024\/06\/DSC06390-1536x864.jpg 1536w, http:\/\/maismagazine.pt\/wp-content\/uploads\/2024\/06\/DSC06390-2048x1152.jpg 2048w\" sizes=\"auto, (max-width: 1024px) 100vw, 1024px\" \/><\/figure>\n\n\n\n<figure class=\"wp-block-image size-large\"><img loading=\"lazy\" decoding=\"async\" width=\"1024\" height=\"683\" data-id=\"9863\" src=\"https:\/\/maismagazine.pt\/wp-content\/uploads\/2024\/06\/IMG_7343-1024x683.jpg\" alt=\"\" class=\"wp-image-9863\" srcset=\"http:\/\/maismagazine.pt\/wp-content\/uploads\/2024\/06\/IMG_7343-1024x683.jpg 1024w, http:\/\/maismagazine.pt\/wp-content\/uploads\/2024\/06\/IMG_7343-300x200.jpg 300w, http:\/\/maismagazine.pt\/wp-content\/uploads\/2024\/06\/IMG_7343-768x512.jpg 768w, http:\/\/maismagazine.pt\/wp-content\/uploads\/2024\/06\/IMG_7343-1536x1024.jpg 1536w, http:\/\/maismagazine.pt\/wp-content\/uploads\/2024\/06\/IMG_7343-2048x1365.jpg 2048w, http:\/\/maismagazine.pt\/wp-content\/uploads\/2024\/06\/IMG_7343-150x100.jpg 150w\" sizes=\"auto, (max-width: 1024px) 100vw, 1024px\" \/><\/figure>\n<\/figure>\n\n\n\n<p><\/p>\n\n\n\n<p>Para continuar a \u201cdesmoer\u201d, como se diz por estas terras, de t\u00e3o boas refei\u00e7\u00f5es, o ideal \u00e9 regressar \u00e0 estrada EN-18 e seguir em dire\u00e7\u00e3o ao Penedo Gordo. Um pouco antes dessa aldeia, pode virar \u00e0 direita por um caminho rural assinalado e visitar a Villa Romana de Pis\u00f5es. J\u00e1 lhe dissemos que Beja, Pax Iulia nesse tempo, era um territ\u00f3rio muito importante, n\u00e3o dissemos? Pis\u00f5es testemunha esse legado. N\u00e3o perca a oportunidade de visitar as ru\u00ednas e, se lhe apetecer um mergulho, dar um salto \u00e0 Praia Fluvial, ali a cerca de dois quil\u00f3metros. Mas a estrada continua e antes de sair o concelho ainda h\u00e1 tempo para outras descobertas. Na \u00e1rea da antiga aldeia de Santa Vit\u00f3ria tem a oportunidade de ficar a conhecer o ecossistema da Barragem do Roxo, uma paisagem esverdeada onde poder\u00e1 contactar com manchas de montado tradicional. \u00c9 um exemplo de como poder\u00e1 aproveitar Beja e calcorrear ainda mais a plan\u00edcie, desfrutar o que oferecem as suas quinze aldeias, da beleza da paisagem \u00e0s tradi\u00e7\u00f5es rurais, \u00e0s atividades de ar livre, como o voo de bal\u00e3o de ar quente, as descidas do Guadiana, o grande rio do Sul, em caiaque, ou passeios de jipe pelas maravilhas do montado. Ter\u00edamos muitos mais motivos de visita para vos contar, mas o viajante da EN-18 sabe que por onde passa h\u00e1 sempre muito para descobrir, assim o \u00e9 por Beja, onde \u00e9 largo o tempo e a paisagem ou como escreveu o poeta local Martinho Marques, \u201conde s\u00e3o maiores as horas e os horizontes&#8221;. <\/p>\n\n\n\n<p><\/p>\n\n\n\n<p><strong>Contactos e informa\u00e7\u00f5es:<\/strong><\/p>\n\n\n\n<p>Visitebeja.ptturismo@cm-beja.pt ou 284311913<\/p>\n\n\n\n<p><\/p>\n\n\n<div class=\"wp-block-image\">\n<figure class=\"aligncenter size-full is-resized\"><img loading=\"lazy\" decoding=\"async\" width=\"598\" height=\"341\" src=\"https:\/\/maismagazine.pt\/wp-content\/uploads\/2024\/06\/imgLoaderUrl.jpg\" alt=\"\" class=\"wp-image-9864\" style=\"aspect-ratio:1.7536656891495601;width:296px;height:auto\" srcset=\"http:\/\/maismagazine.pt\/wp-content\/uploads\/2024\/06\/imgLoaderUrl.jpg 598w, http:\/\/maismagazine.pt\/wp-content\/uploads\/2024\/06\/imgLoaderUrl-300x171.jpg 300w\" sizes=\"auto, (max-width: 598px) 100vw, 598px\" \/><\/figure><\/div>","protected":false},"excerpt":{"rendered":"<p>Situada no cora\u00e7\u00e3o do Alentejo, Beja encanta os viajantes com a sua hist\u00f3ria milenar, belas paisagens e rica gastronomia. Chegando pela EN-18, explore roteiros que revelam heran\u00e7as romanas, tradi\u00e7\u00f5es vin\u00edcolas e del\u00edcias regionais. Visite os miradouros e descubra a magia desta cidade, onde cada canto conta uma hist\u00f3ria \u00fanica. No&hellip;<\/p>\n","protected":false},"author":17,"featured_media":9865,"comment_status":"closed","ping_status":"open","sticky":false,"template":"","format":"standard","meta":{"advgb_blocks_editor_width":"","advgb_blocks_columns_visual_guide":"","_monsterinsights_skip_tracking":false,"_monsterinsights_sitenote_active":false,"_monsterinsights_sitenote_note":"","_monsterinsights_sitenote_category":0,"footnotes":""},"categories":[53],"tags":[2018,2019],"class_list":["post-9858","post","type-post","status-publish","format-standard","has-post-thumbnail","hentry","category-turismo-restaurantes","tag-cm-beja","tag-en-18"],"yoast_head":"<!-- This site is optimized with the Yoast SEO plugin v24.4 - https:\/\/yoast.com\/wordpress\/plugins\/seo\/ -->\n<title>Beja, onde \u00e9 largo o tempo e a paisagem - Mais Magazine<\/title>\n<meta name=\"description\" content=\"Situada no cora\u00e7\u00e3o do Alentejo, Beja encanta os viajantes com a sua hist\u00f3ria milenar, belas paisagens e rica gastronomia. Chegando pela EN-18, explore roteiros que revelam heran\u00e7as romanas, tradi\u00e7\u00f5es vin\u00edcolas e del\u00edcias regionais. Visite os miradouros e descubra a magia desta cidade, onde cada canto conta uma hist\u00f3ria \u00fanica.\" \/>\n<meta name=\"robots\" content=\"index, follow, max-snippet:-1, max-image-preview:large, max-video-preview:-1\" \/>\n<link rel=\"canonical\" href=\"http:\/\/maismagazine.pt\/index.php\/2024\/06\/28\/beja-onde-e-largo-o-tempo-e-a-paisagem\/\" \/>\n<meta property=\"og:locale\" content=\"pt_PT\" \/>\n<meta property=\"og:type\" content=\"article\" \/>\n<meta property=\"og:title\" content=\"Beja, onde \u00e9 largo o tempo e a paisagem - Mais Magazine\" \/>\n<meta property=\"og:description\" content=\"Situada no cora\u00e7\u00e3o do Alentejo, Beja encanta os viajantes com a sua hist\u00f3ria milenar, belas paisagens e rica gastronomia. Chegando pela EN-18, explore roteiros que revelam heran\u00e7as romanas, tradi\u00e7\u00f5es vin\u00edcolas e del\u00edcias regionais. Visite os miradouros e descubra a magia desta cidade, onde cada canto conta uma hist\u00f3ria \u00fanica.\" \/>\n<meta property=\"og:url\" content=\"http:\/\/maismagazine.pt\/index.php\/2024\/06\/28\/beja-onde-e-largo-o-tempo-e-a-paisagem\/\" \/>\n<meta property=\"og:site_name\" content=\"Mais Magazine\" \/>\n<meta property=\"article:published_time\" content=\"2024-06-28T06:00:00+00:00\" \/>\n<meta property=\"og:image\" content=\"http:\/\/maismagazine.pt\/wp-content\/uploads\/2024\/06\/IMG_7035-1-scaled.jpg\" \/>\n\t<meta property=\"og:image:width\" content=\"2560\" \/>\n\t<meta property=\"og:image:height\" content=\"1205\" \/>\n\t<meta property=\"og:image:type\" content=\"image\/jpeg\" \/>\n<meta name=\"author\" content=\"Tiago Costa\" \/>\n<meta name=\"twitter:card\" content=\"summary_large_image\" \/>\n<meta name=\"twitter:label1\" content=\"Escrito por\" \/>\n\t<meta name=\"twitter:data1\" content=\"\" \/>\n\t<meta name=\"twitter:label2\" content=\"Tempo estimado de leitura\" \/>\n\t<meta name=\"twitter:data2\" content=\"7 minutos\" \/>\n<script type=\"application\/ld+json\" class=\"yoast-schema-graph\">{\"@context\":\"https:\/\/schema.org\",\"@graph\":[{\"@type\":\"Article\",\"@id\":\"http:\/\/maismagazine.pt\/index.php\/2024\/06\/28\/beja-onde-e-largo-o-tempo-e-a-paisagem\/#article\",\"isPartOf\":{\"@id\":\"http:\/\/maismagazine.pt\/index.php\/2024\/06\/28\/beja-onde-e-largo-o-tempo-e-a-paisagem\/\"},\"author\":{\"name\":\"Tiago Costa\",\"@id\":\"http:\/\/maismagazine.pt\/#\/schema\/person\/c6c5bfccc886434cbd11c74e035f9646\"},\"headline\":\"Beja, onde \u00e9 largo o tempo e a paisagem\",\"datePublished\":\"2024-06-28T06:00:00+00:00\",\"mainEntityOfPage\":{\"@id\":\"http:\/\/maismagazine.pt\/index.php\/2024\/06\/28\/beja-onde-e-largo-o-tempo-e-a-paisagem\/\"},\"wordCount\":1087,\"publisher\":{\"@id\":\"http:\/\/maismagazine.pt\/#organization\"},\"image\":{\"@id\":\"http:\/\/maismagazine.pt\/index.php\/2024\/06\/28\/beja-onde-e-largo-o-tempo-e-a-paisagem\/#primaryimage\"},\"thumbnailUrl\":\"http:\/\/maismagazine.pt\/wp-content\/uploads\/2024\/06\/IMG_7035-1-scaled.jpg\",\"keywords\":[\"CM Beja\",\"EN 18\"],\"articleSection\":[\"Turismo | Vinhos | Gastronomia\"],\"inLanguage\":\"pt-PT\"},{\"@type\":\"WebPage\",\"@id\":\"http:\/\/maismagazine.pt\/index.php\/2024\/06\/28\/beja-onde-e-largo-o-tempo-e-a-paisagem\/\",\"url\":\"http:\/\/maismagazine.pt\/index.php\/2024\/06\/28\/beja-onde-e-largo-o-tempo-e-a-paisagem\/\",\"name\":\"Beja, onde \u00e9 largo o tempo e a paisagem - Mais Magazine\",\"isPartOf\":{\"@id\":\"http:\/\/maismagazine.pt\/#website\"},\"primaryImageOfPage\":{\"@id\":\"http:\/\/maismagazine.pt\/index.php\/2024\/06\/28\/beja-onde-e-largo-o-tempo-e-a-paisagem\/#primaryimage\"},\"image\":{\"@id\":\"http:\/\/maismagazine.pt\/index.php\/2024\/06\/28\/beja-onde-e-largo-o-tempo-e-a-paisagem\/#primaryimage\"},\"thumbnailUrl\":\"http:\/\/maismagazine.pt\/wp-content\/uploads\/2024\/06\/IMG_7035-1-scaled.jpg\",\"datePublished\":\"2024-06-28T06:00:00+00:00\",\"description\":\"Situada no cora\u00e7\u00e3o do Alentejo, Beja encanta os viajantes com a sua hist\u00f3ria milenar, belas paisagens e rica gastronomia. Chegando pela EN-18, explore roteiros que revelam heran\u00e7as romanas, tradi\u00e7\u00f5es vin\u00edcolas e del\u00edcias regionais. Visite os miradouros e descubra a magia desta cidade, onde cada canto conta uma hist\u00f3ria \u00fanica.\",\"breadcrumb\":{\"@id\":\"http:\/\/maismagazine.pt\/index.php\/2024\/06\/28\/beja-onde-e-largo-o-tempo-e-a-paisagem\/#breadcrumb\"},\"inLanguage\":\"pt-PT\",\"potentialAction\":[{\"@type\":\"ReadAction\",\"target\":[\"http:\/\/maismagazine.pt\/index.php\/2024\/06\/28\/beja-onde-e-largo-o-tempo-e-a-paisagem\/\"]}]},{\"@type\":\"ImageObject\",\"inLanguage\":\"pt-PT\",\"@id\":\"http:\/\/maismagazine.pt\/index.php\/2024\/06\/28\/beja-onde-e-largo-o-tempo-e-a-paisagem\/#primaryimage\",\"url\":\"http:\/\/maismagazine.pt\/wp-content\/uploads\/2024\/06\/IMG_7035-1-scaled.jpg\",\"contentUrl\":\"http:\/\/maismagazine.pt\/wp-content\/uploads\/2024\/06\/IMG_7035-1-scaled.jpg\",\"width\":2560,\"height\":1205},{\"@type\":\"BreadcrumbList\",\"@id\":\"http:\/\/maismagazine.pt\/index.php\/2024\/06\/28\/beja-onde-e-largo-o-tempo-e-a-paisagem\/#breadcrumb\",\"itemListElement\":[{\"@type\":\"ListItem\",\"position\":1,\"name\":\"Home\",\"item\":\"http:\/\/maismagazine.pt\/\"},{\"@type\":\"ListItem\",\"position\":2,\"name\":\"Beja, onde \u00e9 largo o tempo e a paisagem\"}]},{\"@type\":\"WebSite\",\"@id\":\"http:\/\/maismagazine.pt\/#website\",\"url\":\"http:\/\/maismagazine.pt\/\",\"name\":\"Mais Magazine\",\"description\":\"\",\"publisher\":{\"@id\":\"http:\/\/maismagazine.pt\/#organization\"},\"potentialAction\":[{\"@type\":\"SearchAction\",\"target\":{\"@type\":\"EntryPoint\",\"urlTemplate\":\"http:\/\/maismagazine.pt\/?s={search_term_string}\"},\"query-input\":{\"@type\":\"PropertyValueSpecification\",\"valueRequired\":true,\"valueName\":\"search_term_string\"}}],\"inLanguage\":\"pt-PT\"},{\"@type\":\"Organization\",\"@id\":\"http:\/\/maismagazine.pt\/#organization\",\"name\":\"Mais Magazine\",\"url\":\"http:\/\/maismagazine.pt\/\",\"logo\":{\"@type\":\"ImageObject\",\"inLanguage\":\"pt-PT\",\"@id\":\"http:\/\/maismagazine.pt\/#\/schema\/logo\/image\/\",\"url\":\"http:\/\/maismagazine.pt\/wp-content\/uploads\/2020\/04\/cropped-cropped-mais-magazine-site-logo-2.png\",\"contentUrl\":\"http:\/\/maismagazine.pt\/wp-content\/uploads\/2020\/04\/cropped-cropped-mais-magazine-site-logo-2.png\",\"width\":581,\"height\":90,\"caption\":\"Mais Magazine\"},\"image\":{\"@id\":\"http:\/\/maismagazine.pt\/#\/schema\/logo\/image\/\"}},{\"@type\":\"Person\",\"@id\":\"http:\/\/maismagazine.pt\/#\/schema\/person\/c6c5bfccc886434cbd11c74e035f9646\",\"name\":\"Tiago Costa\",\"image\":{\"@type\":\"ImageObject\",\"inLanguage\":\"pt-PT\",\"@id\":\"http:\/\/maismagazine.pt\/#\/schema\/person\/image\/\",\"url\":\"https:\/\/secure.gravatar.com\/avatar\/c599b2bce16c9870429198cbad5ee022?s=96&d=mm&r=g\",\"contentUrl\":\"https:\/\/secure.gravatar.com\/avatar\/c599b2bce16c9870429198cbad5ee022?s=96&d=mm&r=g\",\"caption\":\"Tiago Costa\"},\"url\":\"http:\/\/maismagazine.pt\/index.php\/author\/tiago\/\"}]}<\/script>\n<!-- \/ Yoast SEO plugin. -->","yoast_head_json":{"title":"Beja, onde \u00e9 largo o tempo e a paisagem - Mais Magazine","description":"Situada no cora\u00e7\u00e3o do Alentejo, Beja encanta os viajantes com a sua hist\u00f3ria milenar, belas paisagens e rica gastronomia. Chegando pela EN-18, explore roteiros que revelam heran\u00e7as romanas, tradi\u00e7\u00f5es vin\u00edcolas e del\u00edcias regionais. Visite os miradouros e descubra a magia desta cidade, onde cada canto conta uma hist\u00f3ria \u00fanica.","robots":{"index":"index","follow":"follow","max-snippet":"max-snippet:-1","max-image-preview":"max-image-preview:large","max-video-preview":"max-video-preview:-1"},"canonical":"http:\/\/maismagazine.pt\/index.php\/2024\/06\/28\/beja-onde-e-largo-o-tempo-e-a-paisagem\/","og_locale":"pt_PT","og_type":"article","og_title":"Beja, onde \u00e9 largo o tempo e a paisagem - Mais Magazine","og_description":"Situada no cora\u00e7\u00e3o do Alentejo, Beja encanta os viajantes com a sua hist\u00f3ria milenar, belas paisagens e rica gastronomia. Chegando pela EN-18, explore roteiros que revelam heran\u00e7as romanas, tradi\u00e7\u00f5es vin\u00edcolas e del\u00edcias regionais. Visite os miradouros e descubra a magia desta cidade, onde cada canto conta uma hist\u00f3ria \u00fanica.","og_url":"http:\/\/maismagazine.pt\/index.php\/2024\/06\/28\/beja-onde-e-largo-o-tempo-e-a-paisagem\/","og_site_name":"Mais Magazine","article_published_time":"2024-06-28T06:00:00+00:00","og_image":[{"width":2560,"height":1205,"url":"http:\/\/maismagazine.pt\/wp-content\/uploads\/2024\/06\/IMG_7035-1-scaled.jpg","type":"image\/jpeg"}],"author":"Tiago Costa","twitter_card":"summary_large_image","twitter_misc":{"Escrito por":false,"Tempo estimado de leitura":"7 minutos"},"schema":{"@context":"https:\/\/schema.org","@graph":[{"@type":"Article","@id":"http:\/\/maismagazine.pt\/index.php\/2024\/06\/28\/beja-onde-e-largo-o-tempo-e-a-paisagem\/#article","isPartOf":{"@id":"http:\/\/maismagazine.pt\/index.php\/2024\/06\/28\/beja-onde-e-largo-o-tempo-e-a-paisagem\/"},"author":{"name":"Tiago Costa","@id":"http:\/\/maismagazine.pt\/#\/schema\/person\/c6c5bfccc886434cbd11c74e035f9646"},"headline":"Beja, onde \u00e9 largo o tempo e a paisagem","datePublished":"2024-06-28T06:00:00+00:00","mainEntityOfPage":{"@id":"http:\/\/maismagazine.pt\/index.php\/2024\/06\/28\/beja-onde-e-largo-o-tempo-e-a-paisagem\/"},"wordCount":1087,"publisher":{"@id":"http:\/\/maismagazine.pt\/#organization"},"image":{"@id":"http:\/\/maismagazine.pt\/index.php\/2024\/06\/28\/beja-onde-e-largo-o-tempo-e-a-paisagem\/#primaryimage"},"thumbnailUrl":"http:\/\/maismagazine.pt\/wp-content\/uploads\/2024\/06\/IMG_7035-1-scaled.jpg","keywords":["CM Beja","EN 18"],"articleSection":["Turismo | Vinhos | Gastronomia"],"inLanguage":"pt-PT"},{"@type":"WebPage","@id":"http:\/\/maismagazine.pt\/index.php\/2024\/06\/28\/beja-onde-e-largo-o-tempo-e-a-paisagem\/","url":"http:\/\/maismagazine.pt\/index.php\/2024\/06\/28\/beja-onde-e-largo-o-tempo-e-a-paisagem\/","name":"Beja, onde \u00e9 largo o tempo e a paisagem - Mais Magazine","isPartOf":{"@id":"http:\/\/maismagazine.pt\/#website"},"primaryImageOfPage":{"@id":"http:\/\/maismagazine.pt\/index.php\/2024\/06\/28\/beja-onde-e-largo-o-tempo-e-a-paisagem\/#primaryimage"},"image":{"@id":"http:\/\/maismagazine.pt\/index.php\/2024\/06\/28\/beja-onde-e-largo-o-tempo-e-a-paisagem\/#primaryimage"},"thumbnailUrl":"http:\/\/maismagazine.pt\/wp-content\/uploads\/2024\/06\/IMG_7035-1-scaled.jpg","datePublished":"2024-06-28T06:00:00+00:00","description":"Situada no cora\u00e7\u00e3o do Alentejo, Beja encanta os viajantes com a sua hist\u00f3ria milenar, belas paisagens e rica gastronomia. Chegando pela EN-18, explore roteiros que revelam heran\u00e7as romanas, tradi\u00e7\u00f5es vin\u00edcolas e del\u00edcias regionais. Visite os miradouros e descubra a magia desta cidade, onde cada canto conta uma hist\u00f3ria \u00fanica.","breadcrumb":{"@id":"http:\/\/maismagazine.pt\/index.php\/2024\/06\/28\/beja-onde-e-largo-o-tempo-e-a-paisagem\/#breadcrumb"},"inLanguage":"pt-PT","potentialAction":[{"@type":"ReadAction","target":["http:\/\/maismagazine.pt\/index.php\/2024\/06\/28\/beja-onde-e-largo-o-tempo-e-a-paisagem\/"]}]},{"@type":"ImageObject","inLanguage":"pt-PT","@id":"http:\/\/maismagazine.pt\/index.php\/2024\/06\/28\/beja-onde-e-largo-o-tempo-e-a-paisagem\/#primaryimage","url":"http:\/\/maismagazine.pt\/wp-content\/uploads\/2024\/06\/IMG_7035-1-scaled.jpg","contentUrl":"http:\/\/maismagazine.pt\/wp-content\/uploads\/2024\/06\/IMG_7035-1-scaled.jpg","width":2560,"height":1205},{"@type":"BreadcrumbList","@id":"http:\/\/maismagazine.pt\/index.php\/2024\/06\/28\/beja-onde-e-largo-o-tempo-e-a-paisagem\/#breadcrumb","itemListElement":[{"@type":"ListItem","position":1,"name":"Home","item":"http:\/\/maismagazine.pt\/"},{"@type":"ListItem","position":2,"name":"Beja, onde \u00e9 largo o tempo e a paisagem"}]},{"@type":"WebSite","@id":"http:\/\/maismagazine.pt\/#website","url":"http:\/\/maismagazine.pt\/","name":"Mais Magazine","description":"","publisher":{"@id":"http:\/\/maismagazine.pt\/#organization"},"potentialAction":[{"@type":"SearchAction","target":{"@type":"EntryPoint","urlTemplate":"http:\/\/maismagazine.pt\/?s={search_term_string}"},"query-input":{"@type":"PropertyValueSpecification","valueRequired":true,"valueName":"search_term_string"}}],"inLanguage":"pt-PT"},{"@type":"Organization","@id":"http:\/\/maismagazine.pt\/#organization","name":"Mais Magazine","url":"http:\/\/maismagazine.pt\/","logo":{"@type":"ImageObject","inLanguage":"pt-PT","@id":"http:\/\/maismagazine.pt\/#\/schema\/logo\/image\/","url":"http:\/\/maismagazine.pt\/wp-content\/uploads\/2020\/04\/cropped-cropped-mais-magazine-site-logo-2.png","contentUrl":"http:\/\/maismagazine.pt\/wp-content\/uploads\/2020\/04\/cropped-cropped-mais-magazine-site-logo-2.png","width":581,"height":90,"caption":"Mais Magazine"},"image":{"@id":"http:\/\/maismagazine.pt\/#\/schema\/logo\/image\/"}},{"@type":"Person","@id":"http:\/\/maismagazine.pt\/#\/schema\/person\/c6c5bfccc886434cbd11c74e035f9646","name":"Tiago Costa","image":{"@type":"ImageObject","inLanguage":"pt-PT","@id":"http:\/\/maismagazine.pt\/#\/schema\/person\/image\/","url":"https:\/\/secure.gravatar.com\/avatar\/c599b2bce16c9870429198cbad5ee022?s=96&d=mm&r=g","contentUrl":"https:\/\/secure.gravatar.com\/avatar\/c599b2bce16c9870429198cbad5ee022?s=96&d=mm&r=g","caption":"Tiago Costa"},"url":"http:\/\/maismagazine.pt\/index.php\/author\/tiago\/"}]}},"author_meta":{"display_name":false,"author_link":"http:\/\/maismagazine.pt\/index.php\/author\/tiago\/"},"featured_img":"http:\/\/maismagazine.pt\/wp-content\/uploads\/2024\/06\/IMG_7035-1-300x141.jpg","coauthors":[],"tax_additional":{"categories":{"linked":["<a href=\"http:\/\/maismagazine.pt\/index.php\/category\/turismo-restaurantes\/\" class=\"advgb-post-tax-term\">Turismo | Vinhos | Gastronomia<\/a>"],"unlinked":["<span class=\"advgb-post-tax-term\">Turismo | Vinhos | Gastronomia<\/span>"]},"tags":{"linked":["<a href=\"http:\/\/maismagazine.pt\/index.php\/category\/turismo-restaurantes\/\" class=\"advgb-post-tax-term\">CM Beja<\/a>","<a href=\"http:\/\/maismagazine.pt\/index.php\/category\/turismo-restaurantes\/\" class=\"advgb-post-tax-term\">EN 18<\/a>"],"unlinked":["<span class=\"advgb-post-tax-term\">CM Beja<\/span>","<span class=\"advgb-post-tax-term\">EN 18<\/span>"]}},"comment_count":"0","relative_dates":{"created":"Posted 2 anos ago","modified":"Updated 2 anos ago"},"absolute_dates":{"created":"Posted on 28 de Junho, 2024","modified":"Updated on 25 de Junho, 2024"},"absolute_dates_time":{"created":"Posted on 28 de Junho, 2024 7:00","modified":"Updated on 25 de Junho, 2024 15:02"},"featured_img_caption":"","series_order":"","_links":{"self":[{"href":"http:\/\/maismagazine.pt\/index.php\/wp-json\/wp\/v2\/posts\/9858","targetHints":{"allow":["GET"]}}],"collection":[{"href":"http:\/\/maismagazine.pt\/index.php\/wp-json\/wp\/v2\/posts"}],"about":[{"href":"http:\/\/maismagazine.pt\/index.php\/wp-json\/wp\/v2\/types\/post"}],"author":[{"embeddable":true,"href":"http:\/\/maismagazine.pt\/index.php\/wp-json\/wp\/v2\/users\/17"}],"replies":[{"embeddable":true,"href":"http:\/\/maismagazine.pt\/index.php\/wp-json\/wp\/v2\/comments?post=9858"}],"version-history":[{"count":1,"href":"http:\/\/maismagazine.pt\/index.php\/wp-json\/wp\/v2\/posts\/9858\/revisions"}],"predecessor-version":[{"id":9866,"href":"http:\/\/maismagazine.pt\/index.php\/wp-json\/wp\/v2\/posts\/9858\/revisions\/9866"}],"wp:featuredmedia":[{"embeddable":true,"href":"http:\/\/maismagazine.pt\/index.php\/wp-json\/wp\/v2\/media\/9865"}],"wp:attachment":[{"href":"http:\/\/maismagazine.pt\/index.php\/wp-json\/wp\/v2\/media?parent=9858"}],"wp:term":[{"taxonomy":"category","embeddable":true,"href":"http:\/\/maismagazine.pt\/index.php\/wp-json\/wp\/v2\/categories?post=9858"},{"taxonomy":"post_tag","embeddable":true,"href":"http:\/\/maismagazine.pt\/index.php\/wp-json\/wp\/v2\/tags?post=9858"}],"curies":[{"name":"wp","href":"https:\/\/api.w.org\/{rel}","templated":true}]}}