{"id":9850,"date":"2024-06-28T07:00:00","date_gmt":"2024-06-28T06:00:00","guid":{"rendered":"https:\/\/maismagazine.pt\/?p=9850"},"modified":"2024-06-25T14:55:15","modified_gmt":"2024-06-25T13:55:15","slug":"ricardo-junqueira-fotografia","status":"publish","type":"post","link":"http:\/\/maismagazine.pt\/index.php\/2024\/06\/28\/ricardo-junqueira-fotografia\/","title":{"rendered":"Ricardo Junqueira Fotografia"},"content":{"rendered":"\n<p><a href=\"https:\/\/www.ricardojunqueira.pt\/\">Ricardo Junqueira<\/a> \u00e9 um fot\u00f3grafo brasileiro, radicado em Lisboa (Portugal). Especializado em fotografia de arquitetura, design de interiores, hospitalidade, retratos, viagens, belas artes, comercial e publicidade, atende a clientes do mundo todo. E tamb\u00e9m faz v\u00eddeos e fotos a\u00e9reas.<\/p>\n\n\n\n<p>Em 30 anos de carreira, acumula trabalhos para&nbsp; arquitetos, desenvolvedores imobili\u00e1rios, peri\u00f3dicos, ag\u00eancias de publicidade e outros, entre os quais The Wall Street Journal, Vogue, Revista Casa Vogue, Cond\u00e9 Nast Traveller, Elle, Grup Sehrs, Editora Abril, Editora Globo, AIRBNB, Alamy, Getty Images, Basf, Petrobr\u00e1s e Banco Ita\u00fa.<\/p>\n\n\n\n<p>Nasceu em Bras\u00edlia, onde viveu at\u00e9 os 22 anos de idade. Come\u00e7ou a fotografar em 1979 e tornou-se fot\u00f3grafo profissional em 1984. Em 1988 mudou-se para S\u00e3o Paulo, para desenvolver sua carreira na \u00e1rea. Desde 1985 participa de exposi\u00e7\u00f5es individuais e coletivas e foi premiado diversas vezes, tanto no Brasil, como no exterior.<\/p>\n\n\n\n<p>Co-coordenou um centro de pesquisa, montagem de portf\u00f3lio e exposi\u00e7\u00f5es na Collectors Gallery (S\u00e3o Paulo) e lecionou fotografia na Escola Panamericana de Arte de S\u00e3o Paulo, uma das maiores escolas de arte do Brasil. \u00c9 membro da Abrafoto \u2013 Associa\u00e7\u00e3o Brasileira de Fot\u00f3grafos de Publicidade, desde 1999, da RPCFB \u2013 Rede de Produtores Culturais de Fotografia Brasileira, desde 2009, e da AFP \u2013 Associa\u00e7\u00e3o de Fot\u00f3grafos Profissionais de Portugal.<\/p>\n","protected":false},"excerpt":{"rendered":"<p>Ricardo Junqueira \u00e9 um fot\u00f3grafo brasileiro, radicado em Lisboa (Portugal). Especializado em fotografia de arquitetura, design de interiores, hospitalidade, retratos, viagens, belas artes, comercial e publicidade, atende a clientes do mundo todo. E tamb\u00e9m faz v\u00eddeos e fotos a\u00e9reas. Em 30 anos de carreira, acumula trabalhos para&nbsp; arquitetos, desenvolvedores imobili\u00e1rios,&hellip;<\/p>\n","protected":false},"author":17,"featured_media":9857,"comment_status":"closed","ping_status":"open","sticky":false,"template":"","format":"standard","meta":{"advgb_blocks_editor_width":"","advgb_blocks_columns_visual_guide":"","_monsterinsights_skip_tracking":false,"_monsterinsights_sitenote_active":false,"_monsterinsights_sitenote_note":"","_monsterinsights_sitenote_category":0,"footnotes":""},"categories":[1460],"tags":[1537],"class_list":["post-9850","post","type-post","status-publish","format-standard","has-post-thumbnail","hentry","category-publicidade","tag-ricardo-junqueira"],"yoast_head":"<!-- This site is optimized with the Yoast SEO plugin v24.4 - https:\/\/yoast.com\/wordpress\/plugins\/seo\/ -->\n<title>Ricardo Junqueira Fotografia - Mais Magazine<\/title>\n<meta name=\"description\" content=\"Ricardo Junqueira \u00e9 um fot\u00f3grafo brasileiro, radicado em Lisboa (Portugal). Especializado em fotografia de arquitetura, design de interiores, hospitalidade, retratos, viagens, belas artes, comercial e publicidade, atende a clientes do mundo todo. E tamb\u00e9m faz v\u00eddeos e fotos a\u00e9reas.\" \/>\n<meta name=\"robots\" content=\"index, follow, max-snippet:-1, max-image-preview:large, max-video-preview:-1\" \/>\n<link rel=\"canonical\" href=\"https:\/\/maismagazine.pt\/index.php\/2024\/06\/28\/ricardo-junqueira-fotografia\/\" \/>\n<meta property=\"og:locale\" content=\"pt_PT\" \/>\n<meta property=\"og:type\" content=\"article\" \/>\n<meta property=\"og:title\" content=\"Ricardo Junqueira Fotografia - Mais Magazine\" \/>\n<meta property=\"og:description\" content=\"Ricardo Junqueira \u00e9 um fot\u00f3grafo brasileiro, radicado em Lisboa (Portugal). Especializado em fotografia de arquitetura, design de interiores, hospitalidade, retratos, viagens, belas artes, comercial e publicidade, atende a clientes do mundo todo. E tamb\u00e9m faz v\u00eddeos e fotos a\u00e9reas.\" \/>\n<meta property=\"og:url\" content=\"https:\/\/maismagazine.pt\/index.php\/2024\/06\/28\/ricardo-junqueira-fotografia\/\" \/>\n<meta property=\"og:site_name\" content=\"Mais Magazine\" \/>\n<meta property=\"article:published_time\" content=\"2024-06-28T06:00:00+00:00\" \/>\n<meta property=\"og:image\" content=\"https:\/\/maismagazine.pt\/wp-content\/uploads\/2024\/06\/293463198_463733359089331_566519393328245376_n-1.jpg\" \/>\n\t<meta property=\"og:image:width\" content=\"734\" \/>\n\t<meta property=\"og:image:height\" content=\"489\" \/>\n\t<meta property=\"og:image:type\" content=\"image\/jpeg\" \/>\n<meta name=\"author\" content=\"Tiago Costa\" \/>\n<meta name=\"twitter:card\" content=\"summary_large_image\" \/>\n<meta name=\"twitter:label1\" content=\"Escrito por\" \/>\n\t<meta name=\"twitter:data1\" content=\"\" \/>\n\t<meta name=\"twitter:label2\" content=\"Tempo estimado de leitura\" \/>\n\t<meta name=\"twitter:data2\" content=\"2 minutos\" \/>\n<script type=\"application\/ld+json\" class=\"yoast-schema-graph\">{\"@context\":\"https:\/\/schema.org\",\"@graph\":[{\"@type\":\"Article\",\"@id\":\"https:\/\/maismagazine.pt\/index.php\/2024\/06\/28\/ricardo-junqueira-fotografia\/#article\",\"isPartOf\":{\"@id\":\"https:\/\/maismagazine.pt\/index.php\/2024\/06\/28\/ricardo-junqueira-fotografia\/\"},\"author\":{\"name\":\"Tiago Costa\",\"@id\":\"https:\/\/maismagazine.pt\/#\/schema\/person\/c6c5bfccc886434cbd11c74e035f9646\"},\"headline\":\"Ricardo Junqueira Fotografia\",\"datePublished\":\"2024-06-28T06:00:00+00:00\",\"mainEntityOfPage\":{\"@id\":\"https:\/\/maismagazine.pt\/index.php\/2024\/06\/28\/ricardo-junqueira-fotografia\/\"},\"wordCount\":220,\"publisher\":{\"@id\":\"https:\/\/maismagazine.pt\/#organization\"},\"image\":{\"@id\":\"https:\/\/maismagazine.pt\/index.php\/2024\/06\/28\/ricardo-junqueira-fotografia\/#primaryimage\"},\"thumbnailUrl\":\"http:\/\/maismagazine.pt\/wp-content\/uploads\/2024\/06\/293463198_463733359089331_566519393328245376_n-1.jpg\",\"keywords\":[\"Ricardo Junqueira\"],\"articleSection\":[\"publicidade\"],\"inLanguage\":\"pt-PT\"},{\"@type\":\"WebPage\",\"@id\":\"https:\/\/maismagazine.pt\/index.php\/2024\/06\/28\/ricardo-junqueira-fotografia\/\",\"url\":\"https:\/\/maismagazine.pt\/index.php\/2024\/06\/28\/ricardo-junqueira-fotografia\/\",\"name\":\"Ricardo Junqueira Fotografia - Mais Magazine\",\"isPartOf\":{\"@id\":\"https:\/\/maismagazine.pt\/#website\"},\"primaryImageOfPage\":{\"@id\":\"https:\/\/maismagazine.pt\/index.php\/2024\/06\/28\/ricardo-junqueira-fotografia\/#primaryimage\"},\"image\":{\"@id\":\"https:\/\/maismagazine.pt\/index.php\/2024\/06\/28\/ricardo-junqueira-fotografia\/#primaryimage\"},\"thumbnailUrl\":\"http:\/\/maismagazine.pt\/wp-content\/uploads\/2024\/06\/293463198_463733359089331_566519393328245376_n-1.jpg\",\"datePublished\":\"2024-06-28T06:00:00+00:00\",\"description\":\"Ricardo Junqueira \u00e9 um fot\u00f3grafo brasileiro, radicado em Lisboa (Portugal). Especializado em fotografia de arquitetura, design de interiores, hospitalidade, retratos, viagens, belas artes, comercial e publicidade, atende a clientes do mundo todo. E tamb\u00e9m faz v\u00eddeos e fotos a\u00e9reas.\",\"breadcrumb\":{\"@id\":\"https:\/\/maismagazine.pt\/index.php\/2024\/06\/28\/ricardo-junqueira-fotografia\/#breadcrumb\"},\"inLanguage\":\"pt-PT\",\"potentialAction\":[{\"@type\":\"ReadAction\",\"target\":[\"https:\/\/maismagazine.pt\/index.php\/2024\/06\/28\/ricardo-junqueira-fotografia\/\"]}]},{\"@type\":\"ImageObject\",\"inLanguage\":\"pt-PT\",\"@id\":\"https:\/\/maismagazine.pt\/index.php\/2024\/06\/28\/ricardo-junqueira-fotografia\/#primaryimage\",\"url\":\"http:\/\/maismagazine.pt\/wp-content\/uploads\/2024\/06\/293463198_463733359089331_566519393328245376_n-1.jpg\",\"contentUrl\":\"http:\/\/maismagazine.pt\/wp-content\/uploads\/2024\/06\/293463198_463733359089331_566519393328245376_n-1.jpg\",\"width\":734,\"height\":489},{\"@type\":\"BreadcrumbList\",\"@id\":\"https:\/\/maismagazine.pt\/index.php\/2024\/06\/28\/ricardo-junqueira-fotografia\/#breadcrumb\",\"itemListElement\":[{\"@type\":\"ListItem\",\"position\":1,\"name\":\"Home\",\"item\":\"https:\/\/maismagazine.pt\/\"},{\"@type\":\"ListItem\",\"position\":2,\"name\":\"Ricardo Junqueira Fotografia\"}]},{\"@type\":\"WebSite\",\"@id\":\"https:\/\/maismagazine.pt\/#website\",\"url\":\"https:\/\/maismagazine.pt\/\",\"name\":\"Mais Magazine\",\"description\":\"\",\"publisher\":{\"@id\":\"https:\/\/maismagazine.pt\/#organization\"},\"potentialAction\":[{\"@type\":\"SearchAction\",\"target\":{\"@type\":\"EntryPoint\",\"urlTemplate\":\"https:\/\/maismagazine.pt\/?s={search_term_string}\"},\"query-input\":{\"@type\":\"PropertyValueSpecification\",\"valueRequired\":true,\"valueName\":\"search_term_string\"}}],\"inLanguage\":\"pt-PT\"},{\"@type\":\"Organization\",\"@id\":\"https:\/\/maismagazine.pt\/#organization\",\"name\":\"Mais Magazine\",\"url\":\"https:\/\/maismagazine.pt\/\",\"logo\":{\"@type\":\"ImageObject\",\"inLanguage\":\"pt-PT\",\"@id\":\"https:\/\/maismagazine.pt\/#\/schema\/logo\/image\/\",\"url\":\"http:\/\/maismagazine.pt\/wp-content\/uploads\/2020\/04\/cropped-cropped-mais-magazine-site-logo-2.png\",\"contentUrl\":\"http:\/\/maismagazine.pt\/wp-content\/uploads\/2020\/04\/cropped-cropped-mais-magazine-site-logo-2.png\",\"width\":581,\"height\":90,\"caption\":\"Mais Magazine\"},\"image\":{\"@id\":\"https:\/\/maismagazine.pt\/#\/schema\/logo\/image\/\"}},{\"@type\":\"Person\",\"@id\":\"https:\/\/maismagazine.pt\/#\/schema\/person\/c6c5bfccc886434cbd11c74e035f9646\",\"name\":\"Tiago Costa\",\"image\":{\"@type\":\"ImageObject\",\"inLanguage\":\"pt-PT\",\"@id\":\"https:\/\/maismagazine.pt\/#\/schema\/person\/image\/\",\"url\":\"https:\/\/secure.gravatar.com\/avatar\/c599b2bce16c9870429198cbad5ee022?s=96&d=mm&r=g\",\"contentUrl\":\"https:\/\/secure.gravatar.com\/avatar\/c599b2bce16c9870429198cbad5ee022?s=96&d=mm&r=g\",\"caption\":\"Tiago Costa\"},\"url\":\"http:\/\/maismagazine.pt\/index.php\/author\/tiago\/\"}]}<\/script>\n<!-- \/ Yoast SEO plugin. -->","yoast_head_json":{"title":"Ricardo Junqueira Fotografia - Mais Magazine","description":"Ricardo Junqueira \u00e9 um fot\u00f3grafo brasileiro, radicado em Lisboa (Portugal). Especializado em fotografia de arquitetura, design de interiores, hospitalidade, retratos, viagens, belas artes, comercial e publicidade, atende a clientes do mundo todo. E tamb\u00e9m faz v\u00eddeos e fotos a\u00e9reas.","robots":{"index":"index","follow":"follow","max-snippet":"max-snippet:-1","max-image-preview":"max-image-preview:large","max-video-preview":"max-video-preview:-1"},"canonical":"https:\/\/maismagazine.pt\/index.php\/2024\/06\/28\/ricardo-junqueira-fotografia\/","og_locale":"pt_PT","og_type":"article","og_title":"Ricardo Junqueira Fotografia - Mais Magazine","og_description":"Ricardo Junqueira \u00e9 um fot\u00f3grafo brasileiro, radicado em Lisboa (Portugal). Especializado em fotografia de arquitetura, design de interiores, hospitalidade, retratos, viagens, belas artes, comercial e publicidade, atende a clientes do mundo todo. E tamb\u00e9m faz v\u00eddeos e fotos a\u00e9reas.","og_url":"https:\/\/maismagazine.pt\/index.php\/2024\/06\/28\/ricardo-junqueira-fotografia\/","og_site_name":"Mais Magazine","article_published_time":"2024-06-28T06:00:00+00:00","og_image":[{"width":734,"height":489,"url":"https:\/\/maismagazine.pt\/wp-content\/uploads\/2024\/06\/293463198_463733359089331_566519393328245376_n-1.jpg","type":"image\/jpeg"}],"author":"Tiago Costa","twitter_card":"summary_large_image","twitter_misc":{"Escrito por":false,"Tempo estimado de leitura":"2 minutos"},"schema":{"@context":"https:\/\/schema.org","@graph":[{"@type":"Article","@id":"https:\/\/maismagazine.pt\/index.php\/2024\/06\/28\/ricardo-junqueira-fotografia\/#article","isPartOf":{"@id":"https:\/\/maismagazine.pt\/index.php\/2024\/06\/28\/ricardo-junqueira-fotografia\/"},"author":{"name":"Tiago Costa","@id":"https:\/\/maismagazine.pt\/#\/schema\/person\/c6c5bfccc886434cbd11c74e035f9646"},"headline":"Ricardo Junqueira Fotografia","datePublished":"2024-06-28T06:00:00+00:00","mainEntityOfPage":{"@id":"https:\/\/maismagazine.pt\/index.php\/2024\/06\/28\/ricardo-junqueira-fotografia\/"},"wordCount":220,"publisher":{"@id":"https:\/\/maismagazine.pt\/#organization"},"image":{"@id":"https:\/\/maismagazine.pt\/index.php\/2024\/06\/28\/ricardo-junqueira-fotografia\/#primaryimage"},"thumbnailUrl":"http:\/\/maismagazine.pt\/wp-content\/uploads\/2024\/06\/293463198_463733359089331_566519393328245376_n-1.jpg","keywords":["Ricardo Junqueira"],"articleSection":["publicidade"],"inLanguage":"pt-PT"},{"@type":"WebPage","@id":"https:\/\/maismagazine.pt\/index.php\/2024\/06\/28\/ricardo-junqueira-fotografia\/","url":"https:\/\/maismagazine.pt\/index.php\/2024\/06\/28\/ricardo-junqueira-fotografia\/","name":"Ricardo Junqueira Fotografia - Mais Magazine","isPartOf":{"@id":"https:\/\/maismagazine.pt\/#website"},"primaryImageOfPage":{"@id":"https:\/\/maismagazine.pt\/index.php\/2024\/06\/28\/ricardo-junqueira-fotografia\/#primaryimage"},"image":{"@id":"https:\/\/maismagazine.pt\/index.php\/2024\/06\/28\/ricardo-junqueira-fotografia\/#primaryimage"},"thumbnailUrl":"http:\/\/maismagazine.pt\/wp-content\/uploads\/2024\/06\/293463198_463733359089331_566519393328245376_n-1.jpg","datePublished":"2024-06-28T06:00:00+00:00","description":"Ricardo Junqueira \u00e9 um fot\u00f3grafo brasileiro, radicado em Lisboa (Portugal). Especializado em fotografia de arquitetura, design de interiores, hospitalidade, retratos, viagens, belas artes, comercial e publicidade, atende a clientes do mundo todo. E tamb\u00e9m faz v\u00eddeos e fotos a\u00e9reas.","breadcrumb":{"@id":"https:\/\/maismagazine.pt\/index.php\/2024\/06\/28\/ricardo-junqueira-fotografia\/#breadcrumb"},"inLanguage":"pt-PT","potentialAction":[{"@type":"ReadAction","target":["https:\/\/maismagazine.pt\/index.php\/2024\/06\/28\/ricardo-junqueira-fotografia\/"]}]},{"@type":"ImageObject","inLanguage":"pt-PT","@id":"https:\/\/maismagazine.pt\/index.php\/2024\/06\/28\/ricardo-junqueira-fotografia\/#primaryimage","url":"http:\/\/maismagazine.pt\/wp-content\/uploads\/2024\/06\/293463198_463733359089331_566519393328245376_n-1.jpg","contentUrl":"http:\/\/maismagazine.pt\/wp-content\/uploads\/2024\/06\/293463198_463733359089331_566519393328245376_n-1.jpg","width":734,"height":489},{"@type":"BreadcrumbList","@id":"https:\/\/maismagazine.pt\/index.php\/2024\/06\/28\/ricardo-junqueira-fotografia\/#breadcrumb","itemListElement":[{"@type":"ListItem","position":1,"name":"Home","item":"https:\/\/maismagazine.pt\/"},{"@type":"ListItem","position":2,"name":"Ricardo Junqueira Fotografia"}]},{"@type":"WebSite","@id":"https:\/\/maismagazine.pt\/#website","url":"https:\/\/maismagazine.pt\/","name":"Mais Magazine","description":"","publisher":{"@id":"https:\/\/maismagazine.pt\/#organization"},"potentialAction":[{"@type":"SearchAction","target":{"@type":"EntryPoint","urlTemplate":"https:\/\/maismagazine.pt\/?s={search_term_string}"},"query-input":{"@type":"PropertyValueSpecification","valueRequired":true,"valueName":"search_term_string"}}],"inLanguage":"pt-PT"},{"@type":"Organization","@id":"https:\/\/maismagazine.pt\/#organization","name":"Mais Magazine","url":"https:\/\/maismagazine.pt\/","logo":{"@type":"ImageObject","inLanguage":"pt-PT","@id":"https:\/\/maismagazine.pt\/#\/schema\/logo\/image\/","url":"http:\/\/maismagazine.pt\/wp-content\/uploads\/2020\/04\/cropped-cropped-mais-magazine-site-logo-2.png","contentUrl":"http:\/\/maismagazine.pt\/wp-content\/uploads\/2020\/04\/cropped-cropped-mais-magazine-site-logo-2.png","width":581,"height":90,"caption":"Mais Magazine"},"image":{"@id":"https:\/\/maismagazine.pt\/#\/schema\/logo\/image\/"}},{"@type":"Person","@id":"https:\/\/maismagazine.pt\/#\/schema\/person\/c6c5bfccc886434cbd11c74e035f9646","name":"Tiago Costa","image":{"@type":"ImageObject","inLanguage":"pt-PT","@id":"https:\/\/maismagazine.pt\/#\/schema\/person\/image\/","url":"https:\/\/secure.gravatar.com\/avatar\/c599b2bce16c9870429198cbad5ee022?s=96&d=mm&r=g","contentUrl":"https:\/\/secure.gravatar.com\/avatar\/c599b2bce16c9870429198cbad5ee022?s=96&d=mm&r=g","caption":"Tiago Costa"},"url":"http:\/\/maismagazine.pt\/index.php\/author\/tiago\/"}]}},"author_meta":{"display_name":false,"author_link":"http:\/\/maismagazine.pt\/index.php\/author\/tiago\/"},"featured_img":"http:\/\/maismagazine.pt\/wp-content\/uploads\/2024\/06\/293463198_463733359089331_566519393328245376_n-1-300x200.jpg","coauthors":[],"tax_additional":{"categories":{"linked":["<a href=\"http:\/\/maismagazine.pt\/index.php\/category\/publicidade\/\" class=\"advgb-post-tax-term\">publicidade<\/a>"],"unlinked":["<span class=\"advgb-post-tax-term\">publicidade<\/span>"]},"tags":{"linked":["<a href=\"http:\/\/maismagazine.pt\/index.php\/category\/publicidade\/\" class=\"advgb-post-tax-term\">Ricardo Junqueira<\/a>"],"unlinked":["<span class=\"advgb-post-tax-term\">Ricardo Junqueira<\/span>"]}},"comment_count":"0","relative_dates":{"created":"Posted 2 anos ago","modified":"Updated 2 anos ago"},"absolute_dates":{"created":"Posted on 28 de Junho, 2024","modified":"Updated on 25 de Junho, 2024"},"absolute_dates_time":{"created":"Posted on 28 de Junho, 2024 7:00","modified":"Updated on 25 de Junho, 2024 14:55"},"featured_img_caption":"","series_order":"","_links":{"self":[{"href":"http:\/\/maismagazine.pt\/index.php\/wp-json\/wp\/v2\/posts\/9850","targetHints":{"allow":["GET"]}}],"collection":[{"href":"http:\/\/maismagazine.pt\/index.php\/wp-json\/wp\/v2\/posts"}],"about":[{"href":"http:\/\/maismagazine.pt\/index.php\/wp-json\/wp\/v2\/types\/post"}],"author":[{"embeddable":true,"href":"http:\/\/maismagazine.pt\/index.php\/wp-json\/wp\/v2\/users\/17"}],"replies":[{"embeddable":true,"href":"http:\/\/maismagazine.pt\/index.php\/wp-json\/wp\/v2\/comments?post=9850"}],"version-history":[{"count":1,"href":"http:\/\/maismagazine.pt\/index.php\/wp-json\/wp\/v2\/posts\/9850\/revisions"}],"predecessor-version":[{"id":9854,"href":"http:\/\/maismagazine.pt\/index.php\/wp-json\/wp\/v2\/posts\/9850\/revisions\/9854"}],"wp:featuredmedia":[{"embeddable":true,"href":"http:\/\/maismagazine.pt\/index.php\/wp-json\/wp\/v2\/media\/9857"}],"wp:attachment":[{"href":"http:\/\/maismagazine.pt\/index.php\/wp-json\/wp\/v2\/media?parent=9850"}],"wp:term":[{"taxonomy":"category","embeddable":true,"href":"http:\/\/maismagazine.pt\/index.php\/wp-json\/wp\/v2\/categories?post=9850"},{"taxonomy":"post_tag","embeddable":true,"href":"http:\/\/maismagazine.pt\/index.php\/wp-json\/wp\/v2\/tags?post=9850"}],"curies":[{"name":"wp","href":"https:\/\/api.w.org\/{rel}","templated":true}]}}