{"id":9847,"date":"2024-06-28T07:00:00","date_gmt":"2024-06-28T06:00:00","guid":{"rendered":"https:\/\/maismagazine.pt\/?p=9847"},"modified":"2024-06-25T15:19:39","modified_gmt":"2024-06-25T14:19:39","slug":"ahresp-ha-128-anos-a-unir-sabores-e-conforto-em-portugal","status":"publish","type":"post","link":"http:\/\/maismagazine.pt\/index.php\/2024\/06\/28\/ahresp-ha-128-anos-a-unir-sabores-e-conforto-em-portugal\/","title":{"rendered":"AHRESP: H\u00e1 128 anos a unir sabores e conforto em Portugal"},"content":{"rendered":"\n<p><strong>Fundada em 1896, a <a href=\"https:\/\/ahresp.com\/\">AHRESP <\/a>(Associa\u00e7\u00e3o da Hotelaria, Restaura\u00e7\u00e3o e Similares de Portugal) surgiu da fus\u00e3o da AIHP e da ARESTA em 2008. Com 15 delega\u00e7\u00f5es em Portugal Continental e A\u00e7ores, e brevemente em Braga e Funchal, a AHRESP \u00e9 essencial para os empres\u00e1rios do setor, afirma Carlos Moura, presidente da associa\u00e7\u00e3o, \u00e0 Mais Magazine.<\/strong><\/p>\n\n\n\n<p><\/p>\n\n\n\n<p><strong>De que forma a AHRESP \u00e9 um agente ativo na defesa e representa\u00e7\u00e3o das empresas do setor e na promo\u00e7\u00e3o do turismo. Que tipo de iniciativas leva a cabo neste sentido?<\/strong><\/p>\n\n\n\n<p>Na representa\u00e7\u00e3o das empresas e dos seus desafios para o futuro, estamos a intervir em \u00e1reas t\u00e3o diferentes como a gastronomia, a transi\u00e7\u00e3o digital e a efici\u00eancia energ\u00e9tica.<\/p>\n\n\n\n<p>Entre os projetos desenvolvidos para impactar na atividade empresarial dos nossos associados, destaco o \u201cAcelerar o Norte\u201d. Um programa criado com objetivo de facilitar \u00e0s empresas a ado\u00e7\u00e3o de estrat\u00e9gias e solu\u00e7\u00f5es digitais para atrair novos clientes, alcan\u00e7ar mais vendas e simplificar processos.<\/p>\n\n\n\n<p>Na vertente da sustentabilidade, o de-senvolvimento da Plataforma Efici\u00eancia Energ\u00e9tica Restaura\u00e7\u00e3o. A e2R \u00e9 totalmente gratuita e permitir\u00e1 apoiar os empres\u00e1rios da restaura\u00e7\u00e3o na implementa\u00e7\u00e3o de medidas que levem a uma maior efici\u00eancia energ\u00e9tica.<\/p>\n\n\n\n<p>Na \u00e1rea da forma\u00e7\u00e3o, a Academia AHRESP, j\u00e1 certificada pela DGERT \u2013 Dire\u00e7\u00e3o-Geral do Emprego e das Rela\u00e7\u00f5es de Trabalho, onde s\u00e3o promovidos cursos e a\u00e7\u00f5es de forma\u00e7\u00e3o, junto dos empres\u00e1rios, nas mais variadas \u00e1reas, desde a opera\u00e7\u00e3o \u00e0 gest\u00e3o dos neg\u00f3cios.<\/p>\n\n\n\n<p>Numa outra vertente que \u00e9 a do investimento, sempre necess\u00e1rio para a requalifica\u00e7\u00e3o e adapta\u00e7\u00e3o das empresas face \u00e0s novas exig\u00eancias e transforma\u00e7\u00f5es de mercado, a AHRESP tem acompanhado os programas de financiamento (verbas nacionais ou fundos comunit\u00e1rios) que s\u00e3o disponibilizados para o setor, por forma a promov\u00ea-los junto dos empres\u00e1rios. N\u00e3o s\u00f3 \u00e9 nossa fun\u00e7\u00e3o informar da exist\u00eancia dos mesmos, como tamb\u00e9m apoiar e orientar os empres\u00e1rios no acesso aos mecanismos que melhor se adequam a cada tipo de investimento.<\/p>\n\n\n\n<p>Na promo\u00e7\u00e3o do Turismo o projeto TASTE PORTUGAL permitiu-nos expandir a cultura e gastronomia portuguesa para uma visibilidade mundial. Em parceria com o Turismo de Portugal cri\u00e1mos uma Rede de Restaurantes Portugueses na Alemanha, Brasil, Espanha, Fran\u00e7a, Reino Unido, E.U.A., Canad\u00e1, B\u00e9lgica, Luxemburgo, Pa\u00edses Baixos e Jap\u00e3o de forma a promover a gastronomia portuguesa a n\u00edvel internacional, elevando-a, cada vez mais, como atrativo tur\u00edstico do Pa\u00eds.<\/p>\n\n\n\n<p><\/p>\n\n\n\n<p><strong>Atualmente, quais os principais desafios que os setores representados por voc\u00eas enfrentam? <\/strong><\/p>\n\n\n\n<p>Como \u00e9 sabido, Portugal tem-se mantido como um dos pa\u00edses europeus menos competitivo em mat\u00e9ria fiscal. E promover uma maior competitividade das empresas que a AHRESP representa tem sido um ciclo de batalhas que, aos poucos, estamos a vencer.<\/p>\n\n\n\n<p>Em mat\u00e9ria de IVA, por exemplo, a AHRESP tem insistido para a reposi\u00e7\u00e3o integral na taxa interm\u00e9dia dos refrigerantes e das bebidas alco\u00f3licas, que ainda permanecem \u00e0 taxa m\u00e1xima. E a altera\u00e7\u00e3o da taxa interm\u00e9dia de 13% para 10%, equiparando-a aos nossos principais concorrentes internacionais, como \u00e9 o caso de Espanha, Fran\u00e7a e It\u00e1lia.<\/p>\n\n\n\n<p>N\u00e3o posso deixar de salientar a falta de pessoas dispon\u00edveis para trabalhar na restaura\u00e7\u00e3o e no alojamento tur\u00edstico que \u00e9 um problema estrutural e de longa data. Por isso, a AHRESP considera fulcral existirem programas de incentivo \u00e0 contrata\u00e7\u00e3o, mas, tamb\u00e9m, para forma\u00e7\u00e3o especializada para nacionais e estrangeiros. Raz\u00f5es pelas quais a AHRESP tem feito um vasto investimento na sua pr\u00f3pria Academia.<\/p>\n\n\n\n<p><\/p>\n\n\n\n<p><strong>Quais as vantagens de ser associada da AHRESP?<\/strong><\/p>\n\n\n\n<p>As atividades que representamos s\u00e3o complexas e muito exigentes ao n\u00edvel do seu funcionamento e das obriga\u00e7\u00f5es a que est\u00e3o sujeitos e isso faz com que estar devida e atempadamente informado seja absolutamente fundamental para o neg\u00f3cio. Para isso dispomos de v\u00e1rios Departamentos, devidamente especializados, em \u00e1reas t\u00e3o diversas como a jur\u00eddica, econ\u00f3mica, arquitetura ou ambiente. Dispomos tamb\u00e9m de uma Academia de forma\u00e7\u00e3o, devidamente certificada, e parceiros\/fornecedores, com quem negoci\u00e1mos as melhores condi\u00e7\u00f5es. Igualmente, e enquanto Associa\u00e7\u00e3o de Empregadores, celebramos Contratos Coletivos de Trabalho (CCT\u2019s) com as estruturas sindicais, e onde prevemos regras laborais mais adequadas ao funcionamento dos neg\u00f3cios. Por fim, todo este apoio \u00e9 feito em proximidade, atrav\u00e9s das nossas 15 representa\u00e7\u00f5es f\u00edsicas, um pouco por todo o pa\u00eds e Ilhas, que \u00e9 muito valorizado pelos nossos empres\u00e1rios.<\/p>\n\n\n\n<p><\/p>\n\n\n\n<p><em>Carlos Moura, Presidente da AHRESP<\/em><\/p>\n\n\n\n<p><\/p>\n\n\n<div class=\"wp-block-image\">\n<figure class=\"aligncenter size-large is-resized\"><img loading=\"lazy\" decoding=\"async\" width=\"1024\" height=\"576\" src=\"https:\/\/maismagazine.pt\/wp-content\/uploads\/2024\/06\/AhrespMarca_01-1024x576.jpg\" alt=\"\" class=\"wp-image-9852\" style=\"aspect-ratio:1.7777777777777777;width:293px;height:auto\" srcset=\"http:\/\/maismagazine.pt\/wp-content\/uploads\/2024\/06\/AhrespMarca_01-1024x576.jpg 1024w, http:\/\/maismagazine.pt\/wp-content\/uploads\/2024\/06\/AhrespMarca_01-300x169.jpg 300w, http:\/\/maismagazine.pt\/wp-content\/uploads\/2024\/06\/AhrespMarca_01-768x432.jpg 768w, http:\/\/maismagazine.pt\/wp-content\/uploads\/2024\/06\/AhrespMarca_01-1536x864.jpg 1536w, http:\/\/maismagazine.pt\/wp-content\/uploads\/2024\/06\/AhrespMarca_01.jpg 1920w\" sizes=\"auto, (max-width: 1024px) 100vw, 1024px\" \/><\/figure><\/div>\n\n\n<p><\/p>\n","protected":false},"excerpt":{"rendered":"<p>Fundada em 1896, a AHRESP (Associa\u00e7\u00e3o da Hotelaria, Restaura\u00e7\u00e3o e Similares de Portugal) surgiu da fus\u00e3o da AIHP e da ARESTA em 2008. Com 15 delega\u00e7\u00f5es em Portugal Continental e A\u00e7ores, e brevemente em Braga e Funchal, a AHRESP \u00e9 essencial para os empres\u00e1rios do setor, afirma Carlos Moura, presidente&hellip;<\/p>\n","protected":false},"author":18,"featured_media":9851,"comment_status":"closed","ping_status":"open","sticky":false,"template":"","format":"standard","meta":{"advgb_blocks_editor_width":"","advgb_blocks_columns_visual_guide":"","_monsterinsights_skip_tracking":false,"_monsterinsights_sitenote_active":false,"_monsterinsights_sitenote_note":"","_monsterinsights_sitenote_category":0,"footnotes":""},"categories":[52,51],"tags":[1020,467,277,64],"class_list":["post-9847","post","type-post","status-publish","format-standard","has-post-thumbnail","hentry","category-destaque","category-opiniao","tag-ahresp","tag-hotelaria","tag-restauracao","tag-turismo"],"yoast_head":"<!-- This site is optimized with the Yoast SEO plugin v24.4 - https:\/\/yoast.com\/wordpress\/plugins\/seo\/ -->\n<title>AHRESP: H\u00e1 128 anos a unir sabores e conforto em Portugal - Mais Magazine<\/title>\n<meta name=\"robots\" content=\"index, follow, max-snippet:-1, max-image-preview:large, max-video-preview:-1\" \/>\n<link rel=\"canonical\" href=\"https:\/\/maismagazine.pt\/index.php\/2024\/06\/28\/ahresp-ha-128-anos-a-unir-sabores-e-conforto-em-portugal\/\" \/>\n<meta property=\"og:locale\" content=\"pt_PT\" \/>\n<meta property=\"og:type\" content=\"article\" \/>\n<meta property=\"og:title\" content=\"AHRESP: H\u00e1 128 anos a unir sabores e conforto em Portugal - Mais Magazine\" \/>\n<meta property=\"og:description\" content=\"Fundada em 1896, a AHRESP (Associa\u00e7\u00e3o da Hotelaria, Restaura\u00e7\u00e3o e Similares de Portugal) surgiu da fus\u00e3o da AIHP e da ARESTA em 2008. Com 15 delega\u00e7\u00f5es em Portugal Continental e A\u00e7ores, e brevemente em Braga e Funchal, a AHRESP \u00e9 essencial para os empres\u00e1rios do setor, afirma Carlos Moura, presidente&hellip;\" \/>\n<meta property=\"og:url\" content=\"https:\/\/maismagazine.pt\/index.php\/2024\/06\/28\/ahresp-ha-128-anos-a-unir-sabores-e-conforto-em-portugal\/\" \/>\n<meta property=\"og:site_name\" content=\"Mais Magazine\" \/>\n<meta property=\"article:published_time\" content=\"2024-06-28T06:00:00+00:00\" \/>\n<meta property=\"og:image\" content=\"https:\/\/maismagazine.pt\/wp-content\/uploads\/2024\/06\/Carlos-Moura-Presidente-da-AHRESP.png\" \/>\n\t<meta property=\"og:image:width\" content=\"1200\" \/>\n\t<meta property=\"og:image:height\" content=\"800\" \/>\n\t<meta property=\"og:image:type\" content=\"image\/png\" \/>\n<meta name=\"author\" content=\"Tatiana Martins\" \/>\n<meta name=\"twitter:card\" content=\"summary_large_image\" \/>\n<meta name=\"twitter:label1\" content=\"Escrito por\" \/>\n\t<meta name=\"twitter:data1\" content=\"\" \/>\n\t<meta name=\"twitter:label2\" content=\"Tempo estimado de leitura\" \/>\n\t<meta name=\"twitter:data2\" content=\"5 minutos\" \/>\n<script type=\"application\/ld+json\" class=\"yoast-schema-graph\">{\"@context\":\"https:\/\/schema.org\",\"@graph\":[{\"@type\":\"Article\",\"@id\":\"https:\/\/maismagazine.pt\/index.php\/2024\/06\/28\/ahresp-ha-128-anos-a-unir-sabores-e-conforto-em-portugal\/#article\",\"isPartOf\":{\"@id\":\"https:\/\/maismagazine.pt\/index.php\/2024\/06\/28\/ahresp-ha-128-anos-a-unir-sabores-e-conforto-em-portugal\/\"},\"author\":{\"name\":\"Tatiana Martins\",\"@id\":\"http:\/\/maismagazine.pt\/#\/schema\/person\/7426e2caeb8df32a1b56aa48dae778c9\"},\"headline\":\"AHRESP: H\u00e1 128 anos a unir sabores e conforto em Portugal\",\"datePublished\":\"2024-06-28T06:00:00+00:00\",\"mainEntityOfPage\":{\"@id\":\"https:\/\/maismagazine.pt\/index.php\/2024\/06\/28\/ahresp-ha-128-anos-a-unir-sabores-e-conforto-em-portugal\/\"},\"wordCount\":784,\"publisher\":{\"@id\":\"http:\/\/maismagazine.pt\/#organization\"},\"image\":{\"@id\":\"https:\/\/maismagazine.pt\/index.php\/2024\/06\/28\/ahresp-ha-128-anos-a-unir-sabores-e-conforto-em-portugal\/#primaryimage\"},\"thumbnailUrl\":\"http:\/\/maismagazine.pt\/wp-content\/uploads\/2024\/06\/Carlos-Moura-Presidente-da-AHRESP.png\",\"keywords\":[\"AHRESP\",\"hotelaria\",\"restaura\u00e7\u00e3o\",\"Turismo\"],\"articleSection\":[\"Destaque lateral\",\"Opini\u00e3o\"],\"inLanguage\":\"pt-PT\"},{\"@type\":\"WebPage\",\"@id\":\"https:\/\/maismagazine.pt\/index.php\/2024\/06\/28\/ahresp-ha-128-anos-a-unir-sabores-e-conforto-em-portugal\/\",\"url\":\"https:\/\/maismagazine.pt\/index.php\/2024\/06\/28\/ahresp-ha-128-anos-a-unir-sabores-e-conforto-em-portugal\/\",\"name\":\"AHRESP: H\u00e1 128 anos a unir sabores e conforto em Portugal - Mais Magazine\",\"isPartOf\":{\"@id\":\"http:\/\/maismagazine.pt\/#website\"},\"primaryImageOfPage\":{\"@id\":\"https:\/\/maismagazine.pt\/index.php\/2024\/06\/28\/ahresp-ha-128-anos-a-unir-sabores-e-conforto-em-portugal\/#primaryimage\"},\"image\":{\"@id\":\"https:\/\/maismagazine.pt\/index.php\/2024\/06\/28\/ahresp-ha-128-anos-a-unir-sabores-e-conforto-em-portugal\/#primaryimage\"},\"thumbnailUrl\":\"http:\/\/maismagazine.pt\/wp-content\/uploads\/2024\/06\/Carlos-Moura-Presidente-da-AHRESP.png\",\"datePublished\":\"2024-06-28T06:00:00+00:00\",\"breadcrumb\":{\"@id\":\"https:\/\/maismagazine.pt\/index.php\/2024\/06\/28\/ahresp-ha-128-anos-a-unir-sabores-e-conforto-em-portugal\/#breadcrumb\"},\"inLanguage\":\"pt-PT\",\"potentialAction\":[{\"@type\":\"ReadAction\",\"target\":[\"https:\/\/maismagazine.pt\/index.php\/2024\/06\/28\/ahresp-ha-128-anos-a-unir-sabores-e-conforto-em-portugal\/\"]}]},{\"@type\":\"ImageObject\",\"inLanguage\":\"pt-PT\",\"@id\":\"https:\/\/maismagazine.pt\/index.php\/2024\/06\/28\/ahresp-ha-128-anos-a-unir-sabores-e-conforto-em-portugal\/#primaryimage\",\"url\":\"http:\/\/maismagazine.pt\/wp-content\/uploads\/2024\/06\/Carlos-Moura-Presidente-da-AHRESP.png\",\"contentUrl\":\"http:\/\/maismagazine.pt\/wp-content\/uploads\/2024\/06\/Carlos-Moura-Presidente-da-AHRESP.png\",\"width\":1200,\"height\":800},{\"@type\":\"BreadcrumbList\",\"@id\":\"https:\/\/maismagazine.pt\/index.php\/2024\/06\/28\/ahresp-ha-128-anos-a-unir-sabores-e-conforto-em-portugal\/#breadcrumb\",\"itemListElement\":[{\"@type\":\"ListItem\",\"position\":1,\"name\":\"Home\",\"item\":\"http:\/\/maismagazine.pt\/\"},{\"@type\":\"ListItem\",\"position\":2,\"name\":\"AHRESP: H\u00e1 128 anos a unir sabores e conforto em Portugal\"}]},{\"@type\":\"WebSite\",\"@id\":\"http:\/\/maismagazine.pt\/#website\",\"url\":\"http:\/\/maismagazine.pt\/\",\"name\":\"Mais Magazine\",\"description\":\"\",\"publisher\":{\"@id\":\"http:\/\/maismagazine.pt\/#organization\"},\"potentialAction\":[{\"@type\":\"SearchAction\",\"target\":{\"@type\":\"EntryPoint\",\"urlTemplate\":\"http:\/\/maismagazine.pt\/?s={search_term_string}\"},\"query-input\":{\"@type\":\"PropertyValueSpecification\",\"valueRequired\":true,\"valueName\":\"search_term_string\"}}],\"inLanguage\":\"pt-PT\"},{\"@type\":\"Organization\",\"@id\":\"http:\/\/maismagazine.pt\/#organization\",\"name\":\"Mais Magazine\",\"url\":\"http:\/\/maismagazine.pt\/\",\"logo\":{\"@type\":\"ImageObject\",\"inLanguage\":\"pt-PT\",\"@id\":\"http:\/\/maismagazine.pt\/#\/schema\/logo\/image\/\",\"url\":\"http:\/\/maismagazine.pt\/wp-content\/uploads\/2020\/04\/cropped-cropped-mais-magazine-site-logo-2.png\",\"contentUrl\":\"http:\/\/maismagazine.pt\/wp-content\/uploads\/2020\/04\/cropped-cropped-mais-magazine-site-logo-2.png\",\"width\":581,\"height\":90,\"caption\":\"Mais Magazine\"},\"image\":{\"@id\":\"http:\/\/maismagazine.pt\/#\/schema\/logo\/image\/\"}},{\"@type\":\"Person\",\"@id\":\"http:\/\/maismagazine.pt\/#\/schema\/person\/7426e2caeb8df32a1b56aa48dae778c9\",\"name\":\"Tatiana Martins\",\"image\":{\"@type\":\"ImageObject\",\"inLanguage\":\"pt-PT\",\"@id\":\"http:\/\/maismagazine.pt\/#\/schema\/person\/image\/\",\"url\":\"https:\/\/secure.gravatar.com\/avatar\/4b24a57f5d0425f2eb20981c4b53244e?s=96&d=mm&r=g\",\"contentUrl\":\"https:\/\/secure.gravatar.com\/avatar\/4b24a57f5d0425f2eb20981c4b53244e?s=96&d=mm&r=g\",\"caption\":\"Tatiana Martins\"},\"url\":\"http:\/\/maismagazine.pt\/index.php\/author\/tatiana\/\"}]}<\/script>\n<!-- \/ Yoast SEO plugin. -->","yoast_head_json":{"title":"AHRESP: H\u00e1 128 anos a unir sabores e conforto em Portugal - Mais Magazine","robots":{"index":"index","follow":"follow","max-snippet":"max-snippet:-1","max-image-preview":"max-image-preview:large","max-video-preview":"max-video-preview:-1"},"canonical":"https:\/\/maismagazine.pt\/index.php\/2024\/06\/28\/ahresp-ha-128-anos-a-unir-sabores-e-conforto-em-portugal\/","og_locale":"pt_PT","og_type":"article","og_title":"AHRESP: H\u00e1 128 anos a unir sabores e conforto em Portugal - Mais Magazine","og_description":"Fundada em 1896, a AHRESP (Associa\u00e7\u00e3o da Hotelaria, Restaura\u00e7\u00e3o e Similares de Portugal) surgiu da fus\u00e3o da AIHP e da ARESTA em 2008. Com 15 delega\u00e7\u00f5es em Portugal Continental e A\u00e7ores, e brevemente em Braga e Funchal, a AHRESP \u00e9 essencial para os empres\u00e1rios do setor, afirma Carlos Moura, presidente&hellip;","og_url":"https:\/\/maismagazine.pt\/index.php\/2024\/06\/28\/ahresp-ha-128-anos-a-unir-sabores-e-conforto-em-portugal\/","og_site_name":"Mais Magazine","article_published_time":"2024-06-28T06:00:00+00:00","og_image":[{"width":1200,"height":800,"url":"https:\/\/maismagazine.pt\/wp-content\/uploads\/2024\/06\/Carlos-Moura-Presidente-da-AHRESP.png","type":"image\/png"}],"author":"Tatiana Martins","twitter_card":"summary_large_image","twitter_misc":{"Escrito por":false,"Tempo estimado de leitura":"5 minutos"},"schema":{"@context":"https:\/\/schema.org","@graph":[{"@type":"Article","@id":"https:\/\/maismagazine.pt\/index.php\/2024\/06\/28\/ahresp-ha-128-anos-a-unir-sabores-e-conforto-em-portugal\/#article","isPartOf":{"@id":"https:\/\/maismagazine.pt\/index.php\/2024\/06\/28\/ahresp-ha-128-anos-a-unir-sabores-e-conforto-em-portugal\/"},"author":{"name":"Tatiana Martins","@id":"http:\/\/maismagazine.pt\/#\/schema\/person\/7426e2caeb8df32a1b56aa48dae778c9"},"headline":"AHRESP: H\u00e1 128 anos a unir sabores e conforto em Portugal","datePublished":"2024-06-28T06:00:00+00:00","mainEntityOfPage":{"@id":"https:\/\/maismagazine.pt\/index.php\/2024\/06\/28\/ahresp-ha-128-anos-a-unir-sabores-e-conforto-em-portugal\/"},"wordCount":784,"publisher":{"@id":"http:\/\/maismagazine.pt\/#organization"},"image":{"@id":"https:\/\/maismagazine.pt\/index.php\/2024\/06\/28\/ahresp-ha-128-anos-a-unir-sabores-e-conforto-em-portugal\/#primaryimage"},"thumbnailUrl":"http:\/\/maismagazine.pt\/wp-content\/uploads\/2024\/06\/Carlos-Moura-Presidente-da-AHRESP.png","keywords":["AHRESP","hotelaria","restaura\u00e7\u00e3o","Turismo"],"articleSection":["Destaque lateral","Opini\u00e3o"],"inLanguage":"pt-PT"},{"@type":"WebPage","@id":"https:\/\/maismagazine.pt\/index.php\/2024\/06\/28\/ahresp-ha-128-anos-a-unir-sabores-e-conforto-em-portugal\/","url":"https:\/\/maismagazine.pt\/index.php\/2024\/06\/28\/ahresp-ha-128-anos-a-unir-sabores-e-conforto-em-portugal\/","name":"AHRESP: H\u00e1 128 anos a unir sabores e conforto em Portugal - Mais Magazine","isPartOf":{"@id":"http:\/\/maismagazine.pt\/#website"},"primaryImageOfPage":{"@id":"https:\/\/maismagazine.pt\/index.php\/2024\/06\/28\/ahresp-ha-128-anos-a-unir-sabores-e-conforto-em-portugal\/#primaryimage"},"image":{"@id":"https:\/\/maismagazine.pt\/index.php\/2024\/06\/28\/ahresp-ha-128-anos-a-unir-sabores-e-conforto-em-portugal\/#primaryimage"},"thumbnailUrl":"http:\/\/maismagazine.pt\/wp-content\/uploads\/2024\/06\/Carlos-Moura-Presidente-da-AHRESP.png","datePublished":"2024-06-28T06:00:00+00:00","breadcrumb":{"@id":"https:\/\/maismagazine.pt\/index.php\/2024\/06\/28\/ahresp-ha-128-anos-a-unir-sabores-e-conforto-em-portugal\/#breadcrumb"},"inLanguage":"pt-PT","potentialAction":[{"@type":"ReadAction","target":["https:\/\/maismagazine.pt\/index.php\/2024\/06\/28\/ahresp-ha-128-anos-a-unir-sabores-e-conforto-em-portugal\/"]}]},{"@type":"ImageObject","inLanguage":"pt-PT","@id":"https:\/\/maismagazine.pt\/index.php\/2024\/06\/28\/ahresp-ha-128-anos-a-unir-sabores-e-conforto-em-portugal\/#primaryimage","url":"http:\/\/maismagazine.pt\/wp-content\/uploads\/2024\/06\/Carlos-Moura-Presidente-da-AHRESP.png","contentUrl":"http:\/\/maismagazine.pt\/wp-content\/uploads\/2024\/06\/Carlos-Moura-Presidente-da-AHRESP.png","width":1200,"height":800},{"@type":"BreadcrumbList","@id":"https:\/\/maismagazine.pt\/index.php\/2024\/06\/28\/ahresp-ha-128-anos-a-unir-sabores-e-conforto-em-portugal\/#breadcrumb","itemListElement":[{"@type":"ListItem","position":1,"name":"Home","item":"http:\/\/maismagazine.pt\/"},{"@type":"ListItem","position":2,"name":"AHRESP: H\u00e1 128 anos a unir sabores e conforto em Portugal"}]},{"@type":"WebSite","@id":"http:\/\/maismagazine.pt\/#website","url":"http:\/\/maismagazine.pt\/","name":"Mais Magazine","description":"","publisher":{"@id":"http:\/\/maismagazine.pt\/#organization"},"potentialAction":[{"@type":"SearchAction","target":{"@type":"EntryPoint","urlTemplate":"http:\/\/maismagazine.pt\/?s={search_term_string}"},"query-input":{"@type":"PropertyValueSpecification","valueRequired":true,"valueName":"search_term_string"}}],"inLanguage":"pt-PT"},{"@type":"Organization","@id":"http:\/\/maismagazine.pt\/#organization","name":"Mais Magazine","url":"http:\/\/maismagazine.pt\/","logo":{"@type":"ImageObject","inLanguage":"pt-PT","@id":"http:\/\/maismagazine.pt\/#\/schema\/logo\/image\/","url":"http:\/\/maismagazine.pt\/wp-content\/uploads\/2020\/04\/cropped-cropped-mais-magazine-site-logo-2.png","contentUrl":"http:\/\/maismagazine.pt\/wp-content\/uploads\/2020\/04\/cropped-cropped-mais-magazine-site-logo-2.png","width":581,"height":90,"caption":"Mais Magazine"},"image":{"@id":"http:\/\/maismagazine.pt\/#\/schema\/logo\/image\/"}},{"@type":"Person","@id":"http:\/\/maismagazine.pt\/#\/schema\/person\/7426e2caeb8df32a1b56aa48dae778c9","name":"Tatiana Martins","image":{"@type":"ImageObject","inLanguage":"pt-PT","@id":"http:\/\/maismagazine.pt\/#\/schema\/person\/image\/","url":"https:\/\/secure.gravatar.com\/avatar\/4b24a57f5d0425f2eb20981c4b53244e?s=96&d=mm&r=g","contentUrl":"https:\/\/secure.gravatar.com\/avatar\/4b24a57f5d0425f2eb20981c4b53244e?s=96&d=mm&r=g","caption":"Tatiana Martins"},"url":"http:\/\/maismagazine.pt\/index.php\/author\/tatiana\/"}]}},"author_meta":{"display_name":false,"author_link":"http:\/\/maismagazine.pt\/index.php\/author\/tatiana\/"},"featured_img":"http:\/\/maismagazine.pt\/wp-content\/uploads\/2024\/06\/Carlos-Moura-Presidente-da-AHRESP-300x200.png","coauthors":[],"tax_additional":{"categories":{"linked":["<a href=\"http:\/\/maismagazine.pt\/index.php\/category\/destaque\/\" class=\"advgb-post-tax-term\">Destaque lateral<\/a>","<a href=\"http:\/\/maismagazine.pt\/index.php\/category\/noticias\/opiniao\/\" class=\"advgb-post-tax-term\">Opini\u00e3o<\/a>"],"unlinked":["<span class=\"advgb-post-tax-term\">Destaque lateral<\/span>","<span class=\"advgb-post-tax-term\">Opini\u00e3o<\/span>"]},"tags":{"linked":["<a href=\"http:\/\/maismagazine.pt\/index.php\/category\/noticias\/opiniao\/\" class=\"advgb-post-tax-term\">AHRESP<\/a>","<a href=\"http:\/\/maismagazine.pt\/index.php\/category\/noticias\/opiniao\/\" class=\"advgb-post-tax-term\">hotelaria<\/a>","<a href=\"http:\/\/maismagazine.pt\/index.php\/category\/noticias\/opiniao\/\" class=\"advgb-post-tax-term\">restaura\u00e7\u00e3o<\/a>","<a href=\"http:\/\/maismagazine.pt\/index.php\/category\/noticias\/opiniao\/\" class=\"advgb-post-tax-term\">Turismo<\/a>"],"unlinked":["<span class=\"advgb-post-tax-term\">AHRESP<\/span>","<span class=\"advgb-post-tax-term\">hotelaria<\/span>","<span class=\"advgb-post-tax-term\">restaura\u00e7\u00e3o<\/span>","<span class=\"advgb-post-tax-term\">Turismo<\/span>"]}},"comment_count":"0","relative_dates":{"created":"Posted 2 anos ago","modified":"Updated 2 anos ago"},"absolute_dates":{"created":"Posted on 28 de Junho, 2024","modified":"Updated on 25 de Junho, 2024"},"absolute_dates_time":{"created":"Posted on 28 de Junho, 2024 7:00","modified":"Updated on 25 de Junho, 2024 15:19"},"featured_img_caption":"","series_order":"","_links":{"self":[{"href":"http:\/\/maismagazine.pt\/index.php\/wp-json\/wp\/v2\/posts\/9847","targetHints":{"allow":["GET"]}}],"collection":[{"href":"http:\/\/maismagazine.pt\/index.php\/wp-json\/wp\/v2\/posts"}],"about":[{"href":"http:\/\/maismagazine.pt\/index.php\/wp-json\/wp\/v2\/types\/post"}],"author":[{"embeddable":true,"href":"http:\/\/maismagazine.pt\/index.php\/wp-json\/wp\/v2\/users\/18"}],"replies":[{"embeddable":true,"href":"http:\/\/maismagazine.pt\/index.php\/wp-json\/wp\/v2\/comments?post=9847"}],"version-history":[{"count":2,"href":"http:\/\/maismagazine.pt\/index.php\/wp-json\/wp\/v2\/posts\/9847\/revisions"}],"predecessor-version":[{"id":9889,"href":"http:\/\/maismagazine.pt\/index.php\/wp-json\/wp\/v2\/posts\/9847\/revisions\/9889"}],"wp:featuredmedia":[{"embeddable":true,"href":"http:\/\/maismagazine.pt\/index.php\/wp-json\/wp\/v2\/media\/9851"}],"wp:attachment":[{"href":"http:\/\/maismagazine.pt\/index.php\/wp-json\/wp\/v2\/media?parent=9847"}],"wp:term":[{"taxonomy":"category","embeddable":true,"href":"http:\/\/maismagazine.pt\/index.php\/wp-json\/wp\/v2\/categories?post=9847"},{"taxonomy":"post_tag","embeddable":true,"href":"http:\/\/maismagazine.pt\/index.php\/wp-json\/wp\/v2\/tags?post=9847"}],"curies":[{"name":"wp","href":"https:\/\/api.w.org\/{rel}","templated":true}]}}