{"id":9837,"date":"2024-06-28T07:00:00","date_gmt":"2024-06-28T06:00:00","guid":{"rendered":"https:\/\/maismagazine.pt\/?p=9837"},"modified":"2024-06-25T15:20:52","modified_gmt":"2024-06-25T14:20:52","slug":"a-gastronomia-da-regiao-de-lisboa-e-um-patrimonio-de-todos-os-dias","status":"publish","type":"post","link":"http:\/\/maismagazine.pt\/index.php\/2024\/06\/28\/a-gastronomia-da-regiao-de-lisboa-e-um-patrimonio-de-todos-os-dias\/","title":{"rendered":"A gastronomia da Regi\u00e3o de Lisboa \u00e9 um patrim\u00f3nio de todos os dias"},"content":{"rendered":"\n<p>Um patrim\u00f3nio que se assume e, em certo sentido, se reinventa na fam\u00edlia, nos restaurantes, nos eventos gastron\u00f3micos, nas escolas de hotelaria, nas reflex\u00f5es gastron\u00f3micas e, essencialmente, no comer portugu\u00eas do dia a dia.<\/p>\n\n\n\n<p><\/p>\n\n\n\n<p>Hoje, Lisboa \u00e9 um destino de sonho para gourmets, amantes do vinho, cr\u00edticos e curiosos. Dos restaurantes de autor \u00e0s tascas centen\u00e1rias, h\u00e1 sempre uma mesa posta \u00e0 sua espera. O famoso bacalhau (bacalhau salgado), nas suas v\u00e1rias formas, \u00e9 imperd\u00edvel. Os mariscos e o peixe fresco trazem o Atl\u00e2ntico para o prato de forma sofisticada ou diretamente da grelha. E os caf\u00e9s, onde tantos escritores portugueses se reuniram, t\u00eam mesas ao ar livre com vistas deslumbrantes, horas infind\u00e1veis de sol encantador e, cada vez mais, interessantes cartas de vinhos para conhecer uma das maiores riquezas de Portugal e, muito em particular, das Regi\u00f5es Vin\u00edcolas de Lisboa.<\/p>\n\n\n\n<p><\/p>\n\n\n\n<p>Na gastronomia de Lisboa o Litoral e interior encontram-se. O peixe e o marisco trazem o mar para o modo de comer e o tempero do mundo rural invade os pratos e desafia o paladar. A paisagem mar\u00edtima, de Mafra a Sesimbra, simultaneamente imponente e delicada, \u00e9 ber\u00e7o de uma gastronomia rica em peixes e mariscos degustados nas esplanadas solarengas das cidades e vilas. Uma costa que completa a cidade. Uma rela\u00e7\u00e3o m\u00fatua que torna Lisboa ainda mais Atl\u00e2ntica a come\u00e7ar pela gastronomia. Lisboa cidade dos encontros gastron\u00f3micos, onde um pa\u00eds inteiro se pode encontrar \u00e0 mesa, n\u00e3o se esgota apenas nos aromas e sabores marinhos.<\/p>\n\n\n\n<p><\/p>\n\n\n\n<p>A proximidade \u00e0s lez\u00edrias do Ribatejo e \u00e0s grandes herdades do Vale do Tejo s\u00e3o origem de carnes que o saber popular desde cedo acolheu \u00e0 mesa. Do Alentejo vieram outras influ\u00eancias, trazidas por quem veio perseguindo sonhos, e das quais as a\u00e7ordas e as migas s\u00e3o apenas exemplos. Associada \u00e0 gastronomia marca a tradi\u00e7\u00e3o, que importa preservar, de saber beber e apreciar um bom vinho. Dois mil anos de cultivo definiram Lisboa como regi\u00e3o vin\u00edcola, quer em Bucelas, Carcavelos e Colares quer na Pen\u00ednsula de Set\u00fabal. Duas Rotas de Vinhos atravessam a Regi\u00e3o de Lisboa. Dois percursos que come\u00e7am no Enoturismo e remetem, naturalmente, para a gastronomia.<\/p>\n\n\n\n<p><\/p>\n\n\n\n<p>Na Regi\u00e3o de Lisboa o que comemos \u00e9 uma identidade. O que comemos \u00e9 afinal um mundo. A gastronomia urbana de Lisboa, as sardinhas, o espadarte e o peixe-espada preto do Atl\u00e2ntico, o s\u00e1vel e as enguias do Tejo, os salmonetes do Sado. Past\u00e9is de nata, tortas de Azeit\u00e3o, queijadas de Sintra ou foga\u00e7as s\u00e3o apenas alguns dos muitos doces que a do\u00e7aria da regi\u00e3o tem para oferecer. Quanto aos past\u00e9is de nata, correram mundo e tornaram-se os nossos embaixadores. Do Tejo para o mundo. Talvez esse percurso se fa\u00e7a comum na nossa rica gastronomia. Na Regi\u00e3o de Lisboa a ementa inclui a cidade capital, o Atl\u00e2ntico, dois rios, o Tejo e o Sado, as suas margens, as serras de Sintra e da Arr\u00e1bida e em todos estes espa\u00e7os possibilidades gastron\u00f3micas a n\u00e3o perder.<\/p>\n\n\n\n<p><\/p>\n\n\n\n<p>Conhecer a Regi\u00e3o de Lisboa \u00e9 tamb\u00e9m experimentar e guardar na mem\u00f3ria os imensos paladares que sugerem f\u00e9rias e fins de semana.<\/p>\n\n\n\n<p><\/p>\n\n\n\n<p>Venha experiment\u00e1-los&#8230;<\/p>\n\n\n\n<p><\/p>\n\n\n\n<p><em>Carla Salsinha, Presidente da <a href=\"https:\/\/www.ertlisboa.pt\/\">Entidade Regional de Turismo da Regi\u00e3o de Lisboa<\/a> (ERT-RL )<\/em><\/p>\n\n\n\n<p><\/p>\n\n\n<div class=\"wp-block-image\">\n<figure class=\"aligncenter size-full is-resized\"><img loading=\"lazy\" decoding=\"async\" width=\"300\" height=\"97\" src=\"https:\/\/maismagazine.pt\/wp-content\/uploads\/2024\/06\/Logo-ERTRL-300x97-1.png\" alt=\"\" class=\"wp-image-9845\" style=\"aspect-ratio:3.0927835051546393;width:411px;height:auto\"\/><\/figure><\/div>","protected":false},"excerpt":{"rendered":"<p>Um patrim\u00f3nio que se assume e, em certo sentido, se reinventa na fam\u00edlia, nos restaurantes, nos eventos gastron\u00f3micos, nas escolas de hotelaria, nas reflex\u00f5es gastron\u00f3micas e, essencialmente, no comer portugu\u00eas do dia a dia. Hoje, Lisboa \u00e9 um destino de sonho para gourmets, amantes do vinho, cr\u00edticos e curiosos. Dos&hellip;<\/p>\n","protected":false},"author":18,"featured_media":9844,"comment_status":"closed","ping_status":"open","sticky":false,"template":"","format":"standard","meta":{"advgb_blocks_editor_width":"","advgb_blocks_columns_visual_guide":"","_monsterinsights_skip_tracking":false,"_monsterinsights_sitenote_active":false,"_monsterinsights_sitenote_note":"","_monsterinsights_sitenote_category":0,"footnotes":""},"categories":[52,51],"tags":[2016,283,119,64],"class_list":["post-9837","post","type-post","status-publish","format-standard","has-post-thumbnail","hentry","category-destaque","category-opiniao","tag-entidade-regional-de-turismo-da-regiao-de-lisboa","tag-gastronomia","tag-lisboa","tag-turismo"],"yoast_head":"<!-- This site is optimized with the Yoast SEO plugin v24.4 - https:\/\/yoast.com\/wordpress\/plugins\/seo\/ -->\n<title>A gastronomia da Regi\u00e3o de Lisboa \u00e9 um patrim\u00f3nio de todos os dias - Mais Magazine<\/title>\n<meta name=\"robots\" content=\"index, follow, max-snippet:-1, max-image-preview:large, max-video-preview:-1\" \/>\n<link rel=\"canonical\" href=\"http:\/\/maismagazine.pt\/index.php\/2024\/06\/28\/a-gastronomia-da-regiao-de-lisboa-e-um-patrimonio-de-todos-os-dias\/\" \/>\n<meta property=\"og:locale\" content=\"pt_PT\" \/>\n<meta property=\"og:type\" content=\"article\" \/>\n<meta property=\"og:title\" content=\"A gastronomia da Regi\u00e3o de Lisboa \u00e9 um patrim\u00f3nio de todos os dias - Mais Magazine\" \/>\n<meta property=\"og:description\" content=\"Um patrim\u00f3nio que se assume e, em certo sentido, se reinventa na fam\u00edlia, nos restaurantes, nos eventos gastron\u00f3micos, nas escolas de hotelaria, nas reflex\u00f5es gastron\u00f3micas e, essencialmente, no comer portugu\u00eas do dia a dia. Hoje, Lisboa \u00e9 um destino de sonho para gourmets, amantes do vinho, cr\u00edticos e curiosos. Dos&hellip;\" \/>\n<meta property=\"og:url\" content=\"http:\/\/maismagazine.pt\/index.php\/2024\/06\/28\/a-gastronomia-da-regiao-de-lisboa-e-um-patrimonio-de-todos-os-dias\/\" \/>\n<meta property=\"og:site_name\" content=\"Mais Magazine\" \/>\n<meta property=\"article:published_time\" content=\"2024-06-28T06:00:00+00:00\" \/>\n<meta property=\"og:image\" content=\"http:\/\/maismagazine.pt\/wp-content\/uploads\/2024\/06\/Carla-Salsinha-Presidente-da-Entidade-Regional-de-Turismo-da-Regiao-de-Lisboa-ERT-RL.jpg\" \/>\n\t<meta property=\"og:image:width\" content=\"1357\" \/>\n\t<meta property=\"og:image:height\" content=\"2000\" \/>\n\t<meta property=\"og:image:type\" content=\"image\/jpeg\" \/>\n<meta name=\"author\" content=\"Tatiana Martins\" \/>\n<meta name=\"twitter:card\" content=\"summary_large_image\" \/>\n<meta name=\"twitter:label1\" content=\"Escrito por\" \/>\n\t<meta name=\"twitter:data1\" content=\"\" \/>\n\t<meta name=\"twitter:label2\" content=\"Tempo estimado de leitura\" \/>\n\t<meta name=\"twitter:data2\" content=\"4 minutos\" \/>\n<script type=\"application\/ld+json\" class=\"yoast-schema-graph\">{\"@context\":\"https:\/\/schema.org\",\"@graph\":[{\"@type\":\"Article\",\"@id\":\"http:\/\/maismagazine.pt\/index.php\/2024\/06\/28\/a-gastronomia-da-regiao-de-lisboa-e-um-patrimonio-de-todos-os-dias\/#article\",\"isPartOf\":{\"@id\":\"http:\/\/maismagazine.pt\/index.php\/2024\/06\/28\/a-gastronomia-da-regiao-de-lisboa-e-um-patrimonio-de-todos-os-dias\/\"},\"author\":{\"name\":\"Tatiana Martins\",\"@id\":\"http:\/\/maismagazine.pt\/#\/schema\/person\/7426e2caeb8df32a1b56aa48dae778c9\"},\"headline\":\"A gastronomia da Regi\u00e3o de Lisboa \u00e9 um patrim\u00f3nio de todos os dias\",\"datePublished\":\"2024-06-28T06:00:00+00:00\",\"mainEntityOfPage\":{\"@id\":\"http:\/\/maismagazine.pt\/index.php\/2024\/06\/28\/a-gastronomia-da-regiao-de-lisboa-e-um-patrimonio-de-todos-os-dias\/\"},\"wordCount\":590,\"publisher\":{\"@id\":\"http:\/\/maismagazine.pt\/#organization\"},\"image\":{\"@id\":\"http:\/\/maismagazine.pt\/index.php\/2024\/06\/28\/a-gastronomia-da-regiao-de-lisboa-e-um-patrimonio-de-todos-os-dias\/#primaryimage\"},\"thumbnailUrl\":\"http:\/\/maismagazine.pt\/wp-content\/uploads\/2024\/06\/Carla-Salsinha-Presidente-da-Entidade-Regional-de-Turismo-da-Regiao-de-Lisboa-ERT-RL.jpg\",\"keywords\":[\"Entidade Regional de Turismo da Regi\u00e3o de Lisboa\",\"Gastronomia\",\"Lisboa\",\"Turismo\"],\"articleSection\":[\"Destaque lateral\",\"Opini\u00e3o\"],\"inLanguage\":\"pt-PT\"},{\"@type\":\"WebPage\",\"@id\":\"http:\/\/maismagazine.pt\/index.php\/2024\/06\/28\/a-gastronomia-da-regiao-de-lisboa-e-um-patrimonio-de-todos-os-dias\/\",\"url\":\"http:\/\/maismagazine.pt\/index.php\/2024\/06\/28\/a-gastronomia-da-regiao-de-lisboa-e-um-patrimonio-de-todos-os-dias\/\",\"name\":\"A gastronomia da Regi\u00e3o de Lisboa \u00e9 um patrim\u00f3nio de todos os dias - Mais Magazine\",\"isPartOf\":{\"@id\":\"http:\/\/maismagazine.pt\/#website\"},\"primaryImageOfPage\":{\"@id\":\"http:\/\/maismagazine.pt\/index.php\/2024\/06\/28\/a-gastronomia-da-regiao-de-lisboa-e-um-patrimonio-de-todos-os-dias\/#primaryimage\"},\"image\":{\"@id\":\"http:\/\/maismagazine.pt\/index.php\/2024\/06\/28\/a-gastronomia-da-regiao-de-lisboa-e-um-patrimonio-de-todos-os-dias\/#primaryimage\"},\"thumbnailUrl\":\"http:\/\/maismagazine.pt\/wp-content\/uploads\/2024\/06\/Carla-Salsinha-Presidente-da-Entidade-Regional-de-Turismo-da-Regiao-de-Lisboa-ERT-RL.jpg\",\"datePublished\":\"2024-06-28T06:00:00+00:00\",\"breadcrumb\":{\"@id\":\"http:\/\/maismagazine.pt\/index.php\/2024\/06\/28\/a-gastronomia-da-regiao-de-lisboa-e-um-patrimonio-de-todos-os-dias\/#breadcrumb\"},\"inLanguage\":\"pt-PT\",\"potentialAction\":[{\"@type\":\"ReadAction\",\"target\":[\"http:\/\/maismagazine.pt\/index.php\/2024\/06\/28\/a-gastronomia-da-regiao-de-lisboa-e-um-patrimonio-de-todos-os-dias\/\"]}]},{\"@type\":\"ImageObject\",\"inLanguage\":\"pt-PT\",\"@id\":\"http:\/\/maismagazine.pt\/index.php\/2024\/06\/28\/a-gastronomia-da-regiao-de-lisboa-e-um-patrimonio-de-todos-os-dias\/#primaryimage\",\"url\":\"http:\/\/maismagazine.pt\/wp-content\/uploads\/2024\/06\/Carla-Salsinha-Presidente-da-Entidade-Regional-de-Turismo-da-Regiao-de-Lisboa-ERT-RL.jpg\",\"contentUrl\":\"http:\/\/maismagazine.pt\/wp-content\/uploads\/2024\/06\/Carla-Salsinha-Presidente-da-Entidade-Regional-de-Turismo-da-Regiao-de-Lisboa-ERT-RL.jpg\",\"width\":1357,\"height\":2000},{\"@type\":\"BreadcrumbList\",\"@id\":\"http:\/\/maismagazine.pt\/index.php\/2024\/06\/28\/a-gastronomia-da-regiao-de-lisboa-e-um-patrimonio-de-todos-os-dias\/#breadcrumb\",\"itemListElement\":[{\"@type\":\"ListItem\",\"position\":1,\"name\":\"Home\",\"item\":\"http:\/\/maismagazine.pt\/\"},{\"@type\":\"ListItem\",\"position\":2,\"name\":\"A gastronomia da Regi\u00e3o de Lisboa \u00e9 um patrim\u00f3nio de todos os dias\"}]},{\"@type\":\"WebSite\",\"@id\":\"http:\/\/maismagazine.pt\/#website\",\"url\":\"http:\/\/maismagazine.pt\/\",\"name\":\"Mais Magazine\",\"description\":\"\",\"publisher\":{\"@id\":\"http:\/\/maismagazine.pt\/#organization\"},\"potentialAction\":[{\"@type\":\"SearchAction\",\"target\":{\"@type\":\"EntryPoint\",\"urlTemplate\":\"http:\/\/maismagazine.pt\/?s={search_term_string}\"},\"query-input\":{\"@type\":\"PropertyValueSpecification\",\"valueRequired\":true,\"valueName\":\"search_term_string\"}}],\"inLanguage\":\"pt-PT\"},{\"@type\":\"Organization\",\"@id\":\"http:\/\/maismagazine.pt\/#organization\",\"name\":\"Mais Magazine\",\"url\":\"http:\/\/maismagazine.pt\/\",\"logo\":{\"@type\":\"ImageObject\",\"inLanguage\":\"pt-PT\",\"@id\":\"http:\/\/maismagazine.pt\/#\/schema\/logo\/image\/\",\"url\":\"http:\/\/maismagazine.pt\/wp-content\/uploads\/2020\/04\/cropped-cropped-mais-magazine-site-logo-2.png\",\"contentUrl\":\"http:\/\/maismagazine.pt\/wp-content\/uploads\/2020\/04\/cropped-cropped-mais-magazine-site-logo-2.png\",\"width\":581,\"height\":90,\"caption\":\"Mais Magazine\"},\"image\":{\"@id\":\"http:\/\/maismagazine.pt\/#\/schema\/logo\/image\/\"}},{\"@type\":\"Person\",\"@id\":\"http:\/\/maismagazine.pt\/#\/schema\/person\/7426e2caeb8df32a1b56aa48dae778c9\",\"name\":\"Tatiana Martins\",\"image\":{\"@type\":\"ImageObject\",\"inLanguage\":\"pt-PT\",\"@id\":\"http:\/\/maismagazine.pt\/#\/schema\/person\/image\/\",\"url\":\"https:\/\/secure.gravatar.com\/avatar\/4b24a57f5d0425f2eb20981c4b53244e?s=96&d=mm&r=g\",\"contentUrl\":\"https:\/\/secure.gravatar.com\/avatar\/4b24a57f5d0425f2eb20981c4b53244e?s=96&d=mm&r=g\",\"caption\":\"Tatiana Martins\"},\"url\":\"http:\/\/maismagazine.pt\/index.php\/author\/tatiana\/\"}]}<\/script>\n<!-- \/ Yoast SEO plugin. -->","yoast_head_json":{"title":"A gastronomia da Regi\u00e3o de Lisboa \u00e9 um patrim\u00f3nio de todos os dias - Mais Magazine","robots":{"index":"index","follow":"follow","max-snippet":"max-snippet:-1","max-image-preview":"max-image-preview:large","max-video-preview":"max-video-preview:-1"},"canonical":"http:\/\/maismagazine.pt\/index.php\/2024\/06\/28\/a-gastronomia-da-regiao-de-lisboa-e-um-patrimonio-de-todos-os-dias\/","og_locale":"pt_PT","og_type":"article","og_title":"A gastronomia da Regi\u00e3o de Lisboa \u00e9 um patrim\u00f3nio de todos os dias - Mais Magazine","og_description":"Um patrim\u00f3nio que se assume e, em certo sentido, se reinventa na fam\u00edlia, nos restaurantes, nos eventos gastron\u00f3micos, nas escolas de hotelaria, nas reflex\u00f5es gastron\u00f3micas e, essencialmente, no comer portugu\u00eas do dia a dia. Hoje, Lisboa \u00e9 um destino de sonho para gourmets, amantes do vinho, cr\u00edticos e curiosos. Dos&hellip;","og_url":"http:\/\/maismagazine.pt\/index.php\/2024\/06\/28\/a-gastronomia-da-regiao-de-lisboa-e-um-patrimonio-de-todos-os-dias\/","og_site_name":"Mais Magazine","article_published_time":"2024-06-28T06:00:00+00:00","og_image":[{"width":1357,"height":2000,"url":"http:\/\/maismagazine.pt\/wp-content\/uploads\/2024\/06\/Carla-Salsinha-Presidente-da-Entidade-Regional-de-Turismo-da-Regiao-de-Lisboa-ERT-RL.jpg","type":"image\/jpeg"}],"author":"Tatiana Martins","twitter_card":"summary_large_image","twitter_misc":{"Escrito por":false,"Tempo estimado de leitura":"4 minutos"},"schema":{"@context":"https:\/\/schema.org","@graph":[{"@type":"Article","@id":"http:\/\/maismagazine.pt\/index.php\/2024\/06\/28\/a-gastronomia-da-regiao-de-lisboa-e-um-patrimonio-de-todos-os-dias\/#article","isPartOf":{"@id":"http:\/\/maismagazine.pt\/index.php\/2024\/06\/28\/a-gastronomia-da-regiao-de-lisboa-e-um-patrimonio-de-todos-os-dias\/"},"author":{"name":"Tatiana Martins","@id":"http:\/\/maismagazine.pt\/#\/schema\/person\/7426e2caeb8df32a1b56aa48dae778c9"},"headline":"A gastronomia da Regi\u00e3o de Lisboa \u00e9 um patrim\u00f3nio de todos os dias","datePublished":"2024-06-28T06:00:00+00:00","mainEntityOfPage":{"@id":"http:\/\/maismagazine.pt\/index.php\/2024\/06\/28\/a-gastronomia-da-regiao-de-lisboa-e-um-patrimonio-de-todos-os-dias\/"},"wordCount":590,"publisher":{"@id":"http:\/\/maismagazine.pt\/#organization"},"image":{"@id":"http:\/\/maismagazine.pt\/index.php\/2024\/06\/28\/a-gastronomia-da-regiao-de-lisboa-e-um-patrimonio-de-todos-os-dias\/#primaryimage"},"thumbnailUrl":"http:\/\/maismagazine.pt\/wp-content\/uploads\/2024\/06\/Carla-Salsinha-Presidente-da-Entidade-Regional-de-Turismo-da-Regiao-de-Lisboa-ERT-RL.jpg","keywords":["Entidade Regional de Turismo da Regi\u00e3o de Lisboa","Gastronomia","Lisboa","Turismo"],"articleSection":["Destaque lateral","Opini\u00e3o"],"inLanguage":"pt-PT"},{"@type":"WebPage","@id":"http:\/\/maismagazine.pt\/index.php\/2024\/06\/28\/a-gastronomia-da-regiao-de-lisboa-e-um-patrimonio-de-todos-os-dias\/","url":"http:\/\/maismagazine.pt\/index.php\/2024\/06\/28\/a-gastronomia-da-regiao-de-lisboa-e-um-patrimonio-de-todos-os-dias\/","name":"A gastronomia da Regi\u00e3o de Lisboa \u00e9 um patrim\u00f3nio de todos os dias - Mais Magazine","isPartOf":{"@id":"http:\/\/maismagazine.pt\/#website"},"primaryImageOfPage":{"@id":"http:\/\/maismagazine.pt\/index.php\/2024\/06\/28\/a-gastronomia-da-regiao-de-lisboa-e-um-patrimonio-de-todos-os-dias\/#primaryimage"},"image":{"@id":"http:\/\/maismagazine.pt\/index.php\/2024\/06\/28\/a-gastronomia-da-regiao-de-lisboa-e-um-patrimonio-de-todos-os-dias\/#primaryimage"},"thumbnailUrl":"http:\/\/maismagazine.pt\/wp-content\/uploads\/2024\/06\/Carla-Salsinha-Presidente-da-Entidade-Regional-de-Turismo-da-Regiao-de-Lisboa-ERT-RL.jpg","datePublished":"2024-06-28T06:00:00+00:00","breadcrumb":{"@id":"http:\/\/maismagazine.pt\/index.php\/2024\/06\/28\/a-gastronomia-da-regiao-de-lisboa-e-um-patrimonio-de-todos-os-dias\/#breadcrumb"},"inLanguage":"pt-PT","potentialAction":[{"@type":"ReadAction","target":["http:\/\/maismagazine.pt\/index.php\/2024\/06\/28\/a-gastronomia-da-regiao-de-lisboa-e-um-patrimonio-de-todos-os-dias\/"]}]},{"@type":"ImageObject","inLanguage":"pt-PT","@id":"http:\/\/maismagazine.pt\/index.php\/2024\/06\/28\/a-gastronomia-da-regiao-de-lisboa-e-um-patrimonio-de-todos-os-dias\/#primaryimage","url":"http:\/\/maismagazine.pt\/wp-content\/uploads\/2024\/06\/Carla-Salsinha-Presidente-da-Entidade-Regional-de-Turismo-da-Regiao-de-Lisboa-ERT-RL.jpg","contentUrl":"http:\/\/maismagazine.pt\/wp-content\/uploads\/2024\/06\/Carla-Salsinha-Presidente-da-Entidade-Regional-de-Turismo-da-Regiao-de-Lisboa-ERT-RL.jpg","width":1357,"height":2000},{"@type":"BreadcrumbList","@id":"http:\/\/maismagazine.pt\/index.php\/2024\/06\/28\/a-gastronomia-da-regiao-de-lisboa-e-um-patrimonio-de-todos-os-dias\/#breadcrumb","itemListElement":[{"@type":"ListItem","position":1,"name":"Home","item":"http:\/\/maismagazine.pt\/"},{"@type":"ListItem","position":2,"name":"A gastronomia da Regi\u00e3o de Lisboa \u00e9 um patrim\u00f3nio de todos os dias"}]},{"@type":"WebSite","@id":"http:\/\/maismagazine.pt\/#website","url":"http:\/\/maismagazine.pt\/","name":"Mais Magazine","description":"","publisher":{"@id":"http:\/\/maismagazine.pt\/#organization"},"potentialAction":[{"@type":"SearchAction","target":{"@type":"EntryPoint","urlTemplate":"http:\/\/maismagazine.pt\/?s={search_term_string}"},"query-input":{"@type":"PropertyValueSpecification","valueRequired":true,"valueName":"search_term_string"}}],"inLanguage":"pt-PT"},{"@type":"Organization","@id":"http:\/\/maismagazine.pt\/#organization","name":"Mais Magazine","url":"http:\/\/maismagazine.pt\/","logo":{"@type":"ImageObject","inLanguage":"pt-PT","@id":"http:\/\/maismagazine.pt\/#\/schema\/logo\/image\/","url":"http:\/\/maismagazine.pt\/wp-content\/uploads\/2020\/04\/cropped-cropped-mais-magazine-site-logo-2.png","contentUrl":"http:\/\/maismagazine.pt\/wp-content\/uploads\/2020\/04\/cropped-cropped-mais-magazine-site-logo-2.png","width":581,"height":90,"caption":"Mais Magazine"},"image":{"@id":"http:\/\/maismagazine.pt\/#\/schema\/logo\/image\/"}},{"@type":"Person","@id":"http:\/\/maismagazine.pt\/#\/schema\/person\/7426e2caeb8df32a1b56aa48dae778c9","name":"Tatiana Martins","image":{"@type":"ImageObject","inLanguage":"pt-PT","@id":"http:\/\/maismagazine.pt\/#\/schema\/person\/image\/","url":"https:\/\/secure.gravatar.com\/avatar\/4b24a57f5d0425f2eb20981c4b53244e?s=96&d=mm&r=g","contentUrl":"https:\/\/secure.gravatar.com\/avatar\/4b24a57f5d0425f2eb20981c4b53244e?s=96&d=mm&r=g","caption":"Tatiana Martins"},"url":"http:\/\/maismagazine.pt\/index.php\/author\/tatiana\/"}]}},"author_meta":{"display_name":false,"author_link":"http:\/\/maismagazine.pt\/index.php\/author\/tatiana\/"},"featured_img":"http:\/\/maismagazine.pt\/wp-content\/uploads\/2024\/06\/Carla-Salsinha-Presidente-da-Entidade-Regional-de-Turismo-da-Regiao-de-Lisboa-ERT-RL-204x300.jpg","coauthors":[],"tax_additional":{"categories":{"linked":["<a href=\"http:\/\/maismagazine.pt\/index.php\/category\/destaque\/\" class=\"advgb-post-tax-term\">Destaque lateral<\/a>","<a href=\"http:\/\/maismagazine.pt\/index.php\/category\/noticias\/opiniao\/\" class=\"advgb-post-tax-term\">Opini\u00e3o<\/a>"],"unlinked":["<span class=\"advgb-post-tax-term\">Destaque lateral<\/span>","<span class=\"advgb-post-tax-term\">Opini\u00e3o<\/span>"]},"tags":{"linked":["<a href=\"http:\/\/maismagazine.pt\/index.php\/category\/noticias\/opiniao\/\" class=\"advgb-post-tax-term\">Entidade Regional de Turismo da Regi\u00e3o de Lisboa<\/a>","<a href=\"http:\/\/maismagazine.pt\/index.php\/category\/noticias\/opiniao\/\" class=\"advgb-post-tax-term\">Gastronomia<\/a>","<a href=\"http:\/\/maismagazine.pt\/index.php\/category\/noticias\/opiniao\/\" class=\"advgb-post-tax-term\">Lisboa<\/a>","<a href=\"http:\/\/maismagazine.pt\/index.php\/category\/noticias\/opiniao\/\" class=\"advgb-post-tax-term\">Turismo<\/a>"],"unlinked":["<span class=\"advgb-post-tax-term\">Entidade Regional de Turismo da Regi\u00e3o de Lisboa<\/span>","<span class=\"advgb-post-tax-term\">Gastronomia<\/span>","<span class=\"advgb-post-tax-term\">Lisboa<\/span>","<span class=\"advgb-post-tax-term\">Turismo<\/span>"]}},"comment_count":"0","relative_dates":{"created":"Posted 2 anos ago","modified":"Updated 2 anos ago"},"absolute_dates":{"created":"Posted on 28 de Junho, 2024","modified":"Updated on 25 de Junho, 2024"},"absolute_dates_time":{"created":"Posted on 28 de Junho, 2024 7:00","modified":"Updated on 25 de Junho, 2024 15:20"},"featured_img_caption":"","series_order":"","_links":{"self":[{"href":"http:\/\/maismagazine.pt\/index.php\/wp-json\/wp\/v2\/posts\/9837","targetHints":{"allow":["GET"]}}],"collection":[{"href":"http:\/\/maismagazine.pt\/index.php\/wp-json\/wp\/v2\/posts"}],"about":[{"href":"http:\/\/maismagazine.pt\/index.php\/wp-json\/wp\/v2\/types\/post"}],"author":[{"embeddable":true,"href":"http:\/\/maismagazine.pt\/index.php\/wp-json\/wp\/v2\/users\/18"}],"replies":[{"embeddable":true,"href":"http:\/\/maismagazine.pt\/index.php\/wp-json\/wp\/v2\/comments?post=9837"}],"version-history":[{"count":2,"href":"http:\/\/maismagazine.pt\/index.php\/wp-json\/wp\/v2\/posts\/9837\/revisions"}],"predecessor-version":[{"id":9891,"href":"http:\/\/maismagazine.pt\/index.php\/wp-json\/wp\/v2\/posts\/9837\/revisions\/9891"}],"wp:featuredmedia":[{"embeddable":true,"href":"http:\/\/maismagazine.pt\/index.php\/wp-json\/wp\/v2\/media\/9844"}],"wp:attachment":[{"href":"http:\/\/maismagazine.pt\/index.php\/wp-json\/wp\/v2\/media?parent=9837"}],"wp:term":[{"taxonomy":"category","embeddable":true,"href":"http:\/\/maismagazine.pt\/index.php\/wp-json\/wp\/v2\/categories?post=9837"},{"taxonomy":"post_tag","embeddable":true,"href":"http:\/\/maismagazine.pt\/index.php\/wp-json\/wp\/v2\/tags?post=9837"}],"curies":[{"name":"wp","href":"https:\/\/api.w.org\/{rel}","templated":true}]}}