{"id":9818,"date":"2024-05-28T09:55:37","date_gmt":"2024-05-28T08:55:37","guid":{"rendered":"https:\/\/maismagazine.pt\/?p=9818"},"modified":"2024-05-28T09:55:37","modified_gmt":"2024-05-28T08:55:37","slug":"eventos-exclusivos-em-villa-alvor-celebre-com-vinhos-petiscos-e-musica-ao-por-do-sol","status":"publish","type":"post","link":"http:\/\/maismagazine.pt\/index.php\/2024\/05\/28\/eventos-exclusivos-em-villa-alvor-celebre-com-vinhos-petiscos-e-musica-ao-por-do-sol\/","title":{"rendered":"Eventos Exclusivos em Villa Alvor: Celebre com Vinhos, Petiscos e M\u00fasica ao P\u00f4r do Sol"},"content":{"rendered":"\n<p><strong>Villa Alvor tem o prazer de anunciar eventos imperd\u00edveis para os amantes de vinho e para aqueles que procuram uma experi\u00eancia \u00fanica e memor\u00e1vel no Algarve. Esteja preparado para desfrutar de momentos inesquec\u00edveis com vinhos de qualidade, deliciosos petiscos e m\u00fasica ao p\u00f4r do sol.<\/strong><\/p>\n\n\n\n<p><\/p>\n\n\n\n<p><strong>Sunset V\u00ednico: 09 de junho \u2013 29 de julho \u2013 23 de agosto de 2024<\/strong><\/p>\n\n\n\n<p>No pr\u00f3ximo dia 27 de abril, junte-se a n\u00f3s para um emocionante Sunset V\u00ednico em Villa Alvor. Desfrute de uma tarde relaxante e descontra\u00edda enquanto saboreia uma sele\u00e7\u00e3o de vinhos exclusivos da nossa regi\u00e3o, acompanhados pelos mais deliciosos petiscos algarvios. Complementando esta experi\u00eancia \u00fanica, teremos um DJ ao vivo para animar o ambiente e criar a atmosfera perfeita para celebrar a vida e a amizade.<\/p>\n\n\n\n<p><\/p>\n\n\n\n<p><strong>Sunset V\u00ednico de Encerramento de Ver\u00e3o: 20 de setembro de 2024<\/strong><\/p>\n\n\n\n<p>Para encerrar a esta\u00e7\u00e3o em grande estilo, reserve j\u00e1 na sua agenda o nosso Sunset V\u00ednico de Encerramento de Ver\u00e3o no dia 20 de setembro. Esta ser\u00e1 a oportunidade perfeita para desfrutar de uma \u00faltima tarde memor\u00e1vel com os melhores vinhos, petiscos e m\u00fasica ao p\u00f4r do sol.<\/p>\n\n\n\n<p><\/p>\n\n\n\n<p><strong>Sobre Villa Alvor: <\/strong>Villa Alvor \u00e9 um destino de elei\u00e7\u00e3o no Algarve, conhecido pela sua produ\u00e7\u00e3o de vinhos de alta qualidade e pelas experi\u00eancias v\u00ednicas \u00fanicas que proporciona aos seus visitantes. Localizado no cora\u00e7\u00e3o do Algarve, Villa Alvor \u00e9 o local perfeito para desfrutar de momentos de descontra\u00e7\u00e3o, boa gastronomia e vinhos excecionais.<\/p>\n\n\n\n<p><\/p>\n\n\n\n<p>Para reservar as experi\u00eancias, por favor entre em contacto com a equipa de Enoturismo. Reservas atrav\u00e9s do website www.provasbyaveleda.com, email enoturismo@villaalvor.pt ou telefone +351 282 476 866.<\/p>\n","protected":false},"excerpt":{"rendered":"<p>Villa Alvor tem o prazer de anunciar eventos imperd\u00edveis para os amantes de vinho e para aqueles que procuram uma experi\u00eancia \u00fanica e memor\u00e1vel no Algarve. Esteja preparado para desfrutar de momentos inesquec\u00edveis com vinhos de qualidade, deliciosos petiscos e m\u00fasica ao p\u00f4r do sol. Sunset V\u00ednico: 09 de junho&hellip;<\/p>\n","protected":false},"author":17,"featured_media":9821,"comment_status":"closed","ping_status":"open","sticky":false,"template":"","format":"standard","meta":{"advgb_blocks_editor_width":"","advgb_blocks_columns_visual_guide":"","_monsterinsights_skip_tracking":false,"_monsterinsights_sitenote_active":false,"_monsterinsights_sitenote_note":"","_monsterinsights_sitenote_category":0,"footnotes":""},"categories":[7],"tags":[2012],"class_list":["post-9818","post","type-post","status-publish","format-standard","has-post-thumbnail","hentry","category-noticias","tag-villa-alvor"],"yoast_head":"<!-- This site is optimized with the Yoast SEO plugin v24.4 - https:\/\/yoast.com\/wordpress\/plugins\/seo\/ -->\n<title>Eventos Exclusivos em Villa Alvor: Celebre com Vinhos, Petiscos e M\u00fasica ao P\u00f4r do Sol - Mais Magazine<\/title>\n<meta name=\"description\" content=\"Villa Alvor tem o prazer de anunciar eventos imperd\u00edveis para os amantes de vinho e para aqueles que procuram uma experi\u00eancia \u00fanica e memor\u00e1vel no Algarve. Esteja preparado para desfrutar de momentos inesquec\u00edveis com vinhos de qualidade, deliciosos petiscos e m\u00fasica ao p\u00f4r do sol.\" \/>\n<meta name=\"robots\" content=\"index, follow, max-snippet:-1, max-image-preview:large, max-video-preview:-1\" \/>\n<link rel=\"canonical\" href=\"https:\/\/maismagazine.pt\/index.php\/2024\/05\/28\/eventos-exclusivos-em-villa-alvor-celebre-com-vinhos-petiscos-e-musica-ao-por-do-sol\/\" \/>\n<meta property=\"og:locale\" content=\"pt_PT\" \/>\n<meta property=\"og:type\" content=\"article\" \/>\n<meta property=\"og:title\" content=\"Eventos Exclusivos em Villa Alvor: Celebre com Vinhos, Petiscos e M\u00fasica ao P\u00f4r do Sol - Mais Magazine\" \/>\n<meta property=\"og:description\" content=\"Villa Alvor tem o prazer de anunciar eventos imperd\u00edveis para os amantes de vinho e para aqueles que procuram uma experi\u00eancia \u00fanica e memor\u00e1vel no Algarve. Esteja preparado para desfrutar de momentos inesquec\u00edveis com vinhos de qualidade, deliciosos petiscos e m\u00fasica ao p\u00f4r do sol.\" \/>\n<meta property=\"og:url\" content=\"https:\/\/maismagazine.pt\/index.php\/2024\/05\/28\/eventos-exclusivos-em-villa-alvor-celebre-com-vinhos-petiscos-e-musica-ao-por-do-sol\/\" \/>\n<meta property=\"og:site_name\" content=\"Mais Magazine\" \/>\n<meta property=\"article:published_time\" content=\"2024-05-28T08:55:37+00:00\" \/>\n<meta property=\"og:image\" content=\"https:\/\/maismagazine.pt\/wp-content\/uploads\/2024\/05\/d-1.png\" \/>\n\t<meta property=\"og:image:width\" content=\"641\" \/>\n\t<meta property=\"og:image:height\" content=\"428\" \/>\n\t<meta property=\"og:image:type\" content=\"image\/png\" \/>\n<meta name=\"author\" content=\"Tiago Costa\" \/>\n<meta name=\"twitter:card\" content=\"summary_large_image\" \/>\n<meta name=\"twitter:label1\" content=\"Escrito por\" \/>\n\t<meta name=\"twitter:data1\" content=\"\" \/>\n\t<meta name=\"twitter:label2\" content=\"Tempo estimado de leitura\" \/>\n\t<meta name=\"twitter:data2\" content=\"2 minutos\" \/>\n<script type=\"application\/ld+json\" class=\"yoast-schema-graph\">{\"@context\":\"https:\/\/schema.org\",\"@graph\":[{\"@type\":\"Article\",\"@id\":\"https:\/\/maismagazine.pt\/index.php\/2024\/05\/28\/eventos-exclusivos-em-villa-alvor-celebre-com-vinhos-petiscos-e-musica-ao-por-do-sol\/#article\",\"isPartOf\":{\"@id\":\"https:\/\/maismagazine.pt\/index.php\/2024\/05\/28\/eventos-exclusivos-em-villa-alvor-celebre-com-vinhos-petiscos-e-musica-ao-por-do-sol\/\"},\"author\":{\"name\":\"Tiago Costa\",\"@id\":\"https:\/\/maismagazine.pt\/#\/schema\/person\/c6c5bfccc886434cbd11c74e035f9646\"},\"headline\":\"Eventos Exclusivos em Villa Alvor: Celebre com Vinhos, Petiscos e M\u00fasica ao P\u00f4r do Sol\",\"datePublished\":\"2024-05-28T08:55:37+00:00\",\"mainEntityOfPage\":{\"@id\":\"https:\/\/maismagazine.pt\/index.php\/2024\/05\/28\/eventos-exclusivos-em-villa-alvor-celebre-com-vinhos-petiscos-e-musica-ao-por-do-sol\/\"},\"wordCount\":299,\"publisher\":{\"@id\":\"https:\/\/maismagazine.pt\/#organization\"},\"image\":{\"@id\":\"https:\/\/maismagazine.pt\/index.php\/2024\/05\/28\/eventos-exclusivos-em-villa-alvor-celebre-com-vinhos-petiscos-e-musica-ao-por-do-sol\/#primaryimage\"},\"thumbnailUrl\":\"http:\/\/maismagazine.pt\/wp-content\/uploads\/2024\/05\/d-1.png\",\"keywords\":[\"Villa Alvor\"],\"articleSection\":[\"Not\u00edcias\"],\"inLanguage\":\"pt-PT\"},{\"@type\":\"WebPage\",\"@id\":\"https:\/\/maismagazine.pt\/index.php\/2024\/05\/28\/eventos-exclusivos-em-villa-alvor-celebre-com-vinhos-petiscos-e-musica-ao-por-do-sol\/\",\"url\":\"https:\/\/maismagazine.pt\/index.php\/2024\/05\/28\/eventos-exclusivos-em-villa-alvor-celebre-com-vinhos-petiscos-e-musica-ao-por-do-sol\/\",\"name\":\"Eventos Exclusivos em Villa Alvor: Celebre com Vinhos, Petiscos e M\u00fasica ao P\u00f4r do Sol - Mais Magazine\",\"isPartOf\":{\"@id\":\"https:\/\/maismagazine.pt\/#website\"},\"primaryImageOfPage\":{\"@id\":\"https:\/\/maismagazine.pt\/index.php\/2024\/05\/28\/eventos-exclusivos-em-villa-alvor-celebre-com-vinhos-petiscos-e-musica-ao-por-do-sol\/#primaryimage\"},\"image\":{\"@id\":\"https:\/\/maismagazine.pt\/index.php\/2024\/05\/28\/eventos-exclusivos-em-villa-alvor-celebre-com-vinhos-petiscos-e-musica-ao-por-do-sol\/#primaryimage\"},\"thumbnailUrl\":\"http:\/\/maismagazine.pt\/wp-content\/uploads\/2024\/05\/d-1.png\",\"datePublished\":\"2024-05-28T08:55:37+00:00\",\"description\":\"Villa Alvor tem o prazer de anunciar eventos imperd\u00edveis para os amantes de vinho e para aqueles que procuram uma experi\u00eancia \u00fanica e memor\u00e1vel no Algarve. Esteja preparado para desfrutar de momentos inesquec\u00edveis com vinhos de qualidade, deliciosos petiscos e m\u00fasica ao p\u00f4r do sol.\",\"breadcrumb\":{\"@id\":\"https:\/\/maismagazine.pt\/index.php\/2024\/05\/28\/eventos-exclusivos-em-villa-alvor-celebre-com-vinhos-petiscos-e-musica-ao-por-do-sol\/#breadcrumb\"},\"inLanguage\":\"pt-PT\",\"potentialAction\":[{\"@type\":\"ReadAction\",\"target\":[\"https:\/\/maismagazine.pt\/index.php\/2024\/05\/28\/eventos-exclusivos-em-villa-alvor-celebre-com-vinhos-petiscos-e-musica-ao-por-do-sol\/\"]}]},{\"@type\":\"ImageObject\",\"inLanguage\":\"pt-PT\",\"@id\":\"https:\/\/maismagazine.pt\/index.php\/2024\/05\/28\/eventos-exclusivos-em-villa-alvor-celebre-com-vinhos-petiscos-e-musica-ao-por-do-sol\/#primaryimage\",\"url\":\"http:\/\/maismagazine.pt\/wp-content\/uploads\/2024\/05\/d-1.png\",\"contentUrl\":\"http:\/\/maismagazine.pt\/wp-content\/uploads\/2024\/05\/d-1.png\",\"width\":641,\"height\":428},{\"@type\":\"BreadcrumbList\",\"@id\":\"https:\/\/maismagazine.pt\/index.php\/2024\/05\/28\/eventos-exclusivos-em-villa-alvor-celebre-com-vinhos-petiscos-e-musica-ao-por-do-sol\/#breadcrumb\",\"itemListElement\":[{\"@type\":\"ListItem\",\"position\":1,\"name\":\"Home\",\"item\":\"https:\/\/maismagazine.pt\/\"},{\"@type\":\"ListItem\",\"position\":2,\"name\":\"Eventos Exclusivos em Villa Alvor: Celebre com Vinhos, Petiscos e M\u00fasica ao P\u00f4r do Sol\"}]},{\"@type\":\"WebSite\",\"@id\":\"https:\/\/maismagazine.pt\/#website\",\"url\":\"https:\/\/maismagazine.pt\/\",\"name\":\"Mais Magazine\",\"description\":\"\",\"publisher\":{\"@id\":\"https:\/\/maismagazine.pt\/#organization\"},\"potentialAction\":[{\"@type\":\"SearchAction\",\"target\":{\"@type\":\"EntryPoint\",\"urlTemplate\":\"https:\/\/maismagazine.pt\/?s={search_term_string}\"},\"query-input\":{\"@type\":\"PropertyValueSpecification\",\"valueRequired\":true,\"valueName\":\"search_term_string\"}}],\"inLanguage\":\"pt-PT\"},{\"@type\":\"Organization\",\"@id\":\"https:\/\/maismagazine.pt\/#organization\",\"name\":\"Mais Magazine\",\"url\":\"https:\/\/maismagazine.pt\/\",\"logo\":{\"@type\":\"ImageObject\",\"inLanguage\":\"pt-PT\",\"@id\":\"https:\/\/maismagazine.pt\/#\/schema\/logo\/image\/\",\"url\":\"http:\/\/maismagazine.pt\/wp-content\/uploads\/2020\/04\/cropped-cropped-mais-magazine-site-logo-2.png\",\"contentUrl\":\"http:\/\/maismagazine.pt\/wp-content\/uploads\/2020\/04\/cropped-cropped-mais-magazine-site-logo-2.png\",\"width\":581,\"height\":90,\"caption\":\"Mais Magazine\"},\"image\":{\"@id\":\"https:\/\/maismagazine.pt\/#\/schema\/logo\/image\/\"}},{\"@type\":\"Person\",\"@id\":\"https:\/\/maismagazine.pt\/#\/schema\/person\/c6c5bfccc886434cbd11c74e035f9646\",\"name\":\"Tiago Costa\",\"image\":{\"@type\":\"ImageObject\",\"inLanguage\":\"pt-PT\",\"@id\":\"https:\/\/maismagazine.pt\/#\/schema\/person\/image\/\",\"url\":\"https:\/\/secure.gravatar.com\/avatar\/c599b2bce16c9870429198cbad5ee022?s=96&d=mm&r=g\",\"contentUrl\":\"https:\/\/secure.gravatar.com\/avatar\/c599b2bce16c9870429198cbad5ee022?s=96&d=mm&r=g\",\"caption\":\"Tiago Costa\"},\"url\":\"http:\/\/maismagazine.pt\/index.php\/author\/tiago\/\"}]}<\/script>\n<!-- \/ Yoast SEO plugin. -->","yoast_head_json":{"title":"Eventos Exclusivos em Villa Alvor: Celebre com Vinhos, Petiscos e M\u00fasica ao P\u00f4r do Sol - Mais Magazine","description":"Villa Alvor tem o prazer de anunciar eventos imperd\u00edveis para os amantes de vinho e para aqueles que procuram uma experi\u00eancia \u00fanica e memor\u00e1vel no Algarve. Esteja preparado para desfrutar de momentos inesquec\u00edveis com vinhos de qualidade, deliciosos petiscos e m\u00fasica ao p\u00f4r do sol.","robots":{"index":"index","follow":"follow","max-snippet":"max-snippet:-1","max-image-preview":"max-image-preview:large","max-video-preview":"max-video-preview:-1"},"canonical":"https:\/\/maismagazine.pt\/index.php\/2024\/05\/28\/eventos-exclusivos-em-villa-alvor-celebre-com-vinhos-petiscos-e-musica-ao-por-do-sol\/","og_locale":"pt_PT","og_type":"article","og_title":"Eventos Exclusivos em Villa Alvor: Celebre com Vinhos, Petiscos e M\u00fasica ao P\u00f4r do Sol - Mais Magazine","og_description":"Villa Alvor tem o prazer de anunciar eventos imperd\u00edveis para os amantes de vinho e para aqueles que procuram uma experi\u00eancia \u00fanica e memor\u00e1vel no Algarve. Esteja preparado para desfrutar de momentos inesquec\u00edveis com vinhos de qualidade, deliciosos petiscos e m\u00fasica ao p\u00f4r do sol.","og_url":"https:\/\/maismagazine.pt\/index.php\/2024\/05\/28\/eventos-exclusivos-em-villa-alvor-celebre-com-vinhos-petiscos-e-musica-ao-por-do-sol\/","og_site_name":"Mais Magazine","article_published_time":"2024-05-28T08:55:37+00:00","og_image":[{"width":641,"height":428,"url":"https:\/\/maismagazine.pt\/wp-content\/uploads\/2024\/05\/d-1.png","type":"image\/png"}],"author":"Tiago Costa","twitter_card":"summary_large_image","twitter_misc":{"Escrito por":false,"Tempo estimado de leitura":"2 minutos"},"schema":{"@context":"https:\/\/schema.org","@graph":[{"@type":"Article","@id":"https:\/\/maismagazine.pt\/index.php\/2024\/05\/28\/eventos-exclusivos-em-villa-alvor-celebre-com-vinhos-petiscos-e-musica-ao-por-do-sol\/#article","isPartOf":{"@id":"https:\/\/maismagazine.pt\/index.php\/2024\/05\/28\/eventos-exclusivos-em-villa-alvor-celebre-com-vinhos-petiscos-e-musica-ao-por-do-sol\/"},"author":{"name":"Tiago Costa","@id":"https:\/\/maismagazine.pt\/#\/schema\/person\/c6c5bfccc886434cbd11c74e035f9646"},"headline":"Eventos Exclusivos em Villa Alvor: Celebre com Vinhos, Petiscos e M\u00fasica ao P\u00f4r do Sol","datePublished":"2024-05-28T08:55:37+00:00","mainEntityOfPage":{"@id":"https:\/\/maismagazine.pt\/index.php\/2024\/05\/28\/eventos-exclusivos-em-villa-alvor-celebre-com-vinhos-petiscos-e-musica-ao-por-do-sol\/"},"wordCount":299,"publisher":{"@id":"https:\/\/maismagazine.pt\/#organization"},"image":{"@id":"https:\/\/maismagazine.pt\/index.php\/2024\/05\/28\/eventos-exclusivos-em-villa-alvor-celebre-com-vinhos-petiscos-e-musica-ao-por-do-sol\/#primaryimage"},"thumbnailUrl":"http:\/\/maismagazine.pt\/wp-content\/uploads\/2024\/05\/d-1.png","keywords":["Villa Alvor"],"articleSection":["Not\u00edcias"],"inLanguage":"pt-PT"},{"@type":"WebPage","@id":"https:\/\/maismagazine.pt\/index.php\/2024\/05\/28\/eventos-exclusivos-em-villa-alvor-celebre-com-vinhos-petiscos-e-musica-ao-por-do-sol\/","url":"https:\/\/maismagazine.pt\/index.php\/2024\/05\/28\/eventos-exclusivos-em-villa-alvor-celebre-com-vinhos-petiscos-e-musica-ao-por-do-sol\/","name":"Eventos Exclusivos em Villa Alvor: Celebre com Vinhos, Petiscos e M\u00fasica ao P\u00f4r do Sol - Mais Magazine","isPartOf":{"@id":"https:\/\/maismagazine.pt\/#website"},"primaryImageOfPage":{"@id":"https:\/\/maismagazine.pt\/index.php\/2024\/05\/28\/eventos-exclusivos-em-villa-alvor-celebre-com-vinhos-petiscos-e-musica-ao-por-do-sol\/#primaryimage"},"image":{"@id":"https:\/\/maismagazine.pt\/index.php\/2024\/05\/28\/eventos-exclusivos-em-villa-alvor-celebre-com-vinhos-petiscos-e-musica-ao-por-do-sol\/#primaryimage"},"thumbnailUrl":"http:\/\/maismagazine.pt\/wp-content\/uploads\/2024\/05\/d-1.png","datePublished":"2024-05-28T08:55:37+00:00","description":"Villa Alvor tem o prazer de anunciar eventos imperd\u00edveis para os amantes de vinho e para aqueles que procuram uma experi\u00eancia \u00fanica e memor\u00e1vel no Algarve. Esteja preparado para desfrutar de momentos inesquec\u00edveis com vinhos de qualidade, deliciosos petiscos e m\u00fasica ao p\u00f4r do sol.","breadcrumb":{"@id":"https:\/\/maismagazine.pt\/index.php\/2024\/05\/28\/eventos-exclusivos-em-villa-alvor-celebre-com-vinhos-petiscos-e-musica-ao-por-do-sol\/#breadcrumb"},"inLanguage":"pt-PT","potentialAction":[{"@type":"ReadAction","target":["https:\/\/maismagazine.pt\/index.php\/2024\/05\/28\/eventos-exclusivos-em-villa-alvor-celebre-com-vinhos-petiscos-e-musica-ao-por-do-sol\/"]}]},{"@type":"ImageObject","inLanguage":"pt-PT","@id":"https:\/\/maismagazine.pt\/index.php\/2024\/05\/28\/eventos-exclusivos-em-villa-alvor-celebre-com-vinhos-petiscos-e-musica-ao-por-do-sol\/#primaryimage","url":"http:\/\/maismagazine.pt\/wp-content\/uploads\/2024\/05\/d-1.png","contentUrl":"http:\/\/maismagazine.pt\/wp-content\/uploads\/2024\/05\/d-1.png","width":641,"height":428},{"@type":"BreadcrumbList","@id":"https:\/\/maismagazine.pt\/index.php\/2024\/05\/28\/eventos-exclusivos-em-villa-alvor-celebre-com-vinhos-petiscos-e-musica-ao-por-do-sol\/#breadcrumb","itemListElement":[{"@type":"ListItem","position":1,"name":"Home","item":"https:\/\/maismagazine.pt\/"},{"@type":"ListItem","position":2,"name":"Eventos Exclusivos em Villa Alvor: Celebre com Vinhos, Petiscos e M\u00fasica ao P\u00f4r do Sol"}]},{"@type":"WebSite","@id":"https:\/\/maismagazine.pt\/#website","url":"https:\/\/maismagazine.pt\/","name":"Mais Magazine","description":"","publisher":{"@id":"https:\/\/maismagazine.pt\/#organization"},"potentialAction":[{"@type":"SearchAction","target":{"@type":"EntryPoint","urlTemplate":"https:\/\/maismagazine.pt\/?s={search_term_string}"},"query-input":{"@type":"PropertyValueSpecification","valueRequired":true,"valueName":"search_term_string"}}],"inLanguage":"pt-PT"},{"@type":"Organization","@id":"https:\/\/maismagazine.pt\/#organization","name":"Mais Magazine","url":"https:\/\/maismagazine.pt\/","logo":{"@type":"ImageObject","inLanguage":"pt-PT","@id":"https:\/\/maismagazine.pt\/#\/schema\/logo\/image\/","url":"http:\/\/maismagazine.pt\/wp-content\/uploads\/2020\/04\/cropped-cropped-mais-magazine-site-logo-2.png","contentUrl":"http:\/\/maismagazine.pt\/wp-content\/uploads\/2020\/04\/cropped-cropped-mais-magazine-site-logo-2.png","width":581,"height":90,"caption":"Mais Magazine"},"image":{"@id":"https:\/\/maismagazine.pt\/#\/schema\/logo\/image\/"}},{"@type":"Person","@id":"https:\/\/maismagazine.pt\/#\/schema\/person\/c6c5bfccc886434cbd11c74e035f9646","name":"Tiago Costa","image":{"@type":"ImageObject","inLanguage":"pt-PT","@id":"https:\/\/maismagazine.pt\/#\/schema\/person\/image\/","url":"https:\/\/secure.gravatar.com\/avatar\/c599b2bce16c9870429198cbad5ee022?s=96&d=mm&r=g","contentUrl":"https:\/\/secure.gravatar.com\/avatar\/c599b2bce16c9870429198cbad5ee022?s=96&d=mm&r=g","caption":"Tiago Costa"},"url":"http:\/\/maismagazine.pt\/index.php\/author\/tiago\/"}]}},"author_meta":{"display_name":false,"author_link":"http:\/\/maismagazine.pt\/index.php\/author\/tiago\/"},"featured_img":"http:\/\/maismagazine.pt\/wp-content\/uploads\/2024\/05\/d-1-300x200.png","coauthors":[],"tax_additional":{"categories":{"linked":["<a href=\"http:\/\/maismagazine.pt\/index.php\/category\/noticias\/\" class=\"advgb-post-tax-term\">Not\u00edcias<\/a>"],"unlinked":["<span class=\"advgb-post-tax-term\">Not\u00edcias<\/span>"]},"tags":{"linked":["<a href=\"http:\/\/maismagazine.pt\/index.php\/category\/noticias\/\" class=\"advgb-post-tax-term\">Villa Alvor<\/a>"],"unlinked":["<span class=\"advgb-post-tax-term\">Villa Alvor<\/span>"]}},"comment_count":"0","relative_dates":{"created":"Posted 2 anos ago","modified":"Updated 2 anos ago"},"absolute_dates":{"created":"Posted on 28 de Maio, 2024","modified":"Updated on 28 de Maio, 2024"},"absolute_dates_time":{"created":"Posted on 28 de Maio, 2024 9:55","modified":"Updated on 28 de Maio, 2024 9:55"},"featured_img_caption":"","series_order":"","_links":{"self":[{"href":"http:\/\/maismagazine.pt\/index.php\/wp-json\/wp\/v2\/posts\/9818","targetHints":{"allow":["GET"]}}],"collection":[{"href":"http:\/\/maismagazine.pt\/index.php\/wp-json\/wp\/v2\/posts"}],"about":[{"href":"http:\/\/maismagazine.pt\/index.php\/wp-json\/wp\/v2\/types\/post"}],"author":[{"embeddable":true,"href":"http:\/\/maismagazine.pt\/index.php\/wp-json\/wp\/v2\/users\/17"}],"replies":[{"embeddable":true,"href":"http:\/\/maismagazine.pt\/index.php\/wp-json\/wp\/v2\/comments?post=9818"}],"version-history":[{"count":1,"href":"http:\/\/maismagazine.pt\/index.php\/wp-json\/wp\/v2\/posts\/9818\/revisions"}],"predecessor-version":[{"id":9820,"href":"http:\/\/maismagazine.pt\/index.php\/wp-json\/wp\/v2\/posts\/9818\/revisions\/9820"}],"wp:featuredmedia":[{"embeddable":true,"href":"http:\/\/maismagazine.pt\/index.php\/wp-json\/wp\/v2\/media\/9821"}],"wp:attachment":[{"href":"http:\/\/maismagazine.pt\/index.php\/wp-json\/wp\/v2\/media?parent=9818"}],"wp:term":[{"taxonomy":"category","embeddable":true,"href":"http:\/\/maismagazine.pt\/index.php\/wp-json\/wp\/v2\/categories?post=9818"},{"taxonomy":"post_tag","embeddable":true,"href":"http:\/\/maismagazine.pt\/index.php\/wp-json\/wp\/v2\/tags?post=9818"}],"curies":[{"name":"wp","href":"https:\/\/api.w.org\/{rel}","templated":true}]}}