{"id":9766,"date":"2024-05-24T07:00:00","date_gmt":"2024-05-24T06:00:00","guid":{"rendered":"https:\/\/maismagazine.pt\/?p=9766"},"modified":"2024-05-21T14:54:32","modified_gmt":"2024-05-21T13:54:32","slug":"faculdade-psicologia-e-de-ciencias-da-educacao-da-universidade-de-coimbra","status":"publish","type":"post","link":"http:\/\/maismagazine.pt\/index.php\/2024\/05\/24\/faculdade-psicologia-e-de-ciencias-da-educacao-da-universidade-de-coimbra\/","title":{"rendered":"Faculdade Psicologia e de Ci\u00eancias da Educa\u00e7\u00e3o da Universidade de Coimbra"},"content":{"rendered":"\n<p>A Faculdade de Psicologia e de Ci\u00eancias da Educa\u00e7\u00e3o \u00e9 uma unidade org\u00e2nica de ensino e investiga\u00e7\u00e3o da Universidade de Coimbra que tem por miss\u00e3o, nos termos dos respetivos Estatutos:<\/p>\n\n\n\n<ul class=\"wp-block-list\">\n<li>a produ\u00e7\u00e3o de conhecimento cient\u00edfico, atrav\u00e9s da realiza\u00e7\u00e3o de investiga\u00e7\u00e3o fundamental e aplicada, conducente \u00e0 sua afirma\u00e7\u00e3o enquanto centro de excel\u00eancia nos dom\u00ednios do saber que cultiva;<\/li>\n\n\n\n<li>a promo\u00e7\u00e3o de uma forma\u00e7\u00e3o de qualidade que favore\u00e7a a posterior inser\u00e7\u00e3o dos seus graduados na vida ativa, bem como a integra\u00e7\u00e3o de novos p\u00fablicos no \u00e2mbito do paradigma da aprendizagem ao longo da vida;<\/li>\n\n\n\n<li>a presta\u00e7\u00e3o de servi\u00e7os de qualidade, atrav\u00e9s da aplica\u00e7\u00e3o do conhecimento produzido, tendo como objectivo o refor\u00e7o da sua capacidade de interven\u00e7\u00e3o junto da comunidade;<\/li>\n\n\n\n<li>a promo\u00e7\u00e3o de condi\u00e7\u00f5es de sucesso educativo e de desenvolvimento social dos estudantes, tendo em considera\u00e7\u00e3o a sua diversidade e visando a sua integra\u00e7\u00e3o no contexto acad\u00e9mico.<\/li>\n<\/ul>\n\n\n\n<p>A Faculdade, reconhecida pela sua capacidade de atra\u00e7\u00e3o de estudantes de diversos pontos do pa\u00eds e do mundo, pela excel\u00eancia do ensino e da investiga\u00e7\u00e3o que produz e pela dimens\u00e3o relacional e humanista que cultiva, assegura a leciona\u00e7\u00e3o de diversos Ciclos de Estudos, &#8211; licenciaturas, mestrados e doutoramentos \u2013 nas \u00e1reas cient\u00edficas de Psicologia, Ci\u00eancias da Educa\u00e7\u00e3o e Servi\u00e7o Social.<br>No dom\u00ednio da internacionaliza\u00e7\u00e3o a Faculdade de Psicologia e de Ci\u00eancias da Educa\u00e7\u00e3o tem\u00a0acordos de mobilidade\u00a0com diversas universidades e institui\u00e7\u00f5es internacionais de ensino superior de prest\u00edgio e oferece um Mestrado Europeu apoiado pelo Programa Erasmus Mundus.<\/p>\n\n\n\n<p>Os estudantes e colaboradores da Faculdade de Psicologia e de Ci\u00eancias da Educa\u00e7\u00e3o da UC encontram nesta Escola a possibilidade de uma forma\u00e7\u00e3o de qualidade, nacional e internacionalmente reconhecida, e as oportunidades para uma aprendizagem integrada a\u00a0n\u00edvel cient\u00edfico\u00a0,\u00a0acad\u00e9mico\u00a0e\u00a0pessoal.<\/p>\n","protected":false},"excerpt":{"rendered":"<p>A Faculdade de Psicologia e de Ci\u00eancias da Educa\u00e7\u00e3o \u00e9 uma unidade org\u00e2nica de ensino e investiga\u00e7\u00e3o da Universidade de Coimbra que tem por miss\u00e3o, nos termos dos respetivos Estatutos: A Faculdade, reconhecida pela sua capacidade de atra\u00e7\u00e3o de estudantes de diversos pontos do pa\u00eds e do mundo, pela excel\u00eancia&hellip;<\/p>\n","protected":false},"author":17,"featured_media":9771,"comment_status":"closed","ping_status":"open","sticky":false,"template":"","format":"standard","meta":{"advgb_blocks_editor_width":"","advgb_blocks_columns_visual_guide":"","_monsterinsights_skip_tracking":false,"_monsterinsights_sitenote_active":false,"_monsterinsights_sitenote_note":"","_monsterinsights_sitenote_category":0,"footnotes":""},"categories":[1460],"tags":[2005],"class_list":["post-9766","post","type-post","status-publish","format-standard","has-post-thumbnail","hentry","category-publicidade","tag-faculdade-psicologia-coimbra"],"yoast_head":"<!-- This site is optimized with the Yoast SEO plugin v24.4 - https:\/\/yoast.com\/wordpress\/plugins\/seo\/ -->\n<title>Faculdade Psicologia e de Ci\u00eancias da Educa\u00e7\u00e3o da Universidade de Coimbra - Mais Magazine<\/title>\n<meta name=\"description\" content=\"A Faculdade de Psicologia e de Ci\u00eancias da Educa\u00e7\u00e3o \u00e9 uma unidade org\u00e2nica de ensino e investiga\u00e7\u00e3o da Universidade de Coimbra que tem por miss\u00e3o, nos termos dos respetivos Estatutos.\" \/>\n<meta name=\"robots\" content=\"index, follow, max-snippet:-1, max-image-preview:large, max-video-preview:-1\" \/>\n<link rel=\"canonical\" href=\"http:\/\/maismagazine.pt\/index.php\/2024\/05\/24\/faculdade-psicologia-e-de-ciencias-da-educacao-da-universidade-de-coimbra\/\" \/>\n<meta property=\"og:locale\" content=\"pt_PT\" \/>\n<meta property=\"og:type\" content=\"article\" \/>\n<meta property=\"og:title\" content=\"Faculdade Psicologia e de Ci\u00eancias da Educa\u00e7\u00e3o da Universidade de Coimbra - Mais Magazine\" \/>\n<meta property=\"og:description\" content=\"A Faculdade de Psicologia e de Ci\u00eancias da Educa\u00e7\u00e3o \u00e9 uma unidade org\u00e2nica de ensino e investiga\u00e7\u00e3o da Universidade de Coimbra que tem por miss\u00e3o, nos termos dos respetivos Estatutos.\" \/>\n<meta property=\"og:url\" content=\"http:\/\/maismagazine.pt\/index.php\/2024\/05\/24\/faculdade-psicologia-e-de-ciencias-da-educacao-da-universidade-de-coimbra\/\" \/>\n<meta property=\"og:site_name\" content=\"Mais Magazine\" \/>\n<meta property=\"article:published_time\" content=\"2024-05-24T06:00:00+00:00\" \/>\n<meta property=\"og:image\" content=\"http:\/\/maismagazine.pt\/wp-content\/uploads\/2024\/05\/277807645_367031938770017_1751037439384856244_n-1.png\" \/>\n\t<meta property=\"og:image:width\" content=\"499\" \/>\n\t<meta property=\"og:image:height\" content=\"499\" \/>\n\t<meta property=\"og:image:type\" content=\"image\/png\" \/>\n<meta name=\"author\" content=\"Tiago Costa\" \/>\n<meta name=\"twitter:card\" content=\"summary_large_image\" \/>\n<meta name=\"twitter:label1\" content=\"Escrito por\" \/>\n\t<meta name=\"twitter:data1\" content=\"\" \/>\n\t<meta name=\"twitter:label2\" content=\"Tempo estimado de leitura\" \/>\n\t<meta name=\"twitter:data2\" content=\"2 minutos\" \/>\n<script type=\"application\/ld+json\" class=\"yoast-schema-graph\">{\"@context\":\"https:\/\/schema.org\",\"@graph\":[{\"@type\":\"Article\",\"@id\":\"http:\/\/maismagazine.pt\/index.php\/2024\/05\/24\/faculdade-psicologia-e-de-ciencias-da-educacao-da-universidade-de-coimbra\/#article\",\"isPartOf\":{\"@id\":\"http:\/\/maismagazine.pt\/index.php\/2024\/05\/24\/faculdade-psicologia-e-de-ciencias-da-educacao-da-universidade-de-coimbra\/\"},\"author\":{\"name\":\"Tiago Costa\",\"@id\":\"https:\/\/maismagazine.pt\/#\/schema\/person\/c6c5bfccc886434cbd11c74e035f9646\"},\"headline\":\"Faculdade Psicologia e de Ci\u00eancias da Educa\u00e7\u00e3o da Universidade de Coimbra\",\"datePublished\":\"2024-05-24T06:00:00+00:00\",\"mainEntityOfPage\":{\"@id\":\"http:\/\/maismagazine.pt\/index.php\/2024\/05\/24\/faculdade-psicologia-e-de-ciencias-da-educacao-da-universidade-de-coimbra\/\"},\"wordCount\":346,\"publisher\":{\"@id\":\"https:\/\/maismagazine.pt\/#organization\"},\"image\":{\"@id\":\"http:\/\/maismagazine.pt\/index.php\/2024\/05\/24\/faculdade-psicologia-e-de-ciencias-da-educacao-da-universidade-de-coimbra\/#primaryimage\"},\"thumbnailUrl\":\"http:\/\/maismagazine.pt\/wp-content\/uploads\/2024\/05\/277807645_367031938770017_1751037439384856244_n-1.png\",\"keywords\":[\"Faculdade Psicologia Coimbra\"],\"articleSection\":[\"publicidade\"],\"inLanguage\":\"pt-PT\"},{\"@type\":\"WebPage\",\"@id\":\"http:\/\/maismagazine.pt\/index.php\/2024\/05\/24\/faculdade-psicologia-e-de-ciencias-da-educacao-da-universidade-de-coimbra\/\",\"url\":\"http:\/\/maismagazine.pt\/index.php\/2024\/05\/24\/faculdade-psicologia-e-de-ciencias-da-educacao-da-universidade-de-coimbra\/\",\"name\":\"Faculdade Psicologia e de Ci\u00eancias da Educa\u00e7\u00e3o da Universidade de Coimbra - Mais Magazine\",\"isPartOf\":{\"@id\":\"https:\/\/maismagazine.pt\/#website\"},\"primaryImageOfPage\":{\"@id\":\"http:\/\/maismagazine.pt\/index.php\/2024\/05\/24\/faculdade-psicologia-e-de-ciencias-da-educacao-da-universidade-de-coimbra\/#primaryimage\"},\"image\":{\"@id\":\"http:\/\/maismagazine.pt\/index.php\/2024\/05\/24\/faculdade-psicologia-e-de-ciencias-da-educacao-da-universidade-de-coimbra\/#primaryimage\"},\"thumbnailUrl\":\"http:\/\/maismagazine.pt\/wp-content\/uploads\/2024\/05\/277807645_367031938770017_1751037439384856244_n-1.png\",\"datePublished\":\"2024-05-24T06:00:00+00:00\",\"description\":\"A Faculdade de Psicologia e de Ci\u00eancias da Educa\u00e7\u00e3o \u00e9 uma unidade org\u00e2nica de ensino e investiga\u00e7\u00e3o da Universidade de Coimbra que tem por miss\u00e3o, nos termos dos respetivos Estatutos.\",\"breadcrumb\":{\"@id\":\"http:\/\/maismagazine.pt\/index.php\/2024\/05\/24\/faculdade-psicologia-e-de-ciencias-da-educacao-da-universidade-de-coimbra\/#breadcrumb\"},\"inLanguage\":\"pt-PT\",\"potentialAction\":[{\"@type\":\"ReadAction\",\"target\":[\"http:\/\/maismagazine.pt\/index.php\/2024\/05\/24\/faculdade-psicologia-e-de-ciencias-da-educacao-da-universidade-de-coimbra\/\"]}]},{\"@type\":\"ImageObject\",\"inLanguage\":\"pt-PT\",\"@id\":\"http:\/\/maismagazine.pt\/index.php\/2024\/05\/24\/faculdade-psicologia-e-de-ciencias-da-educacao-da-universidade-de-coimbra\/#primaryimage\",\"url\":\"http:\/\/maismagazine.pt\/wp-content\/uploads\/2024\/05\/277807645_367031938770017_1751037439384856244_n-1.png\",\"contentUrl\":\"http:\/\/maismagazine.pt\/wp-content\/uploads\/2024\/05\/277807645_367031938770017_1751037439384856244_n-1.png\",\"width\":499,\"height\":499},{\"@type\":\"BreadcrumbList\",\"@id\":\"http:\/\/maismagazine.pt\/index.php\/2024\/05\/24\/faculdade-psicologia-e-de-ciencias-da-educacao-da-universidade-de-coimbra\/#breadcrumb\",\"itemListElement\":[{\"@type\":\"ListItem\",\"position\":1,\"name\":\"Home\",\"item\":\"https:\/\/maismagazine.pt\/\"},{\"@type\":\"ListItem\",\"position\":2,\"name\":\"Faculdade Psicologia e de Ci\u00eancias da Educa\u00e7\u00e3o da Universidade de Coimbra\"}]},{\"@type\":\"WebSite\",\"@id\":\"https:\/\/maismagazine.pt\/#website\",\"url\":\"https:\/\/maismagazine.pt\/\",\"name\":\"Mais Magazine\",\"description\":\"\",\"publisher\":{\"@id\":\"https:\/\/maismagazine.pt\/#organization\"},\"potentialAction\":[{\"@type\":\"SearchAction\",\"target\":{\"@type\":\"EntryPoint\",\"urlTemplate\":\"https:\/\/maismagazine.pt\/?s={search_term_string}\"},\"query-input\":{\"@type\":\"PropertyValueSpecification\",\"valueRequired\":true,\"valueName\":\"search_term_string\"}}],\"inLanguage\":\"pt-PT\"},{\"@type\":\"Organization\",\"@id\":\"https:\/\/maismagazine.pt\/#organization\",\"name\":\"Mais Magazine\",\"url\":\"https:\/\/maismagazine.pt\/\",\"logo\":{\"@type\":\"ImageObject\",\"inLanguage\":\"pt-PT\",\"@id\":\"https:\/\/maismagazine.pt\/#\/schema\/logo\/image\/\",\"url\":\"http:\/\/maismagazine.pt\/wp-content\/uploads\/2020\/04\/cropped-cropped-mais-magazine-site-logo-2.png\",\"contentUrl\":\"http:\/\/maismagazine.pt\/wp-content\/uploads\/2020\/04\/cropped-cropped-mais-magazine-site-logo-2.png\",\"width\":581,\"height\":90,\"caption\":\"Mais Magazine\"},\"image\":{\"@id\":\"https:\/\/maismagazine.pt\/#\/schema\/logo\/image\/\"}},{\"@type\":\"Person\",\"@id\":\"https:\/\/maismagazine.pt\/#\/schema\/person\/c6c5bfccc886434cbd11c74e035f9646\",\"name\":\"Tiago Costa\",\"image\":{\"@type\":\"ImageObject\",\"inLanguage\":\"pt-PT\",\"@id\":\"https:\/\/maismagazine.pt\/#\/schema\/person\/image\/\",\"url\":\"https:\/\/secure.gravatar.com\/avatar\/c599b2bce16c9870429198cbad5ee022?s=96&d=mm&r=g\",\"contentUrl\":\"https:\/\/secure.gravatar.com\/avatar\/c599b2bce16c9870429198cbad5ee022?s=96&d=mm&r=g\",\"caption\":\"Tiago Costa\"},\"url\":\"http:\/\/maismagazine.pt\/index.php\/author\/tiago\/\"}]}<\/script>\n<!-- \/ Yoast SEO plugin. -->","yoast_head_json":{"title":"Faculdade Psicologia e de Ci\u00eancias da Educa\u00e7\u00e3o da Universidade de Coimbra - Mais Magazine","description":"A Faculdade de Psicologia e de Ci\u00eancias da Educa\u00e7\u00e3o \u00e9 uma unidade org\u00e2nica de ensino e investiga\u00e7\u00e3o da Universidade de Coimbra que tem por miss\u00e3o, nos termos dos respetivos Estatutos.","robots":{"index":"index","follow":"follow","max-snippet":"max-snippet:-1","max-image-preview":"max-image-preview:large","max-video-preview":"max-video-preview:-1"},"canonical":"http:\/\/maismagazine.pt\/index.php\/2024\/05\/24\/faculdade-psicologia-e-de-ciencias-da-educacao-da-universidade-de-coimbra\/","og_locale":"pt_PT","og_type":"article","og_title":"Faculdade Psicologia e de Ci\u00eancias da Educa\u00e7\u00e3o da Universidade de Coimbra - Mais Magazine","og_description":"A Faculdade de Psicologia e de Ci\u00eancias da Educa\u00e7\u00e3o \u00e9 uma unidade org\u00e2nica de ensino e investiga\u00e7\u00e3o da Universidade de Coimbra que tem por miss\u00e3o, nos termos dos respetivos Estatutos.","og_url":"http:\/\/maismagazine.pt\/index.php\/2024\/05\/24\/faculdade-psicologia-e-de-ciencias-da-educacao-da-universidade-de-coimbra\/","og_site_name":"Mais Magazine","article_published_time":"2024-05-24T06:00:00+00:00","og_image":[{"width":499,"height":499,"url":"http:\/\/maismagazine.pt\/wp-content\/uploads\/2024\/05\/277807645_367031938770017_1751037439384856244_n-1.png","type":"image\/png"}],"author":"Tiago Costa","twitter_card":"summary_large_image","twitter_misc":{"Escrito por":false,"Tempo estimado de leitura":"2 minutos"},"schema":{"@context":"https:\/\/schema.org","@graph":[{"@type":"Article","@id":"http:\/\/maismagazine.pt\/index.php\/2024\/05\/24\/faculdade-psicologia-e-de-ciencias-da-educacao-da-universidade-de-coimbra\/#article","isPartOf":{"@id":"http:\/\/maismagazine.pt\/index.php\/2024\/05\/24\/faculdade-psicologia-e-de-ciencias-da-educacao-da-universidade-de-coimbra\/"},"author":{"name":"Tiago Costa","@id":"https:\/\/maismagazine.pt\/#\/schema\/person\/c6c5bfccc886434cbd11c74e035f9646"},"headline":"Faculdade Psicologia e de Ci\u00eancias da Educa\u00e7\u00e3o da Universidade de Coimbra","datePublished":"2024-05-24T06:00:00+00:00","mainEntityOfPage":{"@id":"http:\/\/maismagazine.pt\/index.php\/2024\/05\/24\/faculdade-psicologia-e-de-ciencias-da-educacao-da-universidade-de-coimbra\/"},"wordCount":346,"publisher":{"@id":"https:\/\/maismagazine.pt\/#organization"},"image":{"@id":"http:\/\/maismagazine.pt\/index.php\/2024\/05\/24\/faculdade-psicologia-e-de-ciencias-da-educacao-da-universidade-de-coimbra\/#primaryimage"},"thumbnailUrl":"http:\/\/maismagazine.pt\/wp-content\/uploads\/2024\/05\/277807645_367031938770017_1751037439384856244_n-1.png","keywords":["Faculdade Psicologia Coimbra"],"articleSection":["publicidade"],"inLanguage":"pt-PT"},{"@type":"WebPage","@id":"http:\/\/maismagazine.pt\/index.php\/2024\/05\/24\/faculdade-psicologia-e-de-ciencias-da-educacao-da-universidade-de-coimbra\/","url":"http:\/\/maismagazine.pt\/index.php\/2024\/05\/24\/faculdade-psicologia-e-de-ciencias-da-educacao-da-universidade-de-coimbra\/","name":"Faculdade Psicologia e de Ci\u00eancias da Educa\u00e7\u00e3o da Universidade de Coimbra - Mais Magazine","isPartOf":{"@id":"https:\/\/maismagazine.pt\/#website"},"primaryImageOfPage":{"@id":"http:\/\/maismagazine.pt\/index.php\/2024\/05\/24\/faculdade-psicologia-e-de-ciencias-da-educacao-da-universidade-de-coimbra\/#primaryimage"},"image":{"@id":"http:\/\/maismagazine.pt\/index.php\/2024\/05\/24\/faculdade-psicologia-e-de-ciencias-da-educacao-da-universidade-de-coimbra\/#primaryimage"},"thumbnailUrl":"http:\/\/maismagazine.pt\/wp-content\/uploads\/2024\/05\/277807645_367031938770017_1751037439384856244_n-1.png","datePublished":"2024-05-24T06:00:00+00:00","description":"A Faculdade de Psicologia e de Ci\u00eancias da Educa\u00e7\u00e3o \u00e9 uma unidade org\u00e2nica de ensino e investiga\u00e7\u00e3o da Universidade de Coimbra que tem por miss\u00e3o, nos termos dos respetivos Estatutos.","breadcrumb":{"@id":"http:\/\/maismagazine.pt\/index.php\/2024\/05\/24\/faculdade-psicologia-e-de-ciencias-da-educacao-da-universidade-de-coimbra\/#breadcrumb"},"inLanguage":"pt-PT","potentialAction":[{"@type":"ReadAction","target":["http:\/\/maismagazine.pt\/index.php\/2024\/05\/24\/faculdade-psicologia-e-de-ciencias-da-educacao-da-universidade-de-coimbra\/"]}]},{"@type":"ImageObject","inLanguage":"pt-PT","@id":"http:\/\/maismagazine.pt\/index.php\/2024\/05\/24\/faculdade-psicologia-e-de-ciencias-da-educacao-da-universidade-de-coimbra\/#primaryimage","url":"http:\/\/maismagazine.pt\/wp-content\/uploads\/2024\/05\/277807645_367031938770017_1751037439384856244_n-1.png","contentUrl":"http:\/\/maismagazine.pt\/wp-content\/uploads\/2024\/05\/277807645_367031938770017_1751037439384856244_n-1.png","width":499,"height":499},{"@type":"BreadcrumbList","@id":"http:\/\/maismagazine.pt\/index.php\/2024\/05\/24\/faculdade-psicologia-e-de-ciencias-da-educacao-da-universidade-de-coimbra\/#breadcrumb","itemListElement":[{"@type":"ListItem","position":1,"name":"Home","item":"https:\/\/maismagazine.pt\/"},{"@type":"ListItem","position":2,"name":"Faculdade Psicologia e de Ci\u00eancias da Educa\u00e7\u00e3o da Universidade de Coimbra"}]},{"@type":"WebSite","@id":"https:\/\/maismagazine.pt\/#website","url":"https:\/\/maismagazine.pt\/","name":"Mais Magazine","description":"","publisher":{"@id":"https:\/\/maismagazine.pt\/#organization"},"potentialAction":[{"@type":"SearchAction","target":{"@type":"EntryPoint","urlTemplate":"https:\/\/maismagazine.pt\/?s={search_term_string}"},"query-input":{"@type":"PropertyValueSpecification","valueRequired":true,"valueName":"search_term_string"}}],"inLanguage":"pt-PT"},{"@type":"Organization","@id":"https:\/\/maismagazine.pt\/#organization","name":"Mais Magazine","url":"https:\/\/maismagazine.pt\/","logo":{"@type":"ImageObject","inLanguage":"pt-PT","@id":"https:\/\/maismagazine.pt\/#\/schema\/logo\/image\/","url":"http:\/\/maismagazine.pt\/wp-content\/uploads\/2020\/04\/cropped-cropped-mais-magazine-site-logo-2.png","contentUrl":"http:\/\/maismagazine.pt\/wp-content\/uploads\/2020\/04\/cropped-cropped-mais-magazine-site-logo-2.png","width":581,"height":90,"caption":"Mais Magazine"},"image":{"@id":"https:\/\/maismagazine.pt\/#\/schema\/logo\/image\/"}},{"@type":"Person","@id":"https:\/\/maismagazine.pt\/#\/schema\/person\/c6c5bfccc886434cbd11c74e035f9646","name":"Tiago Costa","image":{"@type":"ImageObject","inLanguage":"pt-PT","@id":"https:\/\/maismagazine.pt\/#\/schema\/person\/image\/","url":"https:\/\/secure.gravatar.com\/avatar\/c599b2bce16c9870429198cbad5ee022?s=96&d=mm&r=g","contentUrl":"https:\/\/secure.gravatar.com\/avatar\/c599b2bce16c9870429198cbad5ee022?s=96&d=mm&r=g","caption":"Tiago Costa"},"url":"http:\/\/maismagazine.pt\/index.php\/author\/tiago\/"}]}},"author_meta":{"display_name":false,"author_link":"http:\/\/maismagazine.pt\/index.php\/author\/tiago\/"},"featured_img":"http:\/\/maismagazine.pt\/wp-content\/uploads\/2024\/05\/277807645_367031938770017_1751037439384856244_n-1-300x300.png","coauthors":[],"tax_additional":{"categories":{"linked":["<a href=\"http:\/\/maismagazine.pt\/index.php\/category\/publicidade\/\" class=\"advgb-post-tax-term\">publicidade<\/a>"],"unlinked":["<span class=\"advgb-post-tax-term\">publicidade<\/span>"]},"tags":{"linked":["<a href=\"http:\/\/maismagazine.pt\/index.php\/category\/publicidade\/\" class=\"advgb-post-tax-term\">Faculdade Psicologia Coimbra<\/a>"],"unlinked":["<span class=\"advgb-post-tax-term\">Faculdade Psicologia Coimbra<\/span>"]}},"comment_count":"0","relative_dates":{"created":"Posted 2 anos ago","modified":"Updated 2 anos ago"},"absolute_dates":{"created":"Posted on 24 de Maio, 2024","modified":"Updated on 21 de Maio, 2024"},"absolute_dates_time":{"created":"Posted on 24 de Maio, 2024 7:00","modified":"Updated on 21 de Maio, 2024 14:54"},"featured_img_caption":"","series_order":"","_links":{"self":[{"href":"http:\/\/maismagazine.pt\/index.php\/wp-json\/wp\/v2\/posts\/9766","targetHints":{"allow":["GET"]}}],"collection":[{"href":"http:\/\/maismagazine.pt\/index.php\/wp-json\/wp\/v2\/posts"}],"about":[{"href":"http:\/\/maismagazine.pt\/index.php\/wp-json\/wp\/v2\/types\/post"}],"author":[{"embeddable":true,"href":"http:\/\/maismagazine.pt\/index.php\/wp-json\/wp\/v2\/users\/17"}],"replies":[{"embeddable":true,"href":"http:\/\/maismagazine.pt\/index.php\/wp-json\/wp\/v2\/comments?post=9766"}],"version-history":[{"count":1,"href":"http:\/\/maismagazine.pt\/index.php\/wp-json\/wp\/v2\/posts\/9766\/revisions"}],"predecessor-version":[{"id":9770,"href":"http:\/\/maismagazine.pt\/index.php\/wp-json\/wp\/v2\/posts\/9766\/revisions\/9770"}],"wp:featuredmedia":[{"embeddable":true,"href":"http:\/\/maismagazine.pt\/index.php\/wp-json\/wp\/v2\/media\/9771"}],"wp:attachment":[{"href":"http:\/\/maismagazine.pt\/index.php\/wp-json\/wp\/v2\/media?parent=9766"}],"wp:term":[{"taxonomy":"category","embeddable":true,"href":"http:\/\/maismagazine.pt\/index.php\/wp-json\/wp\/v2\/categories?post=9766"},{"taxonomy":"post_tag","embeddable":true,"href":"http:\/\/maismagazine.pt\/index.php\/wp-json\/wp\/v2\/tags?post=9766"}],"curies":[{"name":"wp","href":"https:\/\/api.w.org\/{rel}","templated":true}]}}