{"id":9754,"date":"2024-05-24T07:00:00","date_gmt":"2024-05-24T06:00:00","guid":{"rendered":"https:\/\/maismagazine.pt\/?p=9754"},"modified":"2024-05-21T14:49:44","modified_gmt":"2024-05-21T13:49:44","slug":"um-polo-autonomo-de-excelencia","status":"publish","type":"post","link":"http:\/\/maismagazine.pt\/index.php\/2024\/05\/24\/um-polo-autonomo-de-excelencia\/","title":{"rendered":"Um polo aut\u00f3nomo de excel\u00eancia"},"content":{"rendered":"\n<p><strong>Com uma hist\u00f3ria rica e um olhar voltado para o futuro, a Faculdade de Direito da Universidade de Coimbra (<a href=\"https:\/\/www.uc.pt\/fduc\/\">FDUC<\/a>) destaca-se n\u00e3o s\u00f3 pelo seu legado, mas tamb\u00e9m pela sua capacidade de adapta\u00e7\u00e3o aos tempos modernos, abra\u00e7ando temas como a globaliza\u00e7\u00e3o, digitaliza\u00e7\u00e3o e sustentabilidade. <\/strong><\/p>\n\n\n\n<p><\/p>\n\n\n\n<p><strong>A Faculdade de Direito da Universidade de Coimbra continua no \u00e2mbito da forma\u00e7\u00e3o jur\u00eddica a ter um papel primordial no universo acad\u00e9mico. Como se caracteriza a FDUC atualmente?  <\/strong><\/p>\n\n\n\n<p>Somos a Faculdade de Direito mais antiga de Portugal. Prezamos a tradi\u00e7\u00e3o. Fazemos parte do grupo que engloba as universidades mais antigas e prestigiadas da Europa, designado precisamente pelo nosso nome (Grupo de Coimbra). Ocupamos espa\u00e7o onde se respira cultura e hist\u00f3ria que \u00e9 patrim\u00f3nio mundial da UNESCO. Mas estamos hoje focados no presente e no futuro, juntando \u00e0 tradi\u00e7\u00e3o, inova\u00e7\u00e3o, rigor e excel\u00eancia no ensino e na investiga\u00e7\u00e3o. A Licenciatura em Direito Luso-Brasileiro foi recentemente criada, a \u00fanica licenciatura do g\u00e9nero no pa\u00eds. Como tem sido a sua marca de sempre, a FDUC continua de olhos bem abertos em rela\u00e7\u00e3o aos problemas que a pessoa, a sociedade e o ambiente colocam ao direito. Estamos perante um mundo em muta\u00e7\u00e3o hist\u00f3rica acelerada, que demanda respostas jur\u00eddicas novas e criativas, tanto na dimens\u00e3o \u00e9tica-jur\u00eddica como na dimens\u00e3o t\u00e9cnico-jur\u00eddica. Queremos continuar a ser um polo aut\u00f3nomo de excel\u00eancia na reflex\u00e3o sobre os grandes temas jur\u00eddicos da atualidade, contribuindo para que o direito continue a servir a vida, a realiza\u00e7\u00e3o aut\u00eantica da pessoa humana. Este desiderato implica que a forma\u00e7\u00e3o de juristas integrais continue a ser um dos objetivos cimeiros da FDUC, o que obriga a uma grande preocupa\u00e7\u00e3o com o conte\u00fado e os m\u00e9todos acolhidos no nosso ensino. De um modo participado e respons\u00e1vel, queremos preservar um espa\u00e7o onde professores e alunos estudem livremente as quest\u00f5es jur\u00eddicas suscitadas na sociedade hodierna. Por isso, no s\u00e9c. XXI, continuaremos, certamente, a formar alunos com conhecimentos aprofundados do direito, mas onde tamb\u00e9m estar\u00e1 inclu\u00edda uma vertente do ensino orientada para que os nossos estudantes aprendam a pensar o direito, fornecendo-lhes os quadros jur\u00eddicos b\u00e1sicos para enfrentar as constantes mudan\u00e7as dos regimes jur\u00eddicos. <\/p>\n\n\n\n<p><\/p>\n\n\n\n<p><strong>A FDUC apenas se dedica ao ensino e investiga\u00e7\u00e3o do direito? <\/strong><\/p>\n\n\n\n<p>N\u00e3o. Fora da \u00e1rea jur\u00eddica, mas com uma liga\u00e7\u00e3o muito pr\u00f3xima, temos em funcionamento, h\u00e1 j\u00e1 alguns anos, a Licenciatura em Administra\u00e7\u00e3o P\u00fablico-Privada, em que apostamos fortemente. Queremos contribuir para a forma\u00e7\u00e3o de excelentes quadros e gestores para a Administra\u00e7\u00e3o P\u00fablica e para as empresas, e apostar na promo\u00e7\u00e3o do empreendedorismo, indo ao encontro das necessidades do pa\u00eds. <\/p>\n\n\n\n<p><\/p>\n\n\n\n<p><strong>Como \u00e9 que se adaptam aos desafios da globaliza\u00e7\u00e3o, digitaliza\u00e7\u00e3o e sustentabilidade?  <\/strong><\/p>\n\n\n\n<p>Os conte\u00fados dos planos das diversas unidades curriculares t\u00eam vindo a incorporar o estudo dos fen\u00f3menos internacionais e transnacionais, nas suas mais variadas vertentes, tanto p\u00fablicas como privadas. O estudo de direito da Uni\u00e3o Europeia ocupa, desde h\u00e1 muito, um lugar destacado, mas deve ser igualmente salientado o estudo das organiza\u00e7\u00f5es internacionais dedicadas \u00e0 prote\u00e7\u00e3o da paz, do ambiente e da transi\u00e7\u00e3o digital. <\/p>\n\n\n\n<p><\/p>\n\n\n<div class=\"wp-block-image\">\n<figure class=\"aligncenter size-large is-resized\"><img loading=\"lazy\" decoding=\"async\" width=\"1024\" height=\"1024\" src=\"https:\/\/maismagazine.pt\/wp-content\/uploads\/2024\/05\/327305851_605855408018307_8309424090075844901_n-1024x1024.png\" alt=\"\" class=\"wp-image-9758\" style=\"aspect-ratio:1;width:271px;height:auto\" srcset=\"http:\/\/maismagazine.pt\/wp-content\/uploads\/2024\/05\/327305851_605855408018307_8309424090075844901_n-1024x1024.png 1024w, http:\/\/maismagazine.pt\/wp-content\/uploads\/2024\/05\/327305851_605855408018307_8309424090075844901_n-300x300.png 300w, http:\/\/maismagazine.pt\/wp-content\/uploads\/2024\/05\/327305851_605855408018307_8309424090075844901_n-150x150.png 150w, http:\/\/maismagazine.pt\/wp-content\/uploads\/2024\/05\/327305851_605855408018307_8309424090075844901_n-768x768.png 768w, http:\/\/maismagazine.pt\/wp-content\/uploads\/2024\/05\/327305851_605855408018307_8309424090075844901_n-1536x1536.png 1536w, http:\/\/maismagazine.pt\/wp-content\/uploads\/2024\/05\/327305851_605855408018307_8309424090075844901_n.png 1666w\" sizes=\"auto, (max-width: 1024px) 100vw, 1024px\" \/><\/figure><\/div>","protected":false},"excerpt":{"rendered":"<p>Com uma hist\u00f3ria rica e um olhar voltado para o futuro, a Faculdade de Direito da Universidade de Coimbra (FDUC) destaca-se n\u00e3o s\u00f3 pelo seu legado, mas tamb\u00e9m pela sua capacidade de adapta\u00e7\u00e3o aos tempos modernos, abra\u00e7ando temas como a globaliza\u00e7\u00e3o, digitaliza\u00e7\u00e3o e sustentabilidade. A Faculdade de Direito da Universidade&hellip;<\/p>\n","protected":false},"author":17,"featured_media":9761,"comment_status":"closed","ping_status":"open","sticky":false,"template":"","format":"standard","meta":{"advgb_blocks_editor_width":"","advgb_blocks_columns_visual_guide":"","_monsterinsights_skip_tracking":false,"_monsterinsights_sitenote_active":false,"_monsterinsights_sitenote_note":"","_monsterinsights_sitenote_category":0,"footnotes":""},"categories":[149],"tags":[2003],"class_list":["post-9754","post","type-post","status-publish","format-standard","has-post-thumbnail","hentry","category-educacao","tag-faculdade-direito-coimbra"],"yoast_head":"<!-- This site is optimized with the Yoast SEO plugin v24.4 - https:\/\/yoast.com\/wordpress\/plugins\/seo\/ -->\n<title>Um polo aut\u00f3nomo de excel\u00eancia - Mais Magazine<\/title>\n<meta name=\"description\" content=\"Com uma hist\u00f3ria rica e um olhar voltado para o futuro, a Faculdade de Direito da Universidade de Coimbra (FDUC) destaca-se n\u00e3o s\u00f3 pelo seu legado, mas tamb\u00e9m pela sua capacidade de adapta\u00e7\u00e3o aos tempos modernos, abra\u00e7ando temas como a globaliza\u00e7\u00e3o, digitaliza\u00e7\u00e3o e sustentabilidade.\" \/>\n<meta name=\"robots\" content=\"index, follow, max-snippet:-1, max-image-preview:large, max-video-preview:-1\" \/>\n<link rel=\"canonical\" href=\"https:\/\/maismagazine.pt\/index.php\/2024\/05\/24\/um-polo-autonomo-de-excelencia\/\" \/>\n<meta property=\"og:locale\" content=\"pt_PT\" \/>\n<meta property=\"og:type\" content=\"article\" \/>\n<meta property=\"og:title\" content=\"Um polo aut\u00f3nomo de excel\u00eancia - Mais Magazine\" \/>\n<meta property=\"og:description\" content=\"Com uma hist\u00f3ria rica e um olhar voltado para o futuro, a Faculdade de Direito da Universidade de Coimbra (FDUC) destaca-se n\u00e3o s\u00f3 pelo seu legado, mas tamb\u00e9m pela sua capacidade de adapta\u00e7\u00e3o aos tempos modernos, abra\u00e7ando temas como a globaliza\u00e7\u00e3o, digitaliza\u00e7\u00e3o e sustentabilidade.\" \/>\n<meta property=\"og:url\" content=\"https:\/\/maismagazine.pt\/index.php\/2024\/05\/24\/um-polo-autonomo-de-excelencia\/\" \/>\n<meta property=\"og:site_name\" content=\"Mais Magazine\" \/>\n<meta property=\"article:published_time\" content=\"2024-05-24T06:00:00+00:00\" \/>\n<meta property=\"og:image\" content=\"https:\/\/maismagazine.pt\/wp-content\/uploads\/2024\/05\/Captura-de-ecra-2023-03-14-142307-1.png\" \/>\n\t<meta property=\"og:image:width\" content=\"283\" \/>\n\t<meta property=\"og:image:height\" content=\"376\" \/>\n\t<meta property=\"og:image:type\" content=\"image\/png\" \/>\n<meta name=\"author\" content=\"Tiago Costa\" \/>\n<meta name=\"twitter:card\" content=\"summary_large_image\" \/>\n<meta name=\"twitter:label1\" content=\"Escrito por\" \/>\n\t<meta name=\"twitter:data1\" content=\"\" \/>\n\t<meta name=\"twitter:label2\" content=\"Tempo estimado de leitura\" \/>\n\t<meta name=\"twitter:data2\" content=\"4 minutos\" \/>\n<script type=\"application\/ld+json\" class=\"yoast-schema-graph\">{\"@context\":\"https:\/\/schema.org\",\"@graph\":[{\"@type\":\"Article\",\"@id\":\"https:\/\/maismagazine.pt\/index.php\/2024\/05\/24\/um-polo-autonomo-de-excelencia\/#article\",\"isPartOf\":{\"@id\":\"https:\/\/maismagazine.pt\/index.php\/2024\/05\/24\/um-polo-autonomo-de-excelencia\/\"},\"author\":{\"name\":\"Tiago Costa\",\"@id\":\"https:\/\/maismagazine.pt\/#\/schema\/person\/c6c5bfccc886434cbd11c74e035f9646\"},\"headline\":\"Um polo aut\u00f3nomo de excel\u00eancia\",\"datePublished\":\"2024-05-24T06:00:00+00:00\",\"mainEntityOfPage\":{\"@id\":\"https:\/\/maismagazine.pt\/index.php\/2024\/05\/24\/um-polo-autonomo-de-excelencia\/\"},\"wordCount\":568,\"publisher\":{\"@id\":\"https:\/\/maismagazine.pt\/#organization\"},\"image\":{\"@id\":\"https:\/\/maismagazine.pt\/index.php\/2024\/05\/24\/um-polo-autonomo-de-excelencia\/#primaryimage\"},\"thumbnailUrl\":\"http:\/\/maismagazine.pt\/wp-content\/uploads\/2024\/05\/Captura-de-ecra-2023-03-14-142307-1.png\",\"keywords\":[\"Faculdade Direito Coimbra\"],\"articleSection\":[\"Educa\u00e7\u00e3o\"],\"inLanguage\":\"pt-PT\"},{\"@type\":\"WebPage\",\"@id\":\"https:\/\/maismagazine.pt\/index.php\/2024\/05\/24\/um-polo-autonomo-de-excelencia\/\",\"url\":\"https:\/\/maismagazine.pt\/index.php\/2024\/05\/24\/um-polo-autonomo-de-excelencia\/\",\"name\":\"Um polo aut\u00f3nomo de excel\u00eancia - Mais Magazine\",\"isPartOf\":{\"@id\":\"https:\/\/maismagazine.pt\/#website\"},\"primaryImageOfPage\":{\"@id\":\"https:\/\/maismagazine.pt\/index.php\/2024\/05\/24\/um-polo-autonomo-de-excelencia\/#primaryimage\"},\"image\":{\"@id\":\"https:\/\/maismagazine.pt\/index.php\/2024\/05\/24\/um-polo-autonomo-de-excelencia\/#primaryimage\"},\"thumbnailUrl\":\"http:\/\/maismagazine.pt\/wp-content\/uploads\/2024\/05\/Captura-de-ecra-2023-03-14-142307-1.png\",\"datePublished\":\"2024-05-24T06:00:00+00:00\",\"description\":\"Com uma hist\u00f3ria rica e um olhar voltado para o futuro, a Faculdade de Direito da Universidade de Coimbra (FDUC) destaca-se n\u00e3o s\u00f3 pelo seu legado, mas tamb\u00e9m pela sua capacidade de adapta\u00e7\u00e3o aos tempos modernos, abra\u00e7ando temas como a globaliza\u00e7\u00e3o, digitaliza\u00e7\u00e3o e sustentabilidade.\",\"breadcrumb\":{\"@id\":\"https:\/\/maismagazine.pt\/index.php\/2024\/05\/24\/um-polo-autonomo-de-excelencia\/#breadcrumb\"},\"inLanguage\":\"pt-PT\",\"potentialAction\":[{\"@type\":\"ReadAction\",\"target\":[\"https:\/\/maismagazine.pt\/index.php\/2024\/05\/24\/um-polo-autonomo-de-excelencia\/\"]}]},{\"@type\":\"ImageObject\",\"inLanguage\":\"pt-PT\",\"@id\":\"https:\/\/maismagazine.pt\/index.php\/2024\/05\/24\/um-polo-autonomo-de-excelencia\/#primaryimage\",\"url\":\"http:\/\/maismagazine.pt\/wp-content\/uploads\/2024\/05\/Captura-de-ecra-2023-03-14-142307-1.png\",\"contentUrl\":\"http:\/\/maismagazine.pt\/wp-content\/uploads\/2024\/05\/Captura-de-ecra-2023-03-14-142307-1.png\",\"width\":283,\"height\":376},{\"@type\":\"BreadcrumbList\",\"@id\":\"https:\/\/maismagazine.pt\/index.php\/2024\/05\/24\/um-polo-autonomo-de-excelencia\/#breadcrumb\",\"itemListElement\":[{\"@type\":\"ListItem\",\"position\":1,\"name\":\"Home\",\"item\":\"https:\/\/maismagazine.pt\/\"},{\"@type\":\"ListItem\",\"position\":2,\"name\":\"Um polo aut\u00f3nomo de excel\u00eancia\"}]},{\"@type\":\"WebSite\",\"@id\":\"https:\/\/maismagazine.pt\/#website\",\"url\":\"https:\/\/maismagazine.pt\/\",\"name\":\"Mais Magazine\",\"description\":\"\",\"publisher\":{\"@id\":\"https:\/\/maismagazine.pt\/#organization\"},\"potentialAction\":[{\"@type\":\"SearchAction\",\"target\":{\"@type\":\"EntryPoint\",\"urlTemplate\":\"https:\/\/maismagazine.pt\/?s={search_term_string}\"},\"query-input\":{\"@type\":\"PropertyValueSpecification\",\"valueRequired\":true,\"valueName\":\"search_term_string\"}}],\"inLanguage\":\"pt-PT\"},{\"@type\":\"Organization\",\"@id\":\"https:\/\/maismagazine.pt\/#organization\",\"name\":\"Mais Magazine\",\"url\":\"https:\/\/maismagazine.pt\/\",\"logo\":{\"@type\":\"ImageObject\",\"inLanguage\":\"pt-PT\",\"@id\":\"https:\/\/maismagazine.pt\/#\/schema\/logo\/image\/\",\"url\":\"http:\/\/maismagazine.pt\/wp-content\/uploads\/2020\/04\/cropped-cropped-mais-magazine-site-logo-2.png\",\"contentUrl\":\"http:\/\/maismagazine.pt\/wp-content\/uploads\/2020\/04\/cropped-cropped-mais-magazine-site-logo-2.png\",\"width\":581,\"height\":90,\"caption\":\"Mais Magazine\"},\"image\":{\"@id\":\"https:\/\/maismagazine.pt\/#\/schema\/logo\/image\/\"}},{\"@type\":\"Person\",\"@id\":\"https:\/\/maismagazine.pt\/#\/schema\/person\/c6c5bfccc886434cbd11c74e035f9646\",\"name\":\"Tiago Costa\",\"image\":{\"@type\":\"ImageObject\",\"inLanguage\":\"pt-PT\",\"@id\":\"https:\/\/maismagazine.pt\/#\/schema\/person\/image\/\",\"url\":\"https:\/\/secure.gravatar.com\/avatar\/c599b2bce16c9870429198cbad5ee022?s=96&d=mm&r=g\",\"contentUrl\":\"https:\/\/secure.gravatar.com\/avatar\/c599b2bce16c9870429198cbad5ee022?s=96&d=mm&r=g\",\"caption\":\"Tiago Costa\"},\"url\":\"http:\/\/maismagazine.pt\/index.php\/author\/tiago\/\"}]}<\/script>\n<!-- \/ Yoast SEO plugin. -->","yoast_head_json":{"title":"Um polo aut\u00f3nomo de excel\u00eancia - Mais Magazine","description":"Com uma hist\u00f3ria rica e um olhar voltado para o futuro, a Faculdade de Direito da Universidade de Coimbra (FDUC) destaca-se n\u00e3o s\u00f3 pelo seu legado, mas tamb\u00e9m pela sua capacidade de adapta\u00e7\u00e3o aos tempos modernos, abra\u00e7ando temas como a globaliza\u00e7\u00e3o, digitaliza\u00e7\u00e3o e sustentabilidade.","robots":{"index":"index","follow":"follow","max-snippet":"max-snippet:-1","max-image-preview":"max-image-preview:large","max-video-preview":"max-video-preview:-1"},"canonical":"https:\/\/maismagazine.pt\/index.php\/2024\/05\/24\/um-polo-autonomo-de-excelencia\/","og_locale":"pt_PT","og_type":"article","og_title":"Um polo aut\u00f3nomo de excel\u00eancia - Mais Magazine","og_description":"Com uma hist\u00f3ria rica e um olhar voltado para o futuro, a Faculdade de Direito da Universidade de Coimbra (FDUC) destaca-se n\u00e3o s\u00f3 pelo seu legado, mas tamb\u00e9m pela sua capacidade de adapta\u00e7\u00e3o aos tempos modernos, abra\u00e7ando temas como a globaliza\u00e7\u00e3o, digitaliza\u00e7\u00e3o e sustentabilidade.","og_url":"https:\/\/maismagazine.pt\/index.php\/2024\/05\/24\/um-polo-autonomo-de-excelencia\/","og_site_name":"Mais Magazine","article_published_time":"2024-05-24T06:00:00+00:00","og_image":[{"width":283,"height":376,"url":"https:\/\/maismagazine.pt\/wp-content\/uploads\/2024\/05\/Captura-de-ecra-2023-03-14-142307-1.png","type":"image\/png"}],"author":"Tiago Costa","twitter_card":"summary_large_image","twitter_misc":{"Escrito por":false,"Tempo estimado de leitura":"4 minutos"},"schema":{"@context":"https:\/\/schema.org","@graph":[{"@type":"Article","@id":"https:\/\/maismagazine.pt\/index.php\/2024\/05\/24\/um-polo-autonomo-de-excelencia\/#article","isPartOf":{"@id":"https:\/\/maismagazine.pt\/index.php\/2024\/05\/24\/um-polo-autonomo-de-excelencia\/"},"author":{"name":"Tiago Costa","@id":"https:\/\/maismagazine.pt\/#\/schema\/person\/c6c5bfccc886434cbd11c74e035f9646"},"headline":"Um polo aut\u00f3nomo de excel\u00eancia","datePublished":"2024-05-24T06:00:00+00:00","mainEntityOfPage":{"@id":"https:\/\/maismagazine.pt\/index.php\/2024\/05\/24\/um-polo-autonomo-de-excelencia\/"},"wordCount":568,"publisher":{"@id":"https:\/\/maismagazine.pt\/#organization"},"image":{"@id":"https:\/\/maismagazine.pt\/index.php\/2024\/05\/24\/um-polo-autonomo-de-excelencia\/#primaryimage"},"thumbnailUrl":"http:\/\/maismagazine.pt\/wp-content\/uploads\/2024\/05\/Captura-de-ecra-2023-03-14-142307-1.png","keywords":["Faculdade Direito Coimbra"],"articleSection":["Educa\u00e7\u00e3o"],"inLanguage":"pt-PT"},{"@type":"WebPage","@id":"https:\/\/maismagazine.pt\/index.php\/2024\/05\/24\/um-polo-autonomo-de-excelencia\/","url":"https:\/\/maismagazine.pt\/index.php\/2024\/05\/24\/um-polo-autonomo-de-excelencia\/","name":"Um polo aut\u00f3nomo de excel\u00eancia - Mais Magazine","isPartOf":{"@id":"https:\/\/maismagazine.pt\/#website"},"primaryImageOfPage":{"@id":"https:\/\/maismagazine.pt\/index.php\/2024\/05\/24\/um-polo-autonomo-de-excelencia\/#primaryimage"},"image":{"@id":"https:\/\/maismagazine.pt\/index.php\/2024\/05\/24\/um-polo-autonomo-de-excelencia\/#primaryimage"},"thumbnailUrl":"http:\/\/maismagazine.pt\/wp-content\/uploads\/2024\/05\/Captura-de-ecra-2023-03-14-142307-1.png","datePublished":"2024-05-24T06:00:00+00:00","description":"Com uma hist\u00f3ria rica e um olhar voltado para o futuro, a Faculdade de Direito da Universidade de Coimbra (FDUC) destaca-se n\u00e3o s\u00f3 pelo seu legado, mas tamb\u00e9m pela sua capacidade de adapta\u00e7\u00e3o aos tempos modernos, abra\u00e7ando temas como a globaliza\u00e7\u00e3o, digitaliza\u00e7\u00e3o e sustentabilidade.","breadcrumb":{"@id":"https:\/\/maismagazine.pt\/index.php\/2024\/05\/24\/um-polo-autonomo-de-excelencia\/#breadcrumb"},"inLanguage":"pt-PT","potentialAction":[{"@type":"ReadAction","target":["https:\/\/maismagazine.pt\/index.php\/2024\/05\/24\/um-polo-autonomo-de-excelencia\/"]}]},{"@type":"ImageObject","inLanguage":"pt-PT","@id":"https:\/\/maismagazine.pt\/index.php\/2024\/05\/24\/um-polo-autonomo-de-excelencia\/#primaryimage","url":"http:\/\/maismagazine.pt\/wp-content\/uploads\/2024\/05\/Captura-de-ecra-2023-03-14-142307-1.png","contentUrl":"http:\/\/maismagazine.pt\/wp-content\/uploads\/2024\/05\/Captura-de-ecra-2023-03-14-142307-1.png","width":283,"height":376},{"@type":"BreadcrumbList","@id":"https:\/\/maismagazine.pt\/index.php\/2024\/05\/24\/um-polo-autonomo-de-excelencia\/#breadcrumb","itemListElement":[{"@type":"ListItem","position":1,"name":"Home","item":"https:\/\/maismagazine.pt\/"},{"@type":"ListItem","position":2,"name":"Um polo aut\u00f3nomo de excel\u00eancia"}]},{"@type":"WebSite","@id":"https:\/\/maismagazine.pt\/#website","url":"https:\/\/maismagazine.pt\/","name":"Mais Magazine","description":"","publisher":{"@id":"https:\/\/maismagazine.pt\/#organization"},"potentialAction":[{"@type":"SearchAction","target":{"@type":"EntryPoint","urlTemplate":"https:\/\/maismagazine.pt\/?s={search_term_string}"},"query-input":{"@type":"PropertyValueSpecification","valueRequired":true,"valueName":"search_term_string"}}],"inLanguage":"pt-PT"},{"@type":"Organization","@id":"https:\/\/maismagazine.pt\/#organization","name":"Mais Magazine","url":"https:\/\/maismagazine.pt\/","logo":{"@type":"ImageObject","inLanguage":"pt-PT","@id":"https:\/\/maismagazine.pt\/#\/schema\/logo\/image\/","url":"http:\/\/maismagazine.pt\/wp-content\/uploads\/2020\/04\/cropped-cropped-mais-magazine-site-logo-2.png","contentUrl":"http:\/\/maismagazine.pt\/wp-content\/uploads\/2020\/04\/cropped-cropped-mais-magazine-site-logo-2.png","width":581,"height":90,"caption":"Mais Magazine"},"image":{"@id":"https:\/\/maismagazine.pt\/#\/schema\/logo\/image\/"}},{"@type":"Person","@id":"https:\/\/maismagazine.pt\/#\/schema\/person\/c6c5bfccc886434cbd11c74e035f9646","name":"Tiago Costa","image":{"@type":"ImageObject","inLanguage":"pt-PT","@id":"https:\/\/maismagazine.pt\/#\/schema\/person\/image\/","url":"https:\/\/secure.gravatar.com\/avatar\/c599b2bce16c9870429198cbad5ee022?s=96&d=mm&r=g","contentUrl":"https:\/\/secure.gravatar.com\/avatar\/c599b2bce16c9870429198cbad5ee022?s=96&d=mm&r=g","caption":"Tiago Costa"},"url":"http:\/\/maismagazine.pt\/index.php\/author\/tiago\/"}]}},"author_meta":{"display_name":false,"author_link":"http:\/\/maismagazine.pt\/index.php\/author\/tiago\/"},"featured_img":"http:\/\/maismagazine.pt\/wp-content\/uploads\/2024\/05\/Captura-de-ecra-2023-03-14-142307-1-226x300.png","coauthors":[],"tax_additional":{"categories":{"linked":["<a href=\"http:\/\/maismagazine.pt\/index.php\/category\/educacao\/\" class=\"advgb-post-tax-term\">Educa\u00e7\u00e3o<\/a>"],"unlinked":["<span class=\"advgb-post-tax-term\">Educa\u00e7\u00e3o<\/span>"]},"tags":{"linked":["<a href=\"http:\/\/maismagazine.pt\/index.php\/category\/educacao\/\" class=\"advgb-post-tax-term\">Faculdade Direito Coimbra<\/a>"],"unlinked":["<span class=\"advgb-post-tax-term\">Faculdade Direito Coimbra<\/span>"]}},"comment_count":"0","relative_dates":{"created":"Posted 2 anos ago","modified":"Updated 2 anos ago"},"absolute_dates":{"created":"Posted on 24 de Maio, 2024","modified":"Updated on 21 de Maio, 2024"},"absolute_dates_time":{"created":"Posted on 24 de Maio, 2024 7:00","modified":"Updated on 21 de Maio, 2024 14:49"},"featured_img_caption":"","series_order":"","_links":{"self":[{"href":"http:\/\/maismagazine.pt\/index.php\/wp-json\/wp\/v2\/posts\/9754","targetHints":{"allow":["GET"]}}],"collection":[{"href":"http:\/\/maismagazine.pt\/index.php\/wp-json\/wp\/v2\/posts"}],"about":[{"href":"http:\/\/maismagazine.pt\/index.php\/wp-json\/wp\/v2\/types\/post"}],"author":[{"embeddable":true,"href":"http:\/\/maismagazine.pt\/index.php\/wp-json\/wp\/v2\/users\/17"}],"replies":[{"embeddable":true,"href":"http:\/\/maismagazine.pt\/index.php\/wp-json\/wp\/v2\/comments?post=9754"}],"version-history":[{"count":3,"href":"http:\/\/maismagazine.pt\/index.php\/wp-json\/wp\/v2\/posts\/9754\/revisions"}],"predecessor-version":[{"id":9765,"href":"http:\/\/maismagazine.pt\/index.php\/wp-json\/wp\/v2\/posts\/9754\/revisions\/9765"}],"wp:featuredmedia":[{"embeddable":true,"href":"http:\/\/maismagazine.pt\/index.php\/wp-json\/wp\/v2\/media\/9761"}],"wp:attachment":[{"href":"http:\/\/maismagazine.pt\/index.php\/wp-json\/wp\/v2\/media?parent=9754"}],"wp:term":[{"taxonomy":"category","embeddable":true,"href":"http:\/\/maismagazine.pt\/index.php\/wp-json\/wp\/v2\/categories?post=9754"},{"taxonomy":"post_tag","embeddable":true,"href":"http:\/\/maismagazine.pt\/index.php\/wp-json\/wp\/v2\/tags?post=9754"}],"curies":[{"name":"wp","href":"https:\/\/api.w.org\/{rel}","templated":true}]}}