{"id":9733,"date":"2024-05-24T07:00:00","date_gmt":"2024-05-24T06:00:00","guid":{"rendered":"https:\/\/maismagazine.pt\/?p=9733"},"modified":"2024-05-21T14:29:24","modified_gmt":"2024-05-21T13:29:24","slug":"a-importancia-da-gestao-integrada-da-agua-2","status":"publish","type":"post","link":"http:\/\/maismagazine.pt\/index.php\/2024\/05\/24\/a-importancia-da-gestao-integrada-da-agua-2\/","title":{"rendered":"A import\u00e2ncia da gest\u00e3o integrada da \u00e1gua"},"content":{"rendered":"\n<p>A \u00e1gua \u00e9 um recurso vital, sendo indispens\u00e1vel para o desenvolvimento sustent\u00e1vel, a biodiversidade e a manuten\u00e7\u00e3o da vida no planeta.<\/p>\n\n\n\n<p><\/p>\n\n\n\n<p>A gest\u00e3o dos recursos h\u00eddricos apresenta-se como um dos grandes desafios do nosso tempo, num cen\u00e1rio agravado pelas altera\u00e7\u00f5es clim\u00e1ticas, nomeadamente com per\u00edodos de seca mais frequentes e intensos que amea\u00e7am a disponibilidade de \u00e1gua doce, com maior incid\u00eancia nas regi\u00f5es mais a sul do nosso territ\u00f3rio. \u00c9, assim, exigida a implementa\u00e7\u00e3o de estrat\u00e9gias eficazes, que promovam a resili\u00eancia dos sistemas, envolvendo todos os atores da sociedade, incluindo o setor p\u00fablico, o privado e a sociedade civil.<\/p>\n\n\n\n<p><\/p>\n\n\n\n<p>A Ag\u00eancia Portuguesa do Ambiente (APA) desempenha um papel crucial neste processo, tendo como miss\u00e3o a gest\u00e3o integrada das pol\u00edticas ambientais. Como Autoridade Nacional da \u00c1gua, a APA tem compet\u00eancias na gest\u00e3o dos recursos h\u00eddricos, promovendo a monitoriza\u00e7\u00e3o, planeamento e avalia\u00e7\u00e3o, licenciamento e fiscaliza\u00e7\u00e3o, sendo o principal regulador ambiental em Portugal.<\/p>\n\n\n\n<p><\/p>\n\n\n\n<p>O desafio da gest\u00e3o integrada da \u00e1gua obriga a uma resposta coletiva e respons\u00e1vel, envolvendo a ado\u00e7\u00e3o de pr\u00e1ticas sustent\u00e1veis e a colabora\u00e7\u00e3o entre os diferentes setores da sociedade nessas din\u00e2micas de transforma\u00e7\u00e3o.<\/p>\n\n\n\n<p><\/p>\n\n\n\n<p>O compromisso com a conserva\u00e7\u00e3o e prote\u00e7\u00e3o da \u00e1gua \u00e9, portanto, um legado que devemos aspirar a deixar para as gera\u00e7\u00f5es futuras, garantindo um mundo onde a \u00e1gua continue a ser fonte de vida e prosperidade.<\/p>\n\n\n\n<p><\/p>\n\n\n\n<p>Jos\u00e9 Pimenta Machado, Vice-presidente do Conselho Diretivo da APA-Ag\u00eancia Portuguesa do Ambiente<\/p>\n\n\n\n<p><canvas width=\"995\" height=\"1405\"><\/canvas><\/p>\n","protected":false},"excerpt":{"rendered":"<p>A \u00e1gua \u00e9 um recurso vital, sendo indispens\u00e1vel para o desenvolvimento sustent\u00e1vel, a biodiversidade e a manuten\u00e7\u00e3o da vida no planeta. A gest\u00e3o dos recursos h\u00eddricos apresenta-se como um dos grandes desafios do nosso tempo, num cen\u00e1rio agravado pelas altera\u00e7\u00f5es clim\u00e1ticas, nomeadamente com per\u00edodos de seca mais frequentes e intensos&hellip;<\/p>\n","protected":false},"author":18,"featured_media":9734,"comment_status":"closed","ping_status":"open","sticky":false,"template":"","format":"standard","meta":{"advgb_blocks_editor_width":"","advgb_blocks_columns_visual_guide":"","_monsterinsights_skip_tracking":false,"_monsterinsights_sitenote_active":false,"_monsterinsights_sitenote_note":"","_monsterinsights_sitenote_category":0,"footnotes":""},"categories":[52],"tags":[107,1921],"class_list":["post-9733","post","type-post","status-publish","format-standard","has-post-thumbnail","hentry","category-destaque","tag-agua","tag-apa"],"yoast_head":"<!-- This site is optimized with the Yoast SEO plugin v24.4 - https:\/\/yoast.com\/wordpress\/plugins\/seo\/ -->\n<title>A import\u00e2ncia da gest\u00e3o integrada da \u00e1gua - Mais Magazine<\/title>\n<meta name=\"robots\" content=\"index, follow, max-snippet:-1, max-image-preview:large, max-video-preview:-1\" \/>\n<link rel=\"canonical\" href=\"https:\/\/maismagazine.pt\/index.php\/2024\/05\/24\/a-importancia-da-gestao-integrada-da-agua-2\/\" \/>\n<meta property=\"og:locale\" content=\"pt_PT\" \/>\n<meta property=\"og:type\" content=\"article\" \/>\n<meta property=\"og:title\" content=\"A import\u00e2ncia da gest\u00e3o integrada da \u00e1gua - Mais Magazine\" \/>\n<meta property=\"og:description\" content=\"A \u00e1gua \u00e9 um recurso vital, sendo indispens\u00e1vel para o desenvolvimento sustent\u00e1vel, a biodiversidade e a manuten\u00e7\u00e3o da vida no planeta. A gest\u00e3o dos recursos h\u00eddricos apresenta-se como um dos grandes desafios do nosso tempo, num cen\u00e1rio agravado pelas altera\u00e7\u00f5es clim\u00e1ticas, nomeadamente com per\u00edodos de seca mais frequentes e intensos&hellip;\" \/>\n<meta property=\"og:url\" content=\"https:\/\/maismagazine.pt\/index.php\/2024\/05\/24\/a-importancia-da-gestao-integrada-da-agua-2\/\" \/>\n<meta property=\"og:site_name\" content=\"Mais Magazine\" \/>\n<meta property=\"article:published_time\" content=\"2024-05-24T06:00:00+00:00\" \/>\n<meta property=\"og:image\" content=\"https:\/\/maismagazine.pt\/wp-content\/uploads\/2024\/05\/Jose-Pimenta-Machado-Vice-presidente-do-Conselho-Diretivo-da-APA-Agencia-Portuguesa-do-Ambiente.jpg\" \/>\n\t<meta property=\"og:image:width\" content=\"989\" \/>\n\t<meta property=\"og:image:height\" content=\"1025\" \/>\n\t<meta property=\"og:image:type\" content=\"image\/jpeg\" \/>\n<meta name=\"author\" content=\"Tatiana Martins\" \/>\n<meta name=\"twitter:card\" content=\"summary_large_image\" \/>\n<meta name=\"twitter:label1\" content=\"Escrito por\" \/>\n\t<meta name=\"twitter:data1\" content=\"\" \/>\n\t<meta name=\"twitter:label2\" content=\"Tempo estimado de leitura\" \/>\n\t<meta name=\"twitter:data2\" content=\"2 minutos\" \/>\n<script type=\"application\/ld+json\" class=\"yoast-schema-graph\">{\"@context\":\"https:\/\/schema.org\",\"@graph\":[{\"@type\":\"Article\",\"@id\":\"https:\/\/maismagazine.pt\/index.php\/2024\/05\/24\/a-importancia-da-gestao-integrada-da-agua-2\/#article\",\"isPartOf\":{\"@id\":\"https:\/\/maismagazine.pt\/index.php\/2024\/05\/24\/a-importancia-da-gestao-integrada-da-agua-2\/\"},\"author\":{\"name\":\"Tatiana Martins\",\"@id\":\"http:\/\/maismagazine.pt\/#\/schema\/person\/7426e2caeb8df32a1b56aa48dae778c9\"},\"headline\":\"A import\u00e2ncia da gest\u00e3o integrada da \u00e1gua\",\"datePublished\":\"2024-05-24T06:00:00+00:00\",\"mainEntityOfPage\":{\"@id\":\"https:\/\/maismagazine.pt\/index.php\/2024\/05\/24\/a-importancia-da-gestao-integrada-da-agua-2\/\"},\"wordCount\":275,\"publisher\":{\"@id\":\"http:\/\/maismagazine.pt\/#organization\"},\"image\":{\"@id\":\"https:\/\/maismagazine.pt\/index.php\/2024\/05\/24\/a-importancia-da-gestao-integrada-da-agua-2\/#primaryimage\"},\"thumbnailUrl\":\"http:\/\/maismagazine.pt\/wp-content\/uploads\/2024\/05\/Jose-Pimenta-Machado-Vice-presidente-do-Conselho-Diretivo-da-APA-Agencia-Portuguesa-do-Ambiente.jpg\",\"keywords\":[\"\u00c1gua\",\"APA\"],\"articleSection\":[\"Destaque lateral\"],\"inLanguage\":\"pt-PT\"},{\"@type\":\"WebPage\",\"@id\":\"https:\/\/maismagazine.pt\/index.php\/2024\/05\/24\/a-importancia-da-gestao-integrada-da-agua-2\/\",\"url\":\"https:\/\/maismagazine.pt\/index.php\/2024\/05\/24\/a-importancia-da-gestao-integrada-da-agua-2\/\",\"name\":\"A import\u00e2ncia da gest\u00e3o integrada da \u00e1gua - Mais Magazine\",\"isPartOf\":{\"@id\":\"http:\/\/maismagazine.pt\/#website\"},\"primaryImageOfPage\":{\"@id\":\"https:\/\/maismagazine.pt\/index.php\/2024\/05\/24\/a-importancia-da-gestao-integrada-da-agua-2\/#primaryimage\"},\"image\":{\"@id\":\"https:\/\/maismagazine.pt\/index.php\/2024\/05\/24\/a-importancia-da-gestao-integrada-da-agua-2\/#primaryimage\"},\"thumbnailUrl\":\"http:\/\/maismagazine.pt\/wp-content\/uploads\/2024\/05\/Jose-Pimenta-Machado-Vice-presidente-do-Conselho-Diretivo-da-APA-Agencia-Portuguesa-do-Ambiente.jpg\",\"datePublished\":\"2024-05-24T06:00:00+00:00\",\"breadcrumb\":{\"@id\":\"https:\/\/maismagazine.pt\/index.php\/2024\/05\/24\/a-importancia-da-gestao-integrada-da-agua-2\/#breadcrumb\"},\"inLanguage\":\"pt-PT\",\"potentialAction\":[{\"@type\":\"ReadAction\",\"target\":[\"https:\/\/maismagazine.pt\/index.php\/2024\/05\/24\/a-importancia-da-gestao-integrada-da-agua-2\/\"]}]},{\"@type\":\"ImageObject\",\"inLanguage\":\"pt-PT\",\"@id\":\"https:\/\/maismagazine.pt\/index.php\/2024\/05\/24\/a-importancia-da-gestao-integrada-da-agua-2\/#primaryimage\",\"url\":\"http:\/\/maismagazine.pt\/wp-content\/uploads\/2024\/05\/Jose-Pimenta-Machado-Vice-presidente-do-Conselho-Diretivo-da-APA-Agencia-Portuguesa-do-Ambiente.jpg\",\"contentUrl\":\"http:\/\/maismagazine.pt\/wp-content\/uploads\/2024\/05\/Jose-Pimenta-Machado-Vice-presidente-do-Conselho-Diretivo-da-APA-Agencia-Portuguesa-do-Ambiente.jpg\",\"width\":989,\"height\":1025},{\"@type\":\"BreadcrumbList\",\"@id\":\"https:\/\/maismagazine.pt\/index.php\/2024\/05\/24\/a-importancia-da-gestao-integrada-da-agua-2\/#breadcrumb\",\"itemListElement\":[{\"@type\":\"ListItem\",\"position\":1,\"name\":\"Home\",\"item\":\"http:\/\/maismagazine.pt\/\"},{\"@type\":\"ListItem\",\"position\":2,\"name\":\"A import\u00e2ncia da gest\u00e3o integrada da \u00e1gua\"}]},{\"@type\":\"WebSite\",\"@id\":\"http:\/\/maismagazine.pt\/#website\",\"url\":\"http:\/\/maismagazine.pt\/\",\"name\":\"Mais Magazine\",\"description\":\"\",\"publisher\":{\"@id\":\"http:\/\/maismagazine.pt\/#organization\"},\"potentialAction\":[{\"@type\":\"SearchAction\",\"target\":{\"@type\":\"EntryPoint\",\"urlTemplate\":\"http:\/\/maismagazine.pt\/?s={search_term_string}\"},\"query-input\":{\"@type\":\"PropertyValueSpecification\",\"valueRequired\":true,\"valueName\":\"search_term_string\"}}],\"inLanguage\":\"pt-PT\"},{\"@type\":\"Organization\",\"@id\":\"http:\/\/maismagazine.pt\/#organization\",\"name\":\"Mais Magazine\",\"url\":\"http:\/\/maismagazine.pt\/\",\"logo\":{\"@type\":\"ImageObject\",\"inLanguage\":\"pt-PT\",\"@id\":\"http:\/\/maismagazine.pt\/#\/schema\/logo\/image\/\",\"url\":\"http:\/\/maismagazine.pt\/wp-content\/uploads\/2020\/04\/cropped-cropped-mais-magazine-site-logo-2.png\",\"contentUrl\":\"http:\/\/maismagazine.pt\/wp-content\/uploads\/2020\/04\/cropped-cropped-mais-magazine-site-logo-2.png\",\"width\":581,\"height\":90,\"caption\":\"Mais Magazine\"},\"image\":{\"@id\":\"http:\/\/maismagazine.pt\/#\/schema\/logo\/image\/\"}},{\"@type\":\"Person\",\"@id\":\"http:\/\/maismagazine.pt\/#\/schema\/person\/7426e2caeb8df32a1b56aa48dae778c9\",\"name\":\"Tatiana Martins\",\"image\":{\"@type\":\"ImageObject\",\"inLanguage\":\"pt-PT\",\"@id\":\"http:\/\/maismagazine.pt\/#\/schema\/person\/image\/\",\"url\":\"https:\/\/secure.gravatar.com\/avatar\/4b24a57f5d0425f2eb20981c4b53244e?s=96&d=mm&r=g\",\"contentUrl\":\"https:\/\/secure.gravatar.com\/avatar\/4b24a57f5d0425f2eb20981c4b53244e?s=96&d=mm&r=g\",\"caption\":\"Tatiana Martins\"},\"url\":\"http:\/\/maismagazine.pt\/index.php\/author\/tatiana\/\"}]}<\/script>\n<!-- \/ Yoast SEO plugin. -->","yoast_head_json":{"title":"A import\u00e2ncia da gest\u00e3o integrada da \u00e1gua - Mais Magazine","robots":{"index":"index","follow":"follow","max-snippet":"max-snippet:-1","max-image-preview":"max-image-preview:large","max-video-preview":"max-video-preview:-1"},"canonical":"https:\/\/maismagazine.pt\/index.php\/2024\/05\/24\/a-importancia-da-gestao-integrada-da-agua-2\/","og_locale":"pt_PT","og_type":"article","og_title":"A import\u00e2ncia da gest\u00e3o integrada da \u00e1gua - Mais Magazine","og_description":"A \u00e1gua \u00e9 um recurso vital, sendo indispens\u00e1vel para o desenvolvimento sustent\u00e1vel, a biodiversidade e a manuten\u00e7\u00e3o da vida no planeta. A gest\u00e3o dos recursos h\u00eddricos apresenta-se como um dos grandes desafios do nosso tempo, num cen\u00e1rio agravado pelas altera\u00e7\u00f5es clim\u00e1ticas, nomeadamente com per\u00edodos de seca mais frequentes e intensos&hellip;","og_url":"https:\/\/maismagazine.pt\/index.php\/2024\/05\/24\/a-importancia-da-gestao-integrada-da-agua-2\/","og_site_name":"Mais Magazine","article_published_time":"2024-05-24T06:00:00+00:00","og_image":[{"width":989,"height":1025,"url":"https:\/\/maismagazine.pt\/wp-content\/uploads\/2024\/05\/Jose-Pimenta-Machado-Vice-presidente-do-Conselho-Diretivo-da-APA-Agencia-Portuguesa-do-Ambiente.jpg","type":"image\/jpeg"}],"author":"Tatiana Martins","twitter_card":"summary_large_image","twitter_misc":{"Escrito por":false,"Tempo estimado de leitura":"2 minutos"},"schema":{"@context":"https:\/\/schema.org","@graph":[{"@type":"Article","@id":"https:\/\/maismagazine.pt\/index.php\/2024\/05\/24\/a-importancia-da-gestao-integrada-da-agua-2\/#article","isPartOf":{"@id":"https:\/\/maismagazine.pt\/index.php\/2024\/05\/24\/a-importancia-da-gestao-integrada-da-agua-2\/"},"author":{"name":"Tatiana Martins","@id":"http:\/\/maismagazine.pt\/#\/schema\/person\/7426e2caeb8df32a1b56aa48dae778c9"},"headline":"A import\u00e2ncia da gest\u00e3o integrada da \u00e1gua","datePublished":"2024-05-24T06:00:00+00:00","mainEntityOfPage":{"@id":"https:\/\/maismagazine.pt\/index.php\/2024\/05\/24\/a-importancia-da-gestao-integrada-da-agua-2\/"},"wordCount":275,"publisher":{"@id":"http:\/\/maismagazine.pt\/#organization"},"image":{"@id":"https:\/\/maismagazine.pt\/index.php\/2024\/05\/24\/a-importancia-da-gestao-integrada-da-agua-2\/#primaryimage"},"thumbnailUrl":"http:\/\/maismagazine.pt\/wp-content\/uploads\/2024\/05\/Jose-Pimenta-Machado-Vice-presidente-do-Conselho-Diretivo-da-APA-Agencia-Portuguesa-do-Ambiente.jpg","keywords":["\u00c1gua","APA"],"articleSection":["Destaque lateral"],"inLanguage":"pt-PT"},{"@type":"WebPage","@id":"https:\/\/maismagazine.pt\/index.php\/2024\/05\/24\/a-importancia-da-gestao-integrada-da-agua-2\/","url":"https:\/\/maismagazine.pt\/index.php\/2024\/05\/24\/a-importancia-da-gestao-integrada-da-agua-2\/","name":"A import\u00e2ncia da gest\u00e3o integrada da \u00e1gua - Mais Magazine","isPartOf":{"@id":"http:\/\/maismagazine.pt\/#website"},"primaryImageOfPage":{"@id":"https:\/\/maismagazine.pt\/index.php\/2024\/05\/24\/a-importancia-da-gestao-integrada-da-agua-2\/#primaryimage"},"image":{"@id":"https:\/\/maismagazine.pt\/index.php\/2024\/05\/24\/a-importancia-da-gestao-integrada-da-agua-2\/#primaryimage"},"thumbnailUrl":"http:\/\/maismagazine.pt\/wp-content\/uploads\/2024\/05\/Jose-Pimenta-Machado-Vice-presidente-do-Conselho-Diretivo-da-APA-Agencia-Portuguesa-do-Ambiente.jpg","datePublished":"2024-05-24T06:00:00+00:00","breadcrumb":{"@id":"https:\/\/maismagazine.pt\/index.php\/2024\/05\/24\/a-importancia-da-gestao-integrada-da-agua-2\/#breadcrumb"},"inLanguage":"pt-PT","potentialAction":[{"@type":"ReadAction","target":["https:\/\/maismagazine.pt\/index.php\/2024\/05\/24\/a-importancia-da-gestao-integrada-da-agua-2\/"]}]},{"@type":"ImageObject","inLanguage":"pt-PT","@id":"https:\/\/maismagazine.pt\/index.php\/2024\/05\/24\/a-importancia-da-gestao-integrada-da-agua-2\/#primaryimage","url":"http:\/\/maismagazine.pt\/wp-content\/uploads\/2024\/05\/Jose-Pimenta-Machado-Vice-presidente-do-Conselho-Diretivo-da-APA-Agencia-Portuguesa-do-Ambiente.jpg","contentUrl":"http:\/\/maismagazine.pt\/wp-content\/uploads\/2024\/05\/Jose-Pimenta-Machado-Vice-presidente-do-Conselho-Diretivo-da-APA-Agencia-Portuguesa-do-Ambiente.jpg","width":989,"height":1025},{"@type":"BreadcrumbList","@id":"https:\/\/maismagazine.pt\/index.php\/2024\/05\/24\/a-importancia-da-gestao-integrada-da-agua-2\/#breadcrumb","itemListElement":[{"@type":"ListItem","position":1,"name":"Home","item":"http:\/\/maismagazine.pt\/"},{"@type":"ListItem","position":2,"name":"A import\u00e2ncia da gest\u00e3o integrada da \u00e1gua"}]},{"@type":"WebSite","@id":"http:\/\/maismagazine.pt\/#website","url":"http:\/\/maismagazine.pt\/","name":"Mais Magazine","description":"","publisher":{"@id":"http:\/\/maismagazine.pt\/#organization"},"potentialAction":[{"@type":"SearchAction","target":{"@type":"EntryPoint","urlTemplate":"http:\/\/maismagazine.pt\/?s={search_term_string}"},"query-input":{"@type":"PropertyValueSpecification","valueRequired":true,"valueName":"search_term_string"}}],"inLanguage":"pt-PT"},{"@type":"Organization","@id":"http:\/\/maismagazine.pt\/#organization","name":"Mais Magazine","url":"http:\/\/maismagazine.pt\/","logo":{"@type":"ImageObject","inLanguage":"pt-PT","@id":"http:\/\/maismagazine.pt\/#\/schema\/logo\/image\/","url":"http:\/\/maismagazine.pt\/wp-content\/uploads\/2020\/04\/cropped-cropped-mais-magazine-site-logo-2.png","contentUrl":"http:\/\/maismagazine.pt\/wp-content\/uploads\/2020\/04\/cropped-cropped-mais-magazine-site-logo-2.png","width":581,"height":90,"caption":"Mais Magazine"},"image":{"@id":"http:\/\/maismagazine.pt\/#\/schema\/logo\/image\/"}},{"@type":"Person","@id":"http:\/\/maismagazine.pt\/#\/schema\/person\/7426e2caeb8df32a1b56aa48dae778c9","name":"Tatiana Martins","image":{"@type":"ImageObject","inLanguage":"pt-PT","@id":"http:\/\/maismagazine.pt\/#\/schema\/person\/image\/","url":"https:\/\/secure.gravatar.com\/avatar\/4b24a57f5d0425f2eb20981c4b53244e?s=96&d=mm&r=g","contentUrl":"https:\/\/secure.gravatar.com\/avatar\/4b24a57f5d0425f2eb20981c4b53244e?s=96&d=mm&r=g","caption":"Tatiana Martins"},"url":"http:\/\/maismagazine.pt\/index.php\/author\/tatiana\/"}]}},"author_meta":{"display_name":false,"author_link":"http:\/\/maismagazine.pt\/index.php\/author\/tatiana\/"},"featured_img":"http:\/\/maismagazine.pt\/wp-content\/uploads\/2024\/05\/Jose-Pimenta-Machado-Vice-presidente-do-Conselho-Diretivo-da-APA-Agencia-Portuguesa-do-Ambiente-289x300.jpg","coauthors":[],"tax_additional":{"categories":{"linked":["<a href=\"http:\/\/maismagazine.pt\/index.php\/category\/destaque\/\" class=\"advgb-post-tax-term\">Destaque lateral<\/a>"],"unlinked":["<span class=\"advgb-post-tax-term\">Destaque lateral<\/span>"]},"tags":{"linked":["<a href=\"http:\/\/maismagazine.pt\/index.php\/category\/destaque\/\" class=\"advgb-post-tax-term\">\u00c1gua<\/a>","<a href=\"http:\/\/maismagazine.pt\/index.php\/category\/destaque\/\" class=\"advgb-post-tax-term\">APA<\/a>"],"unlinked":["<span class=\"advgb-post-tax-term\">\u00c1gua<\/span>","<span class=\"advgb-post-tax-term\">APA<\/span>"]}},"comment_count":"0","relative_dates":{"created":"Posted 2 anos ago","modified":"Updated 2 anos ago"},"absolute_dates":{"created":"Posted on 24 de Maio, 2024","modified":"Updated on 21 de Maio, 2024"},"absolute_dates_time":{"created":"Posted on 24 de Maio, 2024 7:00","modified":"Updated on 21 de Maio, 2024 14:29"},"featured_img_caption":"","series_order":"","_links":{"self":[{"href":"http:\/\/maismagazine.pt\/index.php\/wp-json\/wp\/v2\/posts\/9733","targetHints":{"allow":["GET"]}}],"collection":[{"href":"http:\/\/maismagazine.pt\/index.php\/wp-json\/wp\/v2\/posts"}],"about":[{"href":"http:\/\/maismagazine.pt\/index.php\/wp-json\/wp\/v2\/types\/post"}],"author":[{"embeddable":true,"href":"http:\/\/maismagazine.pt\/index.php\/wp-json\/wp\/v2\/users\/18"}],"replies":[{"embeddable":true,"href":"http:\/\/maismagazine.pt\/index.php\/wp-json\/wp\/v2\/comments?post=9733"}],"version-history":[{"count":1,"href":"http:\/\/maismagazine.pt\/index.php\/wp-json\/wp\/v2\/posts\/9733\/revisions"}],"predecessor-version":[{"id":9735,"href":"http:\/\/maismagazine.pt\/index.php\/wp-json\/wp\/v2\/posts\/9733\/revisions\/9735"}],"wp:featuredmedia":[{"embeddable":true,"href":"http:\/\/maismagazine.pt\/index.php\/wp-json\/wp\/v2\/media\/9734"}],"wp:attachment":[{"href":"http:\/\/maismagazine.pt\/index.php\/wp-json\/wp\/v2\/media?parent=9733"}],"wp:term":[{"taxonomy":"category","embeddable":true,"href":"http:\/\/maismagazine.pt\/index.php\/wp-json\/wp\/v2\/categories?post=9733"},{"taxonomy":"post_tag","embeddable":true,"href":"http:\/\/maismagazine.pt\/index.php\/wp-json\/wp\/v2\/tags?post=9733"}],"curies":[{"name":"wp","href":"https:\/\/api.w.org\/{rel}","templated":true}]}}