{"id":9729,"date":"2024-05-21T11:27:12","date_gmt":"2024-05-21T10:27:12","guid":{"rendered":"https:\/\/maismagazine.pt\/?p=9729"},"modified":"2024-05-21T11:27:12","modified_gmt":"2024-05-21T10:27:12","slug":"conferencia-das-cidades-criativas-da-unesco-decorre-em-braga-em-julho-e-abre-as-portas-as-ideias-de-futuro-das-novas-geracoes","status":"publish","type":"post","link":"http:\/\/maismagazine.pt\/index.php\/2024\/05\/21\/conferencia-das-cidades-criativas-da-unesco-decorre-em-braga-em-julho-e-abre-as-portas-as-ideias-de-futuro-das-novas-geracoes\/","title":{"rendered":"Confer\u00eancia das Cidades Criativas da UNESCO decorre em Braga em julho e abre as portas \u00e0s ideias de futuro das novas gera\u00e7\u00f5es"},"content":{"rendered":"\n<p>A XVI Confer\u00eancia Anual da Rede de Cidades Criativas da UNESCO decorre em Braga entre os dias 1 e 5 de julho deste ano. A reuni\u00e3o, que prev\u00ea atrair cerca de 600 delegados de todo o mundo, tem como principal objetivo a cria\u00e7\u00e3o de um espa\u00e7o transnacional de discuss\u00e3o, rumo \u00e0 troca de experi\u00eancias em torno das ideias, boas pr\u00e1ticas e pol\u00edticas p\u00fablicas na \u00e1rea da cultura. Tendo lugar no per\u00edodo em que se celebram os 20 anos da cria\u00e7\u00e3o da rede, a Confer\u00eancia pretende fazer um balan\u00e7o do trabalho desenvolvido, fomentar novas ideias de colabora\u00e7\u00e3o entre cidades criativas de diferentes pa\u00edses, ao mesmo tempo que aponta solu\u00e7\u00f5es para um futuro habitado por cidades mais resilientes, inclusivas e sustent\u00e1veis. Para tal, a XVI Confer\u00eancia de Cidades Criativas da UNESCO ter\u00e1 um foco especial no contributo que as novas gera\u00e7\u00f5es podem dar \u00e0 constru\u00e7\u00e3o de novas ideias e projetos. Um foco que se consubstancia no convite a jovens para a participa\u00e7\u00e3o em momentos de discuss\u00e3o e trabalho de campo, abrindo assim caminho para o encontro de pol\u00edticas de transi\u00e7\u00e3o em \u00e1reas cr\u00edticas como a inclus\u00e3o social ou o ambiente.<\/p>\n\n\n\n<p>Tendo como ponto central o F\u00f3rum Braga &#8211; onde decorrer\u00e3o os trabalhos das diferentes delega\u00e7\u00f5es, assim como os pain\u00e9is principais de apresenta\u00e7\u00e3o e discuss\u00e3o, a XVI Confer\u00eancia de Cidades Criativas vai ainda organizar um encontro especialmente vocacionado para Presidentes de C\u00e2mara, assim como um alargado programa de atividades culturais aberto \u00e0 popula\u00e7\u00e3o. Este \u00faltimo, a ser implementado em diversos espa\u00e7os do centro de Braga, incluir\u00e1 propostas nas diferentes \u00e1reas criativas abrangidas pela rede: Artesanato e Artes Folcl\u00f3ricas, Cinema, Design, Gastronomia, Literatura, M\u00fasica e Media Arts; e ter\u00e1 acesso livre. A par de Braga (Cidade Criativa em Media Arts), a XVI Confer\u00eancia de Cidades Criativas incluir\u00e1 ainda a\u00e7\u00f5es desenvolvidas em parcerias com as cidades de Amarante (Cidade Criativa em M\u00fasica), Barcelos (Cidade Criativa em Artesanato e Artes Folcl\u00f3ricas) e Santa Maria da Feira (Cidade Criativa em Gastronomia). <\/p>\n\n\n\n<p>A programa\u00e7\u00e3o completa do evento, assim como os oradores convidados, ser\u00e1 libertada no pr\u00f3ximo m\u00eas.<\/p>\n","protected":false},"excerpt":{"rendered":"<p>A XVI Confer\u00eancia Anual da Rede de Cidades Criativas da UNESCO decorre em Braga entre os dias 1 e 5 de julho deste ano. A reuni\u00e3o, que prev\u00ea atrair cerca de 600 delegados de todo o mundo, tem como principal objetivo a cria\u00e7\u00e3o de um espa\u00e7o transnacional de discuss\u00e3o, rumo&hellip;<\/p>\n","protected":false},"author":17,"featured_media":9731,"comment_status":"closed","ping_status":"open","sticky":false,"template":"","format":"standard","meta":{"advgb_blocks_editor_width":"","advgb_blocks_columns_visual_guide":"","_monsterinsights_skip_tracking":false,"_monsterinsights_sitenote_active":false,"_monsterinsights_sitenote_note":"","_monsterinsights_sitenote_category":0,"footnotes":""},"categories":[7],"tags":[1249],"class_list":["post-9729","post","type-post","status-publish","format-standard","has-post-thumbnail","hentry","category-noticias","tag-unesco"],"yoast_head":"<!-- This site is optimized with the Yoast SEO plugin v24.4 - https:\/\/yoast.com\/wordpress\/plugins\/seo\/ -->\n<title>Confer\u00eancia das Cidades Criativas da UNESCO decorre em Braga em julho e abre as portas \u00e0s ideias de futuro das novas gera\u00e7\u00f5es - Mais Magazine<\/title>\n<meta name=\"description\" content=\"A XVI Confer\u00eancia Anual da Rede de Cidades Criativas da UNESCO decorre em Braga entre os dias 1 e 5 de julho deste ano.\" \/>\n<meta name=\"robots\" content=\"index, follow, max-snippet:-1, max-image-preview:large, max-video-preview:-1\" \/>\n<link rel=\"canonical\" href=\"http:\/\/maismagazine.pt\/index.php\/2024\/05\/21\/conferencia-das-cidades-criativas-da-unesco-decorre-em-braga-em-julho-e-abre-as-portas-as-ideias-de-futuro-das-novas-geracoes\/\" \/>\n<meta property=\"og:locale\" content=\"pt_PT\" \/>\n<meta property=\"og:type\" content=\"article\" \/>\n<meta property=\"og:title\" content=\"Confer\u00eancia das Cidades Criativas da UNESCO decorre em Braga em julho e abre as portas \u00e0s ideias de futuro das novas gera\u00e7\u00f5es - Mais Magazine\" \/>\n<meta property=\"og:description\" content=\"A XVI Confer\u00eancia Anual da Rede de Cidades Criativas da UNESCO decorre em Braga entre os dias 1 e 5 de julho deste ano.\" \/>\n<meta property=\"og:url\" content=\"http:\/\/maismagazine.pt\/index.php\/2024\/05\/21\/conferencia-das-cidades-criativas-da-unesco-decorre-em-braga-em-julho-e-abre-as-portas-as-ideias-de-futuro-das-novas-geracoes\/\" \/>\n<meta property=\"og:site_name\" content=\"Mais Magazine\" \/>\n<meta property=\"article:published_time\" content=\"2024-05-21T10:27:12+00:00\" \/>\n<meta property=\"og:image\" content=\"http:\/\/maismagazine.pt\/wp-content\/uploads\/2024\/05\/Circuito_Braga-Media-Arts-\u00a9Lais-Pereira-5-1.jpeg\" \/>\n\t<meta property=\"og:image:width\" content=\"700\" \/>\n\t<meta property=\"og:image:height\" content=\"466\" \/>\n\t<meta property=\"og:image:type\" content=\"image\/jpeg\" \/>\n<meta name=\"author\" content=\"Tiago Costa\" \/>\n<meta name=\"twitter:card\" content=\"summary_large_image\" \/>\n<meta name=\"twitter:label1\" content=\"Escrito por\" \/>\n\t<meta name=\"twitter:data1\" content=\"\" \/>\n\t<meta name=\"twitter:label2\" content=\"Tempo estimado de leitura\" \/>\n\t<meta name=\"twitter:data2\" content=\"3 minutos\" \/>\n<script type=\"application\/ld+json\" class=\"yoast-schema-graph\">{\"@context\":\"https:\/\/schema.org\",\"@graph\":[{\"@type\":\"Article\",\"@id\":\"http:\/\/maismagazine.pt\/index.php\/2024\/05\/21\/conferencia-das-cidades-criativas-da-unesco-decorre-em-braga-em-julho-e-abre-as-portas-as-ideias-de-futuro-das-novas-geracoes\/#article\",\"isPartOf\":{\"@id\":\"http:\/\/maismagazine.pt\/index.php\/2024\/05\/21\/conferencia-das-cidades-criativas-da-unesco-decorre-em-braga-em-julho-e-abre-as-portas-as-ideias-de-futuro-das-novas-geracoes\/\"},\"author\":{\"name\":\"Tiago Costa\",\"@id\":\"http:\/\/maismagazine.pt\/#\/schema\/person\/c6c5bfccc886434cbd11c74e035f9646\"},\"headline\":\"Confer\u00eancia das Cidades Criativas da UNESCO decorre em Braga em julho e abre as portas \u00e0s ideias de futuro das novas gera\u00e7\u00f5es\",\"datePublished\":\"2024-05-21T10:27:12+00:00\",\"mainEntityOfPage\":{\"@id\":\"http:\/\/maismagazine.pt\/index.php\/2024\/05\/21\/conferencia-das-cidades-criativas-da-unesco-decorre-em-braga-em-julho-e-abre-as-portas-as-ideias-de-futuro-das-novas-geracoes\/\"},\"wordCount\":401,\"publisher\":{\"@id\":\"http:\/\/maismagazine.pt\/#organization\"},\"image\":{\"@id\":\"http:\/\/maismagazine.pt\/index.php\/2024\/05\/21\/conferencia-das-cidades-criativas-da-unesco-decorre-em-braga-em-julho-e-abre-as-portas-as-ideias-de-futuro-das-novas-geracoes\/#primaryimage\"},\"thumbnailUrl\":\"http:\/\/maismagazine.pt\/wp-content\/uploads\/2024\/05\/Circuito_Braga-Media-Arts-\u00a9Lais-Pereira-5-1.jpeg\",\"keywords\":[\"UNESCO\"],\"articleSection\":[\"Not\u00edcias\"],\"inLanguage\":\"pt-PT\"},{\"@type\":\"WebPage\",\"@id\":\"http:\/\/maismagazine.pt\/index.php\/2024\/05\/21\/conferencia-das-cidades-criativas-da-unesco-decorre-em-braga-em-julho-e-abre-as-portas-as-ideias-de-futuro-das-novas-geracoes\/\",\"url\":\"http:\/\/maismagazine.pt\/index.php\/2024\/05\/21\/conferencia-das-cidades-criativas-da-unesco-decorre-em-braga-em-julho-e-abre-as-portas-as-ideias-de-futuro-das-novas-geracoes\/\",\"name\":\"Confer\u00eancia das Cidades Criativas da UNESCO decorre em Braga em julho e abre as portas \u00e0s ideias de futuro das novas gera\u00e7\u00f5es - Mais Magazine\",\"isPartOf\":{\"@id\":\"http:\/\/maismagazine.pt\/#website\"},\"primaryImageOfPage\":{\"@id\":\"http:\/\/maismagazine.pt\/index.php\/2024\/05\/21\/conferencia-das-cidades-criativas-da-unesco-decorre-em-braga-em-julho-e-abre-as-portas-as-ideias-de-futuro-das-novas-geracoes\/#primaryimage\"},\"image\":{\"@id\":\"http:\/\/maismagazine.pt\/index.php\/2024\/05\/21\/conferencia-das-cidades-criativas-da-unesco-decorre-em-braga-em-julho-e-abre-as-portas-as-ideias-de-futuro-das-novas-geracoes\/#primaryimage\"},\"thumbnailUrl\":\"http:\/\/maismagazine.pt\/wp-content\/uploads\/2024\/05\/Circuito_Braga-Media-Arts-\u00a9Lais-Pereira-5-1.jpeg\",\"datePublished\":\"2024-05-21T10:27:12+00:00\",\"description\":\"A XVI Confer\u00eancia Anual da Rede de Cidades Criativas da UNESCO decorre em Braga entre os dias 1 e 5 de julho deste ano.\",\"breadcrumb\":{\"@id\":\"http:\/\/maismagazine.pt\/index.php\/2024\/05\/21\/conferencia-das-cidades-criativas-da-unesco-decorre-em-braga-em-julho-e-abre-as-portas-as-ideias-de-futuro-das-novas-geracoes\/#breadcrumb\"},\"inLanguage\":\"pt-PT\",\"potentialAction\":[{\"@type\":\"ReadAction\",\"target\":[\"http:\/\/maismagazine.pt\/index.php\/2024\/05\/21\/conferencia-das-cidades-criativas-da-unesco-decorre-em-braga-em-julho-e-abre-as-portas-as-ideias-de-futuro-das-novas-geracoes\/\"]}]},{\"@type\":\"ImageObject\",\"inLanguage\":\"pt-PT\",\"@id\":\"http:\/\/maismagazine.pt\/index.php\/2024\/05\/21\/conferencia-das-cidades-criativas-da-unesco-decorre-em-braga-em-julho-e-abre-as-portas-as-ideias-de-futuro-das-novas-geracoes\/#primaryimage\",\"url\":\"http:\/\/maismagazine.pt\/wp-content\/uploads\/2024\/05\/Circuito_Braga-Media-Arts-\u00a9Lais-Pereira-5-1.jpeg\",\"contentUrl\":\"http:\/\/maismagazine.pt\/wp-content\/uploads\/2024\/05\/Circuito_Braga-Media-Arts-\u00a9Lais-Pereira-5-1.jpeg\",\"width\":700,\"height\":466},{\"@type\":\"BreadcrumbList\",\"@id\":\"http:\/\/maismagazine.pt\/index.php\/2024\/05\/21\/conferencia-das-cidades-criativas-da-unesco-decorre-em-braga-em-julho-e-abre-as-portas-as-ideias-de-futuro-das-novas-geracoes\/#breadcrumb\",\"itemListElement\":[{\"@type\":\"ListItem\",\"position\":1,\"name\":\"Home\",\"item\":\"http:\/\/maismagazine.pt\/\"},{\"@type\":\"ListItem\",\"position\":2,\"name\":\"Confer\u00eancia das Cidades Criativas da UNESCO decorre em Braga em julho e abre as portas \u00e0s ideias de futuro das novas gera\u00e7\u00f5es\"}]},{\"@type\":\"WebSite\",\"@id\":\"http:\/\/maismagazine.pt\/#website\",\"url\":\"http:\/\/maismagazine.pt\/\",\"name\":\"Mais Magazine\",\"description\":\"\",\"publisher\":{\"@id\":\"http:\/\/maismagazine.pt\/#organization\"},\"potentialAction\":[{\"@type\":\"SearchAction\",\"target\":{\"@type\":\"EntryPoint\",\"urlTemplate\":\"http:\/\/maismagazine.pt\/?s={search_term_string}\"},\"query-input\":{\"@type\":\"PropertyValueSpecification\",\"valueRequired\":true,\"valueName\":\"search_term_string\"}}],\"inLanguage\":\"pt-PT\"},{\"@type\":\"Organization\",\"@id\":\"http:\/\/maismagazine.pt\/#organization\",\"name\":\"Mais Magazine\",\"url\":\"http:\/\/maismagazine.pt\/\",\"logo\":{\"@type\":\"ImageObject\",\"inLanguage\":\"pt-PT\",\"@id\":\"http:\/\/maismagazine.pt\/#\/schema\/logo\/image\/\",\"url\":\"http:\/\/maismagazine.pt\/wp-content\/uploads\/2020\/04\/cropped-cropped-mais-magazine-site-logo-2.png\",\"contentUrl\":\"http:\/\/maismagazine.pt\/wp-content\/uploads\/2020\/04\/cropped-cropped-mais-magazine-site-logo-2.png\",\"width\":581,\"height\":90,\"caption\":\"Mais Magazine\"},\"image\":{\"@id\":\"http:\/\/maismagazine.pt\/#\/schema\/logo\/image\/\"}},{\"@type\":\"Person\",\"@id\":\"http:\/\/maismagazine.pt\/#\/schema\/person\/c6c5bfccc886434cbd11c74e035f9646\",\"name\":\"Tiago Costa\",\"image\":{\"@type\":\"ImageObject\",\"inLanguage\":\"pt-PT\",\"@id\":\"http:\/\/maismagazine.pt\/#\/schema\/person\/image\/\",\"url\":\"https:\/\/secure.gravatar.com\/avatar\/c599b2bce16c9870429198cbad5ee022?s=96&d=mm&r=g\",\"contentUrl\":\"https:\/\/secure.gravatar.com\/avatar\/c599b2bce16c9870429198cbad5ee022?s=96&d=mm&r=g\",\"caption\":\"Tiago Costa\"},\"url\":\"http:\/\/maismagazine.pt\/index.php\/author\/tiago\/\"}]}<\/script>\n<!-- \/ Yoast SEO plugin. -->","yoast_head_json":{"title":"Confer\u00eancia das Cidades Criativas da UNESCO decorre em Braga em julho e abre as portas \u00e0s ideias de futuro das novas gera\u00e7\u00f5es - Mais Magazine","description":"A XVI Confer\u00eancia Anual da Rede de Cidades Criativas da UNESCO decorre em Braga entre os dias 1 e 5 de julho deste ano.","robots":{"index":"index","follow":"follow","max-snippet":"max-snippet:-1","max-image-preview":"max-image-preview:large","max-video-preview":"max-video-preview:-1"},"canonical":"http:\/\/maismagazine.pt\/index.php\/2024\/05\/21\/conferencia-das-cidades-criativas-da-unesco-decorre-em-braga-em-julho-e-abre-as-portas-as-ideias-de-futuro-das-novas-geracoes\/","og_locale":"pt_PT","og_type":"article","og_title":"Confer\u00eancia das Cidades Criativas da UNESCO decorre em Braga em julho e abre as portas \u00e0s ideias de futuro das novas gera\u00e7\u00f5es - Mais Magazine","og_description":"A XVI Confer\u00eancia Anual da Rede de Cidades Criativas da UNESCO decorre em Braga entre os dias 1 e 5 de julho deste ano.","og_url":"http:\/\/maismagazine.pt\/index.php\/2024\/05\/21\/conferencia-das-cidades-criativas-da-unesco-decorre-em-braga-em-julho-e-abre-as-portas-as-ideias-de-futuro-das-novas-geracoes\/","og_site_name":"Mais Magazine","article_published_time":"2024-05-21T10:27:12+00:00","og_image":[{"width":700,"height":466,"url":"http:\/\/maismagazine.pt\/wp-content\/uploads\/2024\/05\/Circuito_Braga-Media-Arts-\u00a9Lais-Pereira-5-1.jpeg","type":"image\/jpeg"}],"author":"Tiago Costa","twitter_card":"summary_large_image","twitter_misc":{"Escrito por":false,"Tempo estimado de leitura":"3 minutos"},"schema":{"@context":"https:\/\/schema.org","@graph":[{"@type":"Article","@id":"http:\/\/maismagazine.pt\/index.php\/2024\/05\/21\/conferencia-das-cidades-criativas-da-unesco-decorre-em-braga-em-julho-e-abre-as-portas-as-ideias-de-futuro-das-novas-geracoes\/#article","isPartOf":{"@id":"http:\/\/maismagazine.pt\/index.php\/2024\/05\/21\/conferencia-das-cidades-criativas-da-unesco-decorre-em-braga-em-julho-e-abre-as-portas-as-ideias-de-futuro-das-novas-geracoes\/"},"author":{"name":"Tiago Costa","@id":"http:\/\/maismagazine.pt\/#\/schema\/person\/c6c5bfccc886434cbd11c74e035f9646"},"headline":"Confer\u00eancia das Cidades Criativas da UNESCO decorre em Braga em julho e abre as portas \u00e0s ideias de futuro das novas gera\u00e7\u00f5es","datePublished":"2024-05-21T10:27:12+00:00","mainEntityOfPage":{"@id":"http:\/\/maismagazine.pt\/index.php\/2024\/05\/21\/conferencia-das-cidades-criativas-da-unesco-decorre-em-braga-em-julho-e-abre-as-portas-as-ideias-de-futuro-das-novas-geracoes\/"},"wordCount":401,"publisher":{"@id":"http:\/\/maismagazine.pt\/#organization"},"image":{"@id":"http:\/\/maismagazine.pt\/index.php\/2024\/05\/21\/conferencia-das-cidades-criativas-da-unesco-decorre-em-braga-em-julho-e-abre-as-portas-as-ideias-de-futuro-das-novas-geracoes\/#primaryimage"},"thumbnailUrl":"http:\/\/maismagazine.pt\/wp-content\/uploads\/2024\/05\/Circuito_Braga-Media-Arts-\u00a9Lais-Pereira-5-1.jpeg","keywords":["UNESCO"],"articleSection":["Not\u00edcias"],"inLanguage":"pt-PT"},{"@type":"WebPage","@id":"http:\/\/maismagazine.pt\/index.php\/2024\/05\/21\/conferencia-das-cidades-criativas-da-unesco-decorre-em-braga-em-julho-e-abre-as-portas-as-ideias-de-futuro-das-novas-geracoes\/","url":"http:\/\/maismagazine.pt\/index.php\/2024\/05\/21\/conferencia-das-cidades-criativas-da-unesco-decorre-em-braga-em-julho-e-abre-as-portas-as-ideias-de-futuro-das-novas-geracoes\/","name":"Confer\u00eancia das Cidades Criativas da UNESCO decorre em Braga em julho e abre as portas \u00e0s ideias de futuro das novas gera\u00e7\u00f5es - Mais Magazine","isPartOf":{"@id":"http:\/\/maismagazine.pt\/#website"},"primaryImageOfPage":{"@id":"http:\/\/maismagazine.pt\/index.php\/2024\/05\/21\/conferencia-das-cidades-criativas-da-unesco-decorre-em-braga-em-julho-e-abre-as-portas-as-ideias-de-futuro-das-novas-geracoes\/#primaryimage"},"image":{"@id":"http:\/\/maismagazine.pt\/index.php\/2024\/05\/21\/conferencia-das-cidades-criativas-da-unesco-decorre-em-braga-em-julho-e-abre-as-portas-as-ideias-de-futuro-das-novas-geracoes\/#primaryimage"},"thumbnailUrl":"http:\/\/maismagazine.pt\/wp-content\/uploads\/2024\/05\/Circuito_Braga-Media-Arts-\u00a9Lais-Pereira-5-1.jpeg","datePublished":"2024-05-21T10:27:12+00:00","description":"A XVI Confer\u00eancia Anual da Rede de Cidades Criativas da UNESCO decorre em Braga entre os dias 1 e 5 de julho deste ano.","breadcrumb":{"@id":"http:\/\/maismagazine.pt\/index.php\/2024\/05\/21\/conferencia-das-cidades-criativas-da-unesco-decorre-em-braga-em-julho-e-abre-as-portas-as-ideias-de-futuro-das-novas-geracoes\/#breadcrumb"},"inLanguage":"pt-PT","potentialAction":[{"@type":"ReadAction","target":["http:\/\/maismagazine.pt\/index.php\/2024\/05\/21\/conferencia-das-cidades-criativas-da-unesco-decorre-em-braga-em-julho-e-abre-as-portas-as-ideias-de-futuro-das-novas-geracoes\/"]}]},{"@type":"ImageObject","inLanguage":"pt-PT","@id":"http:\/\/maismagazine.pt\/index.php\/2024\/05\/21\/conferencia-das-cidades-criativas-da-unesco-decorre-em-braga-em-julho-e-abre-as-portas-as-ideias-de-futuro-das-novas-geracoes\/#primaryimage","url":"http:\/\/maismagazine.pt\/wp-content\/uploads\/2024\/05\/Circuito_Braga-Media-Arts-\u00a9Lais-Pereira-5-1.jpeg","contentUrl":"http:\/\/maismagazine.pt\/wp-content\/uploads\/2024\/05\/Circuito_Braga-Media-Arts-\u00a9Lais-Pereira-5-1.jpeg","width":700,"height":466},{"@type":"BreadcrumbList","@id":"http:\/\/maismagazine.pt\/index.php\/2024\/05\/21\/conferencia-das-cidades-criativas-da-unesco-decorre-em-braga-em-julho-e-abre-as-portas-as-ideias-de-futuro-das-novas-geracoes\/#breadcrumb","itemListElement":[{"@type":"ListItem","position":1,"name":"Home","item":"http:\/\/maismagazine.pt\/"},{"@type":"ListItem","position":2,"name":"Confer\u00eancia das Cidades Criativas da UNESCO decorre em Braga em julho e abre as portas \u00e0s ideias de futuro das novas gera\u00e7\u00f5es"}]},{"@type":"WebSite","@id":"http:\/\/maismagazine.pt\/#website","url":"http:\/\/maismagazine.pt\/","name":"Mais Magazine","description":"","publisher":{"@id":"http:\/\/maismagazine.pt\/#organization"},"potentialAction":[{"@type":"SearchAction","target":{"@type":"EntryPoint","urlTemplate":"http:\/\/maismagazine.pt\/?s={search_term_string}"},"query-input":{"@type":"PropertyValueSpecification","valueRequired":true,"valueName":"search_term_string"}}],"inLanguage":"pt-PT"},{"@type":"Organization","@id":"http:\/\/maismagazine.pt\/#organization","name":"Mais Magazine","url":"http:\/\/maismagazine.pt\/","logo":{"@type":"ImageObject","inLanguage":"pt-PT","@id":"http:\/\/maismagazine.pt\/#\/schema\/logo\/image\/","url":"http:\/\/maismagazine.pt\/wp-content\/uploads\/2020\/04\/cropped-cropped-mais-magazine-site-logo-2.png","contentUrl":"http:\/\/maismagazine.pt\/wp-content\/uploads\/2020\/04\/cropped-cropped-mais-magazine-site-logo-2.png","width":581,"height":90,"caption":"Mais Magazine"},"image":{"@id":"http:\/\/maismagazine.pt\/#\/schema\/logo\/image\/"}},{"@type":"Person","@id":"http:\/\/maismagazine.pt\/#\/schema\/person\/c6c5bfccc886434cbd11c74e035f9646","name":"Tiago Costa","image":{"@type":"ImageObject","inLanguage":"pt-PT","@id":"http:\/\/maismagazine.pt\/#\/schema\/person\/image\/","url":"https:\/\/secure.gravatar.com\/avatar\/c599b2bce16c9870429198cbad5ee022?s=96&d=mm&r=g","contentUrl":"https:\/\/secure.gravatar.com\/avatar\/c599b2bce16c9870429198cbad5ee022?s=96&d=mm&r=g","caption":"Tiago Costa"},"url":"http:\/\/maismagazine.pt\/index.php\/author\/tiago\/"}]}},"author_meta":{"display_name":false,"author_link":"http:\/\/maismagazine.pt\/index.php\/author\/tiago\/"},"featured_img":"http:\/\/maismagazine.pt\/wp-content\/uploads\/2024\/05\/Circuito_Braga-Media-Arts-\u00a9Lais-Pereira-5-1-300x200.jpeg","coauthors":[],"tax_additional":{"categories":{"linked":["<a href=\"http:\/\/maismagazine.pt\/index.php\/category\/noticias\/\" class=\"advgb-post-tax-term\">Not\u00edcias<\/a>"],"unlinked":["<span class=\"advgb-post-tax-term\">Not\u00edcias<\/span>"]},"tags":{"linked":["<a href=\"http:\/\/maismagazine.pt\/index.php\/category\/noticias\/\" class=\"advgb-post-tax-term\">UNESCO<\/a>"],"unlinked":["<span class=\"advgb-post-tax-term\">UNESCO<\/span>"]}},"comment_count":"0","relative_dates":{"created":"Posted 2 anos ago","modified":"Updated 2 anos ago"},"absolute_dates":{"created":"Posted on 21 de Maio, 2024","modified":"Updated on 21 de Maio, 2024"},"absolute_dates_time":{"created":"Posted on 21 de Maio, 2024 11:27","modified":"Updated on 21 de Maio, 2024 11:27"},"featured_img_caption":"","series_order":"","_links":{"self":[{"href":"http:\/\/maismagazine.pt\/index.php\/wp-json\/wp\/v2\/posts\/9729","targetHints":{"allow":["GET"]}}],"collection":[{"href":"http:\/\/maismagazine.pt\/index.php\/wp-json\/wp\/v2\/posts"}],"about":[{"href":"http:\/\/maismagazine.pt\/index.php\/wp-json\/wp\/v2\/types\/post"}],"author":[{"embeddable":true,"href":"http:\/\/maismagazine.pt\/index.php\/wp-json\/wp\/v2\/users\/17"}],"replies":[{"embeddable":true,"href":"http:\/\/maismagazine.pt\/index.php\/wp-json\/wp\/v2\/comments?post=9729"}],"version-history":[{"count":1,"href":"http:\/\/maismagazine.pt\/index.php\/wp-json\/wp\/v2\/posts\/9729\/revisions"}],"predecessor-version":[{"id":9732,"href":"http:\/\/maismagazine.pt\/index.php\/wp-json\/wp\/v2\/posts\/9729\/revisions\/9732"}],"wp:featuredmedia":[{"embeddable":true,"href":"http:\/\/maismagazine.pt\/index.php\/wp-json\/wp\/v2\/media\/9731"}],"wp:attachment":[{"href":"http:\/\/maismagazine.pt\/index.php\/wp-json\/wp\/v2\/media?parent=9729"}],"wp:term":[{"taxonomy":"category","embeddable":true,"href":"http:\/\/maismagazine.pt\/index.php\/wp-json\/wp\/v2\/categories?post=9729"},{"taxonomy":"post_tag","embeddable":true,"href":"http:\/\/maismagazine.pt\/index.php\/wp-json\/wp\/v2\/tags?post=9729"}],"curies":[{"name":"wp","href":"https:\/\/api.w.org\/{rel}","templated":true}]}}