{"id":9725,"date":"2024-05-21T11:23:16","date_gmt":"2024-05-21T10:23:16","guid":{"rendered":"https:\/\/maismagazine.pt\/?p=9725"},"modified":"2024-05-21T11:23:16","modified_gmt":"2024-05-21T10:23:16","slug":"angel-mateos-aguado-e-o-novo-ceo-do-grupo-evolutio-para-portugal-assumindo-a-lideranca-da-warpcom","status":"publish","type":"post","link":"http:\/\/maismagazine.pt\/index.php\/2024\/05\/21\/angel-mateos-aguado-e-o-novo-ceo-do-grupo-evolutio-para-portugal-assumindo-a-lideranca-da-warpcom\/","title":{"rendered":"Angel Mateos Aguado \u00e9 o novo CEO do Grupo Evolutio para Portugal assumindo a lideran\u00e7a da Warpcom"},"content":{"rendered":"\n<p>Angel Mateos Aguado assumiu a fun\u00e7\u00e3o de CEO do Grupo Evolutio em Portugal, acumulando a fun\u00e7\u00e3o de CEO da <a href=\"https:\/\/warpcom.com\/servicos-tecnologicos\/\">Warpcom<\/a>, integrador tecnol\u00f3gico de refer\u00eancia no mercado portugu\u00eas.<\/p>\n\n\n\n<p>Com mais de 30 anos de experi\u00eancia na \u00e1rea das tecnologias da informa\u00e7\u00e3o e telecomunica\u00e7\u00e3o, Angel Mateos Aguado passou por empresas como a Eastman Kodak Company e a BT Global Services, tendo na \u00faltima assumido diversas fun\u00e7\u00f5es em Marketing, Strategy &amp; Business Planning e Merger &amp; Acquisitions (M&amp;A) a n\u00edvel internacional. Durante este per\u00edodo, acumulou ainda os cargos de Presidente do Conselho de Investimento e vice-presidente da British Chamber of Commerce em Espanha.<\/p>\n\n\n\n<p>Em 2020, no Grupo espanhol Evolutio, assumiu v\u00e1rios cargos, sendo o mais recente Diretor Corporativo das \u00e1reas de Estrat\u00e9gia, M&amp;A e Rela\u00e7\u00f5es Internacionais, onde coordena tamb\u00e9m a rela\u00e7\u00e3o do grupo com o acionista Portobello Capital. Atualmente, Angel Mateos Aguado foi designado para liderar as opera\u00e7\u00f5es do Grupo Evolutio no mercado portugu\u00eas, com o objetivo de impulsionar o crescimento do grupo nesta geografia estrat\u00e9gica.<\/p>\n\n\n\n<p>\u201cO nosso objetivo \u00e9 continuar a ser uma refer\u00eancia no mercado portugu\u00eas, preservando a qualidade dos servi\u00e7os que prestamos e das solu\u00e7\u00f5es que desenvolvemos e implementamos. Com isto em mente, atingiremos o crescimento a que nos propomos. Temos a mesma ambi\u00e7\u00e3o de crescer no mercado portugu\u00eas, dando o melhor servi\u00e7o poss\u00edvel aos nossos clientes e seguimos atentos a opera\u00e7\u00f5es de crescimento inorg\u00e2nico. Em Portugal, a Warpcom \u00e9 um ativo estrat\u00e9gico para o Grupo Evolutio\u201d, refere Angel Mateos Aguado, CEO do Grupo Evolutio em Portugal.<\/p>\n\n\n\n<p>Sob a lideran\u00e7a de Angel Mateos Aguado, a estrat\u00e9gia da Warpcom para o presente ano vai incidir na componente de servi\u00e7os, transversalmente \u00e0s \u00e1reas tecnol\u00f3gicas de Ciberseguran\u00e7a, Networking, Cloud e Digital Experience, onde a empresa det\u00e9m um vasto conhecimento e experi\u00eancia.<\/p>\n\n\n\n<p>No ano fiscal transato, a Warpcom registou um crescimento no volume de neg\u00f3cios de 15,7% sendo o objetivo para este ano de manter a tend\u00eancia de crescimento.<\/p>\n\n\n\n<p>Al\u00e9m disso, a Warpcom adotou como tema central para este ano fiscal o #BeGreen, implementando diversas iniciativas de defesa do meio ambiente e sustentabilidade. A t\u00edtulo de exemplo, no in\u00edcio do ano, realizou um evento de equipa em que os cerca de 150 colaboradores montaram colmeias para serem doadas a um apicultor local, visando apoiar o ecossistema de cria\u00e7\u00e3o de abelhas. Tamb\u00e9m est\u00e3o a ser promovidas v\u00e1rias atividades de sensibiliza\u00e7\u00e3o ambiental, incluindo a medi\u00e7\u00e3o de indicadores como emiss\u00f5es de CO2, consumo de energia e uso de \u00e1gua, entre outros.<\/p>\n\n\n\n<p>O grupo espanhol estabeleceu tamb\u00e9m para o mercado portugu\u00eas um conselho consultivo (Advisory Board), liderado por Angel Mateos, que fornece aconselhamento estrat\u00e9gico n\u00e3o vinculativo \u00e0 administra\u00e7\u00e3o, do qual fazem parte Carlos Inoc\u00eancio, Carlos Alves Duarte e Miguel Santiago, continuando este \u00faltimo como CEO da Securnet.<\/p>\n","protected":false},"excerpt":{"rendered":"<p>Angel Mateos Aguado assumiu a fun\u00e7\u00e3o de CEO do Grupo Evolutio em Portugal, acumulando a fun\u00e7\u00e3o de CEO da Warpcom, integrador tecnol\u00f3gico de refer\u00eancia no mercado portugu\u00eas. Com mais de 30 anos de experi\u00eancia na \u00e1rea das tecnologias da informa\u00e7\u00e3o e telecomunica\u00e7\u00e3o, Angel Mateos Aguado passou por empresas como a&hellip;<\/p>\n","protected":false},"author":17,"featured_media":9728,"comment_status":"closed","ping_status":"open","sticky":false,"template":"","format":"standard","meta":{"advgb_blocks_editor_width":"","advgb_blocks_columns_visual_guide":"","_monsterinsights_skip_tracking":false,"_monsterinsights_sitenote_active":false,"_monsterinsights_sitenote_note":"","_monsterinsights_sitenote_category":0,"footnotes":""},"categories":[7],"tags":[2001],"class_list":["post-9725","post","type-post","status-publish","format-standard","has-post-thumbnail","hentry","category-noticias","tag-grupo-evolutio"],"yoast_head":"<!-- This site is optimized with the Yoast SEO plugin v24.4 - https:\/\/yoast.com\/wordpress\/plugins\/seo\/ -->\n<title>Angel Mateos Aguado \u00e9 o novo CEO do Grupo Evolutio para Portugal assumindo a lideran\u00e7a da Warpcom - Mais Magazine<\/title>\n<meta name=\"description\" content=\"Angel Mateos Aguado assumiu a fun\u00e7\u00e3o de CEO do Grupo Evolutio em Portugal, acumulando a fun\u00e7\u00e3o de CEO da Warpcom, integrador tecnol\u00f3gico de refer\u00eancia no mercado portugu\u00eas.\" \/>\n<meta name=\"robots\" content=\"index, follow, max-snippet:-1, max-image-preview:large, max-video-preview:-1\" \/>\n<link rel=\"canonical\" href=\"http:\/\/maismagazine.pt\/index.php\/2024\/05\/21\/angel-mateos-aguado-e-o-novo-ceo-do-grupo-evolutio-para-portugal-assumindo-a-lideranca-da-warpcom\/\" \/>\n<meta property=\"og:locale\" content=\"pt_PT\" \/>\n<meta property=\"og:type\" content=\"article\" \/>\n<meta property=\"og:title\" content=\"Angel Mateos Aguado \u00e9 o novo CEO do Grupo Evolutio para Portugal assumindo a lideran\u00e7a da Warpcom - Mais Magazine\" \/>\n<meta property=\"og:description\" content=\"Angel Mateos Aguado assumiu a fun\u00e7\u00e3o de CEO do Grupo Evolutio em Portugal, acumulando a fun\u00e7\u00e3o de CEO da Warpcom, integrador tecnol\u00f3gico de refer\u00eancia no mercado portugu\u00eas.\" \/>\n<meta property=\"og:url\" content=\"http:\/\/maismagazine.pt\/index.php\/2024\/05\/21\/angel-mateos-aguado-e-o-novo-ceo-do-grupo-evolutio-para-portugal-assumindo-a-lideranca-da-warpcom\/\" \/>\n<meta property=\"og:site_name\" content=\"Mais Magazine\" \/>\n<meta property=\"article:published_time\" content=\"2024-05-21T10:23:16+00:00\" \/>\n<meta property=\"og:image\" content=\"http:\/\/maismagazine.pt\/wp-content\/uploads\/2024\/05\/x-1.jpg\" \/>\n\t<meta property=\"og:image:width\" content=\"477\" \/>\n\t<meta property=\"og:image:height\" content=\"477\" \/>\n\t<meta property=\"og:image:type\" content=\"image\/jpeg\" \/>\n<meta name=\"author\" content=\"Tiago Costa\" \/>\n<meta name=\"twitter:card\" content=\"summary_large_image\" \/>\n<meta name=\"twitter:label1\" content=\"Escrito por\" \/>\n\t<meta name=\"twitter:data1\" content=\"\" \/>\n\t<meta name=\"twitter:label2\" content=\"Tempo estimado de leitura\" \/>\n\t<meta name=\"twitter:data2\" content=\"3 minutos\" \/>\n<script type=\"application\/ld+json\" class=\"yoast-schema-graph\">{\"@context\":\"https:\/\/schema.org\",\"@graph\":[{\"@type\":\"Article\",\"@id\":\"http:\/\/maismagazine.pt\/index.php\/2024\/05\/21\/angel-mateos-aguado-e-o-novo-ceo-do-grupo-evolutio-para-portugal-assumindo-a-lideranca-da-warpcom\/#article\",\"isPartOf\":{\"@id\":\"http:\/\/maismagazine.pt\/index.php\/2024\/05\/21\/angel-mateos-aguado-e-o-novo-ceo-do-grupo-evolutio-para-portugal-assumindo-a-lideranca-da-warpcom\/\"},\"author\":{\"name\":\"Tiago Costa\",\"@id\":\"http:\/\/maismagazine.pt\/#\/schema\/person\/c6c5bfccc886434cbd11c74e035f9646\"},\"headline\":\"Angel Mateos Aguado \u00e9 o novo CEO do Grupo Evolutio para Portugal assumindo a lideran\u00e7a da Warpcom\",\"datePublished\":\"2024-05-21T10:23:16+00:00\",\"mainEntityOfPage\":{\"@id\":\"http:\/\/maismagazine.pt\/index.php\/2024\/05\/21\/angel-mateos-aguado-e-o-novo-ceo-do-grupo-evolutio-para-portugal-assumindo-a-lideranca-da-warpcom\/\"},\"wordCount\":518,\"publisher\":{\"@id\":\"http:\/\/maismagazine.pt\/#organization\"},\"image\":{\"@id\":\"http:\/\/maismagazine.pt\/index.php\/2024\/05\/21\/angel-mateos-aguado-e-o-novo-ceo-do-grupo-evolutio-para-portugal-assumindo-a-lideranca-da-warpcom\/#primaryimage\"},\"thumbnailUrl\":\"http:\/\/maismagazine.pt\/wp-content\/uploads\/2024\/05\/x-1.jpg\",\"keywords\":[\"Grupo Evolutio\"],\"articleSection\":[\"Not\u00edcias\"],\"inLanguage\":\"pt-PT\"},{\"@type\":\"WebPage\",\"@id\":\"http:\/\/maismagazine.pt\/index.php\/2024\/05\/21\/angel-mateos-aguado-e-o-novo-ceo-do-grupo-evolutio-para-portugal-assumindo-a-lideranca-da-warpcom\/\",\"url\":\"http:\/\/maismagazine.pt\/index.php\/2024\/05\/21\/angel-mateos-aguado-e-o-novo-ceo-do-grupo-evolutio-para-portugal-assumindo-a-lideranca-da-warpcom\/\",\"name\":\"Angel Mateos Aguado \u00e9 o novo CEO do Grupo Evolutio para Portugal assumindo a lideran\u00e7a da Warpcom - Mais Magazine\",\"isPartOf\":{\"@id\":\"http:\/\/maismagazine.pt\/#website\"},\"primaryImageOfPage\":{\"@id\":\"http:\/\/maismagazine.pt\/index.php\/2024\/05\/21\/angel-mateos-aguado-e-o-novo-ceo-do-grupo-evolutio-para-portugal-assumindo-a-lideranca-da-warpcom\/#primaryimage\"},\"image\":{\"@id\":\"http:\/\/maismagazine.pt\/index.php\/2024\/05\/21\/angel-mateos-aguado-e-o-novo-ceo-do-grupo-evolutio-para-portugal-assumindo-a-lideranca-da-warpcom\/#primaryimage\"},\"thumbnailUrl\":\"http:\/\/maismagazine.pt\/wp-content\/uploads\/2024\/05\/x-1.jpg\",\"datePublished\":\"2024-05-21T10:23:16+00:00\",\"description\":\"Angel Mateos Aguado assumiu a fun\u00e7\u00e3o de CEO do Grupo Evolutio em Portugal, acumulando a fun\u00e7\u00e3o de CEO da Warpcom, integrador tecnol\u00f3gico de refer\u00eancia no mercado portugu\u00eas.\",\"breadcrumb\":{\"@id\":\"http:\/\/maismagazine.pt\/index.php\/2024\/05\/21\/angel-mateos-aguado-e-o-novo-ceo-do-grupo-evolutio-para-portugal-assumindo-a-lideranca-da-warpcom\/#breadcrumb\"},\"inLanguage\":\"pt-PT\",\"potentialAction\":[{\"@type\":\"ReadAction\",\"target\":[\"http:\/\/maismagazine.pt\/index.php\/2024\/05\/21\/angel-mateos-aguado-e-o-novo-ceo-do-grupo-evolutio-para-portugal-assumindo-a-lideranca-da-warpcom\/\"]}]},{\"@type\":\"ImageObject\",\"inLanguage\":\"pt-PT\",\"@id\":\"http:\/\/maismagazine.pt\/index.php\/2024\/05\/21\/angel-mateos-aguado-e-o-novo-ceo-do-grupo-evolutio-para-portugal-assumindo-a-lideranca-da-warpcom\/#primaryimage\",\"url\":\"http:\/\/maismagazine.pt\/wp-content\/uploads\/2024\/05\/x-1.jpg\",\"contentUrl\":\"http:\/\/maismagazine.pt\/wp-content\/uploads\/2024\/05\/x-1.jpg\",\"width\":477,\"height\":477},{\"@type\":\"BreadcrumbList\",\"@id\":\"http:\/\/maismagazine.pt\/index.php\/2024\/05\/21\/angel-mateos-aguado-e-o-novo-ceo-do-grupo-evolutio-para-portugal-assumindo-a-lideranca-da-warpcom\/#breadcrumb\",\"itemListElement\":[{\"@type\":\"ListItem\",\"position\":1,\"name\":\"Home\",\"item\":\"http:\/\/maismagazine.pt\/\"},{\"@type\":\"ListItem\",\"position\":2,\"name\":\"Angel Mateos Aguado \u00e9 o novo CEO do Grupo Evolutio para Portugal assumindo a lideran\u00e7a da Warpcom\"}]},{\"@type\":\"WebSite\",\"@id\":\"http:\/\/maismagazine.pt\/#website\",\"url\":\"http:\/\/maismagazine.pt\/\",\"name\":\"Mais Magazine\",\"description\":\"\",\"publisher\":{\"@id\":\"http:\/\/maismagazine.pt\/#organization\"},\"potentialAction\":[{\"@type\":\"SearchAction\",\"target\":{\"@type\":\"EntryPoint\",\"urlTemplate\":\"http:\/\/maismagazine.pt\/?s={search_term_string}\"},\"query-input\":{\"@type\":\"PropertyValueSpecification\",\"valueRequired\":true,\"valueName\":\"search_term_string\"}}],\"inLanguage\":\"pt-PT\"},{\"@type\":\"Organization\",\"@id\":\"http:\/\/maismagazine.pt\/#organization\",\"name\":\"Mais Magazine\",\"url\":\"http:\/\/maismagazine.pt\/\",\"logo\":{\"@type\":\"ImageObject\",\"inLanguage\":\"pt-PT\",\"@id\":\"http:\/\/maismagazine.pt\/#\/schema\/logo\/image\/\",\"url\":\"http:\/\/maismagazine.pt\/wp-content\/uploads\/2020\/04\/cropped-cropped-mais-magazine-site-logo-2.png\",\"contentUrl\":\"http:\/\/maismagazine.pt\/wp-content\/uploads\/2020\/04\/cropped-cropped-mais-magazine-site-logo-2.png\",\"width\":581,\"height\":90,\"caption\":\"Mais Magazine\"},\"image\":{\"@id\":\"http:\/\/maismagazine.pt\/#\/schema\/logo\/image\/\"}},{\"@type\":\"Person\",\"@id\":\"http:\/\/maismagazine.pt\/#\/schema\/person\/c6c5bfccc886434cbd11c74e035f9646\",\"name\":\"Tiago Costa\",\"image\":{\"@type\":\"ImageObject\",\"inLanguage\":\"pt-PT\",\"@id\":\"http:\/\/maismagazine.pt\/#\/schema\/person\/image\/\",\"url\":\"https:\/\/secure.gravatar.com\/avatar\/c599b2bce16c9870429198cbad5ee022?s=96&d=mm&r=g\",\"contentUrl\":\"https:\/\/secure.gravatar.com\/avatar\/c599b2bce16c9870429198cbad5ee022?s=96&d=mm&r=g\",\"caption\":\"Tiago Costa\"},\"url\":\"http:\/\/maismagazine.pt\/index.php\/author\/tiago\/\"}]}<\/script>\n<!-- \/ Yoast SEO plugin. -->","yoast_head_json":{"title":"Angel Mateos Aguado \u00e9 o novo CEO do Grupo Evolutio para Portugal assumindo a lideran\u00e7a da Warpcom - Mais Magazine","description":"Angel Mateos Aguado assumiu a fun\u00e7\u00e3o de CEO do Grupo Evolutio em Portugal, acumulando a fun\u00e7\u00e3o de CEO da Warpcom, integrador tecnol\u00f3gico de refer\u00eancia no mercado portugu\u00eas.","robots":{"index":"index","follow":"follow","max-snippet":"max-snippet:-1","max-image-preview":"max-image-preview:large","max-video-preview":"max-video-preview:-1"},"canonical":"http:\/\/maismagazine.pt\/index.php\/2024\/05\/21\/angel-mateos-aguado-e-o-novo-ceo-do-grupo-evolutio-para-portugal-assumindo-a-lideranca-da-warpcom\/","og_locale":"pt_PT","og_type":"article","og_title":"Angel Mateos Aguado \u00e9 o novo CEO do Grupo Evolutio para Portugal assumindo a lideran\u00e7a da Warpcom - Mais Magazine","og_description":"Angel Mateos Aguado assumiu a fun\u00e7\u00e3o de CEO do Grupo Evolutio em Portugal, acumulando a fun\u00e7\u00e3o de CEO da Warpcom, integrador tecnol\u00f3gico de refer\u00eancia no mercado portugu\u00eas.","og_url":"http:\/\/maismagazine.pt\/index.php\/2024\/05\/21\/angel-mateos-aguado-e-o-novo-ceo-do-grupo-evolutio-para-portugal-assumindo-a-lideranca-da-warpcom\/","og_site_name":"Mais Magazine","article_published_time":"2024-05-21T10:23:16+00:00","og_image":[{"width":477,"height":477,"url":"http:\/\/maismagazine.pt\/wp-content\/uploads\/2024\/05\/x-1.jpg","type":"image\/jpeg"}],"author":"Tiago Costa","twitter_card":"summary_large_image","twitter_misc":{"Escrito por":false,"Tempo estimado de leitura":"3 minutos"},"schema":{"@context":"https:\/\/schema.org","@graph":[{"@type":"Article","@id":"http:\/\/maismagazine.pt\/index.php\/2024\/05\/21\/angel-mateos-aguado-e-o-novo-ceo-do-grupo-evolutio-para-portugal-assumindo-a-lideranca-da-warpcom\/#article","isPartOf":{"@id":"http:\/\/maismagazine.pt\/index.php\/2024\/05\/21\/angel-mateos-aguado-e-o-novo-ceo-do-grupo-evolutio-para-portugal-assumindo-a-lideranca-da-warpcom\/"},"author":{"name":"Tiago Costa","@id":"http:\/\/maismagazine.pt\/#\/schema\/person\/c6c5bfccc886434cbd11c74e035f9646"},"headline":"Angel Mateos Aguado \u00e9 o novo CEO do Grupo Evolutio para Portugal assumindo a lideran\u00e7a da Warpcom","datePublished":"2024-05-21T10:23:16+00:00","mainEntityOfPage":{"@id":"http:\/\/maismagazine.pt\/index.php\/2024\/05\/21\/angel-mateos-aguado-e-o-novo-ceo-do-grupo-evolutio-para-portugal-assumindo-a-lideranca-da-warpcom\/"},"wordCount":518,"publisher":{"@id":"http:\/\/maismagazine.pt\/#organization"},"image":{"@id":"http:\/\/maismagazine.pt\/index.php\/2024\/05\/21\/angel-mateos-aguado-e-o-novo-ceo-do-grupo-evolutio-para-portugal-assumindo-a-lideranca-da-warpcom\/#primaryimage"},"thumbnailUrl":"http:\/\/maismagazine.pt\/wp-content\/uploads\/2024\/05\/x-1.jpg","keywords":["Grupo Evolutio"],"articleSection":["Not\u00edcias"],"inLanguage":"pt-PT"},{"@type":"WebPage","@id":"http:\/\/maismagazine.pt\/index.php\/2024\/05\/21\/angel-mateos-aguado-e-o-novo-ceo-do-grupo-evolutio-para-portugal-assumindo-a-lideranca-da-warpcom\/","url":"http:\/\/maismagazine.pt\/index.php\/2024\/05\/21\/angel-mateos-aguado-e-o-novo-ceo-do-grupo-evolutio-para-portugal-assumindo-a-lideranca-da-warpcom\/","name":"Angel Mateos Aguado \u00e9 o novo CEO do Grupo Evolutio para Portugal assumindo a lideran\u00e7a da Warpcom - Mais Magazine","isPartOf":{"@id":"http:\/\/maismagazine.pt\/#website"},"primaryImageOfPage":{"@id":"http:\/\/maismagazine.pt\/index.php\/2024\/05\/21\/angel-mateos-aguado-e-o-novo-ceo-do-grupo-evolutio-para-portugal-assumindo-a-lideranca-da-warpcom\/#primaryimage"},"image":{"@id":"http:\/\/maismagazine.pt\/index.php\/2024\/05\/21\/angel-mateos-aguado-e-o-novo-ceo-do-grupo-evolutio-para-portugal-assumindo-a-lideranca-da-warpcom\/#primaryimage"},"thumbnailUrl":"http:\/\/maismagazine.pt\/wp-content\/uploads\/2024\/05\/x-1.jpg","datePublished":"2024-05-21T10:23:16+00:00","description":"Angel Mateos Aguado assumiu a fun\u00e7\u00e3o de CEO do Grupo Evolutio em Portugal, acumulando a fun\u00e7\u00e3o de CEO da Warpcom, integrador tecnol\u00f3gico de refer\u00eancia no mercado portugu\u00eas.","breadcrumb":{"@id":"http:\/\/maismagazine.pt\/index.php\/2024\/05\/21\/angel-mateos-aguado-e-o-novo-ceo-do-grupo-evolutio-para-portugal-assumindo-a-lideranca-da-warpcom\/#breadcrumb"},"inLanguage":"pt-PT","potentialAction":[{"@type":"ReadAction","target":["http:\/\/maismagazine.pt\/index.php\/2024\/05\/21\/angel-mateos-aguado-e-o-novo-ceo-do-grupo-evolutio-para-portugal-assumindo-a-lideranca-da-warpcom\/"]}]},{"@type":"ImageObject","inLanguage":"pt-PT","@id":"http:\/\/maismagazine.pt\/index.php\/2024\/05\/21\/angel-mateos-aguado-e-o-novo-ceo-do-grupo-evolutio-para-portugal-assumindo-a-lideranca-da-warpcom\/#primaryimage","url":"http:\/\/maismagazine.pt\/wp-content\/uploads\/2024\/05\/x-1.jpg","contentUrl":"http:\/\/maismagazine.pt\/wp-content\/uploads\/2024\/05\/x-1.jpg","width":477,"height":477},{"@type":"BreadcrumbList","@id":"http:\/\/maismagazine.pt\/index.php\/2024\/05\/21\/angel-mateos-aguado-e-o-novo-ceo-do-grupo-evolutio-para-portugal-assumindo-a-lideranca-da-warpcom\/#breadcrumb","itemListElement":[{"@type":"ListItem","position":1,"name":"Home","item":"http:\/\/maismagazine.pt\/"},{"@type":"ListItem","position":2,"name":"Angel Mateos Aguado \u00e9 o novo CEO do Grupo Evolutio para Portugal assumindo a lideran\u00e7a da Warpcom"}]},{"@type":"WebSite","@id":"http:\/\/maismagazine.pt\/#website","url":"http:\/\/maismagazine.pt\/","name":"Mais Magazine","description":"","publisher":{"@id":"http:\/\/maismagazine.pt\/#organization"},"potentialAction":[{"@type":"SearchAction","target":{"@type":"EntryPoint","urlTemplate":"http:\/\/maismagazine.pt\/?s={search_term_string}"},"query-input":{"@type":"PropertyValueSpecification","valueRequired":true,"valueName":"search_term_string"}}],"inLanguage":"pt-PT"},{"@type":"Organization","@id":"http:\/\/maismagazine.pt\/#organization","name":"Mais Magazine","url":"http:\/\/maismagazine.pt\/","logo":{"@type":"ImageObject","inLanguage":"pt-PT","@id":"http:\/\/maismagazine.pt\/#\/schema\/logo\/image\/","url":"http:\/\/maismagazine.pt\/wp-content\/uploads\/2020\/04\/cropped-cropped-mais-magazine-site-logo-2.png","contentUrl":"http:\/\/maismagazine.pt\/wp-content\/uploads\/2020\/04\/cropped-cropped-mais-magazine-site-logo-2.png","width":581,"height":90,"caption":"Mais Magazine"},"image":{"@id":"http:\/\/maismagazine.pt\/#\/schema\/logo\/image\/"}},{"@type":"Person","@id":"http:\/\/maismagazine.pt\/#\/schema\/person\/c6c5bfccc886434cbd11c74e035f9646","name":"Tiago Costa","image":{"@type":"ImageObject","inLanguage":"pt-PT","@id":"http:\/\/maismagazine.pt\/#\/schema\/person\/image\/","url":"https:\/\/secure.gravatar.com\/avatar\/c599b2bce16c9870429198cbad5ee022?s=96&d=mm&r=g","contentUrl":"https:\/\/secure.gravatar.com\/avatar\/c599b2bce16c9870429198cbad5ee022?s=96&d=mm&r=g","caption":"Tiago Costa"},"url":"http:\/\/maismagazine.pt\/index.php\/author\/tiago\/"}]}},"author_meta":{"display_name":false,"author_link":"http:\/\/maismagazine.pt\/index.php\/author\/tiago\/"},"featured_img":"http:\/\/maismagazine.pt\/wp-content\/uploads\/2024\/05\/x-1-300x300.jpg","coauthors":[],"tax_additional":{"categories":{"linked":["<a href=\"http:\/\/maismagazine.pt\/index.php\/category\/noticias\/\" class=\"advgb-post-tax-term\">Not\u00edcias<\/a>"],"unlinked":["<span class=\"advgb-post-tax-term\">Not\u00edcias<\/span>"]},"tags":{"linked":["<a href=\"http:\/\/maismagazine.pt\/index.php\/category\/noticias\/\" class=\"advgb-post-tax-term\">Grupo Evolutio<\/a>"],"unlinked":["<span class=\"advgb-post-tax-term\">Grupo Evolutio<\/span>"]}},"comment_count":"0","relative_dates":{"created":"Posted 2 anos ago","modified":"Updated 2 anos ago"},"absolute_dates":{"created":"Posted on 21 de Maio, 2024","modified":"Updated on 21 de Maio, 2024"},"absolute_dates_time":{"created":"Posted on 21 de Maio, 2024 11:23","modified":"Updated on 21 de Maio, 2024 11:23"},"featured_img_caption":"","series_order":"","_links":{"self":[{"href":"http:\/\/maismagazine.pt\/index.php\/wp-json\/wp\/v2\/posts\/9725","targetHints":{"allow":["GET"]}}],"collection":[{"href":"http:\/\/maismagazine.pt\/index.php\/wp-json\/wp\/v2\/posts"}],"about":[{"href":"http:\/\/maismagazine.pt\/index.php\/wp-json\/wp\/v2\/types\/post"}],"author":[{"embeddable":true,"href":"http:\/\/maismagazine.pt\/index.php\/wp-json\/wp\/v2\/users\/17"}],"replies":[{"embeddable":true,"href":"http:\/\/maismagazine.pt\/index.php\/wp-json\/wp\/v2\/comments?post=9725"}],"version-history":[{"count":1,"href":"http:\/\/maismagazine.pt\/index.php\/wp-json\/wp\/v2\/posts\/9725\/revisions"}],"predecessor-version":[{"id":9727,"href":"http:\/\/maismagazine.pt\/index.php\/wp-json\/wp\/v2\/posts\/9725\/revisions\/9727"}],"wp:featuredmedia":[{"embeddable":true,"href":"http:\/\/maismagazine.pt\/index.php\/wp-json\/wp\/v2\/media\/9728"}],"wp:attachment":[{"href":"http:\/\/maismagazine.pt\/index.php\/wp-json\/wp\/v2\/media?parent=9725"}],"wp:term":[{"taxonomy":"category","embeddable":true,"href":"http:\/\/maismagazine.pt\/index.php\/wp-json\/wp\/v2\/categories?post=9725"},{"taxonomy":"post_tag","embeddable":true,"href":"http:\/\/maismagazine.pt\/index.php\/wp-json\/wp\/v2\/tags?post=9725"}],"curies":[{"name":"wp","href":"https:\/\/api.w.org\/{rel}","templated":true}]}}