{"id":9679,"date":"2024-05-24T07:00:00","date_gmt":"2024-05-24T06:00:00","guid":{"rendered":"https:\/\/maismagazine.pt\/?p=9679"},"modified":"2024-05-20T16:16:38","modified_gmt":"2024-05-20T15:16:38","slug":"patricia-de-jesus-monteiro-tracou-um-percurso-de-muito-trabalho-e-persistencia-conjugado-com-a-dedicacao-o-acompanhamento-e-o-empenho-da-equipa-versus-cliente","status":"publish","type":"post","link":"http:\/\/maismagazine.pt\/index.php\/2024\/05\/24\/patricia-de-jesus-monteiro-tracou-um-percurso-de-muito-trabalho-e-persistencia-conjugado-com-a-dedicacao-o-acompanhamento-e-o-empenho-da-equipa-versus-cliente\/","title":{"rendered":"&#8220;Patr\u00edcia de Jesus Monteiro tra\u00e7ou um percurso de muito trabalho e persist\u00eancia conjugado com a dedica\u00e7\u00e3o, o acompanhamento e o empenho da equipa versus cliente&#8221;"},"content":{"rendered":"\n<p><\/p>\n\n\n\n<p><strong><a href=\"http:\/\/www.pjmadvogados.com\">Patr\u00edcia de Jesus Monteiro<\/a> fundou em 2009 o seu escrit\u00f3rio, em Cascais, e destaca-se por abordar v\u00e1rias \u00e1reas do Direito e pela \u201ccapacidade de conjugar as solu\u00e7\u00f5es t\u00e9cnico-jur\u00eddicas com a intelig\u00eancia emocional junto de cada cliente\u201d, tal como a advogada conta \u00e0 Mais Magazine. <\/strong><\/p>\n\n\n\n<p><\/p>\n\n\n\n<p><strong>Em 2009 fundou o seu pr\u00f3prio escrit\u00f3rio, em seu nome, Patr\u00edcia de Jesus Monteiro. Como surgiu essa oportunidade e qual o balan\u00e7o destes anos de atividade? <\/strong><\/p>\n\n\n\n<p>A minha aptid\u00e3o para ajudar os outros em diversas situa\u00e7\u00f5es, o curso de Direito que escolhi aliado ao meu esp\u00edrito proativo, din\u00e2mico e polivalente, impulsionou&#8211;me para criar o meu pr\u00f3prio escrit\u00f3rio para desenvolver as minhas compet\u00eancias em pleno, com elevado n\u00edvel de rigor, confian\u00e7a e profissionalismo. Em 14 anos de servi\u00e7o jur\u00eddico destaco a import\u00e2ncia de escutar o cliente como o principal foco de atua\u00e7\u00e3o. A colabora\u00e7\u00e3o com outros profissionais de \u00e1reas complementares \u00e0 resolu\u00e7\u00e3o da quest\u00e3o do cliente \u00e9 relevante tamb\u00e9m. <\/p>\n\n\n\n<p><\/p>\n\n\n\n<p><strong>Quais as \u00e1reas de atua\u00e7\u00e3o jur\u00eddica e \u00e1reas de direito que a PJM Advogados abrange?<\/strong><\/p>\n\n\n\n<p>Somos um escrit\u00f3rio de advogados generalista, com compet\u00eancias t\u00e9cnico-jur\u00eddicas nas seguintes \u00e1reas de direito: Administrativo, Comercial, Contraordenacional, Estrangeiros, Fam\u00edlia, Imobili\u00e1rio, Insolv\u00eancia, Obriga\u00e7\u00f5es, Penal, Direitos Reais, Registos e Notariado, Sucess\u00f5es, Trabalho e Urbanismo. <\/p>\n\n\n\n<p><\/p>\n\n\n\n<p><strong>Quais os principais segredos para se conseguir obter sucesso na \u00e1rea da advocacia? Considera que a proximidade com o cliente \u00e9 um dos principais trunfos? <\/strong><\/p>\n\n\n\n<p>O nosso escrit\u00f3rio tra\u00e7ou um percurso de muito trabalho e persist\u00eancia conjugado com a dedica\u00e7\u00e3o, o acompanhamento e o empenho da equipa versus cliente. N\u00e3o existem segredos para o nosso sucesso, contudo, considero que a intui\u00e7\u00e3o feminina acrescenta valor a quem nos procura! A mais-valia \u00e9 a nossa capacidade de conjugar as solu\u00e7\u00f5es t\u00e9cnico-jur\u00eddicas com a intelig\u00eancia emocional junto de cada cliente. O contacto permanente com o cliente, as respostas atempadas e a constante informa\u00e7\u00e3o disponibilizada s\u00e3o a nossa orienta\u00e7\u00e3o de trabalho. <\/p>\n\n\n\n<p><\/p>\n\n\n\n<p><strong>A 19 de maio assinala-se o Dia do Advogado, data que assinala o trabalho merit\u00f3rio que todos estes profissionais exercem pelos direitos dos portugueses. Na sua \u00f3tica, qual a import\u00e2ncia do advogado numa sociedade democr\u00e1tica? <\/strong><\/p>\n\n\n\n<p>O Advogado \u00e9 um t\u00e9cnico jur\u00eddico com um papel fundamental na prossecu\u00e7\u00e3o da justi\u00e7a, da igualdade e na manuten\u00e7\u00e3o do Estado Democr\u00e1tico de Direito. Contribui tamb\u00e9m para a resolu\u00e7\u00e3o de conflitos de forma pac\u00edfica, para a garantia dos direitos fundamentais dos cidad\u00e3os e para a aplica\u00e7\u00e3o correta das leis. Participa de todo o processo judicial, desde a elabora\u00e7\u00e3o de peti\u00e7\u00f5es iniciais\/ contesta\u00e7\u00f5es e diversos requerimentos e recursos at\u00e9 \u00e0 realiza\u00e7\u00e3o de alega\u00e7\u00f5es orais em audi\u00eancias de julgamento. Real\u00e7o um dos princ\u00edpios basilares da advocacia, \u201ca independ\u00eancia do Advogado (EOA)\u201d, pois garante que o servi\u00e7o jur\u00eddico \u00e9 realizado de acordo com a sua pr\u00f3pria consci\u00eancia e conhecimento t\u00e9cnico-jur\u00eddico, sem sofrer influ\u00eancias externas que possam comprometer o seu desempenho profissional. <\/p>\n\n\n\n<p><\/p>\n\n\n\n<p><strong>Tal como ainda \u00e9 corrente noutras \u00e1reas da sociedade, tamb\u00e9m no ramo da advocacia as mulheres n\u00e3o possuem o mesmo tipo de direitos que os homens, registando-se uma clara desigualdade. O que ainda \u00e9 necess\u00e1rio fazer para equilibrar esta balan\u00e7a? Como \u00e9 para si ser uma mulher advogada em Portugal? <\/strong><\/p>\n\n\n\n<p>As mulheres s\u00e3o verdadeiras guerreiras! Desempenham m\u00faltiplas fun\u00e7\u00f5es tanto a n\u00edvel pessoal, como profissional. A \u00e1rea do direito sofreu uma enorme evolu\u00e7\u00e3o quanto \u00e0 desigualdade de g\u00e9nero, pois era predominantemente dominada pelo g\u00e9nero masculino. Atualmente, \u00e9 diferente, j\u00e1 existem muitas mulheres estudantes de direito, advogadas, magistradas, entre outros cargos, mas a desigualdade de g\u00e9nero ainda persiste, em menor dimens\u00e3o, e talvez \u201cmais mascarada\u201d. Ao analisarmos os dados comparativos homens vs mulheres, quanto aos sal\u00e1rios, ao n\u00famero de horas de trabalho, ao n\u00famero de empregos, \u00e0s posi\u00e7\u00f5es de chefia&#8230; constatamos uma \u201crealidade de desigualdade\u201d. Enquanto advogada e como mulher confesso que nunca senti injusti\u00e7a nem muita desigualdade profissional. Por\u00e9m, saliento que no tema da maternidade na advocacia existe alguma desigualdade de g\u00e9nero, no que diz respeito \u00e0 concilia\u00e7\u00e3o das atividades jur\u00eddicas com as responsabilidades da maternidade. No meu caso, tive a sorte de ter o apoio de colegas no escrit\u00f3rio, mas nas audi\u00eancias e em certos casos espec\u00edficos foi necess\u00e1rio eu estar presente! A desigualdade de g\u00e9nero na \u00e1rea jur\u00eddica \u00e9 um desafio significativo que requer comportamentos que promovam a equidade e a inclus\u00e3o de g\u00e9nero.   <\/p>\n\n\n\n<p><\/p>\n\n\n<div class=\"wp-block-image\">\n<figure class=\"aligncenter size-full is-resized\"><img loading=\"lazy\" decoding=\"async\" width=\"960\" height=\"960\" src=\"https:\/\/maismagazine.pt\/wp-content\/uploads\/2024\/05\/301790658_492019926267575_5563993921786731634_n.jpg\" alt=\"\" class=\"wp-image-9684\" style=\"aspect-ratio:1;width:221px;height:auto\" srcset=\"http:\/\/maismagazine.pt\/wp-content\/uploads\/2024\/05\/301790658_492019926267575_5563993921786731634_n.jpg 960w, http:\/\/maismagazine.pt\/wp-content\/uploads\/2024\/05\/301790658_492019926267575_5563993921786731634_n-300x300.jpg 300w, http:\/\/maismagazine.pt\/wp-content\/uploads\/2024\/05\/301790658_492019926267575_5563993921786731634_n-150x150.jpg 150w, http:\/\/maismagazine.pt\/wp-content\/uploads\/2024\/05\/301790658_492019926267575_5563993921786731634_n-768x768.jpg 768w\" sizes=\"auto, (max-width: 960px) 100vw, 960px\" \/><\/figure><\/div>","protected":false},"excerpt":{"rendered":"<p>Patr\u00edcia de Jesus Monteiro fundou em 2009 o seu escrit\u00f3rio, em Cascais, e destaca-se por abordar v\u00e1rias \u00e1reas do Direito e pela \u201ccapacidade de conjugar as solu\u00e7\u00f5es t\u00e9cnico-jur\u00eddicas com a intelig\u00eancia emocional junto de cada cliente\u201d, tal como a advogada conta \u00e0 Mais Magazine. Em 2009 fundou o seu pr\u00f3prio&hellip;<\/p>\n","protected":false},"author":17,"featured_media":9685,"comment_status":"closed","ping_status":"open","sticky":false,"template":"","format":"standard","meta":{"advgb_blocks_editor_width":"","advgb_blocks_columns_visual_guide":"","_monsterinsights_skip_tracking":false,"_monsterinsights_sitenote_active":false,"_monsterinsights_sitenote_note":"","_monsterinsights_sitenote_category":0,"footnotes":""},"categories":[6],"tags":[1996],"class_list":["post-9679","post","type-post","status-publish","format-standard","has-post-thumbnail","hentry","category-empreendedorismo","tag-pjm-advogados"],"yoast_head":"<!-- This site is optimized with the Yoast SEO plugin v24.4 - https:\/\/yoast.com\/wordpress\/plugins\/seo\/ -->\n<title>&quot;Patr\u00edcia de Jesus Monteiro tra\u00e7ou um percurso de muito trabalho e persist\u00eancia conjugado com a dedica\u00e7\u00e3o, o acompanhamento e o empenho da equipa versus cliente&quot; - Mais Magazine<\/title>\n<meta name=\"description\" content=\"Patr\u00edcia de Jesus Monteiro fundou em 2009 o seu escrit\u00f3rio, em Cascais, e destaca-se por abordar v\u00e1rias \u00e1reas do Direito e pela \u201ccapacidade de conjugar as solu\u00e7\u00f5es t\u00e9cnico-jur\u00eddicas com a intelig\u00eancia emocional junto de cada cliente\u201d, tal como a advogada conta \u00e0 Mais Magazine.\" \/>\n<meta name=\"robots\" content=\"index, follow, max-snippet:-1, max-image-preview:large, max-video-preview:-1\" \/>\n<link rel=\"canonical\" href=\"https:\/\/maismagazine.pt\/index.php\/2024\/05\/24\/patricia-de-jesus-monteiro-tracou-um-percurso-de-muito-trabalho-e-persistencia-conjugado-com-a-dedicacao-o-acompanhamento-e-o-empenho-da-equipa-versus-cliente\/\" \/>\n<meta property=\"og:locale\" content=\"pt_PT\" \/>\n<meta property=\"og:type\" content=\"article\" \/>\n<meta property=\"og:title\" content=\"&quot;Patr\u00edcia de Jesus Monteiro tra\u00e7ou um percurso de muito trabalho e persist\u00eancia conjugado com a dedica\u00e7\u00e3o, o acompanhamento e o empenho da equipa versus cliente&quot; - Mais Magazine\" \/>\n<meta property=\"og:description\" content=\"Patr\u00edcia de Jesus Monteiro fundou em 2009 o seu escrit\u00f3rio, em Cascais, e destaca-se por abordar v\u00e1rias \u00e1reas do Direito e pela \u201ccapacidade de conjugar as solu\u00e7\u00f5es t\u00e9cnico-jur\u00eddicas com a intelig\u00eancia emocional junto de cada cliente\u201d, tal como a advogada conta \u00e0 Mais Magazine.\" \/>\n<meta property=\"og:url\" content=\"https:\/\/maismagazine.pt\/index.php\/2024\/05\/24\/patricia-de-jesus-monteiro-tracou-um-percurso-de-muito-trabalho-e-persistencia-conjugado-com-a-dedicacao-o-acompanhamento-e-o-empenho-da-equipa-versus-cliente\/\" \/>\n<meta property=\"og:site_name\" content=\"Mais Magazine\" \/>\n<meta property=\"article:published_time\" content=\"2024-05-24T06:00:00+00:00\" \/>\n<meta property=\"og:image\" content=\"https:\/\/maismagazine.pt\/wp-content\/uploads\/2024\/05\/Patricia-Monteira-Advogada.jpg\" \/>\n\t<meta property=\"og:image:width\" content=\"576\" \/>\n\t<meta property=\"og:image:height\" content=\"384\" \/>\n\t<meta property=\"og:image:type\" content=\"image\/jpeg\" \/>\n<meta name=\"author\" content=\"Tiago Costa\" \/>\n<meta name=\"twitter:card\" content=\"summary_large_image\" \/>\n<meta name=\"twitter:label1\" content=\"Escrito por\" \/>\n\t<meta name=\"twitter:data1\" content=\"\" \/>\n\t<meta name=\"twitter:label2\" content=\"Tempo estimado de leitura\" \/>\n\t<meta name=\"twitter:data2\" content=\"5 minutos\" \/>\n<script type=\"application\/ld+json\" class=\"yoast-schema-graph\">{\"@context\":\"https:\/\/schema.org\",\"@graph\":[{\"@type\":\"Article\",\"@id\":\"https:\/\/maismagazine.pt\/index.php\/2024\/05\/24\/patricia-de-jesus-monteiro-tracou-um-percurso-de-muito-trabalho-e-persistencia-conjugado-com-a-dedicacao-o-acompanhamento-e-o-empenho-da-equipa-versus-cliente\/#article\",\"isPartOf\":{\"@id\":\"https:\/\/maismagazine.pt\/index.php\/2024\/05\/24\/patricia-de-jesus-monteiro-tracou-um-percurso-de-muito-trabalho-e-persistencia-conjugado-com-a-dedicacao-o-acompanhamento-e-o-empenho-da-equipa-versus-cliente\/\"},\"author\":{\"name\":\"Tiago Costa\",\"@id\":\"https:\/\/maismagazine.pt\/#\/schema\/person\/c6c5bfccc886434cbd11c74e035f9646\"},\"headline\":\"&#8220;Patr\u00edcia de Jesus Monteiro tra\u00e7ou um percurso de muito trabalho e persist\u00eancia conjugado com a dedica\u00e7\u00e3o, o acompanhamento e o empenho da equipa versus cliente&#8221;\",\"datePublished\":\"2024-05-24T06:00:00+00:00\",\"mainEntityOfPage\":{\"@id\":\"https:\/\/maismagazine.pt\/index.php\/2024\/05\/24\/patricia-de-jesus-monteiro-tracou-um-percurso-de-muito-trabalho-e-persistencia-conjugado-com-a-dedicacao-o-acompanhamento-e-o-empenho-da-equipa-versus-cliente\/\"},\"wordCount\":816,\"publisher\":{\"@id\":\"https:\/\/maismagazine.pt\/#organization\"},\"image\":{\"@id\":\"https:\/\/maismagazine.pt\/index.php\/2024\/05\/24\/patricia-de-jesus-monteiro-tracou-um-percurso-de-muito-trabalho-e-persistencia-conjugado-com-a-dedicacao-o-acompanhamento-e-o-empenho-da-equipa-versus-cliente\/#primaryimage\"},\"thumbnailUrl\":\"http:\/\/maismagazine.pt\/wp-content\/uploads\/2024\/05\/Patricia-Monteira-Advogada.jpg\",\"keywords\":[\"PJM Advogados\"],\"articleSection\":[\"Empreendedorismo\"],\"inLanguage\":\"pt-PT\"},{\"@type\":\"WebPage\",\"@id\":\"https:\/\/maismagazine.pt\/index.php\/2024\/05\/24\/patricia-de-jesus-monteiro-tracou-um-percurso-de-muito-trabalho-e-persistencia-conjugado-com-a-dedicacao-o-acompanhamento-e-o-empenho-da-equipa-versus-cliente\/\",\"url\":\"https:\/\/maismagazine.pt\/index.php\/2024\/05\/24\/patricia-de-jesus-monteiro-tracou-um-percurso-de-muito-trabalho-e-persistencia-conjugado-com-a-dedicacao-o-acompanhamento-e-o-empenho-da-equipa-versus-cliente\/\",\"name\":\"\\\"Patr\u00edcia de Jesus Monteiro tra\u00e7ou um percurso de muito trabalho e persist\u00eancia conjugado com a dedica\u00e7\u00e3o, o acompanhamento e o empenho da equipa versus cliente\\\" - Mais Magazine\",\"isPartOf\":{\"@id\":\"https:\/\/maismagazine.pt\/#website\"},\"primaryImageOfPage\":{\"@id\":\"https:\/\/maismagazine.pt\/index.php\/2024\/05\/24\/patricia-de-jesus-monteiro-tracou-um-percurso-de-muito-trabalho-e-persistencia-conjugado-com-a-dedicacao-o-acompanhamento-e-o-empenho-da-equipa-versus-cliente\/#primaryimage\"},\"image\":{\"@id\":\"https:\/\/maismagazine.pt\/index.php\/2024\/05\/24\/patricia-de-jesus-monteiro-tracou-um-percurso-de-muito-trabalho-e-persistencia-conjugado-com-a-dedicacao-o-acompanhamento-e-o-empenho-da-equipa-versus-cliente\/#primaryimage\"},\"thumbnailUrl\":\"http:\/\/maismagazine.pt\/wp-content\/uploads\/2024\/05\/Patricia-Monteira-Advogada.jpg\",\"datePublished\":\"2024-05-24T06:00:00+00:00\",\"description\":\"Patr\u00edcia de Jesus Monteiro fundou em 2009 o seu escrit\u00f3rio, em Cascais, e destaca-se por abordar v\u00e1rias \u00e1reas do Direito e pela \u201ccapacidade de conjugar as solu\u00e7\u00f5es t\u00e9cnico-jur\u00eddicas com a intelig\u00eancia emocional junto de cada cliente\u201d, tal como a advogada conta \u00e0 Mais Magazine.\",\"breadcrumb\":{\"@id\":\"https:\/\/maismagazine.pt\/index.php\/2024\/05\/24\/patricia-de-jesus-monteiro-tracou-um-percurso-de-muito-trabalho-e-persistencia-conjugado-com-a-dedicacao-o-acompanhamento-e-o-empenho-da-equipa-versus-cliente\/#breadcrumb\"},\"inLanguage\":\"pt-PT\",\"potentialAction\":[{\"@type\":\"ReadAction\",\"target\":[\"https:\/\/maismagazine.pt\/index.php\/2024\/05\/24\/patricia-de-jesus-monteiro-tracou-um-percurso-de-muito-trabalho-e-persistencia-conjugado-com-a-dedicacao-o-acompanhamento-e-o-empenho-da-equipa-versus-cliente\/\"]}]},{\"@type\":\"ImageObject\",\"inLanguage\":\"pt-PT\",\"@id\":\"https:\/\/maismagazine.pt\/index.php\/2024\/05\/24\/patricia-de-jesus-monteiro-tracou-um-percurso-de-muito-trabalho-e-persistencia-conjugado-com-a-dedicacao-o-acompanhamento-e-o-empenho-da-equipa-versus-cliente\/#primaryimage\",\"url\":\"http:\/\/maismagazine.pt\/wp-content\/uploads\/2024\/05\/Patricia-Monteira-Advogada.jpg\",\"contentUrl\":\"http:\/\/maismagazine.pt\/wp-content\/uploads\/2024\/05\/Patricia-Monteira-Advogada.jpg\",\"width\":576,\"height\":384},{\"@type\":\"BreadcrumbList\",\"@id\":\"https:\/\/maismagazine.pt\/index.php\/2024\/05\/24\/patricia-de-jesus-monteiro-tracou-um-percurso-de-muito-trabalho-e-persistencia-conjugado-com-a-dedicacao-o-acompanhamento-e-o-empenho-da-equipa-versus-cliente\/#breadcrumb\",\"itemListElement\":[{\"@type\":\"ListItem\",\"position\":1,\"name\":\"Home\",\"item\":\"https:\/\/maismagazine.pt\/\"},{\"@type\":\"ListItem\",\"position\":2,\"name\":\"&#8220;Patr\u00edcia de Jesus Monteiro tra\u00e7ou um percurso de muito trabalho e persist\u00eancia conjugado com a dedica\u00e7\u00e3o, o acompanhamento e o empenho da equipa versus cliente&#8221;\"}]},{\"@type\":\"WebSite\",\"@id\":\"https:\/\/maismagazine.pt\/#website\",\"url\":\"https:\/\/maismagazine.pt\/\",\"name\":\"Mais Magazine\",\"description\":\"\",\"publisher\":{\"@id\":\"https:\/\/maismagazine.pt\/#organization\"},\"potentialAction\":[{\"@type\":\"SearchAction\",\"target\":{\"@type\":\"EntryPoint\",\"urlTemplate\":\"https:\/\/maismagazine.pt\/?s={search_term_string}\"},\"query-input\":{\"@type\":\"PropertyValueSpecification\",\"valueRequired\":true,\"valueName\":\"search_term_string\"}}],\"inLanguage\":\"pt-PT\"},{\"@type\":\"Organization\",\"@id\":\"https:\/\/maismagazine.pt\/#organization\",\"name\":\"Mais Magazine\",\"url\":\"https:\/\/maismagazine.pt\/\",\"logo\":{\"@type\":\"ImageObject\",\"inLanguage\":\"pt-PT\",\"@id\":\"https:\/\/maismagazine.pt\/#\/schema\/logo\/image\/\",\"url\":\"http:\/\/maismagazine.pt\/wp-content\/uploads\/2020\/04\/cropped-cropped-mais-magazine-site-logo-2.png\",\"contentUrl\":\"http:\/\/maismagazine.pt\/wp-content\/uploads\/2020\/04\/cropped-cropped-mais-magazine-site-logo-2.png\",\"width\":581,\"height\":90,\"caption\":\"Mais Magazine\"},\"image\":{\"@id\":\"https:\/\/maismagazine.pt\/#\/schema\/logo\/image\/\"}},{\"@type\":\"Person\",\"@id\":\"https:\/\/maismagazine.pt\/#\/schema\/person\/c6c5bfccc886434cbd11c74e035f9646\",\"name\":\"Tiago Costa\",\"image\":{\"@type\":\"ImageObject\",\"inLanguage\":\"pt-PT\",\"@id\":\"https:\/\/maismagazine.pt\/#\/schema\/person\/image\/\",\"url\":\"https:\/\/secure.gravatar.com\/avatar\/c599b2bce16c9870429198cbad5ee022?s=96&d=mm&r=g\",\"contentUrl\":\"https:\/\/secure.gravatar.com\/avatar\/c599b2bce16c9870429198cbad5ee022?s=96&d=mm&r=g\",\"caption\":\"Tiago Costa\"},\"url\":\"http:\/\/maismagazine.pt\/index.php\/author\/tiago\/\"}]}<\/script>\n<!-- \/ Yoast SEO plugin. -->","yoast_head_json":{"title":"\"Patr\u00edcia de Jesus Monteiro tra\u00e7ou um percurso de muito trabalho e persist\u00eancia conjugado com a dedica\u00e7\u00e3o, o acompanhamento e o empenho da equipa versus cliente\" - Mais Magazine","description":"Patr\u00edcia de Jesus Monteiro fundou em 2009 o seu escrit\u00f3rio, em Cascais, e destaca-se por abordar v\u00e1rias \u00e1reas do Direito e pela \u201ccapacidade de conjugar as solu\u00e7\u00f5es t\u00e9cnico-jur\u00eddicas com a intelig\u00eancia emocional junto de cada cliente\u201d, tal como a advogada conta \u00e0 Mais Magazine.","robots":{"index":"index","follow":"follow","max-snippet":"max-snippet:-1","max-image-preview":"max-image-preview:large","max-video-preview":"max-video-preview:-1"},"canonical":"https:\/\/maismagazine.pt\/index.php\/2024\/05\/24\/patricia-de-jesus-monteiro-tracou-um-percurso-de-muito-trabalho-e-persistencia-conjugado-com-a-dedicacao-o-acompanhamento-e-o-empenho-da-equipa-versus-cliente\/","og_locale":"pt_PT","og_type":"article","og_title":"\"Patr\u00edcia de Jesus Monteiro tra\u00e7ou um percurso de muito trabalho e persist\u00eancia conjugado com a dedica\u00e7\u00e3o, o acompanhamento e o empenho da equipa versus cliente\" - Mais Magazine","og_description":"Patr\u00edcia de Jesus Monteiro fundou em 2009 o seu escrit\u00f3rio, em Cascais, e destaca-se por abordar v\u00e1rias \u00e1reas do Direito e pela \u201ccapacidade de conjugar as solu\u00e7\u00f5es t\u00e9cnico-jur\u00eddicas com a intelig\u00eancia emocional junto de cada cliente\u201d, tal como a advogada conta \u00e0 Mais Magazine.","og_url":"https:\/\/maismagazine.pt\/index.php\/2024\/05\/24\/patricia-de-jesus-monteiro-tracou-um-percurso-de-muito-trabalho-e-persistencia-conjugado-com-a-dedicacao-o-acompanhamento-e-o-empenho-da-equipa-versus-cliente\/","og_site_name":"Mais Magazine","article_published_time":"2024-05-24T06:00:00+00:00","og_image":[{"width":576,"height":384,"url":"https:\/\/maismagazine.pt\/wp-content\/uploads\/2024\/05\/Patricia-Monteira-Advogada.jpg","type":"image\/jpeg"}],"author":"Tiago Costa","twitter_card":"summary_large_image","twitter_misc":{"Escrito por":false,"Tempo estimado de leitura":"5 minutos"},"schema":{"@context":"https:\/\/schema.org","@graph":[{"@type":"Article","@id":"https:\/\/maismagazine.pt\/index.php\/2024\/05\/24\/patricia-de-jesus-monteiro-tracou-um-percurso-de-muito-trabalho-e-persistencia-conjugado-com-a-dedicacao-o-acompanhamento-e-o-empenho-da-equipa-versus-cliente\/#article","isPartOf":{"@id":"https:\/\/maismagazine.pt\/index.php\/2024\/05\/24\/patricia-de-jesus-monteiro-tracou-um-percurso-de-muito-trabalho-e-persistencia-conjugado-com-a-dedicacao-o-acompanhamento-e-o-empenho-da-equipa-versus-cliente\/"},"author":{"name":"Tiago Costa","@id":"https:\/\/maismagazine.pt\/#\/schema\/person\/c6c5bfccc886434cbd11c74e035f9646"},"headline":"&#8220;Patr\u00edcia de Jesus Monteiro tra\u00e7ou um percurso de muito trabalho e persist\u00eancia conjugado com a dedica\u00e7\u00e3o, o acompanhamento e o empenho da equipa versus cliente&#8221;","datePublished":"2024-05-24T06:00:00+00:00","mainEntityOfPage":{"@id":"https:\/\/maismagazine.pt\/index.php\/2024\/05\/24\/patricia-de-jesus-monteiro-tracou-um-percurso-de-muito-trabalho-e-persistencia-conjugado-com-a-dedicacao-o-acompanhamento-e-o-empenho-da-equipa-versus-cliente\/"},"wordCount":816,"publisher":{"@id":"https:\/\/maismagazine.pt\/#organization"},"image":{"@id":"https:\/\/maismagazine.pt\/index.php\/2024\/05\/24\/patricia-de-jesus-monteiro-tracou-um-percurso-de-muito-trabalho-e-persistencia-conjugado-com-a-dedicacao-o-acompanhamento-e-o-empenho-da-equipa-versus-cliente\/#primaryimage"},"thumbnailUrl":"http:\/\/maismagazine.pt\/wp-content\/uploads\/2024\/05\/Patricia-Monteira-Advogada.jpg","keywords":["PJM Advogados"],"articleSection":["Empreendedorismo"],"inLanguage":"pt-PT"},{"@type":"WebPage","@id":"https:\/\/maismagazine.pt\/index.php\/2024\/05\/24\/patricia-de-jesus-monteiro-tracou-um-percurso-de-muito-trabalho-e-persistencia-conjugado-com-a-dedicacao-o-acompanhamento-e-o-empenho-da-equipa-versus-cliente\/","url":"https:\/\/maismagazine.pt\/index.php\/2024\/05\/24\/patricia-de-jesus-monteiro-tracou-um-percurso-de-muito-trabalho-e-persistencia-conjugado-com-a-dedicacao-o-acompanhamento-e-o-empenho-da-equipa-versus-cliente\/","name":"\"Patr\u00edcia de Jesus Monteiro tra\u00e7ou um percurso de muito trabalho e persist\u00eancia conjugado com a dedica\u00e7\u00e3o, o acompanhamento e o empenho da equipa versus cliente\" - Mais Magazine","isPartOf":{"@id":"https:\/\/maismagazine.pt\/#website"},"primaryImageOfPage":{"@id":"https:\/\/maismagazine.pt\/index.php\/2024\/05\/24\/patricia-de-jesus-monteiro-tracou-um-percurso-de-muito-trabalho-e-persistencia-conjugado-com-a-dedicacao-o-acompanhamento-e-o-empenho-da-equipa-versus-cliente\/#primaryimage"},"image":{"@id":"https:\/\/maismagazine.pt\/index.php\/2024\/05\/24\/patricia-de-jesus-monteiro-tracou-um-percurso-de-muito-trabalho-e-persistencia-conjugado-com-a-dedicacao-o-acompanhamento-e-o-empenho-da-equipa-versus-cliente\/#primaryimage"},"thumbnailUrl":"http:\/\/maismagazine.pt\/wp-content\/uploads\/2024\/05\/Patricia-Monteira-Advogada.jpg","datePublished":"2024-05-24T06:00:00+00:00","description":"Patr\u00edcia de Jesus Monteiro fundou em 2009 o seu escrit\u00f3rio, em Cascais, e destaca-se por abordar v\u00e1rias \u00e1reas do Direito e pela \u201ccapacidade de conjugar as solu\u00e7\u00f5es t\u00e9cnico-jur\u00eddicas com a intelig\u00eancia emocional junto de cada cliente\u201d, tal como a advogada conta \u00e0 Mais Magazine.","breadcrumb":{"@id":"https:\/\/maismagazine.pt\/index.php\/2024\/05\/24\/patricia-de-jesus-monteiro-tracou-um-percurso-de-muito-trabalho-e-persistencia-conjugado-com-a-dedicacao-o-acompanhamento-e-o-empenho-da-equipa-versus-cliente\/#breadcrumb"},"inLanguage":"pt-PT","potentialAction":[{"@type":"ReadAction","target":["https:\/\/maismagazine.pt\/index.php\/2024\/05\/24\/patricia-de-jesus-monteiro-tracou-um-percurso-de-muito-trabalho-e-persistencia-conjugado-com-a-dedicacao-o-acompanhamento-e-o-empenho-da-equipa-versus-cliente\/"]}]},{"@type":"ImageObject","inLanguage":"pt-PT","@id":"https:\/\/maismagazine.pt\/index.php\/2024\/05\/24\/patricia-de-jesus-monteiro-tracou-um-percurso-de-muito-trabalho-e-persistencia-conjugado-com-a-dedicacao-o-acompanhamento-e-o-empenho-da-equipa-versus-cliente\/#primaryimage","url":"http:\/\/maismagazine.pt\/wp-content\/uploads\/2024\/05\/Patricia-Monteira-Advogada.jpg","contentUrl":"http:\/\/maismagazine.pt\/wp-content\/uploads\/2024\/05\/Patricia-Monteira-Advogada.jpg","width":576,"height":384},{"@type":"BreadcrumbList","@id":"https:\/\/maismagazine.pt\/index.php\/2024\/05\/24\/patricia-de-jesus-monteiro-tracou-um-percurso-de-muito-trabalho-e-persistencia-conjugado-com-a-dedicacao-o-acompanhamento-e-o-empenho-da-equipa-versus-cliente\/#breadcrumb","itemListElement":[{"@type":"ListItem","position":1,"name":"Home","item":"https:\/\/maismagazine.pt\/"},{"@type":"ListItem","position":2,"name":"&#8220;Patr\u00edcia de Jesus Monteiro tra\u00e7ou um percurso de muito trabalho e persist\u00eancia conjugado com a dedica\u00e7\u00e3o, o acompanhamento e o empenho da equipa versus cliente&#8221;"}]},{"@type":"WebSite","@id":"https:\/\/maismagazine.pt\/#website","url":"https:\/\/maismagazine.pt\/","name":"Mais Magazine","description":"","publisher":{"@id":"https:\/\/maismagazine.pt\/#organization"},"potentialAction":[{"@type":"SearchAction","target":{"@type":"EntryPoint","urlTemplate":"https:\/\/maismagazine.pt\/?s={search_term_string}"},"query-input":{"@type":"PropertyValueSpecification","valueRequired":true,"valueName":"search_term_string"}}],"inLanguage":"pt-PT"},{"@type":"Organization","@id":"https:\/\/maismagazine.pt\/#organization","name":"Mais Magazine","url":"https:\/\/maismagazine.pt\/","logo":{"@type":"ImageObject","inLanguage":"pt-PT","@id":"https:\/\/maismagazine.pt\/#\/schema\/logo\/image\/","url":"http:\/\/maismagazine.pt\/wp-content\/uploads\/2020\/04\/cropped-cropped-mais-magazine-site-logo-2.png","contentUrl":"http:\/\/maismagazine.pt\/wp-content\/uploads\/2020\/04\/cropped-cropped-mais-magazine-site-logo-2.png","width":581,"height":90,"caption":"Mais Magazine"},"image":{"@id":"https:\/\/maismagazine.pt\/#\/schema\/logo\/image\/"}},{"@type":"Person","@id":"https:\/\/maismagazine.pt\/#\/schema\/person\/c6c5bfccc886434cbd11c74e035f9646","name":"Tiago Costa","image":{"@type":"ImageObject","inLanguage":"pt-PT","@id":"https:\/\/maismagazine.pt\/#\/schema\/person\/image\/","url":"https:\/\/secure.gravatar.com\/avatar\/c599b2bce16c9870429198cbad5ee022?s=96&d=mm&r=g","contentUrl":"https:\/\/secure.gravatar.com\/avatar\/c599b2bce16c9870429198cbad5ee022?s=96&d=mm&r=g","caption":"Tiago Costa"},"url":"http:\/\/maismagazine.pt\/index.php\/author\/tiago\/"}]}},"author_meta":{"display_name":false,"author_link":"http:\/\/maismagazine.pt\/index.php\/author\/tiago\/"},"featured_img":"http:\/\/maismagazine.pt\/wp-content\/uploads\/2024\/05\/Patricia-Monteira-Advogada-300x200.jpg","coauthors":[],"tax_additional":{"categories":{"linked":["<a href=\"http:\/\/maismagazine.pt\/index.php\/category\/empreendedorismo\/\" class=\"advgb-post-tax-term\">Empreendedorismo<\/a>"],"unlinked":["<span class=\"advgb-post-tax-term\">Empreendedorismo<\/span>"]},"tags":{"linked":["<a href=\"http:\/\/maismagazine.pt\/index.php\/category\/empreendedorismo\/\" class=\"advgb-post-tax-term\">PJM Advogados<\/a>"],"unlinked":["<span class=\"advgb-post-tax-term\">PJM Advogados<\/span>"]}},"comment_count":"0","relative_dates":{"created":"Posted 2 anos ago","modified":"Updated 2 anos ago"},"absolute_dates":{"created":"Posted on 24 de Maio, 2024","modified":"Updated on 20 de Maio, 2024"},"absolute_dates_time":{"created":"Posted on 24 de Maio, 2024 7:00","modified":"Updated on 20 de Maio, 2024 16:16"},"featured_img_caption":"","series_order":"","_links":{"self":[{"href":"http:\/\/maismagazine.pt\/index.php\/wp-json\/wp\/v2\/posts\/9679","targetHints":{"allow":["GET"]}}],"collection":[{"href":"http:\/\/maismagazine.pt\/index.php\/wp-json\/wp\/v2\/posts"}],"about":[{"href":"http:\/\/maismagazine.pt\/index.php\/wp-json\/wp\/v2\/types\/post"}],"author":[{"embeddable":true,"href":"http:\/\/maismagazine.pt\/index.php\/wp-json\/wp\/v2\/users\/17"}],"replies":[{"embeddable":true,"href":"http:\/\/maismagazine.pt\/index.php\/wp-json\/wp\/v2\/comments?post=9679"}],"version-history":[{"count":2,"href":"http:\/\/maismagazine.pt\/index.php\/wp-json\/wp\/v2\/posts\/9679\/revisions"}],"predecessor-version":[{"id":9687,"href":"http:\/\/maismagazine.pt\/index.php\/wp-json\/wp\/v2\/posts\/9679\/revisions\/9687"}],"wp:featuredmedia":[{"embeddable":true,"href":"http:\/\/maismagazine.pt\/index.php\/wp-json\/wp\/v2\/media\/9685"}],"wp:attachment":[{"href":"http:\/\/maismagazine.pt\/index.php\/wp-json\/wp\/v2\/media?parent=9679"}],"wp:term":[{"taxonomy":"category","embeddable":true,"href":"http:\/\/maismagazine.pt\/index.php\/wp-json\/wp\/v2\/categories?post=9679"},{"taxonomy":"post_tag","embeddable":true,"href":"http:\/\/maismagazine.pt\/index.php\/wp-json\/wp\/v2\/tags?post=9679"}],"curies":[{"name":"wp","href":"https:\/\/api.w.org\/{rel}","templated":true}]}}