{"id":9649,"date":"2024-05-24T07:00:00","date_gmt":"2024-05-24T06:00:00","guid":{"rendered":"https:\/\/maismagazine.pt\/?p=9649"},"modified":"2024-05-20T15:48:06","modified_gmt":"2024-05-20T14:48:06","slug":"o-advogado-desempenha-um-papel-fundamental-num-estado-de-direito-democratico-como-portugal-uma-vez-que-e-aquele-que-e-o-servidor-da-justica-e-do-direito","status":"publish","type":"post","link":"http:\/\/maismagazine.pt\/index.php\/2024\/05\/24\/o-advogado-desempenha-um-papel-fundamental-num-estado-de-direito-democratico-como-portugal-uma-vez-que-e-aquele-que-e-o-servidor-da-justica-e-do-direito\/","title":{"rendered":"&#8220;O Advogado desempenha um papel fundamental num Estado de Direito Democr\u00e1tico como Portugal, uma vez que \u00e9 aquele que \u00e9 o servidor da Justi\u00e7a e do Direito&#8221;"},"content":{"rendered":"\n<p><strong>Foi no final de 2006 que<a href=\"http:\/\/www.gabinetejuridicolt.com\"> Lu\u00edsa Teixeira<\/a> deu um passo em frente na procura de consolidar a sua carreira como Advogada, abrindo portas ao Gabinete Jur\u00eddico LT, bem no cora\u00e7\u00e3o da cidade da Maia. Em entrevista \u00e0 Mais Magazine, a Advogada d\u00e1 a sua perspetiva sobre a import\u00e2ncia do Advogado nos dias de correm, abordando ainda os servi\u00e7os que o seu escrit\u00f3rio oferece aos seus clientes e os desafios que enfrenta diariamente no setor da Advocacia. <\/strong><\/p>\n\n\n\n<p><\/p>\n\n\n\n<p><strong>Quais os servi\u00e7os que o seu escrit\u00f3rio oferece a quem vos procura e que setores jur\u00eddicos trabalham?<\/strong> <\/p>\n\n\n\n<p>No Gabinete Jur\u00eddico LT, procuramos atender \u00e0s necessidades dos nossos clientes, e o facto de fazermos assessoria Juridico \u2013 Empresarial, bem como o facto de trabalharmos muito para Estrangeiro, permite-nos alcan\u00e7ar uma grande ambival\u00eancia. As empresas ainda est\u00e3o habituadas a associar o recurso a um Advogado com o recurso ao Tribunal e a custos demasiado elevados. Tal n\u00e3o \u00e9, no entanto, a realidade dos dias de hoje. Apesar de ainda ser pouco divulgada, a Assessoria Jur\u00eddica Empresarial, vulgarmente conhecida como Aven\u00e7a mensal, est\u00e1 a conquistar cada vez mais clientes. Todas as empresas acreditam que a sua estrutura jur\u00eddica est\u00e1 intacta, at\u00e9 serem confrontadas com uma situa\u00e7\u00e3o que acarreta custos demasiado elevados. Ser\u00e1 natural que muitas destas empresas nunca tenham ouvido falar na Advocacia Preventiva e nas suas vantagens. Podem, igualmente, acreditar que a empresa n\u00e3o tem necessidade de um acompanhamento jur\u00eddico permanente, nomeadamente sob a forma de uma Assessoria Jur\u00eddica. A competitividade do mundo empresarial contempor\u00e2neo, exige \u00e0s empresas constante aten\u00e7\u00e3o em rela\u00e7\u00e3o ao detalhe e pormenor. Muitas vezes, uma vulnerabilidade torna-se decisiva e \u00e9 respons\u00e1vel pelo fracasso ou sucesso de neg\u00f3cios importantes. Por outro lado, as empresas ainda veem a Advocacia Preventiva, como um custo e n\u00e3o como um investimento cada vez mais necess\u00e1rio. Ora, o acompanhamento constante, nomeadamente por parte de um Advogado, dota, necessariamente, a empresa de mais seguran\u00e7a e fiabilidade. Todas as actividades, no entanto, s\u00e3o exercidas sempre privilegiando a Advocacia Preventiva e, portanto, a resolu\u00e7\u00e3o extra-judicial de lit\u00edgios. Cultivando assim, a Advocacia Preventiva!  <\/p>\n\n\n\n<p>A verdade, no entanto, \u00e9 que as Chefias desconhecem o verdadeiro estado da estrutura jur\u00eddica das empresas que lideram. Por isso mesmo, um dos nossos servi\u00e7os mais inovadores \u00e9 o Check-up Jur\u00eddico Empresarial, para identificar as vulnerabilidades, como: Cl\u00e1usulas de contratos de trabalho; Cl\u00e1usulas de contratos com fornecedores; An\u00e1lise de cr\u00e9ditos n\u00e3o recuperados e aconselhamento; S\u00edntese de processos a correr nos termos legais. A representa\u00e7\u00e3o fiscal tamb\u00e9m \u00e9 um dos nossos servi\u00e7os, que visa garantir ao emigrante que saia da Uni\u00e3o Europeia, tutelar os seus direitos e de responder pelas suas obriga\u00e7\u00f5es. Uma vez que esta nomea\u00e7\u00e3o \u00e9 uma obriga\u00e7\u00e3o acess\u00f3ria que visa facilitar a a\u00e7\u00e3o do fisco e \u00e9 pass\u00edvel de ser punido atrav\u00e9s de uma multa. Por op\u00e7\u00e3o pr\u00f3pria, n\u00e3o existe no Gabinete Juridico LT uma especializa\u00e7\u00e3o, mas sim, um estudo di\u00e1rio para atender a todas as \u00e1reas necess\u00e1rias aos nossos clientes. Seja o Direito Comercial, Direito de Trabalho, Direito Familiar, Sucess\u00f5es, Atribui\u00e7\u00e3o de Nacionalidade, Direito Civil, Direito Fiscal, Direito Penal e Contraordenacional e Contencioso de Condom\u00ednios entre outros. <\/p>\n\n\n\n<p><\/p>\n\n\n<div class=\"wp-block-image\">\n<figure class=\"aligncenter size-full is-resized\"><img loading=\"lazy\" decoding=\"async\" width=\"317\" height=\"422\" src=\"https:\/\/maismagazine.pt\/wp-content\/uploads\/2024\/05\/PS6_0924-Editar.jpg\" alt=\"\" class=\"wp-image-9653\" style=\"aspect-ratio:0.7511848341232228;width:319px;height:auto\" srcset=\"http:\/\/maismagazine.pt\/wp-content\/uploads\/2024\/05\/PS6_0924-Editar.jpg 317w, http:\/\/maismagazine.pt\/wp-content\/uploads\/2024\/05\/PS6_0924-Editar-225x300.jpg 225w\" sizes=\"auto, (max-width: 317px) 100vw, 317px\" \/><figcaption class=\"wp-element-caption\">Lu\u00edsa Teixeira, Advogada<\/figcaption><\/figure><\/div>\n\n\n<p><\/p>\n\n\n\n<p><strong>Quais os valores que considera fazerem parte da identidade do seu escrit\u00f3rio e que, desta forma, o torna diferenciado? Por que raz\u00e3o escolher o Gabinete Jur\u00eddico Lu\u00edsa Teixeira quando se necessita de um Advogado? <\/strong> <\/p>\n\n\n\n<p>A hist\u00f3ria deste Gabinete inicia-se a 2 de Dezembro de 2006, data em que come\u00e7ou oficialmente a laborar. No entanto, para mim, este dia foi o culminar de um cuidadoso processo de prepara\u00e7\u00e3o de mais um s\u00f3lido passo na minha carreira de Advogada. Localizado no centro da cidade da Maia, junto \u00e0 C\u00e2mara Municipal e ao Tribunal, este Gabinete distingue-se dos demais, pela aten\u00e7\u00e3o dada ao pormenor e ao detalhe. Um espa\u00e7o acolhedor e leve, criado a pensar no conforto e bem-estar do Cliente, onde a decora\u00e7\u00e3o moderna se funde com o peso da tradi\u00e7\u00e3o desta actividade. Respeitando e valorizando a seriedade, honestidade e profissionalismo inerentes ao exerc\u00edcio do Direito, este Gabinete pauta-se pela inova\u00e7\u00e3o que pretende impor neste meio, onde novas ferramentas e m\u00e9todos de trabalho se exigem. Tudo com um \u00fanico objectivo: a satisfa\u00e7\u00e3o do Cliente. <\/p>\n\n\n\n<p><\/p>\n\n\n\n<p><strong>\u00c9 comum ouvir-se que, em Portugal, a justi\u00e7a \u00e9 lenta. Na sua \u00f3tica, este \u00e9 um dos grandes problemas na realidade da justi\u00e7a portuguesa? Que outros problemas\/desafios encontra diariamente na \u00e1rea?<\/strong> <\/p>\n\n\n\n<p>A Justi\u00e7a em Portugal, atravessa, h\u00e1 uns anos a esta parte, um per\u00edodo em que \u00e9 necess\u00e1ria uma interven\u00e7\u00e3o estrutural. A falta de meios, quer inform\u00e1ticos, quer de recursos humanos levam a uma clara lentid\u00e3o na Justi\u00e7a, e claro num descr\u00e9dito por parte do cidad\u00e3o comum. Um dos grandes desafios que encontro, \u00e9 praticar a Advocacia Preventiva, evitando que os conflitos cheguem a Tribunal. Quando chega um cliente j\u00e1 com um processo judicial, tento sempre, junto do Colega que representa a outra parte, chegar a um acordo ben\u00e9fico para ambas as partes. Na minha prespectiva sempre ser\u00e1 melhor um mau acordo, que uma boa senten\u00e7a, uma vez que muitas vezes temos uma senten\u00e7a que nos \u00e9 favor\u00e1vel, mas n\u00e3o \u00e9 exequ\u00edvel, uma vez que, quando a vamos executar para obter o seu cumprimento, j\u00e1 n\u00e3o existem bens que o garantam. <\/p>\n\n\n\n<p><\/p>\n\n\n\n<p><strong>Tal como acontece em muitas outras \u00e1reas de trabalho em Portugal, tamb\u00e9m no caso particular dos Advogados existe ainda uma clara disparidade nos direitos entre homens e mulheres. Como olha para esta situa\u00e7\u00e3o de desigualdade e o que significa para si ser uma mulher advogada com sucesso registado? <\/strong><\/p>\n\n\n\n<p>Em Portugal, na Advocacia, existe uma grande falta de direitos de Advogada M\u00e3e e\/ou Advogada com doen\u00e7a. N\u00e3o existe a licen\u00e7a de maternidade, ou seja, os direitos da M\u00e3e, comuns nas outras profiss\u00f5es, deixam de existir, naquela profiss\u00e3o que representa muitas M\u00e3es em tribunal, na luta pelos seus direitos. Ser mulher Advogada, apesar de j\u00e1 ter existido uma franca evolu\u00e7\u00e3o, representa sempre ter de demonstrar o dobro do valor que temos para atingir um lugar de sucesso e de destaque. Ao longo destes 20 anos de profiss\u00e3o, sempre senti esse peso.  <\/p>\n\n\n\n<p><\/p>\n\n\n\n<p><strong>Aproveitando o facto de dia 19 de maio celebrar-se o Dia Mundial do Advogado, para si, qual o papel e import\u00e2ncia que o Advogado desempenha na sociedade? <\/strong><\/p>\n\n\n\n<p>O Advogado desempenha um papel fundamental num Estado de Direito Democr\u00e1tico como Portugal, uma vez que \u00e9 aquele que \u00e9 o servidor da Justi\u00e7a e do Direito, permitindo aos cidad\u00e3os terem acesso a um processo justo e equitativo. O Advogado \u00e9 um profissional liberal que tutela pelos interesses e direitos dos cidad\u00e3os, e que representa estes em ju\u00edzo.<\/p>\n\n\n\n<p><\/p>\n\n\n\n<p><\/p>\n","protected":false},"excerpt":{"rendered":"<p>Foi no final de 2006 que Lu\u00edsa Teixeira deu um passo em frente na procura de consolidar a sua carreira como Advogada, abrindo portas ao Gabinete Jur\u00eddico LT, bem no cora\u00e7\u00e3o da cidade da Maia. Em entrevista \u00e0 Mais Magazine, a Advogada d\u00e1 a sua perspetiva sobre a import\u00e2ncia do&hellip;<\/p>\n","protected":false},"author":17,"featured_media":9655,"comment_status":"closed","ping_status":"open","sticky":false,"template":"","format":"standard","meta":{"advgb_blocks_editor_width":"","advgb_blocks_columns_visual_guide":"","_monsterinsights_skip_tracking":false,"_monsterinsights_sitenote_active":false,"_monsterinsights_sitenote_note":"","_monsterinsights_sitenote_category":0,"footnotes":""},"categories":[6],"tags":[1991],"class_list":["post-9649","post","type-post","status-publish","format-standard","has-post-thumbnail","hentry","category-empreendedorismo","tag-luisa-teixeira"],"yoast_head":"<!-- This site is optimized with the Yoast SEO plugin v24.4 - https:\/\/yoast.com\/wordpress\/plugins\/seo\/ -->\n<title>&quot;O Advogado desempenha um papel fundamental num Estado de Direito Democr\u00e1tico como Portugal, uma vez que \u00e9 aquele que \u00e9 o servidor da Justi\u00e7a e do Direito&quot; - Mais Magazine<\/title>\n<meta name=\"description\" content=\"Foi no final de 2006 que Lu\u00edsa Teixeira deu um passo em frente na procura de consolidar a sua carreira como Advogada, abrindo portas ao Gabinete Jur\u00eddico LT, bem no cora\u00e7\u00e3o da cidade da Maia. Em entrevista \u00e0 Mais Magazine, a Advogada d\u00e1 a sua perspetiva sobre a import\u00e2ncia do Advogado nos dias de correm, abordando ainda os servi\u00e7os que o seu escrit\u00f3rio oferece aos seus clientes e os desafios que enfrenta diariamente no setor da Advocacia.\" \/>\n<meta name=\"robots\" content=\"index, follow, max-snippet:-1, max-image-preview:large, max-video-preview:-1\" \/>\n<link rel=\"canonical\" href=\"https:\/\/maismagazine.pt\/index.php\/2024\/05\/24\/o-advogado-desempenha-um-papel-fundamental-num-estado-de-direito-democratico-como-portugal-uma-vez-que-e-aquele-que-e-o-servidor-da-justica-e-do-direito\/\" \/>\n<meta property=\"og:locale\" content=\"pt_PT\" \/>\n<meta property=\"og:type\" content=\"article\" \/>\n<meta property=\"og:title\" content=\"&quot;O Advogado desempenha um papel fundamental num Estado de Direito Democr\u00e1tico como Portugal, uma vez que \u00e9 aquele que \u00e9 o servidor da Justi\u00e7a e do Direito&quot; - Mais Magazine\" \/>\n<meta property=\"og:description\" content=\"Foi no final de 2006 que Lu\u00edsa Teixeira deu um passo em frente na procura de consolidar a sua carreira como Advogada, abrindo portas ao Gabinete Jur\u00eddico LT, bem no cora\u00e7\u00e3o da cidade da Maia. Em entrevista \u00e0 Mais Magazine, a Advogada d\u00e1 a sua perspetiva sobre a import\u00e2ncia do Advogado nos dias de correm, abordando ainda os servi\u00e7os que o seu escrit\u00f3rio oferece aos seus clientes e os desafios que enfrenta diariamente no setor da Advocacia.\" \/>\n<meta property=\"og:url\" content=\"https:\/\/maismagazine.pt\/index.php\/2024\/05\/24\/o-advogado-desempenha-um-papel-fundamental-num-estado-de-direito-democratico-como-portugal-uma-vez-que-e-aquele-que-e-o-servidor-da-justica-e-do-direito\/\" \/>\n<meta property=\"og:site_name\" content=\"Mais Magazine\" \/>\n<meta property=\"article:published_time\" content=\"2024-05-24T06:00:00+00:00\" \/>\n<meta property=\"og:image\" content=\"https:\/\/maismagazine.pt\/wp-content\/uploads\/2024\/05\/PS6_0946-Editar.jpg\" \/>\n\t<meta property=\"og:image:width\" content=\"560\" \/>\n\t<meta property=\"og:image:height\" content=\"420\" \/>\n\t<meta property=\"og:image:type\" content=\"image\/jpeg\" \/>\n<meta name=\"author\" content=\"Tiago Costa\" \/>\n<meta name=\"twitter:card\" content=\"summary_large_image\" \/>\n<meta name=\"twitter:label1\" content=\"Escrito por\" \/>\n\t<meta name=\"twitter:data1\" content=\"\" \/>\n\t<meta name=\"twitter:label2\" content=\"Tempo estimado de leitura\" \/>\n\t<meta name=\"twitter:data2\" content=\"7 minutos\" \/>\n<script type=\"application\/ld+json\" class=\"yoast-schema-graph\">{\"@context\":\"https:\/\/schema.org\",\"@graph\":[{\"@type\":\"Article\",\"@id\":\"https:\/\/maismagazine.pt\/index.php\/2024\/05\/24\/o-advogado-desempenha-um-papel-fundamental-num-estado-de-direito-democratico-como-portugal-uma-vez-que-e-aquele-que-e-o-servidor-da-justica-e-do-direito\/#article\",\"isPartOf\":{\"@id\":\"https:\/\/maismagazine.pt\/index.php\/2024\/05\/24\/o-advogado-desempenha-um-papel-fundamental-num-estado-de-direito-democratico-como-portugal-uma-vez-que-e-aquele-que-e-o-servidor-da-justica-e-do-direito\/\"},\"author\":{\"name\":\"Tiago Costa\",\"@id\":\"https:\/\/maismagazine.pt\/#\/schema\/person\/c6c5bfccc886434cbd11c74e035f9646\"},\"headline\":\"&#8220;O Advogado desempenha um papel fundamental num Estado de Direito Democr\u00e1tico como Portugal, uma vez que \u00e9 aquele que \u00e9 o servidor da Justi\u00e7a e do Direito&#8221;\",\"datePublished\":\"2024-05-24T06:00:00+00:00\",\"mainEntityOfPage\":{\"@id\":\"https:\/\/maismagazine.pt\/index.php\/2024\/05\/24\/o-advogado-desempenha-um-papel-fundamental-num-estado-de-direito-democratico-como-portugal-uma-vez-que-e-aquele-que-e-o-servidor-da-justica-e-do-direito\/\"},\"wordCount\":1202,\"publisher\":{\"@id\":\"https:\/\/maismagazine.pt\/#organization\"},\"image\":{\"@id\":\"https:\/\/maismagazine.pt\/index.php\/2024\/05\/24\/o-advogado-desempenha-um-papel-fundamental-num-estado-de-direito-democratico-como-portugal-uma-vez-que-e-aquele-que-e-o-servidor-da-justica-e-do-direito\/#primaryimage\"},\"thumbnailUrl\":\"http:\/\/maismagazine.pt\/wp-content\/uploads\/2024\/05\/PS6_0946-Editar.jpg\",\"keywords\":[\"Lu\u00edsa Teixeira\"],\"articleSection\":[\"Empreendedorismo\"],\"inLanguage\":\"pt-PT\"},{\"@type\":\"WebPage\",\"@id\":\"https:\/\/maismagazine.pt\/index.php\/2024\/05\/24\/o-advogado-desempenha-um-papel-fundamental-num-estado-de-direito-democratico-como-portugal-uma-vez-que-e-aquele-que-e-o-servidor-da-justica-e-do-direito\/\",\"url\":\"https:\/\/maismagazine.pt\/index.php\/2024\/05\/24\/o-advogado-desempenha-um-papel-fundamental-num-estado-de-direito-democratico-como-portugal-uma-vez-que-e-aquele-que-e-o-servidor-da-justica-e-do-direito\/\",\"name\":\"\\\"O Advogado desempenha um papel fundamental num Estado de Direito Democr\u00e1tico como Portugal, uma vez que \u00e9 aquele que \u00e9 o servidor da Justi\u00e7a e do Direito\\\" - Mais Magazine\",\"isPartOf\":{\"@id\":\"https:\/\/maismagazine.pt\/#website\"},\"primaryImageOfPage\":{\"@id\":\"https:\/\/maismagazine.pt\/index.php\/2024\/05\/24\/o-advogado-desempenha-um-papel-fundamental-num-estado-de-direito-democratico-como-portugal-uma-vez-que-e-aquele-que-e-o-servidor-da-justica-e-do-direito\/#primaryimage\"},\"image\":{\"@id\":\"https:\/\/maismagazine.pt\/index.php\/2024\/05\/24\/o-advogado-desempenha-um-papel-fundamental-num-estado-de-direito-democratico-como-portugal-uma-vez-que-e-aquele-que-e-o-servidor-da-justica-e-do-direito\/#primaryimage\"},\"thumbnailUrl\":\"http:\/\/maismagazine.pt\/wp-content\/uploads\/2024\/05\/PS6_0946-Editar.jpg\",\"datePublished\":\"2024-05-24T06:00:00+00:00\",\"description\":\"Foi no final de 2006 que Lu\u00edsa Teixeira deu um passo em frente na procura de consolidar a sua carreira como Advogada, abrindo portas ao Gabinete Jur\u00eddico LT, bem no cora\u00e7\u00e3o da cidade da Maia. Em entrevista \u00e0 Mais Magazine, a Advogada d\u00e1 a sua perspetiva sobre a import\u00e2ncia do Advogado nos dias de correm, abordando ainda os servi\u00e7os que o seu escrit\u00f3rio oferece aos seus clientes e os desafios que enfrenta diariamente no setor da Advocacia.\",\"breadcrumb\":{\"@id\":\"https:\/\/maismagazine.pt\/index.php\/2024\/05\/24\/o-advogado-desempenha-um-papel-fundamental-num-estado-de-direito-democratico-como-portugal-uma-vez-que-e-aquele-que-e-o-servidor-da-justica-e-do-direito\/#breadcrumb\"},\"inLanguage\":\"pt-PT\",\"potentialAction\":[{\"@type\":\"ReadAction\",\"target\":[\"https:\/\/maismagazine.pt\/index.php\/2024\/05\/24\/o-advogado-desempenha-um-papel-fundamental-num-estado-de-direito-democratico-como-portugal-uma-vez-que-e-aquele-que-e-o-servidor-da-justica-e-do-direito\/\"]}]},{\"@type\":\"ImageObject\",\"inLanguage\":\"pt-PT\",\"@id\":\"https:\/\/maismagazine.pt\/index.php\/2024\/05\/24\/o-advogado-desempenha-um-papel-fundamental-num-estado-de-direito-democratico-como-portugal-uma-vez-que-e-aquele-que-e-o-servidor-da-justica-e-do-direito\/#primaryimage\",\"url\":\"http:\/\/maismagazine.pt\/wp-content\/uploads\/2024\/05\/PS6_0946-Editar.jpg\",\"contentUrl\":\"http:\/\/maismagazine.pt\/wp-content\/uploads\/2024\/05\/PS6_0946-Editar.jpg\",\"width\":560,\"height\":420,\"caption\":\"Evoto\"},{\"@type\":\"BreadcrumbList\",\"@id\":\"https:\/\/maismagazine.pt\/index.php\/2024\/05\/24\/o-advogado-desempenha-um-papel-fundamental-num-estado-de-direito-democratico-como-portugal-uma-vez-que-e-aquele-que-e-o-servidor-da-justica-e-do-direito\/#breadcrumb\",\"itemListElement\":[{\"@type\":\"ListItem\",\"position\":1,\"name\":\"Home\",\"item\":\"https:\/\/maismagazine.pt\/\"},{\"@type\":\"ListItem\",\"position\":2,\"name\":\"&#8220;O Advogado desempenha um papel fundamental num Estado de Direito Democr\u00e1tico como Portugal, uma vez que \u00e9 aquele que \u00e9 o servidor da Justi\u00e7a e do Direito&#8221;\"}]},{\"@type\":\"WebSite\",\"@id\":\"https:\/\/maismagazine.pt\/#website\",\"url\":\"https:\/\/maismagazine.pt\/\",\"name\":\"Mais Magazine\",\"description\":\"\",\"publisher\":{\"@id\":\"https:\/\/maismagazine.pt\/#organization\"},\"potentialAction\":[{\"@type\":\"SearchAction\",\"target\":{\"@type\":\"EntryPoint\",\"urlTemplate\":\"https:\/\/maismagazine.pt\/?s={search_term_string}\"},\"query-input\":{\"@type\":\"PropertyValueSpecification\",\"valueRequired\":true,\"valueName\":\"search_term_string\"}}],\"inLanguage\":\"pt-PT\"},{\"@type\":\"Organization\",\"@id\":\"https:\/\/maismagazine.pt\/#organization\",\"name\":\"Mais Magazine\",\"url\":\"https:\/\/maismagazine.pt\/\",\"logo\":{\"@type\":\"ImageObject\",\"inLanguage\":\"pt-PT\",\"@id\":\"https:\/\/maismagazine.pt\/#\/schema\/logo\/image\/\",\"url\":\"http:\/\/maismagazine.pt\/wp-content\/uploads\/2020\/04\/cropped-cropped-mais-magazine-site-logo-2.png\",\"contentUrl\":\"http:\/\/maismagazine.pt\/wp-content\/uploads\/2020\/04\/cropped-cropped-mais-magazine-site-logo-2.png\",\"width\":581,\"height\":90,\"caption\":\"Mais Magazine\"},\"image\":{\"@id\":\"https:\/\/maismagazine.pt\/#\/schema\/logo\/image\/\"}},{\"@type\":\"Person\",\"@id\":\"https:\/\/maismagazine.pt\/#\/schema\/person\/c6c5bfccc886434cbd11c74e035f9646\",\"name\":\"Tiago Costa\",\"image\":{\"@type\":\"ImageObject\",\"inLanguage\":\"pt-PT\",\"@id\":\"https:\/\/maismagazine.pt\/#\/schema\/person\/image\/\",\"url\":\"https:\/\/secure.gravatar.com\/avatar\/c599b2bce16c9870429198cbad5ee022?s=96&d=mm&r=g\",\"contentUrl\":\"https:\/\/secure.gravatar.com\/avatar\/c599b2bce16c9870429198cbad5ee022?s=96&d=mm&r=g\",\"caption\":\"Tiago Costa\"},\"url\":\"http:\/\/maismagazine.pt\/index.php\/author\/tiago\/\"}]}<\/script>\n<!-- \/ Yoast SEO plugin. -->","yoast_head_json":{"title":"\"O Advogado desempenha um papel fundamental num Estado de Direito Democr\u00e1tico como Portugal, uma vez que \u00e9 aquele que \u00e9 o servidor da Justi\u00e7a e do Direito\" - Mais Magazine","description":"Foi no final de 2006 que Lu\u00edsa Teixeira deu um passo em frente na procura de consolidar a sua carreira como Advogada, abrindo portas ao Gabinete Jur\u00eddico LT, bem no cora\u00e7\u00e3o da cidade da Maia. Em entrevista \u00e0 Mais Magazine, a Advogada d\u00e1 a sua perspetiva sobre a import\u00e2ncia do Advogado nos dias de correm, abordando ainda os servi\u00e7os que o seu escrit\u00f3rio oferece aos seus clientes e os desafios que enfrenta diariamente no setor da Advocacia.","robots":{"index":"index","follow":"follow","max-snippet":"max-snippet:-1","max-image-preview":"max-image-preview:large","max-video-preview":"max-video-preview:-1"},"canonical":"https:\/\/maismagazine.pt\/index.php\/2024\/05\/24\/o-advogado-desempenha-um-papel-fundamental-num-estado-de-direito-democratico-como-portugal-uma-vez-que-e-aquele-que-e-o-servidor-da-justica-e-do-direito\/","og_locale":"pt_PT","og_type":"article","og_title":"\"O Advogado desempenha um papel fundamental num Estado de Direito Democr\u00e1tico como Portugal, uma vez que \u00e9 aquele que \u00e9 o servidor da Justi\u00e7a e do Direito\" - Mais Magazine","og_description":"Foi no final de 2006 que Lu\u00edsa Teixeira deu um passo em frente na procura de consolidar a sua carreira como Advogada, abrindo portas ao Gabinete Jur\u00eddico LT, bem no cora\u00e7\u00e3o da cidade da Maia. Em entrevista \u00e0 Mais Magazine, a Advogada d\u00e1 a sua perspetiva sobre a import\u00e2ncia do Advogado nos dias de correm, abordando ainda os servi\u00e7os que o seu escrit\u00f3rio oferece aos seus clientes e os desafios que enfrenta diariamente no setor da Advocacia.","og_url":"https:\/\/maismagazine.pt\/index.php\/2024\/05\/24\/o-advogado-desempenha-um-papel-fundamental-num-estado-de-direito-democratico-como-portugal-uma-vez-que-e-aquele-que-e-o-servidor-da-justica-e-do-direito\/","og_site_name":"Mais Magazine","article_published_time":"2024-05-24T06:00:00+00:00","og_image":[{"width":560,"height":420,"url":"https:\/\/maismagazine.pt\/wp-content\/uploads\/2024\/05\/PS6_0946-Editar.jpg","type":"image\/jpeg"}],"author":"Tiago Costa","twitter_card":"summary_large_image","twitter_misc":{"Escrito por":false,"Tempo estimado de leitura":"7 minutos"},"schema":{"@context":"https:\/\/schema.org","@graph":[{"@type":"Article","@id":"https:\/\/maismagazine.pt\/index.php\/2024\/05\/24\/o-advogado-desempenha-um-papel-fundamental-num-estado-de-direito-democratico-como-portugal-uma-vez-que-e-aquele-que-e-o-servidor-da-justica-e-do-direito\/#article","isPartOf":{"@id":"https:\/\/maismagazine.pt\/index.php\/2024\/05\/24\/o-advogado-desempenha-um-papel-fundamental-num-estado-de-direito-democratico-como-portugal-uma-vez-que-e-aquele-que-e-o-servidor-da-justica-e-do-direito\/"},"author":{"name":"Tiago Costa","@id":"https:\/\/maismagazine.pt\/#\/schema\/person\/c6c5bfccc886434cbd11c74e035f9646"},"headline":"&#8220;O Advogado desempenha um papel fundamental num Estado de Direito Democr\u00e1tico como Portugal, uma vez que \u00e9 aquele que \u00e9 o servidor da Justi\u00e7a e do Direito&#8221;","datePublished":"2024-05-24T06:00:00+00:00","mainEntityOfPage":{"@id":"https:\/\/maismagazine.pt\/index.php\/2024\/05\/24\/o-advogado-desempenha-um-papel-fundamental-num-estado-de-direito-democratico-como-portugal-uma-vez-que-e-aquele-que-e-o-servidor-da-justica-e-do-direito\/"},"wordCount":1202,"publisher":{"@id":"https:\/\/maismagazine.pt\/#organization"},"image":{"@id":"https:\/\/maismagazine.pt\/index.php\/2024\/05\/24\/o-advogado-desempenha-um-papel-fundamental-num-estado-de-direito-democratico-como-portugal-uma-vez-que-e-aquele-que-e-o-servidor-da-justica-e-do-direito\/#primaryimage"},"thumbnailUrl":"http:\/\/maismagazine.pt\/wp-content\/uploads\/2024\/05\/PS6_0946-Editar.jpg","keywords":["Lu\u00edsa Teixeira"],"articleSection":["Empreendedorismo"],"inLanguage":"pt-PT"},{"@type":"WebPage","@id":"https:\/\/maismagazine.pt\/index.php\/2024\/05\/24\/o-advogado-desempenha-um-papel-fundamental-num-estado-de-direito-democratico-como-portugal-uma-vez-que-e-aquele-que-e-o-servidor-da-justica-e-do-direito\/","url":"https:\/\/maismagazine.pt\/index.php\/2024\/05\/24\/o-advogado-desempenha-um-papel-fundamental-num-estado-de-direito-democratico-como-portugal-uma-vez-que-e-aquele-que-e-o-servidor-da-justica-e-do-direito\/","name":"\"O Advogado desempenha um papel fundamental num Estado de Direito Democr\u00e1tico como Portugal, uma vez que \u00e9 aquele que \u00e9 o servidor da Justi\u00e7a e do Direito\" - Mais Magazine","isPartOf":{"@id":"https:\/\/maismagazine.pt\/#website"},"primaryImageOfPage":{"@id":"https:\/\/maismagazine.pt\/index.php\/2024\/05\/24\/o-advogado-desempenha-um-papel-fundamental-num-estado-de-direito-democratico-como-portugal-uma-vez-que-e-aquele-que-e-o-servidor-da-justica-e-do-direito\/#primaryimage"},"image":{"@id":"https:\/\/maismagazine.pt\/index.php\/2024\/05\/24\/o-advogado-desempenha-um-papel-fundamental-num-estado-de-direito-democratico-como-portugal-uma-vez-que-e-aquele-que-e-o-servidor-da-justica-e-do-direito\/#primaryimage"},"thumbnailUrl":"http:\/\/maismagazine.pt\/wp-content\/uploads\/2024\/05\/PS6_0946-Editar.jpg","datePublished":"2024-05-24T06:00:00+00:00","description":"Foi no final de 2006 que Lu\u00edsa Teixeira deu um passo em frente na procura de consolidar a sua carreira como Advogada, abrindo portas ao Gabinete Jur\u00eddico LT, bem no cora\u00e7\u00e3o da cidade da Maia. Em entrevista \u00e0 Mais Magazine, a Advogada d\u00e1 a sua perspetiva sobre a import\u00e2ncia do Advogado nos dias de correm, abordando ainda os servi\u00e7os que o seu escrit\u00f3rio oferece aos seus clientes e os desafios que enfrenta diariamente no setor da Advocacia.","breadcrumb":{"@id":"https:\/\/maismagazine.pt\/index.php\/2024\/05\/24\/o-advogado-desempenha-um-papel-fundamental-num-estado-de-direito-democratico-como-portugal-uma-vez-que-e-aquele-que-e-o-servidor-da-justica-e-do-direito\/#breadcrumb"},"inLanguage":"pt-PT","potentialAction":[{"@type":"ReadAction","target":["https:\/\/maismagazine.pt\/index.php\/2024\/05\/24\/o-advogado-desempenha-um-papel-fundamental-num-estado-de-direito-democratico-como-portugal-uma-vez-que-e-aquele-que-e-o-servidor-da-justica-e-do-direito\/"]}]},{"@type":"ImageObject","inLanguage":"pt-PT","@id":"https:\/\/maismagazine.pt\/index.php\/2024\/05\/24\/o-advogado-desempenha-um-papel-fundamental-num-estado-de-direito-democratico-como-portugal-uma-vez-que-e-aquele-que-e-o-servidor-da-justica-e-do-direito\/#primaryimage","url":"http:\/\/maismagazine.pt\/wp-content\/uploads\/2024\/05\/PS6_0946-Editar.jpg","contentUrl":"http:\/\/maismagazine.pt\/wp-content\/uploads\/2024\/05\/PS6_0946-Editar.jpg","width":560,"height":420,"caption":"Evoto"},{"@type":"BreadcrumbList","@id":"https:\/\/maismagazine.pt\/index.php\/2024\/05\/24\/o-advogado-desempenha-um-papel-fundamental-num-estado-de-direito-democratico-como-portugal-uma-vez-que-e-aquele-que-e-o-servidor-da-justica-e-do-direito\/#breadcrumb","itemListElement":[{"@type":"ListItem","position":1,"name":"Home","item":"https:\/\/maismagazine.pt\/"},{"@type":"ListItem","position":2,"name":"&#8220;O Advogado desempenha um papel fundamental num Estado de Direito Democr\u00e1tico como Portugal, uma vez que \u00e9 aquele que \u00e9 o servidor da Justi\u00e7a e do Direito&#8221;"}]},{"@type":"WebSite","@id":"https:\/\/maismagazine.pt\/#website","url":"https:\/\/maismagazine.pt\/","name":"Mais Magazine","description":"","publisher":{"@id":"https:\/\/maismagazine.pt\/#organization"},"potentialAction":[{"@type":"SearchAction","target":{"@type":"EntryPoint","urlTemplate":"https:\/\/maismagazine.pt\/?s={search_term_string}"},"query-input":{"@type":"PropertyValueSpecification","valueRequired":true,"valueName":"search_term_string"}}],"inLanguage":"pt-PT"},{"@type":"Organization","@id":"https:\/\/maismagazine.pt\/#organization","name":"Mais Magazine","url":"https:\/\/maismagazine.pt\/","logo":{"@type":"ImageObject","inLanguage":"pt-PT","@id":"https:\/\/maismagazine.pt\/#\/schema\/logo\/image\/","url":"http:\/\/maismagazine.pt\/wp-content\/uploads\/2020\/04\/cropped-cropped-mais-magazine-site-logo-2.png","contentUrl":"http:\/\/maismagazine.pt\/wp-content\/uploads\/2020\/04\/cropped-cropped-mais-magazine-site-logo-2.png","width":581,"height":90,"caption":"Mais Magazine"},"image":{"@id":"https:\/\/maismagazine.pt\/#\/schema\/logo\/image\/"}},{"@type":"Person","@id":"https:\/\/maismagazine.pt\/#\/schema\/person\/c6c5bfccc886434cbd11c74e035f9646","name":"Tiago Costa","image":{"@type":"ImageObject","inLanguage":"pt-PT","@id":"https:\/\/maismagazine.pt\/#\/schema\/person\/image\/","url":"https:\/\/secure.gravatar.com\/avatar\/c599b2bce16c9870429198cbad5ee022?s=96&d=mm&r=g","contentUrl":"https:\/\/secure.gravatar.com\/avatar\/c599b2bce16c9870429198cbad5ee022?s=96&d=mm&r=g","caption":"Tiago Costa"},"url":"http:\/\/maismagazine.pt\/index.php\/author\/tiago\/"}]}},"author_meta":{"display_name":false,"author_link":"http:\/\/maismagazine.pt\/index.php\/author\/tiago\/"},"featured_img":"http:\/\/maismagazine.pt\/wp-content\/uploads\/2024\/05\/PS6_0946-Editar-300x225.jpg","coauthors":[],"tax_additional":{"categories":{"linked":["<a href=\"http:\/\/maismagazine.pt\/index.php\/category\/empreendedorismo\/\" class=\"advgb-post-tax-term\">Empreendedorismo<\/a>"],"unlinked":["<span class=\"advgb-post-tax-term\">Empreendedorismo<\/span>"]},"tags":{"linked":["<a href=\"http:\/\/maismagazine.pt\/index.php\/category\/empreendedorismo\/\" class=\"advgb-post-tax-term\">Lu\u00edsa Teixeira<\/a>"],"unlinked":["<span class=\"advgb-post-tax-term\">Lu\u00edsa Teixeira<\/span>"]}},"comment_count":"0","relative_dates":{"created":"Posted 2 anos ago","modified":"Updated 2 anos ago"},"absolute_dates":{"created":"Posted on 24 de Maio, 2024","modified":"Updated on 20 de Maio, 2024"},"absolute_dates_time":{"created":"Posted on 24 de Maio, 2024 7:00","modified":"Updated on 20 de Maio, 2024 15:48"},"featured_img_caption":"Evoto","series_order":"","_links":{"self":[{"href":"http:\/\/maismagazine.pt\/index.php\/wp-json\/wp\/v2\/posts\/9649","targetHints":{"allow":["GET"]}}],"collection":[{"href":"http:\/\/maismagazine.pt\/index.php\/wp-json\/wp\/v2\/posts"}],"about":[{"href":"http:\/\/maismagazine.pt\/index.php\/wp-json\/wp\/v2\/types\/post"}],"author":[{"embeddable":true,"href":"http:\/\/maismagazine.pt\/index.php\/wp-json\/wp\/v2\/users\/17"}],"replies":[{"embeddable":true,"href":"http:\/\/maismagazine.pt\/index.php\/wp-json\/wp\/v2\/comments?post=9649"}],"version-history":[{"count":1,"href":"http:\/\/maismagazine.pt\/index.php\/wp-json\/wp\/v2\/posts\/9649\/revisions"}],"predecessor-version":[{"id":9659,"href":"http:\/\/maismagazine.pt\/index.php\/wp-json\/wp\/v2\/posts\/9649\/revisions\/9659"}],"wp:featuredmedia":[{"embeddable":true,"href":"http:\/\/maismagazine.pt\/index.php\/wp-json\/wp\/v2\/media\/9655"}],"wp:attachment":[{"href":"http:\/\/maismagazine.pt\/index.php\/wp-json\/wp\/v2\/media?parent=9649"}],"wp:term":[{"taxonomy":"category","embeddable":true,"href":"http:\/\/maismagazine.pt\/index.php\/wp-json\/wp\/v2\/categories?post=9649"},{"taxonomy":"post_tag","embeddable":true,"href":"http:\/\/maismagazine.pt\/index.php\/wp-json\/wp\/v2\/tags?post=9649"}],"curies":[{"name":"wp","href":"https:\/\/api.w.org\/{rel}","templated":true}]}}