{"id":9626,"date":"2024-05-24T07:00:00","date_gmt":"2024-05-24T06:00:00","guid":{"rendered":"https:\/\/maismagazine.pt\/?p=9626"},"modified":"2024-05-20T15:34:10","modified_gmt":"2024-05-20T14:34:10","slug":"a-advocacia-e-uma-paixao","status":"publish","type":"post","link":"http:\/\/maismagazine.pt\/index.php\/2024\/05\/24\/a-advocacia-e-uma-paixao\/","title":{"rendered":"\u201cA Advocacia \u00e9 uma paix\u00e3o\u201d"},"content":{"rendered":"\n<p><strong>Em entrevista \u00e0 Mais Magazine, <a href=\"http:\/\/www.vnadvocaciapt.com\">Vanessa Navarro<\/a>, s\u00f3cia propriet\u00e1ria do VN Advocacia e Consultoria, revela os desafios que enfrentou no in\u00edcio da sua carreira e sublinha a import\u00e2ncia do estudo e da atualiza\u00e7\u00e3o cont\u00ednua no mundo jur\u00eddico. <\/strong><\/p>\n\n\n\n<p><\/p>\n\n\n\n<p><strong>Como e quando \u00e9 que surge a sua paix\u00e3o pela Advocacia e o que a motivou a seguir este caminho?<\/strong><\/p>\n\n\n\n<p>Durante a minha inf\u00e2ncia e adolesc\u00eancia gostava muito de ler e de escrever. Era apaixonada por hist\u00f3ria, disciplina na qual obtinha as melhores notas. Tinha tamb\u00e9m outra paix\u00e3o, a gin\u00e1stica art\u00edstica e a dan\u00e7a. Durante anos participei em apresenta\u00e7\u00f5es e espet\u00e1culos, eram momentos de muita felicidade. Por isso, aos 16 anos, comecei a acreditar que deveria seguir o curso de Educa\u00e7\u00e3o F\u00edsica. Conclui o 12.\u00ba ano, prestei as provas do Vestibular e fui aprovada em 6.\u00ba lugar no curso de Educa\u00e7\u00e3o F\u00edsica da ESEFPA (Escola Superior de Educa\u00e7\u00e3o F\u00edsica), em Bel\u00e9m do Par\u00e1, uma Universidade do Estado do Par\u00e1, no Brasil. Contudo, logo no in\u00edcio do curso, percebi que tinha feito a escolha errada. Dei conta de que a atividade f\u00edsica era uma forma de me exercitar e cuidar do corpo, mas n\u00e3o me realizava enquanto pessoa, e Em entrevista \u00e0 Mais Magazine, Vanessa Navarro, s\u00f3cia propriet\u00e1ria do VN Advocacia e Consultoria, revela os desafios que enfrentou no in\u00edcio da sua carreira e sublinha a import\u00e2ncia do estudo e da atualiza\u00e7\u00e3o cont\u00ednua no mundo jur\u00eddico. muito menos me realizaria profissionalmente. Conversei com o meu Pai, mas ele n\u00e3o concordou que eu deixasse o curso, disse que eu tinha que o concluir e que depois podia decidir o que queria fazer da minha vida. Entretanto, em agosto de 1991, ao retornar das f\u00e9rias de ver\u00e3o, no primeiro dia de aulas do sexto semestre do curso de Educa\u00e7\u00e3o F\u00edsica, mais da metade do curso, j\u00e1 tinha tomado a minha decis\u00e3o. Compareci na Universidade para me despedir dos colegas, \u00e9 claro que ningu\u00e9m acreditou quando eu disse que n\u00e3o ia continuar o curso, pois apesar de todos terem conhecimento da minha insatisfa\u00e7\u00e3o, os colegas acreditavam que eu me ia formar. Mas isso n\u00e3o aconteceu, eu n\u00e3o queria mais perder tempo. J\u00e1 havia descoberto que a minha voca\u00e7\u00e3o era ajudar as pessoas, e a profiss\u00e3o que encontrei para poder ajudar pessoas e, ao mesmo tempo, viver do meu of\u00edcio, foi a Advocacia.  <\/p>\n\n\n\n<p>Ap\u00f3s sair da universidade, voltei a casa, ganhei coragem e comuniquei a minha decis\u00e3o aos meus pais, que a respeitaram. Por\u00e9m, avisaram-me que a partir daquele momento eu teria que trabalhar para pagar os meus estudos. A rea\u00e7\u00e3o n\u00e3o me desmotivou, pelo contr\u00e1rio. Tratei de encontrar um curso, convenci o meu Pai a pagar a inscri\u00e7\u00e3o e a primeira mensalidade e comprometi-me a arranjar trabalho para pagar as presta\u00e7\u00f5es dos meses seguintes. No primeiro dia de aulas do curso preparat\u00f3rio para o ingresso na universidade consegui fazer amizade com a rececionista, que me contou que ia deixar o seu emprego e que procuravam algu\u00e9m para a substituir. Era tudo o que eu precisava. Candidatei-me a essa vaga, disse que precisava de trabalhar para pagar o curso, fui submetida a entrevista e passei. Fui contratada para trabalhar e o que ficou acordado foi que iria receber dinheiro para cobrir o valor dos estudos e dos transportes. E assim foi. No dia seguinte, j\u00e1 estava a trabalhar e \u00e0 noite assistia \u00e0s aulas. Foi dessa forma que consegui pagar o curso e ingressar na Universidade, no curso de Direito. <\/p>\n\n\n\n<p><\/p>\n\n\n\n<p>No final do ano, prestei as provas do Vestibular, fui aprovada no hor\u00e1rio que escolhi, o hor\u00e1rio noturno, consegui outro trabalho, e durante os cinco anos do curso de Direito fui eu quem ficou respons\u00e1vel por pagar a universidade. Trabalhei no Shopping, posteriormente fiz est\u00e1gios remunerados num escrit\u00f3rio de Advocacia, depois no Tribunal do Trabalho e no Instituto Nacional de Seguro Social, at\u00e9 concluir o curso de Direito. No segundo semestre do quinto ano da universidade, mesmo sem ter conclu\u00eddo o curso, prestei prova da Ordem e fui aprovada. Ainda n\u00e3o havia diploma, mas j\u00e1 havia inscri\u00e7\u00e3o na Ordem, com ressalva de s\u00f3 receber o cart\u00e3o ap\u00f3s a conclus\u00e3o do curso de Direito. O pr\u00f3ximo passo era conseguir trabalho, pois com o fim do curso tamb\u00e9m chegariam ao fim os meus dois est\u00e1gios. Conversei com o meu chefe do est\u00e1gio no TRT, disse que o est\u00e1gio estava prestes a terminar e que eu j\u00e1 havia passado na Prova da Ordem e, por isso, precisava de trabalhar como Advogada. Ele ajudou-me, indicou o meu nome para trabalhar na Federa\u00e7\u00e3o dos Trabalhadores do Com\u00e9rcio do Estado do Par\u00e1 e do Amap\u00e1, bem como nos Sindicatos Filiados \u00e0 Federa\u00e7\u00e3o. De 1998 at\u00e9 hoje, passaram-se 26 anos e tr\u00eas meses de forma\u00e7\u00e3o profissional e paix\u00e3o pelo Direito e pela Advocacia. \u00c9 com satisfa\u00e7\u00e3o que olho para tr\u00e1s e vejo o caminho que percorri. Hoje sou Advogada no Brasil e em Portugal, membro da Associa\u00e7\u00e3o Brasileira de Advogados, na qual fa\u00e7o parte da Comiss\u00e3o de Direitos Humanos, sendo representante da CNDH do Brasil em Portugal, Especialista em Direito Civil, Processual Civil, Direito Internacional e Europeu, Correspondente do Jornal Brasileiro Destake News Gospel em Portugal e, atualmente, estou a fazer um Mestrado em Direito do Trabalho. A Advocacia \u00e9 uma paix\u00e3o, \u00e9 ela que me motiva a levantar da cama todos os dias e a trabalhar com prazer no que eu amo. <\/p>\n\n\n\n<p><\/p>\n\n\n<div class=\"wp-block-image\">\n<figure class=\"aligncenter size-full is-resized\"><img loading=\"lazy\" decoding=\"async\" width=\"418\" height=\"628\" src=\"https:\/\/maismagazine.pt\/wp-content\/uploads\/2024\/05\/Toga-Preta-na-Escada-do-Campus-de-Justica.jpg\" alt=\"\" class=\"wp-image-9632\" style=\"aspect-ratio:0.6656050955414012;width:315px;height:auto\" srcset=\"http:\/\/maismagazine.pt\/wp-content\/uploads\/2024\/05\/Toga-Preta-na-Escada-do-Campus-de-Justica.jpg 418w, http:\/\/maismagazine.pt\/wp-content\/uploads\/2024\/05\/Toga-Preta-na-Escada-do-Campus-de-Justica-200x300.jpg 200w\" sizes=\"auto, (max-width: 418px) 100vw, 418px\" \/><figcaption class=\"wp-element-caption\">Vanessa Navarro, Advogada<\/figcaption><\/figure><\/div>\n\n\n<p><\/p>\n\n\n\n<p><strong>Quais s\u00e3o os maiores desafios que enfrenta enquanto Advogada e de que forma tenta super\u00e1-los? <\/strong> <\/p>\n\n\n\n<p>Ao longo destes 26 anos enfrentei v\u00e1rios desafios. Trabalhei como Advogada durante 11 anos no Brasil, depois fui nomeada para exercer um cargo de confian\u00e7a no Tribunal de Justi\u00e7a do Estado, onde trabalhei como Assessora de Magistrada em Vara Criminal, pelo per\u00edodo de nove anos. Posteriormente, mudei-me para Portugal e vivi cerca de tr\u00eas anos no Porto. Inicialmente trabalhei como Consultora Imobili\u00e1ria at\u00e9 sair a inscri\u00e7\u00e3o na Ordem, mas os escrit\u00f3rios no Porto n\u00e3o me deram oportunidade de trabalho. O Porto \u00e9 uma cidade onde os Advogados n\u00e3o d\u00e3o espa\u00e7o aos Advogados Brasileiros. Das muitas candidaturas que fiz, poucas me deram resposta, e quando me chamavam para uma entrevista e constatavam que eu era brasileira, era o fim. Ouvi muitas frases absurdas do g\u00e9nero: \u201co seu diploma n\u00e3o vale nada aqui\u201d, \u201ca prova da Ordem no Brasil \u00e9 f\u00e1cil, qualquer um passa\u201d, \u201cn\u00f3s n\u00e3o contratamos brasileiros no nosso escrit\u00f3rio\u201d, \u201cos brasileiros n\u00e3o t\u00eam credibilidade\u201d, entre outras. No Porto, eu s\u00f3 conseguia trabalhar como Advogada Oficiosa.  <\/p>\n\n\n\n<p>Cansada dessa situa\u00e7\u00e3o, comecei a candidatar-me para os escrit\u00f3rios de Lisboa, onde consegui trabalho, e durante tr\u00eas meses vivi entre o Porto e Lisboa, pois a minha fam\u00edlia s\u00f3 se conseguiu mudar para Lisboa ap\u00f3s a conclus\u00e3o dos estudos da minha filha, e depois de eu encontrar uma casa para morar, o que n\u00e3o foi nada f\u00e1cil. Quando finalmente consegui casa, a minha filha estava de f\u00e9rias e o escrit\u00f3rio tamb\u00e9m estava fechado para f\u00e9rias, o que foi bom, pois consegui fazer a mudan\u00e7a e organizar a minha vida. Trabalhei durante um ano e seis meses no escrit\u00f3rio que me contratou, depois arrisquei trabalhar em pr\u00e1tica individual, inicialmente em casa, at\u00e9 conseguir abrir o meu pr\u00f3prio escrit\u00f3rio. Em pouco menos de um ano, abri um novo escrit\u00f3rio, desta vez na Covilh\u00e3. Atualmente, o meu trabalho divide-se entre estas duas unidades. Ultrapassado o preconceito que enfrentei, hoje o meu desafio \u00e9 o mesmo da maioria dos profissionais da \u00e1rea, conseguir dar resposta aos clientes do trabalho que eu realizo quando isso depende de uma resposta do servi\u00e7o p\u00fablico portugu\u00eas, nomeadamente da AIMA, que assumiu o antigo SEF, das Conservat\u00f3rias, das Finan\u00e7as, Seguran\u00e7a Social, Tribunais, em geral, quando o assunto \u00e9 contencioso.  <\/p>\n\n\n\n<p><\/p>\n\n\n\n<p><strong>Na sua \u00f3tica, qual \u00e9 o papel da Advocacia na sociedade contempor\u00e2nea?<\/strong><\/p>\n\n\n\n<p>O Advogado sempre exerceu um papel importante na sociedade, pois \u00e9 ele quem luta pelos direitos dos cidad\u00e3os. Ali\u00e1s, sem a figura do Advogado, n\u00e3o existe presta\u00e7\u00e3o jurisdicional, j\u00e1 que quem provoca o poder judici\u00e1rio e o poder p\u00fablico para cumprimento do ordenamento jur\u00eddico \u00e9 o Advogado. <\/p>\n\n\n\n<p><\/p>\n\n\n\n<p><strong>Tendo em conta que este m\u00eas se celebra o Dia do Advogado (19 de maio), qual \u00e9 a import\u00e2ncia desta data para si e para a sua profiss\u00e3o?<\/strong><\/p>\n\n\n\n<p>A data \u00e9 importante para celebrar as conquistas obtidas ao longo dos anos, sobretudo pelas mulheres, pois sabemos que durante muitos anos a mulher era proibida de muitas coisas, inclusive de estudar, ingressar na universidade, votar, entre muitos outros direitos que s\u00f3 eram permitidos aos homens. Mas falando da atualidade, o Dia do Advogado serve para chamar a aten\u00e7\u00e3o das Autoridades competentes para a quest\u00e3o da Previd\u00eancia do Advogado em Portugal, que tamb\u00e9m \u00e9 dos Solicitados. A contribui\u00e7\u00e3o para a CPAS \u2013 Caixa de Previd\u00eancia dos Advogados e Solicitadores \u00e9 obrigat\u00f3ria e motivo de preocupa\u00e7\u00e3o para todos os Advogados e Solicitadores. Para quem n\u00e3o sabe, o c\u00e1lculo da contribui\u00e7\u00e3o previdenci\u00e1ria da CPAS funciona por escal\u00f5es, de tal forma que, conforme o tempo de inscri\u00e7\u00e3o na Ordem, maior \u00e9 a presta\u00e7\u00e3o paga pelo Advogado ou Solicitador. Isso significa que um Advogado com cinco anos de inscri\u00e7\u00e3o e rendimento mensal de 20.000,00 euros, por exemplo, paga uma presta\u00e7\u00e3o mensal de 251,38 euros, o mesmo valor pago por um profissional que tem o mesmo tempo de inscri\u00e7\u00e3o, cinco anos, mas que, entretanto, tem um rendimento mensal em torno de 1000,00 euros. Esse crit\u00e9rio \u00e9 injusto, inaceit\u00e1vel e inconceb\u00edvel. Precisa de ser modificado com urg\u00eancia. Por esse motivo, muitos profissionais d\u00e3o baixa na Ordem e acabam por trabalhar enquanto juristas, n\u00e3o podendo assinar enquanto Advogados. Outros continuam inscritos, mas n\u00e3o conseguem honrar o compromisso de pagar a Caixa de Previd\u00eancia dos Advogados, que hoje acumula uma d\u00edvida gigantesca. Da mesma forma, n\u00e3o \u00e9 raro jovens talentosos rec\u00e9m-formados em Portugal, optarem por n\u00e3o fazer a inscri\u00e7\u00e3o na Ordem para n\u00e3o terem que arcar com essa despesa, que de facto \u00e9 desanimadora, considerando os baixos sal\u00e1rios em Portugal e todas as despesas que as fam\u00edlias t\u00eam e que precisam de pagar para sobreviver. <\/p>\n\n\n\n<p>\u00c9 preciso olhar com aten\u00e7\u00e3o para esta quest\u00e3o. <\/p>\n\n\n\n<p><\/p>\n\n\n\n<p><strong>Olhando para a constante evolu\u00e7\u00e3o do campo jur\u00eddico, que avan\u00e7os gostaria de ver implementados na Advocacia nos pr\u00f3ximos anos? <\/strong><\/p>\n\n\n\n<p>Sem d\u00favida, terminar com a burocracia. Portugal \u00e9 um pa\u00eds onde a burocracia dificulta o trabalho de qualquer profissional, bem como o sistema inform\u00e1tico das plataformas, deve ser aperfei\u00e7oado com o tempo, atrav\u00e9s das ferramentas apropriadas, e que o governo possa resolver com urg\u00eancia a contrata\u00e7\u00e3o de pessoas capacitadas para trabalhar nos \u00f3rg\u00e3os p\u00fablicos, pois o tempo que os processos ficam parados, sem resposta, causa um preju\u00edzo irrepar\u00e1vel na vida dos cidad\u00e3os. Isto pode ser evitado se o n\u00famero de recursos humanos for aumentado, mas, \u00e9 claro, \u00e9 preciso contratar profissionais qualificados para exercer as fun\u00e7\u00f5es necess\u00e1rias em todos os \u00f3rg\u00e3os p\u00fablicos. Quando isso acontecer a Advocacia ser\u00e1 mais c\u00e9lere, pois n\u00e3o existe Advocacia sem servi\u00e7o p\u00fablico, est\u00e1 tudo atrelado. <\/p>\n\n\n\n<p><\/p>\n\n\n\n<p><strong>Que conselho daria aos estudantes de direito que se encontram neste momento a enveredar pelo mundo da advocacia que \u00e9 altamente competitivo? <\/strong><\/p>\n\n\n\n<p>Eu diria para nunca pararem de estudar, um Advogado precisa de estar sempre atento \u00e0s mudan\u00e7as nas leis, estudar \u00e9 fundamental, estar atualizado, pois assim como a sociedade muda, as leis e o ordenamento jur\u00eddico tamb\u00e9m v\u00e3o acompanhando essas mudan\u00e7as e \u00e9 preciso estarmos sempre a estudar e irmos acompanhando as decis\u00f5es dos tribunais superiores, a jurisprud\u00eancia. E dizer-lhes que, apesar das dificuldades dos primeiros anos de profiss\u00e3o, a Advocacia \u00e9 apaixonante, vale a pena estudar e enveredar pelo mundo jur\u00eddico. Por fim, agrade\u00e7o a oportunidade, o espa\u00e7o que me foi concedido pela revista para falar da realidade do Advogado em Portugal, bem como para chamar aten\u00e7\u00e3o das autoridades competentes para refletir sobre as mudan\u00e7as de extrema necessidade. Muito obrigada, espero poder participar noutras oportunidades. <\/p>\n\n\n\n<p><\/p>\n\n\n<div class=\"wp-block-image\">\n<figure class=\"aligncenter size-full is-resized\"><img loading=\"lazy\" decoding=\"async\" width=\"1000\" height=\"1000\" src=\"https:\/\/maismagazine.pt\/wp-content\/uploads\/2024\/05\/LOGOTIPO_Tons-da-Agenda.jpg\" alt=\"\" class=\"wp-image-9634\" style=\"aspect-ratio:1;width:169px;height:auto\" srcset=\"http:\/\/maismagazine.pt\/wp-content\/uploads\/2024\/05\/LOGOTIPO_Tons-da-Agenda.jpg 1000w, http:\/\/maismagazine.pt\/wp-content\/uploads\/2024\/05\/LOGOTIPO_Tons-da-Agenda-300x300.jpg 300w, http:\/\/maismagazine.pt\/wp-content\/uploads\/2024\/05\/LOGOTIPO_Tons-da-Agenda-150x150.jpg 150w, http:\/\/maismagazine.pt\/wp-content\/uploads\/2024\/05\/LOGOTIPO_Tons-da-Agenda-768x768.jpg 768w\" sizes=\"auto, (max-width: 1000px) 100vw, 1000px\" \/><\/figure><\/div>\n\n\n<p><\/p>\n\n\n\n<p><\/p>\n","protected":false},"excerpt":{"rendered":"<p>Em entrevista \u00e0 Mais Magazine, Vanessa Navarro, s\u00f3cia propriet\u00e1ria do VN Advocacia e Consultoria, revela os desafios que enfrentou no in\u00edcio da sua carreira e sublinha a import\u00e2ncia do estudo e da atualiza\u00e7\u00e3o cont\u00ednua no mundo jur\u00eddico. Como e quando \u00e9 que surge a sua paix\u00e3o pela Advocacia e o&hellip;<\/p>\n","protected":false},"author":17,"featured_media":9637,"comment_status":"closed","ping_status":"open","sticky":false,"template":"","format":"standard","meta":{"advgb_blocks_editor_width":"","advgb_blocks_columns_visual_guide":"","_monsterinsights_skip_tracking":false,"_monsterinsights_sitenote_active":false,"_monsterinsights_sitenote_note":"","_monsterinsights_sitenote_category":0,"footnotes":""},"categories":[6],"tags":[1989],"class_list":["post-9626","post","type-post","status-publish","format-standard","has-post-thumbnail","hentry","category-empreendedorismo","tag-vanessa-navarro"],"yoast_head":"<!-- This site is optimized with the Yoast SEO plugin v24.4 - https:\/\/yoast.com\/wordpress\/plugins\/seo\/ -->\n<title>\u201cA Advocacia \u00e9 uma paix\u00e3o\u201d - Mais Magazine<\/title>\n<meta name=\"description\" content=\"Em entrevista \u00e0 Mais Magazine, Vanessa Navarro, s\u00f3cia propriet\u00e1ria do VN Advocacia e Consultoria, revela os desafios que enfrentou no in\u00edcio da sua carreira e sublinha a import\u00e2ncia do estudo e da atualiza\u00e7\u00e3o cont\u00ednua no mundo jur\u00eddico.\" \/>\n<meta name=\"robots\" content=\"index, follow, max-snippet:-1, max-image-preview:large, max-video-preview:-1\" \/>\n<link rel=\"canonical\" href=\"https:\/\/maismagazine.pt\/index.php\/2024\/05\/24\/a-advocacia-e-uma-paixao\/\" \/>\n<meta property=\"og:locale\" content=\"pt_PT\" \/>\n<meta property=\"og:type\" content=\"article\" \/>\n<meta property=\"og:title\" content=\"\u201cA Advocacia \u00e9 uma paix\u00e3o\u201d - Mais Magazine\" \/>\n<meta property=\"og:description\" content=\"Em entrevista \u00e0 Mais Magazine, Vanessa Navarro, s\u00f3cia propriet\u00e1ria do VN Advocacia e Consultoria, revela os desafios que enfrentou no in\u00edcio da sua carreira e sublinha a import\u00e2ncia do estudo e da atualiza\u00e7\u00e3o cont\u00ednua no mundo jur\u00eddico.\" \/>\n<meta property=\"og:url\" content=\"https:\/\/maismagazine.pt\/index.php\/2024\/05\/24\/a-advocacia-e-uma-paixao\/\" \/>\n<meta property=\"og:site_name\" content=\"Mais Magazine\" \/>\n<meta property=\"article:published_time\" content=\"2024-05-24T06:00:00+00:00\" \/>\n<meta property=\"og:image\" content=\"https:\/\/maismagazine.pt\/wp-content\/uploads\/2024\/05\/Fato-Cinza-bracos-Cruzados-2.jpg\" \/>\n\t<meta property=\"og:image:width\" content=\"748\" \/>\n\t<meta property=\"og:image:height\" content=\"499\" \/>\n\t<meta property=\"og:image:type\" content=\"image\/jpeg\" \/>\n<meta name=\"author\" content=\"Tiago Costa\" \/>\n<meta name=\"twitter:card\" content=\"summary_large_image\" \/>\n<meta name=\"twitter:label1\" content=\"Escrito por\" \/>\n\t<meta name=\"twitter:data1\" content=\"\" \/>\n\t<meta name=\"twitter:label2\" content=\"Tempo estimado de leitura\" \/>\n\t<meta name=\"twitter:data2\" content=\"12 minutos\" \/>\n<script type=\"application\/ld+json\" class=\"yoast-schema-graph\">{\"@context\":\"https:\/\/schema.org\",\"@graph\":[{\"@type\":\"Article\",\"@id\":\"https:\/\/maismagazine.pt\/index.php\/2024\/05\/24\/a-advocacia-e-uma-paixao\/#article\",\"isPartOf\":{\"@id\":\"https:\/\/maismagazine.pt\/index.php\/2024\/05\/24\/a-advocacia-e-uma-paixao\/\"},\"author\":{\"name\":\"Tiago Costa\",\"@id\":\"http:\/\/maismagazine.pt\/#\/schema\/person\/c6c5bfccc886434cbd11c74e035f9646\"},\"headline\":\"\u201cA Advocacia \u00e9 uma paix\u00e3o\u201d\",\"datePublished\":\"2024-05-24T06:00:00+00:00\",\"mainEntityOfPage\":{\"@id\":\"https:\/\/maismagazine.pt\/index.php\/2024\/05\/24\/a-advocacia-e-uma-paixao\/\"},\"wordCount\":2128,\"publisher\":{\"@id\":\"http:\/\/maismagazine.pt\/#organization\"},\"image\":{\"@id\":\"https:\/\/maismagazine.pt\/index.php\/2024\/05\/24\/a-advocacia-e-uma-paixao\/#primaryimage\"},\"thumbnailUrl\":\"http:\/\/maismagazine.pt\/wp-content\/uploads\/2024\/05\/Fato-Cinza-bracos-Cruzados-2.jpg\",\"keywords\":[\"Vanessa Navarro\"],\"articleSection\":[\"Empreendedorismo\"],\"inLanguage\":\"pt-PT\"},{\"@type\":\"WebPage\",\"@id\":\"https:\/\/maismagazine.pt\/index.php\/2024\/05\/24\/a-advocacia-e-uma-paixao\/\",\"url\":\"https:\/\/maismagazine.pt\/index.php\/2024\/05\/24\/a-advocacia-e-uma-paixao\/\",\"name\":\"\u201cA Advocacia \u00e9 uma paix\u00e3o\u201d - Mais Magazine\",\"isPartOf\":{\"@id\":\"http:\/\/maismagazine.pt\/#website\"},\"primaryImageOfPage\":{\"@id\":\"https:\/\/maismagazine.pt\/index.php\/2024\/05\/24\/a-advocacia-e-uma-paixao\/#primaryimage\"},\"image\":{\"@id\":\"https:\/\/maismagazine.pt\/index.php\/2024\/05\/24\/a-advocacia-e-uma-paixao\/#primaryimage\"},\"thumbnailUrl\":\"http:\/\/maismagazine.pt\/wp-content\/uploads\/2024\/05\/Fato-Cinza-bracos-Cruzados-2.jpg\",\"datePublished\":\"2024-05-24T06:00:00+00:00\",\"description\":\"Em entrevista \u00e0 Mais Magazine, Vanessa Navarro, s\u00f3cia propriet\u00e1ria do VN Advocacia e Consultoria, revela os desafios que enfrentou no in\u00edcio da sua carreira e sublinha a import\u00e2ncia do estudo e da atualiza\u00e7\u00e3o cont\u00ednua no mundo jur\u00eddico.\",\"breadcrumb\":{\"@id\":\"https:\/\/maismagazine.pt\/index.php\/2024\/05\/24\/a-advocacia-e-uma-paixao\/#breadcrumb\"},\"inLanguage\":\"pt-PT\",\"potentialAction\":[{\"@type\":\"ReadAction\",\"target\":[\"https:\/\/maismagazine.pt\/index.php\/2024\/05\/24\/a-advocacia-e-uma-paixao\/\"]}]},{\"@type\":\"ImageObject\",\"inLanguage\":\"pt-PT\",\"@id\":\"https:\/\/maismagazine.pt\/index.php\/2024\/05\/24\/a-advocacia-e-uma-paixao\/#primaryimage\",\"url\":\"http:\/\/maismagazine.pt\/wp-content\/uploads\/2024\/05\/Fato-Cinza-bracos-Cruzados-2.jpg\",\"contentUrl\":\"http:\/\/maismagazine.pt\/wp-content\/uploads\/2024\/05\/Fato-Cinza-bracos-Cruzados-2.jpg\",\"width\":748,\"height\":499},{\"@type\":\"BreadcrumbList\",\"@id\":\"https:\/\/maismagazine.pt\/index.php\/2024\/05\/24\/a-advocacia-e-uma-paixao\/#breadcrumb\",\"itemListElement\":[{\"@type\":\"ListItem\",\"position\":1,\"name\":\"Home\",\"item\":\"http:\/\/maismagazine.pt\/\"},{\"@type\":\"ListItem\",\"position\":2,\"name\":\"\u201cA Advocacia \u00e9 uma paix\u00e3o\u201d\"}]},{\"@type\":\"WebSite\",\"@id\":\"http:\/\/maismagazine.pt\/#website\",\"url\":\"http:\/\/maismagazine.pt\/\",\"name\":\"Mais Magazine\",\"description\":\"\",\"publisher\":{\"@id\":\"http:\/\/maismagazine.pt\/#organization\"},\"potentialAction\":[{\"@type\":\"SearchAction\",\"target\":{\"@type\":\"EntryPoint\",\"urlTemplate\":\"http:\/\/maismagazine.pt\/?s={search_term_string}\"},\"query-input\":{\"@type\":\"PropertyValueSpecification\",\"valueRequired\":true,\"valueName\":\"search_term_string\"}}],\"inLanguage\":\"pt-PT\"},{\"@type\":\"Organization\",\"@id\":\"http:\/\/maismagazine.pt\/#organization\",\"name\":\"Mais Magazine\",\"url\":\"http:\/\/maismagazine.pt\/\",\"logo\":{\"@type\":\"ImageObject\",\"inLanguage\":\"pt-PT\",\"@id\":\"http:\/\/maismagazine.pt\/#\/schema\/logo\/image\/\",\"url\":\"http:\/\/maismagazine.pt\/wp-content\/uploads\/2020\/04\/cropped-cropped-mais-magazine-site-logo-2.png\",\"contentUrl\":\"http:\/\/maismagazine.pt\/wp-content\/uploads\/2020\/04\/cropped-cropped-mais-magazine-site-logo-2.png\",\"width\":581,\"height\":90,\"caption\":\"Mais Magazine\"},\"image\":{\"@id\":\"http:\/\/maismagazine.pt\/#\/schema\/logo\/image\/\"}},{\"@type\":\"Person\",\"@id\":\"http:\/\/maismagazine.pt\/#\/schema\/person\/c6c5bfccc886434cbd11c74e035f9646\",\"name\":\"Tiago Costa\",\"image\":{\"@type\":\"ImageObject\",\"inLanguage\":\"pt-PT\",\"@id\":\"http:\/\/maismagazine.pt\/#\/schema\/person\/image\/\",\"url\":\"https:\/\/secure.gravatar.com\/avatar\/c599b2bce16c9870429198cbad5ee022?s=96&d=mm&r=g\",\"contentUrl\":\"https:\/\/secure.gravatar.com\/avatar\/c599b2bce16c9870429198cbad5ee022?s=96&d=mm&r=g\",\"caption\":\"Tiago Costa\"},\"url\":\"http:\/\/maismagazine.pt\/index.php\/author\/tiago\/\"}]}<\/script>\n<!-- \/ Yoast SEO plugin. -->","yoast_head_json":{"title":"\u201cA Advocacia \u00e9 uma paix\u00e3o\u201d - Mais Magazine","description":"Em entrevista \u00e0 Mais Magazine, Vanessa Navarro, s\u00f3cia propriet\u00e1ria do VN Advocacia e Consultoria, revela os desafios que enfrentou no in\u00edcio da sua carreira e sublinha a import\u00e2ncia do estudo e da atualiza\u00e7\u00e3o cont\u00ednua no mundo jur\u00eddico.","robots":{"index":"index","follow":"follow","max-snippet":"max-snippet:-1","max-image-preview":"max-image-preview:large","max-video-preview":"max-video-preview:-1"},"canonical":"https:\/\/maismagazine.pt\/index.php\/2024\/05\/24\/a-advocacia-e-uma-paixao\/","og_locale":"pt_PT","og_type":"article","og_title":"\u201cA Advocacia \u00e9 uma paix\u00e3o\u201d - Mais Magazine","og_description":"Em entrevista \u00e0 Mais Magazine, Vanessa Navarro, s\u00f3cia propriet\u00e1ria do VN Advocacia e Consultoria, revela os desafios que enfrentou no in\u00edcio da sua carreira e sublinha a import\u00e2ncia do estudo e da atualiza\u00e7\u00e3o cont\u00ednua no mundo jur\u00eddico.","og_url":"https:\/\/maismagazine.pt\/index.php\/2024\/05\/24\/a-advocacia-e-uma-paixao\/","og_site_name":"Mais Magazine","article_published_time":"2024-05-24T06:00:00+00:00","og_image":[{"width":748,"height":499,"url":"https:\/\/maismagazine.pt\/wp-content\/uploads\/2024\/05\/Fato-Cinza-bracos-Cruzados-2.jpg","type":"image\/jpeg"}],"author":"Tiago Costa","twitter_card":"summary_large_image","twitter_misc":{"Escrito por":false,"Tempo estimado de leitura":"12 minutos"},"schema":{"@context":"https:\/\/schema.org","@graph":[{"@type":"Article","@id":"https:\/\/maismagazine.pt\/index.php\/2024\/05\/24\/a-advocacia-e-uma-paixao\/#article","isPartOf":{"@id":"https:\/\/maismagazine.pt\/index.php\/2024\/05\/24\/a-advocacia-e-uma-paixao\/"},"author":{"name":"Tiago Costa","@id":"http:\/\/maismagazine.pt\/#\/schema\/person\/c6c5bfccc886434cbd11c74e035f9646"},"headline":"\u201cA Advocacia \u00e9 uma paix\u00e3o\u201d","datePublished":"2024-05-24T06:00:00+00:00","mainEntityOfPage":{"@id":"https:\/\/maismagazine.pt\/index.php\/2024\/05\/24\/a-advocacia-e-uma-paixao\/"},"wordCount":2128,"publisher":{"@id":"http:\/\/maismagazine.pt\/#organization"},"image":{"@id":"https:\/\/maismagazine.pt\/index.php\/2024\/05\/24\/a-advocacia-e-uma-paixao\/#primaryimage"},"thumbnailUrl":"http:\/\/maismagazine.pt\/wp-content\/uploads\/2024\/05\/Fato-Cinza-bracos-Cruzados-2.jpg","keywords":["Vanessa Navarro"],"articleSection":["Empreendedorismo"],"inLanguage":"pt-PT"},{"@type":"WebPage","@id":"https:\/\/maismagazine.pt\/index.php\/2024\/05\/24\/a-advocacia-e-uma-paixao\/","url":"https:\/\/maismagazine.pt\/index.php\/2024\/05\/24\/a-advocacia-e-uma-paixao\/","name":"\u201cA Advocacia \u00e9 uma paix\u00e3o\u201d - Mais Magazine","isPartOf":{"@id":"http:\/\/maismagazine.pt\/#website"},"primaryImageOfPage":{"@id":"https:\/\/maismagazine.pt\/index.php\/2024\/05\/24\/a-advocacia-e-uma-paixao\/#primaryimage"},"image":{"@id":"https:\/\/maismagazine.pt\/index.php\/2024\/05\/24\/a-advocacia-e-uma-paixao\/#primaryimage"},"thumbnailUrl":"http:\/\/maismagazine.pt\/wp-content\/uploads\/2024\/05\/Fato-Cinza-bracos-Cruzados-2.jpg","datePublished":"2024-05-24T06:00:00+00:00","description":"Em entrevista \u00e0 Mais Magazine, Vanessa Navarro, s\u00f3cia propriet\u00e1ria do VN Advocacia e Consultoria, revela os desafios que enfrentou no in\u00edcio da sua carreira e sublinha a import\u00e2ncia do estudo e da atualiza\u00e7\u00e3o cont\u00ednua no mundo jur\u00eddico.","breadcrumb":{"@id":"https:\/\/maismagazine.pt\/index.php\/2024\/05\/24\/a-advocacia-e-uma-paixao\/#breadcrumb"},"inLanguage":"pt-PT","potentialAction":[{"@type":"ReadAction","target":["https:\/\/maismagazine.pt\/index.php\/2024\/05\/24\/a-advocacia-e-uma-paixao\/"]}]},{"@type":"ImageObject","inLanguage":"pt-PT","@id":"https:\/\/maismagazine.pt\/index.php\/2024\/05\/24\/a-advocacia-e-uma-paixao\/#primaryimage","url":"http:\/\/maismagazine.pt\/wp-content\/uploads\/2024\/05\/Fato-Cinza-bracos-Cruzados-2.jpg","contentUrl":"http:\/\/maismagazine.pt\/wp-content\/uploads\/2024\/05\/Fato-Cinza-bracos-Cruzados-2.jpg","width":748,"height":499},{"@type":"BreadcrumbList","@id":"https:\/\/maismagazine.pt\/index.php\/2024\/05\/24\/a-advocacia-e-uma-paixao\/#breadcrumb","itemListElement":[{"@type":"ListItem","position":1,"name":"Home","item":"http:\/\/maismagazine.pt\/"},{"@type":"ListItem","position":2,"name":"\u201cA Advocacia \u00e9 uma paix\u00e3o\u201d"}]},{"@type":"WebSite","@id":"http:\/\/maismagazine.pt\/#website","url":"http:\/\/maismagazine.pt\/","name":"Mais Magazine","description":"","publisher":{"@id":"http:\/\/maismagazine.pt\/#organization"},"potentialAction":[{"@type":"SearchAction","target":{"@type":"EntryPoint","urlTemplate":"http:\/\/maismagazine.pt\/?s={search_term_string}"},"query-input":{"@type":"PropertyValueSpecification","valueRequired":true,"valueName":"search_term_string"}}],"inLanguage":"pt-PT"},{"@type":"Organization","@id":"http:\/\/maismagazine.pt\/#organization","name":"Mais Magazine","url":"http:\/\/maismagazine.pt\/","logo":{"@type":"ImageObject","inLanguage":"pt-PT","@id":"http:\/\/maismagazine.pt\/#\/schema\/logo\/image\/","url":"http:\/\/maismagazine.pt\/wp-content\/uploads\/2020\/04\/cropped-cropped-mais-magazine-site-logo-2.png","contentUrl":"http:\/\/maismagazine.pt\/wp-content\/uploads\/2020\/04\/cropped-cropped-mais-magazine-site-logo-2.png","width":581,"height":90,"caption":"Mais Magazine"},"image":{"@id":"http:\/\/maismagazine.pt\/#\/schema\/logo\/image\/"}},{"@type":"Person","@id":"http:\/\/maismagazine.pt\/#\/schema\/person\/c6c5bfccc886434cbd11c74e035f9646","name":"Tiago Costa","image":{"@type":"ImageObject","inLanguage":"pt-PT","@id":"http:\/\/maismagazine.pt\/#\/schema\/person\/image\/","url":"https:\/\/secure.gravatar.com\/avatar\/c599b2bce16c9870429198cbad5ee022?s=96&d=mm&r=g","contentUrl":"https:\/\/secure.gravatar.com\/avatar\/c599b2bce16c9870429198cbad5ee022?s=96&d=mm&r=g","caption":"Tiago Costa"},"url":"http:\/\/maismagazine.pt\/index.php\/author\/tiago\/"}]}},"author_meta":{"display_name":false,"author_link":"http:\/\/maismagazine.pt\/index.php\/author\/tiago\/"},"featured_img":"http:\/\/maismagazine.pt\/wp-content\/uploads\/2024\/05\/Fato-Cinza-bracos-Cruzados-2-300x200.jpg","coauthors":[],"tax_additional":{"categories":{"linked":["<a href=\"http:\/\/maismagazine.pt\/index.php\/category\/empreendedorismo\/\" class=\"advgb-post-tax-term\">Empreendedorismo<\/a>"],"unlinked":["<span class=\"advgb-post-tax-term\">Empreendedorismo<\/span>"]},"tags":{"linked":["<a href=\"http:\/\/maismagazine.pt\/index.php\/category\/empreendedorismo\/\" class=\"advgb-post-tax-term\">Vanessa Navarro<\/a>"],"unlinked":["<span class=\"advgb-post-tax-term\">Vanessa Navarro<\/span>"]}},"comment_count":"0","relative_dates":{"created":"Posted 2 anos ago","modified":"Updated 2 anos ago"},"absolute_dates":{"created":"Posted on 24 de Maio, 2024","modified":"Updated on 20 de Maio, 2024"},"absolute_dates_time":{"created":"Posted on 24 de Maio, 2024 7:00","modified":"Updated on 20 de Maio, 2024 15:34"},"featured_img_caption":"","series_order":"","_links":{"self":[{"href":"http:\/\/maismagazine.pt\/index.php\/wp-json\/wp\/v2\/posts\/9626","targetHints":{"allow":["GET"]}}],"collection":[{"href":"http:\/\/maismagazine.pt\/index.php\/wp-json\/wp\/v2\/posts"}],"about":[{"href":"http:\/\/maismagazine.pt\/index.php\/wp-json\/wp\/v2\/types\/post"}],"author":[{"embeddable":true,"href":"http:\/\/maismagazine.pt\/index.php\/wp-json\/wp\/v2\/users\/17"}],"replies":[{"embeddable":true,"href":"http:\/\/maismagazine.pt\/index.php\/wp-json\/wp\/v2\/comments?post=9626"}],"version-history":[{"count":3,"href":"http:\/\/maismagazine.pt\/index.php\/wp-json\/wp\/v2\/posts\/9626\/revisions"}],"predecessor-version":[{"id":9639,"href":"http:\/\/maismagazine.pt\/index.php\/wp-json\/wp\/v2\/posts\/9626\/revisions\/9639"}],"wp:featuredmedia":[{"embeddable":true,"href":"http:\/\/maismagazine.pt\/index.php\/wp-json\/wp\/v2\/media\/9637"}],"wp:attachment":[{"href":"http:\/\/maismagazine.pt\/index.php\/wp-json\/wp\/v2\/media?parent=9626"}],"wp:term":[{"taxonomy":"category","embeddable":true,"href":"http:\/\/maismagazine.pt\/index.php\/wp-json\/wp\/v2\/categories?post=9626"},{"taxonomy":"post_tag","embeddable":true,"href":"http:\/\/maismagazine.pt\/index.php\/wp-json\/wp\/v2\/tags?post=9626"}],"curies":[{"name":"wp","href":"https:\/\/api.w.org\/{rel}","templated":true}]}}