{"id":9586,"date":"2024-05-15T17:12:41","date_gmt":"2024-05-15T16:12:41","guid":{"rendered":"https:\/\/maismagazine.pt\/?p=9586"},"modified":"2024-05-15T17:12:41","modified_gmt":"2024-05-15T16:12:41","slug":"ipbeja-e-o-organizador-do-campeonato-nacional-universitario-de-atletismo-pista-ar-livre-em-beja","status":"publish","type":"post","link":"http:\/\/maismagazine.pt\/index.php\/2024\/05\/15\/ipbeja-e-o-organizador-do-campeonato-nacional-universitario-de-atletismo-pista-ar-livre-em-beja\/","title":{"rendered":"IPBeja \u00e9 o organizador do Campeonato Nacional Universit\u00e1rio de Atletismo Pista Ar Livre, em Beja"},"content":{"rendered":"\n<p>Enquadrado no plano de atividades do Gabinete de Apoio \u00e0 Atividade Desportiva (GAAD) dos Servi\u00e7os de A\u00e7\u00e3o Social do IPBeja e no \u00e2mbito do projeto Healthy Campus, o IPBeja candidatou-se \u00e0 organiza\u00e7\u00e3o de eventos desportivos universit\u00e1rios no ano letivo 2023\/24.<\/p>\n\n\n\n<p><\/p>\n\n\n\n<p>A Federa\u00e7\u00e3o Acad\u00e9mica do Desporto Universit\u00e1rio (FADU), entidade m\u00e1xima respons\u00e1vel pelo Desporto Universit\u00e1rio em Portugal, atribuiu ao IPBeja, a responsabilidade da organiza\u00e7\u00e3o local do Campeonato Nacional Universit\u00e1rio (CNU) de Atletismo Pista Ar Livre &#8211; masculino\/feminino.\u00a0<\/p>\n\n\n\n<p><\/p>\n\n\n\n<p>As provas, integradas no programa do CNU de Atletismo, realizam-se no Complexo Desportivo Fernando Mamede &#8211; Pista de Atletismo, nos dias 25 e 26 de maio de 2024.<\/p>\n\n\n\n<p><\/p>\n\n\n\n<p>A\u00a0C\u00e2mara Municipal de Beja e a Associa\u00e7\u00e3o de Atletismo de Beja, s\u00e3o parceiros fundamentais no apoio log\u00edstico \u00e0 organiza\u00e7\u00e3o do CNU de Atletismo.\u00a0<\/p>\n\n\n\n<p><\/p>\n\n\n\n<p>De salientar que \u00e9 a segunda vez que o CNU de Atletismo se realiza em Beja. O IPBeja como organizador local e a FADU como organizador principal esperam\u00a0a participa\u00e7\u00e3o de mais de 300 estudantes-atletas das institui\u00e7\u00f5es de Ensino Superior do Pa\u00eds.<\/p>\n\n\n\n<p><\/p>\n\n\n\n<p>No hist\u00f3rico de participa\u00e7\u00f5es do IPBeja nos CNU de Atletismo, os nossos estudantes-atletas j\u00e1 conquistaram 3 medalhas. Sara In\u00e1cio, Licenciada em Enfermagem na Escola Superior de Sa\u00fade (ESSB), conquistou duas medalhas, foi vice-campe\u00e3 nacional universit\u00e1ria (prata) dos 1500m, no Est\u00e1dio Universit\u00e1rio de Lisboa em 2017\/18, e voltou a conquistar a medalha de Bronze, mas no CNU de Pista Coberta.<\/p>\n\n\n\n<p><\/p>\n\n\n\n<p>Recentemente, em 2022\/23, Mariana Tavares (ESSB), a frequentar a Licenciatura de Terapia Ocupacional, ganhou a medalha de Prata, no CNU de Pista Coberta &#8211; 60 metros planos.<\/p>\n\n\n\n<p><\/p>\n\n\n\n<p>Curiosidade:&nbsp;no primeiro ano que se realizou o CNU de Atletismo na Pista de Atletismo Fernando Mamede foram batidos 7 records nacionais.<\/p>\n\n\n\n<p>Em 2024, quantos records nacionais ser\u00e3o batidos?<\/p>\n\n\n\n<p><\/p>\n\n\n\n<p>O IPBeja convida todos a estar presentes, nos dias 25 e 26 de maio, onde todos os caminhos ir\u00e3o dar ao Complexo Desportivo Fernando Mamede &#8211; Pista de Atletismo.&nbsp;<\/p>\n","protected":false},"excerpt":{"rendered":"<p>Enquadrado no plano de atividades do Gabinete de Apoio \u00e0 Atividade Desportiva (GAAD) dos Servi\u00e7os de A\u00e7\u00e3o Social do IPBeja e no \u00e2mbito do projeto Healthy Campus, o IPBeja candidatou-se \u00e0 organiza\u00e7\u00e3o de eventos desportivos universit\u00e1rios no ano letivo 2023\/24. A Federa\u00e7\u00e3o Acad\u00e9mica do Desporto Universit\u00e1rio (FADU), entidade m\u00e1xima respons\u00e1vel&hellip;<\/p>\n","protected":false},"author":18,"featured_media":9587,"comment_status":"closed","ping_status":"open","sticky":false,"template":"","format":"standard","meta":{"advgb_blocks_editor_width":"","advgb_blocks_columns_visual_guide":"","_monsterinsights_skip_tracking":false,"_monsterinsights_sitenote_active":false,"_monsterinsights_sitenote_note":"","_monsterinsights_sitenote_category":0,"footnotes":""},"categories":[7],"tags":[525,521,616],"class_list":["post-9586","post","type-post","status-publish","format-standard","has-post-thumbnail","hentry","category-noticias","tag-educacao","tag-ensino","tag-ensino-superior"],"yoast_head":"<!-- This site is optimized with the Yoast SEO plugin v24.4 - https:\/\/yoast.com\/wordpress\/plugins\/seo\/ -->\n<title>IPBeja \u00e9 o organizador do Campeonato Nacional Universit\u00e1rio de Atletismo Pista Ar Livre, em Beja - Mais Magazine<\/title>\n<meta name=\"robots\" content=\"index, follow, max-snippet:-1, max-image-preview:large, max-video-preview:-1\" \/>\n<link rel=\"canonical\" href=\"https:\/\/maismagazine.pt\/index.php\/2024\/05\/15\/ipbeja-e-o-organizador-do-campeonato-nacional-universitario-de-atletismo-pista-ar-livre-em-beja\/\" \/>\n<meta property=\"og:locale\" content=\"pt_PT\" \/>\n<meta property=\"og:type\" content=\"article\" \/>\n<meta property=\"og:title\" content=\"IPBeja \u00e9 o organizador do Campeonato Nacional Universit\u00e1rio de Atletismo Pista Ar Livre, em Beja - Mais Magazine\" \/>\n<meta property=\"og:description\" content=\"Enquadrado no plano de atividades do Gabinete de Apoio \u00e0 Atividade Desportiva (GAAD) dos Servi\u00e7os de A\u00e7\u00e3o Social do IPBeja e no \u00e2mbito do projeto Healthy Campus, o IPBeja candidatou-se \u00e0 organiza\u00e7\u00e3o de eventos desportivos universit\u00e1rios no ano letivo 2023\/24. A Federa\u00e7\u00e3o Acad\u00e9mica do Desporto Universit\u00e1rio (FADU), entidade m\u00e1xima respons\u00e1vel&hellip;\" \/>\n<meta property=\"og:url\" content=\"https:\/\/maismagazine.pt\/index.php\/2024\/05\/15\/ipbeja-e-o-organizador-do-campeonato-nacional-universitario-de-atletismo-pista-ar-livre-em-beja\/\" \/>\n<meta property=\"og:site_name\" content=\"Mais Magazine\" \/>\n<meta property=\"article:published_time\" content=\"2024-05-15T16:12:41+00:00\" \/>\n<meta property=\"og:image\" content=\"https:\/\/maismagazine.pt\/wp-content\/uploads\/2024\/05\/Imagem1.jpg\" \/>\n\t<meta property=\"og:image:width\" content=\"586\" \/>\n\t<meta property=\"og:image:height\" content=\"735\" \/>\n\t<meta property=\"og:image:type\" content=\"image\/jpeg\" \/>\n<meta name=\"author\" content=\"Tatiana Martins\" \/>\n<meta name=\"twitter:card\" content=\"summary_large_image\" \/>\n<meta name=\"twitter:label1\" content=\"Escrito por\" \/>\n\t<meta name=\"twitter:data1\" content=\"\" \/>\n\t<meta name=\"twitter:label2\" content=\"Tempo estimado de leitura\" \/>\n\t<meta name=\"twitter:data2\" content=\"2 minutos\" \/>\n<script type=\"application\/ld+json\" class=\"yoast-schema-graph\">{\"@context\":\"https:\/\/schema.org\",\"@graph\":[{\"@type\":\"Article\",\"@id\":\"https:\/\/maismagazine.pt\/index.php\/2024\/05\/15\/ipbeja-e-o-organizador-do-campeonato-nacional-universitario-de-atletismo-pista-ar-livre-em-beja\/#article\",\"isPartOf\":{\"@id\":\"https:\/\/maismagazine.pt\/index.php\/2024\/05\/15\/ipbeja-e-o-organizador-do-campeonato-nacional-universitario-de-atletismo-pista-ar-livre-em-beja\/\"},\"author\":{\"name\":\"Tatiana Martins\",\"@id\":\"http:\/\/maismagazine.pt\/#\/schema\/person\/7426e2caeb8df32a1b56aa48dae778c9\"},\"headline\":\"IPBeja \u00e9 o organizador do Campeonato Nacional Universit\u00e1rio de Atletismo Pista Ar Livre, em Beja\",\"datePublished\":\"2024-05-15T16:12:41+00:00\",\"mainEntityOfPage\":{\"@id\":\"https:\/\/maismagazine.pt\/index.php\/2024\/05\/15\/ipbeja-e-o-organizador-do-campeonato-nacional-universitario-de-atletismo-pista-ar-livre-em-beja\/\"},\"wordCount\":343,\"publisher\":{\"@id\":\"http:\/\/maismagazine.pt\/#organization\"},\"image\":{\"@id\":\"https:\/\/maismagazine.pt\/index.php\/2024\/05\/15\/ipbeja-e-o-organizador-do-campeonato-nacional-universitario-de-atletismo-pista-ar-livre-em-beja\/#primaryimage\"},\"thumbnailUrl\":\"http:\/\/maismagazine.pt\/wp-content\/uploads\/2024\/05\/Imagem1.jpg\",\"keywords\":[\"Educa\u00e7\u00e3o\",\"Ensino\",\"ensino superior\"],\"articleSection\":[\"Not\u00edcias\"],\"inLanguage\":\"pt-PT\"},{\"@type\":\"WebPage\",\"@id\":\"https:\/\/maismagazine.pt\/index.php\/2024\/05\/15\/ipbeja-e-o-organizador-do-campeonato-nacional-universitario-de-atletismo-pista-ar-livre-em-beja\/\",\"url\":\"https:\/\/maismagazine.pt\/index.php\/2024\/05\/15\/ipbeja-e-o-organizador-do-campeonato-nacional-universitario-de-atletismo-pista-ar-livre-em-beja\/\",\"name\":\"IPBeja \u00e9 o organizador do Campeonato Nacional Universit\u00e1rio de Atletismo Pista Ar Livre, em Beja - Mais Magazine\",\"isPartOf\":{\"@id\":\"http:\/\/maismagazine.pt\/#website\"},\"primaryImageOfPage\":{\"@id\":\"https:\/\/maismagazine.pt\/index.php\/2024\/05\/15\/ipbeja-e-o-organizador-do-campeonato-nacional-universitario-de-atletismo-pista-ar-livre-em-beja\/#primaryimage\"},\"image\":{\"@id\":\"https:\/\/maismagazine.pt\/index.php\/2024\/05\/15\/ipbeja-e-o-organizador-do-campeonato-nacional-universitario-de-atletismo-pista-ar-livre-em-beja\/#primaryimage\"},\"thumbnailUrl\":\"http:\/\/maismagazine.pt\/wp-content\/uploads\/2024\/05\/Imagem1.jpg\",\"datePublished\":\"2024-05-15T16:12:41+00:00\",\"breadcrumb\":{\"@id\":\"https:\/\/maismagazine.pt\/index.php\/2024\/05\/15\/ipbeja-e-o-organizador-do-campeonato-nacional-universitario-de-atletismo-pista-ar-livre-em-beja\/#breadcrumb\"},\"inLanguage\":\"pt-PT\",\"potentialAction\":[{\"@type\":\"ReadAction\",\"target\":[\"https:\/\/maismagazine.pt\/index.php\/2024\/05\/15\/ipbeja-e-o-organizador-do-campeonato-nacional-universitario-de-atletismo-pista-ar-livre-em-beja\/\"]}]},{\"@type\":\"ImageObject\",\"inLanguage\":\"pt-PT\",\"@id\":\"https:\/\/maismagazine.pt\/index.php\/2024\/05\/15\/ipbeja-e-o-organizador-do-campeonato-nacional-universitario-de-atletismo-pista-ar-livre-em-beja\/#primaryimage\",\"url\":\"http:\/\/maismagazine.pt\/wp-content\/uploads\/2024\/05\/Imagem1.jpg\",\"contentUrl\":\"http:\/\/maismagazine.pt\/wp-content\/uploads\/2024\/05\/Imagem1.jpg\",\"width\":586,\"height\":735},{\"@type\":\"BreadcrumbList\",\"@id\":\"https:\/\/maismagazine.pt\/index.php\/2024\/05\/15\/ipbeja-e-o-organizador-do-campeonato-nacional-universitario-de-atletismo-pista-ar-livre-em-beja\/#breadcrumb\",\"itemListElement\":[{\"@type\":\"ListItem\",\"position\":1,\"name\":\"Home\",\"item\":\"http:\/\/maismagazine.pt\/\"},{\"@type\":\"ListItem\",\"position\":2,\"name\":\"IPBeja \u00e9 o organizador do Campeonato Nacional Universit\u00e1rio de Atletismo Pista Ar Livre, em Beja\"}]},{\"@type\":\"WebSite\",\"@id\":\"http:\/\/maismagazine.pt\/#website\",\"url\":\"http:\/\/maismagazine.pt\/\",\"name\":\"Mais Magazine\",\"description\":\"\",\"publisher\":{\"@id\":\"http:\/\/maismagazine.pt\/#organization\"},\"potentialAction\":[{\"@type\":\"SearchAction\",\"target\":{\"@type\":\"EntryPoint\",\"urlTemplate\":\"http:\/\/maismagazine.pt\/?s={search_term_string}\"},\"query-input\":{\"@type\":\"PropertyValueSpecification\",\"valueRequired\":true,\"valueName\":\"search_term_string\"}}],\"inLanguage\":\"pt-PT\"},{\"@type\":\"Organization\",\"@id\":\"http:\/\/maismagazine.pt\/#organization\",\"name\":\"Mais Magazine\",\"url\":\"http:\/\/maismagazine.pt\/\",\"logo\":{\"@type\":\"ImageObject\",\"inLanguage\":\"pt-PT\",\"@id\":\"http:\/\/maismagazine.pt\/#\/schema\/logo\/image\/\",\"url\":\"http:\/\/maismagazine.pt\/wp-content\/uploads\/2020\/04\/cropped-cropped-mais-magazine-site-logo-2.png\",\"contentUrl\":\"http:\/\/maismagazine.pt\/wp-content\/uploads\/2020\/04\/cropped-cropped-mais-magazine-site-logo-2.png\",\"width\":581,\"height\":90,\"caption\":\"Mais Magazine\"},\"image\":{\"@id\":\"http:\/\/maismagazine.pt\/#\/schema\/logo\/image\/\"}},{\"@type\":\"Person\",\"@id\":\"http:\/\/maismagazine.pt\/#\/schema\/person\/7426e2caeb8df32a1b56aa48dae778c9\",\"name\":\"Tatiana Martins\",\"image\":{\"@type\":\"ImageObject\",\"inLanguage\":\"pt-PT\",\"@id\":\"http:\/\/maismagazine.pt\/#\/schema\/person\/image\/\",\"url\":\"https:\/\/secure.gravatar.com\/avatar\/4b24a57f5d0425f2eb20981c4b53244e?s=96&d=mm&r=g\",\"contentUrl\":\"https:\/\/secure.gravatar.com\/avatar\/4b24a57f5d0425f2eb20981c4b53244e?s=96&d=mm&r=g\",\"caption\":\"Tatiana Martins\"},\"url\":\"http:\/\/maismagazine.pt\/index.php\/author\/tatiana\/\"}]}<\/script>\n<!-- \/ Yoast SEO plugin. -->","yoast_head_json":{"title":"IPBeja \u00e9 o organizador do Campeonato Nacional Universit\u00e1rio de Atletismo Pista Ar Livre, em Beja - Mais Magazine","robots":{"index":"index","follow":"follow","max-snippet":"max-snippet:-1","max-image-preview":"max-image-preview:large","max-video-preview":"max-video-preview:-1"},"canonical":"https:\/\/maismagazine.pt\/index.php\/2024\/05\/15\/ipbeja-e-o-organizador-do-campeonato-nacional-universitario-de-atletismo-pista-ar-livre-em-beja\/","og_locale":"pt_PT","og_type":"article","og_title":"IPBeja \u00e9 o organizador do Campeonato Nacional Universit\u00e1rio de Atletismo Pista Ar Livre, em Beja - Mais Magazine","og_description":"Enquadrado no plano de atividades do Gabinete de Apoio \u00e0 Atividade Desportiva (GAAD) dos Servi\u00e7os de A\u00e7\u00e3o Social do IPBeja e no \u00e2mbito do projeto Healthy Campus, o IPBeja candidatou-se \u00e0 organiza\u00e7\u00e3o de eventos desportivos universit\u00e1rios no ano letivo 2023\/24. A Federa\u00e7\u00e3o Acad\u00e9mica do Desporto Universit\u00e1rio (FADU), entidade m\u00e1xima respons\u00e1vel&hellip;","og_url":"https:\/\/maismagazine.pt\/index.php\/2024\/05\/15\/ipbeja-e-o-organizador-do-campeonato-nacional-universitario-de-atletismo-pista-ar-livre-em-beja\/","og_site_name":"Mais Magazine","article_published_time":"2024-05-15T16:12:41+00:00","og_image":[{"width":586,"height":735,"url":"https:\/\/maismagazine.pt\/wp-content\/uploads\/2024\/05\/Imagem1.jpg","type":"image\/jpeg"}],"author":"Tatiana Martins","twitter_card":"summary_large_image","twitter_misc":{"Escrito por":false,"Tempo estimado de leitura":"2 minutos"},"schema":{"@context":"https:\/\/schema.org","@graph":[{"@type":"Article","@id":"https:\/\/maismagazine.pt\/index.php\/2024\/05\/15\/ipbeja-e-o-organizador-do-campeonato-nacional-universitario-de-atletismo-pista-ar-livre-em-beja\/#article","isPartOf":{"@id":"https:\/\/maismagazine.pt\/index.php\/2024\/05\/15\/ipbeja-e-o-organizador-do-campeonato-nacional-universitario-de-atletismo-pista-ar-livre-em-beja\/"},"author":{"name":"Tatiana Martins","@id":"http:\/\/maismagazine.pt\/#\/schema\/person\/7426e2caeb8df32a1b56aa48dae778c9"},"headline":"IPBeja \u00e9 o organizador do Campeonato Nacional Universit\u00e1rio de Atletismo Pista Ar Livre, em Beja","datePublished":"2024-05-15T16:12:41+00:00","mainEntityOfPage":{"@id":"https:\/\/maismagazine.pt\/index.php\/2024\/05\/15\/ipbeja-e-o-organizador-do-campeonato-nacional-universitario-de-atletismo-pista-ar-livre-em-beja\/"},"wordCount":343,"publisher":{"@id":"http:\/\/maismagazine.pt\/#organization"},"image":{"@id":"https:\/\/maismagazine.pt\/index.php\/2024\/05\/15\/ipbeja-e-o-organizador-do-campeonato-nacional-universitario-de-atletismo-pista-ar-livre-em-beja\/#primaryimage"},"thumbnailUrl":"http:\/\/maismagazine.pt\/wp-content\/uploads\/2024\/05\/Imagem1.jpg","keywords":["Educa\u00e7\u00e3o","Ensino","ensino superior"],"articleSection":["Not\u00edcias"],"inLanguage":"pt-PT"},{"@type":"WebPage","@id":"https:\/\/maismagazine.pt\/index.php\/2024\/05\/15\/ipbeja-e-o-organizador-do-campeonato-nacional-universitario-de-atletismo-pista-ar-livre-em-beja\/","url":"https:\/\/maismagazine.pt\/index.php\/2024\/05\/15\/ipbeja-e-o-organizador-do-campeonato-nacional-universitario-de-atletismo-pista-ar-livre-em-beja\/","name":"IPBeja \u00e9 o organizador do Campeonato Nacional Universit\u00e1rio de Atletismo Pista Ar Livre, em Beja - Mais Magazine","isPartOf":{"@id":"http:\/\/maismagazine.pt\/#website"},"primaryImageOfPage":{"@id":"https:\/\/maismagazine.pt\/index.php\/2024\/05\/15\/ipbeja-e-o-organizador-do-campeonato-nacional-universitario-de-atletismo-pista-ar-livre-em-beja\/#primaryimage"},"image":{"@id":"https:\/\/maismagazine.pt\/index.php\/2024\/05\/15\/ipbeja-e-o-organizador-do-campeonato-nacional-universitario-de-atletismo-pista-ar-livre-em-beja\/#primaryimage"},"thumbnailUrl":"http:\/\/maismagazine.pt\/wp-content\/uploads\/2024\/05\/Imagem1.jpg","datePublished":"2024-05-15T16:12:41+00:00","breadcrumb":{"@id":"https:\/\/maismagazine.pt\/index.php\/2024\/05\/15\/ipbeja-e-o-organizador-do-campeonato-nacional-universitario-de-atletismo-pista-ar-livre-em-beja\/#breadcrumb"},"inLanguage":"pt-PT","potentialAction":[{"@type":"ReadAction","target":["https:\/\/maismagazine.pt\/index.php\/2024\/05\/15\/ipbeja-e-o-organizador-do-campeonato-nacional-universitario-de-atletismo-pista-ar-livre-em-beja\/"]}]},{"@type":"ImageObject","inLanguage":"pt-PT","@id":"https:\/\/maismagazine.pt\/index.php\/2024\/05\/15\/ipbeja-e-o-organizador-do-campeonato-nacional-universitario-de-atletismo-pista-ar-livre-em-beja\/#primaryimage","url":"http:\/\/maismagazine.pt\/wp-content\/uploads\/2024\/05\/Imagem1.jpg","contentUrl":"http:\/\/maismagazine.pt\/wp-content\/uploads\/2024\/05\/Imagem1.jpg","width":586,"height":735},{"@type":"BreadcrumbList","@id":"https:\/\/maismagazine.pt\/index.php\/2024\/05\/15\/ipbeja-e-o-organizador-do-campeonato-nacional-universitario-de-atletismo-pista-ar-livre-em-beja\/#breadcrumb","itemListElement":[{"@type":"ListItem","position":1,"name":"Home","item":"http:\/\/maismagazine.pt\/"},{"@type":"ListItem","position":2,"name":"IPBeja \u00e9 o organizador do Campeonato Nacional Universit\u00e1rio de Atletismo Pista Ar Livre, em Beja"}]},{"@type":"WebSite","@id":"http:\/\/maismagazine.pt\/#website","url":"http:\/\/maismagazine.pt\/","name":"Mais Magazine","description":"","publisher":{"@id":"http:\/\/maismagazine.pt\/#organization"},"potentialAction":[{"@type":"SearchAction","target":{"@type":"EntryPoint","urlTemplate":"http:\/\/maismagazine.pt\/?s={search_term_string}"},"query-input":{"@type":"PropertyValueSpecification","valueRequired":true,"valueName":"search_term_string"}}],"inLanguage":"pt-PT"},{"@type":"Organization","@id":"http:\/\/maismagazine.pt\/#organization","name":"Mais Magazine","url":"http:\/\/maismagazine.pt\/","logo":{"@type":"ImageObject","inLanguage":"pt-PT","@id":"http:\/\/maismagazine.pt\/#\/schema\/logo\/image\/","url":"http:\/\/maismagazine.pt\/wp-content\/uploads\/2020\/04\/cropped-cropped-mais-magazine-site-logo-2.png","contentUrl":"http:\/\/maismagazine.pt\/wp-content\/uploads\/2020\/04\/cropped-cropped-mais-magazine-site-logo-2.png","width":581,"height":90,"caption":"Mais Magazine"},"image":{"@id":"http:\/\/maismagazine.pt\/#\/schema\/logo\/image\/"}},{"@type":"Person","@id":"http:\/\/maismagazine.pt\/#\/schema\/person\/7426e2caeb8df32a1b56aa48dae778c9","name":"Tatiana Martins","image":{"@type":"ImageObject","inLanguage":"pt-PT","@id":"http:\/\/maismagazine.pt\/#\/schema\/person\/image\/","url":"https:\/\/secure.gravatar.com\/avatar\/4b24a57f5d0425f2eb20981c4b53244e?s=96&d=mm&r=g","contentUrl":"https:\/\/secure.gravatar.com\/avatar\/4b24a57f5d0425f2eb20981c4b53244e?s=96&d=mm&r=g","caption":"Tatiana Martins"},"url":"http:\/\/maismagazine.pt\/index.php\/author\/tatiana\/"}]}},"author_meta":{"display_name":false,"author_link":"http:\/\/maismagazine.pt\/index.php\/author\/tatiana\/"},"featured_img":"http:\/\/maismagazine.pt\/wp-content\/uploads\/2024\/05\/Imagem1-239x300.jpg","coauthors":[],"tax_additional":{"categories":{"linked":["<a href=\"http:\/\/maismagazine.pt\/index.php\/category\/noticias\/\" class=\"advgb-post-tax-term\">Not\u00edcias<\/a>"],"unlinked":["<span class=\"advgb-post-tax-term\">Not\u00edcias<\/span>"]},"tags":{"linked":["<a href=\"http:\/\/maismagazine.pt\/index.php\/category\/noticias\/\" class=\"advgb-post-tax-term\">Educa\u00e7\u00e3o<\/a>","<a href=\"http:\/\/maismagazine.pt\/index.php\/category\/noticias\/\" class=\"advgb-post-tax-term\">Ensino<\/a>","<a href=\"http:\/\/maismagazine.pt\/index.php\/category\/noticias\/\" class=\"advgb-post-tax-term\">ensino superior<\/a>"],"unlinked":["<span class=\"advgb-post-tax-term\">Educa\u00e7\u00e3o<\/span>","<span class=\"advgb-post-tax-term\">Ensino<\/span>","<span class=\"advgb-post-tax-term\">ensino superior<\/span>"]}},"comment_count":"0","relative_dates":{"created":"Posted 2 anos ago","modified":"Updated 2 anos ago"},"absolute_dates":{"created":"Posted on 15 de Maio, 2024","modified":"Updated on 15 de Maio, 2024"},"absolute_dates_time":{"created":"Posted on 15 de Maio, 2024 17:12","modified":"Updated on 15 de Maio, 2024 17:12"},"featured_img_caption":"","series_order":"","_links":{"self":[{"href":"http:\/\/maismagazine.pt\/index.php\/wp-json\/wp\/v2\/posts\/9586","targetHints":{"allow":["GET"]}}],"collection":[{"href":"http:\/\/maismagazine.pt\/index.php\/wp-json\/wp\/v2\/posts"}],"about":[{"href":"http:\/\/maismagazine.pt\/index.php\/wp-json\/wp\/v2\/types\/post"}],"author":[{"embeddable":true,"href":"http:\/\/maismagazine.pt\/index.php\/wp-json\/wp\/v2\/users\/18"}],"replies":[{"embeddable":true,"href":"http:\/\/maismagazine.pt\/index.php\/wp-json\/wp\/v2\/comments?post=9586"}],"version-history":[{"count":1,"href":"http:\/\/maismagazine.pt\/index.php\/wp-json\/wp\/v2\/posts\/9586\/revisions"}],"predecessor-version":[{"id":9588,"href":"http:\/\/maismagazine.pt\/index.php\/wp-json\/wp\/v2\/posts\/9586\/revisions\/9588"}],"wp:featuredmedia":[{"embeddable":true,"href":"http:\/\/maismagazine.pt\/index.php\/wp-json\/wp\/v2\/media\/9587"}],"wp:attachment":[{"href":"http:\/\/maismagazine.pt\/index.php\/wp-json\/wp\/v2\/media?parent=9586"}],"wp:term":[{"taxonomy":"category","embeddable":true,"href":"http:\/\/maismagazine.pt\/index.php\/wp-json\/wp\/v2\/categories?post=9586"},{"taxonomy":"post_tag","embeddable":true,"href":"http:\/\/maismagazine.pt\/index.php\/wp-json\/wp\/v2\/tags?post=9586"}],"curies":[{"name":"wp","href":"https:\/\/api.w.org\/{rel}","templated":true}]}}