{"id":9505,"date":"2024-04-25T07:00:00","date_gmt":"2024-04-25T06:00:00","guid":{"rendered":"https:\/\/maismagazine.pt\/?p=9505"},"modified":"2024-04-22T16:28:26","modified_gmt":"2024-04-22T15:28:26","slug":"aguas-santas-terra-de-historia-e-progresso","status":"publish","type":"post","link":"http:\/\/maismagazine.pt\/index.php\/2024\/04\/25\/aguas-santas-terra-de-historia-e-progresso\/","title":{"rendered":"\u00c1guas Santas, terra de hist\u00f3ria e progresso"},"content":{"rendered":"\n<p><strong>Em entrevista \u00e0 Mais Magazine, Miguel dos Santos, presidente da Junta de Freguesia de <a href=\"http:\/\/www.jf-aguassantas.pt\">\u00c1guas Santas<\/a>, menciona alguns dos projetos que pretende implementar no futuro, entre eles, a abertura de uma Universidade S\u00e9nior.<\/strong><\/p>\n\n\n\n<p><\/p>\n\n\n\n<p><strong>Pedia-lhe que nos come\u00e7asse por apresentar a freguesia de \u00c1guas Santas e que mencionasse alguns locais de visita obrigat\u00f3ria. <\/strong><\/p>\n\n\n\n<p>Marcada pelo vasto patrim\u00f3nio religioso, a Vila de \u00c1guas Santas, a mais populosa a norte do rio Tejo, situada no Concelho da Maia, dista 4 km da cidade do Porto, e \u00e9 uma freguesia em constante inova\u00e7\u00e3o. Capital do associativismo concelhio, dado o n\u00famero de coletividades aqui sedeadas, da cultura ao desporto, passando pelo movimento parental, esta \u00e9 uma freguesia din\u00e2mica que se quer pr\u00f3xima de todos os Aquisantenses. Podemos visitar o Mosteiro de \u00c1guas Santas, classificado como Monumento Nacional, que tem lapidada nas suas pedras parte da hist\u00f3ria de Portugal, bem ao lado da fonte milenar que deu o seu nome \u00e0 freguesia. Podemos visitar ainda a Igreja de Nossa Senhora de Guadalupe, que guarda um \u00f3rg\u00e3o de tubos de 1827, com os seus frescos preciosos, de origem seiscentista, alusivos \u00e0s fases da paix\u00e3o de Cristo, bem como a Igreja de Nosso Senhor dos Aflitos, localizada nas margens do rio Le\u00e7a, potencial not\u00e1vel desta freguesia com o desenvolvimento de um corredor verde at\u00e9 sua foz.<\/p>\n\n\n\n<p><\/p>\n\n\n\n<p>Com uma agenda cultural vibrante, o edif\u00edcio da Junta de Freguesia, onde se localiza em Portugal a prestigiada Associa\u00e7\u00e3o \u201cEixo Atl\u00e2ntico do Noroeste Peninsular\u201d, \u00e9 o verdadeiro motor dos trabalhos desenvolvidos pelo Executivo. Al\u00e9m das v\u00e1rias val\u00eancias de servi\u00e7os p\u00fablicos, \u00e9 no Audit\u00f3rio Manuel Correia que se v\u00ea a din\u00e2mica das nossas Associa\u00e7\u00f5es, bem como onde toda a comunidade assiste, sempre gratuitamente, \u00e0 celebra\u00e7\u00e3o de datas importantes ou de carater mais festivo como a Passagem de Ano, o Carnaval, Dia da Crian\u00e7a, Dia da Mulher, entre outras. Mesmo ao lado acontece em setembro o \u00c1guas Santas Fest, Mostra do Associativismo, Festival que encerra o ver\u00e3o, por onde j\u00e1 passaram alguns artistas, filhos da terra, como: Miguel Ara\u00fajo, Rita Rocha e Nuno Ribeiro, bem como os Per7ume, Jimmy P, entre outros.<\/p>\n\n\n\n<p><\/p>\n\n\n\n<p><strong>Quais s\u00e3o os principais desafios que \u00c1guas Santas enfrenta atualmente e o que est\u00e1 a ser feito no sentido de super\u00e1-los? <\/strong><\/p>\n\n\n\n<p>O principal desafio que a Junta de Freguesia de \u00c1guas Santas tem pela frente \u00e9 sem d\u00favida o crescimento populacional que se avizinha. Com o aumento da constru\u00e7\u00e3o \u00e9 necess\u00e1rio criar infraestruturas que permitam acolher e reter essas pessoas criando-lhes la\u00e7os com o territ\u00f3rio, nomeadamente atrav\u00e9s da participa\u00e7\u00e3o na vida da freguesia e na flui\u00e7\u00e3o de mais espa\u00e7os verdes e de lazer.<\/p>\n\n\n\n<p><\/p>\n\n\n\n<p><strong>Em abril deste ano celebram-se os 50 anos da Revolu\u00e7\u00e3o dos Cravos, um marco hist\u00f3rico para Portugal. Nesse sentido, est\u00e3o a pensar realizar algum evento para assinalar esta data? <\/strong><\/p>\n\n\n\n<p>A par dos 50 anos do 25 de Abril e da Democracia, celebraremos este ano tamb\u00e9m os 50 anos da Escola Secund\u00e1ria de \u00c1guas Santas. Por isso mesmo, temos um extraordin\u00e1rio programa de comemora\u00e7\u00e3o da Revolu\u00e7\u00e3o dos Cravos, atrav\u00e9s da mostra das diferentes express\u00f5es de art\u00edsticas, onde convid\u00e1mos as turmas de 4\u00baano do ensino b\u00e1sico da freguesia para abrilhantarem a sess\u00e3o solene do 25 de Abril com v\u00e1rias interven\u00e7\u00f5es alusivas ao tema. Enquadrado nas comemora\u00e7\u00f5es temos tamb\u00e9m uma homenagem ao Movimento Associativo que t\u00e3o marcante foi para a afirma\u00e7\u00e3o da democracia.<\/p>\n\n\n\n<p><\/p>\n\n\n<div class=\"wp-block-image\">\n<figure class=\"aligncenter size-large is-resized\"><img loading=\"lazy\" decoding=\"async\" width=\"724\" height=\"1024\" src=\"https:\/\/maismagazine.pt\/wp-content\/uploads\/2024\/04\/Cartaz-25-Abril-2024-1-724x1024.jpg\" alt=\"\" class=\"wp-image-9509\" style=\"aspect-ratio:0.70703125;width:328px;height:auto\" srcset=\"http:\/\/maismagazine.pt\/wp-content\/uploads\/2024\/04\/Cartaz-25-Abril-2024-1-724x1024.jpg 724w, http:\/\/maismagazine.pt\/wp-content\/uploads\/2024\/04\/Cartaz-25-Abril-2024-1-212x300.jpg 212w, http:\/\/maismagazine.pt\/wp-content\/uploads\/2024\/04\/Cartaz-25-Abril-2024-1-768x1086.jpg 768w, http:\/\/maismagazine.pt\/wp-content\/uploads\/2024\/04\/Cartaz-25-Abril-2024-1-1086x1536.jpg 1086w, http:\/\/maismagazine.pt\/wp-content\/uploads\/2024\/04\/Cartaz-25-Abril-2024-1-1448x2048.jpg 1448w, http:\/\/maismagazine.pt\/wp-content\/uploads\/2024\/04\/Cartaz-25-Abril-2024-1.jpg 1654w\" sizes=\"auto, (max-width: 724px) 100vw, 724px\" \/><\/figure><\/div>\n\n\n<p><strong>Qual \u00e9 a sua vis\u00e3o para o futuro de \u00c1guas Santas e quais s\u00e3o os projetos priorit\u00e1rios que a Junta de Freguesia pretende implementar para melhorar a qualidade de vida dos seus cidad\u00e3os?<\/strong><\/p>\n\n\n\n<p>Sendo hoje \u00c1guas Santas uma das principais \u00e1reas urbanas \u00e0 volta da cidade do Porto que tem recebido cada vez mais popula\u00e7\u00e3o que procura uma habita\u00e7\u00e3o, temos uma preocupa\u00e7\u00e3o em assegurar as infraestruturas adequadas \u00e0 instala\u00e7\u00e3o de tanta gente, sendo que uma das \u00e1reas de interven\u00e7\u00e3o da Junta de Freguesia \u00e9 a de assegurar um desenvolvimento social e cultural que possa ajudar a fixar mais popula\u00e7\u00e3o no nosso territ\u00f3rio articulando constantemente com a C\u00e2mara Municipal melhorias na rede vi\u00e1ria e de maior bem estar da popula\u00e7\u00e3o. Sendo o envelhecimento ativo uma preocupa\u00e7\u00e3o dos tempos atuais uma das apostas nesta \u00e1rea \u00e9 a abertura de uma Universidade S\u00e9nior a par de outros projetos e atividades normais e recorrentes que a autarquia promove anualmente com os seniores.<\/p>\n\n\n\n<p><canvas width=\"1245\" height=\"1755\"><\/canvas><\/p>\n","protected":false},"excerpt":{"rendered":"<p>Em entrevista \u00e0 Mais Magazine, Miguel dos Santos, presidente da Junta de Freguesia de \u00c1guas Santas, menciona alguns dos projetos que pretende implementar no futuro, entre eles, a abertura de uma Universidade S\u00e9nior. Pedia-lhe que nos come\u00e7asse por apresentar a freguesia de \u00c1guas Santas e que mencionasse alguns locais de&hellip;<\/p>\n","protected":false},"author":18,"featured_media":9511,"comment_status":"closed","ping_status":"open","sticky":false,"template":"","format":"standard","meta":{"advgb_blocks_editor_width":"","advgb_blocks_columns_visual_guide":"","_monsterinsights_skip_tracking":false,"_monsterinsights_sitenote_active":false,"_monsterinsights_sitenote_note":"","_monsterinsights_sitenote_category":0,"footnotes":""},"categories":[1,8],"tags":[1963,1969,1962],"class_list":["post-9505","post","type-post","status-publish","format-standard","has-post-thumbnail","hentry","category-atualidade","category-politica","tag-25-de-abril","tag-aguas-santas","tag-revolucao-dos-cravos"],"yoast_head":"<!-- This site is optimized with the Yoast SEO plugin v24.4 - https:\/\/yoast.com\/wordpress\/plugins\/seo\/ -->\n<title>\u00c1guas Santas, terra de hist\u00f3ria e progresso - Mais Magazine<\/title>\n<meta name=\"robots\" content=\"index, follow, max-snippet:-1, max-image-preview:large, max-video-preview:-1\" \/>\n<link rel=\"canonical\" href=\"https:\/\/maismagazine.pt\/index.php\/2024\/04\/25\/aguas-santas-terra-de-historia-e-progresso\/\" \/>\n<meta property=\"og:locale\" content=\"pt_PT\" \/>\n<meta property=\"og:type\" content=\"article\" \/>\n<meta property=\"og:title\" content=\"\u00c1guas Santas, terra de hist\u00f3ria e progresso - Mais Magazine\" \/>\n<meta property=\"og:description\" content=\"Em entrevista \u00e0 Mais Magazine, Miguel dos Santos, presidente da Junta de Freguesia de \u00c1guas Santas, menciona alguns dos projetos que pretende implementar no futuro, entre eles, a abertura de uma Universidade S\u00e9nior. Pedia-lhe que nos come\u00e7asse por apresentar a freguesia de \u00c1guas Santas e que mencionasse alguns locais de&hellip;\" \/>\n<meta property=\"og:url\" content=\"https:\/\/maismagazine.pt\/index.php\/2024\/04\/25\/aguas-santas-terra-de-historia-e-progresso\/\" \/>\n<meta property=\"og:site_name\" content=\"Mais Magazine\" \/>\n<meta property=\"article:published_time\" content=\"2024-04-25T06:00:00+00:00\" \/>\n<meta property=\"og:image\" content=\"https:\/\/maismagazine.pt\/wp-content\/uploads\/2024\/04\/aguasSantas_logotipo_juntaFreguesia-1.png\" \/>\n\t<meta property=\"og:image:width\" content=\"1181\" \/>\n\t<meta property=\"og:image:height\" content=\"1240\" \/>\n\t<meta property=\"og:image:type\" content=\"image\/png\" \/>\n<meta name=\"author\" content=\"Tatiana Martins\" \/>\n<meta name=\"twitter:card\" content=\"summary_large_image\" \/>\n<meta name=\"twitter:label1\" content=\"Escrito por\" \/>\n\t<meta name=\"twitter:data1\" content=\"\" \/>\n\t<meta name=\"twitter:label2\" content=\"Tempo estimado de leitura\" \/>\n\t<meta name=\"twitter:data2\" content=\"5 minutos\" \/>\n<script type=\"application\/ld+json\" class=\"yoast-schema-graph\">{\"@context\":\"https:\/\/schema.org\",\"@graph\":[{\"@type\":\"Article\",\"@id\":\"https:\/\/maismagazine.pt\/index.php\/2024\/04\/25\/aguas-santas-terra-de-historia-e-progresso\/#article\",\"isPartOf\":{\"@id\":\"https:\/\/maismagazine.pt\/index.php\/2024\/04\/25\/aguas-santas-terra-de-historia-e-progresso\/\"},\"author\":{\"name\":\"Tatiana Martins\",\"@id\":\"https:\/\/maismagazine.pt\/#\/schema\/person\/7426e2caeb8df32a1b56aa48dae778c9\"},\"headline\":\"\u00c1guas Santas, terra de hist\u00f3ria e progresso\",\"datePublished\":\"2024-04-25T06:00:00+00:00\",\"mainEntityOfPage\":{\"@id\":\"https:\/\/maismagazine.pt\/index.php\/2024\/04\/25\/aguas-santas-terra-de-historia-e-progresso\/\"},\"wordCount\":772,\"publisher\":{\"@id\":\"https:\/\/maismagazine.pt\/#organization\"},\"image\":{\"@id\":\"https:\/\/maismagazine.pt\/index.php\/2024\/04\/25\/aguas-santas-terra-de-historia-e-progresso\/#primaryimage\"},\"thumbnailUrl\":\"http:\/\/maismagazine.pt\/wp-content\/uploads\/2024\/04\/aguasSantas_logotipo_juntaFreguesia-1.png\",\"keywords\":[\"25 de abril\",\"\u00c1guas Santas\",\"Revolu\u00e7\u00e3o dos Cravos\"],\"articleSection\":[\"Atualidade\",\"Pol\u00edtica\"],\"inLanguage\":\"pt-PT\"},{\"@type\":\"WebPage\",\"@id\":\"https:\/\/maismagazine.pt\/index.php\/2024\/04\/25\/aguas-santas-terra-de-historia-e-progresso\/\",\"url\":\"https:\/\/maismagazine.pt\/index.php\/2024\/04\/25\/aguas-santas-terra-de-historia-e-progresso\/\",\"name\":\"\u00c1guas Santas, terra de hist\u00f3ria e progresso - Mais Magazine\",\"isPartOf\":{\"@id\":\"https:\/\/maismagazine.pt\/#website\"},\"primaryImageOfPage\":{\"@id\":\"https:\/\/maismagazine.pt\/index.php\/2024\/04\/25\/aguas-santas-terra-de-historia-e-progresso\/#primaryimage\"},\"image\":{\"@id\":\"https:\/\/maismagazine.pt\/index.php\/2024\/04\/25\/aguas-santas-terra-de-historia-e-progresso\/#primaryimage\"},\"thumbnailUrl\":\"http:\/\/maismagazine.pt\/wp-content\/uploads\/2024\/04\/aguasSantas_logotipo_juntaFreguesia-1.png\",\"datePublished\":\"2024-04-25T06:00:00+00:00\",\"breadcrumb\":{\"@id\":\"https:\/\/maismagazine.pt\/index.php\/2024\/04\/25\/aguas-santas-terra-de-historia-e-progresso\/#breadcrumb\"},\"inLanguage\":\"pt-PT\",\"potentialAction\":[{\"@type\":\"ReadAction\",\"target\":[\"https:\/\/maismagazine.pt\/index.php\/2024\/04\/25\/aguas-santas-terra-de-historia-e-progresso\/\"]}]},{\"@type\":\"ImageObject\",\"inLanguage\":\"pt-PT\",\"@id\":\"https:\/\/maismagazine.pt\/index.php\/2024\/04\/25\/aguas-santas-terra-de-historia-e-progresso\/#primaryimage\",\"url\":\"http:\/\/maismagazine.pt\/wp-content\/uploads\/2024\/04\/aguasSantas_logotipo_juntaFreguesia-1.png\",\"contentUrl\":\"http:\/\/maismagazine.pt\/wp-content\/uploads\/2024\/04\/aguasSantas_logotipo_juntaFreguesia-1.png\",\"width\":1181,\"height\":1240},{\"@type\":\"BreadcrumbList\",\"@id\":\"https:\/\/maismagazine.pt\/index.php\/2024\/04\/25\/aguas-santas-terra-de-historia-e-progresso\/#breadcrumb\",\"itemListElement\":[{\"@type\":\"ListItem\",\"position\":1,\"name\":\"Home\",\"item\":\"https:\/\/maismagazine.pt\/\"},{\"@type\":\"ListItem\",\"position\":2,\"name\":\"\u00c1guas Santas, terra de hist\u00f3ria e progresso\"}]},{\"@type\":\"WebSite\",\"@id\":\"https:\/\/maismagazine.pt\/#website\",\"url\":\"https:\/\/maismagazine.pt\/\",\"name\":\"Mais Magazine\",\"description\":\"\",\"publisher\":{\"@id\":\"https:\/\/maismagazine.pt\/#organization\"},\"potentialAction\":[{\"@type\":\"SearchAction\",\"target\":{\"@type\":\"EntryPoint\",\"urlTemplate\":\"https:\/\/maismagazine.pt\/?s={search_term_string}\"},\"query-input\":{\"@type\":\"PropertyValueSpecification\",\"valueRequired\":true,\"valueName\":\"search_term_string\"}}],\"inLanguage\":\"pt-PT\"},{\"@type\":\"Organization\",\"@id\":\"https:\/\/maismagazine.pt\/#organization\",\"name\":\"Mais Magazine\",\"url\":\"https:\/\/maismagazine.pt\/\",\"logo\":{\"@type\":\"ImageObject\",\"inLanguage\":\"pt-PT\",\"@id\":\"https:\/\/maismagazine.pt\/#\/schema\/logo\/image\/\",\"url\":\"http:\/\/maismagazine.pt\/wp-content\/uploads\/2020\/04\/cropped-cropped-mais-magazine-site-logo-2.png\",\"contentUrl\":\"http:\/\/maismagazine.pt\/wp-content\/uploads\/2020\/04\/cropped-cropped-mais-magazine-site-logo-2.png\",\"width\":581,\"height\":90,\"caption\":\"Mais Magazine\"},\"image\":{\"@id\":\"https:\/\/maismagazine.pt\/#\/schema\/logo\/image\/\"}},{\"@type\":\"Person\",\"@id\":\"https:\/\/maismagazine.pt\/#\/schema\/person\/7426e2caeb8df32a1b56aa48dae778c9\",\"name\":\"Tatiana Martins\",\"image\":{\"@type\":\"ImageObject\",\"inLanguage\":\"pt-PT\",\"@id\":\"https:\/\/maismagazine.pt\/#\/schema\/person\/image\/\",\"url\":\"https:\/\/secure.gravatar.com\/avatar\/4b24a57f5d0425f2eb20981c4b53244e?s=96&d=mm&r=g\",\"contentUrl\":\"https:\/\/secure.gravatar.com\/avatar\/4b24a57f5d0425f2eb20981c4b53244e?s=96&d=mm&r=g\",\"caption\":\"Tatiana Martins\"},\"url\":\"http:\/\/maismagazine.pt\/index.php\/author\/tatiana\/\"}]}<\/script>\n<!-- \/ Yoast SEO plugin. -->","yoast_head_json":{"title":"\u00c1guas Santas, terra de hist\u00f3ria e progresso - Mais Magazine","robots":{"index":"index","follow":"follow","max-snippet":"max-snippet:-1","max-image-preview":"max-image-preview:large","max-video-preview":"max-video-preview:-1"},"canonical":"https:\/\/maismagazine.pt\/index.php\/2024\/04\/25\/aguas-santas-terra-de-historia-e-progresso\/","og_locale":"pt_PT","og_type":"article","og_title":"\u00c1guas Santas, terra de hist\u00f3ria e progresso - Mais Magazine","og_description":"Em entrevista \u00e0 Mais Magazine, Miguel dos Santos, presidente da Junta de Freguesia de \u00c1guas Santas, menciona alguns dos projetos que pretende implementar no futuro, entre eles, a abertura de uma Universidade S\u00e9nior. Pedia-lhe que nos come\u00e7asse por apresentar a freguesia de \u00c1guas Santas e que mencionasse alguns locais de&hellip;","og_url":"https:\/\/maismagazine.pt\/index.php\/2024\/04\/25\/aguas-santas-terra-de-historia-e-progresso\/","og_site_name":"Mais Magazine","article_published_time":"2024-04-25T06:00:00+00:00","og_image":[{"width":1181,"height":1240,"url":"https:\/\/maismagazine.pt\/wp-content\/uploads\/2024\/04\/aguasSantas_logotipo_juntaFreguesia-1.png","type":"image\/png"}],"author":"Tatiana Martins","twitter_card":"summary_large_image","twitter_misc":{"Escrito por":false,"Tempo estimado de leitura":"5 minutos"},"schema":{"@context":"https:\/\/schema.org","@graph":[{"@type":"Article","@id":"https:\/\/maismagazine.pt\/index.php\/2024\/04\/25\/aguas-santas-terra-de-historia-e-progresso\/#article","isPartOf":{"@id":"https:\/\/maismagazine.pt\/index.php\/2024\/04\/25\/aguas-santas-terra-de-historia-e-progresso\/"},"author":{"name":"Tatiana Martins","@id":"https:\/\/maismagazine.pt\/#\/schema\/person\/7426e2caeb8df32a1b56aa48dae778c9"},"headline":"\u00c1guas Santas, terra de hist\u00f3ria e progresso","datePublished":"2024-04-25T06:00:00+00:00","mainEntityOfPage":{"@id":"https:\/\/maismagazine.pt\/index.php\/2024\/04\/25\/aguas-santas-terra-de-historia-e-progresso\/"},"wordCount":772,"publisher":{"@id":"https:\/\/maismagazine.pt\/#organization"},"image":{"@id":"https:\/\/maismagazine.pt\/index.php\/2024\/04\/25\/aguas-santas-terra-de-historia-e-progresso\/#primaryimage"},"thumbnailUrl":"http:\/\/maismagazine.pt\/wp-content\/uploads\/2024\/04\/aguasSantas_logotipo_juntaFreguesia-1.png","keywords":["25 de abril","\u00c1guas Santas","Revolu\u00e7\u00e3o dos Cravos"],"articleSection":["Atualidade","Pol\u00edtica"],"inLanguage":"pt-PT"},{"@type":"WebPage","@id":"https:\/\/maismagazine.pt\/index.php\/2024\/04\/25\/aguas-santas-terra-de-historia-e-progresso\/","url":"https:\/\/maismagazine.pt\/index.php\/2024\/04\/25\/aguas-santas-terra-de-historia-e-progresso\/","name":"\u00c1guas Santas, terra de hist\u00f3ria e progresso - Mais Magazine","isPartOf":{"@id":"https:\/\/maismagazine.pt\/#website"},"primaryImageOfPage":{"@id":"https:\/\/maismagazine.pt\/index.php\/2024\/04\/25\/aguas-santas-terra-de-historia-e-progresso\/#primaryimage"},"image":{"@id":"https:\/\/maismagazine.pt\/index.php\/2024\/04\/25\/aguas-santas-terra-de-historia-e-progresso\/#primaryimage"},"thumbnailUrl":"http:\/\/maismagazine.pt\/wp-content\/uploads\/2024\/04\/aguasSantas_logotipo_juntaFreguesia-1.png","datePublished":"2024-04-25T06:00:00+00:00","breadcrumb":{"@id":"https:\/\/maismagazine.pt\/index.php\/2024\/04\/25\/aguas-santas-terra-de-historia-e-progresso\/#breadcrumb"},"inLanguage":"pt-PT","potentialAction":[{"@type":"ReadAction","target":["https:\/\/maismagazine.pt\/index.php\/2024\/04\/25\/aguas-santas-terra-de-historia-e-progresso\/"]}]},{"@type":"ImageObject","inLanguage":"pt-PT","@id":"https:\/\/maismagazine.pt\/index.php\/2024\/04\/25\/aguas-santas-terra-de-historia-e-progresso\/#primaryimage","url":"http:\/\/maismagazine.pt\/wp-content\/uploads\/2024\/04\/aguasSantas_logotipo_juntaFreguesia-1.png","contentUrl":"http:\/\/maismagazine.pt\/wp-content\/uploads\/2024\/04\/aguasSantas_logotipo_juntaFreguesia-1.png","width":1181,"height":1240},{"@type":"BreadcrumbList","@id":"https:\/\/maismagazine.pt\/index.php\/2024\/04\/25\/aguas-santas-terra-de-historia-e-progresso\/#breadcrumb","itemListElement":[{"@type":"ListItem","position":1,"name":"Home","item":"https:\/\/maismagazine.pt\/"},{"@type":"ListItem","position":2,"name":"\u00c1guas Santas, terra de hist\u00f3ria e progresso"}]},{"@type":"WebSite","@id":"https:\/\/maismagazine.pt\/#website","url":"https:\/\/maismagazine.pt\/","name":"Mais Magazine","description":"","publisher":{"@id":"https:\/\/maismagazine.pt\/#organization"},"potentialAction":[{"@type":"SearchAction","target":{"@type":"EntryPoint","urlTemplate":"https:\/\/maismagazine.pt\/?s={search_term_string}"},"query-input":{"@type":"PropertyValueSpecification","valueRequired":true,"valueName":"search_term_string"}}],"inLanguage":"pt-PT"},{"@type":"Organization","@id":"https:\/\/maismagazine.pt\/#organization","name":"Mais Magazine","url":"https:\/\/maismagazine.pt\/","logo":{"@type":"ImageObject","inLanguage":"pt-PT","@id":"https:\/\/maismagazine.pt\/#\/schema\/logo\/image\/","url":"http:\/\/maismagazine.pt\/wp-content\/uploads\/2020\/04\/cropped-cropped-mais-magazine-site-logo-2.png","contentUrl":"http:\/\/maismagazine.pt\/wp-content\/uploads\/2020\/04\/cropped-cropped-mais-magazine-site-logo-2.png","width":581,"height":90,"caption":"Mais Magazine"},"image":{"@id":"https:\/\/maismagazine.pt\/#\/schema\/logo\/image\/"}},{"@type":"Person","@id":"https:\/\/maismagazine.pt\/#\/schema\/person\/7426e2caeb8df32a1b56aa48dae778c9","name":"Tatiana Martins","image":{"@type":"ImageObject","inLanguage":"pt-PT","@id":"https:\/\/maismagazine.pt\/#\/schema\/person\/image\/","url":"https:\/\/secure.gravatar.com\/avatar\/4b24a57f5d0425f2eb20981c4b53244e?s=96&d=mm&r=g","contentUrl":"https:\/\/secure.gravatar.com\/avatar\/4b24a57f5d0425f2eb20981c4b53244e?s=96&d=mm&r=g","caption":"Tatiana Martins"},"url":"http:\/\/maismagazine.pt\/index.php\/author\/tatiana\/"}]}},"author_meta":{"display_name":false,"author_link":"http:\/\/maismagazine.pt\/index.php\/author\/tatiana\/"},"featured_img":"http:\/\/maismagazine.pt\/wp-content\/uploads\/2024\/04\/aguasSantas_logotipo_juntaFreguesia-1-286x300.png","coauthors":[],"tax_additional":{"categories":{"linked":["<a href=\"http:\/\/maismagazine.pt\/index.php\/category\/atualidade\/\" class=\"advgb-post-tax-term\">Atualidade<\/a>","<a href=\"http:\/\/maismagazine.pt\/index.php\/category\/politica\/\" class=\"advgb-post-tax-term\">Pol\u00edtica<\/a>"],"unlinked":["<span class=\"advgb-post-tax-term\">Atualidade<\/span>","<span class=\"advgb-post-tax-term\">Pol\u00edtica<\/span>"]},"tags":{"linked":["<a href=\"http:\/\/maismagazine.pt\/index.php\/category\/politica\/\" class=\"advgb-post-tax-term\">25 de abril<\/a>","<a href=\"http:\/\/maismagazine.pt\/index.php\/category\/politica\/\" class=\"advgb-post-tax-term\">\u00c1guas Santas<\/a>","<a href=\"http:\/\/maismagazine.pt\/index.php\/category\/politica\/\" class=\"advgb-post-tax-term\">Revolu\u00e7\u00e3o dos Cravos<\/a>"],"unlinked":["<span class=\"advgb-post-tax-term\">25 de abril<\/span>","<span class=\"advgb-post-tax-term\">\u00c1guas Santas<\/span>","<span class=\"advgb-post-tax-term\">Revolu\u00e7\u00e3o dos Cravos<\/span>"]}},"comment_count":"0","relative_dates":{"created":"Posted 2 anos ago","modified":"Updated 2 anos ago"},"absolute_dates":{"created":"Posted on 25 de Abril, 2024","modified":"Updated on 22 de Abril, 2024"},"absolute_dates_time":{"created":"Posted on 25 de Abril, 2024 7:00","modified":"Updated on 22 de Abril, 2024 16:28"},"featured_img_caption":"","series_order":"","_links":{"self":[{"href":"http:\/\/maismagazine.pt\/index.php\/wp-json\/wp\/v2\/posts\/9505","targetHints":{"allow":["GET"]}}],"collection":[{"href":"http:\/\/maismagazine.pt\/index.php\/wp-json\/wp\/v2\/posts"}],"about":[{"href":"http:\/\/maismagazine.pt\/index.php\/wp-json\/wp\/v2\/types\/post"}],"author":[{"embeddable":true,"href":"http:\/\/maismagazine.pt\/index.php\/wp-json\/wp\/v2\/users\/18"}],"replies":[{"embeddable":true,"href":"http:\/\/maismagazine.pt\/index.php\/wp-json\/wp\/v2\/comments?post=9505"}],"version-history":[{"count":1,"href":"http:\/\/maismagazine.pt\/index.php\/wp-json\/wp\/v2\/posts\/9505\/revisions"}],"predecessor-version":[{"id":9514,"href":"http:\/\/maismagazine.pt\/index.php\/wp-json\/wp\/v2\/posts\/9505\/revisions\/9514"}],"wp:featuredmedia":[{"embeddable":true,"href":"http:\/\/maismagazine.pt\/index.php\/wp-json\/wp\/v2\/media\/9511"}],"wp:attachment":[{"href":"http:\/\/maismagazine.pt\/index.php\/wp-json\/wp\/v2\/media?parent=9505"}],"wp:term":[{"taxonomy":"category","embeddable":true,"href":"http:\/\/maismagazine.pt\/index.php\/wp-json\/wp\/v2\/categories?post=9505"},{"taxonomy":"post_tag","embeddable":true,"href":"http:\/\/maismagazine.pt\/index.php\/wp-json\/wp\/v2\/tags?post=9505"}],"curies":[{"name":"wp","href":"https:\/\/api.w.org\/{rel}","templated":true}]}}