{"id":9492,"date":"2024-04-25T07:00:00","date_gmt":"2024-04-25T06:00:00","guid":{"rendered":"https:\/\/maismagazine.pt\/?p=9492"},"modified":"2024-04-22T16:21:05","modified_gmt":"2024-04-22T15:21:05","slug":"quando-o-bacalhau-leva-a-gastronomia-portuguesa-ao-brasil","status":"publish","type":"post","link":"http:\/\/maismagazine.pt\/index.php\/2024\/04\/25\/quando-o-bacalhau-leva-a-gastronomia-portuguesa-ao-brasil\/","title":{"rendered":"Quando o bacalhau leva a gastronomia portuguesa ao Brasil"},"content":{"rendered":"\n<p><strong>Desde a sua inaugura\u00e7\u00e3o em fevereiro de 2010, o restaurante <a href=\"http:\/\/www.restaurantebacalhau.com\">D\u2019Bacalhau<\/a>, com os seus pratos t\u00edpicos da cozinha portuguesa, tem feito sucesso, sobretudo entre os turistas. Por\u00e9m, o reconhecimento do Chef J\u00falio Fernandes vai al\u00e9m-fronteiras. Basta olharmos para as suas recentes participa\u00e7\u00f5es em programas televisivos brasileiros, nomeadamente no \u201cMais Voc\u00ea\u201d, apresentado por Ana Maria Braga. As suas colabora\u00e7\u00f5es em diferentes cidades brasileiras e parcerias com renomados chefs locais solidificaram a sua posi\u00e7\u00e3o enquanto embaixador da gastronomia portuguesa no maior pa\u00eds sul-americano. <\/strong><\/p>\n\n\n\n<p><\/p>\n\n\n\n<p>Fevereiro de 2010 \u00e9 a data que marca o arranque de um projeto que tem feito as del\u00edcias dos seus visitantes. Foi por essa altura que Henrique Fernandes tomou a decis\u00e3o de inaugurar o seu pr\u00f3prio restaurante, o D\u2019Bacalhau que, tal como o nome indica, \u00e9 especializado em pratos tradicionais de bacalhau da cozinha portuguesa. Posteriormente, o seu pai, Chef J\u00falio Fernandes, optou por juntar-se \u00e0 equipa. Este espa\u00e7o beneficia de uma localiza\u00e7\u00e3o privilegiada, tendo em conta que se situa no Parque das Na\u00e7\u00f5es, em Lisboa. \u201cUma das nossas maiores vantagens \u00e9 a proximidade relativamente ao Ocean\u00e1rio de Lisboa que tem liga\u00e7\u00e3o, atrav\u00e9s do telef\u00e9rico, \u00e0 zona dos restaurantes\u201d, come\u00e7a por dizer o Chef J\u00falio, acrescentando ainda que \u201co D\u2019Bacalhau \u00e9 um dos locais mais visitados pelos turistas que pretendem conhecer a t\u00e3o afamada gastronomia portuguesa\u201d. Do ponto de vista do Chef J\u00falio Fernandes, o \u00eaxito deste estabelecimento est\u00e1 intrinsecamente ligado ao seu quadro de funcion\u00e1rios, predominantemente composto por colaboradores de nacionalidade brasileira. A cordialidade destes profissionais garante que os turistas que frequentam o D\u2019Bacalhau se sintam plenamente satisfeitos, tendo a perce\u00e7\u00e3o de que receberam um servi\u00e7o de qualidade e foram atendidos de forma exemplar. <\/p>\n\n\n\n<p><\/p>\n\n\n\n<p><strong>As melhoras pataniscas de Lisboa<\/strong><\/p>\n\n\n\n<p>A ementa do D\u2019Bacalhau \u00e9 composta por um extenso leque de pratos de bacalhau, entre os quais, o Misto de Bacalhau. Falamos de um prato \u00fanico no mundo, servido numa travessa grande, constitu\u00edda por 4 pequenos pratos que cont\u00eam Bacalhau \u00e0 Br\u00e1s, Bacalhau \u00e0 Lagareiro, Bacalhau com Natas, bem como o famoso Bacalhau \u00e0 Chef J\u00falio. No entanto, \u00e9 de salientar um outro prato que tem sido alvo de muita procura: as famosas Pataniscas de Bacalhau. Na sua segunda edi\u00e7\u00e3o, o festival \u201cPeixe em Lisboa\u201d, o maior festival gastron\u00f3mico da regi\u00e3o, elegeu as Pataniscas de Bacalhau do D\u2019Bacalhau como as melhores da capital. Ora, para a obten\u00e7\u00e3o deste t\u00edtulo muito ter\u00e3o contribu\u00eddo fatores como o sabor e a consist\u00eancia da patanisca, a aus\u00eancia de gorduras, a apar\u00eancia e o sabor global deste prato. Ainda assim, para o Chef J\u00falio, o verdadeiro segredo para a confe\u00e7\u00e3o da melhor patanisca de Lisboa prende-se com o facto de se manter fiel \u00e0 tradi\u00e7\u00e3o da confe\u00e7\u00e3o de uma boa e tradicional patanisca portuguesa. <\/p>\n\n\n<div class=\"wp-block-image\">\n<figure class=\"aligncenter size-large is-resized\"><img loading=\"lazy\" decoding=\"async\" width=\"1024\" height=\"630\" src=\"https:\/\/maismagazine.pt\/wp-content\/uploads\/2024\/04\/WhatsApp-Image-2024-04-02-at-09.37.55-1024x630.jpeg\" alt=\"\" class=\"wp-image-9493\" style=\"aspect-ratio:1.6253968253968254;width:354px;height:auto\" srcset=\"http:\/\/maismagazine.pt\/wp-content\/uploads\/2024\/04\/WhatsApp-Image-2024-04-02-at-09.37.55-1024x630.jpeg 1024w, http:\/\/maismagazine.pt\/wp-content\/uploads\/2024\/04\/WhatsApp-Image-2024-04-02-at-09.37.55-300x185.jpeg 300w, http:\/\/maismagazine.pt\/wp-content\/uploads\/2024\/04\/WhatsApp-Image-2024-04-02-at-09.37.55-768x473.jpeg 768w, http:\/\/maismagazine.pt\/wp-content\/uploads\/2024\/04\/WhatsApp-Image-2024-04-02-at-09.37.55-1536x946.jpeg 1536w, http:\/\/maismagazine.pt\/wp-content\/uploads\/2024\/04\/WhatsApp-Image-2024-04-02-at-09.37.55.jpeg 1600w\" sizes=\"auto, (max-width: 1024px) 100vw, 1024px\" \/><figcaption class=\"wp-element-caption\">Pataniscas premiadas<\/figcaption><\/figure><\/div>\n\n\n<p><\/p>\n\n\n\n<p><strong>Qualidade em cima da mesa<\/strong><\/p>\n\n\n\n<p>Para assegurar a excel\u00eancia dos pratos confecionados, o chef sublinha a import\u00e2ncia de uma sele\u00e7\u00e3o criteriosa da mat\u00e9ria-prima, a qual deve atender a padr\u00f5es elevados de qualidade. Nesse sentido, todo o bacalhau que \u00e9 utilizado no D\u2019Bacalhau \u00e9 proveniente da CAXAMAR, uma marca conceituada reconhecida por fornecer o mais refinado bacalhau das \u00e1guas da Noruega e Isl\u00e2ndia. Tal rigor na sele\u00e7\u00e3o da mat\u00e9ria-prima resulta na distin\u00e7\u00e3o e procura dos pratos oferecidos pelo D\u2019Bacalhau, tanto por clientes nacionais como estrangeiros. Anualmente, o restaurante recebe uma enchente de turistas, atra\u00eddos pelos elogios recebidos de visitantes anteriores. <\/p>\n\n\n\n<p><\/p>\n\n\n<div class=\"wp-block-image\">\n<figure class=\"aligncenter size-large is-resized\"><img loading=\"lazy\" decoding=\"async\" width=\"1024\" height=\"658\" src=\"https:\/\/maismagazine.pt\/wp-content\/uploads\/2024\/04\/WhatsApp-Image-2024-04-02-at-09.37.55-1-1024x658.jpeg\" alt=\"\" class=\"wp-image-9494\" style=\"aspect-ratio:1.5562310030395137;width:341px;height:auto\" srcset=\"http:\/\/maismagazine.pt\/wp-content\/uploads\/2024\/04\/WhatsApp-Image-2024-04-02-at-09.37.55-1-1024x658.jpeg 1024w, http:\/\/maismagazine.pt\/wp-content\/uploads\/2024\/04\/WhatsApp-Image-2024-04-02-at-09.37.55-1-300x193.jpeg 300w, http:\/\/maismagazine.pt\/wp-content\/uploads\/2024\/04\/WhatsApp-Image-2024-04-02-at-09.37.55-1-768x493.jpeg 768w, http:\/\/maismagazine.pt\/wp-content\/uploads\/2024\/04\/WhatsApp-Image-2024-04-02-at-09.37.55-1-1536x987.jpeg 1536w, http:\/\/maismagazine.pt\/wp-content\/uploads\/2024\/04\/WhatsApp-Image-2024-04-02-at-09.37.55-1.jpeg 1600w\" sizes=\"auto, (max-width: 1024px) 100vw, 1024px\" \/><figcaption class=\"wp-element-caption\">Chef J\u00falio com apresentadora do programa \u201cComer Bem\u201d, da TV Verdes Mares<\/figcaption><\/figure><\/div>\n\n\n<p><\/p>\n\n\n\n<p><strong>As conquistas do Chefe J\u00falio Fernandes no Brasil<\/strong><\/p>\n\n\n\n<p>Nos \u00faltimos seis meses, o Chef J\u00falio Fernandes foi convidado a apresentar pratos de bacalhau em programas televisivos ao vivo no Brasil, incluindo participa\u00e7\u00f5es no renomado programa \u201cMais Voc\u00ea\u201d, sediado no Rio de Janeiro e conduzido por Ana Maria Braga, uma das personalidades mais conceituadas do pa\u00eds. Contudo, a presen\u00e7a do chef em programas televisivos estendeu-se a outras cidades brasileiras, entre as quais, S\u00e3o Paulo e Fortaleza. Al\u00e9m disso, esteve no CADEG, Mercado Municipal do Rio de Janeiro, onde apresentou alguns pratos t\u00edpicos portugueses como o Bacalhau \u00e0 Gomes de S\u00e1, o Bacalhau \u00e0 Br\u00e1s e as Pataniscas de Bacalhau ou outras cria\u00e7\u00f5es da sua autoria, das quais se destacam o Bacalhau \u00e0 Chef J\u00falio (confecionado com espinafres e broa) e o especial\u00edssimo Bacalhau Tropical. O Chef J\u00falio Fernandes colaborou ainda com diversas escolas de gastronomia e restaurantes, tendo a oportunidade de preparar alguns pratos portugueses em parceria com reconhecidos chefs brasileiros, incluindo Carla Pernambuco, Diogo Costa, V\u00edtor, Jo\u00e3o Almeida, Fl\u00e1vio, Ana, C\u00e9lia, Camila e Fernanda Amaral. Em conclus\u00e3o, as Pataniscas de Bacalhau e os Past\u00e9is do fiel-amigo t\u00eam-se destacado como as principais atra\u00e7\u00f5es gastron\u00f3micas em todas as localidades em que o Chef J\u00falio Fernandes tem marcado presen\u00e7a. Se estiver pela capital, aproveite para visitar o D\u2019Bacalhau e ficar a conhecer um dos chefs mais prestigiados do pa\u00eds e provar os seus pratos que s\u00e3o de \u201ccomer e chorar por mais\u201d. Caso n\u00e3o tenha essa possibilidade, pode acompanhar o seu trabalho atrav\u00e9s das redes sociais, onde s\u00e3o transmitidas todas as atividades realizadas por ele, nomeadamente nas Terras de Vera Cruz, onde o chef \u00e9 o grande embaixador da gastronomia portuguesa. <\/p>\n\n\n\n<p><\/p>\n\n\n<div class=\"wp-block-image\">\n<figure class=\"aligncenter size-full is-resized\"><img loading=\"lazy\" decoding=\"async\" width=\"960\" height=\"679\" src=\"https:\/\/maismagazine.pt\/wp-content\/uploads\/2024\/04\/Imagem-WhatsApp-2023-11-02-as-10.45.55_fe09500b.jpg\" alt=\"\" class=\"wp-image-9495\" style=\"aspect-ratio:1.4138438880706923;width:336px;height:auto\" srcset=\"http:\/\/maismagazine.pt\/wp-content\/uploads\/2024\/04\/Imagem-WhatsApp-2023-11-02-as-10.45.55_fe09500b.jpg 960w, http:\/\/maismagazine.pt\/wp-content\/uploads\/2024\/04\/Imagem-WhatsApp-2023-11-02-as-10.45.55_fe09500b-300x212.jpg 300w, http:\/\/maismagazine.pt\/wp-content\/uploads\/2024\/04\/Imagem-WhatsApp-2023-11-02-as-10.45.55_fe09500b-768x543.jpg 768w\" sizes=\"auto, (max-width: 960px) 100vw, 960px\" \/><\/figure><\/div>","protected":false},"excerpt":{"rendered":"<p>Desde a sua inaugura\u00e7\u00e3o em fevereiro de 2010, o restaurante D\u2019Bacalhau, com os seus pratos t\u00edpicos da cozinha portuguesa, tem feito sucesso, sobretudo entre os turistas. Por\u00e9m, o reconhecimento do Chef J\u00falio Fernandes vai al\u00e9m-fronteiras. Basta olharmos para as suas recentes participa\u00e7\u00f5es em programas televisivos brasileiros, nomeadamente no \u201cMais Voc\u00ea\u201d,&hellip;<\/p>\n","protected":false},"author":17,"featured_media":9497,"comment_status":"closed","ping_status":"open","sticky":false,"template":"","format":"standard","meta":{"advgb_blocks_editor_width":"","advgb_blocks_columns_visual_guide":"","_monsterinsights_skip_tracking":false,"_monsterinsights_sitenote_active":false,"_monsterinsights_sitenote_note":"","_monsterinsights_sitenote_category":0,"footnotes":""},"categories":[53],"tags":[1968],"class_list":["post-9492","post","type-post","status-publish","format-standard","has-post-thumbnail","hentry","category-turismo-restaurantes","tag-dbacalhau-2"],"yoast_head":"<!-- This site is optimized with the Yoast SEO plugin v24.4 - https:\/\/yoast.com\/wordpress\/plugins\/seo\/ -->\n<title>Quando o bacalhau leva a gastronomia portuguesa ao Brasil - Mais Magazine<\/title>\n<meta name=\"description\" content=\"Desde a sua inaugura\u00e7\u00e3o em fevereiro de 2010, o restaurante D\u2019Bacalhau, com os seus pratos t\u00edpicos da cozinha portuguesa, tem feito sucesso, sobretudo entre os turistas. Por\u00e9m, o reconhecimento do Chef J\u00falio Fernandes vai al\u00e9m-fronteiras. Basta olharmos para as suas recentes participa\u00e7\u00f5es em programas televisivos brasileiros, nomeadamente no \u201cMais Voc\u00ea\u201d, apresentado por Ana Maria Braga. As suas colabora\u00e7\u00f5es em diferentes cidades brasileiras e parcerias com renomados chefs locais solidificaram a sua posi\u00e7\u00e3o enquanto embaixador da gastronomia portuguesa no maior pa\u00eds sul-americano.\" \/>\n<meta name=\"robots\" content=\"index, follow, max-snippet:-1, max-image-preview:large, max-video-preview:-1\" \/>\n<link rel=\"canonical\" href=\"http:\/\/maismagazine.pt\/index.php\/2024\/04\/25\/quando-o-bacalhau-leva-a-gastronomia-portuguesa-ao-brasil\/\" \/>\n<meta property=\"og:locale\" content=\"pt_PT\" \/>\n<meta property=\"og:type\" content=\"article\" \/>\n<meta property=\"og:title\" content=\"Quando o bacalhau leva a gastronomia portuguesa ao Brasil - Mais Magazine\" \/>\n<meta property=\"og:description\" content=\"Desde a sua inaugura\u00e7\u00e3o em fevereiro de 2010, o restaurante D\u2019Bacalhau, com os seus pratos t\u00edpicos da cozinha portuguesa, tem feito sucesso, sobretudo entre os turistas. Por\u00e9m, o reconhecimento do Chef J\u00falio Fernandes vai al\u00e9m-fronteiras. Basta olharmos para as suas recentes participa\u00e7\u00f5es em programas televisivos brasileiros, nomeadamente no \u201cMais Voc\u00ea\u201d, apresentado por Ana Maria Braga. As suas colabora\u00e7\u00f5es em diferentes cidades brasileiras e parcerias com renomados chefs locais solidificaram a sua posi\u00e7\u00e3o enquanto embaixador da gastronomia portuguesa no maior pa\u00eds sul-americano.\" \/>\n<meta property=\"og:url\" content=\"http:\/\/maismagazine.pt\/index.php\/2024\/04\/25\/quando-o-bacalhau-leva-a-gastronomia-portuguesa-ao-brasil\/\" \/>\n<meta property=\"og:site_name\" content=\"Mais Magazine\" \/>\n<meta property=\"article:published_time\" content=\"2024-04-25T06:00:00+00:00\" \/>\n<meta property=\"og:image\" content=\"http:\/\/maismagazine.pt\/wp-content\/uploads\/2024\/04\/pim-2-1.jpg\" \/>\n\t<meta property=\"og:image:width\" content=\"429\" \/>\n\t<meta property=\"og:image:height\" content=\"645\" \/>\n\t<meta property=\"og:image:type\" content=\"image\/jpeg\" \/>\n<meta name=\"author\" content=\"Tiago Costa\" \/>\n<meta name=\"twitter:card\" content=\"summary_large_image\" \/>\n<meta name=\"twitter:label1\" content=\"Escrito por\" \/>\n\t<meta name=\"twitter:data1\" content=\"\" \/>\n\t<meta name=\"twitter:label2\" content=\"Tempo estimado de leitura\" \/>\n\t<meta name=\"twitter:data2\" content=\"6 minutos\" \/>\n<script type=\"application\/ld+json\" class=\"yoast-schema-graph\">{\"@context\":\"https:\/\/schema.org\",\"@graph\":[{\"@type\":\"Article\",\"@id\":\"http:\/\/maismagazine.pt\/index.php\/2024\/04\/25\/quando-o-bacalhau-leva-a-gastronomia-portuguesa-ao-brasil\/#article\",\"isPartOf\":{\"@id\":\"http:\/\/maismagazine.pt\/index.php\/2024\/04\/25\/quando-o-bacalhau-leva-a-gastronomia-portuguesa-ao-brasil\/\"},\"author\":{\"name\":\"Tiago Costa\",\"@id\":\"http:\/\/maismagazine.pt\/#\/schema\/person\/c6c5bfccc886434cbd11c74e035f9646\"},\"headline\":\"Quando o bacalhau leva a gastronomia portuguesa ao Brasil\",\"datePublished\":\"2024-04-25T06:00:00+00:00\",\"mainEntityOfPage\":{\"@id\":\"http:\/\/maismagazine.pt\/index.php\/2024\/04\/25\/quando-o-bacalhau-leva-a-gastronomia-portuguesa-ao-brasil\/\"},\"wordCount\":923,\"publisher\":{\"@id\":\"http:\/\/maismagazine.pt\/#organization\"},\"image\":{\"@id\":\"http:\/\/maismagazine.pt\/index.php\/2024\/04\/25\/quando-o-bacalhau-leva-a-gastronomia-portuguesa-ao-brasil\/#primaryimage\"},\"thumbnailUrl\":\"http:\/\/maismagazine.pt\/wp-content\/uploads\/2024\/04\/pim-2-1.jpg\",\"keywords\":[\"D`Bacalhau\"],\"articleSection\":[\"Turismo | Vinhos | Gastronomia\"],\"inLanguage\":\"pt-PT\"},{\"@type\":\"WebPage\",\"@id\":\"http:\/\/maismagazine.pt\/index.php\/2024\/04\/25\/quando-o-bacalhau-leva-a-gastronomia-portuguesa-ao-brasil\/\",\"url\":\"http:\/\/maismagazine.pt\/index.php\/2024\/04\/25\/quando-o-bacalhau-leva-a-gastronomia-portuguesa-ao-brasil\/\",\"name\":\"Quando o bacalhau leva a gastronomia portuguesa ao Brasil - Mais Magazine\",\"isPartOf\":{\"@id\":\"http:\/\/maismagazine.pt\/#website\"},\"primaryImageOfPage\":{\"@id\":\"http:\/\/maismagazine.pt\/index.php\/2024\/04\/25\/quando-o-bacalhau-leva-a-gastronomia-portuguesa-ao-brasil\/#primaryimage\"},\"image\":{\"@id\":\"http:\/\/maismagazine.pt\/index.php\/2024\/04\/25\/quando-o-bacalhau-leva-a-gastronomia-portuguesa-ao-brasil\/#primaryimage\"},\"thumbnailUrl\":\"http:\/\/maismagazine.pt\/wp-content\/uploads\/2024\/04\/pim-2-1.jpg\",\"datePublished\":\"2024-04-25T06:00:00+00:00\",\"description\":\"Desde a sua inaugura\u00e7\u00e3o em fevereiro de 2010, o restaurante D\u2019Bacalhau, com os seus pratos t\u00edpicos da cozinha portuguesa, tem feito sucesso, sobretudo entre os turistas. Por\u00e9m, o reconhecimento do Chef J\u00falio Fernandes vai al\u00e9m-fronteiras. Basta olharmos para as suas recentes participa\u00e7\u00f5es em programas televisivos brasileiros, nomeadamente no \u201cMais Voc\u00ea\u201d, apresentado por Ana Maria Braga. As suas colabora\u00e7\u00f5es em diferentes cidades brasileiras e parcerias com renomados chefs locais solidificaram a sua posi\u00e7\u00e3o enquanto embaixador da gastronomia portuguesa no maior pa\u00eds sul-americano.\",\"breadcrumb\":{\"@id\":\"http:\/\/maismagazine.pt\/index.php\/2024\/04\/25\/quando-o-bacalhau-leva-a-gastronomia-portuguesa-ao-brasil\/#breadcrumb\"},\"inLanguage\":\"pt-PT\",\"potentialAction\":[{\"@type\":\"ReadAction\",\"target\":[\"http:\/\/maismagazine.pt\/index.php\/2024\/04\/25\/quando-o-bacalhau-leva-a-gastronomia-portuguesa-ao-brasil\/\"]}]},{\"@type\":\"ImageObject\",\"inLanguage\":\"pt-PT\",\"@id\":\"http:\/\/maismagazine.pt\/index.php\/2024\/04\/25\/quando-o-bacalhau-leva-a-gastronomia-portuguesa-ao-brasil\/#primaryimage\",\"url\":\"http:\/\/maismagazine.pt\/wp-content\/uploads\/2024\/04\/pim-2-1.jpg\",\"contentUrl\":\"http:\/\/maismagazine.pt\/wp-content\/uploads\/2024\/04\/pim-2-1.jpg\",\"width\":429,\"height\":645},{\"@type\":\"BreadcrumbList\",\"@id\":\"http:\/\/maismagazine.pt\/index.php\/2024\/04\/25\/quando-o-bacalhau-leva-a-gastronomia-portuguesa-ao-brasil\/#breadcrumb\",\"itemListElement\":[{\"@type\":\"ListItem\",\"position\":1,\"name\":\"Home\",\"item\":\"http:\/\/maismagazine.pt\/\"},{\"@type\":\"ListItem\",\"position\":2,\"name\":\"Quando o bacalhau leva a gastronomia portuguesa ao Brasil\"}]},{\"@type\":\"WebSite\",\"@id\":\"http:\/\/maismagazine.pt\/#website\",\"url\":\"http:\/\/maismagazine.pt\/\",\"name\":\"Mais Magazine\",\"description\":\"\",\"publisher\":{\"@id\":\"http:\/\/maismagazine.pt\/#organization\"},\"potentialAction\":[{\"@type\":\"SearchAction\",\"target\":{\"@type\":\"EntryPoint\",\"urlTemplate\":\"http:\/\/maismagazine.pt\/?s={search_term_string}\"},\"query-input\":{\"@type\":\"PropertyValueSpecification\",\"valueRequired\":true,\"valueName\":\"search_term_string\"}}],\"inLanguage\":\"pt-PT\"},{\"@type\":\"Organization\",\"@id\":\"http:\/\/maismagazine.pt\/#organization\",\"name\":\"Mais Magazine\",\"url\":\"http:\/\/maismagazine.pt\/\",\"logo\":{\"@type\":\"ImageObject\",\"inLanguage\":\"pt-PT\",\"@id\":\"http:\/\/maismagazine.pt\/#\/schema\/logo\/image\/\",\"url\":\"http:\/\/maismagazine.pt\/wp-content\/uploads\/2020\/04\/cropped-cropped-mais-magazine-site-logo-2.png\",\"contentUrl\":\"http:\/\/maismagazine.pt\/wp-content\/uploads\/2020\/04\/cropped-cropped-mais-magazine-site-logo-2.png\",\"width\":581,\"height\":90,\"caption\":\"Mais Magazine\"},\"image\":{\"@id\":\"http:\/\/maismagazine.pt\/#\/schema\/logo\/image\/\"}},{\"@type\":\"Person\",\"@id\":\"http:\/\/maismagazine.pt\/#\/schema\/person\/c6c5bfccc886434cbd11c74e035f9646\",\"name\":\"Tiago Costa\",\"image\":{\"@type\":\"ImageObject\",\"inLanguage\":\"pt-PT\",\"@id\":\"http:\/\/maismagazine.pt\/#\/schema\/person\/image\/\",\"url\":\"https:\/\/secure.gravatar.com\/avatar\/c599b2bce16c9870429198cbad5ee022?s=96&d=mm&r=g\",\"contentUrl\":\"https:\/\/secure.gravatar.com\/avatar\/c599b2bce16c9870429198cbad5ee022?s=96&d=mm&r=g\",\"caption\":\"Tiago Costa\"},\"url\":\"http:\/\/maismagazine.pt\/index.php\/author\/tiago\/\"}]}<\/script>\n<!-- \/ Yoast SEO plugin. -->","yoast_head_json":{"title":"Quando o bacalhau leva a gastronomia portuguesa ao Brasil - Mais Magazine","description":"Desde a sua inaugura\u00e7\u00e3o em fevereiro de 2010, o restaurante D\u2019Bacalhau, com os seus pratos t\u00edpicos da cozinha portuguesa, tem feito sucesso, sobretudo entre os turistas. Por\u00e9m, o reconhecimento do Chef J\u00falio Fernandes vai al\u00e9m-fronteiras. Basta olharmos para as suas recentes participa\u00e7\u00f5es em programas televisivos brasileiros, nomeadamente no \u201cMais Voc\u00ea\u201d, apresentado por Ana Maria Braga. As suas colabora\u00e7\u00f5es em diferentes cidades brasileiras e parcerias com renomados chefs locais solidificaram a sua posi\u00e7\u00e3o enquanto embaixador da gastronomia portuguesa no maior pa\u00eds sul-americano.","robots":{"index":"index","follow":"follow","max-snippet":"max-snippet:-1","max-image-preview":"max-image-preview:large","max-video-preview":"max-video-preview:-1"},"canonical":"http:\/\/maismagazine.pt\/index.php\/2024\/04\/25\/quando-o-bacalhau-leva-a-gastronomia-portuguesa-ao-brasil\/","og_locale":"pt_PT","og_type":"article","og_title":"Quando o bacalhau leva a gastronomia portuguesa ao Brasil - Mais Magazine","og_description":"Desde a sua inaugura\u00e7\u00e3o em fevereiro de 2010, o restaurante D\u2019Bacalhau, com os seus pratos t\u00edpicos da cozinha portuguesa, tem feito sucesso, sobretudo entre os turistas. Por\u00e9m, o reconhecimento do Chef J\u00falio Fernandes vai al\u00e9m-fronteiras. Basta olharmos para as suas recentes participa\u00e7\u00f5es em programas televisivos brasileiros, nomeadamente no \u201cMais Voc\u00ea\u201d, apresentado por Ana Maria Braga. As suas colabora\u00e7\u00f5es em diferentes cidades brasileiras e parcerias com renomados chefs locais solidificaram a sua posi\u00e7\u00e3o enquanto embaixador da gastronomia portuguesa no maior pa\u00eds sul-americano.","og_url":"http:\/\/maismagazine.pt\/index.php\/2024\/04\/25\/quando-o-bacalhau-leva-a-gastronomia-portuguesa-ao-brasil\/","og_site_name":"Mais Magazine","article_published_time":"2024-04-25T06:00:00+00:00","og_image":[{"width":429,"height":645,"url":"http:\/\/maismagazine.pt\/wp-content\/uploads\/2024\/04\/pim-2-1.jpg","type":"image\/jpeg"}],"author":"Tiago Costa","twitter_card":"summary_large_image","twitter_misc":{"Escrito por":false,"Tempo estimado de leitura":"6 minutos"},"schema":{"@context":"https:\/\/schema.org","@graph":[{"@type":"Article","@id":"http:\/\/maismagazine.pt\/index.php\/2024\/04\/25\/quando-o-bacalhau-leva-a-gastronomia-portuguesa-ao-brasil\/#article","isPartOf":{"@id":"http:\/\/maismagazine.pt\/index.php\/2024\/04\/25\/quando-o-bacalhau-leva-a-gastronomia-portuguesa-ao-brasil\/"},"author":{"name":"Tiago Costa","@id":"http:\/\/maismagazine.pt\/#\/schema\/person\/c6c5bfccc886434cbd11c74e035f9646"},"headline":"Quando o bacalhau leva a gastronomia portuguesa ao Brasil","datePublished":"2024-04-25T06:00:00+00:00","mainEntityOfPage":{"@id":"http:\/\/maismagazine.pt\/index.php\/2024\/04\/25\/quando-o-bacalhau-leva-a-gastronomia-portuguesa-ao-brasil\/"},"wordCount":923,"publisher":{"@id":"http:\/\/maismagazine.pt\/#organization"},"image":{"@id":"http:\/\/maismagazine.pt\/index.php\/2024\/04\/25\/quando-o-bacalhau-leva-a-gastronomia-portuguesa-ao-brasil\/#primaryimage"},"thumbnailUrl":"http:\/\/maismagazine.pt\/wp-content\/uploads\/2024\/04\/pim-2-1.jpg","keywords":["D`Bacalhau"],"articleSection":["Turismo | Vinhos | Gastronomia"],"inLanguage":"pt-PT"},{"@type":"WebPage","@id":"http:\/\/maismagazine.pt\/index.php\/2024\/04\/25\/quando-o-bacalhau-leva-a-gastronomia-portuguesa-ao-brasil\/","url":"http:\/\/maismagazine.pt\/index.php\/2024\/04\/25\/quando-o-bacalhau-leva-a-gastronomia-portuguesa-ao-brasil\/","name":"Quando o bacalhau leva a gastronomia portuguesa ao Brasil - Mais Magazine","isPartOf":{"@id":"http:\/\/maismagazine.pt\/#website"},"primaryImageOfPage":{"@id":"http:\/\/maismagazine.pt\/index.php\/2024\/04\/25\/quando-o-bacalhau-leva-a-gastronomia-portuguesa-ao-brasil\/#primaryimage"},"image":{"@id":"http:\/\/maismagazine.pt\/index.php\/2024\/04\/25\/quando-o-bacalhau-leva-a-gastronomia-portuguesa-ao-brasil\/#primaryimage"},"thumbnailUrl":"http:\/\/maismagazine.pt\/wp-content\/uploads\/2024\/04\/pim-2-1.jpg","datePublished":"2024-04-25T06:00:00+00:00","description":"Desde a sua inaugura\u00e7\u00e3o em fevereiro de 2010, o restaurante D\u2019Bacalhau, com os seus pratos t\u00edpicos da cozinha portuguesa, tem feito sucesso, sobretudo entre os turistas. Por\u00e9m, o reconhecimento do Chef J\u00falio Fernandes vai al\u00e9m-fronteiras. Basta olharmos para as suas recentes participa\u00e7\u00f5es em programas televisivos brasileiros, nomeadamente no \u201cMais Voc\u00ea\u201d, apresentado por Ana Maria Braga. As suas colabora\u00e7\u00f5es em diferentes cidades brasileiras e parcerias com renomados chefs locais solidificaram a sua posi\u00e7\u00e3o enquanto embaixador da gastronomia portuguesa no maior pa\u00eds sul-americano.","breadcrumb":{"@id":"http:\/\/maismagazine.pt\/index.php\/2024\/04\/25\/quando-o-bacalhau-leva-a-gastronomia-portuguesa-ao-brasil\/#breadcrumb"},"inLanguage":"pt-PT","potentialAction":[{"@type":"ReadAction","target":["http:\/\/maismagazine.pt\/index.php\/2024\/04\/25\/quando-o-bacalhau-leva-a-gastronomia-portuguesa-ao-brasil\/"]}]},{"@type":"ImageObject","inLanguage":"pt-PT","@id":"http:\/\/maismagazine.pt\/index.php\/2024\/04\/25\/quando-o-bacalhau-leva-a-gastronomia-portuguesa-ao-brasil\/#primaryimage","url":"http:\/\/maismagazine.pt\/wp-content\/uploads\/2024\/04\/pim-2-1.jpg","contentUrl":"http:\/\/maismagazine.pt\/wp-content\/uploads\/2024\/04\/pim-2-1.jpg","width":429,"height":645},{"@type":"BreadcrumbList","@id":"http:\/\/maismagazine.pt\/index.php\/2024\/04\/25\/quando-o-bacalhau-leva-a-gastronomia-portuguesa-ao-brasil\/#breadcrumb","itemListElement":[{"@type":"ListItem","position":1,"name":"Home","item":"http:\/\/maismagazine.pt\/"},{"@type":"ListItem","position":2,"name":"Quando o bacalhau leva a gastronomia portuguesa ao Brasil"}]},{"@type":"WebSite","@id":"http:\/\/maismagazine.pt\/#website","url":"http:\/\/maismagazine.pt\/","name":"Mais Magazine","description":"","publisher":{"@id":"http:\/\/maismagazine.pt\/#organization"},"potentialAction":[{"@type":"SearchAction","target":{"@type":"EntryPoint","urlTemplate":"http:\/\/maismagazine.pt\/?s={search_term_string}"},"query-input":{"@type":"PropertyValueSpecification","valueRequired":true,"valueName":"search_term_string"}}],"inLanguage":"pt-PT"},{"@type":"Organization","@id":"http:\/\/maismagazine.pt\/#organization","name":"Mais Magazine","url":"http:\/\/maismagazine.pt\/","logo":{"@type":"ImageObject","inLanguage":"pt-PT","@id":"http:\/\/maismagazine.pt\/#\/schema\/logo\/image\/","url":"http:\/\/maismagazine.pt\/wp-content\/uploads\/2020\/04\/cropped-cropped-mais-magazine-site-logo-2.png","contentUrl":"http:\/\/maismagazine.pt\/wp-content\/uploads\/2020\/04\/cropped-cropped-mais-magazine-site-logo-2.png","width":581,"height":90,"caption":"Mais Magazine"},"image":{"@id":"http:\/\/maismagazine.pt\/#\/schema\/logo\/image\/"}},{"@type":"Person","@id":"http:\/\/maismagazine.pt\/#\/schema\/person\/c6c5bfccc886434cbd11c74e035f9646","name":"Tiago Costa","image":{"@type":"ImageObject","inLanguage":"pt-PT","@id":"http:\/\/maismagazine.pt\/#\/schema\/person\/image\/","url":"https:\/\/secure.gravatar.com\/avatar\/c599b2bce16c9870429198cbad5ee022?s=96&d=mm&r=g","contentUrl":"https:\/\/secure.gravatar.com\/avatar\/c599b2bce16c9870429198cbad5ee022?s=96&d=mm&r=g","caption":"Tiago Costa"},"url":"http:\/\/maismagazine.pt\/index.php\/author\/tiago\/"}]}},"author_meta":{"display_name":false,"author_link":"http:\/\/maismagazine.pt\/index.php\/author\/tiago\/"},"featured_img":"http:\/\/maismagazine.pt\/wp-content\/uploads\/2024\/04\/pim-2-1-200x300.jpg","coauthors":[],"tax_additional":{"categories":{"linked":["<a href=\"http:\/\/maismagazine.pt\/index.php\/category\/turismo-restaurantes\/\" class=\"advgb-post-tax-term\">Turismo | Vinhos | Gastronomia<\/a>"],"unlinked":["<span class=\"advgb-post-tax-term\">Turismo | Vinhos | Gastronomia<\/span>"]},"tags":{"linked":["<a href=\"http:\/\/maismagazine.pt\/index.php\/category\/turismo-restaurantes\/\" class=\"advgb-post-tax-term\">D`Bacalhau<\/a>"],"unlinked":["<span class=\"advgb-post-tax-term\">D`Bacalhau<\/span>"]}},"comment_count":"0","relative_dates":{"created":"Posted 2 anos ago","modified":"Updated 2 anos ago"},"absolute_dates":{"created":"Posted on 25 de Abril, 2024","modified":"Updated on 22 de Abril, 2024"},"absolute_dates_time":{"created":"Posted on 25 de Abril, 2024 7:00","modified":"Updated on 22 de Abril, 2024 16:21"},"featured_img_caption":"","series_order":"","_links":{"self":[{"href":"http:\/\/maismagazine.pt\/index.php\/wp-json\/wp\/v2\/posts\/9492","targetHints":{"allow":["GET"]}}],"collection":[{"href":"http:\/\/maismagazine.pt\/index.php\/wp-json\/wp\/v2\/posts"}],"about":[{"href":"http:\/\/maismagazine.pt\/index.php\/wp-json\/wp\/v2\/types\/post"}],"author":[{"embeddable":true,"href":"http:\/\/maismagazine.pt\/index.php\/wp-json\/wp\/v2\/users\/17"}],"replies":[{"embeddable":true,"href":"http:\/\/maismagazine.pt\/index.php\/wp-json\/wp\/v2\/comments?post=9492"}],"version-history":[{"count":2,"href":"http:\/\/maismagazine.pt\/index.php\/wp-json\/wp\/v2\/posts\/9492\/revisions"}],"predecessor-version":[{"id":9499,"href":"http:\/\/maismagazine.pt\/index.php\/wp-json\/wp\/v2\/posts\/9492\/revisions\/9499"}],"wp:featuredmedia":[{"embeddable":true,"href":"http:\/\/maismagazine.pt\/index.php\/wp-json\/wp\/v2\/media\/9497"}],"wp:attachment":[{"href":"http:\/\/maismagazine.pt\/index.php\/wp-json\/wp\/v2\/media?parent=9492"}],"wp:term":[{"taxonomy":"category","embeddable":true,"href":"http:\/\/maismagazine.pt\/index.php\/wp-json\/wp\/v2\/categories?post=9492"},{"taxonomy":"post_tag","embeddable":true,"href":"http:\/\/maismagazine.pt\/index.php\/wp-json\/wp\/v2\/tags?post=9492"}],"curies":[{"name":"wp","href":"https:\/\/api.w.org\/{rel}","templated":true}]}}