{"id":9461,"date":"2024-04-25T07:00:00","date_gmt":"2024-04-25T06:00:00","guid":{"rendered":"https:\/\/maismagazine.pt\/?p=9461"},"modified":"2024-04-22T15:53:48","modified_gmt":"2024-04-22T14:53:48","slug":"o-refugio-terapeutico-das-termas-da-ferraria","status":"publish","type":"post","link":"http:\/\/maismagazine.pt\/index.php\/2024\/04\/25\/o-refugio-terapeutico-das-termas-da-ferraria\/","title":{"rendered":"O ref\u00fagio terap\u00eautico das Termas da Ferraria"},"content":{"rendered":"\n<p><strong>Localizadas no extremo sudoeste da ilha de S\u00e3o Miguel, nos A\u00e7ores, as <a href=\"http:\/\/www.termasdaferraria.com\">Termas da Ferraria<\/a> t\u00eam uma hist\u00f3ria que remonta a meados do s\u00e9culo XX. Contudo, as suas qualidades terap\u00eauticas j\u00e1 haviam sido mencionadas pelo historiador Gaspar Frutuoso na obra \u201cSaudades da Terra\u201d. Combinando o calor das rochas vulc\u00e2nicas com a \u00e1gua do mar, este destino tornou-se um verdadeiro spa termal, oferecendo experi\u00eancias \u00fanicas e revitalizantes aos seus visitantes. <\/strong><\/p>\n\n\n\n<p><\/p>\n\n\n\n<p>\u00c0 beira-mar, no ponto mais extremo do sudoeste da ilha de S\u00e3o Miguel, nos A\u00e7ores, encontra-se o lugar encantador da Ferraria. Integrado no Monumento Natural Regional do Pico das Camarinhas e Ponta da Ferraria, este tesouro natural \u00e9 composto por v\u00e1rias estruturas de origem vulc\u00e2nica de um valor imensur\u00e1vel em termos paisag\u00edsticos e cient\u00edficos. Por\u00e9m, para al\u00e9m da sua beleza e interesse cient\u00edfico, \u00e9 de salientar outra grande riqueza: as duas nascentes de \u00e1guas termais de origem vulc\u00e2nica, que n\u00e3o s\u00f3 aquecem as piscinas naturais locais, como tamb\u00e9m abastecem o seu complexo termal. Com esta localiza\u00e7\u00e3o privilegiada, as Termas da Ferraria proporcionam aos seus visitantes banhos em mar aberto, numa fus\u00e3o de \u00e1gua salgada com \u00e1gua termal. O exotismo das Termas da Ferraria deve-se \u00e0s \u00e1guas de nascentes vulc\u00e2nicas que correm no subsolo (furos de 20 metros) a uma temperatura de 62\u00ba C. S\u00e3o necessariamente arrefecidas na mistura com \u00e1guas extra\u00eddas do mar que rondam os 20\u00ba C. Este prod\u00edgio \u00e9 mais um resultado da hist\u00f3ria de acidentes vulc\u00e2nicos que esculpiram a paisagem a\u00e7oriana. Acredita-se que a erup\u00e7\u00e3o que originou a Ferraria e fez crescer o cont\u00edguo Pico das Camarinhas &#8211; que antes ca\u00eda abruptamente sobre o mar &#8211; ocorreu por volta de 1140, ou seja, ainda antes de a ilha ser colonizada.  <\/p>\n\n\n\n<p><\/p>\n\n\n\n<p>Atualmente, as Termas da Ferraria oferecem uma variedade de servi\u00e7os centrados no termalismo, bem-estar, fisioterapia e est\u00e9tica. Consideradas um caso \u00fanico no mundo, as \u00e1guas termais da Ferraria s\u00e3o conhecidas por aliviar uma s\u00e9rie de condi\u00e7\u00f5es, desde problemas reum\u00e1ticos e nevrites at\u00e9 casos de psor\u00edase. Al\u00e9m dos tratamentos terap\u00eauticos, as Termas da Ferraria oferecem igualmente servi\u00e7os de organiza\u00e7\u00e3o de programas de team building e eventos empresariais e particulares. Com atividades indoor e outdoor, o complexo termal \u00e9 o local ideal para reuni\u00f5es ou at\u00e9 mesmo momentos de conv\u00edvio. Este local disp\u00f5e ainda de um restaurante com capacidade para cerca de 55 pessoas, cuja cozinha se baseia no conceito welness &amp; sensorial tasty food, e de um bar, um espa\u00e7o muito acolhedor, excelente para tomar um ch\u00e1 ou beber um bom vinho. Posto isto, se procura uma experi\u00eancia verdadeiramente relaxante, as Termas da Ferraria s\u00e3o uma escolha incompar\u00e1vel. Este cen\u00e1rio de fic\u00e7\u00e3o cient\u00edfica tem ainda mais encanto ao final do dia, quando o sol se p\u00f5e diretamente \u00e0 sua frente, criando uma atmosfera m\u00e1gica e memor\u00e1vel.  <\/p>\n\n\n\n<p><\/p>\n\n\n","protected":false},"excerpt":{"rendered":"<p>Localizadas no extremo sudoeste da ilha de S\u00e3o Miguel, nos A\u00e7ores, as Termas da Ferraria t\u00eam uma hist\u00f3ria que remonta a meados do s\u00e9culo XX. Contudo, as suas qualidades terap\u00eauticas j\u00e1 haviam sido mencionadas pelo historiador Gaspar Frutuoso na obra \u201cSaudades da Terra\u201d. Combinando o calor das rochas vulc\u00e2nicas com&hellip;<\/p>\n","protected":false},"author":17,"featured_media":9462,"comment_status":"closed","ping_status":"open","sticky":false,"template":"","format":"standard","meta":{"advgb_blocks_editor_width":"","advgb_blocks_columns_visual_guide":"","_monsterinsights_skip_tracking":false,"_monsterinsights_sitenote_active":false,"_monsterinsights_sitenote_note":"","_monsterinsights_sitenote_category":0,"footnotes":""},"categories":[53],"tags":[1964],"class_list":["post-9461","post","type-post","status-publish","format-standard","has-post-thumbnail","hentry","category-turismo-restaurantes","tag-termas-da-ferraria"],"yoast_head":"<!-- This site is optimized with the Yoast SEO plugin v24.4 - https:\/\/yoast.com\/wordpress\/plugins\/seo\/ -->\n<title>O ref\u00fagio terap\u00eautico das Termas da Ferraria - Mais Magazine<\/title>\n<meta name=\"description\" content=\"Localizadas no extremo sudoeste da ilha de S\u00e3o Miguel, nos A\u00e7ores, as Termas da Ferraria t\u00eam uma hist\u00f3ria que remonta a meados do s\u00e9culo XX. Contudo, as suas qualidades terap\u00eauticas j\u00e1 haviam sido mencionadas pelo historiador Gaspar Frutuoso na obra \u201cSaudades da Terra\u201d. Combinando o calor das rochas vulc\u00e2nicas com a \u00e1gua do mar, este destino tornou-se um verdadeiro spa termal, oferecendo experi\u00eancias \u00fanicas e revitalizantes aos seus visitantes.\" \/>\n<meta name=\"robots\" content=\"index, follow, max-snippet:-1, max-image-preview:large, max-video-preview:-1\" \/>\n<link rel=\"canonical\" href=\"https:\/\/maismagazine.pt\/index.php\/2024\/04\/25\/o-refugio-terapeutico-das-termas-da-ferraria\/\" \/>\n<meta property=\"og:locale\" content=\"pt_PT\" \/>\n<meta property=\"og:type\" content=\"article\" \/>\n<meta property=\"og:title\" content=\"O ref\u00fagio terap\u00eautico das Termas da Ferraria - Mais Magazine\" \/>\n<meta property=\"og:description\" content=\"Localizadas no extremo sudoeste da ilha de S\u00e3o Miguel, nos A\u00e7ores, as Termas da Ferraria t\u00eam uma hist\u00f3ria que remonta a meados do s\u00e9culo XX. Contudo, as suas qualidades terap\u00eauticas j\u00e1 haviam sido mencionadas pelo historiador Gaspar Frutuoso na obra \u201cSaudades da Terra\u201d. Combinando o calor das rochas vulc\u00e2nicas com a \u00e1gua do mar, este destino tornou-se um verdadeiro spa termal, oferecendo experi\u00eancias \u00fanicas e revitalizantes aos seus visitantes.\" \/>\n<meta property=\"og:url\" content=\"https:\/\/maismagazine.pt\/index.php\/2024\/04\/25\/o-refugio-terapeutico-das-termas-da-ferraria\/\" \/>\n<meta property=\"og:site_name\" content=\"Mais Magazine\" \/>\n<meta property=\"article:published_time\" content=\"2024-04-25T06:00:00+00:00\" \/>\n<meta property=\"og:image\" content=\"https:\/\/maismagazine.pt\/wp-content\/uploads\/2024\/04\/279242147_7369899089718351_7493715335068058690_n.jpg\" \/>\n\t<meta property=\"og:image:width\" content=\"1201\" \/>\n\t<meta property=\"og:image:height\" content=\"959\" \/>\n\t<meta property=\"og:image:type\" content=\"image\/jpeg\" \/>\n<meta name=\"author\" content=\"Tiago Costa\" \/>\n<meta name=\"twitter:card\" content=\"summary_large_image\" \/>\n<meta name=\"twitter:label1\" content=\"Escrito por\" \/>\n\t<meta name=\"twitter:data1\" content=\"\" \/>\n\t<meta name=\"twitter:label2\" content=\"Tempo estimado de leitura\" \/>\n\t<meta name=\"twitter:data2\" content=\"3 minutos\" \/>\n<script type=\"application\/ld+json\" class=\"yoast-schema-graph\">{\"@context\":\"https:\/\/schema.org\",\"@graph\":[{\"@type\":\"Article\",\"@id\":\"https:\/\/maismagazine.pt\/index.php\/2024\/04\/25\/o-refugio-terapeutico-das-termas-da-ferraria\/#article\",\"isPartOf\":{\"@id\":\"https:\/\/maismagazine.pt\/index.php\/2024\/04\/25\/o-refugio-terapeutico-das-termas-da-ferraria\/\"},\"author\":{\"name\":\"Tiago Costa\",\"@id\":\"https:\/\/maismagazine.pt\/#\/schema\/person\/c6c5bfccc886434cbd11c74e035f9646\"},\"headline\":\"O ref\u00fagio terap\u00eautico das Termas da Ferraria\",\"datePublished\":\"2024-04-25T06:00:00+00:00\",\"mainEntityOfPage\":{\"@id\":\"https:\/\/maismagazine.pt\/index.php\/2024\/04\/25\/o-refugio-terapeutico-das-termas-da-ferraria\/\"},\"wordCount\":512,\"publisher\":{\"@id\":\"https:\/\/maismagazine.pt\/#organization\"},\"image\":{\"@id\":\"https:\/\/maismagazine.pt\/index.php\/2024\/04\/25\/o-refugio-terapeutico-das-termas-da-ferraria\/#primaryimage\"},\"thumbnailUrl\":\"http:\/\/maismagazine.pt\/wp-content\/uploads\/2024\/04\/279242147_7369899089718351_7493715335068058690_n.jpg\",\"keywords\":[\"Termas da Ferraria\"],\"articleSection\":[\"Turismo | Vinhos | Gastronomia\"],\"inLanguage\":\"pt-PT\"},{\"@type\":\"WebPage\",\"@id\":\"https:\/\/maismagazine.pt\/index.php\/2024\/04\/25\/o-refugio-terapeutico-das-termas-da-ferraria\/\",\"url\":\"https:\/\/maismagazine.pt\/index.php\/2024\/04\/25\/o-refugio-terapeutico-das-termas-da-ferraria\/\",\"name\":\"O ref\u00fagio terap\u00eautico das Termas da Ferraria - Mais Magazine\",\"isPartOf\":{\"@id\":\"https:\/\/maismagazine.pt\/#website\"},\"primaryImageOfPage\":{\"@id\":\"https:\/\/maismagazine.pt\/index.php\/2024\/04\/25\/o-refugio-terapeutico-das-termas-da-ferraria\/#primaryimage\"},\"image\":{\"@id\":\"https:\/\/maismagazine.pt\/index.php\/2024\/04\/25\/o-refugio-terapeutico-das-termas-da-ferraria\/#primaryimage\"},\"thumbnailUrl\":\"http:\/\/maismagazine.pt\/wp-content\/uploads\/2024\/04\/279242147_7369899089718351_7493715335068058690_n.jpg\",\"datePublished\":\"2024-04-25T06:00:00+00:00\",\"description\":\"Localizadas no extremo sudoeste da ilha de S\u00e3o Miguel, nos A\u00e7ores, as Termas da Ferraria t\u00eam uma hist\u00f3ria que remonta a meados do s\u00e9culo XX. Contudo, as suas qualidades terap\u00eauticas j\u00e1 haviam sido mencionadas pelo historiador Gaspar Frutuoso na obra \u201cSaudades da Terra\u201d. Combinando o calor das rochas vulc\u00e2nicas com a \u00e1gua do mar, este destino tornou-se um verdadeiro spa termal, oferecendo experi\u00eancias \u00fanicas e revitalizantes aos seus visitantes.\",\"breadcrumb\":{\"@id\":\"https:\/\/maismagazine.pt\/index.php\/2024\/04\/25\/o-refugio-terapeutico-das-termas-da-ferraria\/#breadcrumb\"},\"inLanguage\":\"pt-PT\",\"potentialAction\":[{\"@type\":\"ReadAction\",\"target\":[\"https:\/\/maismagazine.pt\/index.php\/2024\/04\/25\/o-refugio-terapeutico-das-termas-da-ferraria\/\"]}]},{\"@type\":\"ImageObject\",\"inLanguage\":\"pt-PT\",\"@id\":\"https:\/\/maismagazine.pt\/index.php\/2024\/04\/25\/o-refugio-terapeutico-das-termas-da-ferraria\/#primaryimage\",\"url\":\"http:\/\/maismagazine.pt\/wp-content\/uploads\/2024\/04\/279242147_7369899089718351_7493715335068058690_n.jpg\",\"contentUrl\":\"http:\/\/maismagazine.pt\/wp-content\/uploads\/2024\/04\/279242147_7369899089718351_7493715335068058690_n.jpg\",\"width\":1201,\"height\":959},{\"@type\":\"BreadcrumbList\",\"@id\":\"https:\/\/maismagazine.pt\/index.php\/2024\/04\/25\/o-refugio-terapeutico-das-termas-da-ferraria\/#breadcrumb\",\"itemListElement\":[{\"@type\":\"ListItem\",\"position\":1,\"name\":\"Home\",\"item\":\"https:\/\/maismagazine.pt\/\"},{\"@type\":\"ListItem\",\"position\":2,\"name\":\"O ref\u00fagio terap\u00eautico das Termas da Ferraria\"}]},{\"@type\":\"WebSite\",\"@id\":\"https:\/\/maismagazine.pt\/#website\",\"url\":\"https:\/\/maismagazine.pt\/\",\"name\":\"Mais Magazine\",\"description\":\"\",\"publisher\":{\"@id\":\"https:\/\/maismagazine.pt\/#organization\"},\"potentialAction\":[{\"@type\":\"SearchAction\",\"target\":{\"@type\":\"EntryPoint\",\"urlTemplate\":\"https:\/\/maismagazine.pt\/?s={search_term_string}\"},\"query-input\":{\"@type\":\"PropertyValueSpecification\",\"valueRequired\":true,\"valueName\":\"search_term_string\"}}],\"inLanguage\":\"pt-PT\"},{\"@type\":\"Organization\",\"@id\":\"https:\/\/maismagazine.pt\/#organization\",\"name\":\"Mais Magazine\",\"url\":\"https:\/\/maismagazine.pt\/\",\"logo\":{\"@type\":\"ImageObject\",\"inLanguage\":\"pt-PT\",\"@id\":\"https:\/\/maismagazine.pt\/#\/schema\/logo\/image\/\",\"url\":\"http:\/\/maismagazine.pt\/wp-content\/uploads\/2020\/04\/cropped-cropped-mais-magazine-site-logo-2.png\",\"contentUrl\":\"http:\/\/maismagazine.pt\/wp-content\/uploads\/2020\/04\/cropped-cropped-mais-magazine-site-logo-2.png\",\"width\":581,\"height\":90,\"caption\":\"Mais Magazine\"},\"image\":{\"@id\":\"https:\/\/maismagazine.pt\/#\/schema\/logo\/image\/\"}},{\"@type\":\"Person\",\"@id\":\"https:\/\/maismagazine.pt\/#\/schema\/person\/c6c5bfccc886434cbd11c74e035f9646\",\"name\":\"Tiago Costa\",\"image\":{\"@type\":\"ImageObject\",\"inLanguage\":\"pt-PT\",\"@id\":\"https:\/\/maismagazine.pt\/#\/schema\/person\/image\/\",\"url\":\"https:\/\/secure.gravatar.com\/avatar\/c599b2bce16c9870429198cbad5ee022?s=96&d=mm&r=g\",\"contentUrl\":\"https:\/\/secure.gravatar.com\/avatar\/c599b2bce16c9870429198cbad5ee022?s=96&d=mm&r=g\",\"caption\":\"Tiago Costa\"},\"url\":\"http:\/\/maismagazine.pt\/index.php\/author\/tiago\/\"}]}<\/script>\n<!-- \/ Yoast SEO plugin. -->","yoast_head_json":{"title":"O ref\u00fagio terap\u00eautico das Termas da Ferraria - Mais Magazine","description":"Localizadas no extremo sudoeste da ilha de S\u00e3o Miguel, nos A\u00e7ores, as Termas da Ferraria t\u00eam uma hist\u00f3ria que remonta a meados do s\u00e9culo XX. Contudo, as suas qualidades terap\u00eauticas j\u00e1 haviam sido mencionadas pelo historiador Gaspar Frutuoso na obra \u201cSaudades da Terra\u201d. Combinando o calor das rochas vulc\u00e2nicas com a \u00e1gua do mar, este destino tornou-se um verdadeiro spa termal, oferecendo experi\u00eancias \u00fanicas e revitalizantes aos seus visitantes.","robots":{"index":"index","follow":"follow","max-snippet":"max-snippet:-1","max-image-preview":"max-image-preview:large","max-video-preview":"max-video-preview:-1"},"canonical":"https:\/\/maismagazine.pt\/index.php\/2024\/04\/25\/o-refugio-terapeutico-das-termas-da-ferraria\/","og_locale":"pt_PT","og_type":"article","og_title":"O ref\u00fagio terap\u00eautico das Termas da Ferraria - Mais Magazine","og_description":"Localizadas no extremo sudoeste da ilha de S\u00e3o Miguel, nos A\u00e7ores, as Termas da Ferraria t\u00eam uma hist\u00f3ria que remonta a meados do s\u00e9culo XX. Contudo, as suas qualidades terap\u00eauticas j\u00e1 haviam sido mencionadas pelo historiador Gaspar Frutuoso na obra \u201cSaudades da Terra\u201d. Combinando o calor das rochas vulc\u00e2nicas com a \u00e1gua do mar, este destino tornou-se um verdadeiro spa termal, oferecendo experi\u00eancias \u00fanicas e revitalizantes aos seus visitantes.","og_url":"https:\/\/maismagazine.pt\/index.php\/2024\/04\/25\/o-refugio-terapeutico-das-termas-da-ferraria\/","og_site_name":"Mais Magazine","article_published_time":"2024-04-25T06:00:00+00:00","og_image":[{"width":1201,"height":959,"url":"https:\/\/maismagazine.pt\/wp-content\/uploads\/2024\/04\/279242147_7369899089718351_7493715335068058690_n.jpg","type":"image\/jpeg"}],"author":"Tiago Costa","twitter_card":"summary_large_image","twitter_misc":{"Escrito por":false,"Tempo estimado de leitura":"3 minutos"},"schema":{"@context":"https:\/\/schema.org","@graph":[{"@type":"Article","@id":"https:\/\/maismagazine.pt\/index.php\/2024\/04\/25\/o-refugio-terapeutico-das-termas-da-ferraria\/#article","isPartOf":{"@id":"https:\/\/maismagazine.pt\/index.php\/2024\/04\/25\/o-refugio-terapeutico-das-termas-da-ferraria\/"},"author":{"name":"Tiago Costa","@id":"https:\/\/maismagazine.pt\/#\/schema\/person\/c6c5bfccc886434cbd11c74e035f9646"},"headline":"O ref\u00fagio terap\u00eautico das Termas da Ferraria","datePublished":"2024-04-25T06:00:00+00:00","mainEntityOfPage":{"@id":"https:\/\/maismagazine.pt\/index.php\/2024\/04\/25\/o-refugio-terapeutico-das-termas-da-ferraria\/"},"wordCount":512,"publisher":{"@id":"https:\/\/maismagazine.pt\/#organization"},"image":{"@id":"https:\/\/maismagazine.pt\/index.php\/2024\/04\/25\/o-refugio-terapeutico-das-termas-da-ferraria\/#primaryimage"},"thumbnailUrl":"http:\/\/maismagazine.pt\/wp-content\/uploads\/2024\/04\/279242147_7369899089718351_7493715335068058690_n.jpg","keywords":["Termas da Ferraria"],"articleSection":["Turismo | Vinhos | Gastronomia"],"inLanguage":"pt-PT"},{"@type":"WebPage","@id":"https:\/\/maismagazine.pt\/index.php\/2024\/04\/25\/o-refugio-terapeutico-das-termas-da-ferraria\/","url":"https:\/\/maismagazine.pt\/index.php\/2024\/04\/25\/o-refugio-terapeutico-das-termas-da-ferraria\/","name":"O ref\u00fagio terap\u00eautico das Termas da Ferraria - Mais Magazine","isPartOf":{"@id":"https:\/\/maismagazine.pt\/#website"},"primaryImageOfPage":{"@id":"https:\/\/maismagazine.pt\/index.php\/2024\/04\/25\/o-refugio-terapeutico-das-termas-da-ferraria\/#primaryimage"},"image":{"@id":"https:\/\/maismagazine.pt\/index.php\/2024\/04\/25\/o-refugio-terapeutico-das-termas-da-ferraria\/#primaryimage"},"thumbnailUrl":"http:\/\/maismagazine.pt\/wp-content\/uploads\/2024\/04\/279242147_7369899089718351_7493715335068058690_n.jpg","datePublished":"2024-04-25T06:00:00+00:00","description":"Localizadas no extremo sudoeste da ilha de S\u00e3o Miguel, nos A\u00e7ores, as Termas da Ferraria t\u00eam uma hist\u00f3ria que remonta a meados do s\u00e9culo XX. Contudo, as suas qualidades terap\u00eauticas j\u00e1 haviam sido mencionadas pelo historiador Gaspar Frutuoso na obra \u201cSaudades da Terra\u201d. Combinando o calor das rochas vulc\u00e2nicas com a \u00e1gua do mar, este destino tornou-se um verdadeiro spa termal, oferecendo experi\u00eancias \u00fanicas e revitalizantes aos seus visitantes.","breadcrumb":{"@id":"https:\/\/maismagazine.pt\/index.php\/2024\/04\/25\/o-refugio-terapeutico-das-termas-da-ferraria\/#breadcrumb"},"inLanguage":"pt-PT","potentialAction":[{"@type":"ReadAction","target":["https:\/\/maismagazine.pt\/index.php\/2024\/04\/25\/o-refugio-terapeutico-das-termas-da-ferraria\/"]}]},{"@type":"ImageObject","inLanguage":"pt-PT","@id":"https:\/\/maismagazine.pt\/index.php\/2024\/04\/25\/o-refugio-terapeutico-das-termas-da-ferraria\/#primaryimage","url":"http:\/\/maismagazine.pt\/wp-content\/uploads\/2024\/04\/279242147_7369899089718351_7493715335068058690_n.jpg","contentUrl":"http:\/\/maismagazine.pt\/wp-content\/uploads\/2024\/04\/279242147_7369899089718351_7493715335068058690_n.jpg","width":1201,"height":959},{"@type":"BreadcrumbList","@id":"https:\/\/maismagazine.pt\/index.php\/2024\/04\/25\/o-refugio-terapeutico-das-termas-da-ferraria\/#breadcrumb","itemListElement":[{"@type":"ListItem","position":1,"name":"Home","item":"https:\/\/maismagazine.pt\/"},{"@type":"ListItem","position":2,"name":"O ref\u00fagio terap\u00eautico das Termas da Ferraria"}]},{"@type":"WebSite","@id":"https:\/\/maismagazine.pt\/#website","url":"https:\/\/maismagazine.pt\/","name":"Mais Magazine","description":"","publisher":{"@id":"https:\/\/maismagazine.pt\/#organization"},"potentialAction":[{"@type":"SearchAction","target":{"@type":"EntryPoint","urlTemplate":"https:\/\/maismagazine.pt\/?s={search_term_string}"},"query-input":{"@type":"PropertyValueSpecification","valueRequired":true,"valueName":"search_term_string"}}],"inLanguage":"pt-PT"},{"@type":"Organization","@id":"https:\/\/maismagazine.pt\/#organization","name":"Mais Magazine","url":"https:\/\/maismagazine.pt\/","logo":{"@type":"ImageObject","inLanguage":"pt-PT","@id":"https:\/\/maismagazine.pt\/#\/schema\/logo\/image\/","url":"http:\/\/maismagazine.pt\/wp-content\/uploads\/2020\/04\/cropped-cropped-mais-magazine-site-logo-2.png","contentUrl":"http:\/\/maismagazine.pt\/wp-content\/uploads\/2020\/04\/cropped-cropped-mais-magazine-site-logo-2.png","width":581,"height":90,"caption":"Mais Magazine"},"image":{"@id":"https:\/\/maismagazine.pt\/#\/schema\/logo\/image\/"}},{"@type":"Person","@id":"https:\/\/maismagazine.pt\/#\/schema\/person\/c6c5bfccc886434cbd11c74e035f9646","name":"Tiago Costa","image":{"@type":"ImageObject","inLanguage":"pt-PT","@id":"https:\/\/maismagazine.pt\/#\/schema\/person\/image\/","url":"https:\/\/secure.gravatar.com\/avatar\/c599b2bce16c9870429198cbad5ee022?s=96&d=mm&r=g","contentUrl":"https:\/\/secure.gravatar.com\/avatar\/c599b2bce16c9870429198cbad5ee022?s=96&d=mm&r=g","caption":"Tiago Costa"},"url":"http:\/\/maismagazine.pt\/index.php\/author\/tiago\/"}]}},"author_meta":{"display_name":false,"author_link":"http:\/\/maismagazine.pt\/index.php\/author\/tiago\/"},"featured_img":"http:\/\/maismagazine.pt\/wp-content\/uploads\/2024\/04\/279242147_7369899089718351_7493715335068058690_n-300x240.jpg","coauthors":[],"tax_additional":{"categories":{"linked":["<a href=\"http:\/\/maismagazine.pt\/index.php\/category\/turismo-restaurantes\/\" class=\"advgb-post-tax-term\">Turismo | Vinhos | Gastronomia<\/a>"],"unlinked":["<span class=\"advgb-post-tax-term\">Turismo | Vinhos | Gastronomia<\/span>"]},"tags":{"linked":["<a href=\"http:\/\/maismagazine.pt\/index.php\/category\/turismo-restaurantes\/\" class=\"advgb-post-tax-term\">Termas da Ferraria<\/a>"],"unlinked":["<span class=\"advgb-post-tax-term\">Termas da Ferraria<\/span>"]}},"comment_count":"0","relative_dates":{"created":"Posted 2 anos ago","modified":"Updated 2 anos ago"},"absolute_dates":{"created":"Posted on 25 de Abril, 2024","modified":"Updated on 22 de Abril, 2024"},"absolute_dates_time":{"created":"Posted on 25 de Abril, 2024 7:00","modified":"Updated on 22 de Abril, 2024 15:53"},"featured_img_caption":"","series_order":"","_links":{"self":[{"href":"http:\/\/maismagazine.pt\/index.php\/wp-json\/wp\/v2\/posts\/9461","targetHints":{"allow":["GET"]}}],"collection":[{"href":"http:\/\/maismagazine.pt\/index.php\/wp-json\/wp\/v2\/posts"}],"about":[{"href":"http:\/\/maismagazine.pt\/index.php\/wp-json\/wp\/v2\/types\/post"}],"author":[{"embeddable":true,"href":"http:\/\/maismagazine.pt\/index.php\/wp-json\/wp\/v2\/users\/17"}],"replies":[{"embeddable":true,"href":"http:\/\/maismagazine.pt\/index.php\/wp-json\/wp\/v2\/comments?post=9461"}],"version-history":[{"count":1,"href":"http:\/\/maismagazine.pt\/index.php\/wp-json\/wp\/v2\/posts\/9461\/revisions"}],"predecessor-version":[{"id":9463,"href":"http:\/\/maismagazine.pt\/index.php\/wp-json\/wp\/v2\/posts\/9461\/revisions\/9463"}],"wp:featuredmedia":[{"embeddable":true,"href":"http:\/\/maismagazine.pt\/index.php\/wp-json\/wp\/v2\/media\/9462"}],"wp:attachment":[{"href":"http:\/\/maismagazine.pt\/index.php\/wp-json\/wp\/v2\/media?parent=9461"}],"wp:term":[{"taxonomy":"category","embeddable":true,"href":"http:\/\/maismagazine.pt\/index.php\/wp-json\/wp\/v2\/categories?post=9461"},{"taxonomy":"post_tag","embeddable":true,"href":"http:\/\/maismagazine.pt\/index.php\/wp-json\/wp\/v2\/tags?post=9461"}],"curies":[{"name":"wp","href":"https:\/\/api.w.org\/{rel}","templated":true}]}}