{"id":9443,"date":"2024-04-25T07:00:00","date_gmt":"2024-04-25T06:00:00","guid":{"rendered":"https:\/\/maismagazine.pt\/?p=9443"},"modified":"2024-04-22T15:38:41","modified_gmt":"2024-04-22T14:38:41","slug":"madeira-destino-turistico-mais-antigo-de-portugal","status":"publish","type":"post","link":"http:\/\/maismagazine.pt\/index.php\/2024\/04\/25\/madeira-destino-turistico-mais-antigo-de-portugal\/","title":{"rendered":"Madeira: Destino tur\u00edstico mais antigo de Portugal"},"content":{"rendered":"\n<p>A Madeira \u00e9 o destino tur\u00edstico mais antigo de Portugal. H\u00e1 mais de 200 anos que \u00e9 procurada por viajantes, contribuindo para o desenvolvimento cont\u00ednuo do setor tur\u00edstico e da economia regional. Existem diversas raz\u00f5es hist\u00f3ricas para que assim seja, com evid\u00eancia para o com\u00e9rcio mar\u00edtimo internacional, onde o Funchal surgiu, com naturalidade, como porto interm\u00e9dio e estrat\u00e9gico no Atl\u00e2ntico, e o turismo de sa\u00fade. Neste percurso centen\u00e1rio, a diversidade do destino, que vai da montanha at\u00e9 o vasto mar, aliado \u00e0 cultura distintiva, contribuiu ainda mais para que a Madeira seja escolhida por ser um lugar verdadeiramente \u00fanico e especial. Al\u00e9m disso, este para\u00edso perfumado pelas flores, aben\u00e7oado por uma beleza natural exuberante e um clima ameno, disp\u00f5e, tamb\u00e9m, de uma oferta de eventos e de experi\u00eancias ao longo de todo o ano. <\/p>\n\n\n\n<p><\/p>\n\n\n\n<p>Assim, \u00e9 poss\u00edvel, num \u00fanico dia, percorrer uma levada, mergulhar no oceano de \u00e1guas calmas e temperadas e explorar um dos muitos museus existentes pelo arquip\u00e9lago, assistir a uma exposi\u00e7\u00e3o ou desfrutar de um concerto. Tudo isto est\u00e1 dispon\u00edvel a pouca dist\u00e2ncia das principais cidades europeias, existindo, igualmente, liga\u00e7\u00f5es a\u00e9reas diretas dos Estados Unidos da Am\u00e9rica e do Canad\u00e1. Este caminho de afirma\u00e7\u00e3o tem sido trilhado mantendo o compromisso com a natureza e a sustentabilidade do destino. A maior parte do territ\u00f3rio \u00e9 preservado, com dois ter\u00e7os de sua \u00e1rea terrestre designada como reserva natural e 89% de seu mar, at\u00e9 12 milhas n\u00e1uticas, sob gest\u00e3o da Regi\u00e3o protegido, incluindo as ilhas Selvagens e Desertas. <\/p>\n\n\n\n<p><\/p>\n\n\n\n<p>Refor\u00e7ando este posicionamento, a Regi\u00e3o Aut\u00f3noma da Madeira foi mais longe e, em 2023, recebeu o selo de prata da EarthCheck como \u201cDestino Tur\u00edstico Sustent\u00e1vel\u201d. Um passo complementado este ano, com aquela entidade mundial, l\u00edder em certifica\u00e7\u00e3o de destinos tur\u00edsticos, a entregar o selo de ouro, depois de cumprida mais uma etapa com o contributo transversal de muitas entidades. Desta forma, com esta distin\u00e7\u00e3o, a Madeira ampliou o seu posicionamento como um destino tur\u00edstico comprometido com o desenvolvimento sustent\u00e1vel, fator cada vez mais diferenciador na escolha de f\u00e9rias.  <\/p>\n\n\n\n<p><\/p>\n\n\n\n<p class=\"has-text-align-right\"><em>Eduardo Jesus, Secret\u00e1rio Regional de Turismo e Cultura<\/em><\/p>\n","protected":false},"excerpt":{"rendered":"<p>A Madeira \u00e9 o destino tur\u00edstico mais antigo de Portugal. H\u00e1 mais de 200 anos que \u00e9 procurada por viajantes, contribuindo para o desenvolvimento cont\u00ednuo do setor tur\u00edstico e da economia regional. Existem diversas raz\u00f5es hist\u00f3ricas para que assim seja, com evid\u00eancia para o com\u00e9rcio mar\u00edtimo internacional, onde o Funchal&hellip;<\/p>\n","protected":false},"author":17,"featured_media":9446,"comment_status":"closed","ping_status":"open","sticky":false,"template":"","format":"standard","meta":{"advgb_blocks_editor_width":"","advgb_blocks_columns_visual_guide":"","_monsterinsights_skip_tracking":false,"_monsterinsights_sitenote_active":false,"_monsterinsights_sitenote_note":"","_monsterinsights_sitenote_category":0,"footnotes":""},"categories":[52,51],"tags":[760,64],"class_list":["post-9443","post","type-post","status-publish","format-standard","has-post-thumbnail","hentry","category-destaque","category-opiniao","tag-madeira","tag-turismo"],"yoast_head":"<!-- This site is optimized with the Yoast SEO plugin v24.4 - https:\/\/yoast.com\/wordpress\/plugins\/seo\/ -->\n<title>Madeira: Destino tur\u00edstico mais antigo de Portugal - Mais Magazine<\/title>\n<meta name=\"description\" content=\"A Madeira \u00e9 o destino tur\u00edstico mais antigo de Portugal. H\u00e1 mais de 200 anos que \u00e9 procurada por viajantes, contribuindo para o desenvolvimento cont\u00ednuo do setor tur\u00edstico e da economia regional. Existem diversas raz\u00f5es hist\u00f3ricas para que assim seja, com evid\u00eancia para o com\u00e9rcio mar\u00edtimo internacional, onde o Funchal surgiu, com naturalidade, como porto interm\u00e9dio e estrat\u00e9gico no Atl\u00e2ntico, e o turismo de sa\u00fade.\" \/>\n<meta name=\"robots\" content=\"index, follow, max-snippet:-1, max-image-preview:large, max-video-preview:-1\" \/>\n<link rel=\"canonical\" href=\"http:\/\/maismagazine.pt\/index.php\/2024\/04\/25\/madeira-destino-turistico-mais-antigo-de-portugal\/\" \/>\n<meta property=\"og:locale\" content=\"pt_PT\" \/>\n<meta property=\"og:type\" content=\"article\" \/>\n<meta property=\"og:title\" content=\"Madeira: Destino tur\u00edstico mais antigo de Portugal - Mais Magazine\" \/>\n<meta property=\"og:description\" content=\"A Madeira \u00e9 o destino tur\u00edstico mais antigo de Portugal. H\u00e1 mais de 200 anos que \u00e9 procurada por viajantes, contribuindo para o desenvolvimento cont\u00ednuo do setor tur\u00edstico e da economia regional. Existem diversas raz\u00f5es hist\u00f3ricas para que assim seja, com evid\u00eancia para o com\u00e9rcio mar\u00edtimo internacional, onde o Funchal surgiu, com naturalidade, como porto interm\u00e9dio e estrat\u00e9gico no Atl\u00e2ntico, e o turismo de sa\u00fade.\" \/>\n<meta property=\"og:url\" content=\"http:\/\/maismagazine.pt\/index.php\/2024\/04\/25\/madeira-destino-turistico-mais-antigo-de-portugal\/\" \/>\n<meta property=\"og:site_name\" content=\"Mais Magazine\" \/>\n<meta property=\"article:published_time\" content=\"2024-04-25T06:00:00+00:00\" \/>\n<meta property=\"og:image\" content=\"http:\/\/maismagazine.pt\/wp-content\/uploads\/2024\/04\/Eduardo-Jesus-SRTC-1.jpg\" \/>\n\t<meta property=\"og:image:width\" content=\"480\" \/>\n\t<meta property=\"og:image:height\" content=\"319\" \/>\n\t<meta property=\"og:image:type\" content=\"image\/jpeg\" \/>\n<meta name=\"author\" content=\"Tiago Costa\" \/>\n<meta name=\"twitter:card\" content=\"summary_large_image\" \/>\n<meta name=\"twitter:label1\" content=\"Escrito por\" \/>\n\t<meta name=\"twitter:data1\" content=\"\" \/>\n\t<meta name=\"twitter:label2\" content=\"Tempo estimado de leitura\" \/>\n\t<meta name=\"twitter:data2\" content=\"3 minutos\" \/>\n<script type=\"application\/ld+json\" class=\"yoast-schema-graph\">{\"@context\":\"https:\/\/schema.org\",\"@graph\":[{\"@type\":\"Article\",\"@id\":\"http:\/\/maismagazine.pt\/index.php\/2024\/04\/25\/madeira-destino-turistico-mais-antigo-de-portugal\/#article\",\"isPartOf\":{\"@id\":\"http:\/\/maismagazine.pt\/index.php\/2024\/04\/25\/madeira-destino-turistico-mais-antigo-de-portugal\/\"},\"author\":{\"name\":\"Tiago Costa\",\"@id\":\"https:\/\/maismagazine.pt\/#\/schema\/person\/c6c5bfccc886434cbd11c74e035f9646\"},\"headline\":\"Madeira: Destino tur\u00edstico mais antigo de Portugal\",\"datePublished\":\"2024-04-25T06:00:00+00:00\",\"mainEntityOfPage\":{\"@id\":\"http:\/\/maismagazine.pt\/index.php\/2024\/04\/25\/madeira-destino-turistico-mais-antigo-de-portugal\/\"},\"wordCount\":390,\"publisher\":{\"@id\":\"https:\/\/maismagazine.pt\/#organization\"},\"image\":{\"@id\":\"http:\/\/maismagazine.pt\/index.php\/2024\/04\/25\/madeira-destino-turistico-mais-antigo-de-portugal\/#primaryimage\"},\"thumbnailUrl\":\"http:\/\/maismagazine.pt\/wp-content\/uploads\/2024\/04\/Eduardo-Jesus-SRTC-1.jpg\",\"keywords\":[\"Madeira\",\"Turismo\"],\"articleSection\":[\"Destaque lateral\",\"Opini\u00e3o\"],\"inLanguage\":\"pt-PT\"},{\"@type\":\"WebPage\",\"@id\":\"http:\/\/maismagazine.pt\/index.php\/2024\/04\/25\/madeira-destino-turistico-mais-antigo-de-portugal\/\",\"url\":\"http:\/\/maismagazine.pt\/index.php\/2024\/04\/25\/madeira-destino-turistico-mais-antigo-de-portugal\/\",\"name\":\"Madeira: Destino tur\u00edstico mais antigo de Portugal - Mais Magazine\",\"isPartOf\":{\"@id\":\"https:\/\/maismagazine.pt\/#website\"},\"primaryImageOfPage\":{\"@id\":\"http:\/\/maismagazine.pt\/index.php\/2024\/04\/25\/madeira-destino-turistico-mais-antigo-de-portugal\/#primaryimage\"},\"image\":{\"@id\":\"http:\/\/maismagazine.pt\/index.php\/2024\/04\/25\/madeira-destino-turistico-mais-antigo-de-portugal\/#primaryimage\"},\"thumbnailUrl\":\"http:\/\/maismagazine.pt\/wp-content\/uploads\/2024\/04\/Eduardo-Jesus-SRTC-1.jpg\",\"datePublished\":\"2024-04-25T06:00:00+00:00\",\"description\":\"A Madeira \u00e9 o destino tur\u00edstico mais antigo de Portugal. H\u00e1 mais de 200 anos que \u00e9 procurada por viajantes, contribuindo para o desenvolvimento cont\u00ednuo do setor tur\u00edstico e da economia regional. Existem diversas raz\u00f5es hist\u00f3ricas para que assim seja, com evid\u00eancia para o com\u00e9rcio mar\u00edtimo internacional, onde o Funchal surgiu, com naturalidade, como porto interm\u00e9dio e estrat\u00e9gico no Atl\u00e2ntico, e o turismo de sa\u00fade.\",\"breadcrumb\":{\"@id\":\"http:\/\/maismagazine.pt\/index.php\/2024\/04\/25\/madeira-destino-turistico-mais-antigo-de-portugal\/#breadcrumb\"},\"inLanguage\":\"pt-PT\",\"potentialAction\":[{\"@type\":\"ReadAction\",\"target\":[\"http:\/\/maismagazine.pt\/index.php\/2024\/04\/25\/madeira-destino-turistico-mais-antigo-de-portugal\/\"]}]},{\"@type\":\"ImageObject\",\"inLanguage\":\"pt-PT\",\"@id\":\"http:\/\/maismagazine.pt\/index.php\/2024\/04\/25\/madeira-destino-turistico-mais-antigo-de-portugal\/#primaryimage\",\"url\":\"http:\/\/maismagazine.pt\/wp-content\/uploads\/2024\/04\/Eduardo-Jesus-SRTC-1.jpg\",\"contentUrl\":\"http:\/\/maismagazine.pt\/wp-content\/uploads\/2024\/04\/Eduardo-Jesus-SRTC-1.jpg\",\"width\":480,\"height\":319},{\"@type\":\"BreadcrumbList\",\"@id\":\"http:\/\/maismagazine.pt\/index.php\/2024\/04\/25\/madeira-destino-turistico-mais-antigo-de-portugal\/#breadcrumb\",\"itemListElement\":[{\"@type\":\"ListItem\",\"position\":1,\"name\":\"Home\",\"item\":\"https:\/\/maismagazine.pt\/\"},{\"@type\":\"ListItem\",\"position\":2,\"name\":\"Madeira: Destino tur\u00edstico mais antigo de Portugal\"}]},{\"@type\":\"WebSite\",\"@id\":\"https:\/\/maismagazine.pt\/#website\",\"url\":\"https:\/\/maismagazine.pt\/\",\"name\":\"Mais Magazine\",\"description\":\"\",\"publisher\":{\"@id\":\"https:\/\/maismagazine.pt\/#organization\"},\"potentialAction\":[{\"@type\":\"SearchAction\",\"target\":{\"@type\":\"EntryPoint\",\"urlTemplate\":\"https:\/\/maismagazine.pt\/?s={search_term_string}\"},\"query-input\":{\"@type\":\"PropertyValueSpecification\",\"valueRequired\":true,\"valueName\":\"search_term_string\"}}],\"inLanguage\":\"pt-PT\"},{\"@type\":\"Organization\",\"@id\":\"https:\/\/maismagazine.pt\/#organization\",\"name\":\"Mais Magazine\",\"url\":\"https:\/\/maismagazine.pt\/\",\"logo\":{\"@type\":\"ImageObject\",\"inLanguage\":\"pt-PT\",\"@id\":\"https:\/\/maismagazine.pt\/#\/schema\/logo\/image\/\",\"url\":\"http:\/\/maismagazine.pt\/wp-content\/uploads\/2020\/04\/cropped-cropped-mais-magazine-site-logo-2.png\",\"contentUrl\":\"http:\/\/maismagazine.pt\/wp-content\/uploads\/2020\/04\/cropped-cropped-mais-magazine-site-logo-2.png\",\"width\":581,\"height\":90,\"caption\":\"Mais Magazine\"},\"image\":{\"@id\":\"https:\/\/maismagazine.pt\/#\/schema\/logo\/image\/\"}},{\"@type\":\"Person\",\"@id\":\"https:\/\/maismagazine.pt\/#\/schema\/person\/c6c5bfccc886434cbd11c74e035f9646\",\"name\":\"Tiago Costa\",\"image\":{\"@type\":\"ImageObject\",\"inLanguage\":\"pt-PT\",\"@id\":\"https:\/\/maismagazine.pt\/#\/schema\/person\/image\/\",\"url\":\"https:\/\/secure.gravatar.com\/avatar\/c599b2bce16c9870429198cbad5ee022?s=96&d=mm&r=g\",\"contentUrl\":\"https:\/\/secure.gravatar.com\/avatar\/c599b2bce16c9870429198cbad5ee022?s=96&d=mm&r=g\",\"caption\":\"Tiago Costa\"},\"url\":\"http:\/\/maismagazine.pt\/index.php\/author\/tiago\/\"}]}<\/script>\n<!-- \/ Yoast SEO plugin. -->","yoast_head_json":{"title":"Madeira: Destino tur\u00edstico mais antigo de Portugal - Mais Magazine","description":"A Madeira \u00e9 o destino tur\u00edstico mais antigo de Portugal. H\u00e1 mais de 200 anos que \u00e9 procurada por viajantes, contribuindo para o desenvolvimento cont\u00ednuo do setor tur\u00edstico e da economia regional. Existem diversas raz\u00f5es hist\u00f3ricas para que assim seja, com evid\u00eancia para o com\u00e9rcio mar\u00edtimo internacional, onde o Funchal surgiu, com naturalidade, como porto interm\u00e9dio e estrat\u00e9gico no Atl\u00e2ntico, e o turismo de sa\u00fade.","robots":{"index":"index","follow":"follow","max-snippet":"max-snippet:-1","max-image-preview":"max-image-preview:large","max-video-preview":"max-video-preview:-1"},"canonical":"http:\/\/maismagazine.pt\/index.php\/2024\/04\/25\/madeira-destino-turistico-mais-antigo-de-portugal\/","og_locale":"pt_PT","og_type":"article","og_title":"Madeira: Destino tur\u00edstico mais antigo de Portugal - Mais Magazine","og_description":"A Madeira \u00e9 o destino tur\u00edstico mais antigo de Portugal. H\u00e1 mais de 200 anos que \u00e9 procurada por viajantes, contribuindo para o desenvolvimento cont\u00ednuo do setor tur\u00edstico e da economia regional. Existem diversas raz\u00f5es hist\u00f3ricas para que assim seja, com evid\u00eancia para o com\u00e9rcio mar\u00edtimo internacional, onde o Funchal surgiu, com naturalidade, como porto interm\u00e9dio e estrat\u00e9gico no Atl\u00e2ntico, e o turismo de sa\u00fade.","og_url":"http:\/\/maismagazine.pt\/index.php\/2024\/04\/25\/madeira-destino-turistico-mais-antigo-de-portugal\/","og_site_name":"Mais Magazine","article_published_time":"2024-04-25T06:00:00+00:00","og_image":[{"width":480,"height":319,"url":"http:\/\/maismagazine.pt\/wp-content\/uploads\/2024\/04\/Eduardo-Jesus-SRTC-1.jpg","type":"image\/jpeg"}],"author":"Tiago Costa","twitter_card":"summary_large_image","twitter_misc":{"Escrito por":false,"Tempo estimado de leitura":"3 minutos"},"schema":{"@context":"https:\/\/schema.org","@graph":[{"@type":"Article","@id":"http:\/\/maismagazine.pt\/index.php\/2024\/04\/25\/madeira-destino-turistico-mais-antigo-de-portugal\/#article","isPartOf":{"@id":"http:\/\/maismagazine.pt\/index.php\/2024\/04\/25\/madeira-destino-turistico-mais-antigo-de-portugal\/"},"author":{"name":"Tiago Costa","@id":"https:\/\/maismagazine.pt\/#\/schema\/person\/c6c5bfccc886434cbd11c74e035f9646"},"headline":"Madeira: Destino tur\u00edstico mais antigo de Portugal","datePublished":"2024-04-25T06:00:00+00:00","mainEntityOfPage":{"@id":"http:\/\/maismagazine.pt\/index.php\/2024\/04\/25\/madeira-destino-turistico-mais-antigo-de-portugal\/"},"wordCount":390,"publisher":{"@id":"https:\/\/maismagazine.pt\/#organization"},"image":{"@id":"http:\/\/maismagazine.pt\/index.php\/2024\/04\/25\/madeira-destino-turistico-mais-antigo-de-portugal\/#primaryimage"},"thumbnailUrl":"http:\/\/maismagazine.pt\/wp-content\/uploads\/2024\/04\/Eduardo-Jesus-SRTC-1.jpg","keywords":["Madeira","Turismo"],"articleSection":["Destaque lateral","Opini\u00e3o"],"inLanguage":"pt-PT"},{"@type":"WebPage","@id":"http:\/\/maismagazine.pt\/index.php\/2024\/04\/25\/madeira-destino-turistico-mais-antigo-de-portugal\/","url":"http:\/\/maismagazine.pt\/index.php\/2024\/04\/25\/madeira-destino-turistico-mais-antigo-de-portugal\/","name":"Madeira: Destino tur\u00edstico mais antigo de Portugal - Mais Magazine","isPartOf":{"@id":"https:\/\/maismagazine.pt\/#website"},"primaryImageOfPage":{"@id":"http:\/\/maismagazine.pt\/index.php\/2024\/04\/25\/madeira-destino-turistico-mais-antigo-de-portugal\/#primaryimage"},"image":{"@id":"http:\/\/maismagazine.pt\/index.php\/2024\/04\/25\/madeira-destino-turistico-mais-antigo-de-portugal\/#primaryimage"},"thumbnailUrl":"http:\/\/maismagazine.pt\/wp-content\/uploads\/2024\/04\/Eduardo-Jesus-SRTC-1.jpg","datePublished":"2024-04-25T06:00:00+00:00","description":"A Madeira \u00e9 o destino tur\u00edstico mais antigo de Portugal. H\u00e1 mais de 200 anos que \u00e9 procurada por viajantes, contribuindo para o desenvolvimento cont\u00ednuo do setor tur\u00edstico e da economia regional. Existem diversas raz\u00f5es hist\u00f3ricas para que assim seja, com evid\u00eancia para o com\u00e9rcio mar\u00edtimo internacional, onde o Funchal surgiu, com naturalidade, como porto interm\u00e9dio e estrat\u00e9gico no Atl\u00e2ntico, e o turismo de sa\u00fade.","breadcrumb":{"@id":"http:\/\/maismagazine.pt\/index.php\/2024\/04\/25\/madeira-destino-turistico-mais-antigo-de-portugal\/#breadcrumb"},"inLanguage":"pt-PT","potentialAction":[{"@type":"ReadAction","target":["http:\/\/maismagazine.pt\/index.php\/2024\/04\/25\/madeira-destino-turistico-mais-antigo-de-portugal\/"]}]},{"@type":"ImageObject","inLanguage":"pt-PT","@id":"http:\/\/maismagazine.pt\/index.php\/2024\/04\/25\/madeira-destino-turistico-mais-antigo-de-portugal\/#primaryimage","url":"http:\/\/maismagazine.pt\/wp-content\/uploads\/2024\/04\/Eduardo-Jesus-SRTC-1.jpg","contentUrl":"http:\/\/maismagazine.pt\/wp-content\/uploads\/2024\/04\/Eduardo-Jesus-SRTC-1.jpg","width":480,"height":319},{"@type":"BreadcrumbList","@id":"http:\/\/maismagazine.pt\/index.php\/2024\/04\/25\/madeira-destino-turistico-mais-antigo-de-portugal\/#breadcrumb","itemListElement":[{"@type":"ListItem","position":1,"name":"Home","item":"https:\/\/maismagazine.pt\/"},{"@type":"ListItem","position":2,"name":"Madeira: Destino tur\u00edstico mais antigo de Portugal"}]},{"@type":"WebSite","@id":"https:\/\/maismagazine.pt\/#website","url":"https:\/\/maismagazine.pt\/","name":"Mais Magazine","description":"","publisher":{"@id":"https:\/\/maismagazine.pt\/#organization"},"potentialAction":[{"@type":"SearchAction","target":{"@type":"EntryPoint","urlTemplate":"https:\/\/maismagazine.pt\/?s={search_term_string}"},"query-input":{"@type":"PropertyValueSpecification","valueRequired":true,"valueName":"search_term_string"}}],"inLanguage":"pt-PT"},{"@type":"Organization","@id":"https:\/\/maismagazine.pt\/#organization","name":"Mais Magazine","url":"https:\/\/maismagazine.pt\/","logo":{"@type":"ImageObject","inLanguage":"pt-PT","@id":"https:\/\/maismagazine.pt\/#\/schema\/logo\/image\/","url":"http:\/\/maismagazine.pt\/wp-content\/uploads\/2020\/04\/cropped-cropped-mais-magazine-site-logo-2.png","contentUrl":"http:\/\/maismagazine.pt\/wp-content\/uploads\/2020\/04\/cropped-cropped-mais-magazine-site-logo-2.png","width":581,"height":90,"caption":"Mais Magazine"},"image":{"@id":"https:\/\/maismagazine.pt\/#\/schema\/logo\/image\/"}},{"@type":"Person","@id":"https:\/\/maismagazine.pt\/#\/schema\/person\/c6c5bfccc886434cbd11c74e035f9646","name":"Tiago Costa","image":{"@type":"ImageObject","inLanguage":"pt-PT","@id":"https:\/\/maismagazine.pt\/#\/schema\/person\/image\/","url":"https:\/\/secure.gravatar.com\/avatar\/c599b2bce16c9870429198cbad5ee022?s=96&d=mm&r=g","contentUrl":"https:\/\/secure.gravatar.com\/avatar\/c599b2bce16c9870429198cbad5ee022?s=96&d=mm&r=g","caption":"Tiago Costa"},"url":"http:\/\/maismagazine.pt\/index.php\/author\/tiago\/"}]}},"author_meta":{"display_name":false,"author_link":"http:\/\/maismagazine.pt\/index.php\/author\/tiago\/"},"featured_img":"http:\/\/maismagazine.pt\/wp-content\/uploads\/2024\/04\/Eduardo-Jesus-SRTC-1-300x199.jpg","coauthors":[],"tax_additional":{"categories":{"linked":["<a href=\"http:\/\/maismagazine.pt\/index.php\/category\/destaque\/\" class=\"advgb-post-tax-term\">Destaque lateral<\/a>","<a href=\"http:\/\/maismagazine.pt\/index.php\/category\/noticias\/opiniao\/\" class=\"advgb-post-tax-term\">Opini\u00e3o<\/a>"],"unlinked":["<span class=\"advgb-post-tax-term\">Destaque lateral<\/span>","<span class=\"advgb-post-tax-term\">Opini\u00e3o<\/span>"]},"tags":{"linked":["<a href=\"http:\/\/maismagazine.pt\/index.php\/category\/noticias\/opiniao\/\" class=\"advgb-post-tax-term\">Madeira<\/a>","<a href=\"http:\/\/maismagazine.pt\/index.php\/category\/noticias\/opiniao\/\" class=\"advgb-post-tax-term\">Turismo<\/a>"],"unlinked":["<span class=\"advgb-post-tax-term\">Madeira<\/span>","<span class=\"advgb-post-tax-term\">Turismo<\/span>"]}},"comment_count":"0","relative_dates":{"created":"Posted 2 anos ago","modified":"Updated 2 anos ago"},"absolute_dates":{"created":"Posted on 25 de Abril, 2024","modified":"Updated on 22 de Abril, 2024"},"absolute_dates_time":{"created":"Posted on 25 de Abril, 2024 7:00","modified":"Updated on 22 de Abril, 2024 15:38"},"featured_img_caption":"","series_order":"","_links":{"self":[{"href":"http:\/\/maismagazine.pt\/index.php\/wp-json\/wp\/v2\/posts\/9443","targetHints":{"allow":["GET"]}}],"collection":[{"href":"http:\/\/maismagazine.pt\/index.php\/wp-json\/wp\/v2\/posts"}],"about":[{"href":"http:\/\/maismagazine.pt\/index.php\/wp-json\/wp\/v2\/types\/post"}],"author":[{"embeddable":true,"href":"http:\/\/maismagazine.pt\/index.php\/wp-json\/wp\/v2\/users\/17"}],"replies":[{"embeddable":true,"href":"http:\/\/maismagazine.pt\/index.php\/wp-json\/wp\/v2\/comments?post=9443"}],"version-history":[{"count":1,"href":"http:\/\/maismagazine.pt\/index.php\/wp-json\/wp\/v2\/posts\/9443\/revisions"}],"predecessor-version":[{"id":9445,"href":"http:\/\/maismagazine.pt\/index.php\/wp-json\/wp\/v2\/posts\/9443\/revisions\/9445"}],"wp:featuredmedia":[{"embeddable":true,"href":"http:\/\/maismagazine.pt\/index.php\/wp-json\/wp\/v2\/media\/9446"}],"wp:attachment":[{"href":"http:\/\/maismagazine.pt\/index.php\/wp-json\/wp\/v2\/media?parent=9443"}],"wp:term":[{"taxonomy":"category","embeddable":true,"href":"http:\/\/maismagazine.pt\/index.php\/wp-json\/wp\/v2\/categories?post=9443"},{"taxonomy":"post_tag","embeddable":true,"href":"http:\/\/maismagazine.pt\/index.php\/wp-json\/wp\/v2\/tags?post=9443"}],"curies":[{"name":"wp","href":"https:\/\/api.w.org\/{rel}","templated":true}]}}