{"id":9393,"date":"2024-04-25T07:00:00","date_gmt":"2024-04-25T06:00:00","guid":{"rendered":"https:\/\/maismagazine.pt\/?p=9393"},"modified":"2024-04-22T15:07:03","modified_gmt":"2024-04-22T14:07:03","slug":"apesp-marcar-pela-diferenca-na-educacao-e-formacao-superior-dos-portugueses-4","status":"publish","type":"post","link":"http:\/\/maismagazine.pt\/index.php\/2024\/04\/25\/apesp-marcar-pela-diferenca-na-educacao-e-formacao-superior-dos-portugueses-4\/","title":{"rendered":"APESP: Marcar pela diferen\u00e7a na educa\u00e7\u00e3o e forma\u00e7\u00e3o superior dos portugueses"},"content":{"rendered":"\n<p><span style=\"margin: 0px; padding: 0px; color: transparent; cursor: text; position: absolute; transform-origin: 0px 0px; text-wrap: nowrap; letter-spacing: normal; left: 141.732px; top: 334.212px; font-size: 14.1667px; font-family: serif; transform: scaleX(1.00049);\">Nascida em 1994, a APESP \u00e9 a associa\u00e7\u00e3o das entidades instituidoras dos estabeleci-<\/span><span style=\"margin: 0px; padding: 0px; color: transparent; cursor: text; position: absolute; transform-origin: 0px 0px; text-wrap: nowrap; letter-spacing: normal; left: 127.566px; top: 353.379px; font-size: 14.1667px; font-family: serif; transform: scaleX(1.01782);\">mentos ensino superior privados, tendo como principal miss\u00e3o a defesa das liberdades <\/span><span style=\"margin: 0px; padding: 0px; color: transparent; cursor: text; position: absolute; transform-origin: 0px 0px; text-wrap: nowrap; letter-spacing: normal; left: 127.566px; top: 372.547px; font-size: 14.1667px; font-family: serif; transform: scaleX(1.00123);\">de aprender e de ensinar. Neste contexto, goza do estatuto de parceiro social, sendo for-<\/span><span style=\"margin: 0px; padding: 0px; color: transparent; cursor: text; position: absolute; transform-origin: 0px 0px; text-wrap: nowrap; letter-spacing: normal; left: 127.566px; top: 391.714px; font-size: 14.1667px; font-family: serif; transform: scaleX(0.997482);\">malmente a representante das institui\u00e7\u00f5es universit\u00e1rias e polit\u00e9cnicas n\u00e3o estatais. \u201cEs-<\/span><span style=\"margin: 0px; padding: 0px; color: transparent; cursor: text; position: absolute; transform-origin: 0px 0px; text-wrap: nowrap; letter-spacing: normal; left: 127.566px; top: 410.882px; font-size: 14.1667px; font-family: serif; transform: scaleX(1.02697);\">tas entidades instituidoras t\u00eam a responsabilidade de garantir as condi\u00e7\u00f5es humanas e <\/span><span style=\"margin: 0px; padding: 0px; color: transparent; cursor: text; position: absolute; transform-origin: 0px 0px; text-wrap: nowrap; letter-spacing: normal; left: 127.566px; top: 430.049px; font-size: 14.1667px; font-family: serif; transform: scaleX(1.00427);\">materiais necess\u00e1rias para o bom funcionamento dos seus estabelecimentos de ensino\u201d, <\/span><span style=\"margin: 0px; padding: 0px; color: transparent; cursor: text; position: absolute; transform-origin: 0px 0px; text-wrap: nowrap; letter-spacing: normal; left: 127.566px; top: 449.217px; font-size: 14.1667px; font-family: serif; transform: scaleX(0.975338);\">explica Ant\u00f3nio Almeida-Dias. \u00c9 neste contexto organizacional que a APESP desenvolve <\/span><span style=\"margin: 0px; padding: 0px; color: transparent; cursor: text; position: absolute; transform-origin: 0px 0px; text-wrap: nowrap; letter-spacing: normal; left: 127.566px; top: 468.384px; font-size: 14.1667px; font-family: serif; transform: scaleX(0.927872);\">a  sua  atividade,  contando  com  o  suporte  para  os  temas  de  maior  complexidade  com  o  <\/span><span style=\"margin: 0px; padding: 0px; color: transparent; cursor: text; position: absolute; transform-origin: 0px 0px; text-wrap: nowrap; letter-spacing: normal; left: 127.566px; top: 487.552px; font-size: 14.1667px; font-family: serif; transform: scaleX(1.01282);\">seu Conselho Consultivo, constitu\u00eddo por um conjunto de personalidades de diferentes <\/span><span style=\"margin: 0px; padding: 0px; color: transparent; cursor: text; position: absolute; transform-origin: 0px 0px; text-wrap: nowrap; letter-spacing: normal; left: 127.566px; top: 506.719px; font-size: 14.1667px; font-family: serif; transform: scaleX(1.00334);\">\u00e1reas da sociedade civil. \u201cO principal foco da nossa atividade \u00e9, por um lado, garantir o <\/span><span style=\"margin: 0px; padding: 0px; color: transparent; cursor: text; position: absolute; transform-origin: 0px 0px; text-wrap: nowrap; letter-spacing: normal; left: 127.566px; top: 525.887px; font-size: 14.1667px; font-family: serif; transform: scaleX(1.01804);\">respeito e reconhecimento do papel relevante do nosso setor e, por outro, promover as <\/span><span style=\"margin: 0px; padding: 0px; color: transparent; cursor: text; position: absolute; transform-origin: 0px 0px; text-wrap: nowrap; letter-spacing: normal; left: 127.566px; top: 545.054px; font-size: 14.1667px; font-family: serif; transform: scaleX(0.988832);\">condi\u00e7\u00f5es para podermos crescer num ambiente amig\u00e1vel, em que ser privado n\u00e3o pode, <\/span><span style=\"margin: 0px; padding: 0px; color: transparent; cursor: text; position: absolute; transform-origin: 0px 0px; text-wrap: nowrap; letter-spacing: normal; left: 127.566px; top: 564.222px; font-size: 14.1667px; font-family: serif; transform: scaleX(0.950169);\">nem  deve,  corresponder  a  uma  r\u00e9plica  do  sub-sistema  estatal.  Somos  uma  associa\u00e7\u00e3o  <\/span><span style=\"margin: 0px; padding: 0px; color: transparent; cursor: text; position: absolute; transform-origin: 0px 0px; text-wrap: nowrap; letter-spacing: normal; left: 127.566px; top: 583.389px; font-size: 14.1667px; font-family: serif; transform: scaleX(1.00575);\">de institui\u00e7\u00f5es orientadas para responder de forma eficaz e eficiente \u00e0s necessidades da <\/span><span style=\"color: transparent; font-family: serif; font-size: 14.1667px; letter-spacing: normal; text-wrap: nowrap;\">qualifica\u00e7\u00e3o dos jovens, independentemente da sua proveni\u00eancia\u201d, explica<\/span><\/p>\n\n\n\n<p>Nascida em 1994, a APESP \u00e9 a associa\u00e7\u00e3o das entidades instituidoras dos estabelecimentos ensino superior privados, tendo como principal miss\u00e3o a defesa das liberdades de aprender e de ensinar. Neste contexto, goza do estatuto de parceiro social, sendo formalmente a representante das institui\u00e7\u00f5es universit\u00e1rias e polit\u00e9cnicas n\u00e3o estatais. \u201cEstas entidades instituidoras t\u00eam a responsabilidade de garantir as condi\u00e7\u00f5es humanas e materiais necess\u00e1rias para o bom funcionamento dos seus estabelecimentos de ensino\u201d, explica Ant\u00f3nio Almeida Dias. \u00c9 neste contexto organizacional que a APESP desenvolve a sua atividade, contando com o suporte para os temas de maior complexidade com o seu Conselho Consultivo, constitu\u00eddo por um conjunto de personalidades de diferentes \u00e1reas da sociedade civil. \u201cO principal foco da nossa atividade \u00e9, por um lado, garantir o respeito e reconhecimento do papel relevante do nosso setor e, por outro, promover as condi\u00e7\u00f5es para podermos crescer num ambiente amig\u00e1vel, em que ser privado n\u00e3o pode, nem deve, corresponder a uma r\u00e9plica do sub-sistema estatal. Somos uma associa\u00e7\u00e3o de institui\u00e7\u00f5es orientadas para responder de forma eficaz e eficiente \u00e0s necessidades da qualifica\u00e7\u00e3o dos jovens, independentemente da sua proveni\u00eancia\u201d, explica.<\/p>\n\n\n\n<p><\/p>\n\n\n\n<p>Assumindo como uma das principais miss\u00f5es contribuir para que Portugal disponha de um ensino superior moderno, din\u00e2mico e eficiente, a APESP tem vindo a delinear uma importante estrat\u00e9gia para este setor que passar\u00e1, em grande medida, por encon-trar \u201cmecanismos de apoio e motiva\u00e7\u00e3o\u201d \u00e0s suas associadas para, com olhos postos no futuro, desenvolverem as suas atividades de uma forma sustent\u00e1vel. Estimular a cria\u00e7\u00e3o ou participa\u00e7\u00e3o em redes, nacionais e estrangeiras, o envolvimento com o tecido empresarial, designadamente no que respeita ao desenvolvimento clusters de investiga\u00e7\u00e3o cient\u00edfica aplicada e a promo\u00e7\u00e3o da inova\u00e7\u00e3o pedag\u00f3gica, desenhando novos modelos de forma\u00e7\u00e3o, de forma a captar novos p\u00fablicos que, cada vez mais, se identificam com diferentes perfis.<\/p>\n\n\n\n<p><\/p>\n\n\n\n<p>Nesse sentido, no futuro, a APESP promete continuar a trabalhar para que o ensino superior n\u00e3o estatal possa desenvolver a sua atividade com a autonomia necess\u00e1ria para ter a t\u00e3o falada liberdade de ensinos e aprender. \u201cIsto implicar\u00e1 continuar a derrubar as barreiras que dificultam e a capacidade de inovar, e marcar a diferen\u00e7a daquilo que \u00e9 o resultado da interven\u00e7\u00e3o da sociedade civil na educa\u00e7\u00e3o e da forma\u00e7\u00e3o superior dos portugueses e de todos aqueles que, vindo de outros destinos, escolhem Portugal para estudar. Estamos conscientes que o futuro que se adivinha n\u00e3o ser\u00e1 f\u00e1cil pois os poucos portugueses que ir\u00e3o ser candidatos ao ensino superior portugu\u00eas ser\u00e3o disputados pelas institui\u00e7\u00f5es estatais e as pertencentes ao setor particular, social e cooperativo\u201d, afirma Ant\u00f3nio Almeida Dias. Assim, na opini\u00e3o do Presidente da associa\u00e7\u00e3o, ser\u00e1 necess\u00e1ria a promo\u00e7\u00e3o de medidas que garantam uma concorr\u00eancia entre as institui\u00e7\u00f5es em que o motivo da escolha dos estudantes assente em crit\u00e9rios de qualidade e que o motivo financeiro seja atenuado e n\u00e3o aprovado. \u201cO Estado deve refor\u00e7ar a A\u00e7\u00e3o Social de apoio aos alunos carenciados, de forma a poderem escolher institui\u00e7\u00f5es privadas para estudarem, ultrapassando o constrangimento financeiro.\u201d<\/p>\n\n\n\n<p><\/p>\n\n\n\n<p>Ant\u00f3nio Almeida Dias, Presidente da APESP<\/p>\n","protected":false},"excerpt":{"rendered":"<p>Nascida em 1994, a APESP \u00e9 a associa\u00e7\u00e3o das entidades instituidoras dos estabeleci-mentos ensino superior privados, tendo como principal miss\u00e3o a defesa das liberdades de aprender e de ensinar. Neste contexto, goza do estatuto de parceiro social, sendo for-malmente a representante das institui\u00e7\u00f5es universit\u00e1rias e polit\u00e9cnicas n\u00e3o estatais. \u201cEs-tas entidades&hellip;<\/p>\n","protected":false},"author":18,"featured_media":9396,"comment_status":"closed","ping_status":"open","sticky":false,"template":"","format":"standard","meta":{"advgb_blocks_editor_width":"","advgb_blocks_columns_visual_guide":"","_monsterinsights_skip_tracking":false,"_monsterinsights_sitenote_active":false,"_monsterinsights_sitenote_note":"","_monsterinsights_sitenote_category":0,"footnotes":""},"categories":[52,51],"tags":[600,525,521,616],"class_list":["post-9393","post","type-post","status-publish","format-standard","has-post-thumbnail","hentry","category-destaque","category-opiniao","tag-apesp","tag-educacao","tag-ensino","tag-ensino-superior"],"yoast_head":"<!-- This site is optimized with the Yoast SEO plugin v24.4 - https:\/\/yoast.com\/wordpress\/plugins\/seo\/ -->\n<title>APESP: Marcar pela diferen\u00e7a na educa\u00e7\u00e3o e forma\u00e7\u00e3o superior dos portugueses - Mais Magazine<\/title>\n<meta name=\"robots\" content=\"index, follow, max-snippet:-1, max-image-preview:large, max-video-preview:-1\" \/>\n<link rel=\"canonical\" href=\"https:\/\/maismagazine.pt\/index.php\/2024\/04\/25\/apesp-marcar-pela-diferenca-na-educacao-e-formacao-superior-dos-portugueses-4\/\" \/>\n<meta property=\"og:locale\" content=\"pt_PT\" \/>\n<meta property=\"og:type\" content=\"article\" \/>\n<meta property=\"og:title\" content=\"APESP: Marcar pela diferen\u00e7a na educa\u00e7\u00e3o e forma\u00e7\u00e3o superior dos portugueses - Mais Magazine\" \/>\n<meta property=\"og:description\" content=\"Nascida em 1994, a APESP \u00e9 a associa\u00e7\u00e3o das entidades instituidoras dos estabeleci-mentos ensino superior privados, tendo como principal miss\u00e3o a defesa das liberdades de aprender e de ensinar. Neste contexto, goza do estatuto de parceiro social, sendo for-malmente a representante das institui\u00e7\u00f5es universit\u00e1rias e polit\u00e9cnicas n\u00e3o estatais. \u201cEs-tas entidades&hellip;\" \/>\n<meta property=\"og:url\" content=\"https:\/\/maismagazine.pt\/index.php\/2024\/04\/25\/apesp-marcar-pela-diferenca-na-educacao-e-formacao-superior-dos-portugueses-4\/\" \/>\n<meta property=\"og:site_name\" content=\"Mais Magazine\" \/>\n<meta property=\"article:published_time\" content=\"2024-04-25T06:00:00+00:00\" \/>\n<meta property=\"og:image\" content=\"https:\/\/maismagazine.pt\/wp-content\/uploads\/2024\/04\/Antonio-Almeida-Dias-Presidente-da-APESP.jpg\" \/>\n\t<meta property=\"og:image:width\" content=\"1373\" \/>\n\t<meta property=\"og:image:height\" content=\"2059\" \/>\n\t<meta property=\"og:image:type\" content=\"image\/jpeg\" \/>\n<meta name=\"author\" content=\"Tatiana Martins\" \/>\n<meta name=\"twitter:card\" content=\"summary_large_image\" \/>\n<meta name=\"twitter:label1\" content=\"Escrito por\" \/>\n\t<meta name=\"twitter:data1\" content=\"\" \/>\n\t<meta name=\"twitter:label2\" content=\"Tempo estimado de leitura\" \/>\n\t<meta name=\"twitter:data2\" content=\"4 minutos\" \/>\n<script type=\"application\/ld+json\" class=\"yoast-schema-graph\">{\"@context\":\"https:\/\/schema.org\",\"@graph\":[{\"@type\":\"Article\",\"@id\":\"https:\/\/maismagazine.pt\/index.php\/2024\/04\/25\/apesp-marcar-pela-diferenca-na-educacao-e-formacao-superior-dos-portugueses-4\/#article\",\"isPartOf\":{\"@id\":\"https:\/\/maismagazine.pt\/index.php\/2024\/04\/25\/apesp-marcar-pela-diferenca-na-educacao-e-formacao-superior-dos-portugueses-4\/\"},\"author\":{\"name\":\"Tatiana Martins\",\"@id\":\"https:\/\/maismagazine.pt\/#\/schema\/person\/7426e2caeb8df32a1b56aa48dae778c9\"},\"headline\":\"APESP: Marcar pela diferen\u00e7a na educa\u00e7\u00e3o e forma\u00e7\u00e3o superior dos portugueses\",\"datePublished\":\"2024-04-25T06:00:00+00:00\",\"mainEntityOfPage\":{\"@id\":\"https:\/\/maismagazine.pt\/index.php\/2024\/04\/25\/apesp-marcar-pela-diferenca-na-educacao-e-formacao-superior-dos-portugueses-4\/\"},\"wordCount\":768,\"publisher\":{\"@id\":\"https:\/\/maismagazine.pt\/#organization\"},\"image\":{\"@id\":\"https:\/\/maismagazine.pt\/index.php\/2024\/04\/25\/apesp-marcar-pela-diferenca-na-educacao-e-formacao-superior-dos-portugueses-4\/#primaryimage\"},\"thumbnailUrl\":\"http:\/\/maismagazine.pt\/wp-content\/uploads\/2024\/04\/Antonio-Almeida-Dias-Presidente-da-APESP.jpg\",\"keywords\":[\"APESP\",\"Educa\u00e7\u00e3o\",\"Ensino\",\"ensino superior\"],\"articleSection\":[\"Destaque lateral\",\"Opini\u00e3o\"],\"inLanguage\":\"pt-PT\"},{\"@type\":\"WebPage\",\"@id\":\"https:\/\/maismagazine.pt\/index.php\/2024\/04\/25\/apesp-marcar-pela-diferenca-na-educacao-e-formacao-superior-dos-portugueses-4\/\",\"url\":\"https:\/\/maismagazine.pt\/index.php\/2024\/04\/25\/apesp-marcar-pela-diferenca-na-educacao-e-formacao-superior-dos-portugueses-4\/\",\"name\":\"APESP: Marcar pela diferen\u00e7a na educa\u00e7\u00e3o e forma\u00e7\u00e3o superior dos portugueses - Mais Magazine\",\"isPartOf\":{\"@id\":\"https:\/\/maismagazine.pt\/#website\"},\"primaryImageOfPage\":{\"@id\":\"https:\/\/maismagazine.pt\/index.php\/2024\/04\/25\/apesp-marcar-pela-diferenca-na-educacao-e-formacao-superior-dos-portugueses-4\/#primaryimage\"},\"image\":{\"@id\":\"https:\/\/maismagazine.pt\/index.php\/2024\/04\/25\/apesp-marcar-pela-diferenca-na-educacao-e-formacao-superior-dos-portugueses-4\/#primaryimage\"},\"thumbnailUrl\":\"http:\/\/maismagazine.pt\/wp-content\/uploads\/2024\/04\/Antonio-Almeida-Dias-Presidente-da-APESP.jpg\",\"datePublished\":\"2024-04-25T06:00:00+00:00\",\"breadcrumb\":{\"@id\":\"https:\/\/maismagazine.pt\/index.php\/2024\/04\/25\/apesp-marcar-pela-diferenca-na-educacao-e-formacao-superior-dos-portugueses-4\/#breadcrumb\"},\"inLanguage\":\"pt-PT\",\"potentialAction\":[{\"@type\":\"ReadAction\",\"target\":[\"https:\/\/maismagazine.pt\/index.php\/2024\/04\/25\/apesp-marcar-pela-diferenca-na-educacao-e-formacao-superior-dos-portugueses-4\/\"]}]},{\"@type\":\"ImageObject\",\"inLanguage\":\"pt-PT\",\"@id\":\"https:\/\/maismagazine.pt\/index.php\/2024\/04\/25\/apesp-marcar-pela-diferenca-na-educacao-e-formacao-superior-dos-portugueses-4\/#primaryimage\",\"url\":\"http:\/\/maismagazine.pt\/wp-content\/uploads\/2024\/04\/Antonio-Almeida-Dias-Presidente-da-APESP.jpg\",\"contentUrl\":\"http:\/\/maismagazine.pt\/wp-content\/uploads\/2024\/04\/Antonio-Almeida-Dias-Presidente-da-APESP.jpg\",\"width\":1373,\"height\":2059},{\"@type\":\"BreadcrumbList\",\"@id\":\"https:\/\/maismagazine.pt\/index.php\/2024\/04\/25\/apesp-marcar-pela-diferenca-na-educacao-e-formacao-superior-dos-portugueses-4\/#breadcrumb\",\"itemListElement\":[{\"@type\":\"ListItem\",\"position\":1,\"name\":\"Home\",\"item\":\"https:\/\/maismagazine.pt\/\"},{\"@type\":\"ListItem\",\"position\":2,\"name\":\"APESP: Marcar pela diferen\u00e7a na educa\u00e7\u00e3o e forma\u00e7\u00e3o superior dos portugueses\"}]},{\"@type\":\"WebSite\",\"@id\":\"https:\/\/maismagazine.pt\/#website\",\"url\":\"https:\/\/maismagazine.pt\/\",\"name\":\"Mais Magazine\",\"description\":\"\",\"publisher\":{\"@id\":\"https:\/\/maismagazine.pt\/#organization\"},\"potentialAction\":[{\"@type\":\"SearchAction\",\"target\":{\"@type\":\"EntryPoint\",\"urlTemplate\":\"https:\/\/maismagazine.pt\/?s={search_term_string}\"},\"query-input\":{\"@type\":\"PropertyValueSpecification\",\"valueRequired\":true,\"valueName\":\"search_term_string\"}}],\"inLanguage\":\"pt-PT\"},{\"@type\":\"Organization\",\"@id\":\"https:\/\/maismagazine.pt\/#organization\",\"name\":\"Mais Magazine\",\"url\":\"https:\/\/maismagazine.pt\/\",\"logo\":{\"@type\":\"ImageObject\",\"inLanguage\":\"pt-PT\",\"@id\":\"https:\/\/maismagazine.pt\/#\/schema\/logo\/image\/\",\"url\":\"http:\/\/maismagazine.pt\/wp-content\/uploads\/2020\/04\/cropped-cropped-mais-magazine-site-logo-2.png\",\"contentUrl\":\"http:\/\/maismagazine.pt\/wp-content\/uploads\/2020\/04\/cropped-cropped-mais-magazine-site-logo-2.png\",\"width\":581,\"height\":90,\"caption\":\"Mais Magazine\"},\"image\":{\"@id\":\"https:\/\/maismagazine.pt\/#\/schema\/logo\/image\/\"}},{\"@type\":\"Person\",\"@id\":\"https:\/\/maismagazine.pt\/#\/schema\/person\/7426e2caeb8df32a1b56aa48dae778c9\",\"name\":\"Tatiana Martins\",\"image\":{\"@type\":\"ImageObject\",\"inLanguage\":\"pt-PT\",\"@id\":\"https:\/\/maismagazine.pt\/#\/schema\/person\/image\/\",\"url\":\"https:\/\/secure.gravatar.com\/avatar\/4b24a57f5d0425f2eb20981c4b53244e?s=96&d=mm&r=g\",\"contentUrl\":\"https:\/\/secure.gravatar.com\/avatar\/4b24a57f5d0425f2eb20981c4b53244e?s=96&d=mm&r=g\",\"caption\":\"Tatiana Martins\"},\"url\":\"http:\/\/maismagazine.pt\/index.php\/author\/tatiana\/\"}]}<\/script>\n<!-- \/ Yoast SEO plugin. -->","yoast_head_json":{"title":"APESP: Marcar pela diferen\u00e7a na educa\u00e7\u00e3o e forma\u00e7\u00e3o superior dos portugueses - Mais Magazine","robots":{"index":"index","follow":"follow","max-snippet":"max-snippet:-1","max-image-preview":"max-image-preview:large","max-video-preview":"max-video-preview:-1"},"canonical":"https:\/\/maismagazine.pt\/index.php\/2024\/04\/25\/apesp-marcar-pela-diferenca-na-educacao-e-formacao-superior-dos-portugueses-4\/","og_locale":"pt_PT","og_type":"article","og_title":"APESP: Marcar pela diferen\u00e7a na educa\u00e7\u00e3o e forma\u00e7\u00e3o superior dos portugueses - Mais Magazine","og_description":"Nascida em 1994, a APESP \u00e9 a associa\u00e7\u00e3o das entidades instituidoras dos estabeleci-mentos ensino superior privados, tendo como principal miss\u00e3o a defesa das liberdades de aprender e de ensinar. Neste contexto, goza do estatuto de parceiro social, sendo for-malmente a representante das institui\u00e7\u00f5es universit\u00e1rias e polit\u00e9cnicas n\u00e3o estatais. \u201cEs-tas entidades&hellip;","og_url":"https:\/\/maismagazine.pt\/index.php\/2024\/04\/25\/apesp-marcar-pela-diferenca-na-educacao-e-formacao-superior-dos-portugueses-4\/","og_site_name":"Mais Magazine","article_published_time":"2024-04-25T06:00:00+00:00","og_image":[{"width":1373,"height":2059,"url":"https:\/\/maismagazine.pt\/wp-content\/uploads\/2024\/04\/Antonio-Almeida-Dias-Presidente-da-APESP.jpg","type":"image\/jpeg"}],"author":"Tatiana Martins","twitter_card":"summary_large_image","twitter_misc":{"Escrito por":false,"Tempo estimado de leitura":"4 minutos"},"schema":{"@context":"https:\/\/schema.org","@graph":[{"@type":"Article","@id":"https:\/\/maismagazine.pt\/index.php\/2024\/04\/25\/apesp-marcar-pela-diferenca-na-educacao-e-formacao-superior-dos-portugueses-4\/#article","isPartOf":{"@id":"https:\/\/maismagazine.pt\/index.php\/2024\/04\/25\/apesp-marcar-pela-diferenca-na-educacao-e-formacao-superior-dos-portugueses-4\/"},"author":{"name":"Tatiana Martins","@id":"https:\/\/maismagazine.pt\/#\/schema\/person\/7426e2caeb8df32a1b56aa48dae778c9"},"headline":"APESP: Marcar pela diferen\u00e7a na educa\u00e7\u00e3o e forma\u00e7\u00e3o superior dos portugueses","datePublished":"2024-04-25T06:00:00+00:00","mainEntityOfPage":{"@id":"https:\/\/maismagazine.pt\/index.php\/2024\/04\/25\/apesp-marcar-pela-diferenca-na-educacao-e-formacao-superior-dos-portugueses-4\/"},"wordCount":768,"publisher":{"@id":"https:\/\/maismagazine.pt\/#organization"},"image":{"@id":"https:\/\/maismagazine.pt\/index.php\/2024\/04\/25\/apesp-marcar-pela-diferenca-na-educacao-e-formacao-superior-dos-portugueses-4\/#primaryimage"},"thumbnailUrl":"http:\/\/maismagazine.pt\/wp-content\/uploads\/2024\/04\/Antonio-Almeida-Dias-Presidente-da-APESP.jpg","keywords":["APESP","Educa\u00e7\u00e3o","Ensino","ensino superior"],"articleSection":["Destaque lateral","Opini\u00e3o"],"inLanguage":"pt-PT"},{"@type":"WebPage","@id":"https:\/\/maismagazine.pt\/index.php\/2024\/04\/25\/apesp-marcar-pela-diferenca-na-educacao-e-formacao-superior-dos-portugueses-4\/","url":"https:\/\/maismagazine.pt\/index.php\/2024\/04\/25\/apesp-marcar-pela-diferenca-na-educacao-e-formacao-superior-dos-portugueses-4\/","name":"APESP: Marcar pela diferen\u00e7a na educa\u00e7\u00e3o e forma\u00e7\u00e3o superior dos portugueses - Mais Magazine","isPartOf":{"@id":"https:\/\/maismagazine.pt\/#website"},"primaryImageOfPage":{"@id":"https:\/\/maismagazine.pt\/index.php\/2024\/04\/25\/apesp-marcar-pela-diferenca-na-educacao-e-formacao-superior-dos-portugueses-4\/#primaryimage"},"image":{"@id":"https:\/\/maismagazine.pt\/index.php\/2024\/04\/25\/apesp-marcar-pela-diferenca-na-educacao-e-formacao-superior-dos-portugueses-4\/#primaryimage"},"thumbnailUrl":"http:\/\/maismagazine.pt\/wp-content\/uploads\/2024\/04\/Antonio-Almeida-Dias-Presidente-da-APESP.jpg","datePublished":"2024-04-25T06:00:00+00:00","breadcrumb":{"@id":"https:\/\/maismagazine.pt\/index.php\/2024\/04\/25\/apesp-marcar-pela-diferenca-na-educacao-e-formacao-superior-dos-portugueses-4\/#breadcrumb"},"inLanguage":"pt-PT","potentialAction":[{"@type":"ReadAction","target":["https:\/\/maismagazine.pt\/index.php\/2024\/04\/25\/apesp-marcar-pela-diferenca-na-educacao-e-formacao-superior-dos-portugueses-4\/"]}]},{"@type":"ImageObject","inLanguage":"pt-PT","@id":"https:\/\/maismagazine.pt\/index.php\/2024\/04\/25\/apesp-marcar-pela-diferenca-na-educacao-e-formacao-superior-dos-portugueses-4\/#primaryimage","url":"http:\/\/maismagazine.pt\/wp-content\/uploads\/2024\/04\/Antonio-Almeida-Dias-Presidente-da-APESP.jpg","contentUrl":"http:\/\/maismagazine.pt\/wp-content\/uploads\/2024\/04\/Antonio-Almeida-Dias-Presidente-da-APESP.jpg","width":1373,"height":2059},{"@type":"BreadcrumbList","@id":"https:\/\/maismagazine.pt\/index.php\/2024\/04\/25\/apesp-marcar-pela-diferenca-na-educacao-e-formacao-superior-dos-portugueses-4\/#breadcrumb","itemListElement":[{"@type":"ListItem","position":1,"name":"Home","item":"https:\/\/maismagazine.pt\/"},{"@type":"ListItem","position":2,"name":"APESP: Marcar pela diferen\u00e7a na educa\u00e7\u00e3o e forma\u00e7\u00e3o superior dos portugueses"}]},{"@type":"WebSite","@id":"https:\/\/maismagazine.pt\/#website","url":"https:\/\/maismagazine.pt\/","name":"Mais Magazine","description":"","publisher":{"@id":"https:\/\/maismagazine.pt\/#organization"},"potentialAction":[{"@type":"SearchAction","target":{"@type":"EntryPoint","urlTemplate":"https:\/\/maismagazine.pt\/?s={search_term_string}"},"query-input":{"@type":"PropertyValueSpecification","valueRequired":true,"valueName":"search_term_string"}}],"inLanguage":"pt-PT"},{"@type":"Organization","@id":"https:\/\/maismagazine.pt\/#organization","name":"Mais Magazine","url":"https:\/\/maismagazine.pt\/","logo":{"@type":"ImageObject","inLanguage":"pt-PT","@id":"https:\/\/maismagazine.pt\/#\/schema\/logo\/image\/","url":"http:\/\/maismagazine.pt\/wp-content\/uploads\/2020\/04\/cropped-cropped-mais-magazine-site-logo-2.png","contentUrl":"http:\/\/maismagazine.pt\/wp-content\/uploads\/2020\/04\/cropped-cropped-mais-magazine-site-logo-2.png","width":581,"height":90,"caption":"Mais Magazine"},"image":{"@id":"https:\/\/maismagazine.pt\/#\/schema\/logo\/image\/"}},{"@type":"Person","@id":"https:\/\/maismagazine.pt\/#\/schema\/person\/7426e2caeb8df32a1b56aa48dae778c9","name":"Tatiana Martins","image":{"@type":"ImageObject","inLanguage":"pt-PT","@id":"https:\/\/maismagazine.pt\/#\/schema\/person\/image\/","url":"https:\/\/secure.gravatar.com\/avatar\/4b24a57f5d0425f2eb20981c4b53244e?s=96&d=mm&r=g","contentUrl":"https:\/\/secure.gravatar.com\/avatar\/4b24a57f5d0425f2eb20981c4b53244e?s=96&d=mm&r=g","caption":"Tatiana Martins"},"url":"http:\/\/maismagazine.pt\/index.php\/author\/tatiana\/"}]}},"author_meta":{"display_name":false,"author_link":"http:\/\/maismagazine.pt\/index.php\/author\/tatiana\/"},"featured_img":"http:\/\/maismagazine.pt\/wp-content\/uploads\/2024\/04\/Antonio-Almeida-Dias-Presidente-da-APESP-200x300.jpg","coauthors":[],"tax_additional":{"categories":{"linked":["<a href=\"http:\/\/maismagazine.pt\/index.php\/category\/destaque\/\" class=\"advgb-post-tax-term\">Destaque lateral<\/a>","<a href=\"http:\/\/maismagazine.pt\/index.php\/category\/noticias\/opiniao\/\" class=\"advgb-post-tax-term\">Opini\u00e3o<\/a>"],"unlinked":["<span class=\"advgb-post-tax-term\">Destaque lateral<\/span>","<span class=\"advgb-post-tax-term\">Opini\u00e3o<\/span>"]},"tags":{"linked":["<a href=\"http:\/\/maismagazine.pt\/index.php\/category\/noticias\/opiniao\/\" class=\"advgb-post-tax-term\">APESP<\/a>","<a href=\"http:\/\/maismagazine.pt\/index.php\/category\/noticias\/opiniao\/\" class=\"advgb-post-tax-term\">Educa\u00e7\u00e3o<\/a>","<a href=\"http:\/\/maismagazine.pt\/index.php\/category\/noticias\/opiniao\/\" class=\"advgb-post-tax-term\">Ensino<\/a>","<a href=\"http:\/\/maismagazine.pt\/index.php\/category\/noticias\/opiniao\/\" class=\"advgb-post-tax-term\">ensino superior<\/a>"],"unlinked":["<span class=\"advgb-post-tax-term\">APESP<\/span>","<span class=\"advgb-post-tax-term\">Educa\u00e7\u00e3o<\/span>","<span class=\"advgb-post-tax-term\">Ensino<\/span>","<span class=\"advgb-post-tax-term\">ensino superior<\/span>"]}},"comment_count":"0","relative_dates":{"created":"Posted 2 anos ago","modified":"Updated 2 anos ago"},"absolute_dates":{"created":"Posted on 25 de Abril, 2024","modified":"Updated on 22 de Abril, 2024"},"absolute_dates_time":{"created":"Posted on 25 de Abril, 2024 7:00","modified":"Updated on 22 de Abril, 2024 15:07"},"featured_img_caption":"","series_order":"","_links":{"self":[{"href":"http:\/\/maismagazine.pt\/index.php\/wp-json\/wp\/v2\/posts\/9393","targetHints":{"allow":["GET"]}}],"collection":[{"href":"http:\/\/maismagazine.pt\/index.php\/wp-json\/wp\/v2\/posts"}],"about":[{"href":"http:\/\/maismagazine.pt\/index.php\/wp-json\/wp\/v2\/types\/post"}],"author":[{"embeddable":true,"href":"http:\/\/maismagazine.pt\/index.php\/wp-json\/wp\/v2\/users\/18"}],"replies":[{"embeddable":true,"href":"http:\/\/maismagazine.pt\/index.php\/wp-json\/wp\/v2\/comments?post=9393"}],"version-history":[{"count":1,"href":"http:\/\/maismagazine.pt\/index.php\/wp-json\/wp\/v2\/posts\/9393\/revisions"}],"predecessor-version":[{"id":9397,"href":"http:\/\/maismagazine.pt\/index.php\/wp-json\/wp\/v2\/posts\/9393\/revisions\/9397"}],"wp:featuredmedia":[{"embeddable":true,"href":"http:\/\/maismagazine.pt\/index.php\/wp-json\/wp\/v2\/media\/9396"}],"wp:attachment":[{"href":"http:\/\/maismagazine.pt\/index.php\/wp-json\/wp\/v2\/media?parent=9393"}],"wp:term":[{"taxonomy":"category","embeddable":true,"href":"http:\/\/maismagazine.pt\/index.php\/wp-json\/wp\/v2\/categories?post=9393"},{"taxonomy":"post_tag","embeddable":true,"href":"http:\/\/maismagazine.pt\/index.php\/wp-json\/wp\/v2\/tags?post=9393"}],"curies":[{"name":"wp","href":"https:\/\/api.w.org\/{rel}","templated":true}]}}