{"id":9284,"date":"2024-03-29T07:00:00","date_gmt":"2024-03-29T07:00:00","guid":{"rendered":"https:\/\/maismagazine.pt\/?p=9284"},"modified":"2024-03-25T16:22:51","modified_gmt":"2024-03-25T16:22:51","slug":"o-tesouro-termal-de-caldas-da-rainha","status":"publish","type":"post","link":"http:\/\/maismagazine.pt\/index.php\/2024\/03\/29\/o-tesouro-termal-de-caldas-da-rainha\/","title":{"rendered":"O tesouro termal de Caldas da Rainha"},"content":{"rendered":"\n<p><strong>O Presidente da C\u00e2mara Municipal das <a href=\"http:\/\/www.mcr.pt\">Caldas da Rainha<\/a> enfatiza a liga\u00e7\u00e3o \u00fanica entre a sa\u00fade, o bem-estar e a riqueza hist\u00f3rica das termas em entrevista \u00e0 Mais Magazine<\/strong>. <\/p>\n\n\n\n<p><\/p>\n\n\n\n<p><strong>Quais as propriedades f\u00edsico-qu\u00edmicas das \u00e1guas termais de Caldas da Rainha e para que patologias s\u00e3o indicadas como tratamento?<\/strong> <\/p>\n\n\n\n<p>A \u00e1gua mineral natural de Caldas da Rainha tem carater\u00edsticas diferenciadoras, destacando-se por uma temperatura de cerca de 34 graus e \u00e1gua hipersalina, com uma composi\u00e7\u00e3o i\u00f3nica sulf\u00farea e cloretada s\u00f3dica. Neste momento as Termas de Caldas da Rainha possuem tratamentos na \u00e1rea m\u00fasculo-esquel\u00e9tica e servi\u00e7os de bem-estar, no edif\u00edcio do Hospital Termal mais antigo do mundo. Promovemos ainda tratamentos ao n\u00edvel das vias respirat\u00f3rio, no Balne\u00e1rio Novo.<\/p>\n\n\n\n<p><\/p>\n\n\n\n<p><strong>Conte-nos mais sobre a hist\u00f3ria que est\u00e1 associada \u00e0s termas de Caldas da Rainha. <\/strong><\/p>\n\n\n\n<p>Reza a lenda que, em 1484, a Rainha D. Leonor passou pelo local agora conhecido como Caldas da Rainha e ficou curiosa ao ver v\u00e1rias pessoas a banharem-se em \u00e1guas fumegantes. Perante o poder da cura pelas \u00e1guas que a pr\u00f3pria experimentou, mandou edificar um Hospital, corria o ano de 1485, sendo que a origem da pr\u00f3pria cidade se funde com este momento e a identidade termal do territ\u00f3rio se mant\u00e9m at\u00e9 hoje. Inspirados no compromisso que a Rainha D. Leonor apresentou ao construir um territ\u00f3rio termal em Caldas da Rainha, neste momento encontramo-nos a concluir o Master Plan do complexo Termal, que prev\u00ea uma abordagem integrada da \u00e1rea da sa\u00fade e bem-estar, aliada \u00e0 cultura, \u00e0 sustentabilidade, \u00e0 mobilidade e urbanismo e ao turismo, tendo o termalismo e as artes como elementos centrais da identidade do concelho. <\/p>\n\n\n\n<p><\/p>\n\n\n\n<p><strong>Geralmente, a ida \u00e0s termas \u00e9 mais associada a um p\u00fablico mais velho. De que forma tentam promover esta atividade juntos dos mais novos? <\/strong> <\/p>\n\n\n\n<p>Efetivamente temos uma grande percentagem de pessoas que nos procuram acima dos 60 anos. Por\u00e9m, consideramos importante sensibilizar outras gera\u00e7\u00f5es a procurarem as Termas, para diferentes servi\u00e7os no \u00e2mbito terap\u00eautico e ao n\u00edvel do bem-estar. Neste sentido, encontramo-nos neste momento a estruturar um projeto que visa dinamizar um ambiente mais apelativo para as crian\u00e7as e jovens, atrav\u00e9s da cria\u00e7\u00e3o de uma mascote, bem como lan\u00e7ando um livro infantil ilustrado, baseado na descoberta das \u00e1guas termais pela Rainha D. Leonor. Convido todos a partir \u00e0 descoberta dos encantos que o concelho de Caldas da Rainha tem para oferecer. Temos o Hospital Termal mais antigo do mundo &#8211; um edif\u00edcio que respira hist\u00f3ria &#8211; mas inovamos, promovendo servi\u00e7os terap\u00eauticos e de bem-estar de excel\u00eancia, neste mesmo espa\u00e7o t\u00e3o emblem\u00e1tico. Assim, pretendemos continuar a dignificar o legado que a Rainha D. Leonor nos deixou. <\/p>\n\n\n\n<p><\/p>\n\n\n<div class=\"wp-block-image\">\n<figure class=\"aligncenter size-large is-resized\"><img loading=\"lazy\" decoding=\"async\" width=\"683\" height=\"1024\" src=\"https:\/\/maismagazine.pt\/wp-content\/uploads\/2024\/03\/Vitor-Marques-Presidente-da-Camara-Municipal-das-Caldas-da-Rainha-683x1024.jpg\" alt=\"\" class=\"wp-image-9286\" style=\"aspect-ratio:0.6669921875;width:249px;height:auto\" srcset=\"http:\/\/maismagazine.pt\/wp-content\/uploads\/2024\/03\/Vitor-Marques-Presidente-da-Camara-Municipal-das-Caldas-da-Rainha-683x1024.jpg 683w, http:\/\/maismagazine.pt\/wp-content\/uploads\/2024\/03\/Vitor-Marques-Presidente-da-Camara-Municipal-das-Caldas-da-Rainha-200x300.jpg 200w, http:\/\/maismagazine.pt\/wp-content\/uploads\/2024\/03\/Vitor-Marques-Presidente-da-Camara-Municipal-das-Caldas-da-Rainha-768x1152.jpg 768w, http:\/\/maismagazine.pt\/wp-content\/uploads\/2024\/03\/Vitor-Marques-Presidente-da-Camara-Municipal-das-Caldas-da-Rainha-1024x1536.jpg 1024w, http:\/\/maismagazine.pt\/wp-content\/uploads\/2024\/03\/Vitor-Marques-Presidente-da-Camara-Municipal-das-Caldas-da-Rainha-1365x2048.jpg 1365w, http:\/\/maismagazine.pt\/wp-content\/uploads\/2024\/03\/Vitor-Marques-Presidente-da-Camara-Municipal-das-Caldas-da-Rainha-scaled.jpg 1707w\" sizes=\"auto, (max-width: 683px) 100vw, 683px\" \/><figcaption class=\"wp-element-caption\">V\u00edtor Marques, Presidente da C\u00e2mara Municipal das Caldas da Rainh<\/figcaption><\/figure><\/div>","protected":false},"excerpt":{"rendered":"<p>O Presidente da C\u00e2mara Municipal das Caldas da Rainha enfatiza a liga\u00e7\u00e3o \u00fanica entre a sa\u00fade, o bem-estar e a riqueza hist\u00f3rica das termas em entrevista \u00e0 Mais Magazine. Quais as propriedades f\u00edsico-qu\u00edmicas das \u00e1guas termais de Caldas da Rainha e para que patologias s\u00e3o indicadas como tratamento? A \u00e1gua&hellip;<\/p>\n","protected":false},"author":17,"featured_media":9287,"comment_status":"closed","ping_status":"open","sticky":false,"template":"","format":"standard","meta":{"advgb_blocks_editor_width":"","advgb_blocks_columns_visual_guide":"","_monsterinsights_skip_tracking":false,"_monsterinsights_sitenote_active":false,"_monsterinsights_sitenote_note":"","_monsterinsights_sitenote_category":0,"footnotes":""},"categories":[53],"tags":[1538,453],"class_list":["post-9284","post","type-post","status-publish","format-standard","has-post-thumbnail","hentry","category-turismo-restaurantes","tag-caldas-da-rainha","tag-termas"],"yoast_head":"<!-- This site is optimized with the Yoast SEO plugin v24.4 - https:\/\/yoast.com\/wordpress\/plugins\/seo\/ -->\n<title>O tesouro termal de Caldas da Rainha - Mais Magazine<\/title>\n<meta name=\"description\" content=\"O Presidente da C\u00e2mara Municipal das Caldas da Rainha enfatiza a liga\u00e7\u00e3o \u00fanica entre a sa\u00fade, o bem-estar e a riqueza hist\u00f3rica das termas em entrevista \u00e0 Mais Magazine.\" \/>\n<meta name=\"robots\" content=\"index, follow, max-snippet:-1, max-image-preview:large, max-video-preview:-1\" \/>\n<link rel=\"canonical\" href=\"http:\/\/maismagazine.pt\/index.php\/2024\/03\/29\/o-tesouro-termal-de-caldas-da-rainha\/\" \/>\n<meta property=\"og:locale\" content=\"pt_PT\" \/>\n<meta property=\"og:type\" content=\"article\" \/>\n<meta property=\"og:title\" content=\"O tesouro termal de Caldas da Rainha - Mais Magazine\" \/>\n<meta property=\"og:description\" content=\"O Presidente da C\u00e2mara Municipal das Caldas da Rainha enfatiza a liga\u00e7\u00e3o \u00fanica entre a sa\u00fade, o bem-estar e a riqueza hist\u00f3rica das termas em entrevista \u00e0 Mais Magazine.\" \/>\n<meta property=\"og:url\" content=\"http:\/\/maismagazine.pt\/index.php\/2024\/03\/29\/o-tesouro-termal-de-caldas-da-rainha\/\" \/>\n<meta property=\"og:site_name\" content=\"Mais Magazine\" \/>\n<meta property=\"article:published_time\" content=\"2024-03-29T07:00:00+00:00\" \/>\n<meta property=\"og:image\" content=\"http:\/\/maismagazine.pt\/wp-content\/uploads\/2024\/03\/Caldas-da-Rainha.jpg\" \/>\n\t<meta property=\"og:image:width\" content=\"1920\" \/>\n\t<meta property=\"og:image:height\" content=\"750\" \/>\n\t<meta property=\"og:image:type\" content=\"image\/jpeg\" \/>\n<meta name=\"author\" content=\"Tiago Costa\" \/>\n<meta name=\"twitter:card\" content=\"summary_large_image\" \/>\n<meta name=\"twitter:label1\" content=\"Escrito por\" \/>\n\t<meta name=\"twitter:data1\" content=\"\" \/>\n\t<meta name=\"twitter:label2\" content=\"Tempo estimado de leitura\" \/>\n\t<meta name=\"twitter:data2\" content=\"3 minutos\" \/>\n<script type=\"application\/ld+json\" class=\"yoast-schema-graph\">{\"@context\":\"https:\/\/schema.org\",\"@graph\":[{\"@type\":\"Article\",\"@id\":\"http:\/\/maismagazine.pt\/index.php\/2024\/03\/29\/o-tesouro-termal-de-caldas-da-rainha\/#article\",\"isPartOf\":{\"@id\":\"http:\/\/maismagazine.pt\/index.php\/2024\/03\/29\/o-tesouro-termal-de-caldas-da-rainha\/\"},\"author\":{\"name\":\"Tiago Costa\",\"@id\":\"https:\/\/maismagazine.pt\/#\/schema\/person\/c6c5bfccc886434cbd11c74e035f9646\"},\"headline\":\"O tesouro termal de Caldas da Rainha\",\"datePublished\":\"2024-03-29T07:00:00+00:00\",\"mainEntityOfPage\":{\"@id\":\"http:\/\/maismagazine.pt\/index.php\/2024\/03\/29\/o-tesouro-termal-de-caldas-da-rainha\/\"},\"wordCount\":487,\"publisher\":{\"@id\":\"https:\/\/maismagazine.pt\/#organization\"},\"image\":{\"@id\":\"http:\/\/maismagazine.pt\/index.php\/2024\/03\/29\/o-tesouro-termal-de-caldas-da-rainha\/#primaryimage\"},\"thumbnailUrl\":\"http:\/\/maismagazine.pt\/wp-content\/uploads\/2024\/03\/Caldas-da-Rainha.jpg\",\"keywords\":[\"Caldas da Rainha\",\"Termas\"],\"articleSection\":[\"Turismo | Vinhos | Gastronomia\"],\"inLanguage\":\"pt-PT\"},{\"@type\":\"WebPage\",\"@id\":\"http:\/\/maismagazine.pt\/index.php\/2024\/03\/29\/o-tesouro-termal-de-caldas-da-rainha\/\",\"url\":\"http:\/\/maismagazine.pt\/index.php\/2024\/03\/29\/o-tesouro-termal-de-caldas-da-rainha\/\",\"name\":\"O tesouro termal de Caldas da Rainha - Mais Magazine\",\"isPartOf\":{\"@id\":\"https:\/\/maismagazine.pt\/#website\"},\"primaryImageOfPage\":{\"@id\":\"http:\/\/maismagazine.pt\/index.php\/2024\/03\/29\/o-tesouro-termal-de-caldas-da-rainha\/#primaryimage\"},\"image\":{\"@id\":\"http:\/\/maismagazine.pt\/index.php\/2024\/03\/29\/o-tesouro-termal-de-caldas-da-rainha\/#primaryimage\"},\"thumbnailUrl\":\"http:\/\/maismagazine.pt\/wp-content\/uploads\/2024\/03\/Caldas-da-Rainha.jpg\",\"datePublished\":\"2024-03-29T07:00:00+00:00\",\"description\":\"O Presidente da C\u00e2mara Municipal das Caldas da Rainha enfatiza a liga\u00e7\u00e3o \u00fanica entre a sa\u00fade, o bem-estar e a riqueza hist\u00f3rica das termas em entrevista \u00e0 Mais Magazine.\",\"breadcrumb\":{\"@id\":\"http:\/\/maismagazine.pt\/index.php\/2024\/03\/29\/o-tesouro-termal-de-caldas-da-rainha\/#breadcrumb\"},\"inLanguage\":\"pt-PT\",\"potentialAction\":[{\"@type\":\"ReadAction\",\"target\":[\"http:\/\/maismagazine.pt\/index.php\/2024\/03\/29\/o-tesouro-termal-de-caldas-da-rainha\/\"]}]},{\"@type\":\"ImageObject\",\"inLanguage\":\"pt-PT\",\"@id\":\"http:\/\/maismagazine.pt\/index.php\/2024\/03\/29\/o-tesouro-termal-de-caldas-da-rainha\/#primaryimage\",\"url\":\"http:\/\/maismagazine.pt\/wp-content\/uploads\/2024\/03\/Caldas-da-Rainha.jpg\",\"contentUrl\":\"http:\/\/maismagazine.pt\/wp-content\/uploads\/2024\/03\/Caldas-da-Rainha.jpg\",\"width\":1920,\"height\":750},{\"@type\":\"BreadcrumbList\",\"@id\":\"http:\/\/maismagazine.pt\/index.php\/2024\/03\/29\/o-tesouro-termal-de-caldas-da-rainha\/#breadcrumb\",\"itemListElement\":[{\"@type\":\"ListItem\",\"position\":1,\"name\":\"Home\",\"item\":\"https:\/\/maismagazine.pt\/\"},{\"@type\":\"ListItem\",\"position\":2,\"name\":\"O tesouro termal de Caldas da Rainha\"}]},{\"@type\":\"WebSite\",\"@id\":\"https:\/\/maismagazine.pt\/#website\",\"url\":\"https:\/\/maismagazine.pt\/\",\"name\":\"Mais Magazine\",\"description\":\"\",\"publisher\":{\"@id\":\"https:\/\/maismagazine.pt\/#organization\"},\"potentialAction\":[{\"@type\":\"SearchAction\",\"target\":{\"@type\":\"EntryPoint\",\"urlTemplate\":\"https:\/\/maismagazine.pt\/?s={search_term_string}\"},\"query-input\":{\"@type\":\"PropertyValueSpecification\",\"valueRequired\":true,\"valueName\":\"search_term_string\"}}],\"inLanguage\":\"pt-PT\"},{\"@type\":\"Organization\",\"@id\":\"https:\/\/maismagazine.pt\/#organization\",\"name\":\"Mais Magazine\",\"url\":\"https:\/\/maismagazine.pt\/\",\"logo\":{\"@type\":\"ImageObject\",\"inLanguage\":\"pt-PT\",\"@id\":\"https:\/\/maismagazine.pt\/#\/schema\/logo\/image\/\",\"url\":\"http:\/\/maismagazine.pt\/wp-content\/uploads\/2020\/04\/cropped-cropped-mais-magazine-site-logo-2.png\",\"contentUrl\":\"http:\/\/maismagazine.pt\/wp-content\/uploads\/2020\/04\/cropped-cropped-mais-magazine-site-logo-2.png\",\"width\":581,\"height\":90,\"caption\":\"Mais Magazine\"},\"image\":{\"@id\":\"https:\/\/maismagazine.pt\/#\/schema\/logo\/image\/\"}},{\"@type\":\"Person\",\"@id\":\"https:\/\/maismagazine.pt\/#\/schema\/person\/c6c5bfccc886434cbd11c74e035f9646\",\"name\":\"Tiago Costa\",\"image\":{\"@type\":\"ImageObject\",\"inLanguage\":\"pt-PT\",\"@id\":\"https:\/\/maismagazine.pt\/#\/schema\/person\/image\/\",\"url\":\"https:\/\/secure.gravatar.com\/avatar\/c599b2bce16c9870429198cbad5ee022?s=96&d=mm&r=g\",\"contentUrl\":\"https:\/\/secure.gravatar.com\/avatar\/c599b2bce16c9870429198cbad5ee022?s=96&d=mm&r=g\",\"caption\":\"Tiago Costa\"},\"url\":\"http:\/\/maismagazine.pt\/index.php\/author\/tiago\/\"}]}<\/script>\n<!-- \/ Yoast SEO plugin. -->","yoast_head_json":{"title":"O tesouro termal de Caldas da Rainha - Mais Magazine","description":"O Presidente da C\u00e2mara Municipal das Caldas da Rainha enfatiza a liga\u00e7\u00e3o \u00fanica entre a sa\u00fade, o bem-estar e a riqueza hist\u00f3rica das termas em entrevista \u00e0 Mais Magazine.","robots":{"index":"index","follow":"follow","max-snippet":"max-snippet:-1","max-image-preview":"max-image-preview:large","max-video-preview":"max-video-preview:-1"},"canonical":"http:\/\/maismagazine.pt\/index.php\/2024\/03\/29\/o-tesouro-termal-de-caldas-da-rainha\/","og_locale":"pt_PT","og_type":"article","og_title":"O tesouro termal de Caldas da Rainha - Mais Magazine","og_description":"O Presidente da C\u00e2mara Municipal das Caldas da Rainha enfatiza a liga\u00e7\u00e3o \u00fanica entre a sa\u00fade, o bem-estar e a riqueza hist\u00f3rica das termas em entrevista \u00e0 Mais Magazine.","og_url":"http:\/\/maismagazine.pt\/index.php\/2024\/03\/29\/o-tesouro-termal-de-caldas-da-rainha\/","og_site_name":"Mais Magazine","article_published_time":"2024-03-29T07:00:00+00:00","og_image":[{"width":1920,"height":750,"url":"http:\/\/maismagazine.pt\/wp-content\/uploads\/2024\/03\/Caldas-da-Rainha.jpg","type":"image\/jpeg"}],"author":"Tiago Costa","twitter_card":"summary_large_image","twitter_misc":{"Escrito por":false,"Tempo estimado de leitura":"3 minutos"},"schema":{"@context":"https:\/\/schema.org","@graph":[{"@type":"Article","@id":"http:\/\/maismagazine.pt\/index.php\/2024\/03\/29\/o-tesouro-termal-de-caldas-da-rainha\/#article","isPartOf":{"@id":"http:\/\/maismagazine.pt\/index.php\/2024\/03\/29\/o-tesouro-termal-de-caldas-da-rainha\/"},"author":{"name":"Tiago Costa","@id":"https:\/\/maismagazine.pt\/#\/schema\/person\/c6c5bfccc886434cbd11c74e035f9646"},"headline":"O tesouro termal de Caldas da Rainha","datePublished":"2024-03-29T07:00:00+00:00","mainEntityOfPage":{"@id":"http:\/\/maismagazine.pt\/index.php\/2024\/03\/29\/o-tesouro-termal-de-caldas-da-rainha\/"},"wordCount":487,"publisher":{"@id":"https:\/\/maismagazine.pt\/#organization"},"image":{"@id":"http:\/\/maismagazine.pt\/index.php\/2024\/03\/29\/o-tesouro-termal-de-caldas-da-rainha\/#primaryimage"},"thumbnailUrl":"http:\/\/maismagazine.pt\/wp-content\/uploads\/2024\/03\/Caldas-da-Rainha.jpg","keywords":["Caldas da Rainha","Termas"],"articleSection":["Turismo | Vinhos | Gastronomia"],"inLanguage":"pt-PT"},{"@type":"WebPage","@id":"http:\/\/maismagazine.pt\/index.php\/2024\/03\/29\/o-tesouro-termal-de-caldas-da-rainha\/","url":"http:\/\/maismagazine.pt\/index.php\/2024\/03\/29\/o-tesouro-termal-de-caldas-da-rainha\/","name":"O tesouro termal de Caldas da Rainha - Mais Magazine","isPartOf":{"@id":"https:\/\/maismagazine.pt\/#website"},"primaryImageOfPage":{"@id":"http:\/\/maismagazine.pt\/index.php\/2024\/03\/29\/o-tesouro-termal-de-caldas-da-rainha\/#primaryimage"},"image":{"@id":"http:\/\/maismagazine.pt\/index.php\/2024\/03\/29\/o-tesouro-termal-de-caldas-da-rainha\/#primaryimage"},"thumbnailUrl":"http:\/\/maismagazine.pt\/wp-content\/uploads\/2024\/03\/Caldas-da-Rainha.jpg","datePublished":"2024-03-29T07:00:00+00:00","description":"O Presidente da C\u00e2mara Municipal das Caldas da Rainha enfatiza a liga\u00e7\u00e3o \u00fanica entre a sa\u00fade, o bem-estar e a riqueza hist\u00f3rica das termas em entrevista \u00e0 Mais Magazine.","breadcrumb":{"@id":"http:\/\/maismagazine.pt\/index.php\/2024\/03\/29\/o-tesouro-termal-de-caldas-da-rainha\/#breadcrumb"},"inLanguage":"pt-PT","potentialAction":[{"@type":"ReadAction","target":["http:\/\/maismagazine.pt\/index.php\/2024\/03\/29\/o-tesouro-termal-de-caldas-da-rainha\/"]}]},{"@type":"ImageObject","inLanguage":"pt-PT","@id":"http:\/\/maismagazine.pt\/index.php\/2024\/03\/29\/o-tesouro-termal-de-caldas-da-rainha\/#primaryimage","url":"http:\/\/maismagazine.pt\/wp-content\/uploads\/2024\/03\/Caldas-da-Rainha.jpg","contentUrl":"http:\/\/maismagazine.pt\/wp-content\/uploads\/2024\/03\/Caldas-da-Rainha.jpg","width":1920,"height":750},{"@type":"BreadcrumbList","@id":"http:\/\/maismagazine.pt\/index.php\/2024\/03\/29\/o-tesouro-termal-de-caldas-da-rainha\/#breadcrumb","itemListElement":[{"@type":"ListItem","position":1,"name":"Home","item":"https:\/\/maismagazine.pt\/"},{"@type":"ListItem","position":2,"name":"O tesouro termal de Caldas da Rainha"}]},{"@type":"WebSite","@id":"https:\/\/maismagazine.pt\/#website","url":"https:\/\/maismagazine.pt\/","name":"Mais Magazine","description":"","publisher":{"@id":"https:\/\/maismagazine.pt\/#organization"},"potentialAction":[{"@type":"SearchAction","target":{"@type":"EntryPoint","urlTemplate":"https:\/\/maismagazine.pt\/?s={search_term_string}"},"query-input":{"@type":"PropertyValueSpecification","valueRequired":true,"valueName":"search_term_string"}}],"inLanguage":"pt-PT"},{"@type":"Organization","@id":"https:\/\/maismagazine.pt\/#organization","name":"Mais Magazine","url":"https:\/\/maismagazine.pt\/","logo":{"@type":"ImageObject","inLanguage":"pt-PT","@id":"https:\/\/maismagazine.pt\/#\/schema\/logo\/image\/","url":"http:\/\/maismagazine.pt\/wp-content\/uploads\/2020\/04\/cropped-cropped-mais-magazine-site-logo-2.png","contentUrl":"http:\/\/maismagazine.pt\/wp-content\/uploads\/2020\/04\/cropped-cropped-mais-magazine-site-logo-2.png","width":581,"height":90,"caption":"Mais Magazine"},"image":{"@id":"https:\/\/maismagazine.pt\/#\/schema\/logo\/image\/"}},{"@type":"Person","@id":"https:\/\/maismagazine.pt\/#\/schema\/person\/c6c5bfccc886434cbd11c74e035f9646","name":"Tiago Costa","image":{"@type":"ImageObject","inLanguage":"pt-PT","@id":"https:\/\/maismagazine.pt\/#\/schema\/person\/image\/","url":"https:\/\/secure.gravatar.com\/avatar\/c599b2bce16c9870429198cbad5ee022?s=96&d=mm&r=g","contentUrl":"https:\/\/secure.gravatar.com\/avatar\/c599b2bce16c9870429198cbad5ee022?s=96&d=mm&r=g","caption":"Tiago Costa"},"url":"http:\/\/maismagazine.pt\/index.php\/author\/tiago\/"}]}},"author_meta":{"display_name":false,"author_link":"http:\/\/maismagazine.pt\/index.php\/author\/tiago\/"},"featured_img":"http:\/\/maismagazine.pt\/wp-content\/uploads\/2024\/03\/Caldas-da-Rainha-300x117.jpg","coauthors":[],"tax_additional":{"categories":{"linked":["<a href=\"http:\/\/maismagazine.pt\/index.php\/category\/turismo-restaurantes\/\" class=\"advgb-post-tax-term\">Turismo | Vinhos | Gastronomia<\/a>"],"unlinked":["<span class=\"advgb-post-tax-term\">Turismo | Vinhos | Gastronomia<\/span>"]},"tags":{"linked":["<a href=\"http:\/\/maismagazine.pt\/index.php\/category\/turismo-restaurantes\/\" class=\"advgb-post-tax-term\">Caldas da Rainha<\/a>","<a href=\"http:\/\/maismagazine.pt\/index.php\/category\/turismo-restaurantes\/\" class=\"advgb-post-tax-term\">Termas<\/a>"],"unlinked":["<span class=\"advgb-post-tax-term\">Caldas da Rainha<\/span>","<span class=\"advgb-post-tax-term\">Termas<\/span>"]}},"comment_count":"0","relative_dates":{"created":"Posted 2 anos ago","modified":"Updated 2 anos ago"},"absolute_dates":{"created":"Posted on 29 de Mar\u00e7o, 2024","modified":"Updated on 25 de Mar\u00e7o, 2024"},"absolute_dates_time":{"created":"Posted on 29 de Mar\u00e7o, 2024 7:00","modified":"Updated on 25 de Mar\u00e7o, 2024 16:22"},"featured_img_caption":"","series_order":"","_links":{"self":[{"href":"http:\/\/maismagazine.pt\/index.php\/wp-json\/wp\/v2\/posts\/9284","targetHints":{"allow":["GET"]}}],"collection":[{"href":"http:\/\/maismagazine.pt\/index.php\/wp-json\/wp\/v2\/posts"}],"about":[{"href":"http:\/\/maismagazine.pt\/index.php\/wp-json\/wp\/v2\/types\/post"}],"author":[{"embeddable":true,"href":"http:\/\/maismagazine.pt\/index.php\/wp-json\/wp\/v2\/users\/17"}],"replies":[{"embeddable":true,"href":"http:\/\/maismagazine.pt\/index.php\/wp-json\/wp\/v2\/comments?post=9284"}],"version-history":[{"count":1,"href":"http:\/\/maismagazine.pt\/index.php\/wp-json\/wp\/v2\/posts\/9284\/revisions"}],"predecessor-version":[{"id":9288,"href":"http:\/\/maismagazine.pt\/index.php\/wp-json\/wp\/v2\/posts\/9284\/revisions\/9288"}],"wp:featuredmedia":[{"embeddable":true,"href":"http:\/\/maismagazine.pt\/index.php\/wp-json\/wp\/v2\/media\/9287"}],"wp:attachment":[{"href":"http:\/\/maismagazine.pt\/index.php\/wp-json\/wp\/v2\/media?parent=9284"}],"wp:term":[{"taxonomy":"category","embeddable":true,"href":"http:\/\/maismagazine.pt\/index.php\/wp-json\/wp\/v2\/categories?post=9284"},{"taxonomy":"post_tag","embeddable":true,"href":"http:\/\/maismagazine.pt\/index.php\/wp-json\/wp\/v2\/tags?post=9284"}],"curies":[{"name":"wp","href":"https:\/\/api.w.org\/{rel}","templated":true}]}}