{"id":9234,"date":"2024-03-29T07:00:00","date_gmt":"2024-03-29T07:00:00","guid":{"rendered":"https:\/\/maismagazine.pt\/?p=9234"},"modified":"2024-03-25T16:01:00","modified_gmt":"2024-03-25T16:01:00","slug":"o-futuro-promissor-das-termas-em-portugal","status":"publish","type":"post","link":"http:\/\/maismagazine.pt\/index.php\/2024\/03\/29\/o-futuro-promissor-das-termas-em-portugal\/","title":{"rendered":"O futuro promissor das termas em Portugal"},"content":{"rendered":"\n<p><strong>Em entrevista \u00e0 Mais Magazine, Victor Leal, Presidente do Conselho de Administra\u00e7\u00e3o da Associa\u00e7\u00e3o Termas de Portugal (ATP), partilha vis\u00e3o e estrat\u00e9gias para o futuro do turismo termal nacional.<\/strong><\/p>\n\n\n\n<p><\/p>\n\n\n\n<p><strong>Come\u00e7o por lhe perguntar qual a principal miss\u00e3o, bem como os objetivos fundamentais da Associa\u00e7\u00e3o Termas de Portugal?<\/strong><\/p>\n\n\n\n<p>A principal miss\u00e3o da Associa\u00e7\u00e3o Termas de Portugal (ATP) \u00e9 promover e valorizar as termas em Portugal, bem como defender os interesses dos estabelecimentos termais no pa\u00eds. Os objetivos fundamentais da ATP incluem a promo\u00e7\u00e3o do turismo de sa\u00fade e bem-estar, a divulga\u00e7\u00e3o das propriedades terap\u00eauticas das \u00e1guas minerais e a colabora\u00e7\u00e3o com entidades p\u00fablicas e privadas para o desenvolvimento sustent\u00e1vel do setor. Para que estes objetivos sejam alcan\u00e7ados tentamos que se verifique uma clara uni\u00e3o entre o grupo de Associados, bem como uniformiza\u00e7\u00e3o e fundamenta\u00e7\u00e3o da informa\u00e7\u00e3o partilhada.<\/p>\n\n\n\n<p><\/p>\n\n\n\n<p><strong>De que forma a ATP contribui para a promo\u00e7\u00e3o e desenvolvimento da ind\u00fastria termal em Portugal?<\/strong><\/p>\n\n\n\n<p>A ATP contribui para a promo\u00e7\u00e3o e desenvolvimento da ind\u00fastria termal em Portugal, atrav\u00e9s de diversas iniciativas. Estas incluem a organiza\u00e7\u00e3o de eventos e feiras para promover as termas junto do p\u00fablico nacional e internacional, a realiza\u00e7\u00e3o de campanhas de marketing e comunica\u00e7\u00e3o, a colabora\u00e7\u00e3o com entidades do setor do turismo e sa\u00fade e o estabelecimento de parcerias para a investiga\u00e7\u00e3o e desenvolvimento de novos produtos e servi\u00e7os termais. Cremos que h\u00e1, ainda, um longo caminho a percorrer, mas tentamos credibilizar, fundamentando com estudos e respetivos resultados, o impacto da utiliza\u00e7\u00e3o das \u00e1guas minerais naturais na qualidade de vida de quem as procura para tratar as suas diferentes patologias.<\/p>\n\n\n\n<p><\/p>\n\n\n\n<p><strong>Quais s\u00e3o os desafios mais prementes que as termas enfrentam atualmente em Portugal e como \u00e9 que a Associa\u00e7\u00e3o os encara?<\/strong><\/p>\n\n\n\n<p>Os desafios mais prementes que as termas enfrentam atualmente em Portugal incluem a concorr\u00eancia com destinos tur\u00edsticos alternativos, a necessidade de moderniza\u00e7\u00e3o das infraestruturas e servi\u00e7os termais e a adapta\u00e7\u00e3o \u00e0s exig\u00eancias dos turistas em termos de qualidade e diversidade de experi\u00eancias. A ATP encara estes desafios atrav\u00e9s do desenvolvimento de estrat\u00e9gias de marketing inovadoras, do apoio \u00e0 moderniza\u00e7\u00e3o das termas e da promo\u00e7\u00e3o da excel\u00eancia na presta\u00e7\u00e3o de servi\u00e7os. N\u00e3o menos importante, \u00e9 o esfor\u00e7o na divulga\u00e7\u00e3o dos benef\u00edcios do tratamento termal junto da classe m\u00e9dica, atrav\u00e9s da realiza\u00e7\u00e3o de Semin\u00e1rios\/ encontros. Estes, s\u00e3o um dos principais ve\u00edculos de divulga\u00e7\u00e3o, juntos dos potenciais clientes, nomeadamente atrav\u00e9s da prescri\u00e7\u00e3o de tratamentos termais, comparticipados pelo SNS.<\/p>\n\n\n\n<p><\/p>\n\n\n\n<p><strong>Que perspetivas tem para o futuro das termas em Portugal? Existem planos para expandir a oferta ou introduzir novas abordagens?<\/strong><\/p>\n\n\n\n<p>As perspetivas para o futuro das termas em Portugal s\u00e3o promissoras, com um crescente interesse por parte dos turistas, nacionais e internacionais, no turismo de sa\u00fade e bem-estar. A ATP tem planos para expandir a oferta termal em Portugal, atrav\u00e9s da diversifica\u00e7\u00e3o de produtos e servi\u00e7os, da promo\u00e7\u00e3o de novos destinos termais, e do refor\u00e7o da colabora\u00e7\u00e3o com outros setores, como o turismo rural e o turismo de natureza. Al\u00e9m disso, a ATP pretende introduzir novas abordagens no setor, como a utiliza\u00e7\u00e3o de tecnologias digitais para melhorar a experi\u00eancia do cliente e a sustentabilidade ambiental das termas.<\/p>\n\n\n\n<p>H\u00e1, ainda, a inten\u00e7\u00e3o da continua\u00e7\u00e3o da realiza\u00e7\u00e3o de estudos, nomeadamente t\u00e9cnicos, tendo em vista o cont\u00ednuo crescimento e valoriza\u00e7\u00e3o do setor.<\/p>\n\n\n\n<p><\/p>\n\n\n\n<p>Victor Leal, Presidente do Conselho de Administra\u00e7\u00e3o da Associa\u00e7\u00e3o Termas de Portugal (ATP )<\/p>\n\n\n\n<p><canvas width=\"1245\" height=\"1755\"><\/canvas><\/p>\n","protected":false},"excerpt":{"rendered":"<p>Em entrevista \u00e0 Mais Magazine, Victor Leal, Presidente do Conselho de Administra\u00e7\u00e3o da Associa\u00e7\u00e3o Termas de Portugal (ATP), partilha vis\u00e3o e estrat\u00e9gias para o futuro do turismo termal nacional. Come\u00e7o por lhe perguntar qual a principal miss\u00e3o, bem como os objetivos fundamentais da Associa\u00e7\u00e3o Termas de Portugal? A principal miss\u00e3o&hellip;<\/p>\n","protected":false},"author":18,"featured_media":9243,"comment_status":"closed","ping_status":"open","sticky":false,"template":"","format":"standard","meta":{"advgb_blocks_editor_width":"","advgb_blocks_columns_visual_guide":"","_monsterinsights_skip_tracking":false,"_monsterinsights_sitenote_active":false,"_monsterinsights_sitenote_note":"","_monsterinsights_sitenote_category":0,"footnotes":""},"categories":[52,51],"tags":[1389,1390,453],"class_list":["post-9234","post","type-post","status-publish","format-standard","has-post-thumbnail","hentry","category-destaque","category-opiniao","tag-associacao-termas-de-portugal","tag-atp","tag-termas"],"yoast_head":"<!-- This site is optimized with the Yoast SEO plugin v24.4 - https:\/\/yoast.com\/wordpress\/plugins\/seo\/ -->\n<title>O futuro promissor das termas em Portugal - Mais Magazine<\/title>\n<meta name=\"robots\" content=\"index, follow, max-snippet:-1, max-image-preview:large, max-video-preview:-1\" \/>\n<link rel=\"canonical\" href=\"http:\/\/maismagazine.pt\/index.php\/2024\/03\/29\/o-futuro-promissor-das-termas-em-portugal\/\" \/>\n<meta property=\"og:locale\" content=\"pt_PT\" \/>\n<meta property=\"og:type\" content=\"article\" \/>\n<meta property=\"og:title\" content=\"O futuro promissor das termas em Portugal - Mais Magazine\" \/>\n<meta property=\"og:description\" content=\"Em entrevista \u00e0 Mais Magazine, Victor Leal, Presidente do Conselho de Administra\u00e7\u00e3o da Associa\u00e7\u00e3o Termas de Portugal (ATP), partilha vis\u00e3o e estrat\u00e9gias para o futuro do turismo termal nacional. Come\u00e7o por lhe perguntar qual a principal miss\u00e3o, bem como os objetivos fundamentais da Associa\u00e7\u00e3o Termas de Portugal? A principal miss\u00e3o&hellip;\" \/>\n<meta property=\"og:url\" content=\"http:\/\/maismagazine.pt\/index.php\/2024\/03\/29\/o-futuro-promissor-das-termas-em-portugal\/\" \/>\n<meta property=\"og:site_name\" content=\"Mais Magazine\" \/>\n<meta property=\"article:published_time\" content=\"2024-03-29T07:00:00+00:00\" \/>\n<meta property=\"og:image\" content=\"http:\/\/maismagazine.pt\/wp-content\/uploads\/2024\/03\/victor-leal2-3-1-scaled.jpg\" \/>\n\t<meta property=\"og:image:width\" content=\"2560\" \/>\n\t<meta property=\"og:image:height\" content=\"1439\" \/>\n\t<meta property=\"og:image:type\" content=\"image\/jpeg\" \/>\n<meta name=\"author\" content=\"Tatiana Martins\" \/>\n<meta name=\"twitter:card\" content=\"summary_large_image\" \/>\n<meta name=\"twitter:label1\" content=\"Escrito por\" \/>\n\t<meta name=\"twitter:data1\" content=\"\" \/>\n\t<meta name=\"twitter:label2\" content=\"Tempo estimado de leitura\" \/>\n\t<meta name=\"twitter:data2\" content=\"4 minutos\" \/>\n<script type=\"application\/ld+json\" class=\"yoast-schema-graph\">{\"@context\":\"https:\/\/schema.org\",\"@graph\":[{\"@type\":\"Article\",\"@id\":\"http:\/\/maismagazine.pt\/index.php\/2024\/03\/29\/o-futuro-promissor-das-termas-em-portugal\/#article\",\"isPartOf\":{\"@id\":\"http:\/\/maismagazine.pt\/index.php\/2024\/03\/29\/o-futuro-promissor-das-termas-em-portugal\/\"},\"author\":{\"name\":\"Tatiana Martins\",\"@id\":\"https:\/\/maismagazine.pt\/#\/schema\/person\/7426e2caeb8df32a1b56aa48dae778c9\"},\"headline\":\"O futuro promissor das termas em Portugal\",\"datePublished\":\"2024-03-29T07:00:00+00:00\",\"mainEntityOfPage\":{\"@id\":\"http:\/\/maismagazine.pt\/index.php\/2024\/03\/29\/o-futuro-promissor-das-termas-em-portugal\/\"},\"wordCount\":635,\"publisher\":{\"@id\":\"https:\/\/maismagazine.pt\/#organization\"},\"image\":{\"@id\":\"http:\/\/maismagazine.pt\/index.php\/2024\/03\/29\/o-futuro-promissor-das-termas-em-portugal\/#primaryimage\"},\"thumbnailUrl\":\"http:\/\/maismagazine.pt\/wp-content\/uploads\/2024\/03\/victor-leal2-3-1-scaled.jpg\",\"keywords\":[\"Associa\u00e7\u00e3o Termas de Portugal\",\"ATP\",\"Termas\"],\"articleSection\":[\"Destaque lateral\",\"Opini\u00e3o\"],\"inLanguage\":\"pt-PT\"},{\"@type\":\"WebPage\",\"@id\":\"http:\/\/maismagazine.pt\/index.php\/2024\/03\/29\/o-futuro-promissor-das-termas-em-portugal\/\",\"url\":\"http:\/\/maismagazine.pt\/index.php\/2024\/03\/29\/o-futuro-promissor-das-termas-em-portugal\/\",\"name\":\"O futuro promissor das termas em Portugal - Mais Magazine\",\"isPartOf\":{\"@id\":\"https:\/\/maismagazine.pt\/#website\"},\"primaryImageOfPage\":{\"@id\":\"http:\/\/maismagazine.pt\/index.php\/2024\/03\/29\/o-futuro-promissor-das-termas-em-portugal\/#primaryimage\"},\"image\":{\"@id\":\"http:\/\/maismagazine.pt\/index.php\/2024\/03\/29\/o-futuro-promissor-das-termas-em-portugal\/#primaryimage\"},\"thumbnailUrl\":\"http:\/\/maismagazine.pt\/wp-content\/uploads\/2024\/03\/victor-leal2-3-1-scaled.jpg\",\"datePublished\":\"2024-03-29T07:00:00+00:00\",\"breadcrumb\":{\"@id\":\"http:\/\/maismagazine.pt\/index.php\/2024\/03\/29\/o-futuro-promissor-das-termas-em-portugal\/#breadcrumb\"},\"inLanguage\":\"pt-PT\",\"potentialAction\":[{\"@type\":\"ReadAction\",\"target\":[\"http:\/\/maismagazine.pt\/index.php\/2024\/03\/29\/o-futuro-promissor-das-termas-em-portugal\/\"]}]},{\"@type\":\"ImageObject\",\"inLanguage\":\"pt-PT\",\"@id\":\"http:\/\/maismagazine.pt\/index.php\/2024\/03\/29\/o-futuro-promissor-das-termas-em-portugal\/#primaryimage\",\"url\":\"http:\/\/maismagazine.pt\/wp-content\/uploads\/2024\/03\/victor-leal2-3-1-scaled.jpg\",\"contentUrl\":\"http:\/\/maismagazine.pt\/wp-content\/uploads\/2024\/03\/victor-leal2-3-1-scaled.jpg\",\"width\":2560,\"height\":1439},{\"@type\":\"BreadcrumbList\",\"@id\":\"http:\/\/maismagazine.pt\/index.php\/2024\/03\/29\/o-futuro-promissor-das-termas-em-portugal\/#breadcrumb\",\"itemListElement\":[{\"@type\":\"ListItem\",\"position\":1,\"name\":\"Home\",\"item\":\"https:\/\/maismagazine.pt\/\"},{\"@type\":\"ListItem\",\"position\":2,\"name\":\"O futuro promissor das termas em Portugal\"}]},{\"@type\":\"WebSite\",\"@id\":\"https:\/\/maismagazine.pt\/#website\",\"url\":\"https:\/\/maismagazine.pt\/\",\"name\":\"Mais Magazine\",\"description\":\"\",\"publisher\":{\"@id\":\"https:\/\/maismagazine.pt\/#organization\"},\"potentialAction\":[{\"@type\":\"SearchAction\",\"target\":{\"@type\":\"EntryPoint\",\"urlTemplate\":\"https:\/\/maismagazine.pt\/?s={search_term_string}\"},\"query-input\":{\"@type\":\"PropertyValueSpecification\",\"valueRequired\":true,\"valueName\":\"search_term_string\"}}],\"inLanguage\":\"pt-PT\"},{\"@type\":\"Organization\",\"@id\":\"https:\/\/maismagazine.pt\/#organization\",\"name\":\"Mais Magazine\",\"url\":\"https:\/\/maismagazine.pt\/\",\"logo\":{\"@type\":\"ImageObject\",\"inLanguage\":\"pt-PT\",\"@id\":\"https:\/\/maismagazine.pt\/#\/schema\/logo\/image\/\",\"url\":\"http:\/\/maismagazine.pt\/wp-content\/uploads\/2020\/04\/cropped-cropped-mais-magazine-site-logo-2.png\",\"contentUrl\":\"http:\/\/maismagazine.pt\/wp-content\/uploads\/2020\/04\/cropped-cropped-mais-magazine-site-logo-2.png\",\"width\":581,\"height\":90,\"caption\":\"Mais Magazine\"},\"image\":{\"@id\":\"https:\/\/maismagazine.pt\/#\/schema\/logo\/image\/\"}},{\"@type\":\"Person\",\"@id\":\"https:\/\/maismagazine.pt\/#\/schema\/person\/7426e2caeb8df32a1b56aa48dae778c9\",\"name\":\"Tatiana Martins\",\"image\":{\"@type\":\"ImageObject\",\"inLanguage\":\"pt-PT\",\"@id\":\"https:\/\/maismagazine.pt\/#\/schema\/person\/image\/\",\"url\":\"https:\/\/secure.gravatar.com\/avatar\/4b24a57f5d0425f2eb20981c4b53244e?s=96&d=mm&r=g\",\"contentUrl\":\"https:\/\/secure.gravatar.com\/avatar\/4b24a57f5d0425f2eb20981c4b53244e?s=96&d=mm&r=g\",\"caption\":\"Tatiana Martins\"},\"url\":\"http:\/\/maismagazine.pt\/index.php\/author\/tatiana\/\"}]}<\/script>\n<!-- \/ Yoast SEO plugin. -->","yoast_head_json":{"title":"O futuro promissor das termas em Portugal - Mais Magazine","robots":{"index":"index","follow":"follow","max-snippet":"max-snippet:-1","max-image-preview":"max-image-preview:large","max-video-preview":"max-video-preview:-1"},"canonical":"http:\/\/maismagazine.pt\/index.php\/2024\/03\/29\/o-futuro-promissor-das-termas-em-portugal\/","og_locale":"pt_PT","og_type":"article","og_title":"O futuro promissor das termas em Portugal - Mais Magazine","og_description":"Em entrevista \u00e0 Mais Magazine, Victor Leal, Presidente do Conselho de Administra\u00e7\u00e3o da Associa\u00e7\u00e3o Termas de Portugal (ATP), partilha vis\u00e3o e estrat\u00e9gias para o futuro do turismo termal nacional. Come\u00e7o por lhe perguntar qual a principal miss\u00e3o, bem como os objetivos fundamentais da Associa\u00e7\u00e3o Termas de Portugal? A principal miss\u00e3o&hellip;","og_url":"http:\/\/maismagazine.pt\/index.php\/2024\/03\/29\/o-futuro-promissor-das-termas-em-portugal\/","og_site_name":"Mais Magazine","article_published_time":"2024-03-29T07:00:00+00:00","og_image":[{"width":2560,"height":1439,"url":"http:\/\/maismagazine.pt\/wp-content\/uploads\/2024\/03\/victor-leal2-3-1-scaled.jpg","type":"image\/jpeg"}],"author":"Tatiana Martins","twitter_card":"summary_large_image","twitter_misc":{"Escrito por":false,"Tempo estimado de leitura":"4 minutos"},"schema":{"@context":"https:\/\/schema.org","@graph":[{"@type":"Article","@id":"http:\/\/maismagazine.pt\/index.php\/2024\/03\/29\/o-futuro-promissor-das-termas-em-portugal\/#article","isPartOf":{"@id":"http:\/\/maismagazine.pt\/index.php\/2024\/03\/29\/o-futuro-promissor-das-termas-em-portugal\/"},"author":{"name":"Tatiana Martins","@id":"https:\/\/maismagazine.pt\/#\/schema\/person\/7426e2caeb8df32a1b56aa48dae778c9"},"headline":"O futuro promissor das termas em Portugal","datePublished":"2024-03-29T07:00:00+00:00","mainEntityOfPage":{"@id":"http:\/\/maismagazine.pt\/index.php\/2024\/03\/29\/o-futuro-promissor-das-termas-em-portugal\/"},"wordCount":635,"publisher":{"@id":"https:\/\/maismagazine.pt\/#organization"},"image":{"@id":"http:\/\/maismagazine.pt\/index.php\/2024\/03\/29\/o-futuro-promissor-das-termas-em-portugal\/#primaryimage"},"thumbnailUrl":"http:\/\/maismagazine.pt\/wp-content\/uploads\/2024\/03\/victor-leal2-3-1-scaled.jpg","keywords":["Associa\u00e7\u00e3o Termas de Portugal","ATP","Termas"],"articleSection":["Destaque lateral","Opini\u00e3o"],"inLanguage":"pt-PT"},{"@type":"WebPage","@id":"http:\/\/maismagazine.pt\/index.php\/2024\/03\/29\/o-futuro-promissor-das-termas-em-portugal\/","url":"http:\/\/maismagazine.pt\/index.php\/2024\/03\/29\/o-futuro-promissor-das-termas-em-portugal\/","name":"O futuro promissor das termas em Portugal - Mais Magazine","isPartOf":{"@id":"https:\/\/maismagazine.pt\/#website"},"primaryImageOfPage":{"@id":"http:\/\/maismagazine.pt\/index.php\/2024\/03\/29\/o-futuro-promissor-das-termas-em-portugal\/#primaryimage"},"image":{"@id":"http:\/\/maismagazine.pt\/index.php\/2024\/03\/29\/o-futuro-promissor-das-termas-em-portugal\/#primaryimage"},"thumbnailUrl":"http:\/\/maismagazine.pt\/wp-content\/uploads\/2024\/03\/victor-leal2-3-1-scaled.jpg","datePublished":"2024-03-29T07:00:00+00:00","breadcrumb":{"@id":"http:\/\/maismagazine.pt\/index.php\/2024\/03\/29\/o-futuro-promissor-das-termas-em-portugal\/#breadcrumb"},"inLanguage":"pt-PT","potentialAction":[{"@type":"ReadAction","target":["http:\/\/maismagazine.pt\/index.php\/2024\/03\/29\/o-futuro-promissor-das-termas-em-portugal\/"]}]},{"@type":"ImageObject","inLanguage":"pt-PT","@id":"http:\/\/maismagazine.pt\/index.php\/2024\/03\/29\/o-futuro-promissor-das-termas-em-portugal\/#primaryimage","url":"http:\/\/maismagazine.pt\/wp-content\/uploads\/2024\/03\/victor-leal2-3-1-scaled.jpg","contentUrl":"http:\/\/maismagazine.pt\/wp-content\/uploads\/2024\/03\/victor-leal2-3-1-scaled.jpg","width":2560,"height":1439},{"@type":"BreadcrumbList","@id":"http:\/\/maismagazine.pt\/index.php\/2024\/03\/29\/o-futuro-promissor-das-termas-em-portugal\/#breadcrumb","itemListElement":[{"@type":"ListItem","position":1,"name":"Home","item":"https:\/\/maismagazine.pt\/"},{"@type":"ListItem","position":2,"name":"O futuro promissor das termas em Portugal"}]},{"@type":"WebSite","@id":"https:\/\/maismagazine.pt\/#website","url":"https:\/\/maismagazine.pt\/","name":"Mais Magazine","description":"","publisher":{"@id":"https:\/\/maismagazine.pt\/#organization"},"potentialAction":[{"@type":"SearchAction","target":{"@type":"EntryPoint","urlTemplate":"https:\/\/maismagazine.pt\/?s={search_term_string}"},"query-input":{"@type":"PropertyValueSpecification","valueRequired":true,"valueName":"search_term_string"}}],"inLanguage":"pt-PT"},{"@type":"Organization","@id":"https:\/\/maismagazine.pt\/#organization","name":"Mais Magazine","url":"https:\/\/maismagazine.pt\/","logo":{"@type":"ImageObject","inLanguage":"pt-PT","@id":"https:\/\/maismagazine.pt\/#\/schema\/logo\/image\/","url":"http:\/\/maismagazine.pt\/wp-content\/uploads\/2020\/04\/cropped-cropped-mais-magazine-site-logo-2.png","contentUrl":"http:\/\/maismagazine.pt\/wp-content\/uploads\/2020\/04\/cropped-cropped-mais-magazine-site-logo-2.png","width":581,"height":90,"caption":"Mais Magazine"},"image":{"@id":"https:\/\/maismagazine.pt\/#\/schema\/logo\/image\/"}},{"@type":"Person","@id":"https:\/\/maismagazine.pt\/#\/schema\/person\/7426e2caeb8df32a1b56aa48dae778c9","name":"Tatiana Martins","image":{"@type":"ImageObject","inLanguage":"pt-PT","@id":"https:\/\/maismagazine.pt\/#\/schema\/person\/image\/","url":"https:\/\/secure.gravatar.com\/avatar\/4b24a57f5d0425f2eb20981c4b53244e?s=96&d=mm&r=g","contentUrl":"https:\/\/secure.gravatar.com\/avatar\/4b24a57f5d0425f2eb20981c4b53244e?s=96&d=mm&r=g","caption":"Tatiana Martins"},"url":"http:\/\/maismagazine.pt\/index.php\/author\/tatiana\/"}]}},"author_meta":{"display_name":false,"author_link":"http:\/\/maismagazine.pt\/index.php\/author\/tatiana\/"},"featured_img":"http:\/\/maismagazine.pt\/wp-content\/uploads\/2024\/03\/victor-leal2-3-1-300x169.jpg","coauthors":[],"tax_additional":{"categories":{"linked":["<a href=\"http:\/\/maismagazine.pt\/index.php\/category\/destaque\/\" class=\"advgb-post-tax-term\">Destaque lateral<\/a>","<a href=\"http:\/\/maismagazine.pt\/index.php\/category\/noticias\/opiniao\/\" class=\"advgb-post-tax-term\">Opini\u00e3o<\/a>"],"unlinked":["<span class=\"advgb-post-tax-term\">Destaque lateral<\/span>","<span class=\"advgb-post-tax-term\">Opini\u00e3o<\/span>"]},"tags":{"linked":["<a href=\"http:\/\/maismagazine.pt\/index.php\/category\/noticias\/opiniao\/\" class=\"advgb-post-tax-term\">Associa\u00e7\u00e3o Termas de Portugal<\/a>","<a href=\"http:\/\/maismagazine.pt\/index.php\/category\/noticias\/opiniao\/\" class=\"advgb-post-tax-term\">ATP<\/a>","<a href=\"http:\/\/maismagazine.pt\/index.php\/category\/noticias\/opiniao\/\" class=\"advgb-post-tax-term\">Termas<\/a>"],"unlinked":["<span class=\"advgb-post-tax-term\">Associa\u00e7\u00e3o Termas de Portugal<\/span>","<span class=\"advgb-post-tax-term\">ATP<\/span>","<span class=\"advgb-post-tax-term\">Termas<\/span>"]}},"comment_count":"0","relative_dates":{"created":"Posted 2 anos ago","modified":"Updated 2 anos ago"},"absolute_dates":{"created":"Posted on 29 de Mar\u00e7o, 2024","modified":"Updated on 25 de Mar\u00e7o, 2024"},"absolute_dates_time":{"created":"Posted on 29 de Mar\u00e7o, 2024 7:00","modified":"Updated on 25 de Mar\u00e7o, 2024 16:01"},"featured_img_caption":"","series_order":"","_links":{"self":[{"href":"http:\/\/maismagazine.pt\/index.php\/wp-json\/wp\/v2\/posts\/9234","targetHints":{"allow":["GET"]}}],"collection":[{"href":"http:\/\/maismagazine.pt\/index.php\/wp-json\/wp\/v2\/posts"}],"about":[{"href":"http:\/\/maismagazine.pt\/index.php\/wp-json\/wp\/v2\/types\/post"}],"author":[{"embeddable":true,"href":"http:\/\/maismagazine.pt\/index.php\/wp-json\/wp\/v2\/users\/18"}],"replies":[{"embeddable":true,"href":"http:\/\/maismagazine.pt\/index.php\/wp-json\/wp\/v2\/comments?post=9234"}],"version-history":[{"count":2,"href":"http:\/\/maismagazine.pt\/index.php\/wp-json\/wp\/v2\/posts\/9234\/revisions"}],"predecessor-version":[{"id":9262,"href":"http:\/\/maismagazine.pt\/index.php\/wp-json\/wp\/v2\/posts\/9234\/revisions\/9262"}],"wp:featuredmedia":[{"embeddable":true,"href":"http:\/\/maismagazine.pt\/index.php\/wp-json\/wp\/v2\/media\/9243"}],"wp:attachment":[{"href":"http:\/\/maismagazine.pt\/index.php\/wp-json\/wp\/v2\/media?parent=9234"}],"wp:term":[{"taxonomy":"category","embeddable":true,"href":"http:\/\/maismagazine.pt\/index.php\/wp-json\/wp\/v2\/categories?post=9234"},{"taxonomy":"post_tag","embeddable":true,"href":"http:\/\/maismagazine.pt\/index.php\/wp-json\/wp\/v2\/tags?post=9234"}],"curies":[{"name":"wp","href":"https:\/\/api.w.org\/{rel}","templated":true}]}}