{"id":9199,"date":"2024-03-29T07:00:00","date_gmt":"2024-03-29T07:00:00","guid":{"rendered":"https:\/\/maismagazine.pt\/?p=9199"},"modified":"2024-03-25T15:34:43","modified_gmt":"2024-03-25T15:34:43","slug":"ser-advogada-e-ser-eu-nao-me-vejo-a-exercer-qualquer-outra-profissao","status":"publish","type":"post","link":"http:\/\/maismagazine.pt\/index.php\/2024\/03\/29\/ser-advogada-e-ser-eu-nao-me-vejo-a-exercer-qualquer-outra-profissao\/","title":{"rendered":"&#8220;Ser Advogada \u00e9 ser eu, n\u00e3o me vejo a exercer qualquer outra profiss\u00e3o&#8221;"},"content":{"rendered":"\n<p><strong>Desde tenra idade, Lu\u00edsa Teixeira sonhava em ser Advogada e m\u00e3e, dois grandes pilares que moldaram a sua vida. Com coragem e determina\u00e7\u00e3o trilhou um percurso profissional not\u00e1vel. Hoje, \u00e0 frente do seu Gabinete Jur\u00eddico na Maia, Lu\u00edsa Teixeira evidencia-se pela Advocacia de proximidade. Conhe\u00e7a a hist\u00f3ria e a vis\u00e3o desta Advogada apaixonada, que se destaca n\u00e3o apenas pelos resultados, mas tamb\u00e9m pela humaniza\u00e7\u00e3o da profiss\u00e3o.<\/strong><\/p>\n\n\n<div class=\"wp-block-image\">\n<figure class=\"aligncenter size-large is-resized\"><img loading=\"lazy\" decoding=\"async\" width=\"1024\" height=\"768\" src=\"https:\/\/maismagazine.pt\/wp-content\/uploads\/2024\/03\/PS6_0618-1024x768.jpg\" alt=\"\" class=\"wp-image-9220\" style=\"aspect-ratio:1.3333333333333333;width:512px;height:auto\" srcset=\"http:\/\/maismagazine.pt\/wp-content\/uploads\/2024\/03\/PS6_0618-1024x768.jpg 1024w, http:\/\/maismagazine.pt\/wp-content\/uploads\/2024\/03\/PS6_0618-300x225.jpg 300w, http:\/\/maismagazine.pt\/wp-content\/uploads\/2024\/03\/PS6_0618-768x576.jpg 768w, http:\/\/maismagazine.pt\/wp-content\/uploads\/2024\/03\/PS6_0618.jpg 1216w\" sizes=\"auto, (max-width: 1024px) 100vw, 1024px\" \/><\/figure><\/div>\n\n\n<p><\/p>\n\n\n\n<p><strong>Come\u00e7o por lhe perguntar como surgiu a sua paix\u00e3o pela Advocacia e de que forma foi tra\u00e7ando o seu percurso profissional? Quais foram os maiores marcos at\u00e9 ent\u00e3o?<\/strong><\/p>\n\n\n\n<p>Desde a inf\u00e2ncia, que a minha paix\u00e3o pela Advocacia se iniciou. Apesar de n\u00e3o ter qualquer refer\u00eancia familiar nesta \u00e1rea, desde os cinco anos, que a decis\u00e3o do futuro foi tomada.<\/p>\n\n\n\n<p>Desde tenra idade, que dois sonhos me acompanharam, ser m\u00e3e e ser Advogada, sentindo-me hoje completamente realizada, pois foram ambos alcan\u00e7ados.<\/p>\n\n\n\n<p>Na minha forma\u00e7\u00e3o, optei primeiramente por Humanidades, tendo posteriormente ingressado na Faculdade de Direito do Porto, onde me licenciei em Direito e onde fui considerada apta com distin\u00e7\u00e3o, para o exerc\u00edcio da Advocacia, tendo feito um est\u00e1gio de dois anos.<\/p>\n\n\n\n<p>No final do meu est\u00e1gio, foi-me proposto continuar na Sociedade de Advogados, em regime de exclusividade, mas n\u00e3o era esse o meu objetivo.<\/p>\n\n\n\n<p>A minha voca\u00e7\u00e3o era estar na luta di\u00e1ria, enfrentar as barras dos tribunais e levar a minha voz em defesa dos meus clientes, ser reconhecida pelo meu trabalho.<\/p>\n\n\n\n<p>Sendo por isso mesmo, um dos marcos importantes da minha vida, o facto de abrir o meu pr\u00f3prio escrit\u00f3rio em 2006 e em 2008 vir para a Comarca da Maia, a minha terra e terra dos meus pais a Comarca de cora\u00e7\u00e3o e assim nasceu o Gabinete Jur\u00eddico LT, com uma pequena sala transformada em tr\u00eas gabinetes.<\/p>\n\n\n\n<p>Sendo que em 2018, a minha ambi\u00e7\u00e3o me levou a adquirir o meu pr\u00f3prio espa\u00e7o, onde tem a minha marca em tudo. Com uma vista privilegiada para o \u00e1trio da C\u00e2mara Municipal, com acesso a todos os servi\u00e7os p\u00fablicos e onde a Dra. Lu\u00edsa Teixeira \u00e9 reconhecida, onde o meu nome passa de palavra em palavra e de onde v\u00eam a maior parte dos meus cientes, do \u201cpassa palavra\u201d.<\/p>\n\n\n<div class=\"wp-block-image\">\n<figure class=\"alignleft size-large is-resized\"><img loading=\"lazy\" decoding=\"async\" width=\"1024\" height=\"768\" src=\"https:\/\/maismagazine.pt\/wp-content\/uploads\/2024\/03\/PS6_1072-1024x768.jpg\" alt=\"\" class=\"wp-image-9221\" style=\"aspect-ratio:1.3333333333333333;width:419px;height:auto\" srcset=\"http:\/\/maismagazine.pt\/wp-content\/uploads\/2024\/03\/PS6_1072-1024x768.jpg 1024w, http:\/\/maismagazine.pt\/wp-content\/uploads\/2024\/03\/PS6_1072-300x225.jpg 300w, http:\/\/maismagazine.pt\/wp-content\/uploads\/2024\/03\/PS6_1072-768x576.jpg 768w, http:\/\/maismagazine.pt\/wp-content\/uploads\/2024\/03\/PS6_1072.jpg 1216w\" sizes=\"auto, (max-width: 1024px) 100vw, 1024px\" \/><\/figure><\/div>\n\n\n<p><strong>Em 2006 decidiu arriscar e abrir o seu pr\u00f3prio escrit\u00f3rio. O que a fez dar este \u201cpasso\u201d?<\/strong><\/p>\n\n\n\n<p>Durante o est\u00e1gio, fui percebendo que queria ver o meu nome reconhecido e n\u00e3o em \u201cBack Office\u201d, atr\u00e1s do nome de uma Sociedade de Advogados. <\/p>\n\n\n\n<p>Pensei que se n\u00e3o fosse naquele momento, certamente n\u00e3o teria mais tarde a coragem de tentar.<\/p>\n\n\n\n<p>Decidi ent\u00e3o, abrir o meu pr\u00f3prio escrit\u00f3rio, na Rua de Cam\u00f5es no Porto, foi o in\u00edcio de um crescimento constante correspondente com a minha ambi\u00e7\u00e3o. Um momento de muita coragem e ao mesmo tempo, uma das mais maravilhosas conquistas da minha vida.<\/p>\n\n\n\n<p>Eu queria os meus clientes, queria o meu nome, queria gerir o meu neg\u00f3cio, que fa\u00e7o at\u00e9 hoje.<\/p>\n\n\n\n<p><\/p>\n\n\n\n<p><strong>Atualmente, que tipo de servi\u00e7os s\u00e3o disponibilizados pelo seu Gabinete Jur\u00eddico?<\/strong><\/p>\n\n\n\n<p>O <a href=\"http:\/\/www.gabinetejuridicolt.com\">Gabinete Jur\u00eddico LT<\/a>, distingue-se pela Advocacia de proximidade e por isso mesmo, muito transversal. Abrangemos todas as \u00e1reas do Direito, com menos foco no Direito Administrativo e Fiscal, por que l\u00e1 est\u00e1, n\u00e3o tem tanto essa parte Humana, essa proximidade que me \u00e9 caracter\u00edstica.<\/p>\n\n\n\n<p>Como trabalho muito com o mundo empresarial, ou seja, sou o Departamento Jur\u00eddico de v\u00e1rias empresas, obrigatoriamente, temos de abranger um leque de \u00e1reas, tais como, o Direito Social, o Direito Tribut\u00e1rio, o Direito Banc\u00e1rio, a Propriedade Intelectual, Direito Civil, Direito do Trabalho, entre outras.<\/p>\n\n\n\n<p>Tratamos igualmente o Direito da Fam\u00edlia e Cobran\u00e7as de Cr\u00e9dito, assim como Insolv\u00eancias singulares e coletivas.<\/p>\n\n\n\n<p>No fundo, s\u00e3o essas as grandes val\u00eancias.<\/p>\n\n\n\n<p>Importa referir, que apesar de estar sediada na Maia, tenho um escrit\u00f3rio em S\u00e3o Paulo, no Brasil, onde estabele\u00e7o uma parceria desde 2009. Al\u00e9m disso, trabalho com qualquer parte do Mundo, tendo em considera\u00e7\u00e3o o fuso hor\u00e1rio, as ferramentas digitais, entre outras quest\u00f5es.<\/p>\n\n\n\n<p><\/p>\n\n\n\n<p><strong>Do seu ponto de vista, qual \u00e9 o segredo para estabelecer e manter relacionamentos s\u00f3lidos com os clientes?<\/strong><\/p>\n\n\n\n<p>Considero-me uma Advogada, que sabe colocar-se no lugar do outro, com muita humanidade. Fa\u00e7o quest\u00e3o de estar sempre presente, chegar ao cliente de forma \u201cleve\u201d, para que saia de uma consulta o mais esclarecido poss\u00edvel.<\/p>\n\n\n\n<p>Tanto eu, como a minha Assistente, Soraia Carvalho, T\u00e9cnica de Apoio Jur\u00eddico e inscrita na Ordem dos Advogados, como funcion\u00e1ria forense, temos um acolhimento muito saud\u00e1vel com os nossos clientes, muito humano. Somos uma verdadeira equipa.<\/p>\n\n\n\n<p>Tenho clientes que me acompanham desde 2006, ano em que abri o meu pr\u00f3prio escrit\u00f3rio, tanto empresas como particulares.<\/p>\n\n\n\n<p>Penso que o maior segredo de todos, \u00e9 a verdade a lealdade a forma como comunico com os meus clientes.<\/p>\n\n\n\n<p>Paralelamente, sempre fui uma pessoa muito bem-disposta e por isso, o cliente entra no meu Gabinete Jur\u00eddico com a carga dos seus assuntos e sai bem-disposto e devidamente esclarecido.<\/p>\n\n\n\n<p>Portanto, no meu ponto de vista, \u00e9 muito importante esta humaniza\u00e7\u00e3o da Advocacia.<\/p>\n\n\n\n<p>Temos de perceber que cada pessoa tem as suas pr\u00f3prias caracter\u00edsticas, a sua pr\u00f3pria forma\u00e7\u00e3o e educa\u00e7\u00e3o e necessita da nossa empatia, para gerir as suas pr\u00f3prias emo\u00e7\u00f5es.<\/p>\n\n\n\n<p>N\u00e3o podemos obviamente, esquecer os resultados. \u00c9 necess\u00e1rio ter um afinco m\u00e1ximo e assumir cada processo como \u00fanico, tendo em vista a sua resolu\u00e7\u00e3o no menor prazo poss\u00edvel e com o maior sucesso.<\/p>\n\n\n<div class=\"wp-block-image\">\n<figure class=\"aligncenter size-large is-resized\"><img loading=\"lazy\" decoding=\"async\" width=\"1024\" height=\"768\" src=\"https:\/\/maismagazine.pt\/wp-content\/uploads\/2024\/03\/PS6_0810-1024x768.jpg\" alt=\"\" class=\"wp-image-9216\" style=\"aspect-ratio:1.3333333333333333;width:524px;height:auto\" srcset=\"http:\/\/maismagazine.pt\/wp-content\/uploads\/2024\/03\/PS6_0810-1024x768.jpg 1024w, http:\/\/maismagazine.pt\/wp-content\/uploads\/2024\/03\/PS6_0810-300x225.jpg 300w, http:\/\/maismagazine.pt\/wp-content\/uploads\/2024\/03\/PS6_0810-768x576.jpg 768w, http:\/\/maismagazine.pt\/wp-content\/uploads\/2024\/03\/PS6_0810.jpg 1084w\" sizes=\"auto, (max-width: 1024px) 100vw, 1024px\" \/><figcaption class=\"wp-element-caption\">Lu\u00edsa Teixeira e a sua Assistente, Soraia Carvalho<\/figcaption><\/figure><\/div>\n\n\n<p><strong>Muitas das quest\u00f5es legais est\u00e3o relacionadas com o campo imobili\u00e1rio. Como lidam com casos relacionados com propriedades e habita\u00e7\u00e3o?<\/strong><\/p>\n\n\n\n<p>Atualmente, a habita\u00e7\u00e3o \u00e9 um dos problemas mais graves em termos sociais, econ\u00f3micos e jur\u00eddicos, at\u00e9 porque temos assistido a uma especula\u00e7\u00e3o do mercado imobili\u00e1rio enorme, tanto a n\u00edvel de aquisi\u00e7\u00e3o como a n\u00edvel de arrendamento.<\/p>\n\n\n\n<p>H\u00e1 uma grande e not\u00f3ria precariedade no que se refere \u00e0 habita\u00e7\u00e3o, o que n\u00e3o implica que o cidad\u00e3o tenha os seus Direitos.<\/p>\n\n\n\n<p>Este deve ser um processo preventivo, ou seja, \u00e9 importante que o cidad\u00e3o perceba que um Advogado n\u00e3o \u00e9 somente aquele que o representa em tribunal, mas sim, tamb\u00e9m um mediador de conflitos.<\/p>\n\n\n\n<p>Enquanto Advogada, sou procurada no sentido profil\u00e1tico, isto \u00e9 por exemplo, quando algu\u00e9m quer adquirir um im\u00f3vel, necessita de toda a informa\u00e7\u00e3o cadastral do mesmo, quer a n\u00edvel do registo predial, quer a n\u00edvel de registo matricial, analisando poss\u00edveis \u00f3nus e\/ ou encargos que possam vir a impedir o neg\u00f3cio.<\/p>\n\n\n\n<p>N\u00e3o podemos esquecer que um Agente Imobili\u00e1rio, n\u00e3o substitui um Advogado, e vice-versa.<\/p>\n\n\n\n<p>Os Contratos s\u00f3 podem ser feitos por Advogados, sob pena de estarmos a cometer o crime de Procuradoria Il\u00edcita, ou seja, atos pr\u00f3prios de Advogados, a serem praticados por terceiros, sem habilita\u00e7\u00e3o legal para tal.<\/p>\n\n\n\n<p>\u00c9 importante que o cliente nos traga toda a informa\u00e7\u00e3o. que est\u00e1 a tratar com a determinada imobili\u00e1ria, qual os moldes do neg\u00f3cio, para podermos aconselhar da melhor forma.<\/p>\n\n\n\n<p>Tamb\u00e9m temos clientes investidores nacionais e internacionais e, por isso, muitas das vezes criamos essa ponte entre um cliente e outro, elaboramos o Contrato de Promessa de Compra e Venda, reconhecemos as assinaturas se necess\u00e1rio, fazer as autentica\u00e7\u00f5es dos documentos, recolher toda a informa\u00e7\u00e3o e documenta\u00e7\u00e3o, para quando chegarmos ao dia do DPA (Documento Particular Autenticado) estar tudo conforme.<\/p>\n\n\n\n<p>Posteriormente, acompanhamos a fase de registos, at\u00e9 que a passagem de titularidade seja conclu\u00edda.<\/p>\n\n\n\n<p>A maioria dos problemas, devem-se ao desconhecimento das pessoas, pois estas n\u00e3o sabem qual o verdadeiro papel do Advogado. Por isso mesmo, \u00e9 importante perceberem que n\u00f3s somos servidores da Justi\u00e7a e do Direito, somos quem permite que Portugal se implemente na pr\u00e1tica como um Estado de Direito Democr\u00e1tico e que possa garantir um processo justo e equitativo nos tribunais para qualquer cidad\u00e3o.<\/p>\n\n\n\n<p><\/p>\n\n\n\n<p><strong>Pode compartilhar uma hist\u00f3ria de um caso desafiador dentro deste segmento?<\/strong><\/p>\n\n\n\n<p>Sim, claro. Tenho um processo em que as minhas clientes adquiriram um im\u00f3vel, no entanto, o anexo que o comp\u00f5e, est\u00e1 alugado, tendo tal facto sido omitido na media\u00e7\u00e3o imobili\u00e1ria, ou pelo menos, os moldes do arrendamento, que s\u00f3 chegou ao conhecimento das minhas clientes aquando da propriedade efetiva do im\u00f3vel.<\/p>\n\n\n\n<p>Verificamos ent\u00e3o, a exist\u00eancia de um Contrato de Arrendamento, datado de 1997.<\/p>\n\n\n\n<p>A inquilina, por sua vez, n\u00e3o cumpre com as regras b\u00e1sicas de salubridade, conviv\u00eancia e educa\u00e7\u00e3o, o que causa um enorme transtorno para as minhas clientes. Para al\u00e9m de que, a inquilina, deixou de habitar regularmente o im\u00f3vel, cedendo ao seu filho (maior de idade) e namorada deste.<\/p>\n\n\n\n<p>Restava-nos analisar as v\u00e1rias clausulas contratuais e verificar se existia ali alguma margem de resolu\u00e7\u00e3o.<\/p>\n\n\n\n<p>Verificamos ent\u00e3o a exist\u00eancia da cl\u00e1usula 5\u00aa do mencionado contrato, que menciona que \u00e9 causa de resolu\u00e7\u00e3o, o facto de arrendar ou subarrendar onerosa ou gratuitamente, a terceiros, sem consentimento escrito por parte do senhorio.<\/p>\n\n\n\n<p>Ora aqui a inquilina, quase que cedeu a sua posi\u00e7\u00e3o contratual, o que n\u00e3o pode fazer.<\/p>\n\n\n\n<p>Procedemos assim \u00e0 notifica\u00e7\u00e3o do incumprimento da mencionada cl\u00e1usula 5\u00aa, mas como os prazos s\u00e3o alargados para os inquilinos e muito mais com contratos de arrendamento antigos, estamos a aguardar o decurso do prazo, para que o anexo seja entregue \u00e0s minhas clientes, livre de pessoas e bens.<\/p>\n\n\n\n<p><\/p>\n\n\n\n<p><strong>Existem novas abordagens ou ferramentas que tenha adotado no sentido de melhorar a efici\u00eancia e efic\u00e1cia do trabalho jur\u00eddico? <\/strong><\/p>\n\n\n\n<p>Sim, principalmente a n\u00edvel tecnol\u00f3gico. Se dou consultas no mundo inteiro, tenho de ter os meios necess\u00e1rios \u00e0 minha disposi\u00e7\u00e3o para o poder fazer.<\/p>\n\n\n\n<p>A gest\u00e3o das nossas redes sociais, Facebook, Instagram, LinkeDin, \u00e9 muito importante, onde colocamos variadas not\u00edcias, onde fazemos v\u00eddeos de esclarecimentos, onde todos os dias desejamos um bom dia a todos os que nos seguem.<\/p>\n\n\n\n<p>De salientar, que todas as chamadas telef\u00f3nicas, s\u00e3o atendidas e quando no mesmo dia n\u00e3o \u00e9 poss\u00edvel, s\u00e3o devolvidas, no dia seguinte, quer por mim, quer pela minha assistente, a fim de o cliente se sentir atendido e acompanhado.<\/p>\n\n\n<div class=\"wp-block-image\">\n<figure class=\"alignright size-large is-resized\"><img loading=\"lazy\" decoding=\"async\" width=\"1024\" height=\"768\" src=\"https:\/\/maismagazine.pt\/wp-content\/uploads\/2024\/03\/PS6_0832-1024x768.jpg\" alt=\"\" class=\"wp-image-9222\" style=\"aspect-ratio:1.3333333333333333;width:516px;height:auto\" srcset=\"http:\/\/maismagazine.pt\/wp-content\/uploads\/2024\/03\/PS6_0832-1024x768.jpg 1024w, http:\/\/maismagazine.pt\/wp-content\/uploads\/2024\/03\/PS6_0832-300x225.jpg 300w, http:\/\/maismagazine.pt\/wp-content\/uploads\/2024\/03\/PS6_0832-768x576.jpg 768w, http:\/\/maismagazine.pt\/wp-content\/uploads\/2024\/03\/PS6_0832.jpg 1191w\" sizes=\"auto, (max-width: 1024px) 100vw, 1024px\" \/><\/figure><\/div>\n\n\n<p><strong>Considerando as exig\u00eancias da Advocacia, como consegue encontrar o equil\u00edbrio entre a vida pessoal e a vida profissional? <\/strong><\/p>\n\n\n\n<p>Muito dif\u00edcil, at\u00e9 porque os Advogados em Portugal, n\u00e3o t\u00eam um regime assistencial. N\u00f3s descontamos para a Caixa de Previd\u00eancia dos Advogados e Solicitadores, mas n\u00e3o nos d\u00e1 Direito a uma baixa m\u00e9dica.<\/p>\n\n\n\n<p>Temos de ter uma capacidade de gest\u00e3o, para pagar um valor mensal\/ fixo \u00e0 Caixa de Previd\u00eancia, e as quotas da Ordem dos Advogados. Temos ainda, que suportar um seguro de responsabilidade civil e um seguro de sa\u00fade que se coadune com as nossas fun\u00e7\u00f5es.<\/p>\n\n\n\n<p>Por\u00e9m, acho que o mais dif\u00edcil mesmo \u00e9 ser Advogada em pr\u00e1tica isolada.<\/p>\n\n\n\n<p>A t\u00edtulo de exemplo, quando tive o meu filho h\u00e1 cerca de dez anos, foi muito complicado, porque tinha de me fazer acompanhar do meu filho para todo o lado, desde tribunais a julgamentos.<\/p>\n\n\n\n<p>At\u00e9 2017, fiz muito contencioso de condom\u00ednio e principalmente no 1\u00ba semestre do ano, estava presente em muitas Assembleias de Cond\u00f3minos, chegando muito tarde a casa e perdendo assim, tempo com o meu filho.<\/p>\n\n\n\n<p>Apesar destes inconvenientes, a verdade \u00e9 que n\u00e3o trocava nada do que vivi e que vivo diariamente nesta profiss\u00e3o. Ser Advogada \u00e9 ser eu, n\u00e3o me vejo a exercer qualquer outra profiss\u00e3o.<\/p>\n\n\n\n<p><\/p>\n\n\n\n<p><strong>Como v\u00ea o futuro da Advocacia Portuguesa, em geral, e do seu escrit\u00f3rio, em particular?<\/strong><\/p>\n\n\n\n<p>A n\u00edvel da Advocacia Portuguesa em geral, h\u00e1 no meu ponto de vista, uma diferen\u00e7a entre a Advocacia quando terminei o meu curso, da Advocacia mais jovem. Quando terminei o meu curso, as regras deontol\u00f3gicas eram muito respeitadas, muito cumpridas. Na Advocacia mais jovem, tenho-me deparado com alguma dificuldade de alguns Colegas no cumprimento dessas regras, o que \u00e0s vezes se traduz em obstaculizar, uma boa media\u00e7\u00e3o para os assuntos dos nossos clientes. Porque s\u00e3o assuntos dos nossos clientes, s\u00e3o lit\u00edgios dos nossos clientes, e n\u00e3o prejudicando os interesses destes, a cordialidade entre Colegas, n\u00e3o pode faltar.<\/p>\n\n\n\n<p><\/p>\n\n\n\n<p>Hoje em dia, penso que muitos poder\u00e3o ser juristas e ter licenciatura em Direito, mas ser Advogado, estar na barra, nos tribunais, usar da orat\u00f3ria, com toda a cordialidade e dignidade desta profiss\u00e3o, n\u00e3o \u00e9 s\u00f3 ter a licenciatura \u00e9 muito mais que isso, \u00e9 usar a media\u00e7\u00e3o em primeiro lugar.<\/p>\n\n\n\n<p>No que respeita ao meu Gabinete Jur\u00eddico, estou feliz com o que tenho, mas n\u00e3o me chega. Para o futuro, eu vejo o meu Gabinete Jur\u00eddico em constante progresso, num processo de internacionaliza\u00e7\u00e3o cont\u00ednuo, a poder trabalhar no estrangeiro n\u00e3o s\u00f3 a n\u00edvel presencial, mas tamb\u00e9m digital, e a continuar a fazer a diferen\u00e7a de forma positiva. Em suma, quero crescer cada vez mais. Na Advocacia, sou uma mulher sem medos, aguerrida e que aceita todos os desafios para ganhar.<\/p>\n\n\n\n<p><\/p>\n\n\n\n<p><strong>Gostaria de deixar alguma mensagem\/conselho \u00e0queles que est\u00e3o prestes a enveredar por esta profiss\u00e3o? <\/strong><\/p>\n\n\n\n<p>Persist\u00eancia, resili\u00eancia e coragem. Acho que estas s\u00e3o as palavras \u2013 chave, n\u00e3o s\u00f3 para se implementarem no mercado de trabalho, n\u00e3o sigam pelo caminho mais f\u00e1cil, associando-se a uma Sociedade de Advogados, onde nunca ter\u00e3o a felicidade de poder Advogar, mas tamb\u00e9m para nunca se deixarem defraudar. Deixar uma mensagem final para que n\u00f3s, enquanto Colegas, sejamos mais solid\u00e1rios e cumpramos as regras Deontol\u00f3gicas.<\/p>\n","protected":false},"excerpt":{"rendered":"<p>Desde tenra idade, Lu\u00edsa Teixeira sonhava em ser Advogada e m\u00e3e, dois grandes pilares que moldaram a sua vida. Com coragem e determina\u00e7\u00e3o trilhou um percurso profissional not\u00e1vel. Hoje, \u00e0 frente do seu Gabinete Jur\u00eddico na Maia, Lu\u00edsa Teixeira evidencia-se pela Advocacia de proximidade. Conhe\u00e7a a hist\u00f3ria e a vis\u00e3o&hellip;<\/p>\n","protected":false},"author":18,"featured_media":9226,"comment_status":"closed","ping_status":"open","sticky":false,"template":"","format":"standard","meta":{"advgb_blocks_editor_width":"","advgb_blocks_columns_visual_guide":"","_monsterinsights_skip_tracking":false,"_monsterinsights_sitenote_active":false,"_monsterinsights_sitenote_note":"","_monsterinsights_sitenote_category":0,"footnotes":""},"categories":[50,6],"tags":[1910,1911,977],"class_list":["post-9199","post","type-post","status-publish","format-standard","has-post-thumbnail","hentry","category-destaques","category-empreendedorismo","tag-advocacia","tag-gabinete-juridico-lt","tag-maia"],"yoast_head":"<!-- This site is optimized with the Yoast SEO plugin v24.4 - https:\/\/yoast.com\/wordpress\/plugins\/seo\/ -->\n<title>&quot;Ser Advogada \u00e9 ser eu, n\u00e3o me vejo a exercer qualquer outra profiss\u00e3o&quot; - Mais Magazine<\/title>\n<meta name=\"robots\" content=\"index, follow, max-snippet:-1, max-image-preview:large, max-video-preview:-1\" \/>\n<link rel=\"canonical\" href=\"http:\/\/maismagazine.pt\/index.php\/2024\/03\/29\/ser-advogada-e-ser-eu-nao-me-vejo-a-exercer-qualquer-outra-profissao\/\" \/>\n<meta property=\"og:locale\" content=\"pt_PT\" \/>\n<meta property=\"og:type\" content=\"article\" \/>\n<meta property=\"og:title\" content=\"&quot;Ser Advogada \u00e9 ser eu, n\u00e3o me vejo a exercer qualquer outra profiss\u00e3o&quot; - Mais Magazine\" \/>\n<meta property=\"og:description\" content=\"Desde tenra idade, Lu\u00edsa Teixeira sonhava em ser Advogada e m\u00e3e, dois grandes pilares que moldaram a sua vida. Com coragem e determina\u00e7\u00e3o trilhou um percurso profissional not\u00e1vel. Hoje, \u00e0 frente do seu Gabinete Jur\u00eddico na Maia, Lu\u00edsa Teixeira evidencia-se pela Advocacia de proximidade. Conhe\u00e7a a hist\u00f3ria e a vis\u00e3o&hellip;\" \/>\n<meta property=\"og:url\" content=\"http:\/\/maismagazine.pt\/index.php\/2024\/03\/29\/ser-advogada-e-ser-eu-nao-me-vejo-a-exercer-qualquer-outra-profissao\/\" \/>\n<meta property=\"og:site_name\" content=\"Mais Magazine\" \/>\n<meta property=\"article:published_time\" content=\"2024-03-29T07:00:00+00:00\" \/>\n<meta property=\"og:image\" content=\"http:\/\/maismagazine.pt\/wp-content\/uploads\/2024\/03\/CAPA.jpg\" \/>\n\t<meta property=\"og:image:width\" content=\"1150\" \/>\n\t<meta property=\"og:image:height\" content=\"862\" \/>\n\t<meta property=\"og:image:type\" content=\"image\/jpeg\" \/>\n<meta name=\"author\" content=\"Tatiana Martins\" \/>\n<meta name=\"twitter:card\" content=\"summary_large_image\" \/>\n<meta name=\"twitter:label1\" content=\"Escrito por\" \/>\n\t<meta name=\"twitter:data1\" content=\"\" \/>\n\t<meta name=\"twitter:label2\" content=\"Tempo estimado de leitura\" \/>\n\t<meta name=\"twitter:data2\" content=\"13 minutos\" \/>\n<script type=\"application\/ld+json\" class=\"yoast-schema-graph\">{\"@context\":\"https:\/\/schema.org\",\"@graph\":[{\"@type\":\"Article\",\"@id\":\"http:\/\/maismagazine.pt\/index.php\/2024\/03\/29\/ser-advogada-e-ser-eu-nao-me-vejo-a-exercer-qualquer-outra-profissao\/#article\",\"isPartOf\":{\"@id\":\"http:\/\/maismagazine.pt\/index.php\/2024\/03\/29\/ser-advogada-e-ser-eu-nao-me-vejo-a-exercer-qualquer-outra-profissao\/\"},\"author\":{\"name\":\"Tatiana Martins\",\"@id\":\"https:\/\/maismagazine.pt\/#\/schema\/person\/7426e2caeb8df32a1b56aa48dae778c9\"},\"headline\":\"&#8220;Ser Advogada \u00e9 ser eu, n\u00e3o me vejo a exercer qualquer outra profiss\u00e3o&#8221;\",\"datePublished\":\"2024-03-29T07:00:00+00:00\",\"mainEntityOfPage\":{\"@id\":\"http:\/\/maismagazine.pt\/index.php\/2024\/03\/29\/ser-advogada-e-ser-eu-nao-me-vejo-a-exercer-qualquer-outra-profissao\/\"},\"wordCount\":2378,\"publisher\":{\"@id\":\"https:\/\/maismagazine.pt\/#organization\"},\"image\":{\"@id\":\"http:\/\/maismagazine.pt\/index.php\/2024\/03\/29\/ser-advogada-e-ser-eu-nao-me-vejo-a-exercer-qualquer-outra-profissao\/#primaryimage\"},\"thumbnailUrl\":\"http:\/\/maismagazine.pt\/wp-content\/uploads\/2024\/03\/CAPA.jpg\",\"keywords\":[\"Advocacia\",\"Gabinete Jur\u00eddico LT\",\"Maia\"],\"articleSection\":[\"Destaques\",\"Empreendedorismo\"],\"inLanguage\":\"pt-PT\"},{\"@type\":\"WebPage\",\"@id\":\"http:\/\/maismagazine.pt\/index.php\/2024\/03\/29\/ser-advogada-e-ser-eu-nao-me-vejo-a-exercer-qualquer-outra-profissao\/\",\"url\":\"http:\/\/maismagazine.pt\/index.php\/2024\/03\/29\/ser-advogada-e-ser-eu-nao-me-vejo-a-exercer-qualquer-outra-profissao\/\",\"name\":\"\\\"Ser Advogada \u00e9 ser eu, n\u00e3o me vejo a exercer qualquer outra profiss\u00e3o\\\" - Mais Magazine\",\"isPartOf\":{\"@id\":\"https:\/\/maismagazine.pt\/#website\"},\"primaryImageOfPage\":{\"@id\":\"http:\/\/maismagazine.pt\/index.php\/2024\/03\/29\/ser-advogada-e-ser-eu-nao-me-vejo-a-exercer-qualquer-outra-profissao\/#primaryimage\"},\"image\":{\"@id\":\"http:\/\/maismagazine.pt\/index.php\/2024\/03\/29\/ser-advogada-e-ser-eu-nao-me-vejo-a-exercer-qualquer-outra-profissao\/#primaryimage\"},\"thumbnailUrl\":\"http:\/\/maismagazine.pt\/wp-content\/uploads\/2024\/03\/CAPA.jpg\",\"datePublished\":\"2024-03-29T07:00:00+00:00\",\"breadcrumb\":{\"@id\":\"http:\/\/maismagazine.pt\/index.php\/2024\/03\/29\/ser-advogada-e-ser-eu-nao-me-vejo-a-exercer-qualquer-outra-profissao\/#breadcrumb\"},\"inLanguage\":\"pt-PT\",\"potentialAction\":[{\"@type\":\"ReadAction\",\"target\":[\"http:\/\/maismagazine.pt\/index.php\/2024\/03\/29\/ser-advogada-e-ser-eu-nao-me-vejo-a-exercer-qualquer-outra-profissao\/\"]}]},{\"@type\":\"ImageObject\",\"inLanguage\":\"pt-PT\",\"@id\":\"http:\/\/maismagazine.pt\/index.php\/2024\/03\/29\/ser-advogada-e-ser-eu-nao-me-vejo-a-exercer-qualquer-outra-profissao\/#primaryimage\",\"url\":\"http:\/\/maismagazine.pt\/wp-content\/uploads\/2024\/03\/CAPA.jpg\",\"contentUrl\":\"http:\/\/maismagazine.pt\/wp-content\/uploads\/2024\/03\/CAPA.jpg\",\"width\":1150,\"height\":862,\"caption\":\"Evoto\"},{\"@type\":\"BreadcrumbList\",\"@id\":\"http:\/\/maismagazine.pt\/index.php\/2024\/03\/29\/ser-advogada-e-ser-eu-nao-me-vejo-a-exercer-qualquer-outra-profissao\/#breadcrumb\",\"itemListElement\":[{\"@type\":\"ListItem\",\"position\":1,\"name\":\"Home\",\"item\":\"https:\/\/maismagazine.pt\/\"},{\"@type\":\"ListItem\",\"position\":2,\"name\":\"&#8220;Ser Advogada \u00e9 ser eu, n\u00e3o me vejo a exercer qualquer outra profiss\u00e3o&#8221;\"}]},{\"@type\":\"WebSite\",\"@id\":\"https:\/\/maismagazine.pt\/#website\",\"url\":\"https:\/\/maismagazine.pt\/\",\"name\":\"Mais Magazine\",\"description\":\"\",\"publisher\":{\"@id\":\"https:\/\/maismagazine.pt\/#organization\"},\"potentialAction\":[{\"@type\":\"SearchAction\",\"target\":{\"@type\":\"EntryPoint\",\"urlTemplate\":\"https:\/\/maismagazine.pt\/?s={search_term_string}\"},\"query-input\":{\"@type\":\"PropertyValueSpecification\",\"valueRequired\":true,\"valueName\":\"search_term_string\"}}],\"inLanguage\":\"pt-PT\"},{\"@type\":\"Organization\",\"@id\":\"https:\/\/maismagazine.pt\/#organization\",\"name\":\"Mais Magazine\",\"url\":\"https:\/\/maismagazine.pt\/\",\"logo\":{\"@type\":\"ImageObject\",\"inLanguage\":\"pt-PT\",\"@id\":\"https:\/\/maismagazine.pt\/#\/schema\/logo\/image\/\",\"url\":\"http:\/\/maismagazine.pt\/wp-content\/uploads\/2020\/04\/cropped-cropped-mais-magazine-site-logo-2.png\",\"contentUrl\":\"http:\/\/maismagazine.pt\/wp-content\/uploads\/2020\/04\/cropped-cropped-mais-magazine-site-logo-2.png\",\"width\":581,\"height\":90,\"caption\":\"Mais Magazine\"},\"image\":{\"@id\":\"https:\/\/maismagazine.pt\/#\/schema\/logo\/image\/\"}},{\"@type\":\"Person\",\"@id\":\"https:\/\/maismagazine.pt\/#\/schema\/person\/7426e2caeb8df32a1b56aa48dae778c9\",\"name\":\"Tatiana Martins\",\"image\":{\"@type\":\"ImageObject\",\"inLanguage\":\"pt-PT\",\"@id\":\"https:\/\/maismagazine.pt\/#\/schema\/person\/image\/\",\"url\":\"https:\/\/secure.gravatar.com\/avatar\/4b24a57f5d0425f2eb20981c4b53244e?s=96&d=mm&r=g\",\"contentUrl\":\"https:\/\/secure.gravatar.com\/avatar\/4b24a57f5d0425f2eb20981c4b53244e?s=96&d=mm&r=g\",\"caption\":\"Tatiana Martins\"},\"url\":\"http:\/\/maismagazine.pt\/index.php\/author\/tatiana\/\"}]}<\/script>\n<!-- \/ Yoast SEO plugin. -->","yoast_head_json":{"title":"\"Ser Advogada \u00e9 ser eu, n\u00e3o me vejo a exercer qualquer outra profiss\u00e3o\" - Mais Magazine","robots":{"index":"index","follow":"follow","max-snippet":"max-snippet:-1","max-image-preview":"max-image-preview:large","max-video-preview":"max-video-preview:-1"},"canonical":"http:\/\/maismagazine.pt\/index.php\/2024\/03\/29\/ser-advogada-e-ser-eu-nao-me-vejo-a-exercer-qualquer-outra-profissao\/","og_locale":"pt_PT","og_type":"article","og_title":"\"Ser Advogada \u00e9 ser eu, n\u00e3o me vejo a exercer qualquer outra profiss\u00e3o\" - Mais Magazine","og_description":"Desde tenra idade, Lu\u00edsa Teixeira sonhava em ser Advogada e m\u00e3e, dois grandes pilares que moldaram a sua vida. Com coragem e determina\u00e7\u00e3o trilhou um percurso profissional not\u00e1vel. Hoje, \u00e0 frente do seu Gabinete Jur\u00eddico na Maia, Lu\u00edsa Teixeira evidencia-se pela Advocacia de proximidade. Conhe\u00e7a a hist\u00f3ria e a vis\u00e3o&hellip;","og_url":"http:\/\/maismagazine.pt\/index.php\/2024\/03\/29\/ser-advogada-e-ser-eu-nao-me-vejo-a-exercer-qualquer-outra-profissao\/","og_site_name":"Mais Magazine","article_published_time":"2024-03-29T07:00:00+00:00","og_image":[{"width":1150,"height":862,"url":"http:\/\/maismagazine.pt\/wp-content\/uploads\/2024\/03\/CAPA.jpg","type":"image\/jpeg"}],"author":"Tatiana Martins","twitter_card":"summary_large_image","twitter_misc":{"Escrito por":false,"Tempo estimado de leitura":"13 minutos"},"schema":{"@context":"https:\/\/schema.org","@graph":[{"@type":"Article","@id":"http:\/\/maismagazine.pt\/index.php\/2024\/03\/29\/ser-advogada-e-ser-eu-nao-me-vejo-a-exercer-qualquer-outra-profissao\/#article","isPartOf":{"@id":"http:\/\/maismagazine.pt\/index.php\/2024\/03\/29\/ser-advogada-e-ser-eu-nao-me-vejo-a-exercer-qualquer-outra-profissao\/"},"author":{"name":"Tatiana Martins","@id":"https:\/\/maismagazine.pt\/#\/schema\/person\/7426e2caeb8df32a1b56aa48dae778c9"},"headline":"&#8220;Ser Advogada \u00e9 ser eu, n\u00e3o me vejo a exercer qualquer outra profiss\u00e3o&#8221;","datePublished":"2024-03-29T07:00:00+00:00","mainEntityOfPage":{"@id":"http:\/\/maismagazine.pt\/index.php\/2024\/03\/29\/ser-advogada-e-ser-eu-nao-me-vejo-a-exercer-qualquer-outra-profissao\/"},"wordCount":2378,"publisher":{"@id":"https:\/\/maismagazine.pt\/#organization"},"image":{"@id":"http:\/\/maismagazine.pt\/index.php\/2024\/03\/29\/ser-advogada-e-ser-eu-nao-me-vejo-a-exercer-qualquer-outra-profissao\/#primaryimage"},"thumbnailUrl":"http:\/\/maismagazine.pt\/wp-content\/uploads\/2024\/03\/CAPA.jpg","keywords":["Advocacia","Gabinete Jur\u00eddico LT","Maia"],"articleSection":["Destaques","Empreendedorismo"],"inLanguage":"pt-PT"},{"@type":"WebPage","@id":"http:\/\/maismagazine.pt\/index.php\/2024\/03\/29\/ser-advogada-e-ser-eu-nao-me-vejo-a-exercer-qualquer-outra-profissao\/","url":"http:\/\/maismagazine.pt\/index.php\/2024\/03\/29\/ser-advogada-e-ser-eu-nao-me-vejo-a-exercer-qualquer-outra-profissao\/","name":"\"Ser Advogada \u00e9 ser eu, n\u00e3o me vejo a exercer qualquer outra profiss\u00e3o\" - Mais Magazine","isPartOf":{"@id":"https:\/\/maismagazine.pt\/#website"},"primaryImageOfPage":{"@id":"http:\/\/maismagazine.pt\/index.php\/2024\/03\/29\/ser-advogada-e-ser-eu-nao-me-vejo-a-exercer-qualquer-outra-profissao\/#primaryimage"},"image":{"@id":"http:\/\/maismagazine.pt\/index.php\/2024\/03\/29\/ser-advogada-e-ser-eu-nao-me-vejo-a-exercer-qualquer-outra-profissao\/#primaryimage"},"thumbnailUrl":"http:\/\/maismagazine.pt\/wp-content\/uploads\/2024\/03\/CAPA.jpg","datePublished":"2024-03-29T07:00:00+00:00","breadcrumb":{"@id":"http:\/\/maismagazine.pt\/index.php\/2024\/03\/29\/ser-advogada-e-ser-eu-nao-me-vejo-a-exercer-qualquer-outra-profissao\/#breadcrumb"},"inLanguage":"pt-PT","potentialAction":[{"@type":"ReadAction","target":["http:\/\/maismagazine.pt\/index.php\/2024\/03\/29\/ser-advogada-e-ser-eu-nao-me-vejo-a-exercer-qualquer-outra-profissao\/"]}]},{"@type":"ImageObject","inLanguage":"pt-PT","@id":"http:\/\/maismagazine.pt\/index.php\/2024\/03\/29\/ser-advogada-e-ser-eu-nao-me-vejo-a-exercer-qualquer-outra-profissao\/#primaryimage","url":"http:\/\/maismagazine.pt\/wp-content\/uploads\/2024\/03\/CAPA.jpg","contentUrl":"http:\/\/maismagazine.pt\/wp-content\/uploads\/2024\/03\/CAPA.jpg","width":1150,"height":862,"caption":"Evoto"},{"@type":"BreadcrumbList","@id":"http:\/\/maismagazine.pt\/index.php\/2024\/03\/29\/ser-advogada-e-ser-eu-nao-me-vejo-a-exercer-qualquer-outra-profissao\/#breadcrumb","itemListElement":[{"@type":"ListItem","position":1,"name":"Home","item":"https:\/\/maismagazine.pt\/"},{"@type":"ListItem","position":2,"name":"&#8220;Ser Advogada \u00e9 ser eu, n\u00e3o me vejo a exercer qualquer outra profiss\u00e3o&#8221;"}]},{"@type":"WebSite","@id":"https:\/\/maismagazine.pt\/#website","url":"https:\/\/maismagazine.pt\/","name":"Mais Magazine","description":"","publisher":{"@id":"https:\/\/maismagazine.pt\/#organization"},"potentialAction":[{"@type":"SearchAction","target":{"@type":"EntryPoint","urlTemplate":"https:\/\/maismagazine.pt\/?s={search_term_string}"},"query-input":{"@type":"PropertyValueSpecification","valueRequired":true,"valueName":"search_term_string"}}],"inLanguage":"pt-PT"},{"@type":"Organization","@id":"https:\/\/maismagazine.pt\/#organization","name":"Mais Magazine","url":"https:\/\/maismagazine.pt\/","logo":{"@type":"ImageObject","inLanguage":"pt-PT","@id":"https:\/\/maismagazine.pt\/#\/schema\/logo\/image\/","url":"http:\/\/maismagazine.pt\/wp-content\/uploads\/2020\/04\/cropped-cropped-mais-magazine-site-logo-2.png","contentUrl":"http:\/\/maismagazine.pt\/wp-content\/uploads\/2020\/04\/cropped-cropped-mais-magazine-site-logo-2.png","width":581,"height":90,"caption":"Mais Magazine"},"image":{"@id":"https:\/\/maismagazine.pt\/#\/schema\/logo\/image\/"}},{"@type":"Person","@id":"https:\/\/maismagazine.pt\/#\/schema\/person\/7426e2caeb8df32a1b56aa48dae778c9","name":"Tatiana Martins","image":{"@type":"ImageObject","inLanguage":"pt-PT","@id":"https:\/\/maismagazine.pt\/#\/schema\/person\/image\/","url":"https:\/\/secure.gravatar.com\/avatar\/4b24a57f5d0425f2eb20981c4b53244e?s=96&d=mm&r=g","contentUrl":"https:\/\/secure.gravatar.com\/avatar\/4b24a57f5d0425f2eb20981c4b53244e?s=96&d=mm&r=g","caption":"Tatiana Martins"},"url":"http:\/\/maismagazine.pt\/index.php\/author\/tatiana\/"}]}},"author_meta":{"display_name":false,"author_link":"http:\/\/maismagazine.pt\/index.php\/author\/tatiana\/"},"featured_img":"http:\/\/maismagazine.pt\/wp-content\/uploads\/2024\/03\/CAPA-300x225.jpg","coauthors":[],"tax_additional":{"categories":{"linked":["<a href=\"http:\/\/maismagazine.pt\/index.php\/category\/destaques\/\" class=\"advgb-post-tax-term\">Destaques<\/a>","<a href=\"http:\/\/maismagazine.pt\/index.php\/category\/empreendedorismo\/\" class=\"advgb-post-tax-term\">Empreendedorismo<\/a>"],"unlinked":["<span class=\"advgb-post-tax-term\">Destaques<\/span>","<span class=\"advgb-post-tax-term\">Empreendedorismo<\/span>"]},"tags":{"linked":["<a href=\"http:\/\/maismagazine.pt\/index.php\/category\/empreendedorismo\/\" class=\"advgb-post-tax-term\">Advocacia<\/a>","<a href=\"http:\/\/maismagazine.pt\/index.php\/category\/empreendedorismo\/\" class=\"advgb-post-tax-term\">Gabinete Jur\u00eddico LT<\/a>","<a href=\"http:\/\/maismagazine.pt\/index.php\/category\/empreendedorismo\/\" class=\"advgb-post-tax-term\">Maia<\/a>"],"unlinked":["<span class=\"advgb-post-tax-term\">Advocacia<\/span>","<span class=\"advgb-post-tax-term\">Gabinete Jur\u00eddico LT<\/span>","<span class=\"advgb-post-tax-term\">Maia<\/span>"]}},"comment_count":"0","relative_dates":{"created":"Posted 2 anos ago","modified":"Updated 2 anos ago"},"absolute_dates":{"created":"Posted on 29 de Mar\u00e7o, 2024","modified":"Updated on 25 de Mar\u00e7o, 2024"},"absolute_dates_time":{"created":"Posted on 29 de Mar\u00e7o, 2024 7:00","modified":"Updated on 25 de Mar\u00e7o, 2024 15:34"},"featured_img_caption":"Evoto","series_order":"","_links":{"self":[{"href":"http:\/\/maismagazine.pt\/index.php\/wp-json\/wp\/v2\/posts\/9199","targetHints":{"allow":["GET"]}}],"collection":[{"href":"http:\/\/maismagazine.pt\/index.php\/wp-json\/wp\/v2\/posts"}],"about":[{"href":"http:\/\/maismagazine.pt\/index.php\/wp-json\/wp\/v2\/types\/post"}],"author":[{"embeddable":true,"href":"http:\/\/maismagazine.pt\/index.php\/wp-json\/wp\/v2\/users\/18"}],"replies":[{"embeddable":true,"href":"http:\/\/maismagazine.pt\/index.php\/wp-json\/wp\/v2\/comments?post=9199"}],"version-history":[{"count":1,"href":"http:\/\/maismagazine.pt\/index.php\/wp-json\/wp\/v2\/posts\/9199\/revisions"}],"predecessor-version":[{"id":9229,"href":"http:\/\/maismagazine.pt\/index.php\/wp-json\/wp\/v2\/posts\/9199\/revisions\/9229"}],"wp:featuredmedia":[{"embeddable":true,"href":"http:\/\/maismagazine.pt\/index.php\/wp-json\/wp\/v2\/media\/9226"}],"wp:attachment":[{"href":"http:\/\/maismagazine.pt\/index.php\/wp-json\/wp\/v2\/media?parent=9199"}],"wp:term":[{"taxonomy":"category","embeddable":true,"href":"http:\/\/maismagazine.pt\/index.php\/wp-json\/wp\/v2\/categories?post=9199"},{"taxonomy":"post_tag","embeddable":true,"href":"http:\/\/maismagazine.pt\/index.php\/wp-json\/wp\/v2\/tags?post=9199"}],"curies":[{"name":"wp","href":"https:\/\/api.w.org\/{rel}","templated":true}]}}