{"id":9178,"date":"2024-03-29T07:00:00","date_gmt":"2024-03-29T07:00:00","guid":{"rendered":"https:\/\/maismagazine.pt\/?p=9178"},"modified":"2024-03-25T14:59:38","modified_gmt":"2024-03-25T14:59:38","slug":"cm-elvas","status":"publish","type":"post","link":"http:\/\/maismagazine.pt\/index.php\/2024\/03\/29\/cm-elvas\/","title":{"rendered":"CM Elvas"},"content":{"rendered":"\n<p><strong>Forte da Gra\u00e7a<\/strong> &#8211; Espl\u00eandida e grandiosa constru\u00e7\u00e3o da Pra\u00e7a de <a href=\"https:\/\/cm-elvas.pt\/\">Elvas<\/a> situada numa grande eleva\u00e7\u00e3o a Norte.<br>Exemplo not\u00e1vel da arquitetura militar do s\u00e9c. XVIII e considerada por muitos historiadores como uma das mais poderosas fortalezas abaluartadas do mundo, o Forte da Gra\u00e7a ou de Lippe \u00e9 ainda original pela sua conce\u00e7\u00e3o e implanta\u00e7\u00e3o.<\/p>\n\n\n\n<p>Esta eleva\u00e7\u00e3o foi desde sempre bastante importante: ainda no s\u00e9c. XV aqui se situava a pequena ermida de Santa Maria da Gra\u00e7a, cuja reedifica\u00e7\u00e3o na altura se deveu \u00e0 bisav\u00f3 de Vasco da Gama; na Guerra da Restaura\u00e7\u00e3o, em 1658, os espanh\u00f3is constru\u00edram aqui um reduto para atacar a cidade de Elvas.<br>A edifica\u00e7\u00e3o da fortifica\u00e7\u00e3o come\u00e7aria em 1763 por Wilhelm, Conde de Schaumbourg-Lippe, encarregado pelo rei D. Jos\u00e9 a reorganizar o ex\u00e9rcito portugu\u00eas. Para dirigir as obras foi escolhido o Engenheiro \u00c9ttiene, sendo este pouco tempo depois substitu\u00eddo pelo Coronel Guillaume Louis Antoine de Valler\u00e9. As obras gigantescas s\u00f3 terminariam em 1792.<\/p>\n\n\n\n<p>Constitu\u00eddo por tr\u00eas corpos, as obras exteriores, o corpo principal e o reduto central, o Forte da Gra\u00e7a \u00e9 um exemplo da arquitectura militar de tipologia Vauban. O corpo central \u00e9 formado por quatro baluartes tendo a meio da cortina sul a porta principal de uma beleza fenomenal.<br>Em 1856 j\u00e1 a guerra tomava outros caminhos e neste espa\u00e7o foi criada uma companhia de corre\u00e7\u00e3o e em 1894 um dep\u00f3sito disciplinar onde estiveram v\u00e1rios presos pol\u00edticos desde a 1\u00aa Rep\u00fablica at\u00e9 1974.<\/p>\n\n\n\n<p>O monumento foi alvo de interven\u00e7\u00e3o, ao longo de 11 meses, tendo sido inaugurado a 27 de novembro de 2015. Esta interven\u00e7\u00e3o traduziu-se na recupera\u00e7\u00e3o da casa do governador, o ponto mais alto do forte, das casas dos oficiais e restantes elementos arquitet\u00f3nicos, tendo sido ainda repostas todas as cores e materiais originais do Forte e recuperadas as estruturas, nomeadamente a cisterna, a pris\u00e3o, as galerias de tiro e a capela, onde foram descobertos frescos do s\u00e9culo XIX, tamb\u00e9m eles alvo de interven\u00e7\u00e3o.<\/p>\n","protected":false},"excerpt":{"rendered":"<p>Forte da Gra\u00e7a &#8211; Espl\u00eandida e grandiosa constru\u00e7\u00e3o da Pra\u00e7a de Elvas situada numa grande eleva\u00e7\u00e3o a Norte.Exemplo not\u00e1vel da arquitetura militar do s\u00e9c. XVIII e considerada por muitos historiadores como uma das mais poderosas fortalezas abaluartadas do mundo, o Forte da Gra\u00e7a ou de Lippe \u00e9 ainda original pela&hellip;<\/p>\n","protected":false},"author":17,"featured_media":9182,"comment_status":"closed","ping_status":"open","sticky":false,"template":"","format":"standard","meta":{"advgb_blocks_editor_width":"","advgb_blocks_columns_visual_guide":"","_monsterinsights_skip_tracking":false,"_monsterinsights_sitenote_active":false,"_monsterinsights_sitenote_note":"","_monsterinsights_sitenote_category":0,"footnotes":""},"categories":[1460],"tags":[1899,395],"class_list":["post-9178","post","type-post","status-publish","format-standard","has-post-thumbnail","hentry","category-publicidade","tag-cm-elvas","tag-patrimonio"],"yoast_head":"<!-- This site is optimized with the Yoast SEO plugin v24.4 - https:\/\/yoast.com\/wordpress\/plugins\/seo\/ -->\n<title>CM Elvas - Mais Magazine<\/title>\n<meta name=\"description\" content=\"Forte da Gra\u00e7a - Espl\u00eandida e grandiosa constru\u00e7\u00e3o da Pra\u00e7a de Elvas situada numa grande eleva\u00e7\u00e3o a Norte.Exemplo not\u00e1vel da arquitetura militar do s\u00e9c. XVIII e considerada por muitos historiadores como uma das mais poderosas fortalezas abaluartadas do mundo, o Forte da Gra\u00e7a ou de Lippe \u00e9 ainda original pela sua conce\u00e7\u00e3o e implanta\u00e7\u00e3o.\" \/>\n<meta name=\"robots\" content=\"index, follow, max-snippet:-1, max-image-preview:large, max-video-preview:-1\" \/>\n<link rel=\"canonical\" href=\"http:\/\/maismagazine.pt\/index.php\/2024\/03\/29\/cm-elvas\/\" \/>\n<meta property=\"og:locale\" content=\"pt_PT\" \/>\n<meta property=\"og:type\" content=\"article\" \/>\n<meta property=\"og:title\" content=\"CM Elvas - Mais Magazine\" \/>\n<meta property=\"og:description\" content=\"Forte da Gra\u00e7a - Espl\u00eandida e grandiosa constru\u00e7\u00e3o da Pra\u00e7a de Elvas situada numa grande eleva\u00e7\u00e3o a Norte.Exemplo not\u00e1vel da arquitetura militar do s\u00e9c. XVIII e considerada por muitos historiadores como uma das mais poderosas fortalezas abaluartadas do mundo, o Forte da Gra\u00e7a ou de Lippe \u00e9 ainda original pela sua conce\u00e7\u00e3o e implanta\u00e7\u00e3o.\" \/>\n<meta property=\"og:url\" content=\"http:\/\/maismagazine.pt\/index.php\/2024\/03\/29\/cm-elvas\/\" \/>\n<meta property=\"og:site_name\" content=\"Mais Magazine\" \/>\n<meta property=\"article:published_time\" content=\"2024-03-29T07:00:00+00:00\" \/>\n<meta property=\"og:image\" content=\"http:\/\/maismagazine.pt\/wp-content\/uploads\/2024\/03\/350920102_216564654511703_2157581701177783066_n-1.jpg\" \/>\n\t<meta property=\"og:image:width\" content=\"432\" \/>\n\t<meta property=\"og:image:height\" content=\"432\" \/>\n\t<meta property=\"og:image:type\" content=\"image\/jpeg\" \/>\n<meta name=\"author\" content=\"Tiago Costa\" \/>\n<meta name=\"twitter:card\" content=\"summary_large_image\" \/>\n<meta name=\"twitter:label1\" content=\"Escrito por\" \/>\n\t<meta name=\"twitter:data1\" content=\"\" \/>\n\t<meta name=\"twitter:label2\" content=\"Tempo estimado de leitura\" \/>\n\t<meta name=\"twitter:data2\" content=\"2 minutos\" \/>\n<script type=\"application\/ld+json\" class=\"yoast-schema-graph\">{\"@context\":\"https:\/\/schema.org\",\"@graph\":[{\"@type\":\"Article\",\"@id\":\"http:\/\/maismagazine.pt\/index.php\/2024\/03\/29\/cm-elvas\/#article\",\"isPartOf\":{\"@id\":\"http:\/\/maismagazine.pt\/index.php\/2024\/03\/29\/cm-elvas\/\"},\"author\":{\"name\":\"Tiago Costa\",\"@id\":\"http:\/\/maismagazine.pt\/#\/schema\/person\/c6c5bfccc886434cbd11c74e035f9646\"},\"headline\":\"CM Elvas\",\"datePublished\":\"2024-03-29T07:00:00+00:00\",\"mainEntityOfPage\":{\"@id\":\"http:\/\/maismagazine.pt\/index.php\/2024\/03\/29\/cm-elvas\/\"},\"wordCount\":351,\"publisher\":{\"@id\":\"http:\/\/maismagazine.pt\/#organization\"},\"image\":{\"@id\":\"http:\/\/maismagazine.pt\/index.php\/2024\/03\/29\/cm-elvas\/#primaryimage\"},\"thumbnailUrl\":\"http:\/\/maismagazine.pt\/wp-content\/uploads\/2024\/03\/350920102_216564654511703_2157581701177783066_n-1.jpg\",\"keywords\":[\"CM Elvas\",\"patrim\u00f3nio\"],\"articleSection\":[\"publicidade\"],\"inLanguage\":\"pt-PT\"},{\"@type\":\"WebPage\",\"@id\":\"http:\/\/maismagazine.pt\/index.php\/2024\/03\/29\/cm-elvas\/\",\"url\":\"http:\/\/maismagazine.pt\/index.php\/2024\/03\/29\/cm-elvas\/\",\"name\":\"CM Elvas - Mais Magazine\",\"isPartOf\":{\"@id\":\"http:\/\/maismagazine.pt\/#website\"},\"primaryImageOfPage\":{\"@id\":\"http:\/\/maismagazine.pt\/index.php\/2024\/03\/29\/cm-elvas\/#primaryimage\"},\"image\":{\"@id\":\"http:\/\/maismagazine.pt\/index.php\/2024\/03\/29\/cm-elvas\/#primaryimage\"},\"thumbnailUrl\":\"http:\/\/maismagazine.pt\/wp-content\/uploads\/2024\/03\/350920102_216564654511703_2157581701177783066_n-1.jpg\",\"datePublished\":\"2024-03-29T07:00:00+00:00\",\"description\":\"Forte da Gra\u00e7a - Espl\u00eandida e grandiosa constru\u00e7\u00e3o da Pra\u00e7a de Elvas situada numa grande eleva\u00e7\u00e3o a Norte.Exemplo not\u00e1vel da arquitetura militar do s\u00e9c. XVIII e considerada por muitos historiadores como uma das mais poderosas fortalezas abaluartadas do mundo, o Forte da Gra\u00e7a ou de Lippe \u00e9 ainda original pela sua conce\u00e7\u00e3o e implanta\u00e7\u00e3o.\",\"breadcrumb\":{\"@id\":\"http:\/\/maismagazine.pt\/index.php\/2024\/03\/29\/cm-elvas\/#breadcrumb\"},\"inLanguage\":\"pt-PT\",\"potentialAction\":[{\"@type\":\"ReadAction\",\"target\":[\"http:\/\/maismagazine.pt\/index.php\/2024\/03\/29\/cm-elvas\/\"]}]},{\"@type\":\"ImageObject\",\"inLanguage\":\"pt-PT\",\"@id\":\"http:\/\/maismagazine.pt\/index.php\/2024\/03\/29\/cm-elvas\/#primaryimage\",\"url\":\"http:\/\/maismagazine.pt\/wp-content\/uploads\/2024\/03\/350920102_216564654511703_2157581701177783066_n-1.jpg\",\"contentUrl\":\"http:\/\/maismagazine.pt\/wp-content\/uploads\/2024\/03\/350920102_216564654511703_2157581701177783066_n-1.jpg\",\"width\":432,\"height\":432},{\"@type\":\"BreadcrumbList\",\"@id\":\"http:\/\/maismagazine.pt\/index.php\/2024\/03\/29\/cm-elvas\/#breadcrumb\",\"itemListElement\":[{\"@type\":\"ListItem\",\"position\":1,\"name\":\"Home\",\"item\":\"http:\/\/maismagazine.pt\/\"},{\"@type\":\"ListItem\",\"position\":2,\"name\":\"CM Elvas\"}]},{\"@type\":\"WebSite\",\"@id\":\"http:\/\/maismagazine.pt\/#website\",\"url\":\"http:\/\/maismagazine.pt\/\",\"name\":\"Mais Magazine\",\"description\":\"\",\"publisher\":{\"@id\":\"http:\/\/maismagazine.pt\/#organization\"},\"potentialAction\":[{\"@type\":\"SearchAction\",\"target\":{\"@type\":\"EntryPoint\",\"urlTemplate\":\"http:\/\/maismagazine.pt\/?s={search_term_string}\"},\"query-input\":{\"@type\":\"PropertyValueSpecification\",\"valueRequired\":true,\"valueName\":\"search_term_string\"}}],\"inLanguage\":\"pt-PT\"},{\"@type\":\"Organization\",\"@id\":\"http:\/\/maismagazine.pt\/#organization\",\"name\":\"Mais Magazine\",\"url\":\"http:\/\/maismagazine.pt\/\",\"logo\":{\"@type\":\"ImageObject\",\"inLanguage\":\"pt-PT\",\"@id\":\"http:\/\/maismagazine.pt\/#\/schema\/logo\/image\/\",\"url\":\"http:\/\/maismagazine.pt\/wp-content\/uploads\/2020\/04\/cropped-cropped-mais-magazine-site-logo-2.png\",\"contentUrl\":\"http:\/\/maismagazine.pt\/wp-content\/uploads\/2020\/04\/cropped-cropped-mais-magazine-site-logo-2.png\",\"width\":581,\"height\":90,\"caption\":\"Mais Magazine\"},\"image\":{\"@id\":\"http:\/\/maismagazine.pt\/#\/schema\/logo\/image\/\"}},{\"@type\":\"Person\",\"@id\":\"http:\/\/maismagazine.pt\/#\/schema\/person\/c6c5bfccc886434cbd11c74e035f9646\",\"name\":\"Tiago Costa\",\"image\":{\"@type\":\"ImageObject\",\"inLanguage\":\"pt-PT\",\"@id\":\"http:\/\/maismagazine.pt\/#\/schema\/person\/image\/\",\"url\":\"https:\/\/secure.gravatar.com\/avatar\/c599b2bce16c9870429198cbad5ee022?s=96&d=mm&r=g\",\"contentUrl\":\"https:\/\/secure.gravatar.com\/avatar\/c599b2bce16c9870429198cbad5ee022?s=96&d=mm&r=g\",\"caption\":\"Tiago Costa\"},\"url\":\"http:\/\/maismagazine.pt\/index.php\/author\/tiago\/\"}]}<\/script>\n<!-- \/ Yoast SEO plugin. -->","yoast_head_json":{"title":"CM Elvas - Mais Magazine","description":"Forte da Gra\u00e7a - Espl\u00eandida e grandiosa constru\u00e7\u00e3o da Pra\u00e7a de Elvas situada numa grande eleva\u00e7\u00e3o a Norte.Exemplo not\u00e1vel da arquitetura militar do s\u00e9c. XVIII e considerada por muitos historiadores como uma das mais poderosas fortalezas abaluartadas do mundo, o Forte da Gra\u00e7a ou de Lippe \u00e9 ainda original pela sua conce\u00e7\u00e3o e implanta\u00e7\u00e3o.","robots":{"index":"index","follow":"follow","max-snippet":"max-snippet:-1","max-image-preview":"max-image-preview:large","max-video-preview":"max-video-preview:-1"},"canonical":"http:\/\/maismagazine.pt\/index.php\/2024\/03\/29\/cm-elvas\/","og_locale":"pt_PT","og_type":"article","og_title":"CM Elvas - Mais Magazine","og_description":"Forte da Gra\u00e7a - Espl\u00eandida e grandiosa constru\u00e7\u00e3o da Pra\u00e7a de Elvas situada numa grande eleva\u00e7\u00e3o a Norte.Exemplo not\u00e1vel da arquitetura militar do s\u00e9c. XVIII e considerada por muitos historiadores como uma das mais poderosas fortalezas abaluartadas do mundo, o Forte da Gra\u00e7a ou de Lippe \u00e9 ainda original pela sua conce\u00e7\u00e3o e implanta\u00e7\u00e3o.","og_url":"http:\/\/maismagazine.pt\/index.php\/2024\/03\/29\/cm-elvas\/","og_site_name":"Mais Magazine","article_published_time":"2024-03-29T07:00:00+00:00","og_image":[{"width":432,"height":432,"url":"http:\/\/maismagazine.pt\/wp-content\/uploads\/2024\/03\/350920102_216564654511703_2157581701177783066_n-1.jpg","type":"image\/jpeg"}],"author":"Tiago Costa","twitter_card":"summary_large_image","twitter_misc":{"Escrito por":false,"Tempo estimado de leitura":"2 minutos"},"schema":{"@context":"https:\/\/schema.org","@graph":[{"@type":"Article","@id":"http:\/\/maismagazine.pt\/index.php\/2024\/03\/29\/cm-elvas\/#article","isPartOf":{"@id":"http:\/\/maismagazine.pt\/index.php\/2024\/03\/29\/cm-elvas\/"},"author":{"name":"Tiago Costa","@id":"http:\/\/maismagazine.pt\/#\/schema\/person\/c6c5bfccc886434cbd11c74e035f9646"},"headline":"CM Elvas","datePublished":"2024-03-29T07:00:00+00:00","mainEntityOfPage":{"@id":"http:\/\/maismagazine.pt\/index.php\/2024\/03\/29\/cm-elvas\/"},"wordCount":351,"publisher":{"@id":"http:\/\/maismagazine.pt\/#organization"},"image":{"@id":"http:\/\/maismagazine.pt\/index.php\/2024\/03\/29\/cm-elvas\/#primaryimage"},"thumbnailUrl":"http:\/\/maismagazine.pt\/wp-content\/uploads\/2024\/03\/350920102_216564654511703_2157581701177783066_n-1.jpg","keywords":["CM Elvas","patrim\u00f3nio"],"articleSection":["publicidade"],"inLanguage":"pt-PT"},{"@type":"WebPage","@id":"http:\/\/maismagazine.pt\/index.php\/2024\/03\/29\/cm-elvas\/","url":"http:\/\/maismagazine.pt\/index.php\/2024\/03\/29\/cm-elvas\/","name":"CM Elvas - Mais Magazine","isPartOf":{"@id":"http:\/\/maismagazine.pt\/#website"},"primaryImageOfPage":{"@id":"http:\/\/maismagazine.pt\/index.php\/2024\/03\/29\/cm-elvas\/#primaryimage"},"image":{"@id":"http:\/\/maismagazine.pt\/index.php\/2024\/03\/29\/cm-elvas\/#primaryimage"},"thumbnailUrl":"http:\/\/maismagazine.pt\/wp-content\/uploads\/2024\/03\/350920102_216564654511703_2157581701177783066_n-1.jpg","datePublished":"2024-03-29T07:00:00+00:00","description":"Forte da Gra\u00e7a - Espl\u00eandida e grandiosa constru\u00e7\u00e3o da Pra\u00e7a de Elvas situada numa grande eleva\u00e7\u00e3o a Norte.Exemplo not\u00e1vel da arquitetura militar do s\u00e9c. XVIII e considerada por muitos historiadores como uma das mais poderosas fortalezas abaluartadas do mundo, o Forte da Gra\u00e7a ou de Lippe \u00e9 ainda original pela sua conce\u00e7\u00e3o e implanta\u00e7\u00e3o.","breadcrumb":{"@id":"http:\/\/maismagazine.pt\/index.php\/2024\/03\/29\/cm-elvas\/#breadcrumb"},"inLanguage":"pt-PT","potentialAction":[{"@type":"ReadAction","target":["http:\/\/maismagazine.pt\/index.php\/2024\/03\/29\/cm-elvas\/"]}]},{"@type":"ImageObject","inLanguage":"pt-PT","@id":"http:\/\/maismagazine.pt\/index.php\/2024\/03\/29\/cm-elvas\/#primaryimage","url":"http:\/\/maismagazine.pt\/wp-content\/uploads\/2024\/03\/350920102_216564654511703_2157581701177783066_n-1.jpg","contentUrl":"http:\/\/maismagazine.pt\/wp-content\/uploads\/2024\/03\/350920102_216564654511703_2157581701177783066_n-1.jpg","width":432,"height":432},{"@type":"BreadcrumbList","@id":"http:\/\/maismagazine.pt\/index.php\/2024\/03\/29\/cm-elvas\/#breadcrumb","itemListElement":[{"@type":"ListItem","position":1,"name":"Home","item":"http:\/\/maismagazine.pt\/"},{"@type":"ListItem","position":2,"name":"CM Elvas"}]},{"@type":"WebSite","@id":"http:\/\/maismagazine.pt\/#website","url":"http:\/\/maismagazine.pt\/","name":"Mais Magazine","description":"","publisher":{"@id":"http:\/\/maismagazine.pt\/#organization"},"potentialAction":[{"@type":"SearchAction","target":{"@type":"EntryPoint","urlTemplate":"http:\/\/maismagazine.pt\/?s={search_term_string}"},"query-input":{"@type":"PropertyValueSpecification","valueRequired":true,"valueName":"search_term_string"}}],"inLanguage":"pt-PT"},{"@type":"Organization","@id":"http:\/\/maismagazine.pt\/#organization","name":"Mais Magazine","url":"http:\/\/maismagazine.pt\/","logo":{"@type":"ImageObject","inLanguage":"pt-PT","@id":"http:\/\/maismagazine.pt\/#\/schema\/logo\/image\/","url":"http:\/\/maismagazine.pt\/wp-content\/uploads\/2020\/04\/cropped-cropped-mais-magazine-site-logo-2.png","contentUrl":"http:\/\/maismagazine.pt\/wp-content\/uploads\/2020\/04\/cropped-cropped-mais-magazine-site-logo-2.png","width":581,"height":90,"caption":"Mais Magazine"},"image":{"@id":"http:\/\/maismagazine.pt\/#\/schema\/logo\/image\/"}},{"@type":"Person","@id":"http:\/\/maismagazine.pt\/#\/schema\/person\/c6c5bfccc886434cbd11c74e035f9646","name":"Tiago Costa","image":{"@type":"ImageObject","inLanguage":"pt-PT","@id":"http:\/\/maismagazine.pt\/#\/schema\/person\/image\/","url":"https:\/\/secure.gravatar.com\/avatar\/c599b2bce16c9870429198cbad5ee022?s=96&d=mm&r=g","contentUrl":"https:\/\/secure.gravatar.com\/avatar\/c599b2bce16c9870429198cbad5ee022?s=96&d=mm&r=g","caption":"Tiago Costa"},"url":"http:\/\/maismagazine.pt\/index.php\/author\/tiago\/"}]}},"author_meta":{"display_name":false,"author_link":"http:\/\/maismagazine.pt\/index.php\/author\/tiago\/"},"featured_img":"http:\/\/maismagazine.pt\/wp-content\/uploads\/2024\/03\/350920102_216564654511703_2157581701177783066_n-1-300x300.jpg","coauthors":[],"tax_additional":{"categories":{"linked":["<a href=\"http:\/\/maismagazine.pt\/index.php\/category\/publicidade\/\" class=\"advgb-post-tax-term\">publicidade<\/a>"],"unlinked":["<span class=\"advgb-post-tax-term\">publicidade<\/span>"]},"tags":{"linked":["<a href=\"http:\/\/maismagazine.pt\/index.php\/category\/publicidade\/\" class=\"advgb-post-tax-term\">CM Elvas<\/a>","<a href=\"http:\/\/maismagazine.pt\/index.php\/category\/publicidade\/\" class=\"advgb-post-tax-term\">patrim\u00f3nio<\/a>"],"unlinked":["<span class=\"advgb-post-tax-term\">CM Elvas<\/span>","<span class=\"advgb-post-tax-term\">patrim\u00f3nio<\/span>"]}},"comment_count":"0","relative_dates":{"created":"Posted 2 anos ago","modified":"Updated 2 anos ago"},"absolute_dates":{"created":"Posted on 29 de Mar\u00e7o, 2024","modified":"Updated on 25 de Mar\u00e7o, 2024"},"absolute_dates_time":{"created":"Posted on 29 de Mar\u00e7o, 2024 7:00","modified":"Updated on 25 de Mar\u00e7o, 2024 14:59"},"featured_img_caption":"","series_order":"","_links":{"self":[{"href":"http:\/\/maismagazine.pt\/index.php\/wp-json\/wp\/v2\/posts\/9178","targetHints":{"allow":["GET"]}}],"collection":[{"href":"http:\/\/maismagazine.pt\/index.php\/wp-json\/wp\/v2\/posts"}],"about":[{"href":"http:\/\/maismagazine.pt\/index.php\/wp-json\/wp\/v2\/types\/post"}],"author":[{"embeddable":true,"href":"http:\/\/maismagazine.pt\/index.php\/wp-json\/wp\/v2\/users\/17"}],"replies":[{"embeddable":true,"href":"http:\/\/maismagazine.pt\/index.php\/wp-json\/wp\/v2\/comments?post=9178"}],"version-history":[{"count":2,"href":"http:\/\/maismagazine.pt\/index.php\/wp-json\/wp\/v2\/posts\/9178\/revisions"}],"predecessor-version":[{"id":9183,"href":"http:\/\/maismagazine.pt\/index.php\/wp-json\/wp\/v2\/posts\/9178\/revisions\/9183"}],"wp:featuredmedia":[{"embeddable":true,"href":"http:\/\/maismagazine.pt\/index.php\/wp-json\/wp\/v2\/media\/9182"}],"wp:attachment":[{"href":"http:\/\/maismagazine.pt\/index.php\/wp-json\/wp\/v2\/media?parent=9178"}],"wp:term":[{"taxonomy":"category","embeddable":true,"href":"http:\/\/maismagazine.pt\/index.php\/wp-json\/wp\/v2\/categories?post=9178"},{"taxonomy":"post_tag","embeddable":true,"href":"http:\/\/maismagazine.pt\/index.php\/wp-json\/wp\/v2\/tags?post=9178"}],"curies":[{"name":"wp","href":"https:\/\/api.w.org\/{rel}","templated":true}]}}