{"id":9174,"date":"2024-03-29T07:00:00","date_gmt":"2024-03-29T07:00:00","guid":{"rendered":"https:\/\/maismagazine.pt\/?p=9174"},"modified":"2024-03-25T14:59:38","modified_gmt":"2024-03-25T14:59:38","slug":"a-sua-casa-de-ferias-em-boas-maos","status":"publish","type":"post","link":"http:\/\/maismagazine.pt\/index.php\/2024\/03\/29\/a-sua-casa-de-ferias-em-boas-maos\/","title":{"rendered":"A sua casa de f\u00e9rias em boas m\u00e3os"},"content":{"rendered":"\n<p><strong>Com uma vasta gama de propriedades localizadas na Quinta do Lago, Vale do Lobo e Vilamoura, a <a href=\"http:\/\/www.dreampropertiesalgarve.com\">Dream Properties<\/a> surge no mercado como a solu\u00e7\u00e3o ideal para fazer a gest\u00e3o da sua casa de f\u00e9rias no Algarve. Carla Cristina, Diretora da Dream Properties, falou \u00e0 Mais Magazine sobre o diversificado leque de servi\u00e7os que a sua empresa apresenta no Algarve, o local ideal para uma espadinha de f\u00e9rias.<\/strong><\/p>\n\n\n\n<p><\/p>\n\n\n\n<p><strong>Quais os objetivos que norteiam a a\u00e7\u00e3o da Dream Properties no mercado?<\/strong><\/p>\n\n\n\n<p>A Dream Properties foi criada com o objetivo de organizar servi\u00e7os e profissionais locais de forma a elevar a qualidade do servi\u00e7o oferecido ao propriet\u00e1rio da sua casa de f\u00e9rias. Ao longo dos anos, verificamos que contribu\u00edmos para melhorias significativas quer para os profissionais que colaboram connosco, quer para o propriet\u00e1rio que confia em n\u00f3s o cuidado regular da sua casa de f\u00e9rias no Algarve.<\/p>\n\n\n\n<p><\/p>\n\n\n\n<p><strong>Quais os servi\u00e7os prestados pela Dream Properties?<\/strong><\/p>\n\n\n\n<p>Tendo em considera\u00e7\u00e3o que os portugueses t\u00eam no Algarve o seu destino predileto para passar as suas f\u00e9rias, oferecemos uma vasta gama de propriedades dispon\u00edveis para aluguer de curta dura\u00e7\u00e3o, dando resposta \u00e0s necessidades e exig\u00eancias apresentadas pelos turistas que nos procuram. Assim, temos uma variedade de propriedades situadas na Quinta do Lago, Vale do Lobo e Vilamoura, at\u00e9 moradias inseridas em zonas mais rurais onde o contacto com a natureza \u00e9 predominante, no entanto, os acessos \u00e0 praia ficam apenas a 20 minutos de dist\u00e2ncia, o que convida ao melhor dos dois mundos.<\/p>\n\n\n\n<p>Oferecemos assist\u00eancia a propriet\u00e1rios de im\u00f3veis na gest\u00e3o das suas propriedades, incluindo manuten\u00e7\u00e3o, gest\u00e3o de alugueres e rela\u00e7\u00f5es com h\u00f3spedes ou inquilinos. Ainda prestamos servi\u00e7os de limpeza, jardinagem e manuten\u00e7\u00e3o de piscinas e temos tamb\u00e9m uma lavandaria industrial pr\u00f3pria exclusiva para os nossos clientes. Promovemos tamb\u00e9m servi\u00e7os de consultoria imobili\u00e1ria, atrav\u00e9s da presta\u00e7\u00e3o de aconselhamento e orienta\u00e7\u00e3o aos clientes sobre a compra, venda ou aluguer de propriedades na \u00e1rea, incluindo an\u00e1lise de mercado e oportunidades de investimento, bem como atividades de marketing imobili\u00e1rio, com a promo\u00e7\u00e3o de propriedades atrav\u00e9s de v\u00e1rios canais para chegar aos turistas, incluindo listagens online, publicidade e redes sociais.<\/p>\n\n\n\n<p><\/p>\n\n\n\n<p><strong>Quais os fatores diferenciadores da empresa? <\/strong><\/p>\n\n\n\n<p>O Algarve \u00e9 um dos destinos de excel\u00eancia para as f\u00e9rias dos portugueses, por isso mesmo a Dream Properties oferece um conjunto de solu\u00e7\u00f5es que permite tornar a sua escapadinha ao Algarve ainda mais descontra\u00edda. Neste sentido, a nossa empresa diferencia-se por possuir propriedades em \u00e1reas exclusivas e de maior procura na regi\u00e3o do Algarve, por efetuar um atendimento personalizado tendo em conta as necessidades e anseios de cada cliente, por ser composta por uma equipa experiente e com alto n\u00edvel de conhecimento sobre o mercado local, pela facilidade e rapidez do processo de reserva e pelo selo de qualidade que a Dream Properties coloca em cada propriedade que gere, garantindo uma estadia confort\u00e1vel e memor\u00e1vel. <\/p>\n\n\n\n<p><\/p>\n\n\n\n<p><canvas width=\"1245\" height=\"1755\"><\/canvas><\/p>\n","protected":false},"excerpt":{"rendered":"<p>Com uma vasta gama de propriedades localizadas na Quinta do Lago, Vale do Lobo e Vilamoura, a Dream Properties surge no mercado como a solu\u00e7\u00e3o ideal para fazer a gest\u00e3o da sua casa de f\u00e9rias no Algarve. Carla Cristina, Diretora da Dream Properties, falou \u00e0 Mais Magazine sobre o diversificado&hellip;<\/p>\n","protected":false},"author":18,"featured_media":9179,"comment_status":"closed","ping_status":"open","sticky":false,"template":"","format":"standard","meta":{"advgb_blocks_editor_width":"","advgb_blocks_columns_visual_guide":"","_monsterinsights_skip_tracking":false,"_monsterinsights_sitenote_active":false,"_monsterinsights_sitenote_note":"","_monsterinsights_sitenote_category":0,"footnotes":""},"categories":[161],"tags":[1367,1900,1623],"class_list":["post-9174","post","type-post","status-publish","format-standard","has-post-thumbnail","hentry","category-mundo-empresarial","tag-algarve","tag-dream-properties","tag-turismo-do-algarve"],"yoast_head":"<!-- This site is optimized with the Yoast SEO plugin v24.4 - https:\/\/yoast.com\/wordpress\/plugins\/seo\/ -->\n<title>A sua casa de f\u00e9rias em boas m\u00e3os - Mais Magazine<\/title>\n<meta name=\"robots\" content=\"index, follow, max-snippet:-1, max-image-preview:large, max-video-preview:-1\" \/>\n<link rel=\"canonical\" href=\"http:\/\/maismagazine.pt\/index.php\/2024\/03\/29\/a-sua-casa-de-ferias-em-boas-maos\/\" \/>\n<meta property=\"og:locale\" content=\"pt_PT\" \/>\n<meta property=\"og:type\" content=\"article\" \/>\n<meta property=\"og:title\" content=\"A sua casa de f\u00e9rias em boas m\u00e3os - Mais Magazine\" \/>\n<meta property=\"og:description\" content=\"Com uma vasta gama de propriedades localizadas na Quinta do Lago, Vale do Lobo e Vilamoura, a Dream Properties surge no mercado como a solu\u00e7\u00e3o ideal para fazer a gest\u00e3o da sua casa de f\u00e9rias no Algarve. Carla Cristina, Diretora da Dream Properties, falou \u00e0 Mais Magazine sobre o diversificado&hellip;\" \/>\n<meta property=\"og:url\" content=\"http:\/\/maismagazine.pt\/index.php\/2024\/03\/29\/a-sua-casa-de-ferias-em-boas-maos\/\" \/>\n<meta property=\"og:site_name\" content=\"Mais Magazine\" \/>\n<meta property=\"article:published_time\" content=\"2024-03-29T07:00:00+00:00\" \/>\n<meta property=\"og:image\" content=\"http:\/\/maismagazine.pt\/wp-content\/uploads\/2024\/03\/347553084_987726422575445_6629424288831942087_n.jpg\" \/>\n\t<meta property=\"og:image:width\" content=\"2048\" \/>\n\t<meta property=\"og:image:height\" content=\"2048\" \/>\n\t<meta property=\"og:image:type\" content=\"image\/jpeg\" \/>\n<meta name=\"author\" content=\"Tatiana Martins\" \/>\n<meta name=\"twitter:card\" content=\"summary_large_image\" \/>\n<meta name=\"twitter:label1\" content=\"Escrito por\" \/>\n\t<meta name=\"twitter:data1\" content=\"\" \/>\n\t<meta name=\"twitter:label2\" content=\"Tempo estimado de leitura\" \/>\n\t<meta name=\"twitter:data2\" content=\"3 minutos\" \/>\n<script type=\"application\/ld+json\" class=\"yoast-schema-graph\">{\"@context\":\"https:\/\/schema.org\",\"@graph\":[{\"@type\":\"Article\",\"@id\":\"http:\/\/maismagazine.pt\/index.php\/2024\/03\/29\/a-sua-casa-de-ferias-em-boas-maos\/#article\",\"isPartOf\":{\"@id\":\"http:\/\/maismagazine.pt\/index.php\/2024\/03\/29\/a-sua-casa-de-ferias-em-boas-maos\/\"},\"author\":{\"name\":\"Tatiana Martins\",\"@id\":\"https:\/\/maismagazine.pt\/#\/schema\/person\/7426e2caeb8df32a1b56aa48dae778c9\"},\"headline\":\"A sua casa de f\u00e9rias em boas m\u00e3os\",\"datePublished\":\"2024-03-29T07:00:00+00:00\",\"mainEntityOfPage\":{\"@id\":\"http:\/\/maismagazine.pt\/index.php\/2024\/03\/29\/a-sua-casa-de-ferias-em-boas-maos\/\"},\"wordCount\":529,\"publisher\":{\"@id\":\"https:\/\/maismagazine.pt\/#organization\"},\"image\":{\"@id\":\"http:\/\/maismagazine.pt\/index.php\/2024\/03\/29\/a-sua-casa-de-ferias-em-boas-maos\/#primaryimage\"},\"thumbnailUrl\":\"http:\/\/maismagazine.pt\/wp-content\/uploads\/2024\/03\/347553084_987726422575445_6629424288831942087_n.jpg\",\"keywords\":[\"Algarve\",\"Dream Properties\",\"Turismo do Algarve\"],\"articleSection\":[\"Mundo Empresarial\"],\"inLanguage\":\"pt-PT\"},{\"@type\":\"WebPage\",\"@id\":\"http:\/\/maismagazine.pt\/index.php\/2024\/03\/29\/a-sua-casa-de-ferias-em-boas-maos\/\",\"url\":\"http:\/\/maismagazine.pt\/index.php\/2024\/03\/29\/a-sua-casa-de-ferias-em-boas-maos\/\",\"name\":\"A sua casa de f\u00e9rias em boas m\u00e3os - Mais Magazine\",\"isPartOf\":{\"@id\":\"https:\/\/maismagazine.pt\/#website\"},\"primaryImageOfPage\":{\"@id\":\"http:\/\/maismagazine.pt\/index.php\/2024\/03\/29\/a-sua-casa-de-ferias-em-boas-maos\/#primaryimage\"},\"image\":{\"@id\":\"http:\/\/maismagazine.pt\/index.php\/2024\/03\/29\/a-sua-casa-de-ferias-em-boas-maos\/#primaryimage\"},\"thumbnailUrl\":\"http:\/\/maismagazine.pt\/wp-content\/uploads\/2024\/03\/347553084_987726422575445_6629424288831942087_n.jpg\",\"datePublished\":\"2024-03-29T07:00:00+00:00\",\"breadcrumb\":{\"@id\":\"http:\/\/maismagazine.pt\/index.php\/2024\/03\/29\/a-sua-casa-de-ferias-em-boas-maos\/#breadcrumb\"},\"inLanguage\":\"pt-PT\",\"potentialAction\":[{\"@type\":\"ReadAction\",\"target\":[\"http:\/\/maismagazine.pt\/index.php\/2024\/03\/29\/a-sua-casa-de-ferias-em-boas-maos\/\"]}]},{\"@type\":\"ImageObject\",\"inLanguage\":\"pt-PT\",\"@id\":\"http:\/\/maismagazine.pt\/index.php\/2024\/03\/29\/a-sua-casa-de-ferias-em-boas-maos\/#primaryimage\",\"url\":\"http:\/\/maismagazine.pt\/wp-content\/uploads\/2024\/03\/347553084_987726422575445_6629424288831942087_n.jpg\",\"contentUrl\":\"http:\/\/maismagazine.pt\/wp-content\/uploads\/2024\/03\/347553084_987726422575445_6629424288831942087_n.jpg\",\"width\":2048,\"height\":2048},{\"@type\":\"BreadcrumbList\",\"@id\":\"http:\/\/maismagazine.pt\/index.php\/2024\/03\/29\/a-sua-casa-de-ferias-em-boas-maos\/#breadcrumb\",\"itemListElement\":[{\"@type\":\"ListItem\",\"position\":1,\"name\":\"Home\",\"item\":\"https:\/\/maismagazine.pt\/\"},{\"@type\":\"ListItem\",\"position\":2,\"name\":\"A sua casa de f\u00e9rias em boas m\u00e3os\"}]},{\"@type\":\"WebSite\",\"@id\":\"https:\/\/maismagazine.pt\/#website\",\"url\":\"https:\/\/maismagazine.pt\/\",\"name\":\"Mais Magazine\",\"description\":\"\",\"publisher\":{\"@id\":\"https:\/\/maismagazine.pt\/#organization\"},\"potentialAction\":[{\"@type\":\"SearchAction\",\"target\":{\"@type\":\"EntryPoint\",\"urlTemplate\":\"https:\/\/maismagazine.pt\/?s={search_term_string}\"},\"query-input\":{\"@type\":\"PropertyValueSpecification\",\"valueRequired\":true,\"valueName\":\"search_term_string\"}}],\"inLanguage\":\"pt-PT\"},{\"@type\":\"Organization\",\"@id\":\"https:\/\/maismagazine.pt\/#organization\",\"name\":\"Mais Magazine\",\"url\":\"https:\/\/maismagazine.pt\/\",\"logo\":{\"@type\":\"ImageObject\",\"inLanguage\":\"pt-PT\",\"@id\":\"https:\/\/maismagazine.pt\/#\/schema\/logo\/image\/\",\"url\":\"http:\/\/maismagazine.pt\/wp-content\/uploads\/2020\/04\/cropped-cropped-mais-magazine-site-logo-2.png\",\"contentUrl\":\"http:\/\/maismagazine.pt\/wp-content\/uploads\/2020\/04\/cropped-cropped-mais-magazine-site-logo-2.png\",\"width\":581,\"height\":90,\"caption\":\"Mais Magazine\"},\"image\":{\"@id\":\"https:\/\/maismagazine.pt\/#\/schema\/logo\/image\/\"}},{\"@type\":\"Person\",\"@id\":\"https:\/\/maismagazine.pt\/#\/schema\/person\/7426e2caeb8df32a1b56aa48dae778c9\",\"name\":\"Tatiana Martins\",\"image\":{\"@type\":\"ImageObject\",\"inLanguage\":\"pt-PT\",\"@id\":\"https:\/\/maismagazine.pt\/#\/schema\/person\/image\/\",\"url\":\"https:\/\/secure.gravatar.com\/avatar\/4b24a57f5d0425f2eb20981c4b53244e?s=96&d=mm&r=g\",\"contentUrl\":\"https:\/\/secure.gravatar.com\/avatar\/4b24a57f5d0425f2eb20981c4b53244e?s=96&d=mm&r=g\",\"caption\":\"Tatiana Martins\"},\"url\":\"http:\/\/maismagazine.pt\/index.php\/author\/tatiana\/\"}]}<\/script>\n<!-- \/ Yoast SEO plugin. -->","yoast_head_json":{"title":"A sua casa de f\u00e9rias em boas m\u00e3os - Mais Magazine","robots":{"index":"index","follow":"follow","max-snippet":"max-snippet:-1","max-image-preview":"max-image-preview:large","max-video-preview":"max-video-preview:-1"},"canonical":"http:\/\/maismagazine.pt\/index.php\/2024\/03\/29\/a-sua-casa-de-ferias-em-boas-maos\/","og_locale":"pt_PT","og_type":"article","og_title":"A sua casa de f\u00e9rias em boas m\u00e3os - Mais Magazine","og_description":"Com uma vasta gama de propriedades localizadas na Quinta do Lago, Vale do Lobo e Vilamoura, a Dream Properties surge no mercado como a solu\u00e7\u00e3o ideal para fazer a gest\u00e3o da sua casa de f\u00e9rias no Algarve. Carla Cristina, Diretora da Dream Properties, falou \u00e0 Mais Magazine sobre o diversificado&hellip;","og_url":"http:\/\/maismagazine.pt\/index.php\/2024\/03\/29\/a-sua-casa-de-ferias-em-boas-maos\/","og_site_name":"Mais Magazine","article_published_time":"2024-03-29T07:00:00+00:00","og_image":[{"width":2048,"height":2048,"url":"http:\/\/maismagazine.pt\/wp-content\/uploads\/2024\/03\/347553084_987726422575445_6629424288831942087_n.jpg","type":"image\/jpeg"}],"author":"Tatiana Martins","twitter_card":"summary_large_image","twitter_misc":{"Escrito por":false,"Tempo estimado de leitura":"3 minutos"},"schema":{"@context":"https:\/\/schema.org","@graph":[{"@type":"Article","@id":"http:\/\/maismagazine.pt\/index.php\/2024\/03\/29\/a-sua-casa-de-ferias-em-boas-maos\/#article","isPartOf":{"@id":"http:\/\/maismagazine.pt\/index.php\/2024\/03\/29\/a-sua-casa-de-ferias-em-boas-maos\/"},"author":{"name":"Tatiana Martins","@id":"https:\/\/maismagazine.pt\/#\/schema\/person\/7426e2caeb8df32a1b56aa48dae778c9"},"headline":"A sua casa de f\u00e9rias em boas m\u00e3os","datePublished":"2024-03-29T07:00:00+00:00","mainEntityOfPage":{"@id":"http:\/\/maismagazine.pt\/index.php\/2024\/03\/29\/a-sua-casa-de-ferias-em-boas-maos\/"},"wordCount":529,"publisher":{"@id":"https:\/\/maismagazine.pt\/#organization"},"image":{"@id":"http:\/\/maismagazine.pt\/index.php\/2024\/03\/29\/a-sua-casa-de-ferias-em-boas-maos\/#primaryimage"},"thumbnailUrl":"http:\/\/maismagazine.pt\/wp-content\/uploads\/2024\/03\/347553084_987726422575445_6629424288831942087_n.jpg","keywords":["Algarve","Dream Properties","Turismo do Algarve"],"articleSection":["Mundo Empresarial"],"inLanguage":"pt-PT"},{"@type":"WebPage","@id":"http:\/\/maismagazine.pt\/index.php\/2024\/03\/29\/a-sua-casa-de-ferias-em-boas-maos\/","url":"http:\/\/maismagazine.pt\/index.php\/2024\/03\/29\/a-sua-casa-de-ferias-em-boas-maos\/","name":"A sua casa de f\u00e9rias em boas m\u00e3os - Mais Magazine","isPartOf":{"@id":"https:\/\/maismagazine.pt\/#website"},"primaryImageOfPage":{"@id":"http:\/\/maismagazine.pt\/index.php\/2024\/03\/29\/a-sua-casa-de-ferias-em-boas-maos\/#primaryimage"},"image":{"@id":"http:\/\/maismagazine.pt\/index.php\/2024\/03\/29\/a-sua-casa-de-ferias-em-boas-maos\/#primaryimage"},"thumbnailUrl":"http:\/\/maismagazine.pt\/wp-content\/uploads\/2024\/03\/347553084_987726422575445_6629424288831942087_n.jpg","datePublished":"2024-03-29T07:00:00+00:00","breadcrumb":{"@id":"http:\/\/maismagazine.pt\/index.php\/2024\/03\/29\/a-sua-casa-de-ferias-em-boas-maos\/#breadcrumb"},"inLanguage":"pt-PT","potentialAction":[{"@type":"ReadAction","target":["http:\/\/maismagazine.pt\/index.php\/2024\/03\/29\/a-sua-casa-de-ferias-em-boas-maos\/"]}]},{"@type":"ImageObject","inLanguage":"pt-PT","@id":"http:\/\/maismagazine.pt\/index.php\/2024\/03\/29\/a-sua-casa-de-ferias-em-boas-maos\/#primaryimage","url":"http:\/\/maismagazine.pt\/wp-content\/uploads\/2024\/03\/347553084_987726422575445_6629424288831942087_n.jpg","contentUrl":"http:\/\/maismagazine.pt\/wp-content\/uploads\/2024\/03\/347553084_987726422575445_6629424288831942087_n.jpg","width":2048,"height":2048},{"@type":"BreadcrumbList","@id":"http:\/\/maismagazine.pt\/index.php\/2024\/03\/29\/a-sua-casa-de-ferias-em-boas-maos\/#breadcrumb","itemListElement":[{"@type":"ListItem","position":1,"name":"Home","item":"https:\/\/maismagazine.pt\/"},{"@type":"ListItem","position":2,"name":"A sua casa de f\u00e9rias em boas m\u00e3os"}]},{"@type":"WebSite","@id":"https:\/\/maismagazine.pt\/#website","url":"https:\/\/maismagazine.pt\/","name":"Mais Magazine","description":"","publisher":{"@id":"https:\/\/maismagazine.pt\/#organization"},"potentialAction":[{"@type":"SearchAction","target":{"@type":"EntryPoint","urlTemplate":"https:\/\/maismagazine.pt\/?s={search_term_string}"},"query-input":{"@type":"PropertyValueSpecification","valueRequired":true,"valueName":"search_term_string"}}],"inLanguage":"pt-PT"},{"@type":"Organization","@id":"https:\/\/maismagazine.pt\/#organization","name":"Mais Magazine","url":"https:\/\/maismagazine.pt\/","logo":{"@type":"ImageObject","inLanguage":"pt-PT","@id":"https:\/\/maismagazine.pt\/#\/schema\/logo\/image\/","url":"http:\/\/maismagazine.pt\/wp-content\/uploads\/2020\/04\/cropped-cropped-mais-magazine-site-logo-2.png","contentUrl":"http:\/\/maismagazine.pt\/wp-content\/uploads\/2020\/04\/cropped-cropped-mais-magazine-site-logo-2.png","width":581,"height":90,"caption":"Mais Magazine"},"image":{"@id":"https:\/\/maismagazine.pt\/#\/schema\/logo\/image\/"}},{"@type":"Person","@id":"https:\/\/maismagazine.pt\/#\/schema\/person\/7426e2caeb8df32a1b56aa48dae778c9","name":"Tatiana Martins","image":{"@type":"ImageObject","inLanguage":"pt-PT","@id":"https:\/\/maismagazine.pt\/#\/schema\/person\/image\/","url":"https:\/\/secure.gravatar.com\/avatar\/4b24a57f5d0425f2eb20981c4b53244e?s=96&d=mm&r=g","contentUrl":"https:\/\/secure.gravatar.com\/avatar\/4b24a57f5d0425f2eb20981c4b53244e?s=96&d=mm&r=g","caption":"Tatiana Martins"},"url":"http:\/\/maismagazine.pt\/index.php\/author\/tatiana\/"}]}},"author_meta":{"display_name":false,"author_link":"http:\/\/maismagazine.pt\/index.php\/author\/tatiana\/"},"featured_img":"http:\/\/maismagazine.pt\/wp-content\/uploads\/2024\/03\/347553084_987726422575445_6629424288831942087_n-300x300.jpg","coauthors":[],"tax_additional":{"categories":{"linked":["<a href=\"http:\/\/maismagazine.pt\/index.php\/category\/mundo-empresarial\/\" class=\"advgb-post-tax-term\">Mundo Empresarial<\/a>"],"unlinked":["<span class=\"advgb-post-tax-term\">Mundo Empresarial<\/span>"]},"tags":{"linked":["<a href=\"http:\/\/maismagazine.pt\/index.php\/category\/mundo-empresarial\/\" class=\"advgb-post-tax-term\">Algarve<\/a>","<a href=\"http:\/\/maismagazine.pt\/index.php\/category\/mundo-empresarial\/\" class=\"advgb-post-tax-term\">Dream Properties<\/a>","<a href=\"http:\/\/maismagazine.pt\/index.php\/category\/mundo-empresarial\/\" class=\"advgb-post-tax-term\">Turismo do Algarve<\/a>"],"unlinked":["<span class=\"advgb-post-tax-term\">Algarve<\/span>","<span class=\"advgb-post-tax-term\">Dream Properties<\/span>","<span class=\"advgb-post-tax-term\">Turismo do Algarve<\/span>"]}},"comment_count":"0","relative_dates":{"created":"Posted 2 anos ago","modified":"Updated 2 anos ago"},"absolute_dates":{"created":"Posted on 29 de Mar\u00e7o, 2024","modified":"Updated on 25 de Mar\u00e7o, 2024"},"absolute_dates_time":{"created":"Posted on 29 de Mar\u00e7o, 2024 7:00","modified":"Updated on 25 de Mar\u00e7o, 2024 14:59"},"featured_img_caption":"","series_order":"","_links":{"self":[{"href":"http:\/\/maismagazine.pt\/index.php\/wp-json\/wp\/v2\/posts\/9174","targetHints":{"allow":["GET"]}}],"collection":[{"href":"http:\/\/maismagazine.pt\/index.php\/wp-json\/wp\/v2\/posts"}],"about":[{"href":"http:\/\/maismagazine.pt\/index.php\/wp-json\/wp\/v2\/types\/post"}],"author":[{"embeddable":true,"href":"http:\/\/maismagazine.pt\/index.php\/wp-json\/wp\/v2\/users\/18"}],"replies":[{"embeddable":true,"href":"http:\/\/maismagazine.pt\/index.php\/wp-json\/wp\/v2\/comments?post=9174"}],"version-history":[{"count":1,"href":"http:\/\/maismagazine.pt\/index.php\/wp-json\/wp\/v2\/posts\/9174\/revisions"}],"predecessor-version":[{"id":9184,"href":"http:\/\/maismagazine.pt\/index.php\/wp-json\/wp\/v2\/posts\/9174\/revisions\/9184"}],"wp:featuredmedia":[{"embeddable":true,"href":"http:\/\/maismagazine.pt\/index.php\/wp-json\/wp\/v2\/media\/9179"}],"wp:attachment":[{"href":"http:\/\/maismagazine.pt\/index.php\/wp-json\/wp\/v2\/media?parent=9174"}],"wp:term":[{"taxonomy":"category","embeddable":true,"href":"http:\/\/maismagazine.pt\/index.php\/wp-json\/wp\/v2\/categories?post=9174"},{"taxonomy":"post_tag","embeddable":true,"href":"http:\/\/maismagazine.pt\/index.php\/wp-json\/wp\/v2\/tags?post=9174"}],"curies":[{"name":"wp","href":"https:\/\/api.w.org\/{rel}","templated":true}]}}