{"id":9162,"date":"2024-03-29T07:00:00","date_gmt":"2024-03-29T07:00:00","guid":{"rendered":"https:\/\/maismagazine.pt\/?p=9162"},"modified":"2024-03-25T14:53:11","modified_gmt":"2024-03-25T14:53:11","slug":"13-anos-a-dar-vida-aos-sonhos-dos-clientes","status":"publish","type":"post","link":"http:\/\/maismagazine.pt\/index.php\/2024\/03\/29\/13-anos-a-dar-vida-aos-sonhos-dos-clientes\/","title":{"rendered":"13 anos a dar vida aos sonhos dos clientes"},"content":{"rendered":"\n<p><strong>Em entrevista, Sofia Andrez, CEO da <a href=\"https:\/\/andrezandrez.com\/\">Andrez Andrez<\/a>, salienta os valores fundamentais que moldaram a excel\u00eancia da empresa ao longo de mais de uma d\u00e9cada no mercado.<\/strong><\/p>\n\n\n\n<p><\/p>\n\n\n\n<p><strong>Conte-nos um pouco sobre a hist\u00f3ria e valores fundamentais da Andrez Andrez.<\/strong><\/p>\n\n\n\n<p>Fundei a empresa h\u00e1 cerca de 13 anos atr\u00e1s, embora na minha anterior empresa estivesse durante 10 anos a ajudar os propriet\u00e1rios dos im\u00f3veis a melhorar o look &amp; feel dos mesmos atrav\u00e9s da transforma\u00e7\u00e3o a n\u00edvel da decora\u00e7\u00e3o, mas fazia-o de forma intuitiva, n\u00e3o tinha forma\u00e7\u00e3o profissional na \u00e1rea. Quando engravidei da minha segunda filha, Maria, decidi que estava na altura de seguir o que eu realmente gostava de fazer: transformar os espa\u00e7os na \u00e1rea dos interiores. Decidi fazer uma forma\u00e7\u00e3o de um ano na \u00e1rea de Design de Interiores em Lisboa e seguir os meus sonhos! Abri um atelier de 30 m2 de \u00e1rea em Faro e comecei sozinha nesta nova viagem. Entretanto, abri um novo atelier em Vilamoura, numa casa de madeira muito simp\u00e1tica e charmosa e a equipa foi crescendo. Passados 6 anos, \u00e9ramos cerca de 7 pessoas e a minha filha mais velha, Joana Andrez, acabada de ser formada em Business na Universidade Cat\u00f3lica Portuguesa decidiu juntar-se \u00e0 equipa, criando procedimentos e m\u00e9todos. Gostou tanto da \u00e1rea que acabou por decidir ficar e promover o desenvolvimento e crescimento da empresa. Ficou respons\u00e1vel pelo atelier de Lisboa, abrimos um espa\u00e7o nas Avenidas Novas e, entretanto, h\u00e1 cerca de 5 meses mud\u00e1mos para a Av.Ant\u00f3nio Augusto de Aguiar, porque a equipa foi crescendo e o anterior atelier ficou limitado a n\u00edvel de dimens\u00e3o. No in\u00edcio de 2023, fizemos o rebranding da empresa, passando o nome para Andrez Andrez, dado o envolvimento da Joana ao longo dos \u00faltimos anos .Decidimos tamb\u00e9m abrir um novo atelier na Quinta do Lago , para estarmos mais pr\u00f3ximos dos nossos projetos e clientes. Contamos agora com uma equipa de Arquitetura e Design de Interiores de 26 pessoas entre o Algarve e Lisboa. Os nossos valores principais s\u00e3o o foco nos objetivos do cliente e nos timings do Projeto. Trabalhamos sempre para atingir o melhor resultado poss\u00edvel, com base nos pedidos do cliente e dentro do budget que nos foi dado desde o in\u00edcio. Superar as expectativas do cliente \u00e9 algo que est\u00e1 sempre presente em qualquer momento do projeto.<\/p>\n\n\n\n<p><\/p>\n\n\n\n<p><strong>Como descreveria a abordagem \u00fanica ao n\u00edvel do design da Andrez Andrez?<\/strong><\/p>\n\n\n\n<p>O nosso envolvimento num projeto come\u00e7a, muitas vezes, ainda antes do mesmo ser submetido na c\u00e2mara municipal. Quando os clientes percebem a import\u00e2ncia de envolver uma equipa de interiores numa fase muito inicial do projeto, isso acaba por ser fundamental no resultado final do mesmo, porque temos a possibilidade de fazer todo um trabalho de arquitetura de interiores, escolhendo todos os acabamentos e revestimentos. Temos uma forte componente de compatibiliza\u00e7\u00e3o junto dos projetos de engenharia, para garantir que os mesmo atingem o nosso objetivo em termos de design. Ap\u00f3s esta fase, entramos no projeto de Design de Interiores propriamente dito, onde fazemos todas as escolhas que dizem respeito a esta nova etapa que engloba a escolha de todo o mobili\u00e1rio e respetivo acabamento, ilumina\u00e7\u00e3o, tapetes, obras de arte, entre outros. Gostar\u00edamos de mencionar que, em m\u00e9dia, cerca de 80% do nosso mobili\u00e1rio \u00e9 feito \u00e0 medida, com base nos acabamentos escolhidos e desenhos feitos por n\u00f3s, tornando assim o projeto \u00fanico e diferenciador. Todos os nossos projetos s\u00e3o acompanhados de imagens 3D para mais f\u00e1cil visualiza\u00e7\u00e3o da parte do cliente relativamente ao espa\u00e7o no seu todo, incluindo todo o mobili\u00e1rio e os acabamentos escolhidos na fase da arquitetura de interiores.<\/p>\n\n\n\n<p><\/p>\n\n\n\n<p><strong>Pode compartilhar um ou dois projetos not\u00e1veis em que a Andrez Andrez esteve envolvida recentemente?<\/strong><\/p>\n\n\n\n<p>O nosso portf\u00f3lio inclui projetos residenciais e de hotelaria. Dentro dos projetos residenciais destaca-se a \u00e1rea da Quinta do Lago e Vale de Lobo onde desenvolvemos a maioria dos projetos, assim como na \u00e1rea da Comporta \/ Melides. <\/p>\n\n\n\n<p>No entanto, a n\u00edvel de projetos de hotelaria, podemos aqui referir alguns como por exemplo o Verdelago , localizado na Praia Verde, no Algarve, e o Pal\u00e1cio Condes da Ribeira, localizado em Lisboa, este ainda em fase de constru\u00e7\u00e3o.<\/p>\n\n\n\n<p><\/p>\n\n\n\n<p><strong>Existem planos ou aspira\u00e7\u00f5es espec\u00edficas para o futuro da empresa?<\/strong><\/p>\n\n\n\n<p>A nossa equipa continua em acelerado crescimento e o n\u00edvel de clientes com que temos lidado nos \u00faltimos anos \u00e9 cada vez mais exigente, o que resulta numa melhoria constante da nossa parte a n\u00edvel de conce\u00e7\u00e3o e execu\u00e7\u00e3o dos projetos. Temos tido algumas solicita\u00e7\u00f5es para fazer projetos a n\u00edvel internacional. Este \u00e9 um caminho poss\u00edvel, mas que ainda estamos a avaliar internamente, porque gostamos muito de estar focadas no cliente e pelo perfecionismo patente na equipa, temos de garantir que com este passo conseguimos continuar a manter o servi\u00e7o de excelente qualidade que temos prestado a todos os nossos clientes e n\u00e3o queremos abrir m\u00e3o disso.<\/p>\n","protected":false},"excerpt":{"rendered":"<p>Em entrevista, Sofia Andrez, CEO da Andrez Andrez, salienta os valores fundamentais que moldaram a excel\u00eancia da empresa ao longo de mais de uma d\u00e9cada no mercado. Conte-nos um pouco sobre a hist\u00f3ria e valores fundamentais da Andrez Andrez. Fundei a empresa h\u00e1 cerca de 13 anos atr\u00e1s, embora na&hellip;<\/p>\n","protected":false},"author":18,"featured_media":9172,"comment_status":"closed","ping_status":"open","sticky":false,"template":"","format":"standard","meta":{"advgb_blocks_editor_width":"","advgb_blocks_columns_visual_guide":"","_monsterinsights_skip_tracking":false,"_monsterinsights_sitenote_active":false,"_monsterinsights_sitenote_note":"","_monsterinsights_sitenote_category":0,"footnotes":""},"categories":[77],"tags":[1897,93,124,86],"class_list":["post-9162","post","type-post","status-publish","format-standard","has-post-thumbnail","hentry","category-arquitetura-e-construcao","tag-andrez-andrez","tag-arquitetura","tag-design","tag-design-de-interiores"],"yoast_head":"<!-- This site is optimized with the Yoast SEO plugin v24.4 - https:\/\/yoast.com\/wordpress\/plugins\/seo\/ -->\n<title>13 anos a dar vida aos sonhos dos clientes - Mais Magazine<\/title>\n<meta name=\"robots\" content=\"index, follow, max-snippet:-1, max-image-preview:large, max-video-preview:-1\" \/>\n<link rel=\"canonical\" href=\"http:\/\/maismagazine.pt\/index.php\/2024\/03\/29\/13-anos-a-dar-vida-aos-sonhos-dos-clientes\/\" \/>\n<meta property=\"og:locale\" content=\"pt_PT\" \/>\n<meta property=\"og:type\" content=\"article\" \/>\n<meta property=\"og:title\" content=\"13 anos a dar vida aos sonhos dos clientes - Mais Magazine\" \/>\n<meta property=\"og:description\" content=\"Em entrevista, Sofia Andrez, CEO da Andrez Andrez, salienta os valores fundamentais que moldaram a excel\u00eancia da empresa ao longo de mais de uma d\u00e9cada no mercado. Conte-nos um pouco sobre a hist\u00f3ria e valores fundamentais da Andrez Andrez. Fundei a empresa h\u00e1 cerca de 13 anos atr\u00e1s, embora na&hellip;\" \/>\n<meta property=\"og:url\" content=\"http:\/\/maismagazine.pt\/index.php\/2024\/03\/29\/13-anos-a-dar-vida-aos-sonhos-dos-clientes\/\" \/>\n<meta property=\"og:site_name\" content=\"Mais Magazine\" \/>\n<meta property=\"article:published_time\" content=\"2024-03-29T07:00:00+00:00\" \/>\n<meta property=\"og:image\" content=\"http:\/\/maismagazine.pt\/wp-content\/uploads\/2024\/03\/FOTO-ilustracao-artigo-2.jpg\" \/>\n\t<meta property=\"og:image:width\" content=\"1374\" \/>\n\t<meta property=\"og:image:height\" content=\"1006\" \/>\n\t<meta property=\"og:image:type\" content=\"image\/jpeg\" \/>\n<meta name=\"author\" content=\"Tatiana Martins\" \/>\n<meta name=\"twitter:card\" content=\"summary_large_image\" \/>\n<meta name=\"twitter:label1\" content=\"Escrito por\" \/>\n\t<meta name=\"twitter:data1\" content=\"\" \/>\n\t<meta name=\"twitter:label2\" content=\"Tempo estimado de leitura\" \/>\n\t<meta name=\"twitter:data2\" content=\"5 minutos\" \/>\n<script type=\"application\/ld+json\" class=\"yoast-schema-graph\">{\"@context\":\"https:\/\/schema.org\",\"@graph\":[{\"@type\":\"Article\",\"@id\":\"http:\/\/maismagazine.pt\/index.php\/2024\/03\/29\/13-anos-a-dar-vida-aos-sonhos-dos-clientes\/#article\",\"isPartOf\":{\"@id\":\"http:\/\/maismagazine.pt\/index.php\/2024\/03\/29\/13-anos-a-dar-vida-aos-sonhos-dos-clientes\/\"},\"author\":{\"name\":\"Tatiana Martins\",\"@id\":\"http:\/\/maismagazine.pt\/#\/schema\/person\/7426e2caeb8df32a1b56aa48dae778c9\"},\"headline\":\"13 anos a dar vida aos sonhos dos clientes\",\"datePublished\":\"2024-03-29T07:00:00+00:00\",\"mainEntityOfPage\":{\"@id\":\"http:\/\/maismagazine.pt\/index.php\/2024\/03\/29\/13-anos-a-dar-vida-aos-sonhos-dos-clientes\/\"},\"wordCount\":861,\"publisher\":{\"@id\":\"http:\/\/maismagazine.pt\/#organization\"},\"image\":{\"@id\":\"http:\/\/maismagazine.pt\/index.php\/2024\/03\/29\/13-anos-a-dar-vida-aos-sonhos-dos-clientes\/#primaryimage\"},\"thumbnailUrl\":\"http:\/\/maismagazine.pt\/wp-content\/uploads\/2024\/03\/FOTO-ilustracao-artigo-2.jpg\",\"keywords\":[\"Andrez Andrez\",\"Arquitetura\",\"design\",\"Design de Interiores\"],\"articleSection\":[\"Arquitetura e Constru\u00e7\u00e3o\"],\"inLanguage\":\"pt-PT\"},{\"@type\":\"WebPage\",\"@id\":\"http:\/\/maismagazine.pt\/index.php\/2024\/03\/29\/13-anos-a-dar-vida-aos-sonhos-dos-clientes\/\",\"url\":\"http:\/\/maismagazine.pt\/index.php\/2024\/03\/29\/13-anos-a-dar-vida-aos-sonhos-dos-clientes\/\",\"name\":\"13 anos a dar vida aos sonhos dos clientes - Mais Magazine\",\"isPartOf\":{\"@id\":\"http:\/\/maismagazine.pt\/#website\"},\"primaryImageOfPage\":{\"@id\":\"http:\/\/maismagazine.pt\/index.php\/2024\/03\/29\/13-anos-a-dar-vida-aos-sonhos-dos-clientes\/#primaryimage\"},\"image\":{\"@id\":\"http:\/\/maismagazine.pt\/index.php\/2024\/03\/29\/13-anos-a-dar-vida-aos-sonhos-dos-clientes\/#primaryimage\"},\"thumbnailUrl\":\"http:\/\/maismagazine.pt\/wp-content\/uploads\/2024\/03\/FOTO-ilustracao-artigo-2.jpg\",\"datePublished\":\"2024-03-29T07:00:00+00:00\",\"breadcrumb\":{\"@id\":\"http:\/\/maismagazine.pt\/index.php\/2024\/03\/29\/13-anos-a-dar-vida-aos-sonhos-dos-clientes\/#breadcrumb\"},\"inLanguage\":\"pt-PT\",\"potentialAction\":[{\"@type\":\"ReadAction\",\"target\":[\"http:\/\/maismagazine.pt\/index.php\/2024\/03\/29\/13-anos-a-dar-vida-aos-sonhos-dos-clientes\/\"]}]},{\"@type\":\"ImageObject\",\"inLanguage\":\"pt-PT\",\"@id\":\"http:\/\/maismagazine.pt\/index.php\/2024\/03\/29\/13-anos-a-dar-vida-aos-sonhos-dos-clientes\/#primaryimage\",\"url\":\"http:\/\/maismagazine.pt\/wp-content\/uploads\/2024\/03\/FOTO-ilustracao-artigo-2.jpg\",\"contentUrl\":\"http:\/\/maismagazine.pt\/wp-content\/uploads\/2024\/03\/FOTO-ilustracao-artigo-2.jpg\",\"width\":1374,\"height\":1006},{\"@type\":\"BreadcrumbList\",\"@id\":\"http:\/\/maismagazine.pt\/index.php\/2024\/03\/29\/13-anos-a-dar-vida-aos-sonhos-dos-clientes\/#breadcrumb\",\"itemListElement\":[{\"@type\":\"ListItem\",\"position\":1,\"name\":\"Home\",\"item\":\"http:\/\/maismagazine.pt\/\"},{\"@type\":\"ListItem\",\"position\":2,\"name\":\"13 anos a dar vida aos sonhos dos clientes\"}]},{\"@type\":\"WebSite\",\"@id\":\"http:\/\/maismagazine.pt\/#website\",\"url\":\"http:\/\/maismagazine.pt\/\",\"name\":\"Mais Magazine\",\"description\":\"\",\"publisher\":{\"@id\":\"http:\/\/maismagazine.pt\/#organization\"},\"potentialAction\":[{\"@type\":\"SearchAction\",\"target\":{\"@type\":\"EntryPoint\",\"urlTemplate\":\"http:\/\/maismagazine.pt\/?s={search_term_string}\"},\"query-input\":{\"@type\":\"PropertyValueSpecification\",\"valueRequired\":true,\"valueName\":\"search_term_string\"}}],\"inLanguage\":\"pt-PT\"},{\"@type\":\"Organization\",\"@id\":\"http:\/\/maismagazine.pt\/#organization\",\"name\":\"Mais Magazine\",\"url\":\"http:\/\/maismagazine.pt\/\",\"logo\":{\"@type\":\"ImageObject\",\"inLanguage\":\"pt-PT\",\"@id\":\"http:\/\/maismagazine.pt\/#\/schema\/logo\/image\/\",\"url\":\"http:\/\/maismagazine.pt\/wp-content\/uploads\/2020\/04\/cropped-cropped-mais-magazine-site-logo-2.png\",\"contentUrl\":\"http:\/\/maismagazine.pt\/wp-content\/uploads\/2020\/04\/cropped-cropped-mais-magazine-site-logo-2.png\",\"width\":581,\"height\":90,\"caption\":\"Mais Magazine\"},\"image\":{\"@id\":\"http:\/\/maismagazine.pt\/#\/schema\/logo\/image\/\"}},{\"@type\":\"Person\",\"@id\":\"http:\/\/maismagazine.pt\/#\/schema\/person\/7426e2caeb8df32a1b56aa48dae778c9\",\"name\":\"Tatiana Martins\",\"image\":{\"@type\":\"ImageObject\",\"inLanguage\":\"pt-PT\",\"@id\":\"http:\/\/maismagazine.pt\/#\/schema\/person\/image\/\",\"url\":\"https:\/\/secure.gravatar.com\/avatar\/4b24a57f5d0425f2eb20981c4b53244e?s=96&d=mm&r=g\",\"contentUrl\":\"https:\/\/secure.gravatar.com\/avatar\/4b24a57f5d0425f2eb20981c4b53244e?s=96&d=mm&r=g\",\"caption\":\"Tatiana Martins\"},\"url\":\"http:\/\/maismagazine.pt\/index.php\/author\/tatiana\/\"}]}<\/script>\n<!-- \/ Yoast SEO plugin. -->","yoast_head_json":{"title":"13 anos a dar vida aos sonhos dos clientes - Mais Magazine","robots":{"index":"index","follow":"follow","max-snippet":"max-snippet:-1","max-image-preview":"max-image-preview:large","max-video-preview":"max-video-preview:-1"},"canonical":"http:\/\/maismagazine.pt\/index.php\/2024\/03\/29\/13-anos-a-dar-vida-aos-sonhos-dos-clientes\/","og_locale":"pt_PT","og_type":"article","og_title":"13 anos a dar vida aos sonhos dos clientes - Mais Magazine","og_description":"Em entrevista, Sofia Andrez, CEO da Andrez Andrez, salienta os valores fundamentais que moldaram a excel\u00eancia da empresa ao longo de mais de uma d\u00e9cada no mercado. Conte-nos um pouco sobre a hist\u00f3ria e valores fundamentais da Andrez Andrez. Fundei a empresa h\u00e1 cerca de 13 anos atr\u00e1s, embora na&hellip;","og_url":"http:\/\/maismagazine.pt\/index.php\/2024\/03\/29\/13-anos-a-dar-vida-aos-sonhos-dos-clientes\/","og_site_name":"Mais Magazine","article_published_time":"2024-03-29T07:00:00+00:00","og_image":[{"width":1374,"height":1006,"url":"http:\/\/maismagazine.pt\/wp-content\/uploads\/2024\/03\/FOTO-ilustracao-artigo-2.jpg","type":"image\/jpeg"}],"author":"Tatiana Martins","twitter_card":"summary_large_image","twitter_misc":{"Escrito por":false,"Tempo estimado de leitura":"5 minutos"},"schema":{"@context":"https:\/\/schema.org","@graph":[{"@type":"Article","@id":"http:\/\/maismagazine.pt\/index.php\/2024\/03\/29\/13-anos-a-dar-vida-aos-sonhos-dos-clientes\/#article","isPartOf":{"@id":"http:\/\/maismagazine.pt\/index.php\/2024\/03\/29\/13-anos-a-dar-vida-aos-sonhos-dos-clientes\/"},"author":{"name":"Tatiana Martins","@id":"http:\/\/maismagazine.pt\/#\/schema\/person\/7426e2caeb8df32a1b56aa48dae778c9"},"headline":"13 anos a dar vida aos sonhos dos clientes","datePublished":"2024-03-29T07:00:00+00:00","mainEntityOfPage":{"@id":"http:\/\/maismagazine.pt\/index.php\/2024\/03\/29\/13-anos-a-dar-vida-aos-sonhos-dos-clientes\/"},"wordCount":861,"publisher":{"@id":"http:\/\/maismagazine.pt\/#organization"},"image":{"@id":"http:\/\/maismagazine.pt\/index.php\/2024\/03\/29\/13-anos-a-dar-vida-aos-sonhos-dos-clientes\/#primaryimage"},"thumbnailUrl":"http:\/\/maismagazine.pt\/wp-content\/uploads\/2024\/03\/FOTO-ilustracao-artigo-2.jpg","keywords":["Andrez Andrez","Arquitetura","design","Design de Interiores"],"articleSection":["Arquitetura e Constru\u00e7\u00e3o"],"inLanguage":"pt-PT"},{"@type":"WebPage","@id":"http:\/\/maismagazine.pt\/index.php\/2024\/03\/29\/13-anos-a-dar-vida-aos-sonhos-dos-clientes\/","url":"http:\/\/maismagazine.pt\/index.php\/2024\/03\/29\/13-anos-a-dar-vida-aos-sonhos-dos-clientes\/","name":"13 anos a dar vida aos sonhos dos clientes - Mais Magazine","isPartOf":{"@id":"http:\/\/maismagazine.pt\/#website"},"primaryImageOfPage":{"@id":"http:\/\/maismagazine.pt\/index.php\/2024\/03\/29\/13-anos-a-dar-vida-aos-sonhos-dos-clientes\/#primaryimage"},"image":{"@id":"http:\/\/maismagazine.pt\/index.php\/2024\/03\/29\/13-anos-a-dar-vida-aos-sonhos-dos-clientes\/#primaryimage"},"thumbnailUrl":"http:\/\/maismagazine.pt\/wp-content\/uploads\/2024\/03\/FOTO-ilustracao-artigo-2.jpg","datePublished":"2024-03-29T07:00:00+00:00","breadcrumb":{"@id":"http:\/\/maismagazine.pt\/index.php\/2024\/03\/29\/13-anos-a-dar-vida-aos-sonhos-dos-clientes\/#breadcrumb"},"inLanguage":"pt-PT","potentialAction":[{"@type":"ReadAction","target":["http:\/\/maismagazine.pt\/index.php\/2024\/03\/29\/13-anos-a-dar-vida-aos-sonhos-dos-clientes\/"]}]},{"@type":"ImageObject","inLanguage":"pt-PT","@id":"http:\/\/maismagazine.pt\/index.php\/2024\/03\/29\/13-anos-a-dar-vida-aos-sonhos-dos-clientes\/#primaryimage","url":"http:\/\/maismagazine.pt\/wp-content\/uploads\/2024\/03\/FOTO-ilustracao-artigo-2.jpg","contentUrl":"http:\/\/maismagazine.pt\/wp-content\/uploads\/2024\/03\/FOTO-ilustracao-artigo-2.jpg","width":1374,"height":1006},{"@type":"BreadcrumbList","@id":"http:\/\/maismagazine.pt\/index.php\/2024\/03\/29\/13-anos-a-dar-vida-aos-sonhos-dos-clientes\/#breadcrumb","itemListElement":[{"@type":"ListItem","position":1,"name":"Home","item":"http:\/\/maismagazine.pt\/"},{"@type":"ListItem","position":2,"name":"13 anos a dar vida aos sonhos dos clientes"}]},{"@type":"WebSite","@id":"http:\/\/maismagazine.pt\/#website","url":"http:\/\/maismagazine.pt\/","name":"Mais Magazine","description":"","publisher":{"@id":"http:\/\/maismagazine.pt\/#organization"},"potentialAction":[{"@type":"SearchAction","target":{"@type":"EntryPoint","urlTemplate":"http:\/\/maismagazine.pt\/?s={search_term_string}"},"query-input":{"@type":"PropertyValueSpecification","valueRequired":true,"valueName":"search_term_string"}}],"inLanguage":"pt-PT"},{"@type":"Organization","@id":"http:\/\/maismagazine.pt\/#organization","name":"Mais Magazine","url":"http:\/\/maismagazine.pt\/","logo":{"@type":"ImageObject","inLanguage":"pt-PT","@id":"http:\/\/maismagazine.pt\/#\/schema\/logo\/image\/","url":"http:\/\/maismagazine.pt\/wp-content\/uploads\/2020\/04\/cropped-cropped-mais-magazine-site-logo-2.png","contentUrl":"http:\/\/maismagazine.pt\/wp-content\/uploads\/2020\/04\/cropped-cropped-mais-magazine-site-logo-2.png","width":581,"height":90,"caption":"Mais Magazine"},"image":{"@id":"http:\/\/maismagazine.pt\/#\/schema\/logo\/image\/"}},{"@type":"Person","@id":"http:\/\/maismagazine.pt\/#\/schema\/person\/7426e2caeb8df32a1b56aa48dae778c9","name":"Tatiana Martins","image":{"@type":"ImageObject","inLanguage":"pt-PT","@id":"http:\/\/maismagazine.pt\/#\/schema\/person\/image\/","url":"https:\/\/secure.gravatar.com\/avatar\/4b24a57f5d0425f2eb20981c4b53244e?s=96&d=mm&r=g","contentUrl":"https:\/\/secure.gravatar.com\/avatar\/4b24a57f5d0425f2eb20981c4b53244e?s=96&d=mm&r=g","caption":"Tatiana Martins"},"url":"http:\/\/maismagazine.pt\/index.php\/author\/tatiana\/"}]}},"author_meta":{"display_name":false,"author_link":"http:\/\/maismagazine.pt\/index.php\/author\/tatiana\/"},"featured_img":"http:\/\/maismagazine.pt\/wp-content\/uploads\/2024\/03\/FOTO-ilustracao-artigo-2-300x220.jpg","coauthors":[],"tax_additional":{"categories":{"linked":["<a href=\"http:\/\/maismagazine.pt\/index.php\/category\/empreendedorismo\/arquitetura-e-construcao\/\" class=\"advgb-post-tax-term\">Arquitetura e Constru\u00e7\u00e3o<\/a>"],"unlinked":["<span class=\"advgb-post-tax-term\">Arquitetura e Constru\u00e7\u00e3o<\/span>"]},"tags":{"linked":["<a href=\"http:\/\/maismagazine.pt\/index.php\/category\/empreendedorismo\/arquitetura-e-construcao\/\" class=\"advgb-post-tax-term\">Andrez Andrez<\/a>","<a href=\"http:\/\/maismagazine.pt\/index.php\/category\/empreendedorismo\/arquitetura-e-construcao\/\" class=\"advgb-post-tax-term\">Arquitetura<\/a>","<a href=\"http:\/\/maismagazine.pt\/index.php\/category\/empreendedorismo\/arquitetura-e-construcao\/\" class=\"advgb-post-tax-term\">design<\/a>","<a href=\"http:\/\/maismagazine.pt\/index.php\/category\/empreendedorismo\/arquitetura-e-construcao\/\" class=\"advgb-post-tax-term\">Design de Interiores<\/a>"],"unlinked":["<span class=\"advgb-post-tax-term\">Andrez Andrez<\/span>","<span class=\"advgb-post-tax-term\">Arquitetura<\/span>","<span class=\"advgb-post-tax-term\">design<\/span>","<span class=\"advgb-post-tax-term\">Design de Interiores<\/span>"]}},"comment_count":"0","relative_dates":{"created":"Posted 2 anos ago","modified":"Updated 2 anos ago"},"absolute_dates":{"created":"Posted on 29 de Mar\u00e7o, 2024","modified":"Updated on 25 de Mar\u00e7o, 2024"},"absolute_dates_time":{"created":"Posted on 29 de Mar\u00e7o, 2024 7:00","modified":"Updated on 25 de Mar\u00e7o, 2024 14:53"},"featured_img_caption":"","series_order":"","_links":{"self":[{"href":"http:\/\/maismagazine.pt\/index.php\/wp-json\/wp\/v2\/posts\/9162","targetHints":{"allow":["GET"]}}],"collection":[{"href":"http:\/\/maismagazine.pt\/index.php\/wp-json\/wp\/v2\/posts"}],"about":[{"href":"http:\/\/maismagazine.pt\/index.php\/wp-json\/wp\/v2\/types\/post"}],"author":[{"embeddable":true,"href":"http:\/\/maismagazine.pt\/index.php\/wp-json\/wp\/v2\/users\/18"}],"replies":[{"embeddable":true,"href":"http:\/\/maismagazine.pt\/index.php\/wp-json\/wp\/v2\/comments?post=9162"}],"version-history":[{"count":1,"href":"http:\/\/maismagazine.pt\/index.php\/wp-json\/wp\/v2\/posts\/9162\/revisions"}],"predecessor-version":[{"id":9171,"href":"http:\/\/maismagazine.pt\/index.php\/wp-json\/wp\/v2\/posts\/9162\/revisions\/9171"}],"wp:featuredmedia":[{"embeddable":true,"href":"http:\/\/maismagazine.pt\/index.php\/wp-json\/wp\/v2\/media\/9172"}],"wp:attachment":[{"href":"http:\/\/maismagazine.pt\/index.php\/wp-json\/wp\/v2\/media?parent=9162"}],"wp:term":[{"taxonomy":"category","embeddable":true,"href":"http:\/\/maismagazine.pt\/index.php\/wp-json\/wp\/v2\/categories?post=9162"},{"taxonomy":"post_tag","embeddable":true,"href":"http:\/\/maismagazine.pt\/index.php\/wp-json\/wp\/v2\/tags?post=9162"}],"curies":[{"name":"wp","href":"https:\/\/api.w.org\/{rel}","templated":true}]}}