{"id":9100,"date":"2024-03-06T14:52:45","date_gmt":"2024-03-06T14:52:45","guid":{"rendered":"https:\/\/maismagazine.pt\/?p=9100"},"modified":"2024-03-06T14:52:45","modified_gmt":"2024-03-06T14:52:45","slug":"segredo-6-posiciona-a-regiao-de-tras-os-montes-no-segmento-premium","status":"publish","type":"post","link":"http:\/\/maismagazine.pt\/index.php\/2024\/03\/06\/segredo-6-posiciona-a-regiao-de-tras-os-montes-no-segmento-premium\/","title":{"rendered":"Segredo 6 posiciona a regi\u00e3o de Tr\u00e1s-os-Montes no segmento premium"},"content":{"rendered":"\n<p><strong>Quem decidiu foram os 46 jurados de pa\u00edses como Portugal, Brasil, Espanha, It\u00e1lia, Reino Unido, Su\u00ed\u00e7a, Dinamarca, Su\u00e9cia, B\u00e9lgica, M\u00e9xico e \u00c1frica do Sul, depois da prova cega a que foram submetidas 50 amostras, j\u00e1 pr\u00e9-selecionadas pela organiza\u00e7\u00e3o: o Segredo 6, Cuv\u00e9e Vinhas Velhas 2020, da 2 CC de Ant\u00f3nio Boal, da Costa Boal Family Estates, e Francisco Costa, o \u201cCostinha\u201d, do mundo do futebol, est\u00e1 no top 3 dos melhores tintos nacionais, do Top 10 Vinhos Portugueses da Ess\u00eancia do\u00a0Vinho<\/strong>. <strong>A colheita, com enologia de Paulo Nunes, foi apresentada ao mercado em 2023, somente com 333 garrafas, a 600 euros, posicionando a regi\u00e3o de Tr\u00e1s-os-Montes num segmento premium.\u00a0 Nesta edi\u00e7\u00e3o da Revista de Vinhos, na qual o Douro teve primazia, com os vinhos mais bem classificados pelo j\u00fari internacional que participou na 18.\u00aa edi\u00e7\u00e3o do \u2018Top 10 Vinhos Portugueses\u2019 a serem maioritariamente desta Regi\u00e3o Demarcada, esta distin\u00e7\u00e3o \u00e9 \u201co despertar para uma regi\u00e3o vin\u00edcola nem sempre reconhecida e o elogio \u00e0s vinhas velhas\u201d, refere Ant\u00f3nio Boal.<\/strong><\/p>\n\n\n\n<p><\/p>\n\n\n\n<p>\u201cSou h\u00e1 muito anos um apaixonado por vinho. Tive sempre em mente abra\u00e7ar um projeto ligado ao setor, mas queria ter interven\u00e7\u00e3o em todo o processo, da vinha \u00e0 garrafa. N\u00e3o queria ser s\u00f3 uma figura, um mero investidor\u2026 da amizade com o Ant\u00f3nio proporcionou-se a concretiza\u00e7\u00e3o desta vontade e tem sido extraordin\u00e1rio este caminho. Tr\u00e1s-os-Montes e as suas vinhas velhas n\u00e3o deixam de me surpreender todos os dias. E ver esta minha admira\u00e7\u00e3o pelos vinhos da Regi\u00e3o validada por um j\u00fari internacional aumenta, obviamente, a responsabilidade de toda a equipa, mas tamb\u00e9m nos d\u00e1 alento para manter a nossa premissa: fazer vinhos de qualidade superior, a pre\u00e7os desse mesmo n\u00edvel, posicionando esta regi\u00e3o no patamar do segmento premium\u201d, refere Francisco Costa.<\/p>\n\n\n<div class=\"wp-block-image\">\n<figure class=\"alignright size-full is-resized\"><img loading=\"lazy\" decoding=\"async\" width=\"344\" height=\"516\" src=\"https:\/\/maismagazine.pt\/wp-content\/uploads\/2024\/03\/CC-Costa-Boal-e-Costinha-Out23-_0027_011.jpg\" alt=\"\" class=\"wp-image-9102\" style=\"aspect-ratio:0.6666666666666666;width:270px;height:auto\" srcset=\"http:\/\/maismagazine.pt\/wp-content\/uploads\/2024\/03\/CC-Costa-Boal-e-Costinha-Out23-_0027_011.jpg 344w, http:\/\/maismagazine.pt\/wp-content\/uploads\/2024\/03\/CC-Costa-Boal-e-Costinha-Out23-_0027_011-200x300.jpg 200w\" sizes=\"auto, (max-width: 344px) 100vw, 344px\" \/><\/figure><\/div>\n\n\n<p>A empresa criada para refor\u00e7ar o posicionamento premium do vinho portugu\u00eas, lan\u00e7ou a primeira colheita do Segredo 6 (2029), em 2022, A Vinha do Professor e o Segredo 6, 2022, no final do ano passado. Os vinhos s\u00e3o origin\u00e1rios de uma vinha velha, a Vinha do Professor, com 68 anos, sem arma\u00e7\u00e3o, solo xistoso, e uma \u00e1rea total de 4,5 hectares, na regi\u00e3o de Tr\u00e1s-os-Montes.\u00a0<\/p>\n\n\n\n<p><\/p>\n\n\n\n<p>A Vinha do Professor (assim chamada por pertencer durante d\u00e9cadas a um professor) integra o patrim\u00f3nio das vinhas velhas de Tr\u00e1s-os-Montes, a regi\u00e3o do Pa\u00eds onde existem mais vinhas velhas, aquelas que encerram em si o esfor\u00e7o de uma vida a lidar com as intemp\u00e9ries naturais e humanas e que presenteiam, na 2 CC, com vinhos extraordin\u00e1rios, como o Segredo 6.<\/p>\n\n\n\n<p><\/p>\n\n\n\n<p><strong>O Segredo 6<\/strong><\/p>\n\n\n\n<p>&#8220;O Segredo 6&#8221; (2019) teve um total de 672 garrafas dispon\u00edveis para aquisi\u00e7\u00e3o no mercado, a grande maioria (600) das unidades \u00e9 de 1,5l, 66 de 5l e apenas 6 de 15l. Os pre\u00e7os, por garrafa, come\u00e7am nos 600 euros PVP. O &#8220;Segredo 6&#8221; (2020) teve uma edi\u00e7\u00e3o de apenas 333 unidades.<\/p>\n\n\n\n<p>O n\u00famero 6 representa uma harmonia perfeita entre o elegante e o sedutor, o que o torna, imediatamente, num vinho vencedor, pronto a competir na \u201cLiga dos Campe\u00f5es\u201d vin\u00edcolas. Seis, recorde-se, era o n\u00famero utilizado por Costinha no FC Porto e na Sele\u00e7\u00e3o Portuguesa de Futebol e aquele que, segundo o pr\u00f3prio, o tem acompanhado nos seus maiores triunfos. Por isso, tinha, obrigatoriamente, que estar presente! Considerado um n\u00famero sagrado, simboliza uni\u00e3o, confian\u00e7a e seguran\u00e7a. Valores que, h\u00e1 mais de 150 anos, acompanham a fam\u00edlia Costa Boal.<\/p>\n","protected":false},"excerpt":{"rendered":"<p>Quem decidiu foram os 46 jurados de pa\u00edses como Portugal, Brasil, Espanha, It\u00e1lia, Reino Unido, Su\u00ed\u00e7a, Dinamarca, Su\u00e9cia, B\u00e9lgica, M\u00e9xico e \u00c1frica do Sul, depois da prova cega a que foram submetidas 50 amostras, j\u00e1 pr\u00e9-selecionadas pela organiza\u00e7\u00e3o: o Segredo 6, Cuv\u00e9e Vinhas Velhas 2020, da 2 CC de Ant\u00f3nio&hellip;<\/p>\n","protected":false},"author":18,"featured_media":9101,"comment_status":"closed","ping_status":"open","sticky":false,"template":"","format":"standard","meta":{"advgb_blocks_editor_width":"","advgb_blocks_columns_visual_guide":"","_monsterinsights_skip_tracking":false,"_monsterinsights_sitenote_active":false,"_monsterinsights_sitenote_note":"","_monsterinsights_sitenote_category":0,"footnotes":""},"categories":[7],"tags":[1895,911,688],"class_list":["post-9100","post","type-post","status-publish","format-standard","has-post-thumbnail","hentry","category-noticias","tag-segredo-6","tag-tras-os-montes","tag-vinho"],"yoast_head":"<!-- This site is optimized with the Yoast SEO plugin v24.4 - https:\/\/yoast.com\/wordpress\/plugins\/seo\/ -->\n<title>Segredo 6 posiciona a regi\u00e3o de Tr\u00e1s-os-Montes no segmento premium - Mais Magazine<\/title>\n<meta name=\"robots\" content=\"index, follow, max-snippet:-1, max-image-preview:large, max-video-preview:-1\" \/>\n<link rel=\"canonical\" href=\"https:\/\/maismagazine.pt\/index.php\/2024\/03\/06\/segredo-6-posiciona-a-regiao-de-tras-os-montes-no-segmento-premium\/\" \/>\n<meta property=\"og:locale\" content=\"pt_PT\" \/>\n<meta property=\"og:type\" content=\"article\" \/>\n<meta property=\"og:title\" content=\"Segredo 6 posiciona a regi\u00e3o de Tr\u00e1s-os-Montes no segmento premium - Mais Magazine\" \/>\n<meta property=\"og:description\" content=\"Quem decidiu foram os 46 jurados de pa\u00edses como Portugal, Brasil, Espanha, It\u00e1lia, Reino Unido, Su\u00ed\u00e7a, Dinamarca, Su\u00e9cia, B\u00e9lgica, M\u00e9xico e \u00c1frica do Sul, depois da prova cega a que foram submetidas 50 amostras, j\u00e1 pr\u00e9-selecionadas pela organiza\u00e7\u00e3o: o Segredo 6, Cuv\u00e9e Vinhas Velhas 2020, da 2 CC de Ant\u00f3nio&hellip;\" \/>\n<meta property=\"og:url\" content=\"https:\/\/maismagazine.pt\/index.php\/2024\/03\/06\/segredo-6-posiciona-a-regiao-de-tras-os-montes-no-segmento-premium\/\" \/>\n<meta property=\"og:site_name\" content=\"Mais Magazine\" \/>\n<meta property=\"article:published_time\" content=\"2024-03-06T14:52:45+00:00\" \/>\n<meta property=\"og:image\" content=\"https:\/\/maismagazine.pt\/wp-content\/uploads\/2024\/03\/CC-Costa-Boal-e-Costinha-Out23-2-_0109_01-scaled.jpg\" \/>\n\t<meta property=\"og:image:width\" content=\"2560\" \/>\n\t<meta property=\"og:image:height\" content=\"1707\" \/>\n\t<meta property=\"og:image:type\" content=\"image\/jpeg\" \/>\n<meta name=\"author\" content=\"Tatiana Martins\" \/>\n<meta name=\"twitter:card\" content=\"summary_large_image\" \/>\n<meta name=\"twitter:label1\" content=\"Escrito por\" \/>\n\t<meta name=\"twitter:data1\" content=\"\" \/>\n\t<meta name=\"twitter:label2\" content=\"Tempo estimado de leitura\" \/>\n\t<meta name=\"twitter:data2\" content=\"4 minutos\" \/>\n<script type=\"application\/ld+json\" class=\"yoast-schema-graph\">{\"@context\":\"https:\/\/schema.org\",\"@graph\":[{\"@type\":\"Article\",\"@id\":\"https:\/\/maismagazine.pt\/index.php\/2024\/03\/06\/segredo-6-posiciona-a-regiao-de-tras-os-montes-no-segmento-premium\/#article\",\"isPartOf\":{\"@id\":\"https:\/\/maismagazine.pt\/index.php\/2024\/03\/06\/segredo-6-posiciona-a-regiao-de-tras-os-montes-no-segmento-premium\/\"},\"author\":{\"name\":\"Tatiana Martins\",\"@id\":\"http:\/\/maismagazine.pt\/#\/schema\/person\/7426e2caeb8df32a1b56aa48dae778c9\"},\"headline\":\"Segredo 6 posiciona a regi\u00e3o de Tr\u00e1s-os-Montes no segmento premium\",\"datePublished\":\"2024-03-06T14:52:45+00:00\",\"mainEntityOfPage\":{\"@id\":\"https:\/\/maismagazine.pt\/index.php\/2024\/03\/06\/segredo-6-posiciona-a-regiao-de-tras-os-montes-no-segmento-premium\/\"},\"wordCount\":600,\"publisher\":{\"@id\":\"http:\/\/maismagazine.pt\/#organization\"},\"image\":{\"@id\":\"https:\/\/maismagazine.pt\/index.php\/2024\/03\/06\/segredo-6-posiciona-a-regiao-de-tras-os-montes-no-segmento-premium\/#primaryimage\"},\"thumbnailUrl\":\"http:\/\/maismagazine.pt\/wp-content\/uploads\/2024\/03\/CC-Costa-Boal-e-Costinha-Out23-2-_0109_01-scaled.jpg\",\"keywords\":[\"Segredo 6\",\"Tr\u00e1s-os-Montes\",\"vinho\"],\"articleSection\":[\"Not\u00edcias\"],\"inLanguage\":\"pt-PT\"},{\"@type\":\"WebPage\",\"@id\":\"https:\/\/maismagazine.pt\/index.php\/2024\/03\/06\/segredo-6-posiciona-a-regiao-de-tras-os-montes-no-segmento-premium\/\",\"url\":\"https:\/\/maismagazine.pt\/index.php\/2024\/03\/06\/segredo-6-posiciona-a-regiao-de-tras-os-montes-no-segmento-premium\/\",\"name\":\"Segredo 6 posiciona a regi\u00e3o de Tr\u00e1s-os-Montes no segmento premium - Mais Magazine\",\"isPartOf\":{\"@id\":\"http:\/\/maismagazine.pt\/#website\"},\"primaryImageOfPage\":{\"@id\":\"https:\/\/maismagazine.pt\/index.php\/2024\/03\/06\/segredo-6-posiciona-a-regiao-de-tras-os-montes-no-segmento-premium\/#primaryimage\"},\"image\":{\"@id\":\"https:\/\/maismagazine.pt\/index.php\/2024\/03\/06\/segredo-6-posiciona-a-regiao-de-tras-os-montes-no-segmento-premium\/#primaryimage\"},\"thumbnailUrl\":\"http:\/\/maismagazine.pt\/wp-content\/uploads\/2024\/03\/CC-Costa-Boal-e-Costinha-Out23-2-_0109_01-scaled.jpg\",\"datePublished\":\"2024-03-06T14:52:45+00:00\",\"breadcrumb\":{\"@id\":\"https:\/\/maismagazine.pt\/index.php\/2024\/03\/06\/segredo-6-posiciona-a-regiao-de-tras-os-montes-no-segmento-premium\/#breadcrumb\"},\"inLanguage\":\"pt-PT\",\"potentialAction\":[{\"@type\":\"ReadAction\",\"target\":[\"https:\/\/maismagazine.pt\/index.php\/2024\/03\/06\/segredo-6-posiciona-a-regiao-de-tras-os-montes-no-segmento-premium\/\"]}]},{\"@type\":\"ImageObject\",\"inLanguage\":\"pt-PT\",\"@id\":\"https:\/\/maismagazine.pt\/index.php\/2024\/03\/06\/segredo-6-posiciona-a-regiao-de-tras-os-montes-no-segmento-premium\/#primaryimage\",\"url\":\"http:\/\/maismagazine.pt\/wp-content\/uploads\/2024\/03\/CC-Costa-Boal-e-Costinha-Out23-2-_0109_01-scaled.jpg\",\"contentUrl\":\"http:\/\/maismagazine.pt\/wp-content\/uploads\/2024\/03\/CC-Costa-Boal-e-Costinha-Out23-2-_0109_01-scaled.jpg\",\"width\":2560,\"height\":1707},{\"@type\":\"BreadcrumbList\",\"@id\":\"https:\/\/maismagazine.pt\/index.php\/2024\/03\/06\/segredo-6-posiciona-a-regiao-de-tras-os-montes-no-segmento-premium\/#breadcrumb\",\"itemListElement\":[{\"@type\":\"ListItem\",\"position\":1,\"name\":\"Home\",\"item\":\"http:\/\/maismagazine.pt\/\"},{\"@type\":\"ListItem\",\"position\":2,\"name\":\"Segredo 6 posiciona a regi\u00e3o de Tr\u00e1s-os-Montes no segmento premium\"}]},{\"@type\":\"WebSite\",\"@id\":\"http:\/\/maismagazine.pt\/#website\",\"url\":\"http:\/\/maismagazine.pt\/\",\"name\":\"Mais Magazine\",\"description\":\"\",\"publisher\":{\"@id\":\"http:\/\/maismagazine.pt\/#organization\"},\"potentialAction\":[{\"@type\":\"SearchAction\",\"target\":{\"@type\":\"EntryPoint\",\"urlTemplate\":\"http:\/\/maismagazine.pt\/?s={search_term_string}\"},\"query-input\":{\"@type\":\"PropertyValueSpecification\",\"valueRequired\":true,\"valueName\":\"search_term_string\"}}],\"inLanguage\":\"pt-PT\"},{\"@type\":\"Organization\",\"@id\":\"http:\/\/maismagazine.pt\/#organization\",\"name\":\"Mais Magazine\",\"url\":\"http:\/\/maismagazine.pt\/\",\"logo\":{\"@type\":\"ImageObject\",\"inLanguage\":\"pt-PT\",\"@id\":\"http:\/\/maismagazine.pt\/#\/schema\/logo\/image\/\",\"url\":\"http:\/\/maismagazine.pt\/wp-content\/uploads\/2020\/04\/cropped-cropped-mais-magazine-site-logo-2.png\",\"contentUrl\":\"http:\/\/maismagazine.pt\/wp-content\/uploads\/2020\/04\/cropped-cropped-mais-magazine-site-logo-2.png\",\"width\":581,\"height\":90,\"caption\":\"Mais Magazine\"},\"image\":{\"@id\":\"http:\/\/maismagazine.pt\/#\/schema\/logo\/image\/\"}},{\"@type\":\"Person\",\"@id\":\"http:\/\/maismagazine.pt\/#\/schema\/person\/7426e2caeb8df32a1b56aa48dae778c9\",\"name\":\"Tatiana Martins\",\"image\":{\"@type\":\"ImageObject\",\"inLanguage\":\"pt-PT\",\"@id\":\"http:\/\/maismagazine.pt\/#\/schema\/person\/image\/\",\"url\":\"https:\/\/secure.gravatar.com\/avatar\/4b24a57f5d0425f2eb20981c4b53244e?s=96&d=mm&r=g\",\"contentUrl\":\"https:\/\/secure.gravatar.com\/avatar\/4b24a57f5d0425f2eb20981c4b53244e?s=96&d=mm&r=g\",\"caption\":\"Tatiana Martins\"},\"url\":\"http:\/\/maismagazine.pt\/index.php\/author\/tatiana\/\"}]}<\/script>\n<!-- \/ Yoast SEO plugin. -->","yoast_head_json":{"title":"Segredo 6 posiciona a regi\u00e3o de Tr\u00e1s-os-Montes no segmento premium - Mais Magazine","robots":{"index":"index","follow":"follow","max-snippet":"max-snippet:-1","max-image-preview":"max-image-preview:large","max-video-preview":"max-video-preview:-1"},"canonical":"https:\/\/maismagazine.pt\/index.php\/2024\/03\/06\/segredo-6-posiciona-a-regiao-de-tras-os-montes-no-segmento-premium\/","og_locale":"pt_PT","og_type":"article","og_title":"Segredo 6 posiciona a regi\u00e3o de Tr\u00e1s-os-Montes no segmento premium - Mais Magazine","og_description":"Quem decidiu foram os 46 jurados de pa\u00edses como Portugal, Brasil, Espanha, It\u00e1lia, Reino Unido, Su\u00ed\u00e7a, Dinamarca, Su\u00e9cia, B\u00e9lgica, M\u00e9xico e \u00c1frica do Sul, depois da prova cega a que foram submetidas 50 amostras, j\u00e1 pr\u00e9-selecionadas pela organiza\u00e7\u00e3o: o Segredo 6, Cuv\u00e9e Vinhas Velhas 2020, da 2 CC de Ant\u00f3nio&hellip;","og_url":"https:\/\/maismagazine.pt\/index.php\/2024\/03\/06\/segredo-6-posiciona-a-regiao-de-tras-os-montes-no-segmento-premium\/","og_site_name":"Mais Magazine","article_published_time":"2024-03-06T14:52:45+00:00","og_image":[{"width":2560,"height":1707,"url":"https:\/\/maismagazine.pt\/wp-content\/uploads\/2024\/03\/CC-Costa-Boal-e-Costinha-Out23-2-_0109_01-scaled.jpg","type":"image\/jpeg"}],"author":"Tatiana Martins","twitter_card":"summary_large_image","twitter_misc":{"Escrito por":false,"Tempo estimado de leitura":"4 minutos"},"schema":{"@context":"https:\/\/schema.org","@graph":[{"@type":"Article","@id":"https:\/\/maismagazine.pt\/index.php\/2024\/03\/06\/segredo-6-posiciona-a-regiao-de-tras-os-montes-no-segmento-premium\/#article","isPartOf":{"@id":"https:\/\/maismagazine.pt\/index.php\/2024\/03\/06\/segredo-6-posiciona-a-regiao-de-tras-os-montes-no-segmento-premium\/"},"author":{"name":"Tatiana Martins","@id":"http:\/\/maismagazine.pt\/#\/schema\/person\/7426e2caeb8df32a1b56aa48dae778c9"},"headline":"Segredo 6 posiciona a regi\u00e3o de Tr\u00e1s-os-Montes no segmento premium","datePublished":"2024-03-06T14:52:45+00:00","mainEntityOfPage":{"@id":"https:\/\/maismagazine.pt\/index.php\/2024\/03\/06\/segredo-6-posiciona-a-regiao-de-tras-os-montes-no-segmento-premium\/"},"wordCount":600,"publisher":{"@id":"http:\/\/maismagazine.pt\/#organization"},"image":{"@id":"https:\/\/maismagazine.pt\/index.php\/2024\/03\/06\/segredo-6-posiciona-a-regiao-de-tras-os-montes-no-segmento-premium\/#primaryimage"},"thumbnailUrl":"http:\/\/maismagazine.pt\/wp-content\/uploads\/2024\/03\/CC-Costa-Boal-e-Costinha-Out23-2-_0109_01-scaled.jpg","keywords":["Segredo 6","Tr\u00e1s-os-Montes","vinho"],"articleSection":["Not\u00edcias"],"inLanguage":"pt-PT"},{"@type":"WebPage","@id":"https:\/\/maismagazine.pt\/index.php\/2024\/03\/06\/segredo-6-posiciona-a-regiao-de-tras-os-montes-no-segmento-premium\/","url":"https:\/\/maismagazine.pt\/index.php\/2024\/03\/06\/segredo-6-posiciona-a-regiao-de-tras-os-montes-no-segmento-premium\/","name":"Segredo 6 posiciona a regi\u00e3o de Tr\u00e1s-os-Montes no segmento premium - Mais Magazine","isPartOf":{"@id":"http:\/\/maismagazine.pt\/#website"},"primaryImageOfPage":{"@id":"https:\/\/maismagazine.pt\/index.php\/2024\/03\/06\/segredo-6-posiciona-a-regiao-de-tras-os-montes-no-segmento-premium\/#primaryimage"},"image":{"@id":"https:\/\/maismagazine.pt\/index.php\/2024\/03\/06\/segredo-6-posiciona-a-regiao-de-tras-os-montes-no-segmento-premium\/#primaryimage"},"thumbnailUrl":"http:\/\/maismagazine.pt\/wp-content\/uploads\/2024\/03\/CC-Costa-Boal-e-Costinha-Out23-2-_0109_01-scaled.jpg","datePublished":"2024-03-06T14:52:45+00:00","breadcrumb":{"@id":"https:\/\/maismagazine.pt\/index.php\/2024\/03\/06\/segredo-6-posiciona-a-regiao-de-tras-os-montes-no-segmento-premium\/#breadcrumb"},"inLanguage":"pt-PT","potentialAction":[{"@type":"ReadAction","target":["https:\/\/maismagazine.pt\/index.php\/2024\/03\/06\/segredo-6-posiciona-a-regiao-de-tras-os-montes-no-segmento-premium\/"]}]},{"@type":"ImageObject","inLanguage":"pt-PT","@id":"https:\/\/maismagazine.pt\/index.php\/2024\/03\/06\/segredo-6-posiciona-a-regiao-de-tras-os-montes-no-segmento-premium\/#primaryimage","url":"http:\/\/maismagazine.pt\/wp-content\/uploads\/2024\/03\/CC-Costa-Boal-e-Costinha-Out23-2-_0109_01-scaled.jpg","contentUrl":"http:\/\/maismagazine.pt\/wp-content\/uploads\/2024\/03\/CC-Costa-Boal-e-Costinha-Out23-2-_0109_01-scaled.jpg","width":2560,"height":1707},{"@type":"BreadcrumbList","@id":"https:\/\/maismagazine.pt\/index.php\/2024\/03\/06\/segredo-6-posiciona-a-regiao-de-tras-os-montes-no-segmento-premium\/#breadcrumb","itemListElement":[{"@type":"ListItem","position":1,"name":"Home","item":"http:\/\/maismagazine.pt\/"},{"@type":"ListItem","position":2,"name":"Segredo 6 posiciona a regi\u00e3o de Tr\u00e1s-os-Montes no segmento premium"}]},{"@type":"WebSite","@id":"http:\/\/maismagazine.pt\/#website","url":"http:\/\/maismagazine.pt\/","name":"Mais Magazine","description":"","publisher":{"@id":"http:\/\/maismagazine.pt\/#organization"},"potentialAction":[{"@type":"SearchAction","target":{"@type":"EntryPoint","urlTemplate":"http:\/\/maismagazine.pt\/?s={search_term_string}"},"query-input":{"@type":"PropertyValueSpecification","valueRequired":true,"valueName":"search_term_string"}}],"inLanguage":"pt-PT"},{"@type":"Organization","@id":"http:\/\/maismagazine.pt\/#organization","name":"Mais Magazine","url":"http:\/\/maismagazine.pt\/","logo":{"@type":"ImageObject","inLanguage":"pt-PT","@id":"http:\/\/maismagazine.pt\/#\/schema\/logo\/image\/","url":"http:\/\/maismagazine.pt\/wp-content\/uploads\/2020\/04\/cropped-cropped-mais-magazine-site-logo-2.png","contentUrl":"http:\/\/maismagazine.pt\/wp-content\/uploads\/2020\/04\/cropped-cropped-mais-magazine-site-logo-2.png","width":581,"height":90,"caption":"Mais Magazine"},"image":{"@id":"http:\/\/maismagazine.pt\/#\/schema\/logo\/image\/"}},{"@type":"Person","@id":"http:\/\/maismagazine.pt\/#\/schema\/person\/7426e2caeb8df32a1b56aa48dae778c9","name":"Tatiana Martins","image":{"@type":"ImageObject","inLanguage":"pt-PT","@id":"http:\/\/maismagazine.pt\/#\/schema\/person\/image\/","url":"https:\/\/secure.gravatar.com\/avatar\/4b24a57f5d0425f2eb20981c4b53244e?s=96&d=mm&r=g","contentUrl":"https:\/\/secure.gravatar.com\/avatar\/4b24a57f5d0425f2eb20981c4b53244e?s=96&d=mm&r=g","caption":"Tatiana Martins"},"url":"http:\/\/maismagazine.pt\/index.php\/author\/tatiana\/"}]}},"author_meta":{"display_name":false,"author_link":"http:\/\/maismagazine.pt\/index.php\/author\/tatiana\/"},"featured_img":"http:\/\/maismagazine.pt\/wp-content\/uploads\/2024\/03\/CC-Costa-Boal-e-Costinha-Out23-2-_0109_01-300x200.jpg","coauthors":[],"tax_additional":{"categories":{"linked":["<a href=\"http:\/\/maismagazine.pt\/index.php\/category\/noticias\/\" class=\"advgb-post-tax-term\">Not\u00edcias<\/a>"],"unlinked":["<span class=\"advgb-post-tax-term\">Not\u00edcias<\/span>"]},"tags":{"linked":["<a href=\"http:\/\/maismagazine.pt\/index.php\/category\/noticias\/\" class=\"advgb-post-tax-term\">Segredo 6<\/a>","<a href=\"http:\/\/maismagazine.pt\/index.php\/category\/noticias\/\" class=\"advgb-post-tax-term\">Tr\u00e1s-os-Montes<\/a>","<a href=\"http:\/\/maismagazine.pt\/index.php\/category\/noticias\/\" class=\"advgb-post-tax-term\">vinho<\/a>"],"unlinked":["<span class=\"advgb-post-tax-term\">Segredo 6<\/span>","<span class=\"advgb-post-tax-term\">Tr\u00e1s-os-Montes<\/span>","<span class=\"advgb-post-tax-term\">vinho<\/span>"]}},"comment_count":"0","relative_dates":{"created":"Posted 2 anos ago","modified":"Updated 2 anos ago"},"absolute_dates":{"created":"Posted on 6 de Mar\u00e7o, 2024","modified":"Updated on 6 de Mar\u00e7o, 2024"},"absolute_dates_time":{"created":"Posted on 6 de Mar\u00e7o, 2024 14:52","modified":"Updated on 6 de Mar\u00e7o, 2024 14:52"},"featured_img_caption":"","series_order":"","_links":{"self":[{"href":"http:\/\/maismagazine.pt\/index.php\/wp-json\/wp\/v2\/posts\/9100","targetHints":{"allow":["GET"]}}],"collection":[{"href":"http:\/\/maismagazine.pt\/index.php\/wp-json\/wp\/v2\/posts"}],"about":[{"href":"http:\/\/maismagazine.pt\/index.php\/wp-json\/wp\/v2\/types\/post"}],"author":[{"embeddable":true,"href":"http:\/\/maismagazine.pt\/index.php\/wp-json\/wp\/v2\/users\/18"}],"replies":[{"embeddable":true,"href":"http:\/\/maismagazine.pt\/index.php\/wp-json\/wp\/v2\/comments?post=9100"}],"version-history":[{"count":1,"href":"http:\/\/maismagazine.pt\/index.php\/wp-json\/wp\/v2\/posts\/9100\/revisions"}],"predecessor-version":[{"id":9103,"href":"http:\/\/maismagazine.pt\/index.php\/wp-json\/wp\/v2\/posts\/9100\/revisions\/9103"}],"wp:featuredmedia":[{"embeddable":true,"href":"http:\/\/maismagazine.pt\/index.php\/wp-json\/wp\/v2\/media\/9101"}],"wp:attachment":[{"href":"http:\/\/maismagazine.pt\/index.php\/wp-json\/wp\/v2\/media?parent=9100"}],"wp:term":[{"taxonomy":"category","embeddable":true,"href":"http:\/\/maismagazine.pt\/index.php\/wp-json\/wp\/v2\/categories?post=9100"},{"taxonomy":"post_tag","embeddable":true,"href":"http:\/\/maismagazine.pt\/index.php\/wp-json\/wp\/v2\/tags?post=9100"}],"curies":[{"name":"wp","href":"https:\/\/api.w.org\/{rel}","templated":true}]}}