{"id":9037,"date":"2024-02-20T11:11:45","date_gmt":"2024-02-20T11:11:45","guid":{"rendered":"https:\/\/maismagazine.pt\/?p=9037"},"modified":"2024-02-20T11:11:45","modified_gmt":"2024-02-20T11:11:45","slug":"trypor-na-conferencia-organizada-pelo-publituris-e-btl","status":"publish","type":"post","link":"http:\/\/maismagazine.pt\/index.php\/2024\/02\/20\/trypor-na-conferencia-organizada-pelo-publituris-e-btl\/","title":{"rendered":"TRYPOR na confer\u00eancia organizada pelo Publituris e BTL"},"content":{"rendered":"\n<p><strong>O jornal Publituris co-organiza uma confer\u00eancia dedicada ao universo do Enoturismo. Segmento cada vez mais importante na promo\u00e7\u00e3o de Portugal a n\u00edvel internacional e vital na diferencia\u00e7\u00e3o que se quer para o destino, a conversa est\u00e1 marcada para dia 29 de fevereiro, na BTL, a partir das 16h30.<\/strong><\/p>\n\n\n\n<p><\/p>\n\n\n\n<p><strong>ENOTURISMO &#8211; UM MUNDO DE EXPERI\u00caNCIAS<\/strong>&nbsp;<\/p>\n\n\n\n<p>\u201cEnoturismo \u2013 Um mundo de experi\u00eancias\u201d \u00e9 o t\u00edtulo da confer\u00eancia que o jornal Publituris co-organiza em parceria com a Bolsa Turismo de Lisboa \u2013 BTL 2024, no pr\u00f3ximo dia 29 de fevereiro, a partir das 16h30, no Audit\u00f3rio AVK.<\/p>\n\n\n\n<p><\/p>\n\n\n\n<p>Convidados para esta confer\u00eancia est\u00e3o L\u00eddia Monteiro, vogal do Conselho Diretivo do Turismo de Portugal; Pedro Valle Abrantes, Managing Partner da TRYPOR; Alexandra Leroy Ma\u00e7anita, Events &amp; Wine Tourism Manager da Fita Preta; Lu\u00eds Santos, General Manager do Pal\u00e1cio Ludovice Wine Experience Hotel; e Ana Maria Louren\u00e7o, Public Relations do World of Wine (WoW).<\/p>\n\n\n\n<p><\/p>\n\n\n\n<p>Segundo dados do Turismo de Portugal, recolhidos no final de 2022, existem cerca de 458 unidades de Enoturismo, cujo concentra\u00e7\u00e3o \u00e9 maioritariamente no Norte, Centro e Alentejo.<\/p>\n\n\n\n<p><\/p>\n\n\n\n<p>A origem dos visitantes destas unidades \u00e9, na sua maioria, internacional (54,7%), com maior destaque para os EUA e o Brasil, que lideram o Top com uma quota de 19,2% e 16,1% respetivamente, seguidos dos mercados europeus do Reino Unido, Alemanha e Fran\u00e7a.<\/p>\n\n\n\n<p><\/p>\n\n\n\n<p>A UN Tourism (nova designa\u00e7\u00e3o da OMT \u2013 Organiza\u00e7\u00e3o Mundial do Turismo) j\u00e1 identificou o Enoturismo como um pilar relevante para os pa\u00edses que possuem uma forte componente liga\u00e7\u00e3o ao universo do vinho, sendo este, tamb\u00e9m, um dos segmentos que o Turismo de Portugal tem vindo a promover interna, mas fundamentalmente, a n\u00edvel externo.<\/p>\n","protected":false},"excerpt":{"rendered":"<p>O jornal Publituris co-organiza uma confer\u00eancia dedicada ao universo do Enoturismo. Segmento cada vez mais importante na promo\u00e7\u00e3o de Portugal a n\u00edvel internacional e vital na diferencia\u00e7\u00e3o que se quer para o destino, a conversa est\u00e1 marcada para dia 29 de fevereiro, na BTL, a partir das 16h30. ENOTURISMO &#8211;&hellip;<\/p>\n","protected":false},"author":18,"featured_media":9041,"comment_status":"closed","ping_status":"open","sticky":false,"template":"","format":"standard","meta":{"advgb_blocks_editor_width":"","advgb_blocks_columns_visual_guide":"","_monsterinsights_skip_tracking":false,"_monsterinsights_sitenote_active":false,"_monsterinsights_sitenote_note":"","_monsterinsights_sitenote_category":0,"footnotes":""},"categories":[7],"tags":[1885,264,1884,1883],"class_list":["post-9037","post","type-post","status-publish","format-standard","has-post-thumbnail","hentry","category-noticias","tag-btl","tag-enoturismo","tag-publituris","tag-trypor"],"yoast_head":"<!-- This site is optimized with the Yoast SEO plugin v24.4 - https:\/\/yoast.com\/wordpress\/plugins\/seo\/ -->\n<title>TRYPOR na confer\u00eancia organizada pelo Publituris e BTL - Mais Magazine<\/title>\n<meta name=\"robots\" content=\"index, follow, max-snippet:-1, max-image-preview:large, max-video-preview:-1\" \/>\n<link rel=\"canonical\" href=\"https:\/\/maismagazine.pt\/index.php\/2024\/02\/20\/trypor-na-conferencia-organizada-pelo-publituris-e-btl\/\" \/>\n<meta property=\"og:locale\" content=\"pt_PT\" \/>\n<meta property=\"og:type\" content=\"article\" \/>\n<meta property=\"og:title\" content=\"TRYPOR na confer\u00eancia organizada pelo Publituris e BTL - Mais Magazine\" \/>\n<meta property=\"og:description\" content=\"O jornal Publituris co-organiza uma confer\u00eancia dedicada ao universo do Enoturismo. Segmento cada vez mais importante na promo\u00e7\u00e3o de Portugal a n\u00edvel internacional e vital na diferencia\u00e7\u00e3o que se quer para o destino, a conversa est\u00e1 marcada para dia 29 de fevereiro, na BTL, a partir das 16h30. ENOTURISMO &#8211;&hellip;\" \/>\n<meta property=\"og:url\" content=\"https:\/\/maismagazine.pt\/index.php\/2024\/02\/20\/trypor-na-conferencia-organizada-pelo-publituris-e-btl\/\" \/>\n<meta property=\"og:site_name\" content=\"Mais Magazine\" \/>\n<meta property=\"article:published_time\" content=\"2024-02-20T11:11:45+00:00\" \/>\n<meta property=\"og:image\" content=\"https:\/\/maismagazine.pt\/wp-content\/uploads\/2024\/02\/celebracao-do-por-do-sol-bebendo-cabernet-sauvignon-em-cena-rural-de-vinhedo-gerada-por-ia.jpg\" \/>\n\t<meta property=\"og:image:width\" content=\"758\" \/>\n\t<meta property=\"og:image:height\" content=\"433\" \/>\n\t<meta property=\"og:image:type\" content=\"image\/jpeg\" \/>\n<meta name=\"author\" content=\"Tatiana Martins\" \/>\n<meta name=\"twitter:card\" content=\"summary_large_image\" \/>\n<meta name=\"twitter:label1\" content=\"Escrito por\" \/>\n\t<meta name=\"twitter:data1\" content=\"\" \/>\n\t<meta name=\"twitter:label2\" content=\"Tempo estimado de leitura\" \/>\n\t<meta name=\"twitter:data2\" content=\"2 minutos\" \/>\n<script type=\"application\/ld+json\" class=\"yoast-schema-graph\">{\"@context\":\"https:\/\/schema.org\",\"@graph\":[{\"@type\":\"Article\",\"@id\":\"https:\/\/maismagazine.pt\/index.php\/2024\/02\/20\/trypor-na-conferencia-organizada-pelo-publituris-e-btl\/#article\",\"isPartOf\":{\"@id\":\"https:\/\/maismagazine.pt\/index.php\/2024\/02\/20\/trypor-na-conferencia-organizada-pelo-publituris-e-btl\/\"},\"author\":{\"name\":\"Tatiana Martins\",\"@id\":\"https:\/\/maismagazine.pt\/#\/schema\/person\/7426e2caeb8df32a1b56aa48dae778c9\"},\"headline\":\"TRYPOR na confer\u00eancia organizada pelo Publituris e BTL\",\"datePublished\":\"2024-02-20T11:11:45+00:00\",\"mainEntityOfPage\":{\"@id\":\"https:\/\/maismagazine.pt\/index.php\/2024\/02\/20\/trypor-na-conferencia-organizada-pelo-publituris-e-btl\/\"},\"wordCount\":293,\"publisher\":{\"@id\":\"https:\/\/maismagazine.pt\/#organization\"},\"image\":{\"@id\":\"https:\/\/maismagazine.pt\/index.php\/2024\/02\/20\/trypor-na-conferencia-organizada-pelo-publituris-e-btl\/#primaryimage\"},\"thumbnailUrl\":\"http:\/\/maismagazine.pt\/wp-content\/uploads\/2024\/02\/celebracao-do-por-do-sol-bebendo-cabernet-sauvignon-em-cena-rural-de-vinhedo-gerada-por-ia.jpg\",\"keywords\":[\"BTL\",\"enoturismo\",\"Publituris\",\"Trypor\"],\"articleSection\":[\"Not\u00edcias\"],\"inLanguage\":\"pt-PT\"},{\"@type\":\"WebPage\",\"@id\":\"https:\/\/maismagazine.pt\/index.php\/2024\/02\/20\/trypor-na-conferencia-organizada-pelo-publituris-e-btl\/\",\"url\":\"https:\/\/maismagazine.pt\/index.php\/2024\/02\/20\/trypor-na-conferencia-organizada-pelo-publituris-e-btl\/\",\"name\":\"TRYPOR na confer\u00eancia organizada pelo Publituris e BTL - Mais Magazine\",\"isPartOf\":{\"@id\":\"https:\/\/maismagazine.pt\/#website\"},\"primaryImageOfPage\":{\"@id\":\"https:\/\/maismagazine.pt\/index.php\/2024\/02\/20\/trypor-na-conferencia-organizada-pelo-publituris-e-btl\/#primaryimage\"},\"image\":{\"@id\":\"https:\/\/maismagazine.pt\/index.php\/2024\/02\/20\/trypor-na-conferencia-organizada-pelo-publituris-e-btl\/#primaryimage\"},\"thumbnailUrl\":\"http:\/\/maismagazine.pt\/wp-content\/uploads\/2024\/02\/celebracao-do-por-do-sol-bebendo-cabernet-sauvignon-em-cena-rural-de-vinhedo-gerada-por-ia.jpg\",\"datePublished\":\"2024-02-20T11:11:45+00:00\",\"breadcrumb\":{\"@id\":\"https:\/\/maismagazine.pt\/index.php\/2024\/02\/20\/trypor-na-conferencia-organizada-pelo-publituris-e-btl\/#breadcrumb\"},\"inLanguage\":\"pt-PT\",\"potentialAction\":[{\"@type\":\"ReadAction\",\"target\":[\"https:\/\/maismagazine.pt\/index.php\/2024\/02\/20\/trypor-na-conferencia-organizada-pelo-publituris-e-btl\/\"]}]},{\"@type\":\"ImageObject\",\"inLanguage\":\"pt-PT\",\"@id\":\"https:\/\/maismagazine.pt\/index.php\/2024\/02\/20\/trypor-na-conferencia-organizada-pelo-publituris-e-btl\/#primaryimage\",\"url\":\"http:\/\/maismagazine.pt\/wp-content\/uploads\/2024\/02\/celebracao-do-por-do-sol-bebendo-cabernet-sauvignon-em-cena-rural-de-vinhedo-gerada-por-ia.jpg\",\"contentUrl\":\"http:\/\/maismagazine.pt\/wp-content\/uploads\/2024\/02\/celebracao-do-por-do-sol-bebendo-cabernet-sauvignon-em-cena-rural-de-vinhedo-gerada-por-ia.jpg\",\"width\":758,\"height\":433,\"caption\":\"Sunset celebration Drinking cabernet sauvignon in vineyard rural scene generated by artificial intelligence\"},{\"@type\":\"BreadcrumbList\",\"@id\":\"https:\/\/maismagazine.pt\/index.php\/2024\/02\/20\/trypor-na-conferencia-organizada-pelo-publituris-e-btl\/#breadcrumb\",\"itemListElement\":[{\"@type\":\"ListItem\",\"position\":1,\"name\":\"Home\",\"item\":\"https:\/\/maismagazine.pt\/\"},{\"@type\":\"ListItem\",\"position\":2,\"name\":\"TRYPOR na confer\u00eancia organizada pelo Publituris e BTL\"}]},{\"@type\":\"WebSite\",\"@id\":\"https:\/\/maismagazine.pt\/#website\",\"url\":\"https:\/\/maismagazine.pt\/\",\"name\":\"Mais Magazine\",\"description\":\"\",\"publisher\":{\"@id\":\"https:\/\/maismagazine.pt\/#organization\"},\"potentialAction\":[{\"@type\":\"SearchAction\",\"target\":{\"@type\":\"EntryPoint\",\"urlTemplate\":\"https:\/\/maismagazine.pt\/?s={search_term_string}\"},\"query-input\":{\"@type\":\"PropertyValueSpecification\",\"valueRequired\":true,\"valueName\":\"search_term_string\"}}],\"inLanguage\":\"pt-PT\"},{\"@type\":\"Organization\",\"@id\":\"https:\/\/maismagazine.pt\/#organization\",\"name\":\"Mais Magazine\",\"url\":\"https:\/\/maismagazine.pt\/\",\"logo\":{\"@type\":\"ImageObject\",\"inLanguage\":\"pt-PT\",\"@id\":\"https:\/\/maismagazine.pt\/#\/schema\/logo\/image\/\",\"url\":\"http:\/\/maismagazine.pt\/wp-content\/uploads\/2020\/04\/cropped-cropped-mais-magazine-site-logo-2.png\",\"contentUrl\":\"http:\/\/maismagazine.pt\/wp-content\/uploads\/2020\/04\/cropped-cropped-mais-magazine-site-logo-2.png\",\"width\":581,\"height\":90,\"caption\":\"Mais Magazine\"},\"image\":{\"@id\":\"https:\/\/maismagazine.pt\/#\/schema\/logo\/image\/\"}},{\"@type\":\"Person\",\"@id\":\"https:\/\/maismagazine.pt\/#\/schema\/person\/7426e2caeb8df32a1b56aa48dae778c9\",\"name\":\"Tatiana Martins\",\"image\":{\"@type\":\"ImageObject\",\"inLanguage\":\"pt-PT\",\"@id\":\"https:\/\/maismagazine.pt\/#\/schema\/person\/image\/\",\"url\":\"https:\/\/secure.gravatar.com\/avatar\/4b24a57f5d0425f2eb20981c4b53244e?s=96&d=mm&r=g\",\"contentUrl\":\"https:\/\/secure.gravatar.com\/avatar\/4b24a57f5d0425f2eb20981c4b53244e?s=96&d=mm&r=g\",\"caption\":\"Tatiana Martins\"},\"url\":\"http:\/\/maismagazine.pt\/index.php\/author\/tatiana\/\"}]}<\/script>\n<!-- \/ Yoast SEO plugin. -->","yoast_head_json":{"title":"TRYPOR na confer\u00eancia organizada pelo Publituris e BTL - Mais Magazine","robots":{"index":"index","follow":"follow","max-snippet":"max-snippet:-1","max-image-preview":"max-image-preview:large","max-video-preview":"max-video-preview:-1"},"canonical":"https:\/\/maismagazine.pt\/index.php\/2024\/02\/20\/trypor-na-conferencia-organizada-pelo-publituris-e-btl\/","og_locale":"pt_PT","og_type":"article","og_title":"TRYPOR na confer\u00eancia organizada pelo Publituris e BTL - Mais Magazine","og_description":"O jornal Publituris co-organiza uma confer\u00eancia dedicada ao universo do Enoturismo. Segmento cada vez mais importante na promo\u00e7\u00e3o de Portugal a n\u00edvel internacional e vital na diferencia\u00e7\u00e3o que se quer para o destino, a conversa est\u00e1 marcada para dia 29 de fevereiro, na BTL, a partir das 16h30. ENOTURISMO &#8211;&hellip;","og_url":"https:\/\/maismagazine.pt\/index.php\/2024\/02\/20\/trypor-na-conferencia-organizada-pelo-publituris-e-btl\/","og_site_name":"Mais Magazine","article_published_time":"2024-02-20T11:11:45+00:00","og_image":[{"width":758,"height":433,"url":"https:\/\/maismagazine.pt\/wp-content\/uploads\/2024\/02\/celebracao-do-por-do-sol-bebendo-cabernet-sauvignon-em-cena-rural-de-vinhedo-gerada-por-ia.jpg","type":"image\/jpeg"}],"author":"Tatiana Martins","twitter_card":"summary_large_image","twitter_misc":{"Escrito por":false,"Tempo estimado de leitura":"2 minutos"},"schema":{"@context":"https:\/\/schema.org","@graph":[{"@type":"Article","@id":"https:\/\/maismagazine.pt\/index.php\/2024\/02\/20\/trypor-na-conferencia-organizada-pelo-publituris-e-btl\/#article","isPartOf":{"@id":"https:\/\/maismagazine.pt\/index.php\/2024\/02\/20\/trypor-na-conferencia-organizada-pelo-publituris-e-btl\/"},"author":{"name":"Tatiana Martins","@id":"https:\/\/maismagazine.pt\/#\/schema\/person\/7426e2caeb8df32a1b56aa48dae778c9"},"headline":"TRYPOR na confer\u00eancia organizada pelo Publituris e BTL","datePublished":"2024-02-20T11:11:45+00:00","mainEntityOfPage":{"@id":"https:\/\/maismagazine.pt\/index.php\/2024\/02\/20\/trypor-na-conferencia-organizada-pelo-publituris-e-btl\/"},"wordCount":293,"publisher":{"@id":"https:\/\/maismagazine.pt\/#organization"},"image":{"@id":"https:\/\/maismagazine.pt\/index.php\/2024\/02\/20\/trypor-na-conferencia-organizada-pelo-publituris-e-btl\/#primaryimage"},"thumbnailUrl":"http:\/\/maismagazine.pt\/wp-content\/uploads\/2024\/02\/celebracao-do-por-do-sol-bebendo-cabernet-sauvignon-em-cena-rural-de-vinhedo-gerada-por-ia.jpg","keywords":["BTL","enoturismo","Publituris","Trypor"],"articleSection":["Not\u00edcias"],"inLanguage":"pt-PT"},{"@type":"WebPage","@id":"https:\/\/maismagazine.pt\/index.php\/2024\/02\/20\/trypor-na-conferencia-organizada-pelo-publituris-e-btl\/","url":"https:\/\/maismagazine.pt\/index.php\/2024\/02\/20\/trypor-na-conferencia-organizada-pelo-publituris-e-btl\/","name":"TRYPOR na confer\u00eancia organizada pelo Publituris e BTL - Mais Magazine","isPartOf":{"@id":"https:\/\/maismagazine.pt\/#website"},"primaryImageOfPage":{"@id":"https:\/\/maismagazine.pt\/index.php\/2024\/02\/20\/trypor-na-conferencia-organizada-pelo-publituris-e-btl\/#primaryimage"},"image":{"@id":"https:\/\/maismagazine.pt\/index.php\/2024\/02\/20\/trypor-na-conferencia-organizada-pelo-publituris-e-btl\/#primaryimage"},"thumbnailUrl":"http:\/\/maismagazine.pt\/wp-content\/uploads\/2024\/02\/celebracao-do-por-do-sol-bebendo-cabernet-sauvignon-em-cena-rural-de-vinhedo-gerada-por-ia.jpg","datePublished":"2024-02-20T11:11:45+00:00","breadcrumb":{"@id":"https:\/\/maismagazine.pt\/index.php\/2024\/02\/20\/trypor-na-conferencia-organizada-pelo-publituris-e-btl\/#breadcrumb"},"inLanguage":"pt-PT","potentialAction":[{"@type":"ReadAction","target":["https:\/\/maismagazine.pt\/index.php\/2024\/02\/20\/trypor-na-conferencia-organizada-pelo-publituris-e-btl\/"]}]},{"@type":"ImageObject","inLanguage":"pt-PT","@id":"https:\/\/maismagazine.pt\/index.php\/2024\/02\/20\/trypor-na-conferencia-organizada-pelo-publituris-e-btl\/#primaryimage","url":"http:\/\/maismagazine.pt\/wp-content\/uploads\/2024\/02\/celebracao-do-por-do-sol-bebendo-cabernet-sauvignon-em-cena-rural-de-vinhedo-gerada-por-ia.jpg","contentUrl":"http:\/\/maismagazine.pt\/wp-content\/uploads\/2024\/02\/celebracao-do-por-do-sol-bebendo-cabernet-sauvignon-em-cena-rural-de-vinhedo-gerada-por-ia.jpg","width":758,"height":433,"caption":"Sunset celebration Drinking cabernet sauvignon in vineyard rural scene generated by artificial intelligence"},{"@type":"BreadcrumbList","@id":"https:\/\/maismagazine.pt\/index.php\/2024\/02\/20\/trypor-na-conferencia-organizada-pelo-publituris-e-btl\/#breadcrumb","itemListElement":[{"@type":"ListItem","position":1,"name":"Home","item":"https:\/\/maismagazine.pt\/"},{"@type":"ListItem","position":2,"name":"TRYPOR na confer\u00eancia organizada pelo Publituris e BTL"}]},{"@type":"WebSite","@id":"https:\/\/maismagazine.pt\/#website","url":"https:\/\/maismagazine.pt\/","name":"Mais Magazine","description":"","publisher":{"@id":"https:\/\/maismagazine.pt\/#organization"},"potentialAction":[{"@type":"SearchAction","target":{"@type":"EntryPoint","urlTemplate":"https:\/\/maismagazine.pt\/?s={search_term_string}"},"query-input":{"@type":"PropertyValueSpecification","valueRequired":true,"valueName":"search_term_string"}}],"inLanguage":"pt-PT"},{"@type":"Organization","@id":"https:\/\/maismagazine.pt\/#organization","name":"Mais Magazine","url":"https:\/\/maismagazine.pt\/","logo":{"@type":"ImageObject","inLanguage":"pt-PT","@id":"https:\/\/maismagazine.pt\/#\/schema\/logo\/image\/","url":"http:\/\/maismagazine.pt\/wp-content\/uploads\/2020\/04\/cropped-cropped-mais-magazine-site-logo-2.png","contentUrl":"http:\/\/maismagazine.pt\/wp-content\/uploads\/2020\/04\/cropped-cropped-mais-magazine-site-logo-2.png","width":581,"height":90,"caption":"Mais Magazine"},"image":{"@id":"https:\/\/maismagazine.pt\/#\/schema\/logo\/image\/"}},{"@type":"Person","@id":"https:\/\/maismagazine.pt\/#\/schema\/person\/7426e2caeb8df32a1b56aa48dae778c9","name":"Tatiana Martins","image":{"@type":"ImageObject","inLanguage":"pt-PT","@id":"https:\/\/maismagazine.pt\/#\/schema\/person\/image\/","url":"https:\/\/secure.gravatar.com\/avatar\/4b24a57f5d0425f2eb20981c4b53244e?s=96&d=mm&r=g","contentUrl":"https:\/\/secure.gravatar.com\/avatar\/4b24a57f5d0425f2eb20981c4b53244e?s=96&d=mm&r=g","caption":"Tatiana Martins"},"url":"http:\/\/maismagazine.pt\/index.php\/author\/tatiana\/"}]}},"author_meta":{"display_name":false,"author_link":"http:\/\/maismagazine.pt\/index.php\/author\/tatiana\/"},"featured_img":"http:\/\/maismagazine.pt\/wp-content\/uploads\/2024\/02\/celebracao-do-por-do-sol-bebendo-cabernet-sauvignon-em-cena-rural-de-vinhedo-gerada-por-ia-300x171.jpg","coauthors":[],"tax_additional":{"categories":{"linked":["<a href=\"http:\/\/maismagazine.pt\/index.php\/category\/noticias\/\" class=\"advgb-post-tax-term\">Not\u00edcias<\/a>"],"unlinked":["<span class=\"advgb-post-tax-term\">Not\u00edcias<\/span>"]},"tags":{"linked":["<a href=\"http:\/\/maismagazine.pt\/index.php\/category\/noticias\/\" class=\"advgb-post-tax-term\">BTL<\/a>","<a href=\"http:\/\/maismagazine.pt\/index.php\/category\/noticias\/\" class=\"advgb-post-tax-term\">enoturismo<\/a>","<a href=\"http:\/\/maismagazine.pt\/index.php\/category\/noticias\/\" class=\"advgb-post-tax-term\">Publituris<\/a>","<a href=\"http:\/\/maismagazine.pt\/index.php\/category\/noticias\/\" class=\"advgb-post-tax-term\">Trypor<\/a>"],"unlinked":["<span class=\"advgb-post-tax-term\">BTL<\/span>","<span class=\"advgb-post-tax-term\">enoturismo<\/span>","<span class=\"advgb-post-tax-term\">Publituris<\/span>","<span class=\"advgb-post-tax-term\">Trypor<\/span>"]}},"comment_count":"0","relative_dates":{"created":"Posted 2 anos ago","modified":"Updated 2 anos ago"},"absolute_dates":{"created":"Posted on 20 de Fevereiro, 2024","modified":"Updated on 20 de Fevereiro, 2024"},"absolute_dates_time":{"created":"Posted on 20 de Fevereiro, 2024 11:11","modified":"Updated on 20 de Fevereiro, 2024 11:11"},"featured_img_caption":"Sunset celebration Drinking cabernet sauvignon in vineyard rural scene generated by artificial intelligence","series_order":"","_links":{"self":[{"href":"http:\/\/maismagazine.pt\/index.php\/wp-json\/wp\/v2\/posts\/9037","targetHints":{"allow":["GET"]}}],"collection":[{"href":"http:\/\/maismagazine.pt\/index.php\/wp-json\/wp\/v2\/posts"}],"about":[{"href":"http:\/\/maismagazine.pt\/index.php\/wp-json\/wp\/v2\/types\/post"}],"author":[{"embeddable":true,"href":"http:\/\/maismagazine.pt\/index.php\/wp-json\/wp\/v2\/users\/18"}],"replies":[{"embeddable":true,"href":"http:\/\/maismagazine.pt\/index.php\/wp-json\/wp\/v2\/comments?post=9037"}],"version-history":[{"count":1,"href":"http:\/\/maismagazine.pt\/index.php\/wp-json\/wp\/v2\/posts\/9037\/revisions"}],"predecessor-version":[{"id":9044,"href":"http:\/\/maismagazine.pt\/index.php\/wp-json\/wp\/v2\/posts\/9037\/revisions\/9044"}],"wp:featuredmedia":[{"embeddable":true,"href":"http:\/\/maismagazine.pt\/index.php\/wp-json\/wp\/v2\/media\/9041"}],"wp:attachment":[{"href":"http:\/\/maismagazine.pt\/index.php\/wp-json\/wp\/v2\/media?parent=9037"}],"wp:term":[{"taxonomy":"category","embeddable":true,"href":"http:\/\/maismagazine.pt\/index.php\/wp-json\/wp\/v2\/categories?post=9037"},{"taxonomy":"post_tag","embeddable":true,"href":"http:\/\/maismagazine.pt\/index.php\/wp-json\/wp\/v2\/tags?post=9037"}],"curies":[{"name":"wp","href":"https:\/\/api.w.org\/{rel}","templated":true}]}}